
{"id":1840,"date":"2026-07-21T17:02:12","date_gmt":"2026-07-21T20:02:12","guid":{"rendered":"https:\/\/www.uoh.cl\/vinculacion-con-el-medio\/orquesta-de-camara-uoh-presentara-relatos-de-la-noche-en-graneros-y-rancagua\/"},"modified":"2026-07-21T17:02:12","modified_gmt":"2026-07-21T20:02:12","slug":"orquesta-de-camara-uoh-presentara-relatos-de-la-noche-en-graneros-y-rancagua","status":"publish","type":"post","link":"https:\/\/www.uoh.cl\/vinculacion-con-el-medio\/orquesta-de-camara-uoh-presentara-relatos-de-la-noche-en-graneros-y-rancagua\/","title":{"rendered":"Orquesta de C\u00e1mara UOH presentar\u00e1 \u201cRelatos de la Noche\u201d en Graneros y Rancagua"},"content":{"rendered":"<div class=\"wpb-content-wrapper\"><p>[vc_section el_class=&#8221;container mx-auto align-items-center circle&#8211;pattern&#8221; css=&#8221;.vc_custom_1648956589196{padding-top: 3rem !important;}&#8221;][vc_row][vc_column]<div class=\"breadcrumb\"><ol itemscope itemtype=\"https:\/\/schema.org\/BreadcrumbList\"><li itemprop=\"itemListElement\" itemscope itemtype=\"https:\/\/schema.org\/ListItem\"><a itemprop=\"item\" href=\"http:\/\/www.uoh.cl\"><span itemprop=\"name\">Inicio<\/span><\/a><meta itemprop=\"position\" content=\"1\" \/><li itemprop=\"itemListElement\" itemscope itemtype=\"https:\/\/schema.org\/ListItem\"><a itemprop=\"item\" href=\"https:\/\/www.uoh.cl\/vinculacion-con-el-medio\"><span itemprop=\"name\">Vinculaci\u00f3n con el Medio<\/span><\/a><meta itemprop=\"position\" content=\"2\" \/><li itemprop=\"itemListElement\" itemscope itemtype=\"https:\/\/schema.org\/ListItem\"><a itemprop=\"item\" href=\"https:\/\/www.uoh.cl\/vinculacion-con-el-medio\/noticias\/\"><span itemprop=\"name\">Noticias<\/span><\/a><meta itemprop=\"position\" content=\"3\" \/><li itemprop=\"itemListElement\" itemscope itemtype=\"https:\/\/schema.org\/ListItem\"><span itemprop=\"name\">Orquesta de C\u00e1mara UOH presentar\u00e1 \u201cRelatos de la Noche\u201d en <\/span><meta itemprop=\"position\" content=\"4\" \/><\/ol><\/div><ul class=\"p-0 list-style-none d-inline-block\"><li class=\"p-0\"><a href=https:\/\/www.uoh.cl\/vinculacion-con-el-medio\/category\/vinculacion\/ class=\"px-1 py-2\">Vinculaci\u00f3n<\/a><\/li><\/ul><div class=\"date_publish_post\"> \u25cf Mar 21 de Julio 2026<\/div><div class=\"uoh_title_component-container\"><h1 class=\"title title--ms d-inline-block title--decorator  big\">Orquesta de C\u00e1mara UOH presentar\u00e1 \u201cRelatos de la Noche\u201d en Graneros y Rancagua<\/h1><\/div>[vc_row_inner el_class=&#8221;border-separator m-0&#8243;][vc_column_inner width=&#8221;2\/3&#8243;]<div class=\"author_wp_class\"> Escrito por <span>Universidad de O'Higgins<\/span><\/div>[\/vc_column_inner][vc_column_inner el_class=&#8221;align-items-end-publish&#8221; width=&#8221;1\/3&#8243;]<div class=\"uoh_social_network_component uoh_row col-12 justify-content-end m-0 p-0\"> <div class=\"icon__facebook-share-button\">\n                       <a href=\"https:\/\/www.facebook.com\/sharer\/sharer.php?u=https:\/\/www.uoh.cl\/vinculacion-con-el-medio\/orquesta-de-camara-uoh-presentara-relatos-de-la-noche-en-graneros-y-rancagua\/\" target=\"_blank\"> <div class=\"icon__facebook-svg\"><svg version=\"1.1\" xmlns=\"http:\/\/www.w3.org\/2000\/svg\" xmlns:xlink=\"http:\/\/www.w3.org\/1999\/xlink\" x=\"0px\" y=\"0px\" width=\"22.4px\" height=\"48.3px\" viewBox=\"0 0 22.4 48.3\" style=\"overflow:visible;enable-background:new 0 0 22.4 48.3;\" xml:space=\"preserve\">\n                <defs>\n                <\/defs>\n                <path class=\"st0\" d=\"M22.4,15.6h-7.6v-5c0-1.9,1.2-2.3,2.1-2.3c0.9,0,5.4,0,5.4,0V0l-7.4,0C6.6,0,4.8,6.2,4.8,10.1v5.5H0v8.5h4.8\n                    c0,10.9,0,24.1,0,24.1h10c0,0,0-13.3,0-24.1h6.8L22.4,15.6z\"><\/path>\n                <\/svg><\/a><\/div>\n                    <\/div><div class=\"icon__twitter-share-button\">\n                        <div class=\"icon__twitter-svg\"><a target=\"_blank\" href=\"http:\/\/twitter.com\/share?url=https:\/\/www.uoh.cl\/vinculacion-con-el-medio\/orquesta-de-camara-uoh-presentara-relatos-de-la-noche-en-graneros-y-rancagua\/\"><svg xmlns=\"http:\/\/www.w3.org\/2000\/svg\" height=\"1em\" viewBox=\"0 0 512 512\"><!--! Font Awesome Free 6.4.2 by @fontawesome - https:\/\/fontawesome.com License - https:\/\/fontawesome.com\/license (Commercial License) Copyright 2023 Fonticons, Inc. --><path d=\"M389.2 48h70.6L305.6 224.2 487 464H345L233.7 318.6 106.5 464H35.8L200.7 275.5 26.8 48H172.4L272.9 180.9 389.2 48zM364.4 421.8h39.1L151.1 88h-42L364.4 421.8z\"\/><\/svg><\/a><\/div>\n                        <\/div><div class=\"icon__linkedin-share-button\">\n                        <div class=\"icon__linkedin-svg\">\n                        <a target=\"__blank\" href=\"https:\/\/www.linkedin.com\/sharing\/share-offsite\/?url=https:\/\/www.uoh.cl\/vinculacion-con-el-medio\/orquesta-de-camara-uoh-presentara-relatos-de-la-noche-en-graneros-y-rancagua\/\"><svg enable-background=\"new 0 0 100 100\" height=\"100px\" id=\"Layer_1\" version=\"1.1\" viewBox=\"0 0 100 100\" width=\"100px\" xml:space=\"preserve\" xmlns=\"http:\/\/www.w3.org\/2000\/svg\" xmlns:xlink=\"http:\/\/www.w3.org\/1999\/xlink\"><g><circle cx=\"50\" cy=\"50\" fill=\"#ccc\" r=\"45\"\/><g id=\"LinkedIn_1_\"><rect fill=\"#FFFFFF\" height=\"24.361\" width=\"7.69\" x=\"31.271\" y=\"43.569\"\/><path d=\"M59.968,43.334c-4.406,0-7.165,2.387-7.677,4.058v-3.823h-8.636c0.109,2.03,0,24.361,0,24.361h8.636    V54.748c0-0.733-0.034-1.465,0.19-1.991c0.594-1.464,1.869-2.985,4.162-2.985c2.998,0,4.361,2.253,4.361,5.552V67.93h8.721V54.384    C69.726,46.839,65.432,43.334,59.968,43.334z\" fill=\"#FFFFFF\"\/><path d=\"M34.973,32.069c-2.839,0-4.696,1.823-4.696,4.229c0,2.361,1.804,4.224,4.589,4.224h0.054    c2.891,0,4.69-1.869,4.69-4.229C39.555,33.888,37.81,32.069,34.973,32.069z\" fill=\"#FFFFFF\"\/><\/g><\/g><\/svg><\/a><\/div>\n\n            <\/div><\/div>[\/vc_column_inner][\/vc_row_inner][vc_single_image image=&#8221;78932&#8243; img_size=&#8221;1500&#215;1000&#8243; add_caption=&#8221;yes&#8221; alignment=&#8221;center&#8221; onclick=&#8221;img_link_large&#8221; img_link_target=&#8221;_blank&#8221; css=&#8221;&#8221;][vc_column_text]\u00a0[\/vc_column_text][vc_column_text css=&#8221;&#8221;]<\/p>\n<ul>\n<li><em>Con obras de Beethoven, Wagner, Schubert y el compositor nacional Andr\u00e9s Maupoint, el conjunto docto profesional de la Universidad de O\u2019Higgins realizar\u00e1 un ensayo educativo y dos conciertos gratuitos el viernes 24 y s\u00e1bado 25 de julio.<\/em><\/li>\n<\/ul>\n<p>[\/vc_column_text][vc_column_text]\u00a0[\/vc_column_text][vc_column_text css=&#8221;&#8221;]<\/p>\n<p style=\"font-weight: 400\">Inspirado en el teatro, la poes\u00eda y distintos imaginarios nocturnos, el nuevo programa de la Orquesta de C\u00e1mara de la Universidad de O\u2019Higgins muestra que la m\u00fasica puede construir historias, atm\u00f3sferas y emociones sin necesidad de palabras. La jornada del viernes 24 comenzar\u00e1 a las 12:00 horas con un ensayo educativo dirigido a establecimientos escolares de la regi\u00f3n y continuar\u00e1 a las 19:00 horas con el concierto de temporada, ambas actividades en el Auditorio del Campus Rancagua. La segunda funci\u00f3n ser\u00e1 el s\u00e1bado 25, a las 19:00 horas, en el Teatro Municipal de Graneros. Todas las actividades tendr\u00e1n acceso gratuito.<\/p>\n<p style=\"font-weight: 400\">Las jornadas buscan destacar el significado de la escucha de m\u00fasica en vivo y acercar este repertorio a p\u00fablicos diversos de la regi\u00f3n. En ese sentido, el director de la <a href=\"https:\/\/www.uoh.cl\/orquesta-de-camara-uoh\/\" target=\"_blank\" rel=\"noopener\">Orquesta de C\u00e1mara UOH<\/a>, Andr\u00e9s Maupoint, destac\u00f3 que la m\u00fasica cl\u00e1sica va m\u00e1s all\u00e1 de su dimensi\u00f3n art\u00edstica y constituye \u201cuna herramienta de desarrollo integral porque estimula la concentraci\u00f3n, la memoria y la sensibilidad emocional de las personas\u201d.<\/p>\n<p style=\"font-weight: 400\">Las obras del programa exploran distintas formas de transformar relatos e imaginarios en la m\u00fasica. La obertura de \u2018\u2018Egmont\u2019\u2019, de Ludwig van Beethoven, abrir\u00e1 el concierto con el dramatismo y el impulso de superaci\u00f3n de una composici\u00f3n inspirada en la obra teatral del escritor alem\u00e1n Johann Wolfgang von Goethe.<\/p>\n<p style=\"font-weight: 400\">Posteriormente, la m\u00fasica de Richard Wagner desplegar\u00e1 su intensidad emocional con el \u2018\u2018Preludio y Muerte de amor\u2019\u2019 de Trist\u00e1n e Isolda, uno de los dramas musicales m\u00e1s influyentes del Romanticismo.<\/p>\n<p style=\"font-weight: 400\">La creaci\u00f3n chilena contempor\u00e1nea estar\u00e1 presente con \u2018\u2018Scarbo\u2019\u2019 (2024), del compositor y director art\u00edstico de la Orquesta, Andr\u00e9s Maupoint. La obra propone nuevas sonoridades y texturas inspiradas en un universo nocturno e inquietante.<\/p>\n<p style=\"font-weight: 400\">Goethe volver\u00e1 a aparecer al final del programa, esta vez desde la poes\u00eda, con \u2018\u2018Erlk\u00f6nig\u2019\u2019 (El Rey de los Elfos), de Franz Schubert. Basada en uno de sus poemas m\u00e1s c\u00e9lebres, la obra presenta una historia marcada por el temor y la aparici\u00f3n de una figura sobrenatural. La soprano Paulina Gonz\u00e1lez dar\u00e1 vida a sus distintos personajes, mientras la orquesta construye la tensi\u00f3n que sostiene la narraci\u00f3n.<\/p>\n<p style=\"font-weight: 400\">\u201cRelatos de la Noche\u201d propone una experiencia en la que la imaginaci\u00f3n, el suspenso y la expresividad orquestal acercan esta propuesta musical a p\u00fablicos familiares y comunitarios.<\/p>\n<p style=\"font-weight: 400\">Estos conciertos forman parte de la programaci\u00f3n 2026 de la Orquesta de C\u00e1mara UOH, financiada por el Ministerio de las Culturas, las Artes y el Patrimonio, iniciativa que busca ampliar el acceso a la m\u00fasica docta entre los distintos p\u00fablicos y comunidades de la Regi\u00f3n de O\u2019Higgins.<\/p>\n<p>[\/vc_column_text][vc_zigzag color=&#8221;white&#8221;][\/vc_column][\/vc_row][\/vc_section][vc_section css=&#8221;.vc_custom_1650255686594{background-color: #f6faff !important;}&#8221; el_class=&#8221;p-md-0 pt-md-5&#8243;][vc_row el_class=&#8221;container mx-auto align-items-center p-md-0 pt-5 pb-5&#8243;][vc_column el_class=&#8221;pb-5&#8243;][vc_row_inner el_class=&#8221;pb-5&#8243;][vc_column_inner]<div class=\"row m-0 p-0\"><div class=\"col-12 col-md-9 pt-5 pt-md-0\"><h2 class=\"title title--decorator title--ms d-inline-block\">Te Recomendamos<\/h2><\/div><\/div><div class=\"content-holder\"><div class=\"row  swipper-news-list not--activate-hack \"><div class=\"row -wrapper\"><div class=\"  col-sm-6 col-md-4 img-article\">\n                                        <div class=\"content-news-display row m-0 p-0\"><div class=\"holder p-0 \"><div class=\"img-wrap img-wrap-news\">\n                                        <div class=\"caption__news-category\">\n                                        <a href=\"https:\/\/www.uoh.cl\/vinculacion-con-el-medio\/category\/vinculacion\/\">\n                                        Vinculaci\u00f3n<\/a><\/div><img decoding=\"async\" class=\"w-100 h-100 lazyload\" data-src=\"https:\/\/www.uoh.cl\/vinculacion-con-el-medio\/wp-content\/uploads\/sites\/22\/2026\/08\/Cineclubes.png\" alt=\"UOH recibir\u00e1 Primer Encuentro de Cineclubes de la Regi\u00f3n de O\u2019Higgins\" style=\"--smush-placeholder-width: 1920px; --smush-placeholder-aspect-ratio: 1920\/2400;object-fit: cover; object-position: center;\" src=\"data:image\/svg+xml;base64,PHN2ZyB3aWR0aD0iMSIgaGVpZ2h0PSIxIiB4bWxucz0iaHR0cDovL3d3dy53My5vcmcvMjAwMC9zdmciPjwvc3ZnPg==\"><\/div><\/div><div class=\"caption py-3 caption__news py-md-3 pb-md-5\">\n                                    <span class=\"caption__date\">Lunes 31, Agosto<\/span>\n                                     <a href=\"https:\/\/www.uoh.cl\/vinculacion-con-el-medio\/uoh-recibira-primer-encuentro-de-cineclubes-de-la-region-de-ohiggins\/\">\n                                    <h3 class=\"small-space\">UOH recibir\u00e1 Primer Encuentro de Cineclubes de la Regi\u00f3n de O\u2019Higgins<\/h3><\/a>\n\n                                    <p>La actividad contar\u00e1 con la conferencia magistral del investigador y especialista en patrimonio audiovisual, Ignacio Aliaga.<\/p>\n                                    <a class=\"link link--bold mt-md-3\" href=\"https:\/\/www.uoh.cl\/vinculacion-con-el-medio\/uoh-recibira-primer-encuentro-de-cineclubes-de-la-region-de-ohiggins\/\">Saber m\u00e1s <span class=\"icon icon--inline icon--link\"><svg version=\"1.1\" xmlns=\"http:\/\/www.w3.org\/2000\/svg\" xmlns:xlink=\"http:\/\/www.w3.org\/1999\/xlink\" x=\"0px\" y=\"0px\" width=\"22px\"height=\"22px\" viewBox=\"0 0 22 22\" style=\"overflow:visible;enable-background:new 0 0 80 64.6;\" xml:space=\"preserve\"><g clip-path=\"url(#acA)\"><path fill-rule=\"evenodd\" d=\"M21.913 11.266a.93.93 0 000-.711c-.022-.056-.063-.097-.091-.144s-.053-.103-.097-.15L12.306.294c-.357-.379-.955-.394-1.334-.038s-.394.955-.038 1.334l7.917 8.374H.927a.95.95 0 00-.908.983.946.946 0 00.908.908h17.924l-8.089 8.552c-.357.379-.341.977.034 1.334s.977.341 1.334-.034l9.594-10.148c.044-.044.063-.1.097-.15.028-.047.069-.088.091-.141z\"\/><\/g><defs><clipPath id=\"acA\"><path fill=\"#fff\" d=\"M0 0h22v22H0z\"\/><\/clipPath><\/defs><\/svg><\/span><\/a><\/div><\/div><\/div><div class=\"  col-sm-6 col-md-4 img-article\">\n                                        <div class=\"content-news-display row m-0 p-0\"><div class=\"holder p-0 \"><div class=\"img-wrap img-wrap-news\">\n                                        <div class=\"caption__news-category\">\n                                        <a href=\"https:\/\/www.uoh.cl\/vinculacion-con-el-medio\/category\/institucional\/\">\n                                        Institucional<\/a><\/div><img decoding=\"async\" class=\"w-100 h-100 lazyload\" data-src=\"https:\/\/www.uoh.cl\/vinculacion-con-el-medio\/wp-content\/uploads\/sites\/22\/2026\/08\/Pukara-2.jpeg\" alt=\"Hist\u00f3rico acuerdo permitir\u00e1 a la UOH proteger y poner en valor el Pukar\u00e1 de La Compa\u00f1\u00eda\" style=\"--smush-placeholder-width: 1600px; --smush-placeholder-aspect-ratio: 1600\/1066;object-fit: cover; object-position: center;\" src=\"data:image\/svg+xml;base64,PHN2ZyB3aWR0aD0iMSIgaGVpZ2h0PSIxIiB4bWxucz0iaHR0cDovL3d3dy53My5vcmcvMjAwMC9zdmciPjwvc3ZnPg==\"><\/div><\/div><div class=\"caption py-3 caption__news py-md-3 pb-md-5\">\n                                    <span class=\"caption__date\">Viernes 28, Agosto<\/span>\n                                     <a href=\"https:\/\/www.uoh.cl\/vinculacion-con-el-medio\/historico-acuerdo-permitira-a-la-uoh-proteger-y-poner-en-valor-el-pukara-de-la-compania\/\">\n                                    <h3 class=\"small-space\">Hist\u00f3rico acuerdo permitir\u00e1 a la UOH proteger y poner en valor el Pukar\u00e1 de La Compa\u00f1\u00eda<\/h3><\/a>\n\n                                    <p>Acuerdo impulsado por el CDE permitir\u00e1 que uno de los sitios arqueol\u00f3gicos m\u00e1s importantes de Chile quede bajo el resguardo de una universidad estatal y se transforme en un espacio permanente para la investigaci\u00f3n cient\u00edfica, la educaci\u00f3n patrimonial y el desarrollo cultural de la Regi\u00f3n de O\u2019Higgins.<\/p>\n                                    <a class=\"link link--bold mt-md-3\" href=\"https:\/\/www.uoh.cl\/vinculacion-con-el-medio\/historico-acuerdo-permitira-a-la-uoh-proteger-y-poner-en-valor-el-pukara-de-la-compania\/\">Saber m\u00e1s <span class=\"icon icon--inline icon--link\"><svg version=\"1.1\" xmlns=\"http:\/\/www.w3.org\/2000\/svg\" xmlns:xlink=\"http:\/\/www.w3.org\/1999\/xlink\" x=\"0px\" y=\"0px\" width=\"22px\"height=\"22px\" viewBox=\"0 0 22 22\" style=\"overflow:visible;enable-background:new 0 0 80 64.6;\" xml:space=\"preserve\"><g clip-path=\"url(#acA)\"><path fill-rule=\"evenodd\" d=\"M21.913 11.266a.93.93 0 000-.711c-.022-.056-.063-.097-.091-.144s-.053-.103-.097-.15L12.306.294c-.357-.379-.955-.394-1.334-.038s-.394.955-.038 1.334l7.917 8.374H.927a.95.95 0 00-.908.983.946.946 0 00.908.908h17.924l-8.089 8.552c-.357.379-.341.977.034 1.334s.977.341 1.334-.034l9.594-10.148c.044-.044.063-.1.097-.15.028-.047.069-.088.091-.141z\"\/><\/g><defs><clipPath id=\"acA\"><path fill=\"#fff\" d=\"M0 0h22v22H0z\"\/><\/clipPath><\/defs><\/svg><\/span><\/a><\/div><\/div><\/div><div class=\"  col-sm-6 col-md-4 img-article\">\n                                        <div class=\"content-news-display row m-0 p-0\"><div class=\"holder p-0 \"><div class=\"img-wrap img-wrap-news\">\n                                        <div class=\"caption__news-category\">\n                                        <a href=\"https:\/\/www.uoh.cl\/vinculacion-con-el-medio\/category\/vinculacion\/\">\n                                        Vinculaci\u00f3n<\/a><\/div><img decoding=\"async\" class=\"w-100 h-100 lazyload\" data-src=\"https:\/\/www.uoh.cl\/vinculacion-con-el-medio\/wp-content\/uploads\/sites\/22\/2026\/08\/Orquesta-1.jpeg\" alt=\"Gran final del IV Concurso de Composici\u00f3n Musical UOH 2026\" style=\"--smush-placeholder-width: 1440px; --smush-placeholder-aspect-ratio: 1440\/921;object-fit: cover; object-position: center;\" src=\"data:image\/svg+xml;base64,PHN2ZyB3aWR0aD0iMSIgaGVpZ2h0PSIxIiB4bWxucz0iaHR0cDovL3d3dy53My5vcmcvMjAwMC9zdmciPjwvc3ZnPg==\"><\/div><\/div><div class=\"caption py-3 caption__news py-md-3 pb-md-5\">\n                                    <span class=\"caption__date\">Mi\u00e9rcoles 26, Agosto<\/span>\n                                     <a href=\"https:\/\/www.uoh.cl\/vinculacion-con-el-medio\/gran-final-del-iv-concurso-de-composicion-musical-uoh-2026\/\">\n                                    <h3 class=\"small-space\">Gran final del IV Concurso de Composici\u00f3n Musical UOH 2026<\/h3><\/a>\n\n                                    <p>Las tres composiciones finalistas ser\u00e1n interpretadas por la Orquesta de C\u00e1mara UOH el 28 de agosto, en una jornada que comenzar\u00e1 a las 16:00 horas con un Ensayo Educativo y continuar\u00e1 a las 19:00 horas con el Concierto de Temporada y la premiaci\u00f3n. Ambas actividades ser\u00e1n gratuitas y se realizar\u00e1n en el Auditorio del Campus Rancagua.<\/p>\n                                    <a class=\"link link--bold mt-md-3\" href=\"https:\/\/www.uoh.cl\/vinculacion-con-el-medio\/gran-final-del-iv-concurso-de-composicion-musical-uoh-2026\/\">Saber m\u00e1s <span class=\"icon icon--inline icon--link\"><svg version=\"1.1\" xmlns=\"http:\/\/www.w3.org\/2000\/svg\" xmlns:xlink=\"http:\/\/www.w3.org\/1999\/xlink\" x=\"0px\" y=\"0px\" width=\"22px\"height=\"22px\" viewBox=\"0 0 22 22\" style=\"overflow:visible;enable-background:new 0 0 80 64.6;\" xml:space=\"preserve\"><g clip-path=\"url(#acA)\"><path fill-rule=\"evenodd\" d=\"M21.913 11.266a.93.93 0 000-.711c-.022-.056-.063-.097-.091-.144s-.053-.103-.097-.15L12.306.294c-.357-.379-.955-.394-1.334-.038s-.394.955-.038 1.334l7.917 8.374H.927a.95.95 0 00-.908.983.946.946 0 00.908.908h17.924l-8.089 8.552c-.357.379-.341.977.034 1.334s.977.341 1.334-.034l9.594-10.148c.044-.044.063-.1.097-.15.028-.047.069-.088.091-.141z\"\/><\/g><defs><clipPath id=\"acA\"><path fill=\"#fff\" d=\"M0 0h22v22H0z\"\/><\/clipPath><\/defs><\/svg><\/span><\/a><\/div><\/div><\/div><\/div><\/div><\/div><div class=\"pagination justify-content-center my-5\"><span aria-current=\"page\" class=\"page-numbers current\">1<\/span>\n<a class=\"page-numbers\" href=\"https:\/\/www.uoh.cl\/vinculacion-con-el-medio\/wp-json\/wp\/v2\/posts\/1840\/\/page\/2\">2<\/a>\n<a class=\"page-numbers\" href=\"https:\/\/www.uoh.cl\/vinculacion-con-el-medio\/wp-json\/wp\/v2\/posts\/1840\/\/page\/3\">3<\/a>\n<span class=\"page-numbers dots\">&hellip;<\/span>\n<a class=\"page-numbers\" href=\"https:\/\/www.uoh.cl\/vinculacion-con-el-medio\/wp-json\/wp\/v2\/posts\/1840\/\/page\/71\">71<\/a>\n<a class=\"next page-numbers\" href=\"https:\/\/www.uoh.cl\/vinculacion-con-el-medio\/wp-json\/wp\/v2\/posts\/1840\/\/page\/2\"><div class=\"icon-pagination-next\"> <?xml version=\"1.0\" ?><svg viewBox=\"0 0 96 96\" xmlns=\"http:\/\/www.w3.org\/2000\/svg\"><title\/><path d=\"M39.3756,48.0022l30.47-25.39a6.0035,6.0035,0,0,0-7.6878-9.223L26.1563,43.3906a6.0092,6.0092,0,0,0,0,9.2231L62.1578,82.615a6.0035,6.0035,0,0,0,7.6878-9.2231Z\"\/><\/svg> <\/div><\/a><\/div>[\/vc_column_inner][\/vc_row_inner][\/vc_column][\/vc_row][\/vc_section]<\/p>\n<\/div>","protected":false},"excerpt":{"rendered":"<p>Con obras de Beethoven, Wagner, Schubert y el compositor nacional Andr\u00e9s Maupoint, el conjunto docto profesional de la Universidad de O\u2019Higgins realizar\u00e1 un ensayo educativo y dos conciertos gratuitos el viernes 24 y s\u00e1bado 25 de julio.<\/p>\n","protected":false},"author":34,"featured_media":1841,"comment_status":"open","ping_status":"open","sticky":false,"template":"","format":"standard","meta":{"_acf_changed":false,"footnotes":""},"categories":[80],"tags":[],"class_list":["post-1840","post","type-post","status-publish","format-standard","has-post-thumbnail","hentry","category-vinculacion"],"acf":[],"yoast_head":"<!-- This site is optimized with the Yoast SEO plugin v28.3 - https:\/\/yoast.com\/product\/yoast-seo-wordpress\/ -->\n<title>Orquesta de C\u00e1mara UOH presentar\u00e1 \u201cRelatos de la Noche\u201d en Graneros y Rancagua - Vinculaci\u00f3n con el Medio<\/title>\n<meta name=\"description\" content=\"Con obras de Beethoven, Wagner, Schubert y el compositor nacional Andr\u00e9s Maupoint, el conjunto docto profesional de la Universidad de O\u2019Higgins realizar\u00e1 un ensayo educativo y dos conciertos gratuitos el viernes 24 y s\u00e1bado 25 de julio.\" \/>\n<meta name=\"robots\" content=\"noindex, nofollow\" \/>\n<meta property=\"og:locale\" content=\"es_ES\" \/>\n<meta property=\"og:type\" content=\"article\" \/>\n<meta property=\"og:title\" content=\"Orquesta de C\u00e1mara UOH presentar\u00e1 \u201cRelatos de la Noche\u201d en Graneros y Rancagua - Vinculaci\u00f3n con el Medio\" \/>\n<meta property=\"og:description\" content=\"Con obras de Beethoven, Wagner, Schubert y el compositor nacional Andr\u00e9s Maupoint, el conjunto docto profesional de la Universidad de O\u2019Higgins realizar\u00e1 un ensayo educativo y dos conciertos gratuitos el viernes 24 y s\u00e1bado 25 de julio.\" \/>\n<meta property=\"og:url\" content=\"https:\/\/www.uoh.cl\/vinculacion-con-el-medio\/orquesta-de-camara-uoh-presentara-relatos-de-la-noche-en-graneros-y-rancagua\/\" \/>\n<meta property=\"og:site_name\" content=\"Vinculaci\u00f3n con el Medio\" \/>\n<meta property=\"article:published_time\" content=\"2026-07-21T20:02:12+00:00\" \/>\n<meta property=\"og:image\" content=\"https:\/\/www.uoh.cl\/vinculacion-con-el-medio\/wp-content\/uploads\/sites\/22\/2026\/07\/Concierto-2-scaled.jpg\" \/>\n\t<meta property=\"og:image:width\" content=\"2560\" \/>\n\t<meta property=\"og:image:height\" content=\"1707\" \/>\n\t<meta property=\"og:image:type\" content=\"image\/jpeg\" \/>\n<meta name=\"author\" content=\"Universidad de O&#039;Higgins\" \/>\n<meta name=\"twitter:card\" content=\"summary_large_image\" \/>\n<meta name=\"twitter:label1\" content=\"Escrito por\" \/>\n\t<meta name=\"twitter:data1\" content=\"Universidad de O&#039;Higgins\" \/>\n\t<meta name=\"twitter:label2\" content=\"Tiempo estimado de lectura\" \/>\n\t<meta name=\"twitter:data2\" content=\"3 minutos\" \/>\n<script type=\"application\/ld+json\" class=\"yoast-schema-graph\">{\"@context\":\"https:\\\/\\\/schema.org\",\"@graph\":[{\"@type\":\"Article\",\"@id\":\"https:\\\/\\\/www.uoh.cl\\\/vinculacion-con-el-medio\\\/orquesta-de-camara-uoh-presentara-relatos-de-la-noche-en-graneros-y-rancagua\\\/#article\",\"isPartOf\":{\"@id\":\"https:\\\/\\\/www.uoh.cl\\\/vinculacion-con-el-medio\\\/orquesta-de-camara-uoh-presentara-relatos-de-la-noche-en-graneros-y-rancagua\\\/\"},\"author\":{\"name\":\"Universidad de O'Higgins\",\"@id\":\"https:\\\/\\\/www.uoh.cl\\\/vinculacion-con-el-medio\\\/#\\\/schema\\\/person\\\/ea242e676c7d6d7e46fc8b9e39486c4f\"},\"headline\":\"Orquesta de C\u00e1mara UOH presentar\u00e1 \u201cRelatos de la Noche\u201d en Graneros y Rancagua\",\"datePublished\":\"2026-07-21T20:02:12+00:00\",\"mainEntityOfPage\":{\"@id\":\"https:\\\/\\\/www.uoh.cl\\\/vinculacion-con-el-medio\\\/orquesta-de-camara-uoh-presentara-relatos-de-la-noche-en-graneros-y-rancagua\\\/\"},\"wordCount\":739,\"commentCount\":0,\"image\":{\"@id\":\"https:\\\/\\\/www.uoh.cl\\\/vinculacion-con-el-medio\\\/orquesta-de-camara-uoh-presentara-relatos-de-la-noche-en-graneros-y-rancagua\\\/#primaryimage\"},\"thumbnailUrl\":\"https:\\\/\\\/www.uoh.cl\\\/vinculacion-con-el-medio\\\/wp-content\\\/uploads\\\/sites\\\/22\\\/2026\\\/07\\\/Concierto-2-scaled.jpg\",\"articleSection\":[\"Vinculaci\u00f3n\"],\"inLanguage\":\"es-CL\",\"potentialAction\":[{\"@type\":\"CommentAction\",\"name\":\"Comment\",\"target\":[\"https:\\\/\\\/www.uoh.cl\\\/vinculacion-con-el-medio\\\/orquesta-de-camara-uoh-presentara-relatos-de-la-noche-en-graneros-y-rancagua\\\/#respond\"]}]},{\"@type\":\"WebPage\",\"@id\":\"https:\\\/\\\/www.uoh.cl\\\/vinculacion-con-el-medio\\\/orquesta-de-camara-uoh-presentara-relatos-de-la-noche-en-graneros-y-rancagua\\\/\",\"url\":\"https:\\\/\\\/www.uoh.cl\\\/vinculacion-con-el-medio\\\/orquesta-de-camara-uoh-presentara-relatos-de-la-noche-en-graneros-y-rancagua\\\/\",\"name\":\"Orquesta de C\u00e1mara UOH presentar\u00e1 \u201cRelatos de la Noche\u201d en Graneros y Rancagua - Vinculaci\u00f3n con el Medio\",\"isPartOf\":{\"@id\":\"https:\\\/\\\/www.uoh.cl\\\/vinculacion-con-el-medio\\\/#website\"},\"primaryImageOfPage\":{\"@id\":\"https:\\\/\\\/www.uoh.cl\\\/vinculacion-con-el-medio\\\/orquesta-de-camara-uoh-presentara-relatos-de-la-noche-en-graneros-y-rancagua\\\/#primaryimage\"},\"image\":{\"@id\":\"https:\\\/\\\/www.uoh.cl\\\/vinculacion-con-el-medio\\\/orquesta-de-camara-uoh-presentara-relatos-de-la-noche-en-graneros-y-rancagua\\\/#primaryimage\"},\"thumbnailUrl\":\"https:\\\/\\\/www.uoh.cl\\\/vinculacion-con-el-medio\\\/wp-content\\\/uploads\\\/sites\\\/22\\\/2026\\\/07\\\/Concierto-2-scaled.jpg\",\"datePublished\":\"2026-07-21T20:02:12+00:00\",\"author\":{\"@id\":\"https:\\\/\\\/www.uoh.cl\\\/vinculacion-con-el-medio\\\/#\\\/schema\\\/person\\\/ea242e676c7d6d7e46fc8b9e39486c4f\"},\"description\":\"Con obras de Beethoven, Wagner, Schubert y el compositor nacional Andr\u00e9s Maupoint, el conjunto docto profesional de la Universidad de O\u2019Higgins realizar\u00e1 un ensayo educativo y dos conciertos gratuitos el viernes 24 y s\u00e1bado 25 de julio.\",\"inLanguage\":\"es-CL\",\"potentialAction\":[{\"@type\":\"ReadAction\",\"target\":[\"https:\\\/\\\/www.uoh.cl\\\/vinculacion-con-el-medio\\\/orquesta-de-camara-uoh-presentara-relatos-de-la-noche-en-graneros-y-rancagua\\\/\"]}]},{\"@type\":\"ImageObject\",\"inLanguage\":\"es-CL\",\"@id\":\"https:\\\/\\\/www.uoh.cl\\\/vinculacion-con-el-medio\\\/orquesta-de-camara-uoh-presentara-relatos-de-la-noche-en-graneros-y-rancagua\\\/#primaryimage\",\"url\":\"https:\\\/\\\/www.uoh.cl\\\/vinculacion-con-el-medio\\\/wp-content\\\/uploads\\\/sites\\\/22\\\/2026\\\/07\\\/Concierto-2-scaled.jpg\",\"contentUrl\":\"https:\\\/\\\/www.uoh.cl\\\/vinculacion-con-el-medio\\\/wp-content\\\/uploads\\\/sites\\\/22\\\/2026\\\/07\\\/Concierto-2-scaled.jpg\",\"width\":2560,\"height\":1707},{\"@type\":\"WebSite\",\"@id\":\"https:\\\/\\\/www.uoh.cl\\\/vinculacion-con-el-medio\\\/#website\",\"url\":\"https:\\\/\\\/www.uoh.cl\\\/vinculacion-con-el-medio\\\/\",\"name\":\"Vinculaci\u00f3n con el Medio\",\"description\":\"Otro sitio de Sitios de Universidad O&#039;higgins\",\"potentialAction\":[{\"@type\":\"SearchAction\",\"target\":{\"@type\":\"EntryPoint\",\"urlTemplate\":\"https:\\\/\\\/www.uoh.cl\\\/vinculacion-con-el-medio\\\/?s={search_term_string}\"},\"query-input\":{\"@type\":\"PropertyValueSpecification\",\"valueRequired\":true,\"valueName\":\"search_term_string\"}}],\"inLanguage\":\"es-CL\"},{\"@type\":\"Person\",\"@id\":\"https:\\\/\\\/www.uoh.cl\\\/vinculacion-con-el-medio\\\/#\\\/schema\\\/person\\\/ea242e676c7d6d7e46fc8b9e39486c4f\",\"name\":\"Universidad de O'Higgins\",\"image\":{\"@type\":\"ImageObject\",\"inLanguage\":\"es-CL\",\"@id\":\"https:\\\/\\\/secure.gravatar.com\\\/avatar\\\/78fcb76ca05efae11fd355943c01a832a29786cc00d85b1a82c301bea2b2a214?s=96&d=mm&r=g\",\"url\":\"https:\\\/\\\/secure.gravatar.com\\\/avatar\\\/78fcb76ca05efae11fd355943c01a832a29786cc00d85b1a82c301bea2b2a214?s=96&d=mm&r=g\",\"contentUrl\":\"https:\\\/\\\/secure.gravatar.com\\\/avatar\\\/78fcb76ca05efae11fd355943c01a832a29786cc00d85b1a82c301bea2b2a214?s=96&d=mm&r=g\",\"caption\":\"Universidad de O'Higgins\"}}]}<\/script>\n<!-- \/ Yoast SEO plugin. -->","yoast_head_json":{"title":"Orquesta de C\u00e1mara UOH presentar\u00e1 \u201cRelatos de la Noche\u201d en Graneros y Rancagua - Vinculaci\u00f3n con el Medio","description":"Con obras de Beethoven, Wagner, Schubert y el compositor nacional Andr\u00e9s Maupoint, el conjunto docto profesional de la Universidad de O\u2019Higgins realizar\u00e1 un ensayo educativo y dos conciertos gratuitos el viernes 24 y s\u00e1bado 25 de julio.","robots":{"index":"noindex","follow":"nofollow"},"og_locale":"es_ES","og_type":"article","og_title":"Orquesta de C\u00e1mara UOH presentar\u00e1 \u201cRelatos de la Noche\u201d en Graneros y Rancagua - Vinculaci\u00f3n con el Medio","og_description":"Con obras de Beethoven, Wagner, Schubert y el compositor nacional Andr\u00e9s Maupoint, el conjunto docto profesional de la Universidad de O\u2019Higgins realizar\u00e1 un ensayo educativo y dos conciertos gratuitos el viernes 24 y s\u00e1bado 25 de julio.","og_url":"https:\/\/www.uoh.cl\/vinculacion-con-el-medio\/orquesta-de-camara-uoh-presentara-relatos-de-la-noche-en-graneros-y-rancagua\/","og_site_name":"Vinculaci\u00f3n con el Medio","article_published_time":"2026-07-21T20:02:12+00:00","og_image":[{"width":2560,"height":1707,"url":"https:\/\/www.uoh.cl\/vinculacion-con-el-medio\/wp-content\/uploads\/sites\/22\/2026\/07\/Concierto-2-scaled.jpg","type":"image\/jpeg"}],"author":"Universidad de O'Higgins","twitter_card":"summary_large_image","twitter_misc":{"Escrito por":"Universidad de O'Higgins","Tiempo estimado de lectura":"3 minutos"},"schema":{"@context":"https:\/\/schema.org","@graph":[{"@type":"Article","@id":"https:\/\/www.uoh.cl\/vinculacion-con-el-medio\/orquesta-de-camara-uoh-presentara-relatos-de-la-noche-en-graneros-y-rancagua\/#article","isPartOf":{"@id":"https:\/\/www.uoh.cl\/vinculacion-con-el-medio\/orquesta-de-camara-uoh-presentara-relatos-de-la-noche-en-graneros-y-rancagua\/"},"author":{"name":"Universidad de O'Higgins","@id":"https:\/\/www.uoh.cl\/vinculacion-con-el-medio\/#\/schema\/person\/ea242e676c7d6d7e46fc8b9e39486c4f"},"headline":"Orquesta de C\u00e1mara UOH presentar\u00e1 \u201cRelatos de la Noche\u201d en Graneros y Rancagua","datePublished":"2026-07-21T20:02:12+00:00","mainEntityOfPage":{"@id":"https:\/\/www.uoh.cl\/vinculacion-con-el-medio\/orquesta-de-camara-uoh-presentara-relatos-de-la-noche-en-graneros-y-rancagua\/"},"wordCount":739,"commentCount":0,"image":{"@id":"https:\/\/www.uoh.cl\/vinculacion-con-el-medio\/orquesta-de-camara-uoh-presentara-relatos-de-la-noche-en-graneros-y-rancagua\/#primaryimage"},"thumbnailUrl":"https:\/\/www.uoh.cl\/vinculacion-con-el-medio\/wp-content\/uploads\/sites\/22\/2026\/07\/Concierto-2-scaled.jpg","articleSection":["Vinculaci\u00f3n"],"inLanguage":"es-CL","potentialAction":[{"@type":"CommentAction","name":"Comment","target":["https:\/\/www.uoh.cl\/vinculacion-con-el-medio\/orquesta-de-camara-uoh-presentara-relatos-de-la-noche-en-graneros-y-rancagua\/#respond"]}]},{"@type":"WebPage","@id":"https:\/\/www.uoh.cl\/vinculacion-con-el-medio\/orquesta-de-camara-uoh-presentara-relatos-de-la-noche-en-graneros-y-rancagua\/","url":"https:\/\/www.uoh.cl\/vinculacion-con-el-medio\/orquesta-de-camara-uoh-presentara-relatos-de-la-noche-en-graneros-y-rancagua\/","name":"Orquesta de C\u00e1mara UOH presentar\u00e1 \u201cRelatos de la Noche\u201d en Graneros y Rancagua - Vinculaci\u00f3n con el Medio","isPartOf":{"@id":"https:\/\/www.uoh.cl\/vinculacion-con-el-medio\/#website"},"primaryImageOfPage":{"@id":"https:\/\/www.uoh.cl\/vinculacion-con-el-medio\/orquesta-de-camara-uoh-presentara-relatos-de-la-noche-en-graneros-y-rancagua\/#primaryimage"},"image":{"@id":"https:\/\/www.uoh.cl\/vinculacion-con-el-medio\/orquesta-de-camara-uoh-presentara-relatos-de-la-noche-en-graneros-y-rancagua\/#primaryimage"},"thumbnailUrl":"https:\/\/www.uoh.cl\/vinculacion-con-el-medio\/wp-content\/uploads\/sites\/22\/2026\/07\/Concierto-2-scaled.jpg","datePublished":"2026-07-21T20:02:12+00:00","author":{"@id":"https:\/\/www.uoh.cl\/vinculacion-con-el-medio\/#\/schema\/person\/ea242e676c7d6d7e46fc8b9e39486c4f"},"description":"Con obras de Beethoven, Wagner, Schubert y el compositor nacional Andr\u00e9s Maupoint, el conjunto docto profesional de la Universidad de O\u2019Higgins realizar\u00e1 un ensayo educativo y dos conciertos gratuitos el viernes 24 y s\u00e1bado 25 de julio.","inLanguage":"es-CL","potentialAction":[{"@type":"ReadAction","target":["https:\/\/www.uoh.cl\/vinculacion-con-el-medio\/orquesta-de-camara-uoh-presentara-relatos-de-la-noche-en-graneros-y-rancagua\/"]}]},{"@type":"ImageObject","inLanguage":"es-CL","@id":"https:\/\/www.uoh.cl\/vinculacion-con-el-medio\/orquesta-de-camara-uoh-presentara-relatos-de-la-noche-en-graneros-y-rancagua\/#primaryimage","url":"https:\/\/www.uoh.cl\/vinculacion-con-el-medio\/wp-content\/uploads\/sites\/22\/2026\/07\/Concierto-2-scaled.jpg","contentUrl":"https:\/\/www.uoh.cl\/vinculacion-con-el-medio\/wp-content\/uploads\/sites\/22\/2026\/07\/Concierto-2-scaled.jpg","width":2560,"height":1707},{"@type":"WebSite","@id":"https:\/\/www.uoh.cl\/vinculacion-con-el-medio\/#website","url":"https:\/\/www.uoh.cl\/vinculacion-con-el-medio\/","name":"Vinculaci\u00f3n con el Medio","description":"Otro sitio de Sitios de Universidad O&#039;higgins","potentialAction":[{"@type":"SearchAction","target":{"@type":"EntryPoint","urlTemplate":"https:\/\/www.uoh.cl\/vinculacion-con-el-medio\/?s={search_term_string}"},"query-input":{"@type":"PropertyValueSpecification","valueRequired":true,"valueName":"search_term_string"}}],"inLanguage":"es-CL"},{"@type":"Person","@id":"https:\/\/www.uoh.cl\/vinculacion-con-el-medio\/#\/schema\/person\/ea242e676c7d6d7e46fc8b9e39486c4f","name":"Universidad de O'Higgins","image":{"@type":"ImageObject","inLanguage":"es-CL","@id":"https:\/\/secure.gravatar.com\/avatar\/78fcb76ca05efae11fd355943c01a832a29786cc00d85b1a82c301bea2b2a214?s=96&d=mm&r=g","url":"https:\/\/secure.gravatar.com\/avatar\/78fcb76ca05efae11fd355943c01a832a29786cc00d85b1a82c301bea2b2a214?s=96&d=mm&r=g","contentUrl":"https:\/\/secure.gravatar.com\/avatar\/78fcb76ca05efae11fd355943c01a832a29786cc00d85b1a82c301bea2b2a214?s=96&d=mm&r=g","caption":"Universidad de O'Higgins"}}]}},"_links":{"self":[{"href":"https:\/\/www.uoh.cl\/vinculacion-con-el-medio\/wp-json\/wp\/v2\/posts\/1840","targetHints":{"allow":["GET"]}}],"collection":[{"href":"https:\/\/www.uoh.cl\/vinculacion-con-el-medio\/wp-json\/wp\/v2\/posts"}],"about":[{"href":"https:\/\/www.uoh.cl\/vinculacion-con-el-medio\/wp-json\/wp\/v2\/types\/post"}],"author":[{"embeddable":true,"href":"https:\/\/www.uoh.cl\/vinculacion-con-el-medio\/wp-json\/wp\/v2\/users\/34"}],"replies":[{"embeddable":true,"href":"https:\/\/www.uoh.cl\/vinculacion-con-el-medio\/wp-json\/wp\/v2\/comments?post=1840"}],"version-history":[{"count":0,"href":"https:\/\/www.uoh.cl\/vinculacion-con-el-medio\/wp-json\/wp\/v2\/posts\/1840\/revisions"}],"wp:featuredmedia":[{"embeddable":true,"href":"https:\/\/www.uoh.cl\/vinculacion-con-el-medio\/wp-json\/wp\/v2\/media\/1841"}],"wp:attachment":[{"href":"https:\/\/www.uoh.cl\/vinculacion-con-el-medio\/wp-json\/wp\/v2\/media?parent=1840"}],"wp:term":[{"taxonomy":"category","embeddable":true,"href":"https:\/\/www.uoh.cl\/vinculacion-con-el-medio\/wp-json\/wp\/v2\/categories?post=1840"},{"taxonomy":"post_tag","embeddable":true,"href":"https:\/\/www.uoh.cl\/vinculacion-con-el-medio\/wp-json\/wp\/v2\/tags?post=1840"}],"curies":[{"name":"wp","href":"https:\/\/api.w.org\/{rel}","templated":true}]}}