
{"id":751,"date":"2025-09-25T14:54:40","date_gmt":"2025-09-25T17:54:40","guid":{"rendered":"https:\/\/www.uoh.cl\/salud-mental\/encendiendo-faros-abrir-la-puerta-al-cuidado-y-la-escucha\/"},"modified":"2025-09-25T14:54:40","modified_gmt":"2025-09-25T17:54:40","slug":"encendiendo-faros-abrir-la-puerta-al-cuidado-y-la-escucha","status":"publish","type":"post","link":"https:\/\/www.uoh.cl\/salud-mental\/encendiendo-faros-abrir-la-puerta-al-cuidado-y-la-escucha\/","title":{"rendered":"Encendiendo Faros: abrir la puerta al cuidado y la escucha"},"content":{"rendered":"<div class=\"wpb-content-wrapper\"><p>[vc_section el_class=&#8221;container mx-auto align-items-center circle&#8211;pattern&#8221; css=&#8221;.vc_custom_1648956589196{padding-top: 3rem !important;}&#8221;][vc_row][vc_column]<div class=\"breadcrumb\"><ol itemscope itemtype=\"https:\/\/schema.org\/BreadcrumbList\"><li itemprop=\"itemListElement\" itemscope itemtype=\"https:\/\/schema.org\/ListItem\"><a itemprop=\"item\" href=\"http:\/\/www.uoh.cl\"><span itemprop=\"name\">Inicio<\/span><\/a><meta itemprop=\"position\" content=\"1\" \/><li itemprop=\"itemListElement\" itemscope itemtype=\"https:\/\/schema.org\/ListItem\"><a itemprop=\"item\" href=\"https:\/\/www.uoh.cl\/salud-mental\"><span itemprop=\"name\">Direcci\u00f3n de Salud Mental<\/span><\/a><meta itemprop=\"position\" content=\"2\" \/><li itemprop=\"itemListElement\" itemscope itemtype=\"https:\/\/schema.org\/ListItem\"><a itemprop=\"item\" href=\"https:\/\/www.uoh.cl\/salud-mental\/noticias\/\"><span itemprop=\"name\">Noticias<\/span><\/a><meta itemprop=\"position\" content=\"3\" \/><li itemprop=\"itemListElement\" itemscope itemtype=\"https:\/\/schema.org\/ListItem\"><span itemprop=\"name\">Encendiendo Faros: abrir la puerta al cuidado y la escucha <\/span><meta itemprop=\"position\" content=\"4\" \/><\/ol><\/div><ul class=\"p-0 list-style-none d-inline-block\"><li class=\"p-0\"><a href=https:\/\/www.uoh.cl\/salud-mental\/category\/gaceta\/ class=\"px-1 py-2\">Gaceta<\/a><\/li><\/ul><div class=\"date_publish_post\"> \u25cf Jue 25 de Septiembre 2025<\/div><div class=\"uoh_title_component-container\"><h1 class=\"title title--ms d-inline-block title--decorator  big\">Encendiendo Faros: abrir la puerta al cuidado y la escucha<\/h1><\/div>[vc_row_inner el_class=&#8221;border-separator m-0&#8243;][vc_column_inner width=&#8221;2\/3&#8243;]<div class=\"author_wp_class\"> Escrito por <span>Universidad de O'Higgins<\/span><\/div>[\/vc_column_inner][vc_column_inner el_class=&#8221;align-items-end-publish&#8221; width=&#8221;1\/3&#8243;]<div class=\"uoh_social_network_component uoh_row col-12 justify-content-end m-0 p-0\"> <div class=\"icon__facebook-share-button\">\n                       <a href=\"https:\/\/www.facebook.com\/sharer\/sharer.php?u=https:\/\/www.uoh.cl\/salud-mental\/encendiendo-faros-abrir-la-puerta-al-cuidado-y-la-escucha\/\" target=\"_blank\"> <div class=\"icon__facebook-svg\"><svg version=\"1.1\" xmlns=\"http:\/\/www.w3.org\/2000\/svg\" xmlns:xlink=\"http:\/\/www.w3.org\/1999\/xlink\" x=\"0px\" y=\"0px\" width=\"22.4px\" height=\"48.3px\" viewBox=\"0 0 22.4 48.3\" style=\"overflow:visible;enable-background:new 0 0 22.4 48.3;\" xml:space=\"preserve\">\n                <defs>\n                <\/defs>\n                <path class=\"st0\" d=\"M22.4,15.6h-7.6v-5c0-1.9,1.2-2.3,2.1-2.3c0.9,0,5.4,0,5.4,0V0l-7.4,0C6.6,0,4.8,6.2,4.8,10.1v5.5H0v8.5h4.8\n                    c0,10.9,0,24.1,0,24.1h10c0,0,0-13.3,0-24.1h6.8L22.4,15.6z\"><\/path>\n                <\/svg><\/a><\/div>\n                    <\/div><div class=\"icon__twitter-share-button\">\n                        <div class=\"icon__twitter-svg\"><a target=\"_blank\" href=\"http:\/\/twitter.com\/share?url=https:\/\/www.uoh.cl\/salud-mental\/encendiendo-faros-abrir-la-puerta-al-cuidado-y-la-escucha\/\"><svg xmlns=\"http:\/\/www.w3.org\/2000\/svg\" height=\"1em\" viewBox=\"0 0 512 512\"><!--! Font Awesome Free 6.4.2 by @fontawesome - https:\/\/fontawesome.com License - https:\/\/fontawesome.com\/license (Commercial License) Copyright 2023 Fonticons, Inc. --><path d=\"M389.2 48h70.6L305.6 224.2 487 464H345L233.7 318.6 106.5 464H35.8L200.7 275.5 26.8 48H172.4L272.9 180.9 389.2 48zM364.4 421.8h39.1L151.1 88h-42L364.4 421.8z\"\/><\/svg><\/a><\/div>\n                        <\/div><div class=\"icon__linkedin-share-button\">\n                        <div class=\"icon__linkedin-svg\">\n                        <a target=\"__blank\" href=\"https:\/\/www.linkedin.com\/sharing\/share-offsite\/?url=https:\/\/www.uoh.cl\/salud-mental\/encendiendo-faros-abrir-la-puerta-al-cuidado-y-la-escucha\/\"><svg enable-background=\"new 0 0 100 100\" height=\"100px\" id=\"Layer_1\" version=\"1.1\" viewBox=\"0 0 100 100\" width=\"100px\" xml:space=\"preserve\" xmlns=\"http:\/\/www.w3.org\/2000\/svg\" xmlns:xlink=\"http:\/\/www.w3.org\/1999\/xlink\"><g><circle cx=\"50\" cy=\"50\" fill=\"#ccc\" r=\"45\"\/><g id=\"LinkedIn_1_\"><rect fill=\"#FFFFFF\" height=\"24.361\" width=\"7.69\" x=\"31.271\" y=\"43.569\"\/><path d=\"M59.968,43.334c-4.406,0-7.165,2.387-7.677,4.058v-3.823h-8.636c0.109,2.03,0,24.361,0,24.361h8.636    V54.748c0-0.733-0.034-1.465,0.19-1.991c0.594-1.464,1.869-2.985,4.162-2.985c2.998,0,4.361,2.253,4.361,5.552V67.93h8.721V54.384    C69.726,46.839,65.432,43.334,59.968,43.334z\" fill=\"#FFFFFF\"\/><path d=\"M34.973,32.069c-2.839,0-4.696,1.823-4.696,4.229c0,2.361,1.804,4.224,4.589,4.224h0.054    c2.891,0,4.69-1.869,4.69-4.229C39.555,33.888,37.81,32.069,34.973,32.069z\" fill=\"#FFFFFF\"\/><\/g><\/g><\/svg><\/a><\/div>\n\n            <\/div><\/div>[\/vc_column_inner][\/vc_row_inner][vc_single_image image=&#8221;55088&#8243; img_size=&#8221;1500&#215;1000&#8243; add_caption=&#8221;yes&#8221; alignment=&#8221;center&#8221; onclick=&#8221;img_link_large&#8221; css=&#8221;&#8221;][vc_column_text]\u00a0[\/vc_column_text][vc_column_text css=&#8221;&#8221;]<\/p>\n<ul>\n<li><em>Hablar de prevenci\u00f3n del suicidio es hablar del cuidado mutuo, confianza y solidaridad en nuestra vida laboral cotidiana.<\/em><\/li>\n<\/ul>\n<p>[\/vc_column_text][vc_column_text]\u00a0[\/vc_column_text][vc_column_text css=&#8221;&#8221;]El 10 de septiembre se conmemor\u00f3 el D\u00eda Mundial para la Prevenci\u00f3n del Suicidio y como parte de sus actividades de sensibilizaci\u00f3n hacia la comunidad interna, la <a href=\"https:\/\/www.uoh.cl\/universidad\/prorrectoria\/direccion-de-salud-mental\/\" target=\"_blank\" rel=\"noopener\">Direcci\u00f3n de Salud Mental<\/a> llev\u00f3 a cabo el recorrido \u201cEncendiendo Faros\u201d por los distintos espacios donde trabajan nuestras\/os funcionarias\/os, con el objetivo de entregar un recordatorio sobre la importancia de que cada gesto de apoyo puede salvar una vida.<\/p>\n<p>La iniciativa busc\u00f3 acercar un mensaje simple acerca de comprender las luchas internas que puede estar enfrentando quien est\u00e1 a nuestro lado, y por eso la escucha, la empat\u00eda y la compa\u00f1\u00eda se convierten en herramientas esenciales para cuidar la salud mental de nuestra comunidad.<\/p>\n<p>El encuentro fue recibido con gratitud por las\/os funcionarias\/os, quienes participaron activamente en la reflexi\u00f3n colectiva sobre la importancia de hablar de este tema sin miedo ni tab\u00faes, reconociendo que la prevenci\u00f3n del suicidio no es solo tarea de especialistas, sino tambi\u00e9n un compromiso compartido.<\/p>\n<p>Para P\u00eda Leiva, analista de personal en la Direcci\u00f3n de Gesti\u00f3n de Personas, este tipo de iniciativas son muy valiosas, sobre todo por la importancia de la salud mental en todas las edades. \u201cFelicito a la Direcci\u00f3n por esta campa\u00f1a. Me dej\u00f3 claro que no hay que minimizar los sentimientos de nadie, escuchar activamente a quien lo necesite, cuidarnos y siempre preguntar c\u00f3mo podemos ayudar\u201d, expres\u00f3 la funcionaria.<\/p>\n<p>Con acciones como esta, se sigue construyendo espacios donde el cuidado mutuo, la sensibilidad y la solidaridad sean parte de la vida laboral cotidiana. Porque acompa\u00f1arnos puede marcar la diferencia.[\/vc_column_text][vc_zigzag color=&#8221;white&#8221;][vc_row_inner][vc_column_inner width=&#8221;1\/2&#8243;][vc_single_image image=&#8221;55089&#8243; img_size=&#8221;700&#215;450&#8243; onclick=&#8221;link_image&#8221; css=&#8221;&#8221;][\/vc_column_inner][vc_column_inner width=&#8221;1\/2&#8243;][vc_single_image image=&#8221;55090&#8243; img_size=&#8221;700&#215;450&#8243; onclick=&#8221;link_image&#8221; css=&#8221;&#8221;][\/vc_column_inner][\/vc_row_inner][vc_zigzag color=&#8221;white&#8221;][vc_row_inner][vc_column_inner width=&#8221;1\/2&#8243;][vc_single_image image=&#8221;55091&#8243; img_size=&#8221;700&#215;450&#8243; onclick=&#8221;link_image&#8221; css=&#8221;&#8221;][\/vc_column_inner][vc_column_inner width=&#8221;1\/2&#8243;][vc_single_image image=&#8221;55092&#8243; img_size=&#8221;700&#215;450&#8243; onclick=&#8221;link_image&#8221; css=&#8221;&#8221;][\/vc_column_inner][\/vc_row_inner][\/vc_column][\/vc_row][\/vc_section][vc_section css=&#8221;.vc_custom_1650255686594{background-color: #f6faff !important;}&#8221; el_class=&#8221;p-md-0 pt-md-5&#8243;][vc_row el_class=&#8221;container mx-auto align-items-center p-md-0 pt-5 pb-5&#8243;][vc_column el_class=&#8221;pb-5&#8243;][vc_row_inner el_class=&#8221;pb-5&#8243;][vc_column_inner]<div class=\"row m-0 p-0\"><div class=\"col-12 col-md-9 pt-5 pt-md-0\"><h2 class=\"title title--decorator title--ms d-inline-block\">Te Recomendamos<\/h2><\/div><\/div><div class=\"content-holder\"><div class=\"row  swipper-news-list not--activate-hack \"><div class=\"row -wrapper\"><div class=\"  col-sm-6 col-md-4 img-article\">\n                                        <div class=\"content-news-display row m-0 p-0\"><div class=\"holder p-0 \"><div class=\"img-wrap img-wrap-news\">\n                                        <div class=\"caption__news-category\">\n                                        <a href=\"https:\/\/www.uoh.cl\/salud-mental\/category\/salud-mental\/\">\n                                        Salud Mental<\/a><\/div><img decoding=\"async\" class=\"w-100 h-100 lazyload\" data-src=\"https:\/\/www.uoh.cl\/salud-mental\/wp-content\/uploads\/sites\/47\/2026\/05\/Bienvenida-Tutores-Salud-Mental-5.jpg\" alt=\"UOH da bienvenida a tutoras\/es comprometidos con la salud mental y el bienestar universitario\" style=\"--smush-placeholder-width: 1500px; --smush-placeholder-aspect-ratio: 1500\/1000;object-fit: cover; object-position: center;\" src=\"data:image\/svg+xml;base64,PHN2ZyB3aWR0aD0iMSIgaGVpZ2h0PSIxIiB4bWxucz0iaHR0cDovL3d3dy53My5vcmcvMjAwMC9zdmciPjwvc3ZnPg==\"><\/div><\/div><div class=\"caption py-3 caption__news py-md-3 pb-md-5\">\n                                    <span class=\"caption__date\">Viernes 1, Mayo<\/span>\n                                     <a href=\"https:\/\/www.uoh.cl\/salud-mental\/uoh-da-bienvenida-a-tutoras-es-comprometidos-con-la-salud-mental-y-el-bienestar-universitario\/\">\n                                    <h3 class=\"small-space\">UOH da bienvenida a tutoras\/es comprometidos con la salud mental y el bienestar universitario<\/h3><\/a>\n\n                                    <p>La instancia de encuentro, organizada por la Direcci\u00f3n de Salud Mental, busca visibilizar el trabajo permanente que realizan durante el a\u00f1o acad\u00e9mico. <\/p>\n                                    <a class=\"link link--bold mt-md-3\" href=\"https:\/\/www.uoh.cl\/salud-mental\/uoh-da-bienvenida-a-tutoras-es-comprometidos-con-la-salud-mental-y-el-bienestar-universitario\/\">Saber m\u00e1s <span class=\"icon icon--inline icon--link\"><svg version=\"1.1\" xmlns=\"http:\/\/www.w3.org\/2000\/svg\" xmlns:xlink=\"http:\/\/www.w3.org\/1999\/xlink\" x=\"0px\" y=\"0px\" width=\"22px\"height=\"22px\" viewBox=\"0 0 22 22\" style=\"overflow:visible;enable-background:new 0 0 80 64.6;\" xml:space=\"preserve\"><g clip-path=\"url(#acA)\"><path fill-rule=\"evenodd\" d=\"M21.913 11.266a.93.93 0 000-.711c-.022-.056-.063-.097-.091-.144s-.053-.103-.097-.15L12.306.294c-.357-.379-.955-.394-1.334-.038s-.394.955-.038 1.334l7.917 8.374H.927a.95.95 0 00-.908.983.946.946 0 00.908.908h17.924l-8.089 8.552c-.357.379-.341.977.034 1.334s.977.341 1.334-.034l9.594-10.148c.044-.044.063-.1.097-.15.028-.047.069-.088.091-.141z\"\/><\/g><defs><clipPath id=\"acA\"><path fill=\"#fff\" d=\"M0 0h22v22H0z\"\/><\/clipPath><\/defs><\/svg><\/span><\/a><\/div><\/div><\/div><div class=\"  col-sm-6 col-md-4 img-article\">\n                                        <div class=\"content-news-display row m-0 p-0\"><div class=\"holder p-0 \"><div class=\"img-wrap img-wrap-news\">\n                                        <div class=\"caption__news-category\">\n                                        <a href=\"https:\/\/www.uoh.cl\/salud-mental\/category\/institucional\/\">\n                                        Institucional<\/a><\/div><img decoding=\"async\" class=\"w-100 h-100 lazyload\" data-src=\"https:\/\/www.uoh.cl\/salud-mental\/wp-content\/uploads\/sites\/47\/2026\/04\/Inauguracion-Ano-Academico-2026-6.jpg\" alt=\"Reflexi\u00f3n universitaria: UOH inaugura A\u00f1o Acad\u00e9mico 2026 pensando en los desaf\u00edos de la Educaci\u00f3n Superior\" style=\"--smush-placeholder-width: 1500px; --smush-placeholder-aspect-ratio: 1500\/1000;object-fit: cover; object-position: center;\" src=\"data:image\/svg+xml;base64,PHN2ZyB3aWR0aD0iMSIgaGVpZ2h0PSIxIiB4bWxucz0iaHR0cDovL3d3dy53My5vcmcvMjAwMC9zdmciPjwvc3ZnPg==\"><\/div><\/div><div class=\"caption py-3 caption__news py-md-3 pb-md-5\">\n                                    <span class=\"caption__date\">Mi\u00e9rcoles 29, Abril<\/span>\n                                     <a href=\"https:\/\/www.uoh.cl\/salud-mental\/reflexion-universitaria-uoh-inaugura-ano-academico-2026-pensando-en-los-desafios-de-la-educacion-superior\/\">\n                                    <h3 class=\"small-space\">Reflexi\u00f3n universitaria: UOH inaugura A\u00f1o Acad\u00e9mico 2026 pensando en los desaf\u00edos de la Educaci\u00f3n Superior<\/h3><\/a>\n\n                                    <p>La ceremonia promovi\u00f3 el an\u00e1lisis acerca de los cambios educativos que se avecinan dentro de los procesos de formaci\u00f3n universitaria ajustados a contextos digitales.   <\/p>\n                                    <a class=\"link link--bold mt-md-3\" href=\"https:\/\/www.uoh.cl\/salud-mental\/reflexion-universitaria-uoh-inaugura-ano-academico-2026-pensando-en-los-desafios-de-la-educacion-superior\/\">Saber m\u00e1s <span class=\"icon icon--inline icon--link\"><svg version=\"1.1\" xmlns=\"http:\/\/www.w3.org\/2000\/svg\" xmlns:xlink=\"http:\/\/www.w3.org\/1999\/xlink\" x=\"0px\" y=\"0px\" width=\"22px\"height=\"22px\" viewBox=\"0 0 22 22\" style=\"overflow:visible;enable-background:new 0 0 80 64.6;\" xml:space=\"preserve\"><g clip-path=\"url(#acA)\"><path fill-rule=\"evenodd\" d=\"M21.913 11.266a.93.93 0 000-.711c-.022-.056-.063-.097-.091-.144s-.053-.103-.097-.15L12.306.294c-.357-.379-.955-.394-1.334-.038s-.394.955-.038 1.334l7.917 8.374H.927a.95.95 0 00-.908.983.946.946 0 00.908.908h17.924l-8.089 8.552c-.357.379-.341.977.034 1.334s.977.341 1.334-.034l9.594-10.148c.044-.044.063-.1.097-.15.028-.047.069-.088.091-.141z\"\/><\/g><defs><clipPath id=\"acA\"><path fill=\"#fff\" d=\"M0 0h22v22H0z\"\/><\/clipPath><\/defs><\/svg><\/span><\/a><\/div><\/div><\/div><div class=\"  col-sm-6 col-md-4 img-article\">\n                                        <div class=\"content-news-display row m-0 p-0\"><div class=\"holder p-0 \"><div class=\"img-wrap img-wrap-news\">\n                                        <div class=\"caption__news-category\">\n                                        <a href=\"https:\/\/www.uoh.cl\/salud-mental\/category\/salud-mental\/\">\n                                        Salud Mental<\/a><\/div><img decoding=\"async\" class=\"w-100 h-100 lazyload\" data-src=\"https:\/\/www.uoh.cl\/salud-mental\/wp-content\/uploads\/sites\/47\/2026\/04\/\u00bfComo-acompanar-ante-situaciones-impredecibles-Psicologa-de-la-Direccion-de-Salud-Mental-UOH-destaca-validacion-de-emociones-y-solicitar-apoyo.png\" alt=\"\u00bfC\u00f3mo acompa\u00f1ar ante situaciones impredecibles?: Psic\u00f3loga de la Direcci\u00f3n de Salud Mental UOH destaca validaci\u00f3n de emociones y solicitar apoyo\" style=\"--smush-placeholder-width: 1500px; --smush-placeholder-aspect-ratio: 1500\/1000;object-fit: cover; object-position: center;\" src=\"data:image\/svg+xml;base64,PHN2ZyB3aWR0aD0iMSIgaGVpZ2h0PSIxIiB4bWxucz0iaHR0cDovL3d3dy53My5vcmcvMjAwMC9zdmciPjwvc3ZnPg==\"><\/div><\/div><div class=\"caption py-3 caption__news py-md-3 pb-md-5\">\n                                    <span class=\"caption__date\">Martes 21, Abril<\/span>\n                                     <a href=\"https:\/\/www.uoh.cl\/salud-mental\/como-acompanar-ante-situaciones-impredecibles-psicologa-de-la-direccion-de-salud-mental-uoh-destaca-validacion-de-emociones-y-solicitar-apoyo\/\">\n                                    <h3 class=\"small-space\">\u00bfC\u00f3mo acompa\u00f1ar ante situaciones impredecibles?: Psic\u00f3loga de la Direcci\u00f3n de Salud Mental UOH destaca validaci\u00f3n de emociones y solicitar apoyo<\/h3><\/a>\n\n                                    <p>La Universidad de O\u2019Higgins cuenta con distintas instancias para estar presente con estudiantes y la comunidad universitaria ante hechos que afecten su bienestar emocional. <\/p>\n                                    <a class=\"link link--bold mt-md-3\" href=\"https:\/\/www.uoh.cl\/salud-mental\/como-acompanar-ante-situaciones-impredecibles-psicologa-de-la-direccion-de-salud-mental-uoh-destaca-validacion-de-emociones-y-solicitar-apoyo\/\">Saber m\u00e1s <span class=\"icon icon--inline icon--link\"><svg version=\"1.1\" xmlns=\"http:\/\/www.w3.org\/2000\/svg\" xmlns:xlink=\"http:\/\/www.w3.org\/1999\/xlink\" x=\"0px\" y=\"0px\" width=\"22px\"height=\"22px\" viewBox=\"0 0 22 22\" style=\"overflow:visible;enable-background:new 0 0 80 64.6;\" xml:space=\"preserve\"><g clip-path=\"url(#acA)\"><path fill-rule=\"evenodd\" d=\"M21.913 11.266a.93.93 0 000-.711c-.022-.056-.063-.097-.091-.144s-.053-.103-.097-.15L12.306.294c-.357-.379-.955-.394-1.334-.038s-.394.955-.038 1.334l7.917 8.374H.927a.95.95 0 00-.908.983.946.946 0 00.908.908h17.924l-8.089 8.552c-.357.379-.341.977.034 1.334s.977.341 1.334-.034l9.594-10.148c.044-.044.063-.1.097-.15.028-.047.069-.088.091-.141z\"\/><\/g><defs><clipPath id=\"acA\"><path fill=\"#fff\" d=\"M0 0h22v22H0z\"\/><\/clipPath><\/defs><\/svg><\/span><\/a><\/div><\/div><\/div><\/div><\/div><\/div><div class=\"pagination justify-content-center my-5\"><span aria-current=\"page\" class=\"page-numbers current\">1<\/span>\n<a class=\"page-numbers\" href=\"https:\/\/www.uoh.cl\/salud-mental\/wp-json\/wp\/v2\/posts\/751\/\/page\/2\">2<\/a>\n<a class=\"page-numbers\" href=\"https:\/\/www.uoh.cl\/salud-mental\/wp-json\/wp\/v2\/posts\/751\/\/page\/3\">3<\/a>\n<span class=\"page-numbers dots\">&hellip;<\/span>\n<a class=\"page-numbers\" href=\"https:\/\/www.uoh.cl\/salud-mental\/wp-json\/wp\/v2\/posts\/751\/\/page\/14\">14<\/a>\n<a class=\"next page-numbers\" href=\"https:\/\/www.uoh.cl\/salud-mental\/wp-json\/wp\/v2\/posts\/751\/\/page\/2\"><div class=\"icon-pagination-next\"> <?xml version=\"1.0\" ?><svg viewBox=\"0 0 96 96\" xmlns=\"http:\/\/www.w3.org\/2000\/svg\"><title\/><path d=\"M39.3756,48.0022l30.47-25.39a6.0035,6.0035,0,0,0-7.6878-9.223L26.1563,43.3906a6.0092,6.0092,0,0,0,0,9.2231L62.1578,82.615a6.0035,6.0035,0,0,0,7.6878-9.2231Z\"\/><\/svg> <\/div><\/a><\/div>[\/vc_column_inner][\/vc_row_inner][\/vc_column][\/vc_row][\/vc_section]<\/p>\n<\/div>","protected":false},"excerpt":{"rendered":"<p>Hablar de prevenci\u00f3n del suicidio es hablar del cuidado mutuo, confianza y solidaridad en nuestra vida laboral cotidiana.<\/p>\n","protected":false},"author":34,"featured_media":752,"comment_status":"open","ping_status":"open","sticky":false,"template":"","format":"standard","meta":{"_acf_changed":false,"footnotes":""},"categories":[24],"tags":[],"class_list":["post-751","post","type-post","status-publish","format-standard","has-post-thumbnail","hentry","category-gaceta"],"acf":[],"yoast_head":"<!-- This site is optimized with the Yoast SEO plugin v26.6 - https:\/\/yoast.com\/wordpress\/plugins\/seo\/ -->\n<title>Encendiendo Faros: abrir la puerta al cuidado y la escucha - Direcci\u00f3n de Salud Mental<\/title>\n<meta name=\"description\" content=\"Hablar de prevenci\u00f3n del suicidio es hablar del cuidado mutuo, confianza y solidaridad en nuestra vida laboral cotidiana.\" \/>\n<meta name=\"robots\" content=\"noindex, nofollow\" \/>\n<meta property=\"og:locale\" content=\"es_ES\" \/>\n<meta property=\"og:type\" content=\"article\" \/>\n<meta property=\"og:title\" content=\"Encendiendo Faros: abrir la puerta al cuidado y la escucha - Direcci\u00f3n de Salud Mental\" \/>\n<meta property=\"og:description\" content=\"Hablar de prevenci\u00f3n del suicidio es hablar del cuidado mutuo, confianza y solidaridad en nuestra vida laboral cotidiana.\" \/>\n<meta property=\"og:url\" content=\"https:\/\/www.uoh.cl\/salud-mental\/encendiendo-faros-abrir-la-puerta-al-cuidado-y-la-escucha\/\" \/>\n<meta property=\"og:site_name\" content=\"Direcci\u00f3n de Salud Mental\" \/>\n<meta property=\"article:published_time\" content=\"2025-09-25T17:54:40+00:00\" \/>\n<meta property=\"og:image\" content=\"https:\/\/www.uoh.cl\/salud-mental\/wp-content\/uploads\/sites\/47\/2025\/09\/Encendiendo-Faros-parte-2-12-1.jpg\" \/>\n\t<meta property=\"og:image:width\" content=\"1500\" \/>\n\t<meta property=\"og:image:height\" content=\"1000\" \/>\n\t<meta property=\"og:image:type\" content=\"image\/jpeg\" \/>\n<meta name=\"author\" content=\"Universidad de O&#039;Higgins\" \/>\n<meta name=\"twitter:card\" content=\"summary_large_image\" \/>\n<meta name=\"twitter:label1\" content=\"Escrito por\" \/>\n\t<meta name=\"twitter:data1\" content=\"Universidad de O&#039;Higgins\" \/>\n\t<meta name=\"twitter:label2\" content=\"Tiempo estimado de lectura\" \/>\n\t<meta name=\"twitter:data2\" content=\"3 minutos\" \/>\n<script type=\"application\/ld+json\" class=\"yoast-schema-graph\">{\"@context\":\"https:\/\/schema.org\",\"@graph\":[{\"@type\":\"WebPage\",\"@id\":\"https:\/\/www.uoh.cl\/salud-mental\/encendiendo-faros-abrir-la-puerta-al-cuidado-y-la-escucha\/\",\"url\":\"https:\/\/www.uoh.cl\/salud-mental\/encendiendo-faros-abrir-la-puerta-al-cuidado-y-la-escucha\/\",\"name\":\"Encendiendo Faros: abrir la puerta al cuidado y la escucha - Direcci\u00f3n de Salud Mental\",\"isPartOf\":{\"@id\":\"https:\/\/www.uoh.cl\/salud-mental\/#website\"},\"primaryImageOfPage\":{\"@id\":\"https:\/\/www.uoh.cl\/salud-mental\/encendiendo-faros-abrir-la-puerta-al-cuidado-y-la-escucha\/#primaryimage\"},\"image\":{\"@id\":\"https:\/\/www.uoh.cl\/salud-mental\/encendiendo-faros-abrir-la-puerta-al-cuidado-y-la-escucha\/#primaryimage\"},\"thumbnailUrl\":\"https:\/\/www.uoh.cl\/salud-mental\/wp-content\/uploads\/sites\/47\/2025\/09\/Encendiendo-Faros-parte-2-12-1.jpg\",\"datePublished\":\"2025-09-25T17:54:40+00:00\",\"author\":{\"@id\":\"https:\/\/www.uoh.cl\/salud-mental\/#\/schema\/person\/ea242e676c7d6d7e46fc8b9e39486c4f\"},\"description\":\"Hablar de prevenci\u00f3n del suicidio es hablar del cuidado mutuo, confianza y solidaridad en nuestra vida laboral cotidiana.\",\"breadcrumb\":{\"@id\":\"https:\/\/www.uoh.cl\/salud-mental\/encendiendo-faros-abrir-la-puerta-al-cuidado-y-la-escucha\/#breadcrumb\"},\"inLanguage\":\"es-CL\",\"potentialAction\":[{\"@type\":\"ReadAction\",\"target\":[\"https:\/\/www.uoh.cl\/salud-mental\/encendiendo-faros-abrir-la-puerta-al-cuidado-y-la-escucha\/\"]}]},{\"@type\":\"ImageObject\",\"inLanguage\":\"es-CL\",\"@id\":\"https:\/\/www.uoh.cl\/salud-mental\/encendiendo-faros-abrir-la-puerta-al-cuidado-y-la-escucha\/#primaryimage\",\"url\":\"https:\/\/www.uoh.cl\/salud-mental\/wp-content\/uploads\/sites\/47\/2025\/09\/Encendiendo-Faros-parte-2-12-1.jpg\",\"contentUrl\":\"https:\/\/www.uoh.cl\/salud-mental\/wp-content\/uploads\/sites\/47\/2025\/09\/Encendiendo-Faros-parte-2-12-1.jpg\",\"width\":1500,\"height\":1000},{\"@type\":\"BreadcrumbList\",\"@id\":\"https:\/\/www.uoh.cl\/salud-mental\/encendiendo-faros-abrir-la-puerta-al-cuidado-y-la-escucha\/#breadcrumb\",\"itemListElement\":[{\"@type\":\"ListItem\",\"position\":1,\"name\":\"Portada\",\"item\":\"https:\/\/www.uoh.cl\/salud-mental\/\"},{\"@type\":\"ListItem\",\"position\":2,\"name\":\"Encendiendo Faros: abrir la puerta al cuidado y la escucha\"}]},{\"@type\":\"WebSite\",\"@id\":\"https:\/\/www.uoh.cl\/salud-mental\/#website\",\"url\":\"https:\/\/www.uoh.cl\/salud-mental\/\",\"name\":\"Direcci\u00f3n de Salud Mental\",\"description\":\"\",\"potentialAction\":[{\"@type\":\"SearchAction\",\"target\":{\"@type\":\"EntryPoint\",\"urlTemplate\":\"https:\/\/www.uoh.cl\/salud-mental\/?s={search_term_string}\"},\"query-input\":{\"@type\":\"PropertyValueSpecification\",\"valueRequired\":true,\"valueName\":\"search_term_string\"}}],\"inLanguage\":\"es-CL\"},{\"@type\":\"Person\",\"@id\":\"https:\/\/www.uoh.cl\/salud-mental\/#\/schema\/person\/ea242e676c7d6d7e46fc8b9e39486c4f\",\"name\":\"Universidad de O'Higgins\",\"image\":{\"@type\":\"ImageObject\",\"inLanguage\":\"es-CL\",\"@id\":\"https:\/\/www.uoh.cl\/salud-mental\/#\/schema\/person\/image\/\",\"url\":\"https:\/\/secure.gravatar.com\/avatar\/78fcb76ca05efae11fd355943c01a832a29786cc00d85b1a82c301bea2b2a214?s=96&d=mm&r=g\",\"contentUrl\":\"https:\/\/secure.gravatar.com\/avatar\/78fcb76ca05efae11fd355943c01a832a29786cc00d85b1a82c301bea2b2a214?s=96&d=mm&r=g\",\"caption\":\"Universidad de O'Higgins\"},\"url\":\"https:\/\/www.uoh.cl\/salud-mental\/author\/mayordomo\/\"}]}<\/script>\n<!-- \/ Yoast SEO plugin. -->","yoast_head_json":{"title":"Encendiendo Faros: abrir la puerta al cuidado y la escucha - Direcci\u00f3n de Salud Mental","description":"Hablar de prevenci\u00f3n del suicidio es hablar del cuidado mutuo, confianza y solidaridad en nuestra vida laboral cotidiana.","robots":{"index":"noindex","follow":"nofollow"},"og_locale":"es_ES","og_type":"article","og_title":"Encendiendo Faros: abrir la puerta al cuidado y la escucha - Direcci\u00f3n de Salud Mental","og_description":"Hablar de prevenci\u00f3n del suicidio es hablar del cuidado mutuo, confianza y solidaridad en nuestra vida laboral cotidiana.","og_url":"https:\/\/www.uoh.cl\/salud-mental\/encendiendo-faros-abrir-la-puerta-al-cuidado-y-la-escucha\/","og_site_name":"Direcci\u00f3n de Salud Mental","article_published_time":"2025-09-25T17:54:40+00:00","og_image":[{"width":1500,"height":1000,"url":"https:\/\/www.uoh.cl\/salud-mental\/wp-content\/uploads\/sites\/47\/2025\/09\/Encendiendo-Faros-parte-2-12-1.jpg","type":"image\/jpeg"}],"author":"Universidad de O'Higgins","twitter_card":"summary_large_image","twitter_misc":{"Escrito por":"Universidad de O'Higgins","Tiempo estimado de lectura":"3 minutos"},"schema":{"@context":"https:\/\/schema.org","@graph":[{"@type":"WebPage","@id":"https:\/\/www.uoh.cl\/salud-mental\/encendiendo-faros-abrir-la-puerta-al-cuidado-y-la-escucha\/","url":"https:\/\/www.uoh.cl\/salud-mental\/encendiendo-faros-abrir-la-puerta-al-cuidado-y-la-escucha\/","name":"Encendiendo Faros: abrir la puerta al cuidado y la escucha - Direcci\u00f3n de Salud Mental","isPartOf":{"@id":"https:\/\/www.uoh.cl\/salud-mental\/#website"},"primaryImageOfPage":{"@id":"https:\/\/www.uoh.cl\/salud-mental\/encendiendo-faros-abrir-la-puerta-al-cuidado-y-la-escucha\/#primaryimage"},"image":{"@id":"https:\/\/www.uoh.cl\/salud-mental\/encendiendo-faros-abrir-la-puerta-al-cuidado-y-la-escucha\/#primaryimage"},"thumbnailUrl":"https:\/\/www.uoh.cl\/salud-mental\/wp-content\/uploads\/sites\/47\/2025\/09\/Encendiendo-Faros-parte-2-12-1.jpg","datePublished":"2025-09-25T17:54:40+00:00","author":{"@id":"https:\/\/www.uoh.cl\/salud-mental\/#\/schema\/person\/ea242e676c7d6d7e46fc8b9e39486c4f"},"description":"Hablar de prevenci\u00f3n del suicidio es hablar del cuidado mutuo, confianza y solidaridad en nuestra vida laboral cotidiana.","breadcrumb":{"@id":"https:\/\/www.uoh.cl\/salud-mental\/encendiendo-faros-abrir-la-puerta-al-cuidado-y-la-escucha\/#breadcrumb"},"inLanguage":"es-CL","potentialAction":[{"@type":"ReadAction","target":["https:\/\/www.uoh.cl\/salud-mental\/encendiendo-faros-abrir-la-puerta-al-cuidado-y-la-escucha\/"]}]},{"@type":"ImageObject","inLanguage":"es-CL","@id":"https:\/\/www.uoh.cl\/salud-mental\/encendiendo-faros-abrir-la-puerta-al-cuidado-y-la-escucha\/#primaryimage","url":"https:\/\/www.uoh.cl\/salud-mental\/wp-content\/uploads\/sites\/47\/2025\/09\/Encendiendo-Faros-parte-2-12-1.jpg","contentUrl":"https:\/\/www.uoh.cl\/salud-mental\/wp-content\/uploads\/sites\/47\/2025\/09\/Encendiendo-Faros-parte-2-12-1.jpg","width":1500,"height":1000},{"@type":"BreadcrumbList","@id":"https:\/\/www.uoh.cl\/salud-mental\/encendiendo-faros-abrir-la-puerta-al-cuidado-y-la-escucha\/#breadcrumb","itemListElement":[{"@type":"ListItem","position":1,"name":"Portada","item":"https:\/\/www.uoh.cl\/salud-mental\/"},{"@type":"ListItem","position":2,"name":"Encendiendo Faros: abrir la puerta al cuidado y la escucha"}]},{"@type":"WebSite","@id":"https:\/\/www.uoh.cl\/salud-mental\/#website","url":"https:\/\/www.uoh.cl\/salud-mental\/","name":"Direcci\u00f3n de Salud Mental","description":"","potentialAction":[{"@type":"SearchAction","target":{"@type":"EntryPoint","urlTemplate":"https:\/\/www.uoh.cl\/salud-mental\/?s={search_term_string}"},"query-input":{"@type":"PropertyValueSpecification","valueRequired":true,"valueName":"search_term_string"}}],"inLanguage":"es-CL"},{"@type":"Person","@id":"https:\/\/www.uoh.cl\/salud-mental\/#\/schema\/person\/ea242e676c7d6d7e46fc8b9e39486c4f","name":"Universidad de O'Higgins","image":{"@type":"ImageObject","inLanguage":"es-CL","@id":"https:\/\/www.uoh.cl\/salud-mental\/#\/schema\/person\/image\/","url":"https:\/\/secure.gravatar.com\/avatar\/78fcb76ca05efae11fd355943c01a832a29786cc00d85b1a82c301bea2b2a214?s=96&d=mm&r=g","contentUrl":"https:\/\/secure.gravatar.com\/avatar\/78fcb76ca05efae11fd355943c01a832a29786cc00d85b1a82c301bea2b2a214?s=96&d=mm&r=g","caption":"Universidad de O'Higgins"},"url":"https:\/\/www.uoh.cl\/salud-mental\/author\/mayordomo\/"}]}},"_links":{"self":[{"href":"https:\/\/www.uoh.cl\/salud-mental\/wp-json\/wp\/v2\/posts\/751","targetHints":{"allow":["GET"]}}],"collection":[{"href":"https:\/\/www.uoh.cl\/salud-mental\/wp-json\/wp\/v2\/posts"}],"about":[{"href":"https:\/\/www.uoh.cl\/salud-mental\/wp-json\/wp\/v2\/types\/post"}],"author":[{"embeddable":true,"href":"https:\/\/www.uoh.cl\/salud-mental\/wp-json\/wp\/v2\/users\/34"}],"replies":[{"embeddable":true,"href":"https:\/\/www.uoh.cl\/salud-mental\/wp-json\/wp\/v2\/comments?post=751"}],"version-history":[{"count":0,"href":"https:\/\/www.uoh.cl\/salud-mental\/wp-json\/wp\/v2\/posts\/751\/revisions"}],"wp:featuredmedia":[{"embeddable":true,"href":"https:\/\/www.uoh.cl\/salud-mental\/wp-json\/wp\/v2\/media\/752"}],"wp:attachment":[{"href":"https:\/\/www.uoh.cl\/salud-mental\/wp-json\/wp\/v2\/media?parent=751"}],"wp:term":[{"taxonomy":"category","embeddable":true,"href":"https:\/\/www.uoh.cl\/salud-mental\/wp-json\/wp\/v2\/categories?post=751"},{"taxonomy":"post_tag","embeddable":true,"href":"https:\/\/www.uoh.cl\/salud-mental\/wp-json\/wp\/v2\/tags?post=751"}],"curies":[{"name":"wp","href":"https:\/\/api.w.org\/{rel}","templated":true}]}}