
{"id":653,"date":"2024-10-29T15:23:03","date_gmt":"2024-10-29T18:23:03","guid":{"rendered":"https:\/\/www.uoh.cl\/salud-mental\/universidad-de-ohiggins-accedera-a-base-de-datos-de-farmacos-para-investigacion\/"},"modified":"2024-10-29T15:23:03","modified_gmt":"2024-10-29T18:23:03","slug":"universidad-de-ohiggins-accedera-a-base-de-datos-de-farmacos-para-investigacion","status":"publish","type":"post","link":"https:\/\/www.uoh.cl\/salud-mental\/universidad-de-ohiggins-accedera-a-base-de-datos-de-farmacos-para-investigacion\/","title":{"rendered":"Universidad de O&#8217;Higgins acceder\u00e1 a base de datos de f\u00e1rmacos para investigaci\u00f3n"},"content":{"rendered":"<div class=\"wpb-content-wrapper\"><p>[vc_section el_class=&#8221;container mx-auto align-items-center circle&#8211;pattern&#8221; css=&#8221;.vc_custom_1648956589196{padding-top: 3rem !important;}&#8221;][vc_row][vc_column]<div class=\"breadcrumb\"><ol itemscope itemtype=\"https:\/\/schema.org\/BreadcrumbList\"><li itemprop=\"itemListElement\" itemscope itemtype=\"https:\/\/schema.org\/ListItem\"><a itemprop=\"item\" href=\"http:\/\/www.uoh.cl\"><span itemprop=\"name\">Inicio<\/span><\/a><meta itemprop=\"position\" content=\"1\" \/><li itemprop=\"itemListElement\" itemscope itemtype=\"https:\/\/schema.org\/ListItem\"><a itemprop=\"item\" href=\"https:\/\/www.uoh.cl\/salud-mental\"><span itemprop=\"name\">Direcci\u00f3n de Salud Mental<\/span><\/a><meta itemprop=\"position\" content=\"2\" \/><li itemprop=\"itemListElement\" itemscope itemtype=\"https:\/\/schema.org\/ListItem\"><a itemprop=\"item\" href=\"https:\/\/www.uoh.cl\/salud-mental\/noticias\/\"><span itemprop=\"name\">Noticias<\/span><\/a><meta itemprop=\"position\" content=\"3\" \/><li itemprop=\"itemListElement\" itemscope itemtype=\"https:\/\/schema.org\/ListItem\"><span itemprop=\"name\">Universidad de O&#8217;Higgins acceder\u00e1 a base de datos de f\u00e1rmacos <\/span><meta itemprop=\"position\" content=\"4\" \/><\/ol><\/div><ul class=\"p-0 list-style-none d-inline-block\"><li class=\"p-0\"><a href=https:\/\/www.uoh.cl\/salud-mental\/category\/salud-mental\/ class=\"px-1 py-2\">Salud Mental<\/a><\/li><\/ul><div class=\"date_publish_post\"> \u25cf Mar 29 de Octubre 2024<\/div><div class=\"uoh_title_component-container\"><h1 class=\"title title--ms d-inline-block title--decorator  big\">Universidad de O&#8217;Higgins acceder\u00e1 a base de datos de f\u00e1rmacos para investigaci\u00f3n<\/h1><\/div>[vc_row_inner el_class=&#8221;border-separator m-0&#8243;][vc_column_inner width=&#8221;2\/3&#8243;]<div class=\"author_wp_class\"> Escrito por <span>Universidad de O'Higgins<\/span><\/div>[\/vc_column_inner][vc_column_inner el_class=&#8221;align-items-end-publish&#8221; width=&#8221;1\/3&#8243;]<div class=\"uoh_social_network_component uoh_row col-12 justify-content-end m-0 p-0\"> <div class=\"icon__facebook-share-button\">\n                       <a href=\"https:\/\/www.facebook.com\/sharer\/sharer.php?u=https:\/\/www.uoh.cl\/salud-mental\/universidad-de-ohiggins-accedera-a-base-de-datos-de-farmacos-para-investigacion\/\" target=\"_blank\"> <div class=\"icon__facebook-svg\"><svg version=\"1.1\" xmlns=\"http:\/\/www.w3.org\/2000\/svg\" xmlns:xlink=\"http:\/\/www.w3.org\/1999\/xlink\" x=\"0px\" y=\"0px\" width=\"22.4px\" height=\"48.3px\" viewBox=\"0 0 22.4 48.3\" style=\"overflow:visible;enable-background:new 0 0 22.4 48.3;\" xml:space=\"preserve\">\n                <defs>\n                <\/defs>\n                <path class=\"st0\" d=\"M22.4,15.6h-7.6v-5c0-1.9,1.2-2.3,2.1-2.3c0.9,0,5.4,0,5.4,0V0l-7.4,0C6.6,0,4.8,6.2,4.8,10.1v5.5H0v8.5h4.8\n                    c0,10.9,0,24.1,0,24.1h10c0,0,0-13.3,0-24.1h6.8L22.4,15.6z\"><\/path>\n                <\/svg><\/a><\/div>\n                    <\/div><div class=\"icon__twitter-share-button\">\n                        <div class=\"icon__twitter-svg\"><a target=\"_blank\" href=\"http:\/\/twitter.com\/share?url=https:\/\/www.uoh.cl\/salud-mental\/universidad-de-ohiggins-accedera-a-base-de-datos-de-farmacos-para-investigacion\/\"><svg xmlns=\"http:\/\/www.w3.org\/2000\/svg\" height=\"1em\" viewBox=\"0 0 512 512\"><!--! Font Awesome Free 6.4.2 by @fontawesome - https:\/\/fontawesome.com License - https:\/\/fontawesome.com\/license (Commercial License) Copyright 2023 Fonticons, Inc. --><path d=\"M389.2 48h70.6L305.6 224.2 487 464H345L233.7 318.6 106.5 464H35.8L200.7 275.5 26.8 48H172.4L272.9 180.9 389.2 48zM364.4 421.8h39.1L151.1 88h-42L364.4 421.8z\"\/><\/svg><\/a><\/div>\n                        <\/div><div class=\"icon__linkedin-share-button\">\n                        <div class=\"icon__linkedin-svg\">\n                        <a target=\"__blank\" href=\"https:\/\/www.linkedin.com\/sharing\/share-offsite\/?url=https:\/\/www.uoh.cl\/salud-mental\/universidad-de-ohiggins-accedera-a-base-de-datos-de-farmacos-para-investigacion\/\"><svg enable-background=\"new 0 0 100 100\" height=\"100px\" id=\"Layer_1\" version=\"1.1\" viewBox=\"0 0 100 100\" width=\"100px\" xml:space=\"preserve\" xmlns=\"http:\/\/www.w3.org\/2000\/svg\" xmlns:xlink=\"http:\/\/www.w3.org\/1999\/xlink\"><g><circle cx=\"50\" cy=\"50\" fill=\"#ccc\" r=\"45\"\/><g id=\"LinkedIn_1_\"><rect fill=\"#FFFFFF\" height=\"24.361\" width=\"7.69\" x=\"31.271\" y=\"43.569\"\/><path d=\"M59.968,43.334c-4.406,0-7.165,2.387-7.677,4.058v-3.823h-8.636c0.109,2.03,0,24.361,0,24.361h8.636    V54.748c0-0.733-0.034-1.465,0.19-1.991c0.594-1.464,1.869-2.985,4.162-2.985c2.998,0,4.361,2.253,4.361,5.552V67.93h8.721V54.384    C69.726,46.839,65.432,43.334,59.968,43.334z\" fill=\"#FFFFFF\"\/><path d=\"M34.973,32.069c-2.839,0-4.696,1.823-4.696,4.229c0,2.361,1.804,4.224,4.589,4.224h0.054    c2.891,0,4.69-1.869,4.69-4.229C39.555,33.888,37.81,32.069,34.973,32.069z\" fill=\"#FFFFFF\"\/><\/g><\/g><\/svg><\/a><\/div>\n\n            <\/div><\/div>[\/vc_column_inner][\/vc_row_inner][vc_single_image image=&#8221;41772&#8243; img_size=&#8221;full&#8221; add_caption=&#8221;yes&#8221; alignment=&#8221;center&#8221; onclick=&#8221;img_link_large&#8221; img_link_target=&#8221;_blank&#8221; css=&#8221;&#8221;][vc_column_text]\u00a0[\/vc_column_text][vc_column_text css=&#8221;&#8221;]<\/p>\n<ul>\n<li style=\"font-weight: 400\"><em>La colaboraci\u00f3n permitir\u00e1 a las entidades agrupadas en la Red de Salud Digital obtener informaci\u00f3n sobre los medicamentos usados en Chile, la que ser\u00e1 utilizada en diversos sistemas y prototipos que desarrollen acad\u00e9micos desde Arica a Magallanes.<\/em><\/li>\n<\/ul>\n<p>[\/vc_column_text][vc_column_text]\u00a0[\/vc_column_text][vc_column_text css=&#8221;&#8221;]<\/p>\n<p style=\"font-weight: 400\">La <a href=\"https:\/\/www.rsdue.cl\/\" target=\"_blank\" rel=\"noopener\">Red de Salud Digital de Universidades del Estado<\/a> (RSDUE) y la compa\u00f1\u00eda tecnol\u00f3gica Vidal Vademecum (parte de Vidal Group) firmaron un acuerdo de colaboraci\u00f3n que permitir\u00e1 a especialistas de catorce casas de estudio nacionales, distribuidas desde la Regi\u00f3n de Arica y Parinacota hasta Magallanes, acceder gratuitamente y de forma exclusiva a la base de datos de f\u00e1rmacos utilizada en Chile.<\/p>\n<p style=\"font-weight: 400\">La informaci\u00f3n tendr\u00e1 una gran importancia para el desarrollo de prototipos de productos y servicios que est\u00e1n llevando adelante grupos de investigaci\u00f3n y desarrollo que operan en esta alianza, que es apoyada por un programa de fortalecimiento de las instituciones del Ministerio de Educaci\u00f3n. Desde\u00a0la instituci\u00f3n valoraron las oportunidades que se abren para el dise\u00f1o de soluciones con fines acad\u00e9micos a partir de estos datos.<\/p>\n<p style=\"font-weight: 400\">El prop\u00f3sito de la Red es avanzar en competencias en tecnolog\u00edas de informaci\u00f3n en salud, preparando a las universidades locales para formar el capital humano avanzado que requiere la transformaci\u00f3n digital del sistema sanitario. Se estima que a nivel pa\u00eds el d\u00e9ficit de profesionales y t\u00e9cnicos destinados a operar los nuevos sistemas podr\u00eda alcanzar hasta 15 mil personas, dependiendo de su nivel de avance.<\/p>\n<p style=\"font-weight: 400\">\u201cEs un acuerdo de colaboraci\u00f3n muy importante para el trabajo que estamos realizando, ya que Vidal Vademecum es el principal proveedor de informaci\u00f3n cl\u00ednica sobre medicamentos en Chile. Esto con el fin de desarrollar los productos y servicios en la Red, y sus distintas instituciones, aportando al desarrollo de la salud digital en Chile y la formaci\u00f3n de especialistas en nuestras universidades\u201d, afirm\u00f3 Roberto Campos, Conector de Procesos de la RSDUE.<\/p>\n<p style=\"font-weight: 400\">Presente en el pa\u00eds desde 2012,\u00a0Vidal\u00a0Vademecum tiene informaci\u00f3n de los principios activos de m\u00e1s de 12 mil medicamentos, basada en las disposiciones de la terminolog\u00eda Farmac\u00e9utica Chilena (TFC). Este documento define el medicamento a partir de sus principios activos, dosis, unidad de dosis y forma farmac\u00e9utica simplificada, y fue desarrollada bajo el est\u00e1ndar Snomed CT.<\/p>\n<p style=\"font-weight: 400\">Olivia Quiroga, directora regional de la empresa europea, y l\u00edder de su operaci\u00f3n en Chile, coment\u00f3 que el inter\u00e9s por participar en los desarrollos de la Red y la formaci\u00f3n de especialistas en salud digital en las universidades locales radica en la necesidad de contar con una masa cr\u00edtica mejor preparada, de manera de contribuir al cierre de brechas del ecosistema chileno, entre ellos la estandarizaci\u00f3n de los datos.<\/p>\n<p style=\"font-weight: 400\">\u201cConocemos el proyecto de la Red y tambi\u00e9n sabemos que en Chile falta mucho por hacer en el desarrollo de capital humano en este tema. Lo que se est\u00e1 haciendo es generar personal de salud con conocimiento inform\u00e1tico. Aunque en Chile la inform\u00e1tica ha entrado muy fuerte, a\u00fan hay pocos centros de salud con esta visi\u00f3n. En Am\u00e9rica Latina, la entidad m\u00e1s conocida es el Hospital Italiano de Buenos Aires, Argentina, que lo viene haciendo por muchos a\u00f1os, pero es importante que en Chile, con su idiosincrasia propia, tambi\u00e9n pueda desarrollarlo\u201d, dijo la representante de la empresa.<\/p>\n<p style=\"font-weight: 400\">La colaboraci\u00f3n establece compromisos mutuos: por una parte, Vidal Vademecum ceder\u00e1 de forma exclusiva y gratuita el acceso a sus bases de datos para el desarrollo de productos y servicios en las universidades; mientras que las casas de estudio difundir\u00e1n sin costo la informaci\u00f3n indexada, promocionando en la comunidad acad\u00e9mica el trabajo de la compa\u00f1\u00eda espa\u00f1ola y su aporte a las innovaciones que se vayan generando a partir de la alianza.<\/p>\n<h4 style=\"font-weight: 400\"><strong>El valor de los datos<\/strong><\/h4>\n<p style=\"font-weight: 400\">Actualmente, grupos de especialistas de la Red de Salud Digital de Universidades del Estado trabajan en varias iniciativas que se est\u00e1n implementando como pilotos en entidades desde Arica a Magallanes, y para las cuales el acceso a los datos cedidos por Vidal Vademecum podr\u00eda ser un elemento de alta relevancia.<\/p>\n<p style=\"font-weight: 400\">Uno de ellos es un software para simulaci\u00f3n cl\u00ednica, que se desarrollar\u00e1 junto a la Universidad de Talca, y cuyo desaf\u00edo es consolidarse como un gestor de casos cl\u00ednicos para analizar y almacenar informaci\u00f3n que ser\u00e1 compartida y recopilada por varias casas de estudio. La implementaci\u00f3n piloto se realizar\u00e1 en las universidades de Talca, B\u00edo B\u00edo y\u00a0Universidad\u00a0de Chile.<\/p>\n<p style=\"font-weight: 400\">Del mismo modo, se avanza en el inicio de un registro cl\u00ednico que conectar\u00e1 a los centros de salud y unidades afines de todos los planteles de la Red, y que ser\u00e1 inicialmente adoptado por las universidades Arturo Prat y de O\u2019Higgins. El acuerdo con Vidal Vadem\u00e9cum tendr\u00e1 un rol fundamental en esta iniciativa.<\/p>\n<p style=\"font-weight: 400\">El desarrollo, cuyos potenciales beneficiarios podr\u00edan superar los cien mil estudiantes,\u00a0permitir\u00e1 migrar desde el uso de papel en que, hasta ahora, se gestionaban las atenciones en dichos espacios; a un repositorio digital centralizado que compartir\u00e1 datos con fines sanitarios y acad\u00e9micos entre las entidades.<\/p>\n<p style=\"font-weight: 400\">Alonso Carvajal, quien se desempe\u00f1a como analista de datos de la Red y es coordinador del proyecto, explic\u00f3 que los registros cl\u00ednicos que actualmente funcionan en Chile evidencian importantes brechas digitales en materia de la gesti\u00f3n de los medicamentos. Esto implica que la informaci\u00f3n sobre prescripciones, historial m\u00e9dico relacionado y dispensaciones farmac\u00e9uticas se realizan usando formatos y vocabularios diversos, incluyendo t\u00e9rminos propios de cada instituci\u00f3n, acr\u00f3nimos y hasta vocabularios terminol\u00f3gicos estandarizados de manera parcial, por ejemplo SNOMED CT, lo que complica la interoperabilidad de los datos.<\/p>\n<p style=\"font-weight: 400\">\u201cClaramente esto conlleva errores y afecta la homogeneizaci\u00f3n de estos en los registros. Por eso, una de las caracter\u00edsticas que quisimos integrar fue que todos los profesionales que usen el registro solo puedan insertar el nombre de un medicamento con la nomenclatura predefinida de lo que hoy se comercializa en Chile, gracias a las herramientas que nos ha proporcionado Vidal Vademecum\u201d.<\/p>\n<p style=\"font-weight: 400\">La firma espa\u00f1ola dispone de bases de datos farmacol\u00f3gicas en varios pa\u00edses del mundo, entre ellos Chile. La gesti\u00f3n de este repositorio considera una actualizaci\u00f3n mensual que toma como referencia todo lo que se disponibiliza en las farmacias locales y tambi\u00e9n lo que se importa por parte de estamentos gubernamentales, y que luego se distribuyen en hospitales o cualquier dependencia sanitaria p\u00fablica.<\/p>\n<p style=\"font-weight: 400\">Carvajal agreg\u00f3 que lograron integrar estos datos a modo de prototipo en el registro que conectar\u00e1 a los centros de salud universitarios y unidades afines. Por ejemplo, en la Universidad Arturo Prat el registro estar\u00e1 integrado al centro que gestionan desde la Facultad de Ciencias de la Salud, que tiene seis carreras: kinesiolog\u00eda, enfermer\u00eda, psicolog\u00eda, odontolog\u00eda, enfermer\u00eda y qu\u00edmica y farmacia. En dicho centro, las especialidades son\u00a0psicolog\u00eda, trabajo social, nutrici\u00f3n, matroner\u00eda y medicina\u00a0general, donde adem\u00e1s se prescriben recetas m\u00e9dicas.<\/p>\n<p style=\"font-weight: 400\">Mientras, en la <a href=\"https:\/\/www.uoh.cl\/\" target=\"_blank\" rel=\"noopener\">Universidad de O\u2019Higgins<\/a>, el proyecto ser\u00e1 parte de una unidad de salud interna que es transversal a distintas escuelas, espec\u00edficamente para el \u00e1rea de salud mental. La implementaci\u00f3n de un repositorio digital para la atenci\u00f3n presencial y remota de las y los estudiantes desde la Direcci\u00f3n de Salud Mental podr\u00eda tambi\u00e9n tener beneficios al nivel de consultas en otras \u00e1reas.<\/p>\n<p style=\"font-weight: 400\">El registro cl\u00ednico electr\u00f3nico \u2013 un documento en formato digital de los datos de salud propios de un paciente\u2013 permitir\u00e1 almacenar diagn\u00f3sticos, resultados de ex\u00e1menes de laboratorio, condiciones m\u00e9dicas, su historial familiar y los antecedentes de cada prestaci\u00f3n. Un foco importante del proyecto es la gesti\u00f3n del agendamiento de citas, un gran problema que tienen estos centros. Ahora, a trav\u00e9s del software, un alumno puede agendar directamente una cita, lo que es gestionado por los responsables de cada universidad.<\/p>\n<p style=\"font-weight: 400\">Las principales caracter\u00edsticas del proyecto es que se desarroll\u00f3 bajo c\u00f3digo abierto (con lo cual los distintos actores pueden adaptarlo a sus propios requerimientos); escalable y multidisciplinario, pensando en integrar en fases posteriores a m\u00e1s especialidades; colaborativo, en relaci\u00f3n a la posibilidad de compartir datos y aprendizajes entre instituciones; y su car\u00e1cter de bien p\u00fablico, es decir,\u00a0destinado a beneficiar a todas las universidades del Estado y sus comunidades.<\/p>\n<h4 style=\"font-weight: 400\"><strong>Promoci\u00f3n de la salud digital<\/strong><\/h4>\n<p style=\"font-weight: 400\">A trav\u00e9s de estos hitos y avances, la RSDUE aspira a dar una importante contribuci\u00f3n al ecosistema sanitario local, con miras a su transformaci\u00f3n digital, un proceso que requiere necesariamente cerrar diversas brechas. La m\u00e1s importante de ellas, el d\u00e9ficit de especialistas disponibles en el mercado local en el escenario actual, pero tambi\u00e9n en el mediano y largo plazo.<\/p>\n<p style=\"font-weight: 400\">\u201cEl convenio est\u00e1 constituido para que las universidades puedan tener una experiencia, para sus estudiantes y docentes, que sea beneficiosa para su formaci\u00f3n en salud digital. Por medio de los prototipos que se desarrollan junto a la Red, las distintas comunidades universitarias, en diversas facultades, pueden tener una aproximaci\u00f3n pr\u00e1ctica en torno a desarrollos innovadores, en este caso, la terminolog\u00eda de f\u00e1rmacos, lo que es fundamental para prescribir medicamentos de forma estandarizad, m\u00e1s segura para los pacientes y con menor cantidad de errores\u201d, se\u00f1al\u00f3 Roberto Campos.<\/p>\n<p style=\"font-weight: 400\">Pese a la urgencia de este desaf\u00edo, las casas de estudio p\u00fablicas evidencian un nivel inicial en su madurez para formar a los profesionales y t\u00e9cnicos capaces de implementar y gestionar nuevas tecnolog\u00edas en el sector, seg\u00fan un diagn\u00f3stico de base formulado por la Red. En este contexto, su misi\u00f3n es\u00a0 ayudar a que los planteles locales avancen a la resoluci\u00f3n estructural de esta brecha, optimizando los programas de pregrado y postgrado, as\u00ed como tambi\u00e9n impulsando acciones a nivel interno que se integren a los procesos de formaci\u00f3n.<\/p>\n<p style=\"font-weight: 400\">Para la directora regional de Vidal Vademecum, Olivia Quiroga, la colaboraci\u00f3n que sellaron con las universidades locales podr\u00eda tener importantes r\u00e9ditos futuros para la estandarizaci\u00f3n de procesos relacionados con los medicamentos, que actualmente forma parte de las brechas en la interoperabilidad del sistema sanitario local. \u201cQueremos ayudar a que las cosas funciones mejor, entendiendo que es una forma de educar y cumplir nuestras visi\u00f3n y misi\u00f3n: para aumentar el n\u00famero de personas que pueden vivir m\u00e1s tiempo y con m\u00e1s salud\u201d.<\/p>\n<p>[\/vc_column_text][vc_zigzag color=&#8221;white&#8221;][\/vc_column][\/vc_row][\/vc_section][vc_section css=&#8221;.vc_custom_1650255686594{background-color: #f6faff !important;}&#8221; el_class=&#8221;p-md-0 pt-md-5&#8243;][vc_row el_class=&#8221;container mx-auto align-items-center p-md-0 pt-5 pb-5&#8243;][vc_column el_class=&#8221;pb-5&#8243;][vc_row_inner el_class=&#8221;pb-5&#8243;][vc_column_inner]<div class=\"row m-0 p-0\"><div class=\"col-12 col-md-9 pt-5 pt-md-0\"><h2 class=\"title title--decorator title--ms d-inline-block\">Te Recomendamos<\/h2><\/div><\/div><div class=\"content-holder\"><div class=\"row  swipper-news-list not--activate-hack \"><div class=\"row -wrapper\"><div class=\"  col-sm-6 col-md-4 img-article\">\n                                        <div class=\"content-news-display row m-0 p-0\"><div class=\"holder p-0 \"><div class=\"img-wrap img-wrap-news\">\n                                        <div class=\"caption__news-category\">\n                                        <a href=\"https:\/\/www.uoh.cl\/salud-mental\/category\/salud-mental\/\">\n                                        Salud Mental<\/a><\/div><img decoding=\"async\" class=\"w-100 h-100 lazyload\" data-src=\"https:\/\/www.uoh.cl\/salud-mental\/wp-content\/uploads\/sites\/47\/2026\/05\/Bienvenida-Tutores-Salud-Mental-5.jpg\" alt=\"UOH da bienvenida a tutoras\/es comprometidos con la salud mental y el bienestar universitario\" style=\"--smush-placeholder-width: 1500px; --smush-placeholder-aspect-ratio: 1500\/1000;object-fit: cover; object-position: center;\" src=\"data:image\/svg+xml;base64,PHN2ZyB3aWR0aD0iMSIgaGVpZ2h0PSIxIiB4bWxucz0iaHR0cDovL3d3dy53My5vcmcvMjAwMC9zdmciPjwvc3ZnPg==\"><\/div><\/div><div class=\"caption py-3 caption__news py-md-3 pb-md-5\">\n                                    <span class=\"caption__date\">Viernes 1, Mayo<\/span>\n                                     <a href=\"https:\/\/www.uoh.cl\/salud-mental\/uoh-da-bienvenida-a-tutoras-es-comprometidos-con-la-salud-mental-y-el-bienestar-universitario\/\">\n                                    <h3 class=\"small-space\">UOH da bienvenida a tutoras\/es comprometidos con la salud mental y el bienestar universitario<\/h3><\/a>\n\n                                    <p>La instancia de encuentro, organizada por la Direcci\u00f3n de Salud Mental, busca visibilizar el trabajo permanente que realizan durante el a\u00f1o acad\u00e9mico. <\/p>\n                                    <a class=\"link link--bold mt-md-3\" href=\"https:\/\/www.uoh.cl\/salud-mental\/uoh-da-bienvenida-a-tutoras-es-comprometidos-con-la-salud-mental-y-el-bienestar-universitario\/\">Saber m\u00e1s <span class=\"icon icon--inline icon--link\"><svg version=\"1.1\" xmlns=\"http:\/\/www.w3.org\/2000\/svg\" xmlns:xlink=\"http:\/\/www.w3.org\/1999\/xlink\" x=\"0px\" y=\"0px\" width=\"22px\"height=\"22px\" viewBox=\"0 0 22 22\" style=\"overflow:visible;enable-background:new 0 0 80 64.6;\" xml:space=\"preserve\"><g clip-path=\"url(#acA)\"><path fill-rule=\"evenodd\" d=\"M21.913 11.266a.93.93 0 000-.711c-.022-.056-.063-.097-.091-.144s-.053-.103-.097-.15L12.306.294c-.357-.379-.955-.394-1.334-.038s-.394.955-.038 1.334l7.917 8.374H.927a.95.95 0 00-.908.983.946.946 0 00.908.908h17.924l-8.089 8.552c-.357.379-.341.977.034 1.334s.977.341 1.334-.034l9.594-10.148c.044-.044.063-.1.097-.15.028-.047.069-.088.091-.141z\"\/><\/g><defs><clipPath id=\"acA\"><path fill=\"#fff\" d=\"M0 0h22v22H0z\"\/><\/clipPath><\/defs><\/svg><\/span><\/a><\/div><\/div><\/div><div class=\"  col-sm-6 col-md-4 img-article\">\n                                        <div class=\"content-news-display row m-0 p-0\"><div class=\"holder p-0 \"><div class=\"img-wrap img-wrap-news\">\n                                        <div class=\"caption__news-category\">\n                                        <a href=\"https:\/\/www.uoh.cl\/salud-mental\/category\/institucional\/\">\n                                        Institucional<\/a><\/div><img decoding=\"async\" class=\"w-100 h-100 lazyload\" data-src=\"https:\/\/www.uoh.cl\/salud-mental\/wp-content\/uploads\/sites\/47\/2026\/04\/Inauguracion-Ano-Academico-2026-6.jpg\" alt=\"Reflexi\u00f3n universitaria: UOH inaugura A\u00f1o Acad\u00e9mico 2026 pensando en los desaf\u00edos de la Educaci\u00f3n Superior\" style=\"--smush-placeholder-width: 1500px; --smush-placeholder-aspect-ratio: 1500\/1000;object-fit: cover; object-position: center;\" src=\"data:image\/svg+xml;base64,PHN2ZyB3aWR0aD0iMSIgaGVpZ2h0PSIxIiB4bWxucz0iaHR0cDovL3d3dy53My5vcmcvMjAwMC9zdmciPjwvc3ZnPg==\"><\/div><\/div><div class=\"caption py-3 caption__news py-md-3 pb-md-5\">\n                                    <span class=\"caption__date\">Mi\u00e9rcoles 29, Abril<\/span>\n                                     <a href=\"https:\/\/www.uoh.cl\/salud-mental\/reflexion-universitaria-uoh-inaugura-ano-academico-2026-pensando-en-los-desafios-de-la-educacion-superior\/\">\n                                    <h3 class=\"small-space\">Reflexi\u00f3n universitaria: UOH inaugura A\u00f1o Acad\u00e9mico 2026 pensando en los desaf\u00edos de la Educaci\u00f3n Superior<\/h3><\/a>\n\n                                    <p>La ceremonia promovi\u00f3 el an\u00e1lisis acerca de los cambios educativos que se avecinan dentro de los procesos de formaci\u00f3n universitaria ajustados a contextos digitales.   <\/p>\n                                    <a class=\"link link--bold mt-md-3\" href=\"https:\/\/www.uoh.cl\/salud-mental\/reflexion-universitaria-uoh-inaugura-ano-academico-2026-pensando-en-los-desafios-de-la-educacion-superior\/\">Saber m\u00e1s <span class=\"icon icon--inline icon--link\"><svg version=\"1.1\" xmlns=\"http:\/\/www.w3.org\/2000\/svg\" xmlns:xlink=\"http:\/\/www.w3.org\/1999\/xlink\" x=\"0px\" y=\"0px\" width=\"22px\"height=\"22px\" viewBox=\"0 0 22 22\" style=\"overflow:visible;enable-background:new 0 0 80 64.6;\" xml:space=\"preserve\"><g clip-path=\"url(#acA)\"><path fill-rule=\"evenodd\" d=\"M21.913 11.266a.93.93 0 000-.711c-.022-.056-.063-.097-.091-.144s-.053-.103-.097-.15L12.306.294c-.357-.379-.955-.394-1.334-.038s-.394.955-.038 1.334l7.917 8.374H.927a.95.95 0 00-.908.983.946.946 0 00.908.908h17.924l-8.089 8.552c-.357.379-.341.977.034 1.334s.977.341 1.334-.034l9.594-10.148c.044-.044.063-.1.097-.15.028-.047.069-.088.091-.141z\"\/><\/g><defs><clipPath id=\"acA\"><path fill=\"#fff\" d=\"M0 0h22v22H0z\"\/><\/clipPath><\/defs><\/svg><\/span><\/a><\/div><\/div><\/div><div class=\"  col-sm-6 col-md-4 img-article\">\n                                        <div class=\"content-news-display row m-0 p-0\"><div class=\"holder p-0 \"><div class=\"img-wrap img-wrap-news\">\n                                        <div class=\"caption__news-category\">\n                                        <a href=\"https:\/\/www.uoh.cl\/salud-mental\/category\/salud-mental\/\">\n                                        Salud Mental<\/a><\/div><img decoding=\"async\" class=\"w-100 h-100 lazyload\" data-src=\"https:\/\/www.uoh.cl\/salud-mental\/wp-content\/uploads\/sites\/47\/2026\/04\/\u00bfComo-acompanar-ante-situaciones-impredecibles-Psicologa-de-la-Direccion-de-Salud-Mental-UOH-destaca-validacion-de-emociones-y-solicitar-apoyo.png\" alt=\"\u00bfC\u00f3mo acompa\u00f1ar ante situaciones impredecibles?: Psic\u00f3loga de la Direcci\u00f3n de Salud Mental UOH destaca validaci\u00f3n de emociones y solicitar apoyo\" style=\"--smush-placeholder-width: 1500px; --smush-placeholder-aspect-ratio: 1500\/1000;object-fit: cover; object-position: center;\" src=\"data:image\/svg+xml;base64,PHN2ZyB3aWR0aD0iMSIgaGVpZ2h0PSIxIiB4bWxucz0iaHR0cDovL3d3dy53My5vcmcvMjAwMC9zdmciPjwvc3ZnPg==\"><\/div><\/div><div class=\"caption py-3 caption__news py-md-3 pb-md-5\">\n                                    <span class=\"caption__date\">Martes 21, Abril<\/span>\n                                     <a href=\"https:\/\/www.uoh.cl\/salud-mental\/como-acompanar-ante-situaciones-impredecibles-psicologa-de-la-direccion-de-salud-mental-uoh-destaca-validacion-de-emociones-y-solicitar-apoyo\/\">\n                                    <h3 class=\"small-space\">\u00bfC\u00f3mo acompa\u00f1ar ante situaciones impredecibles?: Psic\u00f3loga de la Direcci\u00f3n de Salud Mental UOH destaca validaci\u00f3n de emociones y solicitar apoyo<\/h3><\/a>\n\n                                    <p>La Universidad de O\u2019Higgins cuenta con distintas instancias para estar presente con estudiantes y la comunidad universitaria ante hechos que afecten su bienestar emocional. <\/p>\n                                    <a class=\"link link--bold mt-md-3\" href=\"https:\/\/www.uoh.cl\/salud-mental\/como-acompanar-ante-situaciones-impredecibles-psicologa-de-la-direccion-de-salud-mental-uoh-destaca-validacion-de-emociones-y-solicitar-apoyo\/\">Saber m\u00e1s <span class=\"icon icon--inline icon--link\"><svg version=\"1.1\" xmlns=\"http:\/\/www.w3.org\/2000\/svg\" xmlns:xlink=\"http:\/\/www.w3.org\/1999\/xlink\" x=\"0px\" y=\"0px\" width=\"22px\"height=\"22px\" viewBox=\"0 0 22 22\" style=\"overflow:visible;enable-background:new 0 0 80 64.6;\" xml:space=\"preserve\"><g clip-path=\"url(#acA)\"><path fill-rule=\"evenodd\" d=\"M21.913 11.266a.93.93 0 000-.711c-.022-.056-.063-.097-.091-.144s-.053-.103-.097-.15L12.306.294c-.357-.379-.955-.394-1.334-.038s-.394.955-.038 1.334l7.917 8.374H.927a.95.95 0 00-.908.983.946.946 0 00.908.908h17.924l-8.089 8.552c-.357.379-.341.977.034 1.334s.977.341 1.334-.034l9.594-10.148c.044-.044.063-.1.097-.15.028-.047.069-.088.091-.141z\"\/><\/g><defs><clipPath id=\"acA\"><path fill=\"#fff\" d=\"M0 0h22v22H0z\"\/><\/clipPath><\/defs><\/svg><\/span><\/a><\/div><\/div><\/div><\/div><\/div><\/div><div class=\"pagination justify-content-center my-5\"><span aria-current=\"page\" class=\"page-numbers current\">1<\/span>\n<a class=\"page-numbers\" href=\"https:\/\/www.uoh.cl\/salud-mental\/wp-json\/wp\/v2\/posts\/653\/\/page\/2\">2<\/a>\n<a class=\"page-numbers\" href=\"https:\/\/www.uoh.cl\/salud-mental\/wp-json\/wp\/v2\/posts\/653\/\/page\/3\">3<\/a>\n<span class=\"page-numbers dots\">&hellip;<\/span>\n<a class=\"page-numbers\" href=\"https:\/\/www.uoh.cl\/salud-mental\/wp-json\/wp\/v2\/posts\/653\/\/page\/14\">14<\/a>\n<a class=\"next page-numbers\" href=\"https:\/\/www.uoh.cl\/salud-mental\/wp-json\/wp\/v2\/posts\/653\/\/page\/2\"><div class=\"icon-pagination-next\"> <?xml version=\"1.0\" ?><svg viewBox=\"0 0 96 96\" xmlns=\"http:\/\/www.w3.org\/2000\/svg\"><title\/><path d=\"M39.3756,48.0022l30.47-25.39a6.0035,6.0035,0,0,0-7.6878-9.223L26.1563,43.3906a6.0092,6.0092,0,0,0,0,9.2231L62.1578,82.615a6.0035,6.0035,0,0,0,7.6878-9.2231Z\"\/><\/svg> <\/div><\/a><\/div>[\/vc_column_inner][\/vc_row_inner][\/vc_column][\/vc_row][\/vc_section]<\/p>\n<\/div>","protected":false},"excerpt":{"rendered":"<p>La colaboraci\u00f3n permitir\u00e1 a las entidades agrupadas en la Red de Salud Digital obtener informaci\u00f3n sobre los medicamentos usados en Chile, la que ser\u00e1 utilizada en diversos sistemas y prototipos que desarrollen acad\u00e9micos desde Arica a Magallanes.<\/p>\n","protected":false},"author":34,"featured_media":654,"comment_status":"open","ping_status":"open","sticky":false,"template":"","format":"standard","meta":{"_acf_changed":false,"footnotes":""},"categories":[15],"tags":[],"class_list":["post-653","post","type-post","status-publish","format-standard","has-post-thumbnail","hentry","category-salud-mental"],"acf":[],"yoast_head":"<!-- This site is optimized with the Yoast SEO plugin v26.6 - https:\/\/yoast.com\/wordpress\/plugins\/seo\/ -->\n<title>Universidad de O&#039;Higgins acceder\u00e1 a base de datos de f\u00e1rmacos para investigaci\u00f3n - Direcci\u00f3n de Salud Mental<\/title>\n<meta name=\"description\" content=\"Un trabajo con gran intensidad, sin pausas y baja planificaci\u00f3n, podr\u00eda provocar m\u00e1s problemas que beneficios.\" \/>\n<meta name=\"robots\" content=\"noindex, nofollow\" \/>\n<meta property=\"og:locale\" content=\"es_ES\" \/>\n<meta property=\"og:type\" content=\"article\" \/>\n<meta property=\"og:title\" content=\"Universidad de O&#039;Higgins acceder\u00e1 a base de datos de f\u00e1rmacos para investigaci\u00f3n - Direcci\u00f3n de Salud Mental\" \/>\n<meta property=\"og:description\" content=\"Un trabajo con gran intensidad, sin pausas y baja planificaci\u00f3n, podr\u00eda provocar m\u00e1s problemas que beneficios.\" \/>\n<meta property=\"og:url\" content=\"https:\/\/www.uoh.cl\/salud-mental\/universidad-de-ohiggins-accedera-a-base-de-datos-de-farmacos-para-investigacion\/\" \/>\n<meta property=\"og:site_name\" content=\"Direcci\u00f3n de Salud Mental\" \/>\n<meta property=\"article:published_time\" content=\"2024-10-29T18:23:03+00:00\" \/>\n<meta property=\"og:image\" content=\"https:\/\/www.uoh.cl\/salud-mental\/wp-content\/uploads\/sites\/47\/2024\/10\/Farmacos-1.jpg\" \/>\n\t<meta property=\"og:image:width\" content=\"1000\" \/>\n\t<meta property=\"og:image:height\" content=\"1000\" \/>\n\t<meta property=\"og:image:type\" content=\"image\/jpeg\" \/>\n<meta name=\"author\" content=\"Universidad de O&#039;Higgins\" \/>\n<meta name=\"twitter:card\" content=\"summary_large_image\" \/>\n<meta name=\"twitter:label1\" content=\"Escrito por\" \/>\n\t<meta name=\"twitter:data1\" content=\"Universidad de O&#039;Higgins\" \/>\n\t<meta name=\"twitter:label2\" content=\"Tiempo estimado de lectura\" \/>\n\t<meta name=\"twitter:data2\" content=\"3 minutos\" \/>\n<script type=\"application\/ld+json\" class=\"yoast-schema-graph\">{\"@context\":\"https:\/\/schema.org\",\"@graph\":[{\"@type\":\"WebPage\",\"@id\":\"https:\/\/www.uoh.cl\/salud-mental\/universidad-de-ohiggins-accedera-a-base-de-datos-de-farmacos-para-investigacion\/\",\"url\":\"https:\/\/www.uoh.cl\/salud-mental\/universidad-de-ohiggins-accedera-a-base-de-datos-de-farmacos-para-investigacion\/\",\"name\":\"Universidad de O'Higgins acceder\u00e1 a base de datos de f\u00e1rmacos para investigaci\u00f3n - Direcci\u00f3n de Salud Mental\",\"isPartOf\":{\"@id\":\"https:\/\/www.uoh.cl\/salud-mental\/#website\"},\"primaryImageOfPage\":{\"@id\":\"https:\/\/www.uoh.cl\/salud-mental\/universidad-de-ohiggins-accedera-a-base-de-datos-de-farmacos-para-investigacion\/#primaryimage\"},\"image\":{\"@id\":\"https:\/\/www.uoh.cl\/salud-mental\/universidad-de-ohiggins-accedera-a-base-de-datos-de-farmacos-para-investigacion\/#primaryimage\"},\"thumbnailUrl\":\"https:\/\/www.uoh.cl\/salud-mental\/wp-content\/uploads\/sites\/47\/2024\/10\/Farmacos-1.jpg\",\"datePublished\":\"2024-10-29T18:23:03+00:00\",\"author\":{\"@id\":\"https:\/\/www.uoh.cl\/salud-mental\/#\/schema\/person\/ea242e676c7d6d7e46fc8b9e39486c4f\"},\"description\":\"Un trabajo con gran intensidad, sin pausas y baja planificaci\u00f3n, podr\u00eda provocar m\u00e1s problemas que beneficios.\",\"breadcrumb\":{\"@id\":\"https:\/\/www.uoh.cl\/salud-mental\/universidad-de-ohiggins-accedera-a-base-de-datos-de-farmacos-para-investigacion\/#breadcrumb\"},\"inLanguage\":\"es-CL\",\"potentialAction\":[{\"@type\":\"ReadAction\",\"target\":[\"https:\/\/www.uoh.cl\/salud-mental\/universidad-de-ohiggins-accedera-a-base-de-datos-de-farmacos-para-investigacion\/\"]}]},{\"@type\":\"ImageObject\",\"inLanguage\":\"es-CL\",\"@id\":\"https:\/\/www.uoh.cl\/salud-mental\/universidad-de-ohiggins-accedera-a-base-de-datos-de-farmacos-para-investigacion\/#primaryimage\",\"url\":\"https:\/\/www.uoh.cl\/salud-mental\/wp-content\/uploads\/sites\/47\/2024\/10\/Farmacos-1.jpg\",\"contentUrl\":\"https:\/\/www.uoh.cl\/salud-mental\/wp-content\/uploads\/sites\/47\/2024\/10\/Farmacos-1.jpg\",\"width\":1000,\"height\":1000},{\"@type\":\"BreadcrumbList\",\"@id\":\"https:\/\/www.uoh.cl\/salud-mental\/universidad-de-ohiggins-accedera-a-base-de-datos-de-farmacos-para-investigacion\/#breadcrumb\",\"itemListElement\":[{\"@type\":\"ListItem\",\"position\":1,\"name\":\"Portada\",\"item\":\"https:\/\/www.uoh.cl\/salud-mental\/\"},{\"@type\":\"ListItem\",\"position\":2,\"name\":\"Universidad de O&#8217;Higgins acceder\u00e1 a base de datos de f\u00e1rmacos para investigaci\u00f3n\"}]},{\"@type\":\"WebSite\",\"@id\":\"https:\/\/www.uoh.cl\/salud-mental\/#website\",\"url\":\"https:\/\/www.uoh.cl\/salud-mental\/\",\"name\":\"Direcci\u00f3n de Salud Mental\",\"description\":\"\",\"potentialAction\":[{\"@type\":\"SearchAction\",\"target\":{\"@type\":\"EntryPoint\",\"urlTemplate\":\"https:\/\/www.uoh.cl\/salud-mental\/?s={search_term_string}\"},\"query-input\":{\"@type\":\"PropertyValueSpecification\",\"valueRequired\":true,\"valueName\":\"search_term_string\"}}],\"inLanguage\":\"es-CL\"},{\"@type\":\"Person\",\"@id\":\"https:\/\/www.uoh.cl\/salud-mental\/#\/schema\/person\/ea242e676c7d6d7e46fc8b9e39486c4f\",\"name\":\"Universidad de O'Higgins\",\"image\":{\"@type\":\"ImageObject\",\"inLanguage\":\"es-CL\",\"@id\":\"https:\/\/www.uoh.cl\/salud-mental\/#\/schema\/person\/image\/\",\"url\":\"https:\/\/secure.gravatar.com\/avatar\/78fcb76ca05efae11fd355943c01a832a29786cc00d85b1a82c301bea2b2a214?s=96&d=mm&r=g\",\"contentUrl\":\"https:\/\/secure.gravatar.com\/avatar\/78fcb76ca05efae11fd355943c01a832a29786cc00d85b1a82c301bea2b2a214?s=96&d=mm&r=g\",\"caption\":\"Universidad de O'Higgins\"},\"url\":\"https:\/\/www.uoh.cl\/salud-mental\/author\/mayordomo\/\"}]}<\/script>\n<!-- \/ Yoast SEO plugin. -->","yoast_head_json":{"title":"Universidad de O'Higgins acceder\u00e1 a base de datos de f\u00e1rmacos para investigaci\u00f3n - Direcci\u00f3n de Salud Mental","description":"Un trabajo con gran intensidad, sin pausas y baja planificaci\u00f3n, podr\u00eda provocar m\u00e1s problemas que beneficios.","robots":{"index":"noindex","follow":"nofollow"},"og_locale":"es_ES","og_type":"article","og_title":"Universidad de O'Higgins acceder\u00e1 a base de datos de f\u00e1rmacos para investigaci\u00f3n - Direcci\u00f3n de Salud Mental","og_description":"Un trabajo con gran intensidad, sin pausas y baja planificaci\u00f3n, podr\u00eda provocar m\u00e1s problemas que beneficios.","og_url":"https:\/\/www.uoh.cl\/salud-mental\/universidad-de-ohiggins-accedera-a-base-de-datos-de-farmacos-para-investigacion\/","og_site_name":"Direcci\u00f3n de Salud Mental","article_published_time":"2024-10-29T18:23:03+00:00","og_image":[{"width":1000,"height":1000,"url":"https:\/\/www.uoh.cl\/salud-mental\/wp-content\/uploads\/sites\/47\/2024\/10\/Farmacos-1.jpg","type":"image\/jpeg"}],"author":"Universidad de O'Higgins","twitter_card":"summary_large_image","twitter_misc":{"Escrito por":"Universidad de O'Higgins","Tiempo estimado de lectura":"3 minutos"},"schema":{"@context":"https:\/\/schema.org","@graph":[{"@type":"WebPage","@id":"https:\/\/www.uoh.cl\/salud-mental\/universidad-de-ohiggins-accedera-a-base-de-datos-de-farmacos-para-investigacion\/","url":"https:\/\/www.uoh.cl\/salud-mental\/universidad-de-ohiggins-accedera-a-base-de-datos-de-farmacos-para-investigacion\/","name":"Universidad de O'Higgins acceder\u00e1 a base de datos de f\u00e1rmacos para investigaci\u00f3n - Direcci\u00f3n de Salud Mental","isPartOf":{"@id":"https:\/\/www.uoh.cl\/salud-mental\/#website"},"primaryImageOfPage":{"@id":"https:\/\/www.uoh.cl\/salud-mental\/universidad-de-ohiggins-accedera-a-base-de-datos-de-farmacos-para-investigacion\/#primaryimage"},"image":{"@id":"https:\/\/www.uoh.cl\/salud-mental\/universidad-de-ohiggins-accedera-a-base-de-datos-de-farmacos-para-investigacion\/#primaryimage"},"thumbnailUrl":"https:\/\/www.uoh.cl\/salud-mental\/wp-content\/uploads\/sites\/47\/2024\/10\/Farmacos-1.jpg","datePublished":"2024-10-29T18:23:03+00:00","author":{"@id":"https:\/\/www.uoh.cl\/salud-mental\/#\/schema\/person\/ea242e676c7d6d7e46fc8b9e39486c4f"},"description":"Un trabajo con gran intensidad, sin pausas y baja planificaci\u00f3n, podr\u00eda provocar m\u00e1s problemas que beneficios.","breadcrumb":{"@id":"https:\/\/www.uoh.cl\/salud-mental\/universidad-de-ohiggins-accedera-a-base-de-datos-de-farmacos-para-investigacion\/#breadcrumb"},"inLanguage":"es-CL","potentialAction":[{"@type":"ReadAction","target":["https:\/\/www.uoh.cl\/salud-mental\/universidad-de-ohiggins-accedera-a-base-de-datos-de-farmacos-para-investigacion\/"]}]},{"@type":"ImageObject","inLanguage":"es-CL","@id":"https:\/\/www.uoh.cl\/salud-mental\/universidad-de-ohiggins-accedera-a-base-de-datos-de-farmacos-para-investigacion\/#primaryimage","url":"https:\/\/www.uoh.cl\/salud-mental\/wp-content\/uploads\/sites\/47\/2024\/10\/Farmacos-1.jpg","contentUrl":"https:\/\/www.uoh.cl\/salud-mental\/wp-content\/uploads\/sites\/47\/2024\/10\/Farmacos-1.jpg","width":1000,"height":1000},{"@type":"BreadcrumbList","@id":"https:\/\/www.uoh.cl\/salud-mental\/universidad-de-ohiggins-accedera-a-base-de-datos-de-farmacos-para-investigacion\/#breadcrumb","itemListElement":[{"@type":"ListItem","position":1,"name":"Portada","item":"https:\/\/www.uoh.cl\/salud-mental\/"},{"@type":"ListItem","position":2,"name":"Universidad de O&#8217;Higgins acceder\u00e1 a base de datos de f\u00e1rmacos para investigaci\u00f3n"}]},{"@type":"WebSite","@id":"https:\/\/www.uoh.cl\/salud-mental\/#website","url":"https:\/\/www.uoh.cl\/salud-mental\/","name":"Direcci\u00f3n de Salud Mental","description":"","potentialAction":[{"@type":"SearchAction","target":{"@type":"EntryPoint","urlTemplate":"https:\/\/www.uoh.cl\/salud-mental\/?s={search_term_string}"},"query-input":{"@type":"PropertyValueSpecification","valueRequired":true,"valueName":"search_term_string"}}],"inLanguage":"es-CL"},{"@type":"Person","@id":"https:\/\/www.uoh.cl\/salud-mental\/#\/schema\/person\/ea242e676c7d6d7e46fc8b9e39486c4f","name":"Universidad de O'Higgins","image":{"@type":"ImageObject","inLanguage":"es-CL","@id":"https:\/\/www.uoh.cl\/salud-mental\/#\/schema\/person\/image\/","url":"https:\/\/secure.gravatar.com\/avatar\/78fcb76ca05efae11fd355943c01a832a29786cc00d85b1a82c301bea2b2a214?s=96&d=mm&r=g","contentUrl":"https:\/\/secure.gravatar.com\/avatar\/78fcb76ca05efae11fd355943c01a832a29786cc00d85b1a82c301bea2b2a214?s=96&d=mm&r=g","caption":"Universidad de O'Higgins"},"url":"https:\/\/www.uoh.cl\/salud-mental\/author\/mayordomo\/"}]}},"_links":{"self":[{"href":"https:\/\/www.uoh.cl\/salud-mental\/wp-json\/wp\/v2\/posts\/653","targetHints":{"allow":["GET"]}}],"collection":[{"href":"https:\/\/www.uoh.cl\/salud-mental\/wp-json\/wp\/v2\/posts"}],"about":[{"href":"https:\/\/www.uoh.cl\/salud-mental\/wp-json\/wp\/v2\/types\/post"}],"author":[{"embeddable":true,"href":"https:\/\/www.uoh.cl\/salud-mental\/wp-json\/wp\/v2\/users\/34"}],"replies":[{"embeddable":true,"href":"https:\/\/www.uoh.cl\/salud-mental\/wp-json\/wp\/v2\/comments?post=653"}],"version-history":[{"count":0,"href":"https:\/\/www.uoh.cl\/salud-mental\/wp-json\/wp\/v2\/posts\/653\/revisions"}],"wp:featuredmedia":[{"embeddable":true,"href":"https:\/\/www.uoh.cl\/salud-mental\/wp-json\/wp\/v2\/media\/654"}],"wp:attachment":[{"href":"https:\/\/www.uoh.cl\/salud-mental\/wp-json\/wp\/v2\/media?parent=653"}],"wp:term":[{"taxonomy":"category","embeddable":true,"href":"https:\/\/www.uoh.cl\/salud-mental\/wp-json\/wp\/v2\/categories?post=653"},{"taxonomy":"post_tag","embeddable":true,"href":"https:\/\/www.uoh.cl\/salud-mental\/wp-json\/wp\/v2\/tags?post=653"}],"curies":[{"name":"wp","href":"https:\/\/api.w.org\/{rel}","templated":true}]}}