
{"id":361,"date":"2025-04-28T09:41:16","date_gmt":"2025-04-28T12:41:16","guid":{"rendered":"https:\/\/www.uoh.cl\/proyectos-mineduc\/2025\/04\/28\/construyendo-cultura-preventiva-ladrillo-a-ladrillo-en-la-uoh\/"},"modified":"2025-04-28T16:09:54","modified_gmt":"2025-04-28T19:09:54","slug":"construyendo-cultura-preventiva-ladrillo-a-ladrillo-en-la-uoh","status":"publish","type":"post","link":"https:\/\/www.uoh.cl\/proyectos-mineduc\/2025\/04\/28\/construyendo-cultura-preventiva-ladrillo-a-ladrillo-en-la-uoh\/","title":{"rendered":"Construyendo cultura preventiva, ladrillo a ladrillo en la UOH"},"content":{"rendered":"<div class=\"wpb-content-wrapper\"><p>[vc_section el_class=&#8221;container mx-auto align-items-center circle&#8211;pattern&#8221; css=&#8221;.vc_custom_1648956589196{padding-top: 3rem !important;}&#8221;][vc_row][vc_column]<div class=\"breadcrumb\"><ol itemscope itemtype=\"https:\/\/schema.org\/BreadcrumbList\"><li itemprop=\"itemListElement\" itemscope itemtype=\"https:\/\/schema.org\/ListItem\"><a itemprop=\"item\" href=\"http:\/\/www.uoh.cl\"><span itemprop=\"name\">Inicio<\/span><\/a><meta itemprop=\"position\" content=\"1\" \/><li itemprop=\"itemListElement\" itemscope itemtype=\"https:\/\/schema.org\/ListItem\"><a itemprop=\"item\" href=\"https:\/\/www.uoh.cl\/proyectos-mineduc\"><span itemprop=\"name\">Proyectos Mineduc<\/span><\/a><meta itemprop=\"position\" content=\"2\" \/><li itemprop=\"itemListElement\" itemscope itemtype=\"https:\/\/schema.org\/ListItem\"><span itemprop=\"name\">Construyendo cultura preventiva, ladrillo a ladrillo en la UOH <\/span><meta itemprop=\"position\" content=\"3\" \/><\/ol><\/div><ul class=\"p-0 list-style-none d-inline-block\"><li class=\"p-0\"><a href=https:\/\/www.uoh.cl\/proyectos-mineduc\/category\/institucional\/ class=\"px-1 py-2\">Institucional<\/a><\/li><\/ul><div class=\"date_publish_post\"> \u25cf Lun 28 de Abril 2025<\/div><div class=\"uoh_title_component-container\"><h1 class=\"title title--ms d-inline-block title--decorator  big\">Construyendo cultura preventiva, ladrillo a ladrillo en la UOH<\/h1><\/div>[vc_row_inner el_class=&#8221;border-separator m-0&#8243;][vc_column_inner width=&#8221;2\/3&#8243;]<div class=\"author_wp_class\"> Escrito por <span>Universidad de O'Higgins<\/span><\/div>[\/vc_column_inner][vc_column_inner el_class=&#8221;align-items-end-publish&#8221; width=&#8221;1\/3&#8243;]<div class=\"uoh_social_network_component uoh_row col-12 justify-content-end m-0 p-0\"> <div class=\"icon__facebook-share-button\">\n                       <a href=\"https:\/\/www.facebook.com\/sharer\/sharer.php?u=https:\/\/www.uoh.cl\/proyectos-mineduc\/2025\/04\/28\/construyendo-cultura-preventiva-ladrillo-a-ladrillo-en-la-uoh\/\" target=\"_blank\"> <div class=\"icon__facebook-svg\"><svg version=\"1.1\" xmlns=\"http:\/\/www.w3.org\/2000\/svg\" xmlns:xlink=\"http:\/\/www.w3.org\/1999\/xlink\" x=\"0px\" y=\"0px\" width=\"22.4px\" height=\"48.3px\" viewBox=\"0 0 22.4 48.3\" style=\"overflow:visible;enable-background:new 0 0 22.4 48.3;\" xml:space=\"preserve\">\n                <defs>\n                <\/defs>\n                <path class=\"st0\" d=\"M22.4,15.6h-7.6v-5c0-1.9,1.2-2.3,2.1-2.3c0.9,0,5.4,0,5.4,0V0l-7.4,0C6.6,0,4.8,6.2,4.8,10.1v5.5H0v8.5h4.8\n                    c0,10.9,0,24.1,0,24.1h10c0,0,0-13.3,0-24.1h6.8L22.4,15.6z\"><\/path>\n                <\/svg><\/a><\/div>\n                    <\/div><div class=\"icon__twitter-share-button\">\n                        <div class=\"icon__twitter-svg\"><a target=\"_blank\" href=\"http:\/\/twitter.com\/share?url=https:\/\/www.uoh.cl\/proyectos-mineduc\/2025\/04\/28\/construyendo-cultura-preventiva-ladrillo-a-ladrillo-en-la-uoh\/\"><svg xmlns=\"http:\/\/www.w3.org\/2000\/svg\" height=\"1em\" viewBox=\"0 0 512 512\"><!--! Font Awesome Free 6.4.2 by @fontawesome - https:\/\/fontawesome.com License - https:\/\/fontawesome.com\/license (Commercial License) Copyright 2023 Fonticons, Inc. --><path d=\"M389.2 48h70.6L305.6 224.2 487 464H345L233.7 318.6 106.5 464H35.8L200.7 275.5 26.8 48H172.4L272.9 180.9 389.2 48zM364.4 421.8h39.1L151.1 88h-42L364.4 421.8z\"\/><\/svg><\/a><\/div>\n                        <\/div><div class=\"icon__linkedin-share-button\">\n                        <div class=\"icon__linkedin-svg\">\n                        <a target=\"__blank\" href=\"https:\/\/www.linkedin.com\/sharing\/share-offsite\/?url=https:\/\/www.uoh.cl\/proyectos-mineduc\/2025\/04\/28\/construyendo-cultura-preventiva-ladrillo-a-ladrillo-en-la-uoh\/\"><svg enable-background=\"new 0 0 100 100\" height=\"100px\" id=\"Layer_1\" version=\"1.1\" viewBox=\"0 0 100 100\" width=\"100px\" xml:space=\"preserve\" xmlns=\"http:\/\/www.w3.org\/2000\/svg\" xmlns:xlink=\"http:\/\/www.w3.org\/1999\/xlink\"><g><circle cx=\"50\" cy=\"50\" fill=\"#ccc\" r=\"45\"\/><g id=\"LinkedIn_1_\"><rect fill=\"#FFFFFF\" height=\"24.361\" width=\"7.69\" x=\"31.271\" y=\"43.569\"\/><path d=\"M59.968,43.334c-4.406,0-7.165,2.387-7.677,4.058v-3.823h-8.636c0.109,2.03,0,24.361,0,24.361h8.636    V54.748c0-0.733-0.034-1.465,0.19-1.991c0.594-1.464,1.869-2.985,4.162-2.985c2.998,0,4.361,2.253,4.361,5.552V67.93h8.721V54.384    C69.726,46.839,65.432,43.334,59.968,43.334z\" fill=\"#FFFFFF\"\/><path d=\"M34.973,32.069c-2.839,0-4.696,1.823-4.696,4.229c0,2.361,1.804,4.224,4.589,4.224h0.054    c2.891,0,4.69-1.869,4.69-4.229C39.555,33.888,37.81,32.069,34.973,32.069z\" fill=\"#FFFFFF\"\/><\/g><\/g><\/svg><\/a><\/div>\n\n            <\/div><\/div>[\/vc_column_inner][\/vc_row_inner][vc_single_image image=&#8221;46188&#8243; img_size=&#8221;full&#8221; add_caption=&#8221;yes&#8221; alignment=&#8221;center&#8221; onclick=&#8221;link_image&#8221; css=&#8221;&#8221;][vc_column_text]\u00a0[\/vc_column_text][vc_column_text css=&#8221;&#8221;]<\/p>\n<ul>\n<li><em>El Comit\u00e9 Paritario de Higiene y Seguridad (CPHyS) del Campus Rancagua celebr\u00f3 el D\u00eda Mundial de la Seguridad y Salud en el Trabajo con una serie de actividades dise\u00f1adas para sensibilizar a la comunidad universitaria sobre la importancia de estas tem\u00e1ticas.<\/em><\/li>\n<\/ul>\n<p>[\/vc_column_text][vc_column_text]\u00a0[\/vc_column_text][vc_column_text css=&#8221;&#8221;]En una jornada marcada por la promoci\u00f3n de la seguridad y el bienestar, el Comit\u00e9 Paritario de Higiene y Seguridad (CPHyS), en conjunto con la Unidad de Bienestar Organizacional de la Direcci\u00f3n de Gesti\u00f3n de Personas, organiz\u00f3 una serie de actividades informativas e interactivas en el Campus Rancagua, con el objetivo de fomentar una cultura preventiva al interior de la Universidad de O\u2019Higgins.<\/p>\n<p>Marisel Cornejo, secretaria del CPHyS en dicho campus, valor\u00f3 la iniciativa como una oportunidad para generar conciencia y promover buenas pr\u00e1cticas en los espacios laborales. \u201cEl objetivo es sensibilizar a nuestra comunidad, invitarla a reflexionar sobre la seguridad y la salud en sus espacios de trabajo. Queremos que m\u00e1s personas se sumen a esta causa, adoptando pr\u00e1cticas seguras y saludables que contribuyan a un entorno laboral m\u00e1s seguro\u201d, se\u00f1al\u00f3.<\/p>\n<p>Durante la jornada, las personas asistentes pudieron conocer el rol y las funciones del Comit\u00e9, as\u00ed como informarse sobre las comisiones que lo integran. La actividad tambi\u00e9n cont\u00f3 con la participaci\u00f3n de la Unidad de Salud Estudiantil de la Direcci\u00f3n de Asuntos Estudiantiles, que ofreci\u00f3 demostraciones pr\u00e1cticas de reanimaci\u00f3n cardiopulmonar (RCP) y primeros auxilios. Asimismo, profesionales del CESFAM N\u00b01 de Rancagua realizaron ex\u00e1menes preventivos gratuitos dirigidos a la comunidad funcionaria.<\/p>\n<p>Como parte de la campa\u00f1a de concientizaci\u00f3n, se distribuyeron materiales preventivos como preservativos, lubricantes y auto-test de VIH, promoviendo el autocuidado y la prevenci\u00f3n de enfermedades de transmisi\u00f3n sexual. Adem\u00e1s, se organiz\u00f3 un concurso con premios donados por miembros de la comunidad universitaria, incentivando la participaci\u00f3n activa y el compromiso con la seguridad y el bienestar.<\/p>\n<p>Marisel Cornejo destac\u00f3 que, tras el positivo impacto de la jornada, esperan repetir esta experiencia cada a\u00f1o. \u201cEs fundamental que todos tomemos conciencia de la importancia de la seguridad y salud en el trabajo. Este tipo de iniciativas nos permite ofrecer herramientas para que, de manera colectiva, logremos un entorno laboral m\u00e1s seguro y saludable\u201d, concluy\u00f3.<\/p>\n<p>El CPHyS continuar\u00e1 desarrollando acciones preventivas durante el a\u00f1o, reforzando su compromiso con el bienestar de la comunidad universitaria y promoviendo entornos laborales m\u00e1s saludables y seguros.[\/vc_column_text][vc_zigzag color=&#8221;white&#8221;][\/vc_column][\/vc_row][\/vc_section][vc_section css=&#8221;.vc_custom_1650255686594{background-color: #f6faff !important;}&#8221; el_class=&#8221;p-md-0 pt-md-5&#8243;][vc_row el_class=&#8221;container mx-auto align-items-center p-md-0 pt-5 pb-5&#8243;][vc_column el_class=&#8221;pb-5&#8243;][vc_row_inner el_class=&#8221;pb-5&#8243;][vc_column_inner]<div class=\"row m-0 p-0\"><div class=\"col-12 col-md-9 pt-5 pt-md-0\"><h2 class=\"title title--decorator title--ms d-inline-block\">Te Recomendamos<\/h2><\/div><\/div><div class=\"content-holder\"><div class=\"row  swipper-news-list not--activate-hack \"><div class=\"row -wrapper\"><div class=\"  col-sm-6 col-md-4 img-article\">\n                                        <div class=\"content-news-display row m-0 p-0\"><div class=\"holder p-0 \"><div class=\"img-wrap img-wrap-news\">\n                                        <div class=\"caption__news-category\">\n                                        <a href=\"https:\/\/www.uoh.cl\/proyectos-mineduc\/category\/institucional\/\">\n                                        Institucional<\/a><\/div><img decoding=\"async\" class=\"w-100 h-100 lazyload\" data-src=\"https:\/\/www.uoh.cl\/proyectos-mineduc\/wp-content\/uploads\/sites\/30\/2026\/01\/Lanzamiento-Acreditacion-UOH-9.jpg\" alt=\"UOH inici\u00f3 Proceso de Autoevaluaci\u00f3n Institucional\" style=\"--smush-placeholder-width: 1500px; --smush-placeholder-aspect-ratio: 1500\/1000;object-fit: cover; object-position: center;\" src=\"data:image\/svg+xml;base64,PHN2ZyB3aWR0aD0iMSIgaGVpZ2h0PSIxIiB4bWxucz0iaHR0cDovL3d3dy53My5vcmcvMjAwMC9zdmciPjwvc3ZnPg==\"><\/div><\/div><div class=\"caption py-3 caption__news py-md-3 pb-md-5\">\n                                    <span class=\"caption__date\">Martes 13, Enero<\/span>\n                                     <a href=\"https:\/\/www.uoh.cl\/proyectos-mineduc\/2026\/01\/13\/uoh-inicio-proceso-de-autoevaluacion-institucional\/\">\n                                    <h3 class=\"small-space\">UOH inici\u00f3 Proceso de Autoevaluaci\u00f3n Institucional<\/h3><\/a>\n\n                                    <p>La ceremonia marca el comienzo de un trabajo estrat\u00e9gico, participativo y de reflexi\u00f3n, orientado a fortalecer el proyecto educativo de la casa de estudios regional.<\/p>\n                                    <a class=\"link link--bold mt-md-3\" href=\"https:\/\/www.uoh.cl\/proyectos-mineduc\/2026\/01\/13\/uoh-inicio-proceso-de-autoevaluacion-institucional\/\">Saber m\u00e1s <span class=\"icon icon--inline icon--link\"><svg version=\"1.1\" xmlns=\"http:\/\/www.w3.org\/2000\/svg\" xmlns:xlink=\"http:\/\/www.w3.org\/1999\/xlink\" x=\"0px\" y=\"0px\" width=\"22px\"height=\"22px\" viewBox=\"0 0 22 22\" style=\"overflow:visible;enable-background:new 0 0 80 64.6;\" xml:space=\"preserve\"><g clip-path=\"url(#acA)\"><path fill-rule=\"evenodd\" d=\"M21.913 11.266a.93.93 0 000-.711c-.022-.056-.063-.097-.091-.144s-.053-.103-.097-.15L12.306.294c-.357-.379-.955-.394-1.334-.038s-.394.955-.038 1.334l7.917 8.374H.927a.95.95 0 00-.908.983.946.946 0 00.908.908h17.924l-8.089 8.552c-.357.379-.341.977.034 1.334s.977.341 1.334-.034l9.594-10.148c.044-.044.063-.1.097-.15.028-.047.069-.088.091-.141z\"\/><\/g><defs><clipPath id=\"acA\"><path fill=\"#fff\" d=\"M0 0h22v22H0z\"\/><\/clipPath><\/defs><\/svg><\/span><\/a><\/div><\/div><\/div><div class=\"  col-sm-6 col-md-4 img-article\">\n                                        <div class=\"content-news-display row m-0 p-0\"><div class=\"holder p-0 \"><div class=\"img-wrap img-wrap-news\">\n                                        <div class=\"caption__news-category\">\n                                        <a href=\"https:\/\/www.uoh.cl\/proyectos-mineduc\/category\/institucional\/\">\n                                        Institucional<\/a><\/div><img decoding=\"async\" class=\"w-100 h-100 lazyload\" data-src=\"https:\/\/www.uoh.cl\/proyectos-mineduc\/wp-content\/uploads\/sites\/30\/2025\/04\/Feria-de-seguridad-1-de-8.jpg\" alt=\"Construyendo cultura preventiva, ladrillo a ladrillo en la UOH\" style=\"--smush-placeholder-width: 1500px; --smush-placeholder-aspect-ratio: 1500\/965;object-fit: cover; object-position: center;\" src=\"data:image\/svg+xml;base64,PHN2ZyB3aWR0aD0iMSIgaGVpZ2h0PSIxIiB4bWxucz0iaHR0cDovL3d3dy53My5vcmcvMjAwMC9zdmciPjwvc3ZnPg==\"><\/div><\/div><div class=\"caption py-3 caption__news py-md-3 pb-md-5\">\n                                    <span class=\"caption__date\">Lunes 28, Abril<\/span>\n                                     <a href=\"https:\/\/www.uoh.cl\/proyectos-mineduc\/2025\/04\/28\/construyendo-cultura-preventiva-ladrillo-a-ladrillo-en-la-uoh\/\">\n                                    <h3 class=\"small-space\">Construyendo cultura preventiva, ladrillo a ladrillo en la UOH<\/h3><\/a>\n\n                                    <p>El Comit\u00e9 Paritario de Higiene y Seguridad (CPHyS) del Campus Rancagua celebr\u00f3 el D\u00eda Mundial de la Seguridad y Salud en el Trabajo con una serie de actividades dise\u00f1adas para sensibilizar a la comunidad universitaria sobre la importancia de estas tem\u00e1ticas.<\/p>\n                                    <a class=\"link link--bold mt-md-3\" href=\"https:\/\/www.uoh.cl\/proyectos-mineduc\/2025\/04\/28\/construyendo-cultura-preventiva-ladrillo-a-ladrillo-en-la-uoh\/\">Saber m\u00e1s <span class=\"icon icon--inline icon--link\"><svg version=\"1.1\" xmlns=\"http:\/\/www.w3.org\/2000\/svg\" xmlns:xlink=\"http:\/\/www.w3.org\/1999\/xlink\" x=\"0px\" y=\"0px\" width=\"22px\"height=\"22px\" viewBox=\"0 0 22 22\" style=\"overflow:visible;enable-background:new 0 0 80 64.6;\" xml:space=\"preserve\"><g clip-path=\"url(#acA)\"><path fill-rule=\"evenodd\" d=\"M21.913 11.266a.93.93 0 000-.711c-.022-.056-.063-.097-.091-.144s-.053-.103-.097-.15L12.306.294c-.357-.379-.955-.394-1.334-.038s-.394.955-.038 1.334l7.917 8.374H.927a.95.95 0 00-.908.983.946.946 0 00.908.908h17.924l-8.089 8.552c-.357.379-.341.977.034 1.334s.977.341 1.334-.034l9.594-10.148c.044-.044.063-.1.097-.15.028-.047.069-.088.091-.141z\"\/><\/g><defs><clipPath id=\"acA\"><path fill=\"#fff\" d=\"M0 0h22v22H0z\"\/><\/clipPath><\/defs><\/svg><\/span><\/a><\/div><\/div><\/div><div class=\"  col-sm-6 col-md-4 img-article\">\n                                        <div class=\"content-news-display row m-0 p-0\"><div class=\"holder p-0 \"><div class=\"img-wrap img-wrap-news\">\n                                        <div class=\"caption__news-category\">\n                                        <a href=\"https:\/\/www.uoh.cl\/proyectos-mineduc\/category\/institucional\/\">\n                                        Institucional<\/a><\/div><img decoding=\"async\" class=\"w-100 h-100 lazyload\" data-src=\"https:\/\/www.uoh.cl\/proyectos-mineduc\/wp-content\/uploads\/sites\/30\/2025\/04\/Calidad-de-vida.jpg\" alt=\"La calidad de vida como eje: UOH fortalece su compromiso con el bienestar y la calidad de vida universitaria\" style=\"--smush-placeholder-width: 1000px; --smush-placeholder-aspect-ratio: 1000\/1000;object-fit: cover; object-position: center;\" src=\"data:image\/svg+xml;base64,PHN2ZyB3aWR0aD0iMSIgaGVpZ2h0PSIxIiB4bWxucz0iaHR0cDovL3d3dy53My5vcmcvMjAwMC9zdmciPjwvc3ZnPg==\"><\/div><\/div><div class=\"caption py-3 caption__news py-md-3 pb-md-5\">\n                                    <span class=\"caption__date\">Lunes 28, Abril<\/span>\n                                     <a href=\"https:\/\/www.uoh.cl\/proyectos-mineduc\/2025\/04\/28\/la-calidad-de-vida-como-eje-uoh-fortalece-su-compromiso-con-el-bienestar-y-la-calidad-de-vida-universitaria\/\">\n                                    <h3 class=\"small-space\">La calidad de vida como eje: UOH fortalece su compromiso con el bienestar y la calidad de vida universitaria<\/h3><\/a>\n\n                                    <p>Nuestra Casa de Estudios ha consolidado una estrategia institucional sostenida para promover el bienestar integral de su comunidad. Desde 2021 ha impulsado proyectos y acciones concretas orientadas a mejorar la convivencia, la salud mental, la conciliaci\u00f3n laboral-personal y el desarrollo de entornos saludables.<\/p>\n                                    <a class=\"link link--bold mt-md-3\" href=\"https:\/\/www.uoh.cl\/proyectos-mineduc\/2025\/04\/28\/la-calidad-de-vida-como-eje-uoh-fortalece-su-compromiso-con-el-bienestar-y-la-calidad-de-vida-universitaria\/\">Saber m\u00e1s <span class=\"icon icon--inline icon--link\"><svg version=\"1.1\" xmlns=\"http:\/\/www.w3.org\/2000\/svg\" xmlns:xlink=\"http:\/\/www.w3.org\/1999\/xlink\" x=\"0px\" y=\"0px\" width=\"22px\"height=\"22px\" viewBox=\"0 0 22 22\" style=\"overflow:visible;enable-background:new 0 0 80 64.6;\" xml:space=\"preserve\"><g clip-path=\"url(#acA)\"><path fill-rule=\"evenodd\" d=\"M21.913 11.266a.93.93 0 000-.711c-.022-.056-.063-.097-.091-.144s-.053-.103-.097-.15L12.306.294c-.357-.379-.955-.394-1.334-.038s-.394.955-.038 1.334l7.917 8.374H.927a.95.95 0 00-.908.983.946.946 0 00.908.908h17.924l-8.089 8.552c-.357.379-.341.977.034 1.334s.977.341 1.334-.034l9.594-10.148c.044-.044.063-.1.097-.15.028-.047.069-.088.091-.141z\"\/><\/g><defs><clipPath id=\"acA\"><path fill=\"#fff\" d=\"M0 0h22v22H0z\"\/><\/clipPath><\/defs><\/svg><\/span><\/a><\/div><\/div><\/div><\/div><\/div><\/div><div class=\"pagination justify-content-center my-5\"><span aria-current=\"page\" class=\"page-numbers current\">1<\/span>\n<a class=\"page-numbers\" href=\"https:\/\/www.uoh.cl\/proyectos-mineduc\/wp-json\/wp\/v2\/posts\/361\/\/page\/2\">2<\/a>\n<a class=\"page-numbers\" href=\"https:\/\/www.uoh.cl\/proyectos-mineduc\/wp-json\/wp\/v2\/posts\/361\/\/page\/3\">3<\/a>\n<span class=\"page-numbers dots\">&hellip;<\/span>\n<a class=\"page-numbers\" href=\"https:\/\/www.uoh.cl\/proyectos-mineduc\/wp-json\/wp\/v2\/posts\/361\/\/page\/6\">6<\/a>\n<a class=\"next page-numbers\" href=\"https:\/\/www.uoh.cl\/proyectos-mineduc\/wp-json\/wp\/v2\/posts\/361\/\/page\/2\"><div class=\"icon-pagination-next\"> <?xml version=\"1.0\" ?><svg viewBox=\"0 0 96 96\" xmlns=\"http:\/\/www.w3.org\/2000\/svg\"><title\/><path d=\"M39.3756,48.0022l30.47-25.39a6.0035,6.0035,0,0,0-7.6878-9.223L26.1563,43.3906a6.0092,6.0092,0,0,0,0,9.2231L62.1578,82.615a6.0035,6.0035,0,0,0,7.6878-9.2231Z\"\/><\/svg> <\/div><\/a><\/div>[\/vc_column_inner][\/vc_row_inner][\/vc_column][\/vc_row][\/vc_section]<\/p>\n<\/div>","protected":false},"excerpt":{"rendered":"<p>El Comit\u00e9 Paritario de Higiene y Seguridad (CPHyS) del Campus Rancagua celebr\u00f3 el D\u00eda Mundial de la Seguridad y Salud en el Trabajo con una serie de actividades dise\u00f1adas para sensibilizar a la comunidad universitaria sobre la importancia de estas tem\u00e1ticas.<\/p>\n","protected":false},"author":34,"featured_media":368,"comment_status":"open","ping_status":"open","sticky":false,"template":"","format":"standard","meta":{"_acf_changed":false,"footnotes":""},"categories":[10],"tags":[],"class_list":["post-361","post","type-post","status-publish","format-standard","has-post-thumbnail","hentry","category-institucional"],"acf":[],"yoast_head":"<!-- This site is optimized with the Yoast SEO plugin v26.6 - https:\/\/yoast.com\/wordpress\/plugins\/seo\/ -->\n<title>Construyendo cultura preventiva, ladrillo a ladrillo en la UOH - Proyectos Mineduc<\/title>\n<meta name=\"description\" content=\"El Comit\u00e9 Paritario de Higiene y Seguridad (CPHyS) del Campus Rancagua celebr\u00f3 el D\u00eda Mundial de la Seguridad y Salud en el Trabajo con una serie de actividades dise\u00f1adas para sensibilizar a la comunidad universitaria sobre la importancia de estas tem\u00e1ticas.\" \/>\n<meta name=\"robots\" content=\"noindex, nofollow\" \/>\n<meta property=\"og:locale\" content=\"es_ES\" \/>\n<meta property=\"og:type\" content=\"article\" \/>\n<meta property=\"og:title\" content=\"Construyendo cultura preventiva, ladrillo a ladrillo en la UOH - Proyectos Mineduc\" \/>\n<meta property=\"og:description\" content=\"El Comit\u00e9 Paritario de Higiene y Seguridad (CPHyS) del Campus Rancagua celebr\u00f3 el D\u00eda Mundial de la Seguridad y Salud en el Trabajo con una serie de actividades dise\u00f1adas para sensibilizar a la comunidad universitaria sobre la importancia de estas tem\u00e1ticas.\" \/>\n<meta property=\"og:url\" content=\"https:\/\/www.uoh.cl\/proyectos-mineduc\/2025\/04\/28\/construyendo-cultura-preventiva-ladrillo-a-ladrillo-en-la-uoh\/\" \/>\n<meta property=\"og:site_name\" content=\"Proyectos Mineduc\" \/>\n<meta property=\"article:published_time\" content=\"2025-04-28T12:41:16+00:00\" \/>\n<meta property=\"article:modified_time\" content=\"2025-04-28T19:09:54+00:00\" \/>\n<meta property=\"og:image\" content=\"https:\/\/www.uoh.cl\/proyectos-mineduc\/wp-content\/uploads\/sites\/30\/2025\/04\/Feria-de-seguridad-1-de-8.jpg\" \/>\n\t<meta property=\"og:image:width\" content=\"1500\" \/>\n\t<meta property=\"og:image:height\" content=\"965\" \/>\n\t<meta property=\"og:image:type\" content=\"image\/jpeg\" \/>\n<meta name=\"author\" content=\"Universidad de O&#039;Higgins\" \/>\n<meta name=\"twitter:card\" content=\"summary_large_image\" \/>\n<meta name=\"twitter:label1\" content=\"Escrito por\" \/>\n\t<meta name=\"twitter:data1\" content=\"Universidad de O&#039;Higgins\" \/>\n\t<meta name=\"twitter:label2\" content=\"Tiempo estimado de lectura\" \/>\n\t<meta name=\"twitter:data2\" content=\"3 minutos\" \/>\n<script type=\"application\/ld+json\" class=\"yoast-schema-graph\">{\"@context\":\"https:\/\/schema.org\",\"@graph\":[{\"@type\":\"WebPage\",\"@id\":\"https:\/\/www.uoh.cl\/proyectos-mineduc\/2025\/04\/28\/construyendo-cultura-preventiva-ladrillo-a-ladrillo-en-la-uoh\/\",\"url\":\"https:\/\/www.uoh.cl\/proyectos-mineduc\/2025\/04\/28\/construyendo-cultura-preventiva-ladrillo-a-ladrillo-en-la-uoh\/\",\"name\":\"Construyendo cultura preventiva, ladrillo a ladrillo en la UOH - Proyectos Mineduc\",\"isPartOf\":{\"@id\":\"https:\/\/www.uoh.cl\/proyectos-mineduc\/#website\"},\"primaryImageOfPage\":{\"@id\":\"https:\/\/www.uoh.cl\/proyectos-mineduc\/2025\/04\/28\/construyendo-cultura-preventiva-ladrillo-a-ladrillo-en-la-uoh\/#primaryimage\"},\"image\":{\"@id\":\"https:\/\/www.uoh.cl\/proyectos-mineduc\/2025\/04\/28\/construyendo-cultura-preventiva-ladrillo-a-ladrillo-en-la-uoh\/#primaryimage\"},\"thumbnailUrl\":\"https:\/\/www.uoh.cl\/proyectos-mineduc\/wp-content\/uploads\/sites\/30\/2025\/04\/Feria-de-seguridad-1-de-8.jpg\",\"datePublished\":\"2025-04-28T12:41:16+00:00\",\"dateModified\":\"2025-04-28T19:09:54+00:00\",\"author\":{\"@id\":\"https:\/\/www.uoh.cl\/proyectos-mineduc\/#\/schema\/person\/ea242e676c7d6d7e46fc8b9e39486c4f\"},\"description\":\"El Comit\u00e9 Paritario de Higiene y Seguridad (CPHyS) del Campus Rancagua celebr\u00f3 el D\u00eda Mundial de la Seguridad y Salud en el Trabajo con una serie de actividades dise\u00f1adas para sensibilizar a la comunidad universitaria sobre la importancia de estas tem\u00e1ticas.\",\"inLanguage\":\"es-CL\",\"potentialAction\":[{\"@type\":\"ReadAction\",\"target\":[\"https:\/\/www.uoh.cl\/proyectos-mineduc\/2025\/04\/28\/construyendo-cultura-preventiva-ladrillo-a-ladrillo-en-la-uoh\/\"]}]},{\"@type\":\"ImageObject\",\"inLanguage\":\"es-CL\",\"@id\":\"https:\/\/www.uoh.cl\/proyectos-mineduc\/2025\/04\/28\/construyendo-cultura-preventiva-ladrillo-a-ladrillo-en-la-uoh\/#primaryimage\",\"url\":\"https:\/\/www.uoh.cl\/proyectos-mineduc\/wp-content\/uploads\/sites\/30\/2025\/04\/Feria-de-seguridad-1-de-8.jpg\",\"contentUrl\":\"https:\/\/www.uoh.cl\/proyectos-mineduc\/wp-content\/uploads\/sites\/30\/2025\/04\/Feria-de-seguridad-1-de-8.jpg\",\"width\":1500,\"height\":965},{\"@type\":\"WebSite\",\"@id\":\"https:\/\/www.uoh.cl\/proyectos-mineduc\/#website\",\"url\":\"https:\/\/www.uoh.cl\/proyectos-mineduc\/\",\"name\":\"Proyectos Mineduc\",\"description\":\"Otro sitio de Sitios de Universidad O'higgins\",\"potentialAction\":[{\"@type\":\"SearchAction\",\"target\":{\"@type\":\"EntryPoint\",\"urlTemplate\":\"https:\/\/www.uoh.cl\/proyectos-mineduc\/?s={search_term_string}\"},\"query-input\":{\"@type\":\"PropertyValueSpecification\",\"valueRequired\":true,\"valueName\":\"search_term_string\"}}],\"inLanguage\":\"es-CL\"},{\"@type\":\"Person\",\"@id\":\"https:\/\/www.uoh.cl\/proyectos-mineduc\/#\/schema\/person\/ea242e676c7d6d7e46fc8b9e39486c4f\",\"name\":\"Universidad de O'Higgins\",\"image\":{\"@type\":\"ImageObject\",\"inLanguage\":\"es-CL\",\"@id\":\"https:\/\/www.uoh.cl\/proyectos-mineduc\/#\/schema\/person\/image\/\",\"url\":\"https:\/\/secure.gravatar.com\/avatar\/78fcb76ca05efae11fd355943c01a832a29786cc00d85b1a82c301bea2b2a214?s=96&d=mm&r=g\",\"contentUrl\":\"https:\/\/secure.gravatar.com\/avatar\/78fcb76ca05efae11fd355943c01a832a29786cc00d85b1a82c301bea2b2a214?s=96&d=mm&r=g\",\"caption\":\"Universidad de O'Higgins\"}}]}<\/script>\n<!-- \/ Yoast SEO plugin. -->","yoast_head_json":{"title":"Construyendo cultura preventiva, ladrillo a ladrillo en la UOH - Proyectos Mineduc","description":"El Comit\u00e9 Paritario de Higiene y Seguridad (CPHyS) del Campus Rancagua celebr\u00f3 el D\u00eda Mundial de la Seguridad y Salud en el Trabajo con una serie de actividades dise\u00f1adas para sensibilizar a la comunidad universitaria sobre la importancia de estas tem\u00e1ticas.","robots":{"index":"noindex","follow":"nofollow"},"og_locale":"es_ES","og_type":"article","og_title":"Construyendo cultura preventiva, ladrillo a ladrillo en la UOH - Proyectos Mineduc","og_description":"El Comit\u00e9 Paritario de Higiene y Seguridad (CPHyS) del Campus Rancagua celebr\u00f3 el D\u00eda Mundial de la Seguridad y Salud en el Trabajo con una serie de actividades dise\u00f1adas para sensibilizar a la comunidad universitaria sobre la importancia de estas tem\u00e1ticas.","og_url":"https:\/\/www.uoh.cl\/proyectos-mineduc\/2025\/04\/28\/construyendo-cultura-preventiva-ladrillo-a-ladrillo-en-la-uoh\/","og_site_name":"Proyectos Mineduc","article_published_time":"2025-04-28T12:41:16+00:00","article_modified_time":"2025-04-28T19:09:54+00:00","og_image":[{"width":1500,"height":965,"url":"https:\/\/www.uoh.cl\/proyectos-mineduc\/wp-content\/uploads\/sites\/30\/2025\/04\/Feria-de-seguridad-1-de-8.jpg","type":"image\/jpeg"}],"author":"Universidad de O'Higgins","twitter_card":"summary_large_image","twitter_misc":{"Escrito por":"Universidad de O'Higgins","Tiempo estimado de lectura":"3 minutos"},"schema":{"@context":"https:\/\/schema.org","@graph":[{"@type":"WebPage","@id":"https:\/\/www.uoh.cl\/proyectos-mineduc\/2025\/04\/28\/construyendo-cultura-preventiva-ladrillo-a-ladrillo-en-la-uoh\/","url":"https:\/\/www.uoh.cl\/proyectos-mineduc\/2025\/04\/28\/construyendo-cultura-preventiva-ladrillo-a-ladrillo-en-la-uoh\/","name":"Construyendo cultura preventiva, ladrillo a ladrillo en la UOH - Proyectos Mineduc","isPartOf":{"@id":"https:\/\/www.uoh.cl\/proyectos-mineduc\/#website"},"primaryImageOfPage":{"@id":"https:\/\/www.uoh.cl\/proyectos-mineduc\/2025\/04\/28\/construyendo-cultura-preventiva-ladrillo-a-ladrillo-en-la-uoh\/#primaryimage"},"image":{"@id":"https:\/\/www.uoh.cl\/proyectos-mineduc\/2025\/04\/28\/construyendo-cultura-preventiva-ladrillo-a-ladrillo-en-la-uoh\/#primaryimage"},"thumbnailUrl":"https:\/\/www.uoh.cl\/proyectos-mineduc\/wp-content\/uploads\/sites\/30\/2025\/04\/Feria-de-seguridad-1-de-8.jpg","datePublished":"2025-04-28T12:41:16+00:00","dateModified":"2025-04-28T19:09:54+00:00","author":{"@id":"https:\/\/www.uoh.cl\/proyectos-mineduc\/#\/schema\/person\/ea242e676c7d6d7e46fc8b9e39486c4f"},"description":"El Comit\u00e9 Paritario de Higiene y Seguridad (CPHyS) del Campus Rancagua celebr\u00f3 el D\u00eda Mundial de la Seguridad y Salud en el Trabajo con una serie de actividades dise\u00f1adas para sensibilizar a la comunidad universitaria sobre la importancia de estas tem\u00e1ticas.","inLanguage":"es-CL","potentialAction":[{"@type":"ReadAction","target":["https:\/\/www.uoh.cl\/proyectos-mineduc\/2025\/04\/28\/construyendo-cultura-preventiva-ladrillo-a-ladrillo-en-la-uoh\/"]}]},{"@type":"ImageObject","inLanguage":"es-CL","@id":"https:\/\/www.uoh.cl\/proyectos-mineduc\/2025\/04\/28\/construyendo-cultura-preventiva-ladrillo-a-ladrillo-en-la-uoh\/#primaryimage","url":"https:\/\/www.uoh.cl\/proyectos-mineduc\/wp-content\/uploads\/sites\/30\/2025\/04\/Feria-de-seguridad-1-de-8.jpg","contentUrl":"https:\/\/www.uoh.cl\/proyectos-mineduc\/wp-content\/uploads\/sites\/30\/2025\/04\/Feria-de-seguridad-1-de-8.jpg","width":1500,"height":965},{"@type":"WebSite","@id":"https:\/\/www.uoh.cl\/proyectos-mineduc\/#website","url":"https:\/\/www.uoh.cl\/proyectos-mineduc\/","name":"Proyectos Mineduc","description":"Otro sitio de Sitios de Universidad O'higgins","potentialAction":[{"@type":"SearchAction","target":{"@type":"EntryPoint","urlTemplate":"https:\/\/www.uoh.cl\/proyectos-mineduc\/?s={search_term_string}"},"query-input":{"@type":"PropertyValueSpecification","valueRequired":true,"valueName":"search_term_string"}}],"inLanguage":"es-CL"},{"@type":"Person","@id":"https:\/\/www.uoh.cl\/proyectos-mineduc\/#\/schema\/person\/ea242e676c7d6d7e46fc8b9e39486c4f","name":"Universidad de O'Higgins","image":{"@type":"ImageObject","inLanguage":"es-CL","@id":"https:\/\/www.uoh.cl\/proyectos-mineduc\/#\/schema\/person\/image\/","url":"https:\/\/secure.gravatar.com\/avatar\/78fcb76ca05efae11fd355943c01a832a29786cc00d85b1a82c301bea2b2a214?s=96&d=mm&r=g","contentUrl":"https:\/\/secure.gravatar.com\/avatar\/78fcb76ca05efae11fd355943c01a832a29786cc00d85b1a82c301bea2b2a214?s=96&d=mm&r=g","caption":"Universidad de O'Higgins"}}]}},"_links":{"self":[{"href":"https:\/\/www.uoh.cl\/proyectos-mineduc\/wp-json\/wp\/v2\/posts\/361","targetHints":{"allow":["GET"]}}],"collection":[{"href":"https:\/\/www.uoh.cl\/proyectos-mineduc\/wp-json\/wp\/v2\/posts"}],"about":[{"href":"https:\/\/www.uoh.cl\/proyectos-mineduc\/wp-json\/wp\/v2\/types\/post"}],"author":[{"embeddable":true,"href":"https:\/\/www.uoh.cl\/proyectos-mineduc\/wp-json\/wp\/v2\/users\/34"}],"replies":[{"embeddable":true,"href":"https:\/\/www.uoh.cl\/proyectos-mineduc\/wp-json\/wp\/v2\/comments?post=361"}],"version-history":[{"count":1,"href":"https:\/\/www.uoh.cl\/proyectos-mineduc\/wp-json\/wp\/v2\/posts\/361\/revisions"}],"predecessor-version":[{"id":366,"href":"https:\/\/www.uoh.cl\/proyectos-mineduc\/wp-json\/wp\/v2\/posts\/361\/revisions\/366"}],"wp:featuredmedia":[{"embeddable":true,"href":"https:\/\/www.uoh.cl\/proyectos-mineduc\/wp-json\/wp\/v2\/media\/368"}],"wp:attachment":[{"href":"https:\/\/www.uoh.cl\/proyectos-mineduc\/wp-json\/wp\/v2\/media?parent=361"}],"wp:term":[{"taxonomy":"category","embeddable":true,"href":"https:\/\/www.uoh.cl\/proyectos-mineduc\/wp-json\/wp\/v2\/categories?post=361"},{"taxonomy":"post_tag","embeddable":true,"href":"https:\/\/www.uoh.cl\/proyectos-mineduc\/wp-json\/wp\/v2\/tags?post=361"}],"curies":[{"name":"wp","href":"https:\/\/api.w.org\/{rel}","templated":true}]}}