
{"id":3625,"date":"2026-09-03T15:30:38","date_gmt":"2026-09-03T18:30:38","guid":{"rendered":"https:\/\/www.uoh.cl\/internacional\/2026\/09\/03\/uoh-consolida-sus-vinculos-con-iberoamerica-a-traves-de-nuevos-intercambios-estudiantiles\/"},"modified":"2026-09-03T15:30:38","modified_gmt":"2026-09-03T18:30:38","slug":"uoh-consolida-sus-vinculos-con-iberoamerica-a-traves-de-nuevos-intercambios-estudiantiles","status":"publish","type":"post","link":"https:\/\/www.uoh.cl\/internacional\/2026\/09\/03\/uoh-consolida-sus-vinculos-con-iberoamerica-a-traves-de-nuevos-intercambios-estudiantiles\/","title":{"rendered":"UOH consolida sus v\u00ednculos con Iberoam\u00e9rica a trav\u00e9s de nuevos intercambios estudiantiles"},"content":{"rendered":"<div class=\"wpb-content-wrapper\"><p>[vc_section el_class=&#8221;container mx-auto align-items-center circle&#8211;pattern&#8221; css=&#8221;.vc_custom_1648956589196{padding-top: 3rem !important;}&#8221;][vc_row][vc_column]<div class=\"breadcrumb\"><ol itemscope itemtype=\"https:\/\/schema.org\/BreadcrumbList\"><li itemprop=\"itemListElement\" itemscope itemtype=\"https:\/\/schema.org\/ListItem\"><a itemprop=\"item\" href=\"http:\/\/www.uoh.cl\"><span itemprop=\"name\">Inicio<\/span><\/a><meta itemprop=\"position\" content=\"1\" \/><li itemprop=\"itemListElement\" itemscope itemtype=\"https:\/\/schema.org\/ListItem\"><a itemprop=\"item\" href=\"https:\/\/www.uoh.cl\/internacional\"><span itemprop=\"name\">Direcci\u00f3n de Internacionalizaci\u00f3n<\/span><\/a><meta itemprop=\"position\" content=\"2\" \/><li itemprop=\"itemListElement\" itemscope itemtype=\"https:\/\/schema.org\/ListItem\"><span itemprop=\"name\">UOH consolida sus v\u00ednculos con Iberoam\u00e9rica a trav\u00e9s de nuevos <\/span><meta itemprop=\"position\" content=\"3\" \/><\/ol><\/div><ul class=\"p-0 list-style-none d-inline-block\"><li class=\"p-0\"><a href=https:\/\/www.uoh.cl\/internacional\/category\/internacionalizacion\/ class=\"px-1 py-2\">Internacionalizaci\u00f3n<\/a><\/li><\/ul><div class=\"date_publish_post\"> \u25cf Jue 03 de Septiembre 2026<\/div><div class=\"uoh_title_component-container\"><h1 class=\"title title--ms d-inline-block title--decorator  big\">UOH consolida sus v\u00ednculos con Iberoam\u00e9rica a trav\u00e9s de nuevos intercambios estudiantiles<\/h1><\/div>[vc_row_inner el_class=&#8221;border-separator m-0&#8243;][vc_column_inner width=&#8221;2\/3&#8243;]<div class=\"author_wp_class\"> Escrito por <span>Universidad de O'Higgins<\/span><\/div>[\/vc_column_inner][vc_column_inner el_class=&#8221;align-items-end-publish&#8221; width=&#8221;1\/3&#8243;]<div class=\"uoh_social_network_component uoh_row col-12 justify-content-end m-0 p-0\"> <div class=\"icon__facebook-share-button\">\n                       <a href=\"https:\/\/www.facebook.com\/sharer\/sharer.php?u=https:\/\/www.uoh.cl\/internacional\/2026\/09\/03\/uoh-consolida-sus-vinculos-con-iberoamerica-a-traves-de-nuevos-intercambios-estudiantiles\/\" target=\"_blank\"> <div class=\"icon__facebook-svg\"><svg version=\"1.1\" xmlns=\"http:\/\/www.w3.org\/2000\/svg\" xmlns:xlink=\"http:\/\/www.w3.org\/1999\/xlink\" x=\"0px\" y=\"0px\" width=\"22.4px\" height=\"48.3px\" viewBox=\"0 0 22.4 48.3\" style=\"overflow:visible;enable-background:new 0 0 22.4 48.3;\" xml:space=\"preserve\">\n                <defs>\n                <\/defs>\n                <path class=\"st0\" d=\"M22.4,15.6h-7.6v-5c0-1.9,1.2-2.3,2.1-2.3c0.9,0,5.4,0,5.4,0V0l-7.4,0C6.6,0,4.8,6.2,4.8,10.1v5.5H0v8.5h4.8\n                    c0,10.9,0,24.1,0,24.1h10c0,0,0-13.3,0-24.1h6.8L22.4,15.6z\"><\/path>\n                <\/svg><\/a><\/div>\n                    <\/div><div class=\"icon__twitter-share-button\">\n                        <div class=\"icon__twitter-svg\"><a target=\"_blank\" href=\"http:\/\/twitter.com\/share?url=https:\/\/www.uoh.cl\/internacional\/2026\/09\/03\/uoh-consolida-sus-vinculos-con-iberoamerica-a-traves-de-nuevos-intercambios-estudiantiles\/\"><svg xmlns=\"http:\/\/www.w3.org\/2000\/svg\" height=\"1em\" viewBox=\"0 0 512 512\"><!--! Font Awesome Free 6.4.2 by @fontawesome - https:\/\/fontawesome.com License - https:\/\/fontawesome.com\/license (Commercial License) Copyright 2023 Fonticons, Inc. --><path d=\"M389.2 48h70.6L305.6 224.2 487 464H345L233.7 318.6 106.5 464H35.8L200.7 275.5 26.8 48H172.4L272.9 180.9 389.2 48zM364.4 421.8h39.1L151.1 88h-42L364.4 421.8z\"\/><\/svg><\/a><\/div>\n                        <\/div><div class=\"icon__linkedin-share-button\">\n                        <div class=\"icon__linkedin-svg\">\n                        <a target=\"__blank\" href=\"https:\/\/www.linkedin.com\/sharing\/share-offsite\/?url=https:\/\/www.uoh.cl\/internacional\/2026\/09\/03\/uoh-consolida-sus-vinculos-con-iberoamerica-a-traves-de-nuevos-intercambios-estudiantiles\/\"><svg enable-background=\"new 0 0 100 100\" height=\"100px\" id=\"Layer_1\" version=\"1.1\" viewBox=\"0 0 100 100\" width=\"100px\" xml:space=\"preserve\" xmlns=\"http:\/\/www.w3.org\/2000\/svg\" xmlns:xlink=\"http:\/\/www.w3.org\/1999\/xlink\"><g><circle cx=\"50\" cy=\"50\" fill=\"#ccc\" r=\"45\"\/><g id=\"LinkedIn_1_\"><rect fill=\"#FFFFFF\" height=\"24.361\" width=\"7.69\" x=\"31.271\" y=\"43.569\"\/><path d=\"M59.968,43.334c-4.406,0-7.165,2.387-7.677,4.058v-3.823h-8.636c0.109,2.03,0,24.361,0,24.361h8.636    V54.748c0-0.733-0.034-1.465,0.19-1.991c0.594-1.464,1.869-2.985,4.162-2.985c2.998,0,4.361,2.253,4.361,5.552V67.93h8.721V54.384    C69.726,46.839,65.432,43.334,59.968,43.334z\" fill=\"#FFFFFF\"\/><path d=\"M34.973,32.069c-2.839,0-4.696,1.823-4.696,4.229c0,2.361,1.804,4.224,4.589,4.224h0.054    c2.891,0,4.69-1.869,4.69-4.229C39.555,33.888,37.81,32.069,34.973,32.069z\" fill=\"#FFFFFF\"\/><\/g><\/g><\/svg><\/a><\/div>\n\n            <\/div><\/div>[\/vc_column_inner][\/vc_row_inner][vc_single_image image=&#8221;80352&#8243; img_size=&#8221;full&#8221; add_caption=&#8221;yes&#8221; alignment=&#8221;center&#8221; onclick=&#8221;img_link_large&#8221; img_link_target=&#8221;_blank&#8221; css=&#8221;&#8221;][vc_column_text]\u00a0[\/vc_column_text][vc_column_text css=&#8221;&#8221;]<em>\u2022 Estudiantes provenientes de Brasil, Argentina y Espa\u00f1a se incorporaron a la Universidad de O\u2019Higgins.<\/em>[\/vc_column_text][vc_column_text]\u00a0[\/vc_column_text][vc_column_text css=&#8221;&#8221;]La <a href=\"http:\/\/www.uoh.cl\/\">Universidad de O\u2019Higgins<\/a> (UOH) dio la bienvenida a un nuevo grupo de estudiantes internacionales que durante el segundo semestre fortalecer\u00e1n su formaci\u00f3n acad\u00e9mica en la casa de estudios estatal de la Regi\u00f3n de O\u2019Higgins. Provenientes de Brasil, Argentina y Espa\u00f1a, las j\u00f3venes se integrar\u00e1n a distintas carreras de pregrado, en una experiencia que busca potenciar no solo sus conocimientos disciplinares, sino tambi\u00e9n el intercambio cultural y la generaci\u00f3n de nuevos v\u00ednculos acad\u00e9micos.<\/p>\n<p>Se trata de Mariana Gabrielly Mesquita, estudiante de Psicolog\u00eda, y Viviane Menezes Rodrigues, de Nutrici\u00f3n y Diet\u00e9tica, ambas provenientes de la Universidade Federal de Mato Grosso, Brasil; Silke Mart\u00ednez, estudiante de Ingenier\u00eda Civil Mec\u00e1nica de la Universidad del Pa\u00eds Vasco\/Euskal Herriko Unibertsitatea, Espa\u00f1a; y Violeta Fuentes, estudiante de Derecho de la Universidad Nacional del Sur, Argentina.<\/p>\n<p>Su llegada forma parte del trabajo que desarrolla la Direcci\u00f3n de Internacionalizaci\u00f3n UOH para fortalecer la movilidad estudiantil y mantener activos los v\u00ednculos establecidos con universidades socias y redes de cooperaci\u00f3n internacional.<\/p>\n<p>La directora de Internacionalizaci\u00f3n UOH, Carla Guti\u00e9rrez, explic\u00f3 que la universidad realiza cada semestre una instancia de inducci\u00f3n y bienvenida para quienes llegan desde otros pa\u00edses. Mientras durante el semestre anterior la movilidad estuvo marcada principalmente por estudiantes de postgrado, en esta oportunidad el grupo est\u00e1 compuesto \u00edntegramente por estudiantes de pregrado.<\/p>\n<p>\u201cNos alegramos mucho de que la relaci\u00f3n con las universidades con las que tenemos convenios o estamos asociados a programas tenga vida y que la Universidad de O\u2019Higgins sea una opci\u00f3n para realizar un semestre de intercambio\u201d, destac\u00f3 Guti\u00e9rrez.[\/vc_column_text][vc_zigzag color=&#8221;white&#8221;][\/vc_column][\/vc_row][vc_row][vc_column width=&#8221;1\/2&#8243;][vc_column_text css=&#8221;&#8221;]Las v\u00edas que hicieron posible la llegada de las cuatro estudiantes reflejan las distintas formas en que la UOH ha ido construyendo su vinculaci\u00f3n internacional. Violeta Fuentes arrib\u00f3 desde la Universidad Nacional del Sur a trav\u00e9s del Programa de Intercambio Acad\u00e9mico Latinoamericano (PILA), mientras que las estudiantes de la Universidade Federal de Mato Grosso se incorporaron a partir de v\u00ednculos de colaboraci\u00f3n acad\u00e9mica e investigaci\u00f3n existentes con la instituci\u00f3n brasile\u00f1a. En tanto, la movilidad desde la Universidad del Pa\u00eds Vasco se concret\u00f3 mediante el convenio vigente entre ambas casas de estudio.<\/p>\n<p>Para Carla Guti\u00e9rrez, estas experiencias tambi\u00e9n dan cuenta de la consolidaci\u00f3n de Iberoam\u00e9rica como un espacio prioritario para la cooperaci\u00f3n de la Universidad. \u201cEstamos poniendo un foco fuerte en Latinoam\u00e9rica, pero Iberoam\u00e9rica es lo que se ha ido fortaleciendo con el tiempo. Con las universidades con las que ya tenemos una relaci\u00f3n como socias, convenios o actividades de investigaci\u00f3n, tambi\u00e9n la movilidad sigue aumentando\u201d, se\u00f1al\u00f3.[\/vc_column_text][\/vc_column][vc_column width=&#8221;1\/2&#8243;][vc_single_image image=&#8221;80353&#8243; img_size=&#8221;700&#215;450&#8243; onclick=&#8221;link_image&#8221; css=&#8221;&#8221;][\/vc_column][\/vc_row][vc_row][vc_column][vc_zigzag color=&#8221;white&#8221;][\/vc_column][\/vc_row][vc_row][vc_column][vc_column_text css=&#8221;&#8221;]La directora agreg\u00f3 que uno de los desaf\u00edos es cuidar y proyectar estas relaciones en el tiempo, \u201cpermitiendo que se traduzcan en nuevas oportunidades tanto para estudiantes internacionales que eligen la UOH como para integrantes de la comunidad universitaria que buscan desarrollar experiencias acad\u00e9micas en el extranjero\u201d.<\/p>\n<h4><strong>Una experiencia acad\u00e9mica y cultural<\/strong><\/h4>\n<p>Para las estudiantes, cursar un semestre en Chile representa tambi\u00e9n la posibilidad de profundizar sus \u00e1reas de inter\u00e9s y establecer redes que puedan proyectarse m\u00e1s all\u00e1 de su estad\u00eda.<\/p>\n<p>Viviane Menezes Rodrigues, estudiante de Nutrici\u00f3n y Diet\u00e9tica de la Universidade Federal de Mato Grosso, explic\u00f3 que una de sus principales motivaciones fue conocer la realidad chilena en \u00e1mbitos vinculados con su formaci\u00f3n. \u201cMe motivaron todas las posibilidades de conocer la cultura alimentaria y c\u00f3mo el pa\u00eds tiene un sistema de sustentabilidad para la producci\u00f3n alimentaria\u201d, coment\u00f3.<\/p>\n<p>Entre sus objetivos tambi\u00e9n se encuentra generar v\u00ednculos acad\u00e9micos que puedan contribuir al desarrollo de su investigaci\u00f3n. \u201cQuiero establecer contactos con estudiantes y profesores de Chile para continuar una fase de mi investigaci\u00f3n en colaboraci\u00f3n con este pa\u00eds y tambi\u00e9n entender un poco m\u00e1s de la cultura y de c\u00f3mo viven las personas ac\u00e1\u201d, agreg\u00f3.<\/p>\n<p>Desde Argentina, Violeta Fuentes encontr\u00f3 en los acuerdos internacionales de su universidad la oportunidad de concretar un inter\u00e9s que ten\u00eda desde antes: estudiar temporalmente en Chile. \u201cQuer\u00eda venir a Chile y cuando vi que mi universidad ten\u00eda convenio con la Universidad de O\u2019Higgins, empec\u00e9 a buscarla y me pareci\u00f3 muy linda, muy novedosa y grande. Ah\u00ed me gust\u00f3 para venir\u201d, relat\u00f3.<\/p>\n<p>La estudiante de Derecho valor\u00f3 especialmente la posibilidad de vincular su intercambio con aspectos pr\u00e1cticos de su formaci\u00f3n. \u201cAlgo que me interesaba mucho hacer ac\u00e1 era la pr\u00e1ctica de mi carrera, as\u00ed que pude hacer la Cl\u00ednica Jur\u00eddica en la Universidad y estuvo muy bueno. Mis expectativas son conocer gente de diferentes pa\u00edses, tambi\u00e9n de Chile, y conocer el pa\u00eds\u201d, sostuvo.<\/p>\n<p>La presencia de estas cuatro estudiantes permitir\u00e1 que las aulas de la UOH se conviertan tambi\u00e9n en espacios de encuentro entre distintas experiencias, culturas y perspectivas. A trav\u00e9s de la movilidad acad\u00e9mica, la Universidad contin\u00faa avanzando en una internacionalizaci\u00f3n que busca generar oportunidades de formaci\u00f3n y colaboraci\u00f3n sostenibles en el tiempo, fortaleciendo especialmente sus v\u00ednculos con instituciones de Latinoam\u00e9rica e Iberoam\u00e9rica.[\/vc_column_text][\/vc_column][\/vc_row][vc_row][vc_column][vc_zigzag color=&#8221;white&#8221;][\/vc_column][\/vc_row][\/vc_section][vc_section css=&#8221;.vc_custom_1650255686594{background-color: #f6faff !important;}&#8221; el_class=&#8221;p-md-0 pt-md-5&#8243;][vc_row el_class=&#8221;container mx-auto align-items-center p-md-0 pt-5 pb-5&#8243;][vc_column el_class=&#8221;pb-5&#8243;][vc_row_inner el_class=&#8221;pb-5&#8243;][vc_column_inner]<div class=\"row m-0 p-0\"><div class=\"col-12 col-md-9 pt-5 pt-md-0\"><h2 class=\"title title--decorator title--ms d-inline-block\">Te Recomendamos<\/h2><\/div><\/div><div class=\"content-holder\"><div class=\"row  swipper-news-list not--activate-hack \"><div class=\"row -wrapper\"><div class=\"  col-sm-6 col-md-4 img-article\">\n                                        <div class=\"content-news-display row m-0 p-0\"><div class=\"holder p-0 \"><div class=\"img-wrap img-wrap-news\">\n                                        <div class=\"caption__news-category\">\n                                        <a href=\"https:\/\/www.uoh.cl\/internacional\/category\/internacionalizacion\/\">\n                                        Internacionalizaci\u00f3n<\/a><\/div><img decoding=\"async\" class=\"w-100 h-100 lazyload\" data-src=\"https:\/\/www.uoh.cl\/internacional\/wp-content\/uploads\/sites\/24\/2026\/09\/UOH-consolida-sus-vinculos-con-Iberoamerica-a-traves-de-nuevos-intercambios-estudiantiles.jpeg\" alt=\"UOH consolida sus v\u00ednculos con Iberoam\u00e9rica a trav\u00e9s de nuevos intercambios estudiantiles\" style=\"--smush-placeholder-width: 1600px; --smush-placeholder-aspect-ratio: 1600\/1200;object-fit: cover; object-position: center;\" src=\"data:image\/svg+xml;base64,PHN2ZyB3aWR0aD0iMSIgaGVpZ2h0PSIxIiB4bWxucz0iaHR0cDovL3d3dy53My5vcmcvMjAwMC9zdmciPjwvc3ZnPg==\"><\/div><\/div><div class=\"caption py-3 caption__news py-md-3 pb-md-5\">\n                                    <span class=\"caption__date\">Jueves 3, Septiembre<\/span>\n                                     <a href=\"https:\/\/www.uoh.cl\/internacional\/2026\/09\/03\/uoh-consolida-sus-vinculos-con-iberoamerica-a-traves-de-nuevos-intercambios-estudiantiles\/\">\n                                    <h3 class=\"small-space\">UOH consolida sus v\u00ednculos con Iberoam\u00e9rica a trav\u00e9s de nuevos intercambios estudiantiles<\/h3><\/a>\n\n                                    <p>Estudiantes provenientes de Brasil, Argentina y Espa\u00f1a se incorporaron a la Universidad de O\u2019Higgins.<\/p>\n                                    <a class=\"link link--bold mt-md-3\" href=\"https:\/\/www.uoh.cl\/internacional\/2026\/09\/03\/uoh-consolida-sus-vinculos-con-iberoamerica-a-traves-de-nuevos-intercambios-estudiantiles\/\">Saber m\u00e1s <span class=\"icon icon--inline icon--link\"><svg version=\"1.1\" xmlns=\"http:\/\/www.w3.org\/2000\/svg\" xmlns:xlink=\"http:\/\/www.w3.org\/1999\/xlink\" x=\"0px\" y=\"0px\" width=\"22px\"height=\"22px\" viewBox=\"0 0 22 22\" style=\"overflow:visible;enable-background:new 0 0 80 64.6;\" xml:space=\"preserve\"><g clip-path=\"url(#acA)\"><path fill-rule=\"evenodd\" d=\"M21.913 11.266a.93.93 0 000-.711c-.022-.056-.063-.097-.091-.144s-.053-.103-.097-.15L12.306.294c-.357-.379-.955-.394-1.334-.038s-.394.955-.038 1.334l7.917 8.374H.927a.95.95 0 00-.908.983.946.946 0 00.908.908h17.924l-8.089 8.552c-.357.379-.341.977.034 1.334s.977.341 1.334-.034l9.594-10.148c.044-.044.063-.1.097-.15.028-.047.069-.088.091-.141z\"\/><\/g><defs><clipPath id=\"acA\"><path fill=\"#fff\" d=\"M0 0h22v22H0z\"\/><\/clipPath><\/defs><\/svg><\/span><\/a><\/div><\/div><\/div><div class=\"  col-sm-6 col-md-4 img-article\">\n                                        <div class=\"content-news-display row m-0 p-0\"><div class=\"holder p-0 \"><div class=\"img-wrap img-wrap-news\">\n                                        <div class=\"caption__news-category\">\n                                        <a href=\"https:\/\/www.uoh.cl\/internacional\/category\/institucional\/\">\n                                        Institucional<\/a><\/div><img decoding=\"async\" class=\"w-100 h-100 lazyload\" data-src=\"https:\/\/www.uoh.cl\/internacional\/wp-content\/uploads\/sites\/24\/2026\/08\/Pukara-2.jpeg\" alt=\"Hist\u00f3rico acuerdo permitir\u00e1 a la UOH proteger y poner en valor el Pukar\u00e1 de La Compa\u00f1\u00eda\" style=\"--smush-placeholder-width: 1600px; --smush-placeholder-aspect-ratio: 1600\/1066;object-fit: cover; object-position: center;\" src=\"data:image\/svg+xml;base64,PHN2ZyB3aWR0aD0iMSIgaGVpZ2h0PSIxIiB4bWxucz0iaHR0cDovL3d3dy53My5vcmcvMjAwMC9zdmciPjwvc3ZnPg==\"><\/div><\/div><div class=\"caption py-3 caption__news py-md-3 pb-md-5\">\n                                    <span class=\"caption__date\">Viernes 28, Agosto<\/span>\n                                     <a href=\"https:\/\/www.uoh.cl\/internacional\/2026\/08\/28\/historico-acuerdo-permitira-a-la-uoh-proteger-y-poner-en-valor-el-pukara-de-la-compania\/\">\n                                    <h3 class=\"small-space\">Hist\u00f3rico acuerdo permitir\u00e1 a la UOH proteger y poner en valor el Pukar\u00e1 de La Compa\u00f1\u00eda<\/h3><\/a>\n\n                                    <p>Acuerdo impulsado por el CDE permitir\u00e1 que uno de los sitios arqueol\u00f3gicos m\u00e1s importantes de Chile quede bajo el resguardo de una universidad estatal y se transforme en un espacio permanente para la investigaci\u00f3n cient\u00edfica, la educaci\u00f3n patrimonial y el desarrollo cultural de la Regi\u00f3n de O\u2019Higgins.<\/p>\n                                    <a class=\"link link--bold mt-md-3\" href=\"https:\/\/www.uoh.cl\/internacional\/2026\/08\/28\/historico-acuerdo-permitira-a-la-uoh-proteger-y-poner-en-valor-el-pukara-de-la-compania\/\">Saber m\u00e1s <span class=\"icon icon--inline icon--link\"><svg version=\"1.1\" xmlns=\"http:\/\/www.w3.org\/2000\/svg\" xmlns:xlink=\"http:\/\/www.w3.org\/1999\/xlink\" x=\"0px\" y=\"0px\" width=\"22px\"height=\"22px\" viewBox=\"0 0 22 22\" style=\"overflow:visible;enable-background:new 0 0 80 64.6;\" xml:space=\"preserve\"><g clip-path=\"url(#acA)\"><path fill-rule=\"evenodd\" d=\"M21.913 11.266a.93.93 0 000-.711c-.022-.056-.063-.097-.091-.144s-.053-.103-.097-.15L12.306.294c-.357-.379-.955-.394-1.334-.038s-.394.955-.038 1.334l7.917 8.374H.927a.95.95 0 00-.908.983.946.946 0 00.908.908h17.924l-8.089 8.552c-.357.379-.341.977.034 1.334s.977.341 1.334-.034l9.594-10.148c.044-.044.063-.1.097-.15.028-.047.069-.088.091-.141z\"\/><\/g><defs><clipPath id=\"acA\"><path fill=\"#fff\" d=\"M0 0h22v22H0z\"\/><\/clipPath><\/defs><\/svg><\/span><\/a><\/div><\/div><\/div><div class=\"  col-sm-6 col-md-4 img-article\">\n                                        <div class=\"content-news-display row m-0 p-0\"><div class=\"holder p-0 \"><div class=\"img-wrap img-wrap-news\">\n                                        <div class=\"caption__news-category\">\n                                        <a href=\"https:\/\/www.uoh.cl\/internacional\/category\/internacionalizacion\/\">\n                                        Internacionalizaci\u00f3n<\/a><\/div><img decoding=\"async\" class=\"w-100 h-100 lazyload\" data-src=\"https:\/\/www.uoh.cl\/internacional\/wp-content\/uploads\/sites\/24\/2026\/08\/4S2A9006-scaled.jpg\" alt=\"UOH fortalece alianza con universidad brasile\u00f1a para impulsar investigaci\u00f3n y movilidad estudiantil\" style=\"--smush-placeholder-width: 2560px; --smush-placeholder-aspect-ratio: 2560\/1707;object-fit: cover; object-position: center;\" src=\"data:image\/svg+xml;base64,PHN2ZyB3aWR0aD0iMSIgaGVpZ2h0PSIxIiB4bWxucz0iaHR0cDovL3d3dy53My5vcmcvMjAwMC9zdmciPjwvc3ZnPg==\"><\/div><\/div><div class=\"caption py-3 caption__news py-md-3 pb-md-5\">\n                                    <span class=\"caption__date\">Lunes 10, Agosto<\/span>\n                                     <a href=\"https:\/\/www.uoh.cl\/internacional\/2026\/08\/10\/uoh-fortalece-alianza-con-universidad-brasilena-para-impulsar-investigacion-y-movilidad-estudiantil\/\">\n                                    <h3 class=\"small-space\">UOH fortalece alianza con universidad brasile\u00f1a para impulsar investigaci\u00f3n y movilidad estudiantil<\/h3><\/a>\n\n                                    <p>Representantes de la Universidade Federal do Maranh\u00e3o sostuvieron reuniones de trabajo con autoridades y acad\u00e9micos de la UOH para consolidar proyectos de investigaci\u00f3n y avanzar en un futuro convenio de intercambio estudiantil.<\/p>\n                                    <a class=\"link link--bold mt-md-3\" href=\"https:\/\/www.uoh.cl\/internacional\/2026\/08\/10\/uoh-fortalece-alianza-con-universidad-brasilena-para-impulsar-investigacion-y-movilidad-estudiantil\/\">Saber m\u00e1s <span class=\"icon icon--inline icon--link\"><svg version=\"1.1\" xmlns=\"http:\/\/www.w3.org\/2000\/svg\" xmlns:xlink=\"http:\/\/www.w3.org\/1999\/xlink\" x=\"0px\" y=\"0px\" width=\"22px\"height=\"22px\" viewBox=\"0 0 22 22\" style=\"overflow:visible;enable-background:new 0 0 80 64.6;\" xml:space=\"preserve\"><g clip-path=\"url(#acA)\"><path fill-rule=\"evenodd\" d=\"M21.913 11.266a.93.93 0 000-.711c-.022-.056-.063-.097-.091-.144s-.053-.103-.097-.15L12.306.294c-.357-.379-.955-.394-1.334-.038s-.394.955-.038 1.334l7.917 8.374H.927a.95.95 0 00-.908.983.946.946 0 00.908.908h17.924l-8.089 8.552c-.357.379-.341.977.034 1.334s.977.341 1.334-.034l9.594-10.148c.044-.044.063-.1.097-.15.028-.047.069-.088.091-.141z\"\/><\/g><defs><clipPath id=\"acA\"><path fill=\"#fff\" d=\"M0 0h22v22H0z\"\/><\/clipPath><\/defs><\/svg><\/span><\/a><\/div><\/div><\/div><\/div><\/div><\/div><div class=\"pagination justify-content-center my-5\"><span aria-current=\"page\" class=\"page-numbers current\">1<\/span>\n<a class=\"page-numbers\" href=\"https:\/\/www.uoh.cl\/internacional\/wp-json\/wp\/v2\/posts\/3625\/\/page\/2\">2<\/a>\n<a class=\"page-numbers\" href=\"https:\/\/www.uoh.cl\/internacional\/wp-json\/wp\/v2\/posts\/3625\/\/page\/3\">3<\/a>\n<span class=\"page-numbers dots\">&hellip;<\/span>\n<a class=\"page-numbers\" href=\"https:\/\/www.uoh.cl\/internacional\/wp-json\/wp\/v2\/posts\/3625\/\/page\/74\">74<\/a>\n<a class=\"next page-numbers\" href=\"https:\/\/www.uoh.cl\/internacional\/wp-json\/wp\/v2\/posts\/3625\/\/page\/2\"><div class=\"icon-pagination-next\"> <?xml version=\"1.0\" ?><svg viewBox=\"0 0 96 96\" xmlns=\"http:\/\/www.w3.org\/2000\/svg\"><title\/><path d=\"M39.3756,48.0022l30.47-25.39a6.0035,6.0035,0,0,0-7.6878-9.223L26.1563,43.3906a6.0092,6.0092,0,0,0,0,9.2231L62.1578,82.615a6.0035,6.0035,0,0,0,7.6878-9.2231Z\"\/><\/svg> <\/div><\/a><\/div>[\/vc_column_inner][\/vc_row_inner][\/vc_column][\/vc_row][\/vc_section]<\/p>\n<\/div>","protected":false},"excerpt":{"rendered":"<p>Estudiantes provenientes de Brasil, Argentina y Espa\u00f1a se incorporaron a la Universidad de O\u2019Higgins.<\/p>\n","protected":false},"author":34,"featured_media":3626,"comment_status":"open","ping_status":"open","sticky":false,"template":"","format":"standard","meta":{"_acf_changed":false,"footnotes":""},"categories":[50],"tags":[],"class_list":["post-3625","post","type-post","status-publish","format-standard","has-post-thumbnail","hentry","category-internacionalizacion"],"acf":[],"yoast_head":"<!-- This site is optimized with the Yoast SEO plugin v28.3 - https:\/\/yoast.com\/product\/yoast-seo-wordpress\/ -->\n<title>UOH consolida sus v\u00ednculos con Iberoam\u00e9rica a trav\u00e9s de nuevos intercambios estudiantiles - Direcci\u00f3n de Internacionalizaci\u00f3n<\/title>\n<meta name=\"description\" content=\"Estudiantes provenientes de Brasil, Argentina y Espa\u00f1a se incorporaron a la Universidad de O\u2019Higgins.\" \/>\n<meta name=\"robots\" content=\"noindex, nofollow\" \/>\n<meta property=\"og:locale\" content=\"es_ES\" \/>\n<meta property=\"og:type\" content=\"article\" \/>\n<meta property=\"og:title\" content=\"UOH consolida sus v\u00ednculos con Iberoam\u00e9rica a trav\u00e9s de nuevos intercambios estudiantiles - Direcci\u00f3n de Internacionalizaci\u00f3n\" \/>\n<meta property=\"og:description\" content=\"Estudiantes provenientes de Brasil, Argentina y Espa\u00f1a se incorporaron a la Universidad de O\u2019Higgins.\" \/>\n<meta property=\"og:url\" content=\"https:\/\/www.uoh.cl\/internacional\/2026\/09\/03\/uoh-consolida-sus-vinculos-con-iberoamerica-a-traves-de-nuevos-intercambios-estudiantiles\/\" \/>\n<meta property=\"og:site_name\" content=\"Direcci\u00f3n de Internacionalizaci\u00f3n\" \/>\n<meta property=\"article:published_time\" content=\"2026-09-03T18:30:38+00:00\" \/>\n<meta property=\"og:image\" content=\"https:\/\/www.uoh.cl\/internacional\/wp-content\/uploads\/sites\/24\/2026\/09\/UOH-consolida-sus-vinculos-con-Iberoamerica-a-traves-de-nuevos-intercambios-estudiantiles.jpeg\" \/>\n\t<meta property=\"og:image:width\" content=\"1600\" \/>\n\t<meta property=\"og:image:height\" content=\"1200\" \/>\n\t<meta property=\"og:image:type\" content=\"image\/jpeg\" \/>\n<meta name=\"author\" content=\"Universidad de O&#039;Higgins\" \/>\n<meta name=\"twitter:card\" content=\"summary_large_image\" \/>\n<meta name=\"twitter:label1\" content=\"Escrito por\" \/>\n\t<meta name=\"twitter:data1\" content=\"Universidad de O&#039;Higgins\" \/>\n\t<meta name=\"twitter:label2\" content=\"Tiempo estimado de lectura\" \/>\n\t<meta name=\"twitter:data2\" content=\"5 minutos\" \/>\n<script type=\"application\/ld+json\" class=\"yoast-schema-graph\">{\"@context\":\"https:\\\/\\\/schema.org\",\"@graph\":[{\"@type\":\"Article\",\"@id\":\"https:\\\/\\\/www.uoh.cl\\\/internacional\\\/2026\\\/09\\\/03\\\/uoh-consolida-sus-vinculos-con-iberoamerica-a-traves-de-nuevos-intercambios-estudiantiles\\\/#article\",\"isPartOf\":{\"@id\":\"https:\\\/\\\/www.uoh.cl\\\/internacional\\\/2026\\\/09\\\/03\\\/uoh-consolida-sus-vinculos-con-iberoamerica-a-traves-de-nuevos-intercambios-estudiantiles\\\/\"},\"author\":{\"name\":\"Universidad de O'Higgins\",\"@id\":\"https:\\\/\\\/www.uoh.cl\\\/internacional\\\/#\\\/schema\\\/person\\\/ea242e676c7d6d7e46fc8b9e39486c4f\"},\"headline\":\"UOH consolida sus v\u00ednculos con Iberoam\u00e9rica a trav\u00e9s de nuevos intercambios estudiantiles\",\"datePublished\":\"2026-09-03T18:30:38+00:00\",\"mainEntityOfPage\":{\"@id\":\"https:\\\/\\\/www.uoh.cl\\\/internacional\\\/2026\\\/09\\\/03\\\/uoh-consolida-sus-vinculos-con-iberoamerica-a-traves-de-nuevos-intercambios-estudiantiles\\\/\"},\"wordCount\":1214,\"commentCount\":0,\"image\":{\"@id\":\"https:\\\/\\\/www.uoh.cl\\\/internacional\\\/2026\\\/09\\\/03\\\/uoh-consolida-sus-vinculos-con-iberoamerica-a-traves-de-nuevos-intercambios-estudiantiles\\\/#primaryimage\"},\"thumbnailUrl\":\"https:\\\/\\\/www.uoh.cl\\\/internacional\\\/wp-content\\\/uploads\\\/sites\\\/24\\\/2026\\\/09\\\/UOH-consolida-sus-vinculos-con-Iberoamerica-a-traves-de-nuevos-intercambios-estudiantiles.jpeg\",\"articleSection\":[\"Internacionalizaci\u00f3n\"],\"inLanguage\":\"es-CL\",\"potentialAction\":[{\"@type\":\"CommentAction\",\"name\":\"Comment\",\"target\":[\"https:\\\/\\\/www.uoh.cl\\\/internacional\\\/2026\\\/09\\\/03\\\/uoh-consolida-sus-vinculos-con-iberoamerica-a-traves-de-nuevos-intercambios-estudiantiles\\\/#respond\"]}]},{\"@type\":\"WebPage\",\"@id\":\"https:\\\/\\\/www.uoh.cl\\\/internacional\\\/2026\\\/09\\\/03\\\/uoh-consolida-sus-vinculos-con-iberoamerica-a-traves-de-nuevos-intercambios-estudiantiles\\\/\",\"url\":\"https:\\\/\\\/www.uoh.cl\\\/internacional\\\/2026\\\/09\\\/03\\\/uoh-consolida-sus-vinculos-con-iberoamerica-a-traves-de-nuevos-intercambios-estudiantiles\\\/\",\"name\":\"UOH consolida sus v\u00ednculos con Iberoam\u00e9rica a trav\u00e9s de nuevos intercambios estudiantiles - Direcci\u00f3n de Internacionalizaci\u00f3n\",\"isPartOf\":{\"@id\":\"https:\\\/\\\/www.uoh.cl\\\/internacional\\\/#website\"},\"primaryImageOfPage\":{\"@id\":\"https:\\\/\\\/www.uoh.cl\\\/internacional\\\/2026\\\/09\\\/03\\\/uoh-consolida-sus-vinculos-con-iberoamerica-a-traves-de-nuevos-intercambios-estudiantiles\\\/#primaryimage\"},\"image\":{\"@id\":\"https:\\\/\\\/www.uoh.cl\\\/internacional\\\/2026\\\/09\\\/03\\\/uoh-consolida-sus-vinculos-con-iberoamerica-a-traves-de-nuevos-intercambios-estudiantiles\\\/#primaryimage\"},\"thumbnailUrl\":\"https:\\\/\\\/www.uoh.cl\\\/internacional\\\/wp-content\\\/uploads\\\/sites\\\/24\\\/2026\\\/09\\\/UOH-consolida-sus-vinculos-con-Iberoamerica-a-traves-de-nuevos-intercambios-estudiantiles.jpeg\",\"datePublished\":\"2026-09-03T18:30:38+00:00\",\"author\":{\"@id\":\"https:\\\/\\\/www.uoh.cl\\\/internacional\\\/#\\\/schema\\\/person\\\/ea242e676c7d6d7e46fc8b9e39486c4f\"},\"description\":\"Estudiantes provenientes de Brasil, Argentina y Espa\u00f1a se incorporaron a la Universidad de O\u2019Higgins.\",\"inLanguage\":\"es-CL\",\"potentialAction\":[{\"@type\":\"ReadAction\",\"target\":[\"https:\\\/\\\/www.uoh.cl\\\/internacional\\\/2026\\\/09\\\/03\\\/uoh-consolida-sus-vinculos-con-iberoamerica-a-traves-de-nuevos-intercambios-estudiantiles\\\/\"]}]},{\"@type\":\"ImageObject\",\"inLanguage\":\"es-CL\",\"@id\":\"https:\\\/\\\/www.uoh.cl\\\/internacional\\\/2026\\\/09\\\/03\\\/uoh-consolida-sus-vinculos-con-iberoamerica-a-traves-de-nuevos-intercambios-estudiantiles\\\/#primaryimage\",\"url\":\"https:\\\/\\\/www.uoh.cl\\\/internacional\\\/wp-content\\\/uploads\\\/sites\\\/24\\\/2026\\\/09\\\/UOH-consolida-sus-vinculos-con-Iberoamerica-a-traves-de-nuevos-intercambios-estudiantiles.jpeg\",\"contentUrl\":\"https:\\\/\\\/www.uoh.cl\\\/internacional\\\/wp-content\\\/uploads\\\/sites\\\/24\\\/2026\\\/09\\\/UOH-consolida-sus-vinculos-con-Iberoamerica-a-traves-de-nuevos-intercambios-estudiantiles.jpeg\",\"width\":1600,\"height\":1200},{\"@type\":\"WebSite\",\"@id\":\"https:\\\/\\\/www.uoh.cl\\\/internacional\\\/#website\",\"url\":\"https:\\\/\\\/www.uoh.cl\\\/internacional\\\/\",\"name\":\"Direcci\u00f3n de Internacionalizaci\u00f3n\",\"description\":\"Otro sitio de Sitios de Universidad O'higgins\",\"potentialAction\":[{\"@type\":\"SearchAction\",\"target\":{\"@type\":\"EntryPoint\",\"urlTemplate\":\"https:\\\/\\\/www.uoh.cl\\\/internacional\\\/?s={search_term_string}\"},\"query-input\":{\"@type\":\"PropertyValueSpecification\",\"valueRequired\":true,\"valueName\":\"search_term_string\"}}],\"inLanguage\":\"es-CL\"},{\"@type\":\"Person\",\"@id\":\"https:\\\/\\\/www.uoh.cl\\\/internacional\\\/#\\\/schema\\\/person\\\/ea242e676c7d6d7e46fc8b9e39486c4f\",\"name\":\"Universidad de O'Higgins\",\"image\":{\"@type\":\"ImageObject\",\"inLanguage\":\"es-CL\",\"@id\":\"https:\\\/\\\/secure.gravatar.com\\\/avatar\\\/78fcb76ca05efae11fd355943c01a832a29786cc00d85b1a82c301bea2b2a214?s=96&d=mm&r=g\",\"url\":\"https:\\\/\\\/secure.gravatar.com\\\/avatar\\\/78fcb76ca05efae11fd355943c01a832a29786cc00d85b1a82c301bea2b2a214?s=96&d=mm&r=g\",\"contentUrl\":\"https:\\\/\\\/secure.gravatar.com\\\/avatar\\\/78fcb76ca05efae11fd355943c01a832a29786cc00d85b1a82c301bea2b2a214?s=96&d=mm&r=g\",\"caption\":\"Universidad de O'Higgins\"}}]}<\/script>\n<!-- \/ Yoast SEO plugin. -->","yoast_head_json":{"title":"UOH consolida sus v\u00ednculos con Iberoam\u00e9rica a trav\u00e9s de nuevos intercambios estudiantiles - Direcci\u00f3n de Internacionalizaci\u00f3n","description":"Estudiantes provenientes de Brasil, Argentina y Espa\u00f1a se incorporaron a la Universidad de O\u2019Higgins.","robots":{"index":"noindex","follow":"nofollow"},"og_locale":"es_ES","og_type":"article","og_title":"UOH consolida sus v\u00ednculos con Iberoam\u00e9rica a trav\u00e9s de nuevos intercambios estudiantiles - Direcci\u00f3n de Internacionalizaci\u00f3n","og_description":"Estudiantes provenientes de Brasil, Argentina y Espa\u00f1a se incorporaron a la Universidad de O\u2019Higgins.","og_url":"https:\/\/www.uoh.cl\/internacional\/2026\/09\/03\/uoh-consolida-sus-vinculos-con-iberoamerica-a-traves-de-nuevos-intercambios-estudiantiles\/","og_site_name":"Direcci\u00f3n de Internacionalizaci\u00f3n","article_published_time":"2026-09-03T18:30:38+00:00","og_image":[{"width":1600,"height":1200,"url":"https:\/\/www.uoh.cl\/internacional\/wp-content\/uploads\/sites\/24\/2026\/09\/UOH-consolida-sus-vinculos-con-Iberoamerica-a-traves-de-nuevos-intercambios-estudiantiles.jpeg","type":"image\/jpeg"}],"author":"Universidad de O'Higgins","twitter_card":"summary_large_image","twitter_misc":{"Escrito por":"Universidad de O'Higgins","Tiempo estimado de lectura":"5 minutos"},"schema":{"@context":"https:\/\/schema.org","@graph":[{"@type":"Article","@id":"https:\/\/www.uoh.cl\/internacional\/2026\/09\/03\/uoh-consolida-sus-vinculos-con-iberoamerica-a-traves-de-nuevos-intercambios-estudiantiles\/#article","isPartOf":{"@id":"https:\/\/www.uoh.cl\/internacional\/2026\/09\/03\/uoh-consolida-sus-vinculos-con-iberoamerica-a-traves-de-nuevos-intercambios-estudiantiles\/"},"author":{"name":"Universidad de O'Higgins","@id":"https:\/\/www.uoh.cl\/internacional\/#\/schema\/person\/ea242e676c7d6d7e46fc8b9e39486c4f"},"headline":"UOH consolida sus v\u00ednculos con Iberoam\u00e9rica a trav\u00e9s de nuevos intercambios estudiantiles","datePublished":"2026-09-03T18:30:38+00:00","mainEntityOfPage":{"@id":"https:\/\/www.uoh.cl\/internacional\/2026\/09\/03\/uoh-consolida-sus-vinculos-con-iberoamerica-a-traves-de-nuevos-intercambios-estudiantiles\/"},"wordCount":1214,"commentCount":0,"image":{"@id":"https:\/\/www.uoh.cl\/internacional\/2026\/09\/03\/uoh-consolida-sus-vinculos-con-iberoamerica-a-traves-de-nuevos-intercambios-estudiantiles\/#primaryimage"},"thumbnailUrl":"https:\/\/www.uoh.cl\/internacional\/wp-content\/uploads\/sites\/24\/2026\/09\/UOH-consolida-sus-vinculos-con-Iberoamerica-a-traves-de-nuevos-intercambios-estudiantiles.jpeg","articleSection":["Internacionalizaci\u00f3n"],"inLanguage":"es-CL","potentialAction":[{"@type":"CommentAction","name":"Comment","target":["https:\/\/www.uoh.cl\/internacional\/2026\/09\/03\/uoh-consolida-sus-vinculos-con-iberoamerica-a-traves-de-nuevos-intercambios-estudiantiles\/#respond"]}]},{"@type":"WebPage","@id":"https:\/\/www.uoh.cl\/internacional\/2026\/09\/03\/uoh-consolida-sus-vinculos-con-iberoamerica-a-traves-de-nuevos-intercambios-estudiantiles\/","url":"https:\/\/www.uoh.cl\/internacional\/2026\/09\/03\/uoh-consolida-sus-vinculos-con-iberoamerica-a-traves-de-nuevos-intercambios-estudiantiles\/","name":"UOH consolida sus v\u00ednculos con Iberoam\u00e9rica a trav\u00e9s de nuevos intercambios estudiantiles - Direcci\u00f3n de Internacionalizaci\u00f3n","isPartOf":{"@id":"https:\/\/www.uoh.cl\/internacional\/#website"},"primaryImageOfPage":{"@id":"https:\/\/www.uoh.cl\/internacional\/2026\/09\/03\/uoh-consolida-sus-vinculos-con-iberoamerica-a-traves-de-nuevos-intercambios-estudiantiles\/#primaryimage"},"image":{"@id":"https:\/\/www.uoh.cl\/internacional\/2026\/09\/03\/uoh-consolida-sus-vinculos-con-iberoamerica-a-traves-de-nuevos-intercambios-estudiantiles\/#primaryimage"},"thumbnailUrl":"https:\/\/www.uoh.cl\/internacional\/wp-content\/uploads\/sites\/24\/2026\/09\/UOH-consolida-sus-vinculos-con-Iberoamerica-a-traves-de-nuevos-intercambios-estudiantiles.jpeg","datePublished":"2026-09-03T18:30:38+00:00","author":{"@id":"https:\/\/www.uoh.cl\/internacional\/#\/schema\/person\/ea242e676c7d6d7e46fc8b9e39486c4f"},"description":"Estudiantes provenientes de Brasil, Argentina y Espa\u00f1a se incorporaron a la Universidad de O\u2019Higgins.","inLanguage":"es-CL","potentialAction":[{"@type":"ReadAction","target":["https:\/\/www.uoh.cl\/internacional\/2026\/09\/03\/uoh-consolida-sus-vinculos-con-iberoamerica-a-traves-de-nuevos-intercambios-estudiantiles\/"]}]},{"@type":"ImageObject","inLanguage":"es-CL","@id":"https:\/\/www.uoh.cl\/internacional\/2026\/09\/03\/uoh-consolida-sus-vinculos-con-iberoamerica-a-traves-de-nuevos-intercambios-estudiantiles\/#primaryimage","url":"https:\/\/www.uoh.cl\/internacional\/wp-content\/uploads\/sites\/24\/2026\/09\/UOH-consolida-sus-vinculos-con-Iberoamerica-a-traves-de-nuevos-intercambios-estudiantiles.jpeg","contentUrl":"https:\/\/www.uoh.cl\/internacional\/wp-content\/uploads\/sites\/24\/2026\/09\/UOH-consolida-sus-vinculos-con-Iberoamerica-a-traves-de-nuevos-intercambios-estudiantiles.jpeg","width":1600,"height":1200},{"@type":"WebSite","@id":"https:\/\/www.uoh.cl\/internacional\/#website","url":"https:\/\/www.uoh.cl\/internacional\/","name":"Direcci\u00f3n de Internacionalizaci\u00f3n","description":"Otro sitio de Sitios de Universidad O'higgins","potentialAction":[{"@type":"SearchAction","target":{"@type":"EntryPoint","urlTemplate":"https:\/\/www.uoh.cl\/internacional\/?s={search_term_string}"},"query-input":{"@type":"PropertyValueSpecification","valueRequired":true,"valueName":"search_term_string"}}],"inLanguage":"es-CL"},{"@type":"Person","@id":"https:\/\/www.uoh.cl\/internacional\/#\/schema\/person\/ea242e676c7d6d7e46fc8b9e39486c4f","name":"Universidad de O'Higgins","image":{"@type":"ImageObject","inLanguage":"es-CL","@id":"https:\/\/secure.gravatar.com\/avatar\/78fcb76ca05efae11fd355943c01a832a29786cc00d85b1a82c301bea2b2a214?s=96&d=mm&r=g","url":"https:\/\/secure.gravatar.com\/avatar\/78fcb76ca05efae11fd355943c01a832a29786cc00d85b1a82c301bea2b2a214?s=96&d=mm&r=g","contentUrl":"https:\/\/secure.gravatar.com\/avatar\/78fcb76ca05efae11fd355943c01a832a29786cc00d85b1a82c301bea2b2a214?s=96&d=mm&r=g","caption":"Universidad de O'Higgins"}}]}},"_links":{"self":[{"href":"https:\/\/www.uoh.cl\/internacional\/wp-json\/wp\/v2\/posts\/3625","targetHints":{"allow":["GET"]}}],"collection":[{"href":"https:\/\/www.uoh.cl\/internacional\/wp-json\/wp\/v2\/posts"}],"about":[{"href":"https:\/\/www.uoh.cl\/internacional\/wp-json\/wp\/v2\/types\/post"}],"author":[{"embeddable":true,"href":"https:\/\/www.uoh.cl\/internacional\/wp-json\/wp\/v2\/users\/34"}],"replies":[{"embeddable":true,"href":"https:\/\/www.uoh.cl\/internacional\/wp-json\/wp\/v2\/comments?post=3625"}],"version-history":[{"count":0,"href":"https:\/\/www.uoh.cl\/internacional\/wp-json\/wp\/v2\/posts\/3625\/revisions"}],"wp:featuredmedia":[{"embeddable":true,"href":"https:\/\/www.uoh.cl\/internacional\/wp-json\/wp\/v2\/media\/3626"}],"wp:attachment":[{"href":"https:\/\/www.uoh.cl\/internacional\/wp-json\/wp\/v2\/media?parent=3625"}],"wp:term":[{"taxonomy":"category","embeddable":true,"href":"https:\/\/www.uoh.cl\/internacional\/wp-json\/wp\/v2\/categories?post=3625"},{"taxonomy":"post_tag","embeddable":true,"href":"https:\/\/www.uoh.cl\/internacional\/wp-json\/wp\/v2\/tags?post=3625"}],"curies":[{"name":"wp","href":"https:\/\/api.w.org\/{rel}","templated":true}]}}