
{"id":3885,"date":"2025-11-18T11:41:52","date_gmt":"2025-11-18T14:41:52","guid":{"rendered":"https:\/\/www.uoh.cl\/instituto-de-ciencias-sociales\/2025\/11\/18\/justicia-espacial-como-clave-del-desarrollo-desafios-para-el-proximo-gobierno\/"},"modified":"2025-11-21T13:35:59","modified_gmt":"2025-11-21T16:35:59","slug":"justicia-espacial-como-clave-del-desarrollo-desafios-para-el-proximo-gobierno","status":"publish","type":"post","link":"https:\/\/www.uoh.cl\/instituto-de-ciencias-sociales\/2025\/11\/18\/justicia-espacial-como-clave-del-desarrollo-desafios-para-el-proximo-gobierno\/","title":{"rendered":"Justicia espacial como clave del desarrollo: desaf\u00edos para el pr\u00f3ximo gobierno"},"content":{"rendered":"<div class=\"wpb-content-wrapper\"><p>[vc_section el_class=&#8221;container mx-auto align-items-center circle&#8211;pattern&#8221; css=&#8221;.vc_custom_1648956589196{padding-top: 3rem !important;}&#8221;][vc_row][vc_column]<div class=\"breadcrumb\"><ol itemscope itemtype=\"https:\/\/schema.org\/BreadcrumbList\"><li itemprop=\"itemListElement\" itemscope itemtype=\"https:\/\/schema.org\/ListItem\"><a itemprop=\"item\" href=\"http:\/\/www.uoh.cl\"><span itemprop=\"name\">Inicio<\/span><\/a><meta itemprop=\"position\" content=\"1\" \/><li itemprop=\"itemListElement\" itemscope itemtype=\"https:\/\/schema.org\/ListItem\"><a itemprop=\"item\" href=\"https:\/\/www.uoh.cl\/instituto-de-ciencias-sociales\"><span itemprop=\"name\">Instituto de Ciencias Sociales<\/span><\/a><meta itemprop=\"position\" content=\"2\" \/><li itemprop=\"itemListElement\" itemscope itemtype=\"https:\/\/schema.org\/ListItem\"><a itemprop=\"item\" href=\"https:\/\/www.uoh.cl\/instituto-de-ciencias-sociales\/noticias\/\"><span itemprop=\"name\">Noticias<\/span><\/a><meta itemprop=\"position\" content=\"3\" \/><li itemprop=\"itemListElement\" itemscope itemtype=\"https:\/\/schema.org\/ListItem\"><span itemprop=\"name\">Justicia espacial como clave del desarrollo: desaf\u00edos para el pr\u00f3ximo <\/span><meta itemprop=\"position\" content=\"4\" \/><\/ol><\/div><ul class=\"p-0 list-style-none d-inline-block\"><li class=\"p-0\"><a href=https:\/\/www.uoh.cl\/instituto-de-ciencias-sociales\/category\/ciencias-sociales\/ class=\"px-1 py-2\">Ciencias Sociales<\/a><\/li><\/ul><div class=\"date_publish_post\"> \u25cf Mar 18 de Noviembre 2025<\/div><div class=\"uoh_title_component-container\"><h1 class=\"title title--ms d-inline-block title--decorator  big\">Justicia espacial como clave del desarrollo: desaf\u00edos para el pr\u00f3ximo gobierno<\/h1><\/div>[vc_row_inner el_class=&#8221;border-separator m-0&#8243;][vc_column_inner width=&#8221;2\/3&#8243;]<div class=\"author_wp_class\"> Escrito por <span>Universidad de O'Higgins<\/span><\/div>[\/vc_column_inner][vc_column_inner el_class=&#8221;align-items-end-publish&#8221; width=&#8221;1\/3&#8243;]<div class=\"uoh_social_network_component uoh_row col-12 justify-content-end m-0 p-0\"> <div class=\"icon__facebook-share-button\">\n                       <a href=\"https:\/\/www.facebook.com\/sharer\/sharer.php?u=https:\/\/www.uoh.cl\/instituto-de-ciencias-sociales\/2025\/11\/18\/justicia-espacial-como-clave-del-desarrollo-desafios-para-el-proximo-gobierno\/\" target=\"_blank\"> <div class=\"icon__facebook-svg\"><svg version=\"1.1\" xmlns=\"http:\/\/www.w3.org\/2000\/svg\" xmlns:xlink=\"http:\/\/www.w3.org\/1999\/xlink\" x=\"0px\" y=\"0px\" width=\"22.4px\" height=\"48.3px\" viewBox=\"0 0 22.4 48.3\" style=\"overflow:visible;enable-background:new 0 0 22.4 48.3;\" xml:space=\"preserve\">\n                <defs>\n                <\/defs>\n                <path class=\"st0\" d=\"M22.4,15.6h-7.6v-5c0-1.9,1.2-2.3,2.1-2.3c0.9,0,5.4,0,5.4,0V0l-7.4,0C6.6,0,4.8,6.2,4.8,10.1v5.5H0v8.5h4.8\n                    c0,10.9,0,24.1,0,24.1h10c0,0,0-13.3,0-24.1h6.8L22.4,15.6z\"><\/path>\n                <\/svg><\/a><\/div>\n                    <\/div><div class=\"icon__twitter-share-button\">\n                        <div class=\"icon__twitter-svg\"><a target=\"_blank\" href=\"http:\/\/twitter.com\/share?url=https:\/\/www.uoh.cl\/instituto-de-ciencias-sociales\/2025\/11\/18\/justicia-espacial-como-clave-del-desarrollo-desafios-para-el-proximo-gobierno\/\"><svg xmlns=\"http:\/\/www.w3.org\/2000\/svg\" height=\"1em\" viewBox=\"0 0 512 512\"><!--! Font Awesome Free 6.4.2 by @fontawesome - https:\/\/fontawesome.com License - https:\/\/fontawesome.com\/license (Commercial License) Copyright 2023 Fonticons, Inc. --><path d=\"M389.2 48h70.6L305.6 224.2 487 464H345L233.7 318.6 106.5 464H35.8L200.7 275.5 26.8 48H172.4L272.9 180.9 389.2 48zM364.4 421.8h39.1L151.1 88h-42L364.4 421.8z\"\/><\/svg><\/a><\/div>\n                        <\/div><div class=\"icon__linkedin-share-button\">\n                        <div class=\"icon__linkedin-svg\">\n                        <a target=\"__blank\" href=\"https:\/\/www.linkedin.com\/sharing\/share-offsite\/?url=https:\/\/www.uoh.cl\/instituto-de-ciencias-sociales\/2025\/11\/18\/justicia-espacial-como-clave-del-desarrollo-desafios-para-el-proximo-gobierno\/\"><svg enable-background=\"new 0 0 100 100\" height=\"100px\" id=\"Layer_1\" version=\"1.1\" viewBox=\"0 0 100 100\" width=\"100px\" xml:space=\"preserve\" xmlns=\"http:\/\/www.w3.org\/2000\/svg\" xmlns:xlink=\"http:\/\/www.w3.org\/1999\/xlink\"><g><circle cx=\"50\" cy=\"50\" fill=\"#ccc\" r=\"45\"\/><g id=\"LinkedIn_1_\"><rect fill=\"#FFFFFF\" height=\"24.361\" width=\"7.69\" x=\"31.271\" y=\"43.569\"\/><path d=\"M59.968,43.334c-4.406,0-7.165,2.387-7.677,4.058v-3.823h-8.636c0.109,2.03,0,24.361,0,24.361h8.636    V54.748c0-0.733-0.034-1.465,0.19-1.991c0.594-1.464,1.869-2.985,4.162-2.985c2.998,0,4.361,2.253,4.361,5.552V67.93h8.721V54.384    C69.726,46.839,65.432,43.334,59.968,43.334z\" fill=\"#FFFFFF\"\/><path d=\"M34.973,32.069c-2.839,0-4.696,1.823-4.696,4.229c0,2.361,1.804,4.224,4.589,4.224h0.054    c2.891,0,4.69-1.869,4.69-4.229C39.555,33.888,37.81,32.069,34.973,32.069z\" fill=\"#FFFFFF\"\/><\/g><\/g><\/svg><\/a><\/div>\n\n            <\/div><\/div>[\/vc_column_inner][\/vc_row_inner][vc_single_image image=&#8221;71279&#8243; img_size=&#8221;1500&#215;1000&#8243; add_caption=&#8221;yes&#8221; alignment=&#8221;center&#8221; onclick=&#8221;img_link_large&#8221; css=&#8221;&#8221;][vc_column_text]\u00a0[\/vc_column_text][vc_column_text css=&#8221;&#8221;]<\/p>\n<ul>\n<li style=\"font-weight: 400\"><em>La acad\u00e9mica UOH Gabriela Guevara advierte que Chile enfrenta un momento decisivo para transformar su modelo urbano y territorial.<\/em><\/li>\n<\/ul>\n<p>[\/vc_column_text][vc_column_text]\u00a0[\/vc_column_text][vc_column_text css=&#8221;&#8221;]<\/p>\n<p style=\"font-weight: 400\">En Chile, la forma en que planificamos y gestionamos el territorio se ha convertido en un asunto pol\u00edtico y social de primer orden. Con el 88% de la poblaci\u00f3n viviendo en \u00e1reas urbanas, el pa\u00eds enfrenta un escenario donde las ciudades concentran los principales desaf\u00edos estructurales: d\u00e9ficit de vivienda, expansi\u00f3n descontrolada, desigualdad territorial y creciente vulnerabilidad frente al cambio clim\u00e1tico.<\/p>\n<p style=\"font-weight: 400\">\u201cLa magnitud del problema es in\u00e9dita. Hoy m\u00e1s de 17 millones de personas viven en ciudades que arrastran d\u00e9cadas de expansi\u00f3n acelerada, carencias de infraestructura y servicios, y una profunda segregaci\u00f3n socioespacial\u201d, explica\u00a0<a href=\"https:\/\/www.uoh.cl\/investigacion\/academico\/gabriela-guevara-cue\/\" data-saferedirecturl=\"https:\/\/www.google.com\/url?q=https:\/\/www.uoh.cl\/investigacion\/academico\/gabriela-guevara-cue\/&amp;source=gmail&amp;ust=1763555706480000&amp;usg=AOvVaw3JAqTH_2o7VkxWxeKgoVgz\">Gabriela Guevara Cu\u00e9<\/a>, acad\u00e9mica del\u00a0<a href=\"https:\/\/www.uoh.cl\/instituto-de-ciencias-sociales\/\" data-saferedirecturl=\"https:\/\/www.google.com\/url?q=https:\/\/www.uoh.cl\/instituto-de-ciencias-sociales\/&amp;source=gmail&amp;ust=1763555706480000&amp;usg=AOvVaw1soinf0_lEzv7R1q5DNEbV\">Instituto de Ciencias Sociales<\/a>\u00a0de la\u00a0<a href=\"http:\/\/www.uoh.cl\/\" data-saferedirecturl=\"https:\/\/www.google.com\/url?q=http:\/\/www.uoh.cl\/&amp;source=gmail&amp;ust=1763555706480000&amp;usg=AOvVaw0tC3OBqwqjQ7sNE0ul-x-6\">Universidad de O\u2019Higgins<\/a>\u00a0(UOH).<\/p>\n<p style=\"font-weight: 400\">El d\u00e9ficit habitacional supera el mill\u00f3n de hogares y m\u00e1s de 120.000 familias habitan en asentamientos informales. A esto se suma el impacto del cambio clim\u00e1tico: \u201cEl pa\u00eds ha experimentado un aumento de 1,1 \u00b0C en su temperatura media y una reducci\u00f3n proyectada de hasta 30% en las precipitaciones hacia 2050. Esto agrava la sequ\u00eda, el estr\u00e9s h\u00eddrico y los incendios urbanos y rurales\u201d, advierte la investigadora.<\/p>\n<h4 style=\"font-weight: 400\"><strong>Del diagn\u00f3stico a la acci\u00f3n<\/strong><\/h4>\n<p style=\"font-weight: 400\">Frente a este escenario, Guevara plantea que el pr\u00f3ximo gobierno debe asumir un liderazgo estrat\u00e9gico que articule pol\u00edticas de Estado con enfoque territorial. \u201cEl verdadero desaf\u00edo presidencial no reside \u00fanicamente en enunciar nuevas estrategias, sino en dotarlas de estructuras coherentes, articulaci\u00f3n entre actores y capacidades t\u00e9cnicas para su ejecuci\u00f3n\u201d, sostiene.<\/p>\n<p style=\"font-weight: 400\">Chile ya ha avanzado en el dise\u00f1o de instrumentos, como la Estrategia Nacional de Transici\u00f3n Socioecol\u00f3gica Justa (ENTSJ) y la Contribuci\u00f3n Determinada a Nivel Nacional 2025\u20132035, que incluyen m\u00e1s de 70 metas y un centenar de medidas en materia ambiental, social y laboral. Sin embargo, para que estas pol\u00edticas se traduzcan en transformaciones reales, \u201ces imprescindible contar con estructuras operativas y mecanismos efectivos de coordinaci\u00f3n entre Estado, sector privado, municipios, academia y ciudadan\u00eda\u201d, advierte.<\/p>\n<h4 style=\"font-weight: 400\"><strong>Fragmentaci\u00f3n institucional y brechas locales<\/strong><\/h4>\n<p style=\"font-weight: 400\">La acad\u00e9mica UOH enfatiza que uno de los mayores obst\u00e1culos es la fragmentaci\u00f3n institucional: \u201cChile gestiona m\u00e1s de 60 instrumentos legales vinculados a la planificaci\u00f3n territorial y urbana, pero esta multiplicidad no ha garantizado coherencia ni efectividad. Menos del 25% de los municipios cuenta con equipos t\u00e9cnicos capaces de incorporar criterios de equidad, gesti\u00f3n de riesgo y adaptaci\u00f3n clim\u00e1tica\u201d, puntualiza.<\/p>\n<p style=\"font-weight: 400\">Para superar esa debilidad, Guevara Cu\u00e9 propone avanzar hacia una gobernanza territorial anticipatoria e inclusiva, que otorgue mayor autonom\u00eda pol\u00edtica, capacidad financiera y potestad regulatoria a los gobiernos regionales. \u201cAntes de 2030, al menos el 80% de las comunas deber\u00eda contar con planes reguladores vigentes, alineados con principios de justicia espacial, equidad y resiliencia. Es una meta ambiciosa, pero necesaria si queremos ciudades preparadas para el siglo XXI\u201d, agrega.<\/p>\n<h4 style=\"font-weight: 400\"><strong>\u00bfNuevo contrato social urbano?<\/strong><\/h4>\n<p style=\"font-weight: 400\">La transformaci\u00f3n, sin embargo, no puede venir solo desde el Estado. Replantear el contrato social urbano y territorial es -seg\u00fan la acad\u00e9mica- una condici\u00f3n indispensable para un desarrollo equilibrado. \u201cM\u00e1s all\u00e1 de la discusi\u00f3n constitucional, debemos darnos la oportunidad de repensar la forma en que el mundo p\u00fablico y privado planifican el pa\u00eds. La justicia espacial debe ser el lente transversal y obligatorio en toda pol\u00edtica urbana y territorial\u201d, afirma.<\/p>\n<p style=\"font-weight: 400\">En esa l\u00ednea, Guevara Cu\u00e9 destaca la necesidad de mecanismos de cooperaci\u00f3n p\u00fablico-privada que trasciendan la l\u00f3gica de la rentabilidad inmediata. \u201cEl futuro gobierno tiene el desaf\u00edo ineludible de promover alianzas donde empresas, municipios y comunidades colaboren desde las etapas tempranas de dise\u00f1o e implementaci\u00f3n. Solo as\u00ed lograremos ciudades m\u00e1s equitativas, sostenibles y resilientes\u201d, se\u00f1ala.<\/p>\n<h4 style=\"font-weight: 400\"><strong>Participaci\u00f3n y transparencia<\/strong><\/h4>\n<p style=\"font-weight: 400\">La acad\u00e9mica tambi\u00e9n propone fortalecer los mecanismos de transparencia y participaci\u00f3n ciudadana vinculante. \u201cEl desaf\u00edo est\u00e1 en evolucionar desde procesos consultivos a instrumentos reales de gobernanza urbana, donde la ciudadan\u00eda pueda incidir, monitorear avances y exigir cuentas respecto al impacto social y ambiental de las intervenciones\u201d, explica.<\/p>\n<p style=\"font-weight: 400\">Para Guevara Cu\u00e9 la justicia espacial sintetiza el esp\u00edritu del cambio que Chile necesita: \u201csignifica priorizar la inversi\u00f3n p\u00fablica en infraestructura y equipamiento de calidad en los barrios hist\u00f3ricamente postergados, revirtiendo la inercia de la desigualdad. Implica que el bienestar no dependa del c\u00f3digo postal, sino del compromiso de construir un territorio m\u00e1s justo, resiliente y humano\u201d.<\/p>\n<p>[\/vc_column_text][vc_zigzag color=&#8221;white&#8221;][\/vc_column][\/vc_row][\/vc_section][vc_section css=&#8221;.vc_custom_1650255686594{background-color: #f6faff !important;}&#8221; el_class=&#8221;p-md-0 pt-md-5&#8243;][vc_row el_class=&#8221;container mx-auto align-items-center p-md-0 pt-5 pb-5&#8243;][vc_column el_class=&#8221;pb-5&#8243;][vc_row_inner el_class=&#8221;pb-5&#8243;][vc_column_inner]<div class=\"row m-0 p-0\"><div class=\"col-12 col-md-9 pt-5 pt-md-0\"><h2 class=\"title title--decorator title--ms d-inline-block\">Te Recomendamos<\/h2><\/div><\/div><div class=\"content-holder\"><div class=\"row  swipper-news-list not--activate-hack \"><div class=\"row -wrapper\"><div class=\"  col-sm-6 col-md-4 img-article\">\n                                        <div class=\"content-news-display row m-0 p-0\"><div class=\"holder p-0 \"><div class=\"img-wrap img-wrap-news\">\n                                        <div class=\"caption__news-category\">\n                                        <a href=\"https:\/\/www.uoh.cl\/instituto-de-ciencias-sociales\/category\/institucional\/\">\n                                        Institucional<\/a><\/div><img decoding=\"async\" class=\"w-100 h-100 lazyload\" data-src=\"https:\/\/www.uoh.cl\/instituto-de-ciencias-sociales\/wp-content\/uploads\/sites\/29\/2026\/04\/Inauguracion-Ano-Academico-2026-6.jpg\" alt=\"Reflexi\u00f3n universitaria: UOH inaugura A\u00f1o Acad\u00e9mico 2026 pensando en los desaf\u00edos de la Educaci\u00f3n Superior\" style=\"--smush-placeholder-width: 1500px; --smush-placeholder-aspect-ratio: 1500\/1000;object-fit: cover; object-position: center;\" src=\"data:image\/svg+xml;base64,PHN2ZyB3aWR0aD0iMSIgaGVpZ2h0PSIxIiB4bWxucz0iaHR0cDovL3d3dy53My5vcmcvMjAwMC9zdmciPjwvc3ZnPg==\"><\/div><\/div><div class=\"caption py-3 caption__news py-md-3 pb-md-5\">\n                                    <span class=\"caption__date\">Mi\u00e9rcoles 29, Abril<\/span>\n                                     <a href=\"https:\/\/www.uoh.cl\/instituto-de-ciencias-sociales\/2026\/04\/29\/reflexion-universitaria-uoh-inaugura-ano-academico-2026-pensando-en-los-desafios-de-la-educacion-superior\/\">\n                                    <h3 class=\"small-space\">Reflexi\u00f3n universitaria: UOH inaugura A\u00f1o Acad\u00e9mico 2026 pensando en los desaf\u00edos de la Educaci\u00f3n Superior<\/h3><\/a>\n\n                                    <p>La ceremonia promovi\u00f3 el an\u00e1lisis acerca de los cambios educativos que se avecinan dentro de los procesos de formaci\u00f3n universitaria ajustados a contextos digitales.   <\/p>\n                                    <a class=\"link link--bold mt-md-3\" href=\"https:\/\/www.uoh.cl\/instituto-de-ciencias-sociales\/2026\/04\/29\/reflexion-universitaria-uoh-inaugura-ano-academico-2026-pensando-en-los-desafios-de-la-educacion-superior\/\">Saber m\u00e1s <span class=\"icon icon--inline icon--link\"><svg version=\"1.1\" xmlns=\"http:\/\/www.w3.org\/2000\/svg\" xmlns:xlink=\"http:\/\/www.w3.org\/1999\/xlink\" x=\"0px\" y=\"0px\" width=\"22px\"height=\"22px\" viewBox=\"0 0 22 22\" style=\"overflow:visible;enable-background:new 0 0 80 64.6;\" xml:space=\"preserve\"><g clip-path=\"url(#acA)\"><path fill-rule=\"evenodd\" d=\"M21.913 11.266a.93.93 0 000-.711c-.022-.056-.063-.097-.091-.144s-.053-.103-.097-.15L12.306.294c-.357-.379-.955-.394-1.334-.038s-.394.955-.038 1.334l7.917 8.374H.927a.95.95 0 00-.908.983.946.946 0 00.908.908h17.924l-8.089 8.552c-.357.379-.341.977.034 1.334s.977.341 1.334-.034l9.594-10.148c.044-.044.063-.1.097-.15.028-.047.069-.088.091-.141z\"\/><\/g><defs><clipPath id=\"acA\"><path fill=\"#fff\" d=\"M0 0h22v22H0z\"\/><\/clipPath><\/defs><\/svg><\/span><\/a><\/div><\/div><\/div><div class=\"  col-sm-6 col-md-4 img-article\">\n                                        <div class=\"content-news-display row m-0 p-0\"><div class=\"holder p-0 \"><div class=\"img-wrap img-wrap-news\">\n                                        <div class=\"caption__news-category\">\n                                        <a href=\"https:\/\/www.uoh.cl\/instituto-de-ciencias-sociales\/category\/ciencias-sociales\/\">\n                                        Ciencias Sociales<\/a><\/div><img decoding=\"async\" class=\"w-100 h-100 lazyload\" data-src=\"https:\/\/www.uoh.cl\/instituto-de-ciencias-sociales\/wp-content\/uploads\/sites\/29\/2026\/04\/Ciudad.jpg\" alt=\"Policrisis y ciudades al l\u00edmite: experta advierte que modelo urbano chileno \u201cest\u00e1 agotado\u201d\" style=\"--smush-placeholder-width: 2000px; --smush-placeholder-aspect-ratio: 2000\/1335;object-fit: cover; object-position: center;\" src=\"data:image\/svg+xml;base64,PHN2ZyB3aWR0aD0iMSIgaGVpZ2h0PSIxIiB4bWxucz0iaHR0cDovL3d3dy53My5vcmcvMjAwMC9zdmciPjwvc3ZnPg==\"><\/div><\/div><div class=\"caption py-3 caption__news py-md-3 pb-md-5\">\n                                    <span class=\"caption__date\">Jueves 23, Abril<\/span>\n                                     <a href=\"https:\/\/www.uoh.cl\/instituto-de-ciencias-sociales\/2026\/04\/23\/policrisis-y-ciudades-al-limite-experta-advierte-que-modelo-urbano-chileno-esta-agotado\/\">\n                                    <h3 class=\"small-space\">Policrisis y ciudades al l\u00edmite: experta advierte que modelo urbano chileno \u201cest\u00e1 agotado\u201d<\/h3><\/a>\n\n                                    <p>La acad\u00e9mica Gabriela Guevara Cu\u00e9 sostiene que la convergencia de crisis econ\u00f3micas, clim\u00e1ticas, de contaminaci\u00f3n y energ\u00e9ticas est\u00e1 tensionando un modelo de desarrollo urbano incapaz de responder a los desaf\u00edos actuales, profundizando desigualdades y fragilidad territorial.<\/p>\n                                    <a class=\"link link--bold mt-md-3\" href=\"https:\/\/www.uoh.cl\/instituto-de-ciencias-sociales\/2026\/04\/23\/policrisis-y-ciudades-al-limite-experta-advierte-que-modelo-urbano-chileno-esta-agotado\/\">Saber m\u00e1s <span class=\"icon icon--inline icon--link\"><svg version=\"1.1\" xmlns=\"http:\/\/www.w3.org\/2000\/svg\" xmlns:xlink=\"http:\/\/www.w3.org\/1999\/xlink\" x=\"0px\" y=\"0px\" width=\"22px\"height=\"22px\" viewBox=\"0 0 22 22\" style=\"overflow:visible;enable-background:new 0 0 80 64.6;\" xml:space=\"preserve\"><g clip-path=\"url(#acA)\"><path fill-rule=\"evenodd\" d=\"M21.913 11.266a.93.93 0 000-.711c-.022-.056-.063-.097-.091-.144s-.053-.103-.097-.15L12.306.294c-.357-.379-.955-.394-1.334-.038s-.394.955-.038 1.334l7.917 8.374H.927a.95.95 0 00-.908.983.946.946 0 00.908.908h17.924l-8.089 8.552c-.357.379-.341.977.034 1.334s.977.341 1.334-.034l9.594-10.148c.044-.044.063-.1.097-.15.028-.047.069-.088.091-.141z\"\/><\/g><defs><clipPath id=\"acA\"><path fill=\"#fff\" d=\"M0 0h22v22H0z\"\/><\/clipPath><\/defs><\/svg><\/span><\/a><\/div><\/div><\/div><div class=\"  col-sm-6 col-md-4 img-article\">\n                                        <div class=\"content-news-display row m-0 p-0\"><div class=\"holder p-0 \"><div class=\"img-wrap img-wrap-news\">\n                                        <div class=\"caption__news-category\">\n                                        <a href=\"https:\/\/www.uoh.cl\/instituto-de-ciencias-sociales\/category\/cuech\/\">\n                                        CUECH<\/a><\/div><img decoding=\"async\" class=\"w-100 h-100 lazyload\" data-src=\"https:\/\/www.uoh.cl\/instituto-de-ciencias-sociales\/wp-content\/uploads\/sites\/29\/2026\/04\/DSC_2431-scaled.jpg\" alt=\"Universidades estatales sellan hoja de ruta 2030: Red Desarrollo Sustentable entra en fase de consolidaci\u00f3n\" style=\"--smush-placeholder-width: 2560px; --smush-placeholder-aspect-ratio: 2560\/1707;object-fit: cover; object-position: center;\" src=\"data:image\/svg+xml;base64,PHN2ZyB3aWR0aD0iMSIgaGVpZ2h0PSIxIiB4bWxucz0iaHR0cDovL3d3dy53My5vcmcvMjAwMC9zdmciPjwvc3ZnPg==\"><\/div><\/div><div class=\"caption py-3 caption__news py-md-3 pb-md-5\">\n                                    <span class=\"caption__date\">Mi\u00e9rcoles 15, Abril<\/span>\n                                     <a href=\"https:\/\/www.uoh.cl\/instituto-de-ciencias-sociales\/2026\/04\/15\/universidades-estatales-sellan-hoja-de-ruta-2030-red-desarrollo-sustentable-entra-en-fase-de-consolidacion\/\">\n                                    <h3 class=\"small-space\">Universidades estatales sellan hoja de ruta 2030: Red Desarrollo Sustentable entra en fase de consolidaci\u00f3n<\/h3><\/a>\n\n                                    <p>En el Plenario realizado en la Universidad de O'Higgins, los 18 planteles p\u00fablicos definieron sus metas estrat\u00e9gicas para el periodo 2026-2030. El plan priorizar\u00e1 la institucionalizaci\u00f3n de capacidades, un diplomado para organismos p\u00fablicos y la medici\u00f3n de la huella h\u00eddrica en los campus.<\/p>\n                                    <a class=\"link link--bold mt-md-3\" href=\"https:\/\/www.uoh.cl\/instituto-de-ciencias-sociales\/2026\/04\/15\/universidades-estatales-sellan-hoja-de-ruta-2030-red-desarrollo-sustentable-entra-en-fase-de-consolidacion\/\">Saber m\u00e1s <span class=\"icon icon--inline icon--link\"><svg version=\"1.1\" xmlns=\"http:\/\/www.w3.org\/2000\/svg\" xmlns:xlink=\"http:\/\/www.w3.org\/1999\/xlink\" x=\"0px\" y=\"0px\" width=\"22px\"height=\"22px\" viewBox=\"0 0 22 22\" style=\"overflow:visible;enable-background:new 0 0 80 64.6;\" xml:space=\"preserve\"><g clip-path=\"url(#acA)\"><path fill-rule=\"evenodd\" d=\"M21.913 11.266a.93.93 0 000-.711c-.022-.056-.063-.097-.091-.144s-.053-.103-.097-.15L12.306.294c-.357-.379-.955-.394-1.334-.038s-.394.955-.038 1.334l7.917 8.374H.927a.95.95 0 00-.908.983.946.946 0 00.908.908h17.924l-8.089 8.552c-.357.379-.341.977.034 1.334s.977.341 1.334-.034l9.594-10.148c.044-.044.063-.1.097-.15.028-.047.069-.088.091-.141z\"\/><\/g><defs><clipPath id=\"acA\"><path fill=\"#fff\" d=\"M0 0h22v22H0z\"\/><\/clipPath><\/defs><\/svg><\/span><\/a><\/div><\/div><\/div><\/div><\/div><\/div><div class=\"pagination justify-content-center my-5\"><span aria-current=\"page\" class=\"page-numbers current\">1<\/span>\n<a class=\"page-numbers\" href=\"https:\/\/www.uoh.cl\/instituto-de-ciencias-sociales\/wp-json\/wp\/v2\/posts\/3885\/\/page\/2\">2<\/a>\n<a class=\"page-numbers\" href=\"https:\/\/www.uoh.cl\/instituto-de-ciencias-sociales\/wp-json\/wp\/v2\/posts\/3885\/\/page\/3\">3<\/a>\n<span class=\"page-numbers dots\">&hellip;<\/span>\n<a class=\"page-numbers\" href=\"https:\/\/www.uoh.cl\/instituto-de-ciencias-sociales\/wp-json\/wp\/v2\/posts\/3885\/\/page\/103\">103<\/a>\n<a class=\"next page-numbers\" href=\"https:\/\/www.uoh.cl\/instituto-de-ciencias-sociales\/wp-json\/wp\/v2\/posts\/3885\/\/page\/2\"><div class=\"icon-pagination-next\"> <?xml version=\"1.0\" ?><svg viewBox=\"0 0 96 96\" xmlns=\"http:\/\/www.w3.org\/2000\/svg\"><title\/><path d=\"M39.3756,48.0022l30.47-25.39a6.0035,6.0035,0,0,0-7.6878-9.223L26.1563,43.3906a6.0092,6.0092,0,0,0,0,9.2231L62.1578,82.615a6.0035,6.0035,0,0,0,7.6878-9.2231Z\"\/><\/svg> <\/div><\/a><\/div>[\/vc_column_inner][\/vc_row_inner][\/vc_column][\/vc_row][\/vc_section]<\/p>\n<\/div>","protected":false},"excerpt":{"rendered":"<p>La acad\u00e9mica UOH Gabriela Guevara advierte que Chile enfrenta un momento decisivo para transformar su modelo urbano y territorial.<\/p>\n","protected":false},"author":34,"featured_media":3892,"comment_status":"open","ping_status":"open","sticky":false,"template":"","format":"standard","meta":{"_acf_changed":false,"footnotes":""},"categories":[29],"tags":[],"class_list":["post-3885","post","type-post","status-publish","format-standard","has-post-thumbnail","hentry","category-ciencias-sociales"],"acf":[],"yoast_head":"<!-- This site is optimized with the Yoast SEO plugin v26.6 - https:\/\/yoast.com\/wordpress\/plugins\/seo\/ -->\n<title>Justicia espacial como clave del desarrollo: desaf\u00edos para el pr\u00f3ximo gobierno - Instituto de Ciencias Sociales<\/title>\n<meta name=\"description\" content=\"La 10\u00aa Asamblea Plenaria reafirm\u00f3 el compromiso de las universidades estatales con una innovaci\u00f3n que responda al inter\u00e9s p\u00fablico, con un fuerte v\u00ednculo territorial y con impacto social concreto.\" \/>\n<meta name=\"robots\" content=\"noindex, nofollow\" \/>\n<meta property=\"og:locale\" content=\"es_ES\" \/>\n<meta property=\"og:type\" content=\"article\" \/>\n<meta property=\"og:title\" content=\"Justicia espacial como clave del desarrollo: desaf\u00edos para el pr\u00f3ximo gobierno - Instituto de Ciencias Sociales\" \/>\n<meta property=\"og:description\" content=\"La 10\u00aa Asamblea Plenaria reafirm\u00f3 el compromiso de las universidades estatales con una innovaci\u00f3n que responda al inter\u00e9s p\u00fablico, con un fuerte v\u00ednculo territorial y con impacto social concreto.\" \/>\n<meta property=\"og:url\" content=\"https:\/\/www.uoh.cl\/instituto-de-ciencias-sociales\/2025\/11\/18\/justicia-espacial-como-clave-del-desarrollo-desafios-para-el-proximo-gobierno\/\" \/>\n<meta property=\"og:site_name\" content=\"Instituto de Ciencias Sociales\" \/>\n<meta property=\"article:published_time\" content=\"2025-11-18T14:41:52+00:00\" \/>\n<meta property=\"article:modified_time\" content=\"2025-11-21T16:35:59+00:00\" \/>\n<meta property=\"og:image\" content=\"https:\/\/www.uoh.cl\/instituto-de-ciencias-sociales\/wp-content\/uploads\/sites\/29\/2025\/11\/Santiago.jpg\" \/>\n\t<meta property=\"og:image:width\" content=\"2000\" \/>\n\t<meta property=\"og:image:height\" content=\"1333\" \/>\n\t<meta property=\"og:image:type\" content=\"image\/jpeg\" \/>\n<meta name=\"author\" content=\"Universidad de O&#039;Higgins\" \/>\n<meta name=\"twitter:card\" content=\"summary_large_image\" \/>\n<meta name=\"twitter:label1\" content=\"Escrito por\" \/>\n\t<meta name=\"twitter:data1\" content=\"Universidad de O&#039;Higgins\" \/>\n\t<meta name=\"twitter:label2\" content=\"Tiempo estimado de lectura\" \/>\n\t<meta name=\"twitter:data2\" content=\"8 minutos\" \/>\n<script type=\"application\/ld+json\" class=\"yoast-schema-graph\">{\"@context\":\"https:\/\/schema.org\",\"@graph\":[{\"@type\":\"WebPage\",\"@id\":\"https:\/\/www.uoh.cl\/instituto-de-ciencias-sociales\/2025\/11\/18\/justicia-espacial-como-clave-del-desarrollo-desafios-para-el-proximo-gobierno\/\",\"url\":\"https:\/\/www.uoh.cl\/instituto-de-ciencias-sociales\/2025\/11\/18\/justicia-espacial-como-clave-del-desarrollo-desafios-para-el-proximo-gobierno\/\",\"name\":\"Justicia espacial como clave del desarrollo: desaf\u00edos para el pr\u00f3ximo gobierno - Instituto de Ciencias Sociales\",\"isPartOf\":{\"@id\":\"https:\/\/www.uoh.cl\/instituto-de-ciencias-sociales\/#website\"},\"primaryImageOfPage\":{\"@id\":\"https:\/\/www.uoh.cl\/instituto-de-ciencias-sociales\/2025\/11\/18\/justicia-espacial-como-clave-del-desarrollo-desafios-para-el-proximo-gobierno\/#primaryimage\"},\"image\":{\"@id\":\"https:\/\/www.uoh.cl\/instituto-de-ciencias-sociales\/2025\/11\/18\/justicia-espacial-como-clave-del-desarrollo-desafios-para-el-proximo-gobierno\/#primaryimage\"},\"thumbnailUrl\":\"https:\/\/www.uoh.cl\/instituto-de-ciencias-sociales\/wp-content\/uploads\/sites\/29\/2025\/11\/Santiago-1.jpg\",\"datePublished\":\"2025-11-18T14:41:52+00:00\",\"dateModified\":\"2025-11-21T16:35:59+00:00\",\"author\":{\"@id\":\"https:\/\/www.uoh.cl\/instituto-de-ciencias-sociales\/#\/schema\/person\/ea242e676c7d6d7e46fc8b9e39486c4f\"},\"description\":\"La 10\u00aa Asamblea Plenaria reafirm\u00f3 el compromiso de las universidades estatales con una innovaci\u00f3n que responda al inter\u00e9s p\u00fablico, con un fuerte v\u00ednculo territorial y con impacto social concreto.\",\"inLanguage\":\"es-CL\",\"potentialAction\":[{\"@type\":\"ReadAction\",\"target\":[\"https:\/\/www.uoh.cl\/instituto-de-ciencias-sociales\/2025\/11\/18\/justicia-espacial-como-clave-del-desarrollo-desafios-para-el-proximo-gobierno\/\"]}]},{\"@type\":\"ImageObject\",\"inLanguage\":\"es-CL\",\"@id\":\"https:\/\/www.uoh.cl\/instituto-de-ciencias-sociales\/2025\/11\/18\/justicia-espacial-como-clave-del-desarrollo-desafios-para-el-proximo-gobierno\/#primaryimage\",\"url\":\"https:\/\/www.uoh.cl\/instituto-de-ciencias-sociales\/wp-content\/uploads\/sites\/29\/2025\/11\/Santiago-1.jpg\",\"contentUrl\":\"https:\/\/www.uoh.cl\/instituto-de-ciencias-sociales\/wp-content\/uploads\/sites\/29\/2025\/11\/Santiago-1.jpg\",\"width\":2000,\"height\":1333},{\"@type\":\"WebSite\",\"@id\":\"https:\/\/www.uoh.cl\/instituto-de-ciencias-sociales\/#website\",\"url\":\"https:\/\/www.uoh.cl\/instituto-de-ciencias-sociales\/\",\"name\":\"Instituto de Ciencias Sociales\",\"description\":\"Otro sitio de Sitios de Universidad O'higgins\",\"potentialAction\":[{\"@type\":\"SearchAction\",\"target\":{\"@type\":\"EntryPoint\",\"urlTemplate\":\"https:\/\/www.uoh.cl\/instituto-de-ciencias-sociales\/?s={search_term_string}\"},\"query-input\":{\"@type\":\"PropertyValueSpecification\",\"valueRequired\":true,\"valueName\":\"search_term_string\"}}],\"inLanguage\":\"es-CL\"},{\"@type\":\"Person\",\"@id\":\"https:\/\/www.uoh.cl\/instituto-de-ciencias-sociales\/#\/schema\/person\/ea242e676c7d6d7e46fc8b9e39486c4f\",\"name\":\"Universidad de O'Higgins\",\"image\":{\"@type\":\"ImageObject\",\"inLanguage\":\"es-CL\",\"@id\":\"https:\/\/www.uoh.cl\/instituto-de-ciencias-sociales\/#\/schema\/person\/image\/\",\"url\":\"https:\/\/secure.gravatar.com\/avatar\/78fcb76ca05efae11fd355943c01a832a29786cc00d85b1a82c301bea2b2a214?s=96&d=mm&r=g\",\"contentUrl\":\"https:\/\/secure.gravatar.com\/avatar\/78fcb76ca05efae11fd355943c01a832a29786cc00d85b1a82c301bea2b2a214?s=96&d=mm&r=g\",\"caption\":\"Universidad de O'Higgins\"}}]}<\/script>\n<!-- \/ Yoast SEO plugin. -->","yoast_head_json":{"title":"Justicia espacial como clave del desarrollo: desaf\u00edos para el pr\u00f3ximo gobierno - Instituto de Ciencias Sociales","description":"La 10\u00aa Asamblea Plenaria reafirm\u00f3 el compromiso de las universidades estatales con una innovaci\u00f3n que responda al inter\u00e9s p\u00fablico, con un fuerte v\u00ednculo territorial y con impacto social concreto.","robots":{"index":"noindex","follow":"nofollow"},"og_locale":"es_ES","og_type":"article","og_title":"Justicia espacial como clave del desarrollo: desaf\u00edos para el pr\u00f3ximo gobierno - Instituto de Ciencias Sociales","og_description":"La 10\u00aa Asamblea Plenaria reafirm\u00f3 el compromiso de las universidades estatales con una innovaci\u00f3n que responda al inter\u00e9s p\u00fablico, con un fuerte v\u00ednculo territorial y con impacto social concreto.","og_url":"https:\/\/www.uoh.cl\/instituto-de-ciencias-sociales\/2025\/11\/18\/justicia-espacial-como-clave-del-desarrollo-desafios-para-el-proximo-gobierno\/","og_site_name":"Instituto de Ciencias Sociales","article_published_time":"2025-11-18T14:41:52+00:00","article_modified_time":"2025-11-21T16:35:59+00:00","og_image":[{"width":2000,"height":1333,"url":"https:\/\/www.uoh.cl\/instituto-de-ciencias-sociales\/wp-content\/uploads\/sites\/29\/2025\/11\/Santiago.jpg","type":"image\/jpeg"}],"author":"Universidad de O'Higgins","twitter_card":"summary_large_image","twitter_misc":{"Escrito por":"Universidad de O'Higgins","Tiempo estimado de lectura":"8 minutos"},"schema":{"@context":"https:\/\/schema.org","@graph":[{"@type":"WebPage","@id":"https:\/\/www.uoh.cl\/instituto-de-ciencias-sociales\/2025\/11\/18\/justicia-espacial-como-clave-del-desarrollo-desafios-para-el-proximo-gobierno\/","url":"https:\/\/www.uoh.cl\/instituto-de-ciencias-sociales\/2025\/11\/18\/justicia-espacial-como-clave-del-desarrollo-desafios-para-el-proximo-gobierno\/","name":"Justicia espacial como clave del desarrollo: desaf\u00edos para el pr\u00f3ximo gobierno - Instituto de Ciencias Sociales","isPartOf":{"@id":"https:\/\/www.uoh.cl\/instituto-de-ciencias-sociales\/#website"},"primaryImageOfPage":{"@id":"https:\/\/www.uoh.cl\/instituto-de-ciencias-sociales\/2025\/11\/18\/justicia-espacial-como-clave-del-desarrollo-desafios-para-el-proximo-gobierno\/#primaryimage"},"image":{"@id":"https:\/\/www.uoh.cl\/instituto-de-ciencias-sociales\/2025\/11\/18\/justicia-espacial-como-clave-del-desarrollo-desafios-para-el-proximo-gobierno\/#primaryimage"},"thumbnailUrl":"https:\/\/www.uoh.cl\/instituto-de-ciencias-sociales\/wp-content\/uploads\/sites\/29\/2025\/11\/Santiago-1.jpg","datePublished":"2025-11-18T14:41:52+00:00","dateModified":"2025-11-21T16:35:59+00:00","author":{"@id":"https:\/\/www.uoh.cl\/instituto-de-ciencias-sociales\/#\/schema\/person\/ea242e676c7d6d7e46fc8b9e39486c4f"},"description":"La 10\u00aa Asamblea Plenaria reafirm\u00f3 el compromiso de las universidades estatales con una innovaci\u00f3n que responda al inter\u00e9s p\u00fablico, con un fuerte v\u00ednculo territorial y con impacto social concreto.","inLanguage":"es-CL","potentialAction":[{"@type":"ReadAction","target":["https:\/\/www.uoh.cl\/instituto-de-ciencias-sociales\/2025\/11\/18\/justicia-espacial-como-clave-del-desarrollo-desafios-para-el-proximo-gobierno\/"]}]},{"@type":"ImageObject","inLanguage":"es-CL","@id":"https:\/\/www.uoh.cl\/instituto-de-ciencias-sociales\/2025\/11\/18\/justicia-espacial-como-clave-del-desarrollo-desafios-para-el-proximo-gobierno\/#primaryimage","url":"https:\/\/www.uoh.cl\/instituto-de-ciencias-sociales\/wp-content\/uploads\/sites\/29\/2025\/11\/Santiago-1.jpg","contentUrl":"https:\/\/www.uoh.cl\/instituto-de-ciencias-sociales\/wp-content\/uploads\/sites\/29\/2025\/11\/Santiago-1.jpg","width":2000,"height":1333},{"@type":"WebSite","@id":"https:\/\/www.uoh.cl\/instituto-de-ciencias-sociales\/#website","url":"https:\/\/www.uoh.cl\/instituto-de-ciencias-sociales\/","name":"Instituto de Ciencias Sociales","description":"Otro sitio de Sitios de Universidad O'higgins","potentialAction":[{"@type":"SearchAction","target":{"@type":"EntryPoint","urlTemplate":"https:\/\/www.uoh.cl\/instituto-de-ciencias-sociales\/?s={search_term_string}"},"query-input":{"@type":"PropertyValueSpecification","valueRequired":true,"valueName":"search_term_string"}}],"inLanguage":"es-CL"},{"@type":"Person","@id":"https:\/\/www.uoh.cl\/instituto-de-ciencias-sociales\/#\/schema\/person\/ea242e676c7d6d7e46fc8b9e39486c4f","name":"Universidad de O'Higgins","image":{"@type":"ImageObject","inLanguage":"es-CL","@id":"https:\/\/www.uoh.cl\/instituto-de-ciencias-sociales\/#\/schema\/person\/image\/","url":"https:\/\/secure.gravatar.com\/avatar\/78fcb76ca05efae11fd355943c01a832a29786cc00d85b1a82c301bea2b2a214?s=96&d=mm&r=g","contentUrl":"https:\/\/secure.gravatar.com\/avatar\/78fcb76ca05efae11fd355943c01a832a29786cc00d85b1a82c301bea2b2a214?s=96&d=mm&r=g","caption":"Universidad de O'Higgins"}}]}},"_links":{"self":[{"href":"https:\/\/www.uoh.cl\/instituto-de-ciencias-sociales\/wp-json\/wp\/v2\/posts\/3885","targetHints":{"allow":["GET"]}}],"collection":[{"href":"https:\/\/www.uoh.cl\/instituto-de-ciencias-sociales\/wp-json\/wp\/v2\/posts"}],"about":[{"href":"https:\/\/www.uoh.cl\/instituto-de-ciencias-sociales\/wp-json\/wp\/v2\/types\/post"}],"author":[{"embeddable":true,"href":"https:\/\/www.uoh.cl\/instituto-de-ciencias-sociales\/wp-json\/wp\/v2\/users\/34"}],"replies":[{"embeddable":true,"href":"https:\/\/www.uoh.cl\/instituto-de-ciencias-sociales\/wp-json\/wp\/v2\/comments?post=3885"}],"version-history":[{"count":1,"href":"https:\/\/www.uoh.cl\/instituto-de-ciencias-sociales\/wp-json\/wp\/v2\/posts\/3885\/revisions"}],"predecessor-version":[{"id":3891,"href":"https:\/\/www.uoh.cl\/instituto-de-ciencias-sociales\/wp-json\/wp\/v2\/posts\/3885\/revisions\/3891"}],"wp:featuredmedia":[{"embeddable":true,"href":"https:\/\/www.uoh.cl\/instituto-de-ciencias-sociales\/wp-json\/wp\/v2\/media\/3892"}],"wp:attachment":[{"href":"https:\/\/www.uoh.cl\/instituto-de-ciencias-sociales\/wp-json\/wp\/v2\/media?parent=3885"}],"wp:term":[{"taxonomy":"category","embeddable":true,"href":"https:\/\/www.uoh.cl\/instituto-de-ciencias-sociales\/wp-json\/wp\/v2\/categories?post=3885"},{"taxonomy":"post_tag","embeddable":true,"href":"https:\/\/www.uoh.cl\/instituto-de-ciencias-sociales\/wp-json\/wp\/v2\/tags?post=3885"}],"curies":[{"name":"wp","href":"https:\/\/api.w.org\/{rel}","templated":true}]}}