
{"id":2020,"date":"2023-11-30T11:28:56","date_gmt":"2023-11-30T14:28:56","guid":{"rendered":"https:\/\/www.uoh.cl\/instituto-de-ciencias-sociales\/2023\/11\/30\/publican-investigacion-sobre-el-estado-chileno-y-la-proteccion-a-ninos-ninas-y-adolescentes-migrantes\/"},"modified":"2023-11-30T11:28:56","modified_gmt":"2023-11-30T14:28:56","slug":"publican-investigacion-sobre-el-estado-chileno-y-la-proteccion-a-ninos-ninas-y-adolescentes-migrantes","status":"publish","type":"post","link":"https:\/\/www.uoh.cl\/instituto-de-ciencias-sociales\/2023\/11\/30\/publican-investigacion-sobre-el-estado-chileno-y-la-proteccion-a-ninos-ninas-y-adolescentes-migrantes\/","title":{"rendered":"Publican investigaci\u00f3n sobre el Estado chileno y la protecci\u00f3n a ni\u00f1os, ni\u00f1as y adolescentes migrantes"},"content":{"rendered":"<div class=\"wpb-content-wrapper\"><p>[vc_section el_class=&#8221;container mx-auto align-items-center circle&#8211;pattern&#8221; css=&#8221;.vc_custom_1648956589196{padding-top: 3rem !important;}&#8221;][vc_row][vc_column]<div class=\"breadcrumb\"><ol itemscope itemtype=\"https:\/\/schema.org\/BreadcrumbList\"><li itemprop=\"itemListElement\" itemscope itemtype=\"https:\/\/schema.org\/ListItem\"><a itemprop=\"item\" href=\"http:\/\/www.uoh.cl\"><span itemprop=\"name\">Inicio<\/span><\/a><meta itemprop=\"position\" content=\"1\" \/><li itemprop=\"itemListElement\" itemscope itemtype=\"https:\/\/schema.org\/ListItem\"><a itemprop=\"item\" href=\"https:\/\/www.uoh.cl\/instituto-de-ciencias-sociales\"><span itemprop=\"name\">Instituto de Ciencias Sociales<\/span><\/a><meta itemprop=\"position\" content=\"2\" \/><li itemprop=\"itemListElement\" itemscope itemtype=\"https:\/\/schema.org\/ListItem\"><a itemprop=\"item\" href=\"https:\/\/www.uoh.cl\/instituto-de-ciencias-sociales\/noticias\/\"><span itemprop=\"name\">Noticias<\/span><\/a><meta itemprop=\"position\" content=\"3\" \/><li itemprop=\"itemListElement\" itemscope itemtype=\"https:\/\/schema.org\/ListItem\"><span itemprop=\"name\">Publican investigaci\u00f3n sobre el Estado chileno y la protecci\u00f3n a <\/span><meta itemprop=\"position\" content=\"4\" \/><\/ol><\/div><ul class=\"p-0 list-style-none d-inline-block\"><li class=\"p-0\"><a href=https:\/\/www.uoh.cl\/instituto-de-ciencias-sociales\/category\/icso\/ class=\"px-1 py-2\">ICSo<\/a><\/li><\/ul><div class=\"date_publish_post\"> \u25cf Jue 30 de Noviembre 2023<\/div><div class=\"uoh_title_component-container\"><h1 class=\"title title--ms d-inline-block title--decorator  big\">Publican investigaci\u00f3n sobre el Estado chileno y la protecci\u00f3n a ni\u00f1os, ni\u00f1as y adolescentes migrantes<\/h1><\/div>[vc_row_inner el_class=&#8221;border-separator m-0&#8243;][vc_column_inner width=&#8221;2\/3&#8243;]<div class=\"author_wp_class\"> Escrito por <span>Universidad de O'Higgins<\/span><\/div>[\/vc_column_inner][vc_column_inner el_class=&#8221;align-items-end-publish&#8221; width=&#8221;1\/3&#8243;]<div class=\"uoh_social_network_component uoh_row col-12 justify-content-end m-0 p-0\"> <div class=\"icon__facebook-share-button\">\n                       <a href=\"https:\/\/www.facebook.com\/sharer\/sharer.php?u=https:\/\/www.uoh.cl\/instituto-de-ciencias-sociales\/2023\/11\/30\/publican-investigacion-sobre-el-estado-chileno-y-la-proteccion-a-ninos-ninas-y-adolescentes-migrantes\/\" target=\"_blank\"> <div class=\"icon__facebook-svg\"><svg version=\"1.1\" xmlns=\"http:\/\/www.w3.org\/2000\/svg\" xmlns:xlink=\"http:\/\/www.w3.org\/1999\/xlink\" x=\"0px\" y=\"0px\" width=\"22.4px\" height=\"48.3px\" viewBox=\"0 0 22.4 48.3\" style=\"overflow:visible;enable-background:new 0 0 22.4 48.3;\" xml:space=\"preserve\">\n                <defs>\n                <\/defs>\n                <path class=\"st0\" d=\"M22.4,15.6h-7.6v-5c0-1.9,1.2-2.3,2.1-2.3c0.9,0,5.4,0,5.4,0V0l-7.4,0C6.6,0,4.8,6.2,4.8,10.1v5.5H0v8.5h4.8\n                    c0,10.9,0,24.1,0,24.1h10c0,0,0-13.3,0-24.1h6.8L22.4,15.6z\"><\/path>\n                <\/svg><\/a><\/div>\n                    <\/div><div class=\"icon__twitter-share-button\">\n                        <div class=\"icon__twitter-svg\"><a target=\"_blank\" href=\"http:\/\/twitter.com\/share?url=https:\/\/www.uoh.cl\/instituto-de-ciencias-sociales\/2023\/11\/30\/publican-investigacion-sobre-el-estado-chileno-y-la-proteccion-a-ninos-ninas-y-adolescentes-migrantes\/\"><svg xmlns=\"http:\/\/www.w3.org\/2000\/svg\" height=\"1em\" viewBox=\"0 0 512 512\"><!--! Font Awesome Free 6.4.2 by @fontawesome - https:\/\/fontawesome.com License - https:\/\/fontawesome.com\/license (Commercial License) Copyright 2023 Fonticons, Inc. --><path d=\"M389.2 48h70.6L305.6 224.2 487 464H345L233.7 318.6 106.5 464H35.8L200.7 275.5 26.8 48H172.4L272.9 180.9 389.2 48zM364.4 421.8h39.1L151.1 88h-42L364.4 421.8z\"\/><\/svg><\/a><\/div>\n                        <\/div><div class=\"icon__linkedin-share-button\">\n                        <div class=\"icon__linkedin-svg\">\n                        <a target=\"__blank\" href=\"https:\/\/www.linkedin.com\/sharing\/share-offsite\/?url=https:\/\/www.uoh.cl\/instituto-de-ciencias-sociales\/2023\/11\/30\/publican-investigacion-sobre-el-estado-chileno-y-la-proteccion-a-ninos-ninas-y-adolescentes-migrantes\/\"><svg enable-background=\"new 0 0 100 100\" height=\"100px\" id=\"Layer_1\" version=\"1.1\" viewBox=\"0 0 100 100\" width=\"100px\" xml:space=\"preserve\" xmlns=\"http:\/\/www.w3.org\/2000\/svg\" xmlns:xlink=\"http:\/\/www.w3.org\/1999\/xlink\"><g><circle cx=\"50\" cy=\"50\" fill=\"#ccc\" r=\"45\"\/><g id=\"LinkedIn_1_\"><rect fill=\"#FFFFFF\" height=\"24.361\" width=\"7.69\" x=\"31.271\" y=\"43.569\"\/><path d=\"M59.968,43.334c-4.406,0-7.165,2.387-7.677,4.058v-3.823h-8.636c0.109,2.03,0,24.361,0,24.361h8.636    V54.748c0-0.733-0.034-1.465,0.19-1.991c0.594-1.464,1.869-2.985,4.162-2.985c2.998,0,4.361,2.253,4.361,5.552V67.93h8.721V54.384    C69.726,46.839,65.432,43.334,59.968,43.334z\" fill=\"#FFFFFF\"\/><path d=\"M34.973,32.069c-2.839,0-4.696,1.823-4.696,4.229c0,2.361,1.804,4.224,4.589,4.224h0.054    c2.891,0,4.69-1.869,4.69-4.229C39.555,33.888,37.81,32.069,34.973,32.069z\" fill=\"#FFFFFF\"\/><\/g><\/g><\/svg><\/a><\/div>\n\n            <\/div><\/div>[\/vc_column_inner][\/vc_row_inner][vc_single_image image=&#8221;29536&#8243; img_size=&#8221;full&#8221; add_caption=&#8221;yes&#8221; alignment=&#8221;center&#8221; onclick=&#8221;img_link_large&#8221; img_link_target=&#8221;_blank&#8221;][vc_column_text]\u00a0[\/vc_column_text][vc_column_text]<\/p>\n<ul>\n<li><i>Estudio reconoce que por parte del Estado de Chile \u201cexisten esfuerzos para brindar protecci\u00f3n\u201d a ni\u00f1os, ni\u00f1as y adolescentes migrantes, sin embargo, \u00e9stos \u201cresultan insuficientes\u201d.<\/i><\/li>\n<\/ul>\n<p>[\/vc_column_text][vc_column_text]\u00a0[\/vc_column_text][vc_column_text]El art\u00edculo\u00a0<a href=\"https:\/\/www.publicacoesacademicas.uniceub.br\/rdi\/article\/view\/9139.\" data-saferedirecturl=\"https:\/\/www.google.com\/url?q=https:\/\/www.publicacoesacademicas.uniceub.br\/rdi\/article\/view\/9139.&amp;source=gmail&amp;ust=1701437526688000&amp;usg=AOvVaw3-4SzYfnVjA-u5U4y8YrCV\">&#8220;Movilidad forzada internacional de ni\u00f1os, ni\u00f1as y adolescentes en Chile: refugio, regularizaci\u00f3n y reconducci\u00f3n&#8221;<\/a>\u00a0analiza c\u00f3mo en la \u00faltima d\u00e9cada el Estado chileno ha abordado el desplazamiento de ni\u00f1os, ni\u00f1as y adolescentes (NNA) migrantes, y lo hace empleando una metodolog\u00eda cualitativa de an\u00e1lisis documental de literatura especializada, material estad\u00edstico e informes relativos a infancia y adolescencia migrante y refugiada en Chile y en la regi\u00f3n.<\/p>\n<p>El estudio, realizado por la investigadora postdoctoral de la\u00a0<a href=\"http:\/\/www.uoh.cl\/\" data-saferedirecturl=\"https:\/\/www.google.com\/url?q=http:\/\/www.uoh.cl\/&amp;source=gmail&amp;ust=1701437526688000&amp;usg=AOvVaw1-xojE5Jg6tHFx4thz3NXf\">Universidad de O\u2019Higgins<\/a>\u00a0(UOH),\u00a0<a href=\"https:\/\/www.uoh.cl\/instituto-de-ciencias-sociales\/academico\/martina-cocina\/\" data-saferedirecturl=\"https:\/\/www.google.com\/url?q=https:\/\/www.uoh.cl\/instituto-de-ciencias-sociales\/academico\/martina-cocina\/&amp;source=gmail&amp;ust=1701437526688000&amp;usg=AOvVaw1aj9ZzVZEXWfKqfuZsLvNd\">Martina Coci\u00f1a Cholaky<\/a>, y la acad\u00e9mica de la Universidad de Tarapac\u00e1, Juliana D\u00edaz Pantoja, se\u00f1ala que en los \u00faltimos a\u00f1os ha habido un \u201caumento sustancial de ingresos de NNA por pasos no habilitados, particularmente, de NNA de nacionalidad venezolana\u201d. Ante este panorama, examinan las principales respuestas que se han generado por parte del ordenamiento jur\u00eddico chileno, as\u00ed como la correspondencia de las medidas adoptadas frente a los est\u00e1ndares internacionales sobre protecci\u00f3n de infancia y adolescencia.<\/p>\n<h4><strong>Estado chileno al debe<\/strong><\/h4>\n<p>En Chile la inmigraci\u00f3n de personas ha experimentado un alza sustancial en el \u00faltimo tiempo. En particular, los desplazamientos en contexto de movilidad forzada se han incrementado en n\u00famero y en precariedad, afectando en especial a la infancia y adolescencia. En este sentido, el estudio da cuenta que \u201caunque los NNA constituyen una poblaci\u00f3n en situaci\u00f3n de vulnerabilidad, el Estado de Chile, en su mayor\u00eda, no le ha concedido resguardo a los NNA solicitantes de refugio\u201d, detalla Martina Coci\u00f1a.<\/p>\n<p>La investigadora postdoctoral del Instituto de Ciencias Sociales (ICSO) de la UOH explica que \u201ca pesar del incremento de los desplazamientos forzados, el Estado chileno ha concedido refugio a un escaso n\u00famero de NNA solicitantes, en la mayor\u00eda de los casos, no se les ha otorgado respuesta, lo que es, particularmente, preocupante considerando la grave crisis que afecta a Venezuela\u201d.<\/p>\n<p>Agrega, que \u201csi bien existen esfuerzos por parte del Estado chileno para brindar protecci\u00f3n a NNA, en contexto de movilidad forzada, \u00e9stos resultan insuficientes a la luz del principio de inter\u00e9s superior del ni\u00f1o\/a\u201d.<\/p>\n<p>Este art\u00edculo fue elaborado en el marco del FONDECYT Posdoctoral ANID N\u00b0 3230279 &#8220;<strong><em>Derecho al refugio en Chile. Un estudio sobre su consagraci\u00f3n normativa y aplicaci\u00f3n pr\u00e1ctica<\/em><\/strong>&#8220;, y se encuentra publicado en la Revista Direito Internacional, indexada en SCOPUS. Asimismo, ha sido\u00a0<a href=\"https:\/\/catedraunesconinez.cl\/te-invitamos-a-que-conozcas-movilidad-forzada-internacional-de-ninos-ninas-y-adolescentes-en-chile-refugio-regularizacion-y-reconduccion\/\" data-saferedirecturl=\"https:\/\/www.google.com\/url?q=https:\/\/catedraunesconinez.cl\/te-invitamos-a-que-conozcas-movilidad-forzada-internacional-de-ninos-ninas-y-adolescentes-en-chile-refugio-regularizacion-y-reconduccion\/&amp;source=gmail&amp;ust=1701437526688000&amp;usg=AOvVaw1_5AYm9L4EraLZb2HPecao\">recomendado por la C\u00e1tedra de la UNESCO<\/a>.<\/p>\n<p>Una de las l\u00edneas de investigaci\u00f3n a desarrollar a futuro, a partir de esta investigaci\u00f3n, es \u201cindagar en mecanismos de regularizaci\u00f3n flexibles al contexto de la movilidad de NNA, atendiendo a sus necesidades de protecci\u00f3n y a las obligaciones emanadas del inter\u00e9s superior del ni\u00f1o\/a\u201d, explica Martina Coci\u00f1a.[\/vc_column_text][vc_zigzag color=&#8221;white&#8221;][vc_row_inner][vc_column_inner][\/vc_column_inner][\/vc_row_inner][\/vc_column][\/vc_row][\/vc_section][vc_section css=&#8221;.vc_custom_1650255686594{background-color: #f6faff !important;}&#8221; el_class=&#8221;p-md-0 pt-md-5&#8243;][vc_row el_class=&#8221;container mx-auto align-items-center p-md-0 pt-5 pb-5&#8243;][vc_column el_class=&#8221;pb-5&#8243;][vc_row_inner el_class=&#8221;pb-5&#8243;][vc_column_inner]<div class=\"row m-0 p-0\"><div class=\"col-12 col-md-9 pt-5 pt-md-0\"><h2 class=\"title title--decorator title--ms d-inline-block\">Te Recomendamos<\/h2><\/div><\/div><div class=\"content-holder\"><div class=\"row  swipper-news-list not--activate-hack \"><div class=\"row -wrapper\"><div class=\"  col-sm-6 col-md-4 img-article\">\n                                        <div class=\"content-news-display row m-0 p-0\"><div class=\"holder p-0 \"><div class=\"img-wrap img-wrap-news\">\n                                        <div class=\"caption__news-category\">\n                                        <a href=\"https:\/\/www.uoh.cl\/instituto-de-ciencias-sociales\/category\/institucional\/\">\n                                        Institucional<\/a><\/div><img decoding=\"async\" class=\"w-100 h-100 lazyload\" data-src=\"https:\/\/www.uoh.cl\/instituto-de-ciencias-sociales\/wp-content\/uploads\/sites\/29\/2026\/04\/Inauguracion-Ano-Academico-2026-6.jpg\" alt=\"Reflexi\u00f3n universitaria: UOH inaugura A\u00f1o Acad\u00e9mico 2026 pensando en los desaf\u00edos de la Educaci\u00f3n Superior\" style=\"--smush-placeholder-width: 1500px; --smush-placeholder-aspect-ratio: 1500\/1000;object-fit: cover; object-position: center;\" src=\"data:image\/svg+xml;base64,PHN2ZyB3aWR0aD0iMSIgaGVpZ2h0PSIxIiB4bWxucz0iaHR0cDovL3d3dy53My5vcmcvMjAwMC9zdmciPjwvc3ZnPg==\"><\/div><\/div><div class=\"caption py-3 caption__news py-md-3 pb-md-5\">\n                                    <span class=\"caption__date\">Mi\u00e9rcoles 29, Abril<\/span>\n                                     <a href=\"https:\/\/www.uoh.cl\/instituto-de-ciencias-sociales\/2026\/04\/29\/reflexion-universitaria-uoh-inaugura-ano-academico-2026-pensando-en-los-desafios-de-la-educacion-superior\/\">\n                                    <h3 class=\"small-space\">Reflexi\u00f3n universitaria: UOH inaugura A\u00f1o Acad\u00e9mico 2026 pensando en los desaf\u00edos de la Educaci\u00f3n Superior<\/h3><\/a>\n\n                                    <p>La ceremonia promovi\u00f3 el an\u00e1lisis acerca de los cambios educativos que se avecinan dentro de los procesos de formaci\u00f3n universitaria ajustados a contextos digitales.   <\/p>\n                                    <a class=\"link link--bold mt-md-3\" href=\"https:\/\/www.uoh.cl\/instituto-de-ciencias-sociales\/2026\/04\/29\/reflexion-universitaria-uoh-inaugura-ano-academico-2026-pensando-en-los-desafios-de-la-educacion-superior\/\">Saber m\u00e1s <span class=\"icon icon--inline icon--link\"><svg version=\"1.1\" xmlns=\"http:\/\/www.w3.org\/2000\/svg\" xmlns:xlink=\"http:\/\/www.w3.org\/1999\/xlink\" x=\"0px\" y=\"0px\" width=\"22px\"height=\"22px\" viewBox=\"0 0 22 22\" style=\"overflow:visible;enable-background:new 0 0 80 64.6;\" xml:space=\"preserve\"><g clip-path=\"url(#acA)\"><path fill-rule=\"evenodd\" d=\"M21.913 11.266a.93.93 0 000-.711c-.022-.056-.063-.097-.091-.144s-.053-.103-.097-.15L12.306.294c-.357-.379-.955-.394-1.334-.038s-.394.955-.038 1.334l7.917 8.374H.927a.95.95 0 00-.908.983.946.946 0 00.908.908h17.924l-8.089 8.552c-.357.379-.341.977.034 1.334s.977.341 1.334-.034l9.594-10.148c.044-.044.063-.1.097-.15.028-.047.069-.088.091-.141z\"\/><\/g><defs><clipPath id=\"acA\"><path fill=\"#fff\" d=\"M0 0h22v22H0z\"\/><\/clipPath><\/defs><\/svg><\/span><\/a><\/div><\/div><\/div><div class=\"  col-sm-6 col-md-4 img-article\">\n                                        <div class=\"content-news-display row m-0 p-0\"><div class=\"holder p-0 \"><div class=\"img-wrap img-wrap-news\">\n                                        <div class=\"caption__news-category\">\n                                        <a href=\"https:\/\/www.uoh.cl\/instituto-de-ciencias-sociales\/category\/ciencias-sociales\/\">\n                                        Ciencias Sociales<\/a><\/div><img decoding=\"async\" class=\"w-100 h-100 lazyload\" data-src=\"https:\/\/www.uoh.cl\/instituto-de-ciencias-sociales\/wp-content\/uploads\/sites\/29\/2026\/04\/Ciudad.jpg\" alt=\"Policrisis y ciudades al l\u00edmite: experta advierte que modelo urbano chileno \u201cest\u00e1 agotado\u201d\" style=\"--smush-placeholder-width: 2000px; --smush-placeholder-aspect-ratio: 2000\/1335;object-fit: cover; object-position: center;\" src=\"data:image\/svg+xml;base64,PHN2ZyB3aWR0aD0iMSIgaGVpZ2h0PSIxIiB4bWxucz0iaHR0cDovL3d3dy53My5vcmcvMjAwMC9zdmciPjwvc3ZnPg==\"><\/div><\/div><div class=\"caption py-3 caption__news py-md-3 pb-md-5\">\n                                    <span class=\"caption__date\">Jueves 23, Abril<\/span>\n                                     <a href=\"https:\/\/www.uoh.cl\/instituto-de-ciencias-sociales\/2026\/04\/23\/policrisis-y-ciudades-al-limite-experta-advierte-que-modelo-urbano-chileno-esta-agotado\/\">\n                                    <h3 class=\"small-space\">Policrisis y ciudades al l\u00edmite: experta advierte que modelo urbano chileno \u201cest\u00e1 agotado\u201d<\/h3><\/a>\n\n                                    <p>La acad\u00e9mica Gabriela Guevara Cu\u00e9 sostiene que la convergencia de crisis econ\u00f3micas, clim\u00e1ticas, de contaminaci\u00f3n y energ\u00e9ticas est\u00e1 tensionando un modelo de desarrollo urbano incapaz de responder a los desaf\u00edos actuales, profundizando desigualdades y fragilidad territorial.<\/p>\n                                    <a class=\"link link--bold mt-md-3\" href=\"https:\/\/www.uoh.cl\/instituto-de-ciencias-sociales\/2026\/04\/23\/policrisis-y-ciudades-al-limite-experta-advierte-que-modelo-urbano-chileno-esta-agotado\/\">Saber m\u00e1s <span class=\"icon icon--inline icon--link\"><svg version=\"1.1\" xmlns=\"http:\/\/www.w3.org\/2000\/svg\" xmlns:xlink=\"http:\/\/www.w3.org\/1999\/xlink\" x=\"0px\" y=\"0px\" width=\"22px\"height=\"22px\" viewBox=\"0 0 22 22\" style=\"overflow:visible;enable-background:new 0 0 80 64.6;\" xml:space=\"preserve\"><g clip-path=\"url(#acA)\"><path fill-rule=\"evenodd\" d=\"M21.913 11.266a.93.93 0 000-.711c-.022-.056-.063-.097-.091-.144s-.053-.103-.097-.15L12.306.294c-.357-.379-.955-.394-1.334-.038s-.394.955-.038 1.334l7.917 8.374H.927a.95.95 0 00-.908.983.946.946 0 00.908.908h17.924l-8.089 8.552c-.357.379-.341.977.034 1.334s.977.341 1.334-.034l9.594-10.148c.044-.044.063-.1.097-.15.028-.047.069-.088.091-.141z\"\/><\/g><defs><clipPath id=\"acA\"><path fill=\"#fff\" d=\"M0 0h22v22H0z\"\/><\/clipPath><\/defs><\/svg><\/span><\/a><\/div><\/div><\/div><div class=\"  col-sm-6 col-md-4 img-article\">\n                                        <div class=\"content-news-display row m-0 p-0\"><div class=\"holder p-0 \"><div class=\"img-wrap img-wrap-news\">\n                                        <div class=\"caption__news-category\">\n                                        <a href=\"https:\/\/www.uoh.cl\/instituto-de-ciencias-sociales\/category\/cuech\/\">\n                                        CUECH<\/a><\/div><img decoding=\"async\" class=\"w-100 h-100 lazyload\" data-src=\"https:\/\/www.uoh.cl\/instituto-de-ciencias-sociales\/wp-content\/uploads\/sites\/29\/2026\/04\/DSC_2431-scaled.jpg\" alt=\"Universidades estatales sellan hoja de ruta 2030: Red Desarrollo Sustentable entra en fase de consolidaci\u00f3n\" style=\"--smush-placeholder-width: 2560px; --smush-placeholder-aspect-ratio: 2560\/1707;object-fit: cover; object-position: center;\" src=\"data:image\/svg+xml;base64,PHN2ZyB3aWR0aD0iMSIgaGVpZ2h0PSIxIiB4bWxucz0iaHR0cDovL3d3dy53My5vcmcvMjAwMC9zdmciPjwvc3ZnPg==\"><\/div><\/div><div class=\"caption py-3 caption__news py-md-3 pb-md-5\">\n                                    <span class=\"caption__date\">Mi\u00e9rcoles 15, Abril<\/span>\n                                     <a href=\"https:\/\/www.uoh.cl\/instituto-de-ciencias-sociales\/2026\/04\/15\/universidades-estatales-sellan-hoja-de-ruta-2030-red-desarrollo-sustentable-entra-en-fase-de-consolidacion\/\">\n                                    <h3 class=\"small-space\">Universidades estatales sellan hoja de ruta 2030: Red Desarrollo Sustentable entra en fase de consolidaci\u00f3n<\/h3><\/a>\n\n                                    <p>En el Plenario realizado en la Universidad de O'Higgins, los 18 planteles p\u00fablicos definieron sus metas estrat\u00e9gicas para el periodo 2026-2030. El plan priorizar\u00e1 la institucionalizaci\u00f3n de capacidades, un diplomado para organismos p\u00fablicos y la medici\u00f3n de la huella h\u00eddrica en los campus.<\/p>\n                                    <a class=\"link link--bold mt-md-3\" href=\"https:\/\/www.uoh.cl\/instituto-de-ciencias-sociales\/2026\/04\/15\/universidades-estatales-sellan-hoja-de-ruta-2030-red-desarrollo-sustentable-entra-en-fase-de-consolidacion\/\">Saber m\u00e1s <span class=\"icon icon--inline icon--link\"><svg version=\"1.1\" xmlns=\"http:\/\/www.w3.org\/2000\/svg\" xmlns:xlink=\"http:\/\/www.w3.org\/1999\/xlink\" x=\"0px\" y=\"0px\" width=\"22px\"height=\"22px\" viewBox=\"0 0 22 22\" style=\"overflow:visible;enable-background:new 0 0 80 64.6;\" xml:space=\"preserve\"><g clip-path=\"url(#acA)\"><path fill-rule=\"evenodd\" d=\"M21.913 11.266a.93.93 0 000-.711c-.022-.056-.063-.097-.091-.144s-.053-.103-.097-.15L12.306.294c-.357-.379-.955-.394-1.334-.038s-.394.955-.038 1.334l7.917 8.374H.927a.95.95 0 00-.908.983.946.946 0 00.908.908h17.924l-8.089 8.552c-.357.379-.341.977.034 1.334s.977.341 1.334-.034l9.594-10.148c.044-.044.063-.1.097-.15.028-.047.069-.088.091-.141z\"\/><\/g><defs><clipPath id=\"acA\"><path fill=\"#fff\" d=\"M0 0h22v22H0z\"\/><\/clipPath><\/defs><\/svg><\/span><\/a><\/div><\/div><\/div><\/div><\/div><\/div><div class=\"pagination justify-content-center my-5\"><span aria-current=\"page\" class=\"page-numbers current\">1<\/span>\n<a class=\"page-numbers\" href=\"https:\/\/www.uoh.cl\/instituto-de-ciencias-sociales\/wp-json\/wp\/v2\/posts\/2020\/\/page\/2\">2<\/a>\n<a class=\"page-numbers\" href=\"https:\/\/www.uoh.cl\/instituto-de-ciencias-sociales\/wp-json\/wp\/v2\/posts\/2020\/\/page\/3\">3<\/a>\n<span class=\"page-numbers dots\">&hellip;<\/span>\n<a class=\"page-numbers\" href=\"https:\/\/www.uoh.cl\/instituto-de-ciencias-sociales\/wp-json\/wp\/v2\/posts\/2020\/\/page\/103\">103<\/a>\n<a class=\"next page-numbers\" href=\"https:\/\/www.uoh.cl\/instituto-de-ciencias-sociales\/wp-json\/wp\/v2\/posts\/2020\/\/page\/2\"><div class=\"icon-pagination-next\"> <?xml version=\"1.0\" ?><svg viewBox=\"0 0 96 96\" xmlns=\"http:\/\/www.w3.org\/2000\/svg\"><title\/><path d=\"M39.3756,48.0022l30.47-25.39a6.0035,6.0035,0,0,0-7.6878-9.223L26.1563,43.3906a6.0092,6.0092,0,0,0,0,9.2231L62.1578,82.615a6.0035,6.0035,0,0,0,7.6878-9.2231Z\"\/><\/svg> <\/div><\/a><\/div>[\/vc_column_inner][\/vc_row_inner][\/vc_column][\/vc_row][\/vc_section]<\/p>\n<\/div>","protected":false},"excerpt":{"rendered":"<p>Estudio reconoce que por parte del Estado de Chile \u201cexisten esfuerzos para brindar protecci\u00f3n\u201d a ni\u00f1os, ni\u00f1as y adolescentes migrantes, sin embargo, \u00e9stos \u201cresultan insuficientes\u201d.<\/p>\n","protected":false},"author":34,"featured_media":2021,"comment_status":"open","ping_status":"open","sticky":false,"template":"","format":"standard","meta":{"_acf_changed":false,"footnotes":""},"categories":[72],"tags":[],"class_list":["post-2020","post","type-post","status-publish","format-standard","has-post-thumbnail","hentry","category-icso"],"acf":[],"yoast_head":"<!-- This site is optimized with the Yoast SEO plugin v26.6 - https:\/\/yoast.com\/wordpress\/plugins\/seo\/ -->\n<title>Publican investigaci\u00f3n sobre el Estado chileno y la protecci\u00f3n a ni\u00f1os, ni\u00f1as y adolescentes migrantes - Instituto de Ciencias Sociales<\/title>\n<meta name=\"description\" content=\"Estudio reconoce que por parte del Estado de Chile \u201cexisten esfuerzos para brindar protecci\u00f3n\u201d a ni\u00f1os, ni\u00f1as y adolescentes migrantes, sin embargo, \u00e9stos \u201cresultan insuficientes\u201d.\" \/>\n<meta name=\"robots\" content=\"noindex, nofollow\" \/>\n<meta property=\"og:locale\" content=\"es_ES\" \/>\n<meta property=\"og:type\" content=\"article\" \/>\n<meta property=\"og:title\" content=\"Publican investigaci\u00f3n sobre el Estado chileno y la protecci\u00f3n a ni\u00f1os, ni\u00f1as y adolescentes migrantes - Instituto de Ciencias Sociales\" \/>\n<meta property=\"og:description\" content=\"Estudio reconoce que por parte del Estado de Chile \u201cexisten esfuerzos para brindar protecci\u00f3n\u201d a ni\u00f1os, ni\u00f1as y adolescentes migrantes, sin embargo, \u00e9stos \u201cresultan insuficientes\u201d.\" \/>\n<meta property=\"og:url\" content=\"https:\/\/www.uoh.cl\/instituto-de-ciencias-sociales\/2023\/11\/30\/publican-investigacion-sobre-el-estado-chileno-y-la-proteccion-a-ninos-ninas-y-adolescentes-migrantes\/\" \/>\n<meta property=\"og:site_name\" content=\"Instituto de Ciencias Sociales\" \/>\n<meta property=\"article:published_time\" content=\"2023-11-30T14:28:56+00:00\" \/>\n<meta property=\"og:image\" content=\"https:\/\/www.uoh.cl\/instituto-de-ciencias-sociales\/wp-content\/uploads\/sites\/29\/2023\/11\/Proteccion-a-ninos-ninas-y-adolescentes-migrantes-1.png\" \/>\n\t<meta property=\"og:image:width\" content=\"1000\" \/>\n\t<meta property=\"og:image:height\" content=\"1000\" \/>\n\t<meta property=\"og:image:type\" content=\"image\/png\" \/>\n<meta name=\"author\" content=\"Universidad de O&#039;Higgins\" \/>\n<meta name=\"twitter:card\" content=\"summary_large_image\" \/>\n<meta name=\"twitter:label1\" content=\"Escrito por\" \/>\n\t<meta name=\"twitter:data1\" content=\"Universidad de O&#039;Higgins\" \/>\n\t<meta name=\"twitter:label2\" content=\"Tiempo estimado de lectura\" \/>\n\t<meta name=\"twitter:data2\" content=\"3 minutos\" \/>\n<script type=\"application\/ld+json\" class=\"yoast-schema-graph\">{\"@context\":\"https:\/\/schema.org\",\"@graph\":[{\"@type\":\"WebPage\",\"@id\":\"https:\/\/www.uoh.cl\/instituto-de-ciencias-sociales\/2023\/11\/30\/publican-investigacion-sobre-el-estado-chileno-y-la-proteccion-a-ninos-ninas-y-adolescentes-migrantes\/\",\"url\":\"https:\/\/www.uoh.cl\/instituto-de-ciencias-sociales\/2023\/11\/30\/publican-investigacion-sobre-el-estado-chileno-y-la-proteccion-a-ninos-ninas-y-adolescentes-migrantes\/\",\"name\":\"Publican investigaci\u00f3n sobre el Estado chileno y la protecci\u00f3n a ni\u00f1os, ni\u00f1as y adolescentes migrantes - Instituto de Ciencias Sociales\",\"isPartOf\":{\"@id\":\"https:\/\/www.uoh.cl\/instituto-de-ciencias-sociales\/#website\"},\"primaryImageOfPage\":{\"@id\":\"https:\/\/www.uoh.cl\/instituto-de-ciencias-sociales\/2023\/11\/30\/publican-investigacion-sobre-el-estado-chileno-y-la-proteccion-a-ninos-ninas-y-adolescentes-migrantes\/#primaryimage\"},\"image\":{\"@id\":\"https:\/\/www.uoh.cl\/instituto-de-ciencias-sociales\/2023\/11\/30\/publican-investigacion-sobre-el-estado-chileno-y-la-proteccion-a-ninos-ninas-y-adolescentes-migrantes\/#primaryimage\"},\"thumbnailUrl\":\"https:\/\/www.uoh.cl\/instituto-de-ciencias-sociales\/wp-content\/uploads\/sites\/29\/2023\/11\/Proteccion-a-ninos-ninas-y-adolescentes-migrantes-1.png\",\"datePublished\":\"2023-11-30T14:28:56+00:00\",\"author\":{\"@id\":\"https:\/\/www.uoh.cl\/instituto-de-ciencias-sociales\/#\/schema\/person\/ea242e676c7d6d7e46fc8b9e39486c4f\"},\"description\":\"Estudio reconoce que por parte del Estado de Chile \u201cexisten esfuerzos para brindar protecci\u00f3n\u201d a ni\u00f1os, ni\u00f1as y adolescentes migrantes, sin embargo, \u00e9stos \u201cresultan insuficientes\u201d.\",\"inLanguage\":\"es-CL\",\"potentialAction\":[{\"@type\":\"ReadAction\",\"target\":[\"https:\/\/www.uoh.cl\/instituto-de-ciencias-sociales\/2023\/11\/30\/publican-investigacion-sobre-el-estado-chileno-y-la-proteccion-a-ninos-ninas-y-adolescentes-migrantes\/\"]}]},{\"@type\":\"ImageObject\",\"inLanguage\":\"es-CL\",\"@id\":\"https:\/\/www.uoh.cl\/instituto-de-ciencias-sociales\/2023\/11\/30\/publican-investigacion-sobre-el-estado-chileno-y-la-proteccion-a-ninos-ninas-y-adolescentes-migrantes\/#primaryimage\",\"url\":\"https:\/\/www.uoh.cl\/instituto-de-ciencias-sociales\/wp-content\/uploads\/sites\/29\/2023\/11\/Proteccion-a-ninos-ninas-y-adolescentes-migrantes-1.png\",\"contentUrl\":\"https:\/\/www.uoh.cl\/instituto-de-ciencias-sociales\/wp-content\/uploads\/sites\/29\/2023\/11\/Proteccion-a-ninos-ninas-y-adolescentes-migrantes-1.png\",\"width\":1000,\"height\":1000},{\"@type\":\"WebSite\",\"@id\":\"https:\/\/www.uoh.cl\/instituto-de-ciencias-sociales\/#website\",\"url\":\"https:\/\/www.uoh.cl\/instituto-de-ciencias-sociales\/\",\"name\":\"Instituto de Ciencias Sociales\",\"description\":\"Otro sitio de Sitios de Universidad O'higgins\",\"potentialAction\":[{\"@type\":\"SearchAction\",\"target\":{\"@type\":\"EntryPoint\",\"urlTemplate\":\"https:\/\/www.uoh.cl\/instituto-de-ciencias-sociales\/?s={search_term_string}\"},\"query-input\":{\"@type\":\"PropertyValueSpecification\",\"valueRequired\":true,\"valueName\":\"search_term_string\"}}],\"inLanguage\":\"es-CL\"},{\"@type\":\"Person\",\"@id\":\"https:\/\/www.uoh.cl\/instituto-de-ciencias-sociales\/#\/schema\/person\/ea242e676c7d6d7e46fc8b9e39486c4f\",\"name\":\"Universidad de O'Higgins\",\"image\":{\"@type\":\"ImageObject\",\"inLanguage\":\"es-CL\",\"@id\":\"https:\/\/www.uoh.cl\/instituto-de-ciencias-sociales\/#\/schema\/person\/image\/\",\"url\":\"https:\/\/secure.gravatar.com\/avatar\/78fcb76ca05efae11fd355943c01a832a29786cc00d85b1a82c301bea2b2a214?s=96&d=mm&r=g\",\"contentUrl\":\"https:\/\/secure.gravatar.com\/avatar\/78fcb76ca05efae11fd355943c01a832a29786cc00d85b1a82c301bea2b2a214?s=96&d=mm&r=g\",\"caption\":\"Universidad de O'Higgins\"}}]}<\/script>\n<!-- \/ Yoast SEO plugin. -->","yoast_head_json":{"title":"Publican investigaci\u00f3n sobre el Estado chileno y la protecci\u00f3n a ni\u00f1os, ni\u00f1as y adolescentes migrantes - Instituto de Ciencias Sociales","description":"Estudio reconoce que por parte del Estado de Chile \u201cexisten esfuerzos para brindar protecci\u00f3n\u201d a ni\u00f1os, ni\u00f1as y adolescentes migrantes, sin embargo, \u00e9stos \u201cresultan insuficientes\u201d.","robots":{"index":"noindex","follow":"nofollow"},"og_locale":"es_ES","og_type":"article","og_title":"Publican investigaci\u00f3n sobre el Estado chileno y la protecci\u00f3n a ni\u00f1os, ni\u00f1as y adolescentes migrantes - Instituto de Ciencias Sociales","og_description":"Estudio reconoce que por parte del Estado de Chile \u201cexisten esfuerzos para brindar protecci\u00f3n\u201d a ni\u00f1os, ni\u00f1as y adolescentes migrantes, sin embargo, \u00e9stos \u201cresultan insuficientes\u201d.","og_url":"https:\/\/www.uoh.cl\/instituto-de-ciencias-sociales\/2023\/11\/30\/publican-investigacion-sobre-el-estado-chileno-y-la-proteccion-a-ninos-ninas-y-adolescentes-migrantes\/","og_site_name":"Instituto de Ciencias Sociales","article_published_time":"2023-11-30T14:28:56+00:00","og_image":[{"width":1000,"height":1000,"url":"https:\/\/www.uoh.cl\/instituto-de-ciencias-sociales\/wp-content\/uploads\/sites\/29\/2023\/11\/Proteccion-a-ninos-ninas-y-adolescentes-migrantes-1.png","type":"image\/png"}],"author":"Universidad de O'Higgins","twitter_card":"summary_large_image","twitter_misc":{"Escrito por":"Universidad de O'Higgins","Tiempo estimado de lectura":"3 minutos"},"schema":{"@context":"https:\/\/schema.org","@graph":[{"@type":"WebPage","@id":"https:\/\/www.uoh.cl\/instituto-de-ciencias-sociales\/2023\/11\/30\/publican-investigacion-sobre-el-estado-chileno-y-la-proteccion-a-ninos-ninas-y-adolescentes-migrantes\/","url":"https:\/\/www.uoh.cl\/instituto-de-ciencias-sociales\/2023\/11\/30\/publican-investigacion-sobre-el-estado-chileno-y-la-proteccion-a-ninos-ninas-y-adolescentes-migrantes\/","name":"Publican investigaci\u00f3n sobre el Estado chileno y la protecci\u00f3n a ni\u00f1os, ni\u00f1as y adolescentes migrantes - Instituto de Ciencias Sociales","isPartOf":{"@id":"https:\/\/www.uoh.cl\/instituto-de-ciencias-sociales\/#website"},"primaryImageOfPage":{"@id":"https:\/\/www.uoh.cl\/instituto-de-ciencias-sociales\/2023\/11\/30\/publican-investigacion-sobre-el-estado-chileno-y-la-proteccion-a-ninos-ninas-y-adolescentes-migrantes\/#primaryimage"},"image":{"@id":"https:\/\/www.uoh.cl\/instituto-de-ciencias-sociales\/2023\/11\/30\/publican-investigacion-sobre-el-estado-chileno-y-la-proteccion-a-ninos-ninas-y-adolescentes-migrantes\/#primaryimage"},"thumbnailUrl":"https:\/\/www.uoh.cl\/instituto-de-ciencias-sociales\/wp-content\/uploads\/sites\/29\/2023\/11\/Proteccion-a-ninos-ninas-y-adolescentes-migrantes-1.png","datePublished":"2023-11-30T14:28:56+00:00","author":{"@id":"https:\/\/www.uoh.cl\/instituto-de-ciencias-sociales\/#\/schema\/person\/ea242e676c7d6d7e46fc8b9e39486c4f"},"description":"Estudio reconoce que por parte del Estado de Chile \u201cexisten esfuerzos para brindar protecci\u00f3n\u201d a ni\u00f1os, ni\u00f1as y adolescentes migrantes, sin embargo, \u00e9stos \u201cresultan insuficientes\u201d.","inLanguage":"es-CL","potentialAction":[{"@type":"ReadAction","target":["https:\/\/www.uoh.cl\/instituto-de-ciencias-sociales\/2023\/11\/30\/publican-investigacion-sobre-el-estado-chileno-y-la-proteccion-a-ninos-ninas-y-adolescentes-migrantes\/"]}]},{"@type":"ImageObject","inLanguage":"es-CL","@id":"https:\/\/www.uoh.cl\/instituto-de-ciencias-sociales\/2023\/11\/30\/publican-investigacion-sobre-el-estado-chileno-y-la-proteccion-a-ninos-ninas-y-adolescentes-migrantes\/#primaryimage","url":"https:\/\/www.uoh.cl\/instituto-de-ciencias-sociales\/wp-content\/uploads\/sites\/29\/2023\/11\/Proteccion-a-ninos-ninas-y-adolescentes-migrantes-1.png","contentUrl":"https:\/\/www.uoh.cl\/instituto-de-ciencias-sociales\/wp-content\/uploads\/sites\/29\/2023\/11\/Proteccion-a-ninos-ninas-y-adolescentes-migrantes-1.png","width":1000,"height":1000},{"@type":"WebSite","@id":"https:\/\/www.uoh.cl\/instituto-de-ciencias-sociales\/#website","url":"https:\/\/www.uoh.cl\/instituto-de-ciencias-sociales\/","name":"Instituto de Ciencias Sociales","description":"Otro sitio de Sitios de Universidad O'higgins","potentialAction":[{"@type":"SearchAction","target":{"@type":"EntryPoint","urlTemplate":"https:\/\/www.uoh.cl\/instituto-de-ciencias-sociales\/?s={search_term_string}"},"query-input":{"@type":"PropertyValueSpecification","valueRequired":true,"valueName":"search_term_string"}}],"inLanguage":"es-CL"},{"@type":"Person","@id":"https:\/\/www.uoh.cl\/instituto-de-ciencias-sociales\/#\/schema\/person\/ea242e676c7d6d7e46fc8b9e39486c4f","name":"Universidad de O'Higgins","image":{"@type":"ImageObject","inLanguage":"es-CL","@id":"https:\/\/www.uoh.cl\/instituto-de-ciencias-sociales\/#\/schema\/person\/image\/","url":"https:\/\/secure.gravatar.com\/avatar\/78fcb76ca05efae11fd355943c01a832a29786cc00d85b1a82c301bea2b2a214?s=96&d=mm&r=g","contentUrl":"https:\/\/secure.gravatar.com\/avatar\/78fcb76ca05efae11fd355943c01a832a29786cc00d85b1a82c301bea2b2a214?s=96&d=mm&r=g","caption":"Universidad de O'Higgins"}}]}},"_links":{"self":[{"href":"https:\/\/www.uoh.cl\/instituto-de-ciencias-sociales\/wp-json\/wp\/v2\/posts\/2020","targetHints":{"allow":["GET"]}}],"collection":[{"href":"https:\/\/www.uoh.cl\/instituto-de-ciencias-sociales\/wp-json\/wp\/v2\/posts"}],"about":[{"href":"https:\/\/www.uoh.cl\/instituto-de-ciencias-sociales\/wp-json\/wp\/v2\/types\/post"}],"author":[{"embeddable":true,"href":"https:\/\/www.uoh.cl\/instituto-de-ciencias-sociales\/wp-json\/wp\/v2\/users\/34"}],"replies":[{"embeddable":true,"href":"https:\/\/www.uoh.cl\/instituto-de-ciencias-sociales\/wp-json\/wp\/v2\/comments?post=2020"}],"version-history":[{"count":0,"href":"https:\/\/www.uoh.cl\/instituto-de-ciencias-sociales\/wp-json\/wp\/v2\/posts\/2020\/revisions"}],"wp:featuredmedia":[{"embeddable":true,"href":"https:\/\/www.uoh.cl\/instituto-de-ciencias-sociales\/wp-json\/wp\/v2\/media\/2021"}],"wp:attachment":[{"href":"https:\/\/www.uoh.cl\/instituto-de-ciencias-sociales\/wp-json\/wp\/v2\/media?parent=2020"}],"wp:term":[{"taxonomy":"category","embeddable":true,"href":"https:\/\/www.uoh.cl\/instituto-de-ciencias-sociales\/wp-json\/wp\/v2\/categories?post=2020"},{"taxonomy":"post_tag","embeddable":true,"href":"https:\/\/www.uoh.cl\/instituto-de-ciencias-sociales\/wp-json\/wp\/v2\/tags?post=2020"}],"curies":[{"name":"wp","href":"https:\/\/api.w.org\/{rel}","templated":true}]}}