
{"id":14026,"date":"2026-06-03T13:44:07","date_gmt":"2026-06-03T16:44:07","guid":{"rendered":"https:\/\/www.uoh.cl\/instituto-de-ciencias-sociales\/2026\/06\/03\/negacionismo-climatico-sembrar-dudas-tambien-tiene-consecuencias\/"},"modified":"2026-06-03T13:44:07","modified_gmt":"2026-06-03T16:44:07","slug":"negacionismo-climatico-sembrar-dudas-tambien-tiene-consecuencias","status":"publish","type":"post","link":"https:\/\/www.uoh.cl\/instituto-de-ciencias-sociales\/2026\/06\/03\/negacionismo-climatico-sembrar-dudas-tambien-tiene-consecuencias\/","title":{"rendered":"Negacionismo clim\u00e1tico: sembrar dudas tambi\u00e9n tiene consecuencias"},"content":{"rendered":"<div class=\"wpb-content-wrapper\"><p>[vc_section el_class=&#8221;container mx-auto align-items-center circle&#8211;pattern&#8221; css=&#8221;.vc_custom_1648956589196{padding-top: 3rem !important;}&#8221;][vc_row][vc_column]<div class=\"breadcrumb\"><ol itemscope itemtype=\"https:\/\/schema.org\/BreadcrumbList\"><li itemprop=\"itemListElement\" itemscope itemtype=\"https:\/\/schema.org\/ListItem\"><a itemprop=\"item\" href=\"http:\/\/www.uoh.cl\"><span itemprop=\"name\">Inicio<\/span><\/a><meta itemprop=\"position\" content=\"1\" \/><li itemprop=\"itemListElement\" itemscope itemtype=\"https:\/\/schema.org\/ListItem\"><a itemprop=\"item\" href=\"https:\/\/www.uoh.cl\/instituto-de-ciencias-sociales\"><span itemprop=\"name\">Instituto de Ciencias Sociales<\/span><\/a><meta itemprop=\"position\" content=\"2\" \/><li itemprop=\"itemListElement\" itemscope itemtype=\"https:\/\/schema.org\/ListItem\"><a itemprop=\"item\" href=\"https:\/\/www.uoh.cl\/instituto-de-ciencias-sociales\/noticias\/\"><span itemprop=\"name\">Noticias<\/span><\/a><meta itemprop=\"position\" content=\"3\" \/><li itemprop=\"itemListElement\" itemscope itemtype=\"https:\/\/schema.org\/ListItem\"><span itemprop=\"name\">Negacionismo clim\u00e1tico: sembrar dudas tambi\u00e9n tiene consecuencias <\/span><meta itemprop=\"position\" content=\"4\" \/><\/ol><\/div><ul class=\"p-0 list-style-none d-inline-block\"><li class=\"p-0\"><a href=https:\/\/www.uoh.cl\/instituto-de-ciencias-sociales\/category\/ciencias-sociales\/ class=\"px-1 py-2\">Ciencias Sociales<\/a><\/li><\/ul><div class=\"date_publish_post\"> \u25cf Mi\u00e9 03 de Junio 2026<\/div><div class=\"uoh_title_component-container\"><h1 class=\"title title--ms d-inline-block title--decorator  big\">Negacionismo clim\u00e1tico: sembrar dudas tambi\u00e9n tiene consecuencias<\/h1><\/div>[vc_row_inner el_class=&#8221;border-separator m-0&#8243;][vc_column_inner width=&#8221;2\/3&#8243;]<div class=\"author_wp_class\"> Escrito por <span>Universidad de O'Higgins<\/span><\/div>[\/vc_column_inner][vc_column_inner el_class=&#8221;align-items-end-publish&#8221; width=&#8221;1\/3&#8243;]<div class=\"uoh_social_network_component uoh_row col-12 justify-content-end m-0 p-0\"> <div class=\"icon__facebook-share-button\">\n                       <a href=\"https:\/\/www.facebook.com\/sharer\/sharer.php?u=https:\/\/www.uoh.cl\/instituto-de-ciencias-sociales\/2026\/06\/03\/negacionismo-climatico-sembrar-dudas-tambien-tiene-consecuencias\/\" target=\"_blank\"> <div class=\"icon__facebook-svg\"><svg version=\"1.1\" xmlns=\"http:\/\/www.w3.org\/2000\/svg\" xmlns:xlink=\"http:\/\/www.w3.org\/1999\/xlink\" x=\"0px\" y=\"0px\" width=\"22.4px\" height=\"48.3px\" viewBox=\"0 0 22.4 48.3\" style=\"overflow:visible;enable-background:new 0 0 22.4 48.3;\" xml:space=\"preserve\">\n                <defs>\n                <\/defs>\n                <path class=\"st0\" d=\"M22.4,15.6h-7.6v-5c0-1.9,1.2-2.3,2.1-2.3c0.9,0,5.4,0,5.4,0V0l-7.4,0C6.6,0,4.8,6.2,4.8,10.1v5.5H0v8.5h4.8\n                    c0,10.9,0,24.1,0,24.1h10c0,0,0-13.3,0-24.1h6.8L22.4,15.6z\"><\/path>\n                <\/svg><\/a><\/div>\n                    <\/div><div class=\"icon__twitter-share-button\">\n                        <div class=\"icon__twitter-svg\"><a target=\"_blank\" href=\"http:\/\/twitter.com\/share?url=https:\/\/www.uoh.cl\/instituto-de-ciencias-sociales\/2026\/06\/03\/negacionismo-climatico-sembrar-dudas-tambien-tiene-consecuencias\/\"><svg xmlns=\"http:\/\/www.w3.org\/2000\/svg\" height=\"1em\" viewBox=\"0 0 512 512\"><!--! Font Awesome Free 6.4.2 by @fontawesome - https:\/\/fontawesome.com License - https:\/\/fontawesome.com\/license (Commercial License) Copyright 2023 Fonticons, Inc. --><path d=\"M389.2 48h70.6L305.6 224.2 487 464H345L233.7 318.6 106.5 464H35.8L200.7 275.5 26.8 48H172.4L272.9 180.9 389.2 48zM364.4 421.8h39.1L151.1 88h-42L364.4 421.8z\"\/><\/svg><\/a><\/div>\n                        <\/div><div class=\"icon__linkedin-share-button\">\n                        <div class=\"icon__linkedin-svg\">\n                        <a target=\"__blank\" href=\"https:\/\/www.linkedin.com\/sharing\/share-offsite\/?url=https:\/\/www.uoh.cl\/instituto-de-ciencias-sociales\/2026\/06\/03\/negacionismo-climatico-sembrar-dudas-tambien-tiene-consecuencias\/\"><svg enable-background=\"new 0 0 100 100\" height=\"100px\" id=\"Layer_1\" version=\"1.1\" viewBox=\"0 0 100 100\" width=\"100px\" xml:space=\"preserve\" xmlns=\"http:\/\/www.w3.org\/2000\/svg\" xmlns:xlink=\"http:\/\/www.w3.org\/1999\/xlink\"><g><circle cx=\"50\" cy=\"50\" fill=\"#ccc\" r=\"45\"\/><g id=\"LinkedIn_1_\"><rect fill=\"#FFFFFF\" height=\"24.361\" width=\"7.69\" x=\"31.271\" y=\"43.569\"\/><path d=\"M59.968,43.334c-4.406,0-7.165,2.387-7.677,4.058v-3.823h-8.636c0.109,2.03,0,24.361,0,24.361h8.636    V54.748c0-0.733-0.034-1.465,0.19-1.991c0.594-1.464,1.869-2.985,4.162-2.985c2.998,0,4.361,2.253,4.361,5.552V67.93h8.721V54.384    C69.726,46.839,65.432,43.334,59.968,43.334z\" fill=\"#FFFFFF\"\/><path d=\"M34.973,32.069c-2.839,0-4.696,1.823-4.696,4.229c0,2.361,1.804,4.224,4.589,4.224h0.054    c2.891,0,4.69-1.869,4.69-4.229C39.555,33.888,37.81,32.069,34.973,32.069z\" fill=\"#FFFFFF\"\/><\/g><\/g><\/svg><\/a><\/div>\n\n            <\/div><\/div>[\/vc_column_inner][\/vc_row_inner][vc_single_image image=&#8221;76826&#8243; img_size=&#8221;1500&#215;1000&#8243; add_caption=&#8221;yes&#8221; alignment=&#8221;center&#8221; onclick=&#8221;img_link_large&#8221; css=&#8221;&#8221;][vc_column_text]\u00a0[\/vc_column_text][vc_column_text css=&#8221;&#8221;]<\/p>\n<ul>\n<li><i><span lang=\"ES-CL\">El debate de las \u00faltimas semanas reinstal\u00f3 una pregunta inc\u00f3moda: qu\u00e9 papel cumple el conocimiento cient\u00edfico en la pol\u00edtica p\u00fablica y qu\u00e9 ocurre cuando ese conocimiento se relativiza.<\/span><\/i><\/li>\n<\/ul>\n<p>[\/vc_column_text][vc_column_text]\u00a0[\/vc_column_text][vc_column_text css=&#8221;&#8221;]La controversia que marc\u00f3 la agenda durante las \u00faltimas semanas volvi\u00f3 a poner sobre la mesa un asunto que la comunidad cient\u00edfica consideraba zanjado hace tiempo: el negacionismo clim\u00e1tico y su efecto sobre las decisiones p\u00fablicas.<\/p>\n<p>Para\u00a0<a href=\"https:\/\/www.uoh.cl\/investigacion\/academico\/gabriela-guevara-cue\/\" data-saferedirecturl=\"https:\/\/www.google.com\/url?q=https:\/\/www.uoh.cl\/investigacion\/academico\/gabriela-guevara-cue\/&amp;source=gmail&amp;ust=1780584518939000&amp;usg=AOvVaw1_-zTYDQKWfhKsmUHv2VPD\">Gabriela Guevara Cue<\/a>, acad\u00e9mica del\u00a0<a href=\"https:\/\/www.uoh.cl\/instituto-de-ciencias-sociales\/\" data-saferedirecturl=\"https:\/\/www.google.com\/url?q=https:\/\/www.uoh.cl\/instituto-de-ciencias-sociales\/&amp;source=gmail&amp;ust=1780584518939000&amp;usg=AOvVaw2w3l5eZnjGUvlAFrzmqvVd\">Instituto de Ciencias Sociales<\/a>\u00a0de la\u00a0<a href=\"http:\/\/www.uoh.cl\/\" data-saferedirecturl=\"https:\/\/www.google.com\/url?q=http:\/\/www.uoh.cl\/&amp;source=gmail&amp;ust=1780584518939000&amp;usg=AOvVaw3MV4RObZEW91YGxml3Z6uh\">Universidad de O&#8217;Higgins<\/a> (UOH) y autora del S\u00e9ptimo Informe de Evaluaci\u00f3n del Grupo Intergubernamental de Expertos sobre el Cambio Clim\u00e1tico (IPCC), conviene partir por una distinci\u00f3n b\u00e1sica: \u201cun consenso cient\u00edfico no es una opini\u00f3n m\u00e1s dentro de un abanico de posturas. La evidencia ya no habla de probabilidades, sino de certezas&#8221;, afirma, y recuerda que el \u00faltimo informe del IPCC calific\u00f3 de &#8220;inequ\u00edvoca&#8221; la influencia humana sobre el calentamiento global. Un consenso de ese nivel -agrega- no se rebate con pareceres: &#8220;La evidencia cient\u00edfica se debate con m\u00e1s evidencia cient\u00edfica. Y en este caso, la evidencia contraria simplemente no existe.&#8221;<\/p>\n<p>La investigadora hace notar -adem\u00e1s- una regularidad bastante conocida: \u201clas dudas sobre consensos cient\u00edficos bien establecidos, rara vez surgen en el vac\u00edo. Suelen aparecer en escenarios donde hay intereses en juego, no tanto para negar la evidencia de frente como para sugerir que el debate sigue abierto cuando ya no lo est\u00e1\u201d.<\/p>\n<p>Ah\u00ed -se\u00f1ala la experta- se hace cr\u00edtica la importancia de un punto que muchas veces queda fuera de la conversaci\u00f3n: que la producci\u00f3n de conocimiento cient\u00edfico sea independiente de esos intereses. &#8220;Esa independencia es la que permite informar con libertad, incluso aquello que puede resultar inconveniente&#8221;, advierte.<\/p>\n<p>Por lo mismo, para la acad\u00e9mica UOH, la ciencia que informa a la pol\u00edtica p\u00fablica cumple una funci\u00f3n concreta. \u201cReduce la incertidumbre para que las decisiones se tomen con esa evidencia a la vista y no sobre opiniones o conveniencia&#8221;, se\u00f1ala. Con ese valor -a\u00f1ade- viene una responsabilidad para quienes producen conocimiento. \u201cComunicarlo con claridad, incluso cuando hacerlo, incomoda. Porque cuando quienes manejan la informaci\u00f3n la dejan en la ambig\u00fcedad, esa duda no se queda en lo abstracto\u201d, puntualiza.<\/p>\n<p>\u201cEl costo de no decidir bien en escenarios de alta incertidumbre, pero teniendo a mano lo que la ciencia ya ofrece, rara vez lo asumen los cient\u00edficos o quienes toman las decisiones. Lo terminan pagando las personas, generalmente las m\u00e1s vulnerables, y a veces se traduce incluso en p\u00e9rdida de vidas&#8221;, agrega la experta.<\/p>\n<p>\u201cEse riesgo, en Chile, ya es visible. Nada de esto es especulaci\u00f3n; es lo que ya est\u00e1 ocurriendo&#8221;, destaca la Dra. Guevara.<\/p>\n<p>Por eso -concluye- reconocer el negacionismo y nombrar el valor del conocimiento cient\u00edfico no es un gesto corporativo de la academia, sino una condici\u00f3n para decidir mejor. &#8220;Cuando la duda reemplaza a la evidencia, el costo no se mide en titulares, sino en decisiones que se postergan y, ese retraso, habitualmente no lo paga quien sembr\u00f3 la duda&#8221;.[\/vc_column_text][vc_zigzag color=&#8221;white&#8221;][\/vc_column][\/vc_row][\/vc_section][vc_section css=&#8221;.vc_custom_1650255686594{background-color: #f6faff !important;}&#8221; el_class=&#8221;p-md-0 pt-md-5&#8243;][vc_row el_class=&#8221;container mx-auto align-items-center p-md-0 pt-5 pb-5&#8243;][vc_column el_class=&#8221;pb-5&#8243;][vc_row_inner el_class=&#8221;pb-5&#8243;][vc_column_inner]<div class=\"row m-0 p-0\"><div class=\"col-12 col-md-9 pt-5 pt-md-0\"><h2 class=\"title title--decorator title--ms d-inline-block\">Te Recomendamos<\/h2><\/div><\/div><div class=\"content-holder\"><div class=\"row  swipper-news-list not--activate-hack \"><div class=\"row -wrapper\"><div class=\"  col-sm-6 col-md-4 img-article\">\n                                        <div class=\"content-news-display row m-0 p-0\"><div class=\"holder p-0 \"><div class=\"img-wrap img-wrap-news\">\n                                        <div class=\"caption__news-category\">\n                                        <a href=\"https:\/\/www.uoh.cl\/instituto-de-ciencias-sociales\/category\/institucional\/\">\n                                        Institucional<\/a><\/div><img decoding=\"async\" class=\"w-100 h-100 lazyload\" data-src=\"https:\/\/www.uoh.cl\/instituto-de-ciencias-sociales\/wp-content\/uploads\/sites\/29\/2026\/08\/Pukara-2.jpeg\" alt=\"Hist\u00f3rico acuerdo permitir\u00e1 a la UOH proteger y poner en valor el Pukar\u00e1 de La Compa\u00f1\u00eda\" style=\"--smush-placeholder-width: 1600px; --smush-placeholder-aspect-ratio: 1600\/1066;object-fit: cover; object-position: center;\" src=\"data:image\/svg+xml;base64,PHN2ZyB3aWR0aD0iMSIgaGVpZ2h0PSIxIiB4bWxucz0iaHR0cDovL3d3dy53My5vcmcvMjAwMC9zdmciPjwvc3ZnPg==\"><\/div><\/div><div class=\"caption py-3 caption__news py-md-3 pb-md-5\">\n                                    <span class=\"caption__date\">Viernes 28, Agosto<\/span>\n                                     <a href=\"https:\/\/www.uoh.cl\/instituto-de-ciencias-sociales\/2026\/08\/28\/historico-acuerdo-permitira-a-la-uoh-proteger-y-poner-en-valor-el-pukara-de-la-compania\/\">\n                                    <h3 class=\"small-space\">Hist\u00f3rico acuerdo permitir\u00e1 a la UOH proteger y poner en valor el Pukar\u00e1 de La Compa\u00f1\u00eda<\/h3><\/a>\n\n                                    <p>Acuerdo impulsado por el CDE permitir\u00e1 que uno de los sitios arqueol\u00f3gicos m\u00e1s importantes de Chile quede bajo el resguardo de una universidad estatal y se transforme en un espacio permanente para la investigaci\u00f3n cient\u00edfica, la educaci\u00f3n patrimonial y el desarrollo cultural de la Regi\u00f3n de O\u2019Higgins.<\/p>\n                                    <a class=\"link link--bold mt-md-3\" href=\"https:\/\/www.uoh.cl\/instituto-de-ciencias-sociales\/2026\/08\/28\/historico-acuerdo-permitira-a-la-uoh-proteger-y-poner-en-valor-el-pukara-de-la-compania\/\">Saber m\u00e1s <span class=\"icon icon--inline icon--link\"><svg version=\"1.1\" xmlns=\"http:\/\/www.w3.org\/2000\/svg\" xmlns:xlink=\"http:\/\/www.w3.org\/1999\/xlink\" x=\"0px\" y=\"0px\" width=\"22px\"height=\"22px\" viewBox=\"0 0 22 22\" style=\"overflow:visible;enable-background:new 0 0 80 64.6;\" xml:space=\"preserve\"><g clip-path=\"url(#acA)\"><path fill-rule=\"evenodd\" d=\"M21.913 11.266a.93.93 0 000-.711c-.022-.056-.063-.097-.091-.144s-.053-.103-.097-.15L12.306.294c-.357-.379-.955-.394-1.334-.038s-.394.955-.038 1.334l7.917 8.374H.927a.95.95 0 00-.908.983.946.946 0 00.908.908h17.924l-8.089 8.552c-.357.379-.341.977.034 1.334s.977.341 1.334-.034l9.594-10.148c.044-.044.063-.1.097-.15.028-.047.069-.088.091-.141z\"\/><\/g><defs><clipPath id=\"acA\"><path fill=\"#fff\" d=\"M0 0h22v22H0z\"\/><\/clipPath><\/defs><\/svg><\/span><\/a><\/div><\/div><\/div><div class=\"  col-sm-6 col-md-4 img-article\">\n                                        <div class=\"content-news-display row m-0 p-0\"><div class=\"holder p-0 \"><div class=\"img-wrap img-wrap-news\">\n                                        <div class=\"caption__news-category\">\n                                        <a href=\"https:\/\/www.uoh.cl\/instituto-de-ciencias-sociales\/category\/sin-categoria\/\">\n                                        Sin categor\u00eda<\/a><\/div><\/div><\/div><div class=\"caption py-3 caption__news py-md-3 pb-md-5\">\n                                    <span class=\"caption__date\">Viernes 28, Agosto<\/span>\n                                     <a href=\"https:\/\/www.uoh.cl\/instituto-de-ciencias-sociales\/2026\/08\/28\/proyecto-ines-genero-uoh-lanza-segunda-version-del-curso-de-liderazgo-cientifico-para-mujeres-investigadoras-2026\/\">\n                                    <h3 class=\"small-space\">Proyecto InES G\u00e9nero UOH lanza segunda versi\u00f3n del Curso de Liderazgo Cient\u00edfico para Mujeres Investigadoras 2026<\/h3><\/a>\n\n                                    <p>La iniciativa busca fortalecer las capacidades de liderazgo, desarrollo profesional y proyecci\u00f3n de las trayectorias de acad\u00e9micas e investigadoras postdoctorales de la Universidad de O\u2019Higgins. <\/p>\n                                    <a class=\"link link--bold mt-md-3\" href=\"https:\/\/www.uoh.cl\/instituto-de-ciencias-sociales\/2026\/08\/28\/proyecto-ines-genero-uoh-lanza-segunda-version-del-curso-de-liderazgo-cientifico-para-mujeres-investigadoras-2026\/\">Saber m\u00e1s <span class=\"icon icon--inline icon--link\"><svg version=\"1.1\" xmlns=\"http:\/\/www.w3.org\/2000\/svg\" xmlns:xlink=\"http:\/\/www.w3.org\/1999\/xlink\" x=\"0px\" y=\"0px\" width=\"22px\"height=\"22px\" viewBox=\"0 0 22 22\" style=\"overflow:visible;enable-background:new 0 0 80 64.6;\" xml:space=\"preserve\"><g clip-path=\"url(#acA)\"><path fill-rule=\"evenodd\" d=\"M21.913 11.266a.93.93 0 000-.711c-.022-.056-.063-.097-.091-.144s-.053-.103-.097-.15L12.306.294c-.357-.379-.955-.394-1.334-.038s-.394.955-.038 1.334l7.917 8.374H.927a.95.95 0 00-.908.983.946.946 0 00.908.908h17.924l-8.089 8.552c-.357.379-.341.977.034 1.334s.977.341 1.334-.034l9.594-10.148c.044-.044.063-.1.097-.15.028-.047.069-.088.091-.141z\"\/><\/g><defs><clipPath id=\"acA\"><path fill=\"#fff\" d=\"M0 0h22v22H0z\"\/><\/clipPath><\/defs><\/svg><\/span><\/a><\/div><\/div><\/div><div class=\"  col-sm-6 col-md-4 img-article\">\n                                        <div class=\"content-news-display row m-0 p-0\"><div class=\"holder p-0 \"><div class=\"img-wrap img-wrap-news\">\n                                        <div class=\"caption__news-category\">\n                                        <a href=\"https:\/\/www.uoh.cl\/instituto-de-ciencias-sociales\/category\/investigacion\/\">\n                                        Investigaci\u00f3n<\/a><\/div><img decoding=\"async\" class=\"w-100 h-100 lazyload\" data-src=\"https:\/\/www.uoh.cl\/instituto-de-ciencias-sociales\/wp-content\/uploads\/sites\/29\/2026\/08\/Lanzamiento-Asor-27.jpg\" alt=\"Instituto Milenio ASOR realiza su lanzamiento en la Regi\u00f3n de O&#8217;Higgins con foco en autoridad y seguridad\" style=\"--smush-placeholder-width: 1500px; --smush-placeholder-aspect-ratio: 1500\/1000;object-fit: cover; object-position: center;\" src=\"data:image\/svg+xml;base64,PHN2ZyB3aWR0aD0iMSIgaGVpZ2h0PSIxIiB4bWxucz0iaHR0cDovL3d3dy53My5vcmcvMjAwMC9zdmciPjwvc3ZnPg==\"><\/div><\/div><div class=\"caption py-3 caption__news py-md-3 pb-md-5\">\n                                    <span class=\"caption__date\">Martes 25, Agosto<\/span>\n                                     <a href=\"https:\/\/www.uoh.cl\/instituto-de-ciencias-sociales\/2026\/08\/25\/instituto-milenio-asor-realiza-su-lanzamiento-en-la-region-de-ohiggins-con-foco-en-autoridad-y-seguridad\/\">\n                                    <h3 class=\"small-space\">Instituto Milenio ASOR realiza su lanzamiento en la Regi\u00f3n de O&#8217;Higgins con foco en autoridad y seguridad<\/h3><\/a>\n\n                                    <p>En la ceremonia, el director alterno Claudio Fuentes present\u00f3 resultados iniciales de un estudio cualitativo con Carabineros de Chile sobre las percepciones de sus funcionarios acerca del ejercicio de la autoridad.<\/p>\n                                    <a class=\"link link--bold mt-md-3\" href=\"https:\/\/www.uoh.cl\/instituto-de-ciencias-sociales\/2026\/08\/25\/instituto-milenio-asor-realiza-su-lanzamiento-en-la-region-de-ohiggins-con-foco-en-autoridad-y-seguridad\/\">Saber m\u00e1s <span class=\"icon icon--inline icon--link\"><svg version=\"1.1\" xmlns=\"http:\/\/www.w3.org\/2000\/svg\" xmlns:xlink=\"http:\/\/www.w3.org\/1999\/xlink\" x=\"0px\" y=\"0px\" width=\"22px\"height=\"22px\" viewBox=\"0 0 22 22\" style=\"overflow:visible;enable-background:new 0 0 80 64.6;\" xml:space=\"preserve\"><g clip-path=\"url(#acA)\"><path fill-rule=\"evenodd\" d=\"M21.913 11.266a.93.93 0 000-.711c-.022-.056-.063-.097-.091-.144s-.053-.103-.097-.15L12.306.294c-.357-.379-.955-.394-1.334-.038s-.394.955-.038 1.334l7.917 8.374H.927a.95.95 0 00-.908.983.946.946 0 00.908.908h17.924l-8.089 8.552c-.357.379-.341.977.034 1.334s.977.341 1.334-.034l9.594-10.148c.044-.044.063-.1.097-.15.028-.047.069-.088.091-.141z\"\/><\/g><defs><clipPath id=\"acA\"><path fill=\"#fff\" d=\"M0 0h22v22H0z\"\/><\/clipPath><\/defs><\/svg><\/span><\/a><\/div><\/div><\/div><\/div><\/div><\/div><div class=\"pagination justify-content-center my-5\"><span aria-current=\"page\" class=\"page-numbers current\">1<\/span>\n<a class=\"page-numbers\" href=\"https:\/\/www.uoh.cl\/instituto-de-ciencias-sociales\/wp-json\/wp\/v2\/posts\/14026\/\/page\/2\">2<\/a>\n<a class=\"page-numbers\" href=\"https:\/\/www.uoh.cl\/instituto-de-ciencias-sociales\/wp-json\/wp\/v2\/posts\/14026\/\/page\/3\">3<\/a>\n<span class=\"page-numbers dots\">&hellip;<\/span>\n<a class=\"page-numbers\" href=\"https:\/\/www.uoh.cl\/instituto-de-ciencias-sociales\/wp-json\/wp\/v2\/posts\/14026\/\/page\/109\">109<\/a>\n<a class=\"next page-numbers\" href=\"https:\/\/www.uoh.cl\/instituto-de-ciencias-sociales\/wp-json\/wp\/v2\/posts\/14026\/\/page\/2\"><div class=\"icon-pagination-next\"> <?xml version=\"1.0\" ?><svg viewBox=\"0 0 96 96\" xmlns=\"http:\/\/www.w3.org\/2000\/svg\"><title\/><path d=\"M39.3756,48.0022l30.47-25.39a6.0035,6.0035,0,0,0-7.6878-9.223L26.1563,43.3906a6.0092,6.0092,0,0,0,0,9.2231L62.1578,82.615a6.0035,6.0035,0,0,0,7.6878-9.2231Z\"\/><\/svg> <\/div><\/a><\/div>[\/vc_column_inner][\/vc_row_inner][\/vc_column][\/vc_row][\/vc_section]<\/p>\n<\/div>","protected":false},"excerpt":{"rendered":"<p>El debate de las \u00faltimas semanas reinstal\u00f3 una pregunta inc\u00f3moda: qu\u00e9 papel cumple el conocimiento cient\u00edfico en la pol\u00edtica p\u00fablica y qu\u00e9 ocurre cuando ese conocimiento se relativiza.<\/p>\n","protected":false},"author":34,"featured_media":14027,"comment_status":"open","ping_status":"open","sticky":false,"template":"","format":"standard","meta":{"_acf_changed":false,"footnotes":""},"categories":[29],"tags":[],"class_list":["post-14026","post","type-post","status-publish","format-standard","has-post-thumbnail","hentry","category-ciencias-sociales"],"acf":[],"yoast_head":"<!-- This site is optimized with the Yoast SEO plugin v28.3 - https:\/\/yoast.com\/product\/yoast-seo-wordpress\/ -->\n<title>Negacionismo clim\u00e1tico: sembrar dudas tambi\u00e9n tiene consecuencias - Instituto de Ciencias Sociales<\/title>\n<meta name=\"description\" content=\"El debate de las \u00faltimas semanas reinstal\u00f3 una pregunta inc\u00f3moda: qu\u00e9 papel cumple el conocimiento cient\u00edfico en la pol\u00edtica p\u00fablica y qu\u00e9 ocurre cuando ese conocimiento se relativiza.\" \/>\n<meta name=\"robots\" content=\"noindex, nofollow\" \/>\n<meta property=\"og:locale\" content=\"es_ES\" \/>\n<meta property=\"og:type\" content=\"article\" \/>\n<meta property=\"og:title\" content=\"Negacionismo clim\u00e1tico: sembrar dudas tambi\u00e9n tiene consecuencias - Instituto de Ciencias Sociales\" \/>\n<meta property=\"og:description\" content=\"El debate de las \u00faltimas semanas reinstal\u00f3 una pregunta inc\u00f3moda: qu\u00e9 papel cumple el conocimiento cient\u00edfico en la pol\u00edtica p\u00fablica y qu\u00e9 ocurre cuando ese conocimiento se relativiza.\" \/>\n<meta property=\"og:url\" content=\"https:\/\/www.uoh.cl\/instituto-de-ciencias-sociales\/2026\/06\/03\/negacionismo-climatico-sembrar-dudas-tambien-tiene-consecuencias\/\" \/>\n<meta property=\"og:site_name\" content=\"Instituto de Ciencias Sociales\" \/>\n<meta property=\"article:published_time\" content=\"2026-06-03T16:44:07+00:00\" \/>\n<meta property=\"og:image\" content=\"https:\/\/www.uoh.cl\/instituto-de-ciencias-sociales\/wp-content\/uploads\/sites\/29\/2026\/06\/Negacionismo.jpg\" \/>\n\t<meta property=\"og:image:width\" content=\"2000\" \/>\n\t<meta property=\"og:image:height\" content=\"1404\" \/>\n\t<meta property=\"og:image:type\" content=\"image\/jpeg\" \/>\n<meta name=\"author\" content=\"Universidad de O&#039;Higgins\" \/>\n<meta name=\"twitter:card\" content=\"summary_large_image\" \/>\n<meta name=\"twitter:label1\" content=\"Escrito por\" \/>\n\t<meta name=\"twitter:data1\" content=\"Universidad de O&#039;Higgins\" \/>\n\t<meta name=\"twitter:label2\" content=\"Tiempo estimado de lectura\" \/>\n\t<meta name=\"twitter:data2\" content=\"3 minutos\" \/>\n<script type=\"application\/ld+json\" class=\"yoast-schema-graph\">{\"@context\":\"https:\\\/\\\/schema.org\",\"@graph\":[{\"@type\":\"Article\",\"@id\":\"https:\\\/\\\/www.uoh.cl\\\/instituto-de-ciencias-sociales\\\/2026\\\/06\\\/03\\\/negacionismo-climatico-sembrar-dudas-tambien-tiene-consecuencias\\\/#article\",\"isPartOf\":{\"@id\":\"https:\\\/\\\/www.uoh.cl\\\/instituto-de-ciencias-sociales\\\/2026\\\/06\\\/03\\\/negacionismo-climatico-sembrar-dudas-tambien-tiene-consecuencias\\\/\"},\"author\":{\"name\":\"Universidad de O'Higgins\",\"@id\":\"https:\\\/\\\/www.uoh.cl\\\/instituto-de-ciencias-sociales\\\/#\\\/schema\\\/person\\\/ea242e676c7d6d7e46fc8b9e39486c4f\"},\"headline\":\"Negacionismo clim\u00e1tico: sembrar dudas tambi\u00e9n tiene consecuencias\",\"datePublished\":\"2026-06-03T16:44:07+00:00\",\"mainEntityOfPage\":{\"@id\":\"https:\\\/\\\/www.uoh.cl\\\/instituto-de-ciencias-sociales\\\/2026\\\/06\\\/03\\\/negacionismo-climatico-sembrar-dudas-tambien-tiene-consecuencias\\\/\"},\"wordCount\":762,\"commentCount\":0,\"image\":{\"@id\":\"https:\\\/\\\/www.uoh.cl\\\/instituto-de-ciencias-sociales\\\/2026\\\/06\\\/03\\\/negacionismo-climatico-sembrar-dudas-tambien-tiene-consecuencias\\\/#primaryimage\"},\"thumbnailUrl\":\"https:\\\/\\\/www.uoh.cl\\\/instituto-de-ciencias-sociales\\\/wp-content\\\/uploads\\\/sites\\\/29\\\/2026\\\/06\\\/Negacionismo.jpg\",\"articleSection\":[\"Ciencias Sociales\"],\"inLanguage\":\"es-CL\",\"potentialAction\":[{\"@type\":\"CommentAction\",\"name\":\"Comment\",\"target\":[\"https:\\\/\\\/www.uoh.cl\\\/instituto-de-ciencias-sociales\\\/2026\\\/06\\\/03\\\/negacionismo-climatico-sembrar-dudas-tambien-tiene-consecuencias\\\/#respond\"]}]},{\"@type\":\"WebPage\",\"@id\":\"https:\\\/\\\/www.uoh.cl\\\/instituto-de-ciencias-sociales\\\/2026\\\/06\\\/03\\\/negacionismo-climatico-sembrar-dudas-tambien-tiene-consecuencias\\\/\",\"url\":\"https:\\\/\\\/www.uoh.cl\\\/instituto-de-ciencias-sociales\\\/2026\\\/06\\\/03\\\/negacionismo-climatico-sembrar-dudas-tambien-tiene-consecuencias\\\/\",\"name\":\"Negacionismo clim\u00e1tico: sembrar dudas tambi\u00e9n tiene consecuencias - Instituto de Ciencias Sociales\",\"isPartOf\":{\"@id\":\"https:\\\/\\\/www.uoh.cl\\\/instituto-de-ciencias-sociales\\\/#website\"},\"primaryImageOfPage\":{\"@id\":\"https:\\\/\\\/www.uoh.cl\\\/instituto-de-ciencias-sociales\\\/2026\\\/06\\\/03\\\/negacionismo-climatico-sembrar-dudas-tambien-tiene-consecuencias\\\/#primaryimage\"},\"image\":{\"@id\":\"https:\\\/\\\/www.uoh.cl\\\/instituto-de-ciencias-sociales\\\/2026\\\/06\\\/03\\\/negacionismo-climatico-sembrar-dudas-tambien-tiene-consecuencias\\\/#primaryimage\"},\"thumbnailUrl\":\"https:\\\/\\\/www.uoh.cl\\\/instituto-de-ciencias-sociales\\\/wp-content\\\/uploads\\\/sites\\\/29\\\/2026\\\/06\\\/Negacionismo.jpg\",\"datePublished\":\"2026-06-03T16:44:07+00:00\",\"author\":{\"@id\":\"https:\\\/\\\/www.uoh.cl\\\/instituto-de-ciencias-sociales\\\/#\\\/schema\\\/person\\\/ea242e676c7d6d7e46fc8b9e39486c4f\"},\"description\":\"El debate de las \u00faltimas semanas reinstal\u00f3 una pregunta inc\u00f3moda: qu\u00e9 papel cumple el conocimiento cient\u00edfico en la pol\u00edtica p\u00fablica y qu\u00e9 ocurre cuando ese conocimiento se relativiza.\",\"inLanguage\":\"es-CL\",\"potentialAction\":[{\"@type\":\"ReadAction\",\"target\":[\"https:\\\/\\\/www.uoh.cl\\\/instituto-de-ciencias-sociales\\\/2026\\\/06\\\/03\\\/negacionismo-climatico-sembrar-dudas-tambien-tiene-consecuencias\\\/\"]}]},{\"@type\":\"ImageObject\",\"inLanguage\":\"es-CL\",\"@id\":\"https:\\\/\\\/www.uoh.cl\\\/instituto-de-ciencias-sociales\\\/2026\\\/06\\\/03\\\/negacionismo-climatico-sembrar-dudas-tambien-tiene-consecuencias\\\/#primaryimage\",\"url\":\"https:\\\/\\\/www.uoh.cl\\\/instituto-de-ciencias-sociales\\\/wp-content\\\/uploads\\\/sites\\\/29\\\/2026\\\/06\\\/Negacionismo.jpg\",\"contentUrl\":\"https:\\\/\\\/www.uoh.cl\\\/instituto-de-ciencias-sociales\\\/wp-content\\\/uploads\\\/sites\\\/29\\\/2026\\\/06\\\/Negacionismo.jpg\",\"width\":2000,\"height\":1404},{\"@type\":\"WebSite\",\"@id\":\"https:\\\/\\\/www.uoh.cl\\\/instituto-de-ciencias-sociales\\\/#website\",\"url\":\"https:\\\/\\\/www.uoh.cl\\\/instituto-de-ciencias-sociales\\\/\",\"name\":\"Instituto de Ciencias Sociales\",\"description\":\"Otro sitio de Sitios de Universidad O'higgins\",\"potentialAction\":[{\"@type\":\"SearchAction\",\"target\":{\"@type\":\"EntryPoint\",\"urlTemplate\":\"https:\\\/\\\/www.uoh.cl\\\/instituto-de-ciencias-sociales\\\/?s={search_term_string}\"},\"query-input\":{\"@type\":\"PropertyValueSpecification\",\"valueRequired\":true,\"valueName\":\"search_term_string\"}}],\"inLanguage\":\"es-CL\"},{\"@type\":\"Person\",\"@id\":\"https:\\\/\\\/www.uoh.cl\\\/instituto-de-ciencias-sociales\\\/#\\\/schema\\\/person\\\/ea242e676c7d6d7e46fc8b9e39486c4f\",\"name\":\"Universidad de O'Higgins\",\"image\":{\"@type\":\"ImageObject\",\"inLanguage\":\"es-CL\",\"@id\":\"https:\\\/\\\/secure.gravatar.com\\\/avatar\\\/78fcb76ca05efae11fd355943c01a832a29786cc00d85b1a82c301bea2b2a214?s=96&d=mm&r=g\",\"url\":\"https:\\\/\\\/secure.gravatar.com\\\/avatar\\\/78fcb76ca05efae11fd355943c01a832a29786cc00d85b1a82c301bea2b2a214?s=96&d=mm&r=g\",\"contentUrl\":\"https:\\\/\\\/secure.gravatar.com\\\/avatar\\\/78fcb76ca05efae11fd355943c01a832a29786cc00d85b1a82c301bea2b2a214?s=96&d=mm&r=g\",\"caption\":\"Universidad de O'Higgins\"}}]}<\/script>\n<!-- \/ Yoast SEO plugin. -->","yoast_head_json":{"title":"Negacionismo clim\u00e1tico: sembrar dudas tambi\u00e9n tiene consecuencias - Instituto de Ciencias Sociales","description":"El debate de las \u00faltimas semanas reinstal\u00f3 una pregunta inc\u00f3moda: qu\u00e9 papel cumple el conocimiento cient\u00edfico en la pol\u00edtica p\u00fablica y qu\u00e9 ocurre cuando ese conocimiento se relativiza.","robots":{"index":"noindex","follow":"nofollow"},"og_locale":"es_ES","og_type":"article","og_title":"Negacionismo clim\u00e1tico: sembrar dudas tambi\u00e9n tiene consecuencias - Instituto de Ciencias Sociales","og_description":"El debate de las \u00faltimas semanas reinstal\u00f3 una pregunta inc\u00f3moda: qu\u00e9 papel cumple el conocimiento cient\u00edfico en la pol\u00edtica p\u00fablica y qu\u00e9 ocurre cuando ese conocimiento se relativiza.","og_url":"https:\/\/www.uoh.cl\/instituto-de-ciencias-sociales\/2026\/06\/03\/negacionismo-climatico-sembrar-dudas-tambien-tiene-consecuencias\/","og_site_name":"Instituto de Ciencias Sociales","article_published_time":"2026-06-03T16:44:07+00:00","og_image":[{"width":2000,"height":1404,"url":"https:\/\/www.uoh.cl\/instituto-de-ciencias-sociales\/wp-content\/uploads\/sites\/29\/2026\/06\/Negacionismo.jpg","type":"image\/jpeg"}],"author":"Universidad de O'Higgins","twitter_card":"summary_large_image","twitter_misc":{"Escrito por":"Universidad de O'Higgins","Tiempo estimado de lectura":"3 minutos"},"schema":{"@context":"https:\/\/schema.org","@graph":[{"@type":"Article","@id":"https:\/\/www.uoh.cl\/instituto-de-ciencias-sociales\/2026\/06\/03\/negacionismo-climatico-sembrar-dudas-tambien-tiene-consecuencias\/#article","isPartOf":{"@id":"https:\/\/www.uoh.cl\/instituto-de-ciencias-sociales\/2026\/06\/03\/negacionismo-climatico-sembrar-dudas-tambien-tiene-consecuencias\/"},"author":{"name":"Universidad de O'Higgins","@id":"https:\/\/www.uoh.cl\/instituto-de-ciencias-sociales\/#\/schema\/person\/ea242e676c7d6d7e46fc8b9e39486c4f"},"headline":"Negacionismo clim\u00e1tico: sembrar dudas tambi\u00e9n tiene consecuencias","datePublished":"2026-06-03T16:44:07+00:00","mainEntityOfPage":{"@id":"https:\/\/www.uoh.cl\/instituto-de-ciencias-sociales\/2026\/06\/03\/negacionismo-climatico-sembrar-dudas-tambien-tiene-consecuencias\/"},"wordCount":762,"commentCount":0,"image":{"@id":"https:\/\/www.uoh.cl\/instituto-de-ciencias-sociales\/2026\/06\/03\/negacionismo-climatico-sembrar-dudas-tambien-tiene-consecuencias\/#primaryimage"},"thumbnailUrl":"https:\/\/www.uoh.cl\/instituto-de-ciencias-sociales\/wp-content\/uploads\/sites\/29\/2026\/06\/Negacionismo.jpg","articleSection":["Ciencias Sociales"],"inLanguage":"es-CL","potentialAction":[{"@type":"CommentAction","name":"Comment","target":["https:\/\/www.uoh.cl\/instituto-de-ciencias-sociales\/2026\/06\/03\/negacionismo-climatico-sembrar-dudas-tambien-tiene-consecuencias\/#respond"]}]},{"@type":"WebPage","@id":"https:\/\/www.uoh.cl\/instituto-de-ciencias-sociales\/2026\/06\/03\/negacionismo-climatico-sembrar-dudas-tambien-tiene-consecuencias\/","url":"https:\/\/www.uoh.cl\/instituto-de-ciencias-sociales\/2026\/06\/03\/negacionismo-climatico-sembrar-dudas-tambien-tiene-consecuencias\/","name":"Negacionismo clim\u00e1tico: sembrar dudas tambi\u00e9n tiene consecuencias - Instituto de Ciencias Sociales","isPartOf":{"@id":"https:\/\/www.uoh.cl\/instituto-de-ciencias-sociales\/#website"},"primaryImageOfPage":{"@id":"https:\/\/www.uoh.cl\/instituto-de-ciencias-sociales\/2026\/06\/03\/negacionismo-climatico-sembrar-dudas-tambien-tiene-consecuencias\/#primaryimage"},"image":{"@id":"https:\/\/www.uoh.cl\/instituto-de-ciencias-sociales\/2026\/06\/03\/negacionismo-climatico-sembrar-dudas-tambien-tiene-consecuencias\/#primaryimage"},"thumbnailUrl":"https:\/\/www.uoh.cl\/instituto-de-ciencias-sociales\/wp-content\/uploads\/sites\/29\/2026\/06\/Negacionismo.jpg","datePublished":"2026-06-03T16:44:07+00:00","author":{"@id":"https:\/\/www.uoh.cl\/instituto-de-ciencias-sociales\/#\/schema\/person\/ea242e676c7d6d7e46fc8b9e39486c4f"},"description":"El debate de las \u00faltimas semanas reinstal\u00f3 una pregunta inc\u00f3moda: qu\u00e9 papel cumple el conocimiento cient\u00edfico en la pol\u00edtica p\u00fablica y qu\u00e9 ocurre cuando ese conocimiento se relativiza.","inLanguage":"es-CL","potentialAction":[{"@type":"ReadAction","target":["https:\/\/www.uoh.cl\/instituto-de-ciencias-sociales\/2026\/06\/03\/negacionismo-climatico-sembrar-dudas-tambien-tiene-consecuencias\/"]}]},{"@type":"ImageObject","inLanguage":"es-CL","@id":"https:\/\/www.uoh.cl\/instituto-de-ciencias-sociales\/2026\/06\/03\/negacionismo-climatico-sembrar-dudas-tambien-tiene-consecuencias\/#primaryimage","url":"https:\/\/www.uoh.cl\/instituto-de-ciencias-sociales\/wp-content\/uploads\/sites\/29\/2026\/06\/Negacionismo.jpg","contentUrl":"https:\/\/www.uoh.cl\/instituto-de-ciencias-sociales\/wp-content\/uploads\/sites\/29\/2026\/06\/Negacionismo.jpg","width":2000,"height":1404},{"@type":"WebSite","@id":"https:\/\/www.uoh.cl\/instituto-de-ciencias-sociales\/#website","url":"https:\/\/www.uoh.cl\/instituto-de-ciencias-sociales\/","name":"Instituto de Ciencias Sociales","description":"Otro sitio de Sitios de Universidad O'higgins","potentialAction":[{"@type":"SearchAction","target":{"@type":"EntryPoint","urlTemplate":"https:\/\/www.uoh.cl\/instituto-de-ciencias-sociales\/?s={search_term_string}"},"query-input":{"@type":"PropertyValueSpecification","valueRequired":true,"valueName":"search_term_string"}}],"inLanguage":"es-CL"},{"@type":"Person","@id":"https:\/\/www.uoh.cl\/instituto-de-ciencias-sociales\/#\/schema\/person\/ea242e676c7d6d7e46fc8b9e39486c4f","name":"Universidad de O'Higgins","image":{"@type":"ImageObject","inLanguage":"es-CL","@id":"https:\/\/secure.gravatar.com\/avatar\/78fcb76ca05efae11fd355943c01a832a29786cc00d85b1a82c301bea2b2a214?s=96&d=mm&r=g","url":"https:\/\/secure.gravatar.com\/avatar\/78fcb76ca05efae11fd355943c01a832a29786cc00d85b1a82c301bea2b2a214?s=96&d=mm&r=g","contentUrl":"https:\/\/secure.gravatar.com\/avatar\/78fcb76ca05efae11fd355943c01a832a29786cc00d85b1a82c301bea2b2a214?s=96&d=mm&r=g","caption":"Universidad de O'Higgins"}}]}},"_links":{"self":[{"href":"https:\/\/www.uoh.cl\/instituto-de-ciencias-sociales\/wp-json\/wp\/v2\/posts\/14026","targetHints":{"allow":["GET"]}}],"collection":[{"href":"https:\/\/www.uoh.cl\/instituto-de-ciencias-sociales\/wp-json\/wp\/v2\/posts"}],"about":[{"href":"https:\/\/www.uoh.cl\/instituto-de-ciencias-sociales\/wp-json\/wp\/v2\/types\/post"}],"author":[{"embeddable":true,"href":"https:\/\/www.uoh.cl\/instituto-de-ciencias-sociales\/wp-json\/wp\/v2\/users\/34"}],"replies":[{"embeddable":true,"href":"https:\/\/www.uoh.cl\/instituto-de-ciencias-sociales\/wp-json\/wp\/v2\/comments?post=14026"}],"version-history":[{"count":0,"href":"https:\/\/www.uoh.cl\/instituto-de-ciencias-sociales\/wp-json\/wp\/v2\/posts\/14026\/revisions"}],"wp:featuredmedia":[{"embeddable":true,"href":"https:\/\/www.uoh.cl\/instituto-de-ciencias-sociales\/wp-json\/wp\/v2\/media\/14027"}],"wp:attachment":[{"href":"https:\/\/www.uoh.cl\/instituto-de-ciencias-sociales\/wp-json\/wp\/v2\/media?parent=14026"}],"wp:term":[{"taxonomy":"category","embeddable":true,"href":"https:\/\/www.uoh.cl\/instituto-de-ciencias-sociales\/wp-json\/wp\/v2\/categories?post=14026"},{"taxonomy":"post_tag","embeddable":true,"href":"https:\/\/www.uoh.cl\/instituto-de-ciencias-sociales\/wp-json\/wp\/v2\/tags?post=14026"}],"curies":[{"name":"wp","href":"https:\/\/api.w.org\/{rel}","templated":true}]}}