
{"id":1002,"date":"2022-10-24T09:18:35","date_gmt":"2022-10-24T12:18:35","guid":{"rendered":"https:\/\/www.uoh.cl\/instituto-de-ciencias-sociales\/2022\/10\/24\/jefe-de-carrera-de-administracion-publica-uoh-presento-ponencia-en-conferencia-internacional-de-gestion-publica\/"},"modified":"2022-10-24T09:18:35","modified_gmt":"2022-10-24T12:18:35","slug":"jefe-de-carrera-de-administracion-publica-uoh-presento-ponencia-en-conferencia-internacional-de-gestion-publica","status":"publish","type":"post","link":"https:\/\/www.uoh.cl\/instituto-de-ciencias-sociales\/2022\/10\/24\/jefe-de-carrera-de-administracion-publica-uoh-presento-ponencia-en-conferencia-internacional-de-gestion-publica\/","title":{"rendered":"Jefe de carrera de Administraci\u00f3n P\u00fablica UOH present\u00f3 ponencia en conferencia internacional de gesti\u00f3n p\u00fablica"},"content":{"rendered":"<div class=\"wpb-content-wrapper\"><p>[vc_section el_class=&#8221;container mx-auto align-items-center text-right circle&#8211;pattern&#8221; css=&#8221;.vc_custom_1648956589196{padding-top: 3rem !important;}&#8221;][vc_row][vc_column]<div class=\"breadcrumb\"><ol itemscope itemtype=\"https:\/\/schema.org\/BreadcrumbList\"><li itemprop=\"itemListElement\" itemscope itemtype=\"https:\/\/schema.org\/ListItem\"><a itemprop=\"item\" href=\"http:\/\/www.uoh.cl\"><span itemprop=\"name\">Inicio<\/span><\/a><meta itemprop=\"position\" content=\"1\" \/><li itemprop=\"itemListElement\" itemscope itemtype=\"https:\/\/schema.org\/ListItem\"><a itemprop=\"item\" href=\"https:\/\/www.uoh.cl\/instituto-de-ciencias-sociales\"><span itemprop=\"name\">Instituto de Ciencias Sociales<\/span><\/a><meta itemprop=\"position\" content=\"2\" \/><li itemprop=\"itemListElement\" itemscope itemtype=\"https:\/\/schema.org\/ListItem\"><a itemprop=\"item\" href=\"https:\/\/www.uoh.cl\/instituto-de-ciencias-sociales\/noticias\/\"><span itemprop=\"name\">Noticias<\/span><\/a><meta itemprop=\"position\" content=\"3\" \/><li itemprop=\"itemListElement\" itemscope itemtype=\"https:\/\/schema.org\/ListItem\"><span itemprop=\"name\">Jefe de carrera de Administraci\u00f3n P\u00fablica UOH present\u00f3 ponencia en <\/span><meta itemprop=\"position\" content=\"4\" \/><\/ol><\/div><ul class=\"p-0 list-style-none d-inline-block\"><li class=\"p-0\"><a href=https:\/\/www.uoh.cl\/instituto-de-ciencias-sociales\/category\/ciencias-sociales\/ class=\"px-1 py-2\">Ciencias Sociales<\/a><\/li><\/ul><div class=\"date_publish_post\"> \u25cf Lun 24 de Octubre 2022<\/div><div class=\"uoh_title_component-container\"><h1 class=\"title title--ms d-inline-block title--decorator  big\">Jefe de carrera de Administraci\u00f3n P\u00fablica UOH present\u00f3 ponencia en conferencia internacional de gesti\u00f3n p\u00fablica<\/h1><\/div>[vc_row_inner el_class=&#8221;border-separator m-0&#8243;][vc_column_inner width=&#8221;2\/3&#8243;]<div class=\"author_wp_class\"> Escrito por <span>Universidad de O'Higgins<\/span><\/div>[\/vc_column_inner][vc_column_inner el_class=&#8221;align-items-end-publish&#8221; width=&#8221;1\/3&#8243;]<div class=\"uoh_social_network_component uoh_row col-12 justify-content-end m-0 p-0\"> <div class=\"icon__facebook-share-button\">\n                       <a href=\"https:\/\/www.facebook.com\/sharer\/sharer.php?u=https:\/\/www.uoh.cl\/instituto-de-ciencias-sociales\/2022\/10\/24\/jefe-de-carrera-de-administracion-publica-uoh-presento-ponencia-en-conferencia-internacional-de-gestion-publica\/\" target=\"_blank\"> <div class=\"icon__facebook-svg\"><svg version=\"1.1\" xmlns=\"http:\/\/www.w3.org\/2000\/svg\" xmlns:xlink=\"http:\/\/www.w3.org\/1999\/xlink\" x=\"0px\" y=\"0px\" width=\"22.4px\" height=\"48.3px\" viewBox=\"0 0 22.4 48.3\" style=\"overflow:visible;enable-background:new 0 0 22.4 48.3;\" xml:space=\"preserve\">\n                <defs>\n                <\/defs>\n                <path class=\"st0\" d=\"M22.4,15.6h-7.6v-5c0-1.9,1.2-2.3,2.1-2.3c0.9,0,5.4,0,5.4,0V0l-7.4,0C6.6,0,4.8,6.2,4.8,10.1v5.5H0v8.5h4.8\n                    c0,10.9,0,24.1,0,24.1h10c0,0,0-13.3,0-24.1h6.8L22.4,15.6z\"><\/path>\n                <\/svg><\/a><\/div>\n                    <\/div><div class=\"icon__twitter-share-button\">\n                        <div class=\"icon__twitter-svg\"><a target=\"_blank\" href=\"http:\/\/twitter.com\/share?url=https:\/\/www.uoh.cl\/instituto-de-ciencias-sociales\/2022\/10\/24\/jefe-de-carrera-de-administracion-publica-uoh-presento-ponencia-en-conferencia-internacional-de-gestion-publica\/\"><svg xmlns=\"http:\/\/www.w3.org\/2000\/svg\" height=\"1em\" viewBox=\"0 0 512 512\"><!--! Font Awesome Free 6.4.2 by @fontawesome - https:\/\/fontawesome.com License - https:\/\/fontawesome.com\/license (Commercial License) Copyright 2023 Fonticons, Inc. --><path d=\"M389.2 48h70.6L305.6 224.2 487 464H345L233.7 318.6 106.5 464H35.8L200.7 275.5 26.8 48H172.4L272.9 180.9 389.2 48zM364.4 421.8h39.1L151.1 88h-42L364.4 421.8z\"\/><\/svg><\/a><\/div>\n                        <\/div><div class=\"icon__linkedin-share-button\">\n                        <div class=\"icon__linkedin-svg\">\n                        <a target=\"__blank\" href=\"https:\/\/www.linkedin.com\/sharing\/share-offsite\/?url=https:\/\/www.uoh.cl\/instituto-de-ciencias-sociales\/2022\/10\/24\/jefe-de-carrera-de-administracion-publica-uoh-presento-ponencia-en-conferencia-internacional-de-gestion-publica\/\"><svg enable-background=\"new 0 0 100 100\" height=\"100px\" id=\"Layer_1\" version=\"1.1\" viewBox=\"0 0 100 100\" width=\"100px\" xml:space=\"preserve\" xmlns=\"http:\/\/www.w3.org\/2000\/svg\" xmlns:xlink=\"http:\/\/www.w3.org\/1999\/xlink\"><g><circle cx=\"50\" cy=\"50\" fill=\"#ccc\" r=\"45\"\/><g id=\"LinkedIn_1_\"><rect fill=\"#FFFFFF\" height=\"24.361\" width=\"7.69\" x=\"31.271\" y=\"43.569\"\/><path d=\"M59.968,43.334c-4.406,0-7.165,2.387-7.677,4.058v-3.823h-8.636c0.109,2.03,0,24.361,0,24.361h8.636    V54.748c0-0.733-0.034-1.465,0.19-1.991c0.594-1.464,1.869-2.985,4.162-2.985c2.998,0,4.361,2.253,4.361,5.552V67.93h8.721V54.384    C69.726,46.839,65.432,43.334,59.968,43.334z\" fill=\"#FFFFFF\"\/><path d=\"M34.973,32.069c-2.839,0-4.696,1.823-4.696,4.229c0,2.361,1.804,4.224,4.589,4.224h0.054    c2.891,0,4.69-1.869,4.69-4.229C39.555,33.888,37.81,32.069,34.973,32.069z\" fill=\"#FFFFFF\"\/><\/g><\/g><\/svg><\/a><\/div>\n\n            <\/div><\/div>[\/vc_column_inner][\/vc_row_inner][vc_single_image image=&#8221;11863&#8243; img_size=&#8221;large&#8221;][vc_column_text]\u00a0[\/vc_column_text][vc_column_text]<i>Juan Pablo Araya present\u00f3 su ponencia sobre las alianzas en infraestructura de transportes y control de la corrupci\u00f3n en pa\u00edses en v\u00edas de desarrollo.<\/i>[\/vc_column_text][vc_column_text]\u00a0[\/vc_column_text][vc_column_text]<\/p>\n<p style=\"font-weight: 400\">A mediados del mes de octubre, se desarroll\u00f3 en la Universidad Estatal de Arizona, Estados Unidos, la vig\u00e9sima sexta versi\u00f3n de la Conferencia Internacional de la Red Internacional de Gesti\u00f3n P\u00fablica, la cual tiene como objetivo compartir resultados de diversas investigaciones en el campo de la gesti\u00f3n p\u00fablica y dando pie a enfoques alternativos para la resoluci\u00f3n de problemas y la toma de decisiones en el sector p\u00fablico.<\/p>\n<p style=\"font-weight: 400\">En la actividad, el jefe de carrera de Administraci\u00f3n P\u00fablica, Juan Pablo Araya present\u00f3, en modalidad virtual, la ponencia &#8220;Alianzas en infraestructura de transportes y control de la corrupci\u00f3n en pa\u00edses en v\u00edas de desarrollo: Impacto sobre el nivel de inversi\u00f3n privada&#8221;. La ponencia fue realizada en co-autor\u00eda con el profesor Dr. Gene Brewer, experto internacional ampliamente reconocido en t\u00f3picos como gesti\u00f3n y pol\u00edticas p\u00fablicas, de la School of Public Affairs de la Universidad de Georgia, y el Dr. Aravinda Karunaratne.<\/p>\n<p style=\"font-weight: 400\">La investigaci\u00f3n sintetiza los hallazgos del an\u00e1lisis de 6.400 proyectos de infraestructura en 139 pa\u00edses de niveles medios-bajos de ingreso en m\u00e1s de 30 a\u00f1os. Espec\u00edficamente, se analizaron factores macroecon\u00f3micos, de gobernanza y propios de la gesti\u00f3n de proyectos de esta envergadura, y c\u00f3mo estos influyen en el nivel de aporte por parte de los inversores privados. En relaci\u00f3n con la corrupci\u00f3n, los resultados mostraron, contra-intuitivamente, que en aquellos pa\u00edses con menor control de la corrupci\u00f3n por parte de los gobiernos existe un mayor nivel de inversi\u00f3n de recursos por parte de los actores privados, lo que plantea un desaf\u00edo a la modernizaci\u00f3n de las estructuras burocr\u00e1ticas y la gesti\u00f3n por parte de los servidores p\u00fablicos de mejores alianzas p\u00fablico-privadas.<\/p>\n<p style=\"font-weight: 400\">Para Juan Pablo Araya se trat\u00f3 de una experiencia \u201cmuy enriquecedora, especialmente trabajar en este art\u00edculo con el profesor Brewer. Creo que los resultados de esta investigaci\u00f3n dan luces sobre las habilidades que deben desarrollar los administradores p\u00fablicos que gestionar\u00e1n alianzas p\u00fablico privadas observando atentamente las complejidades de estos arreglos institucionales para la transparencia y la \u00e9tica p\u00fablica. Adem\u00e1s, plantea un desaf\u00edo a las administraciones p\u00fablicas de pa\u00edses en v\u00edas de desarrollo para ser m\u00e1s flexibles y evitar cargas administrativas que dificultan la gesti\u00f3n de estas alianzas\u201d.<\/p>\n<p>[\/vc_column_text][\/vc_column][\/vc_row][\/vc_section][vc_section css=&#8221;.vc_custom_1650255686594{background-color: #f6faff !important;}&#8221; el_class=&#8221;p-md-0 pt-md-5&#8243;][vc_row el_class=&#8221;container mx-auto align-items-center text-right p-md-0 pt-5 pb-5&#8243;][vc_column el_class=&#8221;pb-5&#8243;][vc_row_inner el_class=&#8221;pb-5&#8243;][vc_column_inner]<div class=\"row m-0 p-0\"><div class=\"col-12 col-md-9 pt-5 pt-md-0\"><h2 class=\"title title--decorator title--ms d-inline-block\">Te Recomendamos<\/h2><\/div><\/div><div class=\"content-holder\"><div class=\"row  swipper-news-list not--activate-hack \"><div class=\"row -wrapper\"><div class=\"  col-sm-6 col-md-4 img-article\">\n                                        <div class=\"content-news-display row m-0 p-0\"><div class=\"holder p-0 \"><div class=\"img-wrap img-wrap-news\">\n                                        <div class=\"caption__news-category\">\n                                        <a href=\"https:\/\/www.uoh.cl\/instituto-de-ciencias-sociales\/category\/ciencias-sociales\/\">\n                                        Ciencias Sociales<\/a><\/div><img decoding=\"async\" class=\"w-100 h-100 lazyload\" data-src=\"https:\/\/www.uoh.cl\/instituto-de-ciencias-sociales\/wp-content\/uploads\/sites\/29\/2026\/04\/Ciudad.jpg\" alt=\"Policrisis y ciudades al l\u00edmite: experta advierte que modelo urbano chileno \u201cest\u00e1 agotado\u201d\" style=\"--smush-placeholder-width: 2000px; --smush-placeholder-aspect-ratio: 2000\/1335;object-fit: cover; object-position: center;\" src=\"data:image\/svg+xml;base64,PHN2ZyB3aWR0aD0iMSIgaGVpZ2h0PSIxIiB4bWxucz0iaHR0cDovL3d3dy53My5vcmcvMjAwMC9zdmciPjwvc3ZnPg==\"><\/div><\/div><div class=\"caption py-3 caption__news py-md-3 pb-md-5\">\n                                    <span class=\"caption__date\">Jueves 23, Abril<\/span>\n                                     <a href=\"https:\/\/www.uoh.cl\/instituto-de-ciencias-sociales\/2026\/04\/23\/policrisis-y-ciudades-al-limite-experta-advierte-que-modelo-urbano-chileno-esta-agotado\/\">\n                                    <h3 class=\"small-space\">Policrisis y ciudades al l\u00edmite: experta advierte que modelo urbano chileno \u201cest\u00e1 agotado\u201d<\/h3><\/a>\n\n                                    <p>La acad\u00e9mica Gabriela Guevara Cu\u00e9 sostiene que la convergencia de crisis econ\u00f3micas, clim\u00e1ticas, de contaminaci\u00f3n y energ\u00e9ticas est\u00e1 tensionando un modelo de desarrollo urbano incapaz de responder a los desaf\u00edos actuales, profundizando desigualdades y fragilidad territorial.<\/p>\n                                    <a class=\"link link--bold mt-md-3\" href=\"https:\/\/www.uoh.cl\/instituto-de-ciencias-sociales\/2026\/04\/23\/policrisis-y-ciudades-al-limite-experta-advierte-que-modelo-urbano-chileno-esta-agotado\/\">Saber m\u00e1s <span class=\"icon icon--inline icon--link\"><svg version=\"1.1\" xmlns=\"http:\/\/www.w3.org\/2000\/svg\" xmlns:xlink=\"http:\/\/www.w3.org\/1999\/xlink\" x=\"0px\" y=\"0px\" width=\"22px\"height=\"22px\" viewBox=\"0 0 22 22\" style=\"overflow:visible;enable-background:new 0 0 80 64.6;\" xml:space=\"preserve\"><g clip-path=\"url(#acA)\"><path fill-rule=\"evenodd\" d=\"M21.913 11.266a.93.93 0 000-.711c-.022-.056-.063-.097-.091-.144s-.053-.103-.097-.15L12.306.294c-.357-.379-.955-.394-1.334-.038s-.394.955-.038 1.334l7.917 8.374H.927a.95.95 0 00-.908.983.946.946 0 00.908.908h17.924l-8.089 8.552c-.357.379-.341.977.034 1.334s.977.341 1.334-.034l9.594-10.148c.044-.044.063-.1.097-.15.028-.047.069-.088.091-.141z\"\/><\/g><defs><clipPath id=\"acA\"><path fill=\"#fff\" d=\"M0 0h22v22H0z\"\/><\/clipPath><\/defs><\/svg><\/span><\/a><\/div><\/div><\/div><div class=\"  col-sm-6 col-md-4 img-article\">\n                                        <div class=\"content-news-display row m-0 p-0\"><div class=\"holder p-0 \"><div class=\"img-wrap img-wrap-news\">\n                                        <div class=\"caption__news-category\">\n                                        <a href=\"https:\/\/www.uoh.cl\/instituto-de-ciencias-sociales\/category\/cuech\/\">\n                                        CUECH<\/a><\/div><img decoding=\"async\" class=\"w-100 h-100 lazyload\" data-src=\"https:\/\/www.uoh.cl\/instituto-de-ciencias-sociales\/wp-content\/uploads\/sites\/29\/2026\/04\/DSC_2431-scaled.jpg\" alt=\"Universidades estatales sellan hoja de ruta 2030: Red Desarrollo Sustentable entra en fase de consolidaci\u00f3n\" style=\"--smush-placeholder-width: 2560px; --smush-placeholder-aspect-ratio: 2560\/1707;object-fit: cover; object-position: center;\" src=\"data:image\/svg+xml;base64,PHN2ZyB3aWR0aD0iMSIgaGVpZ2h0PSIxIiB4bWxucz0iaHR0cDovL3d3dy53My5vcmcvMjAwMC9zdmciPjwvc3ZnPg==\"><\/div><\/div><div class=\"caption py-3 caption__news py-md-3 pb-md-5\">\n                                    <span class=\"caption__date\">Mi\u00e9rcoles 15, Abril<\/span>\n                                     <a href=\"https:\/\/www.uoh.cl\/instituto-de-ciencias-sociales\/2026\/04\/15\/universidades-estatales-sellan-hoja-de-ruta-2030-red-desarrollo-sustentable-entra-en-fase-de-consolidacion\/\">\n                                    <h3 class=\"small-space\">Universidades estatales sellan hoja de ruta 2030: Red Desarrollo Sustentable entra en fase de consolidaci\u00f3n<\/h3><\/a>\n\n                                    <p>En el Plenario realizado en la Universidad de O'Higgins, los 18 planteles p\u00fablicos definieron sus metas estrat\u00e9gicas para el periodo 2026-2030. El plan priorizar\u00e1 la institucionalizaci\u00f3n de capacidades, un diplomado para organismos p\u00fablicos y la medici\u00f3n de la huella h\u00eddrica en los campus.<\/p>\n                                    <a class=\"link link--bold mt-md-3\" href=\"https:\/\/www.uoh.cl\/instituto-de-ciencias-sociales\/2026\/04\/15\/universidades-estatales-sellan-hoja-de-ruta-2030-red-desarrollo-sustentable-entra-en-fase-de-consolidacion\/\">Saber m\u00e1s <span class=\"icon icon--inline icon--link\"><svg version=\"1.1\" xmlns=\"http:\/\/www.w3.org\/2000\/svg\" xmlns:xlink=\"http:\/\/www.w3.org\/1999\/xlink\" x=\"0px\" y=\"0px\" width=\"22px\"height=\"22px\" viewBox=\"0 0 22 22\" style=\"overflow:visible;enable-background:new 0 0 80 64.6;\" xml:space=\"preserve\"><g clip-path=\"url(#acA)\"><path fill-rule=\"evenodd\" d=\"M21.913 11.266a.93.93 0 000-.711c-.022-.056-.063-.097-.091-.144s-.053-.103-.097-.15L12.306.294c-.357-.379-.955-.394-1.334-.038s-.394.955-.038 1.334l7.917 8.374H.927a.95.95 0 00-.908.983.946.946 0 00.908.908h17.924l-8.089 8.552c-.357.379-.341.977.034 1.334s.977.341 1.334-.034l9.594-10.148c.044-.044.063-.1.097-.15.028-.047.069-.088.091-.141z\"\/><\/g><defs><clipPath id=\"acA\"><path fill=\"#fff\" d=\"M0 0h22v22H0z\"\/><\/clipPath><\/defs><\/svg><\/span><\/a><\/div><\/div><\/div><div class=\"  col-sm-6 col-md-4 img-article\">\n                                        <div class=\"content-news-display row m-0 p-0\"><div class=\"holder p-0 \"><div class=\"img-wrap img-wrap-news\">\n                                        <div class=\"caption__news-category\">\n                                        <a href=\"https:\/\/www.uoh.cl\/instituto-de-ciencias-sociales\/category\/ciencias-sociales\/\">\n                                        Ciencias Sociales<\/a><\/div><img decoding=\"async\" class=\"w-100 h-100 lazyload\" data-src=\"https:\/\/www.uoh.cl\/instituto-de-ciencias-sociales\/wp-content\/uploads\/sites\/29\/2026\/04\/Seguridad-Escolar.jpg\" alt=\"Experta advierte que foco punitivo en seguridad escolar \u201cno aborda el problema de fondo\u201d\" style=\"--smush-placeholder-width: 2000px; --smush-placeholder-aspect-ratio: 2000\/1333;object-fit: cover; object-position: center;\" src=\"data:image\/svg+xml;base64,PHN2ZyB3aWR0aD0iMSIgaGVpZ2h0PSIxIiB4bWxucz0iaHR0cDovL3d3dy53My5vcmcvMjAwMC9zdmciPjwvc3ZnPg==\"><\/div><\/div><div class=\"caption py-3 caption__news py-md-3 pb-md-5\">\n                                    <span class=\"caption__date\">Jueves 9, Abril<\/span>\n                                     <a href=\"https:\/\/www.uoh.cl\/instituto-de-ciencias-sociales\/2026\/04\/09\/experta-advierte-que-foco-punitivo-en-seguridad-escolar-no-aborda-el-problema-de-fondo\/\">\n                                    <h3 class=\"small-space\">Experta advierte que foco punitivo en seguridad escolar \u201cno aborda el problema de fondo\u201d<\/h3><\/a>\n\n                                    <p>La soci\u00f3loga y acad\u00e9mica UOH Mar\u00eda Paz Trebilcock plantea que los proyectos de ley impulsados -esta semana- por el Gobierno deben complementarse con una agenda de convivencia y salud socioemocional, advirtiendo que sanciones como la p\u00e9rdida de la gratuidad podr\u00edan ser desmedidas y poco efectivas.<\/p>\n                                    <a class=\"link link--bold mt-md-3\" href=\"https:\/\/www.uoh.cl\/instituto-de-ciencias-sociales\/2026\/04\/09\/experta-advierte-que-foco-punitivo-en-seguridad-escolar-no-aborda-el-problema-de-fondo\/\">Saber m\u00e1s <span class=\"icon icon--inline icon--link\"><svg version=\"1.1\" xmlns=\"http:\/\/www.w3.org\/2000\/svg\" xmlns:xlink=\"http:\/\/www.w3.org\/1999\/xlink\" x=\"0px\" y=\"0px\" width=\"22px\"height=\"22px\" viewBox=\"0 0 22 22\" style=\"overflow:visible;enable-background:new 0 0 80 64.6;\" xml:space=\"preserve\"><g clip-path=\"url(#acA)\"><path fill-rule=\"evenodd\" d=\"M21.913 11.266a.93.93 0 000-.711c-.022-.056-.063-.097-.091-.144s-.053-.103-.097-.15L12.306.294c-.357-.379-.955-.394-1.334-.038s-.394.955-.038 1.334l7.917 8.374H.927a.95.95 0 00-.908.983.946.946 0 00.908.908h17.924l-8.089 8.552c-.357.379-.341.977.034 1.334s.977.341 1.334-.034l9.594-10.148c.044-.044.063-.1.097-.15.028-.047.069-.088.091-.141z\"\/><\/g><defs><clipPath id=\"acA\"><path fill=\"#fff\" d=\"M0 0h22v22H0z\"\/><\/clipPath><\/defs><\/svg><\/span><\/a><\/div><\/div><\/div><\/div><\/div><\/div><div class=\"pagination justify-content-center my-5\"><span aria-current=\"page\" class=\"page-numbers current\">1<\/span>\n<a class=\"page-numbers\" href=\"https:\/\/www.uoh.cl\/instituto-de-ciencias-sociales\/wp-json\/wp\/v2\/posts\/1002\/\/page\/2\">2<\/a>\n<a class=\"page-numbers\" href=\"https:\/\/www.uoh.cl\/instituto-de-ciencias-sociales\/wp-json\/wp\/v2\/posts\/1002\/\/page\/3\">3<\/a>\n<span class=\"page-numbers dots\">&hellip;<\/span>\n<a class=\"page-numbers\" href=\"https:\/\/www.uoh.cl\/instituto-de-ciencias-sociales\/wp-json\/wp\/v2\/posts\/1002\/\/page\/102\">102<\/a>\n<a class=\"next page-numbers\" href=\"https:\/\/www.uoh.cl\/instituto-de-ciencias-sociales\/wp-json\/wp\/v2\/posts\/1002\/\/page\/2\"><div class=\"icon-pagination-next\"> <?xml version=\"1.0\" ?><svg viewBox=\"0 0 96 96\" xmlns=\"http:\/\/www.w3.org\/2000\/svg\"><title\/><path d=\"M39.3756,48.0022l30.47-25.39a6.0035,6.0035,0,0,0-7.6878-9.223L26.1563,43.3906a6.0092,6.0092,0,0,0,0,9.2231L62.1578,82.615a6.0035,6.0035,0,0,0,7.6878-9.2231Z\"\/><\/svg> <\/div><\/a><\/div>[\/vc_column_inner][\/vc_row_inner][\/vc_column][\/vc_row][\/vc_section]<\/p>\n<\/div>","protected":false},"excerpt":{"rendered":"<p>Juan Pablo Araya present\u00f3 su ponencia sobre las alianzas en infraestructura de transportes y control de la corrupci\u00f3n en pa\u00edses en v\u00edas de desarrollo.<\/p>\n","protected":false},"author":34,"featured_media":1003,"comment_status":"open","ping_status":"open","sticky":false,"template":"","format":"standard","meta":{"_acf_changed":false,"footnotes":""},"categories":[29],"tags":[],"class_list":["post-1002","post","type-post","status-publish","format-standard","has-post-thumbnail","hentry","category-ciencias-sociales"],"acf":[],"yoast_head":"<!-- This site is optimized with the Yoast SEO plugin v26.6 - https:\/\/yoast.com\/wordpress\/plugins\/seo\/ -->\n<title>Jefe de carrera de Administraci\u00f3n P\u00fablica UOH present\u00f3 ponencia en conferencia internacional de gesti\u00f3n p\u00fablica - Instituto de Ciencias Sociales<\/title>\n<meta name=\"description\" content=\"Juan Pablo Araya present\u00f3 su ponencia sobre las alianzas en infraestructura de transportes y control de la corrupci\u00f3n en pa\u00edses en v\u00edas de desarrollo.\" \/>\n<meta name=\"robots\" content=\"noindex, nofollow\" \/>\n<meta property=\"og:locale\" content=\"es_ES\" \/>\n<meta property=\"og:type\" content=\"article\" \/>\n<meta property=\"og:title\" content=\"Jefe de carrera de Administraci\u00f3n P\u00fablica UOH present\u00f3 ponencia en conferencia internacional de gesti\u00f3n p\u00fablica - Instituto de Ciencias Sociales\" \/>\n<meta property=\"og:description\" content=\"Juan Pablo Araya present\u00f3 su ponencia sobre las alianzas en infraestructura de transportes y control de la corrupci\u00f3n en pa\u00edses en v\u00edas de desarrollo.\" \/>\n<meta property=\"og:url\" content=\"https:\/\/www.uoh.cl\/instituto-de-ciencias-sociales\/2022\/10\/24\/jefe-de-carrera-de-administracion-publica-uoh-presento-ponencia-en-conferencia-internacional-de-gestion-publica\/\" \/>\n<meta property=\"og:site_name\" content=\"Instituto de Ciencias Sociales\" \/>\n<meta property=\"article:published_time\" content=\"2022-10-24T12:18:35+00:00\" \/>\n<meta property=\"og:image\" content=\"https:\/\/www.uoh.cl\/instituto-de-ciencias-sociales\/wp-content\/uploads\/sites\/29\/2022\/10\/Administracion-Publica.jpg\" \/>\n\t<meta property=\"og:image:width\" content=\"1500\" \/>\n\t<meta property=\"og:image:height\" content=\"1000\" \/>\n\t<meta property=\"og:image:type\" content=\"image\/jpeg\" \/>\n<meta name=\"author\" content=\"Universidad de O&#039;Higgins\" \/>\n<meta name=\"twitter:card\" content=\"summary_large_image\" \/>\n<meta name=\"twitter:label1\" content=\"Escrito por\" \/>\n\t<meta name=\"twitter:data1\" content=\"Universidad de O&#039;Higgins\" \/>\n\t<meta name=\"twitter:label2\" content=\"Tiempo estimado de lectura\" \/>\n\t<meta name=\"twitter:data2\" content=\"2 minutos\" \/>\n<script type=\"application\/ld+json\" class=\"yoast-schema-graph\">{\"@context\":\"https:\/\/schema.org\",\"@graph\":[{\"@type\":\"WebPage\",\"@id\":\"https:\/\/www.uoh.cl\/instituto-de-ciencias-sociales\/2022\/10\/24\/jefe-de-carrera-de-administracion-publica-uoh-presento-ponencia-en-conferencia-internacional-de-gestion-publica\/\",\"url\":\"https:\/\/www.uoh.cl\/instituto-de-ciencias-sociales\/2022\/10\/24\/jefe-de-carrera-de-administracion-publica-uoh-presento-ponencia-en-conferencia-internacional-de-gestion-publica\/\",\"name\":\"Jefe de carrera de Administraci\u00f3n P\u00fablica UOH present\u00f3 ponencia en conferencia internacional de gesti\u00f3n p\u00fablica - Instituto de Ciencias Sociales\",\"isPartOf\":{\"@id\":\"https:\/\/www.uoh.cl\/instituto-de-ciencias-sociales\/#website\"},\"primaryImageOfPage\":{\"@id\":\"https:\/\/www.uoh.cl\/instituto-de-ciencias-sociales\/2022\/10\/24\/jefe-de-carrera-de-administracion-publica-uoh-presento-ponencia-en-conferencia-internacional-de-gestion-publica\/#primaryimage\"},\"image\":{\"@id\":\"https:\/\/www.uoh.cl\/instituto-de-ciencias-sociales\/2022\/10\/24\/jefe-de-carrera-de-administracion-publica-uoh-presento-ponencia-en-conferencia-internacional-de-gestion-publica\/#primaryimage\"},\"thumbnailUrl\":\"https:\/\/www.uoh.cl\/instituto-de-ciencias-sociales\/wp-content\/uploads\/sites\/29\/2022\/10\/Administracion-Publica.jpg\",\"datePublished\":\"2022-10-24T12:18:35+00:00\",\"author\":{\"@id\":\"https:\/\/www.uoh.cl\/instituto-de-ciencias-sociales\/#\/schema\/person\/ea242e676c7d6d7e46fc8b9e39486c4f\"},\"description\":\"Juan Pablo Araya present\u00f3 su ponencia sobre las alianzas en infraestructura de transportes y control de la corrupci\u00f3n en pa\u00edses en v\u00edas de desarrollo.\",\"inLanguage\":\"es-CL\",\"potentialAction\":[{\"@type\":\"ReadAction\",\"target\":[\"https:\/\/www.uoh.cl\/instituto-de-ciencias-sociales\/2022\/10\/24\/jefe-de-carrera-de-administracion-publica-uoh-presento-ponencia-en-conferencia-internacional-de-gestion-publica\/\"]}]},{\"@type\":\"ImageObject\",\"inLanguage\":\"es-CL\",\"@id\":\"https:\/\/www.uoh.cl\/instituto-de-ciencias-sociales\/2022\/10\/24\/jefe-de-carrera-de-administracion-publica-uoh-presento-ponencia-en-conferencia-internacional-de-gestion-publica\/#primaryimage\",\"url\":\"https:\/\/www.uoh.cl\/instituto-de-ciencias-sociales\/wp-content\/uploads\/sites\/29\/2022\/10\/Administracion-Publica.jpg\",\"contentUrl\":\"https:\/\/www.uoh.cl\/instituto-de-ciencias-sociales\/wp-content\/uploads\/sites\/29\/2022\/10\/Administracion-Publica.jpg\",\"width\":1500,\"height\":1000},{\"@type\":\"WebSite\",\"@id\":\"https:\/\/www.uoh.cl\/instituto-de-ciencias-sociales\/#website\",\"url\":\"https:\/\/www.uoh.cl\/instituto-de-ciencias-sociales\/\",\"name\":\"Instituto de Ciencias Sociales\",\"description\":\"Otro sitio de Sitios de Universidad O'higgins\",\"potentialAction\":[{\"@type\":\"SearchAction\",\"target\":{\"@type\":\"EntryPoint\",\"urlTemplate\":\"https:\/\/www.uoh.cl\/instituto-de-ciencias-sociales\/?s={search_term_string}\"},\"query-input\":{\"@type\":\"PropertyValueSpecification\",\"valueRequired\":true,\"valueName\":\"search_term_string\"}}],\"inLanguage\":\"es-CL\"},{\"@type\":\"Person\",\"@id\":\"https:\/\/www.uoh.cl\/instituto-de-ciencias-sociales\/#\/schema\/person\/ea242e676c7d6d7e46fc8b9e39486c4f\",\"name\":\"Universidad de O'Higgins\",\"image\":{\"@type\":\"ImageObject\",\"inLanguage\":\"es-CL\",\"@id\":\"https:\/\/www.uoh.cl\/instituto-de-ciencias-sociales\/#\/schema\/person\/image\/\",\"url\":\"https:\/\/secure.gravatar.com\/avatar\/78fcb76ca05efae11fd355943c01a832a29786cc00d85b1a82c301bea2b2a214?s=96&d=mm&r=g\",\"contentUrl\":\"https:\/\/secure.gravatar.com\/avatar\/78fcb76ca05efae11fd355943c01a832a29786cc00d85b1a82c301bea2b2a214?s=96&d=mm&r=g\",\"caption\":\"Universidad de O'Higgins\"}}]}<\/script>\n<!-- \/ Yoast SEO plugin. -->","yoast_head_json":{"title":"Jefe de carrera de Administraci\u00f3n P\u00fablica UOH present\u00f3 ponencia en conferencia internacional de gesti\u00f3n p\u00fablica - Instituto de Ciencias Sociales","description":"Juan Pablo Araya present\u00f3 su ponencia sobre las alianzas en infraestructura de transportes y control de la corrupci\u00f3n en pa\u00edses en v\u00edas de desarrollo.","robots":{"index":"noindex","follow":"nofollow"},"og_locale":"es_ES","og_type":"article","og_title":"Jefe de carrera de Administraci\u00f3n P\u00fablica UOH present\u00f3 ponencia en conferencia internacional de gesti\u00f3n p\u00fablica - Instituto de Ciencias Sociales","og_description":"Juan Pablo Araya present\u00f3 su ponencia sobre las alianzas en infraestructura de transportes y control de la corrupci\u00f3n en pa\u00edses en v\u00edas de desarrollo.","og_url":"https:\/\/www.uoh.cl\/instituto-de-ciencias-sociales\/2022\/10\/24\/jefe-de-carrera-de-administracion-publica-uoh-presento-ponencia-en-conferencia-internacional-de-gestion-publica\/","og_site_name":"Instituto de Ciencias Sociales","article_published_time":"2022-10-24T12:18:35+00:00","og_image":[{"width":1500,"height":1000,"url":"https:\/\/www.uoh.cl\/instituto-de-ciencias-sociales\/wp-content\/uploads\/sites\/29\/2022\/10\/Administracion-Publica.jpg","type":"image\/jpeg"}],"author":"Universidad de O'Higgins","twitter_card":"summary_large_image","twitter_misc":{"Escrito por":"Universidad de O'Higgins","Tiempo estimado de lectura":"2 minutos"},"schema":{"@context":"https:\/\/schema.org","@graph":[{"@type":"WebPage","@id":"https:\/\/www.uoh.cl\/instituto-de-ciencias-sociales\/2022\/10\/24\/jefe-de-carrera-de-administracion-publica-uoh-presento-ponencia-en-conferencia-internacional-de-gestion-publica\/","url":"https:\/\/www.uoh.cl\/instituto-de-ciencias-sociales\/2022\/10\/24\/jefe-de-carrera-de-administracion-publica-uoh-presento-ponencia-en-conferencia-internacional-de-gestion-publica\/","name":"Jefe de carrera de Administraci\u00f3n P\u00fablica UOH present\u00f3 ponencia en conferencia internacional de gesti\u00f3n p\u00fablica - Instituto de Ciencias Sociales","isPartOf":{"@id":"https:\/\/www.uoh.cl\/instituto-de-ciencias-sociales\/#website"},"primaryImageOfPage":{"@id":"https:\/\/www.uoh.cl\/instituto-de-ciencias-sociales\/2022\/10\/24\/jefe-de-carrera-de-administracion-publica-uoh-presento-ponencia-en-conferencia-internacional-de-gestion-publica\/#primaryimage"},"image":{"@id":"https:\/\/www.uoh.cl\/instituto-de-ciencias-sociales\/2022\/10\/24\/jefe-de-carrera-de-administracion-publica-uoh-presento-ponencia-en-conferencia-internacional-de-gestion-publica\/#primaryimage"},"thumbnailUrl":"https:\/\/www.uoh.cl\/instituto-de-ciencias-sociales\/wp-content\/uploads\/sites\/29\/2022\/10\/Administracion-Publica.jpg","datePublished":"2022-10-24T12:18:35+00:00","author":{"@id":"https:\/\/www.uoh.cl\/instituto-de-ciencias-sociales\/#\/schema\/person\/ea242e676c7d6d7e46fc8b9e39486c4f"},"description":"Juan Pablo Araya present\u00f3 su ponencia sobre las alianzas en infraestructura de transportes y control de la corrupci\u00f3n en pa\u00edses en v\u00edas de desarrollo.","inLanguage":"es-CL","potentialAction":[{"@type":"ReadAction","target":["https:\/\/www.uoh.cl\/instituto-de-ciencias-sociales\/2022\/10\/24\/jefe-de-carrera-de-administracion-publica-uoh-presento-ponencia-en-conferencia-internacional-de-gestion-publica\/"]}]},{"@type":"ImageObject","inLanguage":"es-CL","@id":"https:\/\/www.uoh.cl\/instituto-de-ciencias-sociales\/2022\/10\/24\/jefe-de-carrera-de-administracion-publica-uoh-presento-ponencia-en-conferencia-internacional-de-gestion-publica\/#primaryimage","url":"https:\/\/www.uoh.cl\/instituto-de-ciencias-sociales\/wp-content\/uploads\/sites\/29\/2022\/10\/Administracion-Publica.jpg","contentUrl":"https:\/\/www.uoh.cl\/instituto-de-ciencias-sociales\/wp-content\/uploads\/sites\/29\/2022\/10\/Administracion-Publica.jpg","width":1500,"height":1000},{"@type":"WebSite","@id":"https:\/\/www.uoh.cl\/instituto-de-ciencias-sociales\/#website","url":"https:\/\/www.uoh.cl\/instituto-de-ciencias-sociales\/","name":"Instituto de Ciencias Sociales","description":"Otro sitio de Sitios de Universidad O'higgins","potentialAction":[{"@type":"SearchAction","target":{"@type":"EntryPoint","urlTemplate":"https:\/\/www.uoh.cl\/instituto-de-ciencias-sociales\/?s={search_term_string}"},"query-input":{"@type":"PropertyValueSpecification","valueRequired":true,"valueName":"search_term_string"}}],"inLanguage":"es-CL"},{"@type":"Person","@id":"https:\/\/www.uoh.cl\/instituto-de-ciencias-sociales\/#\/schema\/person\/ea242e676c7d6d7e46fc8b9e39486c4f","name":"Universidad de O'Higgins","image":{"@type":"ImageObject","inLanguage":"es-CL","@id":"https:\/\/www.uoh.cl\/instituto-de-ciencias-sociales\/#\/schema\/person\/image\/","url":"https:\/\/secure.gravatar.com\/avatar\/78fcb76ca05efae11fd355943c01a832a29786cc00d85b1a82c301bea2b2a214?s=96&d=mm&r=g","contentUrl":"https:\/\/secure.gravatar.com\/avatar\/78fcb76ca05efae11fd355943c01a832a29786cc00d85b1a82c301bea2b2a214?s=96&d=mm&r=g","caption":"Universidad de O'Higgins"}}]}},"_links":{"self":[{"href":"https:\/\/www.uoh.cl\/instituto-de-ciencias-sociales\/wp-json\/wp\/v2\/posts\/1002","targetHints":{"allow":["GET"]}}],"collection":[{"href":"https:\/\/www.uoh.cl\/instituto-de-ciencias-sociales\/wp-json\/wp\/v2\/posts"}],"about":[{"href":"https:\/\/www.uoh.cl\/instituto-de-ciencias-sociales\/wp-json\/wp\/v2\/types\/post"}],"author":[{"embeddable":true,"href":"https:\/\/www.uoh.cl\/instituto-de-ciencias-sociales\/wp-json\/wp\/v2\/users\/34"}],"replies":[{"embeddable":true,"href":"https:\/\/www.uoh.cl\/instituto-de-ciencias-sociales\/wp-json\/wp\/v2\/comments?post=1002"}],"version-history":[{"count":0,"href":"https:\/\/www.uoh.cl\/instituto-de-ciencias-sociales\/wp-json\/wp\/v2\/posts\/1002\/revisions"}],"wp:featuredmedia":[{"embeddable":true,"href":"https:\/\/www.uoh.cl\/instituto-de-ciencias-sociales\/wp-json\/wp\/v2\/media\/1003"}],"wp:attachment":[{"href":"https:\/\/www.uoh.cl\/instituto-de-ciencias-sociales\/wp-json\/wp\/v2\/media?parent=1002"}],"wp:term":[{"taxonomy":"category","embeddable":true,"href":"https:\/\/www.uoh.cl\/instituto-de-ciencias-sociales\/wp-json\/wp\/v2\/categories?post=1002"},{"taxonomy":"post_tag","embeddable":true,"href":"https:\/\/www.uoh.cl\/instituto-de-ciencias-sociales\/wp-json\/wp\/v2\/tags?post=1002"}],"curies":[{"name":"wp","href":"https:\/\/api.w.org\/{rel}","templated":true}]}}