
{"id":7309,"date":"2025-04-21T11:02:40","date_gmt":"2025-04-21T14:02:40","guid":{"rendered":"https:\/\/www.uoh.cl\/instituto-de-ciencias-de-la-ingenieria\/2025\/04\/21\/dia-de-la-tierra-la-cuenta-regresiva\/"},"modified":"2025-04-21T11:02:40","modified_gmt":"2025-04-21T14:02:40","slug":"dia-de-la-tierra-la-cuenta-regresiva","status":"publish","type":"post","link":"https:\/\/www.uoh.cl\/instituto-de-ciencias-de-la-ingenieria\/2025\/04\/21\/dia-de-la-tierra-la-cuenta-regresiva\/","title":{"rendered":"D\u00eda de la Tierra: la cuenta regresiva"},"content":{"rendered":"<div class=\"wpb-content-wrapper\"><p>[vc_section el_class=&#8221;container mx-auto align-items-center circle&#8211;pattern&#8221; css=&#8221;.vc_custom_1648956589196{padding-top: 3rem !important;}&#8221;][vc_row][vc_column]<div class=\"breadcrumb\"><ol itemscope itemtype=\"https:\/\/schema.org\/BreadcrumbList\"><li itemprop=\"itemListElement\" itemscope itemtype=\"https:\/\/schema.org\/ListItem\"><a itemprop=\"item\" href=\"http:\/\/www.uoh.cl\"><span itemprop=\"name\">Inicio<\/span><\/a><meta itemprop=\"position\" content=\"1\" \/><li itemprop=\"itemListElement\" itemscope itemtype=\"https:\/\/schema.org\/ListItem\"><a itemprop=\"item\" href=\"https:\/\/www.uoh.cl\/instituto-de-ciencias-de-la-ingenieria\"><span itemprop=\"name\">Instituto de Ciencias de la Ingenier\u00eda <\/span><\/a><meta itemprop=\"position\" content=\"2\" \/><li itemprop=\"itemListElement\" itemscope itemtype=\"https:\/\/schema.org\/ListItem\"><a itemprop=\"item\" href=\"https:\/\/www.uoh.cl\/instituto-de-ciencias-de-la-ingenieria\/noticias\/\"><span itemprop=\"name\">Noticias<\/span><\/a><meta itemprop=\"position\" content=\"3\" \/><li itemprop=\"itemListElement\" itemscope itemtype=\"https:\/\/schema.org\/ListItem\"><span itemprop=\"name\">D\u00eda de la Tierra: la cuenta regresiva <\/span><meta itemprop=\"position\" content=\"4\" \/><\/ol><\/div><ul class=\"p-0 list-style-none d-inline-block\"><li class=\"p-0\"><a href=https:\/\/www.uoh.cl\/instituto-de-ciencias-de-la-ingenieria\/category\/ingenieria\/ class=\"px-1 py-2\">Ingenier\u00eda<\/a><\/li><\/ul><div class=\"date_publish_post\"> \u25cf Lun 21 de Abril 2025<\/div><div class=\"uoh_title_component-container\"><h1 class=\"title title--ms d-inline-block title--decorator  big\">D\u00eda de la Tierra: la cuenta regresiva<\/h1><\/div>[vc_row_inner el_class=&#8221;border-separator m-0&#8243;][vc_column_inner width=&#8221;2\/3&#8243;]<div class=\"author_wp_class\"> Escrito por <span>Universidad de O'Higgins<\/span><\/div>[\/vc_column_inner][vc_column_inner el_class=&#8221;align-items-end-publish&#8221; width=&#8221;1\/3&#8243;]<div class=\"uoh_social_network_component uoh_row col-12 justify-content-end m-0 p-0\"> <div class=\"icon__facebook-share-button\">\n                       <a href=\"https:\/\/www.facebook.com\/sharer\/sharer.php?u=https:\/\/www.uoh.cl\/instituto-de-ciencias-de-la-ingenieria\/2025\/04\/21\/dia-de-la-tierra-la-cuenta-regresiva\/\" target=\"_blank\"> <div class=\"icon__facebook-svg\"><svg version=\"1.1\" xmlns=\"http:\/\/www.w3.org\/2000\/svg\" xmlns:xlink=\"http:\/\/www.w3.org\/1999\/xlink\" x=\"0px\" y=\"0px\" width=\"22.4px\" height=\"48.3px\" viewBox=\"0 0 22.4 48.3\" style=\"overflow:visible;enable-background:new 0 0 22.4 48.3;\" xml:space=\"preserve\">\n                <defs>\n                <\/defs>\n                <path class=\"st0\" d=\"M22.4,15.6h-7.6v-5c0-1.9,1.2-2.3,2.1-2.3c0.9,0,5.4,0,5.4,0V0l-7.4,0C6.6,0,4.8,6.2,4.8,10.1v5.5H0v8.5h4.8\n                    c0,10.9,0,24.1,0,24.1h10c0,0,0-13.3,0-24.1h6.8L22.4,15.6z\"><\/path>\n                <\/svg><\/a><\/div>\n                    <\/div><div class=\"icon__twitter-share-button\">\n                        <div class=\"icon__twitter-svg\"><a target=\"_blank\" href=\"http:\/\/twitter.com\/share?url=https:\/\/www.uoh.cl\/instituto-de-ciencias-de-la-ingenieria\/2025\/04\/21\/dia-de-la-tierra-la-cuenta-regresiva\/\"><svg xmlns=\"http:\/\/www.w3.org\/2000\/svg\" height=\"1em\" viewBox=\"0 0 512 512\"><!--! Font Awesome Free 6.4.2 by @fontawesome - https:\/\/fontawesome.com License - https:\/\/fontawesome.com\/license (Commercial License) Copyright 2023 Fonticons, Inc. --><path d=\"M389.2 48h70.6L305.6 224.2 487 464H345L233.7 318.6 106.5 464H35.8L200.7 275.5 26.8 48H172.4L272.9 180.9 389.2 48zM364.4 421.8h39.1L151.1 88h-42L364.4 421.8z\"\/><\/svg><\/a><\/div>\n                        <\/div><div class=\"icon__linkedin-share-button\">\n                        <div class=\"icon__linkedin-svg\">\n                        <a target=\"__blank\" href=\"https:\/\/www.linkedin.com\/sharing\/share-offsite\/?url=https:\/\/www.uoh.cl\/instituto-de-ciencias-de-la-ingenieria\/2025\/04\/21\/dia-de-la-tierra-la-cuenta-regresiva\/\"><svg enable-background=\"new 0 0 100 100\" height=\"100px\" id=\"Layer_1\" version=\"1.1\" viewBox=\"0 0 100 100\" width=\"100px\" xml:space=\"preserve\" xmlns=\"http:\/\/www.w3.org\/2000\/svg\" xmlns:xlink=\"http:\/\/www.w3.org\/1999\/xlink\"><g><circle cx=\"50\" cy=\"50\" fill=\"#ccc\" r=\"45\"\/><g id=\"LinkedIn_1_\"><rect fill=\"#FFFFFF\" height=\"24.361\" width=\"7.69\" x=\"31.271\" y=\"43.569\"\/><path d=\"M59.968,43.334c-4.406,0-7.165,2.387-7.677,4.058v-3.823h-8.636c0.109,2.03,0,24.361,0,24.361h8.636    V54.748c0-0.733-0.034-1.465,0.19-1.991c0.594-1.464,1.869-2.985,4.162-2.985c2.998,0,4.361,2.253,4.361,5.552V67.93h8.721V54.384    C69.726,46.839,65.432,43.334,59.968,43.334z\" fill=\"#FFFFFF\"\/><path d=\"M34.973,32.069c-2.839,0-4.696,1.823-4.696,4.229c0,2.361,1.804,4.224,4.589,4.224h0.054    c2.891,0,4.69-1.869,4.69-4.229C39.555,33.888,37.81,32.069,34.973,32.069z\" fill=\"#FFFFFF\"\/><\/g><\/g><\/svg><\/a><\/div>\n\n            <\/div><\/div>[\/vc_column_inner][\/vc_row_inner][vc_single_image image=&#8221;45916&#8243; img_size=&#8221;full&#8221; add_caption=&#8221;yes&#8221; alignment=&#8221;center&#8221; onclick=&#8221;link_image&#8221; css=&#8221;&#8221;][vc_column_text]\u00a0[\/vc_column_text][vc_column_text css=&#8221;&#8221;]<\/p>\n<ul>\n<li><i><span lang=\"ES-CL\">El lema de este 2025 es \u201cNuestro poder, nuestro planeta\u201d y hace un llamado a centralizarnos en la acci\u00f3n clim\u00e1tica, la protecci\u00f3n de la biodiversidad, la econom\u00eda circular y la promoci\u00f3n de energ\u00edas limpias y sostenibles ante un escenario irreversible.<\/span><\/i><\/li>\n<\/ul>\n<p>[\/vc_column_text][vc_column_text]\u00a0[\/vc_column_text][vc_column_text css=&#8221;&#8221;]Este 22 de abril, el mundo celebra una vez m\u00e1s el D\u00eda de la Tierra, una fecha dedicada a reflexionar sobre el estado del planeta y, sobre todo, a promover acciones concretas por su conservaci\u00f3n. Pero este a\u00f1o, la conmemoraci\u00f3n est\u00e1 marcada por una advertencia clara: el tiempo se agota.<\/p>\n<p>El m\u00e1s reciente Informe del IPCC (Panel Intergubernamental sobre el Cambio Clim\u00e1tico), publicado en 2023, lanza una alarma que no puede ignorarse. Seg\u00fan sus conclusiones, hay una probabilidad superior al 50% de que el calentamiento global alcance o supere los 1,5\u202f\u00b0C entre 2021 y 2040 si no se reducen dr\u00e1sticamente las emisiones de gases de efecto invernadero. Esta cifra, que a primera vista puede parecer lejana, tiene implicaciones devastadoras para los ecosistemas y las sociedades humanas.<\/p>\n<p>La influencia del hombre ha provocado un calentamiento en el clima a un ritmo sin precedentes en, al menos, 2.000\u00a0a\u00f1os. El informe se\u00f1ala claramente que el aumento del calentamiento global de 1,5\u00a0\u00b0C y 2\u00a0\u00b0C se superar\u00e1 durante el siglo XXI, a menos que se logren profundas reducciones de las emisiones de CO2 y otros gases de efecto invernadero en las pr\u00f3ximas d\u00e9cadas<\/p>\n<p>Incluso, si el calentamiento alcanza entre 2 \u00b0C y 3 \u00b0C, por ejemplo, las capas de hielo de Groenlandia y la Ant\u00e1rtida occidental podr\u00edan derretirse casi por completo y de manera irreversible durante miles de a\u00f1os, lo que provocar\u00eda un aumento de varios metros del nivel del mar.<\/p>\n<p>Uno de los impactos m\u00e1s preocupantes de ello, es la acelerada p\u00e9rdida de biodiversidad, especialmente en ecosistemas altamente sensibles como la Amazon\u00eda. Con el aumento de las temperaturas, la creciente deforestaci\u00f3n, la contaminaci\u00f3n, la urbanizaci\u00f3n y la prolongaci\u00f3n de las sequ\u00edas, ecosistemas claves como la selva amaz\u00f3nica, los arrecifes de coral y los manglares se acercan a un punto de no retorno, seg\u00fan estudios publicados en revista cient\u00edfica\u00a0<em>Reviews of Geophysics (2023).<\/em><\/p>\n<p>Muchas especies est\u00e1n cambiando su distribuci\u00f3n geogr\u00e1fica para adaptarse a nuevas condiciones clim\u00e1ticas, se observan alteraciones en sus ciclos de vida y algunas especies ya se est\u00e1n extinguiendo localmente, especialmente en h\u00e1bitats sensibles.<\/p>\n<h4><strong>Consecuencias<\/strong><\/h4>\n<p>Para\u00a0<a href=\"https:\/\/www.uoh.cl\/investigacion\/academico\/raul-valenzuela\/\" data-saferedirecturl=\"https:\/\/www.google.com\/url?q=https:\/\/www.uoh.cl\/investigacion\/academico\/raul-valenzuela\/&amp;source=gmail&amp;ust=1745326621777000&amp;usg=AOvVaw2C5KytYrwcPjo4eBflqzH3\">Ra\u00fal Valenzuela<\/a>, acad\u00e9mico del\u00a0<a href=\"https:\/\/www.uoh.cl\/instituto-de-ciencias-de-la-ingenieria\/\" data-saferedirecturl=\"https:\/\/www.google.com\/url?q=https:\/\/www.uoh.cl\/instituto-de-ciencias-de-la-ingenieria\/&amp;source=gmail&amp;ust=1745326621777000&amp;usg=AOvVaw1kAEdVSN42ahdCWHsVck79\">Instituto de Ciencias de la Ingenier\u00eda<\/a>\u00a0de la\u00a0<a href=\"http:\/\/www.uoh.cl\/\" data-saferedirecturl=\"https:\/\/www.google.com\/url?q=http:\/\/www.uoh.cl\/&amp;source=gmail&amp;ust=1745326621777000&amp;usg=AOvVaw3Mh0OSNTdcx5jyhuU_4zDu\">Universidad de O\u2019Higgins<\/a>\u00a0(UOH), el aumento progresivo de la temperatura promedio global respecto a valores preindustriales tiene distintos efectos ya documentados, \u201cpor ejemplo, una mayor frecuencia e intensidad de olas de calor, retroceso acelerado de glaciares y lluvias intensas m\u00e1s frecuentes.\u00a0Incluso se han observado olas de fr\u00edo m\u00e1s intensas en los inviernos del hemisferio norte.\u00a0Am\u00e9rica Latina se caracteriza por una fuerte desigualdad econ\u00f3mico-social y, por tanto, existe una alta vulnerabilidad de poblaciones desprotegidas a sufrir los efectos de un clima m\u00e1s c\u00e1lido y extremo, tanto directa como indirectamente\u201d, detalla.<\/p>\n<p>Agrega que, por otra parte, el l\u00edmite de 1,5\u00b0C, el cual surgi\u00f3 luego del acuerdo de Par\u00eds en 2015, es m\u00e1s bien pol\u00edtico y se utiliza para definir un plan de acci\u00f3n. \u201cDesde la ciencia clim\u00e1tica sabemos que un aumento progresivo de la temperatura desde la \u00e9poca industrial tiene efectos importantes en el cambio de patrones de circulaci\u00f3n atmosf\u00e9rica y oce\u00e1nica y en la hidr\u00f3sfera, especialmente en glaciares. Lo importante es que como sociedad global mantengamos y en el mejor de los casos disminuyamos el promedio de temperatura global actual, ojal\u00e1 a niveles preindustriales\u201d.<\/p>\n<p>Se\u00f1ala -adem\u00e1s- que es importante recordar que el clima no reacciona de manera inmediata. \u201cSu complejo funcionamiento indica que, aunque dej\u00e1semos de emitir hoy mismo CO2 a nivel global, la temperatura seguir\u00eda subiendo por unos a\u00f1os, hasta que llegue un punto en que el aumento deje de ocurrir y eventualmente se observe disminuci\u00f3n de la temperatura global. Por eso es tan importante acelerar las medidas de mitigaci\u00f3n de emisiones e involucrar a la mayor cantidad de pa\u00edses posible, especialmente aquellos que son responsables de la mayor fracci\u00f3n en emisiones como China, Estados Unidos e India\u201d, puntualiza.<\/p>\n<h4><strong>Sectores vulnerables y punto de no retorno<\/strong><\/h4>\n<p>Para el acad\u00e9mico UOH quienes son m\u00e1s vulnerables a esta situaci\u00f3n son las personas con menos recursos econ\u00f3micos, quienes sufren los impactos m\u00e1s trascendentes, al igual que infantes y personas mayores. \u201cSon grupos sensibles ante cambios en el clima global, puesto que o no cuentan con los recursos econ\u00f3micos para adaptarse a los cambios o fisiol\u00f3gicamente tienen menos capacidad para sobrellevar los extremos\u201d, indica.<\/p>\n<p>Respecto a un &#8220;punto de no retorno&#8221; para los ecosistemas, como el caso de la Amazon\u00eda o los arrecifes de coral, el Dr. Valenzuela asegura que la comunidad cient\u00edfica est\u00e1 teniendo bastante cuidado con el mensaje de \u201cpunto de no retorno\u201d, pues hay investigaciones que muestran que esto puede causar una par\u00e1lisis en lugar de acci\u00f3n social. \u201cUna de las dificultades de evaluar con exactitud un \u2018punto de no retorno\u2019 es que contamos con mediciones y conocimiento incompleto sobre el funcionamiento del sistema terrestre. Lo importante es tener claro que a este nivel de calentamiento global lo que debemos pensar son medidas de adaptaci\u00f3n y mitigaci\u00f3n como una acci\u00f3n constante de los pa\u00edses\u201d, asegura.<\/p>\n<p>Por \u00faltimo, a\u00f1ade que, si bien la Amazon\u00eda es una parte\u00a0esencial\u00a0del sistema terrestre, el problema\u00a0tambi\u00e9n\u00a0est\u00e1\u00a0asociado a la explotaci\u00f3n desmedida del recurso forestal y al cambio de uso de suelo. \u201cLa deforestaci\u00f3n de la Amazon\u00eda responde a un uso no sustentable de uno de los bosques m\u00e1s importantes a nivel global. En el caso de los arrecifes de coral, los cambios en la alcalinidad del oc\u00e9ano producen un deterioro de los arrecifes y todo el ecosistema asociado. En muchas ocasiones se ha visto recuperaci\u00f3n de ecosistemas degradados, pero esto depende del nivel de degradaci\u00f3n y de las pol\u00edticas de Estado que ayudan a conservar los recursos\u201d, finaliza el acad\u00e9mico UOH.[\/vc_column_text][vc_zigzag color=&#8221;white&#8221;][\/vc_column][\/vc_row][\/vc_section][vc_section css=&#8221;.vc_custom_1650255686594{background-color: #f6faff !important;}&#8221; el_class=&#8221;p-md-0 pt-md-5&#8243;][vc_row el_class=&#8221;container mx-auto align-items-center p-md-0 pt-5 pb-5&#8243;][vc_column el_class=&#8221;pb-5&#8243;][vc_row_inner el_class=&#8221;pb-5&#8243;][vc_column_inner]<div class=\"row m-0 p-0\"><div class=\"col-12 col-md-9 pt-5 pt-md-0\"><h2 class=\"title title--decorator title--ms d-inline-block\">Te Recomendamos<\/h2><\/div><\/div><div class=\"content-holder\"><div class=\"row  swipper-news-list not--activate-hack \"><div class=\"row -wrapper\"><div class=\"  col-sm-6 col-md-4 img-article\">\n                                        <div class=\"content-news-display row m-0 p-0\"><div class=\"holder p-0 \"><div class=\"img-wrap img-wrap-news\">\n                                        <div class=\"caption__news-category\">\n                                        <a href=\"https:\/\/www.uoh.cl\/instituto-de-ciencias-de-la-ingenieria\/category\/investigacion\/\">\n                                        Investigaci\u00f3n<\/a><\/div><img decoding=\"async\" class=\"w-100 h-100 lazyload\" data-src=\"https:\/\/www.uoh.cl\/instituto-de-ciencias-de-la-ingenieria\/wp-content\/uploads\/sites\/27\/2026\/04\/FWIS2026-web-op.jpg\" alt=\"Comienza proceso de postulaciones al Premio For Women in Science 2026\" style=\"--smush-placeholder-width: 800px; --smush-placeholder-aspect-ratio: 800\/444;object-fit: cover; object-position: center;\" src=\"data:image\/svg+xml;base64,PHN2ZyB3aWR0aD0iMSIgaGVpZ2h0PSIxIiB4bWxucz0iaHR0cDovL3d3dy53My5vcmcvMjAwMC9zdmciPjwvc3ZnPg==\"><\/div><\/div><div class=\"caption py-3 caption__news py-md-3 pb-md-5\">\n                                    <span class=\"caption__date\">Jueves 30, Abril<\/span>\n                                     <a href=\"https:\/\/www.uoh.cl\/instituto-de-ciencias-de-la-ingenieria\/2026\/04\/30\/comienza-proceso-de-postulaciones-al-premio-for-women-in-science-2026\/\">\n                                    <h3 class=\"small-space\">Comienza proceso de postulaciones al Premio For Women in Science 2026<\/h3><\/a>\n\n                                    <p>La convocatoria, abierta entre el 22 de abril y el 28 de mayo de 2026, busca impulsar la trayectoria y aporte cient\u00edfico de investigadoras chilenas.<\/p>\n                                    <a class=\"link link--bold mt-md-3\" href=\"https:\/\/www.uoh.cl\/instituto-de-ciencias-de-la-ingenieria\/2026\/04\/30\/comienza-proceso-de-postulaciones-al-premio-for-women-in-science-2026\/\">Saber m\u00e1s <span class=\"icon icon--inline icon--link\"><svg version=\"1.1\" xmlns=\"http:\/\/www.w3.org\/2000\/svg\" xmlns:xlink=\"http:\/\/www.w3.org\/1999\/xlink\" x=\"0px\" y=\"0px\" width=\"22px\"height=\"22px\" viewBox=\"0 0 22 22\" style=\"overflow:visible;enable-background:new 0 0 80 64.6;\" xml:space=\"preserve\"><g clip-path=\"url(#acA)\"><path fill-rule=\"evenodd\" d=\"M21.913 11.266a.93.93 0 000-.711c-.022-.056-.063-.097-.091-.144s-.053-.103-.097-.15L12.306.294c-.357-.379-.955-.394-1.334-.038s-.394.955-.038 1.334l7.917 8.374H.927a.95.95 0 00-.908.983.946.946 0 00.908.908h17.924l-8.089 8.552c-.357.379-.341.977.034 1.334s.977.341 1.334-.034l9.594-10.148c.044-.044.063-.1.097-.15.028-.047.069-.088.091-.141z\"\/><\/g><defs><clipPath id=\"acA\"><path fill=\"#fff\" d=\"M0 0h22v22H0z\"\/><\/clipPath><\/defs><\/svg><\/span><\/a><\/div><\/div><\/div><div class=\"  col-sm-6 col-md-4 img-article\">\n                                        <div class=\"content-news-display row m-0 p-0\"><div class=\"holder p-0 \"><div class=\"img-wrap img-wrap-news\">\n                                        <div class=\"caption__news-category\">\n                                        <a href=\"https:\/\/www.uoh.cl\/instituto-de-ciencias-de-la-ingenieria\/category\/investigacion\/\">\n                                        Investigaci\u00f3n<\/a><\/div><img decoding=\"async\" class=\"w-100 h-100 lazyload\" data-src=\"https:\/\/www.uoh.cl\/instituto-de-ciencias-de-la-ingenieria\/wp-content\/uploads\/sites\/27\/2026\/04\/Dia-de-la-Propiedad-Intelectual.jpg\" alt=\"UOH conmemora D\u00eda Mundial de la Propiedad Intelectual destacando avances en protecci\u00f3n\" style=\"--smush-placeholder-width: 2419px; --smush-placeholder-aspect-ratio: 2419\/1609;object-fit: cover; object-position: center;\" src=\"data:image\/svg+xml;base64,PHN2ZyB3aWR0aD0iMSIgaGVpZ2h0PSIxIiB4bWxucz0iaHR0cDovL3d3dy53My5vcmcvMjAwMC9zdmciPjwvc3ZnPg==\"><\/div><\/div><div class=\"caption py-3 caption__news py-md-3 pb-md-5\">\n                                    <span class=\"caption__date\">Jueves 30, Abril<\/span>\n                                     <a href=\"https:\/\/www.uoh.cl\/instituto-de-ciencias-de-la-ingenieria\/2026\/04\/30\/uoh-conmemora-dia-mundial-de-la-propiedad-intelectual-destacando-avances-en-proteccion\/\">\n                                    <h3 class=\"small-space\">UOH conmemora D\u00eda Mundial de la Propiedad Intelectual destacando avances en protecci\u00f3n<\/h3><\/a>\n\n                                    <p>La Direcci\u00f3n de Transferencia e Innovaci\u00f3n ha apoyado la protecci\u00f3n de 21 resultados de investigaci\u00f3n, concretado 11 solicitudes de patente, 12 registros de derechos de autor y 1 marca comercial.<\/p>\n                                    <a class=\"link link--bold mt-md-3\" href=\"https:\/\/www.uoh.cl\/instituto-de-ciencias-de-la-ingenieria\/2026\/04\/30\/uoh-conmemora-dia-mundial-de-la-propiedad-intelectual-destacando-avances-en-proteccion\/\">Saber m\u00e1s <span class=\"icon icon--inline icon--link\"><svg version=\"1.1\" xmlns=\"http:\/\/www.w3.org\/2000\/svg\" xmlns:xlink=\"http:\/\/www.w3.org\/1999\/xlink\" x=\"0px\" y=\"0px\" width=\"22px\"height=\"22px\" viewBox=\"0 0 22 22\" style=\"overflow:visible;enable-background:new 0 0 80 64.6;\" xml:space=\"preserve\"><g clip-path=\"url(#acA)\"><path fill-rule=\"evenodd\" d=\"M21.913 11.266a.93.93 0 000-.711c-.022-.056-.063-.097-.091-.144s-.053-.103-.097-.15L12.306.294c-.357-.379-.955-.394-1.334-.038s-.394.955-.038 1.334l7.917 8.374H.927a.95.95 0 00-.908.983.946.946 0 00.908.908h17.924l-8.089 8.552c-.357.379-.341.977.034 1.334s.977.341 1.334-.034l9.594-10.148c.044-.044.063-.1.097-.15.028-.047.069-.088.091-.141z\"\/><\/g><defs><clipPath id=\"acA\"><path fill=\"#fff\" d=\"M0 0h22v22H0z\"\/><\/clipPath><\/defs><\/svg><\/span><\/a><\/div><\/div><\/div><div class=\"  col-sm-6 col-md-4 img-article\">\n                                        <div class=\"content-news-display row m-0 p-0\"><div class=\"holder p-0 \"><div class=\"img-wrap img-wrap-news\">\n                                        <div class=\"caption__news-category\">\n                                        <a href=\"https:\/\/www.uoh.cl\/instituto-de-ciencias-de-la-ingenieria\/category\/institucional\/\">\n                                        Institucional<\/a><\/div><img decoding=\"async\" class=\"w-100 h-100 lazyload\" data-src=\"https:\/\/www.uoh.cl\/instituto-de-ciencias-de-la-ingenieria\/wp-content\/uploads\/sites\/27\/2026\/04\/Inauguracion-Ano-Academico-2026-6.jpg\" alt=\"Reflexi\u00f3n universitaria: UOH inaugura A\u00f1o Acad\u00e9mico 2026 pensando en los desaf\u00edos de la Educaci\u00f3n Superior\" style=\"--smush-placeholder-width: 1500px; --smush-placeholder-aspect-ratio: 1500\/1000;object-fit: cover; object-position: center;\" src=\"data:image\/svg+xml;base64,PHN2ZyB3aWR0aD0iMSIgaGVpZ2h0PSIxIiB4bWxucz0iaHR0cDovL3d3dy53My5vcmcvMjAwMC9zdmciPjwvc3ZnPg==\"><\/div><\/div><div class=\"caption py-3 caption__news py-md-3 pb-md-5\">\n                                    <span class=\"caption__date\">Mi\u00e9rcoles 29, Abril<\/span>\n                                     <a href=\"https:\/\/www.uoh.cl\/instituto-de-ciencias-de-la-ingenieria\/2026\/04\/29\/reflexion-universitaria-uoh-inaugura-ano-academico-2026-pensando-en-los-desafios-de-la-educacion-superior\/\">\n                                    <h3 class=\"small-space\">Reflexi\u00f3n universitaria: UOH inaugura A\u00f1o Acad\u00e9mico 2026 pensando en los desaf\u00edos de la Educaci\u00f3n Superior<\/h3><\/a>\n\n                                    <p>La ceremonia promovi\u00f3 el an\u00e1lisis acerca de los cambios educativos que se avecinan dentro de los procesos de formaci\u00f3n universitaria ajustados a contextos digitales.   <\/p>\n                                    <a class=\"link link--bold mt-md-3\" href=\"https:\/\/www.uoh.cl\/instituto-de-ciencias-de-la-ingenieria\/2026\/04\/29\/reflexion-universitaria-uoh-inaugura-ano-academico-2026-pensando-en-los-desafios-de-la-educacion-superior\/\">Saber m\u00e1s <span class=\"icon icon--inline icon--link\"><svg version=\"1.1\" xmlns=\"http:\/\/www.w3.org\/2000\/svg\" xmlns:xlink=\"http:\/\/www.w3.org\/1999\/xlink\" x=\"0px\" y=\"0px\" width=\"22px\"height=\"22px\" viewBox=\"0 0 22 22\" style=\"overflow:visible;enable-background:new 0 0 80 64.6;\" xml:space=\"preserve\"><g clip-path=\"url(#acA)\"><path fill-rule=\"evenodd\" d=\"M21.913 11.266a.93.93 0 000-.711c-.022-.056-.063-.097-.091-.144s-.053-.103-.097-.15L12.306.294c-.357-.379-.955-.394-1.334-.038s-.394.955-.038 1.334l7.917 8.374H.927a.95.95 0 00-.908.983.946.946 0 00.908.908h17.924l-8.089 8.552c-.357.379-.341.977.034 1.334s.977.341 1.334-.034l9.594-10.148c.044-.044.063-.1.097-.15.028-.047.069-.088.091-.141z\"\/><\/g><defs><clipPath id=\"acA\"><path fill=\"#fff\" d=\"M0 0h22v22H0z\"\/><\/clipPath><\/defs><\/svg><\/span><\/a><\/div><\/div><\/div><\/div><\/div><\/div><div class=\"pagination justify-content-center my-5\"><span aria-current=\"page\" class=\"page-numbers current\">1<\/span>\n<a class=\"page-numbers\" href=\"https:\/\/www.uoh.cl\/instituto-de-ciencias-de-la-ingenieria\/wp-json\/wp\/v2\/posts\/7309\/\/page\/2\">2<\/a>\n<a class=\"page-numbers\" href=\"https:\/\/www.uoh.cl\/instituto-de-ciencias-de-la-ingenieria\/wp-json\/wp\/v2\/posts\/7309\/\/page\/3\">3<\/a>\n<span class=\"page-numbers dots\">&hellip;<\/span>\n<a class=\"page-numbers\" href=\"https:\/\/www.uoh.cl\/instituto-de-ciencias-de-la-ingenieria\/wp-json\/wp\/v2\/posts\/7309\/\/page\/144\">144<\/a>\n<a class=\"next page-numbers\" href=\"https:\/\/www.uoh.cl\/instituto-de-ciencias-de-la-ingenieria\/wp-json\/wp\/v2\/posts\/7309\/\/page\/2\"><div class=\"icon-pagination-next\"> <?xml version=\"1.0\" ?><svg viewBox=\"0 0 96 96\" xmlns=\"http:\/\/www.w3.org\/2000\/svg\"><title\/><path d=\"M39.3756,48.0022l30.47-25.39a6.0035,6.0035,0,0,0-7.6878-9.223L26.1563,43.3906a6.0092,6.0092,0,0,0,0,9.2231L62.1578,82.615a6.0035,6.0035,0,0,0,7.6878-9.2231Z\"\/><\/svg> <\/div><\/a><\/div>[\/vc_column_inner][\/vc_row_inner][\/vc_column][\/vc_row][\/vc_section]<\/p>\n<\/div>","protected":false},"excerpt":{"rendered":"<p>El lema de este 2025 es \u201cNuestro poder, nuestro planeta\u201d y hace un llamado a centralizarnos en la acci\u00f3n clim\u00e1tica, la protecci\u00f3n de la biodiversidad, la econom\u00eda circular y la promoci\u00f3n de energ\u00edas limpias y sostenibles ante un escenario irreversible.<\/p>\n","protected":false},"author":34,"featured_media":7310,"comment_status":"open","ping_status":"open","sticky":false,"template":"","format":"standard","meta":{"_acf_changed":false,"footnotes":""},"categories":[78],"tags":[],"class_list":["post-7309","post","type-post","status-publish","format-standard","has-post-thumbnail","hentry","category-ingenieria"],"acf":[],"yoast_head":"<!-- This site is optimized with the Yoast SEO plugin v26.6 - https:\/\/yoast.com\/wordpress\/plugins\/seo\/ -->\n<title>D\u00eda de la Tierra: la cuenta regresiva - Instituto de Ciencias de la Ingenier\u00eda<\/title>\n<meta name=\"description\" content=\"La capacitaci\u00f3n entreg\u00f3 herramientas clave para prevenir accidentes y enfermedades profesionales, y promueve la participaci\u00f3n activa de toda la comunidad.\" \/>\n<meta name=\"robots\" content=\"noindex, nofollow\" \/>\n<meta property=\"og:locale\" content=\"es_ES\" \/>\n<meta property=\"og:type\" content=\"article\" \/>\n<meta property=\"og:title\" content=\"D\u00eda de la Tierra: la cuenta regresiva - Instituto de Ciencias de la Ingenier\u00eda\" \/>\n<meta property=\"og:description\" content=\"La capacitaci\u00f3n entreg\u00f3 herramientas clave para prevenir accidentes y enfermedades profesionales, y promueve la participaci\u00f3n activa de toda la comunidad.\" \/>\n<meta property=\"og:url\" content=\"https:\/\/www.uoh.cl\/instituto-de-ciencias-de-la-ingenieria\/2025\/04\/21\/dia-de-la-tierra-la-cuenta-regresiva\/\" \/>\n<meta property=\"og:site_name\" content=\"Instituto de Ciencias de la Ingenier\u00eda\" \/>\n<meta property=\"article:published_time\" content=\"2025-04-21T14:02:40+00:00\" \/>\n<meta property=\"og:image\" content=\"https:\/\/www.uoh.cl\/instituto-de-ciencias-de-la-ingenieria\/wp-content\/uploads\/sites\/27\/2025\/04\/Dia-de-la-Tierra.jpg\" \/>\n\t<meta property=\"og:image:width\" content=\"1000\" \/>\n\t<meta property=\"og:image:height\" content=\"1000\" \/>\n\t<meta property=\"og:image:type\" content=\"image\/jpeg\" \/>\n<meta name=\"author\" content=\"Universidad de O&#039;Higgins\" \/>\n<meta name=\"twitter:card\" content=\"summary_large_image\" \/>\n<meta name=\"twitter:label1\" content=\"Escrito por\" \/>\n\t<meta name=\"twitter:data1\" content=\"Universidad de O&#039;Higgins\" \/>\n\t<meta name=\"twitter:label2\" content=\"Tiempo estimado de lectura\" \/>\n\t<meta name=\"twitter:data2\" content=\"3 minutos\" \/>\n<script type=\"application\/ld+json\" class=\"yoast-schema-graph\">{\"@context\":\"https:\/\/schema.org\",\"@graph\":[{\"@type\":\"WebPage\",\"@id\":\"https:\/\/www.uoh.cl\/instituto-de-ciencias-de-la-ingenieria\/2025\/04\/21\/dia-de-la-tierra-la-cuenta-regresiva\/\",\"url\":\"https:\/\/www.uoh.cl\/instituto-de-ciencias-de-la-ingenieria\/2025\/04\/21\/dia-de-la-tierra-la-cuenta-regresiva\/\",\"name\":\"D\u00eda de la Tierra: la cuenta regresiva - Instituto de Ciencias de la Ingenier\u00eda\",\"isPartOf\":{\"@id\":\"https:\/\/www.uoh.cl\/instituto-de-ciencias-de-la-ingenieria\/#website\"},\"primaryImageOfPage\":{\"@id\":\"https:\/\/www.uoh.cl\/instituto-de-ciencias-de-la-ingenieria\/2025\/04\/21\/dia-de-la-tierra-la-cuenta-regresiva\/#primaryimage\"},\"image\":{\"@id\":\"https:\/\/www.uoh.cl\/instituto-de-ciencias-de-la-ingenieria\/2025\/04\/21\/dia-de-la-tierra-la-cuenta-regresiva\/#primaryimage\"},\"thumbnailUrl\":\"https:\/\/www.uoh.cl\/instituto-de-ciencias-de-la-ingenieria\/wp-content\/uploads\/sites\/27\/2025\/04\/Dia-de-la-Tierra.jpg\",\"datePublished\":\"2025-04-21T14:02:40+00:00\",\"author\":{\"@id\":\"https:\/\/www.uoh.cl\/instituto-de-ciencias-de-la-ingenieria\/#\/schema\/person\/ea242e676c7d6d7e46fc8b9e39486c4f\"},\"description\":\"La capacitaci\u00f3n entreg\u00f3 herramientas clave para prevenir accidentes y enfermedades profesionales, y promueve la participaci\u00f3n activa de toda la comunidad.\",\"inLanguage\":\"es-CL\",\"potentialAction\":[{\"@type\":\"ReadAction\",\"target\":[\"https:\/\/www.uoh.cl\/instituto-de-ciencias-de-la-ingenieria\/2025\/04\/21\/dia-de-la-tierra-la-cuenta-regresiva\/\"]}]},{\"@type\":\"ImageObject\",\"inLanguage\":\"es-CL\",\"@id\":\"https:\/\/www.uoh.cl\/instituto-de-ciencias-de-la-ingenieria\/2025\/04\/21\/dia-de-la-tierra-la-cuenta-regresiva\/#primaryimage\",\"url\":\"https:\/\/www.uoh.cl\/instituto-de-ciencias-de-la-ingenieria\/wp-content\/uploads\/sites\/27\/2025\/04\/Dia-de-la-Tierra.jpg\",\"contentUrl\":\"https:\/\/www.uoh.cl\/instituto-de-ciencias-de-la-ingenieria\/wp-content\/uploads\/sites\/27\/2025\/04\/Dia-de-la-Tierra.jpg\",\"width\":1000,\"height\":1000},{\"@type\":\"WebSite\",\"@id\":\"https:\/\/www.uoh.cl\/instituto-de-ciencias-de-la-ingenieria\/#website\",\"url\":\"https:\/\/www.uoh.cl\/instituto-de-ciencias-de-la-ingenieria\/\",\"name\":\"Instituto de Ciencias de la Ingenier\u00eda\",\"description\":\"Otro sitio de Sitios de Universidad O'higgins\",\"potentialAction\":[{\"@type\":\"SearchAction\",\"target\":{\"@type\":\"EntryPoint\",\"urlTemplate\":\"https:\/\/www.uoh.cl\/instituto-de-ciencias-de-la-ingenieria\/?s={search_term_string}\"},\"query-input\":{\"@type\":\"PropertyValueSpecification\",\"valueRequired\":true,\"valueName\":\"search_term_string\"}}],\"inLanguage\":\"es-CL\"},{\"@type\":\"Person\",\"@id\":\"https:\/\/www.uoh.cl\/instituto-de-ciencias-de-la-ingenieria\/#\/schema\/person\/ea242e676c7d6d7e46fc8b9e39486c4f\",\"name\":\"Universidad de O'Higgins\",\"image\":{\"@type\":\"ImageObject\",\"inLanguage\":\"es-CL\",\"@id\":\"https:\/\/www.uoh.cl\/instituto-de-ciencias-de-la-ingenieria\/#\/schema\/person\/image\/\",\"url\":\"https:\/\/secure.gravatar.com\/avatar\/78fcb76ca05efae11fd355943c01a832a29786cc00d85b1a82c301bea2b2a214?s=96&d=mm&r=g\",\"contentUrl\":\"https:\/\/secure.gravatar.com\/avatar\/78fcb76ca05efae11fd355943c01a832a29786cc00d85b1a82c301bea2b2a214?s=96&d=mm&r=g\",\"caption\":\"Universidad de O'Higgins\"}}]}<\/script>\n<!-- \/ Yoast SEO plugin. -->","yoast_head_json":{"title":"D\u00eda de la Tierra: la cuenta regresiva - Instituto de Ciencias de la Ingenier\u00eda","description":"La capacitaci\u00f3n entreg\u00f3 herramientas clave para prevenir accidentes y enfermedades profesionales, y promueve la participaci\u00f3n activa de toda la comunidad.","robots":{"index":"noindex","follow":"nofollow"},"og_locale":"es_ES","og_type":"article","og_title":"D\u00eda de la Tierra: la cuenta regresiva - Instituto de Ciencias de la Ingenier\u00eda","og_description":"La capacitaci\u00f3n entreg\u00f3 herramientas clave para prevenir accidentes y enfermedades profesionales, y promueve la participaci\u00f3n activa de toda la comunidad.","og_url":"https:\/\/www.uoh.cl\/instituto-de-ciencias-de-la-ingenieria\/2025\/04\/21\/dia-de-la-tierra-la-cuenta-regresiva\/","og_site_name":"Instituto de Ciencias de la Ingenier\u00eda","article_published_time":"2025-04-21T14:02:40+00:00","og_image":[{"width":1000,"height":1000,"url":"https:\/\/www.uoh.cl\/instituto-de-ciencias-de-la-ingenieria\/wp-content\/uploads\/sites\/27\/2025\/04\/Dia-de-la-Tierra.jpg","type":"image\/jpeg"}],"author":"Universidad de O'Higgins","twitter_card":"summary_large_image","twitter_misc":{"Escrito por":"Universidad de O'Higgins","Tiempo estimado de lectura":"3 minutos"},"schema":{"@context":"https:\/\/schema.org","@graph":[{"@type":"WebPage","@id":"https:\/\/www.uoh.cl\/instituto-de-ciencias-de-la-ingenieria\/2025\/04\/21\/dia-de-la-tierra-la-cuenta-regresiva\/","url":"https:\/\/www.uoh.cl\/instituto-de-ciencias-de-la-ingenieria\/2025\/04\/21\/dia-de-la-tierra-la-cuenta-regresiva\/","name":"D\u00eda de la Tierra: la cuenta regresiva - Instituto de Ciencias de la Ingenier\u00eda","isPartOf":{"@id":"https:\/\/www.uoh.cl\/instituto-de-ciencias-de-la-ingenieria\/#website"},"primaryImageOfPage":{"@id":"https:\/\/www.uoh.cl\/instituto-de-ciencias-de-la-ingenieria\/2025\/04\/21\/dia-de-la-tierra-la-cuenta-regresiva\/#primaryimage"},"image":{"@id":"https:\/\/www.uoh.cl\/instituto-de-ciencias-de-la-ingenieria\/2025\/04\/21\/dia-de-la-tierra-la-cuenta-regresiva\/#primaryimage"},"thumbnailUrl":"https:\/\/www.uoh.cl\/instituto-de-ciencias-de-la-ingenieria\/wp-content\/uploads\/sites\/27\/2025\/04\/Dia-de-la-Tierra.jpg","datePublished":"2025-04-21T14:02:40+00:00","author":{"@id":"https:\/\/www.uoh.cl\/instituto-de-ciencias-de-la-ingenieria\/#\/schema\/person\/ea242e676c7d6d7e46fc8b9e39486c4f"},"description":"La capacitaci\u00f3n entreg\u00f3 herramientas clave para prevenir accidentes y enfermedades profesionales, y promueve la participaci\u00f3n activa de toda la comunidad.","inLanguage":"es-CL","potentialAction":[{"@type":"ReadAction","target":["https:\/\/www.uoh.cl\/instituto-de-ciencias-de-la-ingenieria\/2025\/04\/21\/dia-de-la-tierra-la-cuenta-regresiva\/"]}]},{"@type":"ImageObject","inLanguage":"es-CL","@id":"https:\/\/www.uoh.cl\/instituto-de-ciencias-de-la-ingenieria\/2025\/04\/21\/dia-de-la-tierra-la-cuenta-regresiva\/#primaryimage","url":"https:\/\/www.uoh.cl\/instituto-de-ciencias-de-la-ingenieria\/wp-content\/uploads\/sites\/27\/2025\/04\/Dia-de-la-Tierra.jpg","contentUrl":"https:\/\/www.uoh.cl\/instituto-de-ciencias-de-la-ingenieria\/wp-content\/uploads\/sites\/27\/2025\/04\/Dia-de-la-Tierra.jpg","width":1000,"height":1000},{"@type":"WebSite","@id":"https:\/\/www.uoh.cl\/instituto-de-ciencias-de-la-ingenieria\/#website","url":"https:\/\/www.uoh.cl\/instituto-de-ciencias-de-la-ingenieria\/","name":"Instituto de Ciencias de la Ingenier\u00eda","description":"Otro sitio de Sitios de Universidad O'higgins","potentialAction":[{"@type":"SearchAction","target":{"@type":"EntryPoint","urlTemplate":"https:\/\/www.uoh.cl\/instituto-de-ciencias-de-la-ingenieria\/?s={search_term_string}"},"query-input":{"@type":"PropertyValueSpecification","valueRequired":true,"valueName":"search_term_string"}}],"inLanguage":"es-CL"},{"@type":"Person","@id":"https:\/\/www.uoh.cl\/instituto-de-ciencias-de-la-ingenieria\/#\/schema\/person\/ea242e676c7d6d7e46fc8b9e39486c4f","name":"Universidad de O'Higgins","image":{"@type":"ImageObject","inLanguage":"es-CL","@id":"https:\/\/www.uoh.cl\/instituto-de-ciencias-de-la-ingenieria\/#\/schema\/person\/image\/","url":"https:\/\/secure.gravatar.com\/avatar\/78fcb76ca05efae11fd355943c01a832a29786cc00d85b1a82c301bea2b2a214?s=96&d=mm&r=g","contentUrl":"https:\/\/secure.gravatar.com\/avatar\/78fcb76ca05efae11fd355943c01a832a29786cc00d85b1a82c301bea2b2a214?s=96&d=mm&r=g","caption":"Universidad de O'Higgins"}}]}},"_links":{"self":[{"href":"https:\/\/www.uoh.cl\/instituto-de-ciencias-de-la-ingenieria\/wp-json\/wp\/v2\/posts\/7309","targetHints":{"allow":["GET"]}}],"collection":[{"href":"https:\/\/www.uoh.cl\/instituto-de-ciencias-de-la-ingenieria\/wp-json\/wp\/v2\/posts"}],"about":[{"href":"https:\/\/www.uoh.cl\/instituto-de-ciencias-de-la-ingenieria\/wp-json\/wp\/v2\/types\/post"}],"author":[{"embeddable":true,"href":"https:\/\/www.uoh.cl\/instituto-de-ciencias-de-la-ingenieria\/wp-json\/wp\/v2\/users\/34"}],"replies":[{"embeddable":true,"href":"https:\/\/www.uoh.cl\/instituto-de-ciencias-de-la-ingenieria\/wp-json\/wp\/v2\/comments?post=7309"}],"version-history":[{"count":0,"href":"https:\/\/www.uoh.cl\/instituto-de-ciencias-de-la-ingenieria\/wp-json\/wp\/v2\/posts\/7309\/revisions"}],"wp:featuredmedia":[{"embeddable":true,"href":"https:\/\/www.uoh.cl\/instituto-de-ciencias-de-la-ingenieria\/wp-json\/wp\/v2\/media\/7310"}],"wp:attachment":[{"href":"https:\/\/www.uoh.cl\/instituto-de-ciencias-de-la-ingenieria\/wp-json\/wp\/v2\/media?parent=7309"}],"wp:term":[{"taxonomy":"category","embeddable":true,"href":"https:\/\/www.uoh.cl\/instituto-de-ciencias-de-la-ingenieria\/wp-json\/wp\/v2\/categories?post=7309"},{"taxonomy":"post_tag","embeddable":true,"href":"https:\/\/www.uoh.cl\/instituto-de-ciencias-de-la-ingenieria\/wp-json\/wp\/v2\/tags?post=7309"}],"curies":[{"name":"wp","href":"https:\/\/api.w.org\/{rel}","templated":true}]}}