
{"id":7289,"date":"2025-04-15T17:33:59","date_gmt":"2025-04-15T20:33:59","guid":{"rendered":"https:\/\/www.uoh.cl\/instituto-de-ciencias-de-la-ingenieria\/2025\/04\/15\/academico-raul-valenzuela-realizo-charla-magistral-en-el-aniversario-141-de-la-direccion-meteorologica-de-chile\/"},"modified":"2025-04-15T17:33:59","modified_gmt":"2025-04-15T20:33:59","slug":"academico-raul-valenzuela-realizo-charla-magistral-en-el-aniversario-141-de-la-direccion-meteorologica-de-chile","status":"publish","type":"post","link":"https:\/\/www.uoh.cl\/instituto-de-ciencias-de-la-ingenieria\/2025\/04\/15\/academico-raul-valenzuela-realizo-charla-magistral-en-el-aniversario-141-de-la-direccion-meteorologica-de-chile\/","title":{"rendered":"Acad\u00e9mico Ra\u00fal Valenzuela realiz\u00f3 charla magistral en el aniversario 141 de la Direcci\u00f3n Meteorol\u00f3gica de Chile"},"content":{"rendered":"<div class=\"wpb-content-wrapper\"><p>[vc_section el_class=&#8221;container mx-auto align-items-center circle&#8211;pattern&#8221; css=&#8221;.vc_custom_1648956589196{padding-top: 3rem !important;}&#8221;][vc_row][vc_column]<div class=\"breadcrumb\"><ol itemscope itemtype=\"https:\/\/schema.org\/BreadcrumbList\"><li itemprop=\"itemListElement\" itemscope itemtype=\"https:\/\/schema.org\/ListItem\"><a itemprop=\"item\" href=\"http:\/\/www.uoh.cl\"><span itemprop=\"name\">Inicio<\/span><\/a><meta itemprop=\"position\" content=\"1\" \/><li itemprop=\"itemListElement\" itemscope itemtype=\"https:\/\/schema.org\/ListItem\"><a itemprop=\"item\" href=\"https:\/\/www.uoh.cl\/instituto-de-ciencias-de-la-ingenieria\"><span itemprop=\"name\">Instituto de Ciencias de la Ingenier\u00eda <\/span><\/a><meta itemprop=\"position\" content=\"2\" \/><li itemprop=\"itemListElement\" itemscope itemtype=\"https:\/\/schema.org\/ListItem\"><a itemprop=\"item\" href=\"https:\/\/www.uoh.cl\/instituto-de-ciencias-de-la-ingenieria\/noticias\/\"><span itemprop=\"name\">Noticias<\/span><\/a><meta itemprop=\"position\" content=\"3\" \/><li itemprop=\"itemListElement\" itemscope itemtype=\"https:\/\/schema.org\/ListItem\"><span itemprop=\"name\">Acad\u00e9mico Ra\u00fal Valenzuela realiz\u00f3 charla magistral en el aniversario 141 <\/span><meta itemprop=\"position\" content=\"4\" \/><\/ol><\/div><ul class=\"p-0 list-style-none d-inline-block\"><li class=\"p-0\"><a href=https:\/\/www.uoh.cl\/instituto-de-ciencias-de-la-ingenieria\/category\/ingenieria\/ class=\"px-1 py-2\">Ingenier\u00eda<\/a><\/li><\/ul><div class=\"date_publish_post\"> \u25cf Mar 15 de Abril 2025<\/div><div class=\"uoh_title_component-container\"><h1 class=\"title title--ms d-inline-block title--decorator  big\">Acad\u00e9mico Ra\u00fal Valenzuela realiz\u00f3 charla magistral en el aniversario 141 de la Direcci\u00f3n Meteorol\u00f3gica de Chile<\/h1><\/div>[vc_row_inner el_class=&#8221;border-separator m-0&#8243;][vc_column_inner width=&#8221;2\/3&#8243;]<div class=\"author_wp_class\"> Escrito por <span>Universidad de O'Higgins<\/span><\/div>[\/vc_column_inner][vc_column_inner el_class=&#8221;align-items-end-publish&#8221; width=&#8221;1\/3&#8243;]<div class=\"uoh_social_network_component uoh_row col-12 justify-content-end m-0 p-0\"> <div class=\"icon__facebook-share-button\">\n                       <a href=\"https:\/\/www.facebook.com\/sharer\/sharer.php?u=https:\/\/www.uoh.cl\/instituto-de-ciencias-de-la-ingenieria\/2025\/04\/15\/academico-raul-valenzuela-realizo-charla-magistral-en-el-aniversario-141-de-la-direccion-meteorologica-de-chile\/\" target=\"_blank\"> <div class=\"icon__facebook-svg\"><svg version=\"1.1\" xmlns=\"http:\/\/www.w3.org\/2000\/svg\" xmlns:xlink=\"http:\/\/www.w3.org\/1999\/xlink\" x=\"0px\" y=\"0px\" width=\"22.4px\" height=\"48.3px\" viewBox=\"0 0 22.4 48.3\" style=\"overflow:visible;enable-background:new 0 0 22.4 48.3;\" xml:space=\"preserve\">\n                <defs>\n                <\/defs>\n                <path class=\"st0\" d=\"M22.4,15.6h-7.6v-5c0-1.9,1.2-2.3,2.1-2.3c0.9,0,5.4,0,5.4,0V0l-7.4,0C6.6,0,4.8,6.2,4.8,10.1v5.5H0v8.5h4.8\n                    c0,10.9,0,24.1,0,24.1h10c0,0,0-13.3,0-24.1h6.8L22.4,15.6z\"><\/path>\n                <\/svg><\/a><\/div>\n                    <\/div><div class=\"icon__twitter-share-button\">\n                        <div class=\"icon__twitter-svg\"><a target=\"_blank\" href=\"http:\/\/twitter.com\/share?url=https:\/\/www.uoh.cl\/instituto-de-ciencias-de-la-ingenieria\/2025\/04\/15\/academico-raul-valenzuela-realizo-charla-magistral-en-el-aniversario-141-de-la-direccion-meteorologica-de-chile\/\"><svg xmlns=\"http:\/\/www.w3.org\/2000\/svg\" height=\"1em\" viewBox=\"0 0 512 512\"><!--! Font Awesome Free 6.4.2 by @fontawesome - https:\/\/fontawesome.com License - https:\/\/fontawesome.com\/license (Commercial License) Copyright 2023 Fonticons, Inc. --><path d=\"M389.2 48h70.6L305.6 224.2 487 464H345L233.7 318.6 106.5 464H35.8L200.7 275.5 26.8 48H172.4L272.9 180.9 389.2 48zM364.4 421.8h39.1L151.1 88h-42L364.4 421.8z\"\/><\/svg><\/a><\/div>\n                        <\/div><div class=\"icon__linkedin-share-button\">\n                        <div class=\"icon__linkedin-svg\">\n                        <a target=\"__blank\" href=\"https:\/\/www.linkedin.com\/sharing\/share-offsite\/?url=https:\/\/www.uoh.cl\/instituto-de-ciencias-de-la-ingenieria\/2025\/04\/15\/academico-raul-valenzuela-realizo-charla-magistral-en-el-aniversario-141-de-la-direccion-meteorologica-de-chile\/\"><svg enable-background=\"new 0 0 100 100\" height=\"100px\" id=\"Layer_1\" version=\"1.1\" viewBox=\"0 0 100 100\" width=\"100px\" xml:space=\"preserve\" xmlns=\"http:\/\/www.w3.org\/2000\/svg\" xmlns:xlink=\"http:\/\/www.w3.org\/1999\/xlink\"><g><circle cx=\"50\" cy=\"50\" fill=\"#ccc\" r=\"45\"\/><g id=\"LinkedIn_1_\"><rect fill=\"#FFFFFF\" height=\"24.361\" width=\"7.69\" x=\"31.271\" y=\"43.569\"\/><path d=\"M59.968,43.334c-4.406,0-7.165,2.387-7.677,4.058v-3.823h-8.636c0.109,2.03,0,24.361,0,24.361h8.636    V54.748c0-0.733-0.034-1.465,0.19-1.991c0.594-1.464,1.869-2.985,4.162-2.985c2.998,0,4.361,2.253,4.361,5.552V67.93h8.721V54.384    C69.726,46.839,65.432,43.334,59.968,43.334z\" fill=\"#FFFFFF\"\/><path d=\"M34.973,32.069c-2.839,0-4.696,1.823-4.696,4.229c0,2.361,1.804,4.224,4.589,4.224h0.054    c2.891,0,4.69-1.869,4.69-4.229C39.555,33.888,37.81,32.069,34.973,32.069z\" fill=\"#FFFFFF\"\/><\/g><\/g><\/svg><\/a><\/div>\n\n            <\/div><\/div>[\/vc_column_inner][\/vc_row_inner][vc_single_image image=&#8221;45781&#8243; img_size=&#8221;full&#8221; add_caption=&#8221;yes&#8221; alignment=&#8221;center&#8221; onclick=&#8221;link_image&#8221; css=&#8221;&#8221;][vc_column_text]\u00a0[\/vc_column_text][vc_column_text css=&#8221;&#8221;]<\/p>\n<ul>\n<li><em>Durante esta actividad se busc\u00f3 explorar futuras ubicaciones para la instalaci\u00f3n de radares metereol\u00f3gicos y sensibilizar a las autoridades sobre la urgencia de invertir en esta tecnolog\u00eda.<\/em><\/li>\n<\/ul>\n<p>[\/vc_column_text][vc_column_text]\u00a0[\/vc_column_text][vc_column_text css=&#8221;&#8221;]Con la participaci\u00f3n de autoridades, funcionarias\/os y expertas\/os del \u00e1mbito meteorol\u00f3gico, la Direcci\u00f3n Meteorol\u00f3gica de Chile (DMC), conmemor\u00f3 su 141\u00b0 aniversario, reafirmando su misi\u00f3n de entregar informaci\u00f3n precisa, oportuna y estrat\u00e9gica para el desarrollo y la seguridad del pa\u00eds.<\/p>\n<p>En la ceremonia presidida por el director general de la <a href=\"https:\/\/www.dgac.gob.cl\/\" target=\"_blank\" rel=\"noopener\">Direcci\u00f3n General de Aeron\u00e1utica Civi<\/a>l (DGAC), General de Aviaci\u00f3n Carlos Madina D\u00edaz, junto al director de la DMC, Reinaldo Guti\u00e9rrez, se subray\u00f3 el compromiso de la instituci\u00f3n con el desarrollo y modernizaci\u00f3n de sus capacidades, enfatizando la necesidad de implementar una red de radares meteorol\u00f3gicos, herramienta clave para entregar informaci\u00f3n de calidad y prevenir de mejor forma a la comunidad.<\/p>\n<p>Uno de los momentos m\u00e1s destacados del evento fue la Charla Magistral <strong><em>\u201cRadares meteorol\u00f3gicos: observando m\u00e1s all\u00e1 de la tormenta\u201d<\/em><\/strong>, dictada por el Dr. Ra\u00fal Valenzuela, acad\u00e9mico del <a href=\"https:\/\/www.uoh.cl\/instituto-de-ciencias-de-la-ingenieria\/\" target=\"_blank\" rel=\"noopener\">Instituto de Ciencias de la Ingenier\u00eda<\/a> de la Universidad de O\u2019Higgins e investigador del Centro de Investigaci\u00f3n sobre el Clima y la Resiliencia (CR2) de la Universidad de Chile. En su presentaci\u00f3n, el Dr. Valenzuela abord\u00f3 las potencialidades de los radares meteorol\u00f3gicos como herramientas fundamentales para el monitoreo de eventos extremos, la mejora de los sistemas de alerta temprana y para la toma de decisiones informadas en materia de gesti\u00f3n del riesgo clim\u00e1tico.<\/p>\n<p>El acad\u00e9mico explic\u00f3 la funcionalidad de los radares meteorol\u00f3gicos, los cuales permiten iluminar las nubes y observar claramente las condiciones in-situ de la precipitaci\u00f3n, gracias a ondas electromagn\u00e9ticas emitidas desde la distancia. Este instrumento, seg\u00fan se\u00f1al\u00f3, escanea la nube para determinar la anatom\u00eda del sistema frontal, de tal forma de establecer de manera efectiva y realista la ventana meteorol\u00f3gica dentro de una situaci\u00f3n adversa.<\/p>\n<p>Con este hito, la DMC reforz\u00f3 su compromiso con la ciencia y la tecnolog\u00eda al servicio del pa\u00eds, destacando la colaboraci\u00f3n de investigadores como el Dr. Ra\u00fal Valenzuela para enfrentar los retos clim\u00e1ticos del presente siglo.[\/vc_column_text][vc_zigzag color=&#8221;white&#8221;][vc_row_inner][vc_column_inner][vc_single_image image=&#8221;45782&#8243; img_size=&#8221;large&#8221; alignment=&#8221;center&#8221; onclick=&#8221;link_image&#8221; css=&#8221;&#8221;][\/vc_column_inner][\/vc_row_inner][\/vc_column][\/vc_row][\/vc_section][vc_section css=&#8221;.vc_custom_1650255686594{background-color: #f6faff !important;}&#8221; el_class=&#8221;p-md-0 pt-md-5&#8243;][vc_row el_class=&#8221;container mx-auto align-items-center p-md-0 pt-5 pb-5&#8243;][vc_column el_class=&#8221;pb-5&#8243;][vc_row_inner el_class=&#8221;pb-5&#8243;][vc_column_inner]<div class=\"row m-0 p-0\"><div class=\"col-12 col-md-9 pt-5 pt-md-0\"><h2 class=\"title title--decorator title--ms d-inline-block\">Te Recomendamos<\/h2><\/div><\/div><div class=\"content-holder\"><div class=\"row  swipper-news-list not--activate-hack \"><div class=\"row -wrapper\"><div class=\"  col-sm-6 col-md-4 img-article\">\n                                        <div class=\"content-news-display row m-0 p-0\"><div class=\"holder p-0 \"><div class=\"img-wrap img-wrap-news\">\n                                        <div class=\"caption__news-category\">\n                                        <a href=\"https:\/\/www.uoh.cl\/instituto-de-ciencias-de-la-ingenieria\/category\/ingenieria\/\">\n                                        Ingenier\u00eda<\/a><\/div><img decoding=\"async\" class=\"w-100 h-100 lazyload\" data-src=\"https:\/\/www.uoh.cl\/instituto-de-ciencias-de-la-ingenieria\/wp-content\/uploads\/sites\/27\/2026\/04\/Instituto-de-Ciencias-de-la-Ingenieria-UOH-fortalece-su-equipo-con-la-incorporacion-de-tres-nuevos-academicasos.png\" alt=\"Instituto de Ciencias de la Ingenier\u00eda UOH fortalece su equipo con la incorporaci\u00f3n de tres nuevos acad\u00e9micas\/os\" style=\"--smush-placeholder-width: 1500px; --smush-placeholder-aspect-ratio: 1500\/1000;object-fit: cover; object-position: center;\" src=\"data:image\/svg+xml;base64,PHN2ZyB3aWR0aD0iMSIgaGVpZ2h0PSIxIiB4bWxucz0iaHR0cDovL3d3dy53My5vcmcvMjAwMC9zdmciPjwvc3ZnPg==\"><\/div><\/div><div class=\"caption py-3 caption__news py-md-3 pb-md-5\">\n                                    <span class=\"caption__date\">Viernes 17, Abril<\/span>\n                                     <a href=\"https:\/\/www.uoh.cl\/instituto-de-ciencias-de-la-ingenieria\/2026\/04\/17\/instituto-de-ciencias-de-la-ingenieria-uoh-fortalece-su-equipo-con-la-incorporacion-de-tres-nuevos-academicas-os\/\">\n                                    <h3 class=\"small-space\">Instituto de Ciencias de la Ingenier\u00eda UOH fortalece su equipo con la incorporaci\u00f3n de tres nuevos acad\u00e9micas\/os<\/h3><\/a>\n\n                                    <p>Los nuevos profesores asistentes del ICI se integraron en marzo para potenciar \u00e1reas clave como optimizaci\u00f3n matem\u00e1tica, sistemas t\u00e9rmicos y modelaci\u00f3n avanzada, fortaleciendo la investigaci\u00f3n y formaci\u00f3n en ingenier\u00eda en la Universidad de O\u2019Higgins.<\/p>\n                                    <a class=\"link link--bold mt-md-3\" href=\"https:\/\/www.uoh.cl\/instituto-de-ciencias-de-la-ingenieria\/2026\/04\/17\/instituto-de-ciencias-de-la-ingenieria-uoh-fortalece-su-equipo-con-la-incorporacion-de-tres-nuevos-academicas-os\/\">Saber m\u00e1s <span class=\"icon icon--inline icon--link\"><svg version=\"1.1\" xmlns=\"http:\/\/www.w3.org\/2000\/svg\" xmlns:xlink=\"http:\/\/www.w3.org\/1999\/xlink\" x=\"0px\" y=\"0px\" width=\"22px\"height=\"22px\" viewBox=\"0 0 22 22\" style=\"overflow:visible;enable-background:new 0 0 80 64.6;\" xml:space=\"preserve\"><g clip-path=\"url(#acA)\"><path fill-rule=\"evenodd\" d=\"M21.913 11.266a.93.93 0 000-.711c-.022-.056-.063-.097-.091-.144s-.053-.103-.097-.15L12.306.294c-.357-.379-.955-.394-1.334-.038s-.394.955-.038 1.334l7.917 8.374H.927a.95.95 0 00-.908.983.946.946 0 00.908.908h17.924l-8.089 8.552c-.357.379-.341.977.034 1.334s.977.341 1.334-.034l9.594-10.148c.044-.044.063-.1.097-.15.028-.047.069-.088.091-.141z\"\/><\/g><defs><clipPath id=\"acA\"><path fill=\"#fff\" d=\"M0 0h22v22H0z\"\/><\/clipPath><\/defs><\/svg><\/span><\/a><\/div><\/div><\/div><div class=\"  col-sm-6 col-md-4 img-article\">\n                                        <div class=\"content-news-display row m-0 p-0\"><div class=\"holder p-0 \"><div class=\"img-wrap img-wrap-news\">\n                                        <div class=\"caption__news-category\">\n                                        <a href=\"https:\/\/www.uoh.cl\/instituto-de-ciencias-de-la-ingenieria\/category\/ingenieria\/\">\n                                        Ingenier\u00eda<\/a><\/div><img decoding=\"async\" class=\"w-100 h-100 lazyload\" data-src=\"https:\/\/www.uoh.cl\/instituto-de-ciencias-de-la-ingenieria\/wp-content\/uploads\/sites\/27\/2026\/04\/Imagen-1.png\" alt=\"\u00bfPor qu\u00e9 algunas part\u00edculas se cargan m\u00e1s que otras? Investigaci\u00f3n de cient\u00edficos chilenos entrega nuevas pistas\" style=\"--smush-placeholder-width: 787px; --smush-placeholder-aspect-ratio: 787\/837;object-fit: cover; object-position: center;\" src=\"data:image\/svg+xml;base64,PHN2ZyB3aWR0aD0iMSIgaGVpZ2h0PSIxIiB4bWxucz0iaHR0cDovL3d3dy53My5vcmcvMjAwMC9zdmciPjwvc3ZnPg==\"><\/div><\/div><div class=\"caption py-3 caption__news py-md-3 pb-md-5\">\n                                    <span class=\"caption__date\">Viernes 17, Abril<\/span>\n                                     <a href=\"https:\/\/www.uoh.cl\/instituto-de-ciencias-de-la-ingenieria\/2026\/04\/17\/por-que-algunas-particulas-se-cargan-mas-que-otras-investigacion-de-cientificos-chilenos-entrega-nuevas-pistas\/\">\n                                    <h3 class=\"small-space\">\u00bfPor qu\u00e9 algunas part\u00edculas se cargan m\u00e1s que otras? Investigaci\u00f3n de cient\u00edficos chilenos entrega nuevas pistas<\/h3><\/a>\n\n                                    <p>El estudio, publicado en Physical Review Materials, revela que el tama\u00f1o de las part\u00edculas juega un rol clave en c\u00f3mo adquieren carga el\u00e9ctrica, incluso cuando son qu\u00edmicamente id\u00e9nticas.<\/p>\n                                    <a class=\"link link--bold mt-md-3\" href=\"https:\/\/www.uoh.cl\/instituto-de-ciencias-de-la-ingenieria\/2026\/04\/17\/por-que-algunas-particulas-se-cargan-mas-que-otras-investigacion-de-cientificos-chilenos-entrega-nuevas-pistas\/\">Saber m\u00e1s <span class=\"icon icon--inline icon--link\"><svg version=\"1.1\" xmlns=\"http:\/\/www.w3.org\/2000\/svg\" xmlns:xlink=\"http:\/\/www.w3.org\/1999\/xlink\" x=\"0px\" y=\"0px\" width=\"22px\"height=\"22px\" viewBox=\"0 0 22 22\" style=\"overflow:visible;enable-background:new 0 0 80 64.6;\" xml:space=\"preserve\"><g clip-path=\"url(#acA)\"><path fill-rule=\"evenodd\" d=\"M21.913 11.266a.93.93 0 000-.711c-.022-.056-.063-.097-.091-.144s-.053-.103-.097-.15L12.306.294c-.357-.379-.955-.394-1.334-.038s-.394.955-.038 1.334l7.917 8.374H.927a.95.95 0 00-.908.983.946.946 0 00.908.908h17.924l-8.089 8.552c-.357.379-.341.977.034 1.334s.977.341 1.334-.034l9.594-10.148c.044-.044.063-.1.097-.15.028-.047.069-.088.091-.141z\"\/><\/g><defs><clipPath id=\"acA\"><path fill=\"#fff\" d=\"M0 0h22v22H0z\"\/><\/clipPath><\/defs><\/svg><\/span><\/a><\/div><\/div><\/div><div class=\"  col-sm-6 col-md-4 img-article\">\n                                        <div class=\"content-news-display row m-0 p-0\"><div class=\"holder p-0 \"><div class=\"img-wrap img-wrap-news\">\n                                        <div class=\"caption__news-category\">\n                                        <a href=\"https:\/\/www.uoh.cl\/instituto-de-ciencias-de-la-ingenieria\/category\/ingenieria\/\">\n                                        Ingenier\u00eda<\/a><\/div><img decoding=\"async\" class=\"w-100 h-100 lazyload\" data-src=\"https:\/\/www.uoh.cl\/instituto-de-ciencias-de-la-ingenieria\/wp-content\/uploads\/sites\/27\/2026\/04\/Imagen-1.png\" alt=\"\u00bfPor qu\u00e9 algunas part\u00edculas se cargan m\u00e1s que otras? Investigaci\u00f3n de cient\u00edficos internacionales entrega nuevas pistas\" style=\"--smush-placeholder-width: 787px; --smush-placeholder-aspect-ratio: 787\/837;object-fit: cover; object-position: center;\" src=\"data:image\/svg+xml;base64,PHN2ZyB3aWR0aD0iMSIgaGVpZ2h0PSIxIiB4bWxucz0iaHR0cDovL3d3dy53My5vcmcvMjAwMC9zdmciPjwvc3ZnPg==\"><\/div><\/div><div class=\"caption py-3 caption__news py-md-3 pb-md-5\">\n                                    <span class=\"caption__date\">Viernes 17, Abril<\/span>\n                                     <a href=\"https:\/\/www.uoh.cl\/instituto-de-ciencias-de-la-ingenieria\/2026\/04\/17\/por-que-algunas-particulas-se-cargan-mas-que-otras-investigacion-de-cientificos-entrega-nuevas-pistas\/\">\n                                    <h3 class=\"small-space\">\u00bfPor qu\u00e9 algunas part\u00edculas se cargan m\u00e1s que otras? Investigaci\u00f3n de cient\u00edficos internacionales entrega nuevas pistas<\/h3><\/a>\n\n                                    <p>El estudio, publicado en Physical Review Materials, revela que el tama\u00f1o de las part\u00edculas juega un rol clave en c\u00f3mo adquieren carga el\u00e9ctrica, incluso cuando son qu\u00edmicamente id\u00e9nticas.<\/p>\n                                    <a class=\"link link--bold mt-md-3\" href=\"https:\/\/www.uoh.cl\/instituto-de-ciencias-de-la-ingenieria\/2026\/04\/17\/por-que-algunas-particulas-se-cargan-mas-que-otras-investigacion-de-cientificos-entrega-nuevas-pistas\/\">Saber m\u00e1s <span class=\"icon icon--inline icon--link\"><svg version=\"1.1\" xmlns=\"http:\/\/www.w3.org\/2000\/svg\" xmlns:xlink=\"http:\/\/www.w3.org\/1999\/xlink\" x=\"0px\" y=\"0px\" width=\"22px\"height=\"22px\" viewBox=\"0 0 22 22\" style=\"overflow:visible;enable-background:new 0 0 80 64.6;\" xml:space=\"preserve\"><g clip-path=\"url(#acA)\"><path fill-rule=\"evenodd\" d=\"M21.913 11.266a.93.93 0 000-.711c-.022-.056-.063-.097-.091-.144s-.053-.103-.097-.15L12.306.294c-.357-.379-.955-.394-1.334-.038s-.394.955-.038 1.334l7.917 8.374H.927a.95.95 0 00-.908.983.946.946 0 00.908.908h17.924l-8.089 8.552c-.357.379-.341.977.034 1.334s.977.341 1.334-.034l9.594-10.148c.044-.044.063-.1.097-.15.028-.047.069-.088.091-.141z\"\/><\/g><defs><clipPath id=\"acA\"><path fill=\"#fff\" d=\"M0 0h22v22H0z\"\/><\/clipPath><\/defs><\/svg><\/span><\/a><\/div><\/div><\/div><\/div><\/div><\/div><div class=\"pagination justify-content-center my-5\"><span aria-current=\"page\" class=\"page-numbers current\">1<\/span>\n<a class=\"page-numbers\" href=\"https:\/\/www.uoh.cl\/instituto-de-ciencias-de-la-ingenieria\/wp-json\/wp\/v2\/posts\/7289\/\/page\/2\">2<\/a>\n<a class=\"page-numbers\" href=\"https:\/\/www.uoh.cl\/instituto-de-ciencias-de-la-ingenieria\/wp-json\/wp\/v2\/posts\/7289\/\/page\/3\">3<\/a>\n<span class=\"page-numbers dots\">&hellip;<\/span>\n<a class=\"page-numbers\" href=\"https:\/\/www.uoh.cl\/instituto-de-ciencias-de-la-ingenieria\/wp-json\/wp\/v2\/posts\/7289\/\/page\/143\">143<\/a>\n<a class=\"next page-numbers\" href=\"https:\/\/www.uoh.cl\/instituto-de-ciencias-de-la-ingenieria\/wp-json\/wp\/v2\/posts\/7289\/\/page\/2\"><div class=\"icon-pagination-next\"> <?xml version=\"1.0\" ?><svg viewBox=\"0 0 96 96\" xmlns=\"http:\/\/www.w3.org\/2000\/svg\"><title\/><path d=\"M39.3756,48.0022l30.47-25.39a6.0035,6.0035,0,0,0-7.6878-9.223L26.1563,43.3906a6.0092,6.0092,0,0,0,0,9.2231L62.1578,82.615a6.0035,6.0035,0,0,0,7.6878-9.2231Z\"\/><\/svg> <\/div><\/a><\/div>[\/vc_column_inner][\/vc_row_inner][\/vc_column][\/vc_row][\/vc_section]<\/p>\n<\/div>","protected":false},"excerpt":{"rendered":"<p>Durante esta actividad se busc\u00f3 explorar futuras ubicaciones para la instalaci\u00f3n de radares metereol\u00f3gicos y sensibilizar a las autoridades sobre la urgencia de invertir en esta tecnolog\u00eda.<\/p>\n","protected":false},"author":34,"featured_media":7290,"comment_status":"open","ping_status":"open","sticky":false,"template":"","format":"standard","meta":{"_acf_changed":false,"footnotes":""},"categories":[78],"tags":[],"class_list":["post-7289","post","type-post","status-publish","format-standard","has-post-thumbnail","hentry","category-ingenieria"],"acf":[],"yoast_head":"<!-- This site is optimized with the Yoast SEO plugin v26.6 - https:\/\/yoast.com\/wordpress\/plugins\/seo\/ -->\n<title>Acad\u00e9mico Ra\u00fal Valenzuela realiz\u00f3 charla magistral en el aniversario 141 de la Direcci\u00f3n Meteorol\u00f3gica de Chile - Instituto de Ciencias de la Ingenier\u00eda<\/title>\n<meta name=\"description\" content=\"Durante esta actividad se busc\u00f3 explorar futuras ubicaciones para la instalaci\u00f3n de radares metereol\u00f3gicos y sensibilizar a las autoridades sobre la urgencia de invertir en esta tecnolog\u00eda.\" \/>\n<meta name=\"robots\" content=\"noindex, nofollow\" \/>\n<meta property=\"og:locale\" content=\"es_ES\" \/>\n<meta property=\"og:type\" content=\"article\" \/>\n<meta property=\"og:title\" content=\"Acad\u00e9mico Ra\u00fal Valenzuela realiz\u00f3 charla magistral en el aniversario 141 de la Direcci\u00f3n Meteorol\u00f3gica de Chile - Instituto de Ciencias de la Ingenier\u00eda\" \/>\n<meta property=\"og:description\" content=\"Durante esta actividad se busc\u00f3 explorar futuras ubicaciones para la instalaci\u00f3n de radares metereol\u00f3gicos y sensibilizar a las autoridades sobre la urgencia de invertir en esta tecnolog\u00eda.\" \/>\n<meta property=\"og:url\" content=\"https:\/\/www.uoh.cl\/instituto-de-ciencias-de-la-ingenieria\/2025\/04\/15\/academico-raul-valenzuela-realizo-charla-magistral-en-el-aniversario-141-de-la-direccion-meteorologica-de-chile\/\" \/>\n<meta property=\"og:site_name\" content=\"Instituto de Ciencias de la Ingenier\u00eda\" \/>\n<meta property=\"article:published_time\" content=\"2025-04-15T20:33:59+00:00\" \/>\n<meta property=\"og:image\" content=\"https:\/\/www.uoh.cl\/instituto-de-ciencias-de-la-ingenieria\/wp-content\/uploads\/sites\/27\/2025\/04\/Charla-Magistral-Direccion-Meteorologica-de-Chile.jpg\" \/>\n\t<meta property=\"og:image:width\" content=\"1000\" \/>\n\t<meta property=\"og:image:height\" content=\"1000\" \/>\n\t<meta property=\"og:image:type\" content=\"image\/jpeg\" \/>\n<meta name=\"author\" content=\"Universidad de O&#039;Higgins\" \/>\n<meta name=\"twitter:card\" content=\"summary_large_image\" \/>\n<meta name=\"twitter:label1\" content=\"Escrito por\" \/>\n\t<meta name=\"twitter:data1\" content=\"Universidad de O&#039;Higgins\" \/>\n\t<meta name=\"twitter:label2\" content=\"Tiempo estimado de lectura\" \/>\n\t<meta name=\"twitter:data2\" content=\"3 minutos\" \/>\n<script type=\"application\/ld+json\" class=\"yoast-schema-graph\">{\"@context\":\"https:\/\/schema.org\",\"@graph\":[{\"@type\":\"WebPage\",\"@id\":\"https:\/\/www.uoh.cl\/instituto-de-ciencias-de-la-ingenieria\/2025\/04\/15\/academico-raul-valenzuela-realizo-charla-magistral-en-el-aniversario-141-de-la-direccion-meteorologica-de-chile\/\",\"url\":\"https:\/\/www.uoh.cl\/instituto-de-ciencias-de-la-ingenieria\/2025\/04\/15\/academico-raul-valenzuela-realizo-charla-magistral-en-el-aniversario-141-de-la-direccion-meteorologica-de-chile\/\",\"name\":\"Acad\u00e9mico Ra\u00fal Valenzuela realiz\u00f3 charla magistral en el aniversario 141 de la Direcci\u00f3n Meteorol\u00f3gica de Chile - Instituto de Ciencias de la Ingenier\u00eda\",\"isPartOf\":{\"@id\":\"https:\/\/www.uoh.cl\/instituto-de-ciencias-de-la-ingenieria\/#website\"},\"primaryImageOfPage\":{\"@id\":\"https:\/\/www.uoh.cl\/instituto-de-ciencias-de-la-ingenieria\/2025\/04\/15\/academico-raul-valenzuela-realizo-charla-magistral-en-el-aniversario-141-de-la-direccion-meteorologica-de-chile\/#primaryimage\"},\"image\":{\"@id\":\"https:\/\/www.uoh.cl\/instituto-de-ciencias-de-la-ingenieria\/2025\/04\/15\/academico-raul-valenzuela-realizo-charla-magistral-en-el-aniversario-141-de-la-direccion-meteorologica-de-chile\/#primaryimage\"},\"thumbnailUrl\":\"https:\/\/www.uoh.cl\/instituto-de-ciencias-de-la-ingenieria\/wp-content\/uploads\/sites\/27\/2025\/04\/Charla-Magistral-Direccion-Meteorologica-de-Chile.jpg\",\"datePublished\":\"2025-04-15T20:33:59+00:00\",\"author\":{\"@id\":\"https:\/\/www.uoh.cl\/instituto-de-ciencias-de-la-ingenieria\/#\/schema\/person\/ea242e676c7d6d7e46fc8b9e39486c4f\"},\"description\":\"Durante esta actividad se busc\u00f3 explorar futuras ubicaciones para la instalaci\u00f3n de radares metereol\u00f3gicos y sensibilizar a las autoridades sobre la urgencia de invertir en esta tecnolog\u00eda.\",\"inLanguage\":\"es-CL\",\"potentialAction\":[{\"@type\":\"ReadAction\",\"target\":[\"https:\/\/www.uoh.cl\/instituto-de-ciencias-de-la-ingenieria\/2025\/04\/15\/academico-raul-valenzuela-realizo-charla-magistral-en-el-aniversario-141-de-la-direccion-meteorologica-de-chile\/\"]}]},{\"@type\":\"ImageObject\",\"inLanguage\":\"es-CL\",\"@id\":\"https:\/\/www.uoh.cl\/instituto-de-ciencias-de-la-ingenieria\/2025\/04\/15\/academico-raul-valenzuela-realizo-charla-magistral-en-el-aniversario-141-de-la-direccion-meteorologica-de-chile\/#primaryimage\",\"url\":\"https:\/\/www.uoh.cl\/instituto-de-ciencias-de-la-ingenieria\/wp-content\/uploads\/sites\/27\/2025\/04\/Charla-Magistral-Direccion-Meteorologica-de-Chile.jpg\",\"contentUrl\":\"https:\/\/www.uoh.cl\/instituto-de-ciencias-de-la-ingenieria\/wp-content\/uploads\/sites\/27\/2025\/04\/Charla-Magistral-Direccion-Meteorologica-de-Chile.jpg\",\"width\":1000,\"height\":1000},{\"@type\":\"WebSite\",\"@id\":\"https:\/\/www.uoh.cl\/instituto-de-ciencias-de-la-ingenieria\/#website\",\"url\":\"https:\/\/www.uoh.cl\/instituto-de-ciencias-de-la-ingenieria\/\",\"name\":\"Instituto de Ciencias de la Ingenier\u00eda\",\"description\":\"Otro sitio de Sitios de Universidad O'higgins\",\"potentialAction\":[{\"@type\":\"SearchAction\",\"target\":{\"@type\":\"EntryPoint\",\"urlTemplate\":\"https:\/\/www.uoh.cl\/instituto-de-ciencias-de-la-ingenieria\/?s={search_term_string}\"},\"query-input\":{\"@type\":\"PropertyValueSpecification\",\"valueRequired\":true,\"valueName\":\"search_term_string\"}}],\"inLanguage\":\"es-CL\"},{\"@type\":\"Person\",\"@id\":\"https:\/\/www.uoh.cl\/instituto-de-ciencias-de-la-ingenieria\/#\/schema\/person\/ea242e676c7d6d7e46fc8b9e39486c4f\",\"name\":\"Universidad de O'Higgins\",\"image\":{\"@type\":\"ImageObject\",\"inLanguage\":\"es-CL\",\"@id\":\"https:\/\/www.uoh.cl\/instituto-de-ciencias-de-la-ingenieria\/#\/schema\/person\/image\/\",\"url\":\"https:\/\/secure.gravatar.com\/avatar\/78fcb76ca05efae11fd355943c01a832a29786cc00d85b1a82c301bea2b2a214?s=96&d=mm&r=g\",\"contentUrl\":\"https:\/\/secure.gravatar.com\/avatar\/78fcb76ca05efae11fd355943c01a832a29786cc00d85b1a82c301bea2b2a214?s=96&d=mm&r=g\",\"caption\":\"Universidad de O'Higgins\"}}]}<\/script>\n<!-- \/ Yoast SEO plugin. -->","yoast_head_json":{"title":"Acad\u00e9mico Ra\u00fal Valenzuela realiz\u00f3 charla magistral en el aniversario 141 de la Direcci\u00f3n Meteorol\u00f3gica de Chile - Instituto de Ciencias de la Ingenier\u00eda","description":"Durante esta actividad se busc\u00f3 explorar futuras ubicaciones para la instalaci\u00f3n de radares metereol\u00f3gicos y sensibilizar a las autoridades sobre la urgencia de invertir en esta tecnolog\u00eda.","robots":{"index":"noindex","follow":"nofollow"},"og_locale":"es_ES","og_type":"article","og_title":"Acad\u00e9mico Ra\u00fal Valenzuela realiz\u00f3 charla magistral en el aniversario 141 de la Direcci\u00f3n Meteorol\u00f3gica de Chile - Instituto de Ciencias de la Ingenier\u00eda","og_description":"Durante esta actividad se busc\u00f3 explorar futuras ubicaciones para la instalaci\u00f3n de radares metereol\u00f3gicos y sensibilizar a las autoridades sobre la urgencia de invertir en esta tecnolog\u00eda.","og_url":"https:\/\/www.uoh.cl\/instituto-de-ciencias-de-la-ingenieria\/2025\/04\/15\/academico-raul-valenzuela-realizo-charla-magistral-en-el-aniversario-141-de-la-direccion-meteorologica-de-chile\/","og_site_name":"Instituto de Ciencias de la Ingenier\u00eda","article_published_time":"2025-04-15T20:33:59+00:00","og_image":[{"width":1000,"height":1000,"url":"https:\/\/www.uoh.cl\/instituto-de-ciencias-de-la-ingenieria\/wp-content\/uploads\/sites\/27\/2025\/04\/Charla-Magistral-Direccion-Meteorologica-de-Chile.jpg","type":"image\/jpeg"}],"author":"Universidad de O'Higgins","twitter_card":"summary_large_image","twitter_misc":{"Escrito por":"Universidad de O'Higgins","Tiempo estimado de lectura":"3 minutos"},"schema":{"@context":"https:\/\/schema.org","@graph":[{"@type":"WebPage","@id":"https:\/\/www.uoh.cl\/instituto-de-ciencias-de-la-ingenieria\/2025\/04\/15\/academico-raul-valenzuela-realizo-charla-magistral-en-el-aniversario-141-de-la-direccion-meteorologica-de-chile\/","url":"https:\/\/www.uoh.cl\/instituto-de-ciencias-de-la-ingenieria\/2025\/04\/15\/academico-raul-valenzuela-realizo-charla-magistral-en-el-aniversario-141-de-la-direccion-meteorologica-de-chile\/","name":"Acad\u00e9mico Ra\u00fal Valenzuela realiz\u00f3 charla magistral en el aniversario 141 de la Direcci\u00f3n Meteorol\u00f3gica de Chile - Instituto de Ciencias de la Ingenier\u00eda","isPartOf":{"@id":"https:\/\/www.uoh.cl\/instituto-de-ciencias-de-la-ingenieria\/#website"},"primaryImageOfPage":{"@id":"https:\/\/www.uoh.cl\/instituto-de-ciencias-de-la-ingenieria\/2025\/04\/15\/academico-raul-valenzuela-realizo-charla-magistral-en-el-aniversario-141-de-la-direccion-meteorologica-de-chile\/#primaryimage"},"image":{"@id":"https:\/\/www.uoh.cl\/instituto-de-ciencias-de-la-ingenieria\/2025\/04\/15\/academico-raul-valenzuela-realizo-charla-magistral-en-el-aniversario-141-de-la-direccion-meteorologica-de-chile\/#primaryimage"},"thumbnailUrl":"https:\/\/www.uoh.cl\/instituto-de-ciencias-de-la-ingenieria\/wp-content\/uploads\/sites\/27\/2025\/04\/Charla-Magistral-Direccion-Meteorologica-de-Chile.jpg","datePublished":"2025-04-15T20:33:59+00:00","author":{"@id":"https:\/\/www.uoh.cl\/instituto-de-ciencias-de-la-ingenieria\/#\/schema\/person\/ea242e676c7d6d7e46fc8b9e39486c4f"},"description":"Durante esta actividad se busc\u00f3 explorar futuras ubicaciones para la instalaci\u00f3n de radares metereol\u00f3gicos y sensibilizar a las autoridades sobre la urgencia de invertir en esta tecnolog\u00eda.","inLanguage":"es-CL","potentialAction":[{"@type":"ReadAction","target":["https:\/\/www.uoh.cl\/instituto-de-ciencias-de-la-ingenieria\/2025\/04\/15\/academico-raul-valenzuela-realizo-charla-magistral-en-el-aniversario-141-de-la-direccion-meteorologica-de-chile\/"]}]},{"@type":"ImageObject","inLanguage":"es-CL","@id":"https:\/\/www.uoh.cl\/instituto-de-ciencias-de-la-ingenieria\/2025\/04\/15\/academico-raul-valenzuela-realizo-charla-magistral-en-el-aniversario-141-de-la-direccion-meteorologica-de-chile\/#primaryimage","url":"https:\/\/www.uoh.cl\/instituto-de-ciencias-de-la-ingenieria\/wp-content\/uploads\/sites\/27\/2025\/04\/Charla-Magistral-Direccion-Meteorologica-de-Chile.jpg","contentUrl":"https:\/\/www.uoh.cl\/instituto-de-ciencias-de-la-ingenieria\/wp-content\/uploads\/sites\/27\/2025\/04\/Charla-Magistral-Direccion-Meteorologica-de-Chile.jpg","width":1000,"height":1000},{"@type":"WebSite","@id":"https:\/\/www.uoh.cl\/instituto-de-ciencias-de-la-ingenieria\/#website","url":"https:\/\/www.uoh.cl\/instituto-de-ciencias-de-la-ingenieria\/","name":"Instituto de Ciencias de la Ingenier\u00eda","description":"Otro sitio de Sitios de Universidad O'higgins","potentialAction":[{"@type":"SearchAction","target":{"@type":"EntryPoint","urlTemplate":"https:\/\/www.uoh.cl\/instituto-de-ciencias-de-la-ingenieria\/?s={search_term_string}"},"query-input":{"@type":"PropertyValueSpecification","valueRequired":true,"valueName":"search_term_string"}}],"inLanguage":"es-CL"},{"@type":"Person","@id":"https:\/\/www.uoh.cl\/instituto-de-ciencias-de-la-ingenieria\/#\/schema\/person\/ea242e676c7d6d7e46fc8b9e39486c4f","name":"Universidad de O'Higgins","image":{"@type":"ImageObject","inLanguage":"es-CL","@id":"https:\/\/www.uoh.cl\/instituto-de-ciencias-de-la-ingenieria\/#\/schema\/person\/image\/","url":"https:\/\/secure.gravatar.com\/avatar\/78fcb76ca05efae11fd355943c01a832a29786cc00d85b1a82c301bea2b2a214?s=96&d=mm&r=g","contentUrl":"https:\/\/secure.gravatar.com\/avatar\/78fcb76ca05efae11fd355943c01a832a29786cc00d85b1a82c301bea2b2a214?s=96&d=mm&r=g","caption":"Universidad de O'Higgins"}}]}},"_links":{"self":[{"href":"https:\/\/www.uoh.cl\/instituto-de-ciencias-de-la-ingenieria\/wp-json\/wp\/v2\/posts\/7289","targetHints":{"allow":["GET"]}}],"collection":[{"href":"https:\/\/www.uoh.cl\/instituto-de-ciencias-de-la-ingenieria\/wp-json\/wp\/v2\/posts"}],"about":[{"href":"https:\/\/www.uoh.cl\/instituto-de-ciencias-de-la-ingenieria\/wp-json\/wp\/v2\/types\/post"}],"author":[{"embeddable":true,"href":"https:\/\/www.uoh.cl\/instituto-de-ciencias-de-la-ingenieria\/wp-json\/wp\/v2\/users\/34"}],"replies":[{"embeddable":true,"href":"https:\/\/www.uoh.cl\/instituto-de-ciencias-de-la-ingenieria\/wp-json\/wp\/v2\/comments?post=7289"}],"version-history":[{"count":0,"href":"https:\/\/www.uoh.cl\/instituto-de-ciencias-de-la-ingenieria\/wp-json\/wp\/v2\/posts\/7289\/revisions"}],"wp:featuredmedia":[{"embeddable":true,"href":"https:\/\/www.uoh.cl\/instituto-de-ciencias-de-la-ingenieria\/wp-json\/wp\/v2\/media\/7290"}],"wp:attachment":[{"href":"https:\/\/www.uoh.cl\/instituto-de-ciencias-de-la-ingenieria\/wp-json\/wp\/v2\/media?parent=7289"}],"wp:term":[{"taxonomy":"category","embeddable":true,"href":"https:\/\/www.uoh.cl\/instituto-de-ciencias-de-la-ingenieria\/wp-json\/wp\/v2\/categories?post=7289"},{"taxonomy":"post_tag","embeddable":true,"href":"https:\/\/www.uoh.cl\/instituto-de-ciencias-de-la-ingenieria\/wp-json\/wp\/v2\/tags?post=7289"}],"curies":[{"name":"wp","href":"https:\/\/api.w.org\/{rel}","templated":true}]}}