
{"id":1677,"date":"2022-08-19T13:46:29","date_gmt":"2022-08-19T16:46:29","guid":{"rendered":"https:\/\/www.uoh.cl\/instituto-de-ciencias-de-la-ingenieria\/2022\/08\/19\/academico-analiza-el-desarrollo-de-la-electromovilidad-en-chile\/"},"modified":"2022-08-19T13:46:29","modified_gmt":"2022-08-19T16:46:29","slug":"academico-analiza-el-desarrollo-de-la-electromovilidad-en-chile","status":"publish","type":"post","link":"https:\/\/www.uoh.cl\/instituto-de-ciencias-de-la-ingenieria\/2022\/08\/19\/academico-analiza-el-desarrollo-de-la-electromovilidad-en-chile\/","title":{"rendered":"Acad\u00e9mico analiza el desarrollo de la electromovilidad en Chile"},"content":{"rendered":"<div class=\"wpb-content-wrapper\"><p>[vc_section el_class=&#8221;container mx-auto align-items-center text-right circle&#8211;pattern&#8221; css=&#8221;.vc_custom_1648956589196{padding-top: 3rem !important;}&#8221;][vc_row][vc_column]<div class=\"breadcrumb\"><ol itemscope itemtype=\"https:\/\/schema.org\/BreadcrumbList\"><li itemprop=\"itemListElement\" itemscope itemtype=\"https:\/\/schema.org\/ListItem\"><a itemprop=\"item\" href=\"http:\/\/www.uoh.cl\"><span itemprop=\"name\">Inicio<\/span><\/a><meta itemprop=\"position\" content=\"1\" \/><li itemprop=\"itemListElement\" itemscope itemtype=\"https:\/\/schema.org\/ListItem\"><a itemprop=\"item\" href=\"https:\/\/www.uoh.cl\/instituto-de-ciencias-de-la-ingenieria\"><span itemprop=\"name\">Instituto de Ciencias de la Ingenier\u00eda <\/span><\/a><meta itemprop=\"position\" content=\"2\" \/><li itemprop=\"itemListElement\" itemscope itemtype=\"https:\/\/schema.org\/ListItem\"><a itemprop=\"item\" href=\"https:\/\/www.uoh.cl\/instituto-de-ciencias-de-la-ingenieria\/noticias\/\"><span itemprop=\"name\">Noticias<\/span><\/a><meta itemprop=\"position\" content=\"3\" \/><li itemprop=\"itemListElement\" itemscope itemtype=\"https:\/\/schema.org\/ListItem\"><span itemprop=\"name\">Acad\u00e9mico analiza el desarrollo de la electromovilidad en Chile <\/span><meta itemprop=\"position\" content=\"4\" \/><\/ol><\/div><ul class=\"p-0 list-style-none d-inline-block\"><li class=\"p-0\"><a href=https:\/\/www.uoh.cl\/instituto-de-ciencias-de-la-ingenieria\/category\/ingenieria-uoh\/ class=\"px-1 py-2\">Ingenier\u00eda UOH<\/a><\/li><\/ul><div class=\"date_publish_post\"> \u25cf Vie 19 de Agosto 2022<\/div><div class=\"uoh_title_component-container\"><h1 class=\"title title--ms d-inline-block title--decorator  big\">Acad\u00e9mico analiza el desarrollo de la electromovilidad en Chile<\/h1><\/div>[vc_row_inner el_class=&#8221;border-separator m-0&#8243;][vc_column_inner width=&#8221;2\/3&#8243;]<div class=\"author_wp_class\"> Escrito por <span>Universidad de O'Higgins<\/span><\/div>[\/vc_column_inner][vc_column_inner el_class=&#8221;align-items-end-publish&#8221; width=&#8221;1\/3&#8243;]<div class=\"uoh_social_network_component uoh_row col-12 justify-content-end m-0 p-0\"> <div class=\"icon__facebook-share-button\">\n                       <a href=\"https:\/\/www.facebook.com\/sharer\/sharer.php?u=https:\/\/www.uoh.cl\/instituto-de-ciencias-de-la-ingenieria\/2022\/08\/19\/academico-analiza-el-desarrollo-de-la-electromovilidad-en-chile\/\" target=\"_blank\"> <div class=\"icon__facebook-svg\"><svg version=\"1.1\" xmlns=\"http:\/\/www.w3.org\/2000\/svg\" xmlns:xlink=\"http:\/\/www.w3.org\/1999\/xlink\" x=\"0px\" y=\"0px\" width=\"22.4px\" height=\"48.3px\" viewBox=\"0 0 22.4 48.3\" style=\"overflow:visible;enable-background:new 0 0 22.4 48.3;\" xml:space=\"preserve\">\n                <defs>\n                <\/defs>\n                <path class=\"st0\" d=\"M22.4,15.6h-7.6v-5c0-1.9,1.2-2.3,2.1-2.3c0.9,0,5.4,0,5.4,0V0l-7.4,0C6.6,0,4.8,6.2,4.8,10.1v5.5H0v8.5h4.8\n                    c0,10.9,0,24.1,0,24.1h10c0,0,0-13.3,0-24.1h6.8L22.4,15.6z\"><\/path>\n                <\/svg><\/a><\/div>\n                    <\/div><div class=\"icon__twitter-share-button\">\n                        <div class=\"icon__twitter-svg\"><a target=\"_blank\" href=\"http:\/\/twitter.com\/share?url=https:\/\/www.uoh.cl\/instituto-de-ciencias-de-la-ingenieria\/2022\/08\/19\/academico-analiza-el-desarrollo-de-la-electromovilidad-en-chile\/\"><svg xmlns=\"http:\/\/www.w3.org\/2000\/svg\" height=\"1em\" viewBox=\"0 0 512 512\"><!--! Font Awesome Free 6.4.2 by @fontawesome - https:\/\/fontawesome.com License - https:\/\/fontawesome.com\/license (Commercial License) Copyright 2023 Fonticons, Inc. --><path d=\"M389.2 48h70.6L305.6 224.2 487 464H345L233.7 318.6 106.5 464H35.8L200.7 275.5 26.8 48H172.4L272.9 180.9 389.2 48zM364.4 421.8h39.1L151.1 88h-42L364.4 421.8z\"\/><\/svg><\/a><\/div>\n                        <\/div><div class=\"icon__linkedin-share-button\">\n                        <div class=\"icon__linkedin-svg\">\n                        <a target=\"__blank\" href=\"https:\/\/www.linkedin.com\/sharing\/share-offsite\/?url=https:\/\/www.uoh.cl\/instituto-de-ciencias-de-la-ingenieria\/2022\/08\/19\/academico-analiza-el-desarrollo-de-la-electromovilidad-en-chile\/\"><svg enable-background=\"new 0 0 100 100\" height=\"100px\" id=\"Layer_1\" version=\"1.1\" viewBox=\"0 0 100 100\" width=\"100px\" xml:space=\"preserve\" xmlns=\"http:\/\/www.w3.org\/2000\/svg\" xmlns:xlink=\"http:\/\/www.w3.org\/1999\/xlink\"><g><circle cx=\"50\" cy=\"50\" fill=\"#ccc\" r=\"45\"\/><g id=\"LinkedIn_1_\"><rect fill=\"#FFFFFF\" height=\"24.361\" width=\"7.69\" x=\"31.271\" y=\"43.569\"\/><path d=\"M59.968,43.334c-4.406,0-7.165,2.387-7.677,4.058v-3.823h-8.636c0.109,2.03,0,24.361,0,24.361h8.636    V54.748c0-0.733-0.034-1.465,0.19-1.991c0.594-1.464,1.869-2.985,4.162-2.985c2.998,0,4.361,2.253,4.361,5.552V67.93h8.721V54.384    C69.726,46.839,65.432,43.334,59.968,43.334z\" fill=\"#FFFFFF\"\/><path d=\"M34.973,32.069c-2.839,0-4.696,1.823-4.696,4.229c0,2.361,1.804,4.224,4.589,4.224h0.054    c2.891,0,4.69-1.869,4.69-4.229C39.555,33.888,37.81,32.069,34.973,32.069z\" fill=\"#FFFFFF\"\/><\/g><\/g><\/svg><\/a><\/div>\n\n            <\/div><\/div>[\/vc_column_inner][\/vc_row_inner]<div class=\"vc_single_image-wrapper vc_box_rounded  vc_box_border_grey\"><img decoding=\"async\" width=\"1024\" height=\"683\" data-src=\"https:\/\/www.uoh.cl\/instituto-de-ciencias-de-la-ingenieria\/wp-content\/uploads\/sites\/27\/2022\/08\/Foto-Nota-Electromovilidad.jpg\" class=\"attachment-large size-large wp-post-image lazyload\" alt=\"\" src=\"data:image\/svg+xml;base64,PHN2ZyB3aWR0aD0iMSIgaGVpZ2h0PSIxIiB4bWxucz0iaHR0cDovL3d3dy53My5vcmcvMjAwMC9zdmciPjwvc3ZnPg==\" style=\"--smush-placeholder-width: 1024px; --smush-placeholder-aspect-ratio: 1024\/683;\" \/><\/div>[vc_column_text]<\/p>\n<p>&nbsp;<\/p>\n<p>[\/vc_column_text][vc_column_text]<em>Esta semana justamente se realiza\u00a0el \u201cEncuentro de Electromovilidad UOH 2022: presente y futuro\u201d, que reunir\u00e1 a expertos nacionales e internacionales en la materia.<\/em>[\/vc_column_text][vc_column_text]<\/p>\n<p>&nbsp;<\/p>\n<p>[\/vc_column_text][vc_column_text]<\/p>\n<p style=\"font-weight: 400;\">En el mundo, la electromovilidad ha alcanzado un amplio desarrollo, principalmente debido a que entrega la posibilidad de disminuir las emisiones de gases contaminantes propios de los veh\u00edculos. Chile no se ha quedado atr\u00e1s y est\u00e1 avanzando sostenidamente en esta tecnolog\u00eda, seg\u00fan explica el acad\u00e9mico del Instituto de Ciencias de la Ingenier\u00eda de la UOH, Diego Mu\u00f1oz.<\/p>\n<p style=\"font-weight: 400;\">Seg\u00fan el Doctor en Ciencias de la Ingenier\u00eda, el parque automotriz de veh\u00edculos el\u00e9ctricos est\u00e1 avanzando r\u00e1pidamente: \u201cpor ejemplo a mayo de 2022, seg\u00fan cifras de la Asociaci\u00f3n Nacional Automotriz de Chile (ANAC) la venta de veh\u00edculos el\u00e9ctricos ha sido superior en 241% comparado al mismo periodo del a\u00f1o pasado. Adem\u00e1s, por primera vez, en 2022, se est\u00e1n sumando m\u00e1s buses el\u00e9ctricos que buses a di\u00e9sel para el transporte en Chile. El 2023 habr\u00e1 m\u00e1s de 1.700 buses el\u00e9ctricos en Santiago, y varias regiones est\u00e1n realizando licitaciones para sus flotas de buses el\u00e9ctricos\u201d.<\/p>\n<p style=\"font-weight: 400;\">Adem\u00e1s, agreg\u00f3, la Estrategia Nacional de Movilidad, elaborada inicialmente el 2017 y con una nueva versi\u00f3n de principios de 2022, \u201cestablece una serie de lineamientos, a cargo del Ministerio de Energ\u00eda, para fomentar el desarrollo de la Electromovilidad en el pa\u00eds\u201d.<\/p>\n<p style=\"font-weight: 400;\">Todos estos avances, acot\u00f3 Mu\u00f1oz, \u201cubican a nuestro pa\u00eds en una posici\u00f3n de vanguardia a nivel latinoamericano, pero todav\u00eda se encuentra atrasado frente al mundo desarrollado\u201d. Esto se debe, seg\u00fan explic\u00f3 a que \u201cla infraestructura de puntos de carga todav\u00eda es muy limitada, sobre todo fuera de la Regi\u00f3n Metropolitana, por lo que es importante desarrollarla r\u00e1pidamente. Esto es particularmente relevante puesto que ya se ha analizado que para usuarios de alto kilometraje, si miramos \u00fanicamente los costos, ya es m\u00e1s conveniente tener un veh\u00edculo el\u00e9ctrico. No obstante, la limitada infraestructura de carga ha significado un freno a las ventas de estos veh\u00edculos. Otros puntos donde todav\u00eda estamos al debe es en regulaci\u00f3n y normativas, las cuales una vez fijadas, servir\u00e1n como hoja de ruta para el desarrollo\u201d.<\/p>\n<p style=\"font-weight: 400;\">Este tema se va a abordar en el \u201cEncuentro de Electromovilidad UOH 2022: presente y futuro\u201d, que durante dos d\u00edas reunir\u00e1 en la Universidad de O\u2019Higgins a especialistas en la tecnolog\u00eda nacionales e internacionales que expondr\u00e1n sobre avances en materia cient\u00edfica, pol\u00edtica y regulatoria.<\/p>\n<p style=\"font-weight: 400;\">El encuentro, que se desarrollar\u00e1 los d\u00edas 25 y 26 de agosto en el Campus Rancagua, busca difundir a la comunidad el estado presente y futuro de la disciplina, as\u00ed como acercar las visiones desde lo pol\u00edtico, acad\u00e9mico y empresarial para as\u00ed poder avanzar en sinergias que fomenten su desarrollo.<\/p>\n<p style=\"font-weight: 400;\">Puede participar cualquier persona que tenga un inter\u00e9s en la tem\u00e1tica, o cuya actividad est\u00e9 relacionada con el uso, desarrollo u operaci\u00f3n de medios de transporte. Puede saber m\u00e1s del evento, y tambi\u00e9n inscribirse en\u00a0<a href=\"http:\/\/www.uoh.cl\/encuentroelectromovilidad\" data-saferedirecturl=\"https:\/\/www.google.com\/url?q=http:\/\/www.uoh.cl\/encuentroelectromovilidad&amp;source=gmail&amp;ust=1661017306449000&amp;usg=AOvVaw2U8G-EXGEUVGEiFqwWQ9yF\">www.uoh.cl\/encuentroelectromovilidad<\/a>.<\/p>\n<p>[\/vc_column_text][vc_column_text]<\/p>\n<p>&nbsp;<\/p>\n<p>&nbsp;<\/p>\n<p>[\/vc_column_text][\/vc_column][\/vc_row][\/vc_section][vc_section css=&#8221;.vc_custom_1650255686594{background-color: #f6faff !important;}&#8221; el_class=&#8221;p-md-0 pt-md-5&#8243;][vc_row el_class=&#8221;container mx-auto align-items-center text-right p-md-0 pt-5 pb-5&#8243;][vc_column el_class=&#8221;pb-5&#8243;][vc_row_inner el_class=&#8221;pb-5&#8243;][vc_column_inner]<div class=\"row m-0 p-0\"><div class=\"col-12 col-md-9 pt-5 pt-md-0\"><h2 class=\"title title--decorator title--ms d-inline-block\">Te Recomendamos<\/h2><\/div><\/div><div class=\"content-holder\"><div class=\"row  swipper-news-list not--activate-hack \"><div class=\"row -wrapper\"><div class=\"  col-sm-6 col-md-4 img-article\">\n                                        <div class=\"content-news-display row m-0 p-0\"><div class=\"holder p-0 \"><div class=\"img-wrap img-wrap-news\">\n                                        <div class=\"caption__news-category\">\n                                        <a href=\"https:\/\/www.uoh.cl\/instituto-de-ciencias-de-la-ingenieria\/category\/institucional\/\">\n                                        Institucional<\/a><\/div><img decoding=\"async\" class=\"w-100 h-100 lazyload\" data-src=\"https:\/\/www.uoh.cl\/instituto-de-ciencias-de-la-ingenieria\/wp-content\/uploads\/sites\/27\/2026\/04\/Inauguracion-Ano-Academico-2026-6.jpg\" alt=\"Reflexi\u00f3n universitaria: UOH inaugura A\u00f1o Acad\u00e9mico 2026 pensando en los desaf\u00edos de la Educaci\u00f3n Superior\" style=\"--smush-placeholder-width: 1500px; --smush-placeholder-aspect-ratio: 1500\/1000;object-fit: cover; object-position: center;\" src=\"data:image\/svg+xml;base64,PHN2ZyB3aWR0aD0iMSIgaGVpZ2h0PSIxIiB4bWxucz0iaHR0cDovL3d3dy53My5vcmcvMjAwMC9zdmciPjwvc3ZnPg==\"><\/div><\/div><div class=\"caption py-3 caption__news py-md-3 pb-md-5\">\n                                    <span class=\"caption__date\">Mi\u00e9rcoles 29, Abril<\/span>\n                                     <a href=\"https:\/\/www.uoh.cl\/instituto-de-ciencias-de-la-ingenieria\/2026\/04\/29\/reflexion-universitaria-uoh-inaugura-ano-academico-2026-pensando-en-los-desafios-de-la-educacion-superior\/\">\n                                    <h3 class=\"small-space\">Reflexi\u00f3n universitaria: UOH inaugura A\u00f1o Acad\u00e9mico 2026 pensando en los desaf\u00edos de la Educaci\u00f3n Superior<\/h3><\/a>\n\n                                    <p>La ceremonia promovi\u00f3 el an\u00e1lisis acerca de los cambios educativos que se avecinan dentro de los procesos de formaci\u00f3n universitaria ajustados a contextos digitales.   <\/p>\n                                    <a class=\"link link--bold mt-md-3\" href=\"https:\/\/www.uoh.cl\/instituto-de-ciencias-de-la-ingenieria\/2026\/04\/29\/reflexion-universitaria-uoh-inaugura-ano-academico-2026-pensando-en-los-desafios-de-la-educacion-superior\/\">Saber m\u00e1s <span class=\"icon icon--inline icon--link\"><svg version=\"1.1\" xmlns=\"http:\/\/www.w3.org\/2000\/svg\" xmlns:xlink=\"http:\/\/www.w3.org\/1999\/xlink\" x=\"0px\" y=\"0px\" width=\"22px\"height=\"22px\" viewBox=\"0 0 22 22\" style=\"overflow:visible;enable-background:new 0 0 80 64.6;\" xml:space=\"preserve\"><g clip-path=\"url(#acA)\"><path fill-rule=\"evenodd\" d=\"M21.913 11.266a.93.93 0 000-.711c-.022-.056-.063-.097-.091-.144s-.053-.103-.097-.15L12.306.294c-.357-.379-.955-.394-1.334-.038s-.394.955-.038 1.334l7.917 8.374H.927a.95.95 0 00-.908.983.946.946 0 00.908.908h17.924l-8.089 8.552c-.357.379-.341.977.034 1.334s.977.341 1.334-.034l9.594-10.148c.044-.044.063-.1.097-.15.028-.047.069-.088.091-.141z\"\/><\/g><defs><clipPath id=\"acA\"><path fill=\"#fff\" d=\"M0 0h22v22H0z\"\/><\/clipPath><\/defs><\/svg><\/span><\/a><\/div><\/div><\/div><div class=\"  col-sm-6 col-md-4 img-article\">\n                                        <div class=\"content-news-display row m-0 p-0\"><div class=\"holder p-0 \"><div class=\"img-wrap img-wrap-news\">\n                                        <div class=\"caption__news-category\">\n                                        <a href=\"https:\/\/www.uoh.cl\/instituto-de-ciencias-de-la-ingenieria\/category\/ingenieria\/\">\n                                        Ingenier\u00eda<\/a><\/div><img decoding=\"async\" class=\"w-100 h-100 lazyload\" data-src=\"https:\/\/www.uoh.cl\/instituto-de-ciencias-de-la-ingenieria\/wp-content\/uploads\/sites\/27\/2026\/04\/Instituto-de-Ciencias-de-la-Ingenieria-UOH-fortalece-su-equipo-con-la-incorporacion-de-tres-nuevos-academicasos.png\" alt=\"Instituto de Ciencias de la Ingenier\u00eda UOH fortalece su equipo con la incorporaci\u00f3n de tres nuevos acad\u00e9micas\/os\" style=\"--smush-placeholder-width: 1500px; --smush-placeholder-aspect-ratio: 1500\/1000;object-fit: cover; object-position: center;\" src=\"data:image\/svg+xml;base64,PHN2ZyB3aWR0aD0iMSIgaGVpZ2h0PSIxIiB4bWxucz0iaHR0cDovL3d3dy53My5vcmcvMjAwMC9zdmciPjwvc3ZnPg==\"><\/div><\/div><div class=\"caption py-3 caption__news py-md-3 pb-md-5\">\n                                    <span class=\"caption__date\">Viernes 17, Abril<\/span>\n                                     <a href=\"https:\/\/www.uoh.cl\/instituto-de-ciencias-de-la-ingenieria\/2026\/04\/17\/instituto-de-ciencias-de-la-ingenieria-uoh-fortalece-su-equipo-con-la-incorporacion-de-tres-nuevos-academicas-os\/\">\n                                    <h3 class=\"small-space\">Instituto de Ciencias de la Ingenier\u00eda UOH fortalece su equipo con la incorporaci\u00f3n de tres nuevos acad\u00e9micas\/os<\/h3><\/a>\n\n                                    <p>Los nuevos profesores asistentes del ICI se integraron en marzo para potenciar \u00e1reas clave como optimizaci\u00f3n matem\u00e1tica, sistemas t\u00e9rmicos y modelaci\u00f3n avanzada, fortaleciendo la investigaci\u00f3n y formaci\u00f3n en ingenier\u00eda en la Universidad de O\u2019Higgins.<\/p>\n                                    <a class=\"link link--bold mt-md-3\" href=\"https:\/\/www.uoh.cl\/instituto-de-ciencias-de-la-ingenieria\/2026\/04\/17\/instituto-de-ciencias-de-la-ingenieria-uoh-fortalece-su-equipo-con-la-incorporacion-de-tres-nuevos-academicas-os\/\">Saber m\u00e1s <span class=\"icon icon--inline icon--link\"><svg version=\"1.1\" xmlns=\"http:\/\/www.w3.org\/2000\/svg\" xmlns:xlink=\"http:\/\/www.w3.org\/1999\/xlink\" x=\"0px\" y=\"0px\" width=\"22px\"height=\"22px\" viewBox=\"0 0 22 22\" style=\"overflow:visible;enable-background:new 0 0 80 64.6;\" xml:space=\"preserve\"><g clip-path=\"url(#acA)\"><path fill-rule=\"evenodd\" d=\"M21.913 11.266a.93.93 0 000-.711c-.022-.056-.063-.097-.091-.144s-.053-.103-.097-.15L12.306.294c-.357-.379-.955-.394-1.334-.038s-.394.955-.038 1.334l7.917 8.374H.927a.95.95 0 00-.908.983.946.946 0 00.908.908h17.924l-8.089 8.552c-.357.379-.341.977.034 1.334s.977.341 1.334-.034l9.594-10.148c.044-.044.063-.1.097-.15.028-.047.069-.088.091-.141z\"\/><\/g><defs><clipPath id=\"acA\"><path fill=\"#fff\" d=\"M0 0h22v22H0z\"\/><\/clipPath><\/defs><\/svg><\/span><\/a><\/div><\/div><\/div><div class=\"  col-sm-6 col-md-4 img-article\">\n                                        <div class=\"content-news-display row m-0 p-0\"><div class=\"holder p-0 \"><div class=\"img-wrap img-wrap-news\">\n                                        <div class=\"caption__news-category\">\n                                        <a href=\"https:\/\/www.uoh.cl\/instituto-de-ciencias-de-la-ingenieria\/category\/ingenieria\/\">\n                                        Ingenier\u00eda<\/a><\/div><img decoding=\"async\" class=\"w-100 h-100 lazyload\" data-src=\"https:\/\/www.uoh.cl\/instituto-de-ciencias-de-la-ingenieria\/wp-content\/uploads\/sites\/27\/2026\/04\/Imagen-1.png\" alt=\"\u00bfPor qu\u00e9 algunas part\u00edculas se cargan m\u00e1s que otras? Investigaci\u00f3n de cient\u00edficos chilenos entrega nuevas pistas\" style=\"--smush-placeholder-width: 787px; --smush-placeholder-aspect-ratio: 787\/837;object-fit: cover; object-position: center;\" src=\"data:image\/svg+xml;base64,PHN2ZyB3aWR0aD0iMSIgaGVpZ2h0PSIxIiB4bWxucz0iaHR0cDovL3d3dy53My5vcmcvMjAwMC9zdmciPjwvc3ZnPg==\"><\/div><\/div><div class=\"caption py-3 caption__news py-md-3 pb-md-5\">\n                                    <span class=\"caption__date\">Viernes 17, Abril<\/span>\n                                     <a href=\"https:\/\/www.uoh.cl\/instituto-de-ciencias-de-la-ingenieria\/2026\/04\/17\/por-que-algunas-particulas-se-cargan-mas-que-otras-investigacion-de-cientificos-chilenos-entrega-nuevas-pistas\/\">\n                                    <h3 class=\"small-space\">\u00bfPor qu\u00e9 algunas part\u00edculas se cargan m\u00e1s que otras? Investigaci\u00f3n de cient\u00edficos chilenos entrega nuevas pistas<\/h3><\/a>\n\n                                    <p>El estudio, publicado en Physical Review Materials, revela que el tama\u00f1o de las part\u00edculas juega un rol clave en c\u00f3mo adquieren carga el\u00e9ctrica, incluso cuando son qu\u00edmicamente id\u00e9nticas.<\/p>\n                                    <a class=\"link link--bold mt-md-3\" href=\"https:\/\/www.uoh.cl\/instituto-de-ciencias-de-la-ingenieria\/2026\/04\/17\/por-que-algunas-particulas-se-cargan-mas-que-otras-investigacion-de-cientificos-chilenos-entrega-nuevas-pistas\/\">Saber m\u00e1s <span class=\"icon icon--inline icon--link\"><svg version=\"1.1\" xmlns=\"http:\/\/www.w3.org\/2000\/svg\" xmlns:xlink=\"http:\/\/www.w3.org\/1999\/xlink\" x=\"0px\" y=\"0px\" width=\"22px\"height=\"22px\" viewBox=\"0 0 22 22\" style=\"overflow:visible;enable-background:new 0 0 80 64.6;\" xml:space=\"preserve\"><g clip-path=\"url(#acA)\"><path fill-rule=\"evenodd\" d=\"M21.913 11.266a.93.93 0 000-.711c-.022-.056-.063-.097-.091-.144s-.053-.103-.097-.15L12.306.294c-.357-.379-.955-.394-1.334-.038s-.394.955-.038 1.334l7.917 8.374H.927a.95.95 0 00-.908.983.946.946 0 00.908.908h17.924l-8.089 8.552c-.357.379-.341.977.034 1.334s.977.341 1.334-.034l9.594-10.148c.044-.044.063-.1.097-.15.028-.047.069-.088.091-.141z\"\/><\/g><defs><clipPath id=\"acA\"><path fill=\"#fff\" d=\"M0 0h22v22H0z\"\/><\/clipPath><\/defs><\/svg><\/span><\/a><\/div><\/div><\/div><\/div><\/div><\/div><div class=\"pagination justify-content-center my-5\"><span aria-current=\"page\" class=\"page-numbers current\">1<\/span>\n<a class=\"page-numbers\" href=\"https:\/\/www.uoh.cl\/instituto-de-ciencias-de-la-ingenieria\/wp-json\/wp\/v2\/posts\/1677\/\/page\/2\">2<\/a>\n<a class=\"page-numbers\" href=\"https:\/\/www.uoh.cl\/instituto-de-ciencias-de-la-ingenieria\/wp-json\/wp\/v2\/posts\/1677\/\/page\/3\">3<\/a>\n<span class=\"page-numbers dots\">&hellip;<\/span>\n<a class=\"page-numbers\" href=\"https:\/\/www.uoh.cl\/instituto-de-ciencias-de-la-ingenieria\/wp-json\/wp\/v2\/posts\/1677\/\/page\/143\">143<\/a>\n<a class=\"next page-numbers\" href=\"https:\/\/www.uoh.cl\/instituto-de-ciencias-de-la-ingenieria\/wp-json\/wp\/v2\/posts\/1677\/\/page\/2\"><div class=\"icon-pagination-next\"> <?xml version=\"1.0\" ?><svg viewBox=\"0 0 96 96\" xmlns=\"http:\/\/www.w3.org\/2000\/svg\"><title\/><path d=\"M39.3756,48.0022l30.47-25.39a6.0035,6.0035,0,0,0-7.6878-9.223L26.1563,43.3906a6.0092,6.0092,0,0,0,0,9.2231L62.1578,82.615a6.0035,6.0035,0,0,0,7.6878-9.2231Z\"\/><\/svg> <\/div><\/a><\/div>[\/vc_column_inner][\/vc_row_inner][\/vc_column][\/vc_row][\/vc_section]<\/p>\n<\/div>","protected":false},"excerpt":{"rendered":"<p>Esta semana justamente se realiza el \u201cEncuentro de Electromovilidad UOH 2022: presente y futuro\u201d, que reunir\u00e1 a expertos nacionales e internacionales en la materia.<\/p>\n","protected":false},"author":34,"featured_media":1678,"comment_status":"open","ping_status":"open","sticky":false,"template":"","format":"standard","meta":{"_acf_changed":false,"footnotes":""},"categories":[31],"tags":[],"class_list":["post-1677","post","type-post","status-publish","format-standard","has-post-thumbnail","hentry","category-ingenieria-uoh"],"acf":[],"yoast_head":"<!-- This site is optimized with the Yoast SEO plugin v26.6 - https:\/\/yoast.com\/wordpress\/plugins\/seo\/ -->\n<title>Acad\u00e9mico analiza el desarrollo de la electromovilidad en Chile - Instituto de Ciencias de la Ingenier\u00eda<\/title>\n<meta name=\"description\" content=\"Esta semana justamente se realiza el \u201cEncuentro de Electromovilidad UOH 2022: presente y futuro\u201d, que reunir\u00e1 a expertos nacionales e internacionales en la materia.\" \/>\n<meta name=\"robots\" content=\"noindex, nofollow\" \/>\n<meta property=\"og:locale\" content=\"es_ES\" \/>\n<meta property=\"og:type\" content=\"article\" \/>\n<meta property=\"og:title\" content=\"Acad\u00e9mico analiza el desarrollo de la electromovilidad en Chile - Instituto de Ciencias de la Ingenier\u00eda\" \/>\n<meta property=\"og:description\" content=\"Esta semana justamente se realiza el \u201cEncuentro de Electromovilidad UOH 2022: presente y futuro\u201d, que reunir\u00e1 a expertos nacionales e internacionales en la materia.\" \/>\n<meta property=\"og:url\" content=\"https:\/\/www.uoh.cl\/instituto-de-ciencias-de-la-ingenieria\/2022\/08\/19\/academico-analiza-el-desarrollo-de-la-electromovilidad-en-chile\/\" \/>\n<meta property=\"og:site_name\" content=\"Instituto de Ciencias de la Ingenier\u00eda\" \/>\n<meta property=\"article:published_time\" content=\"2022-08-19T16:46:29+00:00\" \/>\n<meta property=\"og:image\" content=\"https:\/\/www.uoh.cl\/instituto-de-ciencias-de-la-ingenieria\/wp-content\/uploads\/sites\/27\/2022\/08\/Foto-Nota-Electromovilidad.jpg\" \/>\n\t<meta property=\"og:image:width\" content=\"1500\" \/>\n\t<meta property=\"og:image:height\" content=\"1000\" \/>\n\t<meta property=\"og:image:type\" content=\"image\/jpeg\" \/>\n<meta name=\"author\" content=\"Universidad de O&#039;Higgins\" \/>\n<meta name=\"twitter:card\" content=\"summary_large_image\" \/>\n<meta name=\"twitter:label1\" content=\"Escrito por\" \/>\n\t<meta name=\"twitter:data1\" content=\"Universidad de O&#039;Higgins\" \/>\n\t<meta name=\"twitter:label2\" content=\"Tiempo estimado de lectura\" \/>\n\t<meta name=\"twitter:data2\" content=\"3 minutos\" \/>\n<script type=\"application\/ld+json\" class=\"yoast-schema-graph\">{\"@context\":\"https:\/\/schema.org\",\"@graph\":[{\"@type\":\"WebPage\",\"@id\":\"https:\/\/www.uoh.cl\/instituto-de-ciencias-de-la-ingenieria\/2022\/08\/19\/academico-analiza-el-desarrollo-de-la-electromovilidad-en-chile\/\",\"url\":\"https:\/\/www.uoh.cl\/instituto-de-ciencias-de-la-ingenieria\/2022\/08\/19\/academico-analiza-el-desarrollo-de-la-electromovilidad-en-chile\/\",\"name\":\"Acad\u00e9mico analiza el desarrollo de la electromovilidad en Chile - Instituto de Ciencias de la Ingenier\u00eda\",\"isPartOf\":{\"@id\":\"https:\/\/www.uoh.cl\/instituto-de-ciencias-de-la-ingenieria\/#website\"},\"primaryImageOfPage\":{\"@id\":\"https:\/\/www.uoh.cl\/instituto-de-ciencias-de-la-ingenieria\/2022\/08\/19\/academico-analiza-el-desarrollo-de-la-electromovilidad-en-chile\/#primaryimage\"},\"image\":{\"@id\":\"https:\/\/www.uoh.cl\/instituto-de-ciencias-de-la-ingenieria\/2022\/08\/19\/academico-analiza-el-desarrollo-de-la-electromovilidad-en-chile\/#primaryimage\"},\"thumbnailUrl\":\"https:\/\/www.uoh.cl\/instituto-de-ciencias-de-la-ingenieria\/wp-content\/uploads\/sites\/27\/2022\/08\/Foto-Nota-Electromovilidad.jpg\",\"datePublished\":\"2022-08-19T16:46:29+00:00\",\"author\":{\"@id\":\"https:\/\/www.uoh.cl\/instituto-de-ciencias-de-la-ingenieria\/#\/schema\/person\/ea242e676c7d6d7e46fc8b9e39486c4f\"},\"description\":\"Esta semana justamente se realiza el \u201cEncuentro de Electromovilidad UOH 2022: presente y futuro\u201d, que reunir\u00e1 a expertos nacionales e internacionales en la materia.\",\"inLanguage\":\"es-CL\",\"potentialAction\":[{\"@type\":\"ReadAction\",\"target\":[\"https:\/\/www.uoh.cl\/instituto-de-ciencias-de-la-ingenieria\/2022\/08\/19\/academico-analiza-el-desarrollo-de-la-electromovilidad-en-chile\/\"]}]},{\"@type\":\"ImageObject\",\"inLanguage\":\"es-CL\",\"@id\":\"https:\/\/www.uoh.cl\/instituto-de-ciencias-de-la-ingenieria\/2022\/08\/19\/academico-analiza-el-desarrollo-de-la-electromovilidad-en-chile\/#primaryimage\",\"url\":\"https:\/\/www.uoh.cl\/instituto-de-ciencias-de-la-ingenieria\/wp-content\/uploads\/sites\/27\/2022\/08\/Foto-Nota-Electromovilidad.jpg\",\"contentUrl\":\"https:\/\/www.uoh.cl\/instituto-de-ciencias-de-la-ingenieria\/wp-content\/uploads\/sites\/27\/2022\/08\/Foto-Nota-Electromovilidad.jpg\",\"width\":1500,\"height\":1000},{\"@type\":\"WebSite\",\"@id\":\"https:\/\/www.uoh.cl\/instituto-de-ciencias-de-la-ingenieria\/#website\",\"url\":\"https:\/\/www.uoh.cl\/instituto-de-ciencias-de-la-ingenieria\/\",\"name\":\"Instituto de Ciencias de la Ingenier\u00eda\",\"description\":\"Otro sitio de Sitios de Universidad O'higgins\",\"potentialAction\":[{\"@type\":\"SearchAction\",\"target\":{\"@type\":\"EntryPoint\",\"urlTemplate\":\"https:\/\/www.uoh.cl\/instituto-de-ciencias-de-la-ingenieria\/?s={search_term_string}\"},\"query-input\":{\"@type\":\"PropertyValueSpecification\",\"valueRequired\":true,\"valueName\":\"search_term_string\"}}],\"inLanguage\":\"es-CL\"},{\"@type\":\"Person\",\"@id\":\"https:\/\/www.uoh.cl\/instituto-de-ciencias-de-la-ingenieria\/#\/schema\/person\/ea242e676c7d6d7e46fc8b9e39486c4f\",\"name\":\"Universidad de O'Higgins\",\"image\":{\"@type\":\"ImageObject\",\"inLanguage\":\"es-CL\",\"@id\":\"https:\/\/www.uoh.cl\/instituto-de-ciencias-de-la-ingenieria\/#\/schema\/person\/image\/\",\"url\":\"https:\/\/secure.gravatar.com\/avatar\/78fcb76ca05efae11fd355943c01a832a29786cc00d85b1a82c301bea2b2a214?s=96&d=mm&r=g\",\"contentUrl\":\"https:\/\/secure.gravatar.com\/avatar\/78fcb76ca05efae11fd355943c01a832a29786cc00d85b1a82c301bea2b2a214?s=96&d=mm&r=g\",\"caption\":\"Universidad de O'Higgins\"}}]}<\/script>\n<!-- \/ Yoast SEO plugin. -->","yoast_head_json":{"title":"Acad\u00e9mico analiza el desarrollo de la electromovilidad en Chile - Instituto de Ciencias de la Ingenier\u00eda","description":"Esta semana justamente se realiza el \u201cEncuentro de Electromovilidad UOH 2022: presente y futuro\u201d, que reunir\u00e1 a expertos nacionales e internacionales en la materia.","robots":{"index":"noindex","follow":"nofollow"},"og_locale":"es_ES","og_type":"article","og_title":"Acad\u00e9mico analiza el desarrollo de la electromovilidad en Chile - Instituto de Ciencias de la Ingenier\u00eda","og_description":"Esta semana justamente se realiza el \u201cEncuentro de Electromovilidad UOH 2022: presente y futuro\u201d, que reunir\u00e1 a expertos nacionales e internacionales en la materia.","og_url":"https:\/\/www.uoh.cl\/instituto-de-ciencias-de-la-ingenieria\/2022\/08\/19\/academico-analiza-el-desarrollo-de-la-electromovilidad-en-chile\/","og_site_name":"Instituto de Ciencias de la Ingenier\u00eda","article_published_time":"2022-08-19T16:46:29+00:00","og_image":[{"width":1500,"height":1000,"url":"https:\/\/www.uoh.cl\/instituto-de-ciencias-de-la-ingenieria\/wp-content\/uploads\/sites\/27\/2022\/08\/Foto-Nota-Electromovilidad.jpg","type":"image\/jpeg"}],"author":"Universidad de O'Higgins","twitter_card":"summary_large_image","twitter_misc":{"Escrito por":"Universidad de O'Higgins","Tiempo estimado de lectura":"3 minutos"},"schema":{"@context":"https:\/\/schema.org","@graph":[{"@type":"WebPage","@id":"https:\/\/www.uoh.cl\/instituto-de-ciencias-de-la-ingenieria\/2022\/08\/19\/academico-analiza-el-desarrollo-de-la-electromovilidad-en-chile\/","url":"https:\/\/www.uoh.cl\/instituto-de-ciencias-de-la-ingenieria\/2022\/08\/19\/academico-analiza-el-desarrollo-de-la-electromovilidad-en-chile\/","name":"Acad\u00e9mico analiza el desarrollo de la electromovilidad en Chile - Instituto de Ciencias de la Ingenier\u00eda","isPartOf":{"@id":"https:\/\/www.uoh.cl\/instituto-de-ciencias-de-la-ingenieria\/#website"},"primaryImageOfPage":{"@id":"https:\/\/www.uoh.cl\/instituto-de-ciencias-de-la-ingenieria\/2022\/08\/19\/academico-analiza-el-desarrollo-de-la-electromovilidad-en-chile\/#primaryimage"},"image":{"@id":"https:\/\/www.uoh.cl\/instituto-de-ciencias-de-la-ingenieria\/2022\/08\/19\/academico-analiza-el-desarrollo-de-la-electromovilidad-en-chile\/#primaryimage"},"thumbnailUrl":"https:\/\/www.uoh.cl\/instituto-de-ciencias-de-la-ingenieria\/wp-content\/uploads\/sites\/27\/2022\/08\/Foto-Nota-Electromovilidad.jpg","datePublished":"2022-08-19T16:46:29+00:00","author":{"@id":"https:\/\/www.uoh.cl\/instituto-de-ciencias-de-la-ingenieria\/#\/schema\/person\/ea242e676c7d6d7e46fc8b9e39486c4f"},"description":"Esta semana justamente se realiza el \u201cEncuentro de Electromovilidad UOH 2022: presente y futuro\u201d, que reunir\u00e1 a expertos nacionales e internacionales en la materia.","inLanguage":"es-CL","potentialAction":[{"@type":"ReadAction","target":["https:\/\/www.uoh.cl\/instituto-de-ciencias-de-la-ingenieria\/2022\/08\/19\/academico-analiza-el-desarrollo-de-la-electromovilidad-en-chile\/"]}]},{"@type":"ImageObject","inLanguage":"es-CL","@id":"https:\/\/www.uoh.cl\/instituto-de-ciencias-de-la-ingenieria\/2022\/08\/19\/academico-analiza-el-desarrollo-de-la-electromovilidad-en-chile\/#primaryimage","url":"https:\/\/www.uoh.cl\/instituto-de-ciencias-de-la-ingenieria\/wp-content\/uploads\/sites\/27\/2022\/08\/Foto-Nota-Electromovilidad.jpg","contentUrl":"https:\/\/www.uoh.cl\/instituto-de-ciencias-de-la-ingenieria\/wp-content\/uploads\/sites\/27\/2022\/08\/Foto-Nota-Electromovilidad.jpg","width":1500,"height":1000},{"@type":"WebSite","@id":"https:\/\/www.uoh.cl\/instituto-de-ciencias-de-la-ingenieria\/#website","url":"https:\/\/www.uoh.cl\/instituto-de-ciencias-de-la-ingenieria\/","name":"Instituto de Ciencias de la Ingenier\u00eda","description":"Otro sitio de Sitios de Universidad O'higgins","potentialAction":[{"@type":"SearchAction","target":{"@type":"EntryPoint","urlTemplate":"https:\/\/www.uoh.cl\/instituto-de-ciencias-de-la-ingenieria\/?s={search_term_string}"},"query-input":{"@type":"PropertyValueSpecification","valueRequired":true,"valueName":"search_term_string"}}],"inLanguage":"es-CL"},{"@type":"Person","@id":"https:\/\/www.uoh.cl\/instituto-de-ciencias-de-la-ingenieria\/#\/schema\/person\/ea242e676c7d6d7e46fc8b9e39486c4f","name":"Universidad de O'Higgins","image":{"@type":"ImageObject","inLanguage":"es-CL","@id":"https:\/\/www.uoh.cl\/instituto-de-ciencias-de-la-ingenieria\/#\/schema\/person\/image\/","url":"https:\/\/secure.gravatar.com\/avatar\/78fcb76ca05efae11fd355943c01a832a29786cc00d85b1a82c301bea2b2a214?s=96&d=mm&r=g","contentUrl":"https:\/\/secure.gravatar.com\/avatar\/78fcb76ca05efae11fd355943c01a832a29786cc00d85b1a82c301bea2b2a214?s=96&d=mm&r=g","caption":"Universidad de O'Higgins"}}]}},"_links":{"self":[{"href":"https:\/\/www.uoh.cl\/instituto-de-ciencias-de-la-ingenieria\/wp-json\/wp\/v2\/posts\/1677","targetHints":{"allow":["GET"]}}],"collection":[{"href":"https:\/\/www.uoh.cl\/instituto-de-ciencias-de-la-ingenieria\/wp-json\/wp\/v2\/posts"}],"about":[{"href":"https:\/\/www.uoh.cl\/instituto-de-ciencias-de-la-ingenieria\/wp-json\/wp\/v2\/types\/post"}],"author":[{"embeddable":true,"href":"https:\/\/www.uoh.cl\/instituto-de-ciencias-de-la-ingenieria\/wp-json\/wp\/v2\/users\/34"}],"replies":[{"embeddable":true,"href":"https:\/\/www.uoh.cl\/instituto-de-ciencias-de-la-ingenieria\/wp-json\/wp\/v2\/comments?post=1677"}],"version-history":[{"count":0,"href":"https:\/\/www.uoh.cl\/instituto-de-ciencias-de-la-ingenieria\/wp-json\/wp\/v2\/posts\/1677\/revisions"}],"wp:featuredmedia":[{"embeddable":true,"href":"https:\/\/www.uoh.cl\/instituto-de-ciencias-de-la-ingenieria\/wp-json\/wp\/v2\/media\/1678"}],"wp:attachment":[{"href":"https:\/\/www.uoh.cl\/instituto-de-ciencias-de-la-ingenieria\/wp-json\/wp\/v2\/media?parent=1677"}],"wp:term":[{"taxonomy":"category","embeddable":true,"href":"https:\/\/www.uoh.cl\/instituto-de-ciencias-de-la-ingenieria\/wp-json\/wp\/v2\/categories?post=1677"},{"taxonomy":"post_tag","embeddable":true,"href":"https:\/\/www.uoh.cl\/instituto-de-ciencias-de-la-ingenieria\/wp-json\/wp\/v2\/tags?post=1677"}],"curies":[{"name":"wp","href":"https:\/\/api.w.org\/{rel}","templated":true}]}}