
{"id":9190,"date":"2025-12-23T10:28:14","date_gmt":"2025-12-23T13:28:14","guid":{"rendered":"https:\/\/www.uoh.cl\/instituto-de-ciencias-de-la-educacion\/2025\/12\/23\/vicerrectoria-de-investigacion-y-postgrado-entrega-reconocimiento-a-comites-institucionales-uoh\/"},"modified":"2025-12-23T11:32:10","modified_gmt":"2025-12-23T14:32:10","slug":"vicerrectoria-de-investigacion-y-postgrado-entrega-reconocimiento-a-comites-institucionales-uoh","status":"publish","type":"post","link":"https:\/\/www.uoh.cl\/instituto-de-ciencias-de-la-educacion\/2025\/12\/23\/vicerrectoria-de-investigacion-y-postgrado-entrega-reconocimiento-a-comites-institucionales-uoh\/","title":{"rendered":"Vicerrector\u00eda de Investigaci\u00f3n y Postgrado entrega reconocimiento a comit\u00e9s institucionales UOH"},"content":{"rendered":"<div class=\"wpb-content-wrapper\"><p>[vc_section el_class=&#8221;container mx-auto align-items-center circle&#8211;pattern&#8221; css=&#8221;.vc_custom_1648956589196{padding-top: 3rem !important;}&#8221;][vc_row][vc_column]<div class=\"breadcrumb\"><ol itemscope itemtype=\"https:\/\/schema.org\/BreadcrumbList\"><li itemprop=\"itemListElement\" itemscope itemtype=\"https:\/\/schema.org\/ListItem\"><a itemprop=\"item\" href=\"http:\/\/www.uoh.cl\"><span itemprop=\"name\">Inicio<\/span><\/a><meta itemprop=\"position\" content=\"1\" \/><li itemprop=\"itemListElement\" itemscope itemtype=\"https:\/\/schema.org\/ListItem\"><a itemprop=\"item\" href=\"https:\/\/www.uoh.cl\/instituto-de-ciencias-de-la-educacion\"><span itemprop=\"name\">Instituto de Ciencias de la Educaci\u00f3n<\/span><\/a><meta itemprop=\"position\" content=\"2\" \/><li itemprop=\"itemListElement\" itemscope itemtype=\"https:\/\/schema.org\/ListItem\"><a itemprop=\"item\" href=\"https:\/\/www.uoh.cl\/instituto-de-ciencias-de-la-educacion\/noticias\/\"><span itemprop=\"name\">Noticias<\/span><\/a><meta itemprop=\"position\" content=\"3\" \/><li itemprop=\"itemListElement\" itemscope itemtype=\"https:\/\/schema.org\/ListItem\"><span itemprop=\"name\">Vicerrector\u00eda de Investigaci\u00f3n y Postgrado entrega reconocimiento a comit\u00e9s institucionales <\/span><meta itemprop=\"position\" content=\"4\" \/><\/ol><\/div><ul class=\"p-0 list-style-none d-inline-block\"><li class=\"p-0\"><a href=https:\/\/www.uoh.cl\/instituto-de-ciencias-de-la-educacion\/category\/investigacion\/ class=\"px-1 py-2\">Investigaci\u00f3n<\/a><\/li><\/ul><div class=\"date_publish_post\"> \u25cf Mar 23 de Diciembre 2025<\/div><div class=\"uoh_title_component-container\"><h1 class=\"title title--ms d-inline-block title--decorator  big\">Vicerrector\u00eda de Investigaci\u00f3n y Postgrado entrega reconocimiento a comit\u00e9s institucionales UOH<\/h1><\/div>[vc_row_inner el_class=&#8221;border-separator m-0&#8243;][vc_column_inner width=&#8221;2\/3&#8243;]<div class=\"author_wp_class\"> Escrito por <span>Universidad de O'Higgins<\/span><\/div>[\/vc_column_inner][vc_column_inner el_class=&#8221;align-items-end-publish&#8221; width=&#8221;1\/3&#8243;]<div class=\"uoh_social_network_component uoh_row col-12 justify-content-end m-0 p-0\"> <div class=\"icon__facebook-share-button\">\n                       <a href=\"https:\/\/www.facebook.com\/sharer\/sharer.php?u=https:\/\/www.uoh.cl\/instituto-de-ciencias-de-la-educacion\/2025\/12\/23\/vicerrectoria-de-investigacion-y-postgrado-entrega-reconocimiento-a-comites-institucionales-uoh\/\" target=\"_blank\"> <div class=\"icon__facebook-svg\"><svg version=\"1.1\" xmlns=\"http:\/\/www.w3.org\/2000\/svg\" xmlns:xlink=\"http:\/\/www.w3.org\/1999\/xlink\" x=\"0px\" y=\"0px\" width=\"22.4px\" height=\"48.3px\" viewBox=\"0 0 22.4 48.3\" style=\"overflow:visible;enable-background:new 0 0 22.4 48.3;\" xml:space=\"preserve\">\n                <defs>\n                <\/defs>\n                <path class=\"st0\" d=\"M22.4,15.6h-7.6v-5c0-1.9,1.2-2.3,2.1-2.3c0.9,0,5.4,0,5.4,0V0l-7.4,0C6.6,0,4.8,6.2,4.8,10.1v5.5H0v8.5h4.8\n                    c0,10.9,0,24.1,0,24.1h10c0,0,0-13.3,0-24.1h6.8L22.4,15.6z\"><\/path>\n                <\/svg><\/a><\/div>\n                    <\/div><div class=\"icon__twitter-share-button\">\n                        <div class=\"icon__twitter-svg\"><a target=\"_blank\" href=\"http:\/\/twitter.com\/share?url=https:\/\/www.uoh.cl\/instituto-de-ciencias-de-la-educacion\/2025\/12\/23\/vicerrectoria-de-investigacion-y-postgrado-entrega-reconocimiento-a-comites-institucionales-uoh\/\"><svg xmlns=\"http:\/\/www.w3.org\/2000\/svg\" height=\"1em\" viewBox=\"0 0 512 512\"><!--! Font Awesome Free 6.4.2 by @fontawesome - https:\/\/fontawesome.com License - https:\/\/fontawesome.com\/license (Commercial License) Copyright 2023 Fonticons, Inc. --><path d=\"M389.2 48h70.6L305.6 224.2 487 464H345L233.7 318.6 106.5 464H35.8L200.7 275.5 26.8 48H172.4L272.9 180.9 389.2 48zM364.4 421.8h39.1L151.1 88h-42L364.4 421.8z\"\/><\/svg><\/a><\/div>\n                        <\/div><div class=\"icon__linkedin-share-button\">\n                        <div class=\"icon__linkedin-svg\">\n                        <a target=\"__blank\" href=\"https:\/\/www.linkedin.com\/sharing\/share-offsite\/?url=https:\/\/www.uoh.cl\/instituto-de-ciencias-de-la-educacion\/2025\/12\/23\/vicerrectoria-de-investigacion-y-postgrado-entrega-reconocimiento-a-comites-institucionales-uoh\/\"><svg enable-background=\"new 0 0 100 100\" height=\"100px\" id=\"Layer_1\" version=\"1.1\" viewBox=\"0 0 100 100\" width=\"100px\" xml:space=\"preserve\" xmlns=\"http:\/\/www.w3.org\/2000\/svg\" xmlns:xlink=\"http:\/\/www.w3.org\/1999\/xlink\"><g><circle cx=\"50\" cy=\"50\" fill=\"#ccc\" r=\"45\"\/><g id=\"LinkedIn_1_\"><rect fill=\"#FFFFFF\" height=\"24.361\" width=\"7.69\" x=\"31.271\" y=\"43.569\"\/><path d=\"M59.968,43.334c-4.406,0-7.165,2.387-7.677,4.058v-3.823h-8.636c0.109,2.03,0,24.361,0,24.361h8.636    V54.748c0-0.733-0.034-1.465,0.19-1.991c0.594-1.464,1.869-2.985,4.162-2.985c2.998,0,4.361,2.253,4.361,5.552V67.93h8.721V54.384    C69.726,46.839,65.432,43.334,59.968,43.334z\" fill=\"#FFFFFF\"\/><path d=\"M34.973,32.069c-2.839,0-4.696,1.823-4.696,4.229c0,2.361,1.804,4.224,4.589,4.224h0.054    c2.891,0,4.69-1.869,4.69-4.229C39.555,33.888,37.81,32.069,34.973,32.069z\" fill=\"#FFFFFF\"\/><\/g><\/g><\/svg><\/a><\/div>\n\n            <\/div><\/div>[\/vc_column_inner][\/vc_row_inner][vc_single_image image=&#8221;73162&#8243; img_size=&#8221;1500&#215;1000&#8243; add_caption=&#8221;yes&#8221; alignment=&#8221;center&#8221; onclick=&#8221;img_link_large&#8221; css=&#8221;&#8221;][vc_column_text]\u00a0[\/vc_column_text][vc_column_text css=&#8221;&#8221;]<\/p>\n<ul>\n<li><em>En una ceremonia presidida por la Vicerrectora Paula Irles, se destac\u00f3 el rol fundamental que cumplen estas instancias en el desarrollo de la investigaci\u00f3n, la docencia y la vinculaci\u00f3n con el medio de la Universidad de O\u2019Higgins. <\/em><\/li>\n<\/ul>\n<p>[\/vc_column_text][vc_column_text]\u00a0[\/vc_column_text][vc_column_text css=&#8221;&#8221;]Con el objetivo de visibilizar y relevar la labor del <a href=\"https:\/\/www.uoh.cl\/investigacion\/comite-etico-cientifico\/\">Comit\u00e9 \u00c9tico Cient\u00edfico<\/a> (CEC), el <a href=\"https:\/\/www.uoh.cl\/investigacion\/comite-institucional-de-bioseguridad\/#:~:text=El%20CIB%2DUOH%20se%20define,investigaci%C3%B3n%20realizado%20en%20la%20UOH.\">Comit\u00e9 Institucional en Bioseguridad<\/a> (CIB) y el <a href=\"https:\/\/www.uoh.cl\/investigacion\/comite-institucional-para-el-cuidado-y-uso-de-animales\/#:~:text=El%20Comit%C3%A9%20Institucional%20para%20el,de%20Investigaci%C3%B3n%2C%20Postgrado%20y%20Vinculaci%C3%B3n.\">Comit\u00e9 Institucional para el Cuidado y Uso de Animales<\/a> (CICUA), la Vicerrector\u00eda de Investigaci\u00f3n y Postgrado realiz\u00f3 una ceremonia para reconocer el trabajo de acad\u00e9micos, acad\u00e9micas, expertos y asesores que aportan sus conocimientos y experiencia al fortalecimiento de la investigaci\u00f3n en nuestra casa de estudios, as\u00ed como al servicio de la regi\u00f3n.<\/p>\n<p>\u201cQuisimos reconocer y agradecer el trabajo que realizan quienes forman parte de los comit\u00e9s institucionales, una labor fundamental para asegurar la calidad y desarrollo de la investigaci\u00f3n en nuestra Universidad. Su rol es clave, no s\u00f3lo en la revisi\u00f3n de los distintos proyectos e iniciativas, sino tambi\u00e9n en el seguimiento y acompa\u00f1amiento que implica su ejecuci\u00f3n\u201d, afirm\u00f3 la Vicerrectora Paula Irles.<\/p>\n<p>En la ocasi\u00f3n, la autoridad universitaria destac\u00f3 tanto los avances alcanzados, como los desaf\u00edos futuros. \u201cHoy contamos con un comit\u00e9 acreditado, el Comit\u00e9 \u00c9tico Cient\u00edfico, por lo que debemos mantener esa acreditaci\u00f3n y avanzar en el fortalecimiento y acreditaci\u00f3n de los dem\u00e1s comit\u00e9s\u201d, agreg\u00f3.<\/p>\n<p>Para la Vicerrectora Irles, la existencia y consolidaci\u00f3n de estos comit\u00e9s refleja la \u201cmadurez institucional\u201d de la Universidad de O\u2019Higgins, al contar con capacidades humanas y t\u00e9cnicas instaladas, que permiten desarrollar investigaci\u00f3n cient\u00edfica y tecnol\u00f3gica bajo altos est\u00e1ndares \u00e9ticos y bio\u00e9ticos, con impacto en la comunidad y el territorio.<\/p>\n<h4><strong><u>El rol clave de los Comit\u00e9s Institucionales UOH<\/u><\/strong><\/h4>\n<h4><strong>Comit\u00e9 \u00c9tico Cient\u00edfico (CEC)<\/strong><\/h4>\n<p>Tiene como misi\u00f3n evaluar los aspectos \u00e9ticos de todos los proyectos de investigaci\u00f3n que involucren a seres humanos, resguardando la protecci\u00f3n de sus derechos, la seguridad y el bienestar de las personas participantes. El CEC se conform\u00f3 en enero de 2022, y en 2023, obtuvo su acreditaci\u00f3n, convirti\u00e9ndose en el primer comit\u00e9 de su tipo en la Regi\u00f3n de O\u2019Higgins.<\/p>\n<p>Para su presidenta, la acad\u00e9mica del ICA3, Gemma Rojo, el CEC \u201ces una pieza clave para que la investigaci\u00f3n en la UOH se realice con calidad y confianza, ya que resguarda a las personas y comunidades participantes, y asegura que los proyectos cumplan est\u00e1ndares \u00e9ticos y de integridad cient\u00edfica desde un inicio\u201d, afirm\u00f3.<\/p>\n<p>Asimismo, explic\u00f3 que el comit\u00e9 revisa aspectos como la proporcionalidad entre riesgos y beneficios, el consentimiento informado, la confidencialidad y el manejo responsable de datos y muestras, adem\u00e1s de la coherencia metodol\u00f3gica de las investigaciones. \u201cEste trabajo se realiza desde un comit\u00e9 acreditado, lo que refuerza el est\u00e1ndar institucional y la trazabilidad de las revisiones\u201d, puntualiz\u00f3.<\/p>\n<p>La acad\u00e9mica valor\u00f3 el reconocimiento institucional, se\u00f1alando que \u201ces muy significativo, porque visibiliza una labor altamente especializada, que muchas veces se hace \u2018tras bambalinas\u2019, pero que es fundamental para la calidad de la investigaci\u00f3n\u201d. Adem\u00e1s, subray\u00f3 el compromiso que implica mantener la acreditaci\u00f3n, \u201clo que requiere mantener procedimientos claros, trazabilidad, mejora continua, y el aporte sostenido de los y las acad\u00e9micos que lo integran, a trav\u00e9s de su tiempo y experiencia al servicio de la Universidad y la regi\u00f3n\u201d.<\/p>\n<p>El CEC est\u00e1 integrado por: Gemma Rojo (presidenta y acad\u00e9mica ICA3); Gonzalo Terreros (acad\u00e9mico ICS); Marcelo Acu\u00f1a (jefe carrera de Derecho UOH); Pablo Guti\u00e9rrez (acad\u00e9mico ICI); Pablo Rupin (acad\u00e9mico ICEd); Miguel Ramos (acad\u00e9mico ICEd), y Humberto Aponte (acad\u00e9mico ICA3).<\/p>\n<h4><\/h4>\n<p>[\/vc_column_text][vc_zigzag color=&#8221;white&#8221;][vc_single_image image=&#8221;73157&#8243; img_size=&#8221;large&#8221; alignment=&#8221;center&#8221; onclick=&#8221;link_image&#8221; css=&#8221;&#8221;][vc_zigzag color=&#8221;white&#8221;][vc_column_text css=&#8221;&#8221;]<\/p>\n<p style=\"text-align: center\"><em>Marcelo Acu\u00f1a, jefe carrera de Derecho, miembro CEC<\/em><\/p>\n<p>[\/vc_column_text][vc_zigzag color=&#8221;white&#8221;][vc_column_text css=&#8221;&#8221;]<\/p>\n<h4><strong>Comit\u00e9 Institucional para el Cuidado y Uso de Animales (CICUA)<\/strong><\/h4>\n<p>Es el organismo encargado de velar por el bienestar animal y la calidad \u00e9tica de las actividades de investigaci\u00f3n, docencia y vinculaci\u00f3n con el medio que involucran el uso de animales. Creado a partir de una comisi\u00f3n institucional en diciembre de 2021, y formalizado en 2022, el CICUA est\u00e1 integrado por acad\u00e9micas y acad\u00e9micos de distintas \u00e1reas, incluyendo especialistas en ciencias animales, investigadores y representantes de la comunidad. Su misi\u00f3n es evaluar, certificar y supervisar los protocolos que aseguran un uso responsable y \u00e9tico de animales en la Universidad.<\/p>\n<p>Su presidenta, la acad\u00e9mica del ICA3, Andrea M\u00fcller destac\u00f3 que \u201cresguardamos que la investigaci\u00f3n que se realiza con animales se desarrolle siempre bajo una normativa \u00e9tico-cient\u00edfica, asegurando que el bienestar animal prime por sobre cualquier otro elemento, mediante la aplicaci\u00f3n de est\u00e1ndares internacionales\u201d.<\/p>\n<p>La acad\u00e9mica valor\u00f3 que este reconocimiento se extendiera a todos y todas quienes integran los comit\u00e9s. \u201cEs muy importante y positivo que se entienda que sin este trabajo no se posible hacer buena ciencia. Pero, adem\u00e1s, que se reconozca que todos avanzamos en pro de la investigaci\u00f3n y tambi\u00e9n de la docencia, es fundamental para que el resto de la comunidad valore y conozca nuestro trabajo, que requiere de mucho tiempo y dedicaci\u00f3n\u201d.<\/p>\n<p>El CICUA est\u00e1 integrado por: Andrea M\u00fcller (presidenta y acad\u00e9mica del ICA3); Amanda D\u2019Espessailles (acad\u00e9mica ICS); Paula Toro (acad\u00e9mica ICA3) y Javier Bustamante (acad\u00e9mico ICSo).[\/vc_column_text][vc_zigzag color=&#8221;white&#8221;][vc_single_image image=&#8221;73158&#8243; img_size=&#8221;large&#8221; alignment=&#8221;center&#8221; onclick=&#8221;link_image&#8221; css=&#8221;&#8221;][vc_zigzag color=&#8221;white&#8221;][vc_column_text css=&#8221;&#8221;]<\/p>\n<p style=\"text-align: center\"><em>Paula Toro, acad\u00e9mica ICA3, miembro CICUA.<\/em><\/p>\n<p>[\/vc_column_text][vc_zigzag color=&#8221;white&#8221;][vc_column_text css=&#8221;&#8221;]<\/p>\n<h4><strong>Comit\u00e9 Institucional de Bioseguridad (CIB)<\/strong><\/h4>\n<p>Es el encargado de evaluar que todos los proyectos de investigaci\u00f3n realizados en la UOH cumplan con las normas, medidas y pr\u00e1cticas de seguridad, biocontenci\u00f3n y biocustodia destinadas a la protecci\u00f3n de las personas y del medio ambiente.<\/p>\n<p>El presidente del CIB, el acad\u00e9mico del ICS, Nicol\u00e1s Santander explic\u00f3 que \u201cnuestra labor permite alinear el trabajo investigativo que se desarrolla en la Universidad con las normativas nacionales de seguridad en laboratorio, promoviendo la protecci\u00f3n de las personas y del entorno, comuna mirada de futuro.<\/p>\n<p>Adem\u00e1s, se\u00f1al\u00f3 que el trabajo del CIB, al igual que el de los otros comit\u00e9s, muchas veces pasa desapercibido, lo que dificulta su labor. \u201cEste tipo de reconocimientos contribuye a visibilizar la importancia de nuestro quehacer y a fortalecer la comprensi\u00f3n de las responsabilidades individuales de la comunidad acad\u00e9mica, lo que es clave para cumplir con nuestra misi\u00f3n\u201d.<\/p>\n<p>El CIB est\u00e1 integrado por: Nicol\u00e1s Santander (presidente y acad\u00e9mico ICS); Claudia Foerster (acad\u00e9mica ICA3); Roc\u00edo Angulo (acad\u00e9mica ICSo); Yerko Castro (prevencionista de riesgos UOH); Domingo Jullian (acad\u00e9mico ICI) y D\u00e9bora Torrealba (acad\u00e9mica ICI).[\/vc_column_text][vc_zigzag color=&#8221;white&#8221;][vc_single_image image=&#8221;73159&#8243; img_size=&#8221;large&#8221; alignment=&#8221;center&#8221; onclick=&#8221;link_image&#8221; css=&#8221;&#8221;][vc_zigzag color=&#8221;white&#8221;][vc_column_text css=&#8221;&#8221;]<\/p>\n<p style=\"text-align: center\"><em>Yerko Castro, prevencionista de riesgos UOH, miembro CIB.<\/em><\/p>\n<p>[\/vc_column_text][\/vc_column][\/vc_row][\/vc_section][vc_section css=&#8221;.vc_custom_1650255686594{background-color: #f6faff !important;}&#8221; el_class=&#8221;p-md-0 pt-md-5&#8243;][vc_row el_class=&#8221;container mx-auto align-items-center p-md-0 pt-5 pb-5&#8243;][vc_column el_class=&#8221;pb-5&#8243;][vc_row_inner el_class=&#8221;pb-5&#8243;][vc_column_inner]<div class=\"row m-0 p-0\"><div class=\"col-12 col-md-9 pt-5 pt-md-0\"><h2 class=\"title title--decorator title--ms d-inline-block\">Te Recomendamos<\/h2><\/div><\/div><div class=\"content-holder\"><div class=\"row  swipper-news-list not--activate-hack \"><div class=\"row -wrapper\"><div class=\"  col-sm-6 col-md-4 img-article\">\n                                        <div class=\"content-news-display row m-0 p-0\"><div class=\"holder p-0 \"><div class=\"img-wrap img-wrap-news\">\n                                        <div class=\"caption__news-category\">\n                                        <a href=\"https:\/\/www.uoh.cl\/instituto-de-ciencias-de-la-educacion\/category\/educacion\/\">\n                                        Educaci\u00f3n<\/a><\/div><img decoding=\"async\" class=\"w-100 h-100 lazyload\" data-src=\"https:\/\/www.uoh.cl\/instituto-de-ciencias-de-la-educacion\/wp-content\/uploads\/sites\/13\/2026\/04\/Convivencia-escolar.jpg\" alt=\"Conflicto no es violencia: claves para abordar la convivencia escolar m\u00e1s all\u00e1 del castigo\" style=\"--smush-placeholder-width: 1201px; --smush-placeholder-aspect-ratio: 1201\/800;object-fit: cover; object-position: center;\" src=\"data:image\/svg+xml;base64,PHN2ZyB3aWR0aD0iMSIgaGVpZ2h0PSIxIiB4bWxucz0iaHR0cDovL3d3dy53My5vcmcvMjAwMC9zdmciPjwvc3ZnPg==\"><\/div><\/div><div class=\"caption py-3 caption__news py-md-3 pb-md-5\">\n                                    <span class=\"caption__date\">Jueves 16, Abril<\/span>\n                                     <a href=\"https:\/\/www.uoh.cl\/instituto-de-ciencias-de-la-educacion\/2026\/04\/16\/conflicto-no-es-violencia-claves-para-abordar-la-convivencia-escolar-mas-alla-del-castigo\/\">\n                                    <h3 class=\"small-space\">Conflicto no es violencia: claves para abordar la convivencia escolar m\u00e1s all\u00e1 del castigo<\/h3><\/a>\n\n                                    <p>Acad\u00e9mica advierte que centrarse solo en sanciones no resuelve la violencia en escuelas y plantea la urgencia de fortalecer enfoques formativos que promuevan el di\u00e1logo, la confianza y la convivencia democr\u00e1tica.<\/p>\n                                    <a class=\"link link--bold mt-md-3\" href=\"https:\/\/www.uoh.cl\/instituto-de-ciencias-de-la-educacion\/2026\/04\/16\/conflicto-no-es-violencia-claves-para-abordar-la-convivencia-escolar-mas-alla-del-castigo\/\">Saber m\u00e1s <span class=\"icon icon--inline icon--link\"><svg version=\"1.1\" xmlns=\"http:\/\/www.w3.org\/2000\/svg\" xmlns:xlink=\"http:\/\/www.w3.org\/1999\/xlink\" x=\"0px\" y=\"0px\" width=\"22px\"height=\"22px\" viewBox=\"0 0 22 22\" style=\"overflow:visible;enable-background:new 0 0 80 64.6;\" xml:space=\"preserve\"><g clip-path=\"url(#acA)\"><path fill-rule=\"evenodd\" d=\"M21.913 11.266a.93.93 0 000-.711c-.022-.056-.063-.097-.091-.144s-.053-.103-.097-.15L12.306.294c-.357-.379-.955-.394-1.334-.038s-.394.955-.038 1.334l7.917 8.374H.927a.95.95 0 00-.908.983.946.946 0 00.908.908h17.924l-8.089 8.552c-.357.379-.341.977.034 1.334s.977.341 1.334-.034l9.594-10.148c.044-.044.063-.1.097-.15.028-.047.069-.088.091-.141z\"\/><\/g><defs><clipPath id=\"acA\"><path fill=\"#fff\" d=\"M0 0h22v22H0z\"\/><\/clipPath><\/defs><\/svg><\/span><\/a><\/div><\/div><\/div><div class=\"  col-sm-6 col-md-4 img-article\">\n                                        <div class=\"content-news-display row m-0 p-0\"><div class=\"holder p-0 \"><div class=\"img-wrap img-wrap-news\">\n                                        <div class=\"caption__news-category\">\n                                        <a href=\"https:\/\/www.uoh.cl\/instituto-de-ciencias-de-la-educacion\/category\/cuech\/\">\n                                        CUECH<\/a><\/div><img decoding=\"async\" class=\"w-100 h-100 lazyload\" data-src=\"https:\/\/www.uoh.cl\/instituto-de-ciencias-de-la-educacion\/wp-content\/uploads\/sites\/13\/2026\/04\/DSC_2431-scaled.jpg\" alt=\"Universidades estatales sellan hoja de ruta 2030: Red Desarrollo Sustentable entra en fase de consolidaci\u00f3n\" style=\"--smush-placeholder-width: 2560px; --smush-placeholder-aspect-ratio: 2560\/1707;object-fit: cover; object-position: center;\" src=\"data:image\/svg+xml;base64,PHN2ZyB3aWR0aD0iMSIgaGVpZ2h0PSIxIiB4bWxucz0iaHR0cDovL3d3dy53My5vcmcvMjAwMC9zdmciPjwvc3ZnPg==\"><\/div><\/div><div class=\"caption py-3 caption__news py-md-3 pb-md-5\">\n                                    <span class=\"caption__date\">Mi\u00e9rcoles 15, Abril<\/span>\n                                     <a href=\"https:\/\/www.uoh.cl\/instituto-de-ciencias-de-la-educacion\/2026\/04\/15\/universidades-estatales-sellan-hoja-de-ruta-2030-red-desarrollo-sustentable-entra-en-fase-de-consolidacion\/\">\n                                    <h3 class=\"small-space\">Universidades estatales sellan hoja de ruta 2030: Red Desarrollo Sustentable entra en fase de consolidaci\u00f3n<\/h3><\/a>\n\n                                    <p>En el Plenario realizado en la Universidad de O'Higgins, los 18 planteles p\u00fablicos definieron sus metas estrat\u00e9gicas para el periodo 2026-2030. El plan priorizar\u00e1 la institucionalizaci\u00f3n de capacidades, un diplomado para organismos p\u00fablicos y la medici\u00f3n de la huella h\u00eddrica en los campus.<\/p>\n                                    <a class=\"link link--bold mt-md-3\" href=\"https:\/\/www.uoh.cl\/instituto-de-ciencias-de-la-educacion\/2026\/04\/15\/universidades-estatales-sellan-hoja-de-ruta-2030-red-desarrollo-sustentable-entra-en-fase-de-consolidacion\/\">Saber m\u00e1s <span class=\"icon icon--inline icon--link\"><svg version=\"1.1\" xmlns=\"http:\/\/www.w3.org\/2000\/svg\" xmlns:xlink=\"http:\/\/www.w3.org\/1999\/xlink\" x=\"0px\" y=\"0px\" width=\"22px\"height=\"22px\" viewBox=\"0 0 22 22\" style=\"overflow:visible;enable-background:new 0 0 80 64.6;\" xml:space=\"preserve\"><g clip-path=\"url(#acA)\"><path fill-rule=\"evenodd\" d=\"M21.913 11.266a.93.93 0 000-.711c-.022-.056-.063-.097-.091-.144s-.053-.103-.097-.15L12.306.294c-.357-.379-.955-.394-1.334-.038s-.394.955-.038 1.334l7.917 8.374H.927a.95.95 0 00-.908.983.946.946 0 00.908.908h17.924l-8.089 8.552c-.357.379-.341.977.034 1.334s.977.341 1.334-.034l9.594-10.148c.044-.044.063-.1.097-.15.028-.047.069-.088.091-.141z\"\/><\/g><defs><clipPath id=\"acA\"><path fill=\"#fff\" d=\"M0 0h22v22H0z\"\/><\/clipPath><\/defs><\/svg><\/span><\/a><\/div><\/div><\/div><div class=\"  col-sm-6 col-md-4 img-article\">\n                                        <div class=\"content-news-display row m-0 p-0\"><div class=\"holder p-0 \"><div class=\"img-wrap img-wrap-news\">\n                                        <div class=\"caption__news-category\">\n                                        <a href=\"https:\/\/www.uoh.cl\/instituto-de-ciencias-de-la-educacion\/category\/investigacion\/\">\n                                        Investigaci\u00f3n<\/a><\/div><img decoding=\"async\" class=\"w-100 h-100 lazyload\" data-src=\"https:\/\/www.uoh.cl\/instituto-de-ciencias-de-la-educacion\/wp-content\/uploads\/sites\/13\/2026\/04\/DSC_2212-scaled.jpg\" alt=\"UOH lanza serie audiovisual para visibilizar el aporte de sus investigadoras al desarrollo del territorio\" style=\"--smush-placeholder-width: 2560px; --smush-placeholder-aspect-ratio: 2560\/1440;object-fit: cover; object-position: center;\" src=\"data:image\/svg+xml;base64,PHN2ZyB3aWR0aD0iMSIgaGVpZ2h0PSIxIiB4bWxucz0iaHR0cDovL3d3dy53My5vcmcvMjAwMC9zdmciPjwvc3ZnPg==\"><\/div><\/div><div class=\"caption py-3 caption__news py-md-3 pb-md-5\">\n                                    <span class=\"caption__date\">Mi\u00e9rcoles 1, Abril<\/span>\n                                     <a href=\"https:\/\/www.uoh.cl\/instituto-de-ciencias-de-la-educacion\/2026\/04\/01\/uoh-lanza-serie-audiovisual-para-visibilizar-el-aporte-de-sus-investigadoras-al-desarrollo-del-territorio\/\">\n                                    <h3 class=\"small-space\">UOH lanza serie audiovisual para visibilizar el aporte de sus investigadoras al desarrollo del territorio<\/h3><\/a>\n\n                                    <p>La iniciativa, impulsada por el proyecto InES G\u00e9nero UOH, contempla cinco episodios que relevan las trayectorias y el impacto de mujeres en la investigaci\u00f3n, desarrollo, innovaci\u00f3n y emprendimiento.<\/p>\n                                    <a class=\"link link--bold mt-md-3\" href=\"https:\/\/www.uoh.cl\/instituto-de-ciencias-de-la-educacion\/2026\/04\/01\/uoh-lanza-serie-audiovisual-para-visibilizar-el-aporte-de-sus-investigadoras-al-desarrollo-del-territorio\/\">Saber m\u00e1s <span class=\"icon icon--inline icon--link\"><svg version=\"1.1\" xmlns=\"http:\/\/www.w3.org\/2000\/svg\" xmlns:xlink=\"http:\/\/www.w3.org\/1999\/xlink\" x=\"0px\" y=\"0px\" width=\"22px\"height=\"22px\" viewBox=\"0 0 22 22\" style=\"overflow:visible;enable-background:new 0 0 80 64.6;\" xml:space=\"preserve\"><g clip-path=\"url(#acA)\"><path fill-rule=\"evenodd\" d=\"M21.913 11.266a.93.93 0 000-.711c-.022-.056-.063-.097-.091-.144s-.053-.103-.097-.15L12.306.294c-.357-.379-.955-.394-1.334-.038s-.394.955-.038 1.334l7.917 8.374H.927a.95.95 0 00-.908.983.946.946 0 00.908.908h17.924l-8.089 8.552c-.357.379-.341.977.034 1.334s.977.341 1.334-.034l9.594-10.148c.044-.044.063-.1.097-.15.028-.047.069-.088.091-.141z\"\/><\/g><defs><clipPath id=\"acA\"><path fill=\"#fff\" d=\"M0 0h22v22H0z\"\/><\/clipPath><\/defs><\/svg><\/span><\/a><\/div><\/div><\/div><\/div><\/div><\/div><div class=\"pagination justify-content-center my-5\"><span aria-current=\"page\" class=\"page-numbers current\">1<\/span>\n<a class=\"page-numbers\" href=\"https:\/\/www.uoh.cl\/instituto-de-ciencias-de-la-educacion\/wp-json\/wp\/v2\/posts\/9190\/\/page\/2\">2<\/a>\n<a class=\"page-numbers\" href=\"https:\/\/www.uoh.cl\/instituto-de-ciencias-de-la-educacion\/wp-json\/wp\/v2\/posts\/9190\/\/page\/3\">3<\/a>\n<span class=\"page-numbers dots\">&hellip;<\/span>\n<a class=\"page-numbers\" href=\"https:\/\/www.uoh.cl\/instituto-de-ciencias-de-la-educacion\/wp-json\/wp\/v2\/posts\/9190\/\/page\/111\">111<\/a>\n<a class=\"next page-numbers\" href=\"https:\/\/www.uoh.cl\/instituto-de-ciencias-de-la-educacion\/wp-json\/wp\/v2\/posts\/9190\/\/page\/2\"><div class=\"icon-pagination-next\"> <?xml version=\"1.0\" ?><svg viewBox=\"0 0 96 96\" xmlns=\"http:\/\/www.w3.org\/2000\/svg\"><title\/><path d=\"M39.3756,48.0022l30.47-25.39a6.0035,6.0035,0,0,0-7.6878-9.223L26.1563,43.3906a6.0092,6.0092,0,0,0,0,9.2231L62.1578,82.615a6.0035,6.0035,0,0,0,7.6878-9.2231Z\"\/><\/svg> <\/div><\/a><\/div>[\/vc_column_inner][\/vc_row_inner][\/vc_column][\/vc_row][\/vc_section]<\/p>\n<\/div>","protected":false},"excerpt":{"rendered":"<p>En una ceremonia presidida por la Vicerrectora Paula Irles, se destac\u00f3 el rol fundamental que cumplen estas instancias en el desarrollo de la investigaci\u00f3n, la docencia y la vinculaci\u00f3n con el medio de la Universidad de O\u2019Higgins. <\/p>\n","protected":false},"author":34,"featured_media":9194,"comment_status":"open","ping_status":"open","sticky":false,"template":"","format":"standard","meta":{"_acf_changed":false,"footnotes":""},"categories":[94],"tags":[],"class_list":["post-9190","post","type-post","status-publish","format-standard","has-post-thumbnail","hentry","category-investigacion"],"acf":[],"yoast_head":"<!-- This site is optimized with the Yoast SEO plugin v26.6 - https:\/\/yoast.com\/wordpress\/plugins\/seo\/ -->\n<title>Vicerrector\u00eda de Investigaci\u00f3n y Postgrado entrega reconocimiento a comit\u00e9s institucionales UOH - Instituto de Ciencias de la Educaci\u00f3n<\/title>\n<meta name=\"description\" content=\"En una ceremonia presidida por la Vicerrectora Paula Irles, se destac\u00f3 el rol fundamental que cumplen estas instancias en el desarrollo de la investigaci\u00f3n, la docencia y la vinculaci\u00f3n con el medio de la Universidad de O\u2019Higgins.\" \/>\n<meta name=\"robots\" content=\"noindex, nofollow\" \/>\n<meta property=\"og:locale\" content=\"es_ES\" \/>\n<meta property=\"og:type\" content=\"article\" \/>\n<meta property=\"og:title\" content=\"Vicerrector\u00eda de Investigaci\u00f3n y Postgrado entrega reconocimiento a comit\u00e9s institucionales UOH - Instituto de Ciencias de la Educaci\u00f3n\" \/>\n<meta property=\"og:description\" content=\"En una ceremonia presidida por la Vicerrectora Paula Irles, se destac\u00f3 el rol fundamental que cumplen estas instancias en el desarrollo de la investigaci\u00f3n, la docencia y la vinculaci\u00f3n con el medio de la Universidad de O\u2019Higgins.\" \/>\n<meta property=\"og:url\" content=\"https:\/\/www.uoh.cl\/instituto-de-ciencias-de-la-educacion\/2025\/12\/23\/vicerrectoria-de-investigacion-y-postgrado-entrega-reconocimiento-a-comites-institucionales-uoh\/\" \/>\n<meta property=\"og:site_name\" content=\"Instituto de Ciencias de la Educaci\u00f3n\" \/>\n<meta property=\"article:published_time\" content=\"2025-12-23T13:28:14+00:00\" \/>\n<meta property=\"article:modified_time\" content=\"2025-12-23T14:32:10+00:00\" \/>\n<meta property=\"og:image\" content=\"https:\/\/www.uoh.cl\/instituto-de-ciencias-de-la-educacion\/wp-content\/uploads\/sites\/13\/2025\/12\/Ceremonia-VRIP-Reconocimiento-Labor-Academica-19-General.jpg\" \/>\n\t<meta property=\"og:image:width\" content=\"1500\" \/>\n\t<meta property=\"og:image:height\" content=\"1000\" \/>\n\t<meta property=\"og:image:type\" content=\"image\/jpeg\" \/>\n<meta name=\"author\" content=\"Universidad de O&#039;Higgins\" \/>\n<meta name=\"twitter:card\" content=\"summary_large_image\" \/>\n<meta name=\"twitter:label1\" content=\"Escrito por\" \/>\n\t<meta name=\"twitter:data1\" content=\"Universidad de O&#039;Higgins\" \/>\n\t<meta name=\"twitter:label2\" content=\"Tiempo estimado de lectura\" \/>\n\t<meta name=\"twitter:data2\" content=\"6 minutos\" \/>\n<script type=\"application\/ld+json\" class=\"yoast-schema-graph\">{\"@context\":\"https:\/\/schema.org\",\"@graph\":[{\"@type\":\"WebPage\",\"@id\":\"https:\/\/www.uoh.cl\/instituto-de-ciencias-de-la-educacion\/2025\/12\/23\/vicerrectoria-de-investigacion-y-postgrado-entrega-reconocimiento-a-comites-institucionales-uoh\/\",\"url\":\"https:\/\/www.uoh.cl\/instituto-de-ciencias-de-la-educacion\/2025\/12\/23\/vicerrectoria-de-investigacion-y-postgrado-entrega-reconocimiento-a-comites-institucionales-uoh\/\",\"name\":\"Vicerrector\u00eda de Investigaci\u00f3n y Postgrado entrega reconocimiento a comit\u00e9s institucionales UOH - Instituto de Ciencias de la Educaci\u00f3n\",\"isPartOf\":{\"@id\":\"https:\/\/www.uoh.cl\/instituto-de-ciencias-de-la-educacion\/#website\"},\"primaryImageOfPage\":{\"@id\":\"https:\/\/www.uoh.cl\/instituto-de-ciencias-de-la-educacion\/2025\/12\/23\/vicerrectoria-de-investigacion-y-postgrado-entrega-reconocimiento-a-comites-institucionales-uoh\/#primaryimage\"},\"image\":{\"@id\":\"https:\/\/www.uoh.cl\/instituto-de-ciencias-de-la-educacion\/2025\/12\/23\/vicerrectoria-de-investigacion-y-postgrado-entrega-reconocimiento-a-comites-institucionales-uoh\/#primaryimage\"},\"thumbnailUrl\":\"https:\/\/www.uoh.cl\/instituto-de-ciencias-de-la-educacion\/wp-content\/uploads\/sites\/13\/2025\/12\/Ceremonia-VRIP-Reconocimiento-Labor-Academica-19-General.jpg\",\"datePublished\":\"2025-12-23T13:28:14+00:00\",\"dateModified\":\"2025-12-23T14:32:10+00:00\",\"author\":{\"@id\":\"https:\/\/www.uoh.cl\/instituto-de-ciencias-de-la-educacion\/#\/schema\/person\/ea242e676c7d6d7e46fc8b9e39486c4f\"},\"description\":\"En una ceremonia presidida por la Vicerrectora Paula Irles, se destac\u00f3 el rol fundamental que cumplen estas instancias en el desarrollo de la investigaci\u00f3n, la docencia y la vinculaci\u00f3n con el medio de la Universidad de O\u2019Higgins.\",\"inLanguage\":\"es-CL\",\"potentialAction\":[{\"@type\":\"ReadAction\",\"target\":[\"https:\/\/www.uoh.cl\/instituto-de-ciencias-de-la-educacion\/2025\/12\/23\/vicerrectoria-de-investigacion-y-postgrado-entrega-reconocimiento-a-comites-institucionales-uoh\/\"]}]},{\"@type\":\"ImageObject\",\"inLanguage\":\"es-CL\",\"@id\":\"https:\/\/www.uoh.cl\/instituto-de-ciencias-de-la-educacion\/2025\/12\/23\/vicerrectoria-de-investigacion-y-postgrado-entrega-reconocimiento-a-comites-institucionales-uoh\/#primaryimage\",\"url\":\"https:\/\/www.uoh.cl\/instituto-de-ciencias-de-la-educacion\/wp-content\/uploads\/sites\/13\/2025\/12\/Ceremonia-VRIP-Reconocimiento-Labor-Academica-19-General.jpg\",\"contentUrl\":\"https:\/\/www.uoh.cl\/instituto-de-ciencias-de-la-educacion\/wp-content\/uploads\/sites\/13\/2025\/12\/Ceremonia-VRIP-Reconocimiento-Labor-Academica-19-General.jpg\",\"width\":1500,\"height\":1000},{\"@type\":\"WebSite\",\"@id\":\"https:\/\/www.uoh.cl\/instituto-de-ciencias-de-la-educacion\/#website\",\"url\":\"https:\/\/www.uoh.cl\/instituto-de-ciencias-de-la-educacion\/\",\"name\":\"Instituto de Ciencias de la Educaci\u00f3n\",\"description\":\"Otro sitio de Sitios de Universidad O&#039;higgins\",\"potentialAction\":[{\"@type\":\"SearchAction\",\"target\":{\"@type\":\"EntryPoint\",\"urlTemplate\":\"https:\/\/www.uoh.cl\/instituto-de-ciencias-de-la-educacion\/?s={search_term_string}\"},\"query-input\":{\"@type\":\"PropertyValueSpecification\",\"valueRequired\":true,\"valueName\":\"search_term_string\"}}],\"inLanguage\":\"es-CL\"},{\"@type\":\"Person\",\"@id\":\"https:\/\/www.uoh.cl\/instituto-de-ciencias-de-la-educacion\/#\/schema\/person\/ea242e676c7d6d7e46fc8b9e39486c4f\",\"name\":\"Universidad de O'Higgins\",\"image\":{\"@type\":\"ImageObject\",\"inLanguage\":\"es-CL\",\"@id\":\"https:\/\/www.uoh.cl\/instituto-de-ciencias-de-la-educacion\/#\/schema\/person\/image\/\",\"url\":\"https:\/\/secure.gravatar.com\/avatar\/78fcb76ca05efae11fd355943c01a832a29786cc00d85b1a82c301bea2b2a214?s=96&d=mm&r=g\",\"contentUrl\":\"https:\/\/secure.gravatar.com\/avatar\/78fcb76ca05efae11fd355943c01a832a29786cc00d85b1a82c301bea2b2a214?s=96&d=mm&r=g\",\"caption\":\"Universidad de O'Higgins\"}}]}<\/script>\n<!-- \/ Yoast SEO plugin. -->","yoast_head_json":{"title":"Vicerrector\u00eda de Investigaci\u00f3n y Postgrado entrega reconocimiento a comit\u00e9s institucionales UOH - Instituto de Ciencias de la Educaci\u00f3n","description":"En una ceremonia presidida por la Vicerrectora Paula Irles, se destac\u00f3 el rol fundamental que cumplen estas instancias en el desarrollo de la investigaci\u00f3n, la docencia y la vinculaci\u00f3n con el medio de la Universidad de O\u2019Higgins.","robots":{"index":"noindex","follow":"nofollow"},"og_locale":"es_ES","og_type":"article","og_title":"Vicerrector\u00eda de Investigaci\u00f3n y Postgrado entrega reconocimiento a comit\u00e9s institucionales UOH - Instituto de Ciencias de la Educaci\u00f3n","og_description":"En una ceremonia presidida por la Vicerrectora Paula Irles, se destac\u00f3 el rol fundamental que cumplen estas instancias en el desarrollo de la investigaci\u00f3n, la docencia y la vinculaci\u00f3n con el medio de la Universidad de O\u2019Higgins.","og_url":"https:\/\/www.uoh.cl\/instituto-de-ciencias-de-la-educacion\/2025\/12\/23\/vicerrectoria-de-investigacion-y-postgrado-entrega-reconocimiento-a-comites-institucionales-uoh\/","og_site_name":"Instituto de Ciencias de la Educaci\u00f3n","article_published_time":"2025-12-23T13:28:14+00:00","article_modified_time":"2025-12-23T14:32:10+00:00","og_image":[{"width":1500,"height":1000,"url":"https:\/\/www.uoh.cl\/instituto-de-ciencias-de-la-educacion\/wp-content\/uploads\/sites\/13\/2025\/12\/Ceremonia-VRIP-Reconocimiento-Labor-Academica-19-General.jpg","type":"image\/jpeg"}],"author":"Universidad de O'Higgins","twitter_card":"summary_large_image","twitter_misc":{"Escrito por":"Universidad de O'Higgins","Tiempo estimado de lectura":"6 minutos"},"schema":{"@context":"https:\/\/schema.org","@graph":[{"@type":"WebPage","@id":"https:\/\/www.uoh.cl\/instituto-de-ciencias-de-la-educacion\/2025\/12\/23\/vicerrectoria-de-investigacion-y-postgrado-entrega-reconocimiento-a-comites-institucionales-uoh\/","url":"https:\/\/www.uoh.cl\/instituto-de-ciencias-de-la-educacion\/2025\/12\/23\/vicerrectoria-de-investigacion-y-postgrado-entrega-reconocimiento-a-comites-institucionales-uoh\/","name":"Vicerrector\u00eda de Investigaci\u00f3n y Postgrado entrega reconocimiento a comit\u00e9s institucionales UOH - Instituto de Ciencias de la Educaci\u00f3n","isPartOf":{"@id":"https:\/\/www.uoh.cl\/instituto-de-ciencias-de-la-educacion\/#website"},"primaryImageOfPage":{"@id":"https:\/\/www.uoh.cl\/instituto-de-ciencias-de-la-educacion\/2025\/12\/23\/vicerrectoria-de-investigacion-y-postgrado-entrega-reconocimiento-a-comites-institucionales-uoh\/#primaryimage"},"image":{"@id":"https:\/\/www.uoh.cl\/instituto-de-ciencias-de-la-educacion\/2025\/12\/23\/vicerrectoria-de-investigacion-y-postgrado-entrega-reconocimiento-a-comites-institucionales-uoh\/#primaryimage"},"thumbnailUrl":"https:\/\/www.uoh.cl\/instituto-de-ciencias-de-la-educacion\/wp-content\/uploads\/sites\/13\/2025\/12\/Ceremonia-VRIP-Reconocimiento-Labor-Academica-19-General.jpg","datePublished":"2025-12-23T13:28:14+00:00","dateModified":"2025-12-23T14:32:10+00:00","author":{"@id":"https:\/\/www.uoh.cl\/instituto-de-ciencias-de-la-educacion\/#\/schema\/person\/ea242e676c7d6d7e46fc8b9e39486c4f"},"description":"En una ceremonia presidida por la Vicerrectora Paula Irles, se destac\u00f3 el rol fundamental que cumplen estas instancias en el desarrollo de la investigaci\u00f3n, la docencia y la vinculaci\u00f3n con el medio de la Universidad de O\u2019Higgins.","inLanguage":"es-CL","potentialAction":[{"@type":"ReadAction","target":["https:\/\/www.uoh.cl\/instituto-de-ciencias-de-la-educacion\/2025\/12\/23\/vicerrectoria-de-investigacion-y-postgrado-entrega-reconocimiento-a-comites-institucionales-uoh\/"]}]},{"@type":"ImageObject","inLanguage":"es-CL","@id":"https:\/\/www.uoh.cl\/instituto-de-ciencias-de-la-educacion\/2025\/12\/23\/vicerrectoria-de-investigacion-y-postgrado-entrega-reconocimiento-a-comites-institucionales-uoh\/#primaryimage","url":"https:\/\/www.uoh.cl\/instituto-de-ciencias-de-la-educacion\/wp-content\/uploads\/sites\/13\/2025\/12\/Ceremonia-VRIP-Reconocimiento-Labor-Academica-19-General.jpg","contentUrl":"https:\/\/www.uoh.cl\/instituto-de-ciencias-de-la-educacion\/wp-content\/uploads\/sites\/13\/2025\/12\/Ceremonia-VRIP-Reconocimiento-Labor-Academica-19-General.jpg","width":1500,"height":1000},{"@type":"WebSite","@id":"https:\/\/www.uoh.cl\/instituto-de-ciencias-de-la-educacion\/#website","url":"https:\/\/www.uoh.cl\/instituto-de-ciencias-de-la-educacion\/","name":"Instituto de Ciencias de la Educaci\u00f3n","description":"Otro sitio de Sitios de Universidad O&#039;higgins","potentialAction":[{"@type":"SearchAction","target":{"@type":"EntryPoint","urlTemplate":"https:\/\/www.uoh.cl\/instituto-de-ciencias-de-la-educacion\/?s={search_term_string}"},"query-input":{"@type":"PropertyValueSpecification","valueRequired":true,"valueName":"search_term_string"}}],"inLanguage":"es-CL"},{"@type":"Person","@id":"https:\/\/www.uoh.cl\/instituto-de-ciencias-de-la-educacion\/#\/schema\/person\/ea242e676c7d6d7e46fc8b9e39486c4f","name":"Universidad de O'Higgins","image":{"@type":"ImageObject","inLanguage":"es-CL","@id":"https:\/\/www.uoh.cl\/instituto-de-ciencias-de-la-educacion\/#\/schema\/person\/image\/","url":"https:\/\/secure.gravatar.com\/avatar\/78fcb76ca05efae11fd355943c01a832a29786cc00d85b1a82c301bea2b2a214?s=96&d=mm&r=g","contentUrl":"https:\/\/secure.gravatar.com\/avatar\/78fcb76ca05efae11fd355943c01a832a29786cc00d85b1a82c301bea2b2a214?s=96&d=mm&r=g","caption":"Universidad de O'Higgins"}}]}},"_links":{"self":[{"href":"https:\/\/www.uoh.cl\/instituto-de-ciencias-de-la-educacion\/wp-json\/wp\/v2\/posts\/9190","targetHints":{"allow":["GET"]}}],"collection":[{"href":"https:\/\/www.uoh.cl\/instituto-de-ciencias-de-la-educacion\/wp-json\/wp\/v2\/posts"}],"about":[{"href":"https:\/\/www.uoh.cl\/instituto-de-ciencias-de-la-educacion\/wp-json\/wp\/v2\/types\/post"}],"author":[{"embeddable":true,"href":"https:\/\/www.uoh.cl\/instituto-de-ciencias-de-la-educacion\/wp-json\/wp\/v2\/users\/34"}],"replies":[{"embeddable":true,"href":"https:\/\/www.uoh.cl\/instituto-de-ciencias-de-la-educacion\/wp-json\/wp\/v2\/comments?post=9190"}],"version-history":[{"count":1,"href":"https:\/\/www.uoh.cl\/instituto-de-ciencias-de-la-educacion\/wp-json\/wp\/v2\/posts\/9190\/revisions"}],"predecessor-version":[{"id":9192,"href":"https:\/\/www.uoh.cl\/instituto-de-ciencias-de-la-educacion\/wp-json\/wp\/v2\/posts\/9190\/revisions\/9192"}],"wp:featuredmedia":[{"embeddable":true,"href":"https:\/\/www.uoh.cl\/instituto-de-ciencias-de-la-educacion\/wp-json\/wp\/v2\/media\/9194"}],"wp:attachment":[{"href":"https:\/\/www.uoh.cl\/instituto-de-ciencias-de-la-educacion\/wp-json\/wp\/v2\/media?parent=9190"}],"wp:term":[{"taxonomy":"category","embeddable":true,"href":"https:\/\/www.uoh.cl\/instituto-de-ciencias-de-la-educacion\/wp-json\/wp\/v2\/categories?post=9190"},{"taxonomy":"post_tag","embeddable":true,"href":"https:\/\/www.uoh.cl\/instituto-de-ciencias-de-la-educacion\/wp-json\/wp\/v2\/tags?post=9190"}],"curies":[{"name":"wp","href":"https:\/\/api.w.org\/{rel}","templated":true}]}}