
{"id":9084,"date":"2025-10-14T10:26:06","date_gmt":"2025-10-14T13:26:06","guid":{"rendered":"https:\/\/www.uoh.cl\/instituto-de-ciencias-de-la-educacion\/2025\/10\/14\/cuadernos-chilenos-de-historia-de-la-educacion-trayectoria-e-hitos-de-la-primera-revista-academica-de-la-uoh\/"},"modified":"2025-10-14T10:26:06","modified_gmt":"2025-10-14T13:26:06","slug":"cuadernos-chilenos-de-historia-de-la-educacion-trayectoria-e-hitos-de-la-primera-revista-academica-de-la-uoh","status":"publish","type":"post","link":"https:\/\/www.uoh.cl\/instituto-de-ciencias-de-la-educacion\/2025\/10\/14\/cuadernos-chilenos-de-historia-de-la-educacion-trayectoria-e-hitos-de-la-primera-revista-academica-de-la-uoh\/","title":{"rendered":"Cuadernos Chilenos de Historia de la Educaci\u00f3n: trayectoria e hitos de la primera revista acad\u00e9mica de la UOH"},"content":{"rendered":"<div class=\"wpb-content-wrapper\"><p>[vc_section el_class=&#8221;container mx-auto align-items-center circle&#8211;pattern&#8221; css=&#8221;.vc_custom_1648956589196{padding-top: 3rem !important;}&#8221;][vc_row][vc_column]<div class=\"breadcrumb\"><ol itemscope itemtype=\"https:\/\/schema.org\/BreadcrumbList\"><li itemprop=\"itemListElement\" itemscope itemtype=\"https:\/\/schema.org\/ListItem\"><a itemprop=\"item\" href=\"http:\/\/www.uoh.cl\"><span itemprop=\"name\">Inicio<\/span><\/a><meta itemprop=\"position\" content=\"1\" \/><li itemprop=\"itemListElement\" itemscope itemtype=\"https:\/\/schema.org\/ListItem\"><a itemprop=\"item\" href=\"https:\/\/www.uoh.cl\/instituto-de-ciencias-de-la-educacion\"><span itemprop=\"name\">Instituto de Ciencias de la Educaci\u00f3n<\/span><\/a><meta itemprop=\"position\" content=\"2\" \/><li itemprop=\"itemListElement\" itemscope itemtype=\"https:\/\/schema.org\/ListItem\"><a itemprop=\"item\" href=\"https:\/\/www.uoh.cl\/instituto-de-ciencias-de-la-educacion\/noticias\/\"><span itemprop=\"name\">Noticias<\/span><\/a><meta itemprop=\"position\" content=\"3\" \/><li itemprop=\"itemListElement\" itemscope itemtype=\"https:\/\/schema.org\/ListItem\"><span itemprop=\"name\">Cuadernos Chilenos de Historia de la Educaci\u00f3n: trayectoria e hitos <\/span><meta itemprop=\"position\" content=\"4\" \/><\/ol><\/div><ul class=\"p-0 list-style-none d-inline-block\"><li class=\"p-0\"><a href=https:\/\/www.uoh.cl\/instituto-de-ciencias-de-la-educacion\/category\/educacion\/ class=\"px-1 py-2\">Educaci\u00f3n<\/a><\/li><\/ul><div class=\"date_publish_post\"> \u25cf Mar 14 de Octubre 2025<\/div><div class=\"uoh_title_component-container\"><h1 class=\"title title--ms d-inline-block title--decorator  big\">Cuadernos Chilenos de Historia de la Educaci\u00f3n: trayectoria e hitos de la primera revista acad\u00e9mica de la UOH<\/h1><\/div>[vc_row_inner el_class=&#8221;border-separator m-0&#8243;][vc_column_inner width=&#8221;2\/3&#8243;]<div class=\"author_wp_class\"> Escrito por <span>Universidad de O'Higgins<\/span><\/div>[\/vc_column_inner][vc_column_inner el_class=&#8221;align-items-end-publish&#8221; width=&#8221;1\/3&#8243;]<div class=\"uoh_social_network_component uoh_row col-12 justify-content-end m-0 p-0\"> <div class=\"icon__facebook-share-button\">\n                       <a href=\"https:\/\/www.facebook.com\/sharer\/sharer.php?u=https:\/\/www.uoh.cl\/instituto-de-ciencias-de-la-educacion\/2025\/10\/14\/cuadernos-chilenos-de-historia-de-la-educacion-trayectoria-e-hitos-de-la-primera-revista-academica-de-la-uoh\/\" target=\"_blank\"> <div class=\"icon__facebook-svg\"><svg version=\"1.1\" xmlns=\"http:\/\/www.w3.org\/2000\/svg\" xmlns:xlink=\"http:\/\/www.w3.org\/1999\/xlink\" x=\"0px\" y=\"0px\" width=\"22.4px\" height=\"48.3px\" viewBox=\"0 0 22.4 48.3\" style=\"overflow:visible;enable-background:new 0 0 22.4 48.3;\" xml:space=\"preserve\">\n                <defs>\n                <\/defs>\n                <path class=\"st0\" d=\"M22.4,15.6h-7.6v-5c0-1.9,1.2-2.3,2.1-2.3c0.9,0,5.4,0,5.4,0V0l-7.4,0C6.6,0,4.8,6.2,4.8,10.1v5.5H0v8.5h4.8\n                    c0,10.9,0,24.1,0,24.1h10c0,0,0-13.3,0-24.1h6.8L22.4,15.6z\"><\/path>\n                <\/svg><\/a><\/div>\n                    <\/div><div class=\"icon__twitter-share-button\">\n                        <div class=\"icon__twitter-svg\"><a target=\"_blank\" href=\"http:\/\/twitter.com\/share?url=https:\/\/www.uoh.cl\/instituto-de-ciencias-de-la-educacion\/2025\/10\/14\/cuadernos-chilenos-de-historia-de-la-educacion-trayectoria-e-hitos-de-la-primera-revista-academica-de-la-uoh\/\"><svg xmlns=\"http:\/\/www.w3.org\/2000\/svg\" height=\"1em\" viewBox=\"0 0 512 512\"><!--! Font Awesome Free 6.4.2 by @fontawesome - https:\/\/fontawesome.com License - https:\/\/fontawesome.com\/license (Commercial License) Copyright 2023 Fonticons, Inc. --><path d=\"M389.2 48h70.6L305.6 224.2 487 464H345L233.7 318.6 106.5 464H35.8L200.7 275.5 26.8 48H172.4L272.9 180.9 389.2 48zM364.4 421.8h39.1L151.1 88h-42L364.4 421.8z\"\/><\/svg><\/a><\/div>\n                        <\/div><div class=\"icon__linkedin-share-button\">\n                        <div class=\"icon__linkedin-svg\">\n                        <a target=\"__blank\" href=\"https:\/\/www.linkedin.com\/sharing\/share-offsite\/?url=https:\/\/www.uoh.cl\/instituto-de-ciencias-de-la-educacion\/2025\/10\/14\/cuadernos-chilenos-de-historia-de-la-educacion-trayectoria-e-hitos-de-la-primera-revista-academica-de-la-uoh\/\"><svg enable-background=\"new 0 0 100 100\" height=\"100px\" id=\"Layer_1\" version=\"1.1\" viewBox=\"0 0 100 100\" width=\"100px\" xml:space=\"preserve\" xmlns=\"http:\/\/www.w3.org\/2000\/svg\" xmlns:xlink=\"http:\/\/www.w3.org\/1999\/xlink\"><g><circle cx=\"50\" cy=\"50\" fill=\"#ccc\" r=\"45\"\/><g id=\"LinkedIn_1_\"><rect fill=\"#FFFFFF\" height=\"24.361\" width=\"7.69\" x=\"31.271\" y=\"43.569\"\/><path d=\"M59.968,43.334c-4.406,0-7.165,2.387-7.677,4.058v-3.823h-8.636c0.109,2.03,0,24.361,0,24.361h8.636    V54.748c0-0.733-0.034-1.465,0.19-1.991c0.594-1.464,1.869-2.985,4.162-2.985c2.998,0,4.361,2.253,4.361,5.552V67.93h8.721V54.384    C69.726,46.839,65.432,43.334,59.968,43.334z\" fill=\"#FFFFFF\"\/><path d=\"M34.973,32.069c-2.839,0-4.696,1.823-4.696,4.229c0,2.361,1.804,4.224,4.589,4.224h0.054    c2.891,0,4.69-1.869,4.69-4.229C39.555,33.888,37.81,32.069,34.973,32.069z\" fill=\"#FFFFFF\"\/><\/g><\/g><\/svg><\/a><\/div>\n\n            <\/div><\/div>[\/vc_column_inner][\/vc_row_inner][vc_single_image image=&#8221;60260&#8243; img_size=&#8221;1500&#215;1000&#8243; add_caption=&#8221;yes&#8221; alignment=&#8221;center&#8221; onclick=&#8221;img_link_large&#8221; css=&#8221;&#8221;][vc_column_text]\u00a0[\/vc_column_text][vc_column_text css=&#8221;&#8221;]<\/p>\n<ul>\n<li><em>Desde abril de 2025, la revista forma parte de tres prestigiosos cat\u00e1logos internacionales. <\/em><\/li>\n<\/ul>\n<p>[\/vc_column_text][vc_column_text]\u00a0[\/vc_column_text][vc_column_text css=&#8221;&#8221;]El 2025 es el a\u00f1o de la consolidaci\u00f3n para la revista <a href=\"https:\/\/historiadelaeducacion.cl\/index.php\/home\"><em>Cuadernos Chilenos de Historia de la Educaci\u00f3n<\/em><\/a>. Desde abril, y en apenas cinco meses, ha sido aceptada en tres importantes bases de datos de alcance internacional.<\/p>\n<p>Pero esta revista digital, de acceso universal, gratuito y abierto, tiene una trayectoria de 12 a\u00f1os durante los cuales se ha consolidado como un espacio clave para la investigaci\u00f3n en temas educacionales, tanto a nivel nacional como latinoamericano, con una propuesta que combina la rigurosidad hist\u00f3rica y mirada regional.<\/p>\n<p>Su contenido es amplio y diverso, organizado en distintas secciones que permiten difundir aportes historiogr\u00e1ficos, documentales y reflexivos. Todas las colaboraciones presentan material in\u00e9dito de investigadoras e investigadores, as\u00ed como de estudiantes de pre y postgrado, que giran en torno a la historia de la educaci\u00f3n, la escuela, la docencia, la memoria y la pedagog\u00eda.<\/p>\n<h4><strong>Primer gran hito: de la autogesti\u00f3n a la institucionalizaci\u00f3n<\/strong><\/h4>\n<p>Su historia se remonta a 2013, cuando dos j\u00f3venes historiadoras, Camila P\u00e9rez Navarro y Camila Silva Salinas, iniciaron este proyecto de manera independiente, con el objetivo de difundir investigaciones sobre historia de la educaci\u00f3n, memoria, escuela, pedagog\u00eda y docencia en Chile y Latinoam\u00e9rica.<\/p>\n<p>Durante sus primeros a\u00f1os, la revista funcion\u00f3 sin respaldo institucional, pero con el compromiso sostenido de sus fundadoras y sus colaboradoras\/es. En 2020, Camila P\u00e9rez se incorpor\u00f3 como acad\u00e9mica del Instituto de Ciencias de la Educaci\u00f3n de la UOH (ICEd), desde donde promovi\u00f3 la idea de que esta publicaci\u00f3n pasara a formar parte de la Universidad de O\u2019Higgins.<\/p>\n<p>Para Miguel Ramos, actual director y editor en jefe de CCHE, este \u201cfue un acto de gran generosidad por parte de Camila, que permit\u00eda -adem\u00e1s- fortalecer la revista, institucionaliz\u00e1ndola y d\u00e1ndole una proyecci\u00f3n de largo plazo\u201d. Ramos explica que \u201ceste proceso de transici\u00f3n se inici\u00f3 a fines de 2021 y continu\u00f3 durante 2022. La revista form\u00f3 parte del plan estrat\u00e9gico del Instituto de Ciencias de la Educaci\u00f3n, desde donde se apoy\u00f3, junto a la rector\u00eda de aquella \u00e9poca, la publicaci\u00f3n de n\u00fameros en esta primera etapa\u201d.<\/p>\n<p>El acad\u00e9mico, que colabor\u00f3 con el desarrollo de la revista en este periodo, agrega que \u201ctodo este trabajo de traspaso formal incluy\u00f3 la redacci\u00f3n de sus estatutos, donde se definen, entre otras cosas, los principios que gu\u00edan nuestro quehacer, sus pol\u00edticas, procesos administrativos y de publicaci\u00f3n, la estructura del equipo de gesti\u00f3n y editorial de la revista, as\u00ed como sus funciones\u201d.<\/p>\n<p>Finalmente, el traspaso de la revista a la Vicerrector\u00eda de Investigaci\u00f3n y Postgrado se formaliz\u00f3 en una ceremonia encabezada por la Rectora Fernanda Kri Amar, quien apoy\u00f3 desde un comienzo esta iniciativa, junto a la Vicerrectora Paula Irles, y otras autoridades, en el auditorio del Campus Rancagua, el 20 de diciembre de 2023. Hasta ese a\u00f1o, se hab\u00edan publicado 18 n\u00fameros y m\u00e1s de 200 trabajos de autoras y autores provenientes de diversos pa\u00edses, entre ellos, Chile, Argentina, Brasil, M\u00e9xico, Colombia y Uruguay.[\/vc_column_text][vc_zigzag color=&#8221;white&#8221;][vc_row_inner][vc_column_inner width=&#8221;1\/2&#8243;][vc_single_image image=&#8221;60261&#8243; img_size=&#8221;700&#215;450&#8243; onclick=&#8221;link_image&#8221; css=&#8221;&#8221;][\/vc_column_inner][vc_column_inner width=&#8221;1\/2&#8243;][vc_single_image image=&#8221;60262&#8243; img_size=&#8221;700&#215;450&#8243; onclick=&#8221;link_image&#8221; css=&#8221;&#8221;][\/vc_column_inner][\/vc_row_inner][vc_zigzag color=&#8221;white&#8221;][vc_column_text css=&#8221;&#8221;]<\/p>\n<h4><strong>Segundo gran hito: el camino hacia la indexaci\u00f3n<\/strong><\/h4>\n<p>Su incorporaci\u00f3n formal a la UOH le ha permitido fortalecer su estructura editorial y, desde ah\u00ed, avanzar de manera sostenida hacia el cumplimiento, cada vez m\u00e1s elevado, de est\u00e1ndares internacionales.<\/p>\n<p>La Vicerrectora de Investigaci\u00f3n y Postgrado, Paula Irles, se\u00f1ala que dentro de los objetivos trazados \u201cse encontraba alcanzar su indexaci\u00f3n en cat\u00e1logos; aspecto clave para dar mayor visibilidad a la investigaci\u00f3n que se produce en la Universidad y en el pa\u00eds\u201d. En este sentido, explica que \u201cpara lograr estos objetivos, justamente el traspaso de la revista a la UOH permiti\u00f3 incorporarnos desde un inicio a la Red de Revistas Cient\u00edficas del CUECH-RED22994, la que -con recursos destinados para este fin- ha apoyado la actualizaci\u00f3n de la plataforma de gesti\u00f3n de la revista, capacitaciones y asesor\u00edas personalizadas que buscan cumplir con las exigencias y requisitos que requieren los diferentes cat\u00e1logos de indexaci\u00f3n\u201d, explica.<\/p>\n<p>En este sentido, la Vicerrectora Irles destaca el trabajo desarrollado hasta ahora. \u201cReconozco el gran compromiso por parte del equipo de gesti\u00f3n de la revista, de la VRIP y de la Unidad de Bibliotecas, liderada por Bernardo Rojas, para avanzar con paso decidido en el logro de los objetivos propuestos\u201d, afirma.<\/p>\n<p>En 2025, tras un intenso trabajo editorial, t\u00e9cnico y formativo, la revista alcanz\u00f3 un nuevo hito: su incorporaci\u00f3n en tres reconocidos cat\u00e1logos internacionales de acceso abierto.<\/p>\n<ul>\n<li><strong>Latindex<\/strong>: sistema regional de informaci\u00f3n en l\u00ednea para revistas cient\u00edficas de Iberoam\u00e9rica.<\/li>\n<li><strong>DOAJ<\/strong> (<em>Directory of Open Access Journals<\/em>): directorio global de revistas de acceso abierto.<\/li>\n<li><strong>ERIH PLUS<\/strong> (<em>European Reference Index for the Humanities and the Social Sciences<\/em>): referencia clave para las ciencias sociales y humanidades en Europa, equivalente a Scopus en el \u00e1rea de historia.<\/li>\n<\/ul>\n<p>Para Miguel Ramos, estos logros dan cuenta \u201cde\u00a0los est\u00e1ndares de calidad y transparencia en los procesos editoriales y de gesti\u00f3n de la revista; adem\u00e1s, de la constancia de esta propuesta editorial\u201d. Adem\u00e1s, se\u00f1ala que \u201cel ingreso a estos cat\u00e1logos es sumamente importante, ya que nos permite acceder a espacios que posibilitan mayores niveles de cobertura, difusi\u00f3n y potencial impacto en la comunidad acad\u00e9mica\u201d.<\/p>\n<p>Asimismo, agrega que \u201ces un reconocimiento al trabajo realizado por el equipo editorial, el comit\u00e9 cient\u00edfico, pares evaluadoras y evaluadores, junto con el apoyo institucional de la UOH, a trav\u00e9s de la Vicerrector\u00eda y la Unidad de Bibliotecas. Esto nos anima a continuar mejorando lo realizado, para avanzar hacia nuevos hitos de consolidaci\u00f3n, que nos hemos planteado como metas de desarrollo\u201d.<\/p>\n<h4><strong>Nuevas metas y desaf\u00edos<\/strong><\/h4>\n<p>El ingreso a Latindex, DOAJ y ERIH PLUS consolida a <em>Cuadernos Chilenos de Historia de la Educaci\u00f3n<\/em> como la primera revista indexada de acceso abierto de la UOH. Sin embargo, su horizonte es a\u00fan m\u00e1s ambicioso, ya que se proyecta para postular a reconocidas plataformas como SciELO, Scopus y Web of Science.<\/p>\n<p>\u201cTodo esto da cuenta del compromiso institucional por impulsar investigaci\u00f3n de calidad, con pertinencia regional y proyecci\u00f3n internacional. Queremos que la revista sea una ventana desde la UOH hacia el mundo acad\u00e9mico\u201d, afirma Paula Irles.<\/p>\n<p>Entre las pr\u00f3ximas actividades, destaca la reactivaci\u00f3n y difusi\u00f3n del n\u00famero 17, un <em>dossier<\/em> dedicado a Gabriela Mistral, publicado en 2023, y que formar\u00e1 parte de las iniciativas contempladas para conmemorar los 80 a\u00f1os del Premio Nobel de Literatura en la Universidad de O\u2019Higgins.<\/p>\n<p>De esta forma, <em>Cuadernos Chilenos de Historia de la Educaci\u00f3n<\/em> encarna tambi\u00e9n el esp\u00edritu de la UOH: construir conocimiento con ra\u00edces locales, impacto global y acceso abierto para toda la comunidad.<\/p>\n<p>[\/vc_column_text][vc_zigzag color=&#8221;white&#8221;][vc_single_image image=&#8221;60265&#8243; img_size=&#8221;full&#8221; alignment=&#8221;center&#8221; onclick=&#8221;link_image&#8221; css=&#8221;&#8221;][\/vc_column][\/vc_row][\/vc_section][vc_section css=&#8221;.vc_custom_1650255686594{background-color: #f6faff !important;}&#8221; el_class=&#8221;p-md-0 pt-md-5&#8243;][vc_row el_class=&#8221;container mx-auto align-items-center p-md-0 pt-5 pb-5&#8243;][vc_column el_class=&#8221;pb-5&#8243;][vc_row_inner el_class=&#8221;pb-5&#8243;][vc_column_inner]<div class=\"row m-0 p-0\"><div class=\"col-12 col-md-9 pt-5 pt-md-0\"><h2 class=\"title title--decorator title--ms d-inline-block\">Te Recomendamos<\/h2><\/div><\/div><div class=\"content-holder\"><div class=\"row  swipper-news-list not--activate-hack \"><div class=\"row -wrapper\"><div class=\"  col-sm-6 col-md-4 img-article\">\n                                        <div class=\"content-news-display row m-0 p-0\"><div class=\"holder p-0 \"><div class=\"img-wrap img-wrap-news\">\n                                        <div class=\"caption__news-category\">\n                                        <a href=\"https:\/\/www.uoh.cl\/instituto-de-ciencias-de-la-educacion\/category\/educacion\/\">\n                                        Educaci\u00f3n<\/a><\/div><img decoding=\"async\" class=\"w-100 h-100 lazyload\" data-src=\"https:\/\/www.uoh.cl\/instituto-de-ciencias-de-la-educacion\/wp-content\/uploads\/sites\/13\/2026\/04\/Convivencia-escolar.jpg\" alt=\"Conflicto no es violencia: claves para abordar la convivencia escolar m\u00e1s all\u00e1 del castigo\" style=\"--smush-placeholder-width: 1201px; --smush-placeholder-aspect-ratio: 1201\/800;object-fit: cover; object-position: center;\" src=\"data:image\/svg+xml;base64,PHN2ZyB3aWR0aD0iMSIgaGVpZ2h0PSIxIiB4bWxucz0iaHR0cDovL3d3dy53My5vcmcvMjAwMC9zdmciPjwvc3ZnPg==\"><\/div><\/div><div class=\"caption py-3 caption__news py-md-3 pb-md-5\">\n                                    <span class=\"caption__date\">Jueves 16, Abril<\/span>\n                                     <a href=\"https:\/\/www.uoh.cl\/instituto-de-ciencias-de-la-educacion\/2026\/04\/16\/conflicto-no-es-violencia-claves-para-abordar-la-convivencia-escolar-mas-alla-del-castigo\/\">\n                                    <h3 class=\"small-space\">Conflicto no es violencia: claves para abordar la convivencia escolar m\u00e1s all\u00e1 del castigo<\/h3><\/a>\n\n                                    <p>Acad\u00e9mica advierte que centrarse solo en sanciones no resuelve la violencia en escuelas y plantea la urgencia de fortalecer enfoques formativos que promuevan el di\u00e1logo, la confianza y la convivencia democr\u00e1tica.<\/p>\n                                    <a class=\"link link--bold mt-md-3\" href=\"https:\/\/www.uoh.cl\/instituto-de-ciencias-de-la-educacion\/2026\/04\/16\/conflicto-no-es-violencia-claves-para-abordar-la-convivencia-escolar-mas-alla-del-castigo\/\">Saber m\u00e1s <span class=\"icon icon--inline icon--link\"><svg version=\"1.1\" xmlns=\"http:\/\/www.w3.org\/2000\/svg\" xmlns:xlink=\"http:\/\/www.w3.org\/1999\/xlink\" x=\"0px\" y=\"0px\" width=\"22px\"height=\"22px\" viewBox=\"0 0 22 22\" style=\"overflow:visible;enable-background:new 0 0 80 64.6;\" xml:space=\"preserve\"><g clip-path=\"url(#acA)\"><path fill-rule=\"evenodd\" d=\"M21.913 11.266a.93.93 0 000-.711c-.022-.056-.063-.097-.091-.144s-.053-.103-.097-.15L12.306.294c-.357-.379-.955-.394-1.334-.038s-.394.955-.038 1.334l7.917 8.374H.927a.95.95 0 00-.908.983.946.946 0 00.908.908h17.924l-8.089 8.552c-.357.379-.341.977.034 1.334s.977.341 1.334-.034l9.594-10.148c.044-.044.063-.1.097-.15.028-.047.069-.088.091-.141z\"\/><\/g><defs><clipPath id=\"acA\"><path fill=\"#fff\" d=\"M0 0h22v22H0z\"\/><\/clipPath><\/defs><\/svg><\/span><\/a><\/div><\/div><\/div><div class=\"  col-sm-6 col-md-4 img-article\">\n                                        <div class=\"content-news-display row m-0 p-0\"><div class=\"holder p-0 \"><div class=\"img-wrap img-wrap-news\">\n                                        <div class=\"caption__news-category\">\n                                        <a href=\"https:\/\/www.uoh.cl\/instituto-de-ciencias-de-la-educacion\/category\/cuech\/\">\n                                        CUECH<\/a><\/div><img decoding=\"async\" class=\"w-100 h-100 lazyload\" data-src=\"https:\/\/www.uoh.cl\/instituto-de-ciencias-de-la-educacion\/wp-content\/uploads\/sites\/13\/2026\/04\/DSC_2431-scaled.jpg\" alt=\"Universidades estatales sellan hoja de ruta 2030: Red Desarrollo Sustentable entra en fase de consolidaci\u00f3n\" style=\"--smush-placeholder-width: 2560px; --smush-placeholder-aspect-ratio: 2560\/1707;object-fit: cover; object-position: center;\" src=\"data:image\/svg+xml;base64,PHN2ZyB3aWR0aD0iMSIgaGVpZ2h0PSIxIiB4bWxucz0iaHR0cDovL3d3dy53My5vcmcvMjAwMC9zdmciPjwvc3ZnPg==\"><\/div><\/div><div class=\"caption py-3 caption__news py-md-3 pb-md-5\">\n                                    <span class=\"caption__date\">Mi\u00e9rcoles 15, Abril<\/span>\n                                     <a href=\"https:\/\/www.uoh.cl\/instituto-de-ciencias-de-la-educacion\/2026\/04\/15\/universidades-estatales-sellan-hoja-de-ruta-2030-red-desarrollo-sustentable-entra-en-fase-de-consolidacion\/\">\n                                    <h3 class=\"small-space\">Universidades estatales sellan hoja de ruta 2030: Red Desarrollo Sustentable entra en fase de consolidaci\u00f3n<\/h3><\/a>\n\n                                    <p>En el Plenario realizado en la Universidad de O'Higgins, los 18 planteles p\u00fablicos definieron sus metas estrat\u00e9gicas para el periodo 2026-2030. El plan priorizar\u00e1 la institucionalizaci\u00f3n de capacidades, un diplomado para organismos p\u00fablicos y la medici\u00f3n de la huella h\u00eddrica en los campus.<\/p>\n                                    <a class=\"link link--bold mt-md-3\" href=\"https:\/\/www.uoh.cl\/instituto-de-ciencias-de-la-educacion\/2026\/04\/15\/universidades-estatales-sellan-hoja-de-ruta-2030-red-desarrollo-sustentable-entra-en-fase-de-consolidacion\/\">Saber m\u00e1s <span class=\"icon icon--inline icon--link\"><svg version=\"1.1\" xmlns=\"http:\/\/www.w3.org\/2000\/svg\" xmlns:xlink=\"http:\/\/www.w3.org\/1999\/xlink\" x=\"0px\" y=\"0px\" width=\"22px\"height=\"22px\" viewBox=\"0 0 22 22\" style=\"overflow:visible;enable-background:new 0 0 80 64.6;\" xml:space=\"preserve\"><g clip-path=\"url(#acA)\"><path fill-rule=\"evenodd\" d=\"M21.913 11.266a.93.93 0 000-.711c-.022-.056-.063-.097-.091-.144s-.053-.103-.097-.15L12.306.294c-.357-.379-.955-.394-1.334-.038s-.394.955-.038 1.334l7.917 8.374H.927a.95.95 0 00-.908.983.946.946 0 00.908.908h17.924l-8.089 8.552c-.357.379-.341.977.034 1.334s.977.341 1.334-.034l9.594-10.148c.044-.044.063-.1.097-.15.028-.047.069-.088.091-.141z\"\/><\/g><defs><clipPath id=\"acA\"><path fill=\"#fff\" d=\"M0 0h22v22H0z\"\/><\/clipPath><\/defs><\/svg><\/span><\/a><\/div><\/div><\/div><div class=\"  col-sm-6 col-md-4 img-article\">\n                                        <div class=\"content-news-display row m-0 p-0\"><div class=\"holder p-0 \"><div class=\"img-wrap img-wrap-news\">\n                                        <div class=\"caption__news-category\">\n                                        <a href=\"https:\/\/www.uoh.cl\/instituto-de-ciencias-de-la-educacion\/category\/investigacion\/\">\n                                        Investigaci\u00f3n<\/a><\/div><img decoding=\"async\" class=\"w-100 h-100 lazyload\" data-src=\"https:\/\/www.uoh.cl\/instituto-de-ciencias-de-la-educacion\/wp-content\/uploads\/sites\/13\/2026\/04\/DSC_2212-scaled.jpg\" alt=\"UOH lanza serie audiovisual para visibilizar el aporte de sus investigadoras al desarrollo del territorio\" style=\"--smush-placeholder-width: 2560px; --smush-placeholder-aspect-ratio: 2560\/1440;object-fit: cover; object-position: center;\" src=\"data:image\/svg+xml;base64,PHN2ZyB3aWR0aD0iMSIgaGVpZ2h0PSIxIiB4bWxucz0iaHR0cDovL3d3dy53My5vcmcvMjAwMC9zdmciPjwvc3ZnPg==\"><\/div><\/div><div class=\"caption py-3 caption__news py-md-3 pb-md-5\">\n                                    <span class=\"caption__date\">Mi\u00e9rcoles 1, Abril<\/span>\n                                     <a href=\"https:\/\/www.uoh.cl\/instituto-de-ciencias-de-la-educacion\/2026\/04\/01\/uoh-lanza-serie-audiovisual-para-visibilizar-el-aporte-de-sus-investigadoras-al-desarrollo-del-territorio\/\">\n                                    <h3 class=\"small-space\">UOH lanza serie audiovisual para visibilizar el aporte de sus investigadoras al desarrollo del territorio<\/h3><\/a>\n\n                                    <p>La iniciativa, impulsada por el proyecto InES G\u00e9nero UOH, contempla cinco episodios que relevan las trayectorias y el impacto de mujeres en la investigaci\u00f3n, desarrollo, innovaci\u00f3n y emprendimiento.<\/p>\n                                    <a class=\"link link--bold mt-md-3\" href=\"https:\/\/www.uoh.cl\/instituto-de-ciencias-de-la-educacion\/2026\/04\/01\/uoh-lanza-serie-audiovisual-para-visibilizar-el-aporte-de-sus-investigadoras-al-desarrollo-del-territorio\/\">Saber m\u00e1s <span class=\"icon icon--inline icon--link\"><svg version=\"1.1\" xmlns=\"http:\/\/www.w3.org\/2000\/svg\" xmlns:xlink=\"http:\/\/www.w3.org\/1999\/xlink\" x=\"0px\" y=\"0px\" width=\"22px\"height=\"22px\" viewBox=\"0 0 22 22\" style=\"overflow:visible;enable-background:new 0 0 80 64.6;\" xml:space=\"preserve\"><g clip-path=\"url(#acA)\"><path fill-rule=\"evenodd\" d=\"M21.913 11.266a.93.93 0 000-.711c-.022-.056-.063-.097-.091-.144s-.053-.103-.097-.15L12.306.294c-.357-.379-.955-.394-1.334-.038s-.394.955-.038 1.334l7.917 8.374H.927a.95.95 0 00-.908.983.946.946 0 00.908.908h17.924l-8.089 8.552c-.357.379-.341.977.034 1.334s.977.341 1.334-.034l9.594-10.148c.044-.044.063-.1.097-.15.028-.047.069-.088.091-.141z\"\/><\/g><defs><clipPath id=\"acA\"><path fill=\"#fff\" d=\"M0 0h22v22H0z\"\/><\/clipPath><\/defs><\/svg><\/span><\/a><\/div><\/div><\/div><\/div><\/div><\/div><div class=\"pagination justify-content-center my-5\"><span aria-current=\"page\" class=\"page-numbers current\">1<\/span>\n<a class=\"page-numbers\" href=\"https:\/\/www.uoh.cl\/instituto-de-ciencias-de-la-educacion\/wp-json\/wp\/v2\/posts\/9084\/\/page\/2\">2<\/a>\n<a class=\"page-numbers\" href=\"https:\/\/www.uoh.cl\/instituto-de-ciencias-de-la-educacion\/wp-json\/wp\/v2\/posts\/9084\/\/page\/3\">3<\/a>\n<span class=\"page-numbers dots\">&hellip;<\/span>\n<a class=\"page-numbers\" href=\"https:\/\/www.uoh.cl\/instituto-de-ciencias-de-la-educacion\/wp-json\/wp\/v2\/posts\/9084\/\/page\/111\">111<\/a>\n<a class=\"next page-numbers\" href=\"https:\/\/www.uoh.cl\/instituto-de-ciencias-de-la-educacion\/wp-json\/wp\/v2\/posts\/9084\/\/page\/2\"><div class=\"icon-pagination-next\"> <?xml version=\"1.0\" ?><svg viewBox=\"0 0 96 96\" xmlns=\"http:\/\/www.w3.org\/2000\/svg\"><title\/><path d=\"M39.3756,48.0022l30.47-25.39a6.0035,6.0035,0,0,0-7.6878-9.223L26.1563,43.3906a6.0092,6.0092,0,0,0,0,9.2231L62.1578,82.615a6.0035,6.0035,0,0,0,7.6878-9.2231Z\"\/><\/svg> <\/div><\/a><\/div>[\/vc_column_inner][\/vc_row_inner][\/vc_column][\/vc_row][\/vc_section]<\/p>\n<\/div>","protected":false},"excerpt":{"rendered":"<p>Desde abril de 2025, la revista forma parte de tres prestigiosos cat\u00e1logos internacionales. <\/p>\n","protected":false},"author":34,"featured_media":9085,"comment_status":"open","ping_status":"open","sticky":false,"template":"","format":"standard","meta":{"_acf_changed":false,"footnotes":""},"categories":[46],"tags":[],"class_list":["post-9084","post","type-post","status-publish","format-standard","has-post-thumbnail","hentry","category-educacion"],"acf":[],"yoast_head":"<!-- This site is optimized with the Yoast SEO plugin v26.6 - https:\/\/yoast.com\/wordpress\/plugins\/seo\/ -->\n<title>Cuadernos Chilenos de Historia de la Educaci\u00f3n: trayectoria e hitos de la primera revista acad\u00e9mica de la UOH - Instituto de Ciencias de la Educaci\u00f3n<\/title>\n<meta name=\"description\" content=\"Desde abril de 2025, la revista forma parte de tres prestigiosos cat\u00e1logos internacionales.\" \/>\n<meta name=\"robots\" content=\"noindex, nofollow\" \/>\n<meta property=\"og:locale\" content=\"es_ES\" \/>\n<meta property=\"og:type\" content=\"article\" \/>\n<meta property=\"og:title\" content=\"Cuadernos Chilenos de Historia de la Educaci\u00f3n: trayectoria e hitos de la primera revista acad\u00e9mica de la UOH - Instituto de Ciencias de la Educaci\u00f3n\" \/>\n<meta property=\"og:description\" content=\"Desde abril de 2025, la revista forma parte de tres prestigiosos cat\u00e1logos internacionales.\" \/>\n<meta property=\"og:url\" content=\"https:\/\/www.uoh.cl\/instituto-de-ciencias-de-la-educacion\/2025\/10\/14\/cuadernos-chilenos-de-historia-de-la-educacion-trayectoria-e-hitos-de-la-primera-revista-academica-de-la-uoh\/\" \/>\n<meta property=\"og:site_name\" content=\"Instituto de Ciencias de la Educaci\u00f3n\" \/>\n<meta property=\"article:published_time\" content=\"2025-10-14T13:26:06+00:00\" \/>\n<meta property=\"og:image\" content=\"https:\/\/www.uoh.cl\/instituto-de-ciencias-de-la-educacion\/wp-content\/uploads\/sites\/13\/2025\/10\/Cuadernos-Chilenos-de-Historia-de-la-Educacion-1.jpg\" \/>\n\t<meta property=\"og:image:width\" content=\"1500\" \/>\n\t<meta property=\"og:image:height\" content=\"972\" \/>\n\t<meta property=\"og:image:type\" content=\"image\/jpeg\" \/>\n<meta name=\"author\" content=\"Universidad de O&#039;Higgins\" \/>\n<meta name=\"twitter:card\" content=\"summary_large_image\" \/>\n<meta name=\"twitter:label1\" content=\"Escrito por\" \/>\n\t<meta name=\"twitter:data1\" content=\"Universidad de O&#039;Higgins\" \/>\n\t<meta name=\"twitter:label2\" content=\"Tiempo estimado de lectura\" \/>\n\t<meta name=\"twitter:data2\" content=\"7 minutos\" \/>\n<script type=\"application\/ld+json\" class=\"yoast-schema-graph\">{\"@context\":\"https:\/\/schema.org\",\"@graph\":[{\"@type\":\"WebPage\",\"@id\":\"https:\/\/www.uoh.cl\/instituto-de-ciencias-de-la-educacion\/2025\/10\/14\/cuadernos-chilenos-de-historia-de-la-educacion-trayectoria-e-hitos-de-la-primera-revista-academica-de-la-uoh\/\",\"url\":\"https:\/\/www.uoh.cl\/instituto-de-ciencias-de-la-educacion\/2025\/10\/14\/cuadernos-chilenos-de-historia-de-la-educacion-trayectoria-e-hitos-de-la-primera-revista-academica-de-la-uoh\/\",\"name\":\"Cuadernos Chilenos de Historia de la Educaci\u00f3n: trayectoria e hitos de la primera revista acad\u00e9mica de la UOH - Instituto de Ciencias de la Educaci\u00f3n\",\"isPartOf\":{\"@id\":\"https:\/\/www.uoh.cl\/instituto-de-ciencias-de-la-educacion\/#website\"},\"primaryImageOfPage\":{\"@id\":\"https:\/\/www.uoh.cl\/instituto-de-ciencias-de-la-educacion\/2025\/10\/14\/cuadernos-chilenos-de-historia-de-la-educacion-trayectoria-e-hitos-de-la-primera-revista-academica-de-la-uoh\/#primaryimage\"},\"image\":{\"@id\":\"https:\/\/www.uoh.cl\/instituto-de-ciencias-de-la-educacion\/2025\/10\/14\/cuadernos-chilenos-de-historia-de-la-educacion-trayectoria-e-hitos-de-la-primera-revista-academica-de-la-uoh\/#primaryimage\"},\"thumbnailUrl\":\"https:\/\/www.uoh.cl\/instituto-de-ciencias-de-la-educacion\/wp-content\/uploads\/sites\/13\/2025\/10\/Cuadernos-Chilenos-de-Historia-de-la-Educacion-1.jpg\",\"datePublished\":\"2025-10-14T13:26:06+00:00\",\"author\":{\"@id\":\"https:\/\/www.uoh.cl\/instituto-de-ciencias-de-la-educacion\/#\/schema\/person\/ea242e676c7d6d7e46fc8b9e39486c4f\"},\"description\":\"Desde abril de 2025, la revista forma parte de tres prestigiosos cat\u00e1logos internacionales.\",\"inLanguage\":\"es-CL\",\"potentialAction\":[{\"@type\":\"ReadAction\",\"target\":[\"https:\/\/www.uoh.cl\/instituto-de-ciencias-de-la-educacion\/2025\/10\/14\/cuadernos-chilenos-de-historia-de-la-educacion-trayectoria-e-hitos-de-la-primera-revista-academica-de-la-uoh\/\"]}]},{\"@type\":\"ImageObject\",\"inLanguage\":\"es-CL\",\"@id\":\"https:\/\/www.uoh.cl\/instituto-de-ciencias-de-la-educacion\/2025\/10\/14\/cuadernos-chilenos-de-historia-de-la-educacion-trayectoria-e-hitos-de-la-primera-revista-academica-de-la-uoh\/#primaryimage\",\"url\":\"https:\/\/www.uoh.cl\/instituto-de-ciencias-de-la-educacion\/wp-content\/uploads\/sites\/13\/2025\/10\/Cuadernos-Chilenos-de-Historia-de-la-Educacion-1.jpg\",\"contentUrl\":\"https:\/\/www.uoh.cl\/instituto-de-ciencias-de-la-educacion\/wp-content\/uploads\/sites\/13\/2025\/10\/Cuadernos-Chilenos-de-Historia-de-la-Educacion-1.jpg\",\"width\":1500,\"height\":972},{\"@type\":\"WebSite\",\"@id\":\"https:\/\/www.uoh.cl\/instituto-de-ciencias-de-la-educacion\/#website\",\"url\":\"https:\/\/www.uoh.cl\/instituto-de-ciencias-de-la-educacion\/\",\"name\":\"Instituto de Ciencias de la Educaci\u00f3n\",\"description\":\"Otro sitio de Sitios de Universidad O&#039;higgins\",\"potentialAction\":[{\"@type\":\"SearchAction\",\"target\":{\"@type\":\"EntryPoint\",\"urlTemplate\":\"https:\/\/www.uoh.cl\/instituto-de-ciencias-de-la-educacion\/?s={search_term_string}\"},\"query-input\":{\"@type\":\"PropertyValueSpecification\",\"valueRequired\":true,\"valueName\":\"search_term_string\"}}],\"inLanguage\":\"es-CL\"},{\"@type\":\"Person\",\"@id\":\"https:\/\/www.uoh.cl\/instituto-de-ciencias-de-la-educacion\/#\/schema\/person\/ea242e676c7d6d7e46fc8b9e39486c4f\",\"name\":\"Universidad de O'Higgins\",\"image\":{\"@type\":\"ImageObject\",\"inLanguage\":\"es-CL\",\"@id\":\"https:\/\/www.uoh.cl\/instituto-de-ciencias-de-la-educacion\/#\/schema\/person\/image\/\",\"url\":\"https:\/\/secure.gravatar.com\/avatar\/78fcb76ca05efae11fd355943c01a832a29786cc00d85b1a82c301bea2b2a214?s=96&d=mm&r=g\",\"contentUrl\":\"https:\/\/secure.gravatar.com\/avatar\/78fcb76ca05efae11fd355943c01a832a29786cc00d85b1a82c301bea2b2a214?s=96&d=mm&r=g\",\"caption\":\"Universidad de O'Higgins\"}}]}<\/script>\n<!-- \/ Yoast SEO plugin. -->","yoast_head_json":{"title":"Cuadernos Chilenos de Historia de la Educaci\u00f3n: trayectoria e hitos de la primera revista acad\u00e9mica de la UOH - Instituto de Ciencias de la Educaci\u00f3n","description":"Desde abril de 2025, la revista forma parte de tres prestigiosos cat\u00e1logos internacionales.","robots":{"index":"noindex","follow":"nofollow"},"og_locale":"es_ES","og_type":"article","og_title":"Cuadernos Chilenos de Historia de la Educaci\u00f3n: trayectoria e hitos de la primera revista acad\u00e9mica de la UOH - Instituto de Ciencias de la Educaci\u00f3n","og_description":"Desde abril de 2025, la revista forma parte de tres prestigiosos cat\u00e1logos internacionales.","og_url":"https:\/\/www.uoh.cl\/instituto-de-ciencias-de-la-educacion\/2025\/10\/14\/cuadernos-chilenos-de-historia-de-la-educacion-trayectoria-e-hitos-de-la-primera-revista-academica-de-la-uoh\/","og_site_name":"Instituto de Ciencias de la Educaci\u00f3n","article_published_time":"2025-10-14T13:26:06+00:00","og_image":[{"width":1500,"height":972,"url":"https:\/\/www.uoh.cl\/instituto-de-ciencias-de-la-educacion\/wp-content\/uploads\/sites\/13\/2025\/10\/Cuadernos-Chilenos-de-Historia-de-la-Educacion-1.jpg","type":"image\/jpeg"}],"author":"Universidad de O'Higgins","twitter_card":"summary_large_image","twitter_misc":{"Escrito por":"Universidad de O'Higgins","Tiempo estimado de lectura":"7 minutos"},"schema":{"@context":"https:\/\/schema.org","@graph":[{"@type":"WebPage","@id":"https:\/\/www.uoh.cl\/instituto-de-ciencias-de-la-educacion\/2025\/10\/14\/cuadernos-chilenos-de-historia-de-la-educacion-trayectoria-e-hitos-de-la-primera-revista-academica-de-la-uoh\/","url":"https:\/\/www.uoh.cl\/instituto-de-ciencias-de-la-educacion\/2025\/10\/14\/cuadernos-chilenos-de-historia-de-la-educacion-trayectoria-e-hitos-de-la-primera-revista-academica-de-la-uoh\/","name":"Cuadernos Chilenos de Historia de la Educaci\u00f3n: trayectoria e hitos de la primera revista acad\u00e9mica de la UOH - Instituto de Ciencias de la Educaci\u00f3n","isPartOf":{"@id":"https:\/\/www.uoh.cl\/instituto-de-ciencias-de-la-educacion\/#website"},"primaryImageOfPage":{"@id":"https:\/\/www.uoh.cl\/instituto-de-ciencias-de-la-educacion\/2025\/10\/14\/cuadernos-chilenos-de-historia-de-la-educacion-trayectoria-e-hitos-de-la-primera-revista-academica-de-la-uoh\/#primaryimage"},"image":{"@id":"https:\/\/www.uoh.cl\/instituto-de-ciencias-de-la-educacion\/2025\/10\/14\/cuadernos-chilenos-de-historia-de-la-educacion-trayectoria-e-hitos-de-la-primera-revista-academica-de-la-uoh\/#primaryimage"},"thumbnailUrl":"https:\/\/www.uoh.cl\/instituto-de-ciencias-de-la-educacion\/wp-content\/uploads\/sites\/13\/2025\/10\/Cuadernos-Chilenos-de-Historia-de-la-Educacion-1.jpg","datePublished":"2025-10-14T13:26:06+00:00","author":{"@id":"https:\/\/www.uoh.cl\/instituto-de-ciencias-de-la-educacion\/#\/schema\/person\/ea242e676c7d6d7e46fc8b9e39486c4f"},"description":"Desde abril de 2025, la revista forma parte de tres prestigiosos cat\u00e1logos internacionales.","inLanguage":"es-CL","potentialAction":[{"@type":"ReadAction","target":["https:\/\/www.uoh.cl\/instituto-de-ciencias-de-la-educacion\/2025\/10\/14\/cuadernos-chilenos-de-historia-de-la-educacion-trayectoria-e-hitos-de-la-primera-revista-academica-de-la-uoh\/"]}]},{"@type":"ImageObject","inLanguage":"es-CL","@id":"https:\/\/www.uoh.cl\/instituto-de-ciencias-de-la-educacion\/2025\/10\/14\/cuadernos-chilenos-de-historia-de-la-educacion-trayectoria-e-hitos-de-la-primera-revista-academica-de-la-uoh\/#primaryimage","url":"https:\/\/www.uoh.cl\/instituto-de-ciencias-de-la-educacion\/wp-content\/uploads\/sites\/13\/2025\/10\/Cuadernos-Chilenos-de-Historia-de-la-Educacion-1.jpg","contentUrl":"https:\/\/www.uoh.cl\/instituto-de-ciencias-de-la-educacion\/wp-content\/uploads\/sites\/13\/2025\/10\/Cuadernos-Chilenos-de-Historia-de-la-Educacion-1.jpg","width":1500,"height":972},{"@type":"WebSite","@id":"https:\/\/www.uoh.cl\/instituto-de-ciencias-de-la-educacion\/#website","url":"https:\/\/www.uoh.cl\/instituto-de-ciencias-de-la-educacion\/","name":"Instituto de Ciencias de la Educaci\u00f3n","description":"Otro sitio de Sitios de Universidad O&#039;higgins","potentialAction":[{"@type":"SearchAction","target":{"@type":"EntryPoint","urlTemplate":"https:\/\/www.uoh.cl\/instituto-de-ciencias-de-la-educacion\/?s={search_term_string}"},"query-input":{"@type":"PropertyValueSpecification","valueRequired":true,"valueName":"search_term_string"}}],"inLanguage":"es-CL"},{"@type":"Person","@id":"https:\/\/www.uoh.cl\/instituto-de-ciencias-de-la-educacion\/#\/schema\/person\/ea242e676c7d6d7e46fc8b9e39486c4f","name":"Universidad de O'Higgins","image":{"@type":"ImageObject","inLanguage":"es-CL","@id":"https:\/\/www.uoh.cl\/instituto-de-ciencias-de-la-educacion\/#\/schema\/person\/image\/","url":"https:\/\/secure.gravatar.com\/avatar\/78fcb76ca05efae11fd355943c01a832a29786cc00d85b1a82c301bea2b2a214?s=96&d=mm&r=g","contentUrl":"https:\/\/secure.gravatar.com\/avatar\/78fcb76ca05efae11fd355943c01a832a29786cc00d85b1a82c301bea2b2a214?s=96&d=mm&r=g","caption":"Universidad de O'Higgins"}}]}},"_links":{"self":[{"href":"https:\/\/www.uoh.cl\/instituto-de-ciencias-de-la-educacion\/wp-json\/wp\/v2\/posts\/9084","targetHints":{"allow":["GET"]}}],"collection":[{"href":"https:\/\/www.uoh.cl\/instituto-de-ciencias-de-la-educacion\/wp-json\/wp\/v2\/posts"}],"about":[{"href":"https:\/\/www.uoh.cl\/instituto-de-ciencias-de-la-educacion\/wp-json\/wp\/v2\/types\/post"}],"author":[{"embeddable":true,"href":"https:\/\/www.uoh.cl\/instituto-de-ciencias-de-la-educacion\/wp-json\/wp\/v2\/users\/34"}],"replies":[{"embeddable":true,"href":"https:\/\/www.uoh.cl\/instituto-de-ciencias-de-la-educacion\/wp-json\/wp\/v2\/comments?post=9084"}],"version-history":[{"count":0,"href":"https:\/\/www.uoh.cl\/instituto-de-ciencias-de-la-educacion\/wp-json\/wp\/v2\/posts\/9084\/revisions"}],"wp:featuredmedia":[{"embeddable":true,"href":"https:\/\/www.uoh.cl\/instituto-de-ciencias-de-la-educacion\/wp-json\/wp\/v2\/media\/9085"}],"wp:attachment":[{"href":"https:\/\/www.uoh.cl\/instituto-de-ciencias-de-la-educacion\/wp-json\/wp\/v2\/media?parent=9084"}],"wp:term":[{"taxonomy":"category","embeddable":true,"href":"https:\/\/www.uoh.cl\/instituto-de-ciencias-de-la-educacion\/wp-json\/wp\/v2\/categories?post=9084"},{"taxonomy":"post_tag","embeddable":true,"href":"https:\/\/www.uoh.cl\/instituto-de-ciencias-de-la-educacion\/wp-json\/wp\/v2\/tags?post=9084"}],"curies":[{"name":"wp","href":"https:\/\/api.w.org\/{rel}","templated":true}]}}