
{"id":72876,"date":"2026-09-04T17:00:39","date_gmt":"2026-09-04T20:00:39","guid":{"rendered":"https:\/\/www.uoh.cl\/instituto-de-ciencias-de-la-educacion\/2026\/09\/04\/infancia-migrante-iced-realiza-seminario-sobre-cine-escolar-y-educacion-intercultural\/"},"modified":"2026-09-04T17:00:39","modified_gmt":"2026-09-04T20:00:39","slug":"infancia-migrante-iced-realiza-seminario-sobre-cine-escolar-y-educacion-intercultural","status":"publish","type":"post","link":"https:\/\/www.uoh.cl\/instituto-de-ciencias-de-la-educacion\/2026\/09\/04\/infancia-migrante-iced-realiza-seminario-sobre-cine-escolar-y-educacion-intercultural\/","title":{"rendered":"Infancia migrante: ICED realiza seminario sobre cine escolar y educaci\u00f3n intercultural"},"content":{"rendered":"<div class=\"wpb-content-wrapper\"><p>[vc_section el_class=&#8221;container mx-auto align-items-center circle&#8211;pattern&#8221; css=&#8221;.vc_custom_1648956589196{padding-top: 3rem !important;}&#8221;][vc_row][vc_column]<div class=\"breadcrumb\"><ol itemscope itemtype=\"https:\/\/schema.org\/BreadcrumbList\"><li itemprop=\"itemListElement\" itemscope itemtype=\"https:\/\/schema.org\/ListItem\"><a itemprop=\"item\" href=\"http:\/\/www.uoh.cl\"><span itemprop=\"name\">Inicio<\/span><\/a><meta itemprop=\"position\" content=\"1\" \/><li itemprop=\"itemListElement\" itemscope itemtype=\"https:\/\/schema.org\/ListItem\"><a itemprop=\"item\" href=\"https:\/\/www.uoh.cl\/instituto-de-ciencias-de-la-educacion\"><span itemprop=\"name\">Instituto de Ciencias de la Educaci\u00f3n<\/span><\/a><meta itemprop=\"position\" content=\"2\" \/><li itemprop=\"itemListElement\" itemscope itemtype=\"https:\/\/schema.org\/ListItem\"><a itemprop=\"item\" href=\"https:\/\/www.uoh.cl\/instituto-de-ciencias-de-la-educacion\/noticias\/\"><span itemprop=\"name\">Noticias<\/span><\/a><meta itemprop=\"position\" content=\"3\" \/><li itemprop=\"itemListElement\" itemscope itemtype=\"https:\/\/schema.org\/ListItem\"><span itemprop=\"name\">Infancia migrante: ICED realiza seminario sobre cine escolar y educaci\u00f3n <\/span><meta itemprop=\"position\" content=\"4\" \/><\/ol><\/div><ul class=\"p-0 list-style-none d-inline-block\"><li class=\"p-0\"><a href=https:\/\/www.uoh.cl\/instituto-de-ciencias-de-la-educacion\/category\/educacion\/ class=\"px-1 py-2\">Educaci\u00f3n<\/a><\/li><\/ul><div class=\"date_publish_post\"> \u25cf Vie 04 de Septiembre 2026<\/div><div class=\"uoh_title_component-container\"><h1 class=\"title title--ms d-inline-block title--decorator  big\">Infancia migrante: ICED realiza seminario sobre cine escolar y educaci\u00f3n intercultural<\/h1><\/div>[vc_row_inner el_class=&#8221;border-separator m-0&#8243;][vc_column_inner width=&#8221;2\/3&#8243;]<div class=\"author_wp_class\"> Escrito por <span>Universidad de O'Higgins<\/span><\/div>[\/vc_column_inner][vc_column_inner el_class=&#8221;align-items-end-publish&#8221; width=&#8221;1\/3&#8243;]<div class=\"uoh_social_network_component uoh_row col-12 justify-content-end m-0 p-0\"> <div class=\"icon__facebook-share-button\">\n                       <a href=\"https:\/\/www.facebook.com\/sharer\/sharer.php?u=https:\/\/www.uoh.cl\/instituto-de-ciencias-de-la-educacion\/2026\/09\/04\/infancia-migrante-iced-realiza-seminario-sobre-cine-escolar-y-educacion-intercultural\/\" target=\"_blank\"> <div class=\"icon__facebook-svg\"><svg version=\"1.1\" xmlns=\"http:\/\/www.w3.org\/2000\/svg\" xmlns:xlink=\"http:\/\/www.w3.org\/1999\/xlink\" x=\"0px\" y=\"0px\" width=\"22.4px\" height=\"48.3px\" viewBox=\"0 0 22.4 48.3\" style=\"overflow:visible;enable-background:new 0 0 22.4 48.3;\" xml:space=\"preserve\">\n                <defs>\n                <\/defs>\n                <path class=\"st0\" d=\"M22.4,15.6h-7.6v-5c0-1.9,1.2-2.3,2.1-2.3c0.9,0,5.4,0,5.4,0V0l-7.4,0C6.6,0,4.8,6.2,4.8,10.1v5.5H0v8.5h4.8\n                    c0,10.9,0,24.1,0,24.1h10c0,0,0-13.3,0-24.1h6.8L22.4,15.6z\"><\/path>\n                <\/svg><\/a><\/div>\n                    <\/div><div class=\"icon__twitter-share-button\">\n                        <div class=\"icon__twitter-svg\"><a target=\"_blank\" href=\"http:\/\/twitter.com\/share?url=https:\/\/www.uoh.cl\/instituto-de-ciencias-de-la-educacion\/2026\/09\/04\/infancia-migrante-iced-realiza-seminario-sobre-cine-escolar-y-educacion-intercultural\/\"><svg xmlns=\"http:\/\/www.w3.org\/2000\/svg\" height=\"1em\" viewBox=\"0 0 512 512\"><!--! Font Awesome Free 6.4.2 by @fontawesome - https:\/\/fontawesome.com License - https:\/\/fontawesome.com\/license (Commercial License) Copyright 2023 Fonticons, Inc. --><path d=\"M389.2 48h70.6L305.6 224.2 487 464H345L233.7 318.6 106.5 464H35.8L200.7 275.5 26.8 48H172.4L272.9 180.9 389.2 48zM364.4 421.8h39.1L151.1 88h-42L364.4 421.8z\"\/><\/svg><\/a><\/div>\n                        <\/div><div class=\"icon__linkedin-share-button\">\n                        <div class=\"icon__linkedin-svg\">\n                        <a target=\"__blank\" href=\"https:\/\/www.linkedin.com\/sharing\/share-offsite\/?url=https:\/\/www.uoh.cl\/instituto-de-ciencias-de-la-educacion\/2026\/09\/04\/infancia-migrante-iced-realiza-seminario-sobre-cine-escolar-y-educacion-intercultural\/\"><svg enable-background=\"new 0 0 100 100\" height=\"100px\" id=\"Layer_1\" version=\"1.1\" viewBox=\"0 0 100 100\" width=\"100px\" xml:space=\"preserve\" xmlns=\"http:\/\/www.w3.org\/2000\/svg\" xmlns:xlink=\"http:\/\/www.w3.org\/1999\/xlink\"><g><circle cx=\"50\" cy=\"50\" fill=\"#ccc\" r=\"45\"\/><g id=\"LinkedIn_1_\"><rect fill=\"#FFFFFF\" height=\"24.361\" width=\"7.69\" x=\"31.271\" y=\"43.569\"\/><path d=\"M59.968,43.334c-4.406,0-7.165,2.387-7.677,4.058v-3.823h-8.636c0.109,2.03,0,24.361,0,24.361h8.636    V54.748c0-0.733-0.034-1.465,0.19-1.991c0.594-1.464,1.869-2.985,4.162-2.985c2.998,0,4.361,2.253,4.361,5.552V67.93h8.721V54.384    C69.726,46.839,65.432,43.334,59.968,43.334z\" fill=\"#FFFFFF\"\/><path d=\"M34.973,32.069c-2.839,0-4.696,1.823-4.696,4.229c0,2.361,1.804,4.224,4.589,4.224h0.054    c2.891,0,4.69-1.869,4.69-4.229C39.555,33.888,37.81,32.069,34.973,32.069z\" fill=\"#FFFFFF\"\/><\/g><\/g><\/svg><\/a><\/div>\n\n            <\/div><\/div>[\/vc_column_inner][\/vc_row_inner][vc_single_image image=&#8221;80467&#8243; img_size=&#8221;full&#8221; add_caption=&#8221;yes&#8221; alignment=&#8221;center&#8221; onclick=&#8221;img_link_large&#8221; img_link_target=&#8221;_blank&#8221; css=&#8221;&#8221;][vc_column_text]\u00a0[\/vc_column_text][vc_column_text css=&#8221;&#8221;]<em>\u2022 En la actividad, la directora (s) regional del Servicio Nacional de Migraciones, Eva Acevedo, se comprometi\u00f3 a seguir trabajando por la regularizaci\u00f3n de c\u00e9dulas de ni\u00f1os y ni\u00f1as migrantes en la Regi\u00f3n. <\/em>[\/vc_column_text][vc_column_text]\u00a0[\/vc_column_text][vc_column_text css=&#8221;&#8221;]La <a href=\"https:\/\/www.uoh.cl\/\">Universidad de O\u2019Higgins<\/a> realiz\u00f3 el Seminario \u201cInfancia Migrante: El cine escolar como espacio de encuentro e inclusi\u00f3n social\u201d, instancia en la que se presentaron los resultados preliminares del Proyecto de Iniciaci\u00f3n Fondecyt \u201cLa funci\u00f3n del cine como dispositivo para promover experiencias interculturales y el fortalecimiento de la inclusi\u00f3n social entre estudiantes migrantes y chilenos\/as en escuelas p\u00fablicas de O&#8217;Higgins y el Maule\u201d, dirigido por el acad\u00e9mico del <a href=\"https:\/\/www.uoh.cl\/instituto-de-ciencias-de-la-educacion\/\">Instituto de Ciencias de la Educaci\u00f3n<\/a> (ICED), <a href=\"https:\/\/www.uoh.cl\/instituto-de-ciencias-de-la-educacion\/academico\/jose-mela\/\">Jos\u00e9 Mela<\/a>.<\/p>\n<p>Entre los avances presentados destacaron cuatro cortometrajes realizados por estudiantes de escuelas p\u00fablicas: \u201cLa maleta de cobre\u201d, de la Escuela El Cobre de Rancagua; \u201cNi\u00f1o nuevo\u201d y \u201cUn nuevo comienzo\u201d, de la Escuela Olegario Lazo Baeza de San Fernando; y \u201c2 pa\u00edses, 1 solo coraz\u00f3n\u201d, de la Escuela Prosperidad de Talca. Las producciones abordaron, desde una perspectiva reflexiva, los desaf\u00edos de la infancia migrante, marcada por el duelo que implica dejar el pa\u00eds de origen, pero tambi\u00e9n por el proceso de encontrar un nuevo hogar en las comunidades, escuelas y espacios de convivencia.<\/p>\n<p>\u201cQuer\u00edamos lograr que fueran los mismos ni\u00f1os y ni\u00f1as, tanto de Chile como estudiantes migrantes, quienes nos expusieran sus impresiones de c\u00f3mo ve\u00edan la interculturalidad. Ellos crearon los guiones, discutieron temas e hicieron sus propias pel\u00edculas bajo la coordinaci\u00f3n del profesorado de las escuelas participantes. Los resultados son relatos infantiles que no solo dan cuenta de la capacidad cr\u00edtica de los j\u00f3venes, sino que tambi\u00e9n corroboran el alcance del cine como dispositivo de aprendizaje, demostrando que la formaci\u00f3n docente tradicional es insuficiente para trabajar en aulas multiculturales\u201d, explic\u00f3 el director del proyecto, Jos\u00e9 Mela.<\/p>\n<p>Anunci\u00f3 que m\u00e1s adelante se presentar\u00e1n otros avances del proyecto, como un cuadernillo pedag\u00f3gico que utiliza el cine como veh\u00edculo de ense\u00f1anza y propone actividades did\u00e1cticas para que el profesorado de distintas asignaturas pueda planificar y desarrollar experiencias basadas en las artes interdisciplinarias. A ello se sumar\u00e1n c\u00e1psulas audiovisuales y nuevos cortometrajes escolares orientados a innovar \u201cfrente a las limitaciones presentes en la formaci\u00f3n pedag\u00f3gica intercultural\u201d.[\/vc_column_text][vc_zigzag color=&#8221;white&#8221;][\/vc_column][\/vc_row][vc_row][vc_column][vc_media_grid css=&#8221;&#8221; grid_id=&#8221;vc_gid:1788553139678-90dd125c-4e84-0&#8243; include=&#8221;80462,80461,80460&#8243;][\/vc_column][\/vc_row][vc_row][vc_column][vc_zigzag color=&#8221;white&#8221;][\/vc_column][\/vc_row][vc_row][vc_column][vc_column_text css=&#8221;&#8221;]<\/p>\n<h4><strong>Cineastas j\u00f3venes y contexto escolar<\/strong><\/h4>\n<p>El evento tambi\u00e9n reuni\u00f3 a los propios protagonistas de las producciones, quienes, frente a sus docentes y familiares, compartieron la experiencia en la realizaci\u00f3n de cortometrajes de contenido intercultural, pr\u00e1ctica poco habitual en las din\u00e1micas escolares.<\/p>\n<p>La estudiante de la Escuela El Cobre, Amparo V\u00e1zquez, destac\u00f3 que gracias a esta experiencia pudo reconocer \u201cesas historias detr\u00e1s de cada quien, que quiz\u00e1 traspasan fronteras, y que bien merecen la pena ser contadas\u201d. A su juicio, conocer anhelos y vivencias de los dem\u00e1s le permiti\u00f3 comprender mejor c\u00f3mo pueden sentirse aquellas personas provenientes de otros pa\u00edses.<\/p>\n<p>Por su parte, Axiel Monta\u00f1o, quien lleg\u00f3 a Chile desde Venezuela tras pasar por Per\u00fa, vincul\u00f3 el proyecto con su propia experiencia de adaptaci\u00f3n al pa\u00eds: \u201cMe cost\u00f3 mucho adaptarme, pero al final tengo muchos amigos. Logr\u00e9 encajar y ahora ya no me siento como un ni\u00f1o nuevo, me siento como alguien que es parte de una sociedad. Por otra parte, no me va mal lo de actuar frente a las c\u00e1maras. La pas\u00e9 muy bien participando en nuestro cortometraje escolar\u201d, agreg\u00f3 el estudiante.<\/p>\n<p>Desde las familias, Yosneida Le\u00f3n, madre de dos estudiantes participantes en las producciones, reconoci\u00f3 en los cortometrajes experiencias asociadas a la llegada a un nuevo pa\u00eds y al proceso de integraci\u00f3n escolar. \u201cEstos cortos me recordaron que no estamos solos a pesar de ser extranjeros, que siempre hemos recibido ese apoyo, esa hermandad y esa buena voluntad de los chilenos\u201d, afirm\u00f3 la tambi\u00e9n venezolana, valorando el papel de la escuela como espacio de encuentro.<\/p>\n<h4><strong>Mirada migrante<\/strong><\/h4>\n<p>La dimensi\u00f3n internacional del evento estuvo a cargo de la profesora e investigadora de la Universidad de Valencia, Espa\u00f1a, Amparo Alonso S\u00e1nz, quien abord\u00f3 los usos del cine en la escuela desde la mirada espa\u00f1ola. La acad\u00e9mica destac\u00f3 el papel de los establecimientos educativos como espacios de acogida para estudiantes migrantes y relev\u00f3 la producci\u00f3n audiovisual y el cine-foro infantil como instancias para abordar la interculturalidad desde la visi\u00f3n de ni\u00f1os y ni\u00f1as. \u201cEl cine es una herramienta muy potente para abordar estos desaf\u00edos migrantes, sobre todo desde un lenguaje po\u00e9tico y simb\u00f3lico, porque lo verbal no siempre logra resolver los conflictos. Cuando utilizamos estos recursos para comunicarnos, entramos en un plano en el que no importa nuestra procedencia. Y los cortometrajes de estos ni\u00f1os y ni\u00f1as as\u00ed lo demuestran\u201d, concluy\u00f3 la exponente.[\/vc_column_text][\/vc_column][\/vc_row][vc_row][vc_column][vc_zigzag color=&#8221;white&#8221;][\/vc_column][\/vc_row][vc_row][vc_column][vc_zigzag color=&#8221;white&#8221;][\/vc_column][\/vc_row][vc_row][vc_column][vc_media_grid css=&#8221;&#8221; grid_id=&#8221;vc_gid:1788553385499-2007899e-4164-3&#8243; include=&#8221;80463,80464,80465&#8243;][\/vc_column][\/vc_row][vc_row][vc_column][vc_zigzag color=&#8221;white&#8221;][\/vc_column][\/vc_row][\/vc_section][vc_section css=&#8221;.vc_custom_1650255686594{background-color: #f6faff !important;}&#8221; el_class=&#8221;p-md-0 pt-md-5&#8243;][vc_row el_class=&#8221;container mx-auto align-items-center p-md-0 pt-5 pb-5&#8243;][vc_column el_class=&#8221;pb-5&#8243;][vc_row_inner el_class=&#8221;pb-5&#8243;][vc_column_inner]<div class=\"row m-0 p-0\"><div class=\"col-12 col-md-9 pt-5 pt-md-0\"><h2 class=\"title title--decorator title--ms d-inline-block\">Te Recomendamos<\/h2><\/div><\/div><div class=\"content-holder\"><div class=\"row  swipper-news-list not--activate-hack \"><div class=\"row -wrapper\"><div class=\"  col-sm-6 col-md-4 img-article\">\n                                        <div class=\"content-news-display row m-0 p-0\"><div class=\"holder p-0 \"><div class=\"img-wrap img-wrap-news\">\n                                        <div class=\"caption__news-category\">\n                                        <a href=\"https:\/\/www.uoh.cl\/instituto-de-ciencias-de-la-educacion\/category\/educacion\/\">\n                                        Educaci\u00f3n<\/a><\/div><img decoding=\"async\" class=\"w-100 h-100 lazyload\" data-src=\"https:\/\/www.uoh.cl\/instituto-de-ciencias-de-la-educacion\/wp-content\/uploads\/sites\/13\/2026\/09\/Infancia-migrante-7.jpg\" alt=\"Infancia migrante: ICED realiza seminario sobre cine escolar y educaci\u00f3n intercultural\" style=\"--smush-placeholder-width: 2400px; --smush-placeholder-aspect-ratio: 2400\/1600;object-fit: cover; object-position: center;\" src=\"data:image\/svg+xml;base64,PHN2ZyB3aWR0aD0iMSIgaGVpZ2h0PSIxIiB4bWxucz0iaHR0cDovL3d3dy53My5vcmcvMjAwMC9zdmciPjwvc3ZnPg==\"><\/div><\/div><div class=\"caption py-3 caption__news py-md-3 pb-md-5\">\n                                    <span class=\"caption__date\">Viernes 4, Septiembre<\/span>\n                                     <a href=\"https:\/\/www.uoh.cl\/instituto-de-ciencias-de-la-educacion\/2026\/09\/04\/infancia-migrante-iced-realiza-seminario-sobre-cine-escolar-y-educacion-intercultural\/\">\n                                    <h3 class=\"small-space\">Infancia migrante: ICED realiza seminario sobre cine escolar y educaci\u00f3n intercultural<\/h3><\/a>\n\n                                    <p>En la actividad, la directora (s) regional del Servicio Nacional de Migraciones, Eva Acevedo, se comprometi\u00f3 a seguir trabajando por la regularizaci\u00f3n de c\u00e9dulas de ni\u00f1os y ni\u00f1as migrantes en la Regi\u00f3n. <\/p>\n                                    <a class=\"link link--bold mt-md-3\" href=\"https:\/\/www.uoh.cl\/instituto-de-ciencias-de-la-educacion\/2026\/09\/04\/infancia-migrante-iced-realiza-seminario-sobre-cine-escolar-y-educacion-intercultural\/\">Saber m\u00e1s <span class=\"icon icon--inline icon--link\"><svg version=\"1.1\" xmlns=\"http:\/\/www.w3.org\/2000\/svg\" xmlns:xlink=\"http:\/\/www.w3.org\/1999\/xlink\" x=\"0px\" y=\"0px\" width=\"22px\"height=\"22px\" viewBox=\"0 0 22 22\" style=\"overflow:visible;enable-background:new 0 0 80 64.6;\" xml:space=\"preserve\"><g clip-path=\"url(#acA)\"><path fill-rule=\"evenodd\" d=\"M21.913 11.266a.93.93 0 000-.711c-.022-.056-.063-.097-.091-.144s-.053-.103-.097-.15L12.306.294c-.357-.379-.955-.394-1.334-.038s-.394.955-.038 1.334l7.917 8.374H.927a.95.95 0 00-.908.983.946.946 0 00.908.908h17.924l-8.089 8.552c-.357.379-.341.977.034 1.334s.977.341 1.334-.034l9.594-10.148c.044-.044.063-.1.097-.15.028-.047.069-.088.091-.141z\"\/><\/g><defs><clipPath id=\"acA\"><path fill=\"#fff\" d=\"M0 0h22v22H0z\"\/><\/clipPath><\/defs><\/svg><\/span><\/a><\/div><\/div><\/div><div class=\"  col-sm-6 col-md-4 img-article\">\n                                        <div class=\"content-news-display row m-0 p-0\"><div class=\"holder p-0 \"><div class=\"img-wrap img-wrap-news\">\n                                        <div class=\"caption__news-category\">\n                                        <a href=\"https:\/\/www.uoh.cl\/instituto-de-ciencias-de-la-educacion\/category\/institucional\/\">\n                                        Institucional<\/a><\/div><img decoding=\"async\" class=\"w-100 h-100 lazyload\" data-src=\"https:\/\/www.uoh.cl\/instituto-de-ciencias-de-la-educacion\/wp-content\/uploads\/sites\/13\/2026\/08\/Pukara-2.jpeg\" alt=\"Hist\u00f3rico acuerdo permitir\u00e1 a la UOH proteger y poner en valor el Pukar\u00e1 de La Compa\u00f1\u00eda\" style=\"--smush-placeholder-width: 1600px; --smush-placeholder-aspect-ratio: 1600\/1066;object-fit: cover; object-position: center;\" src=\"data:image\/svg+xml;base64,PHN2ZyB3aWR0aD0iMSIgaGVpZ2h0PSIxIiB4bWxucz0iaHR0cDovL3d3dy53My5vcmcvMjAwMC9zdmciPjwvc3ZnPg==\"><\/div><\/div><div class=\"caption py-3 caption__news py-md-3 pb-md-5\">\n                                    <span class=\"caption__date\">Viernes 28, Agosto<\/span>\n                                     <a href=\"https:\/\/www.uoh.cl\/instituto-de-ciencias-de-la-educacion\/2026\/08\/28\/historico-acuerdo-permitira-a-la-uoh-proteger-y-poner-en-valor-el-pukara-de-la-compania\/\">\n                                    <h3 class=\"small-space\">Hist\u00f3rico acuerdo permitir\u00e1 a la UOH proteger y poner en valor el Pukar\u00e1 de La Compa\u00f1\u00eda<\/h3><\/a>\n\n                                    <p>Acuerdo impulsado por el CDE permitir\u00e1 que uno de los sitios arqueol\u00f3gicos m\u00e1s importantes de Chile quede bajo el resguardo de una universidad estatal y se transforme en un espacio permanente para la investigaci\u00f3n cient\u00edfica, la educaci\u00f3n patrimonial y el desarrollo cultural de la Regi\u00f3n de O\u2019Higgins.<\/p>\n                                    <a class=\"link link--bold mt-md-3\" href=\"https:\/\/www.uoh.cl\/instituto-de-ciencias-de-la-educacion\/2026\/08\/28\/historico-acuerdo-permitira-a-la-uoh-proteger-y-poner-en-valor-el-pukara-de-la-compania\/\">Saber m\u00e1s <span class=\"icon icon--inline icon--link\"><svg version=\"1.1\" xmlns=\"http:\/\/www.w3.org\/2000\/svg\" xmlns:xlink=\"http:\/\/www.w3.org\/1999\/xlink\" x=\"0px\" y=\"0px\" width=\"22px\"height=\"22px\" viewBox=\"0 0 22 22\" style=\"overflow:visible;enable-background:new 0 0 80 64.6;\" xml:space=\"preserve\"><g clip-path=\"url(#acA)\"><path fill-rule=\"evenodd\" d=\"M21.913 11.266a.93.93 0 000-.711c-.022-.056-.063-.097-.091-.144s-.053-.103-.097-.15L12.306.294c-.357-.379-.955-.394-1.334-.038s-.394.955-.038 1.334l7.917 8.374H.927a.95.95 0 00-.908.983.946.946 0 00.908.908h17.924l-8.089 8.552c-.357.379-.341.977.034 1.334s.977.341 1.334-.034l9.594-10.148c.044-.044.063-.1.097-.15.028-.047.069-.088.091-.141z\"\/><\/g><defs><clipPath id=\"acA\"><path fill=\"#fff\" d=\"M0 0h22v22H0z\"\/><\/clipPath><\/defs><\/svg><\/span><\/a><\/div><\/div><\/div><div class=\"  col-sm-6 col-md-4 img-article\">\n                                        <div class=\"content-news-display row m-0 p-0\"><div class=\"holder p-0 \"><div class=\"img-wrap img-wrap-news\">\n                                        <div class=\"caption__news-category\">\n                                        <a href=\"https:\/\/www.uoh.cl\/instituto-de-ciencias-de-la-educacion\/category\/investigacion\/\">\n                                        Investigaci\u00f3n<\/a><\/div><img decoding=\"async\" class=\"w-100 h-100 lazyload\" data-src=\"https:\/\/www.uoh.cl\/instituto-de-ciencias-de-la-educacion\/wp-content\/uploads\/sites\/13\/2026\/08\/Imagen-4-scaled.jpeg\" alt=\"Proyecto InES G\u00e9nero UOH lanza segunda versi\u00f3n del Curso de Liderazgo Cient\u00edfico para Mujeres Investigadoras 2026\" style=\"--smush-placeholder-width: 2560px; --smush-placeholder-aspect-ratio: 2560\/1440;object-fit: cover; object-position: center;\" src=\"data:image\/svg+xml;base64,PHN2ZyB3aWR0aD0iMSIgaGVpZ2h0PSIxIiB4bWxucz0iaHR0cDovL3d3dy53My5vcmcvMjAwMC9zdmciPjwvc3ZnPg==\"><\/div><\/div><div class=\"caption py-3 caption__news py-md-3 pb-md-5\">\n                                    <span class=\"caption__date\">Viernes 28, Agosto<\/span>\n                                     <a href=\"https:\/\/www.uoh.cl\/instituto-de-ciencias-de-la-educacion\/2026\/08\/28\/proyecto-ines-genero-uoh-lanza-segunda-version-del-curso-de-liderazgo-cientifico-para-mujeres-investigadoras-2026\/\">\n                                    <h3 class=\"small-space\">Proyecto InES G\u00e9nero UOH lanza segunda versi\u00f3n del Curso de Liderazgo Cient\u00edfico para Mujeres Investigadoras 2026<\/h3><\/a>\n\n                                    <p>La iniciativa busca fortalecer las capacidades de liderazgo, desarrollo profesional y proyecci\u00f3n de las trayectorias de acad\u00e9micas e investigadoras postdoctorales de la Universidad de O\u2019Higgins. <\/p>\n                                    <a class=\"link link--bold mt-md-3\" href=\"https:\/\/www.uoh.cl\/instituto-de-ciencias-de-la-educacion\/2026\/08\/28\/proyecto-ines-genero-uoh-lanza-segunda-version-del-curso-de-liderazgo-cientifico-para-mujeres-investigadoras-2026\/\">Saber m\u00e1s <span class=\"icon icon--inline icon--link\"><svg version=\"1.1\" xmlns=\"http:\/\/www.w3.org\/2000\/svg\" xmlns:xlink=\"http:\/\/www.w3.org\/1999\/xlink\" x=\"0px\" y=\"0px\" width=\"22px\"height=\"22px\" viewBox=\"0 0 22 22\" style=\"overflow:visible;enable-background:new 0 0 80 64.6;\" xml:space=\"preserve\"><g clip-path=\"url(#acA)\"><path fill-rule=\"evenodd\" d=\"M21.913 11.266a.93.93 0 000-.711c-.022-.056-.063-.097-.091-.144s-.053-.103-.097-.15L12.306.294c-.357-.379-.955-.394-1.334-.038s-.394.955-.038 1.334l7.917 8.374H.927a.95.95 0 00-.908.983.946.946 0 00.908.908h17.924l-8.089 8.552c-.357.379-.341.977.034 1.334s.977.341 1.334-.034l9.594-10.148c.044-.044.063-.1.097-.15.028-.047.069-.088.091-.141z\"\/><\/g><defs><clipPath id=\"acA\"><path fill=\"#fff\" d=\"M0 0h22v22H0z\"\/><\/clipPath><\/defs><\/svg><\/span><\/a><\/div><\/div><\/div><\/div><\/div><\/div><div class=\"pagination justify-content-center my-5\"><span aria-current=\"page\" class=\"page-numbers current\">1<\/span>\n<a class=\"page-numbers\" href=\"https:\/\/www.uoh.cl\/instituto-de-ciencias-de-la-educacion\/wp-json\/wp\/v2\/posts\/72876\/\/page\/2\">2<\/a>\n<a class=\"page-numbers\" href=\"https:\/\/www.uoh.cl\/instituto-de-ciencias-de-la-educacion\/wp-json\/wp\/v2\/posts\/72876\/\/page\/3\">3<\/a>\n<span class=\"page-numbers dots\">&hellip;<\/span>\n<a class=\"page-numbers\" href=\"https:\/\/www.uoh.cl\/instituto-de-ciencias-de-la-educacion\/wp-json\/wp\/v2\/posts\/72876\/\/page\/116\">116<\/a>\n<a class=\"next page-numbers\" href=\"https:\/\/www.uoh.cl\/instituto-de-ciencias-de-la-educacion\/wp-json\/wp\/v2\/posts\/72876\/\/page\/2\"><div class=\"icon-pagination-next\"> <?xml version=\"1.0\" ?><svg viewBox=\"0 0 96 96\" xmlns=\"http:\/\/www.w3.org\/2000\/svg\"><title\/><path d=\"M39.3756,48.0022l30.47-25.39a6.0035,6.0035,0,0,0-7.6878-9.223L26.1563,43.3906a6.0092,6.0092,0,0,0,0,9.2231L62.1578,82.615a6.0035,6.0035,0,0,0,7.6878-9.2231Z\"\/><\/svg> <\/div><\/a><\/div>[\/vc_column_inner][\/vc_row_inner][\/vc_column][\/vc_row][\/vc_section]<\/p>\n<\/div>","protected":false},"excerpt":{"rendered":"<p>En la actividad, la directora (s) regional del Servicio Nacional de Migraciones, Eva Acevedo, se comprometi\u00f3 a seguir trabajando por la regularizaci\u00f3n de c\u00e9dulas de ni\u00f1os y ni\u00f1as migrantes en la Regi\u00f3n. <\/p>\n","protected":false},"author":34,"featured_media":72877,"comment_status":"open","ping_status":"open","sticky":false,"template":"","format":"standard","meta":{"_acf_changed":false,"footnotes":""},"categories":[46],"tags":[],"class_list":["post-72876","post","type-post","status-publish","format-standard","has-post-thumbnail","hentry","category-educacion"],"acf":[],"yoast_head":"<!-- This site is optimized with the Yoast SEO plugin v28.3 - https:\/\/yoast.com\/product\/yoast-seo-wordpress\/ -->\n<title>Infancia migrante: ICED realiza seminario sobre cine escolar y educaci\u00f3n intercultural - Instituto de Ciencias de la Educaci\u00f3n<\/title>\n<meta name=\"description\" content=\"En la actividad, la directora (s) regional del Servicio Nacional de Migraciones, Eva Acevedo, se comprometi\u00f3 a seguir trabajando por la regularizaci\u00f3n de c\u00e9dulas de ni\u00f1os y ni\u00f1as migrantes en la Regi\u00f3n.\" \/>\n<meta name=\"robots\" content=\"noindex, nofollow\" \/>\n<meta property=\"og:locale\" content=\"es_ES\" \/>\n<meta property=\"og:type\" content=\"article\" \/>\n<meta property=\"og:title\" content=\"Infancia migrante: ICED realiza seminario sobre cine escolar y educaci\u00f3n intercultural - Instituto de Ciencias de la Educaci\u00f3n\" \/>\n<meta property=\"og:description\" content=\"En la actividad, la directora (s) regional del Servicio Nacional de Migraciones, Eva Acevedo, se comprometi\u00f3 a seguir trabajando por la regularizaci\u00f3n de c\u00e9dulas de ni\u00f1os y ni\u00f1as migrantes en la Regi\u00f3n.\" \/>\n<meta property=\"og:url\" content=\"https:\/\/www.uoh.cl\/instituto-de-ciencias-de-la-educacion\/2026\/09\/04\/infancia-migrante-iced-realiza-seminario-sobre-cine-escolar-y-educacion-intercultural\/\" \/>\n<meta property=\"og:site_name\" content=\"Instituto de Ciencias de la Educaci\u00f3n\" \/>\n<meta property=\"article:published_time\" content=\"2026-09-04T20:00:39+00:00\" \/>\n<meta property=\"og:image\" content=\"https:\/\/www.uoh.cl\/instituto-de-ciencias-de-la-educacion\/wp-content\/uploads\/sites\/13\/2026\/09\/Infancia-migrante-7.jpg\" \/>\n\t<meta property=\"og:image:width\" content=\"2400\" \/>\n\t<meta property=\"og:image:height\" content=\"1600\" \/>\n\t<meta property=\"og:image:type\" content=\"image\/jpeg\" \/>\n<meta name=\"author\" content=\"Universidad de O&#039;Higgins\" \/>\n<meta name=\"twitter:card\" content=\"summary_large_image\" \/>\n<meta name=\"twitter:label1\" content=\"Escrito por\" \/>\n\t<meta name=\"twitter:data1\" content=\"Universidad de O&#039;Higgins\" \/>\n\t<meta name=\"twitter:label2\" content=\"Tiempo estimado de lectura\" \/>\n\t<meta name=\"twitter:data2\" content=\"6 minutos\" \/>\n<script type=\"application\/ld+json\" class=\"yoast-schema-graph\">{\"@context\":\"https:\\\/\\\/schema.org\",\"@graph\":[{\"@type\":\"Article\",\"@id\":\"https:\\\/\\\/www.uoh.cl\\\/instituto-de-ciencias-de-la-educacion\\\/2026\\\/09\\\/04\\\/infancia-migrante-iced-realiza-seminario-sobre-cine-escolar-y-educacion-intercultural\\\/#article\",\"isPartOf\":{\"@id\":\"https:\\\/\\\/www.uoh.cl\\\/instituto-de-ciencias-de-la-educacion\\\/2026\\\/09\\\/04\\\/infancia-migrante-iced-realiza-seminario-sobre-cine-escolar-y-educacion-intercultural\\\/\"},\"author\":{\"name\":\"Universidad de O'Higgins\",\"@id\":\"https:\\\/\\\/www.uoh.cl\\\/instituto-de-ciencias-de-la-educacion\\\/#\\\/schema\\\/person\\\/ea242e676c7d6d7e46fc8b9e39486c4f\"},\"headline\":\"Infancia migrante: ICED realiza seminario sobre cine escolar y educaci\u00f3n intercultural\",\"datePublished\":\"2026-09-04T20:00:39+00:00\",\"mainEntityOfPage\":{\"@id\":\"https:\\\/\\\/www.uoh.cl\\\/instituto-de-ciencias-de-la-educacion\\\/2026\\\/09\\\/04\\\/infancia-migrante-iced-realiza-seminario-sobre-cine-escolar-y-educacion-intercultural\\\/\"},\"wordCount\":1171,\"commentCount\":0,\"image\":{\"@id\":\"https:\\\/\\\/www.uoh.cl\\\/instituto-de-ciencias-de-la-educacion\\\/2026\\\/09\\\/04\\\/infancia-migrante-iced-realiza-seminario-sobre-cine-escolar-y-educacion-intercultural\\\/#primaryimage\"},\"thumbnailUrl\":\"https:\\\/\\\/www.uoh.cl\\\/instituto-de-ciencias-de-la-educacion\\\/wp-content\\\/uploads\\\/sites\\\/13\\\/2026\\\/09\\\/Infancia-migrante-7.jpg\",\"articleSection\":[\"Educaci\u00f3n\"],\"inLanguage\":\"es-CL\",\"potentialAction\":[{\"@type\":\"CommentAction\",\"name\":\"Comment\",\"target\":[\"https:\\\/\\\/www.uoh.cl\\\/instituto-de-ciencias-de-la-educacion\\\/2026\\\/09\\\/04\\\/infancia-migrante-iced-realiza-seminario-sobre-cine-escolar-y-educacion-intercultural\\\/#respond\"]}]},{\"@type\":\"WebPage\",\"@id\":\"https:\\\/\\\/www.uoh.cl\\\/instituto-de-ciencias-de-la-educacion\\\/2026\\\/09\\\/04\\\/infancia-migrante-iced-realiza-seminario-sobre-cine-escolar-y-educacion-intercultural\\\/\",\"url\":\"https:\\\/\\\/www.uoh.cl\\\/instituto-de-ciencias-de-la-educacion\\\/2026\\\/09\\\/04\\\/infancia-migrante-iced-realiza-seminario-sobre-cine-escolar-y-educacion-intercultural\\\/\",\"name\":\"Infancia migrante: ICED realiza seminario sobre cine escolar y educaci\u00f3n intercultural - Instituto de Ciencias de la Educaci\u00f3n\",\"isPartOf\":{\"@id\":\"https:\\\/\\\/www.uoh.cl\\\/instituto-de-ciencias-de-la-educacion\\\/#website\"},\"primaryImageOfPage\":{\"@id\":\"https:\\\/\\\/www.uoh.cl\\\/instituto-de-ciencias-de-la-educacion\\\/2026\\\/09\\\/04\\\/infancia-migrante-iced-realiza-seminario-sobre-cine-escolar-y-educacion-intercultural\\\/#primaryimage\"},\"image\":{\"@id\":\"https:\\\/\\\/www.uoh.cl\\\/instituto-de-ciencias-de-la-educacion\\\/2026\\\/09\\\/04\\\/infancia-migrante-iced-realiza-seminario-sobre-cine-escolar-y-educacion-intercultural\\\/#primaryimage\"},\"thumbnailUrl\":\"https:\\\/\\\/www.uoh.cl\\\/instituto-de-ciencias-de-la-educacion\\\/wp-content\\\/uploads\\\/sites\\\/13\\\/2026\\\/09\\\/Infancia-migrante-7.jpg\",\"datePublished\":\"2026-09-04T20:00:39+00:00\",\"author\":{\"@id\":\"https:\\\/\\\/www.uoh.cl\\\/instituto-de-ciencias-de-la-educacion\\\/#\\\/schema\\\/person\\\/ea242e676c7d6d7e46fc8b9e39486c4f\"},\"description\":\"En la actividad, la directora (s) regional del Servicio Nacional de Migraciones, Eva Acevedo, se comprometi\u00f3 a seguir trabajando por la regularizaci\u00f3n de c\u00e9dulas de ni\u00f1os y ni\u00f1as migrantes en la Regi\u00f3n.\",\"inLanguage\":\"es-CL\",\"potentialAction\":[{\"@type\":\"ReadAction\",\"target\":[\"https:\\\/\\\/www.uoh.cl\\\/instituto-de-ciencias-de-la-educacion\\\/2026\\\/09\\\/04\\\/infancia-migrante-iced-realiza-seminario-sobre-cine-escolar-y-educacion-intercultural\\\/\"]}]},{\"@type\":\"ImageObject\",\"inLanguage\":\"es-CL\",\"@id\":\"https:\\\/\\\/www.uoh.cl\\\/instituto-de-ciencias-de-la-educacion\\\/2026\\\/09\\\/04\\\/infancia-migrante-iced-realiza-seminario-sobre-cine-escolar-y-educacion-intercultural\\\/#primaryimage\",\"url\":\"https:\\\/\\\/www.uoh.cl\\\/instituto-de-ciencias-de-la-educacion\\\/wp-content\\\/uploads\\\/sites\\\/13\\\/2026\\\/09\\\/Infancia-migrante-7.jpg\",\"contentUrl\":\"https:\\\/\\\/www.uoh.cl\\\/instituto-de-ciencias-de-la-educacion\\\/wp-content\\\/uploads\\\/sites\\\/13\\\/2026\\\/09\\\/Infancia-migrante-7.jpg\",\"width\":2400,\"height\":1600},{\"@type\":\"WebSite\",\"@id\":\"https:\\\/\\\/www.uoh.cl\\\/instituto-de-ciencias-de-la-educacion\\\/#website\",\"url\":\"https:\\\/\\\/www.uoh.cl\\\/instituto-de-ciencias-de-la-educacion\\\/\",\"name\":\"Instituto de Ciencias de la Educaci\u00f3n\",\"description\":\"Otro sitio de Sitios de Universidad O&#039;higgins\",\"potentialAction\":[{\"@type\":\"SearchAction\",\"target\":{\"@type\":\"EntryPoint\",\"urlTemplate\":\"https:\\\/\\\/www.uoh.cl\\\/instituto-de-ciencias-de-la-educacion\\\/?s={search_term_string}\"},\"query-input\":{\"@type\":\"PropertyValueSpecification\",\"valueRequired\":true,\"valueName\":\"search_term_string\"}}],\"inLanguage\":\"es-CL\"},{\"@type\":\"Person\",\"@id\":\"https:\\\/\\\/www.uoh.cl\\\/instituto-de-ciencias-de-la-educacion\\\/#\\\/schema\\\/person\\\/ea242e676c7d6d7e46fc8b9e39486c4f\",\"name\":\"Universidad de O'Higgins\",\"image\":{\"@type\":\"ImageObject\",\"inLanguage\":\"es-CL\",\"@id\":\"https:\\\/\\\/secure.gravatar.com\\\/avatar\\\/78fcb76ca05efae11fd355943c01a832a29786cc00d85b1a82c301bea2b2a214?s=96&d=mm&r=g\",\"url\":\"https:\\\/\\\/secure.gravatar.com\\\/avatar\\\/78fcb76ca05efae11fd355943c01a832a29786cc00d85b1a82c301bea2b2a214?s=96&d=mm&r=g\",\"contentUrl\":\"https:\\\/\\\/secure.gravatar.com\\\/avatar\\\/78fcb76ca05efae11fd355943c01a832a29786cc00d85b1a82c301bea2b2a214?s=96&d=mm&r=g\",\"caption\":\"Universidad de O'Higgins\"}}]}<\/script>\n<!-- \/ Yoast SEO plugin. -->","yoast_head_json":{"title":"Infancia migrante: ICED realiza seminario sobre cine escolar y educaci\u00f3n intercultural - Instituto de Ciencias de la Educaci\u00f3n","description":"En la actividad, la directora (s) regional del Servicio Nacional de Migraciones, Eva Acevedo, se comprometi\u00f3 a seguir trabajando por la regularizaci\u00f3n de c\u00e9dulas de ni\u00f1os y ni\u00f1as migrantes en la Regi\u00f3n.","robots":{"index":"noindex","follow":"nofollow"},"og_locale":"es_ES","og_type":"article","og_title":"Infancia migrante: ICED realiza seminario sobre cine escolar y educaci\u00f3n intercultural - Instituto de Ciencias de la Educaci\u00f3n","og_description":"En la actividad, la directora (s) regional del Servicio Nacional de Migraciones, Eva Acevedo, se comprometi\u00f3 a seguir trabajando por la regularizaci\u00f3n de c\u00e9dulas de ni\u00f1os y ni\u00f1as migrantes en la Regi\u00f3n.","og_url":"https:\/\/www.uoh.cl\/instituto-de-ciencias-de-la-educacion\/2026\/09\/04\/infancia-migrante-iced-realiza-seminario-sobre-cine-escolar-y-educacion-intercultural\/","og_site_name":"Instituto de Ciencias de la Educaci\u00f3n","article_published_time":"2026-09-04T20:00:39+00:00","og_image":[{"width":2400,"height":1600,"url":"https:\/\/www.uoh.cl\/instituto-de-ciencias-de-la-educacion\/wp-content\/uploads\/sites\/13\/2026\/09\/Infancia-migrante-7.jpg","type":"image\/jpeg"}],"author":"Universidad de O'Higgins","twitter_card":"summary_large_image","twitter_misc":{"Escrito por":"Universidad de O'Higgins","Tiempo estimado de lectura":"6 minutos"},"schema":{"@context":"https:\/\/schema.org","@graph":[{"@type":"Article","@id":"https:\/\/www.uoh.cl\/instituto-de-ciencias-de-la-educacion\/2026\/09\/04\/infancia-migrante-iced-realiza-seminario-sobre-cine-escolar-y-educacion-intercultural\/#article","isPartOf":{"@id":"https:\/\/www.uoh.cl\/instituto-de-ciencias-de-la-educacion\/2026\/09\/04\/infancia-migrante-iced-realiza-seminario-sobre-cine-escolar-y-educacion-intercultural\/"},"author":{"name":"Universidad de O'Higgins","@id":"https:\/\/www.uoh.cl\/instituto-de-ciencias-de-la-educacion\/#\/schema\/person\/ea242e676c7d6d7e46fc8b9e39486c4f"},"headline":"Infancia migrante: ICED realiza seminario sobre cine escolar y educaci\u00f3n intercultural","datePublished":"2026-09-04T20:00:39+00:00","mainEntityOfPage":{"@id":"https:\/\/www.uoh.cl\/instituto-de-ciencias-de-la-educacion\/2026\/09\/04\/infancia-migrante-iced-realiza-seminario-sobre-cine-escolar-y-educacion-intercultural\/"},"wordCount":1171,"commentCount":0,"image":{"@id":"https:\/\/www.uoh.cl\/instituto-de-ciencias-de-la-educacion\/2026\/09\/04\/infancia-migrante-iced-realiza-seminario-sobre-cine-escolar-y-educacion-intercultural\/#primaryimage"},"thumbnailUrl":"https:\/\/www.uoh.cl\/instituto-de-ciencias-de-la-educacion\/wp-content\/uploads\/sites\/13\/2026\/09\/Infancia-migrante-7.jpg","articleSection":["Educaci\u00f3n"],"inLanguage":"es-CL","potentialAction":[{"@type":"CommentAction","name":"Comment","target":["https:\/\/www.uoh.cl\/instituto-de-ciencias-de-la-educacion\/2026\/09\/04\/infancia-migrante-iced-realiza-seminario-sobre-cine-escolar-y-educacion-intercultural\/#respond"]}]},{"@type":"WebPage","@id":"https:\/\/www.uoh.cl\/instituto-de-ciencias-de-la-educacion\/2026\/09\/04\/infancia-migrante-iced-realiza-seminario-sobre-cine-escolar-y-educacion-intercultural\/","url":"https:\/\/www.uoh.cl\/instituto-de-ciencias-de-la-educacion\/2026\/09\/04\/infancia-migrante-iced-realiza-seminario-sobre-cine-escolar-y-educacion-intercultural\/","name":"Infancia migrante: ICED realiza seminario sobre cine escolar y educaci\u00f3n intercultural - Instituto de Ciencias de la Educaci\u00f3n","isPartOf":{"@id":"https:\/\/www.uoh.cl\/instituto-de-ciencias-de-la-educacion\/#website"},"primaryImageOfPage":{"@id":"https:\/\/www.uoh.cl\/instituto-de-ciencias-de-la-educacion\/2026\/09\/04\/infancia-migrante-iced-realiza-seminario-sobre-cine-escolar-y-educacion-intercultural\/#primaryimage"},"image":{"@id":"https:\/\/www.uoh.cl\/instituto-de-ciencias-de-la-educacion\/2026\/09\/04\/infancia-migrante-iced-realiza-seminario-sobre-cine-escolar-y-educacion-intercultural\/#primaryimage"},"thumbnailUrl":"https:\/\/www.uoh.cl\/instituto-de-ciencias-de-la-educacion\/wp-content\/uploads\/sites\/13\/2026\/09\/Infancia-migrante-7.jpg","datePublished":"2026-09-04T20:00:39+00:00","author":{"@id":"https:\/\/www.uoh.cl\/instituto-de-ciencias-de-la-educacion\/#\/schema\/person\/ea242e676c7d6d7e46fc8b9e39486c4f"},"description":"En la actividad, la directora (s) regional del Servicio Nacional de Migraciones, Eva Acevedo, se comprometi\u00f3 a seguir trabajando por la regularizaci\u00f3n de c\u00e9dulas de ni\u00f1os y ni\u00f1as migrantes en la Regi\u00f3n.","inLanguage":"es-CL","potentialAction":[{"@type":"ReadAction","target":["https:\/\/www.uoh.cl\/instituto-de-ciencias-de-la-educacion\/2026\/09\/04\/infancia-migrante-iced-realiza-seminario-sobre-cine-escolar-y-educacion-intercultural\/"]}]},{"@type":"ImageObject","inLanguage":"es-CL","@id":"https:\/\/www.uoh.cl\/instituto-de-ciencias-de-la-educacion\/2026\/09\/04\/infancia-migrante-iced-realiza-seminario-sobre-cine-escolar-y-educacion-intercultural\/#primaryimage","url":"https:\/\/www.uoh.cl\/instituto-de-ciencias-de-la-educacion\/wp-content\/uploads\/sites\/13\/2026\/09\/Infancia-migrante-7.jpg","contentUrl":"https:\/\/www.uoh.cl\/instituto-de-ciencias-de-la-educacion\/wp-content\/uploads\/sites\/13\/2026\/09\/Infancia-migrante-7.jpg","width":2400,"height":1600},{"@type":"WebSite","@id":"https:\/\/www.uoh.cl\/instituto-de-ciencias-de-la-educacion\/#website","url":"https:\/\/www.uoh.cl\/instituto-de-ciencias-de-la-educacion\/","name":"Instituto de Ciencias de la Educaci\u00f3n","description":"Otro sitio de Sitios de Universidad O&#039;higgins","potentialAction":[{"@type":"SearchAction","target":{"@type":"EntryPoint","urlTemplate":"https:\/\/www.uoh.cl\/instituto-de-ciencias-de-la-educacion\/?s={search_term_string}"},"query-input":{"@type":"PropertyValueSpecification","valueRequired":true,"valueName":"search_term_string"}}],"inLanguage":"es-CL"},{"@type":"Person","@id":"https:\/\/www.uoh.cl\/instituto-de-ciencias-de-la-educacion\/#\/schema\/person\/ea242e676c7d6d7e46fc8b9e39486c4f","name":"Universidad de O'Higgins","image":{"@type":"ImageObject","inLanguage":"es-CL","@id":"https:\/\/secure.gravatar.com\/avatar\/78fcb76ca05efae11fd355943c01a832a29786cc00d85b1a82c301bea2b2a214?s=96&d=mm&r=g","url":"https:\/\/secure.gravatar.com\/avatar\/78fcb76ca05efae11fd355943c01a832a29786cc00d85b1a82c301bea2b2a214?s=96&d=mm&r=g","contentUrl":"https:\/\/secure.gravatar.com\/avatar\/78fcb76ca05efae11fd355943c01a832a29786cc00d85b1a82c301bea2b2a214?s=96&d=mm&r=g","caption":"Universidad de O'Higgins"}}]}},"_links":{"self":[{"href":"https:\/\/www.uoh.cl\/instituto-de-ciencias-de-la-educacion\/wp-json\/wp\/v2\/posts\/72876","targetHints":{"allow":["GET"]}}],"collection":[{"href":"https:\/\/www.uoh.cl\/instituto-de-ciencias-de-la-educacion\/wp-json\/wp\/v2\/posts"}],"about":[{"href":"https:\/\/www.uoh.cl\/instituto-de-ciencias-de-la-educacion\/wp-json\/wp\/v2\/types\/post"}],"author":[{"embeddable":true,"href":"https:\/\/www.uoh.cl\/instituto-de-ciencias-de-la-educacion\/wp-json\/wp\/v2\/users\/34"}],"replies":[{"embeddable":true,"href":"https:\/\/www.uoh.cl\/instituto-de-ciencias-de-la-educacion\/wp-json\/wp\/v2\/comments?post=72876"}],"version-history":[{"count":0,"href":"https:\/\/www.uoh.cl\/instituto-de-ciencias-de-la-educacion\/wp-json\/wp\/v2\/posts\/72876\/revisions"}],"wp:featuredmedia":[{"embeddable":true,"href":"https:\/\/www.uoh.cl\/instituto-de-ciencias-de-la-educacion\/wp-json\/wp\/v2\/media\/72877"}],"wp:attachment":[{"href":"https:\/\/www.uoh.cl\/instituto-de-ciencias-de-la-educacion\/wp-json\/wp\/v2\/media?parent=72876"}],"wp:term":[{"taxonomy":"category","embeddable":true,"href":"https:\/\/www.uoh.cl\/instituto-de-ciencias-de-la-educacion\/wp-json\/wp\/v2\/categories?post=72876"},{"taxonomy":"post_tag","embeddable":true,"href":"https:\/\/www.uoh.cl\/instituto-de-ciencias-de-la-educacion\/wp-json\/wp\/v2\/tags?post=72876"}],"curies":[{"name":"wp","href":"https:\/\/api.w.org\/{rel}","templated":true}]}}