
{"id":4836,"date":"2024-05-03T11:24:29","date_gmt":"2024-05-03T14:24:29","guid":{"rendered":"https:\/\/www.uoh.cl\/instituto-de-ciencias-de-la-educacion\/2024\/05\/03\/uoh-estudia-las-artes-las-artesanias-y-los-oficios-tradicionales-de-la-region-de-ohiggins\/"},"modified":"2024-05-03T11:24:29","modified_gmt":"2024-05-03T14:24:29","slug":"uoh-estudia-las-artes-las-artesanias-y-los-oficios-tradicionales-de-la-region-de-ohiggins","status":"publish","type":"post","link":"https:\/\/www.uoh.cl\/instituto-de-ciencias-de-la-educacion\/2024\/05\/03\/uoh-estudia-las-artes-las-artesanias-y-los-oficios-tradicionales-de-la-region-de-ohiggins\/","title":{"rendered":"UOH estudia las artes, las artesan\u00edas y los oficios tradicionales de la Regi\u00f3n de O\u2019Higgins"},"content":{"rendered":"<div class=\"wpb-content-wrapper\"><p>[vc_section el_class=&#8221;container mx-auto align-items-center circle&#8211;pattern&#8221; css=&#8221;.vc_custom_1648956589196{padding-top: 3rem !important;}&#8221;][vc_row][vc_column]<div class=\"breadcrumb\"><ol itemscope itemtype=\"https:\/\/schema.org\/BreadcrumbList\"><li itemprop=\"itemListElement\" itemscope itemtype=\"https:\/\/schema.org\/ListItem\"><a itemprop=\"item\" href=\"http:\/\/www.uoh.cl\"><span itemprop=\"name\">Inicio<\/span><\/a><meta itemprop=\"position\" content=\"1\" \/><li itemprop=\"itemListElement\" itemscope itemtype=\"https:\/\/schema.org\/ListItem\"><a itemprop=\"item\" href=\"https:\/\/www.uoh.cl\/instituto-de-ciencias-de-la-educacion\"><span itemprop=\"name\">Instituto de Ciencias de la Educaci\u00f3n<\/span><\/a><meta itemprop=\"position\" content=\"2\" \/><li itemprop=\"itemListElement\" itemscope itemtype=\"https:\/\/schema.org\/ListItem\"><a itemprop=\"item\" href=\"https:\/\/www.uoh.cl\/instituto-de-ciencias-de-la-educacion\/noticias\/\"><span itemprop=\"name\">Noticias<\/span><\/a><meta itemprop=\"position\" content=\"3\" \/><li itemprop=\"itemListElement\" itemscope itemtype=\"https:\/\/schema.org\/ListItem\"><span itemprop=\"name\">UOH estudia las artes, las artesan\u00edas y los oficios tradicionales <\/span><meta itemprop=\"position\" content=\"4\" \/><\/ol><\/div><ul class=\"p-0 list-style-none d-inline-block\"><li class=\"p-0\"><a href=https:\/\/www.uoh.cl\/instituto-de-ciencias-de-la-educacion\/category\/educacion\/ class=\"px-1 py-2\">Educaci\u00f3n<\/a><\/li><\/ul><div class=\"date_publish_post\"> \u25cf Vie 03 de Mayo 2024<\/div><div class=\"uoh_title_component-container\"><h1 class=\"title title--ms d-inline-block title--decorator  big\">UOH estudia las artes, las artesan\u00edas y los oficios tradicionales de la Regi\u00f3n de O\u2019Higgins<\/h1><\/div>[vc_row_inner el_class=&#8221;border-separator m-0&#8243;][vc_column_inner width=&#8221;2\/3&#8243;]<div class=\"author_wp_class\"> Escrito por <span>Universidad de O'Higgins<\/span><\/div>[\/vc_column_inner][vc_column_inner el_class=&#8221;align-items-end-publish&#8221; width=&#8221;1\/3&#8243;]<div class=\"uoh_social_network_component uoh_row col-12 justify-content-end m-0 p-0\"> <div class=\"icon__facebook-share-button\">\n                       <a href=\"https:\/\/www.facebook.com\/sharer\/sharer.php?u=https:\/\/www.uoh.cl\/instituto-de-ciencias-de-la-educacion\/2024\/05\/03\/uoh-estudia-las-artes-las-artesanias-y-los-oficios-tradicionales-de-la-region-de-ohiggins\/\" target=\"_blank\"> <div class=\"icon__facebook-svg\"><svg version=\"1.1\" xmlns=\"http:\/\/www.w3.org\/2000\/svg\" xmlns:xlink=\"http:\/\/www.w3.org\/1999\/xlink\" x=\"0px\" y=\"0px\" width=\"22.4px\" height=\"48.3px\" viewBox=\"0 0 22.4 48.3\" style=\"overflow:visible;enable-background:new 0 0 22.4 48.3;\" xml:space=\"preserve\">\n                <defs>\n                <\/defs>\n                <path class=\"st0\" d=\"M22.4,15.6h-7.6v-5c0-1.9,1.2-2.3,2.1-2.3c0.9,0,5.4,0,5.4,0V0l-7.4,0C6.6,0,4.8,6.2,4.8,10.1v5.5H0v8.5h4.8\n                    c0,10.9,0,24.1,0,24.1h10c0,0,0-13.3,0-24.1h6.8L22.4,15.6z\"><\/path>\n                <\/svg><\/a><\/div>\n                    <\/div><div class=\"icon__twitter-share-button\">\n                        <div class=\"icon__twitter-svg\"><a target=\"_blank\" href=\"http:\/\/twitter.com\/share?url=https:\/\/www.uoh.cl\/instituto-de-ciencias-de-la-educacion\/2024\/05\/03\/uoh-estudia-las-artes-las-artesanias-y-los-oficios-tradicionales-de-la-region-de-ohiggins\/\"><svg xmlns=\"http:\/\/www.w3.org\/2000\/svg\" height=\"1em\" viewBox=\"0 0 512 512\"><!--! Font Awesome Free 6.4.2 by @fontawesome - https:\/\/fontawesome.com License - https:\/\/fontawesome.com\/license (Commercial License) Copyright 2023 Fonticons, Inc. --><path d=\"M389.2 48h70.6L305.6 224.2 487 464H345L233.7 318.6 106.5 464H35.8L200.7 275.5 26.8 48H172.4L272.9 180.9 389.2 48zM364.4 421.8h39.1L151.1 88h-42L364.4 421.8z\"\/><\/svg><\/a><\/div>\n                        <\/div><div class=\"icon__linkedin-share-button\">\n                        <div class=\"icon__linkedin-svg\">\n                        <a target=\"__blank\" href=\"https:\/\/www.linkedin.com\/sharing\/share-offsite\/?url=https:\/\/www.uoh.cl\/instituto-de-ciencias-de-la-educacion\/2024\/05\/03\/uoh-estudia-las-artes-las-artesanias-y-los-oficios-tradicionales-de-la-region-de-ohiggins\/\"><svg enable-background=\"new 0 0 100 100\" height=\"100px\" id=\"Layer_1\" version=\"1.1\" viewBox=\"0 0 100 100\" width=\"100px\" xml:space=\"preserve\" xmlns=\"http:\/\/www.w3.org\/2000\/svg\" xmlns:xlink=\"http:\/\/www.w3.org\/1999\/xlink\"><g><circle cx=\"50\" cy=\"50\" fill=\"#ccc\" r=\"45\"\/><g id=\"LinkedIn_1_\"><rect fill=\"#FFFFFF\" height=\"24.361\" width=\"7.69\" x=\"31.271\" y=\"43.569\"\/><path d=\"M59.968,43.334c-4.406,0-7.165,2.387-7.677,4.058v-3.823h-8.636c0.109,2.03,0,24.361,0,24.361h8.636    V54.748c0-0.733-0.034-1.465,0.19-1.991c0.594-1.464,1.869-2.985,4.162-2.985c2.998,0,4.361,2.253,4.361,5.552V67.93h8.721V54.384    C69.726,46.839,65.432,43.334,59.968,43.334z\" fill=\"#FFFFFF\"\/><path d=\"M34.973,32.069c-2.839,0-4.696,1.823-4.696,4.229c0,2.361,1.804,4.224,4.589,4.224h0.054    c2.891,0,4.69-1.869,4.69-4.229C39.555,33.888,37.81,32.069,34.973,32.069z\" fill=\"#FFFFFF\"\/><\/g><\/g><\/svg><\/a><\/div>\n\n            <\/div><\/div>[\/vc_column_inner][\/vc_row_inner][vc_single_image image=&#8221;33366&#8243; img_size=&#8221;full&#8221; add_caption=&#8221;yes&#8221; alignment=&#8221;center&#8221; onclick=&#8221;img_link_large&#8221; img_link_target=&#8221;_blank&#8221;][vc_column_text]\u00a0[\/vc_column_text][vc_column_text]<\/p>\n<ul>\n<li><em>Acad\u00e9mico Jos\u00e9 Mela lidera equipo de investigaci\u00f3n que busca entregar datos que apoyen la creaci\u00f3n de una futura Escuela de Artes, Artesan\u00edas y Oficios en la regi\u00f3n, en un trabajo conjunto entre la UOH y la Serem\u00eda de las Culturas, las Artes y el Patrimonio.<\/em><\/li>\n<\/ul>\n<p>[\/vc_column_text][vc_column_text]\u00a0[\/vc_column_text][vc_column_text]Establecer las caracter\u00edsticas, necesidades formativas, expectativas y recursos del trabajo desarrollado por artesanos\/as, artistas y exponentes de oficios tradicionales en la Regi\u00f3n de O&#8217;Higgins es el objetivo principal del estudio que lidera el acad\u00e9mico del <a href=\"https:\/\/www.uoh.cl\/instituto-de-ciencias-de-la-educacion\/\">Instituto de Ciencias de la Educaci\u00f3n (ICEd)<\/a> de la <a href=\"http:\/\/www.uoh.cl\">Universidad de O\u2019Higgins<\/a>, <a href=\"https:\/\/www.uoh.cl\/instituto-de-ciencias-de-la-educacion\/academico\/jose-mela\/\">Jos\u00e9 Mela.<\/a><\/p>\n<p>Los datos cualitativos y cuantitativos recopilados buscan \u201caportar nueva informaci\u00f3n que contribuya al fortalecimiento y promoci\u00f3n de estos sectores en el territorio regional, identificando \u00e1reas de mejora y posibles oportunidades de inserci\u00f3n en mercados locales, regionales, nacionales e internacionales\u201d, explica el Dr. Mela. Junto a ello, detalla, se espera \u201ccontribuir al levantamiento de la Escuela de Artes, Artesan\u00edas y Oficios de la Regi\u00f3n de O\u2019Higgins, proyecto que trabajan en conjunto la <a href=\"https:\/\/www.cultura.gob.cl\/ohiggins\/#:~:text=Flor%20Ilic%20Garc%C3%ADa%2C%20Secretaria%20Regional,las%20Artes%20y%20el%20Patrimonio.\">Serem\u00eda de las Culturas, las Artes y el Patrimonio de la Regi\u00f3n de O\u2019Higgins<\/a> y la <a href=\"https:\/\/www.uoh.cl\/extension\/\">Direcci\u00f3n de Cultura, Patrimonio y Extensi\u00f3n de la Universidad de O\u2019Higgins\u201d<\/a>.<\/p>\n<p>La investigaci\u00f3n, en su fase inicial, incorpora metodolog\u00edas mixtas como cartograf\u00eda, entrevistas y una encuesta online aplicadas en las tres provincias, con la finalidad de obtener una mirada regional del estado de las artes visuales, artesan\u00edas y oficios. Y un primer informe de resultados se entreg\u00f3 a la <a href=\"https:\/\/www.cultura.gob.cl\/ohiggins\/#:~:text=Flor%20Ilic%20Garc%C3%ADa%2C%20Secretaria%20Regional,las%20Artes%20y%20el%20Patrimonio.\">Seremi de las Culturas, las Artes y el Patrimonio de la Regi\u00f3n de O\u2019Higgins, Flor Ilic,<\/a> quien estuvo acompa\u00f1ada de la coordinadora (s) del Programa de Ciudadan\u00eda Cultural, Nathalie Jara; de la coordinadora de Educaci\u00f3n Art\u00edstica, Alejandra S\u00e1ez; y de la directora del Servicio Regional del Patrimonio Cultural, Lesly Araya.<\/p>\n<h4><strong>Resultados: primera fase<\/strong><\/h4>\n<p>\u201cCon esta primera fase del estudio, sin antecedentes previos en O\u2019Higgins, podemos conocer qu\u00e9 tanto las artes visuales, las artesan\u00edas y los oficios tradicionales destacan en nuestra regi\u00f3n por su rica tradici\u00f3n art\u00edstica y creativa y su gran vinculaci\u00f3n con el fortalecimiento de la identidad regional\u201d, explica el Dr. Jos\u00e9 Mela. Asimismo, indica que \u201clos tres sectores han sufrido transformaciones producto del desarrollo tecnol\u00f3gico y los cambios en los medios de producci\u00f3n; el movimiento demogr\u00e1fico y la pandemia del Covid-19 que propici\u00f3 el uso de las tecnolog\u00edas de la informaci\u00f3n (Tic\u2019s) para difundir los productos y las obras. Tambi\u00e9n podemos conocer su necesidad de mejorar el acceso a recursos y materias primas y a la formaci\u00f3n t\u00e9cnica y te\u00f3rica\u201d.<\/p>\n<p>En este mismo sentido, el acad\u00e9mico de la UOH \u00a0resalta que \u201cdebido a los vaivenes econ\u00f3micos, hoy en d\u00eda resulta mucho m\u00e1s caro ser artesano o artesana y, por lo tanto, el sector requiere un apoyo m\u00e1s focalizado para obtener recursos, as\u00ed como el conocimiento de nuevas estrategias de difusi\u00f3n y comercializaci\u00f3n\u201d. Y precisa que \u201cmuchos de los artesanos\/as y representantes de oficios tradicionales son personas mayores de 50 a\u00f1os, entonces requieren capacitaci\u00f3n en el uso de redes sociales y las nuevas tecnolog\u00edas para mejorar sus procesos y\/o servicios. Las artes visuales, en cambio, necesitan mejorar la formaci\u00f3n y el acceso a m\u00e1s espacios expositivos para potenciar la creaci\u00f3n y visualizaci\u00f3n art\u00edstica\u201d.<\/p>\n<p>Finalmente, en t\u00e9rminos geogr\u00e1ficos, explic\u00f3 el acad\u00e9mico, los datos indican que las tres \u00e1reas se concentran en Rancagua, San Fernando y Pichilemu por motivos de mayor cercan\u00eda con centros de producci\u00f3n, difusi\u00f3n o de formaci\u00f3n.<\/p>\n<h4><strong>Estudio clave para la pol\u00edtica p\u00fablica<\/strong><\/h4>\n<p>\u201cEste estudio es clave\u201d, se\u00f1ala la Seremi de las Culturas, las Artes y el Patrimonio, Flor Ilic, porque \u201csi bien hay una sensaci\u00f3n ambiente sobre la falta de profesionalizaci\u00f3n en las artes en general, y tenemos un diagn\u00f3stico intuitivo\u00a0 de que los oficios de nuestra regi\u00f3n se est\u00e1n perdiendo entre las nuevas generaciones, ya que los j\u00f3venes est\u00e1n motivados a hacer otras cosas, necesit\u00e1bamos poder levantar un estudio que nos permita tener los datos duros de este panorama cultural de desarrollo regional. Entonces, qu\u00e9 mejor que hacerlo con la Universidad de O\u2019Higgins, sus acad\u00e9micos\/as y sus departamentos de estudio\u201d.<\/p>\n<p>La autoridad regional agreg\u00f3 que \u201cpara nosotros\/as estos datos son fundamentales porque, junto con la Universidad de O\u2019Higgins, estamos vislumbrando la posibilidad de construir o de elaborar una escuela regional de artes, artesan\u00edas y oficios, justamente, para poder profesionalizar las artes que en esta regi\u00f3n no tienen en ning\u00fan instituto ni universidad, alg\u00fan tipo de carrera art\u00edstica, por lo tanto, tenemos a nuestros artistas sin capacidad de profesionalizarse, o teniendo que irse de la regi\u00f3n\u201d. Y a ello -contin\u00faa- sumamos que \u201ccrear una escuela nos entrega la posibilidad de fortalecer y salvaguardar nuestro patrimonio, a trav\u00e9s de estos oficios, de la transmisi\u00f3n de conocimiento, de los oficios, de los saberes, que tambi\u00e9n es muy relevante para nuestro fortalecimiento de la identidad cultural regional\u201d.<\/p>\n<p>Este estudio, puntualiza Flor Ilic, nos permite \u201ctomar decisiones de pol\u00edticas p\u00fablicas, de dise\u00f1o estrat\u00e9gico de un programa que podr\u00eda permitir un espacio no s\u00f3lo a la formaci\u00f3n para la profesionalizaci\u00f3n en las artes, las artesan\u00edas y los oficios; sino que abra posibilidades a los j\u00f3venes de interesarse en poder trabajar en estos oficios y fortalecer los ecosistemas culturales en general, lo que implica darle vida, a trav\u00e9s de la entrega de herramientas que permitan ser competitivos en el mundo, a las personas que desean desarrollarse en el \u00e1mbito creativo\u201d.<\/p>\n<p>En los pr\u00f3ximos meses, la UOH y la Seremi de las Culturas, las Artes y el Patrimonio volver\u00e1n a firmar un convenio de colaboraci\u00f3n para concretar la segunda etapa y final del \u201cEstudio sobre Artes, Artesan\u00eda y Oficios Tradicionales de la Regi\u00f3n del Libertador General Bernardo O\u2019Higgins\u201d, instancia que busca sumar a artistas esc\u00e9nicos, m\u00fasicos y de las artes literarias a la muestra regional. Tambi\u00e9n considerar\u00e1 difundir los resultados del estudio en las tres provincias de la regi\u00f3n, a trav\u00e9s de conversatorios con los distintos actores de la sociedad, de modo de transferir las experiencias y datos levantados por el equipo de investigaci\u00f3n, detall\u00f3 el acad\u00e9mico de la UOH.[\/vc_column_text][vc_zigzag color=&#8221;white&#8221;][\/vc_column][\/vc_row][\/vc_section][vc_section css=&#8221;.vc_custom_1650255686594{background-color: #f6faff !important;}&#8221; el_class=&#8221;p-md-0 pt-md-5&#8243;][vc_row el_class=&#8221;container mx-auto align-items-center p-md-0 pt-5 pb-5&#8243;][vc_column el_class=&#8221;pb-5&#8243;][vc_row_inner el_class=&#8221;pb-5&#8243;][vc_column_inner]<div class=\"row m-0 p-0\"><div class=\"col-12 col-md-9 pt-5 pt-md-0\"><h2 class=\"title title--decorator title--ms d-inline-block\">Te Recomendamos<\/h2><\/div><\/div><div class=\"content-holder\"><div class=\"row  swipper-news-list not--activate-hack \"><div class=\"row -wrapper\"><div class=\"  col-sm-6 col-md-4 img-article\">\n                                        <div class=\"content-news-display row m-0 p-0\"><div class=\"holder p-0 \"><div class=\"img-wrap img-wrap-news\">\n                                        <div class=\"caption__news-category\">\n                                        <a href=\"https:\/\/www.uoh.cl\/instituto-de-ciencias-de-la-educacion\/category\/educacion\/\">\n                                        Educaci\u00f3n<\/a><\/div><img decoding=\"async\" class=\"w-100 h-100 lazyload\" data-src=\"https:\/\/www.uoh.cl\/instituto-de-ciencias-de-la-educacion\/wp-content\/uploads\/sites\/13\/2026\/04\/Convivencia-escolar.jpg\" alt=\"Conflicto no es violencia: claves para abordar la convivencia escolar m\u00e1s all\u00e1 del castigo\" style=\"--smush-placeholder-width: 1201px; --smush-placeholder-aspect-ratio: 1201\/800;object-fit: cover; object-position: center;\" src=\"data:image\/svg+xml;base64,PHN2ZyB3aWR0aD0iMSIgaGVpZ2h0PSIxIiB4bWxucz0iaHR0cDovL3d3dy53My5vcmcvMjAwMC9zdmciPjwvc3ZnPg==\"><\/div><\/div><div class=\"caption py-3 caption__news py-md-3 pb-md-5\">\n                                    <span class=\"caption__date\">Jueves 16, Abril<\/span>\n                                     <a href=\"https:\/\/www.uoh.cl\/instituto-de-ciencias-de-la-educacion\/2026\/04\/16\/conflicto-no-es-violencia-claves-para-abordar-la-convivencia-escolar-mas-alla-del-castigo\/\">\n                                    <h3 class=\"small-space\">Conflicto no es violencia: claves para abordar la convivencia escolar m\u00e1s all\u00e1 del castigo<\/h3><\/a>\n\n                                    <p>Acad\u00e9mica advierte que centrarse solo en sanciones no resuelve la violencia en escuelas y plantea la urgencia de fortalecer enfoques formativos que promuevan el di\u00e1logo, la confianza y la convivencia democr\u00e1tica.<\/p>\n                                    <a class=\"link link--bold mt-md-3\" href=\"https:\/\/www.uoh.cl\/instituto-de-ciencias-de-la-educacion\/2026\/04\/16\/conflicto-no-es-violencia-claves-para-abordar-la-convivencia-escolar-mas-alla-del-castigo\/\">Saber m\u00e1s <span class=\"icon icon--inline icon--link\"><svg version=\"1.1\" xmlns=\"http:\/\/www.w3.org\/2000\/svg\" xmlns:xlink=\"http:\/\/www.w3.org\/1999\/xlink\" x=\"0px\" y=\"0px\" width=\"22px\"height=\"22px\" viewBox=\"0 0 22 22\" style=\"overflow:visible;enable-background:new 0 0 80 64.6;\" xml:space=\"preserve\"><g clip-path=\"url(#acA)\"><path fill-rule=\"evenodd\" d=\"M21.913 11.266a.93.93 0 000-.711c-.022-.056-.063-.097-.091-.144s-.053-.103-.097-.15L12.306.294c-.357-.379-.955-.394-1.334-.038s-.394.955-.038 1.334l7.917 8.374H.927a.95.95 0 00-.908.983.946.946 0 00.908.908h17.924l-8.089 8.552c-.357.379-.341.977.034 1.334s.977.341 1.334-.034l9.594-10.148c.044-.044.063-.1.097-.15.028-.047.069-.088.091-.141z\"\/><\/g><defs><clipPath id=\"acA\"><path fill=\"#fff\" d=\"M0 0h22v22H0z\"\/><\/clipPath><\/defs><\/svg><\/span><\/a><\/div><\/div><\/div><div class=\"  col-sm-6 col-md-4 img-article\">\n                                        <div class=\"content-news-display row m-0 p-0\"><div class=\"holder p-0 \"><div class=\"img-wrap img-wrap-news\">\n                                        <div class=\"caption__news-category\">\n                                        <a href=\"https:\/\/www.uoh.cl\/instituto-de-ciencias-de-la-educacion\/category\/cuech\/\">\n                                        CUECH<\/a><\/div><img decoding=\"async\" class=\"w-100 h-100 lazyload\" data-src=\"https:\/\/www.uoh.cl\/instituto-de-ciencias-de-la-educacion\/wp-content\/uploads\/sites\/13\/2026\/04\/DSC_2431-scaled.jpg\" alt=\"Universidades estatales sellan hoja de ruta 2030: Red Desarrollo Sustentable entra en fase de consolidaci\u00f3n\" style=\"--smush-placeholder-width: 2560px; --smush-placeholder-aspect-ratio: 2560\/1707;object-fit: cover; object-position: center;\" src=\"data:image\/svg+xml;base64,PHN2ZyB3aWR0aD0iMSIgaGVpZ2h0PSIxIiB4bWxucz0iaHR0cDovL3d3dy53My5vcmcvMjAwMC9zdmciPjwvc3ZnPg==\"><\/div><\/div><div class=\"caption py-3 caption__news py-md-3 pb-md-5\">\n                                    <span class=\"caption__date\">Mi\u00e9rcoles 15, Abril<\/span>\n                                     <a href=\"https:\/\/www.uoh.cl\/instituto-de-ciencias-de-la-educacion\/2026\/04\/15\/universidades-estatales-sellan-hoja-de-ruta-2030-red-desarrollo-sustentable-entra-en-fase-de-consolidacion\/\">\n                                    <h3 class=\"small-space\">Universidades estatales sellan hoja de ruta 2030: Red Desarrollo Sustentable entra en fase de consolidaci\u00f3n<\/h3><\/a>\n\n                                    <p>En el Plenario realizado en la Universidad de O'Higgins, los 18 planteles p\u00fablicos definieron sus metas estrat\u00e9gicas para el periodo 2026-2030. El plan priorizar\u00e1 la institucionalizaci\u00f3n de capacidades, un diplomado para organismos p\u00fablicos y la medici\u00f3n de la huella h\u00eddrica en los campus.<\/p>\n                                    <a class=\"link link--bold mt-md-3\" href=\"https:\/\/www.uoh.cl\/instituto-de-ciencias-de-la-educacion\/2026\/04\/15\/universidades-estatales-sellan-hoja-de-ruta-2030-red-desarrollo-sustentable-entra-en-fase-de-consolidacion\/\">Saber m\u00e1s <span class=\"icon icon--inline icon--link\"><svg version=\"1.1\" xmlns=\"http:\/\/www.w3.org\/2000\/svg\" xmlns:xlink=\"http:\/\/www.w3.org\/1999\/xlink\" x=\"0px\" y=\"0px\" width=\"22px\"height=\"22px\" viewBox=\"0 0 22 22\" style=\"overflow:visible;enable-background:new 0 0 80 64.6;\" xml:space=\"preserve\"><g clip-path=\"url(#acA)\"><path fill-rule=\"evenodd\" d=\"M21.913 11.266a.93.93 0 000-.711c-.022-.056-.063-.097-.091-.144s-.053-.103-.097-.15L12.306.294c-.357-.379-.955-.394-1.334-.038s-.394.955-.038 1.334l7.917 8.374H.927a.95.95 0 00-.908.983.946.946 0 00.908.908h17.924l-8.089 8.552c-.357.379-.341.977.034 1.334s.977.341 1.334-.034l9.594-10.148c.044-.044.063-.1.097-.15.028-.047.069-.088.091-.141z\"\/><\/g><defs><clipPath id=\"acA\"><path fill=\"#fff\" d=\"M0 0h22v22H0z\"\/><\/clipPath><\/defs><\/svg><\/span><\/a><\/div><\/div><\/div><div class=\"  col-sm-6 col-md-4 img-article\">\n                                        <div class=\"content-news-display row m-0 p-0\"><div class=\"holder p-0 \"><div class=\"img-wrap img-wrap-news\">\n                                        <div class=\"caption__news-category\">\n                                        <a href=\"https:\/\/www.uoh.cl\/instituto-de-ciencias-de-la-educacion\/category\/investigacion\/\">\n                                        Investigaci\u00f3n<\/a><\/div><img decoding=\"async\" class=\"w-100 h-100 lazyload\" data-src=\"https:\/\/www.uoh.cl\/instituto-de-ciencias-de-la-educacion\/wp-content\/uploads\/sites\/13\/2026\/04\/DSC_2212-scaled.jpg\" alt=\"UOH lanza serie audiovisual para visibilizar el aporte de sus investigadoras al desarrollo del territorio\" style=\"--smush-placeholder-width: 2560px; --smush-placeholder-aspect-ratio: 2560\/1440;object-fit: cover; object-position: center;\" src=\"data:image\/svg+xml;base64,PHN2ZyB3aWR0aD0iMSIgaGVpZ2h0PSIxIiB4bWxucz0iaHR0cDovL3d3dy53My5vcmcvMjAwMC9zdmciPjwvc3ZnPg==\"><\/div><\/div><div class=\"caption py-3 caption__news py-md-3 pb-md-5\">\n                                    <span class=\"caption__date\">Mi\u00e9rcoles 1, Abril<\/span>\n                                     <a href=\"https:\/\/www.uoh.cl\/instituto-de-ciencias-de-la-educacion\/2026\/04\/01\/uoh-lanza-serie-audiovisual-para-visibilizar-el-aporte-de-sus-investigadoras-al-desarrollo-del-territorio\/\">\n                                    <h3 class=\"small-space\">UOH lanza serie audiovisual para visibilizar el aporte de sus investigadoras al desarrollo del territorio<\/h3><\/a>\n\n                                    <p>La iniciativa, impulsada por el proyecto InES G\u00e9nero UOH, contempla cinco episodios que relevan las trayectorias y el impacto de mujeres en la investigaci\u00f3n, desarrollo, innovaci\u00f3n y emprendimiento.<\/p>\n                                    <a class=\"link link--bold mt-md-3\" href=\"https:\/\/www.uoh.cl\/instituto-de-ciencias-de-la-educacion\/2026\/04\/01\/uoh-lanza-serie-audiovisual-para-visibilizar-el-aporte-de-sus-investigadoras-al-desarrollo-del-territorio\/\">Saber m\u00e1s <span class=\"icon icon--inline icon--link\"><svg version=\"1.1\" xmlns=\"http:\/\/www.w3.org\/2000\/svg\" xmlns:xlink=\"http:\/\/www.w3.org\/1999\/xlink\" x=\"0px\" y=\"0px\" width=\"22px\"height=\"22px\" viewBox=\"0 0 22 22\" style=\"overflow:visible;enable-background:new 0 0 80 64.6;\" xml:space=\"preserve\"><g clip-path=\"url(#acA)\"><path fill-rule=\"evenodd\" d=\"M21.913 11.266a.93.93 0 000-.711c-.022-.056-.063-.097-.091-.144s-.053-.103-.097-.15L12.306.294c-.357-.379-.955-.394-1.334-.038s-.394.955-.038 1.334l7.917 8.374H.927a.95.95 0 00-.908.983.946.946 0 00.908.908h17.924l-8.089 8.552c-.357.379-.341.977.034 1.334s.977.341 1.334-.034l9.594-10.148c.044-.044.063-.1.097-.15.028-.047.069-.088.091-.141z\"\/><\/g><defs><clipPath id=\"acA\"><path fill=\"#fff\" d=\"M0 0h22v22H0z\"\/><\/clipPath><\/defs><\/svg><\/span><\/a><\/div><\/div><\/div><\/div><\/div><\/div><div class=\"pagination justify-content-center my-5\"><span aria-current=\"page\" class=\"page-numbers current\">1<\/span>\n<a class=\"page-numbers\" href=\"https:\/\/www.uoh.cl\/instituto-de-ciencias-de-la-educacion\/wp-json\/wp\/v2\/posts\/4836\/\/page\/2\">2<\/a>\n<a class=\"page-numbers\" href=\"https:\/\/www.uoh.cl\/instituto-de-ciencias-de-la-educacion\/wp-json\/wp\/v2\/posts\/4836\/\/page\/3\">3<\/a>\n<span class=\"page-numbers dots\">&hellip;<\/span>\n<a class=\"page-numbers\" href=\"https:\/\/www.uoh.cl\/instituto-de-ciencias-de-la-educacion\/wp-json\/wp\/v2\/posts\/4836\/\/page\/111\">111<\/a>\n<a class=\"next page-numbers\" href=\"https:\/\/www.uoh.cl\/instituto-de-ciencias-de-la-educacion\/wp-json\/wp\/v2\/posts\/4836\/\/page\/2\"><div class=\"icon-pagination-next\"> <?xml version=\"1.0\" ?><svg viewBox=\"0 0 96 96\" xmlns=\"http:\/\/www.w3.org\/2000\/svg\"><title\/><path d=\"M39.3756,48.0022l30.47-25.39a6.0035,6.0035,0,0,0-7.6878-9.223L26.1563,43.3906a6.0092,6.0092,0,0,0,0,9.2231L62.1578,82.615a6.0035,6.0035,0,0,0,7.6878-9.2231Z\"\/><\/svg> <\/div><\/a><\/div>[\/vc_column_inner][\/vc_row_inner][\/vc_column][\/vc_row][\/vc_section]<\/p>\n<\/div>","protected":false},"excerpt":{"rendered":"<p>Acad\u00e9mico Jos\u00e9 Mela lidera equipo de investigaci\u00f3n que busca entregar datos que apoyen la creaci\u00f3n de una futura Escuela de Artes, Artesan\u00edas y Oficios en la regi\u00f3n, en un trabajo conjunto entre la UOH y la Serem\u00eda de las Culturas, las Artes y el Patrimonio.<\/p>\n","protected":false},"author":34,"featured_media":4837,"comment_status":"open","ping_status":"open","sticky":false,"template":"","format":"standard","meta":{"_acf_changed":false,"footnotes":""},"categories":[46],"tags":[],"class_list":["post-4836","post","type-post","status-publish","format-standard","has-post-thumbnail","hentry","category-educacion"],"acf":[],"yoast_head":"<!-- This site is optimized with the Yoast SEO plugin v26.6 - https:\/\/yoast.com\/wordpress\/plugins\/seo\/ -->\n<title>UOH estudia las artes, las artesan\u00edas y los oficios tradicionales de la Regi\u00f3n de O\u2019Higgins - Instituto de Ciencias de la Educaci\u00f3n<\/title>\n<meta name=\"description\" content=\"Las cifras entregadas por el Gobierno y por algunas encuestas de nivel nacional no permiten coincidir la dimensi\u00f3n pragm\u00e1tica de la seguridad p\u00fablica y la percepci\u00f3n de quienes diariamente deben enfrentar la calle y el bombardeo informativo.\" \/>\n<meta name=\"robots\" content=\"noindex, nofollow\" \/>\n<meta property=\"og:locale\" content=\"es_ES\" \/>\n<meta property=\"og:type\" content=\"article\" \/>\n<meta property=\"og:title\" content=\"UOH estudia las artes, las artesan\u00edas y los oficios tradicionales de la Regi\u00f3n de O\u2019Higgins - Instituto de Ciencias de la Educaci\u00f3n\" \/>\n<meta property=\"og:description\" content=\"Las cifras entregadas por el Gobierno y por algunas encuestas de nivel nacional no permiten coincidir la dimensi\u00f3n pragm\u00e1tica de la seguridad p\u00fablica y la percepci\u00f3n de quienes diariamente deben enfrentar la calle y el bombardeo informativo.\" \/>\n<meta property=\"og:url\" content=\"https:\/\/www.uoh.cl\/instituto-de-ciencias-de-la-educacion\/2024\/05\/03\/uoh-estudia-las-artes-las-artesanias-y-los-oficios-tradicionales-de-la-region-de-ohiggins\/\" \/>\n<meta property=\"og:site_name\" content=\"Instituto de Ciencias de la Educaci\u00f3n\" \/>\n<meta property=\"article:published_time\" content=\"2024-05-03T14:24:29+00:00\" \/>\n<meta property=\"og:image\" content=\"https:\/\/www.uoh.cl\/instituto-de-ciencias-de-la-educacion\/wp-content\/uploads\/sites\/13\/2024\/05\/Estudio-artes-artesanias-y-oficios-tradicionales.jpg\" \/>\n\t<meta property=\"og:image:width\" content=\"1000\" \/>\n\t<meta property=\"og:image:height\" content=\"1000\" \/>\n\t<meta property=\"og:image:type\" content=\"image\/jpeg\" \/>\n<meta name=\"author\" content=\"Universidad de O&#039;Higgins\" \/>\n<meta name=\"twitter:card\" content=\"summary_large_image\" \/>\n<meta name=\"twitter:label1\" content=\"Escrito por\" \/>\n\t<meta name=\"twitter:data1\" content=\"Universidad de O&#039;Higgins\" \/>\n\t<meta name=\"twitter:label2\" content=\"Tiempo estimado de lectura\" \/>\n\t<meta name=\"twitter:data2\" content=\"5 minutos\" \/>\n<script type=\"application\/ld+json\" class=\"yoast-schema-graph\">{\"@context\":\"https:\/\/schema.org\",\"@graph\":[{\"@type\":\"WebPage\",\"@id\":\"https:\/\/www.uoh.cl\/instituto-de-ciencias-de-la-educacion\/2024\/05\/03\/uoh-estudia-las-artes-las-artesanias-y-los-oficios-tradicionales-de-la-region-de-ohiggins\/\",\"url\":\"https:\/\/www.uoh.cl\/instituto-de-ciencias-de-la-educacion\/2024\/05\/03\/uoh-estudia-las-artes-las-artesanias-y-los-oficios-tradicionales-de-la-region-de-ohiggins\/\",\"name\":\"UOH estudia las artes, las artesan\u00edas y los oficios tradicionales de la Regi\u00f3n de O\u2019Higgins - Instituto de Ciencias de la Educaci\u00f3n\",\"isPartOf\":{\"@id\":\"https:\/\/www.uoh.cl\/instituto-de-ciencias-de-la-educacion\/#website\"},\"primaryImageOfPage\":{\"@id\":\"https:\/\/www.uoh.cl\/instituto-de-ciencias-de-la-educacion\/2024\/05\/03\/uoh-estudia-las-artes-las-artesanias-y-los-oficios-tradicionales-de-la-region-de-ohiggins\/#primaryimage\"},\"image\":{\"@id\":\"https:\/\/www.uoh.cl\/instituto-de-ciencias-de-la-educacion\/2024\/05\/03\/uoh-estudia-las-artes-las-artesanias-y-los-oficios-tradicionales-de-la-region-de-ohiggins\/#primaryimage\"},\"thumbnailUrl\":\"https:\/\/www.uoh.cl\/instituto-de-ciencias-de-la-educacion\/wp-content\/uploads\/sites\/13\/2024\/05\/Estudio-artes-artesanias-y-oficios-tradicionales.jpg\",\"datePublished\":\"2024-05-03T14:24:29+00:00\",\"author\":{\"@id\":\"https:\/\/www.uoh.cl\/instituto-de-ciencias-de-la-educacion\/#\/schema\/person\/ea242e676c7d6d7e46fc8b9e39486c4f\"},\"description\":\"Las cifras entregadas por el Gobierno y por algunas encuestas de nivel nacional no permiten coincidir la dimensi\u00f3n pragm\u00e1tica de la seguridad p\u00fablica y la percepci\u00f3n de quienes diariamente deben enfrentar la calle y el bombardeo informativo.\",\"inLanguage\":\"es-CL\",\"potentialAction\":[{\"@type\":\"ReadAction\",\"target\":[\"https:\/\/www.uoh.cl\/instituto-de-ciencias-de-la-educacion\/2024\/05\/03\/uoh-estudia-las-artes-las-artesanias-y-los-oficios-tradicionales-de-la-region-de-ohiggins\/\"]}]},{\"@type\":\"ImageObject\",\"inLanguage\":\"es-CL\",\"@id\":\"https:\/\/www.uoh.cl\/instituto-de-ciencias-de-la-educacion\/2024\/05\/03\/uoh-estudia-las-artes-las-artesanias-y-los-oficios-tradicionales-de-la-region-de-ohiggins\/#primaryimage\",\"url\":\"https:\/\/www.uoh.cl\/instituto-de-ciencias-de-la-educacion\/wp-content\/uploads\/sites\/13\/2024\/05\/Estudio-artes-artesanias-y-oficios-tradicionales.jpg\",\"contentUrl\":\"https:\/\/www.uoh.cl\/instituto-de-ciencias-de-la-educacion\/wp-content\/uploads\/sites\/13\/2024\/05\/Estudio-artes-artesanias-y-oficios-tradicionales.jpg\",\"width\":1000,\"height\":1000},{\"@type\":\"WebSite\",\"@id\":\"https:\/\/www.uoh.cl\/instituto-de-ciencias-de-la-educacion\/#website\",\"url\":\"https:\/\/www.uoh.cl\/instituto-de-ciencias-de-la-educacion\/\",\"name\":\"Instituto de Ciencias de la Educaci\u00f3n\",\"description\":\"Otro sitio de Sitios de Universidad O&#039;higgins\",\"potentialAction\":[{\"@type\":\"SearchAction\",\"target\":{\"@type\":\"EntryPoint\",\"urlTemplate\":\"https:\/\/www.uoh.cl\/instituto-de-ciencias-de-la-educacion\/?s={search_term_string}\"},\"query-input\":{\"@type\":\"PropertyValueSpecification\",\"valueRequired\":true,\"valueName\":\"search_term_string\"}}],\"inLanguage\":\"es-CL\"},{\"@type\":\"Person\",\"@id\":\"https:\/\/www.uoh.cl\/instituto-de-ciencias-de-la-educacion\/#\/schema\/person\/ea242e676c7d6d7e46fc8b9e39486c4f\",\"name\":\"Universidad de O'Higgins\",\"image\":{\"@type\":\"ImageObject\",\"inLanguage\":\"es-CL\",\"@id\":\"https:\/\/www.uoh.cl\/instituto-de-ciencias-de-la-educacion\/#\/schema\/person\/image\/\",\"url\":\"https:\/\/secure.gravatar.com\/avatar\/78fcb76ca05efae11fd355943c01a832a29786cc00d85b1a82c301bea2b2a214?s=96&d=mm&r=g\",\"contentUrl\":\"https:\/\/secure.gravatar.com\/avatar\/78fcb76ca05efae11fd355943c01a832a29786cc00d85b1a82c301bea2b2a214?s=96&d=mm&r=g\",\"caption\":\"Universidad de O'Higgins\"}}]}<\/script>\n<!-- \/ Yoast SEO plugin. -->","yoast_head_json":{"title":"UOH estudia las artes, las artesan\u00edas y los oficios tradicionales de la Regi\u00f3n de O\u2019Higgins - Instituto de Ciencias de la Educaci\u00f3n","description":"Las cifras entregadas por el Gobierno y por algunas encuestas de nivel nacional no permiten coincidir la dimensi\u00f3n pragm\u00e1tica de la seguridad p\u00fablica y la percepci\u00f3n de quienes diariamente deben enfrentar la calle y el bombardeo informativo.","robots":{"index":"noindex","follow":"nofollow"},"og_locale":"es_ES","og_type":"article","og_title":"UOH estudia las artes, las artesan\u00edas y los oficios tradicionales de la Regi\u00f3n de O\u2019Higgins - Instituto de Ciencias de la Educaci\u00f3n","og_description":"Las cifras entregadas por el Gobierno y por algunas encuestas de nivel nacional no permiten coincidir la dimensi\u00f3n pragm\u00e1tica de la seguridad p\u00fablica y la percepci\u00f3n de quienes diariamente deben enfrentar la calle y el bombardeo informativo.","og_url":"https:\/\/www.uoh.cl\/instituto-de-ciencias-de-la-educacion\/2024\/05\/03\/uoh-estudia-las-artes-las-artesanias-y-los-oficios-tradicionales-de-la-region-de-ohiggins\/","og_site_name":"Instituto de Ciencias de la Educaci\u00f3n","article_published_time":"2024-05-03T14:24:29+00:00","og_image":[{"width":1000,"height":1000,"url":"https:\/\/www.uoh.cl\/instituto-de-ciencias-de-la-educacion\/wp-content\/uploads\/sites\/13\/2024\/05\/Estudio-artes-artesanias-y-oficios-tradicionales.jpg","type":"image\/jpeg"}],"author":"Universidad de O'Higgins","twitter_card":"summary_large_image","twitter_misc":{"Escrito por":"Universidad de O'Higgins","Tiempo estimado de lectura":"5 minutos"},"schema":{"@context":"https:\/\/schema.org","@graph":[{"@type":"WebPage","@id":"https:\/\/www.uoh.cl\/instituto-de-ciencias-de-la-educacion\/2024\/05\/03\/uoh-estudia-las-artes-las-artesanias-y-los-oficios-tradicionales-de-la-region-de-ohiggins\/","url":"https:\/\/www.uoh.cl\/instituto-de-ciencias-de-la-educacion\/2024\/05\/03\/uoh-estudia-las-artes-las-artesanias-y-los-oficios-tradicionales-de-la-region-de-ohiggins\/","name":"UOH estudia las artes, las artesan\u00edas y los oficios tradicionales de la Regi\u00f3n de O\u2019Higgins - Instituto de Ciencias de la Educaci\u00f3n","isPartOf":{"@id":"https:\/\/www.uoh.cl\/instituto-de-ciencias-de-la-educacion\/#website"},"primaryImageOfPage":{"@id":"https:\/\/www.uoh.cl\/instituto-de-ciencias-de-la-educacion\/2024\/05\/03\/uoh-estudia-las-artes-las-artesanias-y-los-oficios-tradicionales-de-la-region-de-ohiggins\/#primaryimage"},"image":{"@id":"https:\/\/www.uoh.cl\/instituto-de-ciencias-de-la-educacion\/2024\/05\/03\/uoh-estudia-las-artes-las-artesanias-y-los-oficios-tradicionales-de-la-region-de-ohiggins\/#primaryimage"},"thumbnailUrl":"https:\/\/www.uoh.cl\/instituto-de-ciencias-de-la-educacion\/wp-content\/uploads\/sites\/13\/2024\/05\/Estudio-artes-artesanias-y-oficios-tradicionales.jpg","datePublished":"2024-05-03T14:24:29+00:00","author":{"@id":"https:\/\/www.uoh.cl\/instituto-de-ciencias-de-la-educacion\/#\/schema\/person\/ea242e676c7d6d7e46fc8b9e39486c4f"},"description":"Las cifras entregadas por el Gobierno y por algunas encuestas de nivel nacional no permiten coincidir la dimensi\u00f3n pragm\u00e1tica de la seguridad p\u00fablica y la percepci\u00f3n de quienes diariamente deben enfrentar la calle y el bombardeo informativo.","inLanguage":"es-CL","potentialAction":[{"@type":"ReadAction","target":["https:\/\/www.uoh.cl\/instituto-de-ciencias-de-la-educacion\/2024\/05\/03\/uoh-estudia-las-artes-las-artesanias-y-los-oficios-tradicionales-de-la-region-de-ohiggins\/"]}]},{"@type":"ImageObject","inLanguage":"es-CL","@id":"https:\/\/www.uoh.cl\/instituto-de-ciencias-de-la-educacion\/2024\/05\/03\/uoh-estudia-las-artes-las-artesanias-y-los-oficios-tradicionales-de-la-region-de-ohiggins\/#primaryimage","url":"https:\/\/www.uoh.cl\/instituto-de-ciencias-de-la-educacion\/wp-content\/uploads\/sites\/13\/2024\/05\/Estudio-artes-artesanias-y-oficios-tradicionales.jpg","contentUrl":"https:\/\/www.uoh.cl\/instituto-de-ciencias-de-la-educacion\/wp-content\/uploads\/sites\/13\/2024\/05\/Estudio-artes-artesanias-y-oficios-tradicionales.jpg","width":1000,"height":1000},{"@type":"WebSite","@id":"https:\/\/www.uoh.cl\/instituto-de-ciencias-de-la-educacion\/#website","url":"https:\/\/www.uoh.cl\/instituto-de-ciencias-de-la-educacion\/","name":"Instituto de Ciencias de la Educaci\u00f3n","description":"Otro sitio de Sitios de Universidad O&#039;higgins","potentialAction":[{"@type":"SearchAction","target":{"@type":"EntryPoint","urlTemplate":"https:\/\/www.uoh.cl\/instituto-de-ciencias-de-la-educacion\/?s={search_term_string}"},"query-input":{"@type":"PropertyValueSpecification","valueRequired":true,"valueName":"search_term_string"}}],"inLanguage":"es-CL"},{"@type":"Person","@id":"https:\/\/www.uoh.cl\/instituto-de-ciencias-de-la-educacion\/#\/schema\/person\/ea242e676c7d6d7e46fc8b9e39486c4f","name":"Universidad de O'Higgins","image":{"@type":"ImageObject","inLanguage":"es-CL","@id":"https:\/\/www.uoh.cl\/instituto-de-ciencias-de-la-educacion\/#\/schema\/person\/image\/","url":"https:\/\/secure.gravatar.com\/avatar\/78fcb76ca05efae11fd355943c01a832a29786cc00d85b1a82c301bea2b2a214?s=96&d=mm&r=g","contentUrl":"https:\/\/secure.gravatar.com\/avatar\/78fcb76ca05efae11fd355943c01a832a29786cc00d85b1a82c301bea2b2a214?s=96&d=mm&r=g","caption":"Universidad de O'Higgins"}}]}},"_links":{"self":[{"href":"https:\/\/www.uoh.cl\/instituto-de-ciencias-de-la-educacion\/wp-json\/wp\/v2\/posts\/4836","targetHints":{"allow":["GET"]}}],"collection":[{"href":"https:\/\/www.uoh.cl\/instituto-de-ciencias-de-la-educacion\/wp-json\/wp\/v2\/posts"}],"about":[{"href":"https:\/\/www.uoh.cl\/instituto-de-ciencias-de-la-educacion\/wp-json\/wp\/v2\/types\/post"}],"author":[{"embeddable":true,"href":"https:\/\/www.uoh.cl\/instituto-de-ciencias-de-la-educacion\/wp-json\/wp\/v2\/users\/34"}],"replies":[{"embeddable":true,"href":"https:\/\/www.uoh.cl\/instituto-de-ciencias-de-la-educacion\/wp-json\/wp\/v2\/comments?post=4836"}],"version-history":[{"count":0,"href":"https:\/\/www.uoh.cl\/instituto-de-ciencias-de-la-educacion\/wp-json\/wp\/v2\/posts\/4836\/revisions"}],"wp:featuredmedia":[{"embeddable":true,"href":"https:\/\/www.uoh.cl\/instituto-de-ciencias-de-la-educacion\/wp-json\/wp\/v2\/media\/4837"}],"wp:attachment":[{"href":"https:\/\/www.uoh.cl\/instituto-de-ciencias-de-la-educacion\/wp-json\/wp\/v2\/media?parent=4836"}],"wp:term":[{"taxonomy":"category","embeddable":true,"href":"https:\/\/www.uoh.cl\/instituto-de-ciencias-de-la-educacion\/wp-json\/wp\/v2\/categories?post=4836"},{"taxonomy":"post_tag","embeddable":true,"href":"https:\/\/www.uoh.cl\/instituto-de-ciencias-de-la-educacion\/wp-json\/wp\/v2\/tags?post=4836"}],"curies":[{"name":"wp","href":"https:\/\/api.w.org\/{rel}","templated":true}]}}