
{"id":4206,"date":"2023-12-15T16:31:03","date_gmt":"2023-12-15T19:31:03","guid":{"rendered":"https:\/\/www.uoh.cl\/instituto-de-ciencias-de-la-educacion\/2023\/12\/15\/inteligencia-artificial-potenciara-congreso-futuro-2024-y-ofrecera-una-experiencia-participativa-a-sus-asistentes\/"},"modified":"2023-12-15T16:31:03","modified_gmt":"2023-12-15T19:31:03","slug":"inteligencia-artificial-potenciara-congreso-futuro-2024-y-ofrecera-una-experiencia-participativa-a-sus-asistentes","status":"publish","type":"post","link":"https:\/\/www.uoh.cl\/instituto-de-ciencias-de-la-educacion\/2023\/12\/15\/inteligencia-artificial-potenciara-congreso-futuro-2024-y-ofrecera-una-experiencia-participativa-a-sus-asistentes\/","title":{"rendered":"Inteligencia Artificial potenciar\u00e1 Congreso Futuro 2024 y ofrecer\u00e1 una experiencia participativa a sus asistentes"},"content":{"rendered":"<div class=\"wpb-content-wrapper\"><p>[vc_section el_class=&#8221;container mx-auto align-items-center circle&#8211;pattern&#8221; css=&#8221;.vc_custom_1648956589196{padding-top: 3rem !important;}&#8221;][vc_row][vc_column]<div class=\"breadcrumb\"><ol itemscope itemtype=\"https:\/\/schema.org\/BreadcrumbList\"><li itemprop=\"itemListElement\" itemscope itemtype=\"https:\/\/schema.org\/ListItem\"><a itemprop=\"item\" href=\"http:\/\/www.uoh.cl\"><span itemprop=\"name\">Inicio<\/span><\/a><meta itemprop=\"position\" content=\"1\" \/><li itemprop=\"itemListElement\" itemscope itemtype=\"https:\/\/schema.org\/ListItem\"><a itemprop=\"item\" href=\"https:\/\/www.uoh.cl\/instituto-de-ciencias-de-la-educacion\"><span itemprop=\"name\">Instituto de Ciencias de la Educaci\u00f3n<\/span><\/a><meta itemprop=\"position\" content=\"2\" \/><li itemprop=\"itemListElement\" itemscope itemtype=\"https:\/\/schema.org\/ListItem\"><a itemprop=\"item\" href=\"https:\/\/www.uoh.cl\/instituto-de-ciencias-de-la-educacion\/noticias\/\"><span itemprop=\"name\">Noticias<\/span><\/a><meta itemprop=\"position\" content=\"3\" \/><li itemprop=\"itemListElement\" itemscope itemtype=\"https:\/\/schema.org\/ListItem\"><span itemprop=\"name\">Inteligencia Artificial potenciar\u00e1 Congreso Futuro 2024 y ofrecer\u00e1 una experiencia <\/span><meta itemprop=\"position\" content=\"4\" \/><\/ol><\/div><ul class=\"p-0 list-style-none d-inline-block\"><li class=\"p-0\"><a href=https:\/\/www.uoh.cl\/instituto-de-ciencias-de-la-educacion\/category\/institucional\/ class=\"px-1 py-2\">Institucional<\/a><\/li><\/ul><div class=\"date_publish_post\"> \u25cf Vie 15 de Diciembre 2023<\/div><div class=\"uoh_title_component-container\"><h1 class=\"title title--ms d-inline-block title--decorator  big\">Inteligencia Artificial potenciar\u00e1 Congreso Futuro 2024 y ofrecer\u00e1 una experiencia participativa a sus asistentes<\/h1><\/div>[vc_row_inner el_class=&#8221;border-separator m-0&#8243;][vc_column_inner width=&#8221;2\/3&#8243;]<div class=\"author_wp_class\"> Escrito por <span>Universidad de O'Higgins<\/span><\/div>[\/vc_column_inner][vc_column_inner el_class=&#8221;align-items-end-publish&#8221; width=&#8221;1\/3&#8243;]<div class=\"uoh_social_network_component uoh_row col-12 justify-content-end m-0 p-0\"> <div class=\"icon__facebook-share-button\">\n                       <a href=\"https:\/\/www.facebook.com\/sharer\/sharer.php?u=https:\/\/www.uoh.cl\/instituto-de-ciencias-de-la-educacion\/2023\/12\/15\/inteligencia-artificial-potenciara-congreso-futuro-2024-y-ofrecera-una-experiencia-participativa-a-sus-asistentes\/\" target=\"_blank\"> <div class=\"icon__facebook-svg\"><svg version=\"1.1\" xmlns=\"http:\/\/www.w3.org\/2000\/svg\" xmlns:xlink=\"http:\/\/www.w3.org\/1999\/xlink\" x=\"0px\" y=\"0px\" width=\"22.4px\" height=\"48.3px\" viewBox=\"0 0 22.4 48.3\" style=\"overflow:visible;enable-background:new 0 0 22.4 48.3;\" xml:space=\"preserve\">\n                <defs>\n                <\/defs>\n                <path class=\"st0\" d=\"M22.4,15.6h-7.6v-5c0-1.9,1.2-2.3,2.1-2.3c0.9,0,5.4,0,5.4,0V0l-7.4,0C6.6,0,4.8,6.2,4.8,10.1v5.5H0v8.5h4.8\n                    c0,10.9,0,24.1,0,24.1h10c0,0,0-13.3,0-24.1h6.8L22.4,15.6z\"><\/path>\n                <\/svg><\/a><\/div>\n                    <\/div><div class=\"icon__twitter-share-button\">\n                        <div class=\"icon__twitter-svg\"><a target=\"_blank\" href=\"http:\/\/twitter.com\/share?url=https:\/\/www.uoh.cl\/instituto-de-ciencias-de-la-educacion\/2023\/12\/15\/inteligencia-artificial-potenciara-congreso-futuro-2024-y-ofrecera-una-experiencia-participativa-a-sus-asistentes\/\"><svg xmlns=\"http:\/\/www.w3.org\/2000\/svg\" height=\"1em\" viewBox=\"0 0 512 512\"><!--! Font Awesome Free 6.4.2 by @fontawesome - https:\/\/fontawesome.com License - https:\/\/fontawesome.com\/license (Commercial License) Copyright 2023 Fonticons, Inc. --><path d=\"M389.2 48h70.6L305.6 224.2 487 464H345L233.7 318.6 106.5 464H35.8L200.7 275.5 26.8 48H172.4L272.9 180.9 389.2 48zM364.4 421.8h39.1L151.1 88h-42L364.4 421.8z\"\/><\/svg><\/a><\/div>\n                        <\/div><div class=\"icon__linkedin-share-button\">\n                        <div class=\"icon__linkedin-svg\">\n                        <a target=\"__blank\" href=\"https:\/\/www.linkedin.com\/sharing\/share-offsite\/?url=https:\/\/www.uoh.cl\/instituto-de-ciencias-de-la-educacion\/2023\/12\/15\/inteligencia-artificial-potenciara-congreso-futuro-2024-y-ofrecera-una-experiencia-participativa-a-sus-asistentes\/\"><svg enable-background=\"new 0 0 100 100\" height=\"100px\" id=\"Layer_1\" version=\"1.1\" viewBox=\"0 0 100 100\" width=\"100px\" xml:space=\"preserve\" xmlns=\"http:\/\/www.w3.org\/2000\/svg\" xmlns:xlink=\"http:\/\/www.w3.org\/1999\/xlink\"><g><circle cx=\"50\" cy=\"50\" fill=\"#ccc\" r=\"45\"\/><g id=\"LinkedIn_1_\"><rect fill=\"#FFFFFF\" height=\"24.361\" width=\"7.69\" x=\"31.271\" y=\"43.569\"\/><path d=\"M59.968,43.334c-4.406,0-7.165,2.387-7.677,4.058v-3.823h-8.636c0.109,2.03,0,24.361,0,24.361h8.636    V54.748c0-0.733-0.034-1.465,0.19-1.991c0.594-1.464,1.869-2.985,4.162-2.985c2.998,0,4.361,2.253,4.361,5.552V67.93h8.721V54.384    C69.726,46.839,65.432,43.334,59.968,43.334z\" fill=\"#FFFFFF\"\/><path d=\"M34.973,32.069c-2.839,0-4.696,1.823-4.696,4.229c0,2.361,1.804,4.224,4.589,4.224h0.054    c2.891,0,4.69-1.869,4.69-4.229C39.555,33.888,37.81,32.069,34.973,32.069z\" fill=\"#FFFFFF\"\/><\/g><\/g><\/svg><\/a><\/div>\n\n            <\/div><\/div>[\/vc_column_inner][\/vc_row_inner][vc_single_image image=&#8221;30171&#8243; img_size=&#8221;full&#8221; add_caption=&#8221;yes&#8221; alignment=&#8221;center&#8221; onclick=&#8221;img_link_large&#8221; img_link_target=&#8221;_blank&#8221;][vc_column_text]\u00a0[\/vc_column_text][vc_column_text]<\/p>\n<ul>\n<li><em>Del 15 al 20 de enero de 2024 y con m\u00e1s de 100 expositores provenientes de 20 pa\u00edses del mundo -incluyendo Chile- se realizar\u00e1 de manera presencial y online, el evento de divulgaci\u00f3n cient\u00edfica y conocimientos m\u00e1s importante de Am\u00e9rica Latina, que bajo el lema \u201c\u00bfIAhora qu\u00e9 hacemos\u201d, abordar\u00e1 las oportunidades y amenazas que representa la Inteligencia Artificial para la humanidad.<\/em><\/li>\n<\/ul>\n<p>[\/vc_column_text][vc_column_text]\u00a0[\/vc_column_text][vc_column_text]<span style=\"font-weight: 400\">Con el destape de la obra \u201cEl Pensador del Futuro\u201d en el frontis del Centro Cultural CEINA, los organizadores dieron el vamos a la decimotercera versi\u00f3n de Congreso Futuro 2024. Mismo lugar que durante la semana del 15 al 20 de enero se transformar\u00e1 en un portal hacia el futuro.\u00a0<\/span><\/p>\n<p><span style=\"font-weight: 400\">Se trata de una adaptaci\u00f3n de la obra \u201cEl Pensador\u201d de Auguste Rodin, optimizada con IA que permite que la escultura de metal de 3 metros de alto y 250 kilos, no s\u00f3lo reflexione, sino que adem\u00e1s dialogue y responda con su propia voz, las preguntas de los asistentes.\u00a0<\/span><\/p>\n<p><span style=\"font-weight: 400\">En la actividad se dio a conocer el listado completo de expositores -nacionales e internacionales- que vendr\u00e1n a dialogar y reflexionar con la ciudadan\u00eda, y que tendr\u00e1 como sede central a la comuna de Santiago; adem\u00e1s de sumar actividades en todas las regiones del pa\u00eds.\u00a0<\/span><\/p>\n<p><span style=\"font-weight: 400\">Un panorama imperdible para este verano que, entre sus novedades, incorpora un nuevo formato, <\/span><span style=\"font-weight: 400\">agregando a las exposiciones centrales de oradores de relevancia internacional, una serie de actividades paralelas entre las que destacan: talleres interactivos sobre inteligencia artificial y divulgaci\u00f3n cient\u00edfica; experiencias inmersivas en el Metaverso; instalaciones art\u00edsticas; y una feria literaria donde estar\u00e1n presentes las m\u00e1s importantes editoriales nacionales, internacionales y\u00a0 universitarias; adem\u00e1s de una feria de salud con IA que mostrar\u00e1 los usos pr\u00e1cticos y m\u00e1s relevantes que puede tener la inteligencia artificial para mejorar la vida de los seres humanos.\u00a0<\/span><\/p>\n<p><span style=\"font-weight: 400\">El evento, organizado por el Senado -a trav\u00e9s de la Comisi\u00f3n Desaf\u00edos del Futuro- y Fundaci\u00f3n Encuentros del Futuro (FEF), cuenta con el apoyo del Ministerio de Ciencia, la C\u00e1mara de Diputados y Diputadas, la Academia Chilena de Ciencias, y todas las universidades del pa\u00eds. Congreso Futuro busca identificar, anticiparse y transferir conocimiento de vanguardia sobre las grandes problem\u00e1ticas de futuro a escala planetaria, para no improvisar las soluciones en el presente.\u00a0<\/span><\/p>\n<p><span style=\"font-weight: 400\">Para el Vicepresidente ejecutivo de Fundaci\u00f3n Encuentros del Futuro,<\/span><b> Guido Girardi,<\/b><span style=\"font-weight: 400\"> Congreso Futuro genera una instancia de encuentro,<\/span> <b><i>\u201c<\/i><\/b><i><span style=\"font-weight: 400\">En un momento de polarizaci\u00f3n de la\u00a0 sociedad, Congreso Futuro es uno de los pocos lugares que une a Chile en pos de construir un futuro mejor, m\u00e1s humano y sostenible. Qu\u00e9 importante que exista un espacio que una a la izquierda y a la derecha, a la pol\u00edtica con las universidades, al Senado con la C\u00e1mara de Diputadas y Diputados y a todos estos, con los empresarios y sociedad civil. Chile necesita encuentro y Congreso Futuro hace eso\u201d.\u00a0<\/span><\/i><\/p>\n<p><span style=\"font-weight: 400\">Durante la semana de Congreso Futuro 2024, los expositores tambi\u00e9n viajar\u00e1n a\u00a0 diversas regiones del pa\u00eds, con el prop\u00f3sito de abordar tem\u00e1ticas que impactan a los territorios y sus habitantes, garantizando la transferencia de conocimiento de estos destacados pensadores hacia las comunidades locales. Dependiendo de la regi\u00f3n que visiten abordar\u00e1n contenidos pensados especialmente para ellos, como: dise\u00f1o de f\u00e1rmacos, \u00e9tica de la IA y contaminaci\u00f3n del oc\u00e9ano por pl\u00e1sticos, entre otros temas .<\/span><\/p>\n<p><span style=\"font-weight: 400\">La presidenta de la Comisi\u00f3n Desaf\u00edos del Futuro, senadora<\/span><b> Ximena Rinc\u00f3n<\/b><span style=\"font-weight: 400\">, se\u00f1al\u00f3 que <\/span><i><span style=\"font-weight: 400\">\u201cCongreso Futuro es una instancia de encuentro, de desarrollo, de oportunidades y, lo m\u00e1s importante, de descentralizaci\u00f3n. Este 2024 estaremos en todas las regiones de Chile, un desaf\u00edo que nos planteamos hace muchos a\u00f1os y que hoy llega con m\u00e1s fuerza, m\u00e1s energ\u00eda y m\u00e1s presencia que nunca. Este evento promete expositores de gran nivel, tanto nacionales como internacionales, para pensar, so\u00f1ar y seguir desarroll\u00e1ndonos\u201d<\/span><\/i><span style=\"font-weight: 400\">.<\/span><\/p>\n<p><span style=\"font-weight: 400\">Para quienes quieran asistir de manera presencial al evento, Congreso Futuro puso a disposici\u00f3n y de manera gratuita 10.000 entradas en <\/span><a href=\"http:\/\/www.congresofuturo.cl\"><b>www.congresofuturo.cl<\/b><\/a><span style=\"font-weight: 400\"> y el sistema <\/span><a href=\"https:\/\/www.puntoticket.com\/\"><b>Punto Ticket<\/b><\/a><span style=\"font-weight: 400\">. Cada asistente debe marcar d\u00eda y horario seleccionado, y seguir los pasos para recibir su entrada <\/span><b>GRATUITA<\/b><span style=\"font-weight: 400\"> en sus correos electr\u00f3nicos.\u00a0\u00a0<\/span><\/p>\n<p><span style=\"font-weight: 400\">La ministra de Ciencia, Tecnolog\u00eda, Conocimiento e Innovaci\u00f3n, <\/span><b>Ais\u00e9n Etcheverry, <\/b><span style=\"font-weight: 400\">agreg\u00f3 que <\/span><b><i>\u201c<\/i><\/b><i><span style=\"font-weight: 400\">esta nueva versi\u00f3n del Congreso Futuro nos llama a reflexionar sobre la inteligencia artificial y sobre lo humano. Estamos viviendo momentos de cambio profundo y cuando nos damos el tiempo de entender los problemas desde la ciencia, de conversar unos con otros, de entender cu\u00e1l es nuestra responsabilidad en los desarrollos futuros, lo que hacemos es construir un pa\u00eds mejor\u201d<\/span><\/i><b>.\u00a0<\/b><\/p>\n<p><span style=\"font-weight: 400\">La alcaldesa de la Municipalidad de Santiago,<\/span><b> Irac\u00ed Hassler <\/b><span style=\"font-weight: 400\">agreg\u00f3 que<\/span> <i><span style=\"font-weight: 400\">\u201ces un honor para la comuna barrial y capital de Santiago, ser la sede del Congreso Futuro y especialmente aqu\u00ed en un espacio vinculado a la educaci\u00f3n p\u00fablica en el Centro Cultural CEINA. Creo que tiene todo el sentido poder desarrollar el pensamiento cr\u00edtico y la reflexi\u00f3n aqu\u00ed en un espacio donde los ni\u00f1os, ni\u00f1as y j\u00f3venes aprenden y se desarrollan y piensan en el futuro\u201d<\/span><\/i><b>.\u00a0<\/b><\/p>\n<p><span style=\"font-weight: 400\">La directora ejecutiva del Centro Cultural CEINA<\/span><b>, Francisca Las Heras, <\/b><span style=\"font-weight: 400\">indic\u00f3 que\u00a0 <\/span><i><span style=\"font-weight: 400\">\u201cpara nosotros es un honor recibir a Congreso Futuro en este espacio que tiene como misi\u00f3n, no solamente la difusi\u00f3n de la cultura y del arte, sino que tambi\u00e9n de la ciencia y de la educaci\u00f3n. No es casualidad estar ubicados al alero de unos de los liceos m\u00e1s emblem\u00e1ticos del pa\u00eds -el Instituto Nacional- y que se pueda generar ac\u00e1 una conversaci\u00f3n, reflexi\u00f3n y di\u00e1logos en torno a la inteligencia artificial con los j\u00f3venes y para los j\u00f3venes que son el futuro\u201d<\/span><\/i><span style=\"font-weight: 400\">.\u00a0<\/span><\/p>\n<h4><b>Expositores de primer nivel<\/b><\/h4>\n<p><span style=\"font-weight: 400\">La edici\u00f3n 2024 de Congreso Futuro ofrecer\u00e1 un abanico de expositores y expositoras que pondr\u00e1 a disposici\u00f3n lo mejor de la ciencia de vanguardia mundial para expandir las fronteras del conocimiento ciudadano y dialogar sobre los cambios que tendr\u00e1 el planeta y sus sociedades. Si bien el tema central es la inteligencia artificial y sus desaf\u00edos, tambi\u00e9n estar\u00e1n presentes la salud, el medioambiente, la pol\u00edtica, ciencias sociales y cultura pop, entre otros.\u00a0<\/span><\/p>\n<p><b>En el caso de los expositores nacionales destacan: Andr\u00e9s Mitnik, <\/b><span style=\"font-weight: 400\">CEO Strong by Form; <\/span><b>Carolina Mart\u00ednez, <\/b><span style=\"font-weight: 400\">Ge\u00f3grafa. Doctora en Geograf\u00eda de la Universidad de Barcelona; <\/span><b>Claudia L\u00f3pez, <\/b><span style=\"font-weight: 400\">Doctora en Ciencias de la informaci\u00f3n y tecnolog\u00edas de University of Pittsburgh US; <\/span><b>Felipe Tobar, <\/b><span style=\"font-weight: 400\">Doctor en Procesamiento de Se\u00f1ales. Experto en m\u00e9todos de aprendizaje autom\u00e1tico; <\/span><b>Juliana Vianna, <\/b><span style=\"font-weight: 400\">Doctora en ciencias biol\u00f3gicas de la Pontificia Universidad Cat\u00f3lica de Chile e Investigadora principal del N\u00facleo Milenio Lili; <\/span><b>Katherina Harder, <\/b><span style=\"font-weight: 400\">Cofundadora y directora del Festival Internacional de Cine de Iquique FICIQQ; <\/span><b>Mario Ponce, <\/b><span style=\"font-weight: 400\">Matem\u00e1tico. Doctorado en la Universit\u00e9 Paris Sud, Francia; <\/span><b>Sergio Baeriswyl, <\/b><span style=\"font-weight: 400\">Doctor en Urbanismo de la Universidad de Karlsruhe; <\/span><b>Pablo Zamora, <\/b><span style=\"font-weight: 400\">Doctor en Biotecnolog\u00eda de la Universidad de Santiago y <\/span><b>Marcela Ruiz, <\/b><span style=\"font-weight: 400\">Bi\u00f3loga marina, Mag\u00edster en gesti\u00f3n estrat\u00e9gica y evaluaci\u00f3n de proyectos de la Universidad San Sebasti\u00e1n.\u00a0<\/span><\/p>\n<p><span style=\"font-weight: 400\">Entre los expositores internacionales que llegar\u00e1n a Chile, destacan: <\/span><b>Animashree Anandkumar\u00a0 <\/b><span style=\"font-weight: 400\">(India; Estados Unidos) Especialista en machine learning<\/span><i><span style=\"font-weight: 400\">; <\/span><\/i><b>Bruce Allyn <\/b><span style=\"font-weight: 400\">(Estados Unidos)<\/span><b>, <\/b><span style=\"font-weight: 400\">Doctor en Econom\u00eda Pol\u00edtica y M\u00e1ster en estudios Sovi\u00e9ticos de la Universidad de Harvard; <\/span><b>Dale Jamieson <\/b><span style=\"font-weight: 400\">(Estados Unidos), Fil\u00f3sofo especialista en \u00e9tica ambiental; <\/span><b>Florence Colleoni <\/b><span style=\"font-weight: 400\">(Italia) Glaci\u00f3loga y paleoclimat\u00f3loga; <\/span><b>Juan Carlos Niebles <\/b><span style=\"font-weight: 400\">(Colombia; Estados Unidos) Ingeniero el\u00e9ctrico, especialista en visi\u00f3n computacional, rob\u00f3tica e IA; <\/span><b>Laurence Devillers <\/b><span style=\"font-weight: 400\">(Francia) Especialista en IA y ling\u00fc\u00edstica, defensora de \u00e9tica e inclusi\u00f3n; <\/span><b>Martin Hilbert <\/b><span style=\"font-weight: 400\">(Estados Unidos) Especialista en Big Data y transformaci\u00f3n digital; <\/span><b>Peter Singer <\/b><span style=\"font-weight: 400\">(Australia) Fil\u00f3sofo influyente en derechos animales y altruismo efectivo; <\/span><b>Stanislas Dehaene <\/b><span style=\"font-weight: 400\">(Francia) Psic\u00f3logo y Neurocient\u00edfico y <\/span><b>Steffanie Strathdee <\/b><span style=\"font-weight: 400\">(Canad\u00e1; Estados Unidos) Epidemi\u00f3loga especialista en salud global y enfermedades infecciosas.<\/span><\/p>\n<h4><b>Fechas de Congreso Futuro en Regiones<\/b><\/h4>\n<p><span style=\"font-weight: 400\">Congreso Futuro busca democratizar y descentralizar el conocimiento, por lo que tambi\u00e9n los cient\u00edficos y expertos se har\u00e1n presente en regiones durante la semana de celebraci\u00f3n, mediante jornadas de charlas y paneles en paralelo al evento principal. Junto a <\/span><span style=\"font-weight: 400\">universidades, municipios, gobernaciones y centros de investigaci\u00f3n, se busca <\/span><span style=\"font-weight: 400\">dar lugar a charlas internacionales, quienes con panelistas locales hablar\u00e1n sobre temas relevantes para la comunidad.\u00a0<\/span><\/p>\n<p><span style=\"font-weight: 400\">Para el senador integrante de la Comisi\u00f3n Desaf\u00edos del Futuro, <\/span><b>Francisco Chahu\u00e1n,<\/b> <i><span style=\"font-weight: 400\">\u201cCongreso Futuro es un trabajo colectivo que nos permite democratizar la ciencia,\u00a0 llev\u00e1ndola -por segundo a\u00f1o consecutivo- a todas las regiones de Chile. Este evento\u00a0 es un esfuerzo que se suma al trabajo realizado por m\u00e1s de mil acad\u00e9micos y cient\u00edficos, quienes han participado en distintas comisiones tem\u00e1ticas, logrando generar pol\u00edticas p\u00fablicas de largo aliento\u201d.<\/span><\/i><\/p>\n<p><span style=\"font-weight: 400\">El principal evento de divulgaci\u00f3n cient\u00edfica de Latinoam\u00e9rica se realizar\u00e1, por segunda vez, de manera presencial en las 16 regiones del pa\u00eds.\u00a0<\/span><b><\/b><\/p>\n<ul>\n<li><span style=\"font-weight: 400\">Lunes 15 enero: <\/span> <span style=\"font-weight: 400\">Magallanes\u00a0<\/span><\/li>\n<\/ul>\n<ul>\n<li style=\"font-weight: 400\"><span style=\"font-weight: 400\">Martes 16 enero: <\/span> <span style=\"font-weight: 400\">Arica y Parinacota, Tarapac\u00e1, Atacama, Valpara\u00edso, B\u00edo\u00a0<\/span><\/li>\n<\/ul>\n<p><span style=\"font-weight: 400\">B\u00edo y Araucan\u00eda\u00a0<\/span><\/p>\n<ul>\n<li style=\"font-weight: 400\"><span style=\"font-weight: 400\">Mi\u00e9rcoles 17 enero: Antofagasta, Coquimbo, \u00d1uble y Los Lagos<\/span><\/li>\n<li style=\"font-weight: 400\"><span style=\"font-weight: 400\">Jueves 18 enero: <\/span> <span style=\"font-weight: 400\">O\u2019Higgins y Maule<\/span><\/li>\n<li style=\"font-weight: 400\"><span style=\"font-weight: 400\">Viernes 19 enero:\u00a0 <\/span> <span style=\"font-weight: 400\">Los R\u00edos y Ays\u00e9n\u00a0\u00a0<\/span><\/li>\n<li style=\"font-weight: 400\"><span style=\"font-weight: 400\">Del 15 al 20 de enero:\u00a0 Regi\u00f3n Metropolitana\u00a0<\/span><\/li>\n<\/ul>\n<p><span style=\"font-weight: 400\">M\u00e1s informaci\u00f3n en <\/span><a href=\"https:\/\/congresofuturo.cl\/\"><b>https:\/\/congresofuturo.cl\/<\/b><\/a>[\/vc_column_text][vc_zigzag color=&#8221;white&#8221;][vc_single_image image=&#8221;30173&#8243; img_size=&#8221;600&#215;350&#8243; alignment=&#8221;center&#8221; onclick=&#8221;img_link_large&#8221; img_link_target=&#8221;_blank&#8221;][\/vc_column][\/vc_row][\/vc_section][vc_section css=&#8221;.vc_custom_1650255686594{background-color: #f6faff !important;}&#8221; el_class=&#8221;p-md-0 pt-md-5&#8243;][vc_row el_class=&#8221;container mx-auto align-items-center p-md-0 pt-5 pb-5&#8243;][vc_column el_class=&#8221;pb-5&#8243;][vc_row_inner el_class=&#8221;pb-5&#8243;][vc_column_inner]<div class=\"row m-0 p-0\"><div class=\"col-12 col-md-9 pt-5 pt-md-0\"><h2 class=\"title title--decorator title--ms d-inline-block\">Te Recomendamos<\/h2><\/div><\/div><div class=\"content-holder\"><div class=\"row  swipper-news-list not--activate-hack \"><div class=\"row -wrapper\"><div class=\"  col-sm-6 col-md-4 img-article\">\n                                        <div class=\"content-news-display row m-0 p-0\"><div class=\"holder p-0 \"><div class=\"img-wrap img-wrap-news\">\n                                        <div class=\"caption__news-category\">\n                                        <a href=\"https:\/\/www.uoh.cl\/instituto-de-ciencias-de-la-educacion\/category\/educacion\/\">\n                                        Educaci\u00f3n<\/a><\/div><img decoding=\"async\" class=\"w-100 h-100 lazyload\" data-src=\"https:\/\/www.uoh.cl\/instituto-de-ciencias-de-la-educacion\/wp-content\/uploads\/sites\/13\/2026\/04\/Convivencia-escolar.jpg\" alt=\"Conflicto no es violencia: claves para abordar la convivencia escolar m\u00e1s all\u00e1 del castigo\" style=\"--smush-placeholder-width: 1201px; --smush-placeholder-aspect-ratio: 1201\/800;object-fit: cover; object-position: center;\" src=\"data:image\/svg+xml;base64,PHN2ZyB3aWR0aD0iMSIgaGVpZ2h0PSIxIiB4bWxucz0iaHR0cDovL3d3dy53My5vcmcvMjAwMC9zdmciPjwvc3ZnPg==\"><\/div><\/div><div class=\"caption py-3 caption__news py-md-3 pb-md-5\">\n                                    <span class=\"caption__date\">Jueves 16, Abril<\/span>\n                                     <a href=\"https:\/\/www.uoh.cl\/instituto-de-ciencias-de-la-educacion\/2026\/04\/16\/conflicto-no-es-violencia-claves-para-abordar-la-convivencia-escolar-mas-alla-del-castigo\/\">\n                                    <h3 class=\"small-space\">Conflicto no es violencia: claves para abordar la convivencia escolar m\u00e1s all\u00e1 del castigo<\/h3><\/a>\n\n                                    <p>Acad\u00e9mica advierte que centrarse solo en sanciones no resuelve la violencia en escuelas y plantea la urgencia de fortalecer enfoques formativos que promuevan el di\u00e1logo, la confianza y la convivencia democr\u00e1tica.<\/p>\n                                    <a class=\"link link--bold mt-md-3\" href=\"https:\/\/www.uoh.cl\/instituto-de-ciencias-de-la-educacion\/2026\/04\/16\/conflicto-no-es-violencia-claves-para-abordar-la-convivencia-escolar-mas-alla-del-castigo\/\">Saber m\u00e1s <span class=\"icon icon--inline icon--link\"><svg version=\"1.1\" xmlns=\"http:\/\/www.w3.org\/2000\/svg\" xmlns:xlink=\"http:\/\/www.w3.org\/1999\/xlink\" x=\"0px\" y=\"0px\" width=\"22px\"height=\"22px\" viewBox=\"0 0 22 22\" style=\"overflow:visible;enable-background:new 0 0 80 64.6;\" xml:space=\"preserve\"><g clip-path=\"url(#acA)\"><path fill-rule=\"evenodd\" d=\"M21.913 11.266a.93.93 0 000-.711c-.022-.056-.063-.097-.091-.144s-.053-.103-.097-.15L12.306.294c-.357-.379-.955-.394-1.334-.038s-.394.955-.038 1.334l7.917 8.374H.927a.95.95 0 00-.908.983.946.946 0 00.908.908h17.924l-8.089 8.552c-.357.379-.341.977.034 1.334s.977.341 1.334-.034l9.594-10.148c.044-.044.063-.1.097-.15.028-.047.069-.088.091-.141z\"\/><\/g><defs><clipPath id=\"acA\"><path fill=\"#fff\" d=\"M0 0h22v22H0z\"\/><\/clipPath><\/defs><\/svg><\/span><\/a><\/div><\/div><\/div><div class=\"  col-sm-6 col-md-4 img-article\">\n                                        <div class=\"content-news-display row m-0 p-0\"><div class=\"holder p-0 \"><div class=\"img-wrap img-wrap-news\">\n                                        <div class=\"caption__news-category\">\n                                        <a href=\"https:\/\/www.uoh.cl\/instituto-de-ciencias-de-la-educacion\/category\/cuech\/\">\n                                        CUECH<\/a><\/div><img decoding=\"async\" class=\"w-100 h-100 lazyload\" data-src=\"https:\/\/www.uoh.cl\/instituto-de-ciencias-de-la-educacion\/wp-content\/uploads\/sites\/13\/2026\/04\/DSC_2431-scaled.jpg\" alt=\"Universidades estatales sellan hoja de ruta 2030: Red Desarrollo Sustentable entra en fase de consolidaci\u00f3n\" style=\"--smush-placeholder-width: 2560px; --smush-placeholder-aspect-ratio: 2560\/1707;object-fit: cover; object-position: center;\" src=\"data:image\/svg+xml;base64,PHN2ZyB3aWR0aD0iMSIgaGVpZ2h0PSIxIiB4bWxucz0iaHR0cDovL3d3dy53My5vcmcvMjAwMC9zdmciPjwvc3ZnPg==\"><\/div><\/div><div class=\"caption py-3 caption__news py-md-3 pb-md-5\">\n                                    <span class=\"caption__date\">Mi\u00e9rcoles 15, Abril<\/span>\n                                     <a href=\"https:\/\/www.uoh.cl\/instituto-de-ciencias-de-la-educacion\/2026\/04\/15\/universidades-estatales-sellan-hoja-de-ruta-2030-red-desarrollo-sustentable-entra-en-fase-de-consolidacion\/\">\n                                    <h3 class=\"small-space\">Universidades estatales sellan hoja de ruta 2030: Red Desarrollo Sustentable entra en fase de consolidaci\u00f3n<\/h3><\/a>\n\n                                    <p>En el Plenario realizado en la Universidad de O'Higgins, los 18 planteles p\u00fablicos definieron sus metas estrat\u00e9gicas para el periodo 2026-2030. El plan priorizar\u00e1 la institucionalizaci\u00f3n de capacidades, un diplomado para organismos p\u00fablicos y la medici\u00f3n de la huella h\u00eddrica en los campus.<\/p>\n                                    <a class=\"link link--bold mt-md-3\" href=\"https:\/\/www.uoh.cl\/instituto-de-ciencias-de-la-educacion\/2026\/04\/15\/universidades-estatales-sellan-hoja-de-ruta-2030-red-desarrollo-sustentable-entra-en-fase-de-consolidacion\/\">Saber m\u00e1s <span class=\"icon icon--inline icon--link\"><svg version=\"1.1\" xmlns=\"http:\/\/www.w3.org\/2000\/svg\" xmlns:xlink=\"http:\/\/www.w3.org\/1999\/xlink\" x=\"0px\" y=\"0px\" width=\"22px\"height=\"22px\" viewBox=\"0 0 22 22\" style=\"overflow:visible;enable-background:new 0 0 80 64.6;\" xml:space=\"preserve\"><g clip-path=\"url(#acA)\"><path fill-rule=\"evenodd\" d=\"M21.913 11.266a.93.93 0 000-.711c-.022-.056-.063-.097-.091-.144s-.053-.103-.097-.15L12.306.294c-.357-.379-.955-.394-1.334-.038s-.394.955-.038 1.334l7.917 8.374H.927a.95.95 0 00-.908.983.946.946 0 00.908.908h17.924l-8.089 8.552c-.357.379-.341.977.034 1.334s.977.341 1.334-.034l9.594-10.148c.044-.044.063-.1.097-.15.028-.047.069-.088.091-.141z\"\/><\/g><defs><clipPath id=\"acA\"><path fill=\"#fff\" d=\"M0 0h22v22H0z\"\/><\/clipPath><\/defs><\/svg><\/span><\/a><\/div><\/div><\/div><div class=\"  col-sm-6 col-md-4 img-article\">\n                                        <div class=\"content-news-display row m-0 p-0\"><div class=\"holder p-0 \"><div class=\"img-wrap img-wrap-news\">\n                                        <div class=\"caption__news-category\">\n                                        <a href=\"https:\/\/www.uoh.cl\/instituto-de-ciencias-de-la-educacion\/category\/investigacion\/\">\n                                        Investigaci\u00f3n<\/a><\/div><img decoding=\"async\" class=\"w-100 h-100 lazyload\" data-src=\"https:\/\/www.uoh.cl\/instituto-de-ciencias-de-la-educacion\/wp-content\/uploads\/sites\/13\/2026\/04\/DSC_2212-scaled.jpg\" alt=\"UOH lanza serie audiovisual para visibilizar el aporte de sus investigadoras al desarrollo del territorio\" style=\"--smush-placeholder-width: 2560px; --smush-placeholder-aspect-ratio: 2560\/1440;object-fit: cover; object-position: center;\" src=\"data:image\/svg+xml;base64,PHN2ZyB3aWR0aD0iMSIgaGVpZ2h0PSIxIiB4bWxucz0iaHR0cDovL3d3dy53My5vcmcvMjAwMC9zdmciPjwvc3ZnPg==\"><\/div><\/div><div class=\"caption py-3 caption__news py-md-3 pb-md-5\">\n                                    <span class=\"caption__date\">Mi\u00e9rcoles 1, Abril<\/span>\n                                     <a href=\"https:\/\/www.uoh.cl\/instituto-de-ciencias-de-la-educacion\/2026\/04\/01\/uoh-lanza-serie-audiovisual-para-visibilizar-el-aporte-de-sus-investigadoras-al-desarrollo-del-territorio\/\">\n                                    <h3 class=\"small-space\">UOH lanza serie audiovisual para visibilizar el aporte de sus investigadoras al desarrollo del territorio<\/h3><\/a>\n\n                                    <p>La iniciativa, impulsada por el proyecto InES G\u00e9nero UOH, contempla cinco episodios que relevan las trayectorias y el impacto de mujeres en la investigaci\u00f3n, desarrollo, innovaci\u00f3n y emprendimiento.<\/p>\n                                    <a class=\"link link--bold mt-md-3\" href=\"https:\/\/www.uoh.cl\/instituto-de-ciencias-de-la-educacion\/2026\/04\/01\/uoh-lanza-serie-audiovisual-para-visibilizar-el-aporte-de-sus-investigadoras-al-desarrollo-del-territorio\/\">Saber m\u00e1s <span class=\"icon icon--inline icon--link\"><svg version=\"1.1\" xmlns=\"http:\/\/www.w3.org\/2000\/svg\" xmlns:xlink=\"http:\/\/www.w3.org\/1999\/xlink\" x=\"0px\" y=\"0px\" width=\"22px\"height=\"22px\" viewBox=\"0 0 22 22\" style=\"overflow:visible;enable-background:new 0 0 80 64.6;\" xml:space=\"preserve\"><g clip-path=\"url(#acA)\"><path fill-rule=\"evenodd\" d=\"M21.913 11.266a.93.93 0 000-.711c-.022-.056-.063-.097-.091-.144s-.053-.103-.097-.15L12.306.294c-.357-.379-.955-.394-1.334-.038s-.394.955-.038 1.334l7.917 8.374H.927a.95.95 0 00-.908.983.946.946 0 00.908.908h17.924l-8.089 8.552c-.357.379-.341.977.034 1.334s.977.341 1.334-.034l9.594-10.148c.044-.044.063-.1.097-.15.028-.047.069-.088.091-.141z\"\/><\/g><defs><clipPath id=\"acA\"><path fill=\"#fff\" d=\"M0 0h22v22H0z\"\/><\/clipPath><\/defs><\/svg><\/span><\/a><\/div><\/div><\/div><\/div><\/div><\/div><div class=\"pagination justify-content-center my-5\"><span aria-current=\"page\" class=\"page-numbers current\">1<\/span>\n<a class=\"page-numbers\" href=\"https:\/\/www.uoh.cl\/instituto-de-ciencias-de-la-educacion\/wp-json\/wp\/v2\/posts\/4206\/\/page\/2\">2<\/a>\n<a class=\"page-numbers\" href=\"https:\/\/www.uoh.cl\/instituto-de-ciencias-de-la-educacion\/wp-json\/wp\/v2\/posts\/4206\/\/page\/3\">3<\/a>\n<span class=\"page-numbers dots\">&hellip;<\/span>\n<a class=\"page-numbers\" href=\"https:\/\/www.uoh.cl\/instituto-de-ciencias-de-la-educacion\/wp-json\/wp\/v2\/posts\/4206\/\/page\/111\">111<\/a>\n<a class=\"next page-numbers\" href=\"https:\/\/www.uoh.cl\/instituto-de-ciencias-de-la-educacion\/wp-json\/wp\/v2\/posts\/4206\/\/page\/2\"><div class=\"icon-pagination-next\"> <?xml version=\"1.0\" ?><svg viewBox=\"0 0 96 96\" xmlns=\"http:\/\/www.w3.org\/2000\/svg\"><title\/><path d=\"M39.3756,48.0022l30.47-25.39a6.0035,6.0035,0,0,0-7.6878-9.223L26.1563,43.3906a6.0092,6.0092,0,0,0,0,9.2231L62.1578,82.615a6.0035,6.0035,0,0,0,7.6878-9.2231Z\"\/><\/svg> <\/div><\/a><\/div>[\/vc_column_inner][\/vc_row_inner][\/vc_column][\/vc_row][\/vc_section]<\/p>\n<\/div>","protected":false},"excerpt":{"rendered":"<p>Del 15 al 20 de enero de 2024 y con m\u00e1s de 100 expositores provenientes de 20 pa\u00edses del mundo -incluyendo Chile- se realizar\u00e1 de manera presencial y online, el evento de divulgaci\u00f3n cient\u00edfica y conocimientos m\u00e1s importante de Am\u00e9rica Latina, que bajo el lema \u201c\u00bfIAhora qu\u00e9 hacemos\u201d, abordar\u00e1 las oportunidades y amenazas que representa la Inteligencia Artificial para la humanidad.<\/p>\n","protected":false},"author":34,"featured_media":4207,"comment_status":"open","ping_status":"open","sticky":false,"template":"","format":"standard","meta":{"_acf_changed":false,"footnotes":""},"categories":[21],"tags":[],"class_list":["post-4206","post","type-post","status-publish","format-standard","has-post-thumbnail","hentry","category-institucional"],"acf":[],"yoast_head":"<!-- This site is optimized with the Yoast SEO plugin v26.6 - https:\/\/yoast.com\/wordpress\/plugins\/seo\/ -->\n<title>Inteligencia Artificial potenciar\u00e1 Congreso Futuro 2024 y ofrecer\u00e1 una experiencia participativa a sus asistentes - Instituto de Ciencias de la Educaci\u00f3n<\/title>\n<meta name=\"description\" content=\"Encuentro cient\u00edfico reuni\u00f3 a m\u00e1s de mil profesionales del \u00e1rea de Ciencias de la Tierra, donde participaron acad\u00e9micos\/as, investigadores\/as y estudiantes de la UOH.\" \/>\n<meta name=\"robots\" content=\"noindex, nofollow\" \/>\n<meta property=\"og:locale\" content=\"es_ES\" \/>\n<meta property=\"og:type\" content=\"article\" \/>\n<meta property=\"og:title\" content=\"Inteligencia Artificial potenciar\u00e1 Congreso Futuro 2024 y ofrecer\u00e1 una experiencia participativa a sus asistentes - Instituto de Ciencias de la Educaci\u00f3n\" \/>\n<meta property=\"og:description\" content=\"Encuentro cient\u00edfico reuni\u00f3 a m\u00e1s de mil profesionales del \u00e1rea de Ciencias de la Tierra, donde participaron acad\u00e9micos\/as, investigadores\/as y estudiantes de la UOH.\" \/>\n<meta property=\"og:url\" content=\"https:\/\/www.uoh.cl\/instituto-de-ciencias-de-la-educacion\/2023\/12\/15\/inteligencia-artificial-potenciara-congreso-futuro-2024-y-ofrecera-una-experiencia-participativa-a-sus-asistentes\/\" \/>\n<meta property=\"og:site_name\" content=\"Instituto de Ciencias de la Educaci\u00f3n\" \/>\n<meta property=\"article:published_time\" content=\"2023-12-15T19:31:03+00:00\" \/>\n<meta property=\"og:image\" content=\"https:\/\/www.uoh.cl\/instituto-de-ciencias-de-la-educacion\/wp-content\/uploads\/sites\/13\/2023\/12\/Congreso-Futuro-4.png\" \/>\n\t<meta property=\"og:image:width\" content=\"1000\" \/>\n\t<meta property=\"og:image:height\" content=\"1000\" \/>\n\t<meta property=\"og:image:type\" content=\"image\/png\" \/>\n<meta name=\"author\" content=\"Universidad de O&#039;Higgins\" \/>\n<meta name=\"twitter:card\" content=\"summary_large_image\" \/>\n<meta name=\"twitter:label1\" content=\"Escrito por\" \/>\n\t<meta name=\"twitter:data1\" content=\"Universidad de O&#039;Higgins\" \/>\n\t<meta name=\"twitter:label2\" content=\"Tiempo estimado de lectura\" \/>\n\t<meta name=\"twitter:data2\" content=\"7 minutos\" \/>\n<script type=\"application\/ld+json\" class=\"yoast-schema-graph\">{\"@context\":\"https:\/\/schema.org\",\"@graph\":[{\"@type\":\"WebPage\",\"@id\":\"https:\/\/www.uoh.cl\/instituto-de-ciencias-de-la-educacion\/2023\/12\/15\/inteligencia-artificial-potenciara-congreso-futuro-2024-y-ofrecera-una-experiencia-participativa-a-sus-asistentes\/\",\"url\":\"https:\/\/www.uoh.cl\/instituto-de-ciencias-de-la-educacion\/2023\/12\/15\/inteligencia-artificial-potenciara-congreso-futuro-2024-y-ofrecera-una-experiencia-participativa-a-sus-asistentes\/\",\"name\":\"Inteligencia Artificial potenciar\u00e1 Congreso Futuro 2024 y ofrecer\u00e1 una experiencia participativa a sus asistentes - Instituto de Ciencias de la Educaci\u00f3n\",\"isPartOf\":{\"@id\":\"https:\/\/www.uoh.cl\/instituto-de-ciencias-de-la-educacion\/#website\"},\"primaryImageOfPage\":{\"@id\":\"https:\/\/www.uoh.cl\/instituto-de-ciencias-de-la-educacion\/2023\/12\/15\/inteligencia-artificial-potenciara-congreso-futuro-2024-y-ofrecera-una-experiencia-participativa-a-sus-asistentes\/#primaryimage\"},\"image\":{\"@id\":\"https:\/\/www.uoh.cl\/instituto-de-ciencias-de-la-educacion\/2023\/12\/15\/inteligencia-artificial-potenciara-congreso-futuro-2024-y-ofrecera-una-experiencia-participativa-a-sus-asistentes\/#primaryimage\"},\"thumbnailUrl\":\"https:\/\/www.uoh.cl\/instituto-de-ciencias-de-la-educacion\/wp-content\/uploads\/sites\/13\/2023\/12\/Congreso-Futuro-4.png\",\"datePublished\":\"2023-12-15T19:31:03+00:00\",\"author\":{\"@id\":\"https:\/\/www.uoh.cl\/instituto-de-ciencias-de-la-educacion\/#\/schema\/person\/ea242e676c7d6d7e46fc8b9e39486c4f\"},\"description\":\"Encuentro cient\u00edfico reuni\u00f3 a m\u00e1s de mil profesionales del \u00e1rea de Ciencias de la Tierra, donde participaron acad\u00e9micos\/as, investigadores\/as y estudiantes de la UOH.\",\"inLanguage\":\"es-CL\",\"potentialAction\":[{\"@type\":\"ReadAction\",\"target\":[\"https:\/\/www.uoh.cl\/instituto-de-ciencias-de-la-educacion\/2023\/12\/15\/inteligencia-artificial-potenciara-congreso-futuro-2024-y-ofrecera-una-experiencia-participativa-a-sus-asistentes\/\"]}]},{\"@type\":\"ImageObject\",\"inLanguage\":\"es-CL\",\"@id\":\"https:\/\/www.uoh.cl\/instituto-de-ciencias-de-la-educacion\/2023\/12\/15\/inteligencia-artificial-potenciara-congreso-futuro-2024-y-ofrecera-una-experiencia-participativa-a-sus-asistentes\/#primaryimage\",\"url\":\"https:\/\/www.uoh.cl\/instituto-de-ciencias-de-la-educacion\/wp-content\/uploads\/sites\/13\/2023\/12\/Congreso-Futuro-4.png\",\"contentUrl\":\"https:\/\/www.uoh.cl\/instituto-de-ciencias-de-la-educacion\/wp-content\/uploads\/sites\/13\/2023\/12\/Congreso-Futuro-4.png\",\"width\":1000,\"height\":1000},{\"@type\":\"WebSite\",\"@id\":\"https:\/\/www.uoh.cl\/instituto-de-ciencias-de-la-educacion\/#website\",\"url\":\"https:\/\/www.uoh.cl\/instituto-de-ciencias-de-la-educacion\/\",\"name\":\"Instituto de Ciencias de la Educaci\u00f3n\",\"description\":\"Otro sitio de Sitios de Universidad O&#039;higgins\",\"potentialAction\":[{\"@type\":\"SearchAction\",\"target\":{\"@type\":\"EntryPoint\",\"urlTemplate\":\"https:\/\/www.uoh.cl\/instituto-de-ciencias-de-la-educacion\/?s={search_term_string}\"},\"query-input\":{\"@type\":\"PropertyValueSpecification\",\"valueRequired\":true,\"valueName\":\"search_term_string\"}}],\"inLanguage\":\"es-CL\"},{\"@type\":\"Person\",\"@id\":\"https:\/\/www.uoh.cl\/instituto-de-ciencias-de-la-educacion\/#\/schema\/person\/ea242e676c7d6d7e46fc8b9e39486c4f\",\"name\":\"Universidad de O'Higgins\",\"image\":{\"@type\":\"ImageObject\",\"inLanguage\":\"es-CL\",\"@id\":\"https:\/\/www.uoh.cl\/instituto-de-ciencias-de-la-educacion\/#\/schema\/person\/image\/\",\"url\":\"https:\/\/secure.gravatar.com\/avatar\/78fcb76ca05efae11fd355943c01a832a29786cc00d85b1a82c301bea2b2a214?s=96&d=mm&r=g\",\"contentUrl\":\"https:\/\/secure.gravatar.com\/avatar\/78fcb76ca05efae11fd355943c01a832a29786cc00d85b1a82c301bea2b2a214?s=96&d=mm&r=g\",\"caption\":\"Universidad de O'Higgins\"}}]}<\/script>\n<!-- \/ Yoast SEO plugin. -->","yoast_head_json":{"title":"Inteligencia Artificial potenciar\u00e1 Congreso Futuro 2024 y ofrecer\u00e1 una experiencia participativa a sus asistentes - Instituto de Ciencias de la Educaci\u00f3n","description":"Encuentro cient\u00edfico reuni\u00f3 a m\u00e1s de mil profesionales del \u00e1rea de Ciencias de la Tierra, donde participaron acad\u00e9micos\/as, investigadores\/as y estudiantes de la UOH.","robots":{"index":"noindex","follow":"nofollow"},"og_locale":"es_ES","og_type":"article","og_title":"Inteligencia Artificial potenciar\u00e1 Congreso Futuro 2024 y ofrecer\u00e1 una experiencia participativa a sus asistentes - Instituto de Ciencias de la Educaci\u00f3n","og_description":"Encuentro cient\u00edfico reuni\u00f3 a m\u00e1s de mil profesionales del \u00e1rea de Ciencias de la Tierra, donde participaron acad\u00e9micos\/as, investigadores\/as y estudiantes de la UOH.","og_url":"https:\/\/www.uoh.cl\/instituto-de-ciencias-de-la-educacion\/2023\/12\/15\/inteligencia-artificial-potenciara-congreso-futuro-2024-y-ofrecera-una-experiencia-participativa-a-sus-asistentes\/","og_site_name":"Instituto de Ciencias de la Educaci\u00f3n","article_published_time":"2023-12-15T19:31:03+00:00","og_image":[{"width":1000,"height":1000,"url":"https:\/\/www.uoh.cl\/instituto-de-ciencias-de-la-educacion\/wp-content\/uploads\/sites\/13\/2023\/12\/Congreso-Futuro-4.png","type":"image\/png"}],"author":"Universidad de O'Higgins","twitter_card":"summary_large_image","twitter_misc":{"Escrito por":"Universidad de O'Higgins","Tiempo estimado de lectura":"7 minutos"},"schema":{"@context":"https:\/\/schema.org","@graph":[{"@type":"WebPage","@id":"https:\/\/www.uoh.cl\/instituto-de-ciencias-de-la-educacion\/2023\/12\/15\/inteligencia-artificial-potenciara-congreso-futuro-2024-y-ofrecera-una-experiencia-participativa-a-sus-asistentes\/","url":"https:\/\/www.uoh.cl\/instituto-de-ciencias-de-la-educacion\/2023\/12\/15\/inteligencia-artificial-potenciara-congreso-futuro-2024-y-ofrecera-una-experiencia-participativa-a-sus-asistentes\/","name":"Inteligencia Artificial potenciar\u00e1 Congreso Futuro 2024 y ofrecer\u00e1 una experiencia participativa a sus asistentes - Instituto de Ciencias de la Educaci\u00f3n","isPartOf":{"@id":"https:\/\/www.uoh.cl\/instituto-de-ciencias-de-la-educacion\/#website"},"primaryImageOfPage":{"@id":"https:\/\/www.uoh.cl\/instituto-de-ciencias-de-la-educacion\/2023\/12\/15\/inteligencia-artificial-potenciara-congreso-futuro-2024-y-ofrecera-una-experiencia-participativa-a-sus-asistentes\/#primaryimage"},"image":{"@id":"https:\/\/www.uoh.cl\/instituto-de-ciencias-de-la-educacion\/2023\/12\/15\/inteligencia-artificial-potenciara-congreso-futuro-2024-y-ofrecera-una-experiencia-participativa-a-sus-asistentes\/#primaryimage"},"thumbnailUrl":"https:\/\/www.uoh.cl\/instituto-de-ciencias-de-la-educacion\/wp-content\/uploads\/sites\/13\/2023\/12\/Congreso-Futuro-4.png","datePublished":"2023-12-15T19:31:03+00:00","author":{"@id":"https:\/\/www.uoh.cl\/instituto-de-ciencias-de-la-educacion\/#\/schema\/person\/ea242e676c7d6d7e46fc8b9e39486c4f"},"description":"Encuentro cient\u00edfico reuni\u00f3 a m\u00e1s de mil profesionales del \u00e1rea de Ciencias de la Tierra, donde participaron acad\u00e9micos\/as, investigadores\/as y estudiantes de la UOH.","inLanguage":"es-CL","potentialAction":[{"@type":"ReadAction","target":["https:\/\/www.uoh.cl\/instituto-de-ciencias-de-la-educacion\/2023\/12\/15\/inteligencia-artificial-potenciara-congreso-futuro-2024-y-ofrecera-una-experiencia-participativa-a-sus-asistentes\/"]}]},{"@type":"ImageObject","inLanguage":"es-CL","@id":"https:\/\/www.uoh.cl\/instituto-de-ciencias-de-la-educacion\/2023\/12\/15\/inteligencia-artificial-potenciara-congreso-futuro-2024-y-ofrecera-una-experiencia-participativa-a-sus-asistentes\/#primaryimage","url":"https:\/\/www.uoh.cl\/instituto-de-ciencias-de-la-educacion\/wp-content\/uploads\/sites\/13\/2023\/12\/Congreso-Futuro-4.png","contentUrl":"https:\/\/www.uoh.cl\/instituto-de-ciencias-de-la-educacion\/wp-content\/uploads\/sites\/13\/2023\/12\/Congreso-Futuro-4.png","width":1000,"height":1000},{"@type":"WebSite","@id":"https:\/\/www.uoh.cl\/instituto-de-ciencias-de-la-educacion\/#website","url":"https:\/\/www.uoh.cl\/instituto-de-ciencias-de-la-educacion\/","name":"Instituto de Ciencias de la Educaci\u00f3n","description":"Otro sitio de Sitios de Universidad O&#039;higgins","potentialAction":[{"@type":"SearchAction","target":{"@type":"EntryPoint","urlTemplate":"https:\/\/www.uoh.cl\/instituto-de-ciencias-de-la-educacion\/?s={search_term_string}"},"query-input":{"@type":"PropertyValueSpecification","valueRequired":true,"valueName":"search_term_string"}}],"inLanguage":"es-CL"},{"@type":"Person","@id":"https:\/\/www.uoh.cl\/instituto-de-ciencias-de-la-educacion\/#\/schema\/person\/ea242e676c7d6d7e46fc8b9e39486c4f","name":"Universidad de O'Higgins","image":{"@type":"ImageObject","inLanguage":"es-CL","@id":"https:\/\/www.uoh.cl\/instituto-de-ciencias-de-la-educacion\/#\/schema\/person\/image\/","url":"https:\/\/secure.gravatar.com\/avatar\/78fcb76ca05efae11fd355943c01a832a29786cc00d85b1a82c301bea2b2a214?s=96&d=mm&r=g","contentUrl":"https:\/\/secure.gravatar.com\/avatar\/78fcb76ca05efae11fd355943c01a832a29786cc00d85b1a82c301bea2b2a214?s=96&d=mm&r=g","caption":"Universidad de O'Higgins"}}]}},"_links":{"self":[{"href":"https:\/\/www.uoh.cl\/instituto-de-ciencias-de-la-educacion\/wp-json\/wp\/v2\/posts\/4206","targetHints":{"allow":["GET"]}}],"collection":[{"href":"https:\/\/www.uoh.cl\/instituto-de-ciencias-de-la-educacion\/wp-json\/wp\/v2\/posts"}],"about":[{"href":"https:\/\/www.uoh.cl\/instituto-de-ciencias-de-la-educacion\/wp-json\/wp\/v2\/types\/post"}],"author":[{"embeddable":true,"href":"https:\/\/www.uoh.cl\/instituto-de-ciencias-de-la-educacion\/wp-json\/wp\/v2\/users\/34"}],"replies":[{"embeddable":true,"href":"https:\/\/www.uoh.cl\/instituto-de-ciencias-de-la-educacion\/wp-json\/wp\/v2\/comments?post=4206"}],"version-history":[{"count":0,"href":"https:\/\/www.uoh.cl\/instituto-de-ciencias-de-la-educacion\/wp-json\/wp\/v2\/posts\/4206\/revisions"}],"wp:featuredmedia":[{"embeddable":true,"href":"https:\/\/www.uoh.cl\/instituto-de-ciencias-de-la-educacion\/wp-json\/wp\/v2\/media\/4207"}],"wp:attachment":[{"href":"https:\/\/www.uoh.cl\/instituto-de-ciencias-de-la-educacion\/wp-json\/wp\/v2\/media?parent=4206"}],"wp:term":[{"taxonomy":"category","embeddable":true,"href":"https:\/\/www.uoh.cl\/instituto-de-ciencias-de-la-educacion\/wp-json\/wp\/v2\/categories?post=4206"},{"taxonomy":"post_tag","embeddable":true,"href":"https:\/\/www.uoh.cl\/instituto-de-ciencias-de-la-educacion\/wp-json\/wp\/v2\/tags?post=4206"}],"curies":[{"name":"wp","href":"https:\/\/api.w.org\/{rel}","templated":true}]}}