
{"id":3973,"date":"2023-11-20T09:15:05","date_gmt":"2023-11-20T12:15:05","guid":{"rendered":"https:\/\/www.uoh.cl\/instituto-de-ciencias-de-la-educacion\/2023\/11\/20\/red-de-aseguramiento-de-la-calidad-en-la-educacion-superior-se-reunio-por-primera-vez-en-la-uoh\/"},"modified":"2023-11-20T09:41:23","modified_gmt":"2023-11-20T12:41:23","slug":"red-de-aseguramiento-de-la-calidad-en-la-educacion-superior-se-reunio-por-primera-vez-en-la-uoh","status":"publish","type":"post","link":"https:\/\/www.uoh.cl\/instituto-de-ciencias-de-la-educacion\/2023\/11\/20\/red-de-aseguramiento-de-la-calidad-en-la-educacion-superior-se-reunio-por-primera-vez-en-la-uoh\/","title":{"rendered":"Red de Aseguramiento de la Calidad en la educaci\u00f3n superior se reuni\u00f3 por primera vez en la UOH"},"content":{"rendered":"<div class=\"wpb-content-wrapper\"><p>[vc_section el_class=&#8221;container mx-auto align-items-center circle&#8211;pattern&#8221; css=&#8221;.vc_custom_1648956589196{padding-top: 3rem !important;}&#8221;][vc_row][vc_column]<div class=\"breadcrumb\"><ol itemscope itemtype=\"https:\/\/schema.org\/BreadcrumbList\"><li itemprop=\"itemListElement\" itemscope itemtype=\"https:\/\/schema.org\/ListItem\"><a itemprop=\"item\" href=\"http:\/\/www.uoh.cl\"><span itemprop=\"name\">Inicio<\/span><\/a><meta itemprop=\"position\" content=\"1\" \/><li itemprop=\"itemListElement\" itemscope itemtype=\"https:\/\/schema.org\/ListItem\"><a itemprop=\"item\" href=\"https:\/\/www.uoh.cl\/instituto-de-ciencias-de-la-educacion\"><span itemprop=\"name\">Instituto de Ciencias de la Educaci\u00f3n<\/span><\/a><meta itemprop=\"position\" content=\"2\" \/><li itemprop=\"itemListElement\" itemscope itemtype=\"https:\/\/schema.org\/ListItem\"><a itemprop=\"item\" href=\"https:\/\/www.uoh.cl\/instituto-de-ciencias-de-la-educacion\/noticias\/\"><span itemprop=\"name\">Noticias<\/span><\/a><meta itemprop=\"position\" content=\"3\" \/><li itemprop=\"itemListElement\" itemscope itemtype=\"https:\/\/schema.org\/ListItem\"><span itemprop=\"name\">Red de Aseguramiento de la Calidad en la educaci\u00f3n superior <\/span><meta itemprop=\"position\" content=\"4\" \/><\/ol><\/div><ul class=\"p-0 list-style-none d-inline-block\"><li class=\"p-0\"><a href=https:\/\/www.uoh.cl\/instituto-de-ciencias-de-la-educacion\/category\/institucional\/ class=\"px-1 py-2\">Institucional<\/a><\/li><\/ul><div class=\"date_publish_post\"> \u25cf Lun 20 de Noviembre 2023<\/div><div class=\"uoh_title_component-container\"><h1 class=\"title title--ms d-inline-block title--decorator  big\">Red de Aseguramiento de la Calidad en la educaci\u00f3n superior se reuni\u00f3 por primera vez en la UOH<\/h1><\/div>[vc_row_inner el_class=&#8221;border-separator m-0&#8243;][vc_column_inner width=&#8221;2\/3&#8243;]<div class=\"author_wp_class\"> Escrito por <span>Universidad de O'Higgins<\/span><\/div>[\/vc_column_inner][vc_column_inner el_class=&#8221;align-items-end-publish&#8221; width=&#8221;1\/3&#8243;]<div class=\"uoh_social_network_component uoh_row col-12 justify-content-end m-0 p-0\"> <div class=\"icon__facebook-share-button\">\n                       <a href=\"https:\/\/www.facebook.com\/sharer\/sharer.php?u=https:\/\/www.uoh.cl\/instituto-de-ciencias-de-la-educacion\/2023\/11\/20\/red-de-aseguramiento-de-la-calidad-en-la-educacion-superior-se-reunio-por-primera-vez-en-la-uoh\/\" target=\"_blank\"> <div class=\"icon__facebook-svg\"><svg version=\"1.1\" xmlns=\"http:\/\/www.w3.org\/2000\/svg\" xmlns:xlink=\"http:\/\/www.w3.org\/1999\/xlink\" x=\"0px\" y=\"0px\" width=\"22.4px\" height=\"48.3px\" viewBox=\"0 0 22.4 48.3\" style=\"overflow:visible;enable-background:new 0 0 22.4 48.3;\" xml:space=\"preserve\">\n                <defs>\n                <\/defs>\n                <path class=\"st0\" d=\"M22.4,15.6h-7.6v-5c0-1.9,1.2-2.3,2.1-2.3c0.9,0,5.4,0,5.4,0V0l-7.4,0C6.6,0,4.8,6.2,4.8,10.1v5.5H0v8.5h4.8\n                    c0,10.9,0,24.1,0,24.1h10c0,0,0-13.3,0-24.1h6.8L22.4,15.6z\"><\/path>\n                <\/svg><\/a><\/div>\n                    <\/div><div class=\"icon__twitter-share-button\">\n                        <div class=\"icon__twitter-svg\"><a target=\"_blank\" href=\"http:\/\/twitter.com\/share?url=https:\/\/www.uoh.cl\/instituto-de-ciencias-de-la-educacion\/2023\/11\/20\/red-de-aseguramiento-de-la-calidad-en-la-educacion-superior-se-reunio-por-primera-vez-en-la-uoh\/\"><svg xmlns=\"http:\/\/www.w3.org\/2000\/svg\" height=\"1em\" viewBox=\"0 0 512 512\"><!--! Font Awesome Free 6.4.2 by @fontawesome - https:\/\/fontawesome.com License - https:\/\/fontawesome.com\/license (Commercial License) Copyright 2023 Fonticons, Inc. --><path d=\"M389.2 48h70.6L305.6 224.2 487 464H345L233.7 318.6 106.5 464H35.8L200.7 275.5 26.8 48H172.4L272.9 180.9 389.2 48zM364.4 421.8h39.1L151.1 88h-42L364.4 421.8z\"\/><\/svg><\/a><\/div>\n                        <\/div><div class=\"icon__linkedin-share-button\">\n                        <div class=\"icon__linkedin-svg\">\n                        <a target=\"__blank\" href=\"https:\/\/www.linkedin.com\/sharing\/share-offsite\/?url=https:\/\/www.uoh.cl\/instituto-de-ciencias-de-la-educacion\/2023\/11\/20\/red-de-aseguramiento-de-la-calidad-en-la-educacion-superior-se-reunio-por-primera-vez-en-la-uoh\/\"><svg enable-background=\"new 0 0 100 100\" height=\"100px\" id=\"Layer_1\" version=\"1.1\" viewBox=\"0 0 100 100\" width=\"100px\" xml:space=\"preserve\" xmlns=\"http:\/\/www.w3.org\/2000\/svg\" xmlns:xlink=\"http:\/\/www.w3.org\/1999\/xlink\"><g><circle cx=\"50\" cy=\"50\" fill=\"#ccc\" r=\"45\"\/><g id=\"LinkedIn_1_\"><rect fill=\"#FFFFFF\" height=\"24.361\" width=\"7.69\" x=\"31.271\" y=\"43.569\"\/><path d=\"M59.968,43.334c-4.406,0-7.165,2.387-7.677,4.058v-3.823h-8.636c0.109,2.03,0,24.361,0,24.361h8.636    V54.748c0-0.733-0.034-1.465,0.19-1.991c0.594-1.464,1.869-2.985,4.162-2.985c2.998,0,4.361,2.253,4.361,5.552V67.93h8.721V54.384    C69.726,46.839,65.432,43.334,59.968,43.334z\" fill=\"#FFFFFF\"\/><path d=\"M34.973,32.069c-2.839,0-4.696,1.823-4.696,4.229c0,2.361,1.804,4.224,4.589,4.224h0.054    c2.891,0,4.69-1.869,4.69-4.229C39.555,33.888,37.81,32.069,34.973,32.069z\" fill=\"#FFFFFF\"\/><\/g><\/g><\/svg><\/a><\/div>\n\n            <\/div><\/div>[\/vc_column_inner][\/vc_row_inner][vc_single_image image=&#8221;29154&#8243; img_size=&#8221;full&#8221; add_caption=&#8221;yes&#8221; alignment=&#8221;center&#8221; onclick=&#8221;img_link_large&#8221; img_link_target=&#8221;_blank&#8221;][vc_column_text]\u00a0[\/vc_column_text][vc_column_text]<\/p>\n<ul>\n<li><em>La Universidad de O\u2019Higgins recibi\u00f3 a los\/as representantes de las 18 casas de estudios estatales del pa\u00eds, en un encuentro que abord\u00f3 no s\u00f3lo la gesti\u00f3n de la calidad, sino que la mejora continua y los cambios en el proceso de acreditaci\u00f3n ante la Comisi\u00f3n Nacional de Acreditaci\u00f3n (CNA) con presencia de la Vicepresidenta la de la entidad, \u00c9rika Castillo.<\/em><\/li>\n<\/ul>\n<p>[\/vc_column_text][vc_column_text]\u00a0[\/vc_column_text][vc_column_text]\u201cEstamos muy contentos y agradecidos de la <a href=\"http:\/\/www.uoh.cl\">Universidad de O\u2019Higgins<\/a> por recibirnos, por haber organizado esta reuni\u00f3n de la <a href=\"https:\/\/www.uestatales.cl\/cue\/?q=node\/4967\">Red de Aseguramiento de la Calidad del Consorcio de Universidades del Estado de Chile (CUECH)<\/a> que es sin duda simb\u00f3lica, porque la UOH es una de las \u00faltimas universidades en haberse incorporado a la red; por haber obtenido su acreditaci\u00f3n institucional por cuatro a\u00f1os hace poco tiempo, lo que es un reconocimiento, a un trabajo bien hecho, a un trabajo responsable, serio y con buenos resultados\u201d, con estas palabras <a href=\"https:\/\/www.unap.cl\/prontus_unap\/site\/artic\/20170807\/pags\/20170807130535.html#:~:text=Fabiola%20Iba%C3%B1ez%20Carrillo&amp;text=Facultad%20de%20Ciencias%20Humanas.\">Carolina Ulloa Rivas<\/a>, Integrante del Directorio de la Red de Aseguramiento de la Calidad, reconoci\u00f3 la importancia de realizar el encuentro en el Campus Rancagua de la UOH.<\/p>\n<p>Durante dos jornadas, representantes de las 18 casas de estudios estatales, trabajaron en dos temas principales: la muestra de las caracter\u00edsticas de los sistemas\u00a0 de aseguramiento que poseen las universidades de\u00a0 <a href=\"https:\/\/www.ulagos.cl\/\">Los Lagos<\/a>, <a href=\"https:\/\/www.umag.cl\/\">Magallanes<\/a>, <a href=\"https:\/\/www.uta.cl\/\">Atacama<\/a> y <a href=\"https:\/\/www.unap.cl\/prontus_unap\/site\/edic\/base\/port\/inicio.html\">Arturo Prat<\/a>, y la formulaci\u00f3n de estrategias para dar cumplimiento al proyecto \u201cSistema de acompa\u00f1amiento entre las universidades estatales para la promoci\u00f3n de una cultura de la calidad y el fortalecimiento de las capacidades instaladas, para el aseguramiento interno de la calidad en el contexto de los nuevos criterios y est\u00e1ndares de acreditaci\u00f3n\u201d, que la Red elabor\u00f3 y present\u00f3 al <a href=\"http:\/\/www.mineduc.cl\">Ministerio de Educaci\u00f3n<\/a> para su financiamiento.<\/p>\n<p>En nombre de la Universidad de O\u2019Higgins entreg\u00f3 su saludo, el <a href=\"https:\/\/www.uoh.cl\/equipo\/alvaro-cabrera\/\">Prorrector, \u00c1lvaro Cabrera<\/a>, quien sostuvo que \u201ces una pol\u00edtica institucional integrarnos a todas las redes posibles, y, con particular \u00e9nfasis, en las redes que agrupan a las universidades estatales, a las universidades p\u00fablicas, ya que nuestra Universidad lo es. Por lo tanto, es un honor ser los anfitriones y recibir a los representantes de las 18 universidades estatales, en este encuentro de la Red de Aseguramiento de la Calidad. La convocatoria ha sido un \u00e9xito, y esta reuni\u00f3n es muy importante por el tema que aborda, que es la gesti\u00f3n de la calidad, no s\u00f3lo la acreditaci\u00f3n, sino tambi\u00e9n la mejora continua, que son acciones transversales a todo el quehacer de la instituci\u00f3n\u201d, sostuvo.<\/p>\n<p><strong>Experiencias y proyecto en red<\/strong><\/p>\n<p>Carolina Ulloa detall\u00f3 que discutieron sobre el proyecto dise\u00f1ado por la Red de Aseguramiento de la Calidad \u00a0y que tiene como prop\u00f3sito final \u201cmejorar nuestra preparaci\u00f3n para la implementaci\u00f3n de los nuevos criterios de acreditaci\u00f3n que estableci\u00f3 la Comisi\u00f3n Nacional de Acreditaci\u00f3n y, tambi\u00e9n, para nivelar mejor y para acortar las brechas entre las instituciones, en t\u00e9rminos de resultados de acreditaci\u00f3n\u201d. Destac\u00f3 que la iniciativa tiene tres partes: \u201cun diagn\u00f3stico, luego generar un acompa\u00f1amiento y, finalmente, generar capacitaci\u00f3n y mejorar las capacidades instaladas en los equipos de todas las instituciones. Este proyecto es s\u00faper importante porque necesitamos enfrentar los nuevos criterios que se han instalado y que han entrado en vigencia en octubre de este a\u00f1o\u201d.<\/p>\n<p>\u201cNos parece tremendamente importante la adjudicaci\u00f3n de un proyecto por parte de la red (\u2026) la red tambi\u00e9n nos nutre a nosotros, a nuestros procesos de escucha activa, de estar en di\u00e1logo permanente, y hoy d\u00eda ha sido un d\u00eda en realidad muy importante y nutritivo para ese aspecto\u201d, sostuvo la Vicepresidenta de la Comisi\u00f3n Nacional de Acreditaci\u00f3n (CNA), \u00c9rika Castillo, tras su exposici\u00f3n sobre \u201cModelos de Aseguramiento de la Calidad de carreras y programas y el retorno de la acreditaci\u00f3n de carreras en 2025. Lineamientos y orientaciones generales\u201d.<\/p>\n<p>Castillo, precis\u00f3 que \u201choy d\u00eda estamos enfrentados a la implementaci\u00f3n de los nuevos criterios y est\u00e1ndares que partieron en el mes de octubre, todos los programas e instituciones que ingresan a la CNA a partir de octubre 2024 ingresan en el marco de los nuevos criterios. Los nuevos criterios determinan fundamentalmente para las instituciones una acreditaci\u00f3n integral, eso implica que la acreditaci\u00f3n integral requiere muestra intencionada, es decir, ver aquellos elementos que si bien estando en la instituci\u00f3n en su conjunto tambi\u00e9n se pueden observar en programas y en planes espec\u00edficos. Esa es una etapa del proceso. La etapa vinculada al a\u00f1o 2025 se refiere con las otras carreras de pregrado que no tienen acreditaci\u00f3n obligatoria como si lo tienen las carreras de la salud y de la pedagog\u00eda y estamos justamente trabajando en c\u00f3mo va a ser ese proceso, c\u00f3mo va a ser su escalamiento y para ese tipo de trabajo tambi\u00e9n necesitamos que el v\u00ednculo con la red, el v\u00ednculo con cada una de las instituciones sea muy activo y permanente\u201d.<\/p>\n<p>Por su parte, la Rectora de la UOH, Fernanda Kri Amar, destac\u00f3 la presentaci\u00f3n de la Vicepresidenta de la CNA, argumentando que se pudo profundizar \u201cen materias que todav\u00eda no est\u00e1n claras sobre estos nuevos criterios y esta nueva forma de acreditaci\u00f3n. As\u00ed que es una actividad de la mayor relevancia para nosotros como Universidad, pero tambi\u00e9n para el sistema de educaci\u00f3n superior en general\u201d.<\/p>\n<p>\u201cLa Red de Aseguramiento de la Calidad es una de las redes que va a ir cobrando cada d\u00eda m\u00e1s importancia considerando que estamos con nuevos criterios para la acreditaci\u00f3n, que se est\u00e1 instalando el sistema de acreditaci\u00f3n integral en el pa\u00eds, por lo tanto toda la informaci\u00f3n que puede salir de esta red, todo lo que se pueda lograr trabajando en conjunto -que siempre el trabajo en conjunto nos da mejores resultados- es muy muy relevante\u201d, precis\u00f3 la autoridad UOH.[\/vc_column_text][vc_zigzag color=&#8221;white&#8221;][\/vc_column][\/vc_row][\/vc_section][vc_section css=&#8221;.vc_custom_1650255686594{background-color: #f6faff !important;}&#8221; el_class=&#8221;p-md-0 pt-md-5&#8243;][vc_row el_class=&#8221;container mx-auto align-items-center p-md-0 pt-5 pb-5&#8243;][vc_column el_class=&#8221;pb-5&#8243;][vc_row_inner el_class=&#8221;pb-5&#8243;][vc_column_inner]<div class=\"row m-0 p-0\"><div class=\"col-12 col-md-9 pt-5 pt-md-0\"><h2 class=\"title title--decorator title--ms d-inline-block\">Te Recomendamos<\/h2><\/div><\/div><div class=\"content-holder\"><div class=\"row  swipper-news-list not--activate-hack \"><div class=\"row -wrapper\"><div class=\"  col-sm-6 col-md-4 img-article\">\n                                        <div class=\"content-news-display row m-0 p-0\"><div class=\"holder p-0 \"><div class=\"img-wrap img-wrap-news\">\n                                        <div class=\"caption__news-category\">\n                                        <a href=\"https:\/\/www.uoh.cl\/instituto-de-ciencias-de-la-educacion\/category\/educacion\/\">\n                                        Educaci\u00f3n<\/a><\/div><img decoding=\"async\" class=\"w-100 h-100 lazyload\" data-src=\"https:\/\/www.uoh.cl\/instituto-de-ciencias-de-la-educacion\/wp-content\/uploads\/sites\/13\/2026\/04\/Convivencia-escolar.jpg\" alt=\"Conflicto no es violencia: claves para abordar la convivencia escolar m\u00e1s all\u00e1 del castigo\" style=\"--smush-placeholder-width: 1201px; --smush-placeholder-aspect-ratio: 1201\/800;object-fit: cover; object-position: center;\" src=\"data:image\/svg+xml;base64,PHN2ZyB3aWR0aD0iMSIgaGVpZ2h0PSIxIiB4bWxucz0iaHR0cDovL3d3dy53My5vcmcvMjAwMC9zdmciPjwvc3ZnPg==\"><\/div><\/div><div class=\"caption py-3 caption__news py-md-3 pb-md-5\">\n                                    <span class=\"caption__date\">Jueves 16, Abril<\/span>\n                                     <a href=\"https:\/\/www.uoh.cl\/instituto-de-ciencias-de-la-educacion\/2026\/04\/16\/conflicto-no-es-violencia-claves-para-abordar-la-convivencia-escolar-mas-alla-del-castigo\/\">\n                                    <h3 class=\"small-space\">Conflicto no es violencia: claves para abordar la convivencia escolar m\u00e1s all\u00e1 del castigo<\/h3><\/a>\n\n                                    <p>Acad\u00e9mica advierte que centrarse solo en sanciones no resuelve la violencia en escuelas y plantea la urgencia de fortalecer enfoques formativos que promuevan el di\u00e1logo, la confianza y la convivencia democr\u00e1tica.<\/p>\n                                    <a class=\"link link--bold mt-md-3\" href=\"https:\/\/www.uoh.cl\/instituto-de-ciencias-de-la-educacion\/2026\/04\/16\/conflicto-no-es-violencia-claves-para-abordar-la-convivencia-escolar-mas-alla-del-castigo\/\">Saber m\u00e1s <span class=\"icon icon--inline icon--link\"><svg version=\"1.1\" xmlns=\"http:\/\/www.w3.org\/2000\/svg\" xmlns:xlink=\"http:\/\/www.w3.org\/1999\/xlink\" x=\"0px\" y=\"0px\" width=\"22px\"height=\"22px\" viewBox=\"0 0 22 22\" style=\"overflow:visible;enable-background:new 0 0 80 64.6;\" xml:space=\"preserve\"><g clip-path=\"url(#acA)\"><path fill-rule=\"evenodd\" d=\"M21.913 11.266a.93.93 0 000-.711c-.022-.056-.063-.097-.091-.144s-.053-.103-.097-.15L12.306.294c-.357-.379-.955-.394-1.334-.038s-.394.955-.038 1.334l7.917 8.374H.927a.95.95 0 00-.908.983.946.946 0 00.908.908h17.924l-8.089 8.552c-.357.379-.341.977.034 1.334s.977.341 1.334-.034l9.594-10.148c.044-.044.063-.1.097-.15.028-.047.069-.088.091-.141z\"\/><\/g><defs><clipPath id=\"acA\"><path fill=\"#fff\" d=\"M0 0h22v22H0z\"\/><\/clipPath><\/defs><\/svg><\/span><\/a><\/div><\/div><\/div><div class=\"  col-sm-6 col-md-4 img-article\">\n                                        <div class=\"content-news-display row m-0 p-0\"><div class=\"holder p-0 \"><div class=\"img-wrap img-wrap-news\">\n                                        <div class=\"caption__news-category\">\n                                        <a href=\"https:\/\/www.uoh.cl\/instituto-de-ciencias-de-la-educacion\/category\/cuech\/\">\n                                        CUECH<\/a><\/div><img decoding=\"async\" class=\"w-100 h-100 lazyload\" data-src=\"https:\/\/www.uoh.cl\/instituto-de-ciencias-de-la-educacion\/wp-content\/uploads\/sites\/13\/2026\/04\/DSC_2431-scaled.jpg\" alt=\"Universidades estatales sellan hoja de ruta 2030: Red Desarrollo Sustentable entra en fase de consolidaci\u00f3n\" style=\"--smush-placeholder-width: 2560px; --smush-placeholder-aspect-ratio: 2560\/1707;object-fit: cover; object-position: center;\" src=\"data:image\/svg+xml;base64,PHN2ZyB3aWR0aD0iMSIgaGVpZ2h0PSIxIiB4bWxucz0iaHR0cDovL3d3dy53My5vcmcvMjAwMC9zdmciPjwvc3ZnPg==\"><\/div><\/div><div class=\"caption py-3 caption__news py-md-3 pb-md-5\">\n                                    <span class=\"caption__date\">Mi\u00e9rcoles 15, Abril<\/span>\n                                     <a href=\"https:\/\/www.uoh.cl\/instituto-de-ciencias-de-la-educacion\/2026\/04\/15\/universidades-estatales-sellan-hoja-de-ruta-2030-red-desarrollo-sustentable-entra-en-fase-de-consolidacion\/\">\n                                    <h3 class=\"small-space\">Universidades estatales sellan hoja de ruta 2030: Red Desarrollo Sustentable entra en fase de consolidaci\u00f3n<\/h3><\/a>\n\n                                    <p>En el Plenario realizado en la Universidad de O'Higgins, los 18 planteles p\u00fablicos definieron sus metas estrat\u00e9gicas para el periodo 2026-2030. El plan priorizar\u00e1 la institucionalizaci\u00f3n de capacidades, un diplomado para organismos p\u00fablicos y la medici\u00f3n de la huella h\u00eddrica en los campus.<\/p>\n                                    <a class=\"link link--bold mt-md-3\" href=\"https:\/\/www.uoh.cl\/instituto-de-ciencias-de-la-educacion\/2026\/04\/15\/universidades-estatales-sellan-hoja-de-ruta-2030-red-desarrollo-sustentable-entra-en-fase-de-consolidacion\/\">Saber m\u00e1s <span class=\"icon icon--inline icon--link\"><svg version=\"1.1\" xmlns=\"http:\/\/www.w3.org\/2000\/svg\" xmlns:xlink=\"http:\/\/www.w3.org\/1999\/xlink\" x=\"0px\" y=\"0px\" width=\"22px\"height=\"22px\" viewBox=\"0 0 22 22\" style=\"overflow:visible;enable-background:new 0 0 80 64.6;\" xml:space=\"preserve\"><g clip-path=\"url(#acA)\"><path fill-rule=\"evenodd\" d=\"M21.913 11.266a.93.93 0 000-.711c-.022-.056-.063-.097-.091-.144s-.053-.103-.097-.15L12.306.294c-.357-.379-.955-.394-1.334-.038s-.394.955-.038 1.334l7.917 8.374H.927a.95.95 0 00-.908.983.946.946 0 00.908.908h17.924l-8.089 8.552c-.357.379-.341.977.034 1.334s.977.341 1.334-.034l9.594-10.148c.044-.044.063-.1.097-.15.028-.047.069-.088.091-.141z\"\/><\/g><defs><clipPath id=\"acA\"><path fill=\"#fff\" d=\"M0 0h22v22H0z\"\/><\/clipPath><\/defs><\/svg><\/span><\/a><\/div><\/div><\/div><div class=\"  col-sm-6 col-md-4 img-article\">\n                                        <div class=\"content-news-display row m-0 p-0\"><div class=\"holder p-0 \"><div class=\"img-wrap img-wrap-news\">\n                                        <div class=\"caption__news-category\">\n                                        <a href=\"https:\/\/www.uoh.cl\/instituto-de-ciencias-de-la-educacion\/category\/investigacion\/\">\n                                        Investigaci\u00f3n<\/a><\/div><img decoding=\"async\" class=\"w-100 h-100 lazyload\" data-src=\"https:\/\/www.uoh.cl\/instituto-de-ciencias-de-la-educacion\/wp-content\/uploads\/sites\/13\/2026\/04\/DSC_2212-scaled.jpg\" alt=\"UOH lanza serie audiovisual para visibilizar el aporte de sus investigadoras al desarrollo del territorio\" style=\"--smush-placeholder-width: 2560px; --smush-placeholder-aspect-ratio: 2560\/1440;object-fit: cover; object-position: center;\" src=\"data:image\/svg+xml;base64,PHN2ZyB3aWR0aD0iMSIgaGVpZ2h0PSIxIiB4bWxucz0iaHR0cDovL3d3dy53My5vcmcvMjAwMC9zdmciPjwvc3ZnPg==\"><\/div><\/div><div class=\"caption py-3 caption__news py-md-3 pb-md-5\">\n                                    <span class=\"caption__date\">Mi\u00e9rcoles 1, Abril<\/span>\n                                     <a href=\"https:\/\/www.uoh.cl\/instituto-de-ciencias-de-la-educacion\/2026\/04\/01\/uoh-lanza-serie-audiovisual-para-visibilizar-el-aporte-de-sus-investigadoras-al-desarrollo-del-territorio\/\">\n                                    <h3 class=\"small-space\">UOH lanza serie audiovisual para visibilizar el aporte de sus investigadoras al desarrollo del territorio<\/h3><\/a>\n\n                                    <p>La iniciativa, impulsada por el proyecto InES G\u00e9nero UOH, contempla cinco episodios que relevan las trayectorias y el impacto de mujeres en la investigaci\u00f3n, desarrollo, innovaci\u00f3n y emprendimiento.<\/p>\n                                    <a class=\"link link--bold mt-md-3\" href=\"https:\/\/www.uoh.cl\/instituto-de-ciencias-de-la-educacion\/2026\/04\/01\/uoh-lanza-serie-audiovisual-para-visibilizar-el-aporte-de-sus-investigadoras-al-desarrollo-del-territorio\/\">Saber m\u00e1s <span class=\"icon icon--inline icon--link\"><svg version=\"1.1\" xmlns=\"http:\/\/www.w3.org\/2000\/svg\" xmlns:xlink=\"http:\/\/www.w3.org\/1999\/xlink\" x=\"0px\" y=\"0px\" width=\"22px\"height=\"22px\" viewBox=\"0 0 22 22\" style=\"overflow:visible;enable-background:new 0 0 80 64.6;\" xml:space=\"preserve\"><g clip-path=\"url(#acA)\"><path fill-rule=\"evenodd\" d=\"M21.913 11.266a.93.93 0 000-.711c-.022-.056-.063-.097-.091-.144s-.053-.103-.097-.15L12.306.294c-.357-.379-.955-.394-1.334-.038s-.394.955-.038 1.334l7.917 8.374H.927a.95.95 0 00-.908.983.946.946 0 00.908.908h17.924l-8.089 8.552c-.357.379-.341.977.034 1.334s.977.341 1.334-.034l9.594-10.148c.044-.044.063-.1.097-.15.028-.047.069-.088.091-.141z\"\/><\/g><defs><clipPath id=\"acA\"><path fill=\"#fff\" d=\"M0 0h22v22H0z\"\/><\/clipPath><\/defs><\/svg><\/span><\/a><\/div><\/div><\/div><\/div><\/div><\/div><div class=\"pagination justify-content-center my-5\"><span aria-current=\"page\" class=\"page-numbers current\">1<\/span>\n<a class=\"page-numbers\" href=\"https:\/\/www.uoh.cl\/instituto-de-ciencias-de-la-educacion\/wp-json\/wp\/v2\/posts\/3973\/\/page\/2\">2<\/a>\n<a class=\"page-numbers\" href=\"https:\/\/www.uoh.cl\/instituto-de-ciencias-de-la-educacion\/wp-json\/wp\/v2\/posts\/3973\/\/page\/3\">3<\/a>\n<span class=\"page-numbers dots\">&hellip;<\/span>\n<a class=\"page-numbers\" href=\"https:\/\/www.uoh.cl\/instituto-de-ciencias-de-la-educacion\/wp-json\/wp\/v2\/posts\/3973\/\/page\/111\">111<\/a>\n<a class=\"next page-numbers\" href=\"https:\/\/www.uoh.cl\/instituto-de-ciencias-de-la-educacion\/wp-json\/wp\/v2\/posts\/3973\/\/page\/2\"><div class=\"icon-pagination-next\"> <?xml version=\"1.0\" ?><svg viewBox=\"0 0 96 96\" xmlns=\"http:\/\/www.w3.org\/2000\/svg\"><title\/><path d=\"M39.3756,48.0022l30.47-25.39a6.0035,6.0035,0,0,0-7.6878-9.223L26.1563,43.3906a6.0092,6.0092,0,0,0,0,9.2231L62.1578,82.615a6.0035,6.0035,0,0,0,7.6878-9.2231Z\"\/><\/svg> <\/div><\/a><\/div>[\/vc_column_inner][\/vc_row_inner][\/vc_column][\/vc_row][\/vc_section]<\/p>\n<\/div>","protected":false},"excerpt":{"rendered":"<p>La Universidad de O\u2019Higgins recibi\u00f3 a los\/as representantes de las 18 casas de estudios estatales del pa\u00eds, en un encuentro que abord\u00f3 no s\u00f3lo la gesti\u00f3n de la calidad, sino que la mejora continua y los cambios en el proceso de acreditaci\u00f3n ante la Comisi\u00f3n Nacional de Acreditaci\u00f3n (CNA) con presencia de la Vicepresidenta la de la entidad, \u00c9rika Castillo.<\/p>\n","protected":false},"author":34,"featured_media":3976,"comment_status":"open","ping_status":"open","sticky":false,"template":"","format":"standard","meta":{"_acf_changed":false,"footnotes":""},"categories":[21],"tags":[],"class_list":["post-3973","post","type-post","status-publish","format-standard","has-post-thumbnail","hentry","category-institucional"],"acf":[],"yoast_head":"<!-- This site is optimized with the Yoast SEO plugin v26.6 - https:\/\/yoast.com\/wordpress\/plugins\/seo\/ -->\n<title>Red de Aseguramiento de la Calidad en la educaci\u00f3n superior se reuni\u00f3 por primera vez en la UOH - Instituto de Ciencias de la Educaci\u00f3n<\/title>\n<meta name=\"description\" content=\"La Universidad de O\u2019Higgins recibi\u00f3 a los\/as representantes de las 18 casas de estudios estatales del pa\u00eds, en un encuentro que abord\u00f3 no s\u00f3lo la gesti\u00f3n de la calidad, sino que la mejora continua y los cambios en el proceso de acreditaci\u00f3n ante la Comisi\u00f3n Nacional de Acreditaci\u00f3n (CNA) con presencia de la Vicepresidenta la de la entidad, \u00c9rika Castillo.\" \/>\n<meta name=\"robots\" content=\"noindex, nofollow\" \/>\n<meta property=\"og:locale\" content=\"es_ES\" \/>\n<meta property=\"og:type\" content=\"article\" \/>\n<meta property=\"og:title\" content=\"Red de Aseguramiento de la Calidad en la educaci\u00f3n superior se reuni\u00f3 por primera vez en la UOH - Instituto de Ciencias de la Educaci\u00f3n\" \/>\n<meta property=\"og:description\" content=\"La Universidad de O\u2019Higgins recibi\u00f3 a los\/as representantes de las 18 casas de estudios estatales del pa\u00eds, en un encuentro que abord\u00f3 no s\u00f3lo la gesti\u00f3n de la calidad, sino que la mejora continua y los cambios en el proceso de acreditaci\u00f3n ante la Comisi\u00f3n Nacional de Acreditaci\u00f3n (CNA) con presencia de la Vicepresidenta la de la entidad, \u00c9rika Castillo.\" \/>\n<meta property=\"og:url\" content=\"https:\/\/www.uoh.cl\/instituto-de-ciencias-de-la-educacion\/2023\/11\/20\/red-de-aseguramiento-de-la-calidad-en-la-educacion-superior-se-reunio-por-primera-vez-en-la-uoh\/\" \/>\n<meta property=\"og:site_name\" content=\"Instituto de Ciencias de la Educaci\u00f3n\" \/>\n<meta property=\"article:published_time\" content=\"2023-11-20T12:15:05+00:00\" \/>\n<meta property=\"article:modified_time\" content=\"2023-11-20T12:41:23+00:00\" \/>\n<meta property=\"og:image\" content=\"https:\/\/www.uoh.cl\/instituto-de-ciencias-de-la-educacion\/wp-content\/uploads\/sites\/13\/2023\/11\/Red-Aseguramiento.jpg\" \/>\n\t<meta property=\"og:image:width\" content=\"1000\" \/>\n\t<meta property=\"og:image:height\" content=\"1000\" \/>\n\t<meta property=\"og:image:type\" content=\"image\/jpeg\" \/>\n<meta name=\"author\" content=\"Universidad de O&#039;Higgins\" \/>\n<meta name=\"twitter:card\" content=\"summary_large_image\" \/>\n<meta name=\"twitter:label1\" content=\"Escrito por\" \/>\n\t<meta name=\"twitter:data1\" content=\"Universidad de O&#039;Higgins\" \/>\n\t<meta name=\"twitter:label2\" content=\"Tiempo estimado de lectura\" \/>\n\t<meta name=\"twitter:data2\" content=\"5 minutos\" \/>\n<script type=\"application\/ld+json\" class=\"yoast-schema-graph\">{\"@context\":\"https:\/\/schema.org\",\"@graph\":[{\"@type\":\"WebPage\",\"@id\":\"https:\/\/www.uoh.cl\/instituto-de-ciencias-de-la-educacion\/2023\/11\/20\/red-de-aseguramiento-de-la-calidad-en-la-educacion-superior-se-reunio-por-primera-vez-en-la-uoh\/\",\"url\":\"https:\/\/www.uoh.cl\/instituto-de-ciencias-de-la-educacion\/2023\/11\/20\/red-de-aseguramiento-de-la-calidad-en-la-educacion-superior-se-reunio-por-primera-vez-en-la-uoh\/\",\"name\":\"Red de Aseguramiento de la Calidad en la educaci\u00f3n superior se reuni\u00f3 por primera vez en la UOH - Instituto de Ciencias de la Educaci\u00f3n\",\"isPartOf\":{\"@id\":\"https:\/\/www.uoh.cl\/instituto-de-ciencias-de-la-educacion\/#website\"},\"primaryImageOfPage\":{\"@id\":\"https:\/\/www.uoh.cl\/instituto-de-ciencias-de-la-educacion\/2023\/11\/20\/red-de-aseguramiento-de-la-calidad-en-la-educacion-superior-se-reunio-por-primera-vez-en-la-uoh\/#primaryimage\"},\"image\":{\"@id\":\"https:\/\/www.uoh.cl\/instituto-de-ciencias-de-la-educacion\/2023\/11\/20\/red-de-aseguramiento-de-la-calidad-en-la-educacion-superior-se-reunio-por-primera-vez-en-la-uoh\/#primaryimage\"},\"thumbnailUrl\":\"https:\/\/www.uoh.cl\/instituto-de-ciencias-de-la-educacion\/wp-content\/uploads\/sites\/13\/2023\/11\/Red-Aseguramiento.jpg\",\"datePublished\":\"2023-11-20T12:15:05+00:00\",\"dateModified\":\"2023-11-20T12:41:23+00:00\",\"author\":{\"@id\":\"https:\/\/www.uoh.cl\/instituto-de-ciencias-de-la-educacion\/#\/schema\/person\/ea242e676c7d6d7e46fc8b9e39486c4f\"},\"description\":\"La Universidad de O\u2019Higgins recibi\u00f3 a los\/as representantes de las 18 casas de estudios estatales del pa\u00eds, en un encuentro que abord\u00f3 no s\u00f3lo la gesti\u00f3n de la calidad, sino que la mejora continua y los cambios en el proceso de acreditaci\u00f3n ante la Comisi\u00f3n Nacional de Acreditaci\u00f3n (CNA) con presencia de la Vicepresidenta la de la entidad, \u00c9rika Castillo.\",\"inLanguage\":\"es-CL\",\"potentialAction\":[{\"@type\":\"ReadAction\",\"target\":[\"https:\/\/www.uoh.cl\/instituto-de-ciencias-de-la-educacion\/2023\/11\/20\/red-de-aseguramiento-de-la-calidad-en-la-educacion-superior-se-reunio-por-primera-vez-en-la-uoh\/\"]}]},{\"@type\":\"ImageObject\",\"inLanguage\":\"es-CL\",\"@id\":\"https:\/\/www.uoh.cl\/instituto-de-ciencias-de-la-educacion\/2023\/11\/20\/red-de-aseguramiento-de-la-calidad-en-la-educacion-superior-se-reunio-por-primera-vez-en-la-uoh\/#primaryimage\",\"url\":\"https:\/\/www.uoh.cl\/instituto-de-ciencias-de-la-educacion\/wp-content\/uploads\/sites\/13\/2023\/11\/Red-Aseguramiento.jpg\",\"contentUrl\":\"https:\/\/www.uoh.cl\/instituto-de-ciencias-de-la-educacion\/wp-content\/uploads\/sites\/13\/2023\/11\/Red-Aseguramiento.jpg\",\"width\":1000,\"height\":1000},{\"@type\":\"WebSite\",\"@id\":\"https:\/\/www.uoh.cl\/instituto-de-ciencias-de-la-educacion\/#website\",\"url\":\"https:\/\/www.uoh.cl\/instituto-de-ciencias-de-la-educacion\/\",\"name\":\"Instituto de Ciencias de la Educaci\u00f3n\",\"description\":\"Otro sitio de Sitios de Universidad O&#039;higgins\",\"potentialAction\":[{\"@type\":\"SearchAction\",\"target\":{\"@type\":\"EntryPoint\",\"urlTemplate\":\"https:\/\/www.uoh.cl\/instituto-de-ciencias-de-la-educacion\/?s={search_term_string}\"},\"query-input\":{\"@type\":\"PropertyValueSpecification\",\"valueRequired\":true,\"valueName\":\"search_term_string\"}}],\"inLanguage\":\"es-CL\"},{\"@type\":\"Person\",\"@id\":\"https:\/\/www.uoh.cl\/instituto-de-ciencias-de-la-educacion\/#\/schema\/person\/ea242e676c7d6d7e46fc8b9e39486c4f\",\"name\":\"Universidad de O'Higgins\",\"image\":{\"@type\":\"ImageObject\",\"inLanguage\":\"es-CL\",\"@id\":\"https:\/\/www.uoh.cl\/instituto-de-ciencias-de-la-educacion\/#\/schema\/person\/image\/\",\"url\":\"https:\/\/secure.gravatar.com\/avatar\/78fcb76ca05efae11fd355943c01a832a29786cc00d85b1a82c301bea2b2a214?s=96&d=mm&r=g\",\"contentUrl\":\"https:\/\/secure.gravatar.com\/avatar\/78fcb76ca05efae11fd355943c01a832a29786cc00d85b1a82c301bea2b2a214?s=96&d=mm&r=g\",\"caption\":\"Universidad de O'Higgins\"}}]}<\/script>\n<!-- \/ Yoast SEO plugin. -->","yoast_head_json":{"title":"Red de Aseguramiento de la Calidad en la educaci\u00f3n superior se reuni\u00f3 por primera vez en la UOH - Instituto de Ciencias de la Educaci\u00f3n","description":"La Universidad de O\u2019Higgins recibi\u00f3 a los\/as representantes de las 18 casas de estudios estatales del pa\u00eds, en un encuentro que abord\u00f3 no s\u00f3lo la gesti\u00f3n de la calidad, sino que la mejora continua y los cambios en el proceso de acreditaci\u00f3n ante la Comisi\u00f3n Nacional de Acreditaci\u00f3n (CNA) con presencia de la Vicepresidenta la de la entidad, \u00c9rika Castillo.","robots":{"index":"noindex","follow":"nofollow"},"og_locale":"es_ES","og_type":"article","og_title":"Red de Aseguramiento de la Calidad en la educaci\u00f3n superior se reuni\u00f3 por primera vez en la UOH - Instituto de Ciencias de la Educaci\u00f3n","og_description":"La Universidad de O\u2019Higgins recibi\u00f3 a los\/as representantes de las 18 casas de estudios estatales del pa\u00eds, en un encuentro que abord\u00f3 no s\u00f3lo la gesti\u00f3n de la calidad, sino que la mejora continua y los cambios en el proceso de acreditaci\u00f3n ante la Comisi\u00f3n Nacional de Acreditaci\u00f3n (CNA) con presencia de la Vicepresidenta la de la entidad, \u00c9rika Castillo.","og_url":"https:\/\/www.uoh.cl\/instituto-de-ciencias-de-la-educacion\/2023\/11\/20\/red-de-aseguramiento-de-la-calidad-en-la-educacion-superior-se-reunio-por-primera-vez-en-la-uoh\/","og_site_name":"Instituto de Ciencias de la Educaci\u00f3n","article_published_time":"2023-11-20T12:15:05+00:00","article_modified_time":"2023-11-20T12:41:23+00:00","og_image":[{"width":1000,"height":1000,"url":"https:\/\/www.uoh.cl\/instituto-de-ciencias-de-la-educacion\/wp-content\/uploads\/sites\/13\/2023\/11\/Red-Aseguramiento.jpg","type":"image\/jpeg"}],"author":"Universidad de O'Higgins","twitter_card":"summary_large_image","twitter_misc":{"Escrito por":"Universidad de O'Higgins","Tiempo estimado de lectura":"5 minutos"},"schema":{"@context":"https:\/\/schema.org","@graph":[{"@type":"WebPage","@id":"https:\/\/www.uoh.cl\/instituto-de-ciencias-de-la-educacion\/2023\/11\/20\/red-de-aseguramiento-de-la-calidad-en-la-educacion-superior-se-reunio-por-primera-vez-en-la-uoh\/","url":"https:\/\/www.uoh.cl\/instituto-de-ciencias-de-la-educacion\/2023\/11\/20\/red-de-aseguramiento-de-la-calidad-en-la-educacion-superior-se-reunio-por-primera-vez-en-la-uoh\/","name":"Red de Aseguramiento de la Calidad en la educaci\u00f3n superior se reuni\u00f3 por primera vez en la UOH - Instituto de Ciencias de la Educaci\u00f3n","isPartOf":{"@id":"https:\/\/www.uoh.cl\/instituto-de-ciencias-de-la-educacion\/#website"},"primaryImageOfPage":{"@id":"https:\/\/www.uoh.cl\/instituto-de-ciencias-de-la-educacion\/2023\/11\/20\/red-de-aseguramiento-de-la-calidad-en-la-educacion-superior-se-reunio-por-primera-vez-en-la-uoh\/#primaryimage"},"image":{"@id":"https:\/\/www.uoh.cl\/instituto-de-ciencias-de-la-educacion\/2023\/11\/20\/red-de-aseguramiento-de-la-calidad-en-la-educacion-superior-se-reunio-por-primera-vez-en-la-uoh\/#primaryimage"},"thumbnailUrl":"https:\/\/www.uoh.cl\/instituto-de-ciencias-de-la-educacion\/wp-content\/uploads\/sites\/13\/2023\/11\/Red-Aseguramiento.jpg","datePublished":"2023-11-20T12:15:05+00:00","dateModified":"2023-11-20T12:41:23+00:00","author":{"@id":"https:\/\/www.uoh.cl\/instituto-de-ciencias-de-la-educacion\/#\/schema\/person\/ea242e676c7d6d7e46fc8b9e39486c4f"},"description":"La Universidad de O\u2019Higgins recibi\u00f3 a los\/as representantes de las 18 casas de estudios estatales del pa\u00eds, en un encuentro que abord\u00f3 no s\u00f3lo la gesti\u00f3n de la calidad, sino que la mejora continua y los cambios en el proceso de acreditaci\u00f3n ante la Comisi\u00f3n Nacional de Acreditaci\u00f3n (CNA) con presencia de la Vicepresidenta la de la entidad, \u00c9rika Castillo.","inLanguage":"es-CL","potentialAction":[{"@type":"ReadAction","target":["https:\/\/www.uoh.cl\/instituto-de-ciencias-de-la-educacion\/2023\/11\/20\/red-de-aseguramiento-de-la-calidad-en-la-educacion-superior-se-reunio-por-primera-vez-en-la-uoh\/"]}]},{"@type":"ImageObject","inLanguage":"es-CL","@id":"https:\/\/www.uoh.cl\/instituto-de-ciencias-de-la-educacion\/2023\/11\/20\/red-de-aseguramiento-de-la-calidad-en-la-educacion-superior-se-reunio-por-primera-vez-en-la-uoh\/#primaryimage","url":"https:\/\/www.uoh.cl\/instituto-de-ciencias-de-la-educacion\/wp-content\/uploads\/sites\/13\/2023\/11\/Red-Aseguramiento.jpg","contentUrl":"https:\/\/www.uoh.cl\/instituto-de-ciencias-de-la-educacion\/wp-content\/uploads\/sites\/13\/2023\/11\/Red-Aseguramiento.jpg","width":1000,"height":1000},{"@type":"WebSite","@id":"https:\/\/www.uoh.cl\/instituto-de-ciencias-de-la-educacion\/#website","url":"https:\/\/www.uoh.cl\/instituto-de-ciencias-de-la-educacion\/","name":"Instituto de Ciencias de la Educaci\u00f3n","description":"Otro sitio de Sitios de Universidad O&#039;higgins","potentialAction":[{"@type":"SearchAction","target":{"@type":"EntryPoint","urlTemplate":"https:\/\/www.uoh.cl\/instituto-de-ciencias-de-la-educacion\/?s={search_term_string}"},"query-input":{"@type":"PropertyValueSpecification","valueRequired":true,"valueName":"search_term_string"}}],"inLanguage":"es-CL"},{"@type":"Person","@id":"https:\/\/www.uoh.cl\/instituto-de-ciencias-de-la-educacion\/#\/schema\/person\/ea242e676c7d6d7e46fc8b9e39486c4f","name":"Universidad de O'Higgins","image":{"@type":"ImageObject","inLanguage":"es-CL","@id":"https:\/\/www.uoh.cl\/instituto-de-ciencias-de-la-educacion\/#\/schema\/person\/image\/","url":"https:\/\/secure.gravatar.com\/avatar\/78fcb76ca05efae11fd355943c01a832a29786cc00d85b1a82c301bea2b2a214?s=96&d=mm&r=g","contentUrl":"https:\/\/secure.gravatar.com\/avatar\/78fcb76ca05efae11fd355943c01a832a29786cc00d85b1a82c301bea2b2a214?s=96&d=mm&r=g","caption":"Universidad de O'Higgins"}}]}},"_links":{"self":[{"href":"https:\/\/www.uoh.cl\/instituto-de-ciencias-de-la-educacion\/wp-json\/wp\/v2\/posts\/3973","targetHints":{"allow":["GET"]}}],"collection":[{"href":"https:\/\/www.uoh.cl\/instituto-de-ciencias-de-la-educacion\/wp-json\/wp\/v2\/posts"}],"about":[{"href":"https:\/\/www.uoh.cl\/instituto-de-ciencias-de-la-educacion\/wp-json\/wp\/v2\/types\/post"}],"author":[{"embeddable":true,"href":"https:\/\/www.uoh.cl\/instituto-de-ciencias-de-la-educacion\/wp-json\/wp\/v2\/users\/34"}],"replies":[{"embeddable":true,"href":"https:\/\/www.uoh.cl\/instituto-de-ciencias-de-la-educacion\/wp-json\/wp\/v2\/comments?post=3973"}],"version-history":[{"count":1,"href":"https:\/\/www.uoh.cl\/instituto-de-ciencias-de-la-educacion\/wp-json\/wp\/v2\/posts\/3973\/revisions"}],"predecessor-version":[{"id":3975,"href":"https:\/\/www.uoh.cl\/instituto-de-ciencias-de-la-educacion\/wp-json\/wp\/v2\/posts\/3973\/revisions\/3975"}],"wp:featuredmedia":[{"embeddable":true,"href":"https:\/\/www.uoh.cl\/instituto-de-ciencias-de-la-educacion\/wp-json\/wp\/v2\/media\/3976"}],"wp:attachment":[{"href":"https:\/\/www.uoh.cl\/instituto-de-ciencias-de-la-educacion\/wp-json\/wp\/v2\/media?parent=3973"}],"wp:term":[{"taxonomy":"category","embeddable":true,"href":"https:\/\/www.uoh.cl\/instituto-de-ciencias-de-la-educacion\/wp-json\/wp\/v2\/categories?post=3973"},{"taxonomy":"post_tag","embeddable":true,"href":"https:\/\/www.uoh.cl\/instituto-de-ciencias-de-la-educacion\/wp-json\/wp\/v2\/tags?post=3973"}],"curies":[{"name":"wp","href":"https:\/\/api.w.org\/{rel}","templated":true}]}}