
{"id":3927,"date":"2023-11-15T08:34:16","date_gmt":"2023-11-15T11:34:16","guid":{"rendered":"https:\/\/www.uoh.cl\/instituto-de-ciencias-de-la-educacion\/2023\/11\/15\/con-foco-en-la-capacidad-transformadora-de-la-ia-congreso-futuro-2024-revela-a-sus-primeros-expositores-y-nuevo-formato\/"},"modified":"2023-11-15T08:42:36","modified_gmt":"2023-11-15T11:42:36","slug":"con-foco-en-la-capacidad-transformadora-de-la-ia-congreso-futuro-2024-revela-a-sus-primeros-expositores-y-nuevo-formato","status":"publish","type":"post","link":"https:\/\/www.uoh.cl\/instituto-de-ciencias-de-la-educacion\/2023\/11\/15\/con-foco-en-la-capacidad-transformadora-de-la-ia-congreso-futuro-2024-revela-a-sus-primeros-expositores-y-nuevo-formato\/","title":{"rendered":"Con foco en la capacidad transformadora de la IA: Congreso Futuro 2024 revela a sus primeros expositores y nuevo formato"},"content":{"rendered":"<div class=\"wpb-content-wrapper\"><p>[vc_section el_class=&#8221;container mx-auto align-items-center circle&#8211;pattern&#8221; css=&#8221;.vc_custom_1648956589196{padding-top: 3rem !important;}&#8221;][vc_row][vc_column]<div class=\"breadcrumb\"><ol itemscope itemtype=\"https:\/\/schema.org\/BreadcrumbList\"><li itemprop=\"itemListElement\" itemscope itemtype=\"https:\/\/schema.org\/ListItem\"><a itemprop=\"item\" href=\"http:\/\/www.uoh.cl\"><span itemprop=\"name\">Inicio<\/span><\/a><meta itemprop=\"position\" content=\"1\" \/><li itemprop=\"itemListElement\" itemscope itemtype=\"https:\/\/schema.org\/ListItem\"><a itemprop=\"item\" href=\"https:\/\/www.uoh.cl\/instituto-de-ciencias-de-la-educacion\"><span itemprop=\"name\">Instituto de Ciencias de la Educaci\u00f3n<\/span><\/a><meta itemprop=\"position\" content=\"2\" \/><li itemprop=\"itemListElement\" itemscope itemtype=\"https:\/\/schema.org\/ListItem\"><a itemprop=\"item\" href=\"https:\/\/www.uoh.cl\/instituto-de-ciencias-de-la-educacion\/noticias\/\"><span itemprop=\"name\">Noticias<\/span><\/a><meta itemprop=\"position\" content=\"3\" \/><li itemprop=\"itemListElement\" itemscope itemtype=\"https:\/\/schema.org\/ListItem\"><span itemprop=\"name\">Con foco en la capacidad transformadora de la IA: Congreso <\/span><meta itemprop=\"position\" content=\"4\" \/><\/ol><\/div><ul class=\"p-0 list-style-none d-inline-block\"><li class=\"p-0\"><a href=https:\/\/www.uoh.cl\/instituto-de-ciencias-de-la-educacion\/category\/institucional\/ class=\"px-1 py-2\">Institucional<\/a><\/li><\/ul><div class=\"date_publish_post\"> \u25cf Mi\u00e9 15 de Noviembre 2023<\/div><div class=\"uoh_title_component-container\"><h1 class=\"title title--ms d-inline-block title--decorator  big\">Con foco en la capacidad transformadora de la IA: Congreso Futuro 2024 revela a sus primeros expositores y nuevo formato<\/h1><\/div>[vc_row_inner el_class=&#8221;border-separator m-0&#8243;][vc_column_inner width=&#8221;2\/3&#8243;]<div class=\"author_wp_class\"> Escrito por <span>Universidad de O'Higgins<\/span><\/div>[\/vc_column_inner][vc_column_inner el_class=&#8221;align-items-end-publish&#8221; width=&#8221;1\/3&#8243;]<div class=\"uoh_social_network_component uoh_row col-12 justify-content-end m-0 p-0\"> <div class=\"icon__facebook-share-button\">\n                       <a href=\"https:\/\/www.facebook.com\/sharer\/sharer.php?u=https:\/\/www.uoh.cl\/instituto-de-ciencias-de-la-educacion\/2023\/11\/15\/con-foco-en-la-capacidad-transformadora-de-la-ia-congreso-futuro-2024-revela-a-sus-primeros-expositores-y-nuevo-formato\/\" target=\"_blank\"> <div class=\"icon__facebook-svg\"><svg version=\"1.1\" xmlns=\"http:\/\/www.w3.org\/2000\/svg\" xmlns:xlink=\"http:\/\/www.w3.org\/1999\/xlink\" x=\"0px\" y=\"0px\" width=\"22.4px\" height=\"48.3px\" viewBox=\"0 0 22.4 48.3\" style=\"overflow:visible;enable-background:new 0 0 22.4 48.3;\" xml:space=\"preserve\">\n                <defs>\n                <\/defs>\n                <path class=\"st0\" d=\"M22.4,15.6h-7.6v-5c0-1.9,1.2-2.3,2.1-2.3c0.9,0,5.4,0,5.4,0V0l-7.4,0C6.6,0,4.8,6.2,4.8,10.1v5.5H0v8.5h4.8\n                    c0,10.9,0,24.1,0,24.1h10c0,0,0-13.3,0-24.1h6.8L22.4,15.6z\"><\/path>\n                <\/svg><\/a><\/div>\n                    <\/div><div class=\"icon__twitter-share-button\">\n                        <div class=\"icon__twitter-svg\"><a target=\"_blank\" href=\"http:\/\/twitter.com\/share?url=https:\/\/www.uoh.cl\/instituto-de-ciencias-de-la-educacion\/2023\/11\/15\/con-foco-en-la-capacidad-transformadora-de-la-ia-congreso-futuro-2024-revela-a-sus-primeros-expositores-y-nuevo-formato\/\"><svg xmlns=\"http:\/\/www.w3.org\/2000\/svg\" height=\"1em\" viewBox=\"0 0 512 512\"><!--! Font Awesome Free 6.4.2 by @fontawesome - https:\/\/fontawesome.com License - https:\/\/fontawesome.com\/license (Commercial License) Copyright 2023 Fonticons, Inc. --><path d=\"M389.2 48h70.6L305.6 224.2 487 464H345L233.7 318.6 106.5 464H35.8L200.7 275.5 26.8 48H172.4L272.9 180.9 389.2 48zM364.4 421.8h39.1L151.1 88h-42L364.4 421.8z\"\/><\/svg><\/a><\/div>\n                        <\/div><div class=\"icon__linkedin-share-button\">\n                        <div class=\"icon__linkedin-svg\">\n                        <a target=\"__blank\" href=\"https:\/\/www.linkedin.com\/sharing\/share-offsite\/?url=https:\/\/www.uoh.cl\/instituto-de-ciencias-de-la-educacion\/2023\/11\/15\/con-foco-en-la-capacidad-transformadora-de-la-ia-congreso-futuro-2024-revela-a-sus-primeros-expositores-y-nuevo-formato\/\"><svg enable-background=\"new 0 0 100 100\" height=\"100px\" id=\"Layer_1\" version=\"1.1\" viewBox=\"0 0 100 100\" width=\"100px\" xml:space=\"preserve\" xmlns=\"http:\/\/www.w3.org\/2000\/svg\" xmlns:xlink=\"http:\/\/www.w3.org\/1999\/xlink\"><g><circle cx=\"50\" cy=\"50\" fill=\"#ccc\" r=\"45\"\/><g id=\"LinkedIn_1_\"><rect fill=\"#FFFFFF\" height=\"24.361\" width=\"7.69\" x=\"31.271\" y=\"43.569\"\/><path d=\"M59.968,43.334c-4.406,0-7.165,2.387-7.677,4.058v-3.823h-8.636c0.109,2.03,0,24.361,0,24.361h8.636    V54.748c0-0.733-0.034-1.465,0.19-1.991c0.594-1.464,1.869-2.985,4.162-2.985c2.998,0,4.361,2.253,4.361,5.552V67.93h8.721V54.384    C69.726,46.839,65.432,43.334,59.968,43.334z\" fill=\"#FFFFFF\"\/><path d=\"M34.973,32.069c-2.839,0-4.696,1.823-4.696,4.229c0,2.361,1.804,4.224,4.589,4.224h0.054    c2.891,0,4.69-1.869,4.69-4.229C39.555,33.888,37.81,32.069,34.973,32.069z\" fill=\"#FFFFFF\"\/><\/g><\/g><\/svg><\/a><\/div>\n\n            <\/div><\/div>[\/vc_column_inner][\/vc_row_inner][vc_single_image image=&#8221;28685&#8243; img_size=&#8221;full&#8221; add_caption=&#8221;yes&#8221; alignment=&#8221;center&#8221; onclick=&#8221;img_link_large&#8221; img_link_target=&#8221;_blank&#8221;][vc_column_text]\u00a0[\/vc_column_text][vc_column_text]<\/p>\n<ul>\n<li><em>&#8220;\u00bfIAhora qu\u00e9 hacemos?&#8221; es la pregunta que #CF2024 busca resolver a trav\u00e9s de sus charlas y actividades que desarrollar\u00e1 entre el 15 y 20 de enero desde el Centro Cultural CEINA en Santiago y en todas las regiones del pa\u00eds. <\/em><\/li>\n<\/ul>\n<p>[\/vc_column_text][vc_column_text]\u00a0[\/vc_column_text][vc_column_text]El evento gratuito de divulgaci\u00f3n del conocimiento m\u00e1s importante de Latinoam\u00e9rica y uno de los m\u00e1s destacados a nivel mundial, comenz\u00f3 su cuenta regresiva rumbo al 2024. Congreso Futuro revel\u00f3 su nueva puesta en escena que trae tecnolog\u00eda , interacci\u00f3n y destacadas personalidades nacionales y mundiales para pensar los futuros posibles de la humanidad.<\/p>\n<p><strong><em>#CF2024<\/em><\/strong> en su versi\u00f3n n\u00famero trece presentar\u00e1 un nuevo formato agregando, a las exposiciones centrales de las personalidades invitadas -de Chile y el mundo- una serie de actividades paralelas, entre las que destacan: talleres interactivos sobre inteligencia artificial y divulgaci\u00f3n cient\u00edfica; experiencias inmersivas en el Metaverso; exposiciones art\u00edsticas; y una feria literaria en la que estar\u00e1n presentes importantes editoriales nacionales y universitarias, por nombrar algunas.<\/p>\n<p>El evento, organizado por el Senado -a trav\u00e9s de la Comisi\u00f3n Desaf\u00edos del Futuro- y por Fundaci\u00f3n Encuentros del Futuro (FEF), cuenta con el apoyo de la Academia Chilena de Ciencias, el Ministerio de Ciencia, Tecnolog\u00eda, Conocimiento e Innovaci\u00f3n, la C\u00e1mara de Diputadas y Diputados, y todas las universidades chilenas.<\/p>\n<p>El presidente del Senado, Juan Antonio Coloma, se\u00f1al\u00f3 que Congreso Futuro le hace bien a Chile. \u201c<em> Congreso Futuro es de los rituales positivos, donde nos muestran que m\u00e1s all\u00e1 de lo que est\u00e9 viviendo un pa\u00eds, una sociedad, hay futuro, esperanza y ganas de hacer cosas distintas. Creo que es el m\u00e9rito de que no hayamos bajado los brazos, cualquiera sea el escenario, tratamos de prepararnos para lo que viene y c\u00f3mo ser parte de las nuevas ideas\u201d.<\/em><\/p>\n<p>La presidenta de la Comisi\u00f3n Desaf\u00edos del Futuro, senadora Ximena Rinc\u00f3n, relat\u00f3 que \u201c<em>este espacio parti\u00f3 hace a\u00f1os en el Senado, cuando creamos esta comisi\u00f3n (&#8230;) Nunca pensamos la fuerza que iba a tomar, nunca imaginamos que \u00edbamos a crear un gigante, ni a dimensionar la fuerza que iba a tener Congreso Futuro (&#8230;) El t\u00edtulo de este 2024: \u00bf<strong>IA<\/strong>hora qu\u00e9 hacemos?, tiene que ver con uno de los temas m\u00e1s relevantes que hoy d\u00eda est\u00e1n instal\u00e1ndose en el mundo, que es la Inteligencia Artificial y viene a anticiparse con una discusi\u00f3n de futuro, como lo ha hecho siempre\u201d. <\/em><\/p>\n<p>El vicepresidente ejecutivo de Fundaci\u00f3n Encuentros del Futuro, Guido Girardi, se\u00f1al\u00f3 que <em>\u201ceste evento es una instituci\u00f3n que quiere abrir puntos de vista de frontera. Hay cambios gigantescos que se est\u00e1n desarrollando y yo dir\u00eda que el desaf\u00edo del Congreso Futuro de este a\u00f1o, en el entendido de que estamos viviendo un salto evolutivo con la Inteligencia Artificial, son las discusiones \u00e9ticas sobre esta tecnolog\u00eda, que puede llegar a ser un bien o generarnos riesgos y amenazas\u201d, <\/em>se\u00f1al\u00f3 Girardi.<\/p>\n<p>La titular del ministerio de Ciencia, Tecnolog\u00eda, Conocimiento e Innovaci\u00f3n, Ais\u00e9n Etcheverry, agreg\u00f3 que \u201c<em>para nosotros como Ministerio, son d\u00edas alegres cuando hablamos del Congreso Futuro y todas sus actividades. Cuando hablamos del rol de la ciencia en el desarrollo del pa\u00eds, de generar visiones comunes, de apoyar en mejores pol\u00edticas p\u00fablicas, de anticiparnos a desaf\u00edos tan grandes como el cambio clim\u00e1tico o la inteligencia artificial y el relevar el rol que tiene el conocimiento. Todo esto es un esfuerzo que es colectivo\u201d<\/em>.<\/p>\n<p>Para el senador integrante de la Comisi\u00f3n Desaf\u00edos del Futuro, Felipe Kast, <em>\u201ctener este encuentro con la ciencia y el conocimiento \u201c es un motivo de orgullo para el pa\u00eds (\u2026) Creo que adem\u00e1s el que lo cuidemos como un espacio transversal en toda su \u00e1rea hace que esta institucionalidad no corra riesgo, las instituciones muchas veces tienen momentos de ciclos cuando se prestan para el uso pol\u00edtico de alg\u00fan sector u otro, y por eso es tan relevante cuidarlo\u201d.<\/em><\/p>\n<p>El escenario principal de <strong><em>#CF2024<\/em><\/strong> ser\u00e1 el Centro Cultural CEINA (Arturo Prat #33,Santiago Centro) donde se presentar\u00e1n m\u00e1s de 100 expositores nacionales e internacionales. Para su directora ejecutiva, Francisca Las Heras, \u201c<em>la necesidad de abrirnos a diversos p\u00fablicos y comunidades a trav\u00e9s de los contenidos y actividades que se realizan en CEINA es lo que nos moviliza a abrir las puertas a este significativo Congreso Futuro, que hoy, en su versi\u00f3n n\u00famero trece, se vuelve m\u00e1s ciudadano, transversal y multidisciplinario, ampliando as\u00ed la posibilidad de que sean muchos y muchos m\u00e1s los que puedan disfrutar de la experiencia que ofrecer\u00e1 esta nueva propuesta. CEINA ser\u00e1 el portal al futuro\u201d<\/em>.<\/p>\n<h4>Regiones y expositores #CF2024<\/h4>\n<p>Congreso Futuro 2024 transitar\u00e1 nuevamente por todas las regiones de nuestro pa\u00eds, as\u00ed lo se\u00f1al\u00f3 el senador integrante de la Comisi\u00f3n Desaf\u00edos del Futuro Alfonso De Urresti. \u201cEstaremos desde Arica y Parinacota hasta Magallanes y la Ant\u00e1rtica Chilena con expositores nacionales, locales e internacionales, con tem\u00e1ticas requeridas por cada una de ellas, de acuerdo a sus propias necesidades\u201d.<\/p>\n<p>En relaci\u00f3n a los expositores, Carlos V\u00e1zquez encargado de la programaci\u00f3n de contenidos de Congreso Futuro, \u201ceste 2024 contar\u00e1 con la presencia de <strong>Laurence Devillers<\/strong>, especialista en IA y ling\u00fc\u00edstica y defensora de \u00e9tica y la inclusi\u00f3n; <strong>Martin Hilbert<\/strong>, Especialista en Big Data y transformaci\u00f3n digital; <strong>Peter Singer<\/strong>, fil\u00f3sofo influyente en derechos animales y altruismo efectivo; <strong>Stanislas Dehaene<\/strong>, Psic\u00f3logo y Neurocient\u00edfico pionero en descifrar c\u00f3mo funciona el cerebro y <strong>Steffanie Strathdee<\/strong>, epidemi\u00f3loga especialista en salud global y enfermedades infecciosas\u201d.<\/p>\n<p>En el caso de la ciencia nacional tendremos a: <strong>Claudia L\u00f3pez<\/strong>, Ingeniera civil Inform\u00e1tica y Doctora en ciencias de la informaci\u00f3n y tecnolog\u00eda; <strong>Marcela Angulo<\/strong>, Ingeniera civil y Doctora en ciencias ambientales, su experiencia acad\u00e9mica la ha desarrollado en sustentabilidad, innovaci\u00f3n y transferencia tecnol\u00f3gica; <strong>Katherina Harder<\/strong>, directora de cine, cofundadora y directora del Festival Internacional de Cine de Iquique FICIQQ; <strong>Carolina Mart\u00ednez<\/strong>,\u00a0 experta en evoluci\u00f3n costera, riesgos naturales y adaptaci\u00f3n medioambiental; <strong>Laura P\u00e9rez<\/strong>, Astr\u00f3noma chilena especializada en\u00a0 radioastronom\u00eda; <strong>Sergio Baeriswyl<\/strong>, arquitecto y urbanista; <strong>Andr\u00e9s Mitnik<\/strong>, Ingeniero Civil Industrial y CEO de Strong by form; <strong>Pablo Zamora<\/strong>, doctor en biotecnolog\u00eda y especialista en innovaci\u00f3n tecnol\u00f3gica; <strong>Frane Zilic<\/strong>, arquitecto que ha enfocado su trabajo en construcci\u00f3n en madera y sostenibilidad y <strong>Luis Emilio Pizarro<\/strong>, director ejecutivo de la Iniciativa Medicamentos para Enfermedades Desatendidas que fue recientemente homenajeado en Espa\u00f1a con el prestigioso \u201cPremio Princesa de Asturias\u201d.<\/p>\n<p>El programa de Congreso Futuro estar\u00e1 disponible en el sitio web <a href=\"https:\/\/congresofuturo.cl\/\"><strong>https:\/\/congresofuturo.cl\/<\/strong><\/a> a partir de diciembre, plataforma que adem\u00e1s transmitir\u00e1 el evento junto a TV Senado. Las entradas para asistir de manera presencial se pueden adquirir desde el 4 de diciembre en <a href=\"https:\/\/www.puntoticket.com\/\"><strong>https:\/\/www.puntoticket.com<\/strong><\/a>.[\/vc_column_text][vc_zigzag color=&#8221;white&#8221;][vc_zigzag color=&#8221;white&#8221;][vc_row_inner][vc_column_inner width=&#8221;1\/2&#8243;][vc_single_image image=&#8221;28686&#8243; img_size=&#8221;600&#215;350&#8243; onclick=&#8221;img_link_large&#8221; img_link_target=&#8221;_blank&#8221;][\/vc_column_inner][vc_column_inner width=&#8221;1\/2&#8243;][vc_single_image image=&#8221;28687&#8243; img_size=&#8221;600&#215;350&#8243; onclick=&#8221;img_link_large&#8221; img_link_target=&#8221;_blank&#8221;][\/vc_column_inner][\/vc_row_inner][\/vc_column][\/vc_row][\/vc_section][vc_section css=&#8221;.vc_custom_1650255686594{background-color: #f6faff !important;}&#8221; el_class=&#8221;p-md-0 pt-md-5&#8243;][vc_row el_class=&#8221;container mx-auto align-items-center p-md-0 pt-5 pb-5&#8243;][vc_column el_class=&#8221;pb-5&#8243;][vc_row_inner el_class=&#8221;pb-5&#8243;][vc_column_inner]<div class=\"row m-0 p-0\"><div class=\"col-12 col-md-9 pt-5 pt-md-0\"><h2 class=\"title title--decorator title--ms d-inline-block\">Te Recomendamos<\/h2><\/div><\/div><div class=\"content-holder\"><div class=\"row  swipper-news-list not--activate-hack \"><div class=\"row -wrapper\"><div class=\"  col-sm-6 col-md-4 img-article\">\n                                        <div class=\"content-news-display row m-0 p-0\"><div class=\"holder p-0 \"><div class=\"img-wrap img-wrap-news\">\n                                        <div class=\"caption__news-category\">\n                                        <a href=\"https:\/\/www.uoh.cl\/instituto-de-ciencias-de-la-educacion\/category\/educacion\/\">\n                                        Educaci\u00f3n<\/a><\/div><img decoding=\"async\" class=\"w-100 h-100 lazyload\" data-src=\"https:\/\/www.uoh.cl\/instituto-de-ciencias-de-la-educacion\/wp-content\/uploads\/sites\/13\/2026\/04\/Convivencia-escolar.jpg\" alt=\"Conflicto no es violencia: claves para abordar la convivencia escolar m\u00e1s all\u00e1 del castigo\" style=\"--smush-placeholder-width: 1201px; --smush-placeholder-aspect-ratio: 1201\/800;object-fit: cover; object-position: center;\" src=\"data:image\/svg+xml;base64,PHN2ZyB3aWR0aD0iMSIgaGVpZ2h0PSIxIiB4bWxucz0iaHR0cDovL3d3dy53My5vcmcvMjAwMC9zdmciPjwvc3ZnPg==\"><\/div><\/div><div class=\"caption py-3 caption__news py-md-3 pb-md-5\">\n                                    <span class=\"caption__date\">Jueves 16, Abril<\/span>\n                                     <a href=\"https:\/\/www.uoh.cl\/instituto-de-ciencias-de-la-educacion\/2026\/04\/16\/conflicto-no-es-violencia-claves-para-abordar-la-convivencia-escolar-mas-alla-del-castigo\/\">\n                                    <h3 class=\"small-space\">Conflicto no es violencia: claves para abordar la convivencia escolar m\u00e1s all\u00e1 del castigo<\/h3><\/a>\n\n                                    <p>Acad\u00e9mica advierte que centrarse solo en sanciones no resuelve la violencia en escuelas y plantea la urgencia de fortalecer enfoques formativos que promuevan el di\u00e1logo, la confianza y la convivencia democr\u00e1tica.<\/p>\n                                    <a class=\"link link--bold mt-md-3\" href=\"https:\/\/www.uoh.cl\/instituto-de-ciencias-de-la-educacion\/2026\/04\/16\/conflicto-no-es-violencia-claves-para-abordar-la-convivencia-escolar-mas-alla-del-castigo\/\">Saber m\u00e1s <span class=\"icon icon--inline icon--link\"><svg version=\"1.1\" xmlns=\"http:\/\/www.w3.org\/2000\/svg\" xmlns:xlink=\"http:\/\/www.w3.org\/1999\/xlink\" x=\"0px\" y=\"0px\" width=\"22px\"height=\"22px\" viewBox=\"0 0 22 22\" style=\"overflow:visible;enable-background:new 0 0 80 64.6;\" xml:space=\"preserve\"><g clip-path=\"url(#acA)\"><path fill-rule=\"evenodd\" d=\"M21.913 11.266a.93.93 0 000-.711c-.022-.056-.063-.097-.091-.144s-.053-.103-.097-.15L12.306.294c-.357-.379-.955-.394-1.334-.038s-.394.955-.038 1.334l7.917 8.374H.927a.95.95 0 00-.908.983.946.946 0 00.908.908h17.924l-8.089 8.552c-.357.379-.341.977.034 1.334s.977.341 1.334-.034l9.594-10.148c.044-.044.063-.1.097-.15.028-.047.069-.088.091-.141z\"\/><\/g><defs><clipPath id=\"acA\"><path fill=\"#fff\" d=\"M0 0h22v22H0z\"\/><\/clipPath><\/defs><\/svg><\/span><\/a><\/div><\/div><\/div><div class=\"  col-sm-6 col-md-4 img-article\">\n                                        <div class=\"content-news-display row m-0 p-0\"><div class=\"holder p-0 \"><div class=\"img-wrap img-wrap-news\">\n                                        <div class=\"caption__news-category\">\n                                        <a href=\"https:\/\/www.uoh.cl\/instituto-de-ciencias-de-la-educacion\/category\/cuech\/\">\n                                        CUECH<\/a><\/div><img decoding=\"async\" class=\"w-100 h-100 lazyload\" data-src=\"https:\/\/www.uoh.cl\/instituto-de-ciencias-de-la-educacion\/wp-content\/uploads\/sites\/13\/2026\/04\/DSC_2431-scaled.jpg\" alt=\"Universidades estatales sellan hoja de ruta 2030: Red Desarrollo Sustentable entra en fase de consolidaci\u00f3n\" style=\"--smush-placeholder-width: 2560px; --smush-placeholder-aspect-ratio: 2560\/1707;object-fit: cover; object-position: center;\" src=\"data:image\/svg+xml;base64,PHN2ZyB3aWR0aD0iMSIgaGVpZ2h0PSIxIiB4bWxucz0iaHR0cDovL3d3dy53My5vcmcvMjAwMC9zdmciPjwvc3ZnPg==\"><\/div><\/div><div class=\"caption py-3 caption__news py-md-3 pb-md-5\">\n                                    <span class=\"caption__date\">Mi\u00e9rcoles 15, Abril<\/span>\n                                     <a href=\"https:\/\/www.uoh.cl\/instituto-de-ciencias-de-la-educacion\/2026\/04\/15\/universidades-estatales-sellan-hoja-de-ruta-2030-red-desarrollo-sustentable-entra-en-fase-de-consolidacion\/\">\n                                    <h3 class=\"small-space\">Universidades estatales sellan hoja de ruta 2030: Red Desarrollo Sustentable entra en fase de consolidaci\u00f3n<\/h3><\/a>\n\n                                    <p>En el Plenario realizado en la Universidad de O'Higgins, los 18 planteles p\u00fablicos definieron sus metas estrat\u00e9gicas para el periodo 2026-2030. El plan priorizar\u00e1 la institucionalizaci\u00f3n de capacidades, un diplomado para organismos p\u00fablicos y la medici\u00f3n de la huella h\u00eddrica en los campus.<\/p>\n                                    <a class=\"link link--bold mt-md-3\" href=\"https:\/\/www.uoh.cl\/instituto-de-ciencias-de-la-educacion\/2026\/04\/15\/universidades-estatales-sellan-hoja-de-ruta-2030-red-desarrollo-sustentable-entra-en-fase-de-consolidacion\/\">Saber m\u00e1s <span class=\"icon icon--inline icon--link\"><svg version=\"1.1\" xmlns=\"http:\/\/www.w3.org\/2000\/svg\" xmlns:xlink=\"http:\/\/www.w3.org\/1999\/xlink\" x=\"0px\" y=\"0px\" width=\"22px\"height=\"22px\" viewBox=\"0 0 22 22\" style=\"overflow:visible;enable-background:new 0 0 80 64.6;\" xml:space=\"preserve\"><g clip-path=\"url(#acA)\"><path fill-rule=\"evenodd\" d=\"M21.913 11.266a.93.93 0 000-.711c-.022-.056-.063-.097-.091-.144s-.053-.103-.097-.15L12.306.294c-.357-.379-.955-.394-1.334-.038s-.394.955-.038 1.334l7.917 8.374H.927a.95.95 0 00-.908.983.946.946 0 00.908.908h17.924l-8.089 8.552c-.357.379-.341.977.034 1.334s.977.341 1.334-.034l9.594-10.148c.044-.044.063-.1.097-.15.028-.047.069-.088.091-.141z\"\/><\/g><defs><clipPath id=\"acA\"><path fill=\"#fff\" d=\"M0 0h22v22H0z\"\/><\/clipPath><\/defs><\/svg><\/span><\/a><\/div><\/div><\/div><div class=\"  col-sm-6 col-md-4 img-article\">\n                                        <div class=\"content-news-display row m-0 p-0\"><div class=\"holder p-0 \"><div class=\"img-wrap img-wrap-news\">\n                                        <div class=\"caption__news-category\">\n                                        <a href=\"https:\/\/www.uoh.cl\/instituto-de-ciencias-de-la-educacion\/category\/investigacion\/\">\n                                        Investigaci\u00f3n<\/a><\/div><img decoding=\"async\" class=\"w-100 h-100 lazyload\" data-src=\"https:\/\/www.uoh.cl\/instituto-de-ciencias-de-la-educacion\/wp-content\/uploads\/sites\/13\/2026\/04\/DSC_2212-scaled.jpg\" alt=\"UOH lanza serie audiovisual para visibilizar el aporte de sus investigadoras al desarrollo del territorio\" style=\"--smush-placeholder-width: 2560px; --smush-placeholder-aspect-ratio: 2560\/1440;object-fit: cover; object-position: center;\" src=\"data:image\/svg+xml;base64,PHN2ZyB3aWR0aD0iMSIgaGVpZ2h0PSIxIiB4bWxucz0iaHR0cDovL3d3dy53My5vcmcvMjAwMC9zdmciPjwvc3ZnPg==\"><\/div><\/div><div class=\"caption py-3 caption__news py-md-3 pb-md-5\">\n                                    <span class=\"caption__date\">Mi\u00e9rcoles 1, Abril<\/span>\n                                     <a href=\"https:\/\/www.uoh.cl\/instituto-de-ciencias-de-la-educacion\/2026\/04\/01\/uoh-lanza-serie-audiovisual-para-visibilizar-el-aporte-de-sus-investigadoras-al-desarrollo-del-territorio\/\">\n                                    <h3 class=\"small-space\">UOH lanza serie audiovisual para visibilizar el aporte de sus investigadoras al desarrollo del territorio<\/h3><\/a>\n\n                                    <p>La iniciativa, impulsada por el proyecto InES G\u00e9nero UOH, contempla cinco episodios que relevan las trayectorias y el impacto de mujeres en la investigaci\u00f3n, desarrollo, innovaci\u00f3n y emprendimiento.<\/p>\n                                    <a class=\"link link--bold mt-md-3\" href=\"https:\/\/www.uoh.cl\/instituto-de-ciencias-de-la-educacion\/2026\/04\/01\/uoh-lanza-serie-audiovisual-para-visibilizar-el-aporte-de-sus-investigadoras-al-desarrollo-del-territorio\/\">Saber m\u00e1s <span class=\"icon icon--inline icon--link\"><svg version=\"1.1\" xmlns=\"http:\/\/www.w3.org\/2000\/svg\" xmlns:xlink=\"http:\/\/www.w3.org\/1999\/xlink\" x=\"0px\" y=\"0px\" width=\"22px\"height=\"22px\" viewBox=\"0 0 22 22\" style=\"overflow:visible;enable-background:new 0 0 80 64.6;\" xml:space=\"preserve\"><g clip-path=\"url(#acA)\"><path fill-rule=\"evenodd\" d=\"M21.913 11.266a.93.93 0 000-.711c-.022-.056-.063-.097-.091-.144s-.053-.103-.097-.15L12.306.294c-.357-.379-.955-.394-1.334-.038s-.394.955-.038 1.334l7.917 8.374H.927a.95.95 0 00-.908.983.946.946 0 00.908.908h17.924l-8.089 8.552c-.357.379-.341.977.034 1.334s.977.341 1.334-.034l9.594-10.148c.044-.044.063-.1.097-.15.028-.047.069-.088.091-.141z\"\/><\/g><defs><clipPath id=\"acA\"><path fill=\"#fff\" d=\"M0 0h22v22H0z\"\/><\/clipPath><\/defs><\/svg><\/span><\/a><\/div><\/div><\/div><\/div><\/div><\/div><div class=\"pagination justify-content-center my-5\"><span aria-current=\"page\" class=\"page-numbers current\">1<\/span>\n<a class=\"page-numbers\" href=\"https:\/\/www.uoh.cl\/instituto-de-ciencias-de-la-educacion\/wp-json\/wp\/v2\/posts\/3927\/\/page\/2\">2<\/a>\n<a class=\"page-numbers\" href=\"https:\/\/www.uoh.cl\/instituto-de-ciencias-de-la-educacion\/wp-json\/wp\/v2\/posts\/3927\/\/page\/3\">3<\/a>\n<span class=\"page-numbers dots\">&hellip;<\/span>\n<a class=\"page-numbers\" href=\"https:\/\/www.uoh.cl\/instituto-de-ciencias-de-la-educacion\/wp-json\/wp\/v2\/posts\/3927\/\/page\/111\">111<\/a>\n<a class=\"next page-numbers\" href=\"https:\/\/www.uoh.cl\/instituto-de-ciencias-de-la-educacion\/wp-json\/wp\/v2\/posts\/3927\/\/page\/2\"><div class=\"icon-pagination-next\"> <?xml version=\"1.0\" ?><svg viewBox=\"0 0 96 96\" xmlns=\"http:\/\/www.w3.org\/2000\/svg\"><title\/><path d=\"M39.3756,48.0022l30.47-25.39a6.0035,6.0035,0,0,0-7.6878-9.223L26.1563,43.3906a6.0092,6.0092,0,0,0,0,9.2231L62.1578,82.615a6.0035,6.0035,0,0,0,7.6878-9.2231Z\"\/><\/svg> <\/div><\/a><\/div>[\/vc_column_inner][\/vc_row_inner][\/vc_column][\/vc_row][\/vc_section]<\/p>\n<\/div>","protected":false},"excerpt":{"rendered":"<p>&#8220;\u00bfIAhora qu\u00e9 hacemos?&#8221; es la pregunta que #CF2024 busca resolver a trav\u00e9s de sus charlas y actividades que desarrollar\u00e1 entre el 15 y 20 de enero desde el Centro Cultural CEINA en Santiago y en todas las regiones del pa\u00eds.<\/p>\n","protected":false},"author":34,"featured_media":3932,"comment_status":"open","ping_status":"open","sticky":false,"template":"","format":"standard","meta":{"_acf_changed":false,"footnotes":""},"categories":[21],"tags":[],"class_list":["post-3927","post","type-post","status-publish","format-standard","has-post-thumbnail","hentry","category-institucional"],"acf":[],"yoast_head":"<!-- This site is optimized with the Yoast SEO plugin v26.6 - https:\/\/yoast.com\/wordpress\/plugins\/seo\/ -->\n<title>Con foco en la capacidad transformadora de la IA: Congreso Futuro 2024 revela a sus primeros expositores y nuevo formato - Instituto de Ciencias de la Educaci\u00f3n<\/title>\n<meta name=\"description\" content=\"&quot;\u00bfIAhora qu\u00e9 hacemos?&quot; es la pregunta que #CF2024 busca resolver a trav\u00e9s de sus charlas y actividades que desarrollar\u00e1 entre el 15 y 20 de enero desde el Centro Cultural CEINA en Santiago y en todas las regiones del pa\u00eds.\" \/>\n<meta name=\"robots\" content=\"noindex, nofollow\" \/>\n<meta property=\"og:locale\" content=\"es_ES\" \/>\n<meta property=\"og:type\" content=\"article\" \/>\n<meta property=\"og:title\" content=\"Con foco en la capacidad transformadora de la IA: Congreso Futuro 2024 revela a sus primeros expositores y nuevo formato - Instituto de Ciencias de la Educaci\u00f3n\" \/>\n<meta property=\"og:description\" content=\"&quot;\u00bfIAhora qu\u00e9 hacemos?&quot; es la pregunta que #CF2024 busca resolver a trav\u00e9s de sus charlas y actividades que desarrollar\u00e1 entre el 15 y 20 de enero desde el Centro Cultural CEINA en Santiago y en todas las regiones del pa\u00eds.\" \/>\n<meta property=\"og:url\" content=\"https:\/\/www.uoh.cl\/instituto-de-ciencias-de-la-educacion\/2023\/11\/15\/con-foco-en-la-capacidad-transformadora-de-la-ia-congreso-futuro-2024-revela-a-sus-primeros-expositores-y-nuevo-formato\/\" \/>\n<meta property=\"og:site_name\" content=\"Instituto de Ciencias de la Educaci\u00f3n\" \/>\n<meta property=\"article:published_time\" content=\"2023-11-15T11:34:16+00:00\" \/>\n<meta property=\"article:modified_time\" content=\"2023-11-15T11:42:36+00:00\" \/>\n<meta property=\"og:image\" content=\"https:\/\/www.uoh.cl\/instituto-de-ciencias-de-la-educacion\/wp-content\/uploads\/sites\/13\/2023\/11\/Congreso-Futuro-.png\" \/>\n\t<meta property=\"og:image:width\" content=\"1000\" \/>\n\t<meta property=\"og:image:height\" content=\"1000\" \/>\n\t<meta property=\"og:image:type\" content=\"image\/png\" \/>\n<meta name=\"author\" content=\"Universidad de O&#039;Higgins\" \/>\n<meta name=\"twitter:card\" content=\"summary_large_image\" \/>\n<meta name=\"twitter:label1\" content=\"Escrito por\" \/>\n\t<meta name=\"twitter:data1\" content=\"Universidad de O&#039;Higgins\" \/>\n\t<meta name=\"twitter:label2\" content=\"Tiempo estimado de lectura\" \/>\n\t<meta name=\"twitter:data2\" content=\"6 minutos\" \/>\n<script type=\"application\/ld+json\" class=\"yoast-schema-graph\">{\"@context\":\"https:\/\/schema.org\",\"@graph\":[{\"@type\":\"WebPage\",\"@id\":\"https:\/\/www.uoh.cl\/instituto-de-ciencias-de-la-educacion\/2023\/11\/15\/con-foco-en-la-capacidad-transformadora-de-la-ia-congreso-futuro-2024-revela-a-sus-primeros-expositores-y-nuevo-formato\/\",\"url\":\"https:\/\/www.uoh.cl\/instituto-de-ciencias-de-la-educacion\/2023\/11\/15\/con-foco-en-la-capacidad-transformadora-de-la-ia-congreso-futuro-2024-revela-a-sus-primeros-expositores-y-nuevo-formato\/\",\"name\":\"Con foco en la capacidad transformadora de la IA: Congreso Futuro 2024 revela a sus primeros expositores y nuevo formato - Instituto de Ciencias de la Educaci\u00f3n\",\"isPartOf\":{\"@id\":\"https:\/\/www.uoh.cl\/instituto-de-ciencias-de-la-educacion\/#website\"},\"primaryImageOfPage\":{\"@id\":\"https:\/\/www.uoh.cl\/instituto-de-ciencias-de-la-educacion\/2023\/11\/15\/con-foco-en-la-capacidad-transformadora-de-la-ia-congreso-futuro-2024-revela-a-sus-primeros-expositores-y-nuevo-formato\/#primaryimage\"},\"image\":{\"@id\":\"https:\/\/www.uoh.cl\/instituto-de-ciencias-de-la-educacion\/2023\/11\/15\/con-foco-en-la-capacidad-transformadora-de-la-ia-congreso-futuro-2024-revela-a-sus-primeros-expositores-y-nuevo-formato\/#primaryimage\"},\"thumbnailUrl\":\"https:\/\/www.uoh.cl\/instituto-de-ciencias-de-la-educacion\/wp-content\/uploads\/sites\/13\/2023\/11\/Congreso-Futuro-.png\",\"datePublished\":\"2023-11-15T11:34:16+00:00\",\"dateModified\":\"2023-11-15T11:42:36+00:00\",\"author\":{\"@id\":\"https:\/\/www.uoh.cl\/instituto-de-ciencias-de-la-educacion\/#\/schema\/person\/ea242e676c7d6d7e46fc8b9e39486c4f\"},\"description\":\"\\\"\u00bfIAhora qu\u00e9 hacemos?\\\" es la pregunta que #CF2024 busca resolver a trav\u00e9s de sus charlas y actividades que desarrollar\u00e1 entre el 15 y 20 de enero desde el Centro Cultural CEINA en Santiago y en todas las regiones del pa\u00eds.\",\"inLanguage\":\"es-CL\",\"potentialAction\":[{\"@type\":\"ReadAction\",\"target\":[\"https:\/\/www.uoh.cl\/instituto-de-ciencias-de-la-educacion\/2023\/11\/15\/con-foco-en-la-capacidad-transformadora-de-la-ia-congreso-futuro-2024-revela-a-sus-primeros-expositores-y-nuevo-formato\/\"]}]},{\"@type\":\"ImageObject\",\"inLanguage\":\"es-CL\",\"@id\":\"https:\/\/www.uoh.cl\/instituto-de-ciencias-de-la-educacion\/2023\/11\/15\/con-foco-en-la-capacidad-transformadora-de-la-ia-congreso-futuro-2024-revela-a-sus-primeros-expositores-y-nuevo-formato\/#primaryimage\",\"url\":\"https:\/\/www.uoh.cl\/instituto-de-ciencias-de-la-educacion\/wp-content\/uploads\/sites\/13\/2023\/11\/Congreso-Futuro-.png\",\"contentUrl\":\"https:\/\/www.uoh.cl\/instituto-de-ciencias-de-la-educacion\/wp-content\/uploads\/sites\/13\/2023\/11\/Congreso-Futuro-.png\",\"width\":1000,\"height\":1000},{\"@type\":\"WebSite\",\"@id\":\"https:\/\/www.uoh.cl\/instituto-de-ciencias-de-la-educacion\/#website\",\"url\":\"https:\/\/www.uoh.cl\/instituto-de-ciencias-de-la-educacion\/\",\"name\":\"Instituto de Ciencias de la Educaci\u00f3n\",\"description\":\"Otro sitio de Sitios de Universidad O&#039;higgins\",\"potentialAction\":[{\"@type\":\"SearchAction\",\"target\":{\"@type\":\"EntryPoint\",\"urlTemplate\":\"https:\/\/www.uoh.cl\/instituto-de-ciencias-de-la-educacion\/?s={search_term_string}\"},\"query-input\":{\"@type\":\"PropertyValueSpecification\",\"valueRequired\":true,\"valueName\":\"search_term_string\"}}],\"inLanguage\":\"es-CL\"},{\"@type\":\"Person\",\"@id\":\"https:\/\/www.uoh.cl\/instituto-de-ciencias-de-la-educacion\/#\/schema\/person\/ea242e676c7d6d7e46fc8b9e39486c4f\",\"name\":\"Universidad de O'Higgins\",\"image\":{\"@type\":\"ImageObject\",\"inLanguage\":\"es-CL\",\"@id\":\"https:\/\/www.uoh.cl\/instituto-de-ciencias-de-la-educacion\/#\/schema\/person\/image\/\",\"url\":\"https:\/\/secure.gravatar.com\/avatar\/78fcb76ca05efae11fd355943c01a832a29786cc00d85b1a82c301bea2b2a214?s=96&d=mm&r=g\",\"contentUrl\":\"https:\/\/secure.gravatar.com\/avatar\/78fcb76ca05efae11fd355943c01a832a29786cc00d85b1a82c301bea2b2a214?s=96&d=mm&r=g\",\"caption\":\"Universidad de O'Higgins\"}}]}<\/script>\n<!-- \/ Yoast SEO plugin. -->","yoast_head_json":{"title":"Con foco en la capacidad transformadora de la IA: Congreso Futuro 2024 revela a sus primeros expositores y nuevo formato - Instituto de Ciencias de la Educaci\u00f3n","description":"\"\u00bfIAhora qu\u00e9 hacemos?\" es la pregunta que #CF2024 busca resolver a trav\u00e9s de sus charlas y actividades que desarrollar\u00e1 entre el 15 y 20 de enero desde el Centro Cultural CEINA en Santiago y en todas las regiones del pa\u00eds.","robots":{"index":"noindex","follow":"nofollow"},"og_locale":"es_ES","og_type":"article","og_title":"Con foco en la capacidad transformadora de la IA: Congreso Futuro 2024 revela a sus primeros expositores y nuevo formato - Instituto de Ciencias de la Educaci\u00f3n","og_description":"\"\u00bfIAhora qu\u00e9 hacemos?\" es la pregunta que #CF2024 busca resolver a trav\u00e9s de sus charlas y actividades que desarrollar\u00e1 entre el 15 y 20 de enero desde el Centro Cultural CEINA en Santiago y en todas las regiones del pa\u00eds.","og_url":"https:\/\/www.uoh.cl\/instituto-de-ciencias-de-la-educacion\/2023\/11\/15\/con-foco-en-la-capacidad-transformadora-de-la-ia-congreso-futuro-2024-revela-a-sus-primeros-expositores-y-nuevo-formato\/","og_site_name":"Instituto de Ciencias de la Educaci\u00f3n","article_published_time":"2023-11-15T11:34:16+00:00","article_modified_time":"2023-11-15T11:42:36+00:00","og_image":[{"width":1000,"height":1000,"url":"https:\/\/www.uoh.cl\/instituto-de-ciencias-de-la-educacion\/wp-content\/uploads\/sites\/13\/2023\/11\/Congreso-Futuro-.png","type":"image\/png"}],"author":"Universidad de O'Higgins","twitter_card":"summary_large_image","twitter_misc":{"Escrito por":"Universidad de O'Higgins","Tiempo estimado de lectura":"6 minutos"},"schema":{"@context":"https:\/\/schema.org","@graph":[{"@type":"WebPage","@id":"https:\/\/www.uoh.cl\/instituto-de-ciencias-de-la-educacion\/2023\/11\/15\/con-foco-en-la-capacidad-transformadora-de-la-ia-congreso-futuro-2024-revela-a-sus-primeros-expositores-y-nuevo-formato\/","url":"https:\/\/www.uoh.cl\/instituto-de-ciencias-de-la-educacion\/2023\/11\/15\/con-foco-en-la-capacidad-transformadora-de-la-ia-congreso-futuro-2024-revela-a-sus-primeros-expositores-y-nuevo-formato\/","name":"Con foco en la capacidad transformadora de la IA: Congreso Futuro 2024 revela a sus primeros expositores y nuevo formato - Instituto de Ciencias de la Educaci\u00f3n","isPartOf":{"@id":"https:\/\/www.uoh.cl\/instituto-de-ciencias-de-la-educacion\/#website"},"primaryImageOfPage":{"@id":"https:\/\/www.uoh.cl\/instituto-de-ciencias-de-la-educacion\/2023\/11\/15\/con-foco-en-la-capacidad-transformadora-de-la-ia-congreso-futuro-2024-revela-a-sus-primeros-expositores-y-nuevo-formato\/#primaryimage"},"image":{"@id":"https:\/\/www.uoh.cl\/instituto-de-ciencias-de-la-educacion\/2023\/11\/15\/con-foco-en-la-capacidad-transformadora-de-la-ia-congreso-futuro-2024-revela-a-sus-primeros-expositores-y-nuevo-formato\/#primaryimage"},"thumbnailUrl":"https:\/\/www.uoh.cl\/instituto-de-ciencias-de-la-educacion\/wp-content\/uploads\/sites\/13\/2023\/11\/Congreso-Futuro-.png","datePublished":"2023-11-15T11:34:16+00:00","dateModified":"2023-11-15T11:42:36+00:00","author":{"@id":"https:\/\/www.uoh.cl\/instituto-de-ciencias-de-la-educacion\/#\/schema\/person\/ea242e676c7d6d7e46fc8b9e39486c4f"},"description":"\"\u00bfIAhora qu\u00e9 hacemos?\" es la pregunta que #CF2024 busca resolver a trav\u00e9s de sus charlas y actividades que desarrollar\u00e1 entre el 15 y 20 de enero desde el Centro Cultural CEINA en Santiago y en todas las regiones del pa\u00eds.","inLanguage":"es-CL","potentialAction":[{"@type":"ReadAction","target":["https:\/\/www.uoh.cl\/instituto-de-ciencias-de-la-educacion\/2023\/11\/15\/con-foco-en-la-capacidad-transformadora-de-la-ia-congreso-futuro-2024-revela-a-sus-primeros-expositores-y-nuevo-formato\/"]}]},{"@type":"ImageObject","inLanguage":"es-CL","@id":"https:\/\/www.uoh.cl\/instituto-de-ciencias-de-la-educacion\/2023\/11\/15\/con-foco-en-la-capacidad-transformadora-de-la-ia-congreso-futuro-2024-revela-a-sus-primeros-expositores-y-nuevo-formato\/#primaryimage","url":"https:\/\/www.uoh.cl\/instituto-de-ciencias-de-la-educacion\/wp-content\/uploads\/sites\/13\/2023\/11\/Congreso-Futuro-.png","contentUrl":"https:\/\/www.uoh.cl\/instituto-de-ciencias-de-la-educacion\/wp-content\/uploads\/sites\/13\/2023\/11\/Congreso-Futuro-.png","width":1000,"height":1000},{"@type":"WebSite","@id":"https:\/\/www.uoh.cl\/instituto-de-ciencias-de-la-educacion\/#website","url":"https:\/\/www.uoh.cl\/instituto-de-ciencias-de-la-educacion\/","name":"Instituto de Ciencias de la Educaci\u00f3n","description":"Otro sitio de Sitios de Universidad O&#039;higgins","potentialAction":[{"@type":"SearchAction","target":{"@type":"EntryPoint","urlTemplate":"https:\/\/www.uoh.cl\/instituto-de-ciencias-de-la-educacion\/?s={search_term_string}"},"query-input":{"@type":"PropertyValueSpecification","valueRequired":true,"valueName":"search_term_string"}}],"inLanguage":"es-CL"},{"@type":"Person","@id":"https:\/\/www.uoh.cl\/instituto-de-ciencias-de-la-educacion\/#\/schema\/person\/ea242e676c7d6d7e46fc8b9e39486c4f","name":"Universidad de O'Higgins","image":{"@type":"ImageObject","inLanguage":"es-CL","@id":"https:\/\/www.uoh.cl\/instituto-de-ciencias-de-la-educacion\/#\/schema\/person\/image\/","url":"https:\/\/secure.gravatar.com\/avatar\/78fcb76ca05efae11fd355943c01a832a29786cc00d85b1a82c301bea2b2a214?s=96&d=mm&r=g","contentUrl":"https:\/\/secure.gravatar.com\/avatar\/78fcb76ca05efae11fd355943c01a832a29786cc00d85b1a82c301bea2b2a214?s=96&d=mm&r=g","caption":"Universidad de O'Higgins"}}]}},"_links":{"self":[{"href":"https:\/\/www.uoh.cl\/instituto-de-ciencias-de-la-educacion\/wp-json\/wp\/v2\/posts\/3927","targetHints":{"allow":["GET"]}}],"collection":[{"href":"https:\/\/www.uoh.cl\/instituto-de-ciencias-de-la-educacion\/wp-json\/wp\/v2\/posts"}],"about":[{"href":"https:\/\/www.uoh.cl\/instituto-de-ciencias-de-la-educacion\/wp-json\/wp\/v2\/types\/post"}],"author":[{"embeddable":true,"href":"https:\/\/www.uoh.cl\/instituto-de-ciencias-de-la-educacion\/wp-json\/wp\/v2\/users\/34"}],"replies":[{"embeddable":true,"href":"https:\/\/www.uoh.cl\/instituto-de-ciencias-de-la-educacion\/wp-json\/wp\/v2\/comments?post=3927"}],"version-history":[{"count":1,"href":"https:\/\/www.uoh.cl\/instituto-de-ciencias-de-la-educacion\/wp-json\/wp\/v2\/posts\/3927\/revisions"}],"predecessor-version":[{"id":3931,"href":"https:\/\/www.uoh.cl\/instituto-de-ciencias-de-la-educacion\/wp-json\/wp\/v2\/posts\/3927\/revisions\/3931"}],"wp:featuredmedia":[{"embeddable":true,"href":"https:\/\/www.uoh.cl\/instituto-de-ciencias-de-la-educacion\/wp-json\/wp\/v2\/media\/3932"}],"wp:attachment":[{"href":"https:\/\/www.uoh.cl\/instituto-de-ciencias-de-la-educacion\/wp-json\/wp\/v2\/media?parent=3927"}],"wp:term":[{"taxonomy":"category","embeddable":true,"href":"https:\/\/www.uoh.cl\/instituto-de-ciencias-de-la-educacion\/wp-json\/wp\/v2\/categories?post=3927"},{"taxonomy":"post_tag","embeddable":true,"href":"https:\/\/www.uoh.cl\/instituto-de-ciencias-de-la-educacion\/wp-json\/wp\/v2\/tags?post=3927"}],"curies":[{"name":"wp","href":"https:\/\/api.w.org\/{rel}","templated":true}]}}