
{"id":2854,"date":"2023-06-16T11:13:56","date_gmt":"2023-06-16T14:13:56","guid":{"rendered":"https:\/\/www.uoh.cl\/instituto-de-ciencias-de-la-educacion\/2023\/06\/16\/mineduc-y-uoh-trabajan-en-el-fortalecimiento-de-la-escritura\/"},"modified":"2023-06-16T11:13:56","modified_gmt":"2023-06-16T14:13:56","slug":"mineduc-y-uoh-trabajan-en-el-fortalecimiento-de-la-escritura","status":"publish","type":"post","link":"https:\/\/www.uoh.cl\/instituto-de-ciencias-de-la-educacion\/2023\/06\/16\/mineduc-y-uoh-trabajan-en-el-fortalecimiento-de-la-escritura\/","title":{"rendered":"Mineduc y UOH trabajan en el fortalecimiento de la escritura"},"content":{"rendered":"<div class=\"wpb-content-wrapper\"><p>[vc_section el_class=&#8221;container mx-auto align-items-center circle&#8211;pattern&#8221; css=&#8221;.vc_custom_1648956589196{padding-top: 3rem !important;}&#8221;][vc_row][vc_column]<div class=\"breadcrumb\"><ol itemscope itemtype=\"https:\/\/schema.org\/BreadcrumbList\"><li itemprop=\"itemListElement\" itemscope itemtype=\"https:\/\/schema.org\/ListItem\"><a itemprop=\"item\" href=\"http:\/\/www.uoh.cl\"><span itemprop=\"name\">Inicio<\/span><\/a><meta itemprop=\"position\" content=\"1\" \/><li itemprop=\"itemListElement\" itemscope itemtype=\"https:\/\/schema.org\/ListItem\"><a itemprop=\"item\" href=\"https:\/\/www.uoh.cl\/instituto-de-ciencias-de-la-educacion\"><span itemprop=\"name\">Instituto de Ciencias de la Educaci\u00f3n<\/span><\/a><meta itemprop=\"position\" content=\"2\" \/><li itemprop=\"itemListElement\" itemscope itemtype=\"https:\/\/schema.org\/ListItem\"><a itemprop=\"item\" href=\"https:\/\/www.uoh.cl\/instituto-de-ciencias-de-la-educacion\/noticias\/\"><span itemprop=\"name\">Noticias<\/span><\/a><meta itemprop=\"position\" content=\"3\" \/><li itemprop=\"itemListElement\" itemscope itemtype=\"https:\/\/schema.org\/ListItem\"><span itemprop=\"name\">Mineduc y UOH trabajan en el fortalecimiento de la escritura <\/span><meta itemprop=\"position\" content=\"4\" \/><\/ol><\/div><ul class=\"p-0 list-style-none d-inline-block\"><li class=\"p-0\"><a href=https:\/\/www.uoh.cl\/instituto-de-ciencias-de-la-educacion\/category\/educacion\/ class=\"px-1 py-2\">Educaci\u00f3n<\/a><\/li><\/ul><div class=\"date_publish_post\"> \u25cf Vie 16 de Junio 2023<\/div><div class=\"uoh_title_component-container\"><h1 class=\"title title--ms d-inline-block title--decorator  big\">Mineduc y UOH trabajan en el fortalecimiento de la escritura<\/h1><\/div>[vc_row_inner el_class=&#8221;border-separator m-0&#8243;][vc_column_inner width=&#8221;2\/3&#8243;]<div class=\"author_wp_class\"> Escrito por <span>Universidad de O'Higgins<\/span><\/div>[\/vc_column_inner][vc_column_inner el_class=&#8221;align-items-end-publish&#8221; width=&#8221;1\/3&#8243;]<div class=\"uoh_social_network_component uoh_row col-12 justify-content-end m-0 p-0\"> <div class=\"icon__facebook-share-button\">\n                       <a href=\"https:\/\/www.facebook.com\/sharer\/sharer.php?u=https:\/\/www.uoh.cl\/instituto-de-ciencias-de-la-educacion\/2023\/06\/16\/mineduc-y-uoh-trabajan-en-el-fortalecimiento-de-la-escritura\/\" target=\"_blank\"> <div class=\"icon__facebook-svg\"><svg version=\"1.1\" xmlns=\"http:\/\/www.w3.org\/2000\/svg\" xmlns:xlink=\"http:\/\/www.w3.org\/1999\/xlink\" x=\"0px\" y=\"0px\" width=\"22.4px\" height=\"48.3px\" viewBox=\"0 0 22.4 48.3\" style=\"overflow:visible;enable-background:new 0 0 22.4 48.3;\" xml:space=\"preserve\">\n                <defs>\n                <\/defs>\n                <path class=\"st0\" d=\"M22.4,15.6h-7.6v-5c0-1.9,1.2-2.3,2.1-2.3c0.9,0,5.4,0,5.4,0V0l-7.4,0C6.6,0,4.8,6.2,4.8,10.1v5.5H0v8.5h4.8\n                    c0,10.9,0,24.1,0,24.1h10c0,0,0-13.3,0-24.1h6.8L22.4,15.6z\"><\/path>\n                <\/svg><\/a><\/div>\n                    <\/div><div class=\"icon__twitter-share-button\">\n                        <div class=\"icon__twitter-svg\"><a target=\"_blank\" href=\"http:\/\/twitter.com\/share?url=https:\/\/www.uoh.cl\/instituto-de-ciencias-de-la-educacion\/2023\/06\/16\/mineduc-y-uoh-trabajan-en-el-fortalecimiento-de-la-escritura\/\"><svg xmlns=\"http:\/\/www.w3.org\/2000\/svg\" height=\"1em\" viewBox=\"0 0 512 512\"><!--! Font Awesome Free 6.4.2 by @fontawesome - https:\/\/fontawesome.com License - https:\/\/fontawesome.com\/license (Commercial License) Copyright 2023 Fonticons, Inc. --><path d=\"M389.2 48h70.6L305.6 224.2 487 464H345L233.7 318.6 106.5 464H35.8L200.7 275.5 26.8 48H172.4L272.9 180.9 389.2 48zM364.4 421.8h39.1L151.1 88h-42L364.4 421.8z\"\/><\/svg><\/a><\/div>\n                        <\/div><div class=\"icon__linkedin-share-button\">\n                        <div class=\"icon__linkedin-svg\">\n                        <a target=\"__blank\" href=\"https:\/\/www.linkedin.com\/sharing\/share-offsite\/?url=https:\/\/www.uoh.cl\/instituto-de-ciencias-de-la-educacion\/2023\/06\/16\/mineduc-y-uoh-trabajan-en-el-fortalecimiento-de-la-escritura\/\"><svg enable-background=\"new 0 0 100 100\" height=\"100px\" id=\"Layer_1\" version=\"1.1\" viewBox=\"0 0 100 100\" width=\"100px\" xml:space=\"preserve\" xmlns=\"http:\/\/www.w3.org\/2000\/svg\" xmlns:xlink=\"http:\/\/www.w3.org\/1999\/xlink\"><g><circle cx=\"50\" cy=\"50\" fill=\"#ccc\" r=\"45\"\/><g id=\"LinkedIn_1_\"><rect fill=\"#FFFFFF\" height=\"24.361\" width=\"7.69\" x=\"31.271\" y=\"43.569\"\/><path d=\"M59.968,43.334c-4.406,0-7.165,2.387-7.677,4.058v-3.823h-8.636c0.109,2.03,0,24.361,0,24.361h8.636    V54.748c0-0.733-0.034-1.465,0.19-1.991c0.594-1.464,1.869-2.985,4.162-2.985c2.998,0,4.361,2.253,4.361,5.552V67.93h8.721V54.384    C69.726,46.839,65.432,43.334,59.968,43.334z\" fill=\"#FFFFFF\"\/><path d=\"M34.973,32.069c-2.839,0-4.696,1.823-4.696,4.229c0,2.361,1.804,4.224,4.589,4.224h0.054    c2.891,0,4.69-1.869,4.69-4.229C39.555,33.888,37.81,32.069,34.973,32.069z\" fill=\"#FFFFFF\"\/><\/g><\/g><\/svg><\/a><\/div>\n\n            <\/div><\/div>[\/vc_column_inner][\/vc_row_inner][vc_single_image image=&#8221;19925&#8243; img_size=&#8221;full&#8221; add_caption=&#8221;yes&#8221; alignment=&#8221;center&#8221; onclick=&#8221;img_link_large&#8221; img_link_target=&#8221;_blank&#8221;][vc_column_text]\u00a0[\/vc_column_text][vc_column_text]<\/p>\n<ul>\n<li><i><span lang=\"es\">Para ello se ejecutar\u00e1n\u00a0<\/span><\/i><i><span lang=\"es\">distintas acciones, incluidos una serie de webinars a realizarse durante este mes de junio, donde se dar\u00e1n a conocer los fundamentos y orientaciones para la implementaci\u00f3n de una estrategia nacional.<\/span><\/i><\/li>\n<\/ul>\n<p>[\/vc_column_text][vc_column_text]\u00a0[\/vc_column_text][vc_column_text]<\/p>\n<p style=\"font-weight: 400\">Para ese objetivo, el\u00a0<a href=\"https:\/\/www.mineduc.cl\/\" data-saferedirecturl=\"https:\/\/www.google.com\/url?q=https:\/\/www.mineduc.cl\/&amp;source=gmail&amp;ust=1687009338417000&amp;usg=AOvVaw0br7emBtslVRKrWevVAFif\">Ministerio de Educaci\u00f3n<\/a>\u00a0y la\u00a0<a href=\"http:\/\/www.uoh.cl\/\" data-saferedirecturl=\"https:\/\/www.google.com\/url?q=http:\/\/www.uoh.cl\/&amp;source=gmail&amp;ust=1687009338417000&amp;usg=AOvVaw2-MaU97NwR7Ks0_k3xapm_\">Universidad de O&#8217;Higgins<\/a>, firmaron un convenio de colaboraci\u00f3n con el que se espera implementar la\u00a0<a href=\"https:\/\/escritura.mineduc.cl\/\" data-saferedirecturl=\"https:\/\/www.google.com\/url?q=https:\/\/escritura.mineduc.cl\/&amp;source=gmail&amp;ust=1687009338417000&amp;usg=AOvVaw0qGsY0v_6f4UIeEWYb4QmF\">Estrategia Nacional de Fortalecimiento de la Escritura<\/a>, tanto en escuelas p\u00fablicas como subvencionadas.<\/p>\n<p style=\"font-weight: 400\">\u201cEsta estrategia se enfoca en la escritura como una herramienta clave para el aprendizaje y el desarrollo integral de los estudiantes, buscando mejorar el rendimiento escrito y motivarlos a escribir de manera frecuente\u201d, explica\u00a0<a href=\"https:\/\/www.uoh.cl\/investigacion\/academico\/soledad-concha\/\" data-saferedirecturl=\"https:\/\/www.google.com\/url?q=https:\/\/www.uoh.cl\/investigacion\/academico\/soledad-concha\/&amp;source=gmail&amp;ust=1687009338417000&amp;usg=AOvVaw1X3gRgLFUZwG6SssAaGXWR\">Soledad Concha<\/a>, investigadora asociada de la UOH, experta en escritura y coordinadora general de la Estrategia Nacional de Fortalecimiento de la Escritura.<\/p>\n<p style=\"font-weight: 400\">Agrega que, para dar cumplimiento a esta estrategia, se realizar\u00e1n distintas acciones que incluyen la elaboraci\u00f3n de lineamientos did\u00e1cticos para docentes, el desarrollo de recursos pedag\u00f3gicos denominados \u201ccuadernos de escritura guiada\u201d, que se suman a los \u201cdiarios de escritura libre\u201d implementados en 1.500 escuelas del pa\u00eds, todo esto liderado por un equipo de acad\u00e9micas\/os de la UOH y docentes en servicio de la Regi\u00f3n de O\u2019Higgins, quienes tienen la misi\u00f3n de implementar estos recursos en el aula y entregar informaci\u00f3n relevante para su validaci\u00f3n.<\/p>\n<p style=\"font-weight: 400\">\u201cTambi\u00e9n se realizar\u00e1 una sensibilizaci\u00f3n a los distintos actores del sistema educativo sobre los objetivos y sentidos de la Estrategia de Fortalecimiento de la Escritura a trav\u00e9s de c\u00e1psulas informativas y un webinar para cada macrozona territorial\u201d, agreg\u00f3 la experta.<\/p>\n<p style=\"font-weight: 400\">Estos webinar se desarrollar\u00e1n en el mes de junio y su objetivo es dar a conocer los fundamentos y orientaciones para la implementaci\u00f3n de la estrategia. Adem\u00e1s, contar\u00e1n con la participaci\u00f3n de expertas nacionales e internacionales en la did\u00e1ctica de la escritura que ofrecer\u00e1n charlas formativas sobre distintos \u00e1mbitos del \u00e1rea.<\/p>\n<p style=\"font-weight: 400\">Durante el segundo semestre, adem\u00e1s, se desarrollar\u00e1n talleres de escritura libre para docentes de todas las regiones que est\u00e9n trabajando actualmente con los diarios de escritura libre. El objetivo de esta acci\u00f3n es fomentar la motivaci\u00f3n por la escritura y por la ense\u00f1anza de la escritura entre los docentes.<\/p>\n<p style=\"font-weight: 400\">\u201cLa implementaci\u00f3n de esta Estrategia permite contribuir al mejoramiento del rendimiento acad\u00e9mico y formar ciudadanos cr\u00edticos y creativos para el siglo XXI. La colaboraci\u00f3n entre especialistas en educaci\u00f3n del Instituto de Ciencias de la Educaci\u00f3n UOH y del Ministerio asegura la actualizaci\u00f3n, innovaci\u00f3n y mejora de las pr\u00e1cticas pedag\u00f3gicas en la educaci\u00f3n chilena\u201d, finaliz\u00f3 Soledad Concha.<\/p>\n<p style=\"font-weight: 400\">El primer webinar se realizar\u00e1 el pr\u00f3ximo martes 20 de junio, a las 15.00 horas, con la exposici\u00f3n de la Doctora en Ciencias del Lenguaje, Silvia Romero. Inscripciones en el siguiente\u00a0<a href=\"https:\/\/reuna.zoom.us\/meeting\/register\/tZEsdOCorTwqH9w2OXO7Dk2BcRomzU3-SlCj?_x_zm_rtaid=J8zu5G7hT6O-Kdv7YklfBA.1686578234865.b85aadf8a89a84ce716ecfa379568050&amp;_x_zm_rhtaid=617#\/registration\" data-saferedirecturl=\"https:\/\/www.google.com\/url?q=https:\/\/reuna.zoom.us\/meeting\/register\/tZEsdOCorTwqH9w2OXO7Dk2BcRomzU3-SlCj?_x_zm_rtaid%3DJ8zu5G7hT6O-Kdv7YklfBA.1686578234865.b85aadf8a89a84ce716ecfa379568050%26_x_zm_rhtaid%3D617%23\/registration&amp;source=gmail&amp;ust=1687009338417000&amp;usg=AOvVaw0AxPZlQclsQ1W7y6qfUc-w\">enlace<\/a>.<\/p>\n<p>\u00a0[\/vc_column_text][\/vc_column][\/vc_row][vc_row][vc_column][\/vc_column][\/vc_row][\/vc_section][vc_section css=&#8221;.vc_custom_1650255686594{background-color: #f6faff !important;}&#8221; el_class=&#8221;p-md-0 pt-md-5&#8243;][vc_row el_class=&#8221;container mx-auto align-items-center p-md-0 pt-5 pb-5&#8243;][vc_column el_class=&#8221;pb-5&#8243;][vc_row_inner el_class=&#8221;pb-5&#8243;][vc_column_inner]<div class=\"row m-0 p-0\"><div class=\"col-12 col-md-9 pt-5 pt-md-0\"><h2 class=\"title title--decorator title--ms d-inline-block\">Te Recomendamos<\/h2><\/div><\/div><div class=\"content-holder\"><div class=\"row  swipper-news-list not--activate-hack \"><div class=\"row -wrapper\"><div class=\"  col-sm-6 col-md-4 img-article\">\n                                        <div class=\"content-news-display row m-0 p-0\"><div class=\"holder p-0 \"><div class=\"img-wrap img-wrap-news\">\n                                        <div class=\"caption__news-category\">\n                                        <a href=\"https:\/\/www.uoh.cl\/instituto-de-ciencias-de-la-educacion\/category\/investigacion\/\">\n                                        Investigaci\u00f3n<\/a><\/div><img decoding=\"async\" class=\"w-100 h-100 lazyload\" data-src=\"https:\/\/www.uoh.cl\/instituto-de-ciencias-de-la-educacion\/wp-content\/uploads\/sites\/13\/2026\/04\/FWIS2026-web-op.jpg\" alt=\"Comienza proceso de postulaciones al Premio For Women in Science 2026\" style=\"--smush-placeholder-width: 800px; --smush-placeholder-aspect-ratio: 800\/444;object-fit: cover; object-position: center;\" src=\"data:image\/svg+xml;base64,PHN2ZyB3aWR0aD0iMSIgaGVpZ2h0PSIxIiB4bWxucz0iaHR0cDovL3d3dy53My5vcmcvMjAwMC9zdmciPjwvc3ZnPg==\"><\/div><\/div><div class=\"caption py-3 caption__news py-md-3 pb-md-5\">\n                                    <span class=\"caption__date\">Jueves 30, Abril<\/span>\n                                     <a href=\"https:\/\/www.uoh.cl\/instituto-de-ciencias-de-la-educacion\/2026\/04\/30\/comienza-proceso-de-postulaciones-al-premio-for-women-in-science-2026\/\">\n                                    <h3 class=\"small-space\">Comienza proceso de postulaciones al Premio For Women in Science 2026<\/h3><\/a>\n\n                                    <p>La convocatoria, abierta entre el 22 de abril y el 28 de mayo de 2026, busca impulsar la trayectoria y aporte cient\u00edfico de investigadoras chilenas.<\/p>\n                                    <a class=\"link link--bold mt-md-3\" href=\"https:\/\/www.uoh.cl\/instituto-de-ciencias-de-la-educacion\/2026\/04\/30\/comienza-proceso-de-postulaciones-al-premio-for-women-in-science-2026\/\">Saber m\u00e1s <span class=\"icon icon--inline icon--link\"><svg version=\"1.1\" xmlns=\"http:\/\/www.w3.org\/2000\/svg\" xmlns:xlink=\"http:\/\/www.w3.org\/1999\/xlink\" x=\"0px\" y=\"0px\" width=\"22px\"height=\"22px\" viewBox=\"0 0 22 22\" style=\"overflow:visible;enable-background:new 0 0 80 64.6;\" xml:space=\"preserve\"><g clip-path=\"url(#acA)\"><path fill-rule=\"evenodd\" d=\"M21.913 11.266a.93.93 0 000-.711c-.022-.056-.063-.097-.091-.144s-.053-.103-.097-.15L12.306.294c-.357-.379-.955-.394-1.334-.038s-.394.955-.038 1.334l7.917 8.374H.927a.95.95 0 00-.908.983.946.946 0 00.908.908h17.924l-8.089 8.552c-.357.379-.341.977.034 1.334s.977.341 1.334-.034l9.594-10.148c.044-.044.063-.1.097-.15.028-.047.069-.088.091-.141z\"\/><\/g><defs><clipPath id=\"acA\"><path fill=\"#fff\" d=\"M0 0h22v22H0z\"\/><\/clipPath><\/defs><\/svg><\/span><\/a><\/div><\/div><\/div><div class=\"  col-sm-6 col-md-4 img-article\">\n                                        <div class=\"content-news-display row m-0 p-0\"><div class=\"holder p-0 \"><div class=\"img-wrap img-wrap-news\">\n                                        <div class=\"caption__news-category\">\n                                        <a href=\"https:\/\/www.uoh.cl\/instituto-de-ciencias-de-la-educacion\/category\/investigacion\/\">\n                                        Investigaci\u00f3n<\/a><\/div><img decoding=\"async\" class=\"w-100 h-100 lazyload\" data-src=\"https:\/\/www.uoh.cl\/instituto-de-ciencias-de-la-educacion\/wp-content\/uploads\/sites\/13\/2026\/04\/Dia-de-la-Propiedad-Intelectual.jpg\" alt=\"UOH conmemora D\u00eda Mundial de la Propiedad Intelectual destacando avances en protecci\u00f3n\" style=\"--smush-placeholder-width: 2419px; --smush-placeholder-aspect-ratio: 2419\/1609;object-fit: cover; object-position: center;\" src=\"data:image\/svg+xml;base64,PHN2ZyB3aWR0aD0iMSIgaGVpZ2h0PSIxIiB4bWxucz0iaHR0cDovL3d3dy53My5vcmcvMjAwMC9zdmciPjwvc3ZnPg==\"><\/div><\/div><div class=\"caption py-3 caption__news py-md-3 pb-md-5\">\n                                    <span class=\"caption__date\">Jueves 30, Abril<\/span>\n                                     <a href=\"https:\/\/www.uoh.cl\/instituto-de-ciencias-de-la-educacion\/2026\/04\/30\/uoh-conmemora-dia-mundial-de-la-propiedad-intelectual-destacando-avances-en-proteccion\/\">\n                                    <h3 class=\"small-space\">UOH conmemora D\u00eda Mundial de la Propiedad Intelectual destacando avances en protecci\u00f3n<\/h3><\/a>\n\n                                    <p>La Direcci\u00f3n de Transferencia e Innovaci\u00f3n ha apoyado la protecci\u00f3n de 21 resultados de investigaci\u00f3n, concretado 11 solicitudes de patente, 12 registros de derechos de autor y 1 marca comercial.<\/p>\n                                    <a class=\"link link--bold mt-md-3\" href=\"https:\/\/www.uoh.cl\/instituto-de-ciencias-de-la-educacion\/2026\/04\/30\/uoh-conmemora-dia-mundial-de-la-propiedad-intelectual-destacando-avances-en-proteccion\/\">Saber m\u00e1s <span class=\"icon icon--inline icon--link\"><svg version=\"1.1\" xmlns=\"http:\/\/www.w3.org\/2000\/svg\" xmlns:xlink=\"http:\/\/www.w3.org\/1999\/xlink\" x=\"0px\" y=\"0px\" width=\"22px\"height=\"22px\" viewBox=\"0 0 22 22\" style=\"overflow:visible;enable-background:new 0 0 80 64.6;\" xml:space=\"preserve\"><g clip-path=\"url(#acA)\"><path fill-rule=\"evenodd\" d=\"M21.913 11.266a.93.93 0 000-.711c-.022-.056-.063-.097-.091-.144s-.053-.103-.097-.15L12.306.294c-.357-.379-.955-.394-1.334-.038s-.394.955-.038 1.334l7.917 8.374H.927a.95.95 0 00-.908.983.946.946 0 00.908.908h17.924l-8.089 8.552c-.357.379-.341.977.034 1.334s.977.341 1.334-.034l9.594-10.148c.044-.044.063-.1.097-.15.028-.047.069-.088.091-.141z\"\/><\/g><defs><clipPath id=\"acA\"><path fill=\"#fff\" d=\"M0 0h22v22H0z\"\/><\/clipPath><\/defs><\/svg><\/span><\/a><\/div><\/div><\/div><div class=\"  col-sm-6 col-md-4 img-article\">\n                                        <div class=\"content-news-display row m-0 p-0\"><div class=\"holder p-0 \"><div class=\"img-wrap img-wrap-news\">\n                                        <div class=\"caption__news-category\">\n                                        <a href=\"https:\/\/www.uoh.cl\/instituto-de-ciencias-de-la-educacion\/category\/institucional\/\">\n                                        Institucional<\/a><\/div><img decoding=\"async\" class=\"w-100 h-100 lazyload\" data-src=\"https:\/\/www.uoh.cl\/instituto-de-ciencias-de-la-educacion\/wp-content\/uploads\/sites\/13\/2026\/04\/Inauguracion-Ano-Academico-2026-6.jpg\" alt=\"Reflexi\u00f3n universitaria: UOH inaugura A\u00f1o Acad\u00e9mico 2026 pensando en los desaf\u00edos de la Educaci\u00f3n Superior\" style=\"--smush-placeholder-width: 1500px; --smush-placeholder-aspect-ratio: 1500\/1000;object-fit: cover; object-position: center;\" src=\"data:image\/svg+xml;base64,PHN2ZyB3aWR0aD0iMSIgaGVpZ2h0PSIxIiB4bWxucz0iaHR0cDovL3d3dy53My5vcmcvMjAwMC9zdmciPjwvc3ZnPg==\"><\/div><\/div><div class=\"caption py-3 caption__news py-md-3 pb-md-5\">\n                                    <span class=\"caption__date\">Mi\u00e9rcoles 29, Abril<\/span>\n                                     <a href=\"https:\/\/www.uoh.cl\/instituto-de-ciencias-de-la-educacion\/2026\/04\/29\/reflexion-universitaria-uoh-inaugura-ano-academico-2026-pensando-en-los-desafios-de-la-educacion-superior\/\">\n                                    <h3 class=\"small-space\">Reflexi\u00f3n universitaria: UOH inaugura A\u00f1o Acad\u00e9mico 2026 pensando en los desaf\u00edos de la Educaci\u00f3n Superior<\/h3><\/a>\n\n                                    <p>La ceremonia promovi\u00f3 el an\u00e1lisis acerca de los cambios educativos que se avecinan dentro de los procesos de formaci\u00f3n universitaria ajustados a contextos digitales.   <\/p>\n                                    <a class=\"link link--bold mt-md-3\" href=\"https:\/\/www.uoh.cl\/instituto-de-ciencias-de-la-educacion\/2026\/04\/29\/reflexion-universitaria-uoh-inaugura-ano-academico-2026-pensando-en-los-desafios-de-la-educacion-superior\/\">Saber m\u00e1s <span class=\"icon icon--inline icon--link\"><svg version=\"1.1\" xmlns=\"http:\/\/www.w3.org\/2000\/svg\" xmlns:xlink=\"http:\/\/www.w3.org\/1999\/xlink\" x=\"0px\" y=\"0px\" width=\"22px\"height=\"22px\" viewBox=\"0 0 22 22\" style=\"overflow:visible;enable-background:new 0 0 80 64.6;\" xml:space=\"preserve\"><g clip-path=\"url(#acA)\"><path fill-rule=\"evenodd\" d=\"M21.913 11.266a.93.93 0 000-.711c-.022-.056-.063-.097-.091-.144s-.053-.103-.097-.15L12.306.294c-.357-.379-.955-.394-1.334-.038s-.394.955-.038 1.334l7.917 8.374H.927a.95.95 0 00-.908.983.946.946 0 00.908.908h17.924l-8.089 8.552c-.357.379-.341.977.034 1.334s.977.341 1.334-.034l9.594-10.148c.044-.044.063-.1.097-.15.028-.047.069-.088.091-.141z\"\/><\/g><defs><clipPath id=\"acA\"><path fill=\"#fff\" d=\"M0 0h22v22H0z\"\/><\/clipPath><\/defs><\/svg><\/span><\/a><\/div><\/div><\/div><\/div><\/div><\/div><div class=\"pagination justify-content-center my-5\"><span aria-current=\"page\" class=\"page-numbers current\">1<\/span>\n<a class=\"page-numbers\" href=\"https:\/\/www.uoh.cl\/instituto-de-ciencias-de-la-educacion\/wp-json\/wp\/v2\/posts\/2854\/\/page\/2\">2<\/a>\n<a class=\"page-numbers\" href=\"https:\/\/www.uoh.cl\/instituto-de-ciencias-de-la-educacion\/wp-json\/wp\/v2\/posts\/2854\/\/page\/3\">3<\/a>\n<span class=\"page-numbers dots\">&hellip;<\/span>\n<a class=\"page-numbers\" href=\"https:\/\/www.uoh.cl\/instituto-de-ciencias-de-la-educacion\/wp-json\/wp\/v2\/posts\/2854\/\/page\/112\">112<\/a>\n<a class=\"next page-numbers\" href=\"https:\/\/www.uoh.cl\/instituto-de-ciencias-de-la-educacion\/wp-json\/wp\/v2\/posts\/2854\/\/page\/2\"><div class=\"icon-pagination-next\"> <?xml version=\"1.0\" ?><svg viewBox=\"0 0 96 96\" xmlns=\"http:\/\/www.w3.org\/2000\/svg\"><title\/><path d=\"M39.3756,48.0022l30.47-25.39a6.0035,6.0035,0,0,0-7.6878-9.223L26.1563,43.3906a6.0092,6.0092,0,0,0,0,9.2231L62.1578,82.615a6.0035,6.0035,0,0,0,7.6878-9.2231Z\"\/><\/svg> <\/div><\/a><\/div>[\/vc_column_inner][\/vc_row_inner][\/vc_column][\/vc_row][\/vc_section]<\/p>\n<\/div>","protected":false},"excerpt":{"rendered":"<p>Para ello se ejecutar\u00e1n distintas acciones, incluidos una serie de webinars a realizarse durante este mes de junio, donde se dar\u00e1n a conocer los fundamentos y orientaciones para la implementaci\u00f3n de una estrategia nacional.<\/p>\n","protected":false},"author":34,"featured_media":2855,"comment_status":"open","ping_status":"open","sticky":false,"template":"","format":"standard","meta":{"_acf_changed":false,"footnotes":""},"categories":[46],"tags":[],"class_list":["post-2854","post","type-post","status-publish","format-standard","has-post-thumbnail","hentry","category-educacion"],"acf":[],"yoast_head":"<!-- This site is optimized with the Yoast SEO plugin v26.6 - https:\/\/yoast.com\/wordpress\/plugins\/seo\/ -->\n<title>Mineduc y UOH trabajan en el fortalecimiento de la escritura - Instituto de Ciencias de la Educaci\u00f3n<\/title>\n<meta name=\"description\" content=\"Para ello se ejecutar\u00e1n distintas acciones, incluidos una serie de webinars a realizarse durante este mes de junio, donde se dar\u00e1n a conocer los fundamentos y orientaciones para la implementaci\u00f3n de una estrategia nacional.\" \/>\n<meta name=\"robots\" content=\"noindex, nofollow\" \/>\n<meta property=\"og:locale\" content=\"es_ES\" \/>\n<meta property=\"og:type\" content=\"article\" \/>\n<meta property=\"og:title\" content=\"Mineduc y UOH trabajan en el fortalecimiento de la escritura - Instituto de Ciencias de la Educaci\u00f3n\" \/>\n<meta property=\"og:description\" content=\"Para ello se ejecutar\u00e1n distintas acciones, incluidos una serie de webinars a realizarse durante este mes de junio, donde se dar\u00e1n a conocer los fundamentos y orientaciones para la implementaci\u00f3n de una estrategia nacional.\" \/>\n<meta property=\"og:url\" content=\"https:\/\/www.uoh.cl\/instituto-de-ciencias-de-la-educacion\/2023\/06\/16\/mineduc-y-uoh-trabajan-en-el-fortalecimiento-de-la-escritura\/\" \/>\n<meta property=\"og:site_name\" content=\"Instituto de Ciencias de la Educaci\u00f3n\" \/>\n<meta property=\"article:published_time\" content=\"2023-06-16T14:13:56+00:00\" \/>\n<meta property=\"og:image\" content=\"https:\/\/www.uoh.cl\/instituto-de-ciencias-de-la-educacion\/wp-content\/uploads\/sites\/13\/2023\/06\/Fortalecimiento-de-la-escritura.png\" \/>\n\t<meta property=\"og:image:width\" content=\"1000\" \/>\n\t<meta property=\"og:image:height\" content=\"1000\" \/>\n\t<meta property=\"og:image:type\" content=\"image\/png\" \/>\n<meta name=\"author\" content=\"Universidad de O&#039;Higgins\" \/>\n<meta name=\"twitter:card\" content=\"summary_large_image\" \/>\n<meta name=\"twitter:label1\" content=\"Escrito por\" \/>\n\t<meta name=\"twitter:data1\" content=\"Universidad de O&#039;Higgins\" \/>\n\t<meta name=\"twitter:label2\" content=\"Tiempo estimado de lectura\" \/>\n\t<meta name=\"twitter:data2\" content=\"3 minutos\" \/>\n<script type=\"application\/ld+json\" class=\"yoast-schema-graph\">{\"@context\":\"https:\/\/schema.org\",\"@graph\":[{\"@type\":\"WebPage\",\"@id\":\"https:\/\/www.uoh.cl\/instituto-de-ciencias-de-la-educacion\/2023\/06\/16\/mineduc-y-uoh-trabajan-en-el-fortalecimiento-de-la-escritura\/\",\"url\":\"https:\/\/www.uoh.cl\/instituto-de-ciencias-de-la-educacion\/2023\/06\/16\/mineduc-y-uoh-trabajan-en-el-fortalecimiento-de-la-escritura\/\",\"name\":\"Mineduc y UOH trabajan en el fortalecimiento de la escritura - Instituto de Ciencias de la Educaci\u00f3n\",\"isPartOf\":{\"@id\":\"https:\/\/www.uoh.cl\/instituto-de-ciencias-de-la-educacion\/#website\"},\"primaryImageOfPage\":{\"@id\":\"https:\/\/www.uoh.cl\/instituto-de-ciencias-de-la-educacion\/2023\/06\/16\/mineduc-y-uoh-trabajan-en-el-fortalecimiento-de-la-escritura\/#primaryimage\"},\"image\":{\"@id\":\"https:\/\/www.uoh.cl\/instituto-de-ciencias-de-la-educacion\/2023\/06\/16\/mineduc-y-uoh-trabajan-en-el-fortalecimiento-de-la-escritura\/#primaryimage\"},\"thumbnailUrl\":\"https:\/\/www.uoh.cl\/instituto-de-ciencias-de-la-educacion\/wp-content\/uploads\/sites\/13\/2023\/06\/Fortalecimiento-de-la-escritura.png\",\"datePublished\":\"2023-06-16T14:13:56+00:00\",\"author\":{\"@id\":\"https:\/\/www.uoh.cl\/instituto-de-ciencias-de-la-educacion\/#\/schema\/person\/ea242e676c7d6d7e46fc8b9e39486c4f\"},\"description\":\"Para ello se ejecutar\u00e1n distintas acciones, incluidos una serie de webinars a realizarse durante este mes de junio, donde se dar\u00e1n a conocer los fundamentos y orientaciones para la implementaci\u00f3n de una estrategia nacional.\",\"inLanguage\":\"es-CL\",\"potentialAction\":[{\"@type\":\"ReadAction\",\"target\":[\"https:\/\/www.uoh.cl\/instituto-de-ciencias-de-la-educacion\/2023\/06\/16\/mineduc-y-uoh-trabajan-en-el-fortalecimiento-de-la-escritura\/\"]}]},{\"@type\":\"ImageObject\",\"inLanguage\":\"es-CL\",\"@id\":\"https:\/\/www.uoh.cl\/instituto-de-ciencias-de-la-educacion\/2023\/06\/16\/mineduc-y-uoh-trabajan-en-el-fortalecimiento-de-la-escritura\/#primaryimage\",\"url\":\"https:\/\/www.uoh.cl\/instituto-de-ciencias-de-la-educacion\/wp-content\/uploads\/sites\/13\/2023\/06\/Fortalecimiento-de-la-escritura.png\",\"contentUrl\":\"https:\/\/www.uoh.cl\/instituto-de-ciencias-de-la-educacion\/wp-content\/uploads\/sites\/13\/2023\/06\/Fortalecimiento-de-la-escritura.png\",\"width\":1000,\"height\":1000},{\"@type\":\"WebSite\",\"@id\":\"https:\/\/www.uoh.cl\/instituto-de-ciencias-de-la-educacion\/#website\",\"url\":\"https:\/\/www.uoh.cl\/instituto-de-ciencias-de-la-educacion\/\",\"name\":\"Instituto de Ciencias de la Educaci\u00f3n\",\"description\":\"Otro sitio de Sitios de Universidad O&#039;higgins\",\"potentialAction\":[{\"@type\":\"SearchAction\",\"target\":{\"@type\":\"EntryPoint\",\"urlTemplate\":\"https:\/\/www.uoh.cl\/instituto-de-ciencias-de-la-educacion\/?s={search_term_string}\"},\"query-input\":{\"@type\":\"PropertyValueSpecification\",\"valueRequired\":true,\"valueName\":\"search_term_string\"}}],\"inLanguage\":\"es-CL\"},{\"@type\":\"Person\",\"@id\":\"https:\/\/www.uoh.cl\/instituto-de-ciencias-de-la-educacion\/#\/schema\/person\/ea242e676c7d6d7e46fc8b9e39486c4f\",\"name\":\"Universidad de O'Higgins\",\"image\":{\"@type\":\"ImageObject\",\"inLanguage\":\"es-CL\",\"@id\":\"https:\/\/www.uoh.cl\/instituto-de-ciencias-de-la-educacion\/#\/schema\/person\/image\/\",\"url\":\"https:\/\/secure.gravatar.com\/avatar\/78fcb76ca05efae11fd355943c01a832a29786cc00d85b1a82c301bea2b2a214?s=96&d=mm&r=g\",\"contentUrl\":\"https:\/\/secure.gravatar.com\/avatar\/78fcb76ca05efae11fd355943c01a832a29786cc00d85b1a82c301bea2b2a214?s=96&d=mm&r=g\",\"caption\":\"Universidad de O'Higgins\"}}]}<\/script>\n<!-- \/ Yoast SEO plugin. -->","yoast_head_json":{"title":"Mineduc y UOH trabajan en el fortalecimiento de la escritura - Instituto de Ciencias de la Educaci\u00f3n","description":"Para ello se ejecutar\u00e1n distintas acciones, incluidos una serie de webinars a realizarse durante este mes de junio, donde se dar\u00e1n a conocer los fundamentos y orientaciones para la implementaci\u00f3n de una estrategia nacional.","robots":{"index":"noindex","follow":"nofollow"},"og_locale":"es_ES","og_type":"article","og_title":"Mineduc y UOH trabajan en el fortalecimiento de la escritura - Instituto de Ciencias de la Educaci\u00f3n","og_description":"Para ello se ejecutar\u00e1n distintas acciones, incluidos una serie de webinars a realizarse durante este mes de junio, donde se dar\u00e1n a conocer los fundamentos y orientaciones para la implementaci\u00f3n de una estrategia nacional.","og_url":"https:\/\/www.uoh.cl\/instituto-de-ciencias-de-la-educacion\/2023\/06\/16\/mineduc-y-uoh-trabajan-en-el-fortalecimiento-de-la-escritura\/","og_site_name":"Instituto de Ciencias de la Educaci\u00f3n","article_published_time":"2023-06-16T14:13:56+00:00","og_image":[{"width":1000,"height":1000,"url":"https:\/\/www.uoh.cl\/instituto-de-ciencias-de-la-educacion\/wp-content\/uploads\/sites\/13\/2023\/06\/Fortalecimiento-de-la-escritura.png","type":"image\/png"}],"author":"Universidad de O'Higgins","twitter_card":"summary_large_image","twitter_misc":{"Escrito por":"Universidad de O'Higgins","Tiempo estimado de lectura":"3 minutos"},"schema":{"@context":"https:\/\/schema.org","@graph":[{"@type":"WebPage","@id":"https:\/\/www.uoh.cl\/instituto-de-ciencias-de-la-educacion\/2023\/06\/16\/mineduc-y-uoh-trabajan-en-el-fortalecimiento-de-la-escritura\/","url":"https:\/\/www.uoh.cl\/instituto-de-ciencias-de-la-educacion\/2023\/06\/16\/mineduc-y-uoh-trabajan-en-el-fortalecimiento-de-la-escritura\/","name":"Mineduc y UOH trabajan en el fortalecimiento de la escritura - Instituto de Ciencias de la Educaci\u00f3n","isPartOf":{"@id":"https:\/\/www.uoh.cl\/instituto-de-ciencias-de-la-educacion\/#website"},"primaryImageOfPage":{"@id":"https:\/\/www.uoh.cl\/instituto-de-ciencias-de-la-educacion\/2023\/06\/16\/mineduc-y-uoh-trabajan-en-el-fortalecimiento-de-la-escritura\/#primaryimage"},"image":{"@id":"https:\/\/www.uoh.cl\/instituto-de-ciencias-de-la-educacion\/2023\/06\/16\/mineduc-y-uoh-trabajan-en-el-fortalecimiento-de-la-escritura\/#primaryimage"},"thumbnailUrl":"https:\/\/www.uoh.cl\/instituto-de-ciencias-de-la-educacion\/wp-content\/uploads\/sites\/13\/2023\/06\/Fortalecimiento-de-la-escritura.png","datePublished":"2023-06-16T14:13:56+00:00","author":{"@id":"https:\/\/www.uoh.cl\/instituto-de-ciencias-de-la-educacion\/#\/schema\/person\/ea242e676c7d6d7e46fc8b9e39486c4f"},"description":"Para ello se ejecutar\u00e1n distintas acciones, incluidos una serie de webinars a realizarse durante este mes de junio, donde se dar\u00e1n a conocer los fundamentos y orientaciones para la implementaci\u00f3n de una estrategia nacional.","inLanguage":"es-CL","potentialAction":[{"@type":"ReadAction","target":["https:\/\/www.uoh.cl\/instituto-de-ciencias-de-la-educacion\/2023\/06\/16\/mineduc-y-uoh-trabajan-en-el-fortalecimiento-de-la-escritura\/"]}]},{"@type":"ImageObject","inLanguage":"es-CL","@id":"https:\/\/www.uoh.cl\/instituto-de-ciencias-de-la-educacion\/2023\/06\/16\/mineduc-y-uoh-trabajan-en-el-fortalecimiento-de-la-escritura\/#primaryimage","url":"https:\/\/www.uoh.cl\/instituto-de-ciencias-de-la-educacion\/wp-content\/uploads\/sites\/13\/2023\/06\/Fortalecimiento-de-la-escritura.png","contentUrl":"https:\/\/www.uoh.cl\/instituto-de-ciencias-de-la-educacion\/wp-content\/uploads\/sites\/13\/2023\/06\/Fortalecimiento-de-la-escritura.png","width":1000,"height":1000},{"@type":"WebSite","@id":"https:\/\/www.uoh.cl\/instituto-de-ciencias-de-la-educacion\/#website","url":"https:\/\/www.uoh.cl\/instituto-de-ciencias-de-la-educacion\/","name":"Instituto de Ciencias de la Educaci\u00f3n","description":"Otro sitio de Sitios de Universidad O&#039;higgins","potentialAction":[{"@type":"SearchAction","target":{"@type":"EntryPoint","urlTemplate":"https:\/\/www.uoh.cl\/instituto-de-ciencias-de-la-educacion\/?s={search_term_string}"},"query-input":{"@type":"PropertyValueSpecification","valueRequired":true,"valueName":"search_term_string"}}],"inLanguage":"es-CL"},{"@type":"Person","@id":"https:\/\/www.uoh.cl\/instituto-de-ciencias-de-la-educacion\/#\/schema\/person\/ea242e676c7d6d7e46fc8b9e39486c4f","name":"Universidad de O'Higgins","image":{"@type":"ImageObject","inLanguage":"es-CL","@id":"https:\/\/www.uoh.cl\/instituto-de-ciencias-de-la-educacion\/#\/schema\/person\/image\/","url":"https:\/\/secure.gravatar.com\/avatar\/78fcb76ca05efae11fd355943c01a832a29786cc00d85b1a82c301bea2b2a214?s=96&d=mm&r=g","contentUrl":"https:\/\/secure.gravatar.com\/avatar\/78fcb76ca05efae11fd355943c01a832a29786cc00d85b1a82c301bea2b2a214?s=96&d=mm&r=g","caption":"Universidad de O'Higgins"}}]}},"_links":{"self":[{"href":"https:\/\/www.uoh.cl\/instituto-de-ciencias-de-la-educacion\/wp-json\/wp\/v2\/posts\/2854","targetHints":{"allow":["GET"]}}],"collection":[{"href":"https:\/\/www.uoh.cl\/instituto-de-ciencias-de-la-educacion\/wp-json\/wp\/v2\/posts"}],"about":[{"href":"https:\/\/www.uoh.cl\/instituto-de-ciencias-de-la-educacion\/wp-json\/wp\/v2\/types\/post"}],"author":[{"embeddable":true,"href":"https:\/\/www.uoh.cl\/instituto-de-ciencias-de-la-educacion\/wp-json\/wp\/v2\/users\/34"}],"replies":[{"embeddable":true,"href":"https:\/\/www.uoh.cl\/instituto-de-ciencias-de-la-educacion\/wp-json\/wp\/v2\/comments?post=2854"}],"version-history":[{"count":0,"href":"https:\/\/www.uoh.cl\/instituto-de-ciencias-de-la-educacion\/wp-json\/wp\/v2\/posts\/2854\/revisions"}],"wp:featuredmedia":[{"embeddable":true,"href":"https:\/\/www.uoh.cl\/instituto-de-ciencias-de-la-educacion\/wp-json\/wp\/v2\/media\/2855"}],"wp:attachment":[{"href":"https:\/\/www.uoh.cl\/instituto-de-ciencias-de-la-educacion\/wp-json\/wp\/v2\/media?parent=2854"}],"wp:term":[{"taxonomy":"category","embeddable":true,"href":"https:\/\/www.uoh.cl\/instituto-de-ciencias-de-la-educacion\/wp-json\/wp\/v2\/categories?post=2854"},{"taxonomy":"post_tag","embeddable":true,"href":"https:\/\/www.uoh.cl\/instituto-de-ciencias-de-la-educacion\/wp-json\/wp\/v2\/tags?post=2854"}],"curies":[{"name":"wp","href":"https:\/\/api.w.org\/{rel}","templated":true}]}}