
{"id":2669,"date":"2023-05-11T17:34:43","date_gmt":"2023-05-11T20:34:43","guid":{"rendered":"https:\/\/www.uoh.cl\/instituto-de-ciencias-de-la-educacion\/2023\/05\/11\/institutos-de-investigacion-uoh-tienen-nuevos-directores\/"},"modified":"2023-05-11T17:36:59","modified_gmt":"2023-05-11T20:36:59","slug":"institutos-de-investigacion-uoh-tienen-nuevos-directores","status":"publish","type":"post","link":"https:\/\/www.uoh.cl\/instituto-de-ciencias-de-la-educacion\/2023\/05\/11\/institutos-de-investigacion-uoh-tienen-nuevos-directores\/","title":{"rendered":"Institutos de investigaci\u00f3n UOH tienen nuevos directores"},"content":{"rendered":"<div class=\"wpb-content-wrapper\"><p>[vc_section el_class=&#8221;container mx-auto align-items-center circle&#8211;pattern&#8221; css=&#8221;.vc_custom_1648956589196{padding-top: 3rem !important;}&#8221;][vc_row][vc_column]<div class=\"breadcrumb\"><ol itemscope itemtype=\"https:\/\/schema.org\/BreadcrumbList\"><li itemprop=\"itemListElement\" itemscope itemtype=\"https:\/\/schema.org\/ListItem\"><a itemprop=\"item\" href=\"http:\/\/www.uoh.cl\"><span itemprop=\"name\">Inicio<\/span><\/a><meta itemprop=\"position\" content=\"1\" \/><li itemprop=\"itemListElement\" itemscope itemtype=\"https:\/\/schema.org\/ListItem\"><a itemprop=\"item\" href=\"https:\/\/www.uoh.cl\/instituto-de-ciencias-de-la-educacion\"><span itemprop=\"name\">Instituto de Ciencias de la Educaci\u00f3n<\/span><\/a><meta itemprop=\"position\" content=\"2\" \/><li itemprop=\"itemListElement\" itemscope itemtype=\"https:\/\/schema.org\/ListItem\"><a itemprop=\"item\" href=\"https:\/\/www.uoh.cl\/instituto-de-ciencias-de-la-educacion\/noticias\/\"><span itemprop=\"name\">Noticias<\/span><\/a><meta itemprop=\"position\" content=\"3\" \/><li itemprop=\"itemListElement\" itemscope itemtype=\"https:\/\/schema.org\/ListItem\"><span itemprop=\"name\">Institutos de investigaci\u00f3n UOH tienen nuevos directores <\/span><meta itemprop=\"position\" content=\"4\" \/><\/ol><\/div><ul class=\"p-0 list-style-none d-inline-block\"><li class=\"p-0\"><a href=https:\/\/www.uoh.cl\/instituto-de-ciencias-de-la-educacion\/category\/institucional\/ class=\"px-1 py-2\">Institucional<\/a><\/li><\/ul><div class=\"date_publish_post\"> \u25cf Jue 11 de Mayo 2023<\/div><div class=\"uoh_title_component-container\"><h1 class=\"title title--ms d-inline-block title--decorator  big\">Institutos de investigaci\u00f3n UOH tienen nuevos directores<\/h1><\/div>[vc_row_inner el_class=&#8221;border-separator m-0&#8243;][vc_column_inner width=&#8221;2\/3&#8243;]<div class=\"author_wp_class\"> Escrito por <span>Rosa Figueroa<\/span><\/div>[\/vc_column_inner][vc_column_inner el_class=&#8221;align-items-end-publish&#8221; width=&#8221;1\/3&#8243;]<div class=\"uoh_social_network_component uoh_row col-12 justify-content-end m-0 p-0\"> <div class=\"icon__facebook-share-button\">\n                       <a href=\"https:\/\/www.facebook.com\/sharer\/sharer.php?u=https:\/\/www.uoh.cl\/instituto-de-ciencias-de-la-educacion\/2023\/05\/11\/institutos-de-investigacion-uoh-tienen-nuevos-directores\/\" target=\"_blank\"> <div class=\"icon__facebook-svg\"><svg version=\"1.1\" xmlns=\"http:\/\/www.w3.org\/2000\/svg\" xmlns:xlink=\"http:\/\/www.w3.org\/1999\/xlink\" x=\"0px\" y=\"0px\" width=\"22.4px\" height=\"48.3px\" viewBox=\"0 0 22.4 48.3\" style=\"overflow:visible;enable-background:new 0 0 22.4 48.3;\" xml:space=\"preserve\">\n                <defs>\n                <\/defs>\n                <path class=\"st0\" d=\"M22.4,15.6h-7.6v-5c0-1.9,1.2-2.3,2.1-2.3c0.9,0,5.4,0,5.4,0V0l-7.4,0C6.6,0,4.8,6.2,4.8,10.1v5.5H0v8.5h4.8\n                    c0,10.9,0,24.1,0,24.1h10c0,0,0-13.3,0-24.1h6.8L22.4,15.6z\"><\/path>\n                <\/svg><\/a><\/div>\n                    <\/div><div class=\"icon__twitter-share-button\">\n                        <div class=\"icon__twitter-svg\"><a target=\"_blank\" href=\"http:\/\/twitter.com\/share?url=https:\/\/www.uoh.cl\/instituto-de-ciencias-de-la-educacion\/2023\/05\/11\/institutos-de-investigacion-uoh-tienen-nuevos-directores\/\"><svg xmlns=\"http:\/\/www.w3.org\/2000\/svg\" height=\"1em\" viewBox=\"0 0 512 512\"><!--! Font Awesome Free 6.4.2 by @fontawesome - https:\/\/fontawesome.com License - https:\/\/fontawesome.com\/license (Commercial License) Copyright 2023 Fonticons, Inc. --><path d=\"M389.2 48h70.6L305.6 224.2 487 464H345L233.7 318.6 106.5 464H35.8L200.7 275.5 26.8 48H172.4L272.9 180.9 389.2 48zM364.4 421.8h39.1L151.1 88h-42L364.4 421.8z\"\/><\/svg><\/a><\/div>\n                        <\/div><div class=\"icon__linkedin-share-button\">\n                        <div class=\"icon__linkedin-svg\">\n                        <a target=\"__blank\" href=\"https:\/\/www.linkedin.com\/sharing\/share-offsite\/?url=https:\/\/www.uoh.cl\/instituto-de-ciencias-de-la-educacion\/2023\/05\/11\/institutos-de-investigacion-uoh-tienen-nuevos-directores\/\"><svg enable-background=\"new 0 0 100 100\" height=\"100px\" id=\"Layer_1\" version=\"1.1\" viewBox=\"0 0 100 100\" width=\"100px\" xml:space=\"preserve\" xmlns=\"http:\/\/www.w3.org\/2000\/svg\" xmlns:xlink=\"http:\/\/www.w3.org\/1999\/xlink\"><g><circle cx=\"50\" cy=\"50\" fill=\"#ccc\" r=\"45\"\/><g id=\"LinkedIn_1_\"><rect fill=\"#FFFFFF\" height=\"24.361\" width=\"7.69\" x=\"31.271\" y=\"43.569\"\/><path d=\"M59.968,43.334c-4.406,0-7.165,2.387-7.677,4.058v-3.823h-8.636c0.109,2.03,0,24.361,0,24.361h8.636    V54.748c0-0.733-0.034-1.465,0.19-1.991c0.594-1.464,1.869-2.985,4.162-2.985c2.998,0,4.361,2.253,4.361,5.552V67.93h8.721V54.384    C69.726,46.839,65.432,43.334,59.968,43.334z\" fill=\"#FFFFFF\"\/><path d=\"M34.973,32.069c-2.839,0-4.696,1.823-4.696,4.229c0,2.361,1.804,4.224,4.589,4.224h0.054    c2.891,0,4.69-1.869,4.69-4.229C39.555,33.888,37.81,32.069,34.973,32.069z\" fill=\"#FFFFFF\"\/><\/g><\/g><\/svg><\/a><\/div>\n\n            <\/div><\/div>[\/vc_column_inner][\/vc_row_inner][vc_single_image image=&#8221;18854&#8243; img_size=&#8221;full&#8221; add_caption=&#8221;yes&#8221; alignment=&#8221;center&#8221; onclick=&#8221;custom_link&#8221;][vc_column_text]\u00a0[\/vc_column_text][vc_column_text]<\/p>\n<ul>\n<li><em>Valentina Giaconi (ICED), Andrea Canales (ICSO), Rodrigo Contreras (ICA3) y Pablo Guti\u00e9rrez (ICI) tomaron posesi\u00f3n de sus respectivos cargos tras las hist\u00f3ricas primeras elecciones.<\/em><\/li>\n<\/ul>\n<p>[\/vc_column_text][vc_column_text]\u00a0[\/vc_column_text][vc_column_text]Con las ceremonias de cambio de mando en los institutos de ciencias de la Educaci\u00f3n, Sociales, Ingenier\u00eda e ICA3, comenz\u00f3 un nuevo periodo para la investigaci\u00f3n en la Universidad de O\u2019Higgins, en el cual, por primera vez, alrededor de 100 acad\u00e9micos\/as \u2013pertenecientes a los 5 institutos de investigaci\u00f3n- pudieron elegir democr\u00e1ticamente a su m\u00e1xima autoridad, quienes tendr\u00e1n dos a\u00f1os para ejercer sus cargos, con la posibilidad de reelecci\u00f3n (por un periodo m\u00e1s).<\/p>\n<p>Se trata de los acad\u00e9micos Valentina Giaconi, en Educaci\u00f3n; Andrea Canales, en Ciencias Sociales; Rodrigo Contreras, en ICA3; Pablo Guti\u00e9rrez, en Ingenier\u00eda quienes asumieron sus respectivas direcciones de instituto. Para el Instituto de Ciencias de la Salud, el cambio al acad\u00e9mico electo, Bernardo Krause se realizar\u00e1 en la primera semana de junio.<\/p>\n<p>\u201cEsta semana estamos procediendo a los cambios de mando. Hasta aqu\u00ed, como se sabe, los directores fueron designados por m\u00ed, personas de mi confianza y, a partir de hoy, cada instituto va a contar con un director electo por todos los acad\u00e9micos y acad\u00e9micas. Es un hito muy importante para la Universidad y por ello estoy muy satisfecho. Adem\u00e1s, las directoras y directores electos, desde mi modesto punto de vista, son fant\u00e1sticos. Me sorprend\u00ed gratamente al saber qui\u00e9nes hab\u00edan sido electos\u201d, puntualiz\u00f3 el Rector de la Universidad de O\u2019Higgins, Rafael Correa Fontecilla.<\/p>\n<p>&nbsp;<\/p>\n<p>[\/vc_column_text][\/vc_column][\/vc_row][vc_row][vc_column width=&#8221;2\/3&#8243;]<div class=\"uoh_title_component-container\"><h2 class=\"title title--ms d-inline-block medium\">Valentina Giaconi, directora del Instituto de Ciencias de la Educaci\u00f3n:<\/h2><\/div>[vc_column_text]<em>\u201cEl principal objetivo del instituto es hacer investigaci\u00f3n en educaci\u00f3n. As\u00ed que nuestra prioridad ser\u00e1 siempre desarrollar y potenciar nuestra investigaci\u00f3n. Quiero continuar con el trabajo realizado por nuestra anterior directora y me gustar\u00eda articular de mejor forma con otras unidades de la Universidad y as\u00ed promover mejor nuestra investigaci\u00f3n\u201d.<\/em><\/p>\n<p>&nbsp;<\/p>\n<p>[\/vc_column_text][\/vc_column][vc_column width=&#8221;1\/3&#8243;][vc_single_image image=&#8221;18838&#8243; img_size=&#8221;300&#215;300&#8243;][vc_column_text]<\/p>\n<p>&nbsp;<\/p>\n<p>&nbsp;<\/p>\n<p>[\/vc_column_text][\/vc_column][\/vc_row][vc_row][vc_column width=&#8221;2\/3&#8243;]<div class=\"uoh_title_component-container\"><h2 class=\"title title--ms d-inline-block medium\">Andrea Canales, directora del Instituto de Ciencias Sociales:<\/h2><\/div>[vc_column_text]<em>\u201cTenemos varios desaf\u00edos. En primer lugar, debemos replantearnos y definir nuestras l\u00edneas de investigaci\u00f3n, hacia d\u00f3nde queremos apuntar. Somos un instituto en esencia multidisciplinario, entonces hay que aunar criterios y dirigir el rumbo hacia qu\u00e9 \u00e1reas vamos a potenciar y c\u00f3mo trabajaremos. Adem\u00e1s, trabajar r\u00e1pidamente en programas de postgrado y ver c\u00f3mo nos vinculamos desde el instituto con nuestra regi\u00f3n y damos respuestas a los problemas que enfrenta el territorio desde las ciencias sociales\u201d.<\/em><\/p>\n<p>[\/vc_column_text][\/vc_column][vc_column width=&#8221;1\/3&#8243;][vc_single_image image=&#8221;18845&#8243; img_size=&#8221;300&#215;300&#8243;][vc_column_text]<\/p>\n<p>[\/vc_column_text][\/vc_column][\/vc_row][vc_row][vc_column width=&#8221;2\/3&#8243;]<div class=\"uoh_title_component-container\"><h2 class=\"title title--ms d-inline-block medium\">Rodrigo Contreras, director del Instituto de Ciencias Agroalimentarias, Animales y Ambientales:<\/h2><\/div>[vc_column_text]<em>\u201cDentro de los principales desaf\u00edos est\u00e1 crecer en investigaci\u00f3n y potenciar las distintas \u00e1reas de nuestro Instituto, de manera de consolidarlas. Adem\u00e1s, se vienen nuevos proyectos que nos permitir\u00e1n crecer en infraestructura. Adicionalmente, uno de los grandes desaf\u00edos es crecer en las normativas que se van a desarrollar en torno a esta nueva gobernanza del Consejo de Instituto, que ha sido ya conformado por parte de ICA3 y comunicado a nuestras autoridades. Este Consejo viene a potenciar tambi\u00e9n la investigaci\u00f3n y a impulsar el plan de desarrollo de nuestro instituto, que esperamos est\u00e9 en constante comunicaci\u00f3n con las distintas organizaciones que conforman nuestra regi\u00f3n, con las comunidades rurales y las instituciones p\u00fablicas y privadas que realizan investigaci\u00f3n, que son un importante aliado para nuestro instituto\u201d.<\/em><\/p>\n<p>&nbsp;<\/p>\n<p>[\/vc_column_text][\/vc_column][vc_column width=&#8221;1\/3&#8243;][vc_single_image image=&#8221;18847&#8243; img_size=&#8221;300&#215;300&#8243;][vc_column_text]<\/p>\n<p>&nbsp;<\/p>\n<p>[\/vc_column_text][\/vc_column][\/vc_row][vc_row][vc_column width=&#8221;2\/3&#8243;]<div class=\"uoh_title_component-container\"><h2 class=\"title title--ms d-inline-block medium\">Pablo Guti\u00e9rrez, director del Instituto de Ciencias de la Ingenier\u00eda:<\/h2><\/div>[vc_column_text]<em>\u201cEs un momento bien importante para la Universidad y para el Instituto, de cambiar un poco la forma de trabajo y llevarla a una manera m\u00e1s participativa, m\u00e1s democr\u00e1tica. Ese es nuestro primer desaf\u00edo, especialmente en la instalaci\u00f3n del Consejo de Instituto. El desaf\u00edo general es velar por el buen desarrollo de la investigaci\u00f3n en el instituto, en todas sus \u00e1reas. Necesitamos mejorar algunas condiciones para el desarrollo de ese trabajo. Viene adem\u00e1s el gran desaf\u00edo del Campus Rengo, algo que quiz\u00e1 no va a ocurrir en este periodo, pero s\u00ed debemos ir preparando el camino hacia all\u00e1. Otro desaf\u00edo es aumentar la presencia de acad\u00e9micas en el instituto, tenemos que buscar las maneras de abordarlo. Y, por \u00faltimo, debemos mejorar la conexi\u00f3n con nuestro entorno, con los actores regionales importantes en temas de desarrollo tecnol\u00f3gico y de innovaci\u00f3n\u201d.<\/em><\/p>\n<p>&nbsp;<\/p>\n<p>[\/vc_column_text][\/vc_column][vc_column width=&#8221;1\/3&#8243;][vc_single_image image=&#8221;18849&#8243; img_size=&#8221;300&#215;300&#8243;][vc_column_text]<\/p>\n<p>&nbsp;<\/p>\n<p>[\/vc_column_text][\/vc_column][\/vc_row][vc_row][vc_column width=&#8221;2\/3&#8243;]<div class=\"uoh_title_component-container\"><h2 class=\"title title--ms d-inline-block medium\">Bernardo Krause, director del Instituto de Ciencias de la Salud:<\/h2><\/div>[vc_column_text]<em>\u201cQueremos, por un lado, estandarizar los procesos administrativos que permitan desarrollar a la vez las actividades de investigaci\u00f3n que nos caracterizan como instituto y, por otra parte, potenciar el desarrollo de las distintas l\u00edneas de investigaci\u00f3n atacando cu\u00e1les son los problemas o los escollos espec\u00edficos que tienen nuestros colegas en torno a la presentaci\u00f3n de proyectos y su productividad en investigaci\u00f3n\u201d. <\/em><\/p>\n<p>&nbsp;<\/p>\n<p>[\/vc_column_text][\/vc_column][vc_column width=&#8221;1\/3&#8243;][vc_single_image image=&#8221;18850&#8243; img_size=&#8221;300&#215;300&#8243;][vc_column_text]<\/p>\n<p>&nbsp;<\/p>\n<p>[\/vc_column_text][\/vc_column][\/vc_row][\/vc_section][vc_section css=&#8221;.vc_custom_1650255686594{background-color: #f6faff !important;}&#8221; el_class=&#8221;p-md-0 pt-md-5&#8243;][vc_row el_class=&#8221;container mx-auto align-items-center p-md-0 pt-5 pb-5&#8243;][vc_column el_class=&#8221;pb-5&#8243;][vc_row_inner el_class=&#8221;pb-5&#8243;][vc_column_inner]<div class=\"row m-0 p-0\"><div class=\"col-12 col-md-9 pt-5 pt-md-0\"><h2 class=\"title title--decorator title--ms d-inline-block\">Te Recomendamos<\/h2><\/div><\/div><div class=\"content-holder\"><div class=\"row  swipper-news-list not--activate-hack \"><div class=\"row -wrapper\"><div class=\"  col-sm-6 col-md-4 img-article\">\n                                        <div class=\"content-news-display row m-0 p-0\"><div class=\"holder p-0 \"><div class=\"img-wrap img-wrap-news\">\n                                        <div class=\"caption__news-category\">\n                                        <a href=\"https:\/\/www.uoh.cl\/instituto-de-ciencias-de-la-educacion\/category\/educacion\/\">\n                                        Educaci\u00f3n<\/a><\/div><img decoding=\"async\" class=\"w-100 h-100 lazyload\" data-src=\"https:\/\/www.uoh.cl\/instituto-de-ciencias-de-la-educacion\/wp-content\/uploads\/sites\/13\/2026\/04\/Convivencia-escolar.jpg\" alt=\"Conflicto no es violencia: claves para abordar la convivencia escolar m\u00e1s all\u00e1 del castigo\" style=\"--smush-placeholder-width: 1201px; --smush-placeholder-aspect-ratio: 1201\/800;object-fit: cover; object-position: center;\" src=\"data:image\/svg+xml;base64,PHN2ZyB3aWR0aD0iMSIgaGVpZ2h0PSIxIiB4bWxucz0iaHR0cDovL3d3dy53My5vcmcvMjAwMC9zdmciPjwvc3ZnPg==\"><\/div><\/div><div class=\"caption py-3 caption__news py-md-3 pb-md-5\">\n                                    <span class=\"caption__date\">Jueves 16, Abril<\/span>\n                                     <a href=\"https:\/\/www.uoh.cl\/instituto-de-ciencias-de-la-educacion\/2026\/04\/16\/conflicto-no-es-violencia-claves-para-abordar-la-convivencia-escolar-mas-alla-del-castigo\/\">\n                                    <h3 class=\"small-space\">Conflicto no es violencia: claves para abordar la convivencia escolar m\u00e1s all\u00e1 del castigo<\/h3><\/a>\n\n                                    <p>Acad\u00e9mica advierte que centrarse solo en sanciones no resuelve la violencia en escuelas y plantea la urgencia de fortalecer enfoques formativos que promuevan el di\u00e1logo, la confianza y la convivencia democr\u00e1tica.<\/p>\n                                    <a class=\"link link--bold mt-md-3\" href=\"https:\/\/www.uoh.cl\/instituto-de-ciencias-de-la-educacion\/2026\/04\/16\/conflicto-no-es-violencia-claves-para-abordar-la-convivencia-escolar-mas-alla-del-castigo\/\">Saber m\u00e1s <span class=\"icon icon--inline icon--link\"><svg version=\"1.1\" xmlns=\"http:\/\/www.w3.org\/2000\/svg\" xmlns:xlink=\"http:\/\/www.w3.org\/1999\/xlink\" x=\"0px\" y=\"0px\" width=\"22px\"height=\"22px\" viewBox=\"0 0 22 22\" style=\"overflow:visible;enable-background:new 0 0 80 64.6;\" xml:space=\"preserve\"><g clip-path=\"url(#acA)\"><path fill-rule=\"evenodd\" d=\"M21.913 11.266a.93.93 0 000-.711c-.022-.056-.063-.097-.091-.144s-.053-.103-.097-.15L12.306.294c-.357-.379-.955-.394-1.334-.038s-.394.955-.038 1.334l7.917 8.374H.927a.95.95 0 00-.908.983.946.946 0 00.908.908h17.924l-8.089 8.552c-.357.379-.341.977.034 1.334s.977.341 1.334-.034l9.594-10.148c.044-.044.063-.1.097-.15.028-.047.069-.088.091-.141z\"\/><\/g><defs><clipPath id=\"acA\"><path fill=\"#fff\" d=\"M0 0h22v22H0z\"\/><\/clipPath><\/defs><\/svg><\/span><\/a><\/div><\/div><\/div><div class=\"  col-sm-6 col-md-4 img-article\">\n                                        <div class=\"content-news-display row m-0 p-0\"><div class=\"holder p-0 \"><div class=\"img-wrap img-wrap-news\">\n                                        <div class=\"caption__news-category\">\n                                        <a href=\"https:\/\/www.uoh.cl\/instituto-de-ciencias-de-la-educacion\/category\/cuech\/\">\n                                        CUECH<\/a><\/div><img decoding=\"async\" class=\"w-100 h-100 lazyload\" data-src=\"https:\/\/www.uoh.cl\/instituto-de-ciencias-de-la-educacion\/wp-content\/uploads\/sites\/13\/2026\/04\/DSC_2431-scaled.jpg\" alt=\"Universidades estatales sellan hoja de ruta 2030: Red Desarrollo Sustentable entra en fase de consolidaci\u00f3n\" style=\"--smush-placeholder-width: 2560px; --smush-placeholder-aspect-ratio: 2560\/1707;object-fit: cover; object-position: center;\" src=\"data:image\/svg+xml;base64,PHN2ZyB3aWR0aD0iMSIgaGVpZ2h0PSIxIiB4bWxucz0iaHR0cDovL3d3dy53My5vcmcvMjAwMC9zdmciPjwvc3ZnPg==\"><\/div><\/div><div class=\"caption py-3 caption__news py-md-3 pb-md-5\">\n                                    <span class=\"caption__date\">Mi\u00e9rcoles 15, Abril<\/span>\n                                     <a href=\"https:\/\/www.uoh.cl\/instituto-de-ciencias-de-la-educacion\/2026\/04\/15\/universidades-estatales-sellan-hoja-de-ruta-2030-red-desarrollo-sustentable-entra-en-fase-de-consolidacion\/\">\n                                    <h3 class=\"small-space\">Universidades estatales sellan hoja de ruta 2030: Red Desarrollo Sustentable entra en fase de consolidaci\u00f3n<\/h3><\/a>\n\n                                    <p>En el Plenario realizado en la Universidad de O'Higgins, los 18 planteles p\u00fablicos definieron sus metas estrat\u00e9gicas para el periodo 2026-2030. El plan priorizar\u00e1 la institucionalizaci\u00f3n de capacidades, un diplomado para organismos p\u00fablicos y la medici\u00f3n de la huella h\u00eddrica en los campus.<\/p>\n                                    <a class=\"link link--bold mt-md-3\" href=\"https:\/\/www.uoh.cl\/instituto-de-ciencias-de-la-educacion\/2026\/04\/15\/universidades-estatales-sellan-hoja-de-ruta-2030-red-desarrollo-sustentable-entra-en-fase-de-consolidacion\/\">Saber m\u00e1s <span class=\"icon icon--inline icon--link\"><svg version=\"1.1\" xmlns=\"http:\/\/www.w3.org\/2000\/svg\" xmlns:xlink=\"http:\/\/www.w3.org\/1999\/xlink\" x=\"0px\" y=\"0px\" width=\"22px\"height=\"22px\" viewBox=\"0 0 22 22\" style=\"overflow:visible;enable-background:new 0 0 80 64.6;\" xml:space=\"preserve\"><g clip-path=\"url(#acA)\"><path fill-rule=\"evenodd\" d=\"M21.913 11.266a.93.93 0 000-.711c-.022-.056-.063-.097-.091-.144s-.053-.103-.097-.15L12.306.294c-.357-.379-.955-.394-1.334-.038s-.394.955-.038 1.334l7.917 8.374H.927a.95.95 0 00-.908.983.946.946 0 00.908.908h17.924l-8.089 8.552c-.357.379-.341.977.034 1.334s.977.341 1.334-.034l9.594-10.148c.044-.044.063-.1.097-.15.028-.047.069-.088.091-.141z\"\/><\/g><defs><clipPath id=\"acA\"><path fill=\"#fff\" d=\"M0 0h22v22H0z\"\/><\/clipPath><\/defs><\/svg><\/span><\/a><\/div><\/div><\/div><div class=\"  col-sm-6 col-md-4 img-article\">\n                                        <div class=\"content-news-display row m-0 p-0\"><div class=\"holder p-0 \"><div class=\"img-wrap img-wrap-news\">\n                                        <div class=\"caption__news-category\">\n                                        <a href=\"https:\/\/www.uoh.cl\/instituto-de-ciencias-de-la-educacion\/category\/investigacion\/\">\n                                        Investigaci\u00f3n<\/a><\/div><img decoding=\"async\" class=\"w-100 h-100 lazyload\" data-src=\"https:\/\/www.uoh.cl\/instituto-de-ciencias-de-la-educacion\/wp-content\/uploads\/sites\/13\/2026\/04\/DSC_2212-scaled.jpg\" alt=\"UOH lanza serie audiovisual para visibilizar el aporte de sus investigadoras al desarrollo del territorio\" style=\"--smush-placeholder-width: 2560px; --smush-placeholder-aspect-ratio: 2560\/1440;object-fit: cover; object-position: center;\" src=\"data:image\/svg+xml;base64,PHN2ZyB3aWR0aD0iMSIgaGVpZ2h0PSIxIiB4bWxucz0iaHR0cDovL3d3dy53My5vcmcvMjAwMC9zdmciPjwvc3ZnPg==\"><\/div><\/div><div class=\"caption py-3 caption__news py-md-3 pb-md-5\">\n                                    <span class=\"caption__date\">Mi\u00e9rcoles 1, Abril<\/span>\n                                     <a href=\"https:\/\/www.uoh.cl\/instituto-de-ciencias-de-la-educacion\/2026\/04\/01\/uoh-lanza-serie-audiovisual-para-visibilizar-el-aporte-de-sus-investigadoras-al-desarrollo-del-territorio\/\">\n                                    <h3 class=\"small-space\">UOH lanza serie audiovisual para visibilizar el aporte de sus investigadoras al desarrollo del territorio<\/h3><\/a>\n\n                                    <p>La iniciativa, impulsada por el proyecto InES G\u00e9nero UOH, contempla cinco episodios que relevan las trayectorias y el impacto de mujeres en la investigaci\u00f3n, desarrollo, innovaci\u00f3n y emprendimiento.<\/p>\n                                    <a class=\"link link--bold mt-md-3\" href=\"https:\/\/www.uoh.cl\/instituto-de-ciencias-de-la-educacion\/2026\/04\/01\/uoh-lanza-serie-audiovisual-para-visibilizar-el-aporte-de-sus-investigadoras-al-desarrollo-del-territorio\/\">Saber m\u00e1s <span class=\"icon icon--inline icon--link\"><svg version=\"1.1\" xmlns=\"http:\/\/www.w3.org\/2000\/svg\" xmlns:xlink=\"http:\/\/www.w3.org\/1999\/xlink\" x=\"0px\" y=\"0px\" width=\"22px\"height=\"22px\" viewBox=\"0 0 22 22\" style=\"overflow:visible;enable-background:new 0 0 80 64.6;\" xml:space=\"preserve\"><g clip-path=\"url(#acA)\"><path fill-rule=\"evenodd\" d=\"M21.913 11.266a.93.93 0 000-.711c-.022-.056-.063-.097-.091-.144s-.053-.103-.097-.15L12.306.294c-.357-.379-.955-.394-1.334-.038s-.394.955-.038 1.334l7.917 8.374H.927a.95.95 0 00-.908.983.946.946 0 00.908.908h17.924l-8.089 8.552c-.357.379-.341.977.034 1.334s.977.341 1.334-.034l9.594-10.148c.044-.044.063-.1.097-.15.028-.047.069-.088.091-.141z\"\/><\/g><defs><clipPath id=\"acA\"><path fill=\"#fff\" d=\"M0 0h22v22H0z\"\/><\/clipPath><\/defs><\/svg><\/span><\/a><\/div><\/div><\/div><\/div><\/div><\/div><div class=\"pagination justify-content-center my-5\"><span aria-current=\"page\" class=\"page-numbers current\">1<\/span>\n<a class=\"page-numbers\" href=\"https:\/\/www.uoh.cl\/instituto-de-ciencias-de-la-educacion\/wp-json\/wp\/v2\/posts\/2669\/\/page\/2\">2<\/a>\n<a class=\"page-numbers\" href=\"https:\/\/www.uoh.cl\/instituto-de-ciencias-de-la-educacion\/wp-json\/wp\/v2\/posts\/2669\/\/page\/3\">3<\/a>\n<span class=\"page-numbers dots\">&hellip;<\/span>\n<a class=\"page-numbers\" href=\"https:\/\/www.uoh.cl\/instituto-de-ciencias-de-la-educacion\/wp-json\/wp\/v2\/posts\/2669\/\/page\/111\">111<\/a>\n<a class=\"next page-numbers\" href=\"https:\/\/www.uoh.cl\/instituto-de-ciencias-de-la-educacion\/wp-json\/wp\/v2\/posts\/2669\/\/page\/2\"><div class=\"icon-pagination-next\"> <?xml version=\"1.0\" ?><svg viewBox=\"0 0 96 96\" xmlns=\"http:\/\/www.w3.org\/2000\/svg\"><title\/><path d=\"M39.3756,48.0022l30.47-25.39a6.0035,6.0035,0,0,0-7.6878-9.223L26.1563,43.3906a6.0092,6.0092,0,0,0,0,9.2231L62.1578,82.615a6.0035,6.0035,0,0,0,7.6878-9.2231Z\"\/><\/svg> <\/div><\/a><\/div>[\/vc_column_inner][\/vc_row_inner][\/vc_column][\/vc_row][\/vc_section]<\/p>\n<\/div>","protected":false},"excerpt":{"rendered":"<p>Valentina Giaconi (ICED), Andrea Canales (ICSO), Rodrigo Contreras (ICA3) y Pablo Guti\u00e9rrez (ICI) tomaron posesi\u00f3n de sus respectivos cargos tras las hist\u00f3ricas primeras elecciones.<\/p>\n","protected":false},"author":23,"featured_media":2672,"comment_status":"open","ping_status":"open","sticky":false,"template":"","format":"standard","meta":{"_acf_changed":false,"footnotes":""},"categories":[21],"tags":[],"class_list":["post-2669","post","type-post","status-publish","format-standard","has-post-thumbnail","hentry","category-institucional"],"acf":[],"yoast_head":"<!-- This site is optimized with the Yoast SEO plugin v26.6 - https:\/\/yoast.com\/wordpress\/plugins\/seo\/ -->\n<title>Institutos de investigaci\u00f3n UOH tienen nuevos directores - Instituto de Ciencias de la Educaci\u00f3n<\/title>\n<meta name=\"description\" content=\"Valentina Giaconi (ICED), Andrea Canales (ICSO), Rodrigo Contreras (ICA3) y Pablo Guti\u00e9rrez (ICI) tomaron posesi\u00f3n de sus respectivos cargos tras las hist\u00f3ricas primeras elecciones.\" \/>\n<meta name=\"robots\" content=\"noindex, nofollow\" \/>\n<meta property=\"og:locale\" content=\"es_ES\" \/>\n<meta property=\"og:type\" content=\"article\" \/>\n<meta property=\"og:title\" content=\"Institutos de investigaci\u00f3n UOH tienen nuevos directores - Instituto de Ciencias de la Educaci\u00f3n\" \/>\n<meta property=\"og:description\" content=\"Valentina Giaconi (ICED), Andrea Canales (ICSO), Rodrigo Contreras (ICA3) y Pablo Guti\u00e9rrez (ICI) tomaron posesi\u00f3n de sus respectivos cargos tras las hist\u00f3ricas primeras elecciones.\" \/>\n<meta property=\"og:url\" content=\"https:\/\/www.uoh.cl\/instituto-de-ciencias-de-la-educacion\/2023\/05\/11\/institutos-de-investigacion-uoh-tienen-nuevos-directores\/\" \/>\n<meta property=\"og:site_name\" content=\"Instituto de Ciencias de la Educaci\u00f3n\" \/>\n<meta property=\"article:published_time\" content=\"2023-05-11T20:34:43+00:00\" \/>\n<meta property=\"article:modified_time\" content=\"2023-05-11T20:36:59+00:00\" \/>\n<meta property=\"og:image\" content=\"https:\/\/www.uoh.cl\/instituto-de-ciencias-de-la-educacion\/wp-content\/uploads\/sites\/13\/2023\/05\/Directoresas-Institutos.png\" \/>\n\t<meta property=\"og:image:width\" content=\"1000\" \/>\n\t<meta property=\"og:image:height\" content=\"1000\" \/>\n\t<meta property=\"og:image:type\" content=\"image\/png\" \/>\n<meta name=\"author\" content=\"Rosa Figueroa\" \/>\n<meta name=\"twitter:card\" content=\"summary_large_image\" \/>\n<meta name=\"twitter:label1\" content=\"Escrito por\" \/>\n\t<meta name=\"twitter:data1\" content=\"Rosa Figueroa\" \/>\n\t<meta name=\"twitter:label2\" content=\"Tiempo estimado de lectura\" \/>\n\t<meta name=\"twitter:data2\" content=\"4 minutos\" \/>\n<script type=\"application\/ld+json\" class=\"yoast-schema-graph\">{\"@context\":\"https:\/\/schema.org\",\"@graph\":[{\"@type\":\"WebPage\",\"@id\":\"https:\/\/www.uoh.cl\/instituto-de-ciencias-de-la-educacion\/2023\/05\/11\/institutos-de-investigacion-uoh-tienen-nuevos-directores\/\",\"url\":\"https:\/\/www.uoh.cl\/instituto-de-ciencias-de-la-educacion\/2023\/05\/11\/institutos-de-investigacion-uoh-tienen-nuevos-directores\/\",\"name\":\"Institutos de investigaci\u00f3n UOH tienen nuevos directores - Instituto de Ciencias de la Educaci\u00f3n\",\"isPartOf\":{\"@id\":\"https:\/\/www.uoh.cl\/instituto-de-ciencias-de-la-educacion\/#website\"},\"primaryImageOfPage\":{\"@id\":\"https:\/\/www.uoh.cl\/instituto-de-ciencias-de-la-educacion\/2023\/05\/11\/institutos-de-investigacion-uoh-tienen-nuevos-directores\/#primaryimage\"},\"image\":{\"@id\":\"https:\/\/www.uoh.cl\/instituto-de-ciencias-de-la-educacion\/2023\/05\/11\/institutos-de-investigacion-uoh-tienen-nuevos-directores\/#primaryimage\"},\"thumbnailUrl\":\"https:\/\/www.uoh.cl\/instituto-de-ciencias-de-la-educacion\/wp-content\/uploads\/sites\/13\/2023\/05\/Directoresas-Institutos.png\",\"datePublished\":\"2023-05-11T20:34:43+00:00\",\"dateModified\":\"2023-05-11T20:36:59+00:00\",\"author\":{\"@id\":\"https:\/\/www.uoh.cl\/instituto-de-ciencias-de-la-educacion\/#\/schema\/person\/82faaeee466d58369bc37e08dcf84a32\"},\"description\":\"Valentina Giaconi (ICED), Andrea Canales (ICSO), Rodrigo Contreras (ICA3) y Pablo Guti\u00e9rrez (ICI) tomaron posesi\u00f3n de sus respectivos cargos tras las hist\u00f3ricas primeras elecciones.\",\"inLanguage\":\"es-CL\",\"potentialAction\":[{\"@type\":\"ReadAction\",\"target\":[\"https:\/\/www.uoh.cl\/instituto-de-ciencias-de-la-educacion\/2023\/05\/11\/institutos-de-investigacion-uoh-tienen-nuevos-directores\/\"]}]},{\"@type\":\"ImageObject\",\"inLanguage\":\"es-CL\",\"@id\":\"https:\/\/www.uoh.cl\/instituto-de-ciencias-de-la-educacion\/2023\/05\/11\/institutos-de-investigacion-uoh-tienen-nuevos-directores\/#primaryimage\",\"url\":\"https:\/\/www.uoh.cl\/instituto-de-ciencias-de-la-educacion\/wp-content\/uploads\/sites\/13\/2023\/05\/Directoresas-Institutos.png\",\"contentUrl\":\"https:\/\/www.uoh.cl\/instituto-de-ciencias-de-la-educacion\/wp-content\/uploads\/sites\/13\/2023\/05\/Directoresas-Institutos.png\",\"width\":1000,\"height\":1000},{\"@type\":\"WebSite\",\"@id\":\"https:\/\/www.uoh.cl\/instituto-de-ciencias-de-la-educacion\/#website\",\"url\":\"https:\/\/www.uoh.cl\/instituto-de-ciencias-de-la-educacion\/\",\"name\":\"Instituto de Ciencias de la Educaci\u00f3n\",\"description\":\"Otro sitio de Sitios de Universidad O&#039;higgins\",\"potentialAction\":[{\"@type\":\"SearchAction\",\"target\":{\"@type\":\"EntryPoint\",\"urlTemplate\":\"https:\/\/www.uoh.cl\/instituto-de-ciencias-de-la-educacion\/?s={search_term_string}\"},\"query-input\":{\"@type\":\"PropertyValueSpecification\",\"valueRequired\":true,\"valueName\":\"search_term_string\"}}],\"inLanguage\":\"es-CL\"},{\"@type\":\"Person\",\"@id\":\"https:\/\/www.uoh.cl\/instituto-de-ciencias-de-la-educacion\/#\/schema\/person\/82faaeee466d58369bc37e08dcf84a32\",\"name\":\"Rosa Figueroa\",\"image\":{\"@type\":\"ImageObject\",\"inLanguage\":\"es-CL\",\"@id\":\"https:\/\/www.uoh.cl\/instituto-de-ciencias-de-la-educacion\/#\/schema\/person\/image\/\",\"url\":\"https:\/\/secure.gravatar.com\/avatar\/f84fb1eff7101e57837fc8f3a62458b8eb741d6ececdcebff78c939bee9037d9?s=96&d=mm&r=g\",\"contentUrl\":\"https:\/\/secure.gravatar.com\/avatar\/f84fb1eff7101e57837fc8f3a62458b8eb741d6ececdcebff78c939bee9037d9?s=96&d=mm&r=g\",\"caption\":\"Rosa Figueroa\"}}]}<\/script>\n<!-- \/ Yoast SEO plugin. -->","yoast_head_json":{"title":"Institutos de investigaci\u00f3n UOH tienen nuevos directores - Instituto de Ciencias de la Educaci\u00f3n","description":"Valentina Giaconi (ICED), Andrea Canales (ICSO), Rodrigo Contreras (ICA3) y Pablo Guti\u00e9rrez (ICI) tomaron posesi\u00f3n de sus respectivos cargos tras las hist\u00f3ricas primeras elecciones.","robots":{"index":"noindex","follow":"nofollow"},"og_locale":"es_ES","og_type":"article","og_title":"Institutos de investigaci\u00f3n UOH tienen nuevos directores - Instituto de Ciencias de la Educaci\u00f3n","og_description":"Valentina Giaconi (ICED), Andrea Canales (ICSO), Rodrigo Contreras (ICA3) y Pablo Guti\u00e9rrez (ICI) tomaron posesi\u00f3n de sus respectivos cargos tras las hist\u00f3ricas primeras elecciones.","og_url":"https:\/\/www.uoh.cl\/instituto-de-ciencias-de-la-educacion\/2023\/05\/11\/institutos-de-investigacion-uoh-tienen-nuevos-directores\/","og_site_name":"Instituto de Ciencias de la Educaci\u00f3n","article_published_time":"2023-05-11T20:34:43+00:00","article_modified_time":"2023-05-11T20:36:59+00:00","og_image":[{"width":1000,"height":1000,"url":"https:\/\/www.uoh.cl\/instituto-de-ciencias-de-la-educacion\/wp-content\/uploads\/sites\/13\/2023\/05\/Directoresas-Institutos.png","type":"image\/png"}],"author":"Rosa Figueroa","twitter_card":"summary_large_image","twitter_misc":{"Escrito por":"Rosa Figueroa","Tiempo estimado de lectura":"4 minutos"},"schema":{"@context":"https:\/\/schema.org","@graph":[{"@type":"WebPage","@id":"https:\/\/www.uoh.cl\/instituto-de-ciencias-de-la-educacion\/2023\/05\/11\/institutos-de-investigacion-uoh-tienen-nuevos-directores\/","url":"https:\/\/www.uoh.cl\/instituto-de-ciencias-de-la-educacion\/2023\/05\/11\/institutos-de-investigacion-uoh-tienen-nuevos-directores\/","name":"Institutos de investigaci\u00f3n UOH tienen nuevos directores - Instituto de Ciencias de la Educaci\u00f3n","isPartOf":{"@id":"https:\/\/www.uoh.cl\/instituto-de-ciencias-de-la-educacion\/#website"},"primaryImageOfPage":{"@id":"https:\/\/www.uoh.cl\/instituto-de-ciencias-de-la-educacion\/2023\/05\/11\/institutos-de-investigacion-uoh-tienen-nuevos-directores\/#primaryimage"},"image":{"@id":"https:\/\/www.uoh.cl\/instituto-de-ciencias-de-la-educacion\/2023\/05\/11\/institutos-de-investigacion-uoh-tienen-nuevos-directores\/#primaryimage"},"thumbnailUrl":"https:\/\/www.uoh.cl\/instituto-de-ciencias-de-la-educacion\/wp-content\/uploads\/sites\/13\/2023\/05\/Directoresas-Institutos.png","datePublished":"2023-05-11T20:34:43+00:00","dateModified":"2023-05-11T20:36:59+00:00","author":{"@id":"https:\/\/www.uoh.cl\/instituto-de-ciencias-de-la-educacion\/#\/schema\/person\/82faaeee466d58369bc37e08dcf84a32"},"description":"Valentina Giaconi (ICED), Andrea Canales (ICSO), Rodrigo Contreras (ICA3) y Pablo Guti\u00e9rrez (ICI) tomaron posesi\u00f3n de sus respectivos cargos tras las hist\u00f3ricas primeras elecciones.","inLanguage":"es-CL","potentialAction":[{"@type":"ReadAction","target":["https:\/\/www.uoh.cl\/instituto-de-ciencias-de-la-educacion\/2023\/05\/11\/institutos-de-investigacion-uoh-tienen-nuevos-directores\/"]}]},{"@type":"ImageObject","inLanguage":"es-CL","@id":"https:\/\/www.uoh.cl\/instituto-de-ciencias-de-la-educacion\/2023\/05\/11\/institutos-de-investigacion-uoh-tienen-nuevos-directores\/#primaryimage","url":"https:\/\/www.uoh.cl\/instituto-de-ciencias-de-la-educacion\/wp-content\/uploads\/sites\/13\/2023\/05\/Directoresas-Institutos.png","contentUrl":"https:\/\/www.uoh.cl\/instituto-de-ciencias-de-la-educacion\/wp-content\/uploads\/sites\/13\/2023\/05\/Directoresas-Institutos.png","width":1000,"height":1000},{"@type":"WebSite","@id":"https:\/\/www.uoh.cl\/instituto-de-ciencias-de-la-educacion\/#website","url":"https:\/\/www.uoh.cl\/instituto-de-ciencias-de-la-educacion\/","name":"Instituto de Ciencias de la Educaci\u00f3n","description":"Otro sitio de Sitios de Universidad O&#039;higgins","potentialAction":[{"@type":"SearchAction","target":{"@type":"EntryPoint","urlTemplate":"https:\/\/www.uoh.cl\/instituto-de-ciencias-de-la-educacion\/?s={search_term_string}"},"query-input":{"@type":"PropertyValueSpecification","valueRequired":true,"valueName":"search_term_string"}}],"inLanguage":"es-CL"},{"@type":"Person","@id":"https:\/\/www.uoh.cl\/instituto-de-ciencias-de-la-educacion\/#\/schema\/person\/82faaeee466d58369bc37e08dcf84a32","name":"Rosa Figueroa","image":{"@type":"ImageObject","inLanguage":"es-CL","@id":"https:\/\/www.uoh.cl\/instituto-de-ciencias-de-la-educacion\/#\/schema\/person\/image\/","url":"https:\/\/secure.gravatar.com\/avatar\/f84fb1eff7101e57837fc8f3a62458b8eb741d6ececdcebff78c939bee9037d9?s=96&d=mm&r=g","contentUrl":"https:\/\/secure.gravatar.com\/avatar\/f84fb1eff7101e57837fc8f3a62458b8eb741d6ececdcebff78c939bee9037d9?s=96&d=mm&r=g","caption":"Rosa Figueroa"}}]}},"_links":{"self":[{"href":"https:\/\/www.uoh.cl\/instituto-de-ciencias-de-la-educacion\/wp-json\/wp\/v2\/posts\/2669","targetHints":{"allow":["GET"]}}],"collection":[{"href":"https:\/\/www.uoh.cl\/instituto-de-ciencias-de-la-educacion\/wp-json\/wp\/v2\/posts"}],"about":[{"href":"https:\/\/www.uoh.cl\/instituto-de-ciencias-de-la-educacion\/wp-json\/wp\/v2\/types\/post"}],"author":[{"embeddable":true,"href":"https:\/\/www.uoh.cl\/instituto-de-ciencias-de-la-educacion\/wp-json\/wp\/v2\/users\/23"}],"replies":[{"embeddable":true,"href":"https:\/\/www.uoh.cl\/instituto-de-ciencias-de-la-educacion\/wp-json\/wp\/v2\/comments?post=2669"}],"version-history":[{"count":1,"href":"https:\/\/www.uoh.cl\/instituto-de-ciencias-de-la-educacion\/wp-json\/wp\/v2\/posts\/2669\/revisions"}],"predecessor-version":[{"id":2671,"href":"https:\/\/www.uoh.cl\/instituto-de-ciencias-de-la-educacion\/wp-json\/wp\/v2\/posts\/2669\/revisions\/2671"}],"wp:featuredmedia":[{"embeddable":true,"href":"https:\/\/www.uoh.cl\/instituto-de-ciencias-de-la-educacion\/wp-json\/wp\/v2\/media\/2672"}],"wp:attachment":[{"href":"https:\/\/www.uoh.cl\/instituto-de-ciencias-de-la-educacion\/wp-json\/wp\/v2\/media?parent=2669"}],"wp:term":[{"taxonomy":"category","embeddable":true,"href":"https:\/\/www.uoh.cl\/instituto-de-ciencias-de-la-educacion\/wp-json\/wp\/v2\/categories?post=2669"},{"taxonomy":"post_tag","embeddable":true,"href":"https:\/\/www.uoh.cl\/instituto-de-ciencias-de-la-educacion\/wp-json\/wp\/v2\/tags?post=2669"}],"curies":[{"name":"wp","href":"https:\/\/api.w.org\/{rel}","templated":true}]}}