
{"id":1445,"date":"2022-11-17T12:30:54","date_gmt":"2022-11-17T15:30:54","guid":{"rendered":"https:\/\/www.uoh.cl\/instituto-de-ciencias-de-la-educacion\/2022\/11\/17\/experta-espanola-participa-en-investigacion-sobre-estrategias-para-el-desarrollo-de-habilidades-matematicas-en-ninos-y-ninas-de-espectro-autista-que-se-ejecuta-en-chile\/"},"modified":"2022-11-17T12:33:49","modified_gmt":"2022-11-17T15:33:49","slug":"experta-espanola-participa-en-investigacion-sobre-estrategias-para-el-desarrollo-de-habilidades-matematicas-en-ninos-y-ninas-de-espectro-autista-que-se-ejecuta-en-chile","status":"publish","type":"post","link":"https:\/\/www.uoh.cl\/instituto-de-ciencias-de-la-educacion\/2022\/11\/17\/experta-espanola-participa-en-investigacion-sobre-estrategias-para-el-desarrollo-de-habilidades-matematicas-en-ninos-y-ninas-de-espectro-autista-que-se-ejecuta-en-chile\/","title":{"rendered":"Experta espa\u00f1ola participa en investigaci\u00f3n sobre estrategias para el desarrollo de habilidades matem\u00e1ticas en ni\u00f1os y ni\u00f1as de espectro autista que se ejecuta en Chile"},"content":{"rendered":"<div class=\"wpb-content-wrapper\"><p>[vc_section el_class=&#8221;container mx-auto align-items-center text-right circle&#8211;pattern&#8221; css=&#8221;.vc_custom_1648956589196{padding-top: 3rem !important;}&#8221;][vc_row][vc_column]<div class=\"breadcrumb\"><ol itemscope itemtype=\"https:\/\/schema.org\/BreadcrumbList\"><li itemprop=\"itemListElement\" itemscope itemtype=\"https:\/\/schema.org\/ListItem\"><a itemprop=\"item\" href=\"http:\/\/www.uoh.cl\"><span itemprop=\"name\">Inicio<\/span><\/a><meta itemprop=\"position\" content=\"1\" \/><li itemprop=\"itemListElement\" itemscope itemtype=\"https:\/\/schema.org\/ListItem\"><a itemprop=\"item\" href=\"https:\/\/www.uoh.cl\/instituto-de-ciencias-de-la-educacion\"><span itemprop=\"name\">Instituto de Ciencias de la Educaci\u00f3n<\/span><\/a><meta itemprop=\"position\" content=\"2\" \/><li itemprop=\"itemListElement\" itemscope itemtype=\"https:\/\/schema.org\/ListItem\"><a itemprop=\"item\" href=\"https:\/\/www.uoh.cl\/instituto-de-ciencias-de-la-educacion\/noticias\/\"><span itemprop=\"name\">Noticias<\/span><\/a><meta itemprop=\"position\" content=\"3\" \/><li itemprop=\"itemListElement\" itemscope itemtype=\"https:\/\/schema.org\/ListItem\"><span itemprop=\"name\">Experta espa\u00f1ola participa en investigaci\u00f3n sobre estrategias para el desarrollo <\/span><meta itemprop=\"position\" content=\"4\" \/><\/ol><\/div><ul class=\"p-0 list-style-none d-inline-block\"><li class=\"p-0\"><a href=https:\/\/www.uoh.cl\/instituto-de-ciencias-de-la-educacion\/category\/educacion\/ class=\"px-1 py-2\">Educaci\u00f3n<\/a><\/li><\/ul><div class=\"date_publish_post\"> \u25cf Jue 17 de Noviembre 2022<\/div><div class=\"uoh_title_component-container\"><h1 class=\"title title--ms d-inline-block title--decorator  big\">Experta espa\u00f1ola participa en investigaci\u00f3n sobre estrategias para el desarrollo de habilidades matem\u00e1ticas en ni\u00f1os y ni\u00f1as de espectro autista que se ejecuta en Chile<\/h1><\/div>[vc_row_inner el_class=&#8221;border-separator m-0&#8243;][vc_column_inner width=&#8221;2\/3&#8243;]<div class=\"author_wp_class\"> Escrito por <span>Universidad de O'Higgins<\/span><\/div>[\/vc_column_inner][vc_column_inner el_class=&#8221;align-items-end-publish&#8221; width=&#8221;1\/3&#8243;]<div class=\"uoh_social_network_component uoh_row col-12 justify-content-end m-0 p-0\"> <div class=\"icon__facebook-share-button\">\n                       <a href=\"https:\/\/www.facebook.com\/sharer\/sharer.php?u=https:\/\/www.uoh.cl\/instituto-de-ciencias-de-la-educacion\/2022\/11\/17\/experta-espanola-participa-en-investigacion-sobre-estrategias-para-el-desarrollo-de-habilidades-matematicas-en-ninos-y-ninas-de-espectro-autista-que-se-ejecuta-en-chile\/\" target=\"_blank\"> <div class=\"icon__facebook-svg\"><svg version=\"1.1\" xmlns=\"http:\/\/www.w3.org\/2000\/svg\" xmlns:xlink=\"http:\/\/www.w3.org\/1999\/xlink\" x=\"0px\" y=\"0px\" width=\"22.4px\" height=\"48.3px\" viewBox=\"0 0 22.4 48.3\" style=\"overflow:visible;enable-background:new 0 0 22.4 48.3;\" xml:space=\"preserve\">\n                <defs>\n                <\/defs>\n                <path class=\"st0\" d=\"M22.4,15.6h-7.6v-5c0-1.9,1.2-2.3,2.1-2.3c0.9,0,5.4,0,5.4,0V0l-7.4,0C6.6,0,4.8,6.2,4.8,10.1v5.5H0v8.5h4.8\n                    c0,10.9,0,24.1,0,24.1h10c0,0,0-13.3,0-24.1h6.8L22.4,15.6z\"><\/path>\n                <\/svg><\/a><\/div>\n                    <\/div><div class=\"icon__twitter-share-button\">\n                        <div class=\"icon__twitter-svg\"><a target=\"_blank\" href=\"http:\/\/twitter.com\/share?url=https:\/\/www.uoh.cl\/instituto-de-ciencias-de-la-educacion\/2022\/11\/17\/experta-espanola-participa-en-investigacion-sobre-estrategias-para-el-desarrollo-de-habilidades-matematicas-en-ninos-y-ninas-de-espectro-autista-que-se-ejecuta-en-chile\/\"><svg xmlns=\"http:\/\/www.w3.org\/2000\/svg\" height=\"1em\" viewBox=\"0 0 512 512\"><!--! Font Awesome Free 6.4.2 by @fontawesome - https:\/\/fontawesome.com License - https:\/\/fontawesome.com\/license (Commercial License) Copyright 2023 Fonticons, Inc. --><path d=\"M389.2 48h70.6L305.6 224.2 487 464H345L233.7 318.6 106.5 464H35.8L200.7 275.5 26.8 48H172.4L272.9 180.9 389.2 48zM364.4 421.8h39.1L151.1 88h-42L364.4 421.8z\"\/><\/svg><\/a><\/div>\n                        <\/div><div class=\"icon__linkedin-share-button\">\n                        <div class=\"icon__linkedin-svg\">\n                        <a target=\"__blank\" href=\"https:\/\/www.linkedin.com\/sharing\/share-offsite\/?url=https:\/\/www.uoh.cl\/instituto-de-ciencias-de-la-educacion\/2022\/11\/17\/experta-espanola-participa-en-investigacion-sobre-estrategias-para-el-desarrollo-de-habilidades-matematicas-en-ninos-y-ninas-de-espectro-autista-que-se-ejecuta-en-chile\/\"><svg enable-background=\"new 0 0 100 100\" height=\"100px\" id=\"Layer_1\" version=\"1.1\" viewBox=\"0 0 100 100\" width=\"100px\" xml:space=\"preserve\" xmlns=\"http:\/\/www.w3.org\/2000\/svg\" xmlns:xlink=\"http:\/\/www.w3.org\/1999\/xlink\"><g><circle cx=\"50\" cy=\"50\" fill=\"#ccc\" r=\"45\"\/><g id=\"LinkedIn_1_\"><rect fill=\"#FFFFFF\" height=\"24.361\" width=\"7.69\" x=\"31.271\" y=\"43.569\"\/><path d=\"M59.968,43.334c-4.406,0-7.165,2.387-7.677,4.058v-3.823h-8.636c0.109,2.03,0,24.361,0,24.361h8.636    V54.748c0-0.733-0.034-1.465,0.19-1.991c0.594-1.464,1.869-2.985,4.162-2.985c2.998,0,4.361,2.253,4.361,5.552V67.93h8.721V54.384    C69.726,46.839,65.432,43.334,59.968,43.334z\" fill=\"#FFFFFF\"\/><path d=\"M34.973,32.069c-2.839,0-4.696,1.823-4.696,4.229c0,2.361,1.804,4.224,4.589,4.224h0.054    c2.891,0,4.69-1.869,4.69-4.229C39.555,33.888,37.81,32.069,34.973,32.069z\" fill=\"#FFFFFF\"\/><\/g><\/g><\/svg><\/a><\/div>\n\n            <\/div><\/div>[\/vc_column_inner][\/vc_row_inner][vc_single_image image=&#8221;14621&#8243; img_size=&#8221;full&#8221;][vc_column_text]\u00a0[\/vc_column_text][vc_column_text]<i>Ana Le\u00f3n \u00c1lvarez, maestra de Educaci\u00f3n Especial, Audici\u00f3n y Lenguaje y licenciada de Psicopedagog\u00eda, visita Chile para entregar su experiencia desde la realidad espa\u00f1ola.<\/i><\/p>\n<p>&nbsp;<\/p>\n<p>[\/vc_column_text][vc_column_text]\u00a0[\/vc_column_text][vc_column_text]<\/p>\n<p style=\"font-weight: 400\">Con el objetivo de compartir su experiencia con ni\u00f1os, ni\u00f1as y j\u00f3venes de espectro autista (TEA) y su realidad en Espa\u00f1a, esta semana lleg\u00f3 hasta Chile la experta ib\u00e9rica Ana Le\u00f3n \u00c1lvarez, quien es\u00a0maestra de Educaci\u00f3n Especial, Audici\u00f3n y Lenguaje y licenciada de Psicopedagog\u00eda, y que dedica su labor en aula al trabajo con ni\u00f1os y ni\u00f1as del espectro.<\/p>\n<p style=\"font-weight: 400\">Su visita se da en el marco del proyecto FONDECYT \u201cDesarrollo de las habilidades matem\u00e1ticas en ni\u00f1os y ni\u00f1as con trastornos de espectro autista: un compromiso con la equidad educativa en Chile\u201d, en el que participa activamente, y que es dirigido desde la Universidad Estatal de O\u2019Higgins (UOH), por los doctores y acad\u00e9micos UOH, Carlos P\u00e9rez Wilson y Mar\u00eda Soledad Burrone.<\/p>\n<p style=\"font-weight: 400\">La investigaci\u00f3n est\u00e1 centrada en c\u00f3mo ense\u00f1ar matem\u00e1tica a ni\u00f1as y ni\u00f1os con TEA, adecuar las metodolog\u00edas, capturar informaci\u00f3n de procesamiento ocular, con el fin de potenciar sus capacidades y trabajar sobre el estigma que hay frente a este trastorno.<\/p>\n<p style=\"font-weight: 400\">El TEA es un trastorno de origen neurobiol\u00f3gico que afecta a la configuraci\u00f3n del sistema nervioso y al funcionamiento cerebral, dando lugar a dificultades en la comunicaci\u00f3n e interacci\u00f3n social y la flexibilidad del pensamiento y de la conducta.<\/p>\n<p style=\"font-weight: 400\">De all\u00ed que la maestra Ana Le\u00f3n \u00c1lvarez, llegara a Chile a entregar la experiencia con la realidad espa\u00f1ola y de acuerdo al trabajo que ha desarrollado en su vida profesional.<\/p>\n<p style=\"font-weight: 400\">\u201cColaboro en este proyecto de investigaci\u00f3n, con el doctor Carlos P\u00e9rez Wilson, que busca estrategias para el desarrollo de habilidades matem\u00e1ticas en ni\u00f1os y ni\u00f1as de espectro autista con la metodolog\u00eda ABN. \u00c9l lleva muchos a\u00f1os haciendo una colaboraci\u00f3n con Espa\u00f1a, en la zona de Andaluc\u00eda, con esta metodolog\u00eda, que favorece la manipulaci\u00f3n y el aprendizaje de las matem\u00e1ticas, donde se trabaja mucho el c\u00e1lculo, la resoluci\u00f3n de problemas y todo a trav\u00e9s de la manipulaci\u00f3n, lo que hace mucho m\u00e1s factible la abstracci\u00f3n de ciertos procesos matem\u00e1ticos que son dif\u00edciles para el alumnado TEA\u201d, explica la experta.<\/p>\n<p style=\"font-weight: 400\">Para realizar un contrapeso con la realidad chilena y la futura Ley de Autismo que se implementar\u00e1 en Chile, la investigadora se\u00f1ala que, en Espa\u00f1a, en el momento en que se diagnostica a un ni\u00f1o\/a con autismo, el Estado se encarga de ofrecer una atenci\u00f3n temprana y darle una respuesta educativa y \u2013posteriormente- laboral para que tengan las mayores salidas posibles. Todos los tratamientos de atenci\u00f3n temprana, de 0 a 6 a\u00f1os, son subvencionados por el Estado, ya sean tratamientos del lenguaje, tratamientos motores o tratamientos para evitar las conductas disruptivas.<\/p>\n<p style=\"font-weight: 400\">\u201cHay ni\u00f1os que pueden estar en la escuela com\u00fan y ah\u00ed se les atiende con una maestra de educaci\u00f3n especial, una maestra de audici\u00f3n y lenguaje, una orientadora, y un fisioterapeuta. Otros ni\u00f1os, que est\u00e1n m\u00e1s afectados, son escolarizados en aulas TEA, donde pasan la mayor parte del tiempo y a la vez lo combinan con otras actividades, por ejemplo, m\u00fasica o educaci\u00f3n f\u00edsica en actividades de integraci\u00f3n en la escuela com\u00fan\u201d, indica la especialista.<\/p>\n<p style=\"font-weight: 400\">La maestra agreg\u00f3 que lo que han podido ver es la necesidad de tratamiento de estos ni\u00f1os y ni\u00f1as. \u201cEst\u00e1n diagnosticados, pero necesitan ese tratamiento espec\u00edfico y no solamente que dependa de asociaciones, como es el caso que est\u00e1 ocurriendo aqu\u00ed en Chile: lo ideal es que sea en las mismas escuelas donde se les d\u00e9 una respuesta educativa para que estos ni\u00f1os puedan avanzar y tengan mayor progreso. Es fundamental que las escuelas tengan los recursos para brindar adecuadamente esta atenci\u00f3n espec\u00edfica. Ellos necesitan un trabajo muy estructurado, necesitan desarrollar aspectos del lenguaje, porque lenguaje y el pensamiento est\u00e1n \u00edntimamente ligados, y a su vez trabajar con metodolog\u00edas que sean manipulativas, que ellos puedan manipular, que ellos puedan jugar, que est\u00e9n jugando a la vez que est\u00e1n aprendiendo\u201d, puntualiza.<\/p>\n<p style=\"font-weight: 400\">Respecto a las familias (padres, madres, cuidadores) que tienen un alto inter\u00e9s en apoyar el trabajo de sus hijos, Ana Le\u00f3n sugiere \u2013principalmente- generar un entorno bien estructurado en cuanto a sus rutinas. \u201cDebemos establecer cu\u00e1les son las rutinas de nuestro hijo\/a y luego ofrecerle toda la estimulaci\u00f3n que podamos darle. Hay que estimular el lenguaje, hay que trabajar con ello. Lo que yo he visto es que las familias est\u00e1n muy implicadas con sus hijos e intentan hacer lo mejor que saben y es una labor encomiable la que est\u00e1n realizando\u201d, se\u00f1ala.<\/p>\n<p style=\"font-weight: 400\">La experta espa\u00f1ola, durante su visita, se ha reunido con estudiantes de Pedagog\u00eda en Educaci\u00f3n Especial UOH y algunas agrupaciones de autismo de la Regi\u00f3n de O\u2019Higgins, para entregar su experiencia y relatar el trabajo con algunos procesos espec\u00edficos e innovadores.<\/p>\n<p>[\/vc_column_text][\/vc_column][\/vc_row][\/vc_section][vc_section css=&#8221;.vc_custom_1650255686594{background-color: #f6faff !important;}&#8221; el_class=&#8221;p-md-0 pt-md-5&#8243;][vc_row el_class=&#8221;container mx-auto align-items-center text-right p-md-0 pt-5 pb-5&#8243;][vc_column el_class=&#8221;pb-5&#8243;][vc_row_inner el_class=&#8221;pb-5&#8243;][vc_column_inner]<div class=\"row m-0 p-0\"><div class=\"col-12 col-md-9 pt-5 pt-md-0\"><h2 class=\"title title--decorator title--ms d-inline-block\">Te Recomendamos<\/h2><\/div><\/div><div class=\"content-holder\"><div class=\"row  swipper-news-list not--activate-hack \"><div class=\"row -wrapper\"><div class=\"  col-sm-6 col-md-4 img-article\">\n                                        <div class=\"content-news-display row m-0 p-0\"><div class=\"holder p-0 \"><div class=\"img-wrap img-wrap-news\">\n                                        <div class=\"caption__news-category\">\n                                        <a href=\"https:\/\/www.uoh.cl\/instituto-de-ciencias-de-la-educacion\/category\/institucional\/\">\n                                        Institucional<\/a><\/div><img decoding=\"async\" class=\"w-100 h-100 lazyload\" data-src=\"https:\/\/www.uoh.cl\/instituto-de-ciencias-de-la-educacion\/wp-content\/uploads\/sites\/13\/2026\/04\/Inauguracion-Ano-Academico-2026-6.jpg\" alt=\"Reflexi\u00f3n universitaria: UOH inaugura A\u00f1o Acad\u00e9mico 2026 pensando en los desaf\u00edos de la Educaci\u00f3n Superior\" style=\"--smush-placeholder-width: 1500px; --smush-placeholder-aspect-ratio: 1500\/1000;object-fit: cover; object-position: center;\" src=\"data:image\/svg+xml;base64,PHN2ZyB3aWR0aD0iMSIgaGVpZ2h0PSIxIiB4bWxucz0iaHR0cDovL3d3dy53My5vcmcvMjAwMC9zdmciPjwvc3ZnPg==\"><\/div><\/div><div class=\"caption py-3 caption__news py-md-3 pb-md-5\">\n                                    <span class=\"caption__date\">Mi\u00e9rcoles 29, Abril<\/span>\n                                     <a href=\"https:\/\/www.uoh.cl\/instituto-de-ciencias-de-la-educacion\/2026\/04\/29\/reflexion-universitaria-uoh-inaugura-ano-academico-2026-pensando-en-los-desafios-de-la-educacion-superior\/\">\n                                    <h3 class=\"small-space\">Reflexi\u00f3n universitaria: UOH inaugura A\u00f1o Acad\u00e9mico 2026 pensando en los desaf\u00edos de la Educaci\u00f3n Superior<\/h3><\/a>\n\n                                    <p>La ceremonia promovi\u00f3 el an\u00e1lisis acerca de los cambios educativos que se avecinan dentro de los procesos de formaci\u00f3n universitaria ajustados a contextos digitales.   <\/p>\n                                    <a class=\"link link--bold mt-md-3\" href=\"https:\/\/www.uoh.cl\/instituto-de-ciencias-de-la-educacion\/2026\/04\/29\/reflexion-universitaria-uoh-inaugura-ano-academico-2026-pensando-en-los-desafios-de-la-educacion-superior\/\">Saber m\u00e1s <span class=\"icon icon--inline icon--link\"><svg version=\"1.1\" xmlns=\"http:\/\/www.w3.org\/2000\/svg\" xmlns:xlink=\"http:\/\/www.w3.org\/1999\/xlink\" x=\"0px\" y=\"0px\" width=\"22px\"height=\"22px\" viewBox=\"0 0 22 22\" style=\"overflow:visible;enable-background:new 0 0 80 64.6;\" xml:space=\"preserve\"><g clip-path=\"url(#acA)\"><path fill-rule=\"evenodd\" d=\"M21.913 11.266a.93.93 0 000-.711c-.022-.056-.063-.097-.091-.144s-.053-.103-.097-.15L12.306.294c-.357-.379-.955-.394-1.334-.038s-.394.955-.038 1.334l7.917 8.374H.927a.95.95 0 00-.908.983.946.946 0 00.908.908h17.924l-8.089 8.552c-.357.379-.341.977.034 1.334s.977.341 1.334-.034l9.594-10.148c.044-.044.063-.1.097-.15.028-.047.069-.088.091-.141z\"\/><\/g><defs><clipPath id=\"acA\"><path fill=\"#fff\" d=\"M0 0h22v22H0z\"\/><\/clipPath><\/defs><\/svg><\/span><\/a><\/div><\/div><\/div><div class=\"  col-sm-6 col-md-4 img-article\">\n                                        <div class=\"content-news-display row m-0 p-0\"><div class=\"holder p-0 \"><div class=\"img-wrap img-wrap-news\">\n                                        <div class=\"caption__news-category\">\n                                        <a href=\"https:\/\/www.uoh.cl\/instituto-de-ciencias-de-la-educacion\/category\/educacion\/\">\n                                        Educaci\u00f3n<\/a><\/div><img decoding=\"async\" class=\"w-100 h-100 lazyload\" data-src=\"https:\/\/www.uoh.cl\/instituto-de-ciencias-de-la-educacion\/wp-content\/uploads\/sites\/13\/2026\/04\/Convivencia-escolar.jpg\" alt=\"Conflicto no es violencia: claves para abordar la convivencia escolar m\u00e1s all\u00e1 del castigo\" style=\"--smush-placeholder-width: 1201px; --smush-placeholder-aspect-ratio: 1201\/800;object-fit: cover; object-position: center;\" src=\"data:image\/svg+xml;base64,PHN2ZyB3aWR0aD0iMSIgaGVpZ2h0PSIxIiB4bWxucz0iaHR0cDovL3d3dy53My5vcmcvMjAwMC9zdmciPjwvc3ZnPg==\"><\/div><\/div><div class=\"caption py-3 caption__news py-md-3 pb-md-5\">\n                                    <span class=\"caption__date\">Jueves 16, Abril<\/span>\n                                     <a href=\"https:\/\/www.uoh.cl\/instituto-de-ciencias-de-la-educacion\/2026\/04\/16\/conflicto-no-es-violencia-claves-para-abordar-la-convivencia-escolar-mas-alla-del-castigo\/\">\n                                    <h3 class=\"small-space\">Conflicto no es violencia: claves para abordar la convivencia escolar m\u00e1s all\u00e1 del castigo<\/h3><\/a>\n\n                                    <p>Acad\u00e9mica advierte que centrarse solo en sanciones no resuelve la violencia en escuelas y plantea la urgencia de fortalecer enfoques formativos que promuevan el di\u00e1logo, la confianza y la convivencia democr\u00e1tica.<\/p>\n                                    <a class=\"link link--bold mt-md-3\" href=\"https:\/\/www.uoh.cl\/instituto-de-ciencias-de-la-educacion\/2026\/04\/16\/conflicto-no-es-violencia-claves-para-abordar-la-convivencia-escolar-mas-alla-del-castigo\/\">Saber m\u00e1s <span class=\"icon icon--inline icon--link\"><svg version=\"1.1\" xmlns=\"http:\/\/www.w3.org\/2000\/svg\" xmlns:xlink=\"http:\/\/www.w3.org\/1999\/xlink\" x=\"0px\" y=\"0px\" width=\"22px\"height=\"22px\" viewBox=\"0 0 22 22\" style=\"overflow:visible;enable-background:new 0 0 80 64.6;\" xml:space=\"preserve\"><g clip-path=\"url(#acA)\"><path fill-rule=\"evenodd\" d=\"M21.913 11.266a.93.93 0 000-.711c-.022-.056-.063-.097-.091-.144s-.053-.103-.097-.15L12.306.294c-.357-.379-.955-.394-1.334-.038s-.394.955-.038 1.334l7.917 8.374H.927a.95.95 0 00-.908.983.946.946 0 00.908.908h17.924l-8.089 8.552c-.357.379-.341.977.034 1.334s.977.341 1.334-.034l9.594-10.148c.044-.044.063-.1.097-.15.028-.047.069-.088.091-.141z\"\/><\/g><defs><clipPath id=\"acA\"><path fill=\"#fff\" d=\"M0 0h22v22H0z\"\/><\/clipPath><\/defs><\/svg><\/span><\/a><\/div><\/div><\/div><div class=\"  col-sm-6 col-md-4 img-article\">\n                                        <div class=\"content-news-display row m-0 p-0\"><div class=\"holder p-0 \"><div class=\"img-wrap img-wrap-news\">\n                                        <div class=\"caption__news-category\">\n                                        <a href=\"https:\/\/www.uoh.cl\/instituto-de-ciencias-de-la-educacion\/category\/cuech\/\">\n                                        CUECH<\/a><\/div><img decoding=\"async\" class=\"w-100 h-100 lazyload\" data-src=\"https:\/\/www.uoh.cl\/instituto-de-ciencias-de-la-educacion\/wp-content\/uploads\/sites\/13\/2026\/04\/DSC_2431-scaled.jpg\" alt=\"Universidades estatales sellan hoja de ruta 2030: Red Desarrollo Sustentable entra en fase de consolidaci\u00f3n\" style=\"--smush-placeholder-width: 2560px; --smush-placeholder-aspect-ratio: 2560\/1707;object-fit: cover; object-position: center;\" src=\"data:image\/svg+xml;base64,PHN2ZyB3aWR0aD0iMSIgaGVpZ2h0PSIxIiB4bWxucz0iaHR0cDovL3d3dy53My5vcmcvMjAwMC9zdmciPjwvc3ZnPg==\"><\/div><\/div><div class=\"caption py-3 caption__news py-md-3 pb-md-5\">\n                                    <span class=\"caption__date\">Mi\u00e9rcoles 15, Abril<\/span>\n                                     <a href=\"https:\/\/www.uoh.cl\/instituto-de-ciencias-de-la-educacion\/2026\/04\/15\/universidades-estatales-sellan-hoja-de-ruta-2030-red-desarrollo-sustentable-entra-en-fase-de-consolidacion\/\">\n                                    <h3 class=\"small-space\">Universidades estatales sellan hoja de ruta 2030: Red Desarrollo Sustentable entra en fase de consolidaci\u00f3n<\/h3><\/a>\n\n                                    <p>En el Plenario realizado en la Universidad de O'Higgins, los 18 planteles p\u00fablicos definieron sus metas estrat\u00e9gicas para el periodo 2026-2030. El plan priorizar\u00e1 la institucionalizaci\u00f3n de capacidades, un diplomado para organismos p\u00fablicos y la medici\u00f3n de la huella h\u00eddrica en los campus.<\/p>\n                                    <a class=\"link link--bold mt-md-3\" href=\"https:\/\/www.uoh.cl\/instituto-de-ciencias-de-la-educacion\/2026\/04\/15\/universidades-estatales-sellan-hoja-de-ruta-2030-red-desarrollo-sustentable-entra-en-fase-de-consolidacion\/\">Saber m\u00e1s <span class=\"icon icon--inline icon--link\"><svg version=\"1.1\" xmlns=\"http:\/\/www.w3.org\/2000\/svg\" xmlns:xlink=\"http:\/\/www.w3.org\/1999\/xlink\" x=\"0px\" y=\"0px\" width=\"22px\"height=\"22px\" viewBox=\"0 0 22 22\" style=\"overflow:visible;enable-background:new 0 0 80 64.6;\" xml:space=\"preserve\"><g clip-path=\"url(#acA)\"><path fill-rule=\"evenodd\" d=\"M21.913 11.266a.93.93 0 000-.711c-.022-.056-.063-.097-.091-.144s-.053-.103-.097-.15L12.306.294c-.357-.379-.955-.394-1.334-.038s-.394.955-.038 1.334l7.917 8.374H.927a.95.95 0 00-.908.983.946.946 0 00.908.908h17.924l-8.089 8.552c-.357.379-.341.977.034 1.334s.977.341 1.334-.034l9.594-10.148c.044-.044.063-.1.097-.15.028-.047.069-.088.091-.141z\"\/><\/g><defs><clipPath id=\"acA\"><path fill=\"#fff\" d=\"M0 0h22v22H0z\"\/><\/clipPath><\/defs><\/svg><\/span><\/a><\/div><\/div><\/div><\/div><\/div><\/div><div class=\"pagination justify-content-center my-5\"><span aria-current=\"page\" class=\"page-numbers current\">1<\/span>\n<a class=\"page-numbers\" href=\"https:\/\/www.uoh.cl\/instituto-de-ciencias-de-la-educacion\/wp-json\/wp\/v2\/posts\/1445\/\/page\/2\">2<\/a>\n<a class=\"page-numbers\" href=\"https:\/\/www.uoh.cl\/instituto-de-ciencias-de-la-educacion\/wp-json\/wp\/v2\/posts\/1445\/\/page\/3\">3<\/a>\n<span class=\"page-numbers dots\">&hellip;<\/span>\n<a class=\"page-numbers\" href=\"https:\/\/www.uoh.cl\/instituto-de-ciencias-de-la-educacion\/wp-json\/wp\/v2\/posts\/1445\/\/page\/111\">111<\/a>\n<a class=\"next page-numbers\" href=\"https:\/\/www.uoh.cl\/instituto-de-ciencias-de-la-educacion\/wp-json\/wp\/v2\/posts\/1445\/\/page\/2\"><div class=\"icon-pagination-next\"> <?xml version=\"1.0\" ?><svg viewBox=\"0 0 96 96\" xmlns=\"http:\/\/www.w3.org\/2000\/svg\"><title\/><path d=\"M39.3756,48.0022l30.47-25.39a6.0035,6.0035,0,0,0-7.6878-9.223L26.1563,43.3906a6.0092,6.0092,0,0,0,0,9.2231L62.1578,82.615a6.0035,6.0035,0,0,0,7.6878-9.2231Z\"\/><\/svg> <\/div><\/a><\/div>[\/vc_column_inner][\/vc_row_inner][\/vc_column][\/vc_row][\/vc_section]<\/p>\n<\/div>","protected":false},"excerpt":{"rendered":"<p>Ana Le\u00f3n \u00c1lvarez, maestra de Educaci\u00f3n Especial, Audici\u00f3n y Lenguaje y licenciada de Psicopedagog\u00eda, visita Chile para entregar su experiencia desde la realidad espa\u00f1ola.<\/p>\n","protected":false},"author":34,"featured_media":1448,"comment_status":"open","ping_status":"open","sticky":false,"template":"","format":"standard","meta":{"_acf_changed":false,"footnotes":""},"categories":[46],"tags":[],"class_list":["post-1445","post","type-post","status-publish","format-standard","has-post-thumbnail","hentry","category-educacion"],"acf":[],"yoast_head":"<!-- This site is optimized with the Yoast SEO plugin v26.6 - https:\/\/yoast.com\/wordpress\/plugins\/seo\/ -->\n<title>Experta espa\u00f1ola participa en investigaci\u00f3n sobre estrategias para el desarrollo de habilidades matem\u00e1ticas en ni\u00f1os y ni\u00f1as de espectro autista que se ejecuta en Chile - Instituto de Ciencias de la Educaci\u00f3n<\/title>\n<meta name=\"description\" content=\"Ana Le\u00f3n \u00c1lvarez, maestra de Educaci\u00f3n Especial, Audici\u00f3n y Lenguaje y licenciada de Psicopedagog\u00eda, visita Chile para entregar su experiencia desde la realidad espa\u00f1ola.\" \/>\n<meta name=\"robots\" content=\"noindex, nofollow\" \/>\n<meta property=\"og:locale\" content=\"es_ES\" \/>\n<meta property=\"og:type\" content=\"article\" \/>\n<meta property=\"og:title\" content=\"Experta espa\u00f1ola participa en investigaci\u00f3n sobre estrategias para el desarrollo de habilidades matem\u00e1ticas en ni\u00f1os y ni\u00f1as de espectro autista que se ejecuta en Chile - Instituto de Ciencias de la Educaci\u00f3n\" \/>\n<meta property=\"og:description\" content=\"Ana Le\u00f3n \u00c1lvarez, maestra de Educaci\u00f3n Especial, Audici\u00f3n y Lenguaje y licenciada de Psicopedagog\u00eda, visita Chile para entregar su experiencia desde la realidad espa\u00f1ola.\" \/>\n<meta property=\"og:url\" content=\"https:\/\/www.uoh.cl\/instituto-de-ciencias-de-la-educacion\/2022\/11\/17\/experta-espanola-participa-en-investigacion-sobre-estrategias-para-el-desarrollo-de-habilidades-matematicas-en-ninos-y-ninas-de-espectro-autista-que-se-ejecuta-en-chile\/\" \/>\n<meta property=\"og:site_name\" content=\"Instituto de Ciencias de la Educaci\u00f3n\" \/>\n<meta property=\"article:published_time\" content=\"2022-11-17T15:30:54+00:00\" \/>\n<meta property=\"article:modified_time\" content=\"2022-11-17T15:33:49+00:00\" \/>\n<meta property=\"og:image\" content=\"https:\/\/www.uoh.cl\/instituto-de-ciencias-de-la-educacion\/wp-content\/uploads\/sites\/13\/2022\/11\/Ana-Leon-Alvarez.jpg\" \/>\n\t<meta property=\"og:image:width\" content=\"1000\" \/>\n\t<meta property=\"og:image:height\" content=\"1000\" \/>\n\t<meta property=\"og:image:type\" content=\"image\/jpeg\" \/>\n<meta name=\"author\" content=\"Universidad de O&#039;Higgins\" \/>\n<meta name=\"twitter:card\" content=\"summary_large_image\" \/>\n<meta name=\"twitter:label1\" content=\"Escrito por\" \/>\n\t<meta name=\"twitter:data1\" content=\"Universidad de O&#039;Higgins\" \/>\n\t<meta name=\"twitter:label2\" content=\"Tiempo estimado de lectura\" \/>\n\t<meta name=\"twitter:data2\" content=\"4 minutos\" \/>\n<script type=\"application\/ld+json\" class=\"yoast-schema-graph\">{\"@context\":\"https:\/\/schema.org\",\"@graph\":[{\"@type\":\"WebPage\",\"@id\":\"https:\/\/www.uoh.cl\/instituto-de-ciencias-de-la-educacion\/2022\/11\/17\/experta-espanola-participa-en-investigacion-sobre-estrategias-para-el-desarrollo-de-habilidades-matematicas-en-ninos-y-ninas-de-espectro-autista-que-se-ejecuta-en-chile\/\",\"url\":\"https:\/\/www.uoh.cl\/instituto-de-ciencias-de-la-educacion\/2022\/11\/17\/experta-espanola-participa-en-investigacion-sobre-estrategias-para-el-desarrollo-de-habilidades-matematicas-en-ninos-y-ninas-de-espectro-autista-que-se-ejecuta-en-chile\/\",\"name\":\"Experta espa\u00f1ola participa en investigaci\u00f3n sobre estrategias para el desarrollo de habilidades matem\u00e1ticas en ni\u00f1os y ni\u00f1as de espectro autista que se ejecuta en Chile - Instituto de Ciencias de la Educaci\u00f3n\",\"isPartOf\":{\"@id\":\"https:\/\/www.uoh.cl\/instituto-de-ciencias-de-la-educacion\/#website\"},\"primaryImageOfPage\":{\"@id\":\"https:\/\/www.uoh.cl\/instituto-de-ciencias-de-la-educacion\/2022\/11\/17\/experta-espanola-participa-en-investigacion-sobre-estrategias-para-el-desarrollo-de-habilidades-matematicas-en-ninos-y-ninas-de-espectro-autista-que-se-ejecuta-en-chile\/#primaryimage\"},\"image\":{\"@id\":\"https:\/\/www.uoh.cl\/instituto-de-ciencias-de-la-educacion\/2022\/11\/17\/experta-espanola-participa-en-investigacion-sobre-estrategias-para-el-desarrollo-de-habilidades-matematicas-en-ninos-y-ninas-de-espectro-autista-que-se-ejecuta-en-chile\/#primaryimage\"},\"thumbnailUrl\":\"https:\/\/www.uoh.cl\/instituto-de-ciencias-de-la-educacion\/wp-content\/uploads\/sites\/13\/2022\/11\/Ana-Leon-Alvarez.jpg\",\"datePublished\":\"2022-11-17T15:30:54+00:00\",\"dateModified\":\"2022-11-17T15:33:49+00:00\",\"author\":{\"@id\":\"https:\/\/www.uoh.cl\/instituto-de-ciencias-de-la-educacion\/#\/schema\/person\/ea242e676c7d6d7e46fc8b9e39486c4f\"},\"description\":\"Ana Le\u00f3n \u00c1lvarez, maestra de Educaci\u00f3n Especial, Audici\u00f3n y Lenguaje y licenciada de Psicopedagog\u00eda, visita Chile para entregar su experiencia desde la realidad espa\u00f1ola.\",\"inLanguage\":\"es-CL\",\"potentialAction\":[{\"@type\":\"ReadAction\",\"target\":[\"https:\/\/www.uoh.cl\/instituto-de-ciencias-de-la-educacion\/2022\/11\/17\/experta-espanola-participa-en-investigacion-sobre-estrategias-para-el-desarrollo-de-habilidades-matematicas-en-ninos-y-ninas-de-espectro-autista-que-se-ejecuta-en-chile\/\"]}]},{\"@type\":\"ImageObject\",\"inLanguage\":\"es-CL\",\"@id\":\"https:\/\/www.uoh.cl\/instituto-de-ciencias-de-la-educacion\/2022\/11\/17\/experta-espanola-participa-en-investigacion-sobre-estrategias-para-el-desarrollo-de-habilidades-matematicas-en-ninos-y-ninas-de-espectro-autista-que-se-ejecuta-en-chile\/#primaryimage\",\"url\":\"https:\/\/www.uoh.cl\/instituto-de-ciencias-de-la-educacion\/wp-content\/uploads\/sites\/13\/2022\/11\/Ana-Leon-Alvarez.jpg\",\"contentUrl\":\"https:\/\/www.uoh.cl\/instituto-de-ciencias-de-la-educacion\/wp-content\/uploads\/sites\/13\/2022\/11\/Ana-Leon-Alvarez.jpg\",\"width\":1000,\"height\":1000},{\"@type\":\"WebSite\",\"@id\":\"https:\/\/www.uoh.cl\/instituto-de-ciencias-de-la-educacion\/#website\",\"url\":\"https:\/\/www.uoh.cl\/instituto-de-ciencias-de-la-educacion\/\",\"name\":\"Instituto de Ciencias de la Educaci\u00f3n\",\"description\":\"Otro sitio de Sitios de Universidad O&#039;higgins\",\"potentialAction\":[{\"@type\":\"SearchAction\",\"target\":{\"@type\":\"EntryPoint\",\"urlTemplate\":\"https:\/\/www.uoh.cl\/instituto-de-ciencias-de-la-educacion\/?s={search_term_string}\"},\"query-input\":{\"@type\":\"PropertyValueSpecification\",\"valueRequired\":true,\"valueName\":\"search_term_string\"}}],\"inLanguage\":\"es-CL\"},{\"@type\":\"Person\",\"@id\":\"https:\/\/www.uoh.cl\/instituto-de-ciencias-de-la-educacion\/#\/schema\/person\/ea242e676c7d6d7e46fc8b9e39486c4f\",\"name\":\"Universidad de O'Higgins\",\"image\":{\"@type\":\"ImageObject\",\"inLanguage\":\"es-CL\",\"@id\":\"https:\/\/www.uoh.cl\/instituto-de-ciencias-de-la-educacion\/#\/schema\/person\/image\/\",\"url\":\"https:\/\/secure.gravatar.com\/avatar\/78fcb76ca05efae11fd355943c01a832a29786cc00d85b1a82c301bea2b2a214?s=96&d=mm&r=g\",\"contentUrl\":\"https:\/\/secure.gravatar.com\/avatar\/78fcb76ca05efae11fd355943c01a832a29786cc00d85b1a82c301bea2b2a214?s=96&d=mm&r=g\",\"caption\":\"Universidad de O'Higgins\"}}]}<\/script>\n<!-- \/ Yoast SEO plugin. -->","yoast_head_json":{"title":"Experta espa\u00f1ola participa en investigaci\u00f3n sobre estrategias para el desarrollo de habilidades matem\u00e1ticas en ni\u00f1os y ni\u00f1as de espectro autista que se ejecuta en Chile - Instituto de Ciencias de la Educaci\u00f3n","description":"Ana Le\u00f3n \u00c1lvarez, maestra de Educaci\u00f3n Especial, Audici\u00f3n y Lenguaje y licenciada de Psicopedagog\u00eda, visita Chile para entregar su experiencia desde la realidad espa\u00f1ola.","robots":{"index":"noindex","follow":"nofollow"},"og_locale":"es_ES","og_type":"article","og_title":"Experta espa\u00f1ola participa en investigaci\u00f3n sobre estrategias para el desarrollo de habilidades matem\u00e1ticas en ni\u00f1os y ni\u00f1as de espectro autista que se ejecuta en Chile - Instituto de Ciencias de la Educaci\u00f3n","og_description":"Ana Le\u00f3n \u00c1lvarez, maestra de Educaci\u00f3n Especial, Audici\u00f3n y Lenguaje y licenciada de Psicopedagog\u00eda, visita Chile para entregar su experiencia desde la realidad espa\u00f1ola.","og_url":"https:\/\/www.uoh.cl\/instituto-de-ciencias-de-la-educacion\/2022\/11\/17\/experta-espanola-participa-en-investigacion-sobre-estrategias-para-el-desarrollo-de-habilidades-matematicas-en-ninos-y-ninas-de-espectro-autista-que-se-ejecuta-en-chile\/","og_site_name":"Instituto de Ciencias de la Educaci\u00f3n","article_published_time":"2022-11-17T15:30:54+00:00","article_modified_time":"2022-11-17T15:33:49+00:00","og_image":[{"width":1000,"height":1000,"url":"https:\/\/www.uoh.cl\/instituto-de-ciencias-de-la-educacion\/wp-content\/uploads\/sites\/13\/2022\/11\/Ana-Leon-Alvarez.jpg","type":"image\/jpeg"}],"author":"Universidad de O'Higgins","twitter_card":"summary_large_image","twitter_misc":{"Escrito por":"Universidad de O'Higgins","Tiempo estimado de lectura":"4 minutos"},"schema":{"@context":"https:\/\/schema.org","@graph":[{"@type":"WebPage","@id":"https:\/\/www.uoh.cl\/instituto-de-ciencias-de-la-educacion\/2022\/11\/17\/experta-espanola-participa-en-investigacion-sobre-estrategias-para-el-desarrollo-de-habilidades-matematicas-en-ninos-y-ninas-de-espectro-autista-que-se-ejecuta-en-chile\/","url":"https:\/\/www.uoh.cl\/instituto-de-ciencias-de-la-educacion\/2022\/11\/17\/experta-espanola-participa-en-investigacion-sobre-estrategias-para-el-desarrollo-de-habilidades-matematicas-en-ninos-y-ninas-de-espectro-autista-que-se-ejecuta-en-chile\/","name":"Experta espa\u00f1ola participa en investigaci\u00f3n sobre estrategias para el desarrollo de habilidades matem\u00e1ticas en ni\u00f1os y ni\u00f1as de espectro autista que se ejecuta en Chile - Instituto de Ciencias de la Educaci\u00f3n","isPartOf":{"@id":"https:\/\/www.uoh.cl\/instituto-de-ciencias-de-la-educacion\/#website"},"primaryImageOfPage":{"@id":"https:\/\/www.uoh.cl\/instituto-de-ciencias-de-la-educacion\/2022\/11\/17\/experta-espanola-participa-en-investigacion-sobre-estrategias-para-el-desarrollo-de-habilidades-matematicas-en-ninos-y-ninas-de-espectro-autista-que-se-ejecuta-en-chile\/#primaryimage"},"image":{"@id":"https:\/\/www.uoh.cl\/instituto-de-ciencias-de-la-educacion\/2022\/11\/17\/experta-espanola-participa-en-investigacion-sobre-estrategias-para-el-desarrollo-de-habilidades-matematicas-en-ninos-y-ninas-de-espectro-autista-que-se-ejecuta-en-chile\/#primaryimage"},"thumbnailUrl":"https:\/\/www.uoh.cl\/instituto-de-ciencias-de-la-educacion\/wp-content\/uploads\/sites\/13\/2022\/11\/Ana-Leon-Alvarez.jpg","datePublished":"2022-11-17T15:30:54+00:00","dateModified":"2022-11-17T15:33:49+00:00","author":{"@id":"https:\/\/www.uoh.cl\/instituto-de-ciencias-de-la-educacion\/#\/schema\/person\/ea242e676c7d6d7e46fc8b9e39486c4f"},"description":"Ana Le\u00f3n \u00c1lvarez, maestra de Educaci\u00f3n Especial, Audici\u00f3n y Lenguaje y licenciada de Psicopedagog\u00eda, visita Chile para entregar su experiencia desde la realidad espa\u00f1ola.","inLanguage":"es-CL","potentialAction":[{"@type":"ReadAction","target":["https:\/\/www.uoh.cl\/instituto-de-ciencias-de-la-educacion\/2022\/11\/17\/experta-espanola-participa-en-investigacion-sobre-estrategias-para-el-desarrollo-de-habilidades-matematicas-en-ninos-y-ninas-de-espectro-autista-que-se-ejecuta-en-chile\/"]}]},{"@type":"ImageObject","inLanguage":"es-CL","@id":"https:\/\/www.uoh.cl\/instituto-de-ciencias-de-la-educacion\/2022\/11\/17\/experta-espanola-participa-en-investigacion-sobre-estrategias-para-el-desarrollo-de-habilidades-matematicas-en-ninos-y-ninas-de-espectro-autista-que-se-ejecuta-en-chile\/#primaryimage","url":"https:\/\/www.uoh.cl\/instituto-de-ciencias-de-la-educacion\/wp-content\/uploads\/sites\/13\/2022\/11\/Ana-Leon-Alvarez.jpg","contentUrl":"https:\/\/www.uoh.cl\/instituto-de-ciencias-de-la-educacion\/wp-content\/uploads\/sites\/13\/2022\/11\/Ana-Leon-Alvarez.jpg","width":1000,"height":1000},{"@type":"WebSite","@id":"https:\/\/www.uoh.cl\/instituto-de-ciencias-de-la-educacion\/#website","url":"https:\/\/www.uoh.cl\/instituto-de-ciencias-de-la-educacion\/","name":"Instituto de Ciencias de la Educaci\u00f3n","description":"Otro sitio de Sitios de Universidad O&#039;higgins","potentialAction":[{"@type":"SearchAction","target":{"@type":"EntryPoint","urlTemplate":"https:\/\/www.uoh.cl\/instituto-de-ciencias-de-la-educacion\/?s={search_term_string}"},"query-input":{"@type":"PropertyValueSpecification","valueRequired":true,"valueName":"search_term_string"}}],"inLanguage":"es-CL"},{"@type":"Person","@id":"https:\/\/www.uoh.cl\/instituto-de-ciencias-de-la-educacion\/#\/schema\/person\/ea242e676c7d6d7e46fc8b9e39486c4f","name":"Universidad de O'Higgins","image":{"@type":"ImageObject","inLanguage":"es-CL","@id":"https:\/\/www.uoh.cl\/instituto-de-ciencias-de-la-educacion\/#\/schema\/person\/image\/","url":"https:\/\/secure.gravatar.com\/avatar\/78fcb76ca05efae11fd355943c01a832a29786cc00d85b1a82c301bea2b2a214?s=96&d=mm&r=g","contentUrl":"https:\/\/secure.gravatar.com\/avatar\/78fcb76ca05efae11fd355943c01a832a29786cc00d85b1a82c301bea2b2a214?s=96&d=mm&r=g","caption":"Universidad de O'Higgins"}}]}},"_links":{"self":[{"href":"https:\/\/www.uoh.cl\/instituto-de-ciencias-de-la-educacion\/wp-json\/wp\/v2\/posts\/1445","targetHints":{"allow":["GET"]}}],"collection":[{"href":"https:\/\/www.uoh.cl\/instituto-de-ciencias-de-la-educacion\/wp-json\/wp\/v2\/posts"}],"about":[{"href":"https:\/\/www.uoh.cl\/instituto-de-ciencias-de-la-educacion\/wp-json\/wp\/v2\/types\/post"}],"author":[{"embeddable":true,"href":"https:\/\/www.uoh.cl\/instituto-de-ciencias-de-la-educacion\/wp-json\/wp\/v2\/users\/34"}],"replies":[{"embeddable":true,"href":"https:\/\/www.uoh.cl\/instituto-de-ciencias-de-la-educacion\/wp-json\/wp\/v2\/comments?post=1445"}],"version-history":[{"count":1,"href":"https:\/\/www.uoh.cl\/instituto-de-ciencias-de-la-educacion\/wp-json\/wp\/v2\/posts\/1445\/revisions"}],"predecessor-version":[{"id":1447,"href":"https:\/\/www.uoh.cl\/instituto-de-ciencias-de-la-educacion\/wp-json\/wp\/v2\/posts\/1445\/revisions\/1447"}],"wp:featuredmedia":[{"embeddable":true,"href":"https:\/\/www.uoh.cl\/instituto-de-ciencias-de-la-educacion\/wp-json\/wp\/v2\/media\/1448"}],"wp:attachment":[{"href":"https:\/\/www.uoh.cl\/instituto-de-ciencias-de-la-educacion\/wp-json\/wp\/v2\/media?parent=1445"}],"wp:term":[{"taxonomy":"category","embeddable":true,"href":"https:\/\/www.uoh.cl\/instituto-de-ciencias-de-la-educacion\/wp-json\/wp\/v2\/categories?post=1445"},{"taxonomy":"post_tag","embeddable":true,"href":"https:\/\/www.uoh.cl\/instituto-de-ciencias-de-la-educacion\/wp-json\/wp\/v2\/tags?post=1445"}],"curies":[{"name":"wp","href":"https:\/\/api.w.org\/{rel}","templated":true}]}}