
{"id":93498,"date":"2026-09-03T16:30:23","date_gmt":"2026-09-03T19:30:23","guid":{"rendered":"https:\/\/www.uoh.cl\/instituto-de-ciencias-agroalimentarias\/chile-y-mexico-avanzan-en-el-control-sostenible-de-parasitos-en-la-ganaderia-ovina-del-secano-costero\/"},"modified":"2026-09-03T16:30:23","modified_gmt":"2026-09-03T19:30:23","slug":"chile-y-mexico-avanzan-en-el-control-sostenible-de-parasitos-en-la-ganaderia-ovina-del-secano-costero","status":"publish","type":"post","link":"https:\/\/www.uoh.cl\/instituto-de-ciencias-agroalimentarias\/chile-y-mexico-avanzan-en-el-control-sostenible-de-parasitos-en-la-ganaderia-ovina-del-secano-costero\/","title":{"rendered":"Chile y M\u00e9xico avanzan en el control sostenible de par\u00e1sitos en la ganader\u00eda ovina del secano costero"},"content":{"rendered":"<div class=\"wpb-content-wrapper\"><p>[vc_section el_class=&#8221;container mx-auto align-items-center circle&#8211;pattern&#8221; css=&#8221;.vc_custom_1648956589196{padding-top: 3rem !important;}&#8221;][vc_row][vc_column]<div class=\"breadcrumb\"><ol itemscope itemtype=\"https:\/\/schema.org\/BreadcrumbList\"><li itemprop=\"itemListElement\" itemscope itemtype=\"https:\/\/schema.org\/ListItem\"><a itemprop=\"item\" href=\"http:\/\/www.uoh.cl\"><span itemprop=\"name\">Inicio<\/span><\/a><meta itemprop=\"position\" content=\"1\" \/><li itemprop=\"itemListElement\" itemscope itemtype=\"https:\/\/schema.org\/ListItem\"><a itemprop=\"item\" href=\"https:\/\/www.uoh.cl\/instituto-de-ciencias-agroalimentarias\"><span itemprop=\"name\">Instituto de Ciencias Agroalimentarias, Animales y Ambientales<\/span><\/a><meta itemprop=\"position\" content=\"2\" \/><li itemprop=\"itemListElement\" itemscope itemtype=\"https:\/\/schema.org\/ListItem\"><a itemprop=\"item\" href=\"https:\/\/www.uoh.cl\/instituto-de-ciencias-agroalimentarias\/noticias\/\"><span itemprop=\"name\">Noticias<\/span><\/a><meta itemprop=\"position\" content=\"3\" \/><li itemprop=\"itemListElement\" itemscope itemtype=\"https:\/\/schema.org\/ListItem\"><span itemprop=\"name\">Chile y M\u00e9xico avanzan en el control sostenible de par\u00e1sitos <\/span><meta itemprop=\"position\" content=\"4\" \/><\/ol><\/div><ul class=\"p-0 list-style-none d-inline-block\"><li class=\"p-0\"><a href=https:\/\/www.uoh.cl\/instituto-de-ciencias-agroalimentarias\/category\/ica3\/ class=\"px-1 py-2\">ICA3<\/a><\/li><\/ul><div class=\"date_publish_post\"> \u25cf Jue 03 de Septiembre 2026<\/div><div class=\"uoh_title_component-container\"><h1 class=\"title title--ms d-inline-block title--decorator  big\">Chile y M\u00e9xico avanzan en el control sostenible de par\u00e1sitos en la ganader\u00eda ovina del secano costero<\/h1><\/div>[vc_row_inner el_class=&#8221;border-separator m-0&#8243;][vc_column_inner width=&#8221;2\/3&#8243;]<div class=\"author_wp_class\"> Escrito por <span>Universidad de O'Higgins<\/span><\/div>[\/vc_column_inner][vc_column_inner el_class=&#8221;align-items-end-publish&#8221; width=&#8221;1\/3&#8243;]<div class=\"uoh_social_network_component uoh_row col-12 justify-content-end m-0 p-0\"> <div class=\"icon__facebook-share-button\">\n                       <a href=\"https:\/\/www.facebook.com\/sharer\/sharer.php?u=https:\/\/www.uoh.cl\/instituto-de-ciencias-agroalimentarias\/chile-y-mexico-avanzan-en-el-control-sostenible-de-parasitos-en-la-ganaderia-ovina-del-secano-costero\/\" target=\"_blank\"> <div class=\"icon__facebook-svg\"><svg version=\"1.1\" xmlns=\"http:\/\/www.w3.org\/2000\/svg\" xmlns:xlink=\"http:\/\/www.w3.org\/1999\/xlink\" x=\"0px\" y=\"0px\" width=\"22.4px\" height=\"48.3px\" viewBox=\"0 0 22.4 48.3\" style=\"overflow:visible;enable-background:new 0 0 22.4 48.3;\" xml:space=\"preserve\">\n                <defs>\n                <\/defs>\n                <path class=\"st0\" d=\"M22.4,15.6h-7.6v-5c0-1.9,1.2-2.3,2.1-2.3c0.9,0,5.4,0,5.4,0V0l-7.4,0C6.6,0,4.8,6.2,4.8,10.1v5.5H0v8.5h4.8\n                    c0,10.9,0,24.1,0,24.1h10c0,0,0-13.3,0-24.1h6.8L22.4,15.6z\"><\/path>\n                <\/svg><\/a><\/div>\n                    <\/div><div class=\"icon__twitter-share-button\">\n                        <div class=\"icon__twitter-svg\"><a target=\"_blank\" href=\"http:\/\/twitter.com\/share?url=https:\/\/www.uoh.cl\/instituto-de-ciencias-agroalimentarias\/chile-y-mexico-avanzan-en-el-control-sostenible-de-parasitos-en-la-ganaderia-ovina-del-secano-costero\/\"><svg xmlns=\"http:\/\/www.w3.org\/2000\/svg\" height=\"1em\" viewBox=\"0 0 512 512\"><!--! Font Awesome Free 6.4.2 by @fontawesome - https:\/\/fontawesome.com License - https:\/\/fontawesome.com\/license (Commercial License) Copyright 2023 Fonticons, Inc. --><path d=\"M389.2 48h70.6L305.6 224.2 487 464H345L233.7 318.6 106.5 464H35.8L200.7 275.5 26.8 48H172.4L272.9 180.9 389.2 48zM364.4 421.8h39.1L151.1 88h-42L364.4 421.8z\"\/><\/svg><\/a><\/div>\n                        <\/div><div class=\"icon__linkedin-share-button\">\n                        <div class=\"icon__linkedin-svg\">\n                        <a target=\"__blank\" href=\"https:\/\/www.linkedin.com\/sharing\/share-offsite\/?url=https:\/\/www.uoh.cl\/instituto-de-ciencias-agroalimentarias\/chile-y-mexico-avanzan-en-el-control-sostenible-de-parasitos-en-la-ganaderia-ovina-del-secano-costero\/\"><svg enable-background=\"new 0 0 100 100\" height=\"100px\" id=\"Layer_1\" version=\"1.1\" viewBox=\"0 0 100 100\" width=\"100px\" xml:space=\"preserve\" xmlns=\"http:\/\/www.w3.org\/2000\/svg\" xmlns:xlink=\"http:\/\/www.w3.org\/1999\/xlink\"><g><circle cx=\"50\" cy=\"50\" fill=\"#ccc\" r=\"45\"\/><g id=\"LinkedIn_1_\"><rect fill=\"#FFFFFF\" height=\"24.361\" width=\"7.69\" x=\"31.271\" y=\"43.569\"\/><path d=\"M59.968,43.334c-4.406,0-7.165,2.387-7.677,4.058v-3.823h-8.636c0.109,2.03,0,24.361,0,24.361h8.636    V54.748c0-0.733-0.034-1.465,0.19-1.991c0.594-1.464,1.869-2.985,4.162-2.985c2.998,0,4.361,2.253,4.361,5.552V67.93h8.721V54.384    C69.726,46.839,65.432,43.334,59.968,43.334z\" fill=\"#FFFFFF\"\/><path d=\"M34.973,32.069c-2.839,0-4.696,1.823-4.696,4.229c0,2.361,1.804,4.224,4.589,4.224h0.054    c2.891,0,4.69-1.869,4.69-4.229C39.555,33.888,37.81,32.069,34.973,32.069z\" fill=\"#FFFFFF\"\/><\/g><\/g><\/svg><\/a><\/div>\n\n            <\/div><\/div>[\/vc_column_inner][\/vc_row_inner][vc_single_image image=&#8221;80358&#8243; img_size=&#8221;full&#8221; add_caption=&#8221;yes&#8221; alignment=&#8221;center&#8221; onclick=&#8221;img_link_large&#8221; img_link_target=&#8221;_blank&#8221; css=&#8221;&#8221;][vc_column_text]\u00a0[\/vc_column_text][vc_column_text css=&#8221;&#8221;]<em>\u00b7 Bajo el enfoque de Una Salud, un proyecto de cooperaci\u00f3n internacional busca reemplazar la desparasitaci\u00f3n calendarizada por decisiones sanitarias basadas en evidencia.<\/em>[\/vc_column_text][vc_column_text]\u00a0[\/vc_column_text][vc_column_text css=&#8221;&#8221;]<\/p>\n<p style=\"font-weight: 400\">El control de vectores y de nem\u00e1todos gastrointestinales en peque\u00f1os rumiantes es uno de los principales desaf\u00edos sanitarios de la ganader\u00eda ovina en la Regi\u00f3n de O&#8217;Higgins. En ese marco se desarrolla el proyecto &#8220;Intercambio de tecnolog\u00eda para el control de vectores y nem\u00e1todos gastrointestinales&#8221;, financiado por el Fondo Chile-M\u00e9xico y coordinado por las agencias de cooperaci\u00f3n de ambos pa\u00edses, AGCID y AMEXCID, y que es liderado por la acad\u00e9mica del\u00a0<a href=\"https:\/\/www.uoh.cl\/instituto-de-ciencias-agroalimentarias\/\" data-saferedirecturl=\"https:\/\/www.google.com\/url?q=https:\/\/www.uoh.cl\/instituto-de-ciencias-agroalimentarias\/&amp;source=gmail&amp;ust=1788525284773000&amp;usg=AOvVaw2La2tJxw9cxnglBt6XTfBF\">Instituto de Ciencias Agroalimentarias, Animales y Ambientales<\/a>\u00a0de la\u00a0<a href=\"http:\/\/www.uoh.cl\/\" data-saferedirecturl=\"https:\/\/www.google.com\/url?q=http:\/\/www.uoh.cl\/&amp;source=gmail&amp;ust=1788525284773000&amp;usg=AOvVaw1wlKUZXk_C3oTqFHhzYFEh\">Universidad de O&#8217;Higgins<\/a>, Dra. Gemma Rojo, junto a equipos mexicanos en la construcci\u00f3n de estrategias de manejo efectivas y, a la vez, sostenibles para los productores y el ambiente.<\/p>\n<p style=\"font-weight: 400\">Como parte de esta iniciativa se realiz\u00f3 el taller \u201cManejo y Control Integrado de Par\u00e1sitos en Peque\u00f1os Rumiantes\u201d, en las dependencias del exinternado Municipal de Marchig\u00fce, que reuni\u00f3 a productores ovinos y equipos t\u00e9cnicos en torno a estrategias de manejo sostenible del reba\u00f1o.<\/p>\n<p style=\"font-weight: 400\">La investigadora explic\u00f3 que el trabajo parte de una brecha detectada al inicio de la iniciativa, que es la falta de informaci\u00f3n local actualizada sobre los par\u00e1sitos presentes en los reba\u00f1os. &#8220;Sin conocer qu\u00e9 par\u00e1sitos est\u00e1n circulando en el territorio, es dif\u00edcil orientar adecuadamente las estrategias de manejo y control&#8221;, destac\u00f3 Rojo.<\/p>\n<p style=\"font-weight: 400\">Esa caracterizaci\u00f3n ya fue realizada y sus resultados ser\u00e1n publicados pr\u00f3ximamente y compartidos con productores, equipos t\u00e9cnicos e instituciones. En este avance ha sido clave la colaboraci\u00f3n del Instituto de Investigaciones Agropecuarias (INIA) Hidango, que ha permitido desarrollar la investigaci\u00f3n en condiciones productivas reales del secano costero.<\/p>\n<p style=\"font-weight: 400\">Durante la jornada se trabaj\u00f3 en herramientas que permiten decidir cu\u00e1ndo tratar y comprobar si el tratamiento funcion\u00f3, en lugar de depender de la desparasitaci\u00f3n por calendario. Entre ellas, destaca el examen coproparasitario, que estima la carga parasitaria del reba\u00f1o antes y despu\u00e9s de tratar.<\/p>\n<p style=\"font-weight: 400\">Rojo indic\u00f3 que &#8220;la idea no es eliminar completamente el uso de medicamentos, sino utilizarlos de manera m\u00e1s racional y complementarlos con otras estrategias&#8221;. En esa l\u00ednea, el equipo estudia el cultivo del hongo ostra, Pleurotus spp., como una posible herramienta natural y complementaria para el control de nem\u00e1todos gastrointestinales.<\/p>\n<p style=\"font-weight: 400\">Ese componente fue abordado en terreno por Coco Sep\u00falveda, socio fundador de Hongo Chile, granja de hongos comestibles y medicinales, quien dict\u00f3 una charla sobre el cultivo del hongo ostra dirigida a los productores ovinos. La instancia busc\u00f3 acercar esta pr\u00e1ctica a los asistentes y motivarlos a desarrollar sus propios cultivos. \u201cLa gracia de estos hongos es que pueden servir a nivel de protecci\u00f3n de ciertos animales y, por otro lado, tienen todo el valor nutricional y gastron\u00f3mico para que las mismas personas los puedan consumir&#8221;, se\u00f1al\u00f3 Sep\u00falveda.<\/p>\n<p style=\"font-weight: 400\">La Dra. Rojo relev\u00f3 que la colaboraci\u00f3n con M\u00e9xico ha permitido compartir experiencias y tecnolog\u00edas desarrolladas en ambos pa\u00edses, tanto en el control de nem\u00e1todos como en la vigilancia de vectores, y precis\u00f3 que &#8220;la idea no es trasladar soluciones de manera autom\u00e1tica, sino evaluarlas, adaptarlas y validarlas de acuerdo con las condiciones productivas, ambientales y sociales de cada territorio&#8221;.<\/p>\n<p>[\/vc_column_text][vc_zigzag color=&#8221;white&#8221;][\/vc_column][\/vc_row][vc_row][vc_column width=&#8221;1\/2&#8243;][vc_single_image image=&#8221;80360&#8243; img_size=&#8221;700&#215;450&#8243; onclick=&#8221;link_image&#8221; css=&#8221;&#8221;][\/vc_column][vc_column width=&#8221;1\/2&#8243;][vc_single_image image=&#8221;80361&#8243; img_size=&#8221;700&#215;450&#8243; onclick=&#8221;link_image&#8221; css=&#8221;&#8221;][\/vc_column][\/vc_row][vc_row][vc_column][vc_zigzag color=&#8221;white&#8221;][\/vc_column][\/vc_row][vc_row][vc_column][vc_column_text css=&#8221;&#8221;]<\/p>\n<p style=\"font-weight: 400\"><strong>Del laboratorio al predio<\/strong><\/p>\n<p style=\"font-weight: 400\">El proyecto busca traducir este conocimiento en decisiones de manejo aplicables en los predios. Los resultados se compartir\u00e1n con productores y con actores como el Instituto de Desarrollo Agropecuario (INDAP), a trav\u00e9s del Programa de Desarrollo Local (PRODESAL), INIA, el Servicio Agr\u00edcola y Ganadero (SAG) y los municipios vinculados a la ganader\u00eda ovina, de modo que la informaci\u00f3n no quede \u00fanicamente en publicaciones cient\u00edficas.<\/p>\n<p style=\"font-weight: 400\">Adolfo Jorquera, productor de la comuna de Pumanque, valor\u00f3 el aporte de la jornada y destac\u00f3 que &#8220;el tema de los hongos y las distintas charlas, todo muy bueno; para nosotros esto es muy valioso&#8221;. Mientras que Carlos Vidal, productor del sector de Matancilla, de la comuna de Litueche, relev\u00f3 el inter\u00e9s que despert\u00f3 el uso de hongos. &#8220;Esta charla es muy beneficiosa, porque hay cosas que debemos aprender. Me llevo una buena imagen para, si es posible, producirlos y que nos ayude para nuestra comunidad&#8221;.<\/p>\n<p style=\"font-weight: 400\">Rojo afirm\u00f3 que &#8220;no buscamos realizar una actividad aislada, sino construir un trabajo sostenido en el tiempo, conectado con las necesidades reales del territorio y basado en la colaboraci\u00f3n&#8221;. Desde la mirada de Una Salud, el objetivo es contribuir a una producci\u00f3n ovina que proteja la salud de los animales, sea viable para las familias productoras y considere el cuidado del ambiente.<\/p>\n<p>[\/vc_column_text][\/vc_column][\/vc_row][vc_row][vc_column][vc_zigzag color=&#8221;white&#8221;][\/vc_column][\/vc_row][\/vc_section][vc_section css=&#8221;.vc_custom_1650255686594{background-color: #f6faff !important;}&#8221; el_class=&#8221;p-md-0 pt-md-5&#8243;][vc_row el_class=&#8221;container mx-auto align-items-center p-md-0 pt-5 pb-5&#8243;][vc_column el_class=&#8221;pb-5&#8243;][vc_row_inner el_class=&#8221;pb-5&#8243;][vc_column_inner]<div class=\"row m-0 p-0\"><div class=\"col-12 col-md-9 pt-5 pt-md-0\"><h2 class=\"title title--decorator title--ms d-inline-block\">Te Recomendamos<\/h2><\/div><\/div><div class=\"content-holder\"><div class=\"row  swipper-news-list not--activate-hack \"><div class=\"row -wrapper\"><div class=\"  col-sm-6 col-md-4 img-article\">\n                                        <div class=\"content-news-display row m-0 p-0\"><div class=\"holder p-0 \"><div class=\"img-wrap img-wrap-news\">\n                                        <div class=\"caption__news-category\">\n                                        <a href=\"https:\/\/www.uoh.cl\/instituto-de-ciencias-agroalimentarias\/category\/ica3\/\">\n                                        ICA3<\/a><\/div><img decoding=\"async\" class=\"w-100 h-100 lazyload\" data-src=\"https:\/\/www.uoh.cl\/instituto-de-ciencias-agroalimentarias\/wp-content\/uploads\/sites\/25\/2026\/09\/foto_redes_08.jpg\" alt=\"UOH avanza en SVAR: la iniciativa que busca dar a la industria del salm\u00f3n un men\u00fa de medidas costo-efectivas para usar menos antimicrobianos\" style=\"--smush-placeholder-width: 1600px; --smush-placeholder-aspect-ratio: 1600\/1204;object-fit: cover; object-position: center;\" src=\"data:image\/svg+xml;base64,PHN2ZyB3aWR0aD0iMSIgaGVpZ2h0PSIxIiB4bWxucz0iaHR0cDovL3d3dy53My5vcmcvMjAwMC9zdmciPjwvc3ZnPg==\"><\/div><\/div><div class=\"caption py-3 caption__news py-md-3 pb-md-5\">\n                                    <span class=\"caption__date\">Jueves 3, Septiembre<\/span>\n                                     <a href=\"https:\/\/www.uoh.cl\/instituto-de-ciencias-agroalimentarias\/uoh-avanza-en-svar-la-iniciativa-que-busca-dar-a-la-industria-del-salmon-un-menu-de-medidas-costo-efectivas-para-usar-menos-antimicrobianos\/\">\n                                    <h3 class=\"small-space\">UOH avanza en SVAR: la iniciativa que busca dar a la industria del salm\u00f3n un men\u00fa de medidas costo-efectivas para usar menos antimicrobianos<\/h3><\/a>\n\n                                    <p>El taller, organizado por la Universidad de O'Higgins, cerr\u00f3 la etapa de elicitaci\u00f3n de expertos del proyecto internacional SVAR, que busca reducir en un 25% el consumo de antimicrobianos en la industria del salm\u00f3n.<\/p>\n                                    <a class=\"link link--bold mt-md-3\" href=\"https:\/\/www.uoh.cl\/instituto-de-ciencias-agroalimentarias\/uoh-avanza-en-svar-la-iniciativa-que-busca-dar-a-la-industria-del-salmon-un-menu-de-medidas-costo-efectivas-para-usar-menos-antimicrobianos\/\">Saber m\u00e1s <span class=\"icon icon--inline icon--link\"><svg version=\"1.1\" xmlns=\"http:\/\/www.w3.org\/2000\/svg\" xmlns:xlink=\"http:\/\/www.w3.org\/1999\/xlink\" x=\"0px\" y=\"0px\" width=\"22px\"height=\"22px\" viewBox=\"0 0 22 22\" style=\"overflow:visible;enable-background:new 0 0 80 64.6;\" xml:space=\"preserve\"><g clip-path=\"url(#acA)\"><path fill-rule=\"evenodd\" d=\"M21.913 11.266a.93.93 0 000-.711c-.022-.056-.063-.097-.091-.144s-.053-.103-.097-.15L12.306.294c-.357-.379-.955-.394-1.334-.038s-.394.955-.038 1.334l7.917 8.374H.927a.95.95 0 00-.908.983.946.946 0 00.908.908h17.924l-8.089 8.552c-.357.379-.341.977.034 1.334s.977.341 1.334-.034l9.594-10.148c.044-.044.063-.1.097-.15.028-.047.069-.088.091-.141z\"\/><\/g><defs><clipPath id=\"acA\"><path fill=\"#fff\" d=\"M0 0h22v22H0z\"\/><\/clipPath><\/defs><\/svg><\/span><\/a><\/div><\/div><\/div><div class=\"  col-sm-6 col-md-4 img-article\">\n                                        <div class=\"content-news-display row m-0 p-0\"><div class=\"holder p-0 \"><div class=\"img-wrap img-wrap-news\">\n                                        <div class=\"caption__news-category\">\n                                        <a href=\"https:\/\/www.uoh.cl\/instituto-de-ciencias-agroalimentarias\/category\/ica3\/\">\n                                        ICA3<\/a><\/div><img decoding=\"async\" class=\"w-100 h-100 lazyload\" data-src=\"https:\/\/www.uoh.cl\/instituto-de-ciencias-agroalimentarias\/wp-content\/uploads\/sites\/25\/2026\/09\/Ovejas.jpg\" alt=\"Chile y M\u00e9xico avanzan en el control sostenible de par\u00e1sitos en la ganader\u00eda ovina del secano costero\" style=\"--smush-placeholder-width: 1536px; --smush-placeholder-aspect-ratio: 1536\/864;object-fit: cover; object-position: center;\" src=\"data:image\/svg+xml;base64,PHN2ZyB3aWR0aD0iMSIgaGVpZ2h0PSIxIiB4bWxucz0iaHR0cDovL3d3dy53My5vcmcvMjAwMC9zdmciPjwvc3ZnPg==\"><\/div><\/div><div class=\"caption py-3 caption__news py-md-3 pb-md-5\">\n                                    <span class=\"caption__date\">Jueves 3, Septiembre<\/span>\n                                     <a href=\"https:\/\/www.uoh.cl\/instituto-de-ciencias-agroalimentarias\/chile-y-mexico-avanzan-en-el-control-sostenible-de-parasitos-en-la-ganaderia-ovina-del-secano-costero\/\">\n                                    <h3 class=\"small-space\">Chile y M\u00e9xico avanzan en el control sostenible de par\u00e1sitos en la ganader\u00eda ovina del secano costero<\/h3><\/a>\n\n                                    <p>Bajo el enfoque de Una Salud, un proyecto de cooperaci\u00f3n internacional busca reemplazar la desparasitaci\u00f3n calendarizada por decisiones sanitarias basadas en evidencia.<\/p>\n                                    <a class=\"link link--bold mt-md-3\" href=\"https:\/\/www.uoh.cl\/instituto-de-ciencias-agroalimentarias\/chile-y-mexico-avanzan-en-el-control-sostenible-de-parasitos-en-la-ganaderia-ovina-del-secano-costero\/\">Saber m\u00e1s <span class=\"icon icon--inline icon--link\"><svg version=\"1.1\" xmlns=\"http:\/\/www.w3.org\/2000\/svg\" xmlns:xlink=\"http:\/\/www.w3.org\/1999\/xlink\" x=\"0px\" y=\"0px\" width=\"22px\"height=\"22px\" viewBox=\"0 0 22 22\" style=\"overflow:visible;enable-background:new 0 0 80 64.6;\" xml:space=\"preserve\"><g clip-path=\"url(#acA)\"><path fill-rule=\"evenodd\" d=\"M21.913 11.266a.93.93 0 000-.711c-.022-.056-.063-.097-.091-.144s-.053-.103-.097-.15L12.306.294c-.357-.379-.955-.394-1.334-.038s-.394.955-.038 1.334l7.917 8.374H.927a.95.95 0 00-.908.983.946.946 0 00.908.908h17.924l-8.089 8.552c-.357.379-.341.977.034 1.334s.977.341 1.334-.034l9.594-10.148c.044-.044.063-.1.097-.15.028-.047.069-.088.091-.141z\"\/><\/g><defs><clipPath id=\"acA\"><path fill=\"#fff\" d=\"M0 0h22v22H0z\"\/><\/clipPath><\/defs><\/svg><\/span><\/a><\/div><\/div><\/div><div class=\"  col-sm-6 col-md-4 img-article\">\n                                        <div class=\"content-news-display row m-0 p-0\"><div class=\"holder p-0 \"><div class=\"img-wrap img-wrap-news\">\n                                        <div class=\"caption__news-category\">\n                                        <a href=\"https:\/\/www.uoh.cl\/instituto-de-ciencias-agroalimentarias\/category\/ica3\/\">\n                                        ICA3<\/a><\/div><img decoding=\"async\" class=\"w-100 h-100 lazyload\" data-src=\"https:\/\/www.uoh.cl\/instituto-de-ciencias-agroalimentarias\/wp-content\/uploads\/sites\/25\/2026\/09\/IMG_6102-scaled.jpg\" alt=\"Seminario ICA3 abord\u00f3 el rol del \u00f3xido n\u00edtrico en la formaci\u00f3n de ra\u00edces del tomate bajo d\u00e9ficit h\u00eddrico\" style=\"--smush-placeholder-width: 2560px; --smush-placeholder-aspect-ratio: 2560\/1707;object-fit: cover; object-position: center;\" src=\"data:image\/svg+xml;base64,PHN2ZyB3aWR0aD0iMSIgaGVpZ2h0PSIxIiB4bWxucz0iaHR0cDovL3d3dy53My5vcmcvMjAwMC9zdmciPjwvc3ZnPg==\"><\/div><\/div><div class=\"caption py-3 caption__news py-md-3 pb-md-5\">\n                                    <span class=\"caption__date\">Jueves 3, Septiembre<\/span>\n                                     <a href=\"https:\/\/www.uoh.cl\/instituto-de-ciencias-agroalimentarias\/seminario-ica3-abordo-el-rol-del-oxido-nitrico-en-la-formacion-de-raices-del-tomate-bajo-deficit-hidrico\/\">\n                                    <h3 class=\"small-space\">Seminario ICA3 abord\u00f3 el rol del \u00f3xido n\u00edtrico en la formaci\u00f3n de ra\u00edces del tomate bajo d\u00e9ficit h\u00eddrico<\/h3><\/a>\n\n                                    <p>Bajo el t\u00edtulo \"Ra\u00edces bajo estr\u00e9s: rol del \u00f3xido n\u00edtrico en la organog\u00e9nesis de ra\u00edces laterales bajo d\u00e9ficit h\u00eddrico\", el investigador postdoctoral Carlos Rubilar Hern\u00e1ndez expuso los avances de un proyecto Fondecyt de Iniciaci\u00f3n enfocado en un cultivo clave para la Regi\u00f3n de O'Higgins.<\/p>\n                                    <a class=\"link link--bold mt-md-3\" href=\"https:\/\/www.uoh.cl\/instituto-de-ciencias-agroalimentarias\/seminario-ica3-abordo-el-rol-del-oxido-nitrico-en-la-formacion-de-raices-del-tomate-bajo-deficit-hidrico\/\">Saber m\u00e1s <span class=\"icon icon--inline icon--link\"><svg version=\"1.1\" xmlns=\"http:\/\/www.w3.org\/2000\/svg\" xmlns:xlink=\"http:\/\/www.w3.org\/1999\/xlink\" x=\"0px\" y=\"0px\" width=\"22px\"height=\"22px\" viewBox=\"0 0 22 22\" style=\"overflow:visible;enable-background:new 0 0 80 64.6;\" xml:space=\"preserve\"><g clip-path=\"url(#acA)\"><path fill-rule=\"evenodd\" d=\"M21.913 11.266a.93.93 0 000-.711c-.022-.056-.063-.097-.091-.144s-.053-.103-.097-.15L12.306.294c-.357-.379-.955-.394-1.334-.038s-.394.955-.038 1.334l7.917 8.374H.927a.95.95 0 00-.908.983.946.946 0 00.908.908h17.924l-8.089 8.552c-.357.379-.341.977.034 1.334s.977.341 1.334-.034l9.594-10.148c.044-.044.063-.1.097-.15.028-.047.069-.088.091-.141z\"\/><\/g><defs><clipPath id=\"acA\"><path fill=\"#fff\" d=\"M0 0h22v22H0z\"\/><\/clipPath><\/defs><\/svg><\/span><\/a><\/div><\/div><\/div><\/div><\/div><\/div><div class=\"pagination justify-content-center my-5\"><span aria-current=\"page\" class=\"page-numbers current\">1<\/span>\n<a class=\"page-numbers\" href=\"https:\/\/www.uoh.cl\/instituto-de-ciencias-agroalimentarias\/wp-json\/wp\/v2\/posts\/93498\/\/page\/2\">2<\/a>\n<a class=\"page-numbers\" href=\"https:\/\/www.uoh.cl\/instituto-de-ciencias-agroalimentarias\/wp-json\/wp\/v2\/posts\/93498\/\/page\/3\">3<\/a>\n<span class=\"page-numbers dots\">&hellip;<\/span>\n<a class=\"page-numbers\" href=\"https:\/\/www.uoh.cl\/instituto-de-ciencias-agroalimentarias\/wp-json\/wp\/v2\/posts\/93498\/\/page\/181\">181<\/a>\n<a class=\"next page-numbers\" href=\"https:\/\/www.uoh.cl\/instituto-de-ciencias-agroalimentarias\/wp-json\/wp\/v2\/posts\/93498\/\/page\/2\"><div class=\"icon-pagination-next\"> <?xml version=\"1.0\" ?><svg viewBox=\"0 0 96 96\" xmlns=\"http:\/\/www.w3.org\/2000\/svg\"><title\/><path d=\"M39.3756,48.0022l30.47-25.39a6.0035,6.0035,0,0,0-7.6878-9.223L26.1563,43.3906a6.0092,6.0092,0,0,0,0,9.2231L62.1578,82.615a6.0035,6.0035,0,0,0,7.6878-9.2231Z\"\/><\/svg> <\/div><\/a><\/div>[\/vc_column_inner][\/vc_row_inner][\/vc_column][\/vc_row][\/vc_section]<\/p>\n<\/div>","protected":false},"excerpt":{"rendered":"<p>Bajo el enfoque de Una Salud, un proyecto de cooperaci\u00f3n internacional busca reemplazar la desparasitaci\u00f3n calendarizada por decisiones sanitarias basadas en evidencia.<\/p>\n","protected":false},"author":34,"featured_media":93499,"comment_status":"open","ping_status":"open","sticky":false,"template":"","format":"standard","meta":{"_acf_changed":false,"footnotes":""},"categories":[44],"tags":[],"class_list":["post-93498","post","type-post","status-publish","format-standard","has-post-thumbnail","hentry","category-ica3"],"acf":[],"yoast_head":"<!-- This site is optimized with the Yoast SEO plugin v28.3 - https:\/\/yoast.com\/product\/yoast-seo-wordpress\/ -->\n<title>Chile y M\u00e9xico avanzan en el control sostenible de par\u00e1sitos en la ganader\u00eda ovina del secano costero - Instituto de Ciencias Agroalimentarias, Animales y Ambientales<\/title>\n<meta name=\"description\" content=\"Bajo el enfoque de Una Salud, un proyecto de cooperaci\u00f3n internacional busca reemplazar la desparasitaci\u00f3n calendarizada por decisiones sanitarias basadas en evidencia.\" \/>\n<meta name=\"robots\" content=\"noindex, nofollow\" \/>\n<meta property=\"og:locale\" content=\"es_ES\" \/>\n<meta property=\"og:type\" content=\"article\" \/>\n<meta property=\"og:title\" content=\"Chile y M\u00e9xico avanzan en el control sostenible de par\u00e1sitos en la ganader\u00eda ovina del secano costero - Instituto de Ciencias Agroalimentarias, Animales y Ambientales\" \/>\n<meta property=\"og:description\" content=\"Bajo el enfoque de Una Salud, un proyecto de cooperaci\u00f3n internacional busca reemplazar la desparasitaci\u00f3n calendarizada por decisiones sanitarias basadas en evidencia.\" \/>\n<meta property=\"og:url\" content=\"https:\/\/www.uoh.cl\/instituto-de-ciencias-agroalimentarias\/chile-y-mexico-avanzan-en-el-control-sostenible-de-parasitos-en-la-ganaderia-ovina-del-secano-costero\/\" \/>\n<meta property=\"og:site_name\" content=\"Instituto de Ciencias Agroalimentarias, Animales y Ambientales\" \/>\n<meta property=\"article:published_time\" content=\"2026-09-03T19:30:23+00:00\" \/>\n<meta property=\"og:image\" content=\"https:\/\/www.uoh.cl\/instituto-de-ciencias-agroalimentarias\/wp-content\/uploads\/sites\/25\/2026\/09\/Ovejas.jpg\" \/>\n\t<meta property=\"og:image:width\" content=\"1536\" \/>\n\t<meta property=\"og:image:height\" content=\"864\" \/>\n\t<meta property=\"og:image:type\" content=\"image\/jpeg\" \/>\n<meta name=\"author\" content=\"Universidad de O&#039;Higgins\" \/>\n<meta name=\"twitter:card\" content=\"summary_large_image\" \/>\n<meta name=\"twitter:label1\" content=\"Escrito por\" \/>\n\t<meta name=\"twitter:data1\" content=\"Universidad de O&#039;Higgins\" \/>\n\t<meta name=\"twitter:label2\" content=\"Tiempo estimado de lectura\" \/>\n\t<meta name=\"twitter:data2\" content=\"5 minutos\" \/>\n<script type=\"application\/ld+json\" class=\"yoast-schema-graph\">{\"@context\":\"https:\\\/\\\/schema.org\",\"@graph\":[{\"@type\":\"Article\",\"@id\":\"https:\\\/\\\/www.uoh.cl\\\/instituto-de-ciencias-agroalimentarias\\\/chile-y-mexico-avanzan-en-el-control-sostenible-de-parasitos-en-la-ganaderia-ovina-del-secano-costero\\\/#article\",\"isPartOf\":{\"@id\":\"https:\\\/\\\/www.uoh.cl\\\/instituto-de-ciencias-agroalimentarias\\\/chile-y-mexico-avanzan-en-el-control-sostenible-de-parasitos-en-la-ganaderia-ovina-del-secano-costero\\\/\"},\"author\":{\"name\":\"Universidad de O'Higgins\",\"@id\":\"https:\\\/\\\/www.uoh.cl\\\/instituto-de-ciencias-agroalimentarias\\\/#\\\/schema\\\/person\\\/ea242e676c7d6d7e46fc8b9e39486c4f\"},\"headline\":\"Chile y M\u00e9xico avanzan en el control sostenible de par\u00e1sitos en la ganader\u00eda ovina del secano costero\",\"datePublished\":\"2026-09-03T19:30:23+00:00\",\"mainEntityOfPage\":{\"@id\":\"https:\\\/\\\/www.uoh.cl\\\/instituto-de-ciencias-agroalimentarias\\\/chile-y-mexico-avanzan-en-el-control-sostenible-de-parasitos-en-la-ganaderia-ovina-del-secano-costero\\\/\"},\"wordCount\":1114,\"commentCount\":0,\"image\":{\"@id\":\"https:\\\/\\\/www.uoh.cl\\\/instituto-de-ciencias-agroalimentarias\\\/chile-y-mexico-avanzan-en-el-control-sostenible-de-parasitos-en-la-ganaderia-ovina-del-secano-costero\\\/#primaryimage\"},\"thumbnailUrl\":\"https:\\\/\\\/www.uoh.cl\\\/instituto-de-ciencias-agroalimentarias\\\/wp-content\\\/uploads\\\/sites\\\/25\\\/2026\\\/09\\\/Ovejas.jpg\",\"articleSection\":[\"ICA3\"],\"inLanguage\":\"es-CL\",\"potentialAction\":[{\"@type\":\"CommentAction\",\"name\":\"Comment\",\"target\":[\"https:\\\/\\\/www.uoh.cl\\\/instituto-de-ciencias-agroalimentarias\\\/chile-y-mexico-avanzan-en-el-control-sostenible-de-parasitos-en-la-ganaderia-ovina-del-secano-costero\\\/#respond\"]}]},{\"@type\":\"WebPage\",\"@id\":\"https:\\\/\\\/www.uoh.cl\\\/instituto-de-ciencias-agroalimentarias\\\/chile-y-mexico-avanzan-en-el-control-sostenible-de-parasitos-en-la-ganaderia-ovina-del-secano-costero\\\/\",\"url\":\"https:\\\/\\\/www.uoh.cl\\\/instituto-de-ciencias-agroalimentarias\\\/chile-y-mexico-avanzan-en-el-control-sostenible-de-parasitos-en-la-ganaderia-ovina-del-secano-costero\\\/\",\"name\":\"Chile y M\u00e9xico avanzan en el control sostenible de par\u00e1sitos en la ganader\u00eda ovina del secano costero - Instituto de Ciencias Agroalimentarias, Animales y Ambientales\",\"isPartOf\":{\"@id\":\"https:\\\/\\\/www.uoh.cl\\\/instituto-de-ciencias-agroalimentarias\\\/#website\"},\"primaryImageOfPage\":{\"@id\":\"https:\\\/\\\/www.uoh.cl\\\/instituto-de-ciencias-agroalimentarias\\\/chile-y-mexico-avanzan-en-el-control-sostenible-de-parasitos-en-la-ganaderia-ovina-del-secano-costero\\\/#primaryimage\"},\"image\":{\"@id\":\"https:\\\/\\\/www.uoh.cl\\\/instituto-de-ciencias-agroalimentarias\\\/chile-y-mexico-avanzan-en-el-control-sostenible-de-parasitos-en-la-ganaderia-ovina-del-secano-costero\\\/#primaryimage\"},\"thumbnailUrl\":\"https:\\\/\\\/www.uoh.cl\\\/instituto-de-ciencias-agroalimentarias\\\/wp-content\\\/uploads\\\/sites\\\/25\\\/2026\\\/09\\\/Ovejas.jpg\",\"datePublished\":\"2026-09-03T19:30:23+00:00\",\"author\":{\"@id\":\"https:\\\/\\\/www.uoh.cl\\\/instituto-de-ciencias-agroalimentarias\\\/#\\\/schema\\\/person\\\/ea242e676c7d6d7e46fc8b9e39486c4f\"},\"description\":\"Bajo el enfoque de Una Salud, un proyecto de cooperaci\u00f3n internacional busca reemplazar la desparasitaci\u00f3n calendarizada por decisiones sanitarias basadas en evidencia.\",\"inLanguage\":\"es-CL\",\"potentialAction\":[{\"@type\":\"ReadAction\",\"target\":[\"https:\\\/\\\/www.uoh.cl\\\/instituto-de-ciencias-agroalimentarias\\\/chile-y-mexico-avanzan-en-el-control-sostenible-de-parasitos-en-la-ganaderia-ovina-del-secano-costero\\\/\"]}]},{\"@type\":\"ImageObject\",\"inLanguage\":\"es-CL\",\"@id\":\"https:\\\/\\\/www.uoh.cl\\\/instituto-de-ciencias-agroalimentarias\\\/chile-y-mexico-avanzan-en-el-control-sostenible-de-parasitos-en-la-ganaderia-ovina-del-secano-costero\\\/#primaryimage\",\"url\":\"https:\\\/\\\/www.uoh.cl\\\/instituto-de-ciencias-agroalimentarias\\\/wp-content\\\/uploads\\\/sites\\\/25\\\/2026\\\/09\\\/Ovejas.jpg\",\"contentUrl\":\"https:\\\/\\\/www.uoh.cl\\\/instituto-de-ciencias-agroalimentarias\\\/wp-content\\\/uploads\\\/sites\\\/25\\\/2026\\\/09\\\/Ovejas.jpg\",\"width\":1536,\"height\":864},{\"@type\":\"WebSite\",\"@id\":\"https:\\\/\\\/www.uoh.cl\\\/instituto-de-ciencias-agroalimentarias\\\/#website\",\"url\":\"https:\\\/\\\/www.uoh.cl\\\/instituto-de-ciencias-agroalimentarias\\\/\",\"name\":\"Instituto de Ciencias Agroalimentarias, Animales y Ambientales\",\"description\":\"Otro sitio de Sitios de Universidad O'higgins\",\"potentialAction\":[{\"@type\":\"SearchAction\",\"target\":{\"@type\":\"EntryPoint\",\"urlTemplate\":\"https:\\\/\\\/www.uoh.cl\\\/instituto-de-ciencias-agroalimentarias\\\/?s={search_term_string}\"},\"query-input\":{\"@type\":\"PropertyValueSpecification\",\"valueRequired\":true,\"valueName\":\"search_term_string\"}}],\"inLanguage\":\"es-CL\"},{\"@type\":\"Person\",\"@id\":\"https:\\\/\\\/www.uoh.cl\\\/instituto-de-ciencias-agroalimentarias\\\/#\\\/schema\\\/person\\\/ea242e676c7d6d7e46fc8b9e39486c4f\",\"name\":\"Universidad de O'Higgins\",\"image\":{\"@type\":\"ImageObject\",\"inLanguage\":\"es-CL\",\"@id\":\"https:\\\/\\\/secure.gravatar.com\\\/avatar\\\/78fcb76ca05efae11fd355943c01a832a29786cc00d85b1a82c301bea2b2a214?s=96&d=mm&r=g\",\"url\":\"https:\\\/\\\/secure.gravatar.com\\\/avatar\\\/78fcb76ca05efae11fd355943c01a832a29786cc00d85b1a82c301bea2b2a214?s=96&d=mm&r=g\",\"contentUrl\":\"https:\\\/\\\/secure.gravatar.com\\\/avatar\\\/78fcb76ca05efae11fd355943c01a832a29786cc00d85b1a82c301bea2b2a214?s=96&d=mm&r=g\",\"caption\":\"Universidad de O'Higgins\"}}]}<\/script>\n<!-- \/ Yoast SEO plugin. -->","yoast_head_json":{"title":"Chile y M\u00e9xico avanzan en el control sostenible de par\u00e1sitos en la ganader\u00eda ovina del secano costero - Instituto de Ciencias Agroalimentarias, Animales y Ambientales","description":"Bajo el enfoque de Una Salud, un proyecto de cooperaci\u00f3n internacional busca reemplazar la desparasitaci\u00f3n calendarizada por decisiones sanitarias basadas en evidencia.","robots":{"index":"noindex","follow":"nofollow"},"og_locale":"es_ES","og_type":"article","og_title":"Chile y M\u00e9xico avanzan en el control sostenible de par\u00e1sitos en la ganader\u00eda ovina del secano costero - Instituto de Ciencias Agroalimentarias, Animales y Ambientales","og_description":"Bajo el enfoque de Una Salud, un proyecto de cooperaci\u00f3n internacional busca reemplazar la desparasitaci\u00f3n calendarizada por decisiones sanitarias basadas en evidencia.","og_url":"https:\/\/www.uoh.cl\/instituto-de-ciencias-agroalimentarias\/chile-y-mexico-avanzan-en-el-control-sostenible-de-parasitos-en-la-ganaderia-ovina-del-secano-costero\/","og_site_name":"Instituto de Ciencias Agroalimentarias, Animales y Ambientales","article_published_time":"2026-09-03T19:30:23+00:00","og_image":[{"width":1536,"height":864,"url":"https:\/\/www.uoh.cl\/instituto-de-ciencias-agroalimentarias\/wp-content\/uploads\/sites\/25\/2026\/09\/Ovejas.jpg","type":"image\/jpeg"}],"author":"Universidad de O'Higgins","twitter_card":"summary_large_image","twitter_misc":{"Escrito por":"Universidad de O'Higgins","Tiempo estimado de lectura":"5 minutos"},"schema":{"@context":"https:\/\/schema.org","@graph":[{"@type":"Article","@id":"https:\/\/www.uoh.cl\/instituto-de-ciencias-agroalimentarias\/chile-y-mexico-avanzan-en-el-control-sostenible-de-parasitos-en-la-ganaderia-ovina-del-secano-costero\/#article","isPartOf":{"@id":"https:\/\/www.uoh.cl\/instituto-de-ciencias-agroalimentarias\/chile-y-mexico-avanzan-en-el-control-sostenible-de-parasitos-en-la-ganaderia-ovina-del-secano-costero\/"},"author":{"name":"Universidad de O'Higgins","@id":"https:\/\/www.uoh.cl\/instituto-de-ciencias-agroalimentarias\/#\/schema\/person\/ea242e676c7d6d7e46fc8b9e39486c4f"},"headline":"Chile y M\u00e9xico avanzan en el control sostenible de par\u00e1sitos en la ganader\u00eda ovina del secano costero","datePublished":"2026-09-03T19:30:23+00:00","mainEntityOfPage":{"@id":"https:\/\/www.uoh.cl\/instituto-de-ciencias-agroalimentarias\/chile-y-mexico-avanzan-en-el-control-sostenible-de-parasitos-en-la-ganaderia-ovina-del-secano-costero\/"},"wordCount":1114,"commentCount":0,"image":{"@id":"https:\/\/www.uoh.cl\/instituto-de-ciencias-agroalimentarias\/chile-y-mexico-avanzan-en-el-control-sostenible-de-parasitos-en-la-ganaderia-ovina-del-secano-costero\/#primaryimage"},"thumbnailUrl":"https:\/\/www.uoh.cl\/instituto-de-ciencias-agroalimentarias\/wp-content\/uploads\/sites\/25\/2026\/09\/Ovejas.jpg","articleSection":["ICA3"],"inLanguage":"es-CL","potentialAction":[{"@type":"CommentAction","name":"Comment","target":["https:\/\/www.uoh.cl\/instituto-de-ciencias-agroalimentarias\/chile-y-mexico-avanzan-en-el-control-sostenible-de-parasitos-en-la-ganaderia-ovina-del-secano-costero\/#respond"]}]},{"@type":"WebPage","@id":"https:\/\/www.uoh.cl\/instituto-de-ciencias-agroalimentarias\/chile-y-mexico-avanzan-en-el-control-sostenible-de-parasitos-en-la-ganaderia-ovina-del-secano-costero\/","url":"https:\/\/www.uoh.cl\/instituto-de-ciencias-agroalimentarias\/chile-y-mexico-avanzan-en-el-control-sostenible-de-parasitos-en-la-ganaderia-ovina-del-secano-costero\/","name":"Chile y M\u00e9xico avanzan en el control sostenible de par\u00e1sitos en la ganader\u00eda ovina del secano costero - Instituto de Ciencias Agroalimentarias, Animales y Ambientales","isPartOf":{"@id":"https:\/\/www.uoh.cl\/instituto-de-ciencias-agroalimentarias\/#website"},"primaryImageOfPage":{"@id":"https:\/\/www.uoh.cl\/instituto-de-ciencias-agroalimentarias\/chile-y-mexico-avanzan-en-el-control-sostenible-de-parasitos-en-la-ganaderia-ovina-del-secano-costero\/#primaryimage"},"image":{"@id":"https:\/\/www.uoh.cl\/instituto-de-ciencias-agroalimentarias\/chile-y-mexico-avanzan-en-el-control-sostenible-de-parasitos-en-la-ganaderia-ovina-del-secano-costero\/#primaryimage"},"thumbnailUrl":"https:\/\/www.uoh.cl\/instituto-de-ciencias-agroalimentarias\/wp-content\/uploads\/sites\/25\/2026\/09\/Ovejas.jpg","datePublished":"2026-09-03T19:30:23+00:00","author":{"@id":"https:\/\/www.uoh.cl\/instituto-de-ciencias-agroalimentarias\/#\/schema\/person\/ea242e676c7d6d7e46fc8b9e39486c4f"},"description":"Bajo el enfoque de Una Salud, un proyecto de cooperaci\u00f3n internacional busca reemplazar la desparasitaci\u00f3n calendarizada por decisiones sanitarias basadas en evidencia.","inLanguage":"es-CL","potentialAction":[{"@type":"ReadAction","target":["https:\/\/www.uoh.cl\/instituto-de-ciencias-agroalimentarias\/chile-y-mexico-avanzan-en-el-control-sostenible-de-parasitos-en-la-ganaderia-ovina-del-secano-costero\/"]}]},{"@type":"ImageObject","inLanguage":"es-CL","@id":"https:\/\/www.uoh.cl\/instituto-de-ciencias-agroalimentarias\/chile-y-mexico-avanzan-en-el-control-sostenible-de-parasitos-en-la-ganaderia-ovina-del-secano-costero\/#primaryimage","url":"https:\/\/www.uoh.cl\/instituto-de-ciencias-agroalimentarias\/wp-content\/uploads\/sites\/25\/2026\/09\/Ovejas.jpg","contentUrl":"https:\/\/www.uoh.cl\/instituto-de-ciencias-agroalimentarias\/wp-content\/uploads\/sites\/25\/2026\/09\/Ovejas.jpg","width":1536,"height":864},{"@type":"WebSite","@id":"https:\/\/www.uoh.cl\/instituto-de-ciencias-agroalimentarias\/#website","url":"https:\/\/www.uoh.cl\/instituto-de-ciencias-agroalimentarias\/","name":"Instituto de Ciencias Agroalimentarias, Animales y Ambientales","description":"Otro sitio de Sitios de Universidad O'higgins","potentialAction":[{"@type":"SearchAction","target":{"@type":"EntryPoint","urlTemplate":"https:\/\/www.uoh.cl\/instituto-de-ciencias-agroalimentarias\/?s={search_term_string}"},"query-input":{"@type":"PropertyValueSpecification","valueRequired":true,"valueName":"search_term_string"}}],"inLanguage":"es-CL"},{"@type":"Person","@id":"https:\/\/www.uoh.cl\/instituto-de-ciencias-agroalimentarias\/#\/schema\/person\/ea242e676c7d6d7e46fc8b9e39486c4f","name":"Universidad de O'Higgins","image":{"@type":"ImageObject","inLanguage":"es-CL","@id":"https:\/\/secure.gravatar.com\/avatar\/78fcb76ca05efae11fd355943c01a832a29786cc00d85b1a82c301bea2b2a214?s=96&d=mm&r=g","url":"https:\/\/secure.gravatar.com\/avatar\/78fcb76ca05efae11fd355943c01a832a29786cc00d85b1a82c301bea2b2a214?s=96&d=mm&r=g","contentUrl":"https:\/\/secure.gravatar.com\/avatar\/78fcb76ca05efae11fd355943c01a832a29786cc00d85b1a82c301bea2b2a214?s=96&d=mm&r=g","caption":"Universidad de O'Higgins"}}]}},"_links":{"self":[{"href":"https:\/\/www.uoh.cl\/instituto-de-ciencias-agroalimentarias\/wp-json\/wp\/v2\/posts\/93498","targetHints":{"allow":["GET"]}}],"collection":[{"href":"https:\/\/www.uoh.cl\/instituto-de-ciencias-agroalimentarias\/wp-json\/wp\/v2\/posts"}],"about":[{"href":"https:\/\/www.uoh.cl\/instituto-de-ciencias-agroalimentarias\/wp-json\/wp\/v2\/types\/post"}],"author":[{"embeddable":true,"href":"https:\/\/www.uoh.cl\/instituto-de-ciencias-agroalimentarias\/wp-json\/wp\/v2\/users\/34"}],"replies":[{"embeddable":true,"href":"https:\/\/www.uoh.cl\/instituto-de-ciencias-agroalimentarias\/wp-json\/wp\/v2\/comments?post=93498"}],"version-history":[{"count":0,"href":"https:\/\/www.uoh.cl\/instituto-de-ciencias-agroalimentarias\/wp-json\/wp\/v2\/posts\/93498\/revisions"}],"wp:featuredmedia":[{"embeddable":true,"href":"https:\/\/www.uoh.cl\/instituto-de-ciencias-agroalimentarias\/wp-json\/wp\/v2\/media\/93499"}],"wp:attachment":[{"href":"https:\/\/www.uoh.cl\/instituto-de-ciencias-agroalimentarias\/wp-json\/wp\/v2\/media?parent=93498"}],"wp:term":[{"taxonomy":"category","embeddable":true,"href":"https:\/\/www.uoh.cl\/instituto-de-ciencias-agroalimentarias\/wp-json\/wp\/v2\/categories?post=93498"},{"taxonomy":"post_tag","embeddable":true,"href":"https:\/\/www.uoh.cl\/instituto-de-ciencias-agroalimentarias\/wp-json\/wp\/v2\/tags?post=93498"}],"curies":[{"name":"wp","href":"https:\/\/api.w.org\/{rel}","templated":true}]}}