
{"id":3569,"date":"2023-06-12T11:44:31","date_gmt":"2023-06-12T14:44:31","guid":{"rendered":"https:\/\/www.uoh.cl\/instituto-de-ciencias-agroalimentarias\/el-dilema-de-la-palta-hass-por-que-presenta-manchas-negras-despues-de-estar-almacenada-durante-mucho-tiempo\/"},"modified":"2023-06-12T11:44:31","modified_gmt":"2023-06-12T14:44:31","slug":"el-dilema-de-la-palta-hass-por-que-presenta-manchas-negras-despues-de-estar-almacenada-durante-mucho-tiempo","status":"publish","type":"post","link":"https:\/\/www.uoh.cl\/instituto-de-ciencias-agroalimentarias\/el-dilema-de-la-palta-hass-por-que-presenta-manchas-negras-despues-de-estar-almacenada-durante-mucho-tiempo\/","title":{"rendered":"El dilema de la palta Hass: \u00bfPor qu\u00e9 presenta manchas negras despu\u00e9s de estar almacenada durante mucho tiempo?"},"content":{"rendered":"<div class=\"wpb-content-wrapper\"><p>[vc_section el_class=&#8221;container mx-auto align-items-center circle&#8211;pattern&#8221; css=&#8221;.vc_custom_1648956589196{padding-top: 3rem !important;}&#8221;][vc_row][vc_column]<div class=\"breadcrumb\"><ol itemscope itemtype=\"https:\/\/schema.org\/BreadcrumbList\"><li itemprop=\"itemListElement\" itemscope itemtype=\"https:\/\/schema.org\/ListItem\"><a itemprop=\"item\" href=\"http:\/\/www.uoh.cl\"><span itemprop=\"name\">Inicio<\/span><\/a><meta itemprop=\"position\" content=\"1\" \/><li itemprop=\"itemListElement\" itemscope itemtype=\"https:\/\/schema.org\/ListItem\"><a itemprop=\"item\" href=\"https:\/\/www.uoh.cl\/instituto-de-ciencias-agroalimentarias\"><span itemprop=\"name\">Instituto de Ciencias Agroalimentarias, Animales y Ambientales<\/span><\/a><meta itemprop=\"position\" content=\"2\" \/><li itemprop=\"itemListElement\" itemscope itemtype=\"https:\/\/schema.org\/ListItem\"><a itemprop=\"item\" href=\"https:\/\/www.uoh.cl\/instituto-de-ciencias-agroalimentarias\/noticias\/\"><span itemprop=\"name\">Noticias<\/span><\/a><meta itemprop=\"position\" content=\"3\" \/><li itemprop=\"itemListElement\" itemscope itemtype=\"https:\/\/schema.org\/ListItem\"><span itemprop=\"name\">El dilema de la palta Hass: \u00bfPor qu\u00e9 presenta manchas <\/span><meta itemprop=\"position\" content=\"4\" \/><\/ol><\/div><ul class=\"p-0 list-style-none d-inline-block\"><li class=\"p-0\"><a href=https:\/\/www.uoh.cl\/instituto-de-ciencias-agroalimentarias\/category\/ica3\/ class=\"px-1 py-2\">ICA3<\/a><\/li><\/ul><div class=\"date_publish_post\"> \u25cf Lun 12 de Junio 2023<\/div><div class=\"uoh_title_component-container\"><h1 class=\"title title--ms d-inline-block title--decorator  big\">El dilema de la palta Hass: \u00bfPor qu\u00e9 presenta manchas negras despu\u00e9s de estar almacenada durante mucho tiempo?<\/h1><\/div>[vc_row_inner el_class=&#8221;border-separator m-0&#8243;][vc_column_inner width=&#8221;2\/3&#8243;]<div class=\"author_wp_class\"> Escrito por <span>Universidad de O'Higgins<\/span><\/div>[\/vc_column_inner][vc_column_inner el_class=&#8221;align-items-end-publish&#8221; width=&#8221;1\/3&#8243;]<div class=\"uoh_social_network_component uoh_row col-12 justify-content-end m-0 p-0\"> <div class=\"icon__facebook-share-button\">\n                       <a href=\"https:\/\/www.facebook.com\/sharer\/sharer.php?u=https:\/\/www.uoh.cl\/instituto-de-ciencias-agroalimentarias\/el-dilema-de-la-palta-hass-por-que-presenta-manchas-negras-despues-de-estar-almacenada-durante-mucho-tiempo\/\" target=\"_blank\"> <div class=\"icon__facebook-svg\"><svg version=\"1.1\" xmlns=\"http:\/\/www.w3.org\/2000\/svg\" xmlns:xlink=\"http:\/\/www.w3.org\/1999\/xlink\" x=\"0px\" y=\"0px\" width=\"22.4px\" height=\"48.3px\" viewBox=\"0 0 22.4 48.3\" style=\"overflow:visible;enable-background:new 0 0 22.4 48.3;\" xml:space=\"preserve\">\n                <defs>\n                <\/defs>\n                <path class=\"st0\" d=\"M22.4,15.6h-7.6v-5c0-1.9,1.2-2.3,2.1-2.3c0.9,0,5.4,0,5.4,0V0l-7.4,0C6.6,0,4.8,6.2,4.8,10.1v5.5H0v8.5h4.8\n                    c0,10.9,0,24.1,0,24.1h10c0,0,0-13.3,0-24.1h6.8L22.4,15.6z\"><\/path>\n                <\/svg><\/a><\/div>\n                    <\/div><div class=\"icon__twitter-share-button\">\n                        <div class=\"icon__twitter-svg\"><a target=\"_blank\" href=\"http:\/\/twitter.com\/share?url=https:\/\/www.uoh.cl\/instituto-de-ciencias-agroalimentarias\/el-dilema-de-la-palta-hass-por-que-presenta-manchas-negras-despues-de-estar-almacenada-durante-mucho-tiempo\/\"><svg xmlns=\"http:\/\/www.w3.org\/2000\/svg\" height=\"1em\" viewBox=\"0 0 512 512\"><!--! Font Awesome Free 6.4.2 by @fontawesome - https:\/\/fontawesome.com License - https:\/\/fontawesome.com\/license (Commercial License) Copyright 2023 Fonticons, Inc. --><path d=\"M389.2 48h70.6L305.6 224.2 487 464H345L233.7 318.6 106.5 464H35.8L200.7 275.5 26.8 48H172.4L272.9 180.9 389.2 48zM364.4 421.8h39.1L151.1 88h-42L364.4 421.8z\"\/><\/svg><\/a><\/div>\n                        <\/div><div class=\"icon__linkedin-share-button\">\n                        <div class=\"icon__linkedin-svg\">\n                        <a target=\"__blank\" href=\"https:\/\/www.linkedin.com\/sharing\/share-offsite\/?url=https:\/\/www.uoh.cl\/instituto-de-ciencias-agroalimentarias\/el-dilema-de-la-palta-hass-por-que-presenta-manchas-negras-despues-de-estar-almacenada-durante-mucho-tiempo\/\"><svg enable-background=\"new 0 0 100 100\" height=\"100px\" id=\"Layer_1\" version=\"1.1\" viewBox=\"0 0 100 100\" width=\"100px\" xml:space=\"preserve\" xmlns=\"http:\/\/www.w3.org\/2000\/svg\" xmlns:xlink=\"http:\/\/www.w3.org\/1999\/xlink\"><g><circle cx=\"50\" cy=\"50\" fill=\"#ccc\" r=\"45\"\/><g id=\"LinkedIn_1_\"><rect fill=\"#FFFFFF\" height=\"24.361\" width=\"7.69\" x=\"31.271\" y=\"43.569\"\/><path d=\"M59.968,43.334c-4.406,0-7.165,2.387-7.677,4.058v-3.823h-8.636c0.109,2.03,0,24.361,0,24.361h8.636    V54.748c0-0.733-0.034-1.465,0.19-1.991c0.594-1.464,1.869-2.985,4.162-2.985c2.998,0,4.361,2.253,4.361,5.552V67.93h8.721V54.384    C69.726,46.839,65.432,43.334,59.968,43.334z\" fill=\"#FFFFFF\"\/><path d=\"M34.973,32.069c-2.839,0-4.696,1.823-4.696,4.229c0,2.361,1.804,4.224,4.589,4.224h0.054    c2.891,0,4.69-1.869,4.69-4.229C39.555,33.888,37.81,32.069,34.973,32.069z\" fill=\"#FFFFFF\"\/><\/g><\/g><\/svg><\/a><\/div>\n\n            <\/div><\/div>[\/vc_column_inner][\/vc_row_inner][vc_single_image image=&#8221;19754&#8243; img_size=&#8221;full&#8221; add_caption=&#8221;yes&#8221; alignment=&#8221;center&#8221; onclick=&#8221;img_link_large&#8221; img_link_target=&#8221;_blank&#8221;][vc_column_text]\u00a0[\/vc_column_text][vc_column_text]<\/p>\n<ul>\n<li><i>El acad\u00e9mico de la Universidad de O\u2019Higgins, Virgilio Gavicho Uarrota, responder\u00e1 esa inc\u00f3gnita en el seminario que dictar\u00e1 el pr\u00f3ximo 15 de junio, a las 12:00 horas, en el Campus Colchagua UOH.<\/i><\/li>\n<\/ul>\n<p>[\/vc_column_text][vc_column_text]\u00a0[\/vc_column_text][vc_column_text]<\/p>\n<p style=\"font-weight: 400\">Actualmente, Chile exporta palta Hass a Europa y Asia. Un importante negocio para los productores de este fruto, pero que en su ruta hacia el viejo continente presentaba un complejo problema: los productos que sal\u00edan en perfectas condiciones desde el pa\u00eds, llegaban con manchas negras.<\/p>\n<p style=\"font-weight: 400\">La pregunta es \u00bfpor qu\u00e9 ocurre esto? A partir de esta duda, un grupo de investigadores, entre los que se encuentra el nuevo acad\u00e9mico del Instituto de Ciencias Agroalimentarias, Animales y Ambientales (ICA3) de la Universidad de O\u2019Higgins (UOH), Virgilio Gavicho Uarrota, comenzaron un estudio que busca explicar por qu\u00e9 de la aparici\u00f3n de manchas negras en la palta durante su viaje a los mercados internacionales.<\/p>\n<p style=\"font-weight: 400\">Los resultados de este estudio -que analiz\u00f3 diferentes huertos de las regiones Metropolitana y Quinta- ser\u00e1n expuestos en la charla\u00a0<em>\u201cUn enfoque integral para entender el desarrollo de \u2018mancha negra\u2019 en palta Hass\u201d<\/em>, que dictar\u00e1 el acad\u00e9mico UOH-ICA3.<\/p>\n<p style=\"font-weight: 400\">El investigador detalla que se buscaron diferentes enfoques en este estudio que parti\u00f3 en la Pontificia Universidad Cat\u00f3lica de Valpara\u00edso en 2017, \u201cen conjunto con el INIA, la empresa Gamma y la Asociaci\u00f3n de Productores y Exportadores de Paltas. El proyecto busc\u00f3 entender los factores que causan este desorden fisiol\u00f3gico en la palta Hass y que ocurre durante el almacenamiento prolongado\u201d. Acota que al aparecer esta &#8216;mancha negra&#8217;, la palta pierde su cualidad y, por tanto, baja su precio de venta. \u201cNadie quiere comprar paltas con estas manchas\u201d, indica.<\/p>\n<p style=\"font-weight: 400\">En el estudio, se evaluaron los datos clim\u00e1ticos de los huertos, as\u00ed como fisiol\u00f3gicos y bioqu\u00edmicos de la ruta, que permiten obtener informaci\u00f3n a diferentes niveles de control celular.<\/p>\n<h4 style=\"font-weight: 400\"><strong>Algunos resultados<\/strong><\/h4>\n<p style=\"font-weight: 400\">En la reuni\u00f3n del 15 de junio, en el Campus Colchagua, Virgilio Gavicho mostrar\u00e1 conclusiones como que \u201cla \u2018mancha negra\u2019 no es causada por microorganismos, porque la palta no se pudre, las manchas en la c\u00e1scara no afectan la pulpa\u201d. Por ello, acota que \u201cse mostrar\u00e1 resultados de an\u00e1lisis de diversos factores como el clima, la nutrici\u00f3n y el metabolismo de la planta y su correlaci\u00f3n con la aparici\u00f3n de la \u2018mancha negra\u2019 en frutos de palta durante el almacenamiento en fr\u00edo, que es el sistema en que se almacena para llegar a Europa y Asia\u201d, precisa.<\/p>\n<p style=\"font-weight: 400\">El acad\u00e9mico del ICA3 explicar\u00e1 c\u00f3mo se desarroll\u00f3 el estudio, desde la cosecha de los frutos, la simulaci\u00f3n de condiciones de almacenamiento y los diferentes an\u00e1lisis realizados. Detalla que una de las condiciones de almacenamiento simulada fue la atm\u00f3sfera controlada, -donde se pueden manejar, por ejemplo, los niveles de di\u00f3xido de carbono y el ox\u00edgeno para la fruta- y que es un ambiente donde se puede conservar el producto por m\u00e1s tiempo, pero que no es ampliamente utilizado por los exportadores porque es m\u00e1s caro que el almacenamiento en \u2018air regular\u2019, que es el que se utiliza, tradicionalmente, en el traslado de las paltas.<\/p>\n<p style=\"font-weight: 400\">El acad\u00e9mico explica que analizaron factores \u201cambientales, enzim\u00e1ticos y gen\u00e9ticos, usando diferentes t\u00e9cnicas, y vimos, por ejemplo, que huertos con influencia de humedad relativa muy baja, tienen m\u00e1s probabilidades de desarrollar este trastorno fisiol\u00f3gico. Tambi\u00e9n pudimos observar que frutas que tienen un sistema de defensas muy bajo, tambi\u00e9n tienen mayor probabilidad de tener este problema\u201d.<\/p>\n<p style=\"font-weight: 400\">Consultas sobre el seminario al correo:\u00a0<a href=\"mailto:virgilio.gavicho@uoh.cl\">virgilio.gavicho@uoh.cl<\/a><\/p>\n<p>\u00a0[\/vc_column_text][\/vc_column][\/vc_row][vc_row][vc_column][vc_single_image image=&#8221;19755&#8243; img_size=&#8221;large&#8221;][\/vc_column][\/vc_row][\/vc_section][vc_section css=&#8221;.vc_custom_1650255686594{background-color: #f6faff !important;}&#8221; el_class=&#8221;p-md-0 pt-md-5&#8243;][vc_row el_class=&#8221;container mx-auto align-items-center p-md-0 pt-5 pb-5&#8243;][vc_column el_class=&#8221;pb-5&#8243;][vc_row_inner el_class=&#8221;pb-5&#8243;][vc_column_inner]<div class=\"row m-0 p-0\"><div class=\"col-12 col-md-9 pt-5 pt-md-0\"><h2 class=\"title title--decorator title--ms d-inline-block\">Te Recomendamos<\/h2><\/div><\/div><div class=\"content-holder\"><div class=\"row  swipper-news-list not--activate-hack \"><div class=\"row -wrapper\"><div class=\"  col-sm-6 col-md-4 img-article\">\n                                        <div class=\"content-news-display row m-0 p-0\"><div class=\"holder p-0 \"><div class=\"img-wrap img-wrap-news\">\n                                        <div class=\"caption__news-category\">\n                                        <a href=\"https:\/\/www.uoh.cl\/instituto-de-ciencias-agroalimentarias\/category\/ica3\/\">\n                                        ICA3<\/a><\/div><img decoding=\"async\" class=\"w-100 h-100 lazyload\" data-src=\"https:\/\/www.uoh.cl\/instituto-de-ciencias-agroalimentarias\/wp-content\/uploads\/sites\/25\/2026\/09\/foto_redes_08.jpg\" alt=\"UOH avanza en SVAR: la iniciativa que busca dar a la industria del salm\u00f3n un men\u00fa de medidas costo-efectivas para usar menos antimicrobianos\" style=\"--smush-placeholder-width: 1600px; --smush-placeholder-aspect-ratio: 1600\/1204;object-fit: cover; object-position: center;\" src=\"data:image\/svg+xml;base64,PHN2ZyB3aWR0aD0iMSIgaGVpZ2h0PSIxIiB4bWxucz0iaHR0cDovL3d3dy53My5vcmcvMjAwMC9zdmciPjwvc3ZnPg==\"><\/div><\/div><div class=\"caption py-3 caption__news py-md-3 pb-md-5\">\n                                    <span class=\"caption__date\">Jueves 3, Septiembre<\/span>\n                                     <a href=\"https:\/\/www.uoh.cl\/instituto-de-ciencias-agroalimentarias\/uoh-avanza-en-svar-la-iniciativa-que-busca-dar-a-la-industria-del-salmon-un-menu-de-medidas-costo-efectivas-para-usar-menos-antimicrobianos\/\">\n                                    <h3 class=\"small-space\">UOH avanza en SVAR: la iniciativa que busca dar a la industria del salm\u00f3n un men\u00fa de medidas costo-efectivas para usar menos antimicrobianos<\/h3><\/a>\n\n                                    <p>El taller, organizado por la Universidad de O'Higgins, cerr\u00f3 la etapa de elicitaci\u00f3n de expertos del proyecto internacional SVAR, que busca reducir en un 25% el consumo de antimicrobianos en la industria del salm\u00f3n.<\/p>\n                                    <a class=\"link link--bold mt-md-3\" href=\"https:\/\/www.uoh.cl\/instituto-de-ciencias-agroalimentarias\/uoh-avanza-en-svar-la-iniciativa-que-busca-dar-a-la-industria-del-salmon-un-menu-de-medidas-costo-efectivas-para-usar-menos-antimicrobianos\/\">Saber m\u00e1s <span class=\"icon icon--inline icon--link\"><svg version=\"1.1\" xmlns=\"http:\/\/www.w3.org\/2000\/svg\" xmlns:xlink=\"http:\/\/www.w3.org\/1999\/xlink\" x=\"0px\" y=\"0px\" width=\"22px\"height=\"22px\" viewBox=\"0 0 22 22\" style=\"overflow:visible;enable-background:new 0 0 80 64.6;\" xml:space=\"preserve\"><g clip-path=\"url(#acA)\"><path fill-rule=\"evenodd\" d=\"M21.913 11.266a.93.93 0 000-.711c-.022-.056-.063-.097-.091-.144s-.053-.103-.097-.15L12.306.294c-.357-.379-.955-.394-1.334-.038s-.394.955-.038 1.334l7.917 8.374H.927a.95.95 0 00-.908.983.946.946 0 00.908.908h17.924l-8.089 8.552c-.357.379-.341.977.034 1.334s.977.341 1.334-.034l9.594-10.148c.044-.044.063-.1.097-.15.028-.047.069-.088.091-.141z\"\/><\/g><defs><clipPath id=\"acA\"><path fill=\"#fff\" d=\"M0 0h22v22H0z\"\/><\/clipPath><\/defs><\/svg><\/span><\/a><\/div><\/div><\/div><div class=\"  col-sm-6 col-md-4 img-article\">\n                                        <div class=\"content-news-display row m-0 p-0\"><div class=\"holder p-0 \"><div class=\"img-wrap img-wrap-news\">\n                                        <div class=\"caption__news-category\">\n                                        <a href=\"https:\/\/www.uoh.cl\/instituto-de-ciencias-agroalimentarias\/category\/ica3\/\">\n                                        ICA3<\/a><\/div><img decoding=\"async\" class=\"w-100 h-100 lazyload\" data-src=\"https:\/\/www.uoh.cl\/instituto-de-ciencias-agroalimentarias\/wp-content\/uploads\/sites\/25\/2026\/09\/Ovejas.jpg\" alt=\"Chile y M\u00e9xico avanzan en el control sostenible de par\u00e1sitos en la ganader\u00eda ovina del secano costero\" style=\"--smush-placeholder-width: 1536px; --smush-placeholder-aspect-ratio: 1536\/864;object-fit: cover; object-position: center;\" src=\"data:image\/svg+xml;base64,PHN2ZyB3aWR0aD0iMSIgaGVpZ2h0PSIxIiB4bWxucz0iaHR0cDovL3d3dy53My5vcmcvMjAwMC9zdmciPjwvc3ZnPg==\"><\/div><\/div><div class=\"caption py-3 caption__news py-md-3 pb-md-5\">\n                                    <span class=\"caption__date\">Jueves 3, Septiembre<\/span>\n                                     <a href=\"https:\/\/www.uoh.cl\/instituto-de-ciencias-agroalimentarias\/chile-y-mexico-avanzan-en-el-control-sostenible-de-parasitos-en-la-ganaderia-ovina-del-secano-costero\/\">\n                                    <h3 class=\"small-space\">Chile y M\u00e9xico avanzan en el control sostenible de par\u00e1sitos en la ganader\u00eda ovina del secano costero<\/h3><\/a>\n\n                                    <p>Bajo el enfoque de Una Salud, un proyecto de cooperaci\u00f3n internacional busca reemplazar la desparasitaci\u00f3n calendarizada por decisiones sanitarias basadas en evidencia.<\/p>\n                                    <a class=\"link link--bold mt-md-3\" href=\"https:\/\/www.uoh.cl\/instituto-de-ciencias-agroalimentarias\/chile-y-mexico-avanzan-en-el-control-sostenible-de-parasitos-en-la-ganaderia-ovina-del-secano-costero\/\">Saber m\u00e1s <span class=\"icon icon--inline icon--link\"><svg version=\"1.1\" xmlns=\"http:\/\/www.w3.org\/2000\/svg\" xmlns:xlink=\"http:\/\/www.w3.org\/1999\/xlink\" x=\"0px\" y=\"0px\" width=\"22px\"height=\"22px\" viewBox=\"0 0 22 22\" style=\"overflow:visible;enable-background:new 0 0 80 64.6;\" xml:space=\"preserve\"><g clip-path=\"url(#acA)\"><path fill-rule=\"evenodd\" d=\"M21.913 11.266a.93.93 0 000-.711c-.022-.056-.063-.097-.091-.144s-.053-.103-.097-.15L12.306.294c-.357-.379-.955-.394-1.334-.038s-.394.955-.038 1.334l7.917 8.374H.927a.95.95 0 00-.908.983.946.946 0 00.908.908h17.924l-8.089 8.552c-.357.379-.341.977.034 1.334s.977.341 1.334-.034l9.594-10.148c.044-.044.063-.1.097-.15.028-.047.069-.088.091-.141z\"\/><\/g><defs><clipPath id=\"acA\"><path fill=\"#fff\" d=\"M0 0h22v22H0z\"\/><\/clipPath><\/defs><\/svg><\/span><\/a><\/div><\/div><\/div><div class=\"  col-sm-6 col-md-4 img-article\">\n                                        <div class=\"content-news-display row m-0 p-0\"><div class=\"holder p-0 \"><div class=\"img-wrap img-wrap-news\">\n                                        <div class=\"caption__news-category\">\n                                        <a href=\"https:\/\/www.uoh.cl\/instituto-de-ciencias-agroalimentarias\/category\/ica3\/\">\n                                        ICA3<\/a><\/div><img decoding=\"async\" class=\"w-100 h-100 lazyload\" data-src=\"https:\/\/www.uoh.cl\/instituto-de-ciencias-agroalimentarias\/wp-content\/uploads\/sites\/25\/2026\/09\/IMG_6102-scaled.jpg\" alt=\"Seminario ICA3 abord\u00f3 el rol del \u00f3xido n\u00edtrico en la formaci\u00f3n de ra\u00edces del tomate bajo d\u00e9ficit h\u00eddrico\" style=\"--smush-placeholder-width: 2560px; --smush-placeholder-aspect-ratio: 2560\/1707;object-fit: cover; object-position: center;\" src=\"data:image\/svg+xml;base64,PHN2ZyB3aWR0aD0iMSIgaGVpZ2h0PSIxIiB4bWxucz0iaHR0cDovL3d3dy53My5vcmcvMjAwMC9zdmciPjwvc3ZnPg==\"><\/div><\/div><div class=\"caption py-3 caption__news py-md-3 pb-md-5\">\n                                    <span class=\"caption__date\">Jueves 3, Septiembre<\/span>\n                                     <a href=\"https:\/\/www.uoh.cl\/instituto-de-ciencias-agroalimentarias\/seminario-ica3-abordo-el-rol-del-oxido-nitrico-en-la-formacion-de-raices-del-tomate-bajo-deficit-hidrico\/\">\n                                    <h3 class=\"small-space\">Seminario ICA3 abord\u00f3 el rol del \u00f3xido n\u00edtrico en la formaci\u00f3n de ra\u00edces del tomate bajo d\u00e9ficit h\u00eddrico<\/h3><\/a>\n\n                                    <p>Bajo el t\u00edtulo \"Ra\u00edces bajo estr\u00e9s: rol del \u00f3xido n\u00edtrico en la organog\u00e9nesis de ra\u00edces laterales bajo d\u00e9ficit h\u00eddrico\", el investigador postdoctoral Carlos Rubilar Hern\u00e1ndez expuso los avances de un proyecto Fondecyt de Iniciaci\u00f3n enfocado en un cultivo clave para la Regi\u00f3n de O'Higgins.<\/p>\n                                    <a class=\"link link--bold mt-md-3\" href=\"https:\/\/www.uoh.cl\/instituto-de-ciencias-agroalimentarias\/seminario-ica3-abordo-el-rol-del-oxido-nitrico-en-la-formacion-de-raices-del-tomate-bajo-deficit-hidrico\/\">Saber m\u00e1s <span class=\"icon icon--inline icon--link\"><svg version=\"1.1\" xmlns=\"http:\/\/www.w3.org\/2000\/svg\" xmlns:xlink=\"http:\/\/www.w3.org\/1999\/xlink\" x=\"0px\" y=\"0px\" width=\"22px\"height=\"22px\" viewBox=\"0 0 22 22\" style=\"overflow:visible;enable-background:new 0 0 80 64.6;\" xml:space=\"preserve\"><g clip-path=\"url(#acA)\"><path fill-rule=\"evenodd\" d=\"M21.913 11.266a.93.93 0 000-.711c-.022-.056-.063-.097-.091-.144s-.053-.103-.097-.15L12.306.294c-.357-.379-.955-.394-1.334-.038s-.394.955-.038 1.334l7.917 8.374H.927a.95.95 0 00-.908.983.946.946 0 00.908.908h17.924l-8.089 8.552c-.357.379-.341.977.034 1.334s.977.341 1.334-.034l9.594-10.148c.044-.044.063-.1.097-.15.028-.047.069-.088.091-.141z\"\/><\/g><defs><clipPath id=\"acA\"><path fill=\"#fff\" d=\"M0 0h22v22H0z\"\/><\/clipPath><\/defs><\/svg><\/span><\/a><\/div><\/div><\/div><\/div><\/div><\/div><div class=\"pagination justify-content-center my-5\"><span aria-current=\"page\" class=\"page-numbers current\">1<\/span>\n<a class=\"page-numbers\" href=\"https:\/\/www.uoh.cl\/instituto-de-ciencias-agroalimentarias\/wp-json\/wp\/v2\/posts\/3569\/\/page\/2\">2<\/a>\n<a class=\"page-numbers\" href=\"https:\/\/www.uoh.cl\/instituto-de-ciencias-agroalimentarias\/wp-json\/wp\/v2\/posts\/3569\/\/page\/3\">3<\/a>\n<span class=\"page-numbers dots\">&hellip;<\/span>\n<a class=\"page-numbers\" href=\"https:\/\/www.uoh.cl\/instituto-de-ciencias-agroalimentarias\/wp-json\/wp\/v2\/posts\/3569\/\/page\/181\">181<\/a>\n<a class=\"next page-numbers\" href=\"https:\/\/www.uoh.cl\/instituto-de-ciencias-agroalimentarias\/wp-json\/wp\/v2\/posts\/3569\/\/page\/2\"><div class=\"icon-pagination-next\"> <?xml version=\"1.0\" ?><svg viewBox=\"0 0 96 96\" xmlns=\"http:\/\/www.w3.org\/2000\/svg\"><title\/><path d=\"M39.3756,48.0022l30.47-25.39a6.0035,6.0035,0,0,0-7.6878-9.223L26.1563,43.3906a6.0092,6.0092,0,0,0,0,9.2231L62.1578,82.615a6.0035,6.0035,0,0,0,7.6878-9.2231Z\"\/><\/svg> <\/div><\/a><\/div>[\/vc_column_inner][\/vc_row_inner][\/vc_column][\/vc_row][\/vc_section]<\/p>\n<\/div>","protected":false},"excerpt":{"rendered":"<p>El acad\u00e9mico de la Universidad de O\u2019Higgins, Virgilio Gavicho Uarrota, responder\u00e1 esa inc\u00f3gnita en el seminario que dictar\u00e1 el pr\u00f3ximo 15 de junio, a las 12:00 horas, en el Campus Colchagua UOH.<\/p>\n","protected":false},"author":34,"featured_media":19753,"comment_status":"open","ping_status":"open","sticky":false,"template":"","format":"standard","meta":{"_acf_changed":false,"footnotes":""},"categories":[44],"tags":[],"class_list":["post-3569","post","type-post","status-publish","format-standard","has-post-thumbnail","hentry","category-ica3"],"acf":[],"yoast_head":"<!-- This site is optimized with the Yoast SEO plugin v28.3 - https:\/\/yoast.com\/product\/yoast-seo-wordpress\/ -->\n<title>El dilema de la palta Hass: \u00bfPor qu\u00e9 presenta manchas negras despu\u00e9s de estar almacenada durante mucho tiempo? - Instituto de Ciencias Agroalimentarias, Animales y Ambientales<\/title>\n<meta name=\"description\" content=\"El acad\u00e9mico de la Universidad de O\u2019Higgins, Virgilio Gavicho Uarrota, responder\u00e1 esa inc\u00f3gnita en el seminario que dictar\u00e1 el pr\u00f3ximo 15 de junio, a las 12:00 horas, en el Campus Colchagua UOH.\" \/>\n<meta name=\"robots\" content=\"index, follow, max-snippet:-1, max-image-preview:large, max-video-preview:-1\" \/>\n<link rel=\"canonical\" href=\"https:\/\/www.uoh.cl\/instituto-de-ciencias-agroalimentarias\/el-dilema-de-la-palta-hass-por-que-presenta-manchas-negras-despues-de-estar-almacenada-durante-mucho-tiempo\/\" \/>\n<meta property=\"og:locale\" content=\"es_ES\" \/>\n<meta property=\"og:type\" content=\"article\" \/>\n<meta property=\"og:title\" content=\"El dilema de la palta Hass: \u00bfPor qu\u00e9 presenta manchas negras despu\u00e9s de estar almacenada durante mucho tiempo? - Instituto de Ciencias Agroalimentarias, Animales y Ambientales\" \/>\n<meta property=\"og:description\" content=\"El acad\u00e9mico de la Universidad de O\u2019Higgins, Virgilio Gavicho Uarrota, responder\u00e1 esa inc\u00f3gnita en el seminario que dictar\u00e1 el pr\u00f3ximo 15 de junio, a las 12:00 horas, en el Campus Colchagua UOH.\" \/>\n<meta property=\"og:url\" content=\"https:\/\/www.uoh.cl\/instituto-de-ciencias-agroalimentarias\/el-dilema-de-la-palta-hass-por-que-presenta-manchas-negras-despues-de-estar-almacenada-durante-mucho-tiempo\/\" \/>\n<meta property=\"og:site_name\" content=\"Instituto de Ciencias Agroalimentarias, Animales y Ambientales\" \/>\n<meta property=\"article:published_time\" content=\"2023-06-12T14:44:31+00:00\" \/>\n<meta name=\"author\" content=\"Universidad de O&#039;Higgins\" \/>\n<meta name=\"twitter:card\" content=\"summary_large_image\" \/>\n<meta name=\"twitter:label1\" content=\"Escrito por\" \/>\n\t<meta name=\"twitter:data1\" content=\"Universidad de O&#039;Higgins\" \/>\n\t<meta name=\"twitter:label2\" content=\"Tiempo estimado de lectura\" \/>\n\t<meta name=\"twitter:data2\" content=\"3 minutos\" \/>\n<script type=\"application\/ld+json\" class=\"yoast-schema-graph\">{\"@context\":\"https:\\\/\\\/schema.org\",\"@graph\":[{\"@type\":\"Article\",\"@id\":\"https:\\\/\\\/www.uoh.cl\\\/instituto-de-ciencias-agroalimentarias\\\/el-dilema-de-la-palta-hass-por-que-presenta-manchas-negras-despues-de-estar-almacenada-durante-mucho-tiempo\\\/#article\",\"isPartOf\":{\"@id\":\"https:\\\/\\\/www.uoh.cl\\\/instituto-de-ciencias-agroalimentarias\\\/el-dilema-de-la-palta-hass-por-que-presenta-manchas-negras-despues-de-estar-almacenada-durante-mucho-tiempo\\\/\"},\"author\":{\"name\":\"Universidad de O'Higgins\",\"@id\":\"https:\\\/\\\/www.uoh.cl\\\/instituto-de-ciencias-agroalimentarias\\\/#\\\/schema\\\/person\\\/ea242e676c7d6d7e46fc8b9e39486c4f\"},\"headline\":\"El dilema de la palta Hass: \u00bfPor qu\u00e9 presenta manchas negras despu\u00e9s de estar almacenada durante mucho tiempo?\",\"datePublished\":\"2023-06-12T14:44:31+00:00\",\"mainEntityOfPage\":{\"@id\":\"https:\\\/\\\/www.uoh.cl\\\/instituto-de-ciencias-agroalimentarias\\\/el-dilema-de-la-palta-hass-por-que-presenta-manchas-negras-despues-de-estar-almacenada-durante-mucho-tiempo\\\/\"},\"wordCount\":862,\"commentCount\":0,\"image\":{\"@id\":\"https:\\\/\\\/www.uoh.cl\\\/instituto-de-ciencias-agroalimentarias\\\/el-dilema-de-la-palta-hass-por-que-presenta-manchas-negras-despues-de-estar-almacenada-durante-mucho-tiempo\\\/#primaryimage\"},\"thumbnailUrl\":\"\",\"articleSection\":[\"ICA3\"],\"inLanguage\":\"es-CL\",\"potentialAction\":[{\"@type\":\"CommentAction\",\"name\":\"Comment\",\"target\":[\"https:\\\/\\\/www.uoh.cl\\\/instituto-de-ciencias-agroalimentarias\\\/el-dilema-de-la-palta-hass-por-que-presenta-manchas-negras-despues-de-estar-almacenada-durante-mucho-tiempo\\\/#respond\"]}]},{\"@type\":\"WebPage\",\"@id\":\"https:\\\/\\\/www.uoh.cl\\\/instituto-de-ciencias-agroalimentarias\\\/el-dilema-de-la-palta-hass-por-que-presenta-manchas-negras-despues-de-estar-almacenada-durante-mucho-tiempo\\\/\",\"url\":\"https:\\\/\\\/www.uoh.cl\\\/instituto-de-ciencias-agroalimentarias\\\/el-dilema-de-la-palta-hass-por-que-presenta-manchas-negras-despues-de-estar-almacenada-durante-mucho-tiempo\\\/\",\"name\":\"El dilema de la palta Hass: \u00bfPor qu\u00e9 presenta manchas negras despu\u00e9s de estar almacenada durante mucho tiempo? - Instituto de Ciencias Agroalimentarias, Animales y Ambientales\",\"isPartOf\":{\"@id\":\"https:\\\/\\\/www.uoh.cl\\\/instituto-de-ciencias-agroalimentarias\\\/#website\"},\"primaryImageOfPage\":{\"@id\":\"https:\\\/\\\/www.uoh.cl\\\/instituto-de-ciencias-agroalimentarias\\\/el-dilema-de-la-palta-hass-por-que-presenta-manchas-negras-despues-de-estar-almacenada-durante-mucho-tiempo\\\/#primaryimage\"},\"image\":{\"@id\":\"https:\\\/\\\/www.uoh.cl\\\/instituto-de-ciencias-agroalimentarias\\\/el-dilema-de-la-palta-hass-por-que-presenta-manchas-negras-despues-de-estar-almacenada-durante-mucho-tiempo\\\/#primaryimage\"},\"thumbnailUrl\":\"\",\"datePublished\":\"2023-06-12T14:44:31+00:00\",\"author\":{\"@id\":\"https:\\\/\\\/www.uoh.cl\\\/instituto-de-ciencias-agroalimentarias\\\/#\\\/schema\\\/person\\\/ea242e676c7d6d7e46fc8b9e39486c4f\"},\"description\":\"El acad\u00e9mico de la Universidad de O\u2019Higgins, Virgilio Gavicho Uarrota, responder\u00e1 esa inc\u00f3gnita en el seminario que dictar\u00e1 el pr\u00f3ximo 15 de junio, a las 12:00 horas, en el Campus Colchagua UOH.\",\"inLanguage\":\"es-CL\",\"potentialAction\":[{\"@type\":\"ReadAction\",\"target\":[\"https:\\\/\\\/www.uoh.cl\\\/instituto-de-ciencias-agroalimentarias\\\/el-dilema-de-la-palta-hass-por-que-presenta-manchas-negras-despues-de-estar-almacenada-durante-mucho-tiempo\\\/\"]}]},{\"@type\":\"ImageObject\",\"inLanguage\":\"es-CL\",\"@id\":\"https:\\\/\\\/www.uoh.cl\\\/instituto-de-ciencias-agroalimentarias\\\/el-dilema-de-la-palta-hass-por-que-presenta-manchas-negras-despues-de-estar-almacenada-durante-mucho-tiempo\\\/#primaryimage\",\"url\":\"\",\"contentUrl\":\"\"},{\"@type\":\"WebSite\",\"@id\":\"https:\\\/\\\/www.uoh.cl\\\/instituto-de-ciencias-agroalimentarias\\\/#website\",\"url\":\"https:\\\/\\\/www.uoh.cl\\\/instituto-de-ciencias-agroalimentarias\\\/\",\"name\":\"Instituto de Ciencias Agroalimentarias, Animales y Ambientales\",\"description\":\"Otro sitio de Sitios de Universidad O'higgins\",\"potentialAction\":[{\"@type\":\"SearchAction\",\"target\":{\"@type\":\"EntryPoint\",\"urlTemplate\":\"https:\\\/\\\/www.uoh.cl\\\/instituto-de-ciencias-agroalimentarias\\\/?s={search_term_string}\"},\"query-input\":{\"@type\":\"PropertyValueSpecification\",\"valueRequired\":true,\"valueName\":\"search_term_string\"}}],\"inLanguage\":\"es-CL\"},{\"@type\":\"Person\",\"@id\":\"https:\\\/\\\/www.uoh.cl\\\/instituto-de-ciencias-agroalimentarias\\\/#\\\/schema\\\/person\\\/ea242e676c7d6d7e46fc8b9e39486c4f\",\"name\":\"Universidad de O'Higgins\",\"image\":{\"@type\":\"ImageObject\",\"inLanguage\":\"es-CL\",\"@id\":\"https:\\\/\\\/secure.gravatar.com\\\/avatar\\\/78fcb76ca05efae11fd355943c01a832a29786cc00d85b1a82c301bea2b2a214?s=96&d=mm&r=g\",\"url\":\"https:\\\/\\\/secure.gravatar.com\\\/avatar\\\/78fcb76ca05efae11fd355943c01a832a29786cc00d85b1a82c301bea2b2a214?s=96&d=mm&r=g\",\"contentUrl\":\"https:\\\/\\\/secure.gravatar.com\\\/avatar\\\/78fcb76ca05efae11fd355943c01a832a29786cc00d85b1a82c301bea2b2a214?s=96&d=mm&r=g\",\"caption\":\"Universidad de O'Higgins\"}}]}<\/script>\n<!-- \/ Yoast SEO plugin. -->","yoast_head_json":{"title":"El dilema de la palta Hass: \u00bfPor qu\u00e9 presenta manchas negras despu\u00e9s de estar almacenada durante mucho tiempo? - Instituto de Ciencias Agroalimentarias, Animales y Ambientales","description":"El acad\u00e9mico de la Universidad de O\u2019Higgins, Virgilio Gavicho Uarrota, responder\u00e1 esa inc\u00f3gnita en el seminario que dictar\u00e1 el pr\u00f3ximo 15 de junio, a las 12:00 horas, en el Campus Colchagua UOH.","robots":{"index":"index","follow":"follow","max-snippet":"max-snippet:-1","max-image-preview":"max-image-preview:large","max-video-preview":"max-video-preview:-1"},"canonical":"https:\/\/www.uoh.cl\/instituto-de-ciencias-agroalimentarias\/el-dilema-de-la-palta-hass-por-que-presenta-manchas-negras-despues-de-estar-almacenada-durante-mucho-tiempo\/","og_locale":"es_ES","og_type":"article","og_title":"El dilema de la palta Hass: \u00bfPor qu\u00e9 presenta manchas negras despu\u00e9s de estar almacenada durante mucho tiempo? - Instituto de Ciencias Agroalimentarias, Animales y Ambientales","og_description":"El acad\u00e9mico de la Universidad de O\u2019Higgins, Virgilio Gavicho Uarrota, responder\u00e1 esa inc\u00f3gnita en el seminario que dictar\u00e1 el pr\u00f3ximo 15 de junio, a las 12:00 horas, en el Campus Colchagua UOH.","og_url":"https:\/\/www.uoh.cl\/instituto-de-ciencias-agroalimentarias\/el-dilema-de-la-palta-hass-por-que-presenta-manchas-negras-despues-de-estar-almacenada-durante-mucho-tiempo\/","og_site_name":"Instituto de Ciencias Agroalimentarias, Animales y Ambientales","article_published_time":"2023-06-12T14:44:31+00:00","author":"Universidad de O'Higgins","twitter_card":"summary_large_image","twitter_misc":{"Escrito por":"Universidad de O'Higgins","Tiempo estimado de lectura":"3 minutos"},"schema":{"@context":"https:\/\/schema.org","@graph":[{"@type":"Article","@id":"https:\/\/www.uoh.cl\/instituto-de-ciencias-agroalimentarias\/el-dilema-de-la-palta-hass-por-que-presenta-manchas-negras-despues-de-estar-almacenada-durante-mucho-tiempo\/#article","isPartOf":{"@id":"https:\/\/www.uoh.cl\/instituto-de-ciencias-agroalimentarias\/el-dilema-de-la-palta-hass-por-que-presenta-manchas-negras-despues-de-estar-almacenada-durante-mucho-tiempo\/"},"author":{"name":"Universidad de O'Higgins","@id":"https:\/\/www.uoh.cl\/instituto-de-ciencias-agroalimentarias\/#\/schema\/person\/ea242e676c7d6d7e46fc8b9e39486c4f"},"headline":"El dilema de la palta Hass: \u00bfPor qu\u00e9 presenta manchas negras despu\u00e9s de estar almacenada durante mucho tiempo?","datePublished":"2023-06-12T14:44:31+00:00","mainEntityOfPage":{"@id":"https:\/\/www.uoh.cl\/instituto-de-ciencias-agroalimentarias\/el-dilema-de-la-palta-hass-por-que-presenta-manchas-negras-despues-de-estar-almacenada-durante-mucho-tiempo\/"},"wordCount":862,"commentCount":0,"image":{"@id":"https:\/\/www.uoh.cl\/instituto-de-ciencias-agroalimentarias\/el-dilema-de-la-palta-hass-por-que-presenta-manchas-negras-despues-de-estar-almacenada-durante-mucho-tiempo\/#primaryimage"},"thumbnailUrl":"","articleSection":["ICA3"],"inLanguage":"es-CL","potentialAction":[{"@type":"CommentAction","name":"Comment","target":["https:\/\/www.uoh.cl\/instituto-de-ciencias-agroalimentarias\/el-dilema-de-la-palta-hass-por-que-presenta-manchas-negras-despues-de-estar-almacenada-durante-mucho-tiempo\/#respond"]}]},{"@type":"WebPage","@id":"https:\/\/www.uoh.cl\/instituto-de-ciencias-agroalimentarias\/el-dilema-de-la-palta-hass-por-que-presenta-manchas-negras-despues-de-estar-almacenada-durante-mucho-tiempo\/","url":"https:\/\/www.uoh.cl\/instituto-de-ciencias-agroalimentarias\/el-dilema-de-la-palta-hass-por-que-presenta-manchas-negras-despues-de-estar-almacenada-durante-mucho-tiempo\/","name":"El dilema de la palta Hass: \u00bfPor qu\u00e9 presenta manchas negras despu\u00e9s de estar almacenada durante mucho tiempo? - Instituto de Ciencias Agroalimentarias, Animales y Ambientales","isPartOf":{"@id":"https:\/\/www.uoh.cl\/instituto-de-ciencias-agroalimentarias\/#website"},"primaryImageOfPage":{"@id":"https:\/\/www.uoh.cl\/instituto-de-ciencias-agroalimentarias\/el-dilema-de-la-palta-hass-por-que-presenta-manchas-negras-despues-de-estar-almacenada-durante-mucho-tiempo\/#primaryimage"},"image":{"@id":"https:\/\/www.uoh.cl\/instituto-de-ciencias-agroalimentarias\/el-dilema-de-la-palta-hass-por-que-presenta-manchas-negras-despues-de-estar-almacenada-durante-mucho-tiempo\/#primaryimage"},"thumbnailUrl":"","datePublished":"2023-06-12T14:44:31+00:00","author":{"@id":"https:\/\/www.uoh.cl\/instituto-de-ciencias-agroalimentarias\/#\/schema\/person\/ea242e676c7d6d7e46fc8b9e39486c4f"},"description":"El acad\u00e9mico de la Universidad de O\u2019Higgins, Virgilio Gavicho Uarrota, responder\u00e1 esa inc\u00f3gnita en el seminario que dictar\u00e1 el pr\u00f3ximo 15 de junio, a las 12:00 horas, en el Campus Colchagua UOH.","inLanguage":"es-CL","potentialAction":[{"@type":"ReadAction","target":["https:\/\/www.uoh.cl\/instituto-de-ciencias-agroalimentarias\/el-dilema-de-la-palta-hass-por-que-presenta-manchas-negras-despues-de-estar-almacenada-durante-mucho-tiempo\/"]}]},{"@type":"ImageObject","inLanguage":"es-CL","@id":"https:\/\/www.uoh.cl\/instituto-de-ciencias-agroalimentarias\/el-dilema-de-la-palta-hass-por-que-presenta-manchas-negras-despues-de-estar-almacenada-durante-mucho-tiempo\/#primaryimage","url":"","contentUrl":""},{"@type":"WebSite","@id":"https:\/\/www.uoh.cl\/instituto-de-ciencias-agroalimentarias\/#website","url":"https:\/\/www.uoh.cl\/instituto-de-ciencias-agroalimentarias\/","name":"Instituto de Ciencias Agroalimentarias, Animales y Ambientales","description":"Otro sitio de Sitios de Universidad O'higgins","potentialAction":[{"@type":"SearchAction","target":{"@type":"EntryPoint","urlTemplate":"https:\/\/www.uoh.cl\/instituto-de-ciencias-agroalimentarias\/?s={search_term_string}"},"query-input":{"@type":"PropertyValueSpecification","valueRequired":true,"valueName":"search_term_string"}}],"inLanguage":"es-CL"},{"@type":"Person","@id":"https:\/\/www.uoh.cl\/instituto-de-ciencias-agroalimentarias\/#\/schema\/person\/ea242e676c7d6d7e46fc8b9e39486c4f","name":"Universidad de O'Higgins","image":{"@type":"ImageObject","inLanguage":"es-CL","@id":"https:\/\/secure.gravatar.com\/avatar\/78fcb76ca05efae11fd355943c01a832a29786cc00d85b1a82c301bea2b2a214?s=96&d=mm&r=g","url":"https:\/\/secure.gravatar.com\/avatar\/78fcb76ca05efae11fd355943c01a832a29786cc00d85b1a82c301bea2b2a214?s=96&d=mm&r=g","contentUrl":"https:\/\/secure.gravatar.com\/avatar\/78fcb76ca05efae11fd355943c01a832a29786cc00d85b1a82c301bea2b2a214?s=96&d=mm&r=g","caption":"Universidad de O'Higgins"}}]}},"_links":{"self":[{"href":"https:\/\/www.uoh.cl\/instituto-de-ciencias-agroalimentarias\/wp-json\/wp\/v2\/posts\/3569","targetHints":{"allow":["GET"]}}],"collection":[{"href":"https:\/\/www.uoh.cl\/instituto-de-ciencias-agroalimentarias\/wp-json\/wp\/v2\/posts"}],"about":[{"href":"https:\/\/www.uoh.cl\/instituto-de-ciencias-agroalimentarias\/wp-json\/wp\/v2\/types\/post"}],"author":[{"embeddable":true,"href":"https:\/\/www.uoh.cl\/instituto-de-ciencias-agroalimentarias\/wp-json\/wp\/v2\/users\/34"}],"replies":[{"embeddable":true,"href":"https:\/\/www.uoh.cl\/instituto-de-ciencias-agroalimentarias\/wp-json\/wp\/v2\/comments?post=3569"}],"version-history":[{"count":0,"href":"https:\/\/www.uoh.cl\/instituto-de-ciencias-agroalimentarias\/wp-json\/wp\/v2\/posts\/3569\/revisions"}],"wp:attachment":[{"href":"https:\/\/www.uoh.cl\/instituto-de-ciencias-agroalimentarias\/wp-json\/wp\/v2\/media?parent=3569"}],"wp:term":[{"taxonomy":"category","embeddable":true,"href":"https:\/\/www.uoh.cl\/instituto-de-ciencias-agroalimentarias\/wp-json\/wp\/v2\/categories?post=3569"},{"taxonomy":"post_tag","embeddable":true,"href":"https:\/\/www.uoh.cl\/instituto-de-ciencias-agroalimentarias\/wp-json\/wp\/v2\/tags?post=3569"}],"curies":[{"name":"wp","href":"https:\/\/api.w.org\/{rel}","templated":true}]}}