
{"id":3489,"date":"2023-05-22T10:52:38","date_gmt":"2023-05-22T13:52:38","guid":{"rendered":"https:\/\/www.uoh.cl\/instituto-de-ciencias-agroalimentarias\/las-abejas-seres-esenciales-para-la-vida\/"},"modified":"2023-05-22T10:52:38","modified_gmt":"2023-05-22T13:52:38","slug":"las-abejas-seres-esenciales-para-la-vida","status":"publish","type":"post","link":"https:\/\/www.uoh.cl\/instituto-de-ciencias-agroalimentarias\/las-abejas-seres-esenciales-para-la-vida\/","title":{"rendered":"Las abejas, seres esenciales para la vida"},"content":{"rendered":"<div class=\"wpb-content-wrapper\"><p>[vc_section el_class=&#8221;container mx-auto align-items-center circle&#8211;pattern&#8221; css=&#8221;.vc_custom_1648956589196{padding-top: 3rem !important;}&#8221;][vc_row][vc_column]<div class=\"breadcrumb\"><ol itemscope itemtype=\"https:\/\/schema.org\/BreadcrumbList\"><li itemprop=\"itemListElement\" itemscope itemtype=\"https:\/\/schema.org\/ListItem\"><a itemprop=\"item\" href=\"http:\/\/www.uoh.cl\"><span itemprop=\"name\">Inicio<\/span><\/a><meta itemprop=\"position\" content=\"1\" \/><li itemprop=\"itemListElement\" itemscope itemtype=\"https:\/\/schema.org\/ListItem\"><a itemprop=\"item\" href=\"https:\/\/www.uoh.cl\/instituto-de-ciencias-agroalimentarias\"><span itemprop=\"name\">Instituto de Ciencias Agroalimentarias, Animales y Ambientales<\/span><\/a><meta itemprop=\"position\" content=\"2\" \/><li itemprop=\"itemListElement\" itemscope itemtype=\"https:\/\/schema.org\/ListItem\"><a itemprop=\"item\" href=\"https:\/\/www.uoh.cl\/instituto-de-ciencias-agroalimentarias\/noticias\/\"><span itemprop=\"name\">Noticias<\/span><\/a><meta itemprop=\"position\" content=\"3\" \/><li itemprop=\"itemListElement\" itemscope itemtype=\"https:\/\/schema.org\/ListItem\"><span itemprop=\"name\">Las abejas, seres esenciales para la vida <\/span><meta itemprop=\"position\" content=\"4\" \/><\/ol><\/div><ul class=\"p-0 list-style-none d-inline-block\"><li class=\"p-0\"><a href=https:\/\/www.uoh.cl\/instituto-de-ciencias-agroalimentarias\/category\/ica3\/ class=\"px-1 py-2\">ICA3<\/a><\/li><\/ul><div class=\"date_publish_post\"> \u25cf Lun 22 de Mayo 2023<\/div><div class=\"uoh_title_component-container\"><h1 class=\"title title--ms d-inline-block title--decorator  big\">Las abejas, seres esenciales para la vida<\/h1><\/div>[vc_row_inner el_class=&#8221;border-separator m-0&#8243;][vc_column_inner width=&#8221;2\/3&#8243;]<div class=\"author_wp_class\"> Escrito por <span>Universidad de O'Higgins<\/span><\/div>[\/vc_column_inner][vc_column_inner el_class=&#8221;align-items-end-publish&#8221; width=&#8221;1\/3&#8243;]<div class=\"uoh_social_network_component uoh_row col-12 justify-content-end m-0 p-0\"> <div class=\"icon__facebook-share-button\">\n                       <a href=\"https:\/\/www.facebook.com\/sharer\/sharer.php?u=https:\/\/www.uoh.cl\/instituto-de-ciencias-agroalimentarias\/las-abejas-seres-esenciales-para-la-vida\/\" target=\"_blank\"> <div class=\"icon__facebook-svg\"><svg version=\"1.1\" xmlns=\"http:\/\/www.w3.org\/2000\/svg\" xmlns:xlink=\"http:\/\/www.w3.org\/1999\/xlink\" x=\"0px\" y=\"0px\" width=\"22.4px\" height=\"48.3px\" viewBox=\"0 0 22.4 48.3\" style=\"overflow:visible;enable-background:new 0 0 22.4 48.3;\" xml:space=\"preserve\">\n                <defs>\n                <\/defs>\n                <path class=\"st0\" d=\"M22.4,15.6h-7.6v-5c0-1.9,1.2-2.3,2.1-2.3c0.9,0,5.4,0,5.4,0V0l-7.4,0C6.6,0,4.8,6.2,4.8,10.1v5.5H0v8.5h4.8\n                    c0,10.9,0,24.1,0,24.1h10c0,0,0-13.3,0-24.1h6.8L22.4,15.6z\"><\/path>\n                <\/svg><\/a><\/div>\n                    <\/div><div class=\"icon__twitter-share-button\">\n                        <div class=\"icon__twitter-svg\"><a target=\"_blank\" href=\"http:\/\/twitter.com\/share?url=https:\/\/www.uoh.cl\/instituto-de-ciencias-agroalimentarias\/las-abejas-seres-esenciales-para-la-vida\/\"><svg xmlns=\"http:\/\/www.w3.org\/2000\/svg\" height=\"1em\" viewBox=\"0 0 512 512\"><!--! Font Awesome Free 6.4.2 by @fontawesome - https:\/\/fontawesome.com License - https:\/\/fontawesome.com\/license (Commercial License) Copyright 2023 Fonticons, Inc. --><path d=\"M389.2 48h70.6L305.6 224.2 487 464H345L233.7 318.6 106.5 464H35.8L200.7 275.5 26.8 48H172.4L272.9 180.9 389.2 48zM364.4 421.8h39.1L151.1 88h-42L364.4 421.8z\"\/><\/svg><\/a><\/div>\n                        <\/div><div class=\"icon__linkedin-share-button\">\n                        <div class=\"icon__linkedin-svg\">\n                        <a target=\"__blank\" href=\"https:\/\/www.linkedin.com\/sharing\/share-offsite\/?url=https:\/\/www.uoh.cl\/instituto-de-ciencias-agroalimentarias\/las-abejas-seres-esenciales-para-la-vida\/\"><svg enable-background=\"new 0 0 100 100\" height=\"100px\" id=\"Layer_1\" version=\"1.1\" viewBox=\"0 0 100 100\" width=\"100px\" xml:space=\"preserve\" xmlns=\"http:\/\/www.w3.org\/2000\/svg\" xmlns:xlink=\"http:\/\/www.w3.org\/1999\/xlink\"><g><circle cx=\"50\" cy=\"50\" fill=\"#ccc\" r=\"45\"\/><g id=\"LinkedIn_1_\"><rect fill=\"#FFFFFF\" height=\"24.361\" width=\"7.69\" x=\"31.271\" y=\"43.569\"\/><path d=\"M59.968,43.334c-4.406,0-7.165,2.387-7.677,4.058v-3.823h-8.636c0.109,2.03,0,24.361,0,24.361h8.636    V54.748c0-0.733-0.034-1.465,0.19-1.991c0.594-1.464,1.869-2.985,4.162-2.985c2.998,0,4.361,2.253,4.361,5.552V67.93h8.721V54.384    C69.726,46.839,65.432,43.334,59.968,43.334z\" fill=\"#FFFFFF\"\/><path d=\"M34.973,32.069c-2.839,0-4.696,1.823-4.696,4.229c0,2.361,1.804,4.224,4.589,4.224h0.054    c2.891,0,4.69-1.869,4.69-4.229C39.555,33.888,37.81,32.069,34.973,32.069z\" fill=\"#FFFFFF\"\/><\/g><\/g><\/svg><\/a><\/div>\n\n            <\/div><\/div>[\/vc_column_inner][\/vc_row_inner][vc_single_image image=&#8221;19111&#8243; img_size=&#8221;full&#8221; add_caption=&#8221;yes&#8221; alignment=&#8221;center&#8221; onclick=&#8221;img_link_large&#8221; img_link_target=&#8221;_blank&#8221;][vc_column_text]\u00a0[\/vc_column_text][vc_column_text]<\/p>\n<ul>\n<li><i>La Organizaci\u00f3n de Naciones Unidas declar\u00f3 el 20 de mayo el D\u00eda Internacional de estas polinizadoras, para crear conciencia sobre su importancia, las amenazas a las que se enfrentan y su contribuci\u00f3n al desarrollo sostenible.<\/i><\/li>\n<\/ul>\n<div class=\"content__related\">\n<div class=\"related__images\"><\/div>\n<\/div>\n<p>[\/vc_column_text][vc_column_text]\u00a0[\/vc_column_text][vc_column_text]<\/p>\n<div>\n<p>Sab\u00eda usted que cuando una abeja llega a su hogar y para en un rinc\u00f3n de su casa, su intenci\u00f3n no es \u2018picarlo\u2019, como com\u00fanmente pensamos, \u201csino que hacer una pausa en su tarea de recolecci\u00f3n de n\u00e9ctar y polen\u201d, explica la acad\u00e9mica del\u00a0<a href=\"https:\/\/www.uoh.cl\/instituto-de-ciencias-agroalimentarias\/\" target=\"_blank\" rel=\"noopener\" data-saferedirecturl=\"https:\/\/www.google.com\/url?q=https:\/\/www.uoh.cl\/instituto-de-ciencias-agroalimentarias\/&amp;source=gmail&amp;ust=1684847494037000&amp;usg=AOvVaw1nqRA93vrLSkJrr_61ydDB\">Instituto de Ciencias Agroalimentarias, Animales y Ambientales<\/a>\u00a0(ICA3) de la Universidad de O\u2019Higgins (UOH), Dra.\u00a0<a href=\"https:\/\/www.uoh.cl\/investigacion\/academico\/andrea-muller\/\" target=\"_blank\" rel=\"noopener\" data-saferedirecturl=\"https:\/\/www.google.com\/url?q=https:\/\/www.uoh.cl\/investigacion\/academico\/andrea-muller\/&amp;source=gmail&amp;ust=1684847494037000&amp;usg=AOvVaw1tK4U-Kj769-On6NRk7zMZ\">Andrea M\u00fcller<\/a>.<\/p>\n<p>\u201cLo primero es no matarlas. Normalmente las abejas que vemos en el suelo est\u00e1n muy cansadas, est\u00e1n buscando agua, alimento y refugio. Lo que uno puede hacer es administrarle un poquito de agua con az\u00facar, y tambi\u00e9n darles refugio en peque\u00f1as\u00a0cajitas\u00a0o botellas (cortadas a la mitad) a las que podemos poner palitos, para que puedan retomar fuerzas y descansar al resguardo de otros animales que est\u00e1n en el jard\u00edn, como perros y gatos. Luego, cuando ella se recupere, lo m\u00e1s probable es que se vaya\u201d, explica la investigadora.<\/p>\n<p>Al celebrarse el\u00a0<a href=\"https:\/\/www.un.org\/es\/observances\/bee-day\" target=\"_blank\" rel=\"noopener\" data-saferedirecturl=\"https:\/\/www.google.com\/url?q=https:\/\/www.un.org\/es\/observances\/bee-day&amp;source=gmail&amp;ust=1684847494037000&amp;usg=AOvVaw0rgvdMyMGk3nyO68hivwK4\">D\u00eda Mundial de las Abejas<\/a>, Andrea M\u00fcller explica la importancia de estas productoras de miel y polinizadoras, as\u00ed como la situaci\u00f3n que hoy enfrentan por los problemas\u00a0medio ambientales\u00a0que ha tra\u00eddo el cambio clim\u00e1tico. \u201cLas abejas son uno de los insectos esenciales para la alimentaci\u00f3n; m\u00e1s del 75% de los alimentos que se consumen son gracias a la acci\u00f3n de ellas. Son fundamentales para la polinizaci\u00f3n; gracias a ellas hay intercambio de polen de flor en flor y se produce la semilla que va a generar el fruto de las hortalizas, las verduras, las frutas y las mismas semillas\u201d, asegura.<\/p>\n<p>Acota que si bien las abejas no son las \u00fanicas\u00a0<a href=\"https:\/\/www.fao.org\/fao-stories\/article\/es\/c\/1129811\/\" target=\"_blank\" rel=\"noopener\" data-saferedirecturl=\"https:\/\/www.google.com\/url?q=https:\/\/www.fao.org\/fao-stories\/article\/es\/c\/1129811\/&amp;source=gmail&amp;ust=1684847494037000&amp;usg=AOvVaw3aYDULyAWhOYuu4pBYc7-K\">polinizadoras<\/a>\u00a0(tambi\u00e9n desempe\u00f1an esta funci\u00f3n mariposas, abejorros, polillas, picaflores y murci\u00e9lagos), son \u201clas principales y en esta tarea aportan no solo las abejas mel\u00edferas, que son las que conocemos como productoras de miel, sino que tambi\u00e9n las abejas nativas, las que son s\u00faper importantes para la mantenci\u00f3n de ecosistemas silvestres\u201d y detalla que como regi\u00f3n tenemos abejas nativas que son end\u00e9micas de Chile, es decir, solo viven en nuestro pa\u00eds.<\/p>\n<h4><b>Escenario actual<\/b><\/h4>\n<p>\u201cEst\u00e1 complicada la existencia de las abejas porque cada vez tienen menos alimentos para subsistir,\u00a0pues ellas necesitan\u00a0un alimento variado y no de un solo tipo. Requieren diferentes flores y, con el cambio clim\u00e1tico, han disminuido las especies mel\u00edferas, que son las especies florales en que ellas buscan el polen y el n\u00e9ctar\u201d, explica la Dra. M\u00fcller.<\/p>\n<p>El alimento tambi\u00e9n disminuye porque hay menos agua, m\u00e1s sequedad y tambi\u00e9n por el aumento en el desarrollo de monocultivos. \u201cLos monocultivos son una gran extensi\u00f3n de tierra que tiene un solo tipo de cultivo, lo que es perjudicial para las abejas porque tienen polen de un solo origen y lo que ellas necesitan es variedad\u201d, puntualiza.<\/p>\n<p>Pero surge la b\u00fasqueda de soluciones, la acad\u00e9mica se\u00f1ala que \u201clo que se puede hacer es crear bordes florales en estos monocultivos, es decir, dejar una franja para poner diferentes especies mel\u00edferas, que den diversidad para que las abejas puedan buscar su alimento desde distintos or\u00edgenes\u201d. Otro punto que destaca es que este tipo de acciones no solo atrae a las abejas productoras de miel, sino que, a las abejas nativas, lo que ayuda a\u00fan m\u00e1s a la polinizaci\u00f3n de los cultivos.<\/p>\n<h4><b>Trabajo de la UOH con apicultores y productores<\/b><\/h4>\n<p>Andrea M\u00fcller explica que en la Regi\u00f3n de O\u2019Higgins las abejas son, particularmente, importantes. \u201cHay ciertas especies vegetales que necesitan de ellas. Por ejemplo, son muy sensibles a la polinizaci\u00f3n especies como el kiwi, el almendro y el cerezo, que necesitan de las abejas para generar sus frutos, ya que por s\u00ed solos dar\u00edan frutos muy peque\u00f1os y que no ser\u00edan adecuados en cuanto a su calidad\u201d.<\/p>\n<p>Entre\u00a0fines\u00a0del 2020 y marzo del 2022, la Dra. Andrea M\u00fcller lider\u00f3 un proyecto de Vinculaci\u00f3n Ciencia Empresa, que financia ANID, y que permiti\u00f3 realizar un diagn\u00f3stico de la realidad de la apicultura en la regi\u00f3n. \u201cLogramos conocer y reunirnos con todos los actores: apicultores\/as, asesores, profesionales de Indap, Prodesal, el SAG, Odepa (Oficina de Estudios y Pol\u00edticas Agrarias) y desarrollar una hoja de ruta. Esto nos permiti\u00f3 identificar las principales problem\u00e1ticas del rubro ap\u00edcola y generar diferentes proyectos para desarrollar a corto, mediano y largo plazo, para dar soluci\u00f3n a estas brechas\u201d, detalla.<\/p>\n<p>Estos proyectos se dividieron en cinco ejes, entre los que destacan como prioritarios la sanidad y los productos y servicios. En sanidad, el objetivo es \u201cver c\u00f3mo est\u00e1 funcionando la colmena, desde que las abejas salen a recolectar el polen y el n\u00e9ctar y lo transforman en miel; lograr que la cosecha se realice en recintos especializados, aprobados por el Servicio de Salud, y mejorar el transporte de la miel\u201d, precisa Andrea M\u00fcller.<\/p>\n<p>En los productos y servicios se busca \u201cdiversificar los productos que se generan de la colmena, con un valor agregado, y mejorar el servicio de polinizaci\u00f3n, a trav\u00e9s de un trabajo conjunto entre los apicultores y los productores de frutas, verduras y semillas. Se busca llegar a un acuerdo para que las abejas puedan polinizar de la mejor forma posible; de la forma m\u00e1s eficiente\u201d, agrega.<\/p>\n<p>Actualmente, est\u00e1n trabajando con los apicultores y productores para priorizar los temas que necesitan de soluciones a corto plazo, desarrollar proyectos y luego, presentarlos a diferentes fuentes de financiamiento para poder ejecutarlos, puntualiza Andrea M\u00fcller.<\/p>\n<p>En el marco del convenio de colaboraci\u00f3n entre\u00a0<a href=\"https:\/\/www.codelco.com\/elteniente\" target=\"_blank\" rel=\"noopener\" data-saferedirecturl=\"https:\/\/www.google.com\/url?q=https:\/\/www.codelco.com\/elteniente&amp;source=gmail&amp;ust=1684847494037000&amp;usg=AOvVaw2fqvye11USd_IjdQHFHhqg\">Codelco El Teniente<\/a>\u00a0y la\u00a0<a href=\"http:\/\/www.uoh.cl\/\" target=\"_blank\" rel=\"noopener\" data-saferedirecturl=\"https:\/\/www.google.com\/url?q=http:\/\/www.uoh.cl\/&amp;source=gmail&amp;ust=1684847494037000&amp;usg=AOvVaw0b24MjgdjdycFjzHubgy5e\">Universidad de O\u2019Higgins<\/a>, se dar\u00e1 vida a la construcci\u00f3n de la sala de cosecha y envasado de miel en el sector de Rinconada de Do\u00f1ihue, beneficiando a 13 apicultores. La iniciativa considera la creaci\u00f3n de una sala comunitaria, la que podr\u00e1 optar a la Resoluci\u00f3n Sanitaria MINSAL, lo cual es requisito indispensable para lograr la formalidad en la comercializaci\u00f3n de miel y sus derivados en el mercado nacional, detalla Sim\u00f3n Cox, coordinador del proyecto.<\/p>\n<p>La iniciativa considera, adem\u00e1s, actividades de capacitaci\u00f3n y recambio de abejas reinas para los 13 productores beneficiados con el proyecto.<\/p>\n<\/div>\n<div><\/div>\n<div><\/div>\n<p>[\/vc_column_text][\/vc_column][\/vc_row][vc_row][vc_column width=&#8221;1\/2&#8243;][\/vc_column][vc_column width=&#8221;1\/2&#8243;][\/vc_column][\/vc_row][\/vc_section][vc_section css=&#8221;.vc_custom_1650255686594{background-color: #f6faff !important;}&#8221; el_class=&#8221;p-md-0 pt-md-5&#8243;][vc_row el_class=&#8221;container mx-auto align-items-center p-md-0 pt-5 pb-5&#8243;][vc_column el_class=&#8221;pb-5&#8243;][vc_row_inner el_class=&#8221;pb-5&#8243;][vc_column_inner]<div class=\"row m-0 p-0\"><div class=\"col-12 col-md-9 pt-5 pt-md-0\"><h2 class=\"title title--decorator title--ms d-inline-block\">Te Recomendamos<\/h2><\/div><\/div><div class=\"content-holder\"><div class=\"row  swipper-news-list not--activate-hack \"><div class=\"row -wrapper\"><div class=\"  col-sm-6 col-md-4 img-article\">\n                                        <div class=\"content-news-display row m-0 p-0\"><div class=\"holder p-0 \"><div class=\"img-wrap img-wrap-news\">\n                                        <div class=\"caption__news-category\">\n                                        <a href=\"https:\/\/www.uoh.cl\/instituto-de-ciencias-agroalimentarias\/category\/investigacion\/\">\n                                        Investigaci\u00f3n<\/a><\/div><img decoding=\"async\" class=\"w-100 h-100 lazyload\" data-src=\"https:\/\/www.uoh.cl\/instituto-de-ciencias-agroalimentarias\/wp-content\/uploads\/sites\/25\/2026\/04\/FWIS2026-web-op.jpg\" alt=\"Comienza proceso de postulaciones al Premio For Women in Science 2026\" style=\"--smush-placeholder-width: 800px; --smush-placeholder-aspect-ratio: 800\/444;object-fit: cover; object-position: center;\" src=\"data:image\/svg+xml;base64,PHN2ZyB3aWR0aD0iMSIgaGVpZ2h0PSIxIiB4bWxucz0iaHR0cDovL3d3dy53My5vcmcvMjAwMC9zdmciPjwvc3ZnPg==\"><\/div><\/div><div class=\"caption py-3 caption__news py-md-3 pb-md-5\">\n                                    <span class=\"caption__date\">Jueves 30, Abril<\/span>\n                                     <a href=\"https:\/\/www.uoh.cl\/instituto-de-ciencias-agroalimentarias\/comienza-proceso-de-postulaciones-al-premio-for-women-in-science-2026\/\">\n                                    <h3 class=\"small-space\">Comienza proceso de postulaciones al Premio For Women in Science 2026<\/h3><\/a>\n\n                                    <p>La convocatoria, abierta entre el 22 de abril y el 28 de mayo de 2026, busca impulsar la trayectoria y aporte cient\u00edfico de investigadoras chilenas.<\/p>\n                                    <a class=\"link link--bold mt-md-3\" href=\"https:\/\/www.uoh.cl\/instituto-de-ciencias-agroalimentarias\/comienza-proceso-de-postulaciones-al-premio-for-women-in-science-2026\/\">Saber m\u00e1s <span class=\"icon icon--inline icon--link\"><svg version=\"1.1\" xmlns=\"http:\/\/www.w3.org\/2000\/svg\" xmlns:xlink=\"http:\/\/www.w3.org\/1999\/xlink\" x=\"0px\" y=\"0px\" width=\"22px\"height=\"22px\" viewBox=\"0 0 22 22\" style=\"overflow:visible;enable-background:new 0 0 80 64.6;\" xml:space=\"preserve\"><g clip-path=\"url(#acA)\"><path fill-rule=\"evenodd\" d=\"M21.913 11.266a.93.93 0 000-.711c-.022-.056-.063-.097-.091-.144s-.053-.103-.097-.15L12.306.294c-.357-.379-.955-.394-1.334-.038s-.394.955-.038 1.334l7.917 8.374H.927a.95.95 0 00-.908.983.946.946 0 00.908.908h17.924l-8.089 8.552c-.357.379-.341.977.034 1.334s.977.341 1.334-.034l9.594-10.148c.044-.044.063-.1.097-.15.028-.047.069-.088.091-.141z\"\/><\/g><defs><clipPath id=\"acA\"><path fill=\"#fff\" d=\"M0 0h22v22H0z\"\/><\/clipPath><\/defs><\/svg><\/span><\/a><\/div><\/div><\/div><div class=\"  col-sm-6 col-md-4 img-article\">\n                                        <div class=\"content-news-display row m-0 p-0\"><div class=\"holder p-0 \"><div class=\"img-wrap img-wrap-news\">\n                                        <div class=\"caption__news-category\">\n                                        <a href=\"https:\/\/www.uoh.cl\/instituto-de-ciencias-agroalimentarias\/category\/investigacion\/\">\n                                        Investigaci\u00f3n<\/a><\/div><img decoding=\"async\" class=\"w-100 h-100 lazyload\" data-src=\"https:\/\/www.uoh.cl\/instituto-de-ciencias-agroalimentarias\/wp-content\/uploads\/sites\/25\/2026\/04\/Dia-de-la-Propiedad-Intelectual.jpg\" alt=\"UOH conmemora D\u00eda Mundial de la Propiedad Intelectual destacando avances en protecci\u00f3n\" style=\"--smush-placeholder-width: 2419px; --smush-placeholder-aspect-ratio: 2419\/1609;object-fit: cover; object-position: center;\" src=\"data:image\/svg+xml;base64,PHN2ZyB3aWR0aD0iMSIgaGVpZ2h0PSIxIiB4bWxucz0iaHR0cDovL3d3dy53My5vcmcvMjAwMC9zdmciPjwvc3ZnPg==\"><\/div><\/div><div class=\"caption py-3 caption__news py-md-3 pb-md-5\">\n                                    <span class=\"caption__date\">Jueves 30, Abril<\/span>\n                                     <a href=\"https:\/\/www.uoh.cl\/instituto-de-ciencias-agroalimentarias\/uoh-conmemora-dia-mundial-de-la-propiedad-intelectual-destacando-avances-en-proteccion\/\">\n                                    <h3 class=\"small-space\">UOH conmemora D\u00eda Mundial de la Propiedad Intelectual destacando avances en protecci\u00f3n<\/h3><\/a>\n\n                                    <p>La Direcci\u00f3n de Transferencia e Innovaci\u00f3n ha apoyado la protecci\u00f3n de 21 resultados de investigaci\u00f3n, concretado 11 solicitudes de patente, 12 registros de derechos de autor y 1 marca comercial.<\/p>\n                                    <a class=\"link link--bold mt-md-3\" href=\"https:\/\/www.uoh.cl\/instituto-de-ciencias-agroalimentarias\/uoh-conmemora-dia-mundial-de-la-propiedad-intelectual-destacando-avances-en-proteccion\/\">Saber m\u00e1s <span class=\"icon icon--inline icon--link\"><svg version=\"1.1\" xmlns=\"http:\/\/www.w3.org\/2000\/svg\" xmlns:xlink=\"http:\/\/www.w3.org\/1999\/xlink\" x=\"0px\" y=\"0px\" width=\"22px\"height=\"22px\" viewBox=\"0 0 22 22\" style=\"overflow:visible;enable-background:new 0 0 80 64.6;\" xml:space=\"preserve\"><g clip-path=\"url(#acA)\"><path fill-rule=\"evenodd\" d=\"M21.913 11.266a.93.93 0 000-.711c-.022-.056-.063-.097-.091-.144s-.053-.103-.097-.15L12.306.294c-.357-.379-.955-.394-1.334-.038s-.394.955-.038 1.334l7.917 8.374H.927a.95.95 0 00-.908.983.946.946 0 00.908.908h17.924l-8.089 8.552c-.357.379-.341.977.034 1.334s.977.341 1.334-.034l9.594-10.148c.044-.044.063-.1.097-.15.028-.047.069-.088.091-.141z\"\/><\/g><defs><clipPath id=\"acA\"><path fill=\"#fff\" d=\"M0 0h22v22H0z\"\/><\/clipPath><\/defs><\/svg><\/span><\/a><\/div><\/div><\/div><div class=\"  col-sm-6 col-md-4 img-article\">\n                                        <div class=\"content-news-display row m-0 p-0\"><div class=\"holder p-0 \"><div class=\"img-wrap img-wrap-news\">\n                                        <div class=\"caption__news-category\">\n                                        <a href=\"https:\/\/www.uoh.cl\/instituto-de-ciencias-agroalimentarias\/category\/institucional\/\">\n                                        Institucional<\/a><\/div><img decoding=\"async\" class=\"w-100 h-100 lazyload\" data-src=\"https:\/\/www.uoh.cl\/instituto-de-ciencias-agroalimentarias\/wp-content\/uploads\/sites\/25\/2026\/04\/Inauguracion-Ano-Academico-2026-6.jpg\" alt=\"Reflexi\u00f3n universitaria: UOH inaugura A\u00f1o Acad\u00e9mico 2026 pensando en los desaf\u00edos de la Educaci\u00f3n Superior\" style=\"--smush-placeholder-width: 1500px; --smush-placeholder-aspect-ratio: 1500\/1000;object-fit: cover; object-position: center;\" src=\"data:image\/svg+xml;base64,PHN2ZyB3aWR0aD0iMSIgaGVpZ2h0PSIxIiB4bWxucz0iaHR0cDovL3d3dy53My5vcmcvMjAwMC9zdmciPjwvc3ZnPg==\"><\/div><\/div><div class=\"caption py-3 caption__news py-md-3 pb-md-5\">\n                                    <span class=\"caption__date\">Mi\u00e9rcoles 29, Abril<\/span>\n                                     <a href=\"https:\/\/www.uoh.cl\/instituto-de-ciencias-agroalimentarias\/reflexion-universitaria-uoh-inaugura-ano-academico-2026-pensando-en-los-desafios-de-la-educacion-superior\/\">\n                                    <h3 class=\"small-space\">Reflexi\u00f3n universitaria: UOH inaugura A\u00f1o Acad\u00e9mico 2026 pensando en los desaf\u00edos de la Educaci\u00f3n Superior<\/h3><\/a>\n\n                                    <p>La ceremonia promovi\u00f3 el an\u00e1lisis acerca de los cambios educativos que se avecinan dentro de los procesos de formaci\u00f3n universitaria ajustados a contextos digitales.   <\/p>\n                                    <a class=\"link link--bold mt-md-3\" href=\"https:\/\/www.uoh.cl\/instituto-de-ciencias-agroalimentarias\/reflexion-universitaria-uoh-inaugura-ano-academico-2026-pensando-en-los-desafios-de-la-educacion-superior\/\">Saber m\u00e1s <span class=\"icon icon--inline icon--link\"><svg version=\"1.1\" xmlns=\"http:\/\/www.w3.org\/2000\/svg\" xmlns:xlink=\"http:\/\/www.w3.org\/1999\/xlink\" x=\"0px\" y=\"0px\" width=\"22px\"height=\"22px\" viewBox=\"0 0 22 22\" style=\"overflow:visible;enable-background:new 0 0 80 64.6;\" xml:space=\"preserve\"><g clip-path=\"url(#acA)\"><path fill-rule=\"evenodd\" d=\"M21.913 11.266a.93.93 0 000-.711c-.022-.056-.063-.097-.091-.144s-.053-.103-.097-.15L12.306.294c-.357-.379-.955-.394-1.334-.038s-.394.955-.038 1.334l7.917 8.374H.927a.95.95 0 00-.908.983.946.946 0 00.908.908h17.924l-8.089 8.552c-.357.379-.341.977.034 1.334s.977.341 1.334-.034l9.594-10.148c.044-.044.063-.1.097-.15.028-.047.069-.088.091-.141z\"\/><\/g><defs><clipPath id=\"acA\"><path fill=\"#fff\" d=\"M0 0h22v22H0z\"\/><\/clipPath><\/defs><\/svg><\/span><\/a><\/div><\/div><\/div><\/div><\/div><\/div><div class=\"pagination justify-content-center my-5\"><span aria-current=\"page\" class=\"page-numbers current\">1<\/span>\n<a class=\"page-numbers\" href=\"https:\/\/www.uoh.cl\/instituto-de-ciencias-agroalimentarias\/wp-json\/wp\/v2\/posts\/3489\/\/page\/2\">2<\/a>\n<a class=\"page-numbers\" href=\"https:\/\/www.uoh.cl\/instituto-de-ciencias-agroalimentarias\/wp-json\/wp\/v2\/posts\/3489\/\/page\/3\">3<\/a>\n<span class=\"page-numbers dots\">&hellip;<\/span>\n<a class=\"page-numbers\" href=\"https:\/\/www.uoh.cl\/instituto-de-ciencias-agroalimentarias\/wp-json\/wp\/v2\/posts\/3489\/\/page\/165\">165<\/a>\n<a class=\"next page-numbers\" href=\"https:\/\/www.uoh.cl\/instituto-de-ciencias-agroalimentarias\/wp-json\/wp\/v2\/posts\/3489\/\/page\/2\"><div class=\"icon-pagination-next\"> <?xml version=\"1.0\" ?><svg viewBox=\"0 0 96 96\" xmlns=\"http:\/\/www.w3.org\/2000\/svg\"><title\/><path d=\"M39.3756,48.0022l30.47-25.39a6.0035,6.0035,0,0,0-7.6878-9.223L26.1563,43.3906a6.0092,6.0092,0,0,0,0,9.2231L62.1578,82.615a6.0035,6.0035,0,0,0,7.6878-9.2231Z\"\/><\/svg> <\/div><\/a><\/div>[\/vc_column_inner][\/vc_row_inner][\/vc_column][\/vc_row][\/vc_section]<\/p>\n<\/div>","protected":false},"excerpt":{"rendered":"<p>La Organizaci\u00f3n de Naciones Unidas declar\u00f3 el 20 de mayo el D\u00eda Internacional de estas polinizadoras, para crear conciencia sobre su importancia, las amenazas a las que se enfrentan y su contribuci\u00f3n al desarrollo sostenible.<\/p>\n","protected":false},"author":34,"featured_media":19110,"comment_status":"open","ping_status":"open","sticky":false,"template":"","format":"standard","meta":{"_acf_changed":false,"footnotes":""},"categories":[44],"tags":[],"class_list":["post-3489","post","type-post","status-publish","format-standard","has-post-thumbnail","hentry","category-ica3"],"acf":[],"yoast_head":"<!-- This site is optimized with the Yoast SEO plugin v26.6 - https:\/\/yoast.com\/wordpress\/plugins\/seo\/ -->\n<title>Las abejas, seres esenciales para la vida - Instituto de Ciencias Agroalimentarias, Animales y Ambientales<\/title>\n<meta name=\"description\" content=\"La Organizaci\u00f3n de Naciones Unidas declar\u00f3 el 20 de mayo el D\u00eda Internacional de estas polinizadoras, para crear conciencia sobre su importancia, las amenazas a las que se enfrentan y su contribuci\u00f3n al desarrollo sostenible.\" \/>\n<meta name=\"robots\" content=\"index, follow, max-snippet:-1, max-image-preview:large, max-video-preview:-1\" \/>\n<link rel=\"canonical\" href=\"https:\/\/www.uoh.cl\/instituto-de-ciencias-agroalimentarias\/las-abejas-seres-esenciales-para-la-vida\/\" \/>\n<meta property=\"og:locale\" content=\"es_ES\" \/>\n<meta property=\"og:type\" content=\"article\" \/>\n<meta property=\"og:title\" content=\"Las abejas, seres esenciales para la vida - Instituto de Ciencias Agroalimentarias, Animales y Ambientales\" \/>\n<meta property=\"og:description\" content=\"La Organizaci\u00f3n de Naciones Unidas declar\u00f3 el 20 de mayo el D\u00eda Internacional de estas polinizadoras, para crear conciencia sobre su importancia, las amenazas a las que se enfrentan y su contribuci\u00f3n al desarrollo sostenible.\" \/>\n<meta property=\"og:url\" content=\"https:\/\/www.uoh.cl\/instituto-de-ciencias-agroalimentarias\/las-abejas-seres-esenciales-para-la-vida\/\" \/>\n<meta property=\"og:site_name\" content=\"Instituto de Ciencias Agroalimentarias, Animales y Ambientales\" \/>\n<meta property=\"article:published_time\" content=\"2023-05-22T13:52:38+00:00\" \/>\n<meta name=\"author\" content=\"Universidad de O&#039;Higgins\" \/>\n<meta name=\"twitter:card\" content=\"summary_large_image\" \/>\n<meta name=\"twitter:label1\" content=\"Escrito por\" \/>\n\t<meta name=\"twitter:data1\" content=\"Universidad de O&#039;Higgins\" \/>\n\t<meta name=\"twitter:label2\" content=\"Tiempo estimado de lectura\" \/>\n\t<meta name=\"twitter:data2\" content=\"5 minutos\" \/>\n<script type=\"application\/ld+json\" class=\"yoast-schema-graph\">{\"@context\":\"https:\/\/schema.org\",\"@graph\":[{\"@type\":\"WebPage\",\"@id\":\"https:\/\/www.uoh.cl\/instituto-de-ciencias-agroalimentarias\/las-abejas-seres-esenciales-para-la-vida\/\",\"url\":\"https:\/\/www.uoh.cl\/instituto-de-ciencias-agroalimentarias\/las-abejas-seres-esenciales-para-la-vida\/\",\"name\":\"Las abejas, seres esenciales para la vida - Instituto de Ciencias Agroalimentarias, Animales y Ambientales\",\"isPartOf\":{\"@id\":\"https:\/\/www.uoh.cl\/instituto-de-ciencias-agroalimentarias\/#website\"},\"primaryImageOfPage\":{\"@id\":\"https:\/\/www.uoh.cl\/instituto-de-ciencias-agroalimentarias\/las-abejas-seres-esenciales-para-la-vida\/#primaryimage\"},\"image\":{\"@id\":\"https:\/\/www.uoh.cl\/instituto-de-ciencias-agroalimentarias\/las-abejas-seres-esenciales-para-la-vida\/#primaryimage\"},\"thumbnailUrl\":\"\",\"datePublished\":\"2023-05-22T13:52:38+00:00\",\"author\":{\"@id\":\"https:\/\/www.uoh.cl\/instituto-de-ciencias-agroalimentarias\/#\/schema\/person\/ea242e676c7d6d7e46fc8b9e39486c4f\"},\"description\":\"La Organizaci\u00f3n de Naciones Unidas declar\u00f3 el 20 de mayo el D\u00eda Internacional de estas polinizadoras, para crear conciencia sobre su importancia, las amenazas a las que se enfrentan y su contribuci\u00f3n al desarrollo sostenible.\",\"inLanguage\":\"es-CL\",\"potentialAction\":[{\"@type\":\"ReadAction\",\"target\":[\"https:\/\/www.uoh.cl\/instituto-de-ciencias-agroalimentarias\/las-abejas-seres-esenciales-para-la-vida\/\"]}]},{\"@type\":\"ImageObject\",\"inLanguage\":\"es-CL\",\"@id\":\"https:\/\/www.uoh.cl\/instituto-de-ciencias-agroalimentarias\/las-abejas-seres-esenciales-para-la-vida\/#primaryimage\",\"url\":\"\",\"contentUrl\":\"\"},{\"@type\":\"WebSite\",\"@id\":\"https:\/\/www.uoh.cl\/instituto-de-ciencias-agroalimentarias\/#website\",\"url\":\"https:\/\/www.uoh.cl\/instituto-de-ciencias-agroalimentarias\/\",\"name\":\"Instituto de Ciencias Agroalimentarias, Animales y Ambientales\",\"description\":\"Otro sitio de Sitios de Universidad O'higgins\",\"potentialAction\":[{\"@type\":\"SearchAction\",\"target\":{\"@type\":\"EntryPoint\",\"urlTemplate\":\"https:\/\/www.uoh.cl\/instituto-de-ciencias-agroalimentarias\/?s={search_term_string}\"},\"query-input\":{\"@type\":\"PropertyValueSpecification\",\"valueRequired\":true,\"valueName\":\"search_term_string\"}}],\"inLanguage\":\"es-CL\"},{\"@type\":\"Person\",\"@id\":\"https:\/\/www.uoh.cl\/instituto-de-ciencias-agroalimentarias\/#\/schema\/person\/ea242e676c7d6d7e46fc8b9e39486c4f\",\"name\":\"Universidad de O'Higgins\",\"image\":{\"@type\":\"ImageObject\",\"inLanguage\":\"es-CL\",\"@id\":\"https:\/\/www.uoh.cl\/instituto-de-ciencias-agroalimentarias\/#\/schema\/person\/image\/\",\"url\":\"https:\/\/secure.gravatar.com\/avatar\/78fcb76ca05efae11fd355943c01a832a29786cc00d85b1a82c301bea2b2a214?s=96&d=mm&r=g\",\"contentUrl\":\"https:\/\/secure.gravatar.com\/avatar\/78fcb76ca05efae11fd355943c01a832a29786cc00d85b1a82c301bea2b2a214?s=96&d=mm&r=g\",\"caption\":\"Universidad de O'Higgins\"}}]}<\/script>\n<!-- \/ Yoast SEO plugin. -->","yoast_head_json":{"title":"Las abejas, seres esenciales para la vida - Instituto de Ciencias Agroalimentarias, Animales y Ambientales","description":"La Organizaci\u00f3n de Naciones Unidas declar\u00f3 el 20 de mayo el D\u00eda Internacional de estas polinizadoras, para crear conciencia sobre su importancia, las amenazas a las que se enfrentan y su contribuci\u00f3n al desarrollo sostenible.","robots":{"index":"index","follow":"follow","max-snippet":"max-snippet:-1","max-image-preview":"max-image-preview:large","max-video-preview":"max-video-preview:-1"},"canonical":"https:\/\/www.uoh.cl\/instituto-de-ciencias-agroalimentarias\/las-abejas-seres-esenciales-para-la-vida\/","og_locale":"es_ES","og_type":"article","og_title":"Las abejas, seres esenciales para la vida - Instituto de Ciencias Agroalimentarias, Animales y Ambientales","og_description":"La Organizaci\u00f3n de Naciones Unidas declar\u00f3 el 20 de mayo el D\u00eda Internacional de estas polinizadoras, para crear conciencia sobre su importancia, las amenazas a las que se enfrentan y su contribuci\u00f3n al desarrollo sostenible.","og_url":"https:\/\/www.uoh.cl\/instituto-de-ciencias-agroalimentarias\/las-abejas-seres-esenciales-para-la-vida\/","og_site_name":"Instituto de Ciencias Agroalimentarias, Animales y Ambientales","article_published_time":"2023-05-22T13:52:38+00:00","author":"Universidad de O'Higgins","twitter_card":"summary_large_image","twitter_misc":{"Escrito por":"Universidad de O'Higgins","Tiempo estimado de lectura":"5 minutos"},"schema":{"@context":"https:\/\/schema.org","@graph":[{"@type":"WebPage","@id":"https:\/\/www.uoh.cl\/instituto-de-ciencias-agroalimentarias\/las-abejas-seres-esenciales-para-la-vida\/","url":"https:\/\/www.uoh.cl\/instituto-de-ciencias-agroalimentarias\/las-abejas-seres-esenciales-para-la-vida\/","name":"Las abejas, seres esenciales para la vida - Instituto de Ciencias Agroalimentarias, Animales y Ambientales","isPartOf":{"@id":"https:\/\/www.uoh.cl\/instituto-de-ciencias-agroalimentarias\/#website"},"primaryImageOfPage":{"@id":"https:\/\/www.uoh.cl\/instituto-de-ciencias-agroalimentarias\/las-abejas-seres-esenciales-para-la-vida\/#primaryimage"},"image":{"@id":"https:\/\/www.uoh.cl\/instituto-de-ciencias-agroalimentarias\/las-abejas-seres-esenciales-para-la-vida\/#primaryimage"},"thumbnailUrl":"","datePublished":"2023-05-22T13:52:38+00:00","author":{"@id":"https:\/\/www.uoh.cl\/instituto-de-ciencias-agroalimentarias\/#\/schema\/person\/ea242e676c7d6d7e46fc8b9e39486c4f"},"description":"La Organizaci\u00f3n de Naciones Unidas declar\u00f3 el 20 de mayo el D\u00eda Internacional de estas polinizadoras, para crear conciencia sobre su importancia, las amenazas a las que se enfrentan y su contribuci\u00f3n al desarrollo sostenible.","inLanguage":"es-CL","potentialAction":[{"@type":"ReadAction","target":["https:\/\/www.uoh.cl\/instituto-de-ciencias-agroalimentarias\/las-abejas-seres-esenciales-para-la-vida\/"]}]},{"@type":"ImageObject","inLanguage":"es-CL","@id":"https:\/\/www.uoh.cl\/instituto-de-ciencias-agroalimentarias\/las-abejas-seres-esenciales-para-la-vida\/#primaryimage","url":"","contentUrl":""},{"@type":"WebSite","@id":"https:\/\/www.uoh.cl\/instituto-de-ciencias-agroalimentarias\/#website","url":"https:\/\/www.uoh.cl\/instituto-de-ciencias-agroalimentarias\/","name":"Instituto de Ciencias Agroalimentarias, Animales y Ambientales","description":"Otro sitio de Sitios de Universidad O'higgins","potentialAction":[{"@type":"SearchAction","target":{"@type":"EntryPoint","urlTemplate":"https:\/\/www.uoh.cl\/instituto-de-ciencias-agroalimentarias\/?s={search_term_string}"},"query-input":{"@type":"PropertyValueSpecification","valueRequired":true,"valueName":"search_term_string"}}],"inLanguage":"es-CL"},{"@type":"Person","@id":"https:\/\/www.uoh.cl\/instituto-de-ciencias-agroalimentarias\/#\/schema\/person\/ea242e676c7d6d7e46fc8b9e39486c4f","name":"Universidad de O'Higgins","image":{"@type":"ImageObject","inLanguage":"es-CL","@id":"https:\/\/www.uoh.cl\/instituto-de-ciencias-agroalimentarias\/#\/schema\/person\/image\/","url":"https:\/\/secure.gravatar.com\/avatar\/78fcb76ca05efae11fd355943c01a832a29786cc00d85b1a82c301bea2b2a214?s=96&d=mm&r=g","contentUrl":"https:\/\/secure.gravatar.com\/avatar\/78fcb76ca05efae11fd355943c01a832a29786cc00d85b1a82c301bea2b2a214?s=96&d=mm&r=g","caption":"Universidad de O'Higgins"}}]}},"_links":{"self":[{"href":"https:\/\/www.uoh.cl\/instituto-de-ciencias-agroalimentarias\/wp-json\/wp\/v2\/posts\/3489","targetHints":{"allow":["GET"]}}],"collection":[{"href":"https:\/\/www.uoh.cl\/instituto-de-ciencias-agroalimentarias\/wp-json\/wp\/v2\/posts"}],"about":[{"href":"https:\/\/www.uoh.cl\/instituto-de-ciencias-agroalimentarias\/wp-json\/wp\/v2\/types\/post"}],"author":[{"embeddable":true,"href":"https:\/\/www.uoh.cl\/instituto-de-ciencias-agroalimentarias\/wp-json\/wp\/v2\/users\/34"}],"replies":[{"embeddable":true,"href":"https:\/\/www.uoh.cl\/instituto-de-ciencias-agroalimentarias\/wp-json\/wp\/v2\/comments?post=3489"}],"version-history":[{"count":0,"href":"https:\/\/www.uoh.cl\/instituto-de-ciencias-agroalimentarias\/wp-json\/wp\/v2\/posts\/3489\/revisions"}],"wp:featuredmedia":[{"embeddable":true,"href":"https:\/\/www.uoh.cl\/instituto-de-ciencias-agroalimentarias\/wp-json\/"}],"wp:attachment":[{"href":"https:\/\/www.uoh.cl\/instituto-de-ciencias-agroalimentarias\/wp-json\/wp\/v2\/media?parent=3489"}],"wp:term":[{"taxonomy":"category","embeddable":true,"href":"https:\/\/www.uoh.cl\/instituto-de-ciencias-agroalimentarias\/wp-json\/wp\/v2\/categories?post=3489"},{"taxonomy":"post_tag","embeddable":true,"href":"https:\/\/www.uoh.cl\/instituto-de-ciencias-agroalimentarias\/wp-json\/wp\/v2\/tags?post=3489"}],"curies":[{"name":"wp","href":"https:\/\/api.w.org\/{rel}","templated":true}]}}