
{"id":2766,"date":"2023-01-03T17:15:05","date_gmt":"2023-01-03T20:15:05","guid":{"rendered":"https:\/\/www.uoh.cl\/instituto-de-ciencias-agroalimentarias\/aprenda-a-protegerse-durante-el-verano-especialistas-advierten-que-altas-temperaturas-aumentaran-las-infecciones-estomacales\/"},"modified":"2023-01-03T17:16:27","modified_gmt":"2023-01-03T20:16:27","slug":"aprenda-a-protegerse-durante-el-verano-especialistas-advierten-que-altas-temperaturas-aumentaran-las-infecciones-estomacales","status":"publish","type":"post","link":"https:\/\/www.uoh.cl\/instituto-de-ciencias-agroalimentarias\/aprenda-a-protegerse-durante-el-verano-especialistas-advierten-que-altas-temperaturas-aumentaran-las-infecciones-estomacales\/","title":{"rendered":"Aprenda a protegerse durante el verano: Especialistas advierten que altas temperaturas aumentar\u00e1n las infecciones estomacales"},"content":{"rendered":"<div class=\"wpb-content-wrapper\"><p>[vc_section el_class=&#8221;container mx-auto align-items-center text-right circle&#8211;pattern&#8221; css=&#8221;.vc_custom_1648956589196{padding-top: 3rem !important;}&#8221;][vc_row][vc_column]<div class=\"breadcrumb\"><ol itemscope itemtype=\"https:\/\/schema.org\/BreadcrumbList\"><li itemprop=\"itemListElement\" itemscope itemtype=\"https:\/\/schema.org\/ListItem\"><a itemprop=\"item\" href=\"http:\/\/www.uoh.cl\"><span itemprop=\"name\">Inicio<\/span><\/a><meta itemprop=\"position\" content=\"1\" \/><li itemprop=\"itemListElement\" itemscope itemtype=\"https:\/\/schema.org\/ListItem\"><a itemprop=\"item\" href=\"https:\/\/www.uoh.cl\/instituto-de-ciencias-agroalimentarias\"><span itemprop=\"name\">Instituto de Ciencias Agroalimentarias, Animales y Ambientales<\/span><\/a><meta itemprop=\"position\" content=\"2\" \/><li itemprop=\"itemListElement\" itemscope itemtype=\"https:\/\/schema.org\/ListItem\"><a itemprop=\"item\" href=\"https:\/\/www.uoh.cl\/instituto-de-ciencias-agroalimentarias\/noticias\/\"><span itemprop=\"name\">Noticias<\/span><\/a><meta itemprop=\"position\" content=\"3\" \/><li itemprop=\"itemListElement\" itemscope itemtype=\"https:\/\/schema.org\/ListItem\"><span itemprop=\"name\">Aprenda a protegerse durante el verano: Especialistas advierten que altas <\/span><meta itemprop=\"position\" content=\"4\" \/><\/ol><\/div><ul class=\"p-0 list-style-none d-inline-block\"><li class=\"p-0\"><a href=https:\/\/www.uoh.cl\/instituto-de-ciencias-agroalimentarias\/category\/ica3\/ class=\"px-1 py-2\">ICA3<\/a><\/li><\/ul><div class=\"date_publish_post\"> \u25cf Mar 03 de Enero 2023<\/div><div class=\"uoh_title_component-container\"><h1 class=\"title title--ms d-inline-block title--decorator  big\">Aprenda a protegerse durante el verano: Especialistas advierten que altas temperaturas aumentar\u00e1n las infecciones estomacales<\/h1><\/div>[vc_row_inner el_class=&#8221;border-separator m-0&#8243;][vc_column_inner width=&#8221;2\/3&#8243;]<div class=\"author_wp_class\"> Escrito por <span>Universidad de O'Higgins<\/span><\/div>[\/vc_column_inner][vc_column_inner el_class=&#8221;align-items-end-publish&#8221; width=&#8221;1\/3&#8243;]<div class=\"uoh_social_network_component uoh_row col-12 justify-content-end m-0 p-0\"> <div class=\"icon__facebook-share-button\">\n                       <a href=\"https:\/\/www.facebook.com\/sharer\/sharer.php?u=https:\/\/www.uoh.cl\/instituto-de-ciencias-agroalimentarias\/aprenda-a-protegerse-durante-el-verano-especialistas-advierten-que-altas-temperaturas-aumentaran-las-infecciones-estomacales\/\" target=\"_blank\"> <div class=\"icon__facebook-svg\"><svg version=\"1.1\" xmlns=\"http:\/\/www.w3.org\/2000\/svg\" xmlns:xlink=\"http:\/\/www.w3.org\/1999\/xlink\" x=\"0px\" y=\"0px\" width=\"22.4px\" height=\"48.3px\" viewBox=\"0 0 22.4 48.3\" style=\"overflow:visible;enable-background:new 0 0 22.4 48.3;\" xml:space=\"preserve\">\n                <defs>\n                <\/defs>\n                <path class=\"st0\" d=\"M22.4,15.6h-7.6v-5c0-1.9,1.2-2.3,2.1-2.3c0.9,0,5.4,0,5.4,0V0l-7.4,0C6.6,0,4.8,6.2,4.8,10.1v5.5H0v8.5h4.8\n                    c0,10.9,0,24.1,0,24.1h10c0,0,0-13.3,0-24.1h6.8L22.4,15.6z\"><\/path>\n                <\/svg><\/a><\/div>\n                    <\/div><div class=\"icon__twitter-share-button\">\n                        <div class=\"icon__twitter-svg\"><a target=\"_blank\" href=\"http:\/\/twitter.com\/share?url=https:\/\/www.uoh.cl\/instituto-de-ciencias-agroalimentarias\/aprenda-a-protegerse-durante-el-verano-especialistas-advierten-que-altas-temperaturas-aumentaran-las-infecciones-estomacales\/\"><svg xmlns=\"http:\/\/www.w3.org\/2000\/svg\" height=\"1em\" viewBox=\"0 0 512 512\"><!--! Font Awesome Free 6.4.2 by @fontawesome - https:\/\/fontawesome.com License - https:\/\/fontawesome.com\/license (Commercial License) Copyright 2023 Fonticons, Inc. --><path d=\"M389.2 48h70.6L305.6 224.2 487 464H345L233.7 318.6 106.5 464H35.8L200.7 275.5 26.8 48H172.4L272.9 180.9 389.2 48zM364.4 421.8h39.1L151.1 88h-42L364.4 421.8z\"\/><\/svg><\/a><\/div>\n                        <\/div><div class=\"icon__linkedin-share-button\">\n                        <div class=\"icon__linkedin-svg\">\n                        <a target=\"__blank\" href=\"https:\/\/www.linkedin.com\/sharing\/share-offsite\/?url=https:\/\/www.uoh.cl\/instituto-de-ciencias-agroalimentarias\/aprenda-a-protegerse-durante-el-verano-especialistas-advierten-que-altas-temperaturas-aumentaran-las-infecciones-estomacales\/\"><svg enable-background=\"new 0 0 100 100\" height=\"100px\" id=\"Layer_1\" version=\"1.1\" viewBox=\"0 0 100 100\" width=\"100px\" xml:space=\"preserve\" xmlns=\"http:\/\/www.w3.org\/2000\/svg\" xmlns:xlink=\"http:\/\/www.w3.org\/1999\/xlink\"><g><circle cx=\"50\" cy=\"50\" fill=\"#ccc\" r=\"45\"\/><g id=\"LinkedIn_1_\"><rect fill=\"#FFFFFF\" height=\"24.361\" width=\"7.69\" x=\"31.271\" y=\"43.569\"\/><path d=\"M59.968,43.334c-4.406,0-7.165,2.387-7.677,4.058v-3.823h-8.636c0.109,2.03,0,24.361,0,24.361h8.636    V54.748c0-0.733-0.034-1.465,0.19-1.991c0.594-1.464,1.869-2.985,4.162-2.985c2.998,0,4.361,2.253,4.361,5.552V67.93h8.721V54.384    C69.726,46.839,65.432,43.334,59.968,43.334z\" fill=\"#FFFFFF\"\/><path d=\"M34.973,32.069c-2.839,0-4.696,1.823-4.696,4.229c0,2.361,1.804,4.224,4.589,4.224h0.054    c2.891,0,4.69-1.869,4.69-4.229C39.555,33.888,37.81,32.069,34.973,32.069z\" fill=\"#FFFFFF\"\/><\/g><\/g><\/svg><\/a><\/div>\n\n            <\/div><\/div>[\/vc_column_inner][\/vc_row_inner][vc_single_image image=&#8221;16132&#8243; img_size=&#8221;full&#8221;][vc_column_text]\u00a0[\/vc_column_text][vc_column_text]<i><span lang=\"es-419\">\u201cPara prevenir esto es fundamental mantener la refrigeraci\u00f3n correcta con especial cuidado en las actividades de campings y picnic donde se interrumpe la cadena de fr\u00edo de los alimentos\u201d, indica Claudia Foerster, investigadora de la Universidad de O\u2019Higgins y experta en inocuidad alimentaria<\/span><\/i><span lang=\"es-419\">.<\/span><\/p>\n<p>&nbsp;<\/p>\n<p>[\/vc_column_text][vc_column_text]\u00a0[\/vc_column_text][vc_column_text]<\/p>\n<p style=\"font-weight: 400\">No es desconocido que en el verano aumentan los casos de Enfermedades Transmitidas por Alimentos (ETA). Esto sucede porque las altas temperaturas favorecen la multiplicaci\u00f3n de bacterias pat\u00f3genas y las malas condiciones de manipulaci\u00f3n, adem\u00e1s del poco acceso a buenas condiciones sanitarias en viajes hacen que la posibilidad de sufrir este tipo de enfermedades aumente en esta \u00e9poca.<\/p>\n<p style=\"font-weight: 400\">\u201cLa intoxicaci\u00f3n alimentaria es la enfermedad que ocurre cuando el paciente consume a trav\u00e9s de los alimentos la toxina que produce la bacteria, como por ejemplo la Escherichia coli o la Shigella, entonces cuando se ingiere la toxina, cl\u00ednicamente se desarrolla un cuadro muy r\u00e1pido de 6 a 8 horas de instalaci\u00f3n que se caracteriza por n\u00e1useas, v\u00f3mito o diarrea abundante. Por otro lado, existe la gastroenteritis infecciosa donde se adquiere la bacteria como tal, la que incluso puede pasar a la sangre, producir fiebre, adem\u00e1s de v\u00f3mito y diarrea. Se trata de un cuadro m\u00e1s sist\u00e9mico y se presenta en 24 horas y en ambos casos lleva a las personas a concurrir a urgencias, explica el Gastroenter\u00f3logo, Dr. Rodrigo Cruz.<\/p>\n<p style=\"font-weight: 400\">\u201cLos principales alimentos que se ven afectados por las altas temperaturas son las carnes crudas y huevos, donde pueden vivir una alta cantidad de bacterias, que teniendo las condiciones \u00f3ptimas de crecimiento (temperaturas mayores a 30\u00b0C) se multiplican hasta llegar a niveles peligrosos. Por eso se recomienda que estos alimentos y otros como s\u00e1ndwiches y l\u00e1cteos se transporten siempre en un cooler con numerosos ice packs o hielo para mantener la cadena de fr\u00edo de esos productos. Siempre llevar agua potable para el consumo y el lavado de manos. En su defecto se debe hervir el agua disponible durante 3 minutos. Lo ideal es llevar su propia manta y comer sobre ella, verificando que el suelo o mesa est\u00e9 libre de heces, tierra o basura. Siempre dejar limpio despu\u00e9s de comer y basura bien cerrada para no atraer insectos y animales como ratones\u201d, indica la Dra. Claudia Foerster, profesora asistente del Instituto de Ciencias Agroalimentarias, Animales y Ambientales (ICA3) de la Universidad de O\u2019Higgins (UOH) y directora del proyecto FIC Modelo de Transferencia de un Modelo de Inocuidad Agroalimentaria Regional, ejecutado por la Universidad de O\u2019Higgins y financiado por el Gobierno Regional y su Consejo Regional a trav\u00e9s del Fondo de Innovaci\u00f3n para la Competitividad.<\/p>\n<p style=\"font-weight: 400\">La contaminaci\u00f3n cruzada tambi\u00e9n es un factor importante en este tipo de enfermedades gastrointestinales por lo que se debe tener mucho cuidado en la manipulaci\u00f3n de los alimentos. \u201cAunque estemos de camping hay que velar que los alimentos crudos como carnes no se preparen en la misma tabla y con el mismo cuchillo que los listos para el consumo como quesos y ensaladas. Es importante lavarse las manos, sobre todo despu\u00e9s de manipular carnes crudas y llevar jab\u00f3n y productos para lavar la loza. En el cooler, hay que tener los alimentos crudos en una bolsa especial, previniendo que los jugos no contaminen el resto de los alimentos. Ojal\u00e1 tener los distintos alimentos en compartimentos con tapas\u201d, comenta la Dra. Foerster.<\/p>\n<p style=\"font-weight: 400\"><strong>Todos estos puntos son importantes a la hora de prevenir, pero \u00bfqu\u00e9 hacer cuando ya nos hemos enfermado?<\/strong><\/p>\n<p style=\"font-weight: 400\">\u201cCuando el cuadro de diarrea es muy sist\u00e9mico con fiebre o sangre en las deposiciones o se ha generado una deshidrataci\u00f3n importante, el paciente debe concurrir a un centro asistencial, porque en algunos casos hay que inyectar sueroterapia para volver a hidratar al paciente o incluso indicar alg\u00fan tipo de antibi\u00f3ticos\u201d, indica el Dr. Rodrigo Cruz.<\/p>\n<p style=\"font-weight: 400\"><strong>Altas temperaturas<\/strong><\/p>\n<p style=\"font-weight: 400\">Las temperaturas se intensificar\u00e1n con la llegada del verano, en lo que va del mes de diciembre, ya se han registrado temperaturas sobre lo normal para la \u00e9poca batiendo r\u00e9cords en algunas ciudades tanto del centro como sur del pa\u00eds y es responsabilidad de todos evitar la contaminaci\u00f3n de los alimentos, tanto de la cadena productiva como del consumidor final para as\u00ed disfrutar un verano seguro y libre de enfermedades transmitidas por los alimentos.<\/p>\n<p>&nbsp;<\/p>\n<p>[\/vc_column_text][\/vc_column][\/vc_row][vc_row][vc_column width=&#8221;1\/2&#8243;][\/vc_column][vc_column width=&#8221;1\/2&#8243;][\/vc_column][\/vc_row][\/vc_section][vc_section css=&#8221;.vc_custom_1650255686594{background-color: #f6faff !important;}&#8221; el_class=&#8221;p-md-0 pt-md-5&#8243;][vc_row el_class=&#8221;container mx-auto align-items-center text-right p-md-0 pt-5 pb-5&#8243;][vc_column el_class=&#8221;pb-5&#8243;][vc_row_inner el_class=&#8221;pb-5&#8243;][vc_column_inner]<div class=\"row m-0 p-0\"><div class=\"col-12 col-md-9 pt-5 pt-md-0\"><h2 class=\"title title--decorator title--ms d-inline-block\">Te Recomendamos<\/h2><\/div><\/div><div class=\"content-holder\"><div class=\"row  swipper-news-list not--activate-hack \"><div class=\"row -wrapper\"><div class=\"  col-sm-6 col-md-4 img-article\">\n                                        <div class=\"content-news-display row m-0 p-0\"><div class=\"holder p-0 \"><div class=\"img-wrap img-wrap-news\">\n                                        <div class=\"caption__news-category\">\n                                        <a href=\"https:\/\/www.uoh.cl\/instituto-de-ciencias-agroalimentarias\/category\/ica3\/\">\n                                        ICA3<\/a><\/div><img decoding=\"async\" class=\"w-100 h-100 lazyload\" data-src=\"https:\/\/www.uoh.cl\/instituto-de-ciencias-agroalimentarias\/wp-content\/uploads\/sites\/25\/2026\/04\/Influenza-aviar.jpg\" alt=\"Influenza aviar y comercio exterior: claves para entender el impacto en la industria chilena\" style=\"--smush-placeholder-width: 2000px; --smush-placeholder-aspect-ratio: 2000\/1331;object-fit: cover; object-position: center;\" src=\"data:image\/svg+xml;base64,PHN2ZyB3aWR0aD0iMSIgaGVpZ2h0PSIxIiB4bWxucz0iaHR0cDovL3d3dy53My5vcmcvMjAwMC9zdmciPjwvc3ZnPg==\"><\/div><\/div><div class=\"caption py-3 caption__news py-md-3 pb-md-5\">\n                                    <span class=\"caption__date\">Martes 28, Abril<\/span>\n                                     <a href=\"https:\/\/www.uoh.cl\/instituto-de-ciencias-agroalimentarias\/influenza-aviar-y-comercio-exterior-claves-para-entender-el-impacto-en-la-industria-chilena\/\">\n                                    <h3 class=\"small-space\">Influenza aviar y comercio exterior: claves para entender el impacto en la industria chilena<\/h3><\/a>\n\n                                    <p>Acad\u00e9mica UOH explica c\u00f3mo los brotes sanitarios inciden en las exportaciones, los desaf\u00edos de control epidemiol\u00f3gico y la importancia de la bioseguridad para resguardar la competitividad del sector<\/p>\n                                    <a class=\"link link--bold mt-md-3\" href=\"https:\/\/www.uoh.cl\/instituto-de-ciencias-agroalimentarias\/influenza-aviar-y-comercio-exterior-claves-para-entender-el-impacto-en-la-industria-chilena\/\">Saber m\u00e1s <span class=\"icon icon--inline icon--link\"><svg version=\"1.1\" xmlns=\"http:\/\/www.w3.org\/2000\/svg\" xmlns:xlink=\"http:\/\/www.w3.org\/1999\/xlink\" x=\"0px\" y=\"0px\" width=\"22px\"height=\"22px\" viewBox=\"0 0 22 22\" style=\"overflow:visible;enable-background:new 0 0 80 64.6;\" xml:space=\"preserve\"><g clip-path=\"url(#acA)\"><path fill-rule=\"evenodd\" d=\"M21.913 11.266a.93.93 0 000-.711c-.022-.056-.063-.097-.091-.144s-.053-.103-.097-.15L12.306.294c-.357-.379-.955-.394-1.334-.038s-.394.955-.038 1.334l7.917 8.374H.927a.95.95 0 00-.908.983.946.946 0 00.908.908h17.924l-8.089 8.552c-.357.379-.341.977.034 1.334s.977.341 1.334-.034l9.594-10.148c.044-.044.063-.1.097-.15.028-.047.069-.088.091-.141z\"\/><\/g><defs><clipPath id=\"acA\"><path fill=\"#fff\" d=\"M0 0h22v22H0z\"\/><\/clipPath><\/defs><\/svg><\/span><\/a><\/div><\/div><\/div><div class=\"  col-sm-6 col-md-4 img-article\">\n                                        <div class=\"content-news-display row m-0 p-0\"><div class=\"holder p-0 \"><div class=\"img-wrap img-wrap-news\">\n                                        <div class=\"caption__news-category\">\n                                        <a href=\"https:\/\/www.uoh.cl\/instituto-de-ciencias-agroalimentarias\/category\/ica3\/\">\n                                        ICA3<\/a><\/div><img decoding=\"async\" class=\"w-100 h-100 lazyload\" data-src=\"https:\/\/www.uoh.cl\/instituto-de-ciencias-agroalimentarias\/wp-content\/uploads\/sites\/25\/2026\/04\/DSC06139.jpg\" alt=\"Productores av\u00edcolas de O\u2019Higgins visitan innovador sistema de gallinero m\u00f3vil en Pirque\" style=\"--smush-placeholder-width: 2048px; --smush-placeholder-aspect-ratio: 2048\/1365;object-fit: cover; object-position: center;\" src=\"data:image\/svg+xml;base64,PHN2ZyB3aWR0aD0iMSIgaGVpZ2h0PSIxIiB4bWxucz0iaHR0cDovL3d3dy53My5vcmcvMjAwMC9zdmciPjwvc3ZnPg==\"><\/div><\/div><div class=\"caption py-3 caption__news py-md-3 pb-md-5\">\n                                    <span class=\"caption__date\">Martes 28, Abril<\/span>\n                                     <a href=\"https:\/\/www.uoh.cl\/instituto-de-ciencias-agroalimentarias\/productores-avicolas-de-ohiggins-visitan-innovador-sistema-de-gallinero-movil-en-pirque\/\">\n                                    <h3 class=\"small-space\">Productores av\u00edcolas de O\u2019Higgins visitan innovador sistema de gallinero m\u00f3vil en Pirque<\/h3><\/a>\n\n                                    <p>La visita se enmarca en un proyecto FIC ejecutado por la Universidad de O\u2019Higgins y financiado por el Gobierno Regional, que busca fortalecer la producci\u00f3n de huevos con est\u00e1ndares de calidad integral.<\/p>\n                                    <a class=\"link link--bold mt-md-3\" href=\"https:\/\/www.uoh.cl\/instituto-de-ciencias-agroalimentarias\/productores-avicolas-de-ohiggins-visitan-innovador-sistema-de-gallinero-movil-en-pirque\/\">Saber m\u00e1s <span class=\"icon icon--inline icon--link\"><svg version=\"1.1\" xmlns=\"http:\/\/www.w3.org\/2000\/svg\" xmlns:xlink=\"http:\/\/www.w3.org\/1999\/xlink\" x=\"0px\" y=\"0px\" width=\"22px\"height=\"22px\" viewBox=\"0 0 22 22\" style=\"overflow:visible;enable-background:new 0 0 80 64.6;\" xml:space=\"preserve\"><g clip-path=\"url(#acA)\"><path fill-rule=\"evenodd\" d=\"M21.913 11.266a.93.93 0 000-.711c-.022-.056-.063-.097-.091-.144s-.053-.103-.097-.15L12.306.294c-.357-.379-.955-.394-1.334-.038s-.394.955-.038 1.334l7.917 8.374H.927a.95.95 0 00-.908.983.946.946 0 00.908.908h17.924l-8.089 8.552c-.357.379-.341.977.034 1.334s.977.341 1.334-.034l9.594-10.148c.044-.044.063-.1.097-.15.028-.047.069-.088.091-.141z\"\/><\/g><defs><clipPath id=\"acA\"><path fill=\"#fff\" d=\"M0 0h22v22H0z\"\/><\/clipPath><\/defs><\/svg><\/span><\/a><\/div><\/div><\/div><div class=\"  col-sm-6 col-md-4 img-article\">\n                                        <div class=\"content-news-display row m-0 p-0\"><div class=\"holder p-0 \"><div class=\"img-wrap img-wrap-news\">\n                                        <div class=\"caption__news-category\">\n                                        <a href=\"https:\/\/www.uoh.cl\/instituto-de-ciencias-agroalimentarias\/category\/ica3\/\">\n                                        ICA3<\/a><\/div><img decoding=\"async\" class=\"w-100 h-100 lazyload\" data-src=\"https:\/\/www.uoh.cl\/instituto-de-ciencias-agroalimentarias\/wp-content\/uploads\/sites\/25\/2026\/04\/Dia-Mundial-de-la-Tierra.png\" alt=\"D\u00eda Mundial de la Tierra: acad\u00e9mico ICA3 destaca rol de universidades y ciudadan\u00eda en la acci\u00f3n clim\u00e1tica\" style=\"--smush-placeholder-width: 1500px; --smush-placeholder-aspect-ratio: 1500\/1000;object-fit: cover; object-position: center;\" src=\"data:image\/svg+xml;base64,PHN2ZyB3aWR0aD0iMSIgaGVpZ2h0PSIxIiB4bWxucz0iaHR0cDovL3d3dy53My5vcmcvMjAwMC9zdmciPjwvc3ZnPg==\"><\/div><\/div><div class=\"caption py-3 caption__news py-md-3 pb-md-5\">\n                                    <span class=\"caption__date\">Mi\u00e9rcoles 22, Abril<\/span>\n                                     <a href=\"https:\/\/www.uoh.cl\/instituto-de-ciencias-agroalimentarias\/dia-mundial-de-la-tierra-academico-ica3-destaca-rol-de-universidades-y-ciudadania-en-la-accion-climatica\/\">\n                                    <h3 class=\"small-space\">D\u00eda Mundial de la Tierra: acad\u00e9mico ICA3 destaca rol de universidades y ciudadan\u00eda en la acci\u00f3n clim\u00e1tica<\/h3><\/a>\n\n                                    <p>El Dr. Jorge Medina enfatiz\u00f3 la necesidad de avanzar en acciones concretas desde la Educaci\u00f3n Superior, el mundo productivo y la ciudadan\u00eda para enfrentar la crisis clim\u00e1tica y resguardar los ecosistemas.<\/p>\n                                    <a class=\"link link--bold mt-md-3\" href=\"https:\/\/www.uoh.cl\/instituto-de-ciencias-agroalimentarias\/dia-mundial-de-la-tierra-academico-ica3-destaca-rol-de-universidades-y-ciudadania-en-la-accion-climatica\/\">Saber m\u00e1s <span class=\"icon icon--inline icon--link\"><svg version=\"1.1\" xmlns=\"http:\/\/www.w3.org\/2000\/svg\" xmlns:xlink=\"http:\/\/www.w3.org\/1999\/xlink\" x=\"0px\" y=\"0px\" width=\"22px\"height=\"22px\" viewBox=\"0 0 22 22\" style=\"overflow:visible;enable-background:new 0 0 80 64.6;\" xml:space=\"preserve\"><g clip-path=\"url(#acA)\"><path fill-rule=\"evenodd\" d=\"M21.913 11.266a.93.93 0 000-.711c-.022-.056-.063-.097-.091-.144s-.053-.103-.097-.15L12.306.294c-.357-.379-.955-.394-1.334-.038s-.394.955-.038 1.334l7.917 8.374H.927a.95.95 0 00-.908.983.946.946 0 00.908.908h17.924l-8.089 8.552c-.357.379-.341.977.034 1.334s.977.341 1.334-.034l9.594-10.148c.044-.044.063-.1.097-.15.028-.047.069-.088.091-.141z\"\/><\/g><defs><clipPath id=\"acA\"><path fill=\"#fff\" d=\"M0 0h22v22H0z\"\/><\/clipPath><\/defs><\/svg><\/span><\/a><\/div><\/div><\/div><\/div><\/div><\/div><div class=\"pagination justify-content-center my-5\"><span aria-current=\"page\" class=\"page-numbers current\">1<\/span>\n<a class=\"page-numbers\" href=\"https:\/\/www.uoh.cl\/instituto-de-ciencias-agroalimentarias\/wp-json\/wp\/v2\/posts\/2766\/\/page\/2\">2<\/a>\n<a class=\"page-numbers\" href=\"https:\/\/www.uoh.cl\/instituto-de-ciencias-agroalimentarias\/wp-json\/wp\/v2\/posts\/2766\/\/page\/3\">3<\/a>\n<span class=\"page-numbers dots\">&hellip;<\/span>\n<a class=\"page-numbers\" href=\"https:\/\/www.uoh.cl\/instituto-de-ciencias-agroalimentarias\/wp-json\/wp\/v2\/posts\/2766\/\/page\/164\">164<\/a>\n<a class=\"next page-numbers\" href=\"https:\/\/www.uoh.cl\/instituto-de-ciencias-agroalimentarias\/wp-json\/wp\/v2\/posts\/2766\/\/page\/2\"><div class=\"icon-pagination-next\"> <?xml version=\"1.0\" ?><svg viewBox=\"0 0 96 96\" xmlns=\"http:\/\/www.w3.org\/2000\/svg\"><title\/><path d=\"M39.3756,48.0022l30.47-25.39a6.0035,6.0035,0,0,0-7.6878-9.223L26.1563,43.3906a6.0092,6.0092,0,0,0,0,9.2231L62.1578,82.615a6.0035,6.0035,0,0,0,7.6878-9.2231Z\"\/><\/svg> <\/div><\/a><\/div>[\/vc_column_inner][\/vc_row_inner][\/vc_column][\/vc_row][\/vc_section]<\/p>\n<\/div>","protected":false},"excerpt":{"rendered":"<p>\u201cPara prevenir esto es fundamental mantener la refrigeraci\u00f3n correcta con especial cuidado en las actividades de campings y picnic donde se interrumpe la cadena de fr\u00edo de los alimentos\u201d, indica Claudia Foerster, investigadora de la Universidad de O\u2019Higgins y experta en inocuidad alimentaria.<\/p>\n","protected":false},"author":34,"featured_media":2769,"comment_status":"open","ping_status":"open","sticky":false,"template":"","format":"standard","meta":{"_acf_changed":false,"footnotes":""},"categories":[44],"tags":[],"class_list":["post-2766","post","type-post","status-publish","format-standard","has-post-thumbnail","hentry","category-ica3"],"acf":[],"yoast_head":"<!-- This site is optimized with the Yoast SEO plugin v26.6 - https:\/\/yoast.com\/wordpress\/plugins\/seo\/ -->\n<title>Aprenda a protegerse durante el verano: Especialistas advierten que altas temperaturas aumentar\u00e1n las infecciones estomacales - Instituto de Ciencias Agroalimentarias, Animales y Ambientales<\/title>\n<meta name=\"description\" content=\"\u201cPara prevenir esto es fundamental mantener la refrigeraci\u00f3n correcta con especial cuidado en las actividades de campings y picnic donde se interrumpe la cadena de fr\u00edo de los alimentos\u201d, indica Claudia Foerster, investigadora de la Universidad de O\u2019Higgins y experta en inocuidad alimentaria.\" \/>\n<meta name=\"robots\" content=\"noindex, nofollow\" \/>\n<meta property=\"og:locale\" content=\"es_ES\" \/>\n<meta property=\"og:type\" content=\"article\" \/>\n<meta property=\"og:title\" content=\"Aprenda a protegerse durante el verano: Especialistas advierten que altas temperaturas aumentar\u00e1n las infecciones estomacales - Instituto de Ciencias Agroalimentarias, Animales y Ambientales\" \/>\n<meta property=\"og:description\" content=\"\u201cPara prevenir esto es fundamental mantener la refrigeraci\u00f3n correcta con especial cuidado en las actividades de campings y picnic donde se interrumpe la cadena de fr\u00edo de los alimentos\u201d, indica Claudia Foerster, investigadora de la Universidad de O\u2019Higgins y experta en inocuidad alimentaria.\" \/>\n<meta property=\"og:url\" content=\"https:\/\/www.uoh.cl\/instituto-de-ciencias-agroalimentarias\/aprenda-a-protegerse-durante-el-verano-especialistas-advierten-que-altas-temperaturas-aumentaran-las-infecciones-estomacales\/\" \/>\n<meta property=\"og:site_name\" content=\"Instituto de Ciencias Agroalimentarias, Animales y Ambientales\" \/>\n<meta property=\"article:published_time\" content=\"2023-01-03T20:15:05+00:00\" \/>\n<meta property=\"article:modified_time\" content=\"2023-01-03T20:16:27+00:00\" \/>\n<meta property=\"og:image\" content=\"https:\/\/www.uoh.cl\/instituto-de-ciencias-agroalimentarias\/wp-content\/uploads\/sites\/25\/2023\/01\/Verano-1.jpg\" \/>\n\t<meta property=\"og:image:width\" content=\"1000\" \/>\n\t<meta property=\"og:image:height\" content=\"1000\" \/>\n\t<meta property=\"og:image:type\" content=\"image\/jpeg\" \/>\n<meta name=\"author\" content=\"Universidad de O&#039;Higgins\" \/>\n<meta name=\"twitter:card\" content=\"summary_large_image\" \/>\n<meta name=\"twitter:label1\" content=\"Escrito por\" \/>\n\t<meta name=\"twitter:data1\" content=\"Universidad de O&#039;Higgins\" \/>\n\t<meta name=\"twitter:label2\" content=\"Tiempo estimado de lectura\" \/>\n\t<meta name=\"twitter:data2\" content=\"4 minutos\" \/>\n<script type=\"application\/ld+json\" class=\"yoast-schema-graph\">{\"@context\":\"https:\/\/schema.org\",\"@graph\":[{\"@type\":\"WebPage\",\"@id\":\"https:\/\/www.uoh.cl\/instituto-de-ciencias-agroalimentarias\/aprenda-a-protegerse-durante-el-verano-especialistas-advierten-que-altas-temperaturas-aumentaran-las-infecciones-estomacales\/\",\"url\":\"https:\/\/www.uoh.cl\/instituto-de-ciencias-agroalimentarias\/aprenda-a-protegerse-durante-el-verano-especialistas-advierten-que-altas-temperaturas-aumentaran-las-infecciones-estomacales\/\",\"name\":\"Aprenda a protegerse durante el verano: Especialistas advierten que altas temperaturas aumentar\u00e1n las infecciones estomacales - Instituto de Ciencias Agroalimentarias, Animales y Ambientales\",\"isPartOf\":{\"@id\":\"https:\/\/www.uoh.cl\/instituto-de-ciencias-agroalimentarias\/#website\"},\"primaryImageOfPage\":{\"@id\":\"https:\/\/www.uoh.cl\/instituto-de-ciencias-agroalimentarias\/aprenda-a-protegerse-durante-el-verano-especialistas-advierten-que-altas-temperaturas-aumentaran-las-infecciones-estomacales\/#primaryimage\"},\"image\":{\"@id\":\"https:\/\/www.uoh.cl\/instituto-de-ciencias-agroalimentarias\/aprenda-a-protegerse-durante-el-verano-especialistas-advierten-que-altas-temperaturas-aumentaran-las-infecciones-estomacales\/#primaryimage\"},\"thumbnailUrl\":\"https:\/\/www.uoh.cl\/instituto-de-ciencias-agroalimentarias\/wp-content\/uploads\/sites\/25\/2023\/01\/Verano-1.jpg\",\"datePublished\":\"2023-01-03T20:15:05+00:00\",\"dateModified\":\"2023-01-03T20:16:27+00:00\",\"author\":{\"@id\":\"https:\/\/www.uoh.cl\/instituto-de-ciencias-agroalimentarias\/#\/schema\/person\/ea242e676c7d6d7e46fc8b9e39486c4f\"},\"description\":\"\u201cPara prevenir esto es fundamental mantener la refrigeraci\u00f3n correcta con especial cuidado en las actividades de campings y picnic donde se interrumpe la cadena de fr\u00edo de los alimentos\u201d, indica Claudia Foerster, investigadora de la Universidad de O\u2019Higgins y experta en inocuidad alimentaria.\",\"inLanguage\":\"es-CL\",\"potentialAction\":[{\"@type\":\"ReadAction\",\"target\":[\"https:\/\/www.uoh.cl\/instituto-de-ciencias-agroalimentarias\/aprenda-a-protegerse-durante-el-verano-especialistas-advierten-que-altas-temperaturas-aumentaran-las-infecciones-estomacales\/\"]}]},{\"@type\":\"ImageObject\",\"inLanguage\":\"es-CL\",\"@id\":\"https:\/\/www.uoh.cl\/instituto-de-ciencias-agroalimentarias\/aprenda-a-protegerse-durante-el-verano-especialistas-advierten-que-altas-temperaturas-aumentaran-las-infecciones-estomacales\/#primaryimage\",\"url\":\"https:\/\/www.uoh.cl\/instituto-de-ciencias-agroalimentarias\/wp-content\/uploads\/sites\/25\/2023\/01\/Verano-1.jpg\",\"contentUrl\":\"https:\/\/www.uoh.cl\/instituto-de-ciencias-agroalimentarias\/wp-content\/uploads\/sites\/25\/2023\/01\/Verano-1.jpg\",\"width\":1000,\"height\":1000},{\"@type\":\"WebSite\",\"@id\":\"https:\/\/www.uoh.cl\/instituto-de-ciencias-agroalimentarias\/#website\",\"url\":\"https:\/\/www.uoh.cl\/instituto-de-ciencias-agroalimentarias\/\",\"name\":\"Instituto de Ciencias Agroalimentarias, Animales y Ambientales\",\"description\":\"Otro sitio de Sitios de Universidad O'higgins\",\"potentialAction\":[{\"@type\":\"SearchAction\",\"target\":{\"@type\":\"EntryPoint\",\"urlTemplate\":\"https:\/\/www.uoh.cl\/instituto-de-ciencias-agroalimentarias\/?s={search_term_string}\"},\"query-input\":{\"@type\":\"PropertyValueSpecification\",\"valueRequired\":true,\"valueName\":\"search_term_string\"}}],\"inLanguage\":\"es-CL\"},{\"@type\":\"Person\",\"@id\":\"https:\/\/www.uoh.cl\/instituto-de-ciencias-agroalimentarias\/#\/schema\/person\/ea242e676c7d6d7e46fc8b9e39486c4f\",\"name\":\"Universidad de O'Higgins\",\"image\":{\"@type\":\"ImageObject\",\"inLanguage\":\"es-CL\",\"@id\":\"https:\/\/www.uoh.cl\/instituto-de-ciencias-agroalimentarias\/#\/schema\/person\/image\/\",\"url\":\"https:\/\/secure.gravatar.com\/avatar\/78fcb76ca05efae11fd355943c01a832a29786cc00d85b1a82c301bea2b2a214?s=96&d=mm&r=g\",\"contentUrl\":\"https:\/\/secure.gravatar.com\/avatar\/78fcb76ca05efae11fd355943c01a832a29786cc00d85b1a82c301bea2b2a214?s=96&d=mm&r=g\",\"caption\":\"Universidad de O'Higgins\"}}]}<\/script>\n<!-- \/ Yoast SEO plugin. -->","yoast_head_json":{"title":"Aprenda a protegerse durante el verano: Especialistas advierten que altas temperaturas aumentar\u00e1n las infecciones estomacales - Instituto de Ciencias Agroalimentarias, Animales y Ambientales","description":"\u201cPara prevenir esto es fundamental mantener la refrigeraci\u00f3n correcta con especial cuidado en las actividades de campings y picnic donde se interrumpe la cadena de fr\u00edo de los alimentos\u201d, indica Claudia Foerster, investigadora de la Universidad de O\u2019Higgins y experta en inocuidad alimentaria.","robots":{"index":"noindex","follow":"nofollow"},"og_locale":"es_ES","og_type":"article","og_title":"Aprenda a protegerse durante el verano: Especialistas advierten que altas temperaturas aumentar\u00e1n las infecciones estomacales - Instituto de Ciencias Agroalimentarias, Animales y Ambientales","og_description":"\u201cPara prevenir esto es fundamental mantener la refrigeraci\u00f3n correcta con especial cuidado en las actividades de campings y picnic donde se interrumpe la cadena de fr\u00edo de los alimentos\u201d, indica Claudia Foerster, investigadora de la Universidad de O\u2019Higgins y experta en inocuidad alimentaria.","og_url":"https:\/\/www.uoh.cl\/instituto-de-ciencias-agroalimentarias\/aprenda-a-protegerse-durante-el-verano-especialistas-advierten-que-altas-temperaturas-aumentaran-las-infecciones-estomacales\/","og_site_name":"Instituto de Ciencias Agroalimentarias, Animales y Ambientales","article_published_time":"2023-01-03T20:15:05+00:00","article_modified_time":"2023-01-03T20:16:27+00:00","og_image":[{"width":1000,"height":1000,"url":"https:\/\/www.uoh.cl\/instituto-de-ciencias-agroalimentarias\/wp-content\/uploads\/sites\/25\/2023\/01\/Verano-1.jpg","type":"image\/jpeg"}],"author":"Universidad de O'Higgins","twitter_card":"summary_large_image","twitter_misc":{"Escrito por":"Universidad de O'Higgins","Tiempo estimado de lectura":"4 minutos"},"schema":{"@context":"https:\/\/schema.org","@graph":[{"@type":"WebPage","@id":"https:\/\/www.uoh.cl\/instituto-de-ciencias-agroalimentarias\/aprenda-a-protegerse-durante-el-verano-especialistas-advierten-que-altas-temperaturas-aumentaran-las-infecciones-estomacales\/","url":"https:\/\/www.uoh.cl\/instituto-de-ciencias-agroalimentarias\/aprenda-a-protegerse-durante-el-verano-especialistas-advierten-que-altas-temperaturas-aumentaran-las-infecciones-estomacales\/","name":"Aprenda a protegerse durante el verano: Especialistas advierten que altas temperaturas aumentar\u00e1n las infecciones estomacales - Instituto de Ciencias Agroalimentarias, Animales y Ambientales","isPartOf":{"@id":"https:\/\/www.uoh.cl\/instituto-de-ciencias-agroalimentarias\/#website"},"primaryImageOfPage":{"@id":"https:\/\/www.uoh.cl\/instituto-de-ciencias-agroalimentarias\/aprenda-a-protegerse-durante-el-verano-especialistas-advierten-que-altas-temperaturas-aumentaran-las-infecciones-estomacales\/#primaryimage"},"image":{"@id":"https:\/\/www.uoh.cl\/instituto-de-ciencias-agroalimentarias\/aprenda-a-protegerse-durante-el-verano-especialistas-advierten-que-altas-temperaturas-aumentaran-las-infecciones-estomacales\/#primaryimage"},"thumbnailUrl":"https:\/\/www.uoh.cl\/instituto-de-ciencias-agroalimentarias\/wp-content\/uploads\/sites\/25\/2023\/01\/Verano-1.jpg","datePublished":"2023-01-03T20:15:05+00:00","dateModified":"2023-01-03T20:16:27+00:00","author":{"@id":"https:\/\/www.uoh.cl\/instituto-de-ciencias-agroalimentarias\/#\/schema\/person\/ea242e676c7d6d7e46fc8b9e39486c4f"},"description":"\u201cPara prevenir esto es fundamental mantener la refrigeraci\u00f3n correcta con especial cuidado en las actividades de campings y picnic donde se interrumpe la cadena de fr\u00edo de los alimentos\u201d, indica Claudia Foerster, investigadora de la Universidad de O\u2019Higgins y experta en inocuidad alimentaria.","inLanguage":"es-CL","potentialAction":[{"@type":"ReadAction","target":["https:\/\/www.uoh.cl\/instituto-de-ciencias-agroalimentarias\/aprenda-a-protegerse-durante-el-verano-especialistas-advierten-que-altas-temperaturas-aumentaran-las-infecciones-estomacales\/"]}]},{"@type":"ImageObject","inLanguage":"es-CL","@id":"https:\/\/www.uoh.cl\/instituto-de-ciencias-agroalimentarias\/aprenda-a-protegerse-durante-el-verano-especialistas-advierten-que-altas-temperaturas-aumentaran-las-infecciones-estomacales\/#primaryimage","url":"https:\/\/www.uoh.cl\/instituto-de-ciencias-agroalimentarias\/wp-content\/uploads\/sites\/25\/2023\/01\/Verano-1.jpg","contentUrl":"https:\/\/www.uoh.cl\/instituto-de-ciencias-agroalimentarias\/wp-content\/uploads\/sites\/25\/2023\/01\/Verano-1.jpg","width":1000,"height":1000},{"@type":"WebSite","@id":"https:\/\/www.uoh.cl\/instituto-de-ciencias-agroalimentarias\/#website","url":"https:\/\/www.uoh.cl\/instituto-de-ciencias-agroalimentarias\/","name":"Instituto de Ciencias Agroalimentarias, Animales y Ambientales","description":"Otro sitio de Sitios de Universidad O'higgins","potentialAction":[{"@type":"SearchAction","target":{"@type":"EntryPoint","urlTemplate":"https:\/\/www.uoh.cl\/instituto-de-ciencias-agroalimentarias\/?s={search_term_string}"},"query-input":{"@type":"PropertyValueSpecification","valueRequired":true,"valueName":"search_term_string"}}],"inLanguage":"es-CL"},{"@type":"Person","@id":"https:\/\/www.uoh.cl\/instituto-de-ciencias-agroalimentarias\/#\/schema\/person\/ea242e676c7d6d7e46fc8b9e39486c4f","name":"Universidad de O'Higgins","image":{"@type":"ImageObject","inLanguage":"es-CL","@id":"https:\/\/www.uoh.cl\/instituto-de-ciencias-agroalimentarias\/#\/schema\/person\/image\/","url":"https:\/\/secure.gravatar.com\/avatar\/78fcb76ca05efae11fd355943c01a832a29786cc00d85b1a82c301bea2b2a214?s=96&d=mm&r=g","contentUrl":"https:\/\/secure.gravatar.com\/avatar\/78fcb76ca05efae11fd355943c01a832a29786cc00d85b1a82c301bea2b2a214?s=96&d=mm&r=g","caption":"Universidad de O'Higgins"}}]}},"_links":{"self":[{"href":"https:\/\/www.uoh.cl\/instituto-de-ciencias-agroalimentarias\/wp-json\/wp\/v2\/posts\/2766","targetHints":{"allow":["GET"]}}],"collection":[{"href":"https:\/\/www.uoh.cl\/instituto-de-ciencias-agroalimentarias\/wp-json\/wp\/v2\/posts"}],"about":[{"href":"https:\/\/www.uoh.cl\/instituto-de-ciencias-agroalimentarias\/wp-json\/wp\/v2\/types\/post"}],"author":[{"embeddable":true,"href":"https:\/\/www.uoh.cl\/instituto-de-ciencias-agroalimentarias\/wp-json\/wp\/v2\/users\/34"}],"replies":[{"embeddable":true,"href":"https:\/\/www.uoh.cl\/instituto-de-ciencias-agroalimentarias\/wp-json\/wp\/v2\/comments?post=2766"}],"version-history":[{"count":1,"href":"https:\/\/www.uoh.cl\/instituto-de-ciencias-agroalimentarias\/wp-json\/wp\/v2\/posts\/2766\/revisions"}],"predecessor-version":[{"id":2768,"href":"https:\/\/www.uoh.cl\/instituto-de-ciencias-agroalimentarias\/wp-json\/wp\/v2\/posts\/2766\/revisions\/2768"}],"wp:featuredmedia":[{"embeddable":true,"href":"https:\/\/www.uoh.cl\/instituto-de-ciencias-agroalimentarias\/wp-json\/wp\/v2\/media\/2769"}],"wp:attachment":[{"href":"https:\/\/www.uoh.cl\/instituto-de-ciencias-agroalimentarias\/wp-json\/wp\/v2\/media?parent=2766"}],"wp:term":[{"taxonomy":"category","embeddable":true,"href":"https:\/\/www.uoh.cl\/instituto-de-ciencias-agroalimentarias\/wp-json\/wp\/v2\/categories?post=2766"},{"taxonomy":"post_tag","embeddable":true,"href":"https:\/\/www.uoh.cl\/instituto-de-ciencias-agroalimentarias\/wp-json\/wp\/v2\/tags?post=2766"}],"curies":[{"name":"wp","href":"https:\/\/api.w.org\/{rel}","templated":true}]}}