
{"id":274,"date":"2022-07-19T22:28:03","date_gmt":"2022-07-20T01:28:03","guid":{"rendered":"https:\/\/www.uoh.cl\/instituto-de-altos-estudios-audiovisuales\/festival-internacional-biobiocine-recibe-a-el-sabio-de-la-tribu-en-su-seleccion-oficial-hecho-en-chile\/"},"modified":"2022-07-19T22:28:03","modified_gmt":"2022-07-20T01:28:03","slug":"festival-internacional-biobiocine-recibe-a-el-sabio-de-la-tribu-en-su-seleccion-oficial-hecho-en-chile","status":"publish","type":"post","link":"https:\/\/www.uoh.cl\/instituto-de-altos-estudios-audiovisuales\/festival-internacional-biobiocine-recibe-a-el-sabio-de-la-tribu-en-su-seleccion-oficial-hecho-en-chile\/","title":{"rendered":"Festival Internacional BioBioCine recibe a El Sabio de la Tribu en su selecci\u00f3n oficial \u201cHecho en Chile\u201d"},"content":{"rendered":"<div class=\"wpb-content-wrapper\"><p>[vc_section el_class=&#8221;container mx-auto align-items-center text-right circle&#8211;pattern&#8221; css=&#8221;.vc_custom_1648956589196{padding-top: 3rem !important;}&#8221;][vc_row][vc_column]<div class=\"breadcrumb\"><ol itemscope itemtype=\"https:\/\/schema.org\/BreadcrumbList\"><li itemprop=\"itemListElement\" itemscope itemtype=\"https:\/\/schema.org\/ListItem\"><a itemprop=\"item\" href=\"http:\/\/www.uoh.cl\"><span itemprop=\"name\">Inicio<\/span><\/a><meta itemprop=\"position\" content=\"1\" \/><li itemprop=\"itemListElement\" itemscope itemtype=\"https:\/\/schema.org\/ListItem\"><a itemprop=\"item\" href=\"https:\/\/www.uoh.cl\/instituto-de-altos-estudios-audiovisuales\"><span itemprop=\"name\">Instituto de Altos Estudios Audiovisuales<\/span><\/a><meta itemprop=\"position\" content=\"2\" \/><li itemprop=\"itemListElement\" itemscope itemtype=\"https:\/\/schema.org\/ListItem\"><a itemprop=\"item\" href=\"https:\/\/www.uoh.cl\/instituto-de-altos-estudios-audiovisuales\/noticias-2\/\"><span itemprop=\"name\">Noticias<\/span><\/a><meta itemprop=\"position\" content=\"3\" \/><li itemprop=\"itemListElement\" itemscope itemtype=\"https:\/\/schema.org\/ListItem\"><span itemprop=\"name\">Festival Internacional BioBioCine recibe a El Sabio de la Tribu <\/span><meta itemprop=\"position\" content=\"4\" \/><\/ol><\/div><ul class=\"p-0 list-style-none d-inline-block\"><li class=\"p-0\"><a href=https:\/\/www.uoh.cl\/instituto-de-altos-estudios-audiovisuales\/category\/iea\/ class=\"px-1 py-2\">IEA<\/a><\/li><\/ul><div class=\"date_publish_post\"> \u25cf Mar 19 de Julio 2022<\/div><div class=\"uoh_title_component-container\"><h1 class=\"title title--ms d-inline-block title--decorator  big\">Festival Internacional BioBioCine recibe a El Sabio de la Tribu en su selecci\u00f3n oficial \u201cHecho en Chile\u201d<\/h1><\/div>[vc_row_inner el_class=&#8221;border-separator m-0&#8243;][vc_column_inner width=&#8221;2\/3&#8243;]<div class=\"author_wp_class\"> Escrito por <span>Daniel Gajardo<\/span><\/div>[\/vc_column_inner][vc_column_inner el_class=&#8221;align-items-end-publish&#8221; width=&#8221;1\/3&#8243;]<div class=\"uoh_social_network_component uoh_row col-12 justify-content-end m-0 p-0\"> <div class=\"icon__facebook-share-button\">\n                       <a href=\"https:\/\/www.facebook.com\/sharer\/sharer.php?u=https:\/\/www.uoh.cl\/instituto-de-altos-estudios-audiovisuales\/festival-internacional-biobiocine-recibe-a-el-sabio-de-la-tribu-en-su-seleccion-oficial-hecho-en-chile\/\" target=\"_blank\"> <div class=\"icon__facebook-svg\"><svg version=\"1.1\" xmlns=\"http:\/\/www.w3.org\/2000\/svg\" xmlns:xlink=\"http:\/\/www.w3.org\/1999\/xlink\" x=\"0px\" y=\"0px\" width=\"22.4px\" height=\"48.3px\" viewBox=\"0 0 22.4 48.3\" style=\"overflow:visible;enable-background:new 0 0 22.4 48.3;\" xml:space=\"preserve\">\n                <defs>\n                <\/defs>\n                <path class=\"st0\" d=\"M22.4,15.6h-7.6v-5c0-1.9,1.2-2.3,2.1-2.3c0.9,0,5.4,0,5.4,0V0l-7.4,0C6.6,0,4.8,6.2,4.8,10.1v5.5H0v8.5h4.8\n                    c0,10.9,0,24.1,0,24.1h10c0,0,0-13.3,0-24.1h6.8L22.4,15.6z\"><\/path>\n                <\/svg><\/a><\/div>\n                    <\/div><div class=\"icon__twitter-share-button\">\n                        <div class=\"icon__twitter-svg\"><a target=\"_blank\" href=\"http:\/\/twitter.com\/share?url=https:\/\/www.uoh.cl\/instituto-de-altos-estudios-audiovisuales\/festival-internacional-biobiocine-recibe-a-el-sabio-de-la-tribu-en-su-seleccion-oficial-hecho-en-chile\/\"><svg xmlns=\"http:\/\/www.w3.org\/2000\/svg\" height=\"1em\" viewBox=\"0 0 512 512\"><!--! Font Awesome Free 6.4.2 by @fontawesome - https:\/\/fontawesome.com License - https:\/\/fontawesome.com\/license (Commercial License) Copyright 2023 Fonticons, Inc. --><path d=\"M389.2 48h70.6L305.6 224.2 487 464H345L233.7 318.6 106.5 464H35.8L200.7 275.5 26.8 48H172.4L272.9 180.9 389.2 48zM364.4 421.8h39.1L151.1 88h-42L364.4 421.8z\"\/><\/svg><\/a><\/div>\n                        <\/div><div class=\"icon__linkedin-share-button\">\n                        <div class=\"icon__linkedin-svg\">\n                        <a target=\"__blank\" href=\"https:\/\/www.linkedin.com\/sharing\/share-offsite\/?url=https:\/\/www.uoh.cl\/instituto-de-altos-estudios-audiovisuales\/festival-internacional-biobiocine-recibe-a-el-sabio-de-la-tribu-en-su-seleccion-oficial-hecho-en-chile\/\"><svg enable-background=\"new 0 0 100 100\" height=\"100px\" id=\"Layer_1\" version=\"1.1\" viewBox=\"0 0 100 100\" width=\"100px\" xml:space=\"preserve\" xmlns=\"http:\/\/www.w3.org\/2000\/svg\" xmlns:xlink=\"http:\/\/www.w3.org\/1999\/xlink\"><g><circle cx=\"50\" cy=\"50\" fill=\"#ccc\" r=\"45\"\/><g id=\"LinkedIn_1_\"><rect fill=\"#FFFFFF\" height=\"24.361\" width=\"7.69\" x=\"31.271\" y=\"43.569\"\/><path d=\"M59.968,43.334c-4.406,0-7.165,2.387-7.677,4.058v-3.823h-8.636c0.109,2.03,0,24.361,0,24.361h8.636    V54.748c0-0.733-0.034-1.465,0.19-1.991c0.594-1.464,1.869-2.985,4.162-2.985c2.998,0,4.361,2.253,4.361,5.552V67.93h8.721V54.384    C69.726,46.839,65.432,43.334,59.968,43.334z\" fill=\"#FFFFFF\"\/><path d=\"M34.973,32.069c-2.839,0-4.696,1.823-4.696,4.229c0,2.361,1.804,4.224,4.589,4.224h0.054    c2.891,0,4.69-1.869,4.69-4.229C39.555,33.888,37.81,32.069,34.973,32.069z\" fill=\"#FFFFFF\"\/><\/g><\/g><\/svg><\/a><\/div>\n\n            <\/div><\/div>[\/vc_column_inner][\/vc_row_inner]<div class=\"vc_single_image-wrapper vc_box_rounded  vc_box_border_grey\"><img decoding=\"async\" width=\"1024\" height=\"683\" data-src=\"https:\/\/www.uoh.cl\/instituto-de-altos-estudios-audiovisuales\/wp-content\/uploads\/sites\/28\/2022\/07\/el-sabio-de-la-tribu.jpg\" class=\"attachment-large size-large wp-post-image lazyload\" alt=\"\" src=\"data:image\/svg+xml;base64,PHN2ZyB3aWR0aD0iMSIgaGVpZ2h0PSIxIiB4bWxucz0iaHR0cDovL3d3dy53My5vcmcvMjAwMC9zdmciPjwvc3ZnPg==\" style=\"--smush-placeholder-width: 1024px; --smush-placeholder-aspect-ratio: 1024\/683;\" \/><\/div>[vc_column_text]<\/p>\n<p>&nbsp;<\/p>\n<p>&nbsp;<\/p>\n<p>[\/vc_column_text][vc_column_text]<em>El filme documental de Ricardo Carrasco, que recibi\u00f3 apoyo de la Universidad Estatal de O\u2019Higgins (UOH), y del Instituto de Altos Estudios Audiovisuales (IEA) retrata la vida y pensamiento del fil\u00f3sofo chileno Gast\u00f3n Soublette.<\/em>[\/vc_column_text][vc_column_text]<\/p>\n<p>&nbsp;<\/p>\n<p>&nbsp;<\/p>\n<p>[\/vc_column_text][vc_column_text]\u201cEl\u00a0Sabio\u00a0de la\u00a0Tribu\u201d, pel\u00edcula documental realizada por Ricardo Carrasco, documentalista y docente del Instituto de Altos Estudios Audiovisuales (IEA) de la Universidad Estatal de O\u2019Higgins (UOH), lleg\u00f3 hasta Concepci\u00f3n para participar del Festival Internacional BioBioCine, en su selecci\u00f3n oficial \u201cHecho en Chile\u201d, que se desarrolla durante toda esta semana. La pieza fue grabada durante 10 a\u00f1os, siguiendo la huella de quien fuera acad\u00e9mico de la Facultad de Est\u00e9tica de la Universidad Cat\u00f3lica de Chile, Gast\u00f3n Soublette, en distintas actividades previas a su retiro.<\/p>\n<p>El documental, que ha estado en competencia en diversos festivales, retrata la forma de ver el mundo y el Chile de hoy del pensador Gast\u00f3n Soublette, refiri\u00e9ndose a la transformaci\u00f3n que ha tenido nuestro pa\u00eds, del lazo que lo une a los pueblos originarios y del camino que se traz\u00f3 como ser humano.<\/p>\n<p>\u201cEs espectacular estar presente en BioBioCine, un espacio genial para los realizadores nacionales y que le interesa destacar el trabajo chileno en ficci\u00f3n y no ficci\u00f3n, permiti\u00e9ndonos mostrarnos al p\u00fablico de esta zona del pa\u00eds. Esto me pone contento porque se trata de un trabajo conjunto con la Universidad de O\u2019Higgins, instituci\u00f3n que desde sus inicios le ha interesado promover este tipo de registros audiovisuales, que rescatan parte de la historia chilena y\u00a0el\u00a0legado que queremos preservar\u201d, explica\u00a0Ricardo Carrasco, quien tambi\u00e9n es coordinador acad\u00e9mico del IEA-UOH.<\/p>\n<p>Cabe destacar que \u201cEl sabio de la tribu\u201d en su proceso post producci\u00f3n recibi\u00f3 aportes de la Universidad de O\u2019Higgins y del Instituto de Altos Estudios Audiovisuales y fue seleccionado en festivales como el FICVi\u00f1a 2020 y el 36\u00b0 Festival del Cinema Ibero-Latinoamericano di Trieste Italia.<\/p>\n<p>Por su parte, el Festival Internacional BioBioCine, que tuvo su primera versi\u00f3n en 2013 en Concepci\u00f3n, busca construir un espacio para el desarrollo de la cinematograf\u00eda desde la Regi\u00f3n del Biob\u00edo.<\/p>\n<p>En ese sentido, Carrasco agrega que \u201cnos encantar\u00eda encontrar una forma de colaboraci\u00f3n con el festival, de tal manera de potenciar un espacio para que los trabajos de nuestros alumnos del Instituto, tengan una ventana de exhibici\u00f3n en este importante festival, esa es una de mis tareas en este viaje\u201d.[\/vc_column_text][vc_column_text]<\/p>\n<p>&nbsp;<\/p>\n<p>&nbsp;<\/p>\n<p>[\/vc_column_text][\/vc_column][\/vc_row][vc_row][vc_column][\/vc_column][\/vc_row][\/vc_section][vc_section css=&#8221;.vc_custom_1650226078643{background-color: #ffffff !important;}&#8221; el_class=&#8221;p-md-0 pt-md-5&#8243;][vc_row el_class=&#8221;container mx-auto align-items-center text-right p-md-0 pt-5 pb-5&#8243;][vc_column el_class=&#8221;pb-5&#8243;][vc_row_inner el_class=&#8221;pb-5&#8243;][vc_column_inner width=&#8221;1\/6&#8243;][\/vc_column_inner][vc_column_inner width=&#8221;2\/3&#8243;][vc_column_text el_class=&#8221;mt-3&#8243;][\/vc_column_text][\/vc_column_inner][vc_column_inner width=&#8221;1\/6&#8243;][\/vc_column_inner][\/vc_row_inner][\/vc_column][\/vc_row][\/vc_section][vc_section css=&#8221;.vc_custom_1650255686594{background-color: #f6faff !important;}&#8221; el_class=&#8221;p-md-0 pt-md-5&#8243;][vc_row el_class=&#8221;container mx-auto align-items-center text-right p-md-0 pt-5 pb-5&#8243;][vc_column el_class=&#8221;pb-5&#8243;][vc_row_inner el_class=&#8221;pb-5&#8243;][vc_column_inner]<div class=\"row m-0 p-0\"><div class=\"col-12 col-md-9 pt-5 pt-md-0\"><h2 class=\"title title--decorator title--ms d-inline-block\">Te Recomendamos<\/h2><\/div><\/div><div class=\"content-holder\"><div class=\"row  swipper-news-list not--activate-hack \"><div class=\"row -wrapper\"><div class=\"  col-sm-6 col-md-4 img-article\">\n                                        <div class=\"content-news-display row m-0 p-0\"><div class=\"holder p-0 \"><div class=\"img-wrap img-wrap-news\">\n                                        <div class=\"caption__news-category\">\n                                        <a href=\"https:\/\/www.uoh.cl\/instituto-de-altos-estudios-audiovisuales\/category\/institucional\/\">\n                                        Institucional<\/a><\/div><img decoding=\"async\" class=\"w-100 h-100 lazyload\" data-src=\"https:\/\/www.uoh.cl\/instituto-de-altos-estudios-audiovisuales\/wp-content\/uploads\/sites\/28\/2026\/08\/Pukara-2.jpeg\" alt=\"Hist\u00f3rico acuerdo permitir\u00e1 a la UOH proteger y poner en valor el Pukar\u00e1 de La Compa\u00f1\u00eda\" style=\"--smush-placeholder-width: 1600px; --smush-placeholder-aspect-ratio: 1600\/1066;object-fit: cover; object-position: center;\" src=\"data:image\/svg+xml;base64,PHN2ZyB3aWR0aD0iMSIgaGVpZ2h0PSIxIiB4bWxucz0iaHR0cDovL3d3dy53My5vcmcvMjAwMC9zdmciPjwvc3ZnPg==\"><\/div><\/div><div class=\"caption py-3 caption__news py-md-3 pb-md-5\">\n                                    <span class=\"caption__date\">Viernes 28, Agosto<\/span>\n                                     <a href=\"https:\/\/www.uoh.cl\/instituto-de-altos-estudios-audiovisuales\/historico-acuerdo-permitira-a-la-uoh-proteger-y-poner-en-valor-el-pukara-de-la-compania\/\">\n                                    <h3 class=\"small-space\">Hist\u00f3rico acuerdo permitir\u00e1 a la UOH proteger y poner en valor el Pukar\u00e1 de La Compa\u00f1\u00eda<\/h3><\/a>\n\n                                    <p>Acuerdo impulsado por el CDE permitir\u00e1 que uno de los sitios arqueol\u00f3gicos m\u00e1s importantes de Chile quede bajo el resguardo de una universidad estatal y se transforme en un espacio permanente para la investigaci\u00f3n cient\u00edfica, la educaci\u00f3n patrimonial y el desarrollo cultural de la Regi\u00f3n de O\u2019Higgins.<\/p>\n                                    <a class=\"link link--bold mt-md-3\" href=\"https:\/\/www.uoh.cl\/instituto-de-altos-estudios-audiovisuales\/historico-acuerdo-permitira-a-la-uoh-proteger-y-poner-en-valor-el-pukara-de-la-compania\/\">Saber m\u00e1s <span class=\"icon icon--inline icon--link\"><svg version=\"1.1\" xmlns=\"http:\/\/www.w3.org\/2000\/svg\" xmlns:xlink=\"http:\/\/www.w3.org\/1999\/xlink\" x=\"0px\" y=\"0px\" width=\"22px\"height=\"22px\" viewBox=\"0 0 22 22\" style=\"overflow:visible;enable-background:new 0 0 80 64.6;\" xml:space=\"preserve\"><g clip-path=\"url(#acA)\"><path fill-rule=\"evenodd\" d=\"M21.913 11.266a.93.93 0 000-.711c-.022-.056-.063-.097-.091-.144s-.053-.103-.097-.15L12.306.294c-.357-.379-.955-.394-1.334-.038s-.394.955-.038 1.334l7.917 8.374H.927a.95.95 0 00-.908.983.946.946 0 00.908.908h17.924l-8.089 8.552c-.357.379-.341.977.034 1.334s.977.341 1.334-.034l9.594-10.148c.044-.044.063-.1.097-.15.028-.047.069-.088.091-.141z\"\/><\/g><defs><clipPath id=\"acA\"><path fill=\"#fff\" d=\"M0 0h22v22H0z\"\/><\/clipPath><\/defs><\/svg><\/span><\/a><\/div><\/div><\/div><div class=\"  col-sm-6 col-md-4 img-article\">\n                                        <div class=\"content-news-display row m-0 p-0\"><div class=\"holder p-0 \"><div class=\"img-wrap img-wrap-news\">\n                                        <div class=\"caption__news-category\">\n                                        <a href=\"https:\/\/www.uoh.cl\/instituto-de-altos-estudios-audiovisuales\/category\/institucional\/\">\n                                        Institucional<\/a><\/div><img decoding=\"async\" class=\"w-100 h-100 lazyload\" data-src=\"https:\/\/www.uoh.cl\/instituto-de-altos-estudios-audiovisuales\/wp-content\/uploads\/sites\/28\/2026\/08\/Frontis-UOH.jpeg\" alt=\"UOH: 11 a\u00f1os creciendo junto a la Regi\u00f3n de O&#8217;Higgins\" style=\"--smush-placeholder-width: 1600px; --smush-placeholder-aspect-ratio: 1600\/900;object-fit: cover; object-position: center;\" src=\"data:image\/svg+xml;base64,PHN2ZyB3aWR0aD0iMSIgaGVpZ2h0PSIxIiB4bWxucz0iaHR0cDovL3d3dy53My5vcmcvMjAwMC9zdmciPjwvc3ZnPg==\"><\/div><\/div><div class=\"caption py-3 caption__news py-md-3 pb-md-5\">\n                                    <span class=\"caption__date\">Viernes 7, Agosto<\/span>\n                                     <a href=\"https:\/\/www.uoh.cl\/instituto-de-altos-estudios-audiovisuales\/uoh-11-anos-creciendo-junto-a-la-region-de-ohiggins\/\">\n                                    <h3 class=\"small-space\">UOH: 11 a\u00f1os creciendo junto a la Regi\u00f3n de O&#8217;Higgins<\/h3><\/a>\n\n                                    <p>Creada en 2015 para responder a una demanda hist\u00f3rica de la regi\u00f3n, la Universidad de O'Higgins conmemora su und\u00e9cimo aniversario consolidada como una instituci\u00f3n p\u00fablica de excelencia, con m\u00e1s de 9 mil estudiantes, una destacada producci\u00f3n cient\u00edfica y un fuerte compromiso con el desarrollo regional.<\/p>\n                                    <a class=\"link link--bold mt-md-3\" href=\"https:\/\/www.uoh.cl\/instituto-de-altos-estudios-audiovisuales\/uoh-11-anos-creciendo-junto-a-la-region-de-ohiggins\/\">Saber m\u00e1s <span class=\"icon icon--inline icon--link\"><svg version=\"1.1\" xmlns=\"http:\/\/www.w3.org\/2000\/svg\" xmlns:xlink=\"http:\/\/www.w3.org\/1999\/xlink\" x=\"0px\" y=\"0px\" width=\"22px\"height=\"22px\" viewBox=\"0 0 22 22\" style=\"overflow:visible;enable-background:new 0 0 80 64.6;\" xml:space=\"preserve\"><g clip-path=\"url(#acA)\"><path fill-rule=\"evenodd\" d=\"M21.913 11.266a.93.93 0 000-.711c-.022-.056-.063-.097-.091-.144s-.053-.103-.097-.15L12.306.294c-.357-.379-.955-.394-1.334-.038s-.394.955-.038 1.334l7.917 8.374H.927a.95.95 0 00-.908.983.946.946 0 00.908.908h17.924l-8.089 8.552c-.357.379-.341.977.034 1.334s.977.341 1.334-.034l9.594-10.148c.044-.044.063-.1.097-.15.028-.047.069-.088.091-.141z\"\/><\/g><defs><clipPath id=\"acA\"><path fill=\"#fff\" d=\"M0 0h22v22H0z\"\/><\/clipPath><\/defs><\/svg><\/span><\/a><\/div><\/div><\/div><div class=\"  col-sm-6 col-md-4 img-article\">\n                                        <div class=\"content-news-display row m-0 p-0\"><div class=\"holder p-0 \"><div class=\"img-wrap img-wrap-news\">\n                                        <div class=\"caption__news-category\">\n                                        <a href=\"https:\/\/www.uoh.cl\/instituto-de-altos-estudios-audiovisuales\/category\/vinculacion\/\">\n                                        Vinculaci\u00f3n<\/a><\/div><img decoding=\"async\" class=\"w-100 h-100 lazyload\" data-src=\"https:\/\/www.uoh.cl\/instituto-de-altos-estudios-audiovisuales\/wp-content\/uploads\/sites\/28\/2026\/07\/El-Viento-que-nos-Lleva.png\" alt=\"\u201cEl viento que nos lleva\u201d: UOH estrena este 8 de julio su primera pel\u00edcula de ficci\u00f3n producida con talento local\" style=\"--smush-placeholder-width: 1080px; --smush-placeholder-aspect-ratio: 1080\/1350;object-fit: cover; object-position: center;\" src=\"data:image\/svg+xml;base64,PHN2ZyB3aWR0aD0iMSIgaGVpZ2h0PSIxIiB4bWxucz0iaHR0cDovL3d3dy53My5vcmcvMjAwMC9zdmciPjwvc3ZnPg==\"><\/div><\/div><div class=\"caption py-3 caption__news py-md-3 pb-md-5\">\n                                    <span class=\"caption__date\">Viernes 3, Julio<\/span>\n                                     <a href=\"https:\/\/www.uoh.cl\/instituto-de-altos-estudios-audiovisuales\/el-viento-que-nos-lleva-uoh-estrena-este-8-de-julio-su-primera-pelicula-de-ficcion-producida-con-talento-local\/\">\n                                    <h3 class=\"small-space\">\u201cEl viento que nos lleva\u201d: UOH estrena este 8 de julio su primera pel\u00edcula de ficci\u00f3n producida con talento local<\/h3><\/a>\n\n                                    <p>El proyecto convoc\u00f3 a m\u00e1s de 60 personas entre estudiantes, egresados y profesionales en una experiencia in\u00e9dita de creaci\u00f3n cinematogr\u00e1fica.<\/p>\n                                    <a class=\"link link--bold mt-md-3\" href=\"https:\/\/www.uoh.cl\/instituto-de-altos-estudios-audiovisuales\/el-viento-que-nos-lleva-uoh-estrena-este-8-de-julio-su-primera-pelicula-de-ficcion-producida-con-talento-local\/\">Saber m\u00e1s <span class=\"icon icon--inline icon--link\"><svg version=\"1.1\" xmlns=\"http:\/\/www.w3.org\/2000\/svg\" xmlns:xlink=\"http:\/\/www.w3.org\/1999\/xlink\" x=\"0px\" y=\"0px\" width=\"22px\"height=\"22px\" viewBox=\"0 0 22 22\" style=\"overflow:visible;enable-background:new 0 0 80 64.6;\" xml:space=\"preserve\"><g clip-path=\"url(#acA)\"><path fill-rule=\"evenodd\" d=\"M21.913 11.266a.93.93 0 000-.711c-.022-.056-.063-.097-.091-.144s-.053-.103-.097-.15L12.306.294c-.357-.379-.955-.394-1.334-.038s-.394.955-.038 1.334l7.917 8.374H.927a.95.95 0 00-.908.983.946.946 0 00.908.908h17.924l-8.089 8.552c-.357.379-.341.977.034 1.334s.977.341 1.334-.034l9.594-10.148c.044-.044.063-.1.097-.15.028-.047.069-.088.091-.141z\"\/><\/g><defs><clipPath id=\"acA\"><path fill=\"#fff\" d=\"M0 0h22v22H0z\"\/><\/clipPath><\/defs><\/svg><\/span><\/a><\/div><\/div><\/div><\/div><\/div><\/div><div class=\"pagination justify-content-center my-5\"><span aria-current=\"page\" class=\"page-numbers current\">1<\/span>\n<a class=\"page-numbers\" href=\"https:\/\/www.uoh.cl\/instituto-de-altos-estudios-audiovisuales\/wp-json\/wp\/v2\/posts\/274\/\/page\/2\">2<\/a>\n<a class=\"page-numbers\" href=\"https:\/\/www.uoh.cl\/instituto-de-altos-estudios-audiovisuales\/wp-json\/wp\/v2\/posts\/274\/\/page\/3\">3<\/a>\n<span class=\"page-numbers dots\">&hellip;<\/span>\n<a class=\"page-numbers\" href=\"https:\/\/www.uoh.cl\/instituto-de-altos-estudios-audiovisuales\/wp-json\/wp\/v2\/posts\/274\/\/page\/68\">68<\/a>\n<a class=\"next page-numbers\" href=\"https:\/\/www.uoh.cl\/instituto-de-altos-estudios-audiovisuales\/wp-json\/wp\/v2\/posts\/274\/\/page\/2\"><div class=\"icon-pagination-next\"> <?xml version=\"1.0\" ?><svg viewBox=\"0 0 96 96\" xmlns=\"http:\/\/www.w3.org\/2000\/svg\"><title\/><path d=\"M39.3756,48.0022l30.47-25.39a6.0035,6.0035,0,0,0-7.6878-9.223L26.1563,43.3906a6.0092,6.0092,0,0,0,0,9.2231L62.1578,82.615a6.0035,6.0035,0,0,0,7.6878-9.2231Z\"\/><\/svg> <\/div><\/a><\/div>[\/vc_column_inner][\/vc_row_inner][\/vc_column][\/vc_row][\/vc_section]<\/p>\n<\/div>","protected":false},"excerpt":{"rendered":"<p>En la actividad, se discuti\u00f3 sobre la situaci\u00f3n actual y los pr\u00f3ximos pasos para avanzar en una educaci\u00f3n libre de sexismo en todos los niveles, especialmente en educaci\u00f3n superior y en la formaci\u00f3n inicial docente.<\/p>\n","protected":false},"author":7,"featured_media":275,"comment_status":"open","ping_status":"open","sticky":false,"template":"","format":"standard","meta":{"_acf_changed":false,"footnotes":""},"categories":[20],"tags":[],"class_list":["post-274","post","type-post","status-publish","format-standard","has-post-thumbnail","hentry","category-iea"],"acf":[],"yoast_head":"<!-- This site is optimized with the Yoast SEO plugin v28.3 - https:\/\/yoast.com\/product\/yoast-seo-wordpress\/ -->\n<title>Festival Internacional BioBioCine recibe a El Sabio de la Tribu en su selecci\u00f3n oficial \u201cHecho en Chile\u201d - Instituto de Altos Estudios Audiovisuales<\/title>\n<meta name=\"description\" content=\"El filme documental de Ricardo Carrasco, que recibi\u00f3 apoyo de la Universidad Estatal de O\u2019Higgins (UOH), y del Instituto de Altos Estudios Audiovisuales (IEA) retrata la vida y pensamiento del fil\u00f3sofo chileno Gast\u00f3n Soublette.\" \/>\n<meta name=\"robots\" content=\"noindex, nofollow\" \/>\n<meta property=\"og:locale\" content=\"es_ES\" \/>\n<meta property=\"og:type\" content=\"article\" \/>\n<meta property=\"og:title\" content=\"Festival Internacional BioBioCine recibe a El Sabio de la Tribu en su selecci\u00f3n oficial \u201cHecho en Chile\u201d - Instituto de Altos Estudios Audiovisuales\" \/>\n<meta property=\"og:description\" content=\"El filme documental de Ricardo Carrasco, que recibi\u00f3 apoyo de la Universidad Estatal de O\u2019Higgins (UOH), y del Instituto de Altos Estudios Audiovisuales (IEA) retrata la vida y pensamiento del fil\u00f3sofo chileno Gast\u00f3n Soublette.\" \/>\n<meta property=\"og:url\" content=\"https:\/\/www.uoh.cl\/instituto-de-altos-estudios-audiovisuales\/festival-internacional-biobiocine-recibe-a-el-sabio-de-la-tribu-en-su-seleccion-oficial-hecho-en-chile\/\" \/>\n<meta property=\"og:site_name\" content=\"Instituto de Altos Estudios Audiovisuales\" \/>\n<meta property=\"article:published_time\" content=\"2022-07-20T01:28:03+00:00\" \/>\n<meta property=\"og:image\" content=\"https:\/\/www.uoh.cl\/instituto-de-altos-estudios-audiovisuales\/wp-content\/uploads\/sites\/28\/2022\/07\/el-sabio-de-la-tribu.jpg\" \/>\n\t<meta property=\"og:image:width\" content=\"1500\" \/>\n\t<meta property=\"og:image:height\" content=\"1000\" \/>\n\t<meta property=\"og:image:type\" content=\"image\/jpeg\" \/>\n<meta name=\"author\" content=\"Daniel Gajardo\" \/>\n<meta name=\"twitter:card\" content=\"summary_large_image\" \/>\n<meta name=\"twitter:label1\" content=\"Escrito por\" \/>\n\t<meta name=\"twitter:data1\" content=\"Daniel Gajardo\" \/>\n\t<meta name=\"twitter:label2\" content=\"Tiempo estimado de lectura\" \/>\n\t<meta name=\"twitter:data2\" content=\"3 minutos\" \/>\n<script type=\"application\/ld+json\" class=\"yoast-schema-graph\">{\"@context\":\"https:\\\/\\\/schema.org\",\"@graph\":[{\"@type\":\"Article\",\"@id\":\"https:\\\/\\\/www.uoh.cl\\\/instituto-de-altos-estudios-audiovisuales\\\/festival-internacional-biobiocine-recibe-a-el-sabio-de-la-tribu-en-su-seleccion-oficial-hecho-en-chile\\\/#article\",\"isPartOf\":{\"@id\":\"https:\\\/\\\/www.uoh.cl\\\/instituto-de-altos-estudios-audiovisuales\\\/festival-internacional-biobiocine-recibe-a-el-sabio-de-la-tribu-en-su-seleccion-oficial-hecho-en-chile\\\/\"},\"author\":{\"name\":\"Daniel Gajardo\",\"@id\":\"https:\\\/\\\/www.uoh.cl\\\/instituto-de-altos-estudios-audiovisuales\\\/#\\\/schema\\\/person\\\/bcdeae7d7b0bf4c008328c2d2bb601e3\"},\"headline\":\"Festival Internacional BioBioCine recibe a El Sabio de la Tribu en su selecci\u00f3n oficial \u201cHecho en Chile\u201d\",\"datePublished\":\"2022-07-20T01:28:03+00:00\",\"mainEntityOfPage\":{\"@id\":\"https:\\\/\\\/www.uoh.cl\\\/instituto-de-altos-estudios-audiovisuales\\\/festival-internacional-biobiocine-recibe-a-el-sabio-de-la-tribu-en-su-seleccion-oficial-hecho-en-chile\\\/\"},\"wordCount\":787,\"commentCount\":0,\"image\":{\"@id\":\"https:\\\/\\\/www.uoh.cl\\\/instituto-de-altos-estudios-audiovisuales\\\/festival-internacional-biobiocine-recibe-a-el-sabio-de-la-tribu-en-su-seleccion-oficial-hecho-en-chile\\\/#primaryimage\"},\"thumbnailUrl\":\"https:\\\/\\\/www.uoh.cl\\\/instituto-de-altos-estudios-audiovisuales\\\/wp-content\\\/uploads\\\/sites\\\/28\\\/2022\\\/07\\\/el-sabio-de-la-tribu.jpg\",\"articleSection\":[\"IEA\"],\"inLanguage\":\"es-CL\",\"potentialAction\":[{\"@type\":\"CommentAction\",\"name\":\"Comment\",\"target\":[\"https:\\\/\\\/www.uoh.cl\\\/instituto-de-altos-estudios-audiovisuales\\\/festival-internacional-biobiocine-recibe-a-el-sabio-de-la-tribu-en-su-seleccion-oficial-hecho-en-chile\\\/#respond\"]}]},{\"@type\":\"WebPage\",\"@id\":\"https:\\\/\\\/www.uoh.cl\\\/instituto-de-altos-estudios-audiovisuales\\\/festival-internacional-biobiocine-recibe-a-el-sabio-de-la-tribu-en-su-seleccion-oficial-hecho-en-chile\\\/\",\"url\":\"https:\\\/\\\/www.uoh.cl\\\/instituto-de-altos-estudios-audiovisuales\\\/festival-internacional-biobiocine-recibe-a-el-sabio-de-la-tribu-en-su-seleccion-oficial-hecho-en-chile\\\/\",\"name\":\"Festival Internacional BioBioCine recibe a El Sabio de la Tribu en su selecci\u00f3n oficial \u201cHecho en Chile\u201d - Instituto de Altos Estudios Audiovisuales\",\"isPartOf\":{\"@id\":\"https:\\\/\\\/www.uoh.cl\\\/instituto-de-altos-estudios-audiovisuales\\\/#website\"},\"primaryImageOfPage\":{\"@id\":\"https:\\\/\\\/www.uoh.cl\\\/instituto-de-altos-estudios-audiovisuales\\\/festival-internacional-biobiocine-recibe-a-el-sabio-de-la-tribu-en-su-seleccion-oficial-hecho-en-chile\\\/#primaryimage\"},\"image\":{\"@id\":\"https:\\\/\\\/www.uoh.cl\\\/instituto-de-altos-estudios-audiovisuales\\\/festival-internacional-biobiocine-recibe-a-el-sabio-de-la-tribu-en-su-seleccion-oficial-hecho-en-chile\\\/#primaryimage\"},\"thumbnailUrl\":\"https:\\\/\\\/www.uoh.cl\\\/instituto-de-altos-estudios-audiovisuales\\\/wp-content\\\/uploads\\\/sites\\\/28\\\/2022\\\/07\\\/el-sabio-de-la-tribu.jpg\",\"datePublished\":\"2022-07-20T01:28:03+00:00\",\"author\":{\"@id\":\"https:\\\/\\\/www.uoh.cl\\\/instituto-de-altos-estudios-audiovisuales\\\/#\\\/schema\\\/person\\\/bcdeae7d7b0bf4c008328c2d2bb601e3\"},\"description\":\"El filme documental de Ricardo Carrasco, que recibi\u00f3 apoyo de la Universidad Estatal de O\u2019Higgins (UOH), y del Instituto de Altos Estudios Audiovisuales (IEA) retrata la vida y pensamiento del fil\u00f3sofo chileno Gast\u00f3n Soublette.\",\"inLanguage\":\"es-CL\",\"potentialAction\":[{\"@type\":\"ReadAction\",\"target\":[\"https:\\\/\\\/www.uoh.cl\\\/instituto-de-altos-estudios-audiovisuales\\\/festival-internacional-biobiocine-recibe-a-el-sabio-de-la-tribu-en-su-seleccion-oficial-hecho-en-chile\\\/\"]}]},{\"@type\":\"ImageObject\",\"inLanguage\":\"es-CL\",\"@id\":\"https:\\\/\\\/www.uoh.cl\\\/instituto-de-altos-estudios-audiovisuales\\\/festival-internacional-biobiocine-recibe-a-el-sabio-de-la-tribu-en-su-seleccion-oficial-hecho-en-chile\\\/#primaryimage\",\"url\":\"https:\\\/\\\/www.uoh.cl\\\/instituto-de-altos-estudios-audiovisuales\\\/wp-content\\\/uploads\\\/sites\\\/28\\\/2022\\\/07\\\/el-sabio-de-la-tribu.jpg\",\"contentUrl\":\"https:\\\/\\\/www.uoh.cl\\\/instituto-de-altos-estudios-audiovisuales\\\/wp-content\\\/uploads\\\/sites\\\/28\\\/2022\\\/07\\\/el-sabio-de-la-tribu.jpg\",\"width\":1500,\"height\":1000},{\"@type\":\"WebSite\",\"@id\":\"https:\\\/\\\/www.uoh.cl\\\/instituto-de-altos-estudios-audiovisuales\\\/#website\",\"url\":\"https:\\\/\\\/www.uoh.cl\\\/instituto-de-altos-estudios-audiovisuales\\\/\",\"name\":\"Instituto de Altos Estudios Audiovisuales\",\"description\":\"Otro sitio de Sitios de Universidad O'higgins\",\"potentialAction\":[{\"@type\":\"SearchAction\",\"target\":{\"@type\":\"EntryPoint\",\"urlTemplate\":\"https:\\\/\\\/www.uoh.cl\\\/instituto-de-altos-estudios-audiovisuales\\\/?s={search_term_string}\"},\"query-input\":{\"@type\":\"PropertyValueSpecification\",\"valueRequired\":true,\"valueName\":\"search_term_string\"}}],\"inLanguage\":\"es-CL\"},{\"@type\":\"Person\",\"@id\":\"https:\\\/\\\/www.uoh.cl\\\/instituto-de-altos-estudios-audiovisuales\\\/#\\\/schema\\\/person\\\/bcdeae7d7b0bf4c008328c2d2bb601e3\",\"name\":\"Daniel Gajardo\",\"image\":{\"@type\":\"ImageObject\",\"inLanguage\":\"es-CL\",\"@id\":\"https:\\\/\\\/secure.gravatar.com\\\/avatar\\\/a720b1d6a5d8813910cb0bda8f63100c49b849bcdba9bb623e3b78e4791820e5?s=96&d=mm&r=g\",\"url\":\"https:\\\/\\\/secure.gravatar.com\\\/avatar\\\/a720b1d6a5d8813910cb0bda8f63100c49b849bcdba9bb623e3b78e4791820e5?s=96&d=mm&r=g\",\"contentUrl\":\"https:\\\/\\\/secure.gravatar.com\\\/avatar\\\/a720b1d6a5d8813910cb0bda8f63100c49b849bcdba9bb623e3b78e4791820e5?s=96&d=mm&r=g\",\"caption\":\"Daniel Gajardo\"}}]}<\/script>\n<!-- \/ Yoast SEO plugin. -->","yoast_head_json":{"title":"Festival Internacional BioBioCine recibe a El Sabio de la Tribu en su selecci\u00f3n oficial \u201cHecho en Chile\u201d - Instituto de Altos Estudios Audiovisuales","description":"El filme documental de Ricardo Carrasco, que recibi\u00f3 apoyo de la Universidad Estatal de O\u2019Higgins (UOH), y del Instituto de Altos Estudios Audiovisuales (IEA) retrata la vida y pensamiento del fil\u00f3sofo chileno Gast\u00f3n Soublette.","robots":{"index":"noindex","follow":"nofollow"},"og_locale":"es_ES","og_type":"article","og_title":"Festival Internacional BioBioCine recibe a El Sabio de la Tribu en su selecci\u00f3n oficial \u201cHecho en Chile\u201d - Instituto de Altos Estudios Audiovisuales","og_description":"El filme documental de Ricardo Carrasco, que recibi\u00f3 apoyo de la Universidad Estatal de O\u2019Higgins (UOH), y del Instituto de Altos Estudios Audiovisuales (IEA) retrata la vida y pensamiento del fil\u00f3sofo chileno Gast\u00f3n Soublette.","og_url":"https:\/\/www.uoh.cl\/instituto-de-altos-estudios-audiovisuales\/festival-internacional-biobiocine-recibe-a-el-sabio-de-la-tribu-en-su-seleccion-oficial-hecho-en-chile\/","og_site_name":"Instituto de Altos Estudios Audiovisuales","article_published_time":"2022-07-20T01:28:03+00:00","og_image":[{"width":1500,"height":1000,"url":"https:\/\/www.uoh.cl\/instituto-de-altos-estudios-audiovisuales\/wp-content\/uploads\/sites\/28\/2022\/07\/el-sabio-de-la-tribu.jpg","type":"image\/jpeg"}],"author":"Daniel Gajardo","twitter_card":"summary_large_image","twitter_misc":{"Escrito por":"Daniel Gajardo","Tiempo estimado de lectura":"3 minutos"},"schema":{"@context":"https:\/\/schema.org","@graph":[{"@type":"Article","@id":"https:\/\/www.uoh.cl\/instituto-de-altos-estudios-audiovisuales\/festival-internacional-biobiocine-recibe-a-el-sabio-de-la-tribu-en-su-seleccion-oficial-hecho-en-chile\/#article","isPartOf":{"@id":"https:\/\/www.uoh.cl\/instituto-de-altos-estudios-audiovisuales\/festival-internacional-biobiocine-recibe-a-el-sabio-de-la-tribu-en-su-seleccion-oficial-hecho-en-chile\/"},"author":{"name":"Daniel Gajardo","@id":"https:\/\/www.uoh.cl\/instituto-de-altos-estudios-audiovisuales\/#\/schema\/person\/bcdeae7d7b0bf4c008328c2d2bb601e3"},"headline":"Festival Internacional BioBioCine recibe a El Sabio de la Tribu en su selecci\u00f3n oficial \u201cHecho en Chile\u201d","datePublished":"2022-07-20T01:28:03+00:00","mainEntityOfPage":{"@id":"https:\/\/www.uoh.cl\/instituto-de-altos-estudios-audiovisuales\/festival-internacional-biobiocine-recibe-a-el-sabio-de-la-tribu-en-su-seleccion-oficial-hecho-en-chile\/"},"wordCount":787,"commentCount":0,"image":{"@id":"https:\/\/www.uoh.cl\/instituto-de-altos-estudios-audiovisuales\/festival-internacional-biobiocine-recibe-a-el-sabio-de-la-tribu-en-su-seleccion-oficial-hecho-en-chile\/#primaryimage"},"thumbnailUrl":"https:\/\/www.uoh.cl\/instituto-de-altos-estudios-audiovisuales\/wp-content\/uploads\/sites\/28\/2022\/07\/el-sabio-de-la-tribu.jpg","articleSection":["IEA"],"inLanguage":"es-CL","potentialAction":[{"@type":"CommentAction","name":"Comment","target":["https:\/\/www.uoh.cl\/instituto-de-altos-estudios-audiovisuales\/festival-internacional-biobiocine-recibe-a-el-sabio-de-la-tribu-en-su-seleccion-oficial-hecho-en-chile\/#respond"]}]},{"@type":"WebPage","@id":"https:\/\/www.uoh.cl\/instituto-de-altos-estudios-audiovisuales\/festival-internacional-biobiocine-recibe-a-el-sabio-de-la-tribu-en-su-seleccion-oficial-hecho-en-chile\/","url":"https:\/\/www.uoh.cl\/instituto-de-altos-estudios-audiovisuales\/festival-internacional-biobiocine-recibe-a-el-sabio-de-la-tribu-en-su-seleccion-oficial-hecho-en-chile\/","name":"Festival Internacional BioBioCine recibe a El Sabio de la Tribu en su selecci\u00f3n oficial \u201cHecho en Chile\u201d - Instituto de Altos Estudios Audiovisuales","isPartOf":{"@id":"https:\/\/www.uoh.cl\/instituto-de-altos-estudios-audiovisuales\/#website"},"primaryImageOfPage":{"@id":"https:\/\/www.uoh.cl\/instituto-de-altos-estudios-audiovisuales\/festival-internacional-biobiocine-recibe-a-el-sabio-de-la-tribu-en-su-seleccion-oficial-hecho-en-chile\/#primaryimage"},"image":{"@id":"https:\/\/www.uoh.cl\/instituto-de-altos-estudios-audiovisuales\/festival-internacional-biobiocine-recibe-a-el-sabio-de-la-tribu-en-su-seleccion-oficial-hecho-en-chile\/#primaryimage"},"thumbnailUrl":"https:\/\/www.uoh.cl\/instituto-de-altos-estudios-audiovisuales\/wp-content\/uploads\/sites\/28\/2022\/07\/el-sabio-de-la-tribu.jpg","datePublished":"2022-07-20T01:28:03+00:00","author":{"@id":"https:\/\/www.uoh.cl\/instituto-de-altos-estudios-audiovisuales\/#\/schema\/person\/bcdeae7d7b0bf4c008328c2d2bb601e3"},"description":"El filme documental de Ricardo Carrasco, que recibi\u00f3 apoyo de la Universidad Estatal de O\u2019Higgins (UOH), y del Instituto de Altos Estudios Audiovisuales (IEA) retrata la vida y pensamiento del fil\u00f3sofo chileno Gast\u00f3n Soublette.","inLanguage":"es-CL","potentialAction":[{"@type":"ReadAction","target":["https:\/\/www.uoh.cl\/instituto-de-altos-estudios-audiovisuales\/festival-internacional-biobiocine-recibe-a-el-sabio-de-la-tribu-en-su-seleccion-oficial-hecho-en-chile\/"]}]},{"@type":"ImageObject","inLanguage":"es-CL","@id":"https:\/\/www.uoh.cl\/instituto-de-altos-estudios-audiovisuales\/festival-internacional-biobiocine-recibe-a-el-sabio-de-la-tribu-en-su-seleccion-oficial-hecho-en-chile\/#primaryimage","url":"https:\/\/www.uoh.cl\/instituto-de-altos-estudios-audiovisuales\/wp-content\/uploads\/sites\/28\/2022\/07\/el-sabio-de-la-tribu.jpg","contentUrl":"https:\/\/www.uoh.cl\/instituto-de-altos-estudios-audiovisuales\/wp-content\/uploads\/sites\/28\/2022\/07\/el-sabio-de-la-tribu.jpg","width":1500,"height":1000},{"@type":"WebSite","@id":"https:\/\/www.uoh.cl\/instituto-de-altos-estudios-audiovisuales\/#website","url":"https:\/\/www.uoh.cl\/instituto-de-altos-estudios-audiovisuales\/","name":"Instituto de Altos Estudios Audiovisuales","description":"Otro sitio de Sitios de Universidad O'higgins","potentialAction":[{"@type":"SearchAction","target":{"@type":"EntryPoint","urlTemplate":"https:\/\/www.uoh.cl\/instituto-de-altos-estudios-audiovisuales\/?s={search_term_string}"},"query-input":{"@type":"PropertyValueSpecification","valueRequired":true,"valueName":"search_term_string"}}],"inLanguage":"es-CL"},{"@type":"Person","@id":"https:\/\/www.uoh.cl\/instituto-de-altos-estudios-audiovisuales\/#\/schema\/person\/bcdeae7d7b0bf4c008328c2d2bb601e3","name":"Daniel Gajardo","image":{"@type":"ImageObject","inLanguage":"es-CL","@id":"https:\/\/secure.gravatar.com\/avatar\/a720b1d6a5d8813910cb0bda8f63100c49b849bcdba9bb623e3b78e4791820e5?s=96&d=mm&r=g","url":"https:\/\/secure.gravatar.com\/avatar\/a720b1d6a5d8813910cb0bda8f63100c49b849bcdba9bb623e3b78e4791820e5?s=96&d=mm&r=g","contentUrl":"https:\/\/secure.gravatar.com\/avatar\/a720b1d6a5d8813910cb0bda8f63100c49b849bcdba9bb623e3b78e4791820e5?s=96&d=mm&r=g","caption":"Daniel Gajardo"}}]}},"_links":{"self":[{"href":"https:\/\/www.uoh.cl\/instituto-de-altos-estudios-audiovisuales\/wp-json\/wp\/v2\/posts\/274","targetHints":{"allow":["GET"]}}],"collection":[{"href":"https:\/\/www.uoh.cl\/instituto-de-altos-estudios-audiovisuales\/wp-json\/wp\/v2\/posts"}],"about":[{"href":"https:\/\/www.uoh.cl\/instituto-de-altos-estudios-audiovisuales\/wp-json\/wp\/v2\/types\/post"}],"author":[{"embeddable":true,"href":"https:\/\/www.uoh.cl\/instituto-de-altos-estudios-audiovisuales\/wp-json\/wp\/v2\/users\/7"}],"replies":[{"embeddable":true,"href":"https:\/\/www.uoh.cl\/instituto-de-altos-estudios-audiovisuales\/wp-json\/wp\/v2\/comments?post=274"}],"version-history":[{"count":0,"href":"https:\/\/www.uoh.cl\/instituto-de-altos-estudios-audiovisuales\/wp-json\/wp\/v2\/posts\/274\/revisions"}],"wp:featuredmedia":[{"embeddable":true,"href":"https:\/\/www.uoh.cl\/instituto-de-altos-estudios-audiovisuales\/wp-json\/wp\/v2\/media\/275"}],"wp:attachment":[{"href":"https:\/\/www.uoh.cl\/instituto-de-altos-estudios-audiovisuales\/wp-json\/wp\/v2\/media?parent=274"}],"wp:term":[{"taxonomy":"category","embeddable":true,"href":"https:\/\/www.uoh.cl\/instituto-de-altos-estudios-audiovisuales\/wp-json\/wp\/v2\/categories?post=274"},{"taxonomy":"post_tag","embeddable":true,"href":"https:\/\/www.uoh.cl\/instituto-de-altos-estudios-audiovisuales\/wp-json\/wp\/v2\/tags?post=274"}],"curies":[{"name":"wp","href":"https:\/\/api.w.org\/{rel}","templated":true}]}}