
{"id":1747,"date":"2024-04-24T18:48:54","date_gmt":"2024-04-24T21:48:54","guid":{"rendered":"https:\/\/www.uoh.cl\/instituto-de-altos-estudios-audiovisuales\/rectores-de-uespublicas-advierten-las-graves-consecuencias-de-mercantilizar-la-educacion-publica-en-chile-y-argentina\/"},"modified":"2024-04-24T18:58:14","modified_gmt":"2024-04-24T21:58:14","slug":"rectores-de-uespublicas-advierten-las-graves-consecuencias-de-mercantilizar-la-educacion-publica-en-chile-y-argentina","status":"publish","type":"post","link":"https:\/\/www.uoh.cl\/instituto-de-altos-estudios-audiovisuales\/rectores-de-uespublicas-advierten-las-graves-consecuencias-de-mercantilizar-la-educacion-publica-en-chile-y-argentina\/","title":{"rendered":"Rectores de #UesP\u00fablicas advierten las graves consecuencias de mercantilizar la educaci\u00f3n p\u00fablica en Chile y Argentina"},"content":{"rendered":"<div class=\"wpb-content-wrapper\"><p>[vc_section el_class=&#8221;container mx-auto align-items-center circle&#8211;pattern&#8221; css=&#8221;.vc_custom_1648956589196{padding-top: 3rem !important;}&#8221;][vc_row][vc_column]<div class=\"breadcrumb\"><ol itemscope itemtype=\"https:\/\/schema.org\/BreadcrumbList\"><li itemprop=\"itemListElement\" itemscope itemtype=\"https:\/\/schema.org\/ListItem\"><a itemprop=\"item\" href=\"http:\/\/www.uoh.cl\"><span itemprop=\"name\">Inicio<\/span><\/a><meta itemprop=\"position\" content=\"1\" \/><li itemprop=\"itemListElement\" itemscope itemtype=\"https:\/\/schema.org\/ListItem\"><a itemprop=\"item\" href=\"https:\/\/www.uoh.cl\/instituto-de-altos-estudios-audiovisuales\"><span itemprop=\"name\">Instituto de Altos Estudios Audiovisuales<\/span><\/a><meta itemprop=\"position\" content=\"2\" \/><li itemprop=\"itemListElement\" itemscope itemtype=\"https:\/\/schema.org\/ListItem\"><a itemprop=\"item\" href=\"https:\/\/www.uoh.cl\/instituto-de-altos-estudios-audiovisuales\/noticias-2\/\"><span itemprop=\"name\">Noticias<\/span><\/a><meta itemprop=\"position\" content=\"3\" \/><li itemprop=\"itemListElement\" itemscope itemtype=\"https:\/\/schema.org\/ListItem\"><span itemprop=\"name\">Rectores de #UesP\u00fablicas advierten las graves consecuencias de mercantilizar la <\/span><meta itemprop=\"position\" content=\"4\" \/><\/ol><\/div><ul class=\"p-0 list-style-none d-inline-block\"><li class=\"p-0\"><a href=https:\/\/www.uoh.cl\/instituto-de-altos-estudios-audiovisuales\/category\/cuech\/ class=\"px-1 py-2\">CUECH<\/a><\/li><\/ul><div class=\"date_publish_post\"> \u25cf Mi\u00e9 24 de Abril 2024<\/div><div class=\"uoh_title_component-container\"><h1 class=\"title title--ms d-inline-block title--decorator  big\">Rectores de #UesP\u00fablicas advierten las graves consecuencias de mercantilizar la educaci\u00f3n p\u00fablica en Chile y Argentina<\/h1><\/div>[vc_row_inner el_class=&#8221;border-separator m-0&#8243;][vc_column_inner width=&#8221;2\/3&#8243;]<div class=\"author_wp_class\"> Escrito por <span>Universidad de O'Higgins<\/span><\/div>[\/vc_column_inner][vc_column_inner el_class=&#8221;align-items-end-publish&#8221; width=&#8221;1\/3&#8243;]<div class=\"uoh_social_network_component uoh_row col-12 justify-content-end m-0 p-0\"> <div class=\"icon__facebook-share-button\">\n                       <a href=\"https:\/\/www.facebook.com\/sharer\/sharer.php?u=https:\/\/www.uoh.cl\/instituto-de-altos-estudios-audiovisuales\/rectores-de-uespublicas-advierten-las-graves-consecuencias-de-mercantilizar-la-educacion-publica-en-chile-y-argentina\/\" target=\"_blank\"> <div class=\"icon__facebook-svg\"><svg version=\"1.1\" xmlns=\"http:\/\/www.w3.org\/2000\/svg\" xmlns:xlink=\"http:\/\/www.w3.org\/1999\/xlink\" x=\"0px\" y=\"0px\" width=\"22.4px\" height=\"48.3px\" viewBox=\"0 0 22.4 48.3\" style=\"overflow:visible;enable-background:new 0 0 22.4 48.3;\" xml:space=\"preserve\">\n                <defs>\n                <\/defs>\n                <path class=\"st0\" d=\"M22.4,15.6h-7.6v-5c0-1.9,1.2-2.3,2.1-2.3c0.9,0,5.4,0,5.4,0V0l-7.4,0C6.6,0,4.8,6.2,4.8,10.1v5.5H0v8.5h4.8\n                    c0,10.9,0,24.1,0,24.1h10c0,0,0-13.3,0-24.1h6.8L22.4,15.6z\"><\/path>\n                <\/svg><\/a><\/div>\n                    <\/div><div class=\"icon__twitter-share-button\">\n                        <div class=\"icon__twitter-svg\"><a target=\"_blank\" href=\"http:\/\/twitter.com\/share?url=https:\/\/www.uoh.cl\/instituto-de-altos-estudios-audiovisuales\/rectores-de-uespublicas-advierten-las-graves-consecuencias-de-mercantilizar-la-educacion-publica-en-chile-y-argentina\/\"><svg xmlns=\"http:\/\/www.w3.org\/2000\/svg\" height=\"1em\" viewBox=\"0 0 512 512\"><!--! Font Awesome Free 6.4.2 by @fontawesome - https:\/\/fontawesome.com License - https:\/\/fontawesome.com\/license (Commercial License) Copyright 2023 Fonticons, Inc. --><path d=\"M389.2 48h70.6L305.6 224.2 487 464H345L233.7 318.6 106.5 464H35.8L200.7 275.5 26.8 48H172.4L272.9 180.9 389.2 48zM364.4 421.8h39.1L151.1 88h-42L364.4 421.8z\"\/><\/svg><\/a><\/div>\n                        <\/div><div class=\"icon__linkedin-share-button\">\n                        <div class=\"icon__linkedin-svg\">\n                        <a target=\"__blank\" href=\"https:\/\/www.linkedin.com\/sharing\/share-offsite\/?url=https:\/\/www.uoh.cl\/instituto-de-altos-estudios-audiovisuales\/rectores-de-uespublicas-advierten-las-graves-consecuencias-de-mercantilizar-la-educacion-publica-en-chile-y-argentina\/\"><svg enable-background=\"new 0 0 100 100\" height=\"100px\" id=\"Layer_1\" version=\"1.1\" viewBox=\"0 0 100 100\" width=\"100px\" xml:space=\"preserve\" xmlns=\"http:\/\/www.w3.org\/2000\/svg\" xmlns:xlink=\"http:\/\/www.w3.org\/1999\/xlink\"><g><circle cx=\"50\" cy=\"50\" fill=\"#ccc\" r=\"45\"\/><g id=\"LinkedIn_1_\"><rect fill=\"#FFFFFF\" height=\"24.361\" width=\"7.69\" x=\"31.271\" y=\"43.569\"\/><path d=\"M59.968,43.334c-4.406,0-7.165,2.387-7.677,4.058v-3.823h-8.636c0.109,2.03,0,24.361,0,24.361h8.636    V54.748c0-0.733-0.034-1.465,0.19-1.991c0.594-1.464,1.869-2.985,4.162-2.985c2.998,0,4.361,2.253,4.361,5.552V67.93h8.721V54.384    C69.726,46.839,65.432,43.334,59.968,43.334z\" fill=\"#FFFFFF\"\/><path d=\"M34.973,32.069c-2.839,0-4.696,1.823-4.696,4.229c0,2.361,1.804,4.224,4.589,4.224h0.054    c2.891,0,4.69-1.869,4.69-4.229C39.555,33.888,37.81,32.069,34.973,32.069z\" fill=\"#FFFFFF\"\/><\/g><\/g><\/svg><\/a><\/div>\n\n            <\/div><\/div>[\/vc_column_inner][\/vc_row_inner][vc_single_image image=&#8221;33068&#8243; img_size=&#8221;full&#8221; add_caption=&#8221;yes&#8221; alignment=&#8221;center&#8221; onclick=&#8221;img_link_large&#8221; img_link_target=&#8221;_blank&#8221;][vc_column_text]\u00a0[\/vc_column_text][vc_column_text]<\/p>\n<ul>\n<li class=\"description\"><em>Durante la sesi\u00f3n mensual del Consorcio, los Rectores suscribieron a la postura del Consejo Interuniversitario de Argentina (CIN) ante la delicada crisis que vive el sistema universitario p\u00fablico del pa\u00eds trasandino.<\/em><\/li>\n<\/ul>\n<div class=\"post-header\">\n<div class=\"creator\"><\/div>\n<\/div>\n<p>[\/vc_column_text][vc_column_text]\u00a0[\/vc_column_text][vc_column_text]En el marco de la sesi\u00f3n mensual del Consorcio de Universidades del Estado de Chile, CUECH, realizado en la Universidad de Magallanes, las 18 universidades p\u00fablicas del pa\u00eds suscribieron una postura com\u00fan en adhesi\u00f3n al movimiento acad\u00e9mico del Consejo Interuniversitario de Argentina (CIN), ante la compleja crisis que atraviesa el sistema universitario p\u00fablico de esa Naci\u00f3n, producto de pol\u00edticas gubernamentales equivalentes a las aplicadas en Chile durante la dictadura militar y que han significado un progresivo detrimento del rol del Estado\u00a0respecto de la educaci\u00f3n superior p\u00fablica.<\/p>\n<p>En la carta titulada <a href=\"https:\/\/noticias.uestatales.cl\/educacion-publica-es-mas-desarrollo-y-bienestar-humano\" target=\"_blank\" rel=\"noopener noreferrer\"><strong>\u201cArgentina: Educaci\u00f3n p\u00fablica es m\u00e1s desarrollo y bienestar humano\u201d<\/strong><\/a>, las rectoras y rectores de Chile manifestaron su absoluta adhesi\u00f3n y solidaridad con las demandas levantadas por las universidades argentinas: \u201cEl deterioro del sistema cient\u00edfico, tecnol\u00f3gico y de innovaci\u00f3n en Argentina; as\u00ed como la suspensi\u00f3n total de obras de infraestructura cient\u00edfica y universitaria en ejecuci\u00f3n -denunciado por las comunidades acad\u00e9micas- es un camino que hipoteca irremediablemente el presente y futuro del pa\u00eds y sus ciudadanos\u201d.<\/p>\n<p>\u201cEste retroceso preocupa a todas las comunidades cient\u00edficas a nivel internacional. Recientemente\u00a068 cient\u00edficos y cient\u00edficas Premios Nobel suscribieron una carta en defensa del rol de los Estados -en particular en este caso del Estado Argentino- en la promoci\u00f3n y financiamiento de la investigaci\u00f3n cient\u00edfica, piedra angular del desarrollo tecnol\u00f3gico y bienestar humano\u201d, se\u00f1alan en la declaraci\u00f3n p\u00fablica.<\/p>\n<p>Para el Consorcio de Universidades del Estado de Chile, CUECH, las pol\u00edticas emprendidas por el gobierno argentino condenan a las sociedades latinoamericanas a seguir padeciendo el obscurantismo del subdesarrollo: \u201cLas restricciones y precariedades que subyacen en los modelos de aranceles universitarios basados en subsidio a la demanda o la privatizaci\u00f3n forzosa del conocimiento cient\u00edfico y tecnol\u00f3gico, mediante la estrangulaci\u00f3n del aporte fiscal a las Universidades e instituciones de investigaci\u00f3n acad\u00e9mica, lleva inevitablemente a la p\u00e9rdida de soberan\u00eda nacional sobre los datos cient\u00edficos y merma las posibilidades de usar el avance de la ciencia y de la tecnolog\u00eda en beneficio de las personas\u201d, plantea la misiva de las instituciones chilenas.<\/p>\n<p>\u201cEn Chile, a\u00fan despu\u00e9s de 50 a\u00f1os, no hemos logrado superar un paradigma basado en concepciones mercantiles para entender la educaci\u00f3n p\u00fablica y que no reconocen la importancia estrat\u00e9gica de la investigaci\u00f3n para el desarrollo de los pa\u00edses. Ello nos obliga a permanecer en alerta para evitar que el abandono hist\u00f3rico que el Estado chileno ha dado a sus universidades p\u00fablicas se intensifique y se retroceda en los escasos avances que hemos logrado en los \u00faltimos a\u00f1os\u201d, enfatizaron rectoras y rectores.<\/p>\n<p>\u201cMenos financiamiento y menos promoci\u00f3n de la educaci\u00f3n p\u00fablica, de la ciencia y tecnolog\u00eda es m\u00e1s pobreza y subdesarrollo. Solo m\u00e1s educaci\u00f3n p\u00fablica nos permite aspirar a m\u00e1s desarrollo y bienestar humano\u201d concluye la carta.<\/p>\n<p>[\/vc_column_text][vc_zigzag color=&#8221;white&#8221;][vc_row_inner][vc_column_inner][\/vc_column_inner][\/vc_row_inner][\/vc_column][\/vc_row][\/vc_section][vc_section css=&#8221;.vc_custom_1650255686594{background-color: #f6faff !important;}&#8221; el_class=&#8221;p-md-0 pt-md-5&#8243;][vc_row el_class=&#8221;container mx-auto align-items-center p-md-0 pt-5 pb-5&#8243;][vc_column el_class=&#8221;pb-5&#8243;][vc_row_inner el_class=&#8221;pb-5&#8243;][vc_column_inner]<div class=\"row m-0 p-0\"><div class=\"col-12 col-md-9 pt-5 pt-md-0\"><h2 class=\"title title--decorator title--ms d-inline-block\">Te Recomendamos<\/h2><\/div><\/div><div class=\"content-holder\"><div class=\"row  swipper-news-list not--activate-hack \"><div class=\"row -wrapper\"><div class=\"  col-sm-6 col-md-4 img-article\">\n                                        <div class=\"content-news-display row m-0 p-0\"><div class=\"holder p-0 \"><div class=\"img-wrap img-wrap-news\">\n                                        <div class=\"caption__news-category\">\n                                        <a href=\"https:\/\/www.uoh.cl\/instituto-de-altos-estudios-audiovisuales\/category\/cuech\/\">\n                                        CUECH<\/a><\/div><img decoding=\"async\" class=\"w-100 h-100 lazyload\" data-src=\"https:\/\/www.uoh.cl\/instituto-de-altos-estudios-audiovisuales\/wp-content\/uploads\/sites\/28\/2026\/04\/DSC_2431-scaled.jpg\" alt=\"Universidades estatales sellan hoja de ruta 2030: Red Desarrollo Sustentable entra en fase de consolidaci\u00f3n\" style=\"--smush-placeholder-width: 2560px; --smush-placeholder-aspect-ratio: 2560\/1707;object-fit: cover; object-position: center;\" src=\"data:image\/svg+xml;base64,PHN2ZyB3aWR0aD0iMSIgaGVpZ2h0PSIxIiB4bWxucz0iaHR0cDovL3d3dy53My5vcmcvMjAwMC9zdmciPjwvc3ZnPg==\"><\/div><\/div><div class=\"caption py-3 caption__news py-md-3 pb-md-5\">\n                                    <span class=\"caption__date\">Mi\u00e9rcoles 15, Abril<\/span>\n                                     <a href=\"https:\/\/www.uoh.cl\/instituto-de-altos-estudios-audiovisuales\/universidades-estatales-sellan-hoja-de-ruta-2030-red-desarrollo-sustentable-entra-en-fase-de-consolidacion\/\">\n                                    <h3 class=\"small-space\">Universidades estatales sellan hoja de ruta 2030: Red Desarrollo Sustentable entra en fase de consolidaci\u00f3n<\/h3><\/a>\n\n                                    <p>En el Plenario realizado en la Universidad de O'Higgins, los 18 planteles p\u00fablicos definieron sus metas estrat\u00e9gicas para el periodo 2026-2030. El plan priorizar\u00e1 la institucionalizaci\u00f3n de capacidades, un diplomado para organismos p\u00fablicos y la medici\u00f3n de la huella h\u00eddrica en los campus.<\/p>\n                                    <a class=\"link link--bold mt-md-3\" href=\"https:\/\/www.uoh.cl\/instituto-de-altos-estudios-audiovisuales\/universidades-estatales-sellan-hoja-de-ruta-2030-red-desarrollo-sustentable-entra-en-fase-de-consolidacion\/\">Saber m\u00e1s <span class=\"icon icon--inline icon--link\"><svg version=\"1.1\" xmlns=\"http:\/\/www.w3.org\/2000\/svg\" xmlns:xlink=\"http:\/\/www.w3.org\/1999\/xlink\" x=\"0px\" y=\"0px\" width=\"22px\"height=\"22px\" viewBox=\"0 0 22 22\" style=\"overflow:visible;enable-background:new 0 0 80 64.6;\" xml:space=\"preserve\"><g clip-path=\"url(#acA)\"><path fill-rule=\"evenodd\" d=\"M21.913 11.266a.93.93 0 000-.711c-.022-.056-.063-.097-.091-.144s-.053-.103-.097-.15L12.306.294c-.357-.379-.955-.394-1.334-.038s-.394.955-.038 1.334l7.917 8.374H.927a.95.95 0 00-.908.983.946.946 0 00.908.908h17.924l-8.089 8.552c-.357.379-.341.977.034 1.334s.977.341 1.334-.034l9.594-10.148c.044-.044.063-.1.097-.15.028-.047.069-.088.091-.141z\"\/><\/g><defs><clipPath id=\"acA\"><path fill=\"#fff\" d=\"M0 0h22v22H0z\"\/><\/clipPath><\/defs><\/svg><\/span><\/a><\/div><\/div><\/div><div class=\"  col-sm-6 col-md-4 img-article\">\n                                        <div class=\"content-news-display row m-0 p-0\"><div class=\"holder p-0 \"><div class=\"img-wrap img-wrap-news\">\n                                        <div class=\"caption__news-category\">\n                                        <a href=\"https:\/\/www.uoh.cl\/instituto-de-altos-estudios-audiovisuales\/category\/iea\/\">\n                                        IEA<\/a><\/div><img decoding=\"async\" class=\"w-100 h-100 lazyload\" data-src=\"https:\/\/www.uoh.cl\/instituto-de-altos-estudios-audiovisuales\/wp-content\/uploads\/sites\/28\/2026\/04\/Los-mineros-del-carbon.png\" alt=\"\u201cAl sur del mundo\u201d: documentalista UOH releva el valor de esta serie y su participaci\u00f3n ante su reconocimiento nacional\" style=\"--smush-placeholder-width: 1905px; --smush-placeholder-aspect-ratio: 1905\/1079;object-fit: cover; object-position: center;\" src=\"data:image\/svg+xml;base64,PHN2ZyB3aWR0aD0iMSIgaGVpZ2h0PSIxIiB4bWxucz0iaHR0cDovL3d3dy53My5vcmcvMjAwMC9zdmciPjwvc3ZnPg==\"><\/div><\/div><div class=\"caption py-3 caption__news py-md-3 pb-md-5\">\n                                    <span class=\"caption__date\">Martes 7, Abril<\/span>\n                                     <a href=\"https:\/\/www.uoh.cl\/instituto-de-altos-estudios-audiovisuales\/al-sur-del-mundo-documentalista-uoh-releva-el-valor-de-esta-serie-y-su-participacion-ante-su-reconocimiento-nacional\/\">\n                                    <h3 class=\"small-space\">\u201cAl sur del mundo\u201d: documentalista UOH releva el valor de esta serie y su participaci\u00f3n ante su reconocimiento nacional<\/h3><\/a>\n\n                                    <p>La obra televisiva es reconocida como una de las primeras en mostrar al pa\u00eds desde un lenguaje cinematogr\u00e1fico que privilegiaba el ritmo de los territorios.<\/p>\n                                    <a class=\"link link--bold mt-md-3\" href=\"https:\/\/www.uoh.cl\/instituto-de-altos-estudios-audiovisuales\/al-sur-del-mundo-documentalista-uoh-releva-el-valor-de-esta-serie-y-su-participacion-ante-su-reconocimiento-nacional\/\">Saber m\u00e1s <span class=\"icon icon--inline icon--link\"><svg version=\"1.1\" xmlns=\"http:\/\/www.w3.org\/2000\/svg\" xmlns:xlink=\"http:\/\/www.w3.org\/1999\/xlink\" x=\"0px\" y=\"0px\" width=\"22px\"height=\"22px\" viewBox=\"0 0 22 22\" style=\"overflow:visible;enable-background:new 0 0 80 64.6;\" xml:space=\"preserve\"><g clip-path=\"url(#acA)\"><path fill-rule=\"evenodd\" d=\"M21.913 11.266a.93.93 0 000-.711c-.022-.056-.063-.097-.091-.144s-.053-.103-.097-.15L12.306.294c-.357-.379-.955-.394-1.334-.038s-.394.955-.038 1.334l7.917 8.374H.927a.95.95 0 00-.908.983.946.946 0 00.908.908h17.924l-8.089 8.552c-.357.379-.341.977.034 1.334s.977.341 1.334-.034l9.594-10.148c.044-.044.063-.1.097-.15.028-.047.069-.088.091-.141z\"\/><\/g><defs><clipPath id=\"acA\"><path fill=\"#fff\" d=\"M0 0h22v22H0z\"\/><\/clipPath><\/defs><\/svg><\/span><\/a><\/div><\/div><\/div><div class=\"  col-sm-6 col-md-4 img-article\">\n                                        <div class=\"content-news-display row m-0 p-0\"><div class=\"holder p-0 \"><div class=\"img-wrap img-wrap-news\">\n                                        <div class=\"caption__news-category\">\n                                        <a href=\"https:\/\/www.uoh.cl\/instituto-de-altos-estudios-audiovisuales\/category\/sin-categoria\/\">\n                                        Sin categor\u00eda<\/a><\/div><\/div><\/div><div class=\"caption py-3 caption__news py-md-3 pb-md-5\">\n                                    <span class=\"caption__date\">Martes 17, Marzo<\/span>\n                                     <a href=\"https:\/\/www.uoh.cl\/instituto-de-altos-estudios-audiovisuales\/uoh-conmemora-dia-de-la-mujer-con-nueva-funcion-del-documental-sobre-delfina-guzman\/\">\n                                    <h3 class=\"small-space\">UOH conmemora D\u00eda de la Mujer con nueva funci\u00f3n del documental sobre Delfina Guzm\u00e1n<\/h3><\/a>\n\n                                    <p>El largometraje de Ricardo Carrasco se exhibir\u00e1 este jueves 19 de marzo a las 17:00 horas en el Auditorio del Campus Rancagua. Es gratuito y abierto a todo p\u00fablico.<\/p>\n                                    <a class=\"link link--bold mt-md-3\" href=\"https:\/\/www.uoh.cl\/instituto-de-altos-estudios-audiovisuales\/uoh-conmemora-dia-de-la-mujer-con-nueva-funcion-del-documental-sobre-delfina-guzman\/\">Saber m\u00e1s <span class=\"icon icon--inline icon--link\"><svg version=\"1.1\" xmlns=\"http:\/\/www.w3.org\/2000\/svg\" xmlns:xlink=\"http:\/\/www.w3.org\/1999\/xlink\" x=\"0px\" y=\"0px\" width=\"22px\"height=\"22px\" viewBox=\"0 0 22 22\" style=\"overflow:visible;enable-background:new 0 0 80 64.6;\" xml:space=\"preserve\"><g clip-path=\"url(#acA)\"><path fill-rule=\"evenodd\" d=\"M21.913 11.266a.93.93 0 000-.711c-.022-.056-.063-.097-.091-.144s-.053-.103-.097-.15L12.306.294c-.357-.379-.955-.394-1.334-.038s-.394.955-.038 1.334l7.917 8.374H.927a.95.95 0 00-.908.983.946.946 0 00.908.908h17.924l-8.089 8.552c-.357.379-.341.977.034 1.334s.977.341 1.334-.034l9.594-10.148c.044-.044.063-.1.097-.15.028-.047.069-.088.091-.141z\"\/><\/g><defs><clipPath id=\"acA\"><path fill=\"#fff\" d=\"M0 0h22v22H0z\"\/><\/clipPath><\/defs><\/svg><\/span><\/a><\/div><\/div><\/div><\/div><\/div><\/div><div class=\"pagination justify-content-center my-5\"><span aria-current=\"page\" class=\"page-numbers current\">1<\/span>\n<a class=\"page-numbers\" href=\"https:\/\/www.uoh.cl\/instituto-de-altos-estudios-audiovisuales\/wp-json\/wp\/v2\/posts\/1747\/\/page\/2\">2<\/a>\n<a class=\"page-numbers\" href=\"https:\/\/www.uoh.cl\/instituto-de-altos-estudios-audiovisuales\/wp-json\/wp\/v2\/posts\/1747\/\/page\/3\">3<\/a>\n<span class=\"page-numbers dots\">&hellip;<\/span>\n<a class=\"page-numbers\" href=\"https:\/\/www.uoh.cl\/instituto-de-altos-estudios-audiovisuales\/wp-json\/wp\/v2\/posts\/1747\/\/page\/64\">64<\/a>\n<a class=\"next page-numbers\" href=\"https:\/\/www.uoh.cl\/instituto-de-altos-estudios-audiovisuales\/wp-json\/wp\/v2\/posts\/1747\/\/page\/2\"><div class=\"icon-pagination-next\"> <?xml version=\"1.0\" ?><svg viewBox=\"0 0 96 96\" xmlns=\"http:\/\/www.w3.org\/2000\/svg\"><title\/><path d=\"M39.3756,48.0022l30.47-25.39a6.0035,6.0035,0,0,0-7.6878-9.223L26.1563,43.3906a6.0092,6.0092,0,0,0,0,9.2231L62.1578,82.615a6.0035,6.0035,0,0,0,7.6878-9.2231Z\"\/><\/svg> <\/div><\/a><\/div>[\/vc_column_inner][\/vc_row_inner][\/vc_column][\/vc_row][\/vc_section]<\/p>\n<\/div>","protected":false},"excerpt":{"rendered":"<p>Durante la sesi\u00f3n mensual del Consorcio, los Rectores suscribieron a la postura del Consejo Interuniversitario de Argentina (CIN) ante la delicada crisis que vive el sistema universitario p\u00fablico del pa\u00eds trasandino.<\/p>\n","protected":false},"author":34,"featured_media":1750,"comment_status":"open","ping_status":"open","sticky":false,"template":"","format":"standard","meta":{"_acf_changed":false,"footnotes":""},"categories":[46],"tags":[],"class_list":["post-1747","post","type-post","status-publish","format-standard","has-post-thumbnail","hentry","category-cuech"],"acf":[],"yoast_head":"<!-- This site is optimized with the Yoast SEO plugin v26.6 - https:\/\/yoast.com\/wordpress\/plugins\/seo\/ -->\n<title>Rectores de #UesP\u00fablicas advierten las graves consecuencias de mercantilizar la educaci\u00f3n p\u00fablica en Chile y Argentina - Instituto de Altos Estudios Audiovisuales<\/title>\n<meta name=\"description\" content=\"Ser\u00e1 el quinto a\u00f1o consecutivo que la entidad de educaci\u00f3n superior ejecutar\u00e1 el programa que, a contar de este a\u00f1o, depende de la Subsecretar\u00eda del Trabajo.\" \/>\n<meta name=\"robots\" content=\"noindex, nofollow\" \/>\n<meta property=\"og:locale\" content=\"es_ES\" \/>\n<meta property=\"og:type\" content=\"article\" \/>\n<meta property=\"og:title\" content=\"Rectores de #UesP\u00fablicas advierten las graves consecuencias de mercantilizar la educaci\u00f3n p\u00fablica en Chile y Argentina - Instituto de Altos Estudios Audiovisuales\" \/>\n<meta property=\"og:description\" content=\"Ser\u00e1 el quinto a\u00f1o consecutivo que la entidad de educaci\u00f3n superior ejecutar\u00e1 el programa que, a contar de este a\u00f1o, depende de la Subsecretar\u00eda del Trabajo.\" \/>\n<meta property=\"og:url\" content=\"https:\/\/www.uoh.cl\/instituto-de-altos-estudios-audiovisuales\/rectores-de-uespublicas-advierten-las-graves-consecuencias-de-mercantilizar-la-educacion-publica-en-chile-y-argentina\/\" \/>\n<meta property=\"og:site_name\" content=\"Instituto de Altos Estudios Audiovisuales\" \/>\n<meta property=\"article:published_time\" content=\"2024-04-24T21:48:54+00:00\" \/>\n<meta property=\"article:modified_time\" content=\"2024-04-24T21:58:14+00:00\" \/>\n<meta property=\"og:image\" content=\"https:\/\/www.uoh.cl\/instituto-de-altos-estudios-audiovisuales\/wp-content\/uploads\/sites\/28\/2024\/04\/CUECH-2.jpg\" \/>\n\t<meta property=\"og:image:width\" content=\"1500\" \/>\n\t<meta property=\"og:image:height\" content=\"1000\" \/>\n\t<meta property=\"og:image:type\" content=\"image\/jpeg\" \/>\n<meta name=\"author\" content=\"Universidad de O&#039;Higgins\" \/>\n<meta name=\"twitter:card\" content=\"summary_large_image\" \/>\n<meta name=\"twitter:label1\" content=\"Escrito por\" \/>\n\t<meta name=\"twitter:data1\" content=\"Universidad de O&#039;Higgins\" \/>\n\t<meta name=\"twitter:label2\" content=\"Tiempo estimado de lectura\" \/>\n\t<meta name=\"twitter:data2\" content=\"4 minutos\" \/>\n<script type=\"application\/ld+json\" class=\"yoast-schema-graph\">{\"@context\":\"https:\/\/schema.org\",\"@graph\":[{\"@type\":\"WebPage\",\"@id\":\"https:\/\/www.uoh.cl\/instituto-de-altos-estudios-audiovisuales\/rectores-de-uespublicas-advierten-las-graves-consecuencias-de-mercantilizar-la-educacion-publica-en-chile-y-argentina\/\",\"url\":\"https:\/\/www.uoh.cl\/instituto-de-altos-estudios-audiovisuales\/rectores-de-uespublicas-advierten-las-graves-consecuencias-de-mercantilizar-la-educacion-publica-en-chile-y-argentina\/\",\"name\":\"Rectores de #UesP\u00fablicas advierten las graves consecuencias de mercantilizar la educaci\u00f3n p\u00fablica en Chile y Argentina - Instituto de Altos Estudios Audiovisuales\",\"isPartOf\":{\"@id\":\"https:\/\/www.uoh.cl\/instituto-de-altos-estudios-audiovisuales\/#website\"},\"primaryImageOfPage\":{\"@id\":\"https:\/\/www.uoh.cl\/instituto-de-altos-estudios-audiovisuales\/rectores-de-uespublicas-advierten-las-graves-consecuencias-de-mercantilizar-la-educacion-publica-en-chile-y-argentina\/#primaryimage\"},\"image\":{\"@id\":\"https:\/\/www.uoh.cl\/instituto-de-altos-estudios-audiovisuales\/rectores-de-uespublicas-advierten-las-graves-consecuencias-de-mercantilizar-la-educacion-publica-en-chile-y-argentina\/#primaryimage\"},\"thumbnailUrl\":\"https:\/\/www.uoh.cl\/instituto-de-altos-estudios-audiovisuales\/wp-content\/uploads\/sites\/28\/2024\/04\/CUECH-2.jpg\",\"datePublished\":\"2024-04-24T21:48:54+00:00\",\"dateModified\":\"2024-04-24T21:58:14+00:00\",\"author\":{\"@id\":\"https:\/\/www.uoh.cl\/instituto-de-altos-estudios-audiovisuales\/#\/schema\/person\/ea242e676c7d6d7e46fc8b9e39486c4f\"},\"description\":\"Ser\u00e1 el quinto a\u00f1o consecutivo que la entidad de educaci\u00f3n superior ejecutar\u00e1 el programa que, a contar de este a\u00f1o, depende de la Subsecretar\u00eda del Trabajo.\",\"inLanguage\":\"es-CL\",\"potentialAction\":[{\"@type\":\"ReadAction\",\"target\":[\"https:\/\/www.uoh.cl\/instituto-de-altos-estudios-audiovisuales\/rectores-de-uespublicas-advierten-las-graves-consecuencias-de-mercantilizar-la-educacion-publica-en-chile-y-argentina\/\"]}]},{\"@type\":\"ImageObject\",\"inLanguage\":\"es-CL\",\"@id\":\"https:\/\/www.uoh.cl\/instituto-de-altos-estudios-audiovisuales\/rectores-de-uespublicas-advierten-las-graves-consecuencias-de-mercantilizar-la-educacion-publica-en-chile-y-argentina\/#primaryimage\",\"url\":\"https:\/\/www.uoh.cl\/instituto-de-altos-estudios-audiovisuales\/wp-content\/uploads\/sites\/28\/2024\/04\/CUECH-2.jpg\",\"contentUrl\":\"https:\/\/www.uoh.cl\/instituto-de-altos-estudios-audiovisuales\/wp-content\/uploads\/sites\/28\/2024\/04\/CUECH-2.jpg\",\"width\":1500,\"height\":1000},{\"@type\":\"WebSite\",\"@id\":\"https:\/\/www.uoh.cl\/instituto-de-altos-estudios-audiovisuales\/#website\",\"url\":\"https:\/\/www.uoh.cl\/instituto-de-altos-estudios-audiovisuales\/\",\"name\":\"Instituto de Altos Estudios Audiovisuales\",\"description\":\"Otro sitio de Sitios de Universidad O'higgins\",\"potentialAction\":[{\"@type\":\"SearchAction\",\"target\":{\"@type\":\"EntryPoint\",\"urlTemplate\":\"https:\/\/www.uoh.cl\/instituto-de-altos-estudios-audiovisuales\/?s={search_term_string}\"},\"query-input\":{\"@type\":\"PropertyValueSpecification\",\"valueRequired\":true,\"valueName\":\"search_term_string\"}}],\"inLanguage\":\"es-CL\"},{\"@type\":\"Person\",\"@id\":\"https:\/\/www.uoh.cl\/instituto-de-altos-estudios-audiovisuales\/#\/schema\/person\/ea242e676c7d6d7e46fc8b9e39486c4f\",\"name\":\"Universidad de O'Higgins\",\"image\":{\"@type\":\"ImageObject\",\"inLanguage\":\"es-CL\",\"@id\":\"https:\/\/www.uoh.cl\/instituto-de-altos-estudios-audiovisuales\/#\/schema\/person\/image\/\",\"url\":\"https:\/\/secure.gravatar.com\/avatar\/78fcb76ca05efae11fd355943c01a832a29786cc00d85b1a82c301bea2b2a214?s=96&d=mm&r=g\",\"contentUrl\":\"https:\/\/secure.gravatar.com\/avatar\/78fcb76ca05efae11fd355943c01a832a29786cc00d85b1a82c301bea2b2a214?s=96&d=mm&r=g\",\"caption\":\"Universidad de O'Higgins\"}}]}<\/script>\n<!-- \/ Yoast SEO plugin. -->","yoast_head_json":{"title":"Rectores de #UesP\u00fablicas advierten las graves consecuencias de mercantilizar la educaci\u00f3n p\u00fablica en Chile y Argentina - Instituto de Altos Estudios Audiovisuales","description":"Ser\u00e1 el quinto a\u00f1o consecutivo que la entidad de educaci\u00f3n superior ejecutar\u00e1 el programa que, a contar de este a\u00f1o, depende de la Subsecretar\u00eda del Trabajo.","robots":{"index":"noindex","follow":"nofollow"},"og_locale":"es_ES","og_type":"article","og_title":"Rectores de #UesP\u00fablicas advierten las graves consecuencias de mercantilizar la educaci\u00f3n p\u00fablica en Chile y Argentina - Instituto de Altos Estudios Audiovisuales","og_description":"Ser\u00e1 el quinto a\u00f1o consecutivo que la entidad de educaci\u00f3n superior ejecutar\u00e1 el programa que, a contar de este a\u00f1o, depende de la Subsecretar\u00eda del Trabajo.","og_url":"https:\/\/www.uoh.cl\/instituto-de-altos-estudios-audiovisuales\/rectores-de-uespublicas-advierten-las-graves-consecuencias-de-mercantilizar-la-educacion-publica-en-chile-y-argentina\/","og_site_name":"Instituto de Altos Estudios Audiovisuales","article_published_time":"2024-04-24T21:48:54+00:00","article_modified_time":"2024-04-24T21:58:14+00:00","og_image":[{"width":1500,"height":1000,"url":"https:\/\/www.uoh.cl\/instituto-de-altos-estudios-audiovisuales\/wp-content\/uploads\/sites\/28\/2024\/04\/CUECH-2.jpg","type":"image\/jpeg"}],"author":"Universidad de O'Higgins","twitter_card":"summary_large_image","twitter_misc":{"Escrito por":"Universidad de O'Higgins","Tiempo estimado de lectura":"4 minutos"},"schema":{"@context":"https:\/\/schema.org","@graph":[{"@type":"WebPage","@id":"https:\/\/www.uoh.cl\/instituto-de-altos-estudios-audiovisuales\/rectores-de-uespublicas-advierten-las-graves-consecuencias-de-mercantilizar-la-educacion-publica-en-chile-y-argentina\/","url":"https:\/\/www.uoh.cl\/instituto-de-altos-estudios-audiovisuales\/rectores-de-uespublicas-advierten-las-graves-consecuencias-de-mercantilizar-la-educacion-publica-en-chile-y-argentina\/","name":"Rectores de #UesP\u00fablicas advierten las graves consecuencias de mercantilizar la educaci\u00f3n p\u00fablica en Chile y Argentina - Instituto de Altos Estudios Audiovisuales","isPartOf":{"@id":"https:\/\/www.uoh.cl\/instituto-de-altos-estudios-audiovisuales\/#website"},"primaryImageOfPage":{"@id":"https:\/\/www.uoh.cl\/instituto-de-altos-estudios-audiovisuales\/rectores-de-uespublicas-advierten-las-graves-consecuencias-de-mercantilizar-la-educacion-publica-en-chile-y-argentina\/#primaryimage"},"image":{"@id":"https:\/\/www.uoh.cl\/instituto-de-altos-estudios-audiovisuales\/rectores-de-uespublicas-advierten-las-graves-consecuencias-de-mercantilizar-la-educacion-publica-en-chile-y-argentina\/#primaryimage"},"thumbnailUrl":"https:\/\/www.uoh.cl\/instituto-de-altos-estudios-audiovisuales\/wp-content\/uploads\/sites\/28\/2024\/04\/CUECH-2.jpg","datePublished":"2024-04-24T21:48:54+00:00","dateModified":"2024-04-24T21:58:14+00:00","author":{"@id":"https:\/\/www.uoh.cl\/instituto-de-altos-estudios-audiovisuales\/#\/schema\/person\/ea242e676c7d6d7e46fc8b9e39486c4f"},"description":"Ser\u00e1 el quinto a\u00f1o consecutivo que la entidad de educaci\u00f3n superior ejecutar\u00e1 el programa que, a contar de este a\u00f1o, depende de la Subsecretar\u00eda del Trabajo.","inLanguage":"es-CL","potentialAction":[{"@type":"ReadAction","target":["https:\/\/www.uoh.cl\/instituto-de-altos-estudios-audiovisuales\/rectores-de-uespublicas-advierten-las-graves-consecuencias-de-mercantilizar-la-educacion-publica-en-chile-y-argentina\/"]}]},{"@type":"ImageObject","inLanguage":"es-CL","@id":"https:\/\/www.uoh.cl\/instituto-de-altos-estudios-audiovisuales\/rectores-de-uespublicas-advierten-las-graves-consecuencias-de-mercantilizar-la-educacion-publica-en-chile-y-argentina\/#primaryimage","url":"https:\/\/www.uoh.cl\/instituto-de-altos-estudios-audiovisuales\/wp-content\/uploads\/sites\/28\/2024\/04\/CUECH-2.jpg","contentUrl":"https:\/\/www.uoh.cl\/instituto-de-altos-estudios-audiovisuales\/wp-content\/uploads\/sites\/28\/2024\/04\/CUECH-2.jpg","width":1500,"height":1000},{"@type":"WebSite","@id":"https:\/\/www.uoh.cl\/instituto-de-altos-estudios-audiovisuales\/#website","url":"https:\/\/www.uoh.cl\/instituto-de-altos-estudios-audiovisuales\/","name":"Instituto de Altos Estudios Audiovisuales","description":"Otro sitio de Sitios de Universidad O'higgins","potentialAction":[{"@type":"SearchAction","target":{"@type":"EntryPoint","urlTemplate":"https:\/\/www.uoh.cl\/instituto-de-altos-estudios-audiovisuales\/?s={search_term_string}"},"query-input":{"@type":"PropertyValueSpecification","valueRequired":true,"valueName":"search_term_string"}}],"inLanguage":"es-CL"},{"@type":"Person","@id":"https:\/\/www.uoh.cl\/instituto-de-altos-estudios-audiovisuales\/#\/schema\/person\/ea242e676c7d6d7e46fc8b9e39486c4f","name":"Universidad de O'Higgins","image":{"@type":"ImageObject","inLanguage":"es-CL","@id":"https:\/\/www.uoh.cl\/instituto-de-altos-estudios-audiovisuales\/#\/schema\/person\/image\/","url":"https:\/\/secure.gravatar.com\/avatar\/78fcb76ca05efae11fd355943c01a832a29786cc00d85b1a82c301bea2b2a214?s=96&d=mm&r=g","contentUrl":"https:\/\/secure.gravatar.com\/avatar\/78fcb76ca05efae11fd355943c01a832a29786cc00d85b1a82c301bea2b2a214?s=96&d=mm&r=g","caption":"Universidad de O'Higgins"}}]}},"_links":{"self":[{"href":"https:\/\/www.uoh.cl\/instituto-de-altos-estudios-audiovisuales\/wp-json\/wp\/v2\/posts\/1747","targetHints":{"allow":["GET"]}}],"collection":[{"href":"https:\/\/www.uoh.cl\/instituto-de-altos-estudios-audiovisuales\/wp-json\/wp\/v2\/posts"}],"about":[{"href":"https:\/\/www.uoh.cl\/instituto-de-altos-estudios-audiovisuales\/wp-json\/wp\/v2\/types\/post"}],"author":[{"embeddable":true,"href":"https:\/\/www.uoh.cl\/instituto-de-altos-estudios-audiovisuales\/wp-json\/wp\/v2\/users\/34"}],"replies":[{"embeddable":true,"href":"https:\/\/www.uoh.cl\/instituto-de-altos-estudios-audiovisuales\/wp-json\/wp\/v2\/comments?post=1747"}],"version-history":[{"count":1,"href":"https:\/\/www.uoh.cl\/instituto-de-altos-estudios-audiovisuales\/wp-json\/wp\/v2\/posts\/1747\/revisions"}],"predecessor-version":[{"id":1749,"href":"https:\/\/www.uoh.cl\/instituto-de-altos-estudios-audiovisuales\/wp-json\/wp\/v2\/posts\/1747\/revisions\/1749"}],"wp:featuredmedia":[{"embeddable":true,"href":"https:\/\/www.uoh.cl\/instituto-de-altos-estudios-audiovisuales\/wp-json\/wp\/v2\/media\/1750"}],"wp:attachment":[{"href":"https:\/\/www.uoh.cl\/instituto-de-altos-estudios-audiovisuales\/wp-json\/wp\/v2\/media?parent=1747"}],"wp:term":[{"taxonomy":"category","embeddable":true,"href":"https:\/\/www.uoh.cl\/instituto-de-altos-estudios-audiovisuales\/wp-json\/wp\/v2\/categories?post=1747"},{"taxonomy":"post_tag","embeddable":true,"href":"https:\/\/www.uoh.cl\/instituto-de-altos-estudios-audiovisuales\/wp-json\/wp\/v2\/tags?post=1747"}],"curies":[{"name":"wp","href":"https:\/\/api.w.org\/{rel}","templated":true}]}}