
{"id":53384,"date":"2026-09-01T16:59:46","date_gmt":"2026-09-01T19:59:46","guid":{"rendered":"https:\/\/www.uoh.cl\/instituto-ciencias-de-la-salud\/2026\/09\/01\/experto-advierte-el-verdadero-problema-no-es-prohibir-las-redes-sociales-sino-haber-delegado-en-ellas-la-socializacion-de-una-generacion\/"},"modified":"2026-09-01T16:59:46","modified_gmt":"2026-09-01T19:59:46","slug":"experto-advierte-el-verdadero-problema-no-es-prohibir-las-redes-sociales-sino-haber-delegado-en-ellas-la-socializacion-de-una-generacion","status":"publish","type":"post","link":"https:\/\/www.uoh.cl\/instituto-ciencias-de-la-salud\/2026\/09\/01\/experto-advierte-el-verdadero-problema-no-es-prohibir-las-redes-sociales-sino-haber-delegado-en-ellas-la-socializacion-de-una-generacion\/","title":{"rendered":"Experto advierte: \u201cEl verdadero problema no es prohibir las redes sociales, sino haber delegado en ellas la socializaci\u00f3n de una generaci\u00f3n\u201d"},"content":{"rendered":"<div class=\"wpb-content-wrapper\"><p>[vc_section el_class=&#8221;container mx-auto align-items-center circle&#8211;pattern&#8221; css=&#8221;.vc_custom_1648956589196{padding-top: 3rem !important;}&#8221;][vc_row][vc_column]<div class=\"breadcrumb\"><ol itemscope itemtype=\"https:\/\/schema.org\/BreadcrumbList\"><li itemprop=\"itemListElement\" itemscope itemtype=\"https:\/\/schema.org\/ListItem\"><a itemprop=\"item\" href=\"http:\/\/www.uoh.cl\"><span itemprop=\"name\">Inicio<\/span><\/a><meta itemprop=\"position\" content=\"1\" \/><li itemprop=\"itemListElement\" itemscope itemtype=\"https:\/\/schema.org\/ListItem\"><a itemprop=\"item\" href=\"https:\/\/www.uoh.cl\/instituto-ciencias-de-la-salud\"><span itemprop=\"name\">Instituto de Ciencias de la Salud <\/span><\/a><meta itemprop=\"position\" content=\"2\" \/><li itemprop=\"itemListElement\" itemscope itemtype=\"https:\/\/schema.org\/ListItem\"><a itemprop=\"item\" href=\"https:\/\/www.uoh.cl\/instituto-ciencias-de-la-salud\/noticias\/\"><span itemprop=\"name\">Noticias<\/span><\/a><meta itemprop=\"position\" content=\"3\" \/><li itemprop=\"itemListElement\" itemscope itemtype=\"https:\/\/schema.org\/ListItem\"><span itemprop=\"name\">Experto advierte: \u201cEl verdadero problema no es prohibir las redes <\/span><meta itemprop=\"position\" content=\"4\" \/><\/ol><\/div><ul class=\"p-0 list-style-none d-inline-block\"><li class=\"p-0\"><a href=https:\/\/www.uoh.cl\/instituto-ciencias-de-la-salud\/category\/salud\/ class=\"px-1 py-2\">Salud<\/a><\/li><\/ul><div class=\"date_publish_post\"> \u25cf Mar 01 de Septiembre 2026<\/div><div class=\"uoh_title_component-container\"><h1 class=\"title title--ms d-inline-block title--decorator  big\">Experto advierte: \u201cEl verdadero problema no es prohibir las redes sociales, sino haber delegado en ellas la socializaci\u00f3n de una generaci\u00f3n\u201d<\/h1><\/div>[vc_row_inner el_class=&#8221;border-separator m-0&#8243;][vc_column_inner width=&#8221;2\/3&#8243;]<div class=\"author_wp_class\"> Escrito por <span>Universidad de O'Higgins<\/span><\/div>[\/vc_column_inner][vc_column_inner el_class=&#8221;align-items-end-publish&#8221; width=&#8221;1\/3&#8243;]<div class=\"uoh_social_network_component uoh_row col-12 justify-content-end m-0 p-0\"> <div class=\"icon__facebook-share-button\">\n                       <a href=\"https:\/\/www.facebook.com\/sharer\/sharer.php?u=https:\/\/www.uoh.cl\/instituto-ciencias-de-la-salud\/2026\/09\/01\/experto-advierte-el-verdadero-problema-no-es-prohibir-las-redes-sociales-sino-haber-delegado-en-ellas-la-socializacion-de-una-generacion\/\" target=\"_blank\"> <div class=\"icon__facebook-svg\"><svg version=\"1.1\" xmlns=\"http:\/\/www.w3.org\/2000\/svg\" xmlns:xlink=\"http:\/\/www.w3.org\/1999\/xlink\" x=\"0px\" y=\"0px\" width=\"22.4px\" height=\"48.3px\" viewBox=\"0 0 22.4 48.3\" style=\"overflow:visible;enable-background:new 0 0 22.4 48.3;\" xml:space=\"preserve\">\n                <defs>\n                <\/defs>\n                <path class=\"st0\" d=\"M22.4,15.6h-7.6v-5c0-1.9,1.2-2.3,2.1-2.3c0.9,0,5.4,0,5.4,0V0l-7.4,0C6.6,0,4.8,6.2,4.8,10.1v5.5H0v8.5h4.8\n                    c0,10.9,0,24.1,0,24.1h10c0,0,0-13.3,0-24.1h6.8L22.4,15.6z\"><\/path>\n                <\/svg><\/a><\/div>\n                    <\/div><div class=\"icon__twitter-share-button\">\n                        <div class=\"icon__twitter-svg\"><a target=\"_blank\" href=\"http:\/\/twitter.com\/share?url=https:\/\/www.uoh.cl\/instituto-ciencias-de-la-salud\/2026\/09\/01\/experto-advierte-el-verdadero-problema-no-es-prohibir-las-redes-sociales-sino-haber-delegado-en-ellas-la-socializacion-de-una-generacion\/\"><svg xmlns=\"http:\/\/www.w3.org\/2000\/svg\" height=\"1em\" viewBox=\"0 0 512 512\"><!--! Font Awesome Free 6.4.2 by @fontawesome - https:\/\/fontawesome.com License - https:\/\/fontawesome.com\/license (Commercial License) Copyright 2023 Fonticons, Inc. --><path d=\"M389.2 48h70.6L305.6 224.2 487 464H345L233.7 318.6 106.5 464H35.8L200.7 275.5 26.8 48H172.4L272.9 180.9 389.2 48zM364.4 421.8h39.1L151.1 88h-42L364.4 421.8z\"\/><\/svg><\/a><\/div>\n                        <\/div><div class=\"icon__linkedin-share-button\">\n                        <div class=\"icon__linkedin-svg\">\n                        <a target=\"__blank\" href=\"https:\/\/www.linkedin.com\/sharing\/share-offsite\/?url=https:\/\/www.uoh.cl\/instituto-ciencias-de-la-salud\/2026\/09\/01\/experto-advierte-el-verdadero-problema-no-es-prohibir-las-redes-sociales-sino-haber-delegado-en-ellas-la-socializacion-de-una-generacion\/\"><svg enable-background=\"new 0 0 100 100\" height=\"100px\" id=\"Layer_1\" version=\"1.1\" viewBox=\"0 0 100 100\" width=\"100px\" xml:space=\"preserve\" xmlns=\"http:\/\/www.w3.org\/2000\/svg\" xmlns:xlink=\"http:\/\/www.w3.org\/1999\/xlink\"><g><circle cx=\"50\" cy=\"50\" fill=\"#ccc\" r=\"45\"\/><g id=\"LinkedIn_1_\"><rect fill=\"#FFFFFF\" height=\"24.361\" width=\"7.69\" x=\"31.271\" y=\"43.569\"\/><path d=\"M59.968,43.334c-4.406,0-7.165,2.387-7.677,4.058v-3.823h-8.636c0.109,2.03,0,24.361,0,24.361h8.636    V54.748c0-0.733-0.034-1.465,0.19-1.991c0.594-1.464,1.869-2.985,4.162-2.985c2.998,0,4.361,2.253,4.361,5.552V67.93h8.721V54.384    C69.726,46.839,65.432,43.334,59.968,43.334z\" fill=\"#FFFFFF\"\/><path d=\"M34.973,32.069c-2.839,0-4.696,1.823-4.696,4.229c0,2.361,1.804,4.224,4.589,4.224h0.054    c2.891,0,4.69-1.869,4.69-4.229C39.555,33.888,37.81,32.069,34.973,32.069z\" fill=\"#FFFFFF\"\/><\/g><\/g><\/svg><\/a><\/div>\n\n            <\/div><\/div>[\/vc_column_inner][\/vc_row_inner][vc_single_image image=&#8221;80273&#8243; img_size=&#8221;full&#8221; add_caption=&#8221;yes&#8221; alignment=&#8221;center&#8221; onclick=&#8221;img_link_large&#8221; img_link_target=&#8221;_blank&#8221; css=&#8221;&#8221;][vc_column_text]\u00a0[\/vc_column_text][vc_column_text css=&#8221;&#8221;]<\/p>\n<ul>\n<li><em>La decisi\u00f3n de Francia de restringir el acceso a redes sociales para menores de 15 a\u00f1os reabri\u00f3 un debate mundial. El acad\u00e9mico Jorge Gallardo plantea que las plataformas digitales no son el origen del problema, sino el reflejo de una sociedad que -durante a\u00f1os- dej\u00f3 que buena parte de la formaci\u00f3n social de ni\u00f1os y adolescentes ocurriera en espacios gobernados por algoritmos e intereses comerciales.<\/em><\/li>\n<\/ul>\n<p>[\/vc_column_text][vc_column_text]\u00a0[\/vc_column_text][vc_column_text css=&#8221;&#8221;]<\/p>\n<p style=\"font-weight: 400\">El gobierno franc\u00e9s decidi\u00f3 prohibir el acceso a redes sociales a menores de 15 a\u00f1os sin autorizaci\u00f3n expresa de sus padres e instal\u00f3 as\u00ed un debate que trasciende las fronteras europeas. Mientras el objetivo de la medida apunta a reducir el ciberacoso, la adicci\u00f3n digital y los problemas de salud mental, la discusi\u00f3n abre una interrogante m\u00e1s profunda: \u00bfes suficiente restringir el acceso a estas plataformas?<\/p>\n<p style=\"font-weight: 400\">Para el doctor en Sociolog\u00eda y acad\u00e9mico del\u00a0<a href=\"https:\/\/www.uoh.cl\/instituto-ciencias-de-la-salud\/\" data-saferedirecturl=\"https:\/\/www.google.com\/url?q=https:\/\/www.uoh.cl\/instituto-ciencias-de-la-salud\/&amp;source=gmail&amp;ust=1788360593573000&amp;usg=AOvVaw2a7JTmvCN7z4_Y0nnwv4Ep\">Instituto de Ciencias de la Salud<\/a>\u00a0de la\u00a0<a href=\"http:\/\/www.uoh.cl\/\" data-saferedirecturl=\"https:\/\/www.google.com\/url?q=http:\/\/www.uoh.cl\/&amp;source=gmail&amp;ust=1788360593573000&amp;usg=AOvVaw3YIJHq6clqZqvF0lK9MGF-\">Universidad de O&#8217;Higgins<\/a>\u00a0(UOH),\u00a0<a href=\"https:\/\/www.uoh.cl\/investigacion\/academico\/jorge-gallardo-cochifas\/\" data-saferedirecturl=\"https:\/\/www.google.com\/url?q=https:\/\/www.uoh.cl\/investigacion\/academico\/jorge-gallardo-cochifas\/&amp;source=gmail&amp;ust=1788360593573000&amp;usg=AOvVaw2gWPTBtkosfjl8ki9A9qF2\">Jorge Gallardo<\/a>, la respuesta exige mirar m\u00e1s all\u00e1 de la tecnolog\u00eda. \u201cSi como sociedad hemos llegado al punto de plantear prohibiciones o restricciones de este tipo, es porque estamos reaccionando tard\u00edamente frente a un fen\u00f3meno que no fue suficientemente discutido cuando comenz\u00f3 a expandirse\u201d, afirma.<\/p>\n<p style=\"font-weight: 400\">El investigador sostiene que cualquier regulaci\u00f3n debe analizar cuidadosamente su implementaci\u00f3n, especialmente por las implicancias que tendr\u00eda en materia de privacidad y protecci\u00f3n de datos personales. Sin embargo, insiste en que el debate no puede limitarse \u00fanicamente a los mecanismos de control. \u201cDurante demasiado tiempo no evaluamos cr\u00edticamente qu\u00e9 implicaba exponer a los menores de edad a plataformas dise\u00f1adas en funci\u00f3n de intereses comerciales y algoritmos que pueden favorecer din\u00e1micas de violencia, acoso o uso problem\u00e1tico\u201d, explica.<\/p>\n<h4 style=\"font-weight: 400\"><strong>Una generaci\u00f3n que aprendi\u00f3 a socializar en internet<\/strong><\/h4>\n<p style=\"font-weight: 400\">Para Gallardo, el fen\u00f3meno va mucho m\u00e1s all\u00e1 del tiempo que los adolescentes pasan frente a una pantalla. Lo que realmente cambi\u00f3 fue la forma en que aprendieron a relacionarse con otras personas.<\/p>\n<p style=\"font-weight: 400\">Durante a\u00f1os predomin\u00f3 la idea de que las nuevas generaciones eran \u201cnativos digitales\u201d capaces de desenvolverse naturalmente en internet. Sin embargo, mientras esa capacidad tecnol\u00f3gica era celebrada, pas\u00f3 inadvertido que una parte importante de sus procesos de socializaci\u00f3n estaba dejando de ocurrir en la familia, el barrio o la escuela para trasladarse a plataformas digitales.<\/p>\n<p style=\"font-weight: 400\">En esos espacios, explica el investigador, es posible elegir con qui\u00e9n interactuar, abandonar conversaciones, bloquear opiniones distintas o reunirse \u00fanicamente con personas que piensan de manera similar, una l\u00f3gica muy diferente a la convivencia cotidiana.<\/p>\n<p style=\"font-weight: 400\">\u201cFuera de las pantallas convivir supone aceptar diferencias, enfrentar frustraciones y aprender a relacionarse con personas diversas. Esa experiencia es muy distinta a la que ofrecen los algoritmos\u201d, sostiene.<\/p>\n<h4 style=\"font-weight: 400\"><strong>Ni prohibici\u00f3n absoluta ni libertad sin l\u00edmites<\/strong><\/h4>\n<p style=\"font-weight: 400\">La evidencia cient\u00edfica muestra que reducir la exposici\u00f3n a redes sociales puede favorecer la salud mental, disminuyendo s\u00edntomas de ansiedad y depresi\u00f3n asociados a la comparaci\u00f3n permanente, la validaci\u00f3n constante y la presi\u00f3n por proyectar una imagen idealizada.<\/p>\n<p style=\"font-weight: 400\">Sin embargo, Gallardo advierte que un alejamiento abrupto tampoco resolver\u00eda el problema. \u201cHoy muchos adolescentes han construido parte importante de sus v\u00ednculos en estos espacios. Un corte repentino podr\u00eda generar nuevas formas de aislamiento. El desaf\u00edo consiste en desarrollar capacidades para usar las redes de manera aut\u00f3noma y cr\u00edtica, para que sean las personas quienes controlen las plataformas y no las plataformas las que terminen organizando la vida de las personas\u201d, se\u00f1ala.<\/p>\n<h4 style=\"font-weight: 400\"><strong>Sociedad m\u00e1s individualizada<\/strong><\/h4>\n<p style=\"font-weight: 400\">El acad\u00e9mico insiste en que ser\u00eda un error atribuir exclusivamente a las plataformas digitales el deterioro de la salud mental. A su juicio, las redes sociales amplifican procesos que Chile viene experimentando desde hace d\u00e9cadas: la disminuci\u00f3n de los espacios comunitarios, el debilitamiento de la participaci\u00f3n social y una creciente cultura de la individualizaci\u00f3n.<\/p>\n<p style=\"font-weight: 400\">\u201cSi como sociedad ofrecemos cada vez menos espacios para encontrarse, participar y construir comunidad, es esperable que ni\u00f1os, adolescentes y j\u00f3venes busquen esas experiencias donde s\u00ed est\u00e1n disponibles: en internet\u201d, plantea.<\/p>\n<p style=\"font-weight: 400\">Por ello, considera que el debate abierto por Francia representa una oportunidad para que Chile avance hacia una discusi\u00f3n mucho m\u00e1s amplia. \u201cSi queremos mejorar la salud mental de las nuevas generaciones, no basta con cuestionar el uso de las plataformas digitales. Tambi\u00e9n necesitamos reconstruir espacios de encuentro, fortalecer los v\u00ednculos comunitarios y ofrecer oportunidades para que ni\u00f1os, adolescentes y j\u00f3venes desarrollen relaciones sociales significativas fuera del entorno digital\u201d, concluye.<\/p>\n<p>[\/vc_column_text][vc_zigzag color=&#8221;white&#8221;][\/vc_column][\/vc_row][\/vc_section][vc_section css=&#8221;.vc_custom_1650255686594{background-color: #f6faff !important;}&#8221; el_class=&#8221;p-md-0 pt-md-5&#8243;][vc_row el_class=&#8221;container mx-auto align-items-center p-md-0 pt-5 pb-5&#8243;][vc_column el_class=&#8221;pb-5&#8243;][vc_row_inner el_class=&#8221;pb-5&#8243;][vc_column_inner]<div class=\"row m-0 p-0\"><div class=\"col-12 col-md-9 pt-5 pt-md-0\"><h2 class=\"title title--decorator title--ms d-inline-block\">Te Recomendamos<\/h2><\/div><\/div><div class=\"content-holder\"><div class=\"row  swipper-news-list not--activate-hack \"><div class=\"row -wrapper\"><div class=\"  col-sm-6 col-md-4 img-article\">\n                                        <div class=\"content-news-display row m-0 p-0\"><div class=\"holder p-0 \"><div class=\"img-wrap img-wrap-news\">\n                                        <div class=\"caption__news-category\">\n                                        <a href=\"https:\/\/www.uoh.cl\/instituto-ciencias-de-la-salud\/category\/salud\/\">\n                                        Salud<\/a><\/div><img decoding=\"async\" class=\"w-100 h-100 lazyload\" data-src=\"https:\/\/www.uoh.cl\/instituto-ciencias-de-la-salud\/wp-content\/uploads\/sites\/26\/2026\/09\/Telefonos.jpg\" alt=\"Experto advierte: \u201cEl verdadero problema no es prohibir las redes sociales, sino haber delegado en ellas la socializaci\u00f3n de una generaci\u00f3n\u201d\" style=\"--smush-placeholder-width: 1500px; --smush-placeholder-aspect-ratio: 1500\/1001;object-fit: cover; object-position: center;\" src=\"data:image\/svg+xml;base64,PHN2ZyB3aWR0aD0iMSIgaGVpZ2h0PSIxIiB4bWxucz0iaHR0cDovL3d3dy53My5vcmcvMjAwMC9zdmciPjwvc3ZnPg==\"><\/div><\/div><div class=\"caption py-3 caption__news py-md-3 pb-md-5\">\n                                    <span class=\"caption__date\">Martes 1, Septiembre<\/span>\n                                     <a href=\"https:\/\/www.uoh.cl\/instituto-ciencias-de-la-salud\/2026\/09\/01\/experto-advierte-el-verdadero-problema-no-es-prohibir-las-redes-sociales-sino-haber-delegado-en-ellas-la-socializacion-de-una-generacion\/\">\n                                    <h3 class=\"small-space\">Experto advierte: \u201cEl verdadero problema no es prohibir las redes sociales, sino haber delegado en ellas la socializaci\u00f3n de una generaci\u00f3n\u201d<\/h3><\/a>\n\n                                    <p>La decisi\u00f3n de Francia de restringir el acceso a redes sociales para menores de 15 a\u00f1os reabri\u00f3 un debate mundial. El acad\u00e9mico Jorge Gallardo plantea que las plataformas digitales no son el origen del problema, sino el reflejo de una sociedad que -durante a\u00f1os- dej\u00f3 que buena parte de la formaci\u00f3n social de ni\u00f1os y adolescentes ocurriera en espacios gobernados por algoritmos e intereses comerciales.<\/p>\n                                    <a class=\"link link--bold mt-md-3\" href=\"https:\/\/www.uoh.cl\/instituto-ciencias-de-la-salud\/2026\/09\/01\/experto-advierte-el-verdadero-problema-no-es-prohibir-las-redes-sociales-sino-haber-delegado-en-ellas-la-socializacion-de-una-generacion\/\">Saber m\u00e1s <span class=\"icon icon--inline icon--link\"><svg version=\"1.1\" xmlns=\"http:\/\/www.w3.org\/2000\/svg\" xmlns:xlink=\"http:\/\/www.w3.org\/1999\/xlink\" x=\"0px\" y=\"0px\" width=\"22px\"height=\"22px\" viewBox=\"0 0 22 22\" style=\"overflow:visible;enable-background:new 0 0 80 64.6;\" xml:space=\"preserve\"><g clip-path=\"url(#acA)\"><path fill-rule=\"evenodd\" d=\"M21.913 11.266a.93.93 0 000-.711c-.022-.056-.063-.097-.091-.144s-.053-.103-.097-.15L12.306.294c-.357-.379-.955-.394-1.334-.038s-.394.955-.038 1.334l7.917 8.374H.927a.95.95 0 00-.908.983.946.946 0 00.908.908h17.924l-8.089 8.552c-.357.379-.341.977.034 1.334s.977.341 1.334-.034l9.594-10.148c.044-.044.063-.1.097-.15.028-.047.069-.088.091-.141z\"\/><\/g><defs><clipPath id=\"acA\"><path fill=\"#fff\" d=\"M0 0h22v22H0z\"\/><\/clipPath><\/defs><\/svg><\/span><\/a><\/div><\/div><\/div><div class=\"  col-sm-6 col-md-4 img-article\">\n                                        <div class=\"content-news-display row m-0 p-0\"><div class=\"holder p-0 \"><div class=\"img-wrap img-wrap-news\">\n                                        <div class=\"caption__news-category\">\n                                        <a href=\"https:\/\/www.uoh.cl\/instituto-ciencias-de-la-salud\/category\/institucional\/\">\n                                        Institucional<\/a><\/div><img decoding=\"async\" class=\"w-100 h-100 lazyload\" data-src=\"https:\/\/www.uoh.cl\/instituto-ciencias-de-la-salud\/wp-content\/uploads\/sites\/26\/2026\/08\/Pukara-2.jpeg\" alt=\"Hist\u00f3rico acuerdo permitir\u00e1 a la UOH proteger y poner en valor el Pukar\u00e1 de La Compa\u00f1\u00eda\" style=\"--smush-placeholder-width: 1600px; --smush-placeholder-aspect-ratio: 1600\/1066;object-fit: cover; object-position: center;\" src=\"data:image\/svg+xml;base64,PHN2ZyB3aWR0aD0iMSIgaGVpZ2h0PSIxIiB4bWxucz0iaHR0cDovL3d3dy53My5vcmcvMjAwMC9zdmciPjwvc3ZnPg==\"><\/div><\/div><div class=\"caption py-3 caption__news py-md-3 pb-md-5\">\n                                    <span class=\"caption__date\">Viernes 28, Agosto<\/span>\n                                     <a href=\"https:\/\/www.uoh.cl\/instituto-ciencias-de-la-salud\/2026\/08\/28\/historico-acuerdo-permitira-a-la-uoh-proteger-y-poner-en-valor-el-pukara-de-la-compania\/\">\n                                    <h3 class=\"small-space\">Hist\u00f3rico acuerdo permitir\u00e1 a la UOH proteger y poner en valor el Pukar\u00e1 de La Compa\u00f1\u00eda<\/h3><\/a>\n\n                                    <p>Acuerdo impulsado por el CDE permitir\u00e1 que uno de los sitios arqueol\u00f3gicos m\u00e1s importantes de Chile quede bajo el resguardo de una universidad estatal y se transforme en un espacio permanente para la investigaci\u00f3n cient\u00edfica, la educaci\u00f3n patrimonial y el desarrollo cultural de la Regi\u00f3n de O\u2019Higgins.<\/p>\n                                    <a class=\"link link--bold mt-md-3\" href=\"https:\/\/www.uoh.cl\/instituto-ciencias-de-la-salud\/2026\/08\/28\/historico-acuerdo-permitira-a-la-uoh-proteger-y-poner-en-valor-el-pukara-de-la-compania\/\">Saber m\u00e1s <span class=\"icon icon--inline icon--link\"><svg version=\"1.1\" xmlns=\"http:\/\/www.w3.org\/2000\/svg\" xmlns:xlink=\"http:\/\/www.w3.org\/1999\/xlink\" x=\"0px\" y=\"0px\" width=\"22px\"height=\"22px\" viewBox=\"0 0 22 22\" style=\"overflow:visible;enable-background:new 0 0 80 64.6;\" xml:space=\"preserve\"><g clip-path=\"url(#acA)\"><path fill-rule=\"evenodd\" d=\"M21.913 11.266a.93.93 0 000-.711c-.022-.056-.063-.097-.091-.144s-.053-.103-.097-.15L12.306.294c-.357-.379-.955-.394-1.334-.038s-.394.955-.038 1.334l7.917 8.374H.927a.95.95 0 00-.908.983.946.946 0 00.908.908h17.924l-8.089 8.552c-.357.379-.341.977.034 1.334s.977.341 1.334-.034l9.594-10.148c.044-.044.063-.1.097-.15.028-.047.069-.088.091-.141z\"\/><\/g><defs><clipPath id=\"acA\"><path fill=\"#fff\" d=\"M0 0h22v22H0z\"\/><\/clipPath><\/defs><\/svg><\/span><\/a><\/div><\/div><\/div><div class=\"  col-sm-6 col-md-4 img-article\">\n                                        <div class=\"content-news-display row m-0 p-0\"><div class=\"holder p-0 \"><div class=\"img-wrap img-wrap-news\">\n                                        <div class=\"caption__news-category\">\n                                        <a href=\"https:\/\/www.uoh.cl\/instituto-ciencias-de-la-salud\/category\/investigacion\/\">\n                                        Investigaci\u00f3n<\/a><\/div><img decoding=\"async\" class=\"w-100 h-100 lazyload\" data-src=\"https:\/\/www.uoh.cl\/instituto-ciencias-de-la-salud\/wp-content\/uploads\/sites\/26\/2026\/08\/Imagen-4-scaled.jpeg\" alt=\"Proyecto InES G\u00e9nero UOH lanza segunda versi\u00f3n del Curso de Liderazgo Cient\u00edfico para Mujeres Investigadoras 2026\" style=\"--smush-placeholder-width: 2560px; --smush-placeholder-aspect-ratio: 2560\/1440;object-fit: cover; object-position: center;\" src=\"data:image\/svg+xml;base64,PHN2ZyB3aWR0aD0iMSIgaGVpZ2h0PSIxIiB4bWxucz0iaHR0cDovL3d3dy53My5vcmcvMjAwMC9zdmciPjwvc3ZnPg==\"><\/div><\/div><div class=\"caption py-3 caption__news py-md-3 pb-md-5\">\n                                    <span class=\"caption__date\">Viernes 28, Agosto<\/span>\n                                     <a href=\"https:\/\/www.uoh.cl\/instituto-ciencias-de-la-salud\/2026\/08\/28\/proyecto-ines-genero-uoh-lanza-segunda-version-del-curso-de-liderazgo-cientifico-para-mujeres-investigadoras-2026\/\">\n                                    <h3 class=\"small-space\">Proyecto InES G\u00e9nero UOH lanza segunda versi\u00f3n del Curso de Liderazgo Cient\u00edfico para Mujeres Investigadoras 2026<\/h3><\/a>\n\n                                    <p>La iniciativa busca fortalecer las capacidades de liderazgo, desarrollo profesional y proyecci\u00f3n de las trayectorias de acad\u00e9micas e investigadoras postdoctorales de la Universidad de O\u2019Higgins. <\/p>\n                                    <a class=\"link link--bold mt-md-3\" href=\"https:\/\/www.uoh.cl\/instituto-ciencias-de-la-salud\/2026\/08\/28\/proyecto-ines-genero-uoh-lanza-segunda-version-del-curso-de-liderazgo-cientifico-para-mujeres-investigadoras-2026\/\">Saber m\u00e1s <span class=\"icon icon--inline icon--link\"><svg version=\"1.1\" xmlns=\"http:\/\/www.w3.org\/2000\/svg\" xmlns:xlink=\"http:\/\/www.w3.org\/1999\/xlink\" x=\"0px\" y=\"0px\" width=\"22px\"height=\"22px\" viewBox=\"0 0 22 22\" style=\"overflow:visible;enable-background:new 0 0 80 64.6;\" xml:space=\"preserve\"><g clip-path=\"url(#acA)\"><path fill-rule=\"evenodd\" d=\"M21.913 11.266a.93.93 0 000-.711c-.022-.056-.063-.097-.091-.144s-.053-.103-.097-.15L12.306.294c-.357-.379-.955-.394-1.334-.038s-.394.955-.038 1.334l7.917 8.374H.927a.95.95 0 00-.908.983.946.946 0 00.908.908h17.924l-8.089 8.552c-.357.379-.341.977.034 1.334s.977.341 1.334-.034l9.594-10.148c.044-.044.063-.1.097-.15.028-.047.069-.088.091-.141z\"\/><\/g><defs><clipPath id=\"acA\"><path fill=\"#fff\" d=\"M0 0h22v22H0z\"\/><\/clipPath><\/defs><\/svg><\/span><\/a><\/div><\/div><\/div><\/div><\/div><\/div><div class=\"pagination justify-content-center my-5\"><span aria-current=\"page\" class=\"page-numbers current\">1<\/span>\n<a class=\"page-numbers\" href=\"https:\/\/www.uoh.cl\/instituto-ciencias-de-la-salud\/wp-json\/wp\/v2\/posts\/53384\/\/page\/2\">2<\/a>\n<a class=\"page-numbers\" href=\"https:\/\/www.uoh.cl\/instituto-ciencias-de-la-salud\/wp-json\/wp\/v2\/posts\/53384\/\/page\/3\">3<\/a>\n<span class=\"page-numbers dots\">&hellip;<\/span>\n<a class=\"page-numbers\" href=\"https:\/\/www.uoh.cl\/instituto-ciencias-de-la-salud\/wp-json\/wp\/v2\/posts\/53384\/\/page\/109\">109<\/a>\n<a class=\"next page-numbers\" href=\"https:\/\/www.uoh.cl\/instituto-ciencias-de-la-salud\/wp-json\/wp\/v2\/posts\/53384\/\/page\/2\"><div class=\"icon-pagination-next\"> <?xml version=\"1.0\" ?><svg viewBox=\"0 0 96 96\" xmlns=\"http:\/\/www.w3.org\/2000\/svg\"><title\/><path d=\"M39.3756,48.0022l30.47-25.39a6.0035,6.0035,0,0,0-7.6878-9.223L26.1563,43.3906a6.0092,6.0092,0,0,0,0,9.2231L62.1578,82.615a6.0035,6.0035,0,0,0,7.6878-9.2231Z\"\/><\/svg> <\/div><\/a><\/div>[\/vc_column_inner][\/vc_row_inner][\/vc_column][\/vc_row][\/vc_section]<\/p>\n<\/div>","protected":false},"excerpt":{"rendered":"<p>La decisi\u00f3n de Francia de restringir el acceso a redes sociales para menores de 15 a\u00f1os reabri\u00f3 un debate mundial. El acad\u00e9mico Jorge Gallardo plantea que las plataformas digitales no son el origen del problema, sino el reflejo de una sociedad que -durante a\u00f1os- dej\u00f3 que buena parte de la formaci\u00f3n social de ni\u00f1os y adolescentes ocurriera en espacios gobernados por algoritmos e intereses comerciales.<\/p>\n","protected":false},"author":34,"featured_media":53385,"comment_status":"open","ping_status":"open","sticky":false,"template":"","format":"standard","meta":{"_acf_changed":false,"footnotes":""},"categories":[133],"tags":[],"class_list":["post-53384","post","type-post","status-publish","format-standard","has-post-thumbnail","hentry","category-salud"],"acf":[],"yoast_head":"<!-- This site is optimized with the Yoast SEO plugin v28.3 - https:\/\/yoast.com\/product\/yoast-seo-wordpress\/ -->\n<title>Experto advierte: \u201cEl verdadero problema no es prohibir las redes sociales, sino haber delegado en ellas la socializaci\u00f3n de una generaci\u00f3n\u201d - Instituto de Ciencias de la Salud<\/title>\n<meta name=\"description\" content=\"La actividad contar\u00e1 con la conferencia magistral del investigador y especialista en patrimonio audiovisual, Ignacio Aliaga.\" \/>\n<meta name=\"robots\" content=\"noindex, nofollow\" \/>\n<meta property=\"og:locale\" content=\"es_ES\" \/>\n<meta property=\"og:type\" content=\"article\" \/>\n<meta property=\"og:title\" content=\"Experto advierte: \u201cEl verdadero problema no es prohibir las redes sociales, sino haber delegado en ellas la socializaci\u00f3n de una generaci\u00f3n\u201d - Instituto de Ciencias de la Salud\" \/>\n<meta property=\"og:description\" content=\"La actividad contar\u00e1 con la conferencia magistral del investigador y especialista en patrimonio audiovisual, Ignacio Aliaga.\" \/>\n<meta property=\"og:url\" content=\"https:\/\/www.uoh.cl\/instituto-ciencias-de-la-salud\/2026\/09\/01\/experto-advierte-el-verdadero-problema-no-es-prohibir-las-redes-sociales-sino-haber-delegado-en-ellas-la-socializacion-de-una-generacion\/\" \/>\n<meta property=\"og:site_name\" content=\"Instituto de Ciencias de la Salud\" \/>\n<meta property=\"article:published_time\" content=\"2026-09-01T19:59:46+00:00\" \/>\n<meta property=\"og:image\" content=\"https:\/\/www.uoh.cl\/instituto-ciencias-de-la-salud\/wp-content\/uploads\/sites\/26\/2026\/09\/Telefonos.jpg\" \/>\n\t<meta property=\"og:image:width\" content=\"1500\" \/>\n\t<meta property=\"og:image:height\" content=\"1001\" \/>\n\t<meta property=\"og:image:type\" content=\"image\/jpeg\" \/>\n<meta name=\"author\" content=\"Universidad de O&#039;Higgins\" \/>\n<meta name=\"twitter:card\" content=\"summary_large_image\" \/>\n<meta name=\"twitter:label1\" content=\"Escrito por\" \/>\n\t<meta name=\"twitter:data1\" content=\"Universidad de O&#039;Higgins\" \/>\n\t<meta name=\"twitter:label2\" content=\"Tiempo estimado de lectura\" \/>\n\t<meta name=\"twitter:data2\" content=\"3 minutos\" \/>\n<script type=\"application\/ld+json\" class=\"yoast-schema-graph\">{\"@context\":\"https:\\\/\\\/schema.org\",\"@graph\":[{\"@type\":\"Article\",\"@id\":\"https:\\\/\\\/www.uoh.cl\\\/instituto-ciencias-de-la-salud\\\/2026\\\/09\\\/01\\\/experto-advierte-el-verdadero-problema-no-es-prohibir-las-redes-sociales-sino-haber-delegado-en-ellas-la-socializacion-de-una-generacion\\\/#article\",\"isPartOf\":{\"@id\":\"https:\\\/\\\/www.uoh.cl\\\/instituto-ciencias-de-la-salud\\\/2026\\\/09\\\/01\\\/experto-advierte-el-verdadero-problema-no-es-prohibir-las-redes-sociales-sino-haber-delegado-en-ellas-la-socializacion-de-una-generacion\\\/\"},\"author\":{\"name\":\"Universidad de O'Higgins\",\"@id\":\"https:\\\/\\\/www.uoh.cl\\\/instituto-ciencias-de-la-salud\\\/#\\\/schema\\\/person\\\/ea242e676c7d6d7e46fc8b9e39486c4f\"},\"headline\":\"Experto advierte: \u201cEl verdadero problema no es prohibir las redes sociales, sino haber delegado en ellas la socializaci\u00f3n de una generaci\u00f3n\u201d\",\"datePublished\":\"2026-09-01T19:59:46+00:00\",\"mainEntityOfPage\":{\"@id\":\"https:\\\/\\\/www.uoh.cl\\\/instituto-ciencias-de-la-salud\\\/2026\\\/09\\\/01\\\/experto-advierte-el-verdadero-problema-no-es-prohibir-las-redes-sociales-sino-haber-delegado-en-ellas-la-socializacion-de-una-generacion\\\/\"},\"wordCount\":1023,\"commentCount\":0,\"image\":{\"@id\":\"https:\\\/\\\/www.uoh.cl\\\/instituto-ciencias-de-la-salud\\\/2026\\\/09\\\/01\\\/experto-advierte-el-verdadero-problema-no-es-prohibir-las-redes-sociales-sino-haber-delegado-en-ellas-la-socializacion-de-una-generacion\\\/#primaryimage\"},\"thumbnailUrl\":\"https:\\\/\\\/www.uoh.cl\\\/instituto-ciencias-de-la-salud\\\/wp-content\\\/uploads\\\/sites\\\/26\\\/2026\\\/09\\\/Telefonos.jpg\",\"articleSection\":[\"Salud\"],\"inLanguage\":\"es-CL\",\"potentialAction\":[{\"@type\":\"CommentAction\",\"name\":\"Comment\",\"target\":[\"https:\\\/\\\/www.uoh.cl\\\/instituto-ciencias-de-la-salud\\\/2026\\\/09\\\/01\\\/experto-advierte-el-verdadero-problema-no-es-prohibir-las-redes-sociales-sino-haber-delegado-en-ellas-la-socializacion-de-una-generacion\\\/#respond\"]}]},{\"@type\":\"WebPage\",\"@id\":\"https:\\\/\\\/www.uoh.cl\\\/instituto-ciencias-de-la-salud\\\/2026\\\/09\\\/01\\\/experto-advierte-el-verdadero-problema-no-es-prohibir-las-redes-sociales-sino-haber-delegado-en-ellas-la-socializacion-de-una-generacion\\\/\",\"url\":\"https:\\\/\\\/www.uoh.cl\\\/instituto-ciencias-de-la-salud\\\/2026\\\/09\\\/01\\\/experto-advierte-el-verdadero-problema-no-es-prohibir-las-redes-sociales-sino-haber-delegado-en-ellas-la-socializacion-de-una-generacion\\\/\",\"name\":\"Experto advierte: \u201cEl verdadero problema no es prohibir las redes sociales, sino haber delegado en ellas la socializaci\u00f3n de una generaci\u00f3n\u201d - Instituto de Ciencias de la Salud\",\"isPartOf\":{\"@id\":\"https:\\\/\\\/www.uoh.cl\\\/instituto-ciencias-de-la-salud\\\/#website\"},\"primaryImageOfPage\":{\"@id\":\"https:\\\/\\\/www.uoh.cl\\\/instituto-ciencias-de-la-salud\\\/2026\\\/09\\\/01\\\/experto-advierte-el-verdadero-problema-no-es-prohibir-las-redes-sociales-sino-haber-delegado-en-ellas-la-socializacion-de-una-generacion\\\/#primaryimage\"},\"image\":{\"@id\":\"https:\\\/\\\/www.uoh.cl\\\/instituto-ciencias-de-la-salud\\\/2026\\\/09\\\/01\\\/experto-advierte-el-verdadero-problema-no-es-prohibir-las-redes-sociales-sino-haber-delegado-en-ellas-la-socializacion-de-una-generacion\\\/#primaryimage\"},\"thumbnailUrl\":\"https:\\\/\\\/www.uoh.cl\\\/instituto-ciencias-de-la-salud\\\/wp-content\\\/uploads\\\/sites\\\/26\\\/2026\\\/09\\\/Telefonos.jpg\",\"datePublished\":\"2026-09-01T19:59:46+00:00\",\"author\":{\"@id\":\"https:\\\/\\\/www.uoh.cl\\\/instituto-ciencias-de-la-salud\\\/#\\\/schema\\\/person\\\/ea242e676c7d6d7e46fc8b9e39486c4f\"},\"description\":\"La actividad contar\u00e1 con la conferencia magistral del investigador y especialista en patrimonio audiovisual, Ignacio Aliaga.\",\"inLanguage\":\"es-CL\",\"potentialAction\":[{\"@type\":\"ReadAction\",\"target\":[\"https:\\\/\\\/www.uoh.cl\\\/instituto-ciencias-de-la-salud\\\/2026\\\/09\\\/01\\\/experto-advierte-el-verdadero-problema-no-es-prohibir-las-redes-sociales-sino-haber-delegado-en-ellas-la-socializacion-de-una-generacion\\\/\"]}]},{\"@type\":\"ImageObject\",\"inLanguage\":\"es-CL\",\"@id\":\"https:\\\/\\\/www.uoh.cl\\\/instituto-ciencias-de-la-salud\\\/2026\\\/09\\\/01\\\/experto-advierte-el-verdadero-problema-no-es-prohibir-las-redes-sociales-sino-haber-delegado-en-ellas-la-socializacion-de-una-generacion\\\/#primaryimage\",\"url\":\"https:\\\/\\\/www.uoh.cl\\\/instituto-ciencias-de-la-salud\\\/wp-content\\\/uploads\\\/sites\\\/26\\\/2026\\\/09\\\/Telefonos.jpg\",\"contentUrl\":\"https:\\\/\\\/www.uoh.cl\\\/instituto-ciencias-de-la-salud\\\/wp-content\\\/uploads\\\/sites\\\/26\\\/2026\\\/09\\\/Telefonos.jpg\",\"width\":1500,\"height\":1001},{\"@type\":\"WebSite\",\"@id\":\"https:\\\/\\\/www.uoh.cl\\\/instituto-ciencias-de-la-salud\\\/#website\",\"url\":\"https:\\\/\\\/www.uoh.cl\\\/instituto-ciencias-de-la-salud\\\/\",\"name\":\"Instituto de Ciencias de la Salud\",\"description\":\"Otro sitio de Sitios de Universidad O'higgins\",\"potentialAction\":[{\"@type\":\"SearchAction\",\"target\":{\"@type\":\"EntryPoint\",\"urlTemplate\":\"https:\\\/\\\/www.uoh.cl\\\/instituto-ciencias-de-la-salud\\\/?s={search_term_string}\"},\"query-input\":{\"@type\":\"PropertyValueSpecification\",\"valueRequired\":true,\"valueName\":\"search_term_string\"}}],\"inLanguage\":\"es-CL\"},{\"@type\":\"Person\",\"@id\":\"https:\\\/\\\/www.uoh.cl\\\/instituto-ciencias-de-la-salud\\\/#\\\/schema\\\/person\\\/ea242e676c7d6d7e46fc8b9e39486c4f\",\"name\":\"Universidad de O'Higgins\",\"image\":{\"@type\":\"ImageObject\",\"inLanguage\":\"es-CL\",\"@id\":\"https:\\\/\\\/secure.gravatar.com\\\/avatar\\\/78fcb76ca05efae11fd355943c01a832a29786cc00d85b1a82c301bea2b2a214?s=96&d=mm&r=g\",\"url\":\"https:\\\/\\\/secure.gravatar.com\\\/avatar\\\/78fcb76ca05efae11fd355943c01a832a29786cc00d85b1a82c301bea2b2a214?s=96&d=mm&r=g\",\"contentUrl\":\"https:\\\/\\\/secure.gravatar.com\\\/avatar\\\/78fcb76ca05efae11fd355943c01a832a29786cc00d85b1a82c301bea2b2a214?s=96&d=mm&r=g\",\"caption\":\"Universidad de O'Higgins\"}}]}<\/script>\n<!-- \/ Yoast SEO plugin. -->","yoast_head_json":{"title":"Experto advierte: \u201cEl verdadero problema no es prohibir las redes sociales, sino haber delegado en ellas la socializaci\u00f3n de una generaci\u00f3n\u201d - Instituto de Ciencias de la Salud","description":"La actividad contar\u00e1 con la conferencia magistral del investigador y especialista en patrimonio audiovisual, Ignacio Aliaga.","robots":{"index":"noindex","follow":"nofollow"},"og_locale":"es_ES","og_type":"article","og_title":"Experto advierte: \u201cEl verdadero problema no es prohibir las redes sociales, sino haber delegado en ellas la socializaci\u00f3n de una generaci\u00f3n\u201d - Instituto de Ciencias de la Salud","og_description":"La actividad contar\u00e1 con la conferencia magistral del investigador y especialista en patrimonio audiovisual, Ignacio Aliaga.","og_url":"https:\/\/www.uoh.cl\/instituto-ciencias-de-la-salud\/2026\/09\/01\/experto-advierte-el-verdadero-problema-no-es-prohibir-las-redes-sociales-sino-haber-delegado-en-ellas-la-socializacion-de-una-generacion\/","og_site_name":"Instituto de Ciencias de la Salud","article_published_time":"2026-09-01T19:59:46+00:00","og_image":[{"width":1500,"height":1001,"url":"https:\/\/www.uoh.cl\/instituto-ciencias-de-la-salud\/wp-content\/uploads\/sites\/26\/2026\/09\/Telefonos.jpg","type":"image\/jpeg"}],"author":"Universidad de O'Higgins","twitter_card":"summary_large_image","twitter_misc":{"Escrito por":"Universidad de O'Higgins","Tiempo estimado de lectura":"3 minutos"},"schema":{"@context":"https:\/\/schema.org","@graph":[{"@type":"Article","@id":"https:\/\/www.uoh.cl\/instituto-ciencias-de-la-salud\/2026\/09\/01\/experto-advierte-el-verdadero-problema-no-es-prohibir-las-redes-sociales-sino-haber-delegado-en-ellas-la-socializacion-de-una-generacion\/#article","isPartOf":{"@id":"https:\/\/www.uoh.cl\/instituto-ciencias-de-la-salud\/2026\/09\/01\/experto-advierte-el-verdadero-problema-no-es-prohibir-las-redes-sociales-sino-haber-delegado-en-ellas-la-socializacion-de-una-generacion\/"},"author":{"name":"Universidad de O'Higgins","@id":"https:\/\/www.uoh.cl\/instituto-ciencias-de-la-salud\/#\/schema\/person\/ea242e676c7d6d7e46fc8b9e39486c4f"},"headline":"Experto advierte: \u201cEl verdadero problema no es prohibir las redes sociales, sino haber delegado en ellas la socializaci\u00f3n de una generaci\u00f3n\u201d","datePublished":"2026-09-01T19:59:46+00:00","mainEntityOfPage":{"@id":"https:\/\/www.uoh.cl\/instituto-ciencias-de-la-salud\/2026\/09\/01\/experto-advierte-el-verdadero-problema-no-es-prohibir-las-redes-sociales-sino-haber-delegado-en-ellas-la-socializacion-de-una-generacion\/"},"wordCount":1023,"commentCount":0,"image":{"@id":"https:\/\/www.uoh.cl\/instituto-ciencias-de-la-salud\/2026\/09\/01\/experto-advierte-el-verdadero-problema-no-es-prohibir-las-redes-sociales-sino-haber-delegado-en-ellas-la-socializacion-de-una-generacion\/#primaryimage"},"thumbnailUrl":"https:\/\/www.uoh.cl\/instituto-ciencias-de-la-salud\/wp-content\/uploads\/sites\/26\/2026\/09\/Telefonos.jpg","articleSection":["Salud"],"inLanguage":"es-CL","potentialAction":[{"@type":"CommentAction","name":"Comment","target":["https:\/\/www.uoh.cl\/instituto-ciencias-de-la-salud\/2026\/09\/01\/experto-advierte-el-verdadero-problema-no-es-prohibir-las-redes-sociales-sino-haber-delegado-en-ellas-la-socializacion-de-una-generacion\/#respond"]}]},{"@type":"WebPage","@id":"https:\/\/www.uoh.cl\/instituto-ciencias-de-la-salud\/2026\/09\/01\/experto-advierte-el-verdadero-problema-no-es-prohibir-las-redes-sociales-sino-haber-delegado-en-ellas-la-socializacion-de-una-generacion\/","url":"https:\/\/www.uoh.cl\/instituto-ciencias-de-la-salud\/2026\/09\/01\/experto-advierte-el-verdadero-problema-no-es-prohibir-las-redes-sociales-sino-haber-delegado-en-ellas-la-socializacion-de-una-generacion\/","name":"Experto advierte: \u201cEl verdadero problema no es prohibir las redes sociales, sino haber delegado en ellas la socializaci\u00f3n de una generaci\u00f3n\u201d - Instituto de Ciencias de la Salud","isPartOf":{"@id":"https:\/\/www.uoh.cl\/instituto-ciencias-de-la-salud\/#website"},"primaryImageOfPage":{"@id":"https:\/\/www.uoh.cl\/instituto-ciencias-de-la-salud\/2026\/09\/01\/experto-advierte-el-verdadero-problema-no-es-prohibir-las-redes-sociales-sino-haber-delegado-en-ellas-la-socializacion-de-una-generacion\/#primaryimage"},"image":{"@id":"https:\/\/www.uoh.cl\/instituto-ciencias-de-la-salud\/2026\/09\/01\/experto-advierte-el-verdadero-problema-no-es-prohibir-las-redes-sociales-sino-haber-delegado-en-ellas-la-socializacion-de-una-generacion\/#primaryimage"},"thumbnailUrl":"https:\/\/www.uoh.cl\/instituto-ciencias-de-la-salud\/wp-content\/uploads\/sites\/26\/2026\/09\/Telefonos.jpg","datePublished":"2026-09-01T19:59:46+00:00","author":{"@id":"https:\/\/www.uoh.cl\/instituto-ciencias-de-la-salud\/#\/schema\/person\/ea242e676c7d6d7e46fc8b9e39486c4f"},"description":"La actividad contar\u00e1 con la conferencia magistral del investigador y especialista en patrimonio audiovisual, Ignacio Aliaga.","inLanguage":"es-CL","potentialAction":[{"@type":"ReadAction","target":["https:\/\/www.uoh.cl\/instituto-ciencias-de-la-salud\/2026\/09\/01\/experto-advierte-el-verdadero-problema-no-es-prohibir-las-redes-sociales-sino-haber-delegado-en-ellas-la-socializacion-de-una-generacion\/"]}]},{"@type":"ImageObject","inLanguage":"es-CL","@id":"https:\/\/www.uoh.cl\/instituto-ciencias-de-la-salud\/2026\/09\/01\/experto-advierte-el-verdadero-problema-no-es-prohibir-las-redes-sociales-sino-haber-delegado-en-ellas-la-socializacion-de-una-generacion\/#primaryimage","url":"https:\/\/www.uoh.cl\/instituto-ciencias-de-la-salud\/wp-content\/uploads\/sites\/26\/2026\/09\/Telefonos.jpg","contentUrl":"https:\/\/www.uoh.cl\/instituto-ciencias-de-la-salud\/wp-content\/uploads\/sites\/26\/2026\/09\/Telefonos.jpg","width":1500,"height":1001},{"@type":"WebSite","@id":"https:\/\/www.uoh.cl\/instituto-ciencias-de-la-salud\/#website","url":"https:\/\/www.uoh.cl\/instituto-ciencias-de-la-salud\/","name":"Instituto de Ciencias de la Salud","description":"Otro sitio de Sitios de Universidad O'higgins","potentialAction":[{"@type":"SearchAction","target":{"@type":"EntryPoint","urlTemplate":"https:\/\/www.uoh.cl\/instituto-ciencias-de-la-salud\/?s={search_term_string}"},"query-input":{"@type":"PropertyValueSpecification","valueRequired":true,"valueName":"search_term_string"}}],"inLanguage":"es-CL"},{"@type":"Person","@id":"https:\/\/www.uoh.cl\/instituto-ciencias-de-la-salud\/#\/schema\/person\/ea242e676c7d6d7e46fc8b9e39486c4f","name":"Universidad de O'Higgins","image":{"@type":"ImageObject","inLanguage":"es-CL","@id":"https:\/\/secure.gravatar.com\/avatar\/78fcb76ca05efae11fd355943c01a832a29786cc00d85b1a82c301bea2b2a214?s=96&d=mm&r=g","url":"https:\/\/secure.gravatar.com\/avatar\/78fcb76ca05efae11fd355943c01a832a29786cc00d85b1a82c301bea2b2a214?s=96&d=mm&r=g","contentUrl":"https:\/\/secure.gravatar.com\/avatar\/78fcb76ca05efae11fd355943c01a832a29786cc00d85b1a82c301bea2b2a214?s=96&d=mm&r=g","caption":"Universidad de O'Higgins"}}]}},"_links":{"self":[{"href":"https:\/\/www.uoh.cl\/instituto-ciencias-de-la-salud\/wp-json\/wp\/v2\/posts\/53384","targetHints":{"allow":["GET"]}}],"collection":[{"href":"https:\/\/www.uoh.cl\/instituto-ciencias-de-la-salud\/wp-json\/wp\/v2\/posts"}],"about":[{"href":"https:\/\/www.uoh.cl\/instituto-ciencias-de-la-salud\/wp-json\/wp\/v2\/types\/post"}],"author":[{"embeddable":true,"href":"https:\/\/www.uoh.cl\/instituto-ciencias-de-la-salud\/wp-json\/wp\/v2\/users\/34"}],"replies":[{"embeddable":true,"href":"https:\/\/www.uoh.cl\/instituto-ciencias-de-la-salud\/wp-json\/wp\/v2\/comments?post=53384"}],"version-history":[{"count":0,"href":"https:\/\/www.uoh.cl\/instituto-ciencias-de-la-salud\/wp-json\/wp\/v2\/posts\/53384\/revisions"}],"wp:featuredmedia":[{"embeddable":true,"href":"https:\/\/www.uoh.cl\/instituto-ciencias-de-la-salud\/wp-json\/wp\/v2\/media\/53385"}],"wp:attachment":[{"href":"https:\/\/www.uoh.cl\/instituto-ciencias-de-la-salud\/wp-json\/wp\/v2\/media?parent=53384"}],"wp:term":[{"taxonomy":"category","embeddable":true,"href":"https:\/\/www.uoh.cl\/instituto-ciencias-de-la-salud\/wp-json\/wp\/v2\/categories?post=53384"},{"taxonomy":"post_tag","embeddable":true,"href":"https:\/\/www.uoh.cl\/instituto-ciencias-de-la-salud\/wp-json\/wp\/v2\/tags?post=53384"}],"curies":[{"name":"wp","href":"https:\/\/api.w.org\/{rel}","templated":true}]}}