
{"id":2593,"date":"2023-03-17T11:06:31","date_gmt":"2023-03-17T14:06:31","guid":{"rendered":"https:\/\/www.uoh.cl\/instituto-ciencias-de-la-salud\/2023\/03\/17\/edificio-a-del-campus-rancagua-es-nominado-al-premio-obra-del-ano-de-la-plataforma-archdaily\/"},"modified":"2023-03-17T11:06:31","modified_gmt":"2023-03-17T14:06:31","slug":"edificio-a-del-campus-rancagua-es-nominado-al-premio-obra-del-ano-de-la-plataforma-archdaily","status":"publish","type":"post","link":"https:\/\/www.uoh.cl\/instituto-ciencias-de-la-salud\/2023\/03\/17\/edificio-a-del-campus-rancagua-es-nominado-al-premio-obra-del-ano-de-la-plataforma-archdaily\/","title":{"rendered":"Edificio A del Campus Rancagua es nominado al Premio Obra del A\u00f1o de la plataforma ArchDaily"},"content":{"rendered":"<div class=\"wpb-content-wrapper\"><p>[vc_section el_class=&#8221;container mx-auto align-items-center circle&#8211;pattern&#8221; css=&#8221;.vc_custom_1648956589196{padding-top: 3rem !important;}&#8221;][vc_row][vc_column]<div class=\"breadcrumb\"><ol itemscope itemtype=\"https:\/\/schema.org\/BreadcrumbList\"><li itemprop=\"itemListElement\" itemscope itemtype=\"https:\/\/schema.org\/ListItem\"><a itemprop=\"item\" href=\"http:\/\/www.uoh.cl\"><span itemprop=\"name\">Inicio<\/span><\/a><meta itemprop=\"position\" content=\"1\" \/><li itemprop=\"itemListElement\" itemscope itemtype=\"https:\/\/schema.org\/ListItem\"><a itemprop=\"item\" href=\"https:\/\/www.uoh.cl\/instituto-ciencias-de-la-salud\"><span itemprop=\"name\">Instituto de Ciencias de la Salud <\/span><\/a><meta itemprop=\"position\" content=\"2\" \/><li itemprop=\"itemListElement\" itemscope itemtype=\"https:\/\/schema.org\/ListItem\"><a itemprop=\"item\" href=\"https:\/\/www.uoh.cl\/instituto-ciencias-de-la-salud\/noticias\/\"><span itemprop=\"name\">Noticias<\/span><\/a><meta itemprop=\"position\" content=\"3\" \/><li itemprop=\"itemListElement\" itemscope itemtype=\"https:\/\/schema.org\/ListItem\"><span itemprop=\"name\">Edificio A del Campus Rancagua es nominado al Premio Obra <\/span><meta itemprop=\"position\" content=\"4\" \/><\/ol><\/div><ul class=\"p-0 list-style-none d-inline-block\"><li class=\"p-0\"><a href=https:\/\/www.uoh.cl\/instituto-ciencias-de-la-salud\/category\/institucional\/ class=\"px-1 py-2\">Institucional<\/a><\/li><\/ul><div class=\"date_publish_post\"> \u25cf Vie 17 de Marzo 2023<\/div><div class=\"uoh_title_component-container\"><h1 class=\"title title--ms d-inline-block title--decorator  big\">Edificio A del Campus Rancagua es nominado al Premio Obra del A\u00f1o de la plataforma ArchDaily<\/h1><\/div>[vc_row_inner el_class=&#8221;border-separator m-0&#8243;][vc_column_inner width=&#8221;2\/3&#8243;]<div class=\"author_wp_class\"> Escrito por <span>Universidad de O'Higgins<\/span><\/div>[\/vc_column_inner][vc_column_inner el_class=&#8221;align-items-end-publish&#8221; width=&#8221;1\/3&#8243;]<div class=\"uoh_social_network_component uoh_row col-12 justify-content-end m-0 p-0\"> <div class=\"icon__facebook-share-button\">\n                       <a href=\"https:\/\/www.facebook.com\/sharer\/sharer.php?u=https:\/\/www.uoh.cl\/instituto-ciencias-de-la-salud\/2023\/03\/17\/edificio-a-del-campus-rancagua-es-nominado-al-premio-obra-del-ano-de-la-plataforma-archdaily\/\" target=\"_blank\"> <div class=\"icon__facebook-svg\"><svg version=\"1.1\" xmlns=\"http:\/\/www.w3.org\/2000\/svg\" xmlns:xlink=\"http:\/\/www.w3.org\/1999\/xlink\" x=\"0px\" y=\"0px\" width=\"22.4px\" height=\"48.3px\" viewBox=\"0 0 22.4 48.3\" style=\"overflow:visible;enable-background:new 0 0 22.4 48.3;\" xml:space=\"preserve\">\n                <defs>\n                <\/defs>\n                <path class=\"st0\" d=\"M22.4,15.6h-7.6v-5c0-1.9,1.2-2.3,2.1-2.3c0.9,0,5.4,0,5.4,0V0l-7.4,0C6.6,0,4.8,6.2,4.8,10.1v5.5H0v8.5h4.8\n                    c0,10.9,0,24.1,0,24.1h10c0,0,0-13.3,0-24.1h6.8L22.4,15.6z\"><\/path>\n                <\/svg><\/a><\/div>\n                    <\/div><div class=\"icon__twitter-share-button\">\n                        <div class=\"icon__twitter-svg\"><a target=\"_blank\" href=\"http:\/\/twitter.com\/share?url=https:\/\/www.uoh.cl\/instituto-ciencias-de-la-salud\/2023\/03\/17\/edificio-a-del-campus-rancagua-es-nominado-al-premio-obra-del-ano-de-la-plataforma-archdaily\/\"><svg xmlns=\"http:\/\/www.w3.org\/2000\/svg\" height=\"1em\" viewBox=\"0 0 512 512\"><!--! Font Awesome Free 6.4.2 by @fontawesome - https:\/\/fontawesome.com License - https:\/\/fontawesome.com\/license (Commercial License) Copyright 2023 Fonticons, Inc. --><path d=\"M389.2 48h70.6L305.6 224.2 487 464H345L233.7 318.6 106.5 464H35.8L200.7 275.5 26.8 48H172.4L272.9 180.9 389.2 48zM364.4 421.8h39.1L151.1 88h-42L364.4 421.8z\"\/><\/svg><\/a><\/div>\n                        <\/div><div class=\"icon__linkedin-share-button\">\n                        <div class=\"icon__linkedin-svg\">\n                        <a target=\"__blank\" href=\"https:\/\/www.linkedin.com\/sharing\/share-offsite\/?url=https:\/\/www.uoh.cl\/instituto-ciencias-de-la-salud\/2023\/03\/17\/edificio-a-del-campus-rancagua-es-nominado-al-premio-obra-del-ano-de-la-plataforma-archdaily\/\"><svg enable-background=\"new 0 0 100 100\" height=\"100px\" id=\"Layer_1\" version=\"1.1\" viewBox=\"0 0 100 100\" width=\"100px\" xml:space=\"preserve\" xmlns=\"http:\/\/www.w3.org\/2000\/svg\" xmlns:xlink=\"http:\/\/www.w3.org\/1999\/xlink\"><g><circle cx=\"50\" cy=\"50\" fill=\"#ccc\" r=\"45\"\/><g id=\"LinkedIn_1_\"><rect fill=\"#FFFFFF\" height=\"24.361\" width=\"7.69\" x=\"31.271\" y=\"43.569\"\/><path d=\"M59.968,43.334c-4.406,0-7.165,2.387-7.677,4.058v-3.823h-8.636c0.109,2.03,0,24.361,0,24.361h8.636    V54.748c0-0.733-0.034-1.465,0.19-1.991c0.594-1.464,1.869-2.985,4.162-2.985c2.998,0,4.361,2.253,4.361,5.552V67.93h8.721V54.384    C69.726,46.839,65.432,43.334,59.968,43.334z\" fill=\"#FFFFFF\"\/><path d=\"M34.973,32.069c-2.839,0-4.696,1.823-4.696,4.229c0,2.361,1.804,4.224,4.589,4.224h0.054    c2.891,0,4.69-1.869,4.69-4.229C39.555,33.888,37.81,32.069,34.973,32.069z\" fill=\"#FFFFFF\"\/><\/g><\/g><\/svg><\/a><\/div>\n\n            <\/div><\/div>[\/vc_column_inner][\/vc_row_inner][vc_single_image image=&#8221;17215&#8243; img_size=&#8221;full&#8221; onclick=&#8221;link_image&#8221;][vc_column_text]\u00a0[\/vc_column_text][vc_column_text]<\/p>\n<ul>\n<li><i>El \u00fanico galard\u00f3n del mundo de la arquitectura de habla hispana elige a sus ganadores por votaci\u00f3n popular.<\/i><\/li>\n<\/ul>\n<p>[\/vc_column_text][vc_column_text]\u00a0[\/vc_column_text][vc_column_text]<\/p>\n<p style=\"font-weight: 400\">Una gran noticia recibi\u00f3 este mes la\u00a0<a href=\"http:\/\/www.uoh.cl\/\" data-saferedirecturl=\"https:\/\/www.google.com\/url?q=http:\/\/www.uoh.cl\/&amp;source=gmail&amp;ust=1679141039568000&amp;usg=AOvVaw3r6dKL2NNw8ooXb3RTjLAT\">Universidad de O\u2019Higgins<\/a>\u00a0(UOH), el Edificio A de su Campus Rancagua, ubicado en la capital de la Regi\u00f3n de O\u2019Higgins, fue nominado para los\u00a0<a href=\"https:\/\/oda.archdaily.cl\/cl\/2023\" data-saferedirecturl=\"https:\/\/www.google.com\/url?q=https:\/\/oda.archdaily.cl\/cl\/2023&amp;source=gmail&amp;ust=1679141039568000&amp;usg=AOvVaw1hPffB1VMKdib7amUwKoHX\">Premios Obra del A\u00f1o ODA 2023<\/a>, de la plataforma Archdaily en espa\u00f1ol.<\/p>\n<p style=\"font-weight: 400\">Se trata del sitio web de arquitectura m\u00e1s visitado a nivel mundial y que por decimoquinto a\u00f1o consecutivo otorga el \u00fanico galard\u00f3n en espa\u00f1ol del \u00e1rea, donde sus ganadores son elegidos por votaci\u00f3n popular (<a href=\"https:\/\/oda.archdaily.cl\/cl\/2023\" data-saferedirecturl=\"https:\/\/www.google.com\/url?q=https:\/\/oda.archdaily.cl\/cl\/2023&amp;source=gmail&amp;ust=1679141039568000&amp;usg=AOvVaw1hPffB1VMKdib7amUwKoHX\">https:\/\/oda.archdaily.cl\/cl\/2023<\/a>).<\/p>\n<p style=\"font-weight: 400\">Hasta el pr\u00f3ximo 23 de marzo, la plataforma ser\u00e1 soporte para exponer lo mejor de la arquitectura construida en pa\u00edses de habla hispana y quienes visiten la web determinar\u00e1n cu\u00e1les obras fueron las m\u00e1s relevantes en 2022 e inspiraron al mundo de la arquitectura.<\/p>\n<p style=\"font-weight: 400\">Mar\u00eda Jos\u00e9 S\u00e1nchez, directora de Infraestructura de la Universidad de O\u2019Higgins, destac\u00f3 que es \u201cmuy emocionante para nosotros como UOH, y para nuestra Direcci\u00f3n de Infraestructura, ser nominados a un premio tan importante a nivel mundial, que reconoce el trabajo que se ha realizado junto a Marsino Arquitectos. Esto nos inspira a continuar nuestra labor en los diversos proyectos arquitect\u00f3nicos que estamos desarrollando y los que prontamente estar\u00e1n en ejecuci\u00f3n en todos nuestros campus. No se trata solo de crecer en metros cuadrados, sino hacerlo con los m\u00e1s altos est\u00e1ndares de dise\u00f1o y calidad\u201d, coment\u00f3 la arquitecta.<\/p>\n<p style=\"font-weight: 400\">Para Jorge Marsino, director de\u00a0<a href=\"https:\/\/marsino.cl\/\" data-saferedirecturl=\"https:\/\/www.google.com\/url?q=https:\/\/marsino.cl\/&amp;source=gmail&amp;ust=1679141039568000&amp;usg=AOvVaw3mUZSfohEaEYzYJ2KLXDw-\">Marsino Arquitectura<\/a>, firma a cargo del proyecto, la nominaci\u00f3n que hace el comit\u00e9 editorial de Archdaily es \u201cmuy importante, ya que se trata de la web especializada en arquitectura m\u00e1s popular en el mundo. Fue fundada en 2008 por arquitectos chilenos y hoy es un actor global en la difusi\u00f3n y creaci\u00f3n de contenido arquitect\u00f3nico. Despu\u00e9s de la selecci\u00f3n de expertos, la segunda fase es relevante para nosotros, ya que el premio lo entrega el p\u00fablico con sus votos diarios, lo que a la larga habla del compromiso y orgullo de la comunidad que habita el edificio. Obtener un premio en Archdaily posicionar\u00eda a la infraestructura de la UOH en el radar global\u201d, explica.<\/p>\n<p style=\"font-weight: 400\">El arquitecto tambi\u00e9n realiza una reflexi\u00f3n de c\u00f3mo fue transformar un hospital en el campus de una nueva universidad p\u00fablica en Chile. \u201cLos hospitales por su funci\u00f3n sanitaria se proyectan herm\u00e9ticos y aislados para evitar la propagaci\u00f3n de enfermedades. Al contrario, la imagen de la educaci\u00f3n p\u00fablica contempor\u00e1nea debe ser inclusiva, transparente, multifuncional, h\u00edbrida e interconectada. B\u00e1sicamente propusimos dos operaciones de intervenci\u00f3n: para lograr la imagen de la educaci\u00f3n p\u00fablica, perforamos el edificio con una escalera que la conecta en todos sus niveles, permitiendo el ingreso de luz del norte; por otro lado, convertimos un antiguo patio de servicio en el acceso principal de la universidad cubri\u00e9ndolo para convertirlo en una plaza cubierta\u201d, finaliza Marsino.<\/p>\n<p style=\"font-weight: 400\"><strong>Vota UOH<\/strong><\/p>\n<p style=\"font-weight: 400\">La directora de Infraestructura UOH destac\u00f3 que como la votaci\u00f3n ser\u00e1 online, es muy importante que la comunidad regional ejerza su voto y apoye la candidatura del Campus Rancagua como mejor proyecto en la categor\u00eda \u201c<a href=\"https:\/\/oda.archdaily.cl\/cl\/2023\/category\/Arquitectura%20Educacional\" data-saferedirecturl=\"https:\/\/www.google.com\/url?q=https:\/\/oda.archdaily.cl\/cl\/2023\/category\/Arquitectura%2520Educacional&amp;source=gmail&amp;ust=1679141039568000&amp;usg=AOvVaw2CLjbHv3VL46asKGcnMcuB\">Arquitectura Educacional<\/a>\u201d.<\/p>\n<p style=\"font-weight: 400\">Las votaciones se cerrar\u00e1n el 23 de marzo, a la medianoche,\u00a0 (puedes votar ac\u00e1:\u00a0<a href=\"https:\/\/bit.ly\/3TdwfMv\" data-saferedirecturl=\"https:\/\/www.google.com\/url?q=https:\/\/bit.ly\/3TdwfMv&amp;source=gmail&amp;ust=1679141039568000&amp;usg=AOvVaw0bEhE4M27gQrwBfe98jlnm\">https:\/\/bit.ly\/3TdwfMv<\/a>) y todos los usuarios registrados (hasta esa fecha) podr\u00e1n nominar y\/o votar una vez cada d\u00eda. El jueves 24 de marzo se anunciar\u00e1n los finalistas por categor\u00eda y se iniciar\u00e1 un nuevo ciclo de votaciones para obtener los primeros lugares a nivel mundial.<\/p>\n<p>\u00a0[\/vc_column_text][\/vc_column][\/vc_row][vc_row][vc_column width=&#8221;1\/2&#8243;][\/vc_column][vc_column width=&#8221;1\/2&#8243;][\/vc_column][\/vc_row][\/vc_section][vc_section css=&#8221;.vc_custom_1650255686594{background-color: #f6faff !important;}&#8221; el_class=&#8221;p-md-0 pt-md-5&#8243;][vc_row el_class=&#8221;container mx-auto align-items-center p-md-0 pt-5 pb-5&#8243;][vc_column el_class=&#8221;pb-5&#8243;][vc_row_inner el_class=&#8221;pb-5&#8243;][vc_column_inner]<div class=\"row m-0 p-0\"><div class=\"col-12 col-md-9 pt-5 pt-md-0\"><h2 class=\"title title--decorator title--ms d-inline-block\">Te Recomendamos<\/h2><\/div><\/div><div class=\"content-holder\"><div class=\"row  swipper-news-list not--activate-hack \"><div class=\"row -wrapper\"><div class=\"  col-sm-6 col-md-4 img-article\">\n                                        <div class=\"content-news-display row m-0 p-0\"><div class=\"holder p-0 \"><div class=\"img-wrap img-wrap-news\">\n                                        <div class=\"caption__news-category\">\n                                        <a href=\"https:\/\/www.uoh.cl\/instituto-ciencias-de-la-salud\/category\/salud\/\">\n                                        Salud<\/a><\/div><img decoding=\"async\" class=\"w-100 h-100 lazyload\" data-src=\"https:\/\/www.uoh.cl\/instituto-ciencias-de-la-salud\/wp-content\/uploads\/sites\/26\/2026\/04\/Asistencia-personal-en-la-Union-Europea-brechas-estructurales-bajo-la-lupa-de-un-enfoque-del-feminismo-descolonial.png\" alt=\"Asistencia personal en la Uni\u00f3n Europea: brechas estructurales bajo la lupa de un enfoque del feminismo descolonial\" style=\"--smush-placeholder-width: 1500px; --smush-placeholder-aspect-ratio: 1500\/1000;object-fit: cover; object-position: center;\" src=\"data:image\/svg+xml;base64,PHN2ZyB3aWR0aD0iMSIgaGVpZ2h0PSIxIiB4bWxucz0iaHR0cDovL3d3dy53My5vcmcvMjAwMC9zdmciPjwvc3ZnPg==\"><\/div><\/div><div class=\"caption py-3 caption__news py-md-3 pb-md-5\">\n                                    <span class=\"caption__date\">Lunes 20, Abril<\/span>\n                                     <a href=\"https:\/\/www.uoh.cl\/instituto-ciencias-de-la-salud\/2026\/04\/20\/asistencia-personal-en-la-union-europea-brechas-estructurales-bajo-la-lupa-de-un-enfoque-del-feminismo-descolonial\/\">\n                                    <h3 class=\"small-space\">Asistencia personal en la Uni\u00f3n Europea: brechas estructurales bajo la lupa de un enfoque del feminismo descolonial<\/h3><\/a>\n\n                                    <p>Investigaci\u00f3n internacional, en la que participaron acad\u00e9micos chilenos, revela profundas desigualdades en c\u00f3mo se implementa este derecho clave para la autonom\u00eda de personas con discapacidad y abre debate sobre modelos de cuidado m\u00e1s comunitarios.<\/p>\n                                    <a class=\"link link--bold mt-md-3\" href=\"https:\/\/www.uoh.cl\/instituto-ciencias-de-la-salud\/2026\/04\/20\/asistencia-personal-en-la-union-europea-brechas-estructurales-bajo-la-lupa-de-un-enfoque-del-feminismo-descolonial\/\">Saber m\u00e1s <span class=\"icon icon--inline icon--link\"><svg version=\"1.1\" xmlns=\"http:\/\/www.w3.org\/2000\/svg\" xmlns:xlink=\"http:\/\/www.w3.org\/1999\/xlink\" x=\"0px\" y=\"0px\" width=\"22px\"height=\"22px\" viewBox=\"0 0 22 22\" style=\"overflow:visible;enable-background:new 0 0 80 64.6;\" xml:space=\"preserve\"><g clip-path=\"url(#acA)\"><path fill-rule=\"evenodd\" d=\"M21.913 11.266a.93.93 0 000-.711c-.022-.056-.063-.097-.091-.144s-.053-.103-.097-.15L12.306.294c-.357-.379-.955-.394-1.334-.038s-.394.955-.038 1.334l7.917 8.374H.927a.95.95 0 00-.908.983.946.946 0 00.908.908h17.924l-8.089 8.552c-.357.379-.341.977.034 1.334s.977.341 1.334-.034l9.594-10.148c.044-.044.063-.1.097-.15.028-.047.069-.088.091-.141z\"\/><\/g><defs><clipPath id=\"acA\"><path fill=\"#fff\" d=\"M0 0h22v22H0z\"\/><\/clipPath><\/defs><\/svg><\/span><\/a><\/div><\/div><\/div><div class=\"  col-sm-6 col-md-4 img-article\">\n                                        <div class=\"content-news-display row m-0 p-0\"><div class=\"holder p-0 \"><div class=\"img-wrap img-wrap-news\">\n                                        <div class=\"caption__news-category\">\n                                        <a href=\"https:\/\/www.uoh.cl\/instituto-ciencias-de-la-salud\/category\/salud\/\">\n                                        Salud<\/a><\/div><img decoding=\"async\" class=\"w-100 h-100 lazyload\" data-src=\"https:\/\/www.uoh.cl\/instituto-ciencias-de-la-salud\/wp-content\/uploads\/sites\/26\/2026\/04\/IMG_8384-scaled.jpg\" alt=\"VI Jornada de J\u00f3venes Investigadores en Salud UOH consolida su rol en la formaci\u00f3n cient\u00edfica de Pregrado\" style=\"--smush-placeholder-width: 2560px; --smush-placeholder-aspect-ratio: 2560\/1644;object-fit: cover; object-position: center;\" src=\"data:image\/svg+xml;base64,PHN2ZyB3aWR0aD0iMSIgaGVpZ2h0PSIxIiB4bWxucz0iaHR0cDovL3d3dy53My5vcmcvMjAwMC9zdmciPjwvc3ZnPg==\"><\/div><\/div><div class=\"caption py-3 caption__news py-md-3 pb-md-5\">\n                                    <span class=\"caption__date\">Jueves 16, Abril<\/span>\n                                     <a href=\"https:\/\/www.uoh.cl\/instituto-ciencias-de-la-salud\/2026\/04\/16\/vi-jornada-de-jovenes-investigadores-en-salud-uoh-consolida-su-rol-en-la-formacion-cientifica-de-pregrado\/\">\n                                    <h3 class=\"small-space\">VI Jornada de J\u00f3venes Investigadores en Salud UOH consolida su rol en la formaci\u00f3n cient\u00edfica de Pregrado<\/h3><\/a>\n\n                                    <p>La instancia, organizada de manera conjunta entre el Instituto de Ciencias de la Salud y la Escuela de Salud, reuni\u00f3 a estudiantes de diversas instituciones del pa\u00eds, fortaleciendo el di\u00e1logo acad\u00e9mico y la colaboraci\u00f3n en salud.<\/p>\n                                    <a class=\"link link--bold mt-md-3\" href=\"https:\/\/www.uoh.cl\/instituto-ciencias-de-la-salud\/2026\/04\/16\/vi-jornada-de-jovenes-investigadores-en-salud-uoh-consolida-su-rol-en-la-formacion-cientifica-de-pregrado\/\">Saber m\u00e1s <span class=\"icon icon--inline icon--link\"><svg version=\"1.1\" xmlns=\"http:\/\/www.w3.org\/2000\/svg\" xmlns:xlink=\"http:\/\/www.w3.org\/1999\/xlink\" x=\"0px\" y=\"0px\" width=\"22px\"height=\"22px\" viewBox=\"0 0 22 22\" style=\"overflow:visible;enable-background:new 0 0 80 64.6;\" xml:space=\"preserve\"><g clip-path=\"url(#acA)\"><path fill-rule=\"evenodd\" d=\"M21.913 11.266a.93.93 0 000-.711c-.022-.056-.063-.097-.091-.144s-.053-.103-.097-.15L12.306.294c-.357-.379-.955-.394-1.334-.038s-.394.955-.038 1.334l7.917 8.374H.927a.95.95 0 00-.908.983.946.946 0 00.908.908h17.924l-8.089 8.552c-.357.379-.341.977.034 1.334s.977.341 1.334-.034l9.594-10.148c.044-.044.063-.1.097-.15.028-.047.069-.088.091-.141z\"\/><\/g><defs><clipPath id=\"acA\"><path fill=\"#fff\" d=\"M0 0h22v22H0z\"\/><\/clipPath><\/defs><\/svg><\/span><\/a><\/div><\/div><\/div><div class=\"  col-sm-6 col-md-4 img-article\">\n                                        <div class=\"content-news-display row m-0 p-0\"><div class=\"holder p-0 \"><div class=\"img-wrap img-wrap-news\">\n                                        <div class=\"caption__news-category\">\n                                        <a href=\"https:\/\/www.uoh.cl\/instituto-ciencias-de-la-salud\/category\/cuech\/\">\n                                        CUECH<\/a><\/div><img decoding=\"async\" class=\"w-100 h-100 lazyload\" data-src=\"https:\/\/www.uoh.cl\/instituto-ciencias-de-la-salud\/wp-content\/uploads\/sites\/26\/2026\/04\/DSC_2431-scaled.jpg\" alt=\"Universidades estatales sellan hoja de ruta 2030: Red Desarrollo Sustentable entra en fase de consolidaci\u00f3n\" style=\"--smush-placeholder-width: 2560px; --smush-placeholder-aspect-ratio: 2560\/1707;object-fit: cover; object-position: center;\" src=\"data:image\/svg+xml;base64,PHN2ZyB3aWR0aD0iMSIgaGVpZ2h0PSIxIiB4bWxucz0iaHR0cDovL3d3dy53My5vcmcvMjAwMC9zdmciPjwvc3ZnPg==\"><\/div><\/div><div class=\"caption py-3 caption__news py-md-3 pb-md-5\">\n                                    <span class=\"caption__date\">Mi\u00e9rcoles 15, Abril<\/span>\n                                     <a href=\"https:\/\/www.uoh.cl\/instituto-ciencias-de-la-salud\/2026\/04\/15\/universidades-estatales-sellan-hoja-de-ruta-2030-red-desarrollo-sustentable-entra-en-fase-de-consolidacion\/\">\n                                    <h3 class=\"small-space\">Universidades estatales sellan hoja de ruta 2030: Red Desarrollo Sustentable entra en fase de consolidaci\u00f3n<\/h3><\/a>\n\n                                    <p>En el Plenario realizado en la Universidad de O'Higgins, los 18 planteles p\u00fablicos definieron sus metas estrat\u00e9gicas para el periodo 2026-2030. El plan priorizar\u00e1 la institucionalizaci\u00f3n de capacidades, un diplomado para organismos p\u00fablicos y la medici\u00f3n de la huella h\u00eddrica en los campus.<\/p>\n                                    <a class=\"link link--bold mt-md-3\" href=\"https:\/\/www.uoh.cl\/instituto-ciencias-de-la-salud\/2026\/04\/15\/universidades-estatales-sellan-hoja-de-ruta-2030-red-desarrollo-sustentable-entra-en-fase-de-consolidacion\/\">Saber m\u00e1s <span class=\"icon icon--inline icon--link\"><svg version=\"1.1\" xmlns=\"http:\/\/www.w3.org\/2000\/svg\" xmlns:xlink=\"http:\/\/www.w3.org\/1999\/xlink\" x=\"0px\" y=\"0px\" width=\"22px\"height=\"22px\" viewBox=\"0 0 22 22\" style=\"overflow:visible;enable-background:new 0 0 80 64.6;\" xml:space=\"preserve\"><g clip-path=\"url(#acA)\"><path fill-rule=\"evenodd\" d=\"M21.913 11.266a.93.93 0 000-.711c-.022-.056-.063-.097-.091-.144s-.053-.103-.097-.15L12.306.294c-.357-.379-.955-.394-1.334-.038s-.394.955-.038 1.334l7.917 8.374H.927a.95.95 0 00-.908.983.946.946 0 00.908.908h17.924l-8.089 8.552c-.357.379-.341.977.034 1.334s.977.341 1.334-.034l9.594-10.148c.044-.044.063-.1.097-.15.028-.047.069-.088.091-.141z\"\/><\/g><defs><clipPath id=\"acA\"><path fill=\"#fff\" d=\"M0 0h22v22H0z\"\/><\/clipPath><\/defs><\/svg><\/span><\/a><\/div><\/div><\/div><\/div><\/div><\/div><div class=\"pagination justify-content-center my-5\"><span aria-current=\"page\" class=\"page-numbers current\">1<\/span>\n<a class=\"page-numbers\" href=\"https:\/\/www.uoh.cl\/instituto-ciencias-de-la-salud\/wp-json\/wp\/v2\/posts\/2593\/\/page\/2\">2<\/a>\n<a class=\"page-numbers\" href=\"https:\/\/www.uoh.cl\/instituto-ciencias-de-la-salud\/wp-json\/wp\/v2\/posts\/2593\/\/page\/3\">3<\/a>\n<span class=\"page-numbers dots\">&hellip;<\/span>\n<a class=\"page-numbers\" href=\"https:\/\/www.uoh.cl\/instituto-ciencias-de-la-salud\/wp-json\/wp\/v2\/posts\/2593\/\/page\/104\">104<\/a>\n<a class=\"next page-numbers\" href=\"https:\/\/www.uoh.cl\/instituto-ciencias-de-la-salud\/wp-json\/wp\/v2\/posts\/2593\/\/page\/2\"><div class=\"icon-pagination-next\"> <?xml version=\"1.0\" ?><svg viewBox=\"0 0 96 96\" xmlns=\"http:\/\/www.w3.org\/2000\/svg\"><title\/><path d=\"M39.3756,48.0022l30.47-25.39a6.0035,6.0035,0,0,0-7.6878-9.223L26.1563,43.3906a6.0092,6.0092,0,0,0,0,9.2231L62.1578,82.615a6.0035,6.0035,0,0,0,7.6878-9.2231Z\"\/><\/svg> <\/div><\/a><\/div>[\/vc_column_inner][\/vc_row_inner][\/vc_column][\/vc_row][\/vc_section]<\/p>\n<\/div>","protected":false},"excerpt":{"rendered":"<p>El \u00fanico galard\u00f3n del mundo de la arquitectura de habla hispana elige a sus ganadores por votaci\u00f3n popular.<\/p>\n","protected":false},"author":34,"featured_media":2594,"comment_status":"open","ping_status":"open","sticky":false,"template":"","format":"standard","meta":{"_acf_changed":false,"footnotes":""},"categories":[9],"tags":[],"class_list":["post-2593","post","type-post","status-publish","format-standard","has-post-thumbnail","hentry","category-institucional"],"acf":[],"yoast_head":"<!-- This site is optimized with the Yoast SEO plugin v26.6 - https:\/\/yoast.com\/wordpress\/plugins\/seo\/ -->\n<title>Edificio A del Campus Rancagua es nominado al Premio Obra del A\u00f1o de la plataforma ArchDaily - Instituto de Ciencias de la Salud<\/title>\n<meta name=\"description\" content=\"El \u00fanico galard\u00f3n del mundo de la arquitectura de habla hispana elige a sus ganadores por votaci\u00f3n popular.\" \/>\n<meta name=\"robots\" content=\"noindex, nofollow\" \/>\n<meta property=\"og:locale\" content=\"es_ES\" \/>\n<meta property=\"og:type\" content=\"article\" \/>\n<meta property=\"og:title\" content=\"Edificio A del Campus Rancagua es nominado al Premio Obra del A\u00f1o de la plataforma ArchDaily - Instituto de Ciencias de la Salud\" \/>\n<meta property=\"og:description\" content=\"El \u00fanico galard\u00f3n del mundo de la arquitectura de habla hispana elige a sus ganadores por votaci\u00f3n popular.\" \/>\n<meta property=\"og:url\" content=\"https:\/\/www.uoh.cl\/instituto-ciencias-de-la-salud\/2023\/03\/17\/edificio-a-del-campus-rancagua-es-nominado-al-premio-obra-del-ano-de-la-plataforma-archdaily\/\" \/>\n<meta property=\"og:site_name\" content=\"Instituto de Ciencias de la Salud\" \/>\n<meta property=\"article:published_time\" content=\"2023-03-17T14:06:31+00:00\" \/>\n<meta property=\"og:image\" content=\"https:\/\/www.uoh.cl\/instituto-ciencias-de-la-salud\/wp-content\/uploads\/sites\/26\/2023\/03\/UOH-edificio.jpg\" \/>\n\t<meta property=\"og:image:width\" content=\"1000\" \/>\n\t<meta property=\"og:image:height\" content=\"1000\" \/>\n\t<meta property=\"og:image:type\" content=\"image\/jpeg\" \/>\n<meta name=\"author\" content=\"Universidad de O&#039;Higgins\" \/>\n<meta name=\"twitter:card\" content=\"summary_large_image\" \/>\n<meta name=\"twitter:label1\" content=\"Escrito por\" \/>\n\t<meta name=\"twitter:data1\" content=\"Universidad de O&#039;Higgins\" \/>\n\t<meta name=\"twitter:label2\" content=\"Tiempo estimado de lectura\" \/>\n\t<meta name=\"twitter:data2\" content=\"3 minutos\" \/>\n<script type=\"application\/ld+json\" class=\"yoast-schema-graph\">{\"@context\":\"https:\/\/schema.org\",\"@graph\":[{\"@type\":\"WebPage\",\"@id\":\"https:\/\/www.uoh.cl\/instituto-ciencias-de-la-salud\/2023\/03\/17\/edificio-a-del-campus-rancagua-es-nominado-al-premio-obra-del-ano-de-la-plataforma-archdaily\/\",\"url\":\"https:\/\/www.uoh.cl\/instituto-ciencias-de-la-salud\/2023\/03\/17\/edificio-a-del-campus-rancagua-es-nominado-al-premio-obra-del-ano-de-la-plataforma-archdaily\/\",\"name\":\"Edificio A del Campus Rancagua es nominado al Premio Obra del A\u00f1o de la plataforma ArchDaily - Instituto de Ciencias de la Salud\",\"isPartOf\":{\"@id\":\"https:\/\/www.uoh.cl\/instituto-ciencias-de-la-salud\/#website\"},\"primaryImageOfPage\":{\"@id\":\"https:\/\/www.uoh.cl\/instituto-ciencias-de-la-salud\/2023\/03\/17\/edificio-a-del-campus-rancagua-es-nominado-al-premio-obra-del-ano-de-la-plataforma-archdaily\/#primaryimage\"},\"image\":{\"@id\":\"https:\/\/www.uoh.cl\/instituto-ciencias-de-la-salud\/2023\/03\/17\/edificio-a-del-campus-rancagua-es-nominado-al-premio-obra-del-ano-de-la-plataforma-archdaily\/#primaryimage\"},\"thumbnailUrl\":\"https:\/\/www.uoh.cl\/instituto-ciencias-de-la-salud\/wp-content\/uploads\/sites\/26\/2023\/03\/UOH-edificio.jpg\",\"datePublished\":\"2023-03-17T14:06:31+00:00\",\"author\":{\"@id\":\"https:\/\/www.uoh.cl\/instituto-ciencias-de-la-salud\/#\/schema\/person\/ea242e676c7d6d7e46fc8b9e39486c4f\"},\"description\":\"El \u00fanico galard\u00f3n del mundo de la arquitectura de habla hispana elige a sus ganadores por votaci\u00f3n popular.\",\"inLanguage\":\"es-CL\",\"potentialAction\":[{\"@type\":\"ReadAction\",\"target\":[\"https:\/\/www.uoh.cl\/instituto-ciencias-de-la-salud\/2023\/03\/17\/edificio-a-del-campus-rancagua-es-nominado-al-premio-obra-del-ano-de-la-plataforma-archdaily\/\"]}]},{\"@type\":\"ImageObject\",\"inLanguage\":\"es-CL\",\"@id\":\"https:\/\/www.uoh.cl\/instituto-ciencias-de-la-salud\/2023\/03\/17\/edificio-a-del-campus-rancagua-es-nominado-al-premio-obra-del-ano-de-la-plataforma-archdaily\/#primaryimage\",\"url\":\"https:\/\/www.uoh.cl\/instituto-ciencias-de-la-salud\/wp-content\/uploads\/sites\/26\/2023\/03\/UOH-edificio.jpg\",\"contentUrl\":\"https:\/\/www.uoh.cl\/instituto-ciencias-de-la-salud\/wp-content\/uploads\/sites\/26\/2023\/03\/UOH-edificio.jpg\",\"width\":1000,\"height\":1000},{\"@type\":\"WebSite\",\"@id\":\"https:\/\/www.uoh.cl\/instituto-ciencias-de-la-salud\/#website\",\"url\":\"https:\/\/www.uoh.cl\/instituto-ciencias-de-la-salud\/\",\"name\":\"Instituto de Ciencias de la Salud\",\"description\":\"Otro sitio de Sitios de Universidad O'higgins\",\"potentialAction\":[{\"@type\":\"SearchAction\",\"target\":{\"@type\":\"EntryPoint\",\"urlTemplate\":\"https:\/\/www.uoh.cl\/instituto-ciencias-de-la-salud\/?s={search_term_string}\"},\"query-input\":{\"@type\":\"PropertyValueSpecification\",\"valueRequired\":true,\"valueName\":\"search_term_string\"}}],\"inLanguage\":\"es-CL\"},{\"@type\":\"Person\",\"@id\":\"https:\/\/www.uoh.cl\/instituto-ciencias-de-la-salud\/#\/schema\/person\/ea242e676c7d6d7e46fc8b9e39486c4f\",\"name\":\"Universidad de O'Higgins\",\"image\":{\"@type\":\"ImageObject\",\"inLanguage\":\"es-CL\",\"@id\":\"https:\/\/www.uoh.cl\/instituto-ciencias-de-la-salud\/#\/schema\/person\/image\/\",\"url\":\"https:\/\/secure.gravatar.com\/avatar\/78fcb76ca05efae11fd355943c01a832a29786cc00d85b1a82c301bea2b2a214?s=96&d=mm&r=g\",\"contentUrl\":\"https:\/\/secure.gravatar.com\/avatar\/78fcb76ca05efae11fd355943c01a832a29786cc00d85b1a82c301bea2b2a214?s=96&d=mm&r=g\",\"caption\":\"Universidad de O'Higgins\"}}]}<\/script>\n<!-- \/ Yoast SEO plugin. -->","yoast_head_json":{"title":"Edificio A del Campus Rancagua es nominado al Premio Obra del A\u00f1o de la plataforma ArchDaily - Instituto de Ciencias de la Salud","description":"El \u00fanico galard\u00f3n del mundo de la arquitectura de habla hispana elige a sus ganadores por votaci\u00f3n popular.","robots":{"index":"noindex","follow":"nofollow"},"og_locale":"es_ES","og_type":"article","og_title":"Edificio A del Campus Rancagua es nominado al Premio Obra del A\u00f1o de la plataforma ArchDaily - Instituto de Ciencias de la Salud","og_description":"El \u00fanico galard\u00f3n del mundo de la arquitectura de habla hispana elige a sus ganadores por votaci\u00f3n popular.","og_url":"https:\/\/www.uoh.cl\/instituto-ciencias-de-la-salud\/2023\/03\/17\/edificio-a-del-campus-rancagua-es-nominado-al-premio-obra-del-ano-de-la-plataforma-archdaily\/","og_site_name":"Instituto de Ciencias de la Salud","article_published_time":"2023-03-17T14:06:31+00:00","og_image":[{"width":1000,"height":1000,"url":"https:\/\/www.uoh.cl\/instituto-ciencias-de-la-salud\/wp-content\/uploads\/sites\/26\/2023\/03\/UOH-edificio.jpg","type":"image\/jpeg"}],"author":"Universidad de O'Higgins","twitter_card":"summary_large_image","twitter_misc":{"Escrito por":"Universidad de O'Higgins","Tiempo estimado de lectura":"3 minutos"},"schema":{"@context":"https:\/\/schema.org","@graph":[{"@type":"WebPage","@id":"https:\/\/www.uoh.cl\/instituto-ciencias-de-la-salud\/2023\/03\/17\/edificio-a-del-campus-rancagua-es-nominado-al-premio-obra-del-ano-de-la-plataforma-archdaily\/","url":"https:\/\/www.uoh.cl\/instituto-ciencias-de-la-salud\/2023\/03\/17\/edificio-a-del-campus-rancagua-es-nominado-al-premio-obra-del-ano-de-la-plataforma-archdaily\/","name":"Edificio A del Campus Rancagua es nominado al Premio Obra del A\u00f1o de la plataforma ArchDaily - Instituto de Ciencias de la Salud","isPartOf":{"@id":"https:\/\/www.uoh.cl\/instituto-ciencias-de-la-salud\/#website"},"primaryImageOfPage":{"@id":"https:\/\/www.uoh.cl\/instituto-ciencias-de-la-salud\/2023\/03\/17\/edificio-a-del-campus-rancagua-es-nominado-al-premio-obra-del-ano-de-la-plataforma-archdaily\/#primaryimage"},"image":{"@id":"https:\/\/www.uoh.cl\/instituto-ciencias-de-la-salud\/2023\/03\/17\/edificio-a-del-campus-rancagua-es-nominado-al-premio-obra-del-ano-de-la-plataforma-archdaily\/#primaryimage"},"thumbnailUrl":"https:\/\/www.uoh.cl\/instituto-ciencias-de-la-salud\/wp-content\/uploads\/sites\/26\/2023\/03\/UOH-edificio.jpg","datePublished":"2023-03-17T14:06:31+00:00","author":{"@id":"https:\/\/www.uoh.cl\/instituto-ciencias-de-la-salud\/#\/schema\/person\/ea242e676c7d6d7e46fc8b9e39486c4f"},"description":"El \u00fanico galard\u00f3n del mundo de la arquitectura de habla hispana elige a sus ganadores por votaci\u00f3n popular.","inLanguage":"es-CL","potentialAction":[{"@type":"ReadAction","target":["https:\/\/www.uoh.cl\/instituto-ciencias-de-la-salud\/2023\/03\/17\/edificio-a-del-campus-rancagua-es-nominado-al-premio-obra-del-ano-de-la-plataforma-archdaily\/"]}]},{"@type":"ImageObject","inLanguage":"es-CL","@id":"https:\/\/www.uoh.cl\/instituto-ciencias-de-la-salud\/2023\/03\/17\/edificio-a-del-campus-rancagua-es-nominado-al-premio-obra-del-ano-de-la-plataforma-archdaily\/#primaryimage","url":"https:\/\/www.uoh.cl\/instituto-ciencias-de-la-salud\/wp-content\/uploads\/sites\/26\/2023\/03\/UOH-edificio.jpg","contentUrl":"https:\/\/www.uoh.cl\/instituto-ciencias-de-la-salud\/wp-content\/uploads\/sites\/26\/2023\/03\/UOH-edificio.jpg","width":1000,"height":1000},{"@type":"WebSite","@id":"https:\/\/www.uoh.cl\/instituto-ciencias-de-la-salud\/#website","url":"https:\/\/www.uoh.cl\/instituto-ciencias-de-la-salud\/","name":"Instituto de Ciencias de la Salud","description":"Otro sitio de Sitios de Universidad O'higgins","potentialAction":[{"@type":"SearchAction","target":{"@type":"EntryPoint","urlTemplate":"https:\/\/www.uoh.cl\/instituto-ciencias-de-la-salud\/?s={search_term_string}"},"query-input":{"@type":"PropertyValueSpecification","valueRequired":true,"valueName":"search_term_string"}}],"inLanguage":"es-CL"},{"@type":"Person","@id":"https:\/\/www.uoh.cl\/instituto-ciencias-de-la-salud\/#\/schema\/person\/ea242e676c7d6d7e46fc8b9e39486c4f","name":"Universidad de O'Higgins","image":{"@type":"ImageObject","inLanguage":"es-CL","@id":"https:\/\/www.uoh.cl\/instituto-ciencias-de-la-salud\/#\/schema\/person\/image\/","url":"https:\/\/secure.gravatar.com\/avatar\/78fcb76ca05efae11fd355943c01a832a29786cc00d85b1a82c301bea2b2a214?s=96&d=mm&r=g","contentUrl":"https:\/\/secure.gravatar.com\/avatar\/78fcb76ca05efae11fd355943c01a832a29786cc00d85b1a82c301bea2b2a214?s=96&d=mm&r=g","caption":"Universidad de O'Higgins"}}]}},"_links":{"self":[{"href":"https:\/\/www.uoh.cl\/instituto-ciencias-de-la-salud\/wp-json\/wp\/v2\/posts\/2593","targetHints":{"allow":["GET"]}}],"collection":[{"href":"https:\/\/www.uoh.cl\/instituto-ciencias-de-la-salud\/wp-json\/wp\/v2\/posts"}],"about":[{"href":"https:\/\/www.uoh.cl\/instituto-ciencias-de-la-salud\/wp-json\/wp\/v2\/types\/post"}],"author":[{"embeddable":true,"href":"https:\/\/www.uoh.cl\/instituto-ciencias-de-la-salud\/wp-json\/wp\/v2\/users\/34"}],"replies":[{"embeddable":true,"href":"https:\/\/www.uoh.cl\/instituto-ciencias-de-la-salud\/wp-json\/wp\/v2\/comments?post=2593"}],"version-history":[{"count":0,"href":"https:\/\/www.uoh.cl\/instituto-ciencias-de-la-salud\/wp-json\/wp\/v2\/posts\/2593\/revisions"}],"wp:featuredmedia":[{"embeddable":true,"href":"https:\/\/www.uoh.cl\/instituto-ciencias-de-la-salud\/wp-json\/wp\/v2\/media\/2594"}],"wp:attachment":[{"href":"https:\/\/www.uoh.cl\/instituto-ciencias-de-la-salud\/wp-json\/wp\/v2\/media?parent=2593"}],"wp:term":[{"taxonomy":"category","embeddable":true,"href":"https:\/\/www.uoh.cl\/instituto-ciencias-de-la-salud\/wp-json\/wp\/v2\/categories?post=2593"},{"taxonomy":"post_tag","embeddable":true,"href":"https:\/\/www.uoh.cl\/instituto-ciencias-de-la-salud\/wp-json\/wp\/v2\/tags?post=2593"}],"curies":[{"name":"wp","href":"https:\/\/api.w.org\/{rel}","templated":true}]}}