
{"id":2413,"date":"2023-01-31T10:22:45","date_gmt":"2023-01-31T13:22:45","guid":{"rendered":"https:\/\/www.uoh.cl\/instituto-ciencias-de-la-salud\/2023\/01\/31\/escuela-de-salud-uoh-entrego-reconocimiento-a-tutores-as-clinicos-as-de-sus-campos-clinicos-en-convenio\/"},"modified":"2023-01-31T10:22:45","modified_gmt":"2023-01-31T13:22:45","slug":"escuela-de-salud-uoh-entrego-reconocimiento-a-tutores-as-clinicos-as-de-sus-campos-clinicos-en-convenio","status":"publish","type":"post","link":"https:\/\/www.uoh.cl\/instituto-ciencias-de-la-salud\/2023\/01\/31\/escuela-de-salud-uoh-entrego-reconocimiento-a-tutores-as-clinicos-as-de-sus-campos-clinicos-en-convenio\/","title":{"rendered":"Escuela de Salud UOH entreg\u00f3 reconocimiento a tutores\/as cl\u00ednicos\/as de sus campos cl\u00ednicos en convenio"},"content":{"rendered":"<div class=\"wpb-content-wrapper\"><p>[vc_section el_class=&#8221;container mx-auto align-items-center circle&#8211;pattern&#8221; css=&#8221;.vc_custom_1648956589196{padding-top: 3rem !important;}&#8221;][vc_row][vc_column]<div class=\"breadcrumb\"><ol itemscope itemtype=\"https:\/\/schema.org\/BreadcrumbList\"><li itemprop=\"itemListElement\" itemscope itemtype=\"https:\/\/schema.org\/ListItem\"><a itemprop=\"item\" href=\"http:\/\/www.uoh.cl\"><span itemprop=\"name\">Inicio<\/span><\/a><meta itemprop=\"position\" content=\"1\" \/><li itemprop=\"itemListElement\" itemscope itemtype=\"https:\/\/schema.org\/ListItem\"><a itemprop=\"item\" href=\"https:\/\/www.uoh.cl\/instituto-ciencias-de-la-salud\"><span itemprop=\"name\">Instituto de Ciencias de la Salud <\/span><\/a><meta itemprop=\"position\" content=\"2\" \/><li itemprop=\"itemListElement\" itemscope itemtype=\"https:\/\/schema.org\/ListItem\"><a itemprop=\"item\" href=\"https:\/\/www.uoh.cl\/instituto-ciencias-de-la-salud\/noticias\/\"><span itemprop=\"name\">Noticias<\/span><\/a><meta itemprop=\"position\" content=\"3\" \/><li itemprop=\"itemListElement\" itemscope itemtype=\"https:\/\/schema.org\/ListItem\"><span itemprop=\"name\">Escuela de Salud UOH entreg\u00f3 reconocimiento a tutores\/as cl\u00ednicos\/as de <\/span><meta itemprop=\"position\" content=\"4\" \/><\/ol><\/div><ul class=\"p-0 list-style-none d-inline-block\"><li class=\"p-0\"><a href=https:\/\/www.uoh.cl\/instituto-ciencias-de-la-salud\/category\/salud-uoh\/ class=\"px-1 py-2\">Salud UOH<\/a><\/li><\/ul><div class=\"date_publish_post\"> \u25cf Mar 31 de Enero 2023<\/div><div class=\"uoh_title_component-container\"><h1 class=\"title title--ms d-inline-block title--decorator  big\">Escuela de Salud UOH entreg\u00f3 reconocimiento a tutores\/as cl\u00ednicos\/as de sus campos cl\u00ednicos en convenio<\/h1><\/div>[vc_row_inner el_class=&#8221;border-separator m-0&#8243;][vc_column_inner width=&#8221;2\/3&#8243;]<div class=\"author_wp_class\"> Escrito por <span>Rosa Figueroa<\/span><\/div>[\/vc_column_inner][vc_column_inner el_class=&#8221;align-items-end-publish&#8221; width=&#8221;1\/3&#8243;]<div class=\"uoh_social_network_component uoh_row col-12 justify-content-end m-0 p-0\"> <div class=\"icon__facebook-share-button\">\n                       <a href=\"https:\/\/www.facebook.com\/sharer\/sharer.php?u=https:\/\/www.uoh.cl\/instituto-ciencias-de-la-salud\/2023\/01\/31\/escuela-de-salud-uoh-entrego-reconocimiento-a-tutores-as-clinicos-as-de-sus-campos-clinicos-en-convenio\/\" target=\"_blank\"> <div class=\"icon__facebook-svg\"><svg version=\"1.1\" xmlns=\"http:\/\/www.w3.org\/2000\/svg\" xmlns:xlink=\"http:\/\/www.w3.org\/1999\/xlink\" x=\"0px\" y=\"0px\" width=\"22.4px\" height=\"48.3px\" viewBox=\"0 0 22.4 48.3\" style=\"overflow:visible;enable-background:new 0 0 22.4 48.3;\" xml:space=\"preserve\">\n                <defs>\n                <\/defs>\n                <path class=\"st0\" d=\"M22.4,15.6h-7.6v-5c0-1.9,1.2-2.3,2.1-2.3c0.9,0,5.4,0,5.4,0V0l-7.4,0C6.6,0,4.8,6.2,4.8,10.1v5.5H0v8.5h4.8\n                    c0,10.9,0,24.1,0,24.1h10c0,0,0-13.3,0-24.1h6.8L22.4,15.6z\"><\/path>\n                <\/svg><\/a><\/div>\n                    <\/div><div class=\"icon__twitter-share-button\">\n                        <div class=\"icon__twitter-svg\"><a target=\"_blank\" href=\"http:\/\/twitter.com\/share?url=https:\/\/www.uoh.cl\/instituto-ciencias-de-la-salud\/2023\/01\/31\/escuela-de-salud-uoh-entrego-reconocimiento-a-tutores-as-clinicos-as-de-sus-campos-clinicos-en-convenio\/\"><svg xmlns=\"http:\/\/www.w3.org\/2000\/svg\" height=\"1em\" viewBox=\"0 0 512 512\"><!--! Font Awesome Free 6.4.2 by @fontawesome - https:\/\/fontawesome.com License - https:\/\/fontawesome.com\/license (Commercial License) Copyright 2023 Fonticons, Inc. --><path d=\"M389.2 48h70.6L305.6 224.2 487 464H345L233.7 318.6 106.5 464H35.8L200.7 275.5 26.8 48H172.4L272.9 180.9 389.2 48zM364.4 421.8h39.1L151.1 88h-42L364.4 421.8z\"\/><\/svg><\/a><\/div>\n                        <\/div><div class=\"icon__linkedin-share-button\">\n                        <div class=\"icon__linkedin-svg\">\n                        <a target=\"__blank\" href=\"https:\/\/www.linkedin.com\/sharing\/share-offsite\/?url=https:\/\/www.uoh.cl\/instituto-ciencias-de-la-salud\/2023\/01\/31\/escuela-de-salud-uoh-entrego-reconocimiento-a-tutores-as-clinicos-as-de-sus-campos-clinicos-en-convenio\/\"><svg enable-background=\"new 0 0 100 100\" height=\"100px\" id=\"Layer_1\" version=\"1.1\" viewBox=\"0 0 100 100\" width=\"100px\" xml:space=\"preserve\" xmlns=\"http:\/\/www.w3.org\/2000\/svg\" xmlns:xlink=\"http:\/\/www.w3.org\/1999\/xlink\"><g><circle cx=\"50\" cy=\"50\" fill=\"#ccc\" r=\"45\"\/><g id=\"LinkedIn_1_\"><rect fill=\"#FFFFFF\" height=\"24.361\" width=\"7.69\" x=\"31.271\" y=\"43.569\"\/><path d=\"M59.968,43.334c-4.406,0-7.165,2.387-7.677,4.058v-3.823h-8.636c0.109,2.03,0,24.361,0,24.361h8.636    V54.748c0-0.733-0.034-1.465,0.19-1.991c0.594-1.464,1.869-2.985,4.162-2.985c2.998,0,4.361,2.253,4.361,5.552V67.93h8.721V54.384    C69.726,46.839,65.432,43.334,59.968,43.334z\" fill=\"#FFFFFF\"\/><path d=\"M34.973,32.069c-2.839,0-4.696,1.823-4.696,4.229c0,2.361,1.804,4.224,4.589,4.224h0.054    c2.891,0,4.69-1.869,4.69-4.229C39.555,33.888,37.81,32.069,34.973,32.069z\" fill=\"#FFFFFF\"\/><\/g><\/g><\/svg><\/a><\/div>\n\n            <\/div><\/div>[\/vc_column_inner][\/vc_row_inner][vc_single_image image=&#8221;16846&#8243; img_size=&#8221;full&#8221; onclick=&#8221;link_image&#8221;][vc_column_text]\u00a0[\/vc_column_text][vc_column_text]<em>En la ceremonia, se destac\u00f3 a los\/as profesionales que trabajan junto a los\/as estudiantes de sexto y s\u00e9ptimo a\u00f1o que realizan internado en diferentes centros de salud y principalmente en el Hospital Regional de Rancagua.<\/em><\/p>\n<p>&nbsp;<\/p>\n<p>[\/vc_column_text][vc_column_text]\u00a0[\/vc_column_text][vc_column_text]Durante los \u00faltimos a\u00f1os de la carrera de Medicina, los\/as profesionales que realizan la labor docente asistencial no solo tienen la misi\u00f3n de transmitir habilidades y conocimientos, sino tambi\u00e9n, la de explicitar los objetivos de aprendizaje y evaluar los conocimientos alcanzados de acuerdo a los objetivos. Para cumplir de manera \u00edntegra como docente cl\u00ednico, el tutor debe contar con conocimientos y habilidades t\u00e9cnicas que faciliten las discusiones en grupos, entregar feedback y evaluar, entre otras competencias. Esto se traduce en una adecuada aproximaci\u00f3n al aprendizaje. Adicionalmente, en su quehacer diario debe ser un ejemplo de profesionalismo. Aunque una de estas caracter\u00edsticas puede estar en mayor medida que las otras, no puede faltar ninguna de ellas.<\/p>\n<p>La Escuela de Salud de la Universidad de O&#8217;Higgins reconoci\u00f3 a los\/as docentes tutores\/as que desarrollan esta trascendental labor en sus diferentes campos cl\u00ednicos, pero principalmente en el Hospital Regional Libertador Bernardo O&#8217;Higgins de Rancagua. Se destac\u00f3 a los\/as profesionales que apoyaron en los nuevos conocimientos a los\/as estudiantes que realizan su primer y segundo internado en el principal centro de salud de la regi\u00f3n.<\/p>\n<p>Para el Rector (s) de la Universidad de O&#8217;Higgins, Marcello Visconti, esta ceremonia viene a &#8220;reforzar los lazos entre ambas instituciones que se encuentran estrechos desde el origen de la Universidad, hay que seguir reforzando, porque para formar estos profesionales de la salud con sentido social, con excelencia y con perspectiva regional. Es fundamental este v\u00ednculo que tenemos con el sistema de salud en su conjunto y afianzando ambas labores para que sigan viviendo ceremonias como esta, en la cual reconocemos la enorme labor que hacen todo el personal m\u00e9dico del hospital&#8221;<\/p>\n<p>En tanto, para la directora (s) del HRLBO, Ver\u00f3nica Menares indic\u00f3 que &#8220;ha sido una hermosa ceremonia de reconocimiento, no solo a los\/as tutores\/as que son parte del hospital, sino de la Regi\u00f3n. Cada instancia de encuentro, es un verdadero reconocimiento al crecimiento reflejado en este trabajo en conjunto con la Universidad de O&#8217;Higgins, en el desarrollo integral de profesionales para la regi\u00f3n, para el pa\u00eds y para todo el mundo, siempre con una mirada regional&#8221;.<\/p>\n<p>En la ocasi\u00f3n, se destac\u00f3 al Dr. Genaro Gonz\u00e1lez, por su compromiso en la formaci\u00f3n de estudiantes durante toda su trayectoria profesional.<\/p>\n<p>[\/vc_column_text][\/vc_column][\/vc_row][vc_row][vc_column width=&#8221;1\/3&#8243;][\/vc_column][vc_column width=&#8221;1\/3&#8243;][vc_single_image image=&#8221;16847&#8243; img_size=&#8221;medium&#8221;][\/vc_column][vc_column width=&#8221;1\/3&#8243;][\/vc_column][\/vc_row][\/vc_section][vc_section css=&#8221;.vc_custom_1650255686594{background-color: #f6faff !important;}&#8221; el_class=&#8221;p-md-0 pt-md-5&#8243;][vc_row el_class=&#8221;container mx-auto align-items-center p-md-0 pt-5 pb-5&#8243;][vc_column el_class=&#8221;pb-5&#8243;][vc_row_inner el_class=&#8221;pb-5&#8243;][vc_column_inner]<div class=\"row m-0 p-0\"><div class=\"col-12 col-md-9 pt-5 pt-md-0\"><h2 class=\"title title--decorator title--ms d-inline-block\">Te Recomendamos<\/h2><\/div><\/div><div class=\"content-holder\"><div class=\"row  swipper-news-list not--activate-hack \"><div class=\"row -wrapper\"><div class=\"  col-sm-6 col-md-4 img-article\">\n                                        <div class=\"content-news-display row m-0 p-0\"><div class=\"holder p-0 \"><div class=\"img-wrap img-wrap-news\">\n                                        <div class=\"caption__news-category\">\n                                        <a href=\"https:\/\/www.uoh.cl\/instituto-ciencias-de-la-salud\/category\/salud\/\">\n                                        Salud<\/a><\/div><img decoding=\"async\" class=\"w-100 h-100 lazyload\" data-src=\"https:\/\/www.uoh.cl\/instituto-ciencias-de-la-salud\/wp-content\/uploads\/sites\/26\/2026\/04\/Asistencia-personal-en-la-Union-Europea-brechas-estructurales-bajo-la-lupa-de-un-enfoque-del-feminismo-descolonial.png\" alt=\"Asistencia personal en la Uni\u00f3n Europea: brechas estructurales bajo la lupa de un enfoque del feminismo descolonial\" style=\"--smush-placeholder-width: 1500px; --smush-placeholder-aspect-ratio: 1500\/1000;object-fit: cover; object-position: center;\" src=\"data:image\/svg+xml;base64,PHN2ZyB3aWR0aD0iMSIgaGVpZ2h0PSIxIiB4bWxucz0iaHR0cDovL3d3dy53My5vcmcvMjAwMC9zdmciPjwvc3ZnPg==\"><\/div><\/div><div class=\"caption py-3 caption__news py-md-3 pb-md-5\">\n                                    <span class=\"caption__date\">Lunes 20, Abril<\/span>\n                                     <a href=\"https:\/\/www.uoh.cl\/instituto-ciencias-de-la-salud\/2026\/04\/20\/asistencia-personal-en-la-union-europea-brechas-estructurales-bajo-la-lupa-de-un-enfoque-del-feminismo-descolonial\/\">\n                                    <h3 class=\"small-space\">Asistencia personal en la Uni\u00f3n Europea: brechas estructurales bajo la lupa de un enfoque del feminismo descolonial<\/h3><\/a>\n\n                                    <p>Investigaci\u00f3n internacional, en la que participaron acad\u00e9micos chilenos, revela profundas desigualdades en c\u00f3mo se implementa este derecho clave para la autonom\u00eda de personas con discapacidad y abre debate sobre modelos de cuidado m\u00e1s comunitarios.<\/p>\n                                    <a class=\"link link--bold mt-md-3\" href=\"https:\/\/www.uoh.cl\/instituto-ciencias-de-la-salud\/2026\/04\/20\/asistencia-personal-en-la-union-europea-brechas-estructurales-bajo-la-lupa-de-un-enfoque-del-feminismo-descolonial\/\">Saber m\u00e1s <span class=\"icon icon--inline icon--link\"><svg version=\"1.1\" xmlns=\"http:\/\/www.w3.org\/2000\/svg\" xmlns:xlink=\"http:\/\/www.w3.org\/1999\/xlink\" x=\"0px\" y=\"0px\" width=\"22px\"height=\"22px\" viewBox=\"0 0 22 22\" style=\"overflow:visible;enable-background:new 0 0 80 64.6;\" xml:space=\"preserve\"><g clip-path=\"url(#acA)\"><path fill-rule=\"evenodd\" d=\"M21.913 11.266a.93.93 0 000-.711c-.022-.056-.063-.097-.091-.144s-.053-.103-.097-.15L12.306.294c-.357-.379-.955-.394-1.334-.038s-.394.955-.038 1.334l7.917 8.374H.927a.95.95 0 00-.908.983.946.946 0 00.908.908h17.924l-8.089 8.552c-.357.379-.341.977.034 1.334s.977.341 1.334-.034l9.594-10.148c.044-.044.063-.1.097-.15.028-.047.069-.088.091-.141z\"\/><\/g><defs><clipPath id=\"acA\"><path fill=\"#fff\" d=\"M0 0h22v22H0z\"\/><\/clipPath><\/defs><\/svg><\/span><\/a><\/div><\/div><\/div><div class=\"  col-sm-6 col-md-4 img-article\">\n                                        <div class=\"content-news-display row m-0 p-0\"><div class=\"holder p-0 \"><div class=\"img-wrap img-wrap-news\">\n                                        <div class=\"caption__news-category\">\n                                        <a href=\"https:\/\/www.uoh.cl\/instituto-ciencias-de-la-salud\/category\/salud\/\">\n                                        Salud<\/a><\/div><img decoding=\"async\" class=\"w-100 h-100 lazyload\" data-src=\"https:\/\/www.uoh.cl\/instituto-ciencias-de-la-salud\/wp-content\/uploads\/sites\/26\/2026\/04\/IMG_8384-scaled.jpg\" alt=\"VI Jornada de J\u00f3venes Investigadores en Salud UOH consolida su rol en la formaci\u00f3n cient\u00edfica de Pregrado\" style=\"--smush-placeholder-width: 2560px; --smush-placeholder-aspect-ratio: 2560\/1644;object-fit: cover; object-position: center;\" src=\"data:image\/svg+xml;base64,PHN2ZyB3aWR0aD0iMSIgaGVpZ2h0PSIxIiB4bWxucz0iaHR0cDovL3d3dy53My5vcmcvMjAwMC9zdmciPjwvc3ZnPg==\"><\/div><\/div><div class=\"caption py-3 caption__news py-md-3 pb-md-5\">\n                                    <span class=\"caption__date\">Jueves 16, Abril<\/span>\n                                     <a href=\"https:\/\/www.uoh.cl\/instituto-ciencias-de-la-salud\/2026\/04\/16\/vi-jornada-de-jovenes-investigadores-en-salud-uoh-consolida-su-rol-en-la-formacion-cientifica-de-pregrado\/\">\n                                    <h3 class=\"small-space\">VI Jornada de J\u00f3venes Investigadores en Salud UOH consolida su rol en la formaci\u00f3n cient\u00edfica de Pregrado<\/h3><\/a>\n\n                                    <p>La instancia, organizada de manera conjunta entre el Instituto de Ciencias de la Salud y la Escuela de Salud, reuni\u00f3 a estudiantes de diversas instituciones del pa\u00eds, fortaleciendo el di\u00e1logo acad\u00e9mico y la colaboraci\u00f3n en salud.<\/p>\n                                    <a class=\"link link--bold mt-md-3\" href=\"https:\/\/www.uoh.cl\/instituto-ciencias-de-la-salud\/2026\/04\/16\/vi-jornada-de-jovenes-investigadores-en-salud-uoh-consolida-su-rol-en-la-formacion-cientifica-de-pregrado\/\">Saber m\u00e1s <span class=\"icon icon--inline icon--link\"><svg version=\"1.1\" xmlns=\"http:\/\/www.w3.org\/2000\/svg\" xmlns:xlink=\"http:\/\/www.w3.org\/1999\/xlink\" x=\"0px\" y=\"0px\" width=\"22px\"height=\"22px\" viewBox=\"0 0 22 22\" style=\"overflow:visible;enable-background:new 0 0 80 64.6;\" xml:space=\"preserve\"><g clip-path=\"url(#acA)\"><path fill-rule=\"evenodd\" d=\"M21.913 11.266a.93.93 0 000-.711c-.022-.056-.063-.097-.091-.144s-.053-.103-.097-.15L12.306.294c-.357-.379-.955-.394-1.334-.038s-.394.955-.038 1.334l7.917 8.374H.927a.95.95 0 00-.908.983.946.946 0 00.908.908h17.924l-8.089 8.552c-.357.379-.341.977.034 1.334s.977.341 1.334-.034l9.594-10.148c.044-.044.063-.1.097-.15.028-.047.069-.088.091-.141z\"\/><\/g><defs><clipPath id=\"acA\"><path fill=\"#fff\" d=\"M0 0h22v22H0z\"\/><\/clipPath><\/defs><\/svg><\/span><\/a><\/div><\/div><\/div><div class=\"  col-sm-6 col-md-4 img-article\">\n                                        <div class=\"content-news-display row m-0 p-0\"><div class=\"holder p-0 \"><div class=\"img-wrap img-wrap-news\">\n                                        <div class=\"caption__news-category\">\n                                        <a href=\"https:\/\/www.uoh.cl\/instituto-ciencias-de-la-salud\/category\/cuech\/\">\n                                        CUECH<\/a><\/div><img decoding=\"async\" class=\"w-100 h-100 lazyload\" data-src=\"https:\/\/www.uoh.cl\/instituto-ciencias-de-la-salud\/wp-content\/uploads\/sites\/26\/2026\/04\/DSC_2431-scaled.jpg\" alt=\"Universidades estatales sellan hoja de ruta 2030: Red Desarrollo Sustentable entra en fase de consolidaci\u00f3n\" style=\"--smush-placeholder-width: 2560px; --smush-placeholder-aspect-ratio: 2560\/1707;object-fit: cover; object-position: center;\" src=\"data:image\/svg+xml;base64,PHN2ZyB3aWR0aD0iMSIgaGVpZ2h0PSIxIiB4bWxucz0iaHR0cDovL3d3dy53My5vcmcvMjAwMC9zdmciPjwvc3ZnPg==\"><\/div><\/div><div class=\"caption py-3 caption__news py-md-3 pb-md-5\">\n                                    <span class=\"caption__date\">Mi\u00e9rcoles 15, Abril<\/span>\n                                     <a href=\"https:\/\/www.uoh.cl\/instituto-ciencias-de-la-salud\/2026\/04\/15\/universidades-estatales-sellan-hoja-de-ruta-2030-red-desarrollo-sustentable-entra-en-fase-de-consolidacion\/\">\n                                    <h3 class=\"small-space\">Universidades estatales sellan hoja de ruta 2030: Red Desarrollo Sustentable entra en fase de consolidaci\u00f3n<\/h3><\/a>\n\n                                    <p>En el Plenario realizado en la Universidad de O'Higgins, los 18 planteles p\u00fablicos definieron sus metas estrat\u00e9gicas para el periodo 2026-2030. El plan priorizar\u00e1 la institucionalizaci\u00f3n de capacidades, un diplomado para organismos p\u00fablicos y la medici\u00f3n de la huella h\u00eddrica en los campus.<\/p>\n                                    <a class=\"link link--bold mt-md-3\" href=\"https:\/\/www.uoh.cl\/instituto-ciencias-de-la-salud\/2026\/04\/15\/universidades-estatales-sellan-hoja-de-ruta-2030-red-desarrollo-sustentable-entra-en-fase-de-consolidacion\/\">Saber m\u00e1s <span class=\"icon icon--inline icon--link\"><svg version=\"1.1\" xmlns=\"http:\/\/www.w3.org\/2000\/svg\" xmlns:xlink=\"http:\/\/www.w3.org\/1999\/xlink\" x=\"0px\" y=\"0px\" width=\"22px\"height=\"22px\" viewBox=\"0 0 22 22\" style=\"overflow:visible;enable-background:new 0 0 80 64.6;\" xml:space=\"preserve\"><g clip-path=\"url(#acA)\"><path fill-rule=\"evenodd\" d=\"M21.913 11.266a.93.93 0 000-.711c-.022-.056-.063-.097-.091-.144s-.053-.103-.097-.15L12.306.294c-.357-.379-.955-.394-1.334-.038s-.394.955-.038 1.334l7.917 8.374H.927a.95.95 0 00-.908.983.946.946 0 00.908.908h17.924l-8.089 8.552c-.357.379-.341.977.034 1.334s.977.341 1.334-.034l9.594-10.148c.044-.044.063-.1.097-.15.028-.047.069-.088.091-.141z\"\/><\/g><defs><clipPath id=\"acA\"><path fill=\"#fff\" d=\"M0 0h22v22H0z\"\/><\/clipPath><\/defs><\/svg><\/span><\/a><\/div><\/div><\/div><\/div><\/div><\/div><div class=\"pagination justify-content-center my-5\"><span aria-current=\"page\" class=\"page-numbers current\">1<\/span>\n<a class=\"page-numbers\" href=\"https:\/\/www.uoh.cl\/instituto-ciencias-de-la-salud\/wp-json\/wp\/v2\/posts\/2413\/\/page\/2\">2<\/a>\n<a class=\"page-numbers\" href=\"https:\/\/www.uoh.cl\/instituto-ciencias-de-la-salud\/wp-json\/wp\/v2\/posts\/2413\/\/page\/3\">3<\/a>\n<span class=\"page-numbers dots\">&hellip;<\/span>\n<a class=\"page-numbers\" href=\"https:\/\/www.uoh.cl\/instituto-ciencias-de-la-salud\/wp-json\/wp\/v2\/posts\/2413\/\/page\/104\">104<\/a>\n<a class=\"next page-numbers\" href=\"https:\/\/www.uoh.cl\/instituto-ciencias-de-la-salud\/wp-json\/wp\/v2\/posts\/2413\/\/page\/2\"><div class=\"icon-pagination-next\"> <?xml version=\"1.0\" ?><svg viewBox=\"0 0 96 96\" xmlns=\"http:\/\/www.w3.org\/2000\/svg\"><title\/><path d=\"M39.3756,48.0022l30.47-25.39a6.0035,6.0035,0,0,0-7.6878-9.223L26.1563,43.3906a6.0092,6.0092,0,0,0,0,9.2231L62.1578,82.615a6.0035,6.0035,0,0,0,7.6878-9.2231Z\"\/><\/svg> <\/div><\/a><\/div>[\/vc_column_inner][\/vc_row_inner][\/vc_column][\/vc_row][\/vc_section]<\/p>\n<\/div>","protected":false},"excerpt":{"rendered":"<p>En la ceremonia, se destac\u00f3 a los\/as profesionales que trabajan junto a los\/as estudiantes de sexto y s\u00e9ptimo a\u00f1o que realizan internado en diferentes centros de salud y principalmente en el Hospital Regional de Rancagua.<\/p>\n","protected":false},"author":23,"featured_media":2414,"comment_status":"open","ping_status":"open","sticky":false,"template":"","format":"standard","meta":{"_acf_changed":false,"footnotes":""},"categories":[103],"tags":[],"class_list":["post-2413","post","type-post","status-publish","format-standard","has-post-thumbnail","hentry","category-salud-uoh"],"acf":[],"yoast_head":"<!-- This site is optimized with the Yoast SEO plugin v26.6 - https:\/\/yoast.com\/wordpress\/plugins\/seo\/ -->\n<title>Escuela de Salud UOH entreg\u00f3 reconocimiento a tutores\/as cl\u00ednicos\/as de sus campos cl\u00ednicos en convenio - Instituto de Ciencias de la Salud<\/title>\n<meta name=\"description\" content=\"En la ceremonia, se destac\u00f3 a los\/as profesionales que trabajan junto a los\/as estudiantes de sexto y s\u00e9ptimo a\u00f1o que realizan internado en diferentes centros de salud y principalmente en el Hospital Regional de Rancagua.\" \/>\n<meta name=\"robots\" content=\"noindex, nofollow\" \/>\n<meta property=\"og:locale\" content=\"es_ES\" \/>\n<meta property=\"og:type\" content=\"article\" \/>\n<meta property=\"og:title\" content=\"Escuela de Salud UOH entreg\u00f3 reconocimiento a tutores\/as cl\u00ednicos\/as de sus campos cl\u00ednicos en convenio - Instituto de Ciencias de la Salud\" \/>\n<meta property=\"og:description\" content=\"En la ceremonia, se destac\u00f3 a los\/as profesionales que trabajan junto a los\/as estudiantes de sexto y s\u00e9ptimo a\u00f1o que realizan internado en diferentes centros de salud y principalmente en el Hospital Regional de Rancagua.\" \/>\n<meta property=\"og:url\" content=\"https:\/\/www.uoh.cl\/instituto-ciencias-de-la-salud\/2023\/01\/31\/escuela-de-salud-uoh-entrego-reconocimiento-a-tutores-as-clinicos-as-de-sus-campos-clinicos-en-convenio\/\" \/>\n<meta property=\"og:site_name\" content=\"Instituto de Ciencias de la Salud\" \/>\n<meta property=\"article:published_time\" content=\"2023-01-31T13:22:45+00:00\" \/>\n<meta property=\"og:image\" content=\"https:\/\/www.uoh.cl\/instituto-ciencias-de-la-salud\/wp-content\/uploads\/sites\/26\/2023\/01\/Reconocimiento-UOH.jpg\" \/>\n\t<meta property=\"og:image:width\" content=\"1000\" \/>\n\t<meta property=\"og:image:height\" content=\"1000\" \/>\n\t<meta property=\"og:image:type\" content=\"image\/jpeg\" \/>\n<meta name=\"author\" content=\"Rosa Figueroa\" \/>\n<meta name=\"twitter:card\" content=\"summary_large_image\" \/>\n<meta name=\"twitter:label1\" content=\"Escrito por\" \/>\n\t<meta name=\"twitter:data1\" content=\"Rosa Figueroa\" \/>\n\t<meta name=\"twitter:label2\" content=\"Tiempo estimado de lectura\" \/>\n\t<meta name=\"twitter:data2\" content=\"3 minutos\" \/>\n<script type=\"application\/ld+json\" class=\"yoast-schema-graph\">{\"@context\":\"https:\/\/schema.org\",\"@graph\":[{\"@type\":\"WebPage\",\"@id\":\"https:\/\/www.uoh.cl\/instituto-ciencias-de-la-salud\/2023\/01\/31\/escuela-de-salud-uoh-entrego-reconocimiento-a-tutores-as-clinicos-as-de-sus-campos-clinicos-en-convenio\/\",\"url\":\"https:\/\/www.uoh.cl\/instituto-ciencias-de-la-salud\/2023\/01\/31\/escuela-de-salud-uoh-entrego-reconocimiento-a-tutores-as-clinicos-as-de-sus-campos-clinicos-en-convenio\/\",\"name\":\"Escuela de Salud UOH entreg\u00f3 reconocimiento a tutores\/as cl\u00ednicos\/as de sus campos cl\u00ednicos en convenio - Instituto de Ciencias de la Salud\",\"isPartOf\":{\"@id\":\"https:\/\/www.uoh.cl\/instituto-ciencias-de-la-salud\/#website\"},\"primaryImageOfPage\":{\"@id\":\"https:\/\/www.uoh.cl\/instituto-ciencias-de-la-salud\/2023\/01\/31\/escuela-de-salud-uoh-entrego-reconocimiento-a-tutores-as-clinicos-as-de-sus-campos-clinicos-en-convenio\/#primaryimage\"},\"image\":{\"@id\":\"https:\/\/www.uoh.cl\/instituto-ciencias-de-la-salud\/2023\/01\/31\/escuela-de-salud-uoh-entrego-reconocimiento-a-tutores-as-clinicos-as-de-sus-campos-clinicos-en-convenio\/#primaryimage\"},\"thumbnailUrl\":\"https:\/\/www.uoh.cl\/instituto-ciencias-de-la-salud\/wp-content\/uploads\/sites\/26\/2023\/01\/Reconocimiento-UOH.jpg\",\"datePublished\":\"2023-01-31T13:22:45+00:00\",\"author\":{\"@id\":\"https:\/\/www.uoh.cl\/instituto-ciencias-de-la-salud\/#\/schema\/person\/82faaeee466d58369bc37e08dcf84a32\"},\"description\":\"En la ceremonia, se destac\u00f3 a los\/as profesionales que trabajan junto a los\/as estudiantes de sexto y s\u00e9ptimo a\u00f1o que realizan internado en diferentes centros de salud y principalmente en el Hospital Regional de Rancagua.\",\"inLanguage\":\"es-CL\",\"potentialAction\":[{\"@type\":\"ReadAction\",\"target\":[\"https:\/\/www.uoh.cl\/instituto-ciencias-de-la-salud\/2023\/01\/31\/escuela-de-salud-uoh-entrego-reconocimiento-a-tutores-as-clinicos-as-de-sus-campos-clinicos-en-convenio\/\"]}]},{\"@type\":\"ImageObject\",\"inLanguage\":\"es-CL\",\"@id\":\"https:\/\/www.uoh.cl\/instituto-ciencias-de-la-salud\/2023\/01\/31\/escuela-de-salud-uoh-entrego-reconocimiento-a-tutores-as-clinicos-as-de-sus-campos-clinicos-en-convenio\/#primaryimage\",\"url\":\"https:\/\/www.uoh.cl\/instituto-ciencias-de-la-salud\/wp-content\/uploads\/sites\/26\/2023\/01\/Reconocimiento-UOH.jpg\",\"contentUrl\":\"https:\/\/www.uoh.cl\/instituto-ciencias-de-la-salud\/wp-content\/uploads\/sites\/26\/2023\/01\/Reconocimiento-UOH.jpg\",\"width\":1000,\"height\":1000},{\"@type\":\"WebSite\",\"@id\":\"https:\/\/www.uoh.cl\/instituto-ciencias-de-la-salud\/#website\",\"url\":\"https:\/\/www.uoh.cl\/instituto-ciencias-de-la-salud\/\",\"name\":\"Instituto de Ciencias de la Salud\",\"description\":\"Otro sitio de Sitios de Universidad O'higgins\",\"potentialAction\":[{\"@type\":\"SearchAction\",\"target\":{\"@type\":\"EntryPoint\",\"urlTemplate\":\"https:\/\/www.uoh.cl\/instituto-ciencias-de-la-salud\/?s={search_term_string}\"},\"query-input\":{\"@type\":\"PropertyValueSpecification\",\"valueRequired\":true,\"valueName\":\"search_term_string\"}}],\"inLanguage\":\"es-CL\"},{\"@type\":\"Person\",\"@id\":\"https:\/\/www.uoh.cl\/instituto-ciencias-de-la-salud\/#\/schema\/person\/82faaeee466d58369bc37e08dcf84a32\",\"name\":\"Rosa Figueroa\",\"image\":{\"@type\":\"ImageObject\",\"inLanguage\":\"es-CL\",\"@id\":\"https:\/\/www.uoh.cl\/instituto-ciencias-de-la-salud\/#\/schema\/person\/image\/\",\"url\":\"https:\/\/secure.gravatar.com\/avatar\/f84fb1eff7101e57837fc8f3a62458b8eb741d6ececdcebff78c939bee9037d9?s=96&d=mm&r=g\",\"contentUrl\":\"https:\/\/secure.gravatar.com\/avatar\/f84fb1eff7101e57837fc8f3a62458b8eb741d6ececdcebff78c939bee9037d9?s=96&d=mm&r=g\",\"caption\":\"Rosa Figueroa\"}}]}<\/script>\n<!-- \/ Yoast SEO plugin. -->","yoast_head_json":{"title":"Escuela de Salud UOH entreg\u00f3 reconocimiento a tutores\/as cl\u00ednicos\/as de sus campos cl\u00ednicos en convenio - Instituto de Ciencias de la Salud","description":"En la ceremonia, se destac\u00f3 a los\/as profesionales que trabajan junto a los\/as estudiantes de sexto y s\u00e9ptimo a\u00f1o que realizan internado en diferentes centros de salud y principalmente en el Hospital Regional de Rancagua.","robots":{"index":"noindex","follow":"nofollow"},"og_locale":"es_ES","og_type":"article","og_title":"Escuela de Salud UOH entreg\u00f3 reconocimiento a tutores\/as cl\u00ednicos\/as de sus campos cl\u00ednicos en convenio - Instituto de Ciencias de la Salud","og_description":"En la ceremonia, se destac\u00f3 a los\/as profesionales que trabajan junto a los\/as estudiantes de sexto y s\u00e9ptimo a\u00f1o que realizan internado en diferentes centros de salud y principalmente en el Hospital Regional de Rancagua.","og_url":"https:\/\/www.uoh.cl\/instituto-ciencias-de-la-salud\/2023\/01\/31\/escuela-de-salud-uoh-entrego-reconocimiento-a-tutores-as-clinicos-as-de-sus-campos-clinicos-en-convenio\/","og_site_name":"Instituto de Ciencias de la Salud","article_published_time":"2023-01-31T13:22:45+00:00","og_image":[{"width":1000,"height":1000,"url":"https:\/\/www.uoh.cl\/instituto-ciencias-de-la-salud\/wp-content\/uploads\/sites\/26\/2023\/01\/Reconocimiento-UOH.jpg","type":"image\/jpeg"}],"author":"Rosa Figueroa","twitter_card":"summary_large_image","twitter_misc":{"Escrito por":"Rosa Figueroa","Tiempo estimado de lectura":"3 minutos"},"schema":{"@context":"https:\/\/schema.org","@graph":[{"@type":"WebPage","@id":"https:\/\/www.uoh.cl\/instituto-ciencias-de-la-salud\/2023\/01\/31\/escuela-de-salud-uoh-entrego-reconocimiento-a-tutores-as-clinicos-as-de-sus-campos-clinicos-en-convenio\/","url":"https:\/\/www.uoh.cl\/instituto-ciencias-de-la-salud\/2023\/01\/31\/escuela-de-salud-uoh-entrego-reconocimiento-a-tutores-as-clinicos-as-de-sus-campos-clinicos-en-convenio\/","name":"Escuela de Salud UOH entreg\u00f3 reconocimiento a tutores\/as cl\u00ednicos\/as de sus campos cl\u00ednicos en convenio - Instituto de Ciencias de la Salud","isPartOf":{"@id":"https:\/\/www.uoh.cl\/instituto-ciencias-de-la-salud\/#website"},"primaryImageOfPage":{"@id":"https:\/\/www.uoh.cl\/instituto-ciencias-de-la-salud\/2023\/01\/31\/escuela-de-salud-uoh-entrego-reconocimiento-a-tutores-as-clinicos-as-de-sus-campos-clinicos-en-convenio\/#primaryimage"},"image":{"@id":"https:\/\/www.uoh.cl\/instituto-ciencias-de-la-salud\/2023\/01\/31\/escuela-de-salud-uoh-entrego-reconocimiento-a-tutores-as-clinicos-as-de-sus-campos-clinicos-en-convenio\/#primaryimage"},"thumbnailUrl":"https:\/\/www.uoh.cl\/instituto-ciencias-de-la-salud\/wp-content\/uploads\/sites\/26\/2023\/01\/Reconocimiento-UOH.jpg","datePublished":"2023-01-31T13:22:45+00:00","author":{"@id":"https:\/\/www.uoh.cl\/instituto-ciencias-de-la-salud\/#\/schema\/person\/82faaeee466d58369bc37e08dcf84a32"},"description":"En la ceremonia, se destac\u00f3 a los\/as profesionales que trabajan junto a los\/as estudiantes de sexto y s\u00e9ptimo a\u00f1o que realizan internado en diferentes centros de salud y principalmente en el Hospital Regional de Rancagua.","inLanguage":"es-CL","potentialAction":[{"@type":"ReadAction","target":["https:\/\/www.uoh.cl\/instituto-ciencias-de-la-salud\/2023\/01\/31\/escuela-de-salud-uoh-entrego-reconocimiento-a-tutores-as-clinicos-as-de-sus-campos-clinicos-en-convenio\/"]}]},{"@type":"ImageObject","inLanguage":"es-CL","@id":"https:\/\/www.uoh.cl\/instituto-ciencias-de-la-salud\/2023\/01\/31\/escuela-de-salud-uoh-entrego-reconocimiento-a-tutores-as-clinicos-as-de-sus-campos-clinicos-en-convenio\/#primaryimage","url":"https:\/\/www.uoh.cl\/instituto-ciencias-de-la-salud\/wp-content\/uploads\/sites\/26\/2023\/01\/Reconocimiento-UOH.jpg","contentUrl":"https:\/\/www.uoh.cl\/instituto-ciencias-de-la-salud\/wp-content\/uploads\/sites\/26\/2023\/01\/Reconocimiento-UOH.jpg","width":1000,"height":1000},{"@type":"WebSite","@id":"https:\/\/www.uoh.cl\/instituto-ciencias-de-la-salud\/#website","url":"https:\/\/www.uoh.cl\/instituto-ciencias-de-la-salud\/","name":"Instituto de Ciencias de la Salud","description":"Otro sitio de Sitios de Universidad O'higgins","potentialAction":[{"@type":"SearchAction","target":{"@type":"EntryPoint","urlTemplate":"https:\/\/www.uoh.cl\/instituto-ciencias-de-la-salud\/?s={search_term_string}"},"query-input":{"@type":"PropertyValueSpecification","valueRequired":true,"valueName":"search_term_string"}}],"inLanguage":"es-CL"},{"@type":"Person","@id":"https:\/\/www.uoh.cl\/instituto-ciencias-de-la-salud\/#\/schema\/person\/82faaeee466d58369bc37e08dcf84a32","name":"Rosa Figueroa","image":{"@type":"ImageObject","inLanguage":"es-CL","@id":"https:\/\/www.uoh.cl\/instituto-ciencias-de-la-salud\/#\/schema\/person\/image\/","url":"https:\/\/secure.gravatar.com\/avatar\/f84fb1eff7101e57837fc8f3a62458b8eb741d6ececdcebff78c939bee9037d9?s=96&d=mm&r=g","contentUrl":"https:\/\/secure.gravatar.com\/avatar\/f84fb1eff7101e57837fc8f3a62458b8eb741d6ececdcebff78c939bee9037d9?s=96&d=mm&r=g","caption":"Rosa Figueroa"}}]}},"_links":{"self":[{"href":"https:\/\/www.uoh.cl\/instituto-ciencias-de-la-salud\/wp-json\/wp\/v2\/posts\/2413","targetHints":{"allow":["GET"]}}],"collection":[{"href":"https:\/\/www.uoh.cl\/instituto-ciencias-de-la-salud\/wp-json\/wp\/v2\/posts"}],"about":[{"href":"https:\/\/www.uoh.cl\/instituto-ciencias-de-la-salud\/wp-json\/wp\/v2\/types\/post"}],"author":[{"embeddable":true,"href":"https:\/\/www.uoh.cl\/instituto-ciencias-de-la-salud\/wp-json\/wp\/v2\/users\/23"}],"replies":[{"embeddable":true,"href":"https:\/\/www.uoh.cl\/instituto-ciencias-de-la-salud\/wp-json\/wp\/v2\/comments?post=2413"}],"version-history":[{"count":0,"href":"https:\/\/www.uoh.cl\/instituto-ciencias-de-la-salud\/wp-json\/wp\/v2\/posts\/2413\/revisions"}],"wp:featuredmedia":[{"embeddable":true,"href":"https:\/\/www.uoh.cl\/instituto-ciencias-de-la-salud\/wp-json\/wp\/v2\/media\/2414"}],"wp:attachment":[{"href":"https:\/\/www.uoh.cl\/instituto-ciencias-de-la-salud\/wp-json\/wp\/v2\/media?parent=2413"}],"wp:term":[{"taxonomy":"category","embeddable":true,"href":"https:\/\/www.uoh.cl\/instituto-ciencias-de-la-salud\/wp-json\/wp\/v2\/categories?post=2413"},{"taxonomy":"post_tag","embeddable":true,"href":"https:\/\/www.uoh.cl\/instituto-ciencias-de-la-salud\/wp-json\/wp\/v2\/tags?post=2413"}],"curies":[{"name":"wp","href":"https:\/\/api.w.org\/{rel}","templated":true}]}}