
{"id":2135,"date":"2022-12-05T16:54:55","date_gmt":"2022-12-05T19:54:55","guid":{"rendered":"https:\/\/www.uoh.cl\/instituto-ciencias-de-la-salud\/2022\/12\/05\/direccion-de-gestion-de-personas-conformo-mesa-de-conciliacion-de-la-vida-personal-familiar-y-laboral\/"},"modified":"2022-12-07T08:49:07","modified_gmt":"2022-12-07T11:49:07","slug":"direccion-de-gestion-de-personas-conformo-mesa-de-conciliacion-de-la-vida-personal-familiar-y-laboral","status":"publish","type":"post","link":"https:\/\/www.uoh.cl\/instituto-ciencias-de-la-salud\/2022\/12\/05\/direccion-de-gestion-de-personas-conformo-mesa-de-conciliacion-de-la-vida-personal-familiar-y-laboral\/","title":{"rendered":"Direcci\u00f3n de Gesti\u00f3n de Personas conform\u00f3 Mesa de Conciliaci\u00f3n de la vida personal, familiar y laboral"},"content":{"rendered":"","protected":false},"excerpt":{"rendered":"<p>Con el objetivo de revisar e instalar pr\u00e1cticas que otorguen flexibilidad a los entornos y condiciones de trabajo de nuestros funcionarios\/as.<\/p>\n","protected":false},"author":34,"featured_media":0,"comment_status":"open","ping_status":"open","sticky":false,"template":"","format":"standard","meta":{"_acf_changed":false,"footnotes":""},"categories":[1],"tags":[],"class_list":["post-2135","post","type-post","status-publish","format-standard","hentry","category-sin-categoria"],"acf":[],"yoast_head":"<!-- This site is optimized with the Yoast SEO plugin v26.6 - https:\/\/yoast.com\/wordpress\/plugins\/seo\/ -->\n<title>Direcci\u00f3n de Gesti\u00f3n de Personas conform\u00f3 Mesa de Conciliaci\u00f3n de la vida personal, familiar y laboral - Instituto de Ciencias de la Salud<\/title>\n<meta name=\"description\" content=\"Con el objetivo de revisar e instalar pr\u00e1cticas que otorguen flexibilidad a los entornos y condiciones de trabajo de nuestros funcionarios\/as.\" \/>\n<meta name=\"robots\" content=\"noindex, nofollow\" \/>\n<meta property=\"og:locale\" content=\"es_ES\" \/>\n<meta property=\"og:type\" content=\"article\" \/>\n<meta property=\"og:title\" content=\"Direcci\u00f3n de Gesti\u00f3n de Personas conform\u00f3 Mesa de Conciliaci\u00f3n de la vida personal, familiar y laboral - Instituto de Ciencias de la Salud\" \/>\n<meta property=\"og:description\" content=\"Con el objetivo de revisar e instalar pr\u00e1cticas que otorguen flexibilidad a los entornos y condiciones de trabajo de nuestros funcionarios\/as.\" \/>\n<meta property=\"og:url\" content=\"https:\/\/www.uoh.cl\/instituto-ciencias-de-la-salud\/2022\/12\/05\/direccion-de-gestion-de-personas-conformo-mesa-de-conciliacion-de-la-vida-personal-familiar-y-laboral\/\" \/>\n<meta property=\"og:site_name\" content=\"Instituto de Ciencias de la Salud\" \/>\n<meta property=\"article:published_time\" content=\"2022-12-05T19:54:55+00:00\" \/>\n<meta property=\"article:modified_time\" content=\"2022-12-07T11:49:07+00:00\" \/>\n<meta name=\"author\" content=\"Universidad de O&#039;Higgins\" \/>\n<meta name=\"twitter:card\" content=\"summary_large_image\" \/>\n<meta name=\"twitter:label1\" content=\"Escrito por\" \/>\n\t<meta name=\"twitter:data1\" content=\"Universidad de O&#039;Higgins\" \/>\n\t<meta name=\"twitter:label2\" content=\"Tiempo estimado de lectura\" \/>\n\t<meta name=\"twitter:data2\" content=\"3 minutos\" \/>\n<script type=\"application\/ld+json\" class=\"yoast-schema-graph\">{\"@context\":\"https:\/\/schema.org\",\"@graph\":[{\"@type\":\"WebPage\",\"@id\":\"https:\/\/www.uoh.cl\/instituto-ciencias-de-la-salud\/2022\/12\/05\/direccion-de-gestion-de-personas-conformo-mesa-de-conciliacion-de-la-vida-personal-familiar-y-laboral\/\",\"url\":\"https:\/\/www.uoh.cl\/instituto-ciencias-de-la-salud\/2022\/12\/05\/direccion-de-gestion-de-personas-conformo-mesa-de-conciliacion-de-la-vida-personal-familiar-y-laboral\/\",\"name\":\"Direcci\u00f3n de Gesti\u00f3n de Personas conform\u00f3 Mesa de Conciliaci\u00f3n de la vida personal, familiar y laboral - Instituto de Ciencias de la Salud\",\"isPartOf\":{\"@id\":\"https:\/\/www.uoh.cl\/instituto-ciencias-de-la-salud\/#website\"},\"datePublished\":\"2022-12-05T19:54:55+00:00\",\"dateModified\":\"2022-12-07T11:49:07+00:00\",\"author\":{\"@id\":\"https:\/\/www.uoh.cl\/instituto-ciencias-de-la-salud\/#\/schema\/person\/ea242e676c7d6d7e46fc8b9e39486c4f\"},\"description\":\"Con el objetivo de revisar e instalar pr\u00e1cticas que otorguen flexibilidad a los entornos y condiciones de trabajo de nuestros funcionarios\/as.\",\"inLanguage\":\"es-CL\",\"potentialAction\":[{\"@type\":\"ReadAction\",\"target\":[\"https:\/\/www.uoh.cl\/instituto-ciencias-de-la-salud\/2022\/12\/05\/direccion-de-gestion-de-personas-conformo-mesa-de-conciliacion-de-la-vida-personal-familiar-y-laboral\/\"]}]},{\"@type\":\"WebSite\",\"@id\":\"https:\/\/www.uoh.cl\/instituto-ciencias-de-la-salud\/#website\",\"url\":\"https:\/\/www.uoh.cl\/instituto-ciencias-de-la-salud\/\",\"name\":\"Instituto de Ciencias de la Salud\",\"description\":\"Otro sitio de Sitios de Universidad O'higgins\",\"potentialAction\":[{\"@type\":\"SearchAction\",\"target\":{\"@type\":\"EntryPoint\",\"urlTemplate\":\"https:\/\/www.uoh.cl\/instituto-ciencias-de-la-salud\/?s={search_term_string}\"},\"query-input\":{\"@type\":\"PropertyValueSpecification\",\"valueRequired\":true,\"valueName\":\"search_term_string\"}}],\"inLanguage\":\"es-CL\"},{\"@type\":\"Person\",\"@id\":\"https:\/\/www.uoh.cl\/instituto-ciencias-de-la-salud\/#\/schema\/person\/ea242e676c7d6d7e46fc8b9e39486c4f\",\"name\":\"Universidad de O'Higgins\",\"image\":{\"@type\":\"ImageObject\",\"inLanguage\":\"es-CL\",\"@id\":\"https:\/\/www.uoh.cl\/instituto-ciencias-de-la-salud\/#\/schema\/person\/image\/\",\"url\":\"https:\/\/secure.gravatar.com\/avatar\/78fcb76ca05efae11fd355943c01a832a29786cc00d85b1a82c301bea2b2a214?s=96&d=mm&r=g\",\"contentUrl\":\"https:\/\/secure.gravatar.com\/avatar\/78fcb76ca05efae11fd355943c01a832a29786cc00d85b1a82c301bea2b2a214?s=96&d=mm&r=g\",\"caption\":\"Universidad de O'Higgins\"}}]}<\/script>\n<!-- \/ Yoast SEO plugin. -->","yoast_head_json":{"title":"Direcci\u00f3n de Gesti\u00f3n de Personas conform\u00f3 Mesa de Conciliaci\u00f3n de la vida personal, familiar y laboral - Instituto de Ciencias de la Salud","description":"Con el objetivo de revisar e instalar pr\u00e1cticas que otorguen flexibilidad a los entornos y condiciones de trabajo de nuestros funcionarios\/as.","robots":{"index":"noindex","follow":"nofollow"},"og_locale":"es_ES","og_type":"article","og_title":"Direcci\u00f3n de Gesti\u00f3n de Personas conform\u00f3 Mesa de Conciliaci\u00f3n de la vida personal, familiar y laboral - Instituto de Ciencias de la Salud","og_description":"Con el objetivo de revisar e instalar pr\u00e1cticas que otorguen flexibilidad a los entornos y condiciones de trabajo de nuestros funcionarios\/as.","og_url":"https:\/\/www.uoh.cl\/instituto-ciencias-de-la-salud\/2022\/12\/05\/direccion-de-gestion-de-personas-conformo-mesa-de-conciliacion-de-la-vida-personal-familiar-y-laboral\/","og_site_name":"Instituto de Ciencias de la Salud","article_published_time":"2022-12-05T19:54:55+00:00","article_modified_time":"2022-12-07T11:49:07+00:00","author":"Universidad de O'Higgins","twitter_card":"summary_large_image","twitter_misc":{"Escrito por":"Universidad de O'Higgins","Tiempo estimado de lectura":"3 minutos"},"schema":{"@context":"https:\/\/schema.org","@graph":[{"@type":"WebPage","@id":"https:\/\/www.uoh.cl\/instituto-ciencias-de-la-salud\/2022\/12\/05\/direccion-de-gestion-de-personas-conformo-mesa-de-conciliacion-de-la-vida-personal-familiar-y-laboral\/","url":"https:\/\/www.uoh.cl\/instituto-ciencias-de-la-salud\/2022\/12\/05\/direccion-de-gestion-de-personas-conformo-mesa-de-conciliacion-de-la-vida-personal-familiar-y-laboral\/","name":"Direcci\u00f3n de Gesti\u00f3n de Personas conform\u00f3 Mesa de Conciliaci\u00f3n de la vida personal, familiar y laboral - Instituto de Ciencias de la Salud","isPartOf":{"@id":"https:\/\/www.uoh.cl\/instituto-ciencias-de-la-salud\/#website"},"datePublished":"2022-12-05T19:54:55+00:00","dateModified":"2022-12-07T11:49:07+00:00","author":{"@id":"https:\/\/www.uoh.cl\/instituto-ciencias-de-la-salud\/#\/schema\/person\/ea242e676c7d6d7e46fc8b9e39486c4f"},"description":"Con el objetivo de revisar e instalar pr\u00e1cticas que otorguen flexibilidad a los entornos y condiciones de trabajo de nuestros funcionarios\/as.","inLanguage":"es-CL","potentialAction":[{"@type":"ReadAction","target":["https:\/\/www.uoh.cl\/instituto-ciencias-de-la-salud\/2022\/12\/05\/direccion-de-gestion-de-personas-conformo-mesa-de-conciliacion-de-la-vida-personal-familiar-y-laboral\/"]}]},{"@type":"WebSite","@id":"https:\/\/www.uoh.cl\/instituto-ciencias-de-la-salud\/#website","url":"https:\/\/www.uoh.cl\/instituto-ciencias-de-la-salud\/","name":"Instituto de Ciencias de la Salud","description":"Otro sitio de Sitios de Universidad O'higgins","potentialAction":[{"@type":"SearchAction","target":{"@type":"EntryPoint","urlTemplate":"https:\/\/www.uoh.cl\/instituto-ciencias-de-la-salud\/?s={search_term_string}"},"query-input":{"@type":"PropertyValueSpecification","valueRequired":true,"valueName":"search_term_string"}}],"inLanguage":"es-CL"},{"@type":"Person","@id":"https:\/\/www.uoh.cl\/instituto-ciencias-de-la-salud\/#\/schema\/person\/ea242e676c7d6d7e46fc8b9e39486c4f","name":"Universidad de O'Higgins","image":{"@type":"ImageObject","inLanguage":"es-CL","@id":"https:\/\/www.uoh.cl\/instituto-ciencias-de-la-salud\/#\/schema\/person\/image\/","url":"https:\/\/secure.gravatar.com\/avatar\/78fcb76ca05efae11fd355943c01a832a29786cc00d85b1a82c301bea2b2a214?s=96&d=mm&r=g","contentUrl":"https:\/\/secure.gravatar.com\/avatar\/78fcb76ca05efae11fd355943c01a832a29786cc00d85b1a82c301bea2b2a214?s=96&d=mm&r=g","caption":"Universidad de O'Higgins"}}]}},"_links":{"self":[{"href":"https:\/\/www.uoh.cl\/instituto-ciencias-de-la-salud\/wp-json\/wp\/v2\/posts\/2135","targetHints":{"allow":["GET"]}}],"collection":[{"href":"https:\/\/www.uoh.cl\/instituto-ciencias-de-la-salud\/wp-json\/wp\/v2\/posts"}],"about":[{"href":"https:\/\/www.uoh.cl\/instituto-ciencias-de-la-salud\/wp-json\/wp\/v2\/types\/post"}],"author":[{"embeddable":true,"href":"https:\/\/www.uoh.cl\/instituto-ciencias-de-la-salud\/wp-json\/wp\/v2\/users\/34"}],"replies":[{"embeddable":true,"href":"https:\/\/www.uoh.cl\/instituto-ciencias-de-la-salud\/wp-json\/wp\/v2\/comments?post=2135"}],"version-history":[{"count":1,"href":"https:\/\/www.uoh.cl\/instituto-ciencias-de-la-salud\/wp-json\/wp\/v2\/posts\/2135\/revisions"}],"predecessor-version":[{"id":2136,"href":"https:\/\/www.uoh.cl\/instituto-ciencias-de-la-salud\/wp-json\/wp\/v2\/posts\/2135\/revisions\/2136"}],"wp:attachment":[{"href":"https:\/\/www.uoh.cl\/instituto-ciencias-de-la-salud\/wp-json\/wp\/v2\/media?parent=2135"}],"wp:term":[{"taxonomy":"category","embeddable":true,"href":"https:\/\/www.uoh.cl\/instituto-ciencias-de-la-salud\/wp-json\/wp\/v2\/categories?post=2135"},{"taxonomy":"post_tag","embeddable":true,"href":"https:\/\/www.uoh.cl\/instituto-ciencias-de-la-salud\/wp-json\/wp\/v2\/tags?post=2135"}],"curies":[{"name":"wp","href":"https:\/\/api.w.org\/{rel}","templated":true}]}}