
{"id":1467,"date":"2022-10-27T11:54:01","date_gmt":"2022-10-27T14:54:01","guid":{"rendered":"https:\/\/www.uoh.cl\/instituto-ciencias-de-la-salud\/2022\/10\/27\/terapia-ocupacional-uoh-profesionales-con-enfoque-social\/"},"modified":"2022-10-27T11:54:01","modified_gmt":"2022-10-27T14:54:01","slug":"terapia-ocupacional-uoh-profesionales-con-enfoque-social","status":"publish","type":"post","link":"https:\/\/www.uoh.cl\/instituto-ciencias-de-la-salud\/2022\/10\/27\/terapia-ocupacional-uoh-profesionales-con-enfoque-social\/","title":{"rendered":"Terapia Ocupacional UOH: Profesionales con enfoque social"},"content":{"rendered":"<div class=\"wpb-content-wrapper\"><p>[vc_section el_class=&#8221;container mx-auto align-items-center text-right circle&#8211;pattern&#8221; css=&#8221;.vc_custom_1648956589196{padding-top: 3rem !important;}&#8221;][vc_row][vc_column]<div class=\"breadcrumb\"><ol itemscope itemtype=\"https:\/\/schema.org\/BreadcrumbList\"><li itemprop=\"itemListElement\" itemscope itemtype=\"https:\/\/schema.org\/ListItem\"><a itemprop=\"item\" href=\"http:\/\/www.uoh.cl\"><span itemprop=\"name\">Inicio<\/span><\/a><meta itemprop=\"position\" content=\"1\" \/><li itemprop=\"itemListElement\" itemscope itemtype=\"https:\/\/schema.org\/ListItem\"><a itemprop=\"item\" href=\"https:\/\/www.uoh.cl\/instituto-ciencias-de-la-salud\"><span itemprop=\"name\">Instituto de Ciencias de la Salud <\/span><\/a><meta itemprop=\"position\" content=\"2\" \/><li itemprop=\"itemListElement\" itemscope itemtype=\"https:\/\/schema.org\/ListItem\"><a itemprop=\"item\" href=\"https:\/\/www.uoh.cl\/instituto-ciencias-de-la-salud\/noticias\/\"><span itemprop=\"name\">Noticias<\/span><\/a><meta itemprop=\"position\" content=\"3\" \/><li itemprop=\"itemListElement\" itemscope itemtype=\"https:\/\/schema.org\/ListItem\"><span itemprop=\"name\">Terapia Ocupacional UOH: Profesionales con enfoque social <\/span><meta itemprop=\"position\" content=\"4\" \/><\/ol><\/div><ul class=\"p-0 list-style-none d-inline-block\"><li class=\"p-0\"><a href=https:\/\/www.uoh.cl\/instituto-ciencias-de-la-salud\/category\/salud-uoh\/ class=\"px-1 py-2\">Salud UOH<\/a><\/li><\/ul><div class=\"date_publish_post\"> \u25cf Jue 27 de Octubre 2022<\/div><div class=\"uoh_title_component-container\"><h1 class=\"title title--ms d-inline-block title--decorator  big\">Terapia Ocupacional UOH: Profesionales con enfoque social<\/h1><\/div>[vc_row_inner el_class=&#8221;border-separator m-0&#8243;][vc_column_inner width=&#8221;2\/3&#8243;]<div class=\"author_wp_class\"> Escrito por <span>Daniel Gajardo<\/span><\/div>[\/vc_column_inner][vc_column_inner el_class=&#8221;align-items-end-publish&#8221; width=&#8221;1\/3&#8243;]<div class=\"uoh_social_network_component uoh_row col-12 justify-content-end m-0 p-0\"> <div class=\"icon__facebook-share-button\">\n                       <a href=\"https:\/\/www.facebook.com\/sharer\/sharer.php?u=https:\/\/www.uoh.cl\/instituto-ciencias-de-la-salud\/2022\/10\/27\/terapia-ocupacional-uoh-profesionales-con-enfoque-social\/\" target=\"_blank\"> <div class=\"icon__facebook-svg\"><svg version=\"1.1\" xmlns=\"http:\/\/www.w3.org\/2000\/svg\" xmlns:xlink=\"http:\/\/www.w3.org\/1999\/xlink\" x=\"0px\" y=\"0px\" width=\"22.4px\" height=\"48.3px\" viewBox=\"0 0 22.4 48.3\" style=\"overflow:visible;enable-background:new 0 0 22.4 48.3;\" xml:space=\"preserve\">\n                <defs>\n                <\/defs>\n                <path class=\"st0\" d=\"M22.4,15.6h-7.6v-5c0-1.9,1.2-2.3,2.1-2.3c0.9,0,5.4,0,5.4,0V0l-7.4,0C6.6,0,4.8,6.2,4.8,10.1v5.5H0v8.5h4.8\n                    c0,10.9,0,24.1,0,24.1h10c0,0,0-13.3,0-24.1h6.8L22.4,15.6z\"><\/path>\n                <\/svg><\/a><\/div>\n                    <\/div><div class=\"icon__twitter-share-button\">\n                        <div class=\"icon__twitter-svg\"><a target=\"_blank\" href=\"http:\/\/twitter.com\/share?url=https:\/\/www.uoh.cl\/instituto-ciencias-de-la-salud\/2022\/10\/27\/terapia-ocupacional-uoh-profesionales-con-enfoque-social\/\"><svg xmlns=\"http:\/\/www.w3.org\/2000\/svg\" height=\"1em\" viewBox=\"0 0 512 512\"><!--! Font Awesome Free 6.4.2 by @fontawesome - https:\/\/fontawesome.com License - https:\/\/fontawesome.com\/license (Commercial License) Copyright 2023 Fonticons, Inc. --><path d=\"M389.2 48h70.6L305.6 224.2 487 464H345L233.7 318.6 106.5 464H35.8L200.7 275.5 26.8 48H172.4L272.9 180.9 389.2 48zM364.4 421.8h39.1L151.1 88h-42L364.4 421.8z\"\/><\/svg><\/a><\/div>\n                        <\/div><div class=\"icon__linkedin-share-button\">\n                        <div class=\"icon__linkedin-svg\">\n                        <a target=\"__blank\" href=\"https:\/\/www.linkedin.com\/sharing\/share-offsite\/?url=https:\/\/www.uoh.cl\/instituto-ciencias-de-la-salud\/2022\/10\/27\/terapia-ocupacional-uoh-profesionales-con-enfoque-social\/\"><svg enable-background=\"new 0 0 100 100\" height=\"100px\" id=\"Layer_1\" version=\"1.1\" viewBox=\"0 0 100 100\" width=\"100px\" xml:space=\"preserve\" xmlns=\"http:\/\/www.w3.org\/2000\/svg\" xmlns:xlink=\"http:\/\/www.w3.org\/1999\/xlink\"><g><circle cx=\"50\" cy=\"50\" fill=\"#ccc\" r=\"45\"\/><g id=\"LinkedIn_1_\"><rect fill=\"#FFFFFF\" height=\"24.361\" width=\"7.69\" x=\"31.271\" y=\"43.569\"\/><path d=\"M59.968,43.334c-4.406,0-7.165,2.387-7.677,4.058v-3.823h-8.636c0.109,2.03,0,24.361,0,24.361h8.636    V54.748c0-0.733-0.034-1.465,0.19-1.991c0.594-1.464,1.869-2.985,4.162-2.985c2.998,0,4.361,2.253,4.361,5.552V67.93h8.721V54.384    C69.726,46.839,65.432,43.334,59.968,43.334z\" fill=\"#FFFFFF\"\/><path d=\"M34.973,32.069c-2.839,0-4.696,1.823-4.696,4.229c0,2.361,1.804,4.224,4.589,4.224h0.054    c2.891,0,4.69-1.869,4.69-4.229C39.555,33.888,37.81,32.069,34.973,32.069z\" fill=\"#FFFFFF\"\/><\/g><\/g><\/svg><\/a><\/div>\n\n            <\/div><\/div>[\/vc_column_inner][\/vc_row_inner][vc_single_image image=&#8221;12045&#8243; img_size=&#8221;large&#8221;][vc_column_text]\u00a0[\/vc_column_text][vc_column_text]<em>Con fuerte compromiso y vocaci\u00f3n humanista, los\/as egresados\/as buscan potenciar el bienestar y la inclusi\u00f3n de las personas en distintos contextos.<\/em>[\/vc_column_text][vc_column_text]\u00a0[\/vc_column_text][vc_column_text]Cada 27 de octubre, se conmemora el D\u00eda Mundial de la Terapia Ocupacional con el objetivo de promover la profesi\u00f3n de la terapia ocupacional a nivel internacional. Se quiere visibilizar el trabajo y desarrollo de esta profesi\u00f3n, y generar y difundir actividades relacionadas con la terapia ocupacional.<\/p>\n<p>Los\/as terapeutas ocupacionales son profesionales socio-sanitarios que dirigen su actuaci\u00f3n hist\u00f3ricamente a personas que presentan una discapacidad, de modo permanente o temporal, con dificultades en sus funciones f\u00edsicas, sensoriales o mentales, cuyo objetivo es apoyar a las personas a mejorar su autonom\u00eda en las tareas de la vida diaria, y acompa\u00f1ar en su desarrollo hacia una vida independiente, productiva y plena.<\/p>\n<p>Desde sus inicios, la Universidad Estatal de O\u2019Higgins (UOH), a trav\u00e9s de la carrera de Terapia Ocupacional, forma profesionales con gran integridad, con inter\u00e9s cient\u00edfico-humanista y una \u00e9tica de calidad. Dicho profesional re\u00fane las competencias para identificar, analizar, evaluar e intervenir en las dificultades y potencialidades de personas, grupos o comunidades, considerando todas sus dimensiones. Gestiona como medio terap\u00e9utico la ejecuci\u00f3n de actividades b\u00e1sicas de autocuidado, juego, esparcimiento, escolaridad, trabajo y sociabilidad, resguardando el trato respetuoso y humanitario.<\/p>\n<p>\u201cLa Regi\u00f3n de O\u2019Higgins tiene altos \u00edndices de personas con discapacidad, pobreza y ruralidad, y esta\u00a0situaci\u00f3n expone a un grupo importante de personas y familias a una situaci\u00f3n de vulnerabilidad. La terapia ocupacional puede contribuir a enfrentar esos desaf\u00edos\u00a0y demandas, de manera complementaria a las tradicionales labores profesionales que se realizan en diferentes\u00a0centros de salud de la regi\u00f3n, sobre todo para impulsar el desarrollo de la atenci\u00f3n primaria y los centros comunitarios de rehabilitaci\u00f3n\u201d, apunta el jefe de carrera de Terapia Ocupacional UOH, Juan Pino.<\/p>\n<p>El\/la Terapeuta Ocupacional de la Universidad de O\u2019Higgins estar\u00e1 capacitado\/a para desempe\u00f1arse en \u00e1mbitos de Salud, Trabajo, Educaci\u00f3n, Justicia, Desarrollo Social, entre otros. Puede ejecutar acciones de promoci\u00f3n, tratamiento y rehabilitaci\u00f3n; potenciar la inclusi\u00f3n a trav\u00e9s de estrategias de rehabilitaci\u00f3n laboral para personas en situaci\u00f3n de discapacidad, ejecutar programas para j\u00f3venes en riesgo social y adultos privados de libertad, y ejecutar acciones que permitan la igualdad de oportunidades y bienestar de personas y comunidades vulnerables.<\/p>\n<p>\u201cLa carrera de Terapia Ocupacional tiene importantes desaf\u00edos\u00a0profesionales, estos responden a las nuevas necesidades que enfrenta la sociedad chilena, algunos de ellos, tienen relaci\u00f3n con el trabajo con personas migrantes para que puedan incorporarse en todas las din\u00e1micas sociales y culturales, respetando siempre sus identidades e historicidad\u201d, apunta Juan Pino, quien enfatiza en otros desaf\u00edos como \u201cen el trabajo de infancia y juventudes, donde existe cada vez mayor preocupaci\u00f3n por la promoci\u00f3n y la prevenci\u00f3n de estilos de vida saludables los cuales ser\u00e1n fundamentales para el bienestar de la poblaci\u00f3n en general\u201d, se\u00f1ala.<\/p>\n<p>\u201cLa invitaci\u00f3n es para que conozcan los diferentes quehaceres de la Terapia Ocupacional y su riqueza para enfrentar los problemas actuales, que se animen a pensar en conjunto estrategias para avanzar en inclusi\u00f3n, reconocimiento, participaci\u00f3n y respeto de los derechos humanos de todas las personas\u201d, finaliz\u00f3 Pino.[\/vc_column_text][\/vc_column][\/vc_row][\/vc_section][vc_section css=&#8221;.vc_custom_1650255686594{background-color: #f6faff !important;}&#8221; el_class=&#8221;p-md-0 pt-md-5&#8243;][vc_row el_class=&#8221;container mx-auto align-items-center text-right p-md-0 pt-5 pb-5&#8243;][vc_column el_class=&#8221;pb-5&#8243;][vc_row_inner el_class=&#8221;pb-5&#8243;][vc_column_inner]<div class=\"row m-0 p-0\"><div class=\"col-12 col-md-9 pt-5 pt-md-0\"><h2 class=\"title title--decorator title--ms d-inline-block\">Te Recomendamos<\/h2><\/div><\/div><div class=\"content-holder\"><div class=\"row  swipper-news-list not--activate-hack \"><div class=\"row -wrapper\"><div class=\"  col-sm-6 col-md-4 img-article\">\n                                        <div class=\"content-news-display row m-0 p-0\"><div class=\"holder p-0 \"><div class=\"img-wrap img-wrap-news\">\n                                        <div class=\"caption__news-category\">\n                                        <a href=\"https:\/\/www.uoh.cl\/instituto-ciencias-de-la-salud\/category\/salud\/\">\n                                        Salud<\/a><\/div><img decoding=\"async\" class=\"w-100 h-100 lazyload\" data-src=\"https:\/\/www.uoh.cl\/instituto-ciencias-de-la-salud\/wp-content\/uploads\/sites\/26\/2026\/09\/Telefonos.jpg\" alt=\"Experto advierte: \u201cEl verdadero problema no es prohibir las redes sociales, sino haber delegado en ellas la socializaci\u00f3n de una generaci\u00f3n\u201d\" style=\"--smush-placeholder-width: 1500px; --smush-placeholder-aspect-ratio: 1500\/1001;object-fit: cover; object-position: center;\" src=\"data:image\/svg+xml;base64,PHN2ZyB3aWR0aD0iMSIgaGVpZ2h0PSIxIiB4bWxucz0iaHR0cDovL3d3dy53My5vcmcvMjAwMC9zdmciPjwvc3ZnPg==\"><\/div><\/div><div class=\"caption py-3 caption__news py-md-3 pb-md-5\">\n                                    <span class=\"caption__date\">Martes 1, Septiembre<\/span>\n                                     <a href=\"https:\/\/www.uoh.cl\/instituto-ciencias-de-la-salud\/2026\/09\/01\/experto-advierte-el-verdadero-problema-no-es-prohibir-las-redes-sociales-sino-haber-delegado-en-ellas-la-socializacion-de-una-generacion\/\">\n                                    <h3 class=\"small-space\">Experto advierte: \u201cEl verdadero problema no es prohibir las redes sociales, sino haber delegado en ellas la socializaci\u00f3n de una generaci\u00f3n\u201d<\/h3><\/a>\n\n                                    <p>La decisi\u00f3n de Francia de restringir el acceso a redes sociales para menores de 15 a\u00f1os reabri\u00f3 un debate mundial. El acad\u00e9mico Jorge Gallardo plantea que las plataformas digitales no son el origen del problema, sino el reflejo de una sociedad que -durante a\u00f1os- dej\u00f3 que buena parte de la formaci\u00f3n social de ni\u00f1os y adolescentes ocurriera en espacios gobernados por algoritmos e intereses comerciales.<\/p>\n                                    <a class=\"link link--bold mt-md-3\" href=\"https:\/\/www.uoh.cl\/instituto-ciencias-de-la-salud\/2026\/09\/01\/experto-advierte-el-verdadero-problema-no-es-prohibir-las-redes-sociales-sino-haber-delegado-en-ellas-la-socializacion-de-una-generacion\/\">Saber m\u00e1s <span class=\"icon icon--inline icon--link\"><svg version=\"1.1\" xmlns=\"http:\/\/www.w3.org\/2000\/svg\" xmlns:xlink=\"http:\/\/www.w3.org\/1999\/xlink\" x=\"0px\" y=\"0px\" width=\"22px\"height=\"22px\" viewBox=\"0 0 22 22\" style=\"overflow:visible;enable-background:new 0 0 80 64.6;\" xml:space=\"preserve\"><g clip-path=\"url(#acA)\"><path fill-rule=\"evenodd\" d=\"M21.913 11.266a.93.93 0 000-.711c-.022-.056-.063-.097-.091-.144s-.053-.103-.097-.15L12.306.294c-.357-.379-.955-.394-1.334-.038s-.394.955-.038 1.334l7.917 8.374H.927a.95.95 0 00-.908.983.946.946 0 00.908.908h17.924l-8.089 8.552c-.357.379-.341.977.034 1.334s.977.341 1.334-.034l9.594-10.148c.044-.044.063-.1.097-.15.028-.047.069-.088.091-.141z\"\/><\/g><defs><clipPath id=\"acA\"><path fill=\"#fff\" d=\"M0 0h22v22H0z\"\/><\/clipPath><\/defs><\/svg><\/span><\/a><\/div><\/div><\/div><div class=\"  col-sm-6 col-md-4 img-article\">\n                                        <div class=\"content-news-display row m-0 p-0\"><div class=\"holder p-0 \"><div class=\"img-wrap img-wrap-news\">\n                                        <div class=\"caption__news-category\">\n                                        <a href=\"https:\/\/www.uoh.cl\/instituto-ciencias-de-la-salud\/category\/institucional\/\">\n                                        Institucional<\/a><\/div><img decoding=\"async\" class=\"w-100 h-100 lazyload\" data-src=\"https:\/\/www.uoh.cl\/instituto-ciencias-de-la-salud\/wp-content\/uploads\/sites\/26\/2026\/08\/Pukara-2.jpeg\" alt=\"Hist\u00f3rico acuerdo permitir\u00e1 a la UOH proteger y poner en valor el Pukar\u00e1 de La Compa\u00f1\u00eda\" style=\"--smush-placeholder-width: 1600px; --smush-placeholder-aspect-ratio: 1600\/1066;object-fit: cover; object-position: center;\" src=\"data:image\/svg+xml;base64,PHN2ZyB3aWR0aD0iMSIgaGVpZ2h0PSIxIiB4bWxucz0iaHR0cDovL3d3dy53My5vcmcvMjAwMC9zdmciPjwvc3ZnPg==\"><\/div><\/div><div class=\"caption py-3 caption__news py-md-3 pb-md-5\">\n                                    <span class=\"caption__date\">Viernes 28, Agosto<\/span>\n                                     <a href=\"https:\/\/www.uoh.cl\/instituto-ciencias-de-la-salud\/2026\/08\/28\/historico-acuerdo-permitira-a-la-uoh-proteger-y-poner-en-valor-el-pukara-de-la-compania\/\">\n                                    <h3 class=\"small-space\">Hist\u00f3rico acuerdo permitir\u00e1 a la UOH proteger y poner en valor el Pukar\u00e1 de La Compa\u00f1\u00eda<\/h3><\/a>\n\n                                    <p>Acuerdo impulsado por el CDE permitir\u00e1 que uno de los sitios arqueol\u00f3gicos m\u00e1s importantes de Chile quede bajo el resguardo de una universidad estatal y se transforme en un espacio permanente para la investigaci\u00f3n cient\u00edfica, la educaci\u00f3n patrimonial y el desarrollo cultural de la Regi\u00f3n de O\u2019Higgins.<\/p>\n                                    <a class=\"link link--bold mt-md-3\" href=\"https:\/\/www.uoh.cl\/instituto-ciencias-de-la-salud\/2026\/08\/28\/historico-acuerdo-permitira-a-la-uoh-proteger-y-poner-en-valor-el-pukara-de-la-compania\/\">Saber m\u00e1s <span class=\"icon icon--inline icon--link\"><svg version=\"1.1\" xmlns=\"http:\/\/www.w3.org\/2000\/svg\" xmlns:xlink=\"http:\/\/www.w3.org\/1999\/xlink\" x=\"0px\" y=\"0px\" width=\"22px\"height=\"22px\" viewBox=\"0 0 22 22\" style=\"overflow:visible;enable-background:new 0 0 80 64.6;\" xml:space=\"preserve\"><g clip-path=\"url(#acA)\"><path fill-rule=\"evenodd\" d=\"M21.913 11.266a.93.93 0 000-.711c-.022-.056-.063-.097-.091-.144s-.053-.103-.097-.15L12.306.294c-.357-.379-.955-.394-1.334-.038s-.394.955-.038 1.334l7.917 8.374H.927a.95.95 0 00-.908.983.946.946 0 00.908.908h17.924l-8.089 8.552c-.357.379-.341.977.034 1.334s.977.341 1.334-.034l9.594-10.148c.044-.044.063-.1.097-.15.028-.047.069-.088.091-.141z\"\/><\/g><defs><clipPath id=\"acA\"><path fill=\"#fff\" d=\"M0 0h22v22H0z\"\/><\/clipPath><\/defs><\/svg><\/span><\/a><\/div><\/div><\/div><div class=\"  col-sm-6 col-md-4 img-article\">\n                                        <div class=\"content-news-display row m-0 p-0\"><div class=\"holder p-0 \"><div class=\"img-wrap img-wrap-news\">\n                                        <div class=\"caption__news-category\">\n                                        <a href=\"https:\/\/www.uoh.cl\/instituto-ciencias-de-la-salud\/category\/investigacion\/\">\n                                        Investigaci\u00f3n<\/a><\/div><img decoding=\"async\" class=\"w-100 h-100 lazyload\" data-src=\"https:\/\/www.uoh.cl\/instituto-ciencias-de-la-salud\/wp-content\/uploads\/sites\/26\/2026\/08\/Imagen-4-scaled.jpeg\" alt=\"Proyecto InES G\u00e9nero UOH lanza segunda versi\u00f3n del Curso de Liderazgo Cient\u00edfico para Mujeres Investigadoras 2026\" style=\"--smush-placeholder-width: 2560px; --smush-placeholder-aspect-ratio: 2560\/1440;object-fit: cover; object-position: center;\" src=\"data:image\/svg+xml;base64,PHN2ZyB3aWR0aD0iMSIgaGVpZ2h0PSIxIiB4bWxucz0iaHR0cDovL3d3dy53My5vcmcvMjAwMC9zdmciPjwvc3ZnPg==\"><\/div><\/div><div class=\"caption py-3 caption__news py-md-3 pb-md-5\">\n                                    <span class=\"caption__date\">Viernes 28, Agosto<\/span>\n                                     <a href=\"https:\/\/www.uoh.cl\/instituto-ciencias-de-la-salud\/2026\/08\/28\/proyecto-ines-genero-uoh-lanza-segunda-version-del-curso-de-liderazgo-cientifico-para-mujeres-investigadoras-2026\/\">\n                                    <h3 class=\"small-space\">Proyecto InES G\u00e9nero UOH lanza segunda versi\u00f3n del Curso de Liderazgo Cient\u00edfico para Mujeres Investigadoras 2026<\/h3><\/a>\n\n                                    <p>La iniciativa busca fortalecer las capacidades de liderazgo, desarrollo profesional y proyecci\u00f3n de las trayectorias de acad\u00e9micas e investigadoras postdoctorales de la Universidad de O\u2019Higgins. <\/p>\n                                    <a class=\"link link--bold mt-md-3\" href=\"https:\/\/www.uoh.cl\/instituto-ciencias-de-la-salud\/2026\/08\/28\/proyecto-ines-genero-uoh-lanza-segunda-version-del-curso-de-liderazgo-cientifico-para-mujeres-investigadoras-2026\/\">Saber m\u00e1s <span class=\"icon icon--inline icon--link\"><svg version=\"1.1\" xmlns=\"http:\/\/www.w3.org\/2000\/svg\" xmlns:xlink=\"http:\/\/www.w3.org\/1999\/xlink\" x=\"0px\" y=\"0px\" width=\"22px\"height=\"22px\" viewBox=\"0 0 22 22\" style=\"overflow:visible;enable-background:new 0 0 80 64.6;\" xml:space=\"preserve\"><g clip-path=\"url(#acA)\"><path fill-rule=\"evenodd\" d=\"M21.913 11.266a.93.93 0 000-.711c-.022-.056-.063-.097-.091-.144s-.053-.103-.097-.15L12.306.294c-.357-.379-.955-.394-1.334-.038s-.394.955-.038 1.334l7.917 8.374H.927a.95.95 0 00-.908.983.946.946 0 00.908.908h17.924l-8.089 8.552c-.357.379-.341.977.034 1.334s.977.341 1.334-.034l9.594-10.148c.044-.044.063-.1.097-.15.028-.047.069-.088.091-.141z\"\/><\/g><defs><clipPath id=\"acA\"><path fill=\"#fff\" d=\"M0 0h22v22H0z\"\/><\/clipPath><\/defs><\/svg><\/span><\/a><\/div><\/div><\/div><\/div><\/div><\/div><div class=\"pagination justify-content-center my-5\"><span aria-current=\"page\" class=\"page-numbers current\">1<\/span>\n<a class=\"page-numbers\" href=\"https:\/\/www.uoh.cl\/instituto-ciencias-de-la-salud\/wp-json\/wp\/v2\/posts\/1467\/\/page\/2\">2<\/a>\n<a class=\"page-numbers\" href=\"https:\/\/www.uoh.cl\/instituto-ciencias-de-la-salud\/wp-json\/wp\/v2\/posts\/1467\/\/page\/3\">3<\/a>\n<span class=\"page-numbers dots\">&hellip;<\/span>\n<a class=\"page-numbers\" href=\"https:\/\/www.uoh.cl\/instituto-ciencias-de-la-salud\/wp-json\/wp\/v2\/posts\/1467\/\/page\/109\">109<\/a>\n<a class=\"next page-numbers\" href=\"https:\/\/www.uoh.cl\/instituto-ciencias-de-la-salud\/wp-json\/wp\/v2\/posts\/1467\/\/page\/2\"><div class=\"icon-pagination-next\"> <?xml version=\"1.0\" ?><svg viewBox=\"0 0 96 96\" xmlns=\"http:\/\/www.w3.org\/2000\/svg\"><title\/><path d=\"M39.3756,48.0022l30.47-25.39a6.0035,6.0035,0,0,0-7.6878-9.223L26.1563,43.3906a6.0092,6.0092,0,0,0,0,9.2231L62.1578,82.615a6.0035,6.0035,0,0,0,7.6878-9.2231Z\"\/><\/svg> <\/div><\/a><\/div>[\/vc_column_inner][\/vc_row_inner][\/vc_column][\/vc_row][\/vc_section]<\/p>\n<\/div>","protected":false},"excerpt":{"rendered":"<p>Con fuerte compromiso y vocaci\u00f3n humanista, los\/as egresados\/as buscan potenciar el bienestar y la inclusi\u00f3n de las personas en distintos contextos.<\/p>\n","protected":false},"author":7,"featured_media":1468,"comment_status":"open","ping_status":"open","sticky":false,"template":"","format":"standard","meta":{"_acf_changed":false,"footnotes":""},"categories":[103],"tags":[],"class_list":["post-1467","post","type-post","status-publish","format-standard","has-post-thumbnail","hentry","category-salud-uoh"],"acf":[],"yoast_head":"<!-- This site is optimized with the Yoast SEO plugin v28.3 - https:\/\/yoast.com\/product\/yoast-seo-wordpress\/ -->\n<title>Terapia Ocupacional UOH: Profesionales con enfoque social - Instituto de Ciencias de la Salud<\/title>\n<meta name=\"description\" content=\"Con fuerte compromiso y vocaci\u00f3n humanista, los\/as egresados\/as buscan potenciar el bienestar y la inclusi\u00f3n de las personas en distintos contextos\" \/>\n<meta name=\"robots\" content=\"noindex, nofollow\" \/>\n<meta property=\"og:locale\" content=\"es_ES\" \/>\n<meta property=\"og:type\" content=\"article\" \/>\n<meta property=\"og:title\" content=\"Terapia Ocupacional UOH: Profesionales con enfoque social - Instituto de Ciencias de la Salud\" \/>\n<meta property=\"og:description\" content=\"Con fuerte compromiso y vocaci\u00f3n humanista, los\/as egresados\/as buscan potenciar el bienestar y la inclusi\u00f3n de las personas en distintos contextos\" \/>\n<meta property=\"og:url\" content=\"https:\/\/www.uoh.cl\/instituto-ciencias-de-la-salud\/2022\/10\/27\/terapia-ocupacional-uoh-profesionales-con-enfoque-social\/\" \/>\n<meta property=\"og:site_name\" content=\"Instituto de Ciencias de la Salud\" \/>\n<meta property=\"article:published_time\" content=\"2022-10-27T14:54:01+00:00\" \/>\n<meta property=\"og:image\" content=\"https:\/\/www.uoh.cl\/instituto-ciencias-de-la-salud\/wp-content\/uploads\/sites\/26\/2022\/10\/IMG_3416-scaled.jpg\" \/>\n\t<meta property=\"og:image:width\" content=\"2560\" \/>\n\t<meta property=\"og:image:height\" content=\"1440\" \/>\n\t<meta property=\"og:image:type\" content=\"image\/jpeg\" \/>\n<meta name=\"author\" content=\"Daniel Gajardo\" \/>\n<meta name=\"twitter:card\" content=\"summary_large_image\" \/>\n<meta name=\"twitter:label1\" content=\"Escrito por\" \/>\n\t<meta name=\"twitter:data1\" content=\"Daniel Gajardo\" \/>\n\t<meta name=\"twitter:label2\" content=\"Tiempo estimado de lectura\" \/>\n\t<meta name=\"twitter:data2\" content=\"3 minutos\" \/>\n<script type=\"application\/ld+json\" class=\"yoast-schema-graph\">{\"@context\":\"https:\\\/\\\/schema.org\",\"@graph\":[{\"@type\":\"Article\",\"@id\":\"https:\\\/\\\/www.uoh.cl\\\/instituto-ciencias-de-la-salud\\\/2022\\\/10\\\/27\\\/terapia-ocupacional-uoh-profesionales-con-enfoque-social\\\/#article\",\"isPartOf\":{\"@id\":\"https:\\\/\\\/www.uoh.cl\\\/instituto-ciencias-de-la-salud\\\/2022\\\/10\\\/27\\\/terapia-ocupacional-uoh-profesionales-con-enfoque-social\\\/\"},\"author\":{\"name\":\"Daniel Gajardo\",\"@id\":\"https:\\\/\\\/www.uoh.cl\\\/instituto-ciencias-de-la-salud\\\/#\\\/schema\\\/person\\\/bcdeae7d7b0bf4c008328c2d2bb601e3\"},\"headline\":\"Terapia Ocupacional UOH: Profesionales con enfoque social\",\"datePublished\":\"2022-10-27T14:54:01+00:00\",\"mainEntityOfPage\":{\"@id\":\"https:\\\/\\\/www.uoh.cl\\\/instituto-ciencias-de-la-salud\\\/2022\\\/10\\\/27\\\/terapia-ocupacional-uoh-profesionales-con-enfoque-social\\\/\"},\"wordCount\":782,\"commentCount\":0,\"image\":{\"@id\":\"https:\\\/\\\/www.uoh.cl\\\/instituto-ciencias-de-la-salud\\\/2022\\\/10\\\/27\\\/terapia-ocupacional-uoh-profesionales-con-enfoque-social\\\/#primaryimage\"},\"thumbnailUrl\":\"https:\\\/\\\/www.uoh.cl\\\/instituto-ciencias-de-la-salud\\\/wp-content\\\/uploads\\\/sites\\\/26\\\/2022\\\/10\\\/IMG_3416-scaled.jpg\",\"articleSection\":[\"Salud UOH\"],\"inLanguage\":\"es-CL\",\"potentialAction\":[{\"@type\":\"CommentAction\",\"name\":\"Comment\",\"target\":[\"https:\\\/\\\/www.uoh.cl\\\/instituto-ciencias-de-la-salud\\\/2022\\\/10\\\/27\\\/terapia-ocupacional-uoh-profesionales-con-enfoque-social\\\/#respond\"]}]},{\"@type\":\"WebPage\",\"@id\":\"https:\\\/\\\/www.uoh.cl\\\/instituto-ciencias-de-la-salud\\\/2022\\\/10\\\/27\\\/terapia-ocupacional-uoh-profesionales-con-enfoque-social\\\/\",\"url\":\"https:\\\/\\\/www.uoh.cl\\\/instituto-ciencias-de-la-salud\\\/2022\\\/10\\\/27\\\/terapia-ocupacional-uoh-profesionales-con-enfoque-social\\\/\",\"name\":\"Terapia Ocupacional UOH: Profesionales con enfoque social - Instituto de Ciencias de la Salud\",\"isPartOf\":{\"@id\":\"https:\\\/\\\/www.uoh.cl\\\/instituto-ciencias-de-la-salud\\\/#website\"},\"primaryImageOfPage\":{\"@id\":\"https:\\\/\\\/www.uoh.cl\\\/instituto-ciencias-de-la-salud\\\/2022\\\/10\\\/27\\\/terapia-ocupacional-uoh-profesionales-con-enfoque-social\\\/#primaryimage\"},\"image\":{\"@id\":\"https:\\\/\\\/www.uoh.cl\\\/instituto-ciencias-de-la-salud\\\/2022\\\/10\\\/27\\\/terapia-ocupacional-uoh-profesionales-con-enfoque-social\\\/#primaryimage\"},\"thumbnailUrl\":\"https:\\\/\\\/www.uoh.cl\\\/instituto-ciencias-de-la-salud\\\/wp-content\\\/uploads\\\/sites\\\/26\\\/2022\\\/10\\\/IMG_3416-scaled.jpg\",\"datePublished\":\"2022-10-27T14:54:01+00:00\",\"author\":{\"@id\":\"https:\\\/\\\/www.uoh.cl\\\/instituto-ciencias-de-la-salud\\\/#\\\/schema\\\/person\\\/bcdeae7d7b0bf4c008328c2d2bb601e3\"},\"description\":\"Con fuerte compromiso y vocaci\u00f3n humanista, los\\\/as egresados\\\/as buscan potenciar el bienestar y la inclusi\u00f3n de las personas en distintos contextos\",\"inLanguage\":\"es-CL\",\"potentialAction\":[{\"@type\":\"ReadAction\",\"target\":[\"https:\\\/\\\/www.uoh.cl\\\/instituto-ciencias-de-la-salud\\\/2022\\\/10\\\/27\\\/terapia-ocupacional-uoh-profesionales-con-enfoque-social\\\/\"]}]},{\"@type\":\"ImageObject\",\"inLanguage\":\"es-CL\",\"@id\":\"https:\\\/\\\/www.uoh.cl\\\/instituto-ciencias-de-la-salud\\\/2022\\\/10\\\/27\\\/terapia-ocupacional-uoh-profesionales-con-enfoque-social\\\/#primaryimage\",\"url\":\"https:\\\/\\\/www.uoh.cl\\\/instituto-ciencias-de-la-salud\\\/wp-content\\\/uploads\\\/sites\\\/26\\\/2022\\\/10\\\/IMG_3416-scaled.jpg\",\"contentUrl\":\"https:\\\/\\\/www.uoh.cl\\\/instituto-ciencias-de-la-salud\\\/wp-content\\\/uploads\\\/sites\\\/26\\\/2022\\\/10\\\/IMG_3416-scaled.jpg\",\"width\":2560,\"height\":1440},{\"@type\":\"WebSite\",\"@id\":\"https:\\\/\\\/www.uoh.cl\\\/instituto-ciencias-de-la-salud\\\/#website\",\"url\":\"https:\\\/\\\/www.uoh.cl\\\/instituto-ciencias-de-la-salud\\\/\",\"name\":\"Instituto de Ciencias de la Salud\",\"description\":\"Otro sitio de Sitios de Universidad O'higgins\",\"potentialAction\":[{\"@type\":\"SearchAction\",\"target\":{\"@type\":\"EntryPoint\",\"urlTemplate\":\"https:\\\/\\\/www.uoh.cl\\\/instituto-ciencias-de-la-salud\\\/?s={search_term_string}\"},\"query-input\":{\"@type\":\"PropertyValueSpecification\",\"valueRequired\":true,\"valueName\":\"search_term_string\"}}],\"inLanguage\":\"es-CL\"},{\"@type\":\"Person\",\"@id\":\"https:\\\/\\\/www.uoh.cl\\\/instituto-ciencias-de-la-salud\\\/#\\\/schema\\\/person\\\/bcdeae7d7b0bf4c008328c2d2bb601e3\",\"name\":\"Daniel Gajardo\",\"image\":{\"@type\":\"ImageObject\",\"inLanguage\":\"es-CL\",\"@id\":\"https:\\\/\\\/secure.gravatar.com\\\/avatar\\\/a720b1d6a5d8813910cb0bda8f63100c49b849bcdba9bb623e3b78e4791820e5?s=96&d=mm&r=g\",\"url\":\"https:\\\/\\\/secure.gravatar.com\\\/avatar\\\/a720b1d6a5d8813910cb0bda8f63100c49b849bcdba9bb623e3b78e4791820e5?s=96&d=mm&r=g\",\"contentUrl\":\"https:\\\/\\\/secure.gravatar.com\\\/avatar\\\/a720b1d6a5d8813910cb0bda8f63100c49b849bcdba9bb623e3b78e4791820e5?s=96&d=mm&r=g\",\"caption\":\"Daniel Gajardo\"}}]}<\/script>\n<!-- \/ Yoast SEO plugin. -->","yoast_head_json":{"title":"Terapia Ocupacional UOH: Profesionales con enfoque social - Instituto de Ciencias de la Salud","description":"Con fuerte compromiso y vocaci\u00f3n humanista, los\/as egresados\/as buscan potenciar el bienestar y la inclusi\u00f3n de las personas en distintos contextos","robots":{"index":"noindex","follow":"nofollow"},"og_locale":"es_ES","og_type":"article","og_title":"Terapia Ocupacional UOH: Profesionales con enfoque social - Instituto de Ciencias de la Salud","og_description":"Con fuerte compromiso y vocaci\u00f3n humanista, los\/as egresados\/as buscan potenciar el bienestar y la inclusi\u00f3n de las personas en distintos contextos","og_url":"https:\/\/www.uoh.cl\/instituto-ciencias-de-la-salud\/2022\/10\/27\/terapia-ocupacional-uoh-profesionales-con-enfoque-social\/","og_site_name":"Instituto de Ciencias de la Salud","article_published_time":"2022-10-27T14:54:01+00:00","og_image":[{"width":2560,"height":1440,"url":"https:\/\/www.uoh.cl\/instituto-ciencias-de-la-salud\/wp-content\/uploads\/sites\/26\/2022\/10\/IMG_3416-scaled.jpg","type":"image\/jpeg"}],"author":"Daniel Gajardo","twitter_card":"summary_large_image","twitter_misc":{"Escrito por":"Daniel Gajardo","Tiempo estimado de lectura":"3 minutos"},"schema":{"@context":"https:\/\/schema.org","@graph":[{"@type":"Article","@id":"https:\/\/www.uoh.cl\/instituto-ciencias-de-la-salud\/2022\/10\/27\/terapia-ocupacional-uoh-profesionales-con-enfoque-social\/#article","isPartOf":{"@id":"https:\/\/www.uoh.cl\/instituto-ciencias-de-la-salud\/2022\/10\/27\/terapia-ocupacional-uoh-profesionales-con-enfoque-social\/"},"author":{"name":"Daniel Gajardo","@id":"https:\/\/www.uoh.cl\/instituto-ciencias-de-la-salud\/#\/schema\/person\/bcdeae7d7b0bf4c008328c2d2bb601e3"},"headline":"Terapia Ocupacional UOH: Profesionales con enfoque social","datePublished":"2022-10-27T14:54:01+00:00","mainEntityOfPage":{"@id":"https:\/\/www.uoh.cl\/instituto-ciencias-de-la-salud\/2022\/10\/27\/terapia-ocupacional-uoh-profesionales-con-enfoque-social\/"},"wordCount":782,"commentCount":0,"image":{"@id":"https:\/\/www.uoh.cl\/instituto-ciencias-de-la-salud\/2022\/10\/27\/terapia-ocupacional-uoh-profesionales-con-enfoque-social\/#primaryimage"},"thumbnailUrl":"https:\/\/www.uoh.cl\/instituto-ciencias-de-la-salud\/wp-content\/uploads\/sites\/26\/2022\/10\/IMG_3416-scaled.jpg","articleSection":["Salud UOH"],"inLanguage":"es-CL","potentialAction":[{"@type":"CommentAction","name":"Comment","target":["https:\/\/www.uoh.cl\/instituto-ciencias-de-la-salud\/2022\/10\/27\/terapia-ocupacional-uoh-profesionales-con-enfoque-social\/#respond"]}]},{"@type":"WebPage","@id":"https:\/\/www.uoh.cl\/instituto-ciencias-de-la-salud\/2022\/10\/27\/terapia-ocupacional-uoh-profesionales-con-enfoque-social\/","url":"https:\/\/www.uoh.cl\/instituto-ciencias-de-la-salud\/2022\/10\/27\/terapia-ocupacional-uoh-profesionales-con-enfoque-social\/","name":"Terapia Ocupacional UOH: Profesionales con enfoque social - Instituto de Ciencias de la Salud","isPartOf":{"@id":"https:\/\/www.uoh.cl\/instituto-ciencias-de-la-salud\/#website"},"primaryImageOfPage":{"@id":"https:\/\/www.uoh.cl\/instituto-ciencias-de-la-salud\/2022\/10\/27\/terapia-ocupacional-uoh-profesionales-con-enfoque-social\/#primaryimage"},"image":{"@id":"https:\/\/www.uoh.cl\/instituto-ciencias-de-la-salud\/2022\/10\/27\/terapia-ocupacional-uoh-profesionales-con-enfoque-social\/#primaryimage"},"thumbnailUrl":"https:\/\/www.uoh.cl\/instituto-ciencias-de-la-salud\/wp-content\/uploads\/sites\/26\/2022\/10\/IMG_3416-scaled.jpg","datePublished":"2022-10-27T14:54:01+00:00","author":{"@id":"https:\/\/www.uoh.cl\/instituto-ciencias-de-la-salud\/#\/schema\/person\/bcdeae7d7b0bf4c008328c2d2bb601e3"},"description":"Con fuerte compromiso y vocaci\u00f3n humanista, los\/as egresados\/as buscan potenciar el bienestar y la inclusi\u00f3n de las personas en distintos contextos","inLanguage":"es-CL","potentialAction":[{"@type":"ReadAction","target":["https:\/\/www.uoh.cl\/instituto-ciencias-de-la-salud\/2022\/10\/27\/terapia-ocupacional-uoh-profesionales-con-enfoque-social\/"]}]},{"@type":"ImageObject","inLanguage":"es-CL","@id":"https:\/\/www.uoh.cl\/instituto-ciencias-de-la-salud\/2022\/10\/27\/terapia-ocupacional-uoh-profesionales-con-enfoque-social\/#primaryimage","url":"https:\/\/www.uoh.cl\/instituto-ciencias-de-la-salud\/wp-content\/uploads\/sites\/26\/2022\/10\/IMG_3416-scaled.jpg","contentUrl":"https:\/\/www.uoh.cl\/instituto-ciencias-de-la-salud\/wp-content\/uploads\/sites\/26\/2022\/10\/IMG_3416-scaled.jpg","width":2560,"height":1440},{"@type":"WebSite","@id":"https:\/\/www.uoh.cl\/instituto-ciencias-de-la-salud\/#website","url":"https:\/\/www.uoh.cl\/instituto-ciencias-de-la-salud\/","name":"Instituto de Ciencias de la Salud","description":"Otro sitio de Sitios de Universidad O'higgins","potentialAction":[{"@type":"SearchAction","target":{"@type":"EntryPoint","urlTemplate":"https:\/\/www.uoh.cl\/instituto-ciencias-de-la-salud\/?s={search_term_string}"},"query-input":{"@type":"PropertyValueSpecification","valueRequired":true,"valueName":"search_term_string"}}],"inLanguage":"es-CL"},{"@type":"Person","@id":"https:\/\/www.uoh.cl\/instituto-ciencias-de-la-salud\/#\/schema\/person\/bcdeae7d7b0bf4c008328c2d2bb601e3","name":"Daniel Gajardo","image":{"@type":"ImageObject","inLanguage":"es-CL","@id":"https:\/\/secure.gravatar.com\/avatar\/a720b1d6a5d8813910cb0bda8f63100c49b849bcdba9bb623e3b78e4791820e5?s=96&d=mm&r=g","url":"https:\/\/secure.gravatar.com\/avatar\/a720b1d6a5d8813910cb0bda8f63100c49b849bcdba9bb623e3b78e4791820e5?s=96&d=mm&r=g","contentUrl":"https:\/\/secure.gravatar.com\/avatar\/a720b1d6a5d8813910cb0bda8f63100c49b849bcdba9bb623e3b78e4791820e5?s=96&d=mm&r=g","caption":"Daniel Gajardo"}}]}},"_links":{"self":[{"href":"https:\/\/www.uoh.cl\/instituto-ciencias-de-la-salud\/wp-json\/wp\/v2\/posts\/1467","targetHints":{"allow":["GET"]}}],"collection":[{"href":"https:\/\/www.uoh.cl\/instituto-ciencias-de-la-salud\/wp-json\/wp\/v2\/posts"}],"about":[{"href":"https:\/\/www.uoh.cl\/instituto-ciencias-de-la-salud\/wp-json\/wp\/v2\/types\/post"}],"author":[{"embeddable":true,"href":"https:\/\/www.uoh.cl\/instituto-ciencias-de-la-salud\/wp-json\/wp\/v2\/users\/7"}],"replies":[{"embeddable":true,"href":"https:\/\/www.uoh.cl\/instituto-ciencias-de-la-salud\/wp-json\/wp\/v2\/comments?post=1467"}],"version-history":[{"count":0,"href":"https:\/\/www.uoh.cl\/instituto-ciencias-de-la-salud\/wp-json\/wp\/v2\/posts\/1467\/revisions"}],"wp:featuredmedia":[{"embeddable":true,"href":"https:\/\/www.uoh.cl\/instituto-ciencias-de-la-salud\/wp-json\/wp\/v2\/media\/1468"}],"wp:attachment":[{"href":"https:\/\/www.uoh.cl\/instituto-ciencias-de-la-salud\/wp-json\/wp\/v2\/media?parent=1467"}],"wp:term":[{"taxonomy":"category","embeddable":true,"href":"https:\/\/www.uoh.cl\/instituto-ciencias-de-la-salud\/wp-json\/wp\/v2\/categories?post=1467"},{"taxonomy":"post_tag","embeddable":true,"href":"https:\/\/www.uoh.cl\/instituto-ciencias-de-la-salud\/wp-json\/wp\/v2\/tags?post=1467"}],"curies":[{"name":"wp","href":"https:\/\/api.w.org\/{rel}","templated":true}]}}