
{"id":607,"date":"2025-06-24T11:09:25","date_gmt":"2025-06-24T14:09:25","guid":{"rendered":"https:\/\/www.uoh.cl\/fabrica-digital\/del-aula-a-la-fabrica-digital-uoh-lanza-concurso-para-las-futuras-makers-de-la-region\/"},"modified":"2025-06-24T11:09:25","modified_gmt":"2025-06-24T14:09:25","slug":"del-aula-a-la-fabrica-digital-uoh-lanza-concurso-para-las-futuras-makers-de-la-region","status":"publish","type":"post","link":"https:\/\/www.uoh.cl\/fabrica-digital\/del-aula-a-la-fabrica-digital-uoh-lanza-concurso-para-las-futuras-makers-de-la-region\/","title":{"rendered":"Del aula a la F\u00e1brica Digital: UOH lanza concurso para las futuras Makers de la regi\u00f3n"},"content":{"rendered":"<div class=\"wpb-content-wrapper\"><p>[vc_section el_class=&#8221;container mx-auto align-items-center circle&#8211;pattern&#8221; css=&#8221;.vc_custom_1648956589196{padding-top: 3rem !important;}&#8221;][vc_row][vc_column]<div class=\"breadcrumb\"><ol itemscope itemtype=\"https:\/\/schema.org\/BreadcrumbList\"><li itemprop=\"itemListElement\" itemscope itemtype=\"https:\/\/schema.org\/ListItem\"><a itemprop=\"item\" href=\"http:\/\/www.uoh.cl\"><span itemprop=\"name\">Inicio<\/span><\/a><meta itemprop=\"position\" content=\"1\" \/><li itemprop=\"itemListElement\" itemscope itemtype=\"https:\/\/schema.org\/ListItem\"><a itemprop=\"item\" href=\"https:\/\/www.uoh.cl\/fabrica-digital\"><span itemprop=\"name\">F\u00e1brica Digital<\/span><\/a><meta itemprop=\"position\" content=\"2\" \/><li itemprop=\"itemListElement\" itemscope itemtype=\"https:\/\/schema.org\/ListItem\"><span itemprop=\"name\">Del aula a la F\u00e1brica Digital: UOH lanza concurso para <\/span><meta itemprop=\"position\" content=\"3\" \/><\/ol><\/div><ul class=\"p-0 list-style-none d-inline-block\"><li class=\"p-0\"><a href=https:\/\/www.uoh.cl\/fabrica-digital\/category\/institucional\/ class=\"px-1 py-2\">Institucional<\/a><\/li><\/ul><div class=\"date_publish_post\"> \u25cf Mar 24 de Junio 2025<\/div><div class=\"uoh_title_component-container\"><h1 class=\"title title--ms d-inline-block title--decorator  big\">Del aula a la F\u00e1brica Digital: UOH lanza concurso para las futuras Makers de la regi\u00f3n<\/h1><\/div>[vc_row_inner el_class=&#8221;border-separator m-0&#8243;][vc_column_inner width=&#8221;2\/3&#8243;]<div class=\"author_wp_class\"> Escrito por <span>Universidad de O'Higgins<\/span><\/div>[\/vc_column_inner][vc_column_inner el_class=&#8221;align-items-end-publish&#8221; width=&#8221;1\/3&#8243;]<div class=\"uoh_social_network_component uoh_row col-12 justify-content-end m-0 p-0\"> <div class=\"icon__facebook-share-button\">\n                       <a href=\"https:\/\/www.facebook.com\/sharer\/sharer.php?u=https:\/\/www.uoh.cl\/fabrica-digital\/del-aula-a-la-fabrica-digital-uoh-lanza-concurso-para-las-futuras-makers-de-la-region\/\" target=\"_blank\"> <div class=\"icon__facebook-svg\"><svg version=\"1.1\" xmlns=\"http:\/\/www.w3.org\/2000\/svg\" xmlns:xlink=\"http:\/\/www.w3.org\/1999\/xlink\" x=\"0px\" y=\"0px\" width=\"22.4px\" height=\"48.3px\" viewBox=\"0 0 22.4 48.3\" style=\"overflow:visible;enable-background:new 0 0 22.4 48.3;\" xml:space=\"preserve\">\n                <defs>\n                <\/defs>\n                <path class=\"st0\" d=\"M22.4,15.6h-7.6v-5c0-1.9,1.2-2.3,2.1-2.3c0.9,0,5.4,0,5.4,0V0l-7.4,0C6.6,0,4.8,6.2,4.8,10.1v5.5H0v8.5h4.8\n                    c0,10.9,0,24.1,0,24.1h10c0,0,0-13.3,0-24.1h6.8L22.4,15.6z\"><\/path>\n                <\/svg><\/a><\/div>\n                    <\/div><div class=\"icon__twitter-share-button\">\n                        <div class=\"icon__twitter-svg\"><a target=\"_blank\" href=\"http:\/\/twitter.com\/share?url=https:\/\/www.uoh.cl\/fabrica-digital\/del-aula-a-la-fabrica-digital-uoh-lanza-concurso-para-las-futuras-makers-de-la-region\/\"><svg xmlns=\"http:\/\/www.w3.org\/2000\/svg\" height=\"1em\" viewBox=\"0 0 512 512\"><!--! Font Awesome Free 6.4.2 by @fontawesome - https:\/\/fontawesome.com License - https:\/\/fontawesome.com\/license (Commercial License) Copyright 2023 Fonticons, Inc. --><path d=\"M389.2 48h70.6L305.6 224.2 487 464H345L233.7 318.6 106.5 464H35.8L200.7 275.5 26.8 48H172.4L272.9 180.9 389.2 48zM364.4 421.8h39.1L151.1 88h-42L364.4 421.8z\"\/><\/svg><\/a><\/div>\n                        <\/div><div class=\"icon__linkedin-share-button\">\n                        <div class=\"icon__linkedin-svg\">\n                        <a target=\"__blank\" href=\"https:\/\/www.linkedin.com\/sharing\/share-offsite\/?url=https:\/\/www.uoh.cl\/fabrica-digital\/del-aula-a-la-fabrica-digital-uoh-lanza-concurso-para-las-futuras-makers-de-la-region\/\"><svg enable-background=\"new 0 0 100 100\" height=\"100px\" id=\"Layer_1\" version=\"1.1\" viewBox=\"0 0 100 100\" width=\"100px\" xml:space=\"preserve\" xmlns=\"http:\/\/www.w3.org\/2000\/svg\" xmlns:xlink=\"http:\/\/www.w3.org\/1999\/xlink\"><g><circle cx=\"50\" cy=\"50\" fill=\"#ccc\" r=\"45\"\/><g id=\"LinkedIn_1_\"><rect fill=\"#FFFFFF\" height=\"24.361\" width=\"7.69\" x=\"31.271\" y=\"43.569\"\/><path d=\"M59.968,43.334c-4.406,0-7.165,2.387-7.677,4.058v-3.823h-8.636c0.109,2.03,0,24.361,0,24.361h8.636    V54.748c0-0.733-0.034-1.465,0.19-1.991c0.594-1.464,1.869-2.985,4.162-2.985c2.998,0,4.361,2.253,4.361,5.552V67.93h8.721V54.384    C69.726,46.839,65.432,43.334,59.968,43.334z\" fill=\"#FFFFFF\"\/><path d=\"M34.973,32.069c-2.839,0-4.696,1.823-4.696,4.229c0,2.361,1.804,4.224,4.589,4.224h0.054    c2.891,0,4.69-1.869,4.69-4.229C39.555,33.888,37.81,32.069,34.973,32.069z\" fill=\"#FFFFFF\"\/><\/g><\/g><\/svg><\/a><\/div>\n\n            <\/div><\/div>[\/vc_column_inner][\/vc_row_inner][vc_single_image image=&#8221;48671&#8243; img_size=&#8221;1500&#215;1000&#8243; add_caption=&#8221;yes&#8221; alignment=&#8221;center&#8221; onclick=&#8221;link_image&#8221; css=&#8221;&#8221;][vc_column_text]\u00a0[\/vc_column_text][vc_column_text css=&#8221;&#8221;]<\/p>\n<ul>\n<li><i><span lang=\"ES-TRAD\">Podr\u00e1n participar ni\u00f1as y adolescentes en las categor\u00edas de ense\u00f1anza b\u00e1sica (5\u00b0 a 8\u00b0 b\u00e1sico), y de ense\u00f1anza media (1\u00b0 a 4\u00b0 medio). El plazo de postulaci\u00f3n finaliza el 14 de julio de 2025 a las 12:00 horas.<\/span><\/i><\/li>\n<\/ul>\n<p>[\/vc_column_text][vc_column_text]\u00a0[\/vc_column_text][vc_column_text css=&#8221;&#8221;]<\/p>\n<p style=\"font-weight: 400\">La\u00a0<a href=\"https:\/\/www.uoh.cl\/\" data-saferedirecturl=\"https:\/\/www.google.com\/url?q=https:\/\/www.uoh.cl\/&amp;source=gmail&amp;ust=1750861596278000&amp;usg=AOvVaw0Qcx5rq4JPIGLife8sM0WX\">Universidad de O\u2019Higgins<\/a>\u00a0(UOH), a trav\u00e9s de su\u00a0<a href=\"https:\/\/fabricadigital.uoh.cl\/\" data-saferedirecturl=\"https:\/\/www.google.com\/url?q=https:\/\/fabricadigital.uoh.cl\/&amp;source=gmail&amp;ust=1750861596278000&amp;usg=AOvVaw3gT8uXZVEm9WU3_IuGzmTH\">F\u00e1brica Digital<\/a>, invita a estudiantes ni\u00f1as y adolescentes de ense\u00f1anza b\u00e1sica y media a participar del Primer Concurso Regional &#8220;<strong><em>Crea e Innova: Desaf\u00edo de Fabricaci\u00f3n Digital para Futuras Makers<\/em><\/strong><em>&#8220;<\/em>.<\/p>\n<p style=\"font-weight: 400\">Impulsado por el\u00a0<strong><em>proyecto FIC 40048425-0 &#8220;Transferencia fabricaci\u00f3n digital para j\u00f3venes makers&#8221;<\/em><\/strong>, que financia el Gobierno Regional de O\u2019Higgins y su Consejo Regional, este concurso busca fomentar la colaboraci\u00f3n y el pensamiento innovador en ni\u00f1as y adolescentes de la regi\u00f3n, con el objetivo de conocer sus propuestas y soluciones a problem\u00e1ticas locales con el uso de herramientas de fabricaci\u00f3n digital.<\/p>\n<p style=\"font-weight: 400\">El concurso est\u00e1 orientado a incentivar la participaci\u00f3n femenina en \u00e1reas STEM desde edades tempranas, desafi\u00e1ndoles a pensar propuestas creativas que puedan ser desarrolladas con fabricaci\u00f3n digital, y con miras a generar un potencial impacto en sus comunidades.<\/p>\n<h4 style=\"font-weight: 400\"><strong>Bases y formulario de postulaci\u00f3n<\/strong><\/h4>\n<p style=\"font-weight: 400\">Las participantes, que estar\u00e1n divididas en las categor\u00edas de ense\u00f1anza b\u00e1sica (5\u00b0 a 8\u00b0 b\u00e1sico) y ense\u00f1anza media (1\u00b0 a 4\u00b0 medio), deber\u00e1n formar equipos de hasta tres integrantes, y contar con el acompa\u00f1amiento de un profesor\/a gu\u00eda de su establecimiento. Una vez conformados los equipos seg\u00fan las\u00a0<a href=\"https:\/\/drive.google.com\/file\/d\/1wZEua8EhoXV-6TE-P9xtitSFQv9e0J_O\/view\" data-saferedirecturl=\"https:\/\/www.google.com\/url?q=https:\/\/drive.google.com\/file\/d\/1wZEua8EhoXV-6TE-P9xtitSFQv9e0J_O\/view&amp;source=gmail&amp;ust=1750861596279000&amp;usg=AOvVaw36T6Mixbr0d8QPTJEjoawX\"><strong>BASES DEL CONCURSO<\/strong><\/a>, deber\u00e1n completar el\u00a0<a href=\"https:\/\/docs.google.com\/forms\/d\/e\/1FAIpQLSdvmADNa3kdD8ZU_YUA4LyPxTQfgVCTIl0xQh70rwiG7MKKvQ\/viewform\" data-saferedirecturl=\"https:\/\/www.google.com\/url?q=https:\/\/docs.google.com\/forms\/d\/e\/1FAIpQLSdvmADNa3kdD8ZU_YUA4LyPxTQfgVCTIl0xQh70rwiG7MKKvQ\/viewform&amp;source=gmail&amp;ust=1750861596279000&amp;usg=AOvVaw0XEhddNq4nFS27pxoF7i1l\"><strong>formulario de postulaci\u00f3n<\/strong><\/a><strong>,\u00a0<\/strong>en el que incluir\u00e1n datos personales, problem\u00e1tica local a resolver, propuesta o soluci\u00f3n innovadora, as\u00ed como el impacto que aspiran generar.<\/p>\n<p style=\"font-weight: 400\"><strong>Incre\u00edbles premios<\/strong><\/p>\n<p style=\"font-weight: 400\">Los equipos preseleccionados presentar\u00e1n un croquis y prototipo, junto a un video pitch de 3 minutos de su propuesta, que ser\u00e1 evaluada por el jurado calificador. Entre tanto, los equipos ganadores, primer y segundo lugar de cada categor\u00eda, recibir\u00e1n como premios mentor\u00edas t\u00e9cnicas y talleres pr\u00e1cticos en la F\u00e1brica Digital O\u2019Higgins con sede en el Campus Rancagua UOH. Los equipos que logren el primer lugar en sus categor\u00edas recibir\u00e1n impresoras 3D personales para cada participante. Mientras que, las participantes que alcancen el segundo lugar recibir\u00e1n kits Arduino. Adem\u00e1s, tambi\u00e9n se contempla la entrega de una impresora 3D al establecimiento educativo si el equipo docente realiza una capacitaci\u00f3n en uso y mantenci\u00f3n de la impresora.<\/p>\n<h4 style=\"font-weight: 400\"><strong>Inscripciones abiertas<\/strong><\/h4>\n<p style=\"font-weight: 400\">La UOH reitera la invitaci\u00f3n a participar en este innovador concurso dirigido a ni\u00f1as y adolescentes de educaci\u00f3n b\u00e1sica y media de la regi\u00f3n, no sin antes revisar las\u00a0<a href=\"https:\/\/drive.google.com\/file\/d\/1wZEua8EhoXV-6TE-P9xtitSFQv9e0J_O\/view\" data-saferedirecturl=\"https:\/\/www.google.com\/url?q=https:\/\/drive.google.com\/file\/d\/1wZEua8EhoXV-6TE-P9xtitSFQv9e0J_O\/view&amp;source=gmail&amp;ust=1750861596279000&amp;usg=AOvVaw36T6Mixbr0d8QPTJEjoawX\">bases del mismo<\/a>, y completar el\u00a0<a href=\"https:\/\/docs.google.com\/forms\/d\/e\/1FAIpQLSdvmADNa3kdD8ZU_YUA4LyPxTQfgVCTIl0xQh70rwiG7MKKvQ\/viewform\" data-saferedirecturl=\"https:\/\/www.google.com\/url?q=https:\/\/docs.google.com\/forms\/d\/e\/1FAIpQLSdvmADNa3kdD8ZU_YUA4LyPxTQfgVCTIl0xQh70rwiG7MKKvQ\/viewform&amp;source=gmail&amp;ust=1750861596279000&amp;usg=AOvVaw0XEhddNq4nFS27pxoF7i1l\">formulario de inscripci\u00f3n<\/a>\u00a0que tambi\u00e9n se encuentra enlazado al QR que acompa\u00f1a esta publicaci\u00f3n y gr\u00e1ficas publicadas en las redes sociales de esta casa de estudios.<\/p>\n<p style=\"font-weight: 400\">Las postulaciones estar\u00e1n abiertas hasta el 14 de julio a las 12:00 horas.<\/p>\n<p style=\"font-weight: 400\">\u00a1An\u00edmate a transformar tu comunidad con ideas innovadoras y tecnolog\u00eda 3D de vanguardia!<\/p>\n<p>[\/vc_column_text][vc_zigzag color=&#8221;white&#8221;][\/vc_column][\/vc_row][\/vc_section][vc_section css=&#8221;.vc_custom_1650255686594{background-color: #f6faff !important;}&#8221; el_class=&#8221;p-md-0 pt-md-5&#8243;][vc_row el_class=&#8221;container mx-auto align-items-center p-md-0 pt-5 pb-5&#8243;][vc_column el_class=&#8221;pb-5&#8243;][vc_row_inner el_class=&#8221;pb-5&#8243;][vc_column_inner]<div class=\"row m-0 p-0\"><div class=\"col-12 col-md-9 pt-5 pt-md-0\"><h2 class=\"title title--decorator title--ms d-inline-block\">Te Recomendamos<\/h2><\/div><\/div><div class=\"content-holder\"><div class=\"row  swipper-news-list not--activate-hack \"><div class=\"row -wrapper\"><div class=\"  col-sm-6 col-md-4 img-article\">\n                                        <div class=\"content-news-display row m-0 p-0\"><div class=\"holder p-0 \"><div class=\"img-wrap img-wrap-news\">\n                                        <div class=\"caption__news-category\">\n                                        <a href=\"https:\/\/www.uoh.cl\/fabrica-digital\/category\/institucional\/\">\n                                        Institucional<\/a><\/div><img decoding=\"async\" class=\"w-100 h-100 lazyload\" data-src=\"https:\/\/www.uoh.cl\/fabrica-digital\/wp-content\/uploads\/sites\/40\/2025\/10\/Certificacion-cursos-proyecto-DAS-15.jpg\" alt=\"UOH certifica a 167 personas en inclusi\u00f3n y discapacidad en el marco del Proyecto URO 2395\" style=\"--smush-placeholder-width: 1500px; --smush-placeholder-aspect-ratio: 1500\/1000;object-fit: cover; object-position: center;\" src=\"data:image\/svg+xml;base64,PHN2ZyB3aWR0aD0iMSIgaGVpZ2h0PSIxIiB4bWxucz0iaHR0cDovL3d3dy53My5vcmcvMjAwMC9zdmciPjwvc3ZnPg==\"><\/div><\/div><div class=\"caption py-3 caption__news py-md-3 pb-md-5\">\n                                    <span class=\"caption__date\">Jueves 2, Octubre<\/span>\n                                     <a href=\"https:\/\/www.uoh.cl\/fabrica-digital\/uoh-certifica-a-167-personas-en-inclusion-y-discapacidad-en-el-marco-del-proyecto-uro-2395\/\">\n                                    <h3 class=\"small-space\">UOH certifica a 167 personas en inclusi\u00f3n y discapacidad en el marco del Proyecto URO 2395<\/h3><\/a>\n\n                                    <p>La jornada destac\u00f3 la participaci\u00f3n activa y diversa de quienes integraron este proceso formativo, reafirmando el rol de la Universidad de O\u2019Higgins como agente de transformaci\u00f3n social. <\/p>\n                                    <a class=\"link link--bold mt-md-3\" href=\"https:\/\/www.uoh.cl\/fabrica-digital\/uoh-certifica-a-167-personas-en-inclusion-y-discapacidad-en-el-marco-del-proyecto-uro-2395\/\">Saber m\u00e1s <span class=\"icon icon--inline icon--link\"><svg version=\"1.1\" xmlns=\"http:\/\/www.w3.org\/2000\/svg\" xmlns:xlink=\"http:\/\/www.w3.org\/1999\/xlink\" x=\"0px\" y=\"0px\" width=\"22px\"height=\"22px\" viewBox=\"0 0 22 22\" style=\"overflow:visible;enable-background:new 0 0 80 64.6;\" xml:space=\"preserve\"><g clip-path=\"url(#acA)\"><path fill-rule=\"evenodd\" d=\"M21.913 11.266a.93.93 0 000-.711c-.022-.056-.063-.097-.091-.144s-.053-.103-.097-.15L12.306.294c-.357-.379-.955-.394-1.334-.038s-.394.955-.038 1.334l7.917 8.374H.927a.95.95 0 00-.908.983.946.946 0 00.908.908h17.924l-8.089 8.552c-.357.379-.341.977.034 1.334s.977.341 1.334-.034l9.594-10.148c.044-.044.063-.1.097-.15.028-.047.069-.088.091-.141z\"\/><\/g><defs><clipPath id=\"acA\"><path fill=\"#fff\" d=\"M0 0h22v22H0z\"\/><\/clipPath><\/defs><\/svg><\/span><\/a><\/div><\/div><\/div><div class=\"  col-sm-6 col-md-4 img-article\">\n                                        <div class=\"content-news-display row m-0 p-0\"><div class=\"holder p-0 \"><div class=\"img-wrap img-wrap-news\">\n                                        <div class=\"caption__news-category\">\n                                        <a href=\"https:\/\/www.uoh.cl\/fabrica-digital\/category\/institucional\/\">\n                                        Institucional<\/a><\/div><img decoding=\"async\" class=\"w-100 h-100 lazyload\" data-src=\"https:\/\/www.uoh.cl\/fabrica-digital\/wp-content\/uploads\/sites\/40\/2025\/06\/concurso-2025.jpg\" alt=\"Del aula a la F\u00e1brica Digital: UOH lanza concurso para las futuras Makers de la regi\u00f3n\" style=\"--smush-placeholder-width: 2048px; --smush-placeholder-aspect-ratio: 2048\/2560;object-fit: cover; object-position: center;\" src=\"data:image\/svg+xml;base64,PHN2ZyB3aWR0aD0iMSIgaGVpZ2h0PSIxIiB4bWxucz0iaHR0cDovL3d3dy53My5vcmcvMjAwMC9zdmciPjwvc3ZnPg==\"><\/div><\/div><div class=\"caption py-3 caption__news py-md-3 pb-md-5\">\n                                    <span class=\"caption__date\">Martes 24, Junio<\/span>\n                                     <a href=\"https:\/\/www.uoh.cl\/fabrica-digital\/del-aula-a-la-fabrica-digital-uoh-lanza-concurso-para-las-futuras-makers-de-la-region\/\">\n                                    <h3 class=\"small-space\">Del aula a la F\u00e1brica Digital: UOH lanza concurso para las futuras Makers de la regi\u00f3n<\/h3><\/a>\n\n                                    <p>Podr\u00e1n participar ni\u00f1as y adolescentes en las categor\u00edas de ense\u00f1anza b\u00e1sica (5\u00b0 a 8\u00b0 b\u00e1sico), y de ense\u00f1anza media (1\u00b0 a 4\u00b0 medio). El plazo de postulaci\u00f3n finaliza el 14 de julio de 2025 a las 12:00 horas.<\/p>\n                                    <a class=\"link link--bold mt-md-3\" href=\"https:\/\/www.uoh.cl\/fabrica-digital\/del-aula-a-la-fabrica-digital-uoh-lanza-concurso-para-las-futuras-makers-de-la-region\/\">Saber m\u00e1s <span class=\"icon icon--inline icon--link\"><svg version=\"1.1\" xmlns=\"http:\/\/www.w3.org\/2000\/svg\" xmlns:xlink=\"http:\/\/www.w3.org\/1999\/xlink\" x=\"0px\" y=\"0px\" width=\"22px\"height=\"22px\" viewBox=\"0 0 22 22\" style=\"overflow:visible;enable-background:new 0 0 80 64.6;\" xml:space=\"preserve\"><g clip-path=\"url(#acA)\"><path fill-rule=\"evenodd\" d=\"M21.913 11.266a.93.93 0 000-.711c-.022-.056-.063-.097-.091-.144s-.053-.103-.097-.15L12.306.294c-.357-.379-.955-.394-1.334-.038s-.394.955-.038 1.334l7.917 8.374H.927a.95.95 0 00-.908.983.946.946 0 00.908.908h17.924l-8.089 8.552c-.357.379-.341.977.034 1.334s.977.341 1.334-.034l9.594-10.148c.044-.044.063-.1.097-.15.028-.047.069-.088.091-.141z\"\/><\/g><defs><clipPath id=\"acA\"><path fill=\"#fff\" d=\"M0 0h22v22H0z\"\/><\/clipPath><\/defs><\/svg><\/span><\/a><\/div><\/div><\/div><div class=\"  col-sm-6 col-md-4 img-article\">\n                                        <div class=\"content-news-display row m-0 p-0\"><div class=\"holder p-0 \"><div class=\"img-wrap img-wrap-news\">\n                                        <div class=\"caption__news-category\">\n                                        <a href=\"https:\/\/www.uoh.cl\/fabrica-digital\/category\/institucional\/\">\n                                        Institucional<\/a><\/div><img decoding=\"async\" class=\"w-100 h-100 lazyload\" data-src=\"https:\/\/www.uoh.cl\/fabrica-digital\/wp-content\/uploads\/sites\/40\/2025\/05\/Estaciones-de-prototipado-3D.jpg\" alt=\"UOH fortalece redes de apoyo a personas con discapacidad con estaciones de prototipado 3D para 16 comunas de la regi\u00f3n\" style=\"--smush-placeholder-width: 1000px; --smush-placeholder-aspect-ratio: 1000\/1000;object-fit: cover; object-position: center;\" src=\"data:image\/svg+xml;base64,PHN2ZyB3aWR0aD0iMSIgaGVpZ2h0PSIxIiB4bWxucz0iaHR0cDovL3d3dy53My5vcmcvMjAwMC9zdmciPjwvc3ZnPg==\"><\/div><\/div><div class=\"caption py-3 caption__news py-md-3 pb-md-5\">\n                                    <span class=\"caption__date\">Viernes 30, Mayo<\/span>\n                                     <a href=\"https:\/\/www.uoh.cl\/fabrica-digital\/uoh-fortalece-redes-de-apoyo-a-personas-con-discapacidad-con-estaciones-de-prototipado-3d-para-16-comunas-de-la-region\/\">\n                                    <h3 class=\"small-space\">UOH fortalece redes de apoyo a personas con discapacidad con estaciones de prototipado 3D para 16 comunas de la regi\u00f3n<\/h3><\/a>\n\n                                    <p>A trav\u00e9s del proyecto URO 2395, realiz\u00f3 la entrega de equipos, mobiliarios e insumos.<\/p>\n                                    <a class=\"link link--bold mt-md-3\" href=\"https:\/\/www.uoh.cl\/fabrica-digital\/uoh-fortalece-redes-de-apoyo-a-personas-con-discapacidad-con-estaciones-de-prototipado-3d-para-16-comunas-de-la-region\/\">Saber m\u00e1s <span class=\"icon icon--inline icon--link\"><svg version=\"1.1\" xmlns=\"http:\/\/www.w3.org\/2000\/svg\" xmlns:xlink=\"http:\/\/www.w3.org\/1999\/xlink\" x=\"0px\" y=\"0px\" width=\"22px\"height=\"22px\" viewBox=\"0 0 22 22\" style=\"overflow:visible;enable-background:new 0 0 80 64.6;\" xml:space=\"preserve\"><g clip-path=\"url(#acA)\"><path fill-rule=\"evenodd\" d=\"M21.913 11.266a.93.93 0 000-.711c-.022-.056-.063-.097-.091-.144s-.053-.103-.097-.15L12.306.294c-.357-.379-.955-.394-1.334-.038s-.394.955-.038 1.334l7.917 8.374H.927a.95.95 0 00-.908.983.946.946 0 00.908.908h17.924l-8.089 8.552c-.357.379-.341.977.034 1.334s.977.341 1.334-.034l9.594-10.148c.044-.044.063-.1.097-.15.028-.047.069-.088.091-.141z\"\/><\/g><defs><clipPath id=\"acA\"><path fill=\"#fff\" d=\"M0 0h22v22H0z\"\/><\/clipPath><\/defs><\/svg><\/span><\/a><\/div><\/div><\/div><\/div><\/div><\/div><div class=\"pagination justify-content-center my-5\"><span aria-current=\"page\" class=\"page-numbers current\">1<\/span>\n<a class=\"page-numbers\" href=\"https:\/\/www.uoh.cl\/fabrica-digital\/wp-json\/wp\/v2\/posts\/607\/\/page\/2\">2<\/a>\n<a class=\"page-numbers\" href=\"https:\/\/www.uoh.cl\/fabrica-digital\/wp-json\/wp\/v2\/posts\/607\/\/page\/3\">3<\/a>\n<span class=\"page-numbers dots\">&hellip;<\/span>\n<a class=\"page-numbers\" href=\"https:\/\/www.uoh.cl\/fabrica-digital\/wp-json\/wp\/v2\/posts\/607\/\/page\/9\">9<\/a>\n<a class=\"next page-numbers\" href=\"https:\/\/www.uoh.cl\/fabrica-digital\/wp-json\/wp\/v2\/posts\/607\/\/page\/2\"><div class=\"icon-pagination-next\"> <?xml version=\"1.0\" ?><svg viewBox=\"0 0 96 96\" xmlns=\"http:\/\/www.w3.org\/2000\/svg\"><title\/><path d=\"M39.3756,48.0022l30.47-25.39a6.0035,6.0035,0,0,0-7.6878-9.223L26.1563,43.3906a6.0092,6.0092,0,0,0,0,9.2231L62.1578,82.615a6.0035,6.0035,0,0,0,7.6878-9.2231Z\"\/><\/svg> <\/div><\/a><\/div>[\/vc_column_inner][\/vc_row_inner][\/vc_column][\/vc_row][\/vc_section]<\/p>\n<\/div>","protected":false},"excerpt":{"rendered":"<p>Podr\u00e1n participar ni\u00f1as y adolescentes en las categor\u00edas de ense\u00f1anza b\u00e1sica (5\u00b0 a 8\u00b0 b\u00e1sico), y de ense\u00f1anza media (1\u00b0 a 4\u00b0 medio). El plazo de postulaci\u00f3n finaliza el 14 de julio de 2025 a las 12:00 horas.<\/p>\n","protected":false},"author":34,"featured_media":608,"comment_status":"open","ping_status":"open","sticky":false,"template":"","format":"standard","meta":{"_acf_changed":false,"footnotes":""},"categories":[12],"tags":[],"class_list":["post-607","post","type-post","status-publish","format-standard","has-post-thumbnail","hentry","category-institucional"],"acf":[],"yoast_head":"<!-- This site is optimized with the Yoast SEO plugin v26.6 - https:\/\/yoast.com\/wordpress\/plugins\/seo\/ -->\n<title>Del aula a la F\u00e1brica Digital: UOH lanza concurso para las futuras Makers de la regi\u00f3n - F\u00e1brica Digital<\/title>\n<meta name=\"description\" content=\"Las propuestas de soluci\u00f3n a problem\u00e1ticas reales, elaboradas gracias al trabajo en conjunto entre la Municipalidad de San Fernando, la Escuela de Ingenier\u00eda UOH y el programa A+S, fueron presentadas en el Teatro Municipal de la comuna.\" \/>\n<meta name=\"robots\" content=\"noindex, nofollow\" \/>\n<meta property=\"og:locale\" content=\"es_ES\" \/>\n<meta property=\"og:type\" content=\"article\" \/>\n<meta property=\"og:title\" content=\"Del aula a la F\u00e1brica Digital: UOH lanza concurso para las futuras Makers de la regi\u00f3n - F\u00e1brica Digital\" \/>\n<meta property=\"og:description\" content=\"Las propuestas de soluci\u00f3n a problem\u00e1ticas reales, elaboradas gracias al trabajo en conjunto entre la Municipalidad de San Fernando, la Escuela de Ingenier\u00eda UOH y el programa A+S, fueron presentadas en el Teatro Municipal de la comuna.\" \/>\n<meta property=\"og:url\" content=\"https:\/\/www.uoh.cl\/fabrica-digital\/del-aula-a-la-fabrica-digital-uoh-lanza-concurso-para-las-futuras-makers-de-la-region\/\" \/>\n<meta property=\"og:site_name\" content=\"F\u00e1brica Digital\" \/>\n<meta property=\"article:publisher\" content=\"https:\/\/www.facebook.com\/fabricadigital.uoh\" \/>\n<meta property=\"article:published_time\" content=\"2025-06-24T14:09:25+00:00\" \/>\n<meta property=\"og:image\" content=\"https:\/\/www.uoh.cl\/fabrica-digital\/wp-content\/uploads\/sites\/40\/2025\/06\/concurso-2025.jpg\" \/>\n\t<meta property=\"og:image:width\" content=\"2048\" \/>\n\t<meta property=\"og:image:height\" content=\"2560\" \/>\n\t<meta property=\"og:image:type\" content=\"image\/jpeg\" \/>\n<meta name=\"author\" content=\"Universidad de O&#039;Higgins\" \/>\n<meta name=\"twitter:card\" content=\"summary_large_image\" \/>\n<meta name=\"twitter:label1\" content=\"Escrito por\" \/>\n\t<meta name=\"twitter:data1\" content=\"Universidad de O&#039;Higgins\" \/>\n\t<meta name=\"twitter:label2\" content=\"Tiempo estimado de lectura\" \/>\n\t<meta name=\"twitter:data2\" content=\"6 minutos\" \/>\n<script type=\"application\/ld+json\" class=\"yoast-schema-graph\">{\"@context\":\"https:\/\/schema.org\",\"@graph\":[{\"@type\":\"Article\",\"@id\":\"https:\/\/www.uoh.cl\/fabrica-digital\/del-aula-a-la-fabrica-digital-uoh-lanza-concurso-para-las-futuras-makers-de-la-region\/#article\",\"isPartOf\":{\"@id\":\"https:\/\/www.uoh.cl\/fabrica-digital\/del-aula-a-la-fabrica-digital-uoh-lanza-concurso-para-las-futuras-makers-de-la-region\/\"},\"author\":{\"name\":\"Universidad de O'Higgins\",\"@id\":\"https:\/\/www.uoh.cl\/fabrica-digital\/#\/schema\/person\/ea242e676c7d6d7e46fc8b9e39486c4f\"},\"headline\":\"Del aula a la F\u00e1brica Digital: UOH lanza concurso para las futuras Makers de la regi\u00f3n\",\"datePublished\":\"2025-06-24T14:09:25+00:00\",\"mainEntityOfPage\":{\"@id\":\"https:\/\/www.uoh.cl\/fabrica-digital\/del-aula-a-la-fabrica-digital-uoh-lanza-concurso-para-las-futuras-makers-de-la-region\/\"},\"wordCount\":760,\"commentCount\":0,\"publisher\":{\"@id\":\"https:\/\/www.uoh.cl\/fabrica-digital\/#organization\"},\"image\":{\"@id\":\"https:\/\/www.uoh.cl\/fabrica-digital\/del-aula-a-la-fabrica-digital-uoh-lanza-concurso-para-las-futuras-makers-de-la-region\/#primaryimage\"},\"thumbnailUrl\":\"https:\/\/www.uoh.cl\/fabrica-digital\/wp-content\/uploads\/sites\/40\/2025\/06\/concurso-2025.jpg\",\"articleSection\":[\"Institucional\"],\"inLanguage\":\"es-CL\",\"potentialAction\":[{\"@type\":\"CommentAction\",\"name\":\"Comment\",\"target\":[\"https:\/\/www.uoh.cl\/fabrica-digital\/del-aula-a-la-fabrica-digital-uoh-lanza-concurso-para-las-futuras-makers-de-la-region\/#respond\"]}]},{\"@type\":\"WebPage\",\"@id\":\"https:\/\/www.uoh.cl\/fabrica-digital\/del-aula-a-la-fabrica-digital-uoh-lanza-concurso-para-las-futuras-makers-de-la-region\/\",\"url\":\"https:\/\/www.uoh.cl\/fabrica-digital\/del-aula-a-la-fabrica-digital-uoh-lanza-concurso-para-las-futuras-makers-de-la-region\/\",\"name\":\"Del aula a la F\u00e1brica Digital: UOH lanza concurso para las futuras Makers de la regi\u00f3n - F\u00e1brica Digital\",\"isPartOf\":{\"@id\":\"https:\/\/www.uoh.cl\/fabrica-digital\/#website\"},\"primaryImageOfPage\":{\"@id\":\"https:\/\/www.uoh.cl\/fabrica-digital\/del-aula-a-la-fabrica-digital-uoh-lanza-concurso-para-las-futuras-makers-de-la-region\/#primaryimage\"},\"image\":{\"@id\":\"https:\/\/www.uoh.cl\/fabrica-digital\/del-aula-a-la-fabrica-digital-uoh-lanza-concurso-para-las-futuras-makers-de-la-region\/#primaryimage\"},\"thumbnailUrl\":\"https:\/\/www.uoh.cl\/fabrica-digital\/wp-content\/uploads\/sites\/40\/2025\/06\/concurso-2025.jpg\",\"datePublished\":\"2025-06-24T14:09:25+00:00\",\"description\":\"Las propuestas de soluci\u00f3n a problem\u00e1ticas reales, elaboradas gracias al trabajo en conjunto entre la Municipalidad de San Fernando, la Escuela de Ingenier\u00eda UOH y el programa A+S, fueron presentadas en el Teatro Municipal de la comuna.\",\"breadcrumb\":{\"@id\":\"https:\/\/www.uoh.cl\/fabrica-digital\/del-aula-a-la-fabrica-digital-uoh-lanza-concurso-para-las-futuras-makers-de-la-region\/#breadcrumb\"},\"inLanguage\":\"es-CL\",\"potentialAction\":[{\"@type\":\"ReadAction\",\"target\":[\"https:\/\/www.uoh.cl\/fabrica-digital\/del-aula-a-la-fabrica-digital-uoh-lanza-concurso-para-las-futuras-makers-de-la-region\/\"]}]},{\"@type\":\"ImageObject\",\"inLanguage\":\"es-CL\",\"@id\":\"https:\/\/www.uoh.cl\/fabrica-digital\/del-aula-a-la-fabrica-digital-uoh-lanza-concurso-para-las-futuras-makers-de-la-region\/#primaryimage\",\"url\":\"https:\/\/www.uoh.cl\/fabrica-digital\/wp-content\/uploads\/sites\/40\/2025\/06\/concurso-2025.jpg\",\"contentUrl\":\"https:\/\/www.uoh.cl\/fabrica-digital\/wp-content\/uploads\/sites\/40\/2025\/06\/concurso-2025.jpg\",\"width\":2048,\"height\":2560},{\"@type\":\"BreadcrumbList\",\"@id\":\"https:\/\/www.uoh.cl\/fabrica-digital\/del-aula-a-la-fabrica-digital-uoh-lanza-concurso-para-las-futuras-makers-de-la-region\/#breadcrumb\",\"itemListElement\":[{\"@type\":\"ListItem\",\"position\":1,\"name\":\"Home\",\"item\":\"https:\/\/www.uoh.cl\/fabrica-digital\/\"},{\"@type\":\"ListItem\",\"position\":2,\"name\":\"Del aula a la F\u00e1brica Digital: UOH lanza concurso para las futuras Makers de la regi\u00f3n\"}]},{\"@type\":\"WebSite\",\"@id\":\"https:\/\/www.uoh.cl\/fabrica-digital\/#website\",\"url\":\"https:\/\/www.uoh.cl\/fabrica-digital\/\",\"name\":\"F\u00e1brica Digital\",\"description\":\"Aprende a prototipar tus ideas\",\"publisher\":{\"@id\":\"https:\/\/www.uoh.cl\/fabrica-digital\/#organization\"},\"potentialAction\":[{\"@type\":\"SearchAction\",\"target\":{\"@type\":\"EntryPoint\",\"urlTemplate\":\"https:\/\/www.uoh.cl\/fabrica-digital\/?s={search_term_string}\"},\"query-input\":{\"@type\":\"PropertyValueSpecification\",\"valueRequired\":true,\"valueName\":\"search_term_string\"}}],\"inLanguage\":\"es-CL\"},{\"@type\":\"Organization\",\"@id\":\"https:\/\/www.uoh.cl\/fabrica-digital\/#organization\",\"name\":\"F\u00e1brica Digital\",\"url\":\"https:\/\/www.uoh.cl\/fabrica-digital\/\",\"logo\":{\"@type\":\"ImageObject\",\"inLanguage\":\"es-CL\",\"@id\":\"https:\/\/www.uoh.cl\/fabrica-digital\/#\/schema\/logo\/image\/\",\"url\":\"https:\/\/www.uoh.cl\/fabrica-digital\/wp-content\/uploads\/sites\/40\/2022\/09\/logo.png\",\"contentUrl\":\"https:\/\/www.uoh.cl\/fabrica-digital\/wp-content\/uploads\/sites\/40\/2022\/09\/logo.png\",\"width\":1685,\"height\":810,\"caption\":\"F\u00e1brica Digital\"},\"image\":{\"@id\":\"https:\/\/www.uoh.cl\/fabrica-digital\/#\/schema\/logo\/image\/\"},\"sameAs\":[\"https:\/\/www.facebook.com\/fabricadigital.uoh\",\"https:\/\/www.instagram.com\/fabricadigitalohiggins\/\",\"https:\/\/www.youtube.com\/channel\/UCaAZEN9qCl-69Oq5KVqY03Q\/about\"]},{\"@type\":\"Person\",\"@id\":\"https:\/\/www.uoh.cl\/fabrica-digital\/#\/schema\/person\/ea242e676c7d6d7e46fc8b9e39486c4f\",\"name\":\"Universidad de O'Higgins\",\"image\":{\"@type\":\"ImageObject\",\"inLanguage\":\"es-CL\",\"@id\":\"https:\/\/www.uoh.cl\/fabrica-digital\/#\/schema\/person\/image\/\",\"url\":\"https:\/\/secure.gravatar.com\/avatar\/78fcb76ca05efae11fd355943c01a832a29786cc00d85b1a82c301bea2b2a214?s=96&d=mm&r=g\",\"contentUrl\":\"https:\/\/secure.gravatar.com\/avatar\/78fcb76ca05efae11fd355943c01a832a29786cc00d85b1a82c301bea2b2a214?s=96&d=mm&r=g\",\"caption\":\"Universidad de O'Higgins\"}}]}<\/script>\n<!-- \/ Yoast SEO plugin. -->","yoast_head_json":{"title":"Del aula a la F\u00e1brica Digital: UOH lanza concurso para las futuras Makers de la regi\u00f3n - F\u00e1brica Digital","description":"Las propuestas de soluci\u00f3n a problem\u00e1ticas reales, elaboradas gracias al trabajo en conjunto entre la Municipalidad de San Fernando, la Escuela de Ingenier\u00eda UOH y el programa A+S, fueron presentadas en el Teatro Municipal de la comuna.","robots":{"index":"noindex","follow":"nofollow"},"og_locale":"es_ES","og_type":"article","og_title":"Del aula a la F\u00e1brica Digital: UOH lanza concurso para las futuras Makers de la regi\u00f3n - F\u00e1brica Digital","og_description":"Las propuestas de soluci\u00f3n a problem\u00e1ticas reales, elaboradas gracias al trabajo en conjunto entre la Municipalidad de San Fernando, la Escuela de Ingenier\u00eda UOH y el programa A+S, fueron presentadas en el Teatro Municipal de la comuna.","og_url":"https:\/\/www.uoh.cl\/fabrica-digital\/del-aula-a-la-fabrica-digital-uoh-lanza-concurso-para-las-futuras-makers-de-la-region\/","og_site_name":"F\u00e1brica Digital","article_publisher":"https:\/\/www.facebook.com\/fabricadigital.uoh","article_published_time":"2025-06-24T14:09:25+00:00","og_image":[{"width":2048,"height":2560,"url":"https:\/\/www.uoh.cl\/fabrica-digital\/wp-content\/uploads\/sites\/40\/2025\/06\/concurso-2025.jpg","type":"image\/jpeg"}],"author":"Universidad de O'Higgins","twitter_card":"summary_large_image","twitter_misc":{"Escrito por":"Universidad de O'Higgins","Tiempo estimado de lectura":"6 minutos"},"schema":{"@context":"https:\/\/schema.org","@graph":[{"@type":"Article","@id":"https:\/\/www.uoh.cl\/fabrica-digital\/del-aula-a-la-fabrica-digital-uoh-lanza-concurso-para-las-futuras-makers-de-la-region\/#article","isPartOf":{"@id":"https:\/\/www.uoh.cl\/fabrica-digital\/del-aula-a-la-fabrica-digital-uoh-lanza-concurso-para-las-futuras-makers-de-la-region\/"},"author":{"name":"Universidad de O'Higgins","@id":"https:\/\/www.uoh.cl\/fabrica-digital\/#\/schema\/person\/ea242e676c7d6d7e46fc8b9e39486c4f"},"headline":"Del aula a la F\u00e1brica Digital: UOH lanza concurso para las futuras Makers de la regi\u00f3n","datePublished":"2025-06-24T14:09:25+00:00","mainEntityOfPage":{"@id":"https:\/\/www.uoh.cl\/fabrica-digital\/del-aula-a-la-fabrica-digital-uoh-lanza-concurso-para-las-futuras-makers-de-la-region\/"},"wordCount":760,"commentCount":0,"publisher":{"@id":"https:\/\/www.uoh.cl\/fabrica-digital\/#organization"},"image":{"@id":"https:\/\/www.uoh.cl\/fabrica-digital\/del-aula-a-la-fabrica-digital-uoh-lanza-concurso-para-las-futuras-makers-de-la-region\/#primaryimage"},"thumbnailUrl":"https:\/\/www.uoh.cl\/fabrica-digital\/wp-content\/uploads\/sites\/40\/2025\/06\/concurso-2025.jpg","articleSection":["Institucional"],"inLanguage":"es-CL","potentialAction":[{"@type":"CommentAction","name":"Comment","target":["https:\/\/www.uoh.cl\/fabrica-digital\/del-aula-a-la-fabrica-digital-uoh-lanza-concurso-para-las-futuras-makers-de-la-region\/#respond"]}]},{"@type":"WebPage","@id":"https:\/\/www.uoh.cl\/fabrica-digital\/del-aula-a-la-fabrica-digital-uoh-lanza-concurso-para-las-futuras-makers-de-la-region\/","url":"https:\/\/www.uoh.cl\/fabrica-digital\/del-aula-a-la-fabrica-digital-uoh-lanza-concurso-para-las-futuras-makers-de-la-region\/","name":"Del aula a la F\u00e1brica Digital: UOH lanza concurso para las futuras Makers de la regi\u00f3n - F\u00e1brica Digital","isPartOf":{"@id":"https:\/\/www.uoh.cl\/fabrica-digital\/#website"},"primaryImageOfPage":{"@id":"https:\/\/www.uoh.cl\/fabrica-digital\/del-aula-a-la-fabrica-digital-uoh-lanza-concurso-para-las-futuras-makers-de-la-region\/#primaryimage"},"image":{"@id":"https:\/\/www.uoh.cl\/fabrica-digital\/del-aula-a-la-fabrica-digital-uoh-lanza-concurso-para-las-futuras-makers-de-la-region\/#primaryimage"},"thumbnailUrl":"https:\/\/www.uoh.cl\/fabrica-digital\/wp-content\/uploads\/sites\/40\/2025\/06\/concurso-2025.jpg","datePublished":"2025-06-24T14:09:25+00:00","description":"Las propuestas de soluci\u00f3n a problem\u00e1ticas reales, elaboradas gracias al trabajo en conjunto entre la Municipalidad de San Fernando, la Escuela de Ingenier\u00eda UOH y el programa A+S, fueron presentadas en el Teatro Municipal de la comuna.","breadcrumb":{"@id":"https:\/\/www.uoh.cl\/fabrica-digital\/del-aula-a-la-fabrica-digital-uoh-lanza-concurso-para-las-futuras-makers-de-la-region\/#breadcrumb"},"inLanguage":"es-CL","potentialAction":[{"@type":"ReadAction","target":["https:\/\/www.uoh.cl\/fabrica-digital\/del-aula-a-la-fabrica-digital-uoh-lanza-concurso-para-las-futuras-makers-de-la-region\/"]}]},{"@type":"ImageObject","inLanguage":"es-CL","@id":"https:\/\/www.uoh.cl\/fabrica-digital\/del-aula-a-la-fabrica-digital-uoh-lanza-concurso-para-las-futuras-makers-de-la-region\/#primaryimage","url":"https:\/\/www.uoh.cl\/fabrica-digital\/wp-content\/uploads\/sites\/40\/2025\/06\/concurso-2025.jpg","contentUrl":"https:\/\/www.uoh.cl\/fabrica-digital\/wp-content\/uploads\/sites\/40\/2025\/06\/concurso-2025.jpg","width":2048,"height":2560},{"@type":"BreadcrumbList","@id":"https:\/\/www.uoh.cl\/fabrica-digital\/del-aula-a-la-fabrica-digital-uoh-lanza-concurso-para-las-futuras-makers-de-la-region\/#breadcrumb","itemListElement":[{"@type":"ListItem","position":1,"name":"Home","item":"https:\/\/www.uoh.cl\/fabrica-digital\/"},{"@type":"ListItem","position":2,"name":"Del aula a la F\u00e1brica Digital: UOH lanza concurso para las futuras Makers de la regi\u00f3n"}]},{"@type":"WebSite","@id":"https:\/\/www.uoh.cl\/fabrica-digital\/#website","url":"https:\/\/www.uoh.cl\/fabrica-digital\/","name":"F\u00e1brica Digital","description":"Aprende a prototipar tus ideas","publisher":{"@id":"https:\/\/www.uoh.cl\/fabrica-digital\/#organization"},"potentialAction":[{"@type":"SearchAction","target":{"@type":"EntryPoint","urlTemplate":"https:\/\/www.uoh.cl\/fabrica-digital\/?s={search_term_string}"},"query-input":{"@type":"PropertyValueSpecification","valueRequired":true,"valueName":"search_term_string"}}],"inLanguage":"es-CL"},{"@type":"Organization","@id":"https:\/\/www.uoh.cl\/fabrica-digital\/#organization","name":"F\u00e1brica Digital","url":"https:\/\/www.uoh.cl\/fabrica-digital\/","logo":{"@type":"ImageObject","inLanguage":"es-CL","@id":"https:\/\/www.uoh.cl\/fabrica-digital\/#\/schema\/logo\/image\/","url":"https:\/\/www.uoh.cl\/fabrica-digital\/wp-content\/uploads\/sites\/40\/2022\/09\/logo.png","contentUrl":"https:\/\/www.uoh.cl\/fabrica-digital\/wp-content\/uploads\/sites\/40\/2022\/09\/logo.png","width":1685,"height":810,"caption":"F\u00e1brica Digital"},"image":{"@id":"https:\/\/www.uoh.cl\/fabrica-digital\/#\/schema\/logo\/image\/"},"sameAs":["https:\/\/www.facebook.com\/fabricadigital.uoh","https:\/\/www.instagram.com\/fabricadigitalohiggins\/","https:\/\/www.youtube.com\/channel\/UCaAZEN9qCl-69Oq5KVqY03Q\/about"]},{"@type":"Person","@id":"https:\/\/www.uoh.cl\/fabrica-digital\/#\/schema\/person\/ea242e676c7d6d7e46fc8b9e39486c4f","name":"Universidad de O'Higgins","image":{"@type":"ImageObject","inLanguage":"es-CL","@id":"https:\/\/www.uoh.cl\/fabrica-digital\/#\/schema\/person\/image\/","url":"https:\/\/secure.gravatar.com\/avatar\/78fcb76ca05efae11fd355943c01a832a29786cc00d85b1a82c301bea2b2a214?s=96&d=mm&r=g","contentUrl":"https:\/\/secure.gravatar.com\/avatar\/78fcb76ca05efae11fd355943c01a832a29786cc00d85b1a82c301bea2b2a214?s=96&d=mm&r=g","caption":"Universidad de O'Higgins"}}]}},"_links":{"self":[{"href":"https:\/\/www.uoh.cl\/fabrica-digital\/wp-json\/wp\/v2\/posts\/607","targetHints":{"allow":["GET"]}}],"collection":[{"href":"https:\/\/www.uoh.cl\/fabrica-digital\/wp-json\/wp\/v2\/posts"}],"about":[{"href":"https:\/\/www.uoh.cl\/fabrica-digital\/wp-json\/wp\/v2\/types\/post"}],"author":[{"embeddable":true,"href":"https:\/\/www.uoh.cl\/fabrica-digital\/wp-json\/wp\/v2\/users\/34"}],"replies":[{"embeddable":true,"href":"https:\/\/www.uoh.cl\/fabrica-digital\/wp-json\/wp\/v2\/comments?post=607"}],"version-history":[{"count":0,"href":"https:\/\/www.uoh.cl\/fabrica-digital\/wp-json\/wp\/v2\/posts\/607\/revisions"}],"wp:featuredmedia":[{"embeddable":true,"href":"https:\/\/www.uoh.cl\/fabrica-digital\/wp-json\/wp\/v2\/media\/608"}],"wp:attachment":[{"href":"https:\/\/www.uoh.cl\/fabrica-digital\/wp-json\/wp\/v2\/media?parent=607"}],"wp:term":[{"taxonomy":"category","embeddable":true,"href":"https:\/\/www.uoh.cl\/fabrica-digital\/wp-json\/wp\/v2\/categories?post=607"},{"taxonomy":"post_tag","embeddable":true,"href":"https:\/\/www.uoh.cl\/fabrica-digital\/wp-json\/wp\/v2\/tags?post=607"}],"curies":[{"name":"wp","href":"https:\/\/api.w.org\/{rel}","templated":true}]}}