
{"id":988,"date":"2023-01-18T18:09:38","date_gmt":"2023-01-18T21:09:38","guid":{"rendered":"https:\/\/www.uoh.cl\/extension\/universidades-estatales-promoveran-en-rancagua-dialogo-sobre-derechos-humanos\/"},"modified":"2023-01-18T18:09:38","modified_gmt":"2023-01-18T21:09:38","slug":"universidades-estatales-promoveran-en-rancagua-dialogo-sobre-derechos-humanos","status":"publish","type":"post","link":"https:\/\/www.uoh.cl\/extension\/universidades-estatales-promoveran-en-rancagua-dialogo-sobre-derechos-humanos","title":{"rendered":"Universidades Estatales promover\u00e1n en Rancagua di\u00e1logo sobre Derechos Humanos"},"content":{"rendered":"<div class=\"wpb-content-wrapper\"><p>[vc_section el_class=&#8221;container mx-auto align-items-center text-right circle&#8211;pattern&#8221; css=&#8221;.vc_custom_1648956589196{padding-top: 3rem !important;}&#8221;][vc_row][vc_column]<div class=\"breadcrumb\"><ol itemscope itemtype=\"https:\/\/schema.org\/BreadcrumbList\"><li itemprop=\"itemListElement\" itemscope itemtype=\"https:\/\/schema.org\/ListItem\"><a itemprop=\"item\" href=\"http:\/\/www.uoh.cl\"><span itemprop=\"name\">Inicio<\/span><\/a><meta itemprop=\"position\" content=\"1\" \/><li itemprop=\"itemListElement\" itemscope itemtype=\"https:\/\/schema.org\/ListItem\"><a itemprop=\"item\" href=\"https:\/\/www.uoh.cl\/extension\"><span itemprop=\"name\">Direcci\u00f3n de Cultura Patrimonio y Extensi\u00f3n UOH<\/span><\/a><meta itemprop=\"position\" content=\"2\" \/><li itemprop=\"itemListElement\" itemscope itemtype=\"https:\/\/schema.org\/ListItem\"><a itemprop=\"item\" href=\"https:\/\/www.uoh.cl\/extension\/noticias\"><span itemprop=\"name\">Noticias<\/span><\/a><meta itemprop=\"position\" content=\"3\" \/><li itemprop=\"itemListElement\" itemscope itemtype=\"https:\/\/schema.org\/ListItem\"><span itemprop=\"name\">Universidades Estatales promover\u00e1n en Rancagua di\u00e1logo sobre Derechos Humanos <\/span><meta itemprop=\"position\" content=\"4\" \/><\/ol><\/div><ul class=\"p-0 list-style-none d-inline-block\"><li class=\"p-0\"><a href=https:\/\/www.uoh.cl\/extension\/category\/extension class=\"px-1 py-2\">Extensi\u00f3n<\/a><\/li><\/ul><div class=\"date_publish_post\"> \u25cf Mi\u00e9 18 de Enero 2023<\/div><div class=\"uoh_title_component-container\"><h1 class=\"title title--ms d-inline-block title--decorator  big\">Universidades Estatales promover\u00e1n en Rancagua di\u00e1logo sobre Derechos Humanos<\/h1><\/div>[vc_row_inner el_class=&#8221;border-separator m-0&#8243;][vc_column_inner width=&#8221;2\/3&#8243;]<div class=\"author_wp_class\"> Escrito por <span>Universidad de O'Higgins<\/span><\/div>[\/vc_column_inner][vc_column_inner el_class=&#8221;align-items-end-publish&#8221; width=&#8221;1\/3&#8243;]<div class=\"uoh_social_network_component uoh_row col-12 justify-content-end m-0 p-0\"> <div class=\"icon__facebook-share-button\">\n                       <a href=\"https:\/\/www.facebook.com\/sharer\/sharer.php?u=https:\/\/www.uoh.cl\/extension\/universidades-estatales-promoveran-en-rancagua-dialogo-sobre-derechos-humanos\" target=\"_blank\"> <div class=\"icon__facebook-svg\"><svg version=\"1.1\" xmlns=\"http:\/\/www.w3.org\/2000\/svg\" xmlns:xlink=\"http:\/\/www.w3.org\/1999\/xlink\" x=\"0px\" y=\"0px\" width=\"22.4px\" height=\"48.3px\" viewBox=\"0 0 22.4 48.3\" style=\"overflow:visible;enable-background:new 0 0 22.4 48.3;\" xml:space=\"preserve\">\n                <defs>\n                <\/defs>\n                <path class=\"st0\" d=\"M22.4,15.6h-7.6v-5c0-1.9,1.2-2.3,2.1-2.3c0.9,0,5.4,0,5.4,0V0l-7.4,0C6.6,0,4.8,6.2,4.8,10.1v5.5H0v8.5h4.8\n                    c0,10.9,0,24.1,0,24.1h10c0,0,0-13.3,0-24.1h6.8L22.4,15.6z\"><\/path>\n                <\/svg><\/a><\/div>\n                    <\/div><div class=\"icon__twitter-share-button\">\n                        <div class=\"icon__twitter-svg\"><a target=\"_blank\" href=\"http:\/\/twitter.com\/share?url=https:\/\/www.uoh.cl\/extension\/universidades-estatales-promoveran-en-rancagua-dialogo-sobre-derechos-humanos\"><svg xmlns=\"http:\/\/www.w3.org\/2000\/svg\" height=\"1em\" viewBox=\"0 0 512 512\"><!--! Font Awesome Free 6.4.2 by @fontawesome - https:\/\/fontawesome.com License - https:\/\/fontawesome.com\/license (Commercial License) Copyright 2023 Fonticons, Inc. --><path d=\"M389.2 48h70.6L305.6 224.2 487 464H345L233.7 318.6 106.5 464H35.8L200.7 275.5 26.8 48H172.4L272.9 180.9 389.2 48zM364.4 421.8h39.1L151.1 88h-42L364.4 421.8z\"\/><\/svg><\/a><\/div>\n                        <\/div><div class=\"icon__linkedin-share-button\">\n                        <div class=\"icon__linkedin-svg\">\n                        <a target=\"__blank\" href=\"https:\/\/www.linkedin.com\/sharing\/share-offsite\/?url=https:\/\/www.uoh.cl\/extension\/universidades-estatales-promoveran-en-rancagua-dialogo-sobre-derechos-humanos\"><svg enable-background=\"new 0 0 100 100\" height=\"100px\" id=\"Layer_1\" version=\"1.1\" viewBox=\"0 0 100 100\" width=\"100px\" xml:space=\"preserve\" xmlns=\"http:\/\/www.w3.org\/2000\/svg\" xmlns:xlink=\"http:\/\/www.w3.org\/1999\/xlink\"><g><circle cx=\"50\" cy=\"50\" fill=\"#ccc\" r=\"45\"\/><g id=\"LinkedIn_1_\"><rect fill=\"#FFFFFF\" height=\"24.361\" width=\"7.69\" x=\"31.271\" y=\"43.569\"\/><path d=\"M59.968,43.334c-4.406,0-7.165,2.387-7.677,4.058v-3.823h-8.636c0.109,2.03,0,24.361,0,24.361h8.636    V54.748c0-0.733-0.034-1.465,0.19-1.991c0.594-1.464,1.869-2.985,4.162-2.985c2.998,0,4.361,2.253,4.361,5.552V67.93h8.721V54.384    C69.726,46.839,65.432,43.334,59.968,43.334z\" fill=\"#FFFFFF\"\/><path d=\"M34.973,32.069c-2.839,0-4.696,1.823-4.696,4.229c0,2.361,1.804,4.224,4.589,4.224h0.054    c2.891,0,4.69-1.869,4.69-4.229C39.555,33.888,37.81,32.069,34.973,32.069z\" fill=\"#FFFFFF\"\/><\/g><\/g><\/svg><\/a><\/div>\n\n            <\/div><\/div>[\/vc_column_inner][\/vc_row_inner][vc_single_image image=&#8221;16583&#8243; img_size=&#8221;full&#8221;][vc_column_text]\u00a0[\/vc_column_text][vc_column_text]<em>A trav\u00e9s del desarrollo de la novena versi\u00f3n de la Escuela de Temporada, la Universidad de Chile y la Universidad de O\u2019Higgins, unieron esfuerzos para instalar el \u201cEncuentro en torno a Derechos Humanos y Lugares de Memoria\u201d que tendr\u00e1 lugar el pr\u00f3ximo 25 de enero en la Casa de la Cultura de Rancagua.<\/em><\/p>\n<p>[\/vc_column_text][vc_column_text]\u00a0[\/vc_column_text][vc_column_text]Organizado por la <strong>C\u00e1tedra de Derechos Humanos de la Vicerrector\u00eda de Extensi\u00f3n y Comunicaciones de la Universidad de Chile en conjunto a la Universidad de O\u2019Higgins, el mi\u00e9rcoles 25 de enero a las 09:30 horas se <\/strong>realizar\u00e1 el<strong> encuentro \u201cDerechos humanos y lugares de memoria\u201d<\/strong>, actividad que contempla la realizaci\u00f3n de un taller junto a organizaciones de Derechos Humanos, todo esto en la Sala de M\u00fasica de la Casa de la Cultura de Rancagua. Posteriormente, la cita es a partir de las 13:30 horas en el mismo lugar, en donde se convoca a las y los asistentes al <strong>conversatorio sobre sitios de memoria<\/strong>, buscando promover un espacio de reflexi\u00f3n e intercambio de experiencias con miras a superar los desaf\u00edos presentes en materia de memoria, justicia y reparaci\u00f3n.<\/p>\n<p>Al respecto, el coordinador de la C\u00e1tedra de Derechos Humanos de la Universidad de Chile, Claudio Nash, mencion\u00f3 la importancia de instalar esta actividad en conjunto con la Universidad de O\u2019Higgins, puesto que el pa\u00eds viene experimentando un per\u00edodo de regresi\u00f3n autoritaria a partir del \u201cestallido social del 2019\u201d, por lo que existen serias amenazas contra la democracia y el estado de derecho que merecen ser atendidas entre las universidades y las comunidades.<\/p>\n<p>\u201cChile tiene grandes desaf\u00edos en materia legislativa que deben ser profundamente revisados en virtud de garantizar las libertades constitucionales. Entre ellos, regular las pr\u00e1cticas de los cuerpos de seguridad del Estado en situaciones de protestas, as\u00ed como saldar las deudas que tiene el pa\u00eds en casos de verdad, justicia, memoria y violaciones de Derechos Humanos cometidos recientemente y en tiempos de dictadura\u201d.<\/p>\n<p>De esta manera la Novena Escuela de Temporada tiene como prop\u00f3sito generar di\u00e1logos intergeneracionales con las comunidades de O\u2019Higgins que permitan concientizar el compromiso por la no repetici\u00f3n, \u201chaci\u00e9ndonos cargo de nuestra propia historia, de las deudas del presente, promoviendo la verdad, la justicia y reivindicando la memoria\u201d, destac\u00f3 el docente, a manera de reflexi\u00f3n.<\/p>\n<p><strong>Construcci\u00f3n por la memoria <\/strong><\/p>\n<p>Entre tanto, la directora de Cultura, Patrimonio y Extensi\u00f3n de la Universidad de O\u2019Higgins, Clemencia Gonz\u00e1lez, mencion\u00f3 que este \u201cEncuentro en torno a Derechos Humanos y Lugares de Memoria\u201d que se ha propuesto en esta Novena Escuela de Temporada, en conjunto con la C\u00e1tedra de DDHH de la U. de Chile, tiene como objetivo incentivar la reflexi\u00f3n cr\u00edtica en el marco de un di\u00e1logo plural que fomente una cultura por los derechos humanos.<\/p>\n<p>\u201cEn concreto, la discusi\u00f3n que queremos incentivar en este encuentro, nutrir\u00e1 el trabajo que venimos desarrollando desde inicios del 2022 a trav\u00e9s del proyecto de construcci\u00f3n de un sitio de consciencia y memoria para la Regi\u00f3n de O\u2019Higgins, junto a familiares, v\u00edctimas y otras instituciones comprometidas con la defensa de los derechos humanos. Dicho sitio, de car\u00e1cter regional, es un proyecto largamente anhelado por la comunidad, por lo que esperamos que se pueda concretar y que cumpla una funci\u00f3n social relevante en nuestra regi\u00f3n. As\u00ed tambi\u00e9n, esperamos que este sitio vaya en la l\u00ednea de promover acciones de reparaci\u00f3n simb\u00f3lica a v\u00edctimas y\/o sobrevivientes de las violaciones a los derechos humanos de la dictadura c\u00edvico militar (1973-1990) y del presente\u201d.<\/p>\n<p><strong>Reparaci\u00f3n y otros temas<\/strong><\/p>\n<p>Entre tanto, el jefe regional del Instituto Nacional de Derechos Humanos INDH O\u2019Higgins, David Bahamondes, aplaude la iniciativa de esta Novena Escuela de Temporada, siendo una ocasi\u00f3n clave para comprender la importancia de fomentar en la regi\u00f3n lugares de memoria para la no repetici\u00f3n y reparaci\u00f3n, como el proyecto \u201cSitios de Conciencia y Memoria para el Nunca M\u00e1s\u201d, en el que participa la Universidad de O\u2019Higgins. Y en una segunda instancia, no menos importante para \u00e9l, significa una oportunidad para introducir temas en el que trabaja el INDH, como la situaci\u00f3n medio ambiental, o los derechos econ\u00f3micos de los trabajadores de O\u2019Higgins, por ejemplo. Lo cual, a raz\u00f3n del investigador, son temas que podr\u00edan ofrecer informaci\u00f3n valiosa y relevante para el dise\u00f1o de pol\u00edticas p\u00fablicas que necesita la Regi\u00f3n de O\u2019Higgins y el pa\u00eds en materia de Derechos Humanos.<\/p>\n<p>[\/vc_column_text][\/vc_column][\/vc_row][vc_row][vc_column width=&#8221;1\/2&#8243;][\/vc_column][vc_column width=&#8221;1\/2&#8243;][\/vc_column][\/vc_row][\/vc_section][vc_section css=&#8221;.vc_custom_1650255686594{background-color: #f6faff !important;}&#8221; el_class=&#8221;p-md-0 pt-md-5&#8243;][vc_row el_class=&#8221;container mx-auto align-items-center text-right p-md-0 pt-5 pb-5&#8243;][vc_column el_class=&#8221;pb-5&#8243;][vc_row_inner el_class=&#8221;pb-5&#8243;][vc_column_inner]<div class=\"row m-0 p-0\"><div class=\"col-12 col-md-9 pt-5 pt-md-0\"><h2 class=\"title title--decorator title--ms d-inline-block\">Te Recomendamos<\/h2><\/div><\/div><div class=\"content-holder\"><div class=\"row  swipper-news-list not--activate-hack \"><div class=\"row -wrapper\"><div class=\"  col-sm-6 col-md-4 img-article\">\n                                        <div class=\"content-news-display row m-0 p-0\"><div class=\"holder p-0 \"><div class=\"img-wrap img-wrap-news\">\n                                        <div class=\"caption__news-category\">\n                                        <a href=\"https:\/\/www.uoh.cl\/extension\/category\/cuech\">\n                                        CUECH<\/a><\/div><img decoding=\"async\" class=\"w-100 h-100 lazyload\" data-src=\"https:\/\/www.uoh.cl\/extension\/wp-content\/uploads\/sites\/14\/2026\/04\/DSC_2431-scaled.jpg\" alt=\"Universidades estatales sellan hoja de ruta 2030: Red Desarrollo Sustentable entra en fase de consolidaci\u00f3n\" style=\"--smush-placeholder-width: 2560px; --smush-placeholder-aspect-ratio: 2560\/1707;object-fit: cover; object-position: center;\" src=\"data:image\/svg+xml;base64,PHN2ZyB3aWR0aD0iMSIgaGVpZ2h0PSIxIiB4bWxucz0iaHR0cDovL3d3dy53My5vcmcvMjAwMC9zdmciPjwvc3ZnPg==\"><\/div><\/div><div class=\"caption py-3 caption__news py-md-3 pb-md-5\">\n                                    <span class=\"caption__date\">Mi\u00e9rcoles 15, Abril<\/span>\n                                     <a href=\"https:\/\/www.uoh.cl\/extension\/universidades-estatales-sellan-hoja-de-ruta-2030-red-desarrollo-sustentable-entra-en-fase-de-consolidacion\">\n                                    <h3 class=\"small-space\">Universidades estatales sellan hoja de ruta 2030: Red Desarrollo Sustentable entra en fase de consolidaci\u00f3n<\/h3><\/a>\n\n                                    <p>En el Plenario realizado en la Universidad de O'Higgins, los 18 planteles p\u00fablicos definieron sus metas estrat\u00e9gicas para el periodo 2026-2030. El plan priorizar\u00e1 la institucionalizaci\u00f3n de capacidades, un diplomado para organismos p\u00fablicos y la medici\u00f3n de la huella h\u00eddrica en los campus.<\/p>\n                                    <a class=\"link link--bold mt-md-3\" href=\"https:\/\/www.uoh.cl\/extension\/universidades-estatales-sellan-hoja-de-ruta-2030-red-desarrollo-sustentable-entra-en-fase-de-consolidacion\">Saber m\u00e1s <span class=\"icon icon--inline icon--link\"><svg version=\"1.1\" xmlns=\"http:\/\/www.w3.org\/2000\/svg\" xmlns:xlink=\"http:\/\/www.w3.org\/1999\/xlink\" x=\"0px\" y=\"0px\" width=\"22px\"height=\"22px\" viewBox=\"0 0 22 22\" style=\"overflow:visible;enable-background:new 0 0 80 64.6;\" xml:space=\"preserve\"><g clip-path=\"url(#acA)\"><path fill-rule=\"evenodd\" d=\"M21.913 11.266a.93.93 0 000-.711c-.022-.056-.063-.097-.091-.144s-.053-.103-.097-.15L12.306.294c-.357-.379-.955-.394-1.334-.038s-.394.955-.038 1.334l7.917 8.374H.927a.95.95 0 00-.908.983.946.946 0 00.908.908h17.924l-8.089 8.552c-.357.379-.341.977.034 1.334s.977.341 1.334-.034l9.594-10.148c.044-.044.063-.1.097-.15.028-.047.069-.088.091-.141z\"\/><\/g><defs><clipPath id=\"acA\"><path fill=\"#fff\" d=\"M0 0h22v22H0z\"\/><\/clipPath><\/defs><\/svg><\/span><\/a><\/div><\/div><\/div><div class=\"  col-sm-6 col-md-4 img-article\">\n                                        <div class=\"content-news-display row m-0 p-0\"><div class=\"holder p-0 \"><div class=\"img-wrap img-wrap-news\">\n                                        <div class=\"caption__news-category\">\n                                        <a href=\"https:\/\/www.uoh.cl\/extension\/category\/extension\">\n                                        Extensi\u00f3n<\/a><\/div><img decoding=\"async\" class=\"w-100 h-100 lazyload\" data-src=\"https:\/\/www.uoh.cl\/extension\/wp-content\/uploads\/sites\/14\/2026\/03\/Visita-Cultural-Expo-Mimbre-Chimbarongo-15-scaled.jpg\" alt=\"Artesan\u00eda, patrimonio y paisaje marcaron el inicio de las Visitas Culturales 2026 de la Universidad de O\u2019Higgins\" style=\"--smush-placeholder-width: 2560px; --smush-placeholder-aspect-ratio: 2560\/1707;object-fit: cover; object-position: center;\" src=\"data:image\/svg+xml;base64,PHN2ZyB3aWR0aD0iMSIgaGVpZ2h0PSIxIiB4bWxucz0iaHR0cDovL3d3dy53My5vcmcvMjAwMC9zdmciPjwvc3ZnPg==\"><\/div><\/div><div class=\"caption py-3 caption__news py-md-3 pb-md-5\">\n                                    <span class=\"caption__date\">Lunes 23, Marzo<\/span>\n                                     <a href=\"https:\/\/www.uoh.cl\/extension\/artesania-patrimonio-y-paisaje-marcaron-el-inicio-de-las-visitas-culturales-2026-de-la-universidad-de-ohiggins\">\n                                    <h3 class=\"small-space\">Artesan\u00eda, patrimonio y paisaje marcaron el inicio de las Visitas Culturales 2026 de la Universidad de O\u2019Higgins<\/h3><\/a>\n\n                                    <p>La iniciativa busca acercar a la comunidad a experiencias que destacan la identidad cultural, el patrimonio y las tradiciones de diferentes localidades de la regi\u00f3n.<\/p>\n                                    <a class=\"link link--bold mt-md-3\" href=\"https:\/\/www.uoh.cl\/extension\/artesania-patrimonio-y-paisaje-marcaron-el-inicio-de-las-visitas-culturales-2026-de-la-universidad-de-ohiggins\">Saber m\u00e1s <span class=\"icon icon--inline icon--link\"><svg version=\"1.1\" xmlns=\"http:\/\/www.w3.org\/2000\/svg\" xmlns:xlink=\"http:\/\/www.w3.org\/1999\/xlink\" x=\"0px\" y=\"0px\" width=\"22px\"height=\"22px\" viewBox=\"0 0 22 22\" style=\"overflow:visible;enable-background:new 0 0 80 64.6;\" xml:space=\"preserve\"><g clip-path=\"url(#acA)\"><path fill-rule=\"evenodd\" d=\"M21.913 11.266a.93.93 0 000-.711c-.022-.056-.063-.097-.091-.144s-.053-.103-.097-.15L12.306.294c-.357-.379-.955-.394-1.334-.038s-.394.955-.038 1.334l7.917 8.374H.927a.95.95 0 00-.908.983.946.946 0 00.908.908h17.924l-8.089 8.552c-.357.379-.341.977.034 1.334s.977.341 1.334-.034l9.594-10.148c.044-.044.063-.1.097-.15.028-.047.069-.088.091-.141z\"\/><\/g><defs><clipPath id=\"acA\"><path fill=\"#fff\" d=\"M0 0h22v22H0z\"\/><\/clipPath><\/defs><\/svg><\/span><\/a><\/div><\/div><\/div><div class=\"  col-sm-6 col-md-4 img-article\">\n                                        <div class=\"content-news-display row m-0 p-0\"><div class=\"holder p-0 \"><div class=\"img-wrap img-wrap-news\">\n                                        <div class=\"caption__news-category\">\n                                        <a href=\"https:\/\/www.uoh.cl\/extension\/category\/extension\">\n                                        Extensi\u00f3n<\/a><\/div><img decoding=\"async\" class=\"w-100 h-100 lazyload\" data-src=\"https:\/\/www.uoh.cl\/extension\/wp-content\/uploads\/sites\/14\/2026\/03\/Orquesta-UOH-2-scaled.jpg\" alt=\"Orquesta de C\u00e1mara UOH inaugur\u00f3 su Temporada de Conciertos 2026\" style=\"--smush-placeholder-width: 2560px; --smush-placeholder-aspect-ratio: 2560\/1707;object-fit: cover; object-position: center;\" src=\"data:image\/svg+xml;base64,PHN2ZyB3aWR0aD0iMSIgaGVpZ2h0PSIxIiB4bWxucz0iaHR0cDovL3d3dy53My5vcmcvMjAwMC9zdmciPjwvc3ZnPg==\"><\/div><\/div><div class=\"caption py-3 caption__news py-md-3 pb-md-5\">\n                                    <span class=\"caption__date\">Mi\u00e9rcoles 18, Marzo<\/span>\n                                     <a href=\"https:\/\/www.uoh.cl\/extension\/orquesta-de-camara-uoh-inauguro-su-temporada-de-conciertos-2026\">\n                                    <h3 class=\"small-space\">Orquesta de C\u00e1mara UOH inaugur\u00f3 su Temporada de Conciertos 2026<\/h3><\/a>\n\n                                    <p>Las presentaciones en Rancagua y Graneros marcaron el inicio del ciclo anual del elenco profesional de la Universidad de O\u2019Higgins, que durante este a\u00f1o recorrer\u00e1 distintas comunas de la regi\u00f3n con su programaci\u00f3n musical.<\/p>\n                                    <a class=\"link link--bold mt-md-3\" href=\"https:\/\/www.uoh.cl\/extension\/orquesta-de-camara-uoh-inauguro-su-temporada-de-conciertos-2026\">Saber m\u00e1s <span class=\"icon icon--inline icon--link\"><svg version=\"1.1\" xmlns=\"http:\/\/www.w3.org\/2000\/svg\" xmlns:xlink=\"http:\/\/www.w3.org\/1999\/xlink\" x=\"0px\" y=\"0px\" width=\"22px\"height=\"22px\" viewBox=\"0 0 22 22\" style=\"overflow:visible;enable-background:new 0 0 80 64.6;\" xml:space=\"preserve\"><g clip-path=\"url(#acA)\"><path fill-rule=\"evenodd\" d=\"M21.913 11.266a.93.93 0 000-.711c-.022-.056-.063-.097-.091-.144s-.053-.103-.097-.15L12.306.294c-.357-.379-.955-.394-1.334-.038s-.394.955-.038 1.334l7.917 8.374H.927a.95.95 0 00-.908.983.946.946 0 00.908.908h17.924l-8.089 8.552c-.357.379-.341.977.034 1.334s.977.341 1.334-.034l9.594-10.148c.044-.044.063-.1.097-.15.028-.047.069-.088.091-.141z\"\/><\/g><defs><clipPath id=\"acA\"><path fill=\"#fff\" d=\"M0 0h22v22H0z\"\/><\/clipPath><\/defs><\/svg><\/span><\/a><\/div><\/div><\/div><\/div><\/div><\/div><div class=\"pagination justify-content-center my-5\"><span aria-current=\"page\" class=\"page-numbers current\">1<\/span>\n<a class=\"page-numbers\" href=\"https:\/\/www.uoh.cl\/extension\/wp-json\/wp\/v2\/posts\/988\/page\/2\">2<\/a>\n<a class=\"page-numbers\" href=\"https:\/\/www.uoh.cl\/extension\/wp-json\/wp\/v2\/posts\/988\/page\/3\">3<\/a>\n<span class=\"page-numbers dots\">&hellip;<\/span>\n<a class=\"page-numbers\" href=\"https:\/\/www.uoh.cl\/extension\/wp-json\/wp\/v2\/posts\/988\/page\/102\">102<\/a>\n<a class=\"next page-numbers\" href=\"https:\/\/www.uoh.cl\/extension\/wp-json\/wp\/v2\/posts\/988\/page\/2\"><div class=\"icon-pagination-next\"> <?xml version=\"1.0\" ?><svg viewBox=\"0 0 96 96\" xmlns=\"http:\/\/www.w3.org\/2000\/svg\"><title\/><path d=\"M39.3756,48.0022l30.47-25.39a6.0035,6.0035,0,0,0-7.6878-9.223L26.1563,43.3906a6.0092,6.0092,0,0,0,0,9.2231L62.1578,82.615a6.0035,6.0035,0,0,0,7.6878-9.2231Z\"\/><\/svg> <\/div><\/a><\/div>[\/vc_column_inner][\/vc_row_inner][\/vc_column][\/vc_row][\/vc_section]<\/p>\n<\/div>","protected":false},"excerpt":{"rendered":"<p>A trav\u00e9s del desarrollo de la novena versi\u00f3n de la Escuela de Temporada, la Universidad de Chile y la Universidad de O\u2019Higgins, unieron esfuerzos para instalar el \u201cEncuentro en torno a Derechos Humanos y Lugares de Memoria\u201d que tendr\u00e1 lugar el pr\u00f3ximo 25 de enero en la Casa de la Cultura de Rancagua.<\/p>\n","protected":false},"author":34,"featured_media":989,"comment_status":"open","ping_status":"open","sticky":false,"template":"","format":"standard","meta":{"_acf_changed":false,"footnotes":""},"categories":[23],"tags":[],"class_list":["post-988","post","type-post","status-publish","format-standard","has-post-thumbnail","hentry","category-extension"],"acf":[],"yoast_head":"<!-- This site is optimized with the Yoast SEO plugin v26.6 - https:\/\/yoast.com\/wordpress\/plugins\/seo\/ -->\n<title>Universidades Estatales promover\u00e1n en Rancagua di\u00e1logo sobre Derechos Humanos - Direcci\u00f3n de Cultura Patrimonio y Extensi\u00f3n UOH<\/title>\n<meta name=\"description\" content=\"A trav\u00e9s del desarrollo de la novena versi\u00f3n de la Escuela de Temporada, la Universidad de Chile y la Universidad de O\u2019Higgins, unieron esfuerzos para instalar el \u201cEncuentro en torno a Derechos Humanos y Lugares de Memoria\u201d que tendr\u00e1 lugar el pr\u00f3ximo 25 de enero en la Casa de la Cultura de Rancagua.\" \/>\n<meta name=\"robots\" content=\"noindex, nofollow\" \/>\n<meta property=\"og:locale\" content=\"es_ES\" \/>\n<meta property=\"og:type\" content=\"article\" \/>\n<meta property=\"og:title\" content=\"Universidades Estatales promover\u00e1n en Rancagua di\u00e1logo sobre Derechos Humanos - Direcci\u00f3n de Cultura Patrimonio y Extensi\u00f3n UOH\" \/>\n<meta property=\"og:description\" content=\"A trav\u00e9s del desarrollo de la novena versi\u00f3n de la Escuela de Temporada, la Universidad de Chile y la Universidad de O\u2019Higgins, unieron esfuerzos para instalar el \u201cEncuentro en torno a Derechos Humanos y Lugares de Memoria\u201d que tendr\u00e1 lugar el pr\u00f3ximo 25 de enero en la Casa de la Cultura de Rancagua.\" \/>\n<meta property=\"og:url\" content=\"https:\/\/www.uoh.cl\/extension\/universidades-estatales-promoveran-en-rancagua-dialogo-sobre-derechos-humanos\" \/>\n<meta property=\"og:site_name\" content=\"Direcci\u00f3n de Cultura Patrimonio y Extensi\u00f3n UOH\" \/>\n<meta property=\"article:published_time\" content=\"2023-01-18T21:09:38+00:00\" \/>\n<meta property=\"og:image\" content=\"https:\/\/www.uoh.cl\/extension\/wp-content\/uploads\/sites\/14\/2023\/01\/Derechos-Humanos-UOH.jpg\" \/>\n\t<meta property=\"og:image:width\" content=\"1000\" \/>\n\t<meta property=\"og:image:height\" content=\"1000\" \/>\n\t<meta property=\"og:image:type\" content=\"image\/jpeg\" \/>\n<meta name=\"author\" content=\"Universidad de O&#039;Higgins\" \/>\n<meta name=\"twitter:card\" content=\"summary_large_image\" \/>\n<meta name=\"twitter:label1\" content=\"Escrito por\" \/>\n\t<meta name=\"twitter:data1\" content=\"Universidad de O&#039;Higgins\" \/>\n\t<meta name=\"twitter:label2\" content=\"Tiempo estimado de lectura\" \/>\n\t<meta name=\"twitter:data2\" content=\"4 minutos\" \/>\n<script type=\"application\/ld+json\" class=\"yoast-schema-graph\">{\"@context\":\"https:\/\/schema.org\",\"@graph\":[{\"@type\":\"WebPage\",\"@id\":\"https:\/\/www.uoh.cl\/extension\/universidades-estatales-promoveran-en-rancagua-dialogo-sobre-derechos-humanos\",\"url\":\"https:\/\/www.uoh.cl\/extension\/universidades-estatales-promoveran-en-rancagua-dialogo-sobre-derechos-humanos\",\"name\":\"Universidades Estatales promover\u00e1n en Rancagua di\u00e1logo sobre Derechos Humanos - Direcci\u00f3n de Cultura Patrimonio y Extensi\u00f3n UOH\",\"isPartOf\":{\"@id\":\"https:\/\/www.uoh.cl\/extension\/#website\"},\"primaryImageOfPage\":{\"@id\":\"https:\/\/www.uoh.cl\/extension\/universidades-estatales-promoveran-en-rancagua-dialogo-sobre-derechos-humanos#primaryimage\"},\"image\":{\"@id\":\"https:\/\/www.uoh.cl\/extension\/universidades-estatales-promoveran-en-rancagua-dialogo-sobre-derechos-humanos#primaryimage\"},\"thumbnailUrl\":\"https:\/\/www.uoh.cl\/extension\/wp-content\/uploads\/sites\/14\/2023\/01\/Derechos-Humanos-UOH.jpg\",\"datePublished\":\"2023-01-18T21:09:38+00:00\",\"author\":{\"@id\":\"https:\/\/www.uoh.cl\/extension\/#\/schema\/person\/ea242e676c7d6d7e46fc8b9e39486c4f\"},\"description\":\"A trav\u00e9s del desarrollo de la novena versi\u00f3n de la Escuela de Temporada, la Universidad de Chile y la Universidad de O\u2019Higgins, unieron esfuerzos para instalar el \u201cEncuentro en torno a Derechos Humanos y Lugares de Memoria\u201d que tendr\u00e1 lugar el pr\u00f3ximo 25 de enero en la Casa de la Cultura de Rancagua.\",\"inLanguage\":\"es-CL\",\"potentialAction\":[{\"@type\":\"ReadAction\",\"target\":[\"https:\/\/www.uoh.cl\/extension\/universidades-estatales-promoveran-en-rancagua-dialogo-sobre-derechos-humanos\"]}]},{\"@type\":\"ImageObject\",\"inLanguage\":\"es-CL\",\"@id\":\"https:\/\/www.uoh.cl\/extension\/universidades-estatales-promoveran-en-rancagua-dialogo-sobre-derechos-humanos#primaryimage\",\"url\":\"https:\/\/www.uoh.cl\/extension\/wp-content\/uploads\/sites\/14\/2023\/01\/Derechos-Humanos-UOH.jpg\",\"contentUrl\":\"https:\/\/www.uoh.cl\/extension\/wp-content\/uploads\/sites\/14\/2023\/01\/Derechos-Humanos-UOH.jpg\",\"width\":1000,\"height\":1000},{\"@type\":\"WebSite\",\"@id\":\"https:\/\/www.uoh.cl\/extension\/#website\",\"url\":\"https:\/\/www.uoh.cl\/extension\/\",\"name\":\"Direcci\u00f3n de Cultura Patrimonio y Extensi\u00f3n UOH\",\"description\":\"Otro sitio de Sitios de Universidad O&#039;higgins\",\"potentialAction\":[{\"@type\":\"SearchAction\",\"target\":{\"@type\":\"EntryPoint\",\"urlTemplate\":\"https:\/\/www.uoh.cl\/extension\/?s={search_term_string}\"},\"query-input\":{\"@type\":\"PropertyValueSpecification\",\"valueRequired\":true,\"valueName\":\"search_term_string\"}}],\"inLanguage\":\"es-CL\"},{\"@type\":\"Person\",\"@id\":\"https:\/\/www.uoh.cl\/extension\/#\/schema\/person\/ea242e676c7d6d7e46fc8b9e39486c4f\",\"name\":\"Universidad de O'Higgins\",\"image\":{\"@type\":\"ImageObject\",\"inLanguage\":\"es-CL\",\"@id\":\"https:\/\/www.uoh.cl\/extension\/#\/schema\/person\/image\/\",\"url\":\"https:\/\/secure.gravatar.com\/avatar\/78fcb76ca05efae11fd355943c01a832a29786cc00d85b1a82c301bea2b2a214?s=96&d=mm&r=g\",\"contentUrl\":\"https:\/\/secure.gravatar.com\/avatar\/78fcb76ca05efae11fd355943c01a832a29786cc00d85b1a82c301bea2b2a214?s=96&d=mm&r=g\",\"caption\":\"Universidad de O'Higgins\"}}]}<\/script>\n<!-- \/ Yoast SEO plugin. -->","yoast_head_json":{"title":"Universidades Estatales promover\u00e1n en Rancagua di\u00e1logo sobre Derechos Humanos - Direcci\u00f3n de Cultura Patrimonio y Extensi\u00f3n UOH","description":"A trav\u00e9s del desarrollo de la novena versi\u00f3n de la Escuela de Temporada, la Universidad de Chile y la Universidad de O\u2019Higgins, unieron esfuerzos para instalar el \u201cEncuentro en torno a Derechos Humanos y Lugares de Memoria\u201d que tendr\u00e1 lugar el pr\u00f3ximo 25 de enero en la Casa de la Cultura de Rancagua.","robots":{"index":"noindex","follow":"nofollow"},"og_locale":"es_ES","og_type":"article","og_title":"Universidades Estatales promover\u00e1n en Rancagua di\u00e1logo sobre Derechos Humanos - Direcci\u00f3n de Cultura Patrimonio y Extensi\u00f3n UOH","og_description":"A trav\u00e9s del desarrollo de la novena versi\u00f3n de la Escuela de Temporada, la Universidad de Chile y la Universidad de O\u2019Higgins, unieron esfuerzos para instalar el \u201cEncuentro en torno a Derechos Humanos y Lugares de Memoria\u201d que tendr\u00e1 lugar el pr\u00f3ximo 25 de enero en la Casa de la Cultura de Rancagua.","og_url":"https:\/\/www.uoh.cl\/extension\/universidades-estatales-promoveran-en-rancagua-dialogo-sobre-derechos-humanos","og_site_name":"Direcci\u00f3n de Cultura Patrimonio y Extensi\u00f3n UOH","article_published_time":"2023-01-18T21:09:38+00:00","og_image":[{"width":1000,"height":1000,"url":"https:\/\/www.uoh.cl\/extension\/wp-content\/uploads\/sites\/14\/2023\/01\/Derechos-Humanos-UOH.jpg","type":"image\/jpeg"}],"author":"Universidad de O'Higgins","twitter_card":"summary_large_image","twitter_misc":{"Escrito por":"Universidad de O'Higgins","Tiempo estimado de lectura":"4 minutos"},"schema":{"@context":"https:\/\/schema.org","@graph":[{"@type":"WebPage","@id":"https:\/\/www.uoh.cl\/extension\/universidades-estatales-promoveran-en-rancagua-dialogo-sobre-derechos-humanos","url":"https:\/\/www.uoh.cl\/extension\/universidades-estatales-promoveran-en-rancagua-dialogo-sobre-derechos-humanos","name":"Universidades Estatales promover\u00e1n en Rancagua di\u00e1logo sobre Derechos Humanos - Direcci\u00f3n de Cultura Patrimonio y Extensi\u00f3n UOH","isPartOf":{"@id":"https:\/\/www.uoh.cl\/extension\/#website"},"primaryImageOfPage":{"@id":"https:\/\/www.uoh.cl\/extension\/universidades-estatales-promoveran-en-rancagua-dialogo-sobre-derechos-humanos#primaryimage"},"image":{"@id":"https:\/\/www.uoh.cl\/extension\/universidades-estatales-promoveran-en-rancagua-dialogo-sobre-derechos-humanos#primaryimage"},"thumbnailUrl":"https:\/\/www.uoh.cl\/extension\/wp-content\/uploads\/sites\/14\/2023\/01\/Derechos-Humanos-UOH.jpg","datePublished":"2023-01-18T21:09:38+00:00","author":{"@id":"https:\/\/www.uoh.cl\/extension\/#\/schema\/person\/ea242e676c7d6d7e46fc8b9e39486c4f"},"description":"A trav\u00e9s del desarrollo de la novena versi\u00f3n de la Escuela de Temporada, la Universidad de Chile y la Universidad de O\u2019Higgins, unieron esfuerzos para instalar el \u201cEncuentro en torno a Derechos Humanos y Lugares de Memoria\u201d que tendr\u00e1 lugar el pr\u00f3ximo 25 de enero en la Casa de la Cultura de Rancagua.","inLanguage":"es-CL","potentialAction":[{"@type":"ReadAction","target":["https:\/\/www.uoh.cl\/extension\/universidades-estatales-promoveran-en-rancagua-dialogo-sobre-derechos-humanos"]}]},{"@type":"ImageObject","inLanguage":"es-CL","@id":"https:\/\/www.uoh.cl\/extension\/universidades-estatales-promoveran-en-rancagua-dialogo-sobre-derechos-humanos#primaryimage","url":"https:\/\/www.uoh.cl\/extension\/wp-content\/uploads\/sites\/14\/2023\/01\/Derechos-Humanos-UOH.jpg","contentUrl":"https:\/\/www.uoh.cl\/extension\/wp-content\/uploads\/sites\/14\/2023\/01\/Derechos-Humanos-UOH.jpg","width":1000,"height":1000},{"@type":"WebSite","@id":"https:\/\/www.uoh.cl\/extension\/#website","url":"https:\/\/www.uoh.cl\/extension\/","name":"Direcci\u00f3n de Cultura Patrimonio y Extensi\u00f3n UOH","description":"Otro sitio de Sitios de Universidad O&#039;higgins","potentialAction":[{"@type":"SearchAction","target":{"@type":"EntryPoint","urlTemplate":"https:\/\/www.uoh.cl\/extension\/?s={search_term_string}"},"query-input":{"@type":"PropertyValueSpecification","valueRequired":true,"valueName":"search_term_string"}}],"inLanguage":"es-CL"},{"@type":"Person","@id":"https:\/\/www.uoh.cl\/extension\/#\/schema\/person\/ea242e676c7d6d7e46fc8b9e39486c4f","name":"Universidad de O'Higgins","image":{"@type":"ImageObject","inLanguage":"es-CL","@id":"https:\/\/www.uoh.cl\/extension\/#\/schema\/person\/image\/","url":"https:\/\/secure.gravatar.com\/avatar\/78fcb76ca05efae11fd355943c01a832a29786cc00d85b1a82c301bea2b2a214?s=96&d=mm&r=g","contentUrl":"https:\/\/secure.gravatar.com\/avatar\/78fcb76ca05efae11fd355943c01a832a29786cc00d85b1a82c301bea2b2a214?s=96&d=mm&r=g","caption":"Universidad de O'Higgins"}}]}},"_links":{"self":[{"href":"https:\/\/www.uoh.cl\/extension\/wp-json\/wp\/v2\/posts\/988","targetHints":{"allow":["GET"]}}],"collection":[{"href":"https:\/\/www.uoh.cl\/extension\/wp-json\/wp\/v2\/posts"}],"about":[{"href":"https:\/\/www.uoh.cl\/extension\/wp-json\/wp\/v2\/types\/post"}],"author":[{"embeddable":true,"href":"https:\/\/www.uoh.cl\/extension\/wp-json\/wp\/v2\/users\/34"}],"replies":[{"embeddable":true,"href":"https:\/\/www.uoh.cl\/extension\/wp-json\/wp\/v2\/comments?post=988"}],"version-history":[{"count":0,"href":"https:\/\/www.uoh.cl\/extension\/wp-json\/wp\/v2\/posts\/988\/revisions"}],"wp:featuredmedia":[{"embeddable":true,"href":"https:\/\/www.uoh.cl\/extension\/wp-json\/wp\/v2\/media\/989"}],"wp:attachment":[{"href":"https:\/\/www.uoh.cl\/extension\/wp-json\/wp\/v2\/media?parent=988"}],"wp:term":[{"taxonomy":"category","embeddable":true,"href":"https:\/\/www.uoh.cl\/extension\/wp-json\/wp\/v2\/categories?post=988"},{"taxonomy":"post_tag","embeddable":true,"href":"https:\/\/www.uoh.cl\/extension\/wp-json\/wp\/v2\/tags?post=988"}],"curies":[{"name":"wp","href":"https:\/\/api.w.org\/{rel}","templated":true}]}}