
{"id":5503,"date":"2025-12-11T16:00:04","date_gmt":"2025-12-11T19:00:04","guid":{"rendered":"https:\/\/www.uoh.cl\/extension\/de-carcel-a-obra-unica-uoh-acompano-inauguracion-del-nuevo-edificio-sector-justicia-y-su-memorial-para-el-nunca-mas\/"},"modified":"2025-12-11T17:29:36","modified_gmt":"2025-12-11T20:29:36","slug":"de-carcel-a-obra-unica-uoh-acompano-inauguracion-del-nuevo-edificio-sector-justicia-y-su-memorial-para-el-nunca-mas","status":"publish","type":"post","link":"https:\/\/www.uoh.cl\/extension\/de-carcel-a-obra-unica-uoh-acompano-inauguracion-del-nuevo-edificio-sector-justicia-y-su-memorial-para-el-nunca-mas","title":{"rendered":"De c\u00e1rcel a obra \u00fanica: UOH acompa\u00f1\u00f3 inauguraci\u00f3n del nuevo Edificio Sector Justicia y su memorial para el Nunca M\u00e1s"},"content":{"rendered":"<div class=\"wpb-content-wrapper\"><p>[vc_section el_class=&#8221;container mx-auto align-items-center circle&#8211;pattern&#8221; css=&#8221;.vc_custom_1648956589196{padding-top: 3rem !important;}&#8221;][vc_row][vc_column]<div class=\"breadcrumb\"><ol itemscope itemtype=\"https:\/\/schema.org\/BreadcrumbList\"><li itemprop=\"itemListElement\" itemscope itemtype=\"https:\/\/schema.org\/ListItem\"><a itemprop=\"item\" href=\"http:\/\/www.uoh.cl\"><span itemprop=\"name\">Inicio<\/span><\/a><meta itemprop=\"position\" content=\"1\" \/><li itemprop=\"itemListElement\" itemscope itemtype=\"https:\/\/schema.org\/ListItem\"><a itemprop=\"item\" href=\"https:\/\/www.uoh.cl\/extension\"><span itemprop=\"name\">Direcci\u00f3n de Cultura Patrimonio y Extensi\u00f3n UOH<\/span><\/a><meta itemprop=\"position\" content=\"2\" \/><li itemprop=\"itemListElement\" itemscope itemtype=\"https:\/\/schema.org\/ListItem\"><a itemprop=\"item\" href=\"https:\/\/www.uoh.cl\/extension\/noticias\"><span itemprop=\"name\">Noticias<\/span><\/a><meta itemprop=\"position\" content=\"3\" \/><li itemprop=\"itemListElement\" itemscope itemtype=\"https:\/\/schema.org\/ListItem\"><span itemprop=\"name\">De c\u00e1rcel a obra \u00fanica: UOH acompa\u00f1\u00f3 inauguraci\u00f3n del nuevo <\/span><meta itemprop=\"position\" content=\"4\" \/><\/ol><\/div><ul class=\"p-0 list-style-none d-inline-block\"><li class=\"p-0\"><a href=https:\/\/www.uoh.cl\/extension\/category\/extension class=\"px-1 py-2\">Extensi\u00f3n<\/a><\/li><\/ul><div class=\"date_publish_post\"> \u25cf Jue 11 de Diciembre 2025<\/div><div class=\"uoh_title_component-container\"><h1 class=\"title title--ms d-inline-block title--decorator  big\">De c\u00e1rcel a obra \u00fanica: UOH acompa\u00f1\u00f3 inauguraci\u00f3n del nuevo Edificio Sector Justicia y su memorial para el Nunca M\u00e1s<\/h1><\/div>[vc_row_inner el_class=&#8221;border-separator m-0&#8243;][vc_column_inner width=&#8221;2\/3&#8243;]<div class=\"author_wp_class\"> Escrito por <span>Universidad de O'Higgins<\/span><\/div>[\/vc_column_inner][vc_column_inner el_class=&#8221;align-items-end-publish&#8221; width=&#8221;1\/3&#8243;]<div class=\"uoh_social_network_component uoh_row col-12 justify-content-end m-0 p-0\"> <div class=\"icon__facebook-share-button\">\n                       <a href=\"https:\/\/www.facebook.com\/sharer\/sharer.php?u=https:\/\/www.uoh.cl\/extension\/de-carcel-a-obra-unica-uoh-acompano-inauguracion-del-nuevo-edificio-sector-justicia-y-su-memorial-para-el-nunca-mas\" target=\"_blank\"> <div class=\"icon__facebook-svg\"><svg version=\"1.1\" xmlns=\"http:\/\/www.w3.org\/2000\/svg\" xmlns:xlink=\"http:\/\/www.w3.org\/1999\/xlink\" x=\"0px\" y=\"0px\" width=\"22.4px\" height=\"48.3px\" viewBox=\"0 0 22.4 48.3\" style=\"overflow:visible;enable-background:new 0 0 22.4 48.3;\" xml:space=\"preserve\">\n                <defs>\n                <\/defs>\n                <path class=\"st0\" d=\"M22.4,15.6h-7.6v-5c0-1.9,1.2-2.3,2.1-2.3c0.9,0,5.4,0,5.4,0V0l-7.4,0C6.6,0,4.8,6.2,4.8,10.1v5.5H0v8.5h4.8\n                    c0,10.9,0,24.1,0,24.1h10c0,0,0-13.3,0-24.1h6.8L22.4,15.6z\"><\/path>\n                <\/svg><\/a><\/div>\n                    <\/div><div class=\"icon__twitter-share-button\">\n                        <div class=\"icon__twitter-svg\"><a target=\"_blank\" href=\"http:\/\/twitter.com\/share?url=https:\/\/www.uoh.cl\/extension\/de-carcel-a-obra-unica-uoh-acompano-inauguracion-del-nuevo-edificio-sector-justicia-y-su-memorial-para-el-nunca-mas\"><svg xmlns=\"http:\/\/www.w3.org\/2000\/svg\" height=\"1em\" viewBox=\"0 0 512 512\"><!--! Font Awesome Free 6.4.2 by @fontawesome - https:\/\/fontawesome.com License - https:\/\/fontawesome.com\/license (Commercial License) Copyright 2023 Fonticons, Inc. --><path d=\"M389.2 48h70.6L305.6 224.2 487 464H345L233.7 318.6 106.5 464H35.8L200.7 275.5 26.8 48H172.4L272.9 180.9 389.2 48zM364.4 421.8h39.1L151.1 88h-42L364.4 421.8z\"\/><\/svg><\/a><\/div>\n                        <\/div><div class=\"icon__linkedin-share-button\">\n                        <div class=\"icon__linkedin-svg\">\n                        <a target=\"__blank\" href=\"https:\/\/www.linkedin.com\/sharing\/share-offsite\/?url=https:\/\/www.uoh.cl\/extension\/de-carcel-a-obra-unica-uoh-acompano-inauguracion-del-nuevo-edificio-sector-justicia-y-su-memorial-para-el-nunca-mas\"><svg enable-background=\"new 0 0 100 100\" height=\"100px\" id=\"Layer_1\" version=\"1.1\" viewBox=\"0 0 100 100\" width=\"100px\" xml:space=\"preserve\" xmlns=\"http:\/\/www.w3.org\/2000\/svg\" xmlns:xlink=\"http:\/\/www.w3.org\/1999\/xlink\"><g><circle cx=\"50\" cy=\"50\" fill=\"#ccc\" r=\"45\"\/><g id=\"LinkedIn_1_\"><rect fill=\"#FFFFFF\" height=\"24.361\" width=\"7.69\" x=\"31.271\" y=\"43.569\"\/><path d=\"M59.968,43.334c-4.406,0-7.165,2.387-7.677,4.058v-3.823h-8.636c0.109,2.03,0,24.361,0,24.361h8.636    V54.748c0-0.733-0.034-1.465,0.19-1.991c0.594-1.464,1.869-2.985,4.162-2.985c2.998,0,4.361,2.253,4.361,5.552V67.93h8.721V54.384    C69.726,46.839,65.432,43.334,59.968,43.334z\" fill=\"#FFFFFF\"\/><path d=\"M34.973,32.069c-2.839,0-4.696,1.823-4.696,4.229c0,2.361,1.804,4.224,4.589,4.224h0.054    c2.891,0,4.69-1.869,4.69-4.229C39.555,33.888,37.81,32.069,34.973,32.069z\" fill=\"#FFFFFF\"\/><\/g><\/g><\/svg><\/a><\/div>\n\n            <\/div><\/div>[\/vc_column_inner][\/vc_row_inner][vc_single_image image=&#8221;72718&#8243; img_size=&#8221;1500&#215;1000&#8243; add_caption=&#8221;yes&#8221; alignment=&#8221;center&#8221; onclick=&#8221;img_link_large&#8221; css=&#8221;&#8221;][vc_column_text]\u00a0[\/vc_column_text][vc_column_text css=&#8221;&#8221;]<\/p>\n<ul>\n<li><em>La jornada incluy\u00f3 la presentaci\u00f3n de un mural creado por el Premio Nacional de Artes Pl\u00e1sticas, Alejandro \u201cMono\u201d Gonz\u00e1lez, obra colectiva que simboliza dignidad, resiliencia y trabajo colaborativo<\/em>.<\/li>\n<\/ul>\n<p>[\/vc_column_text][vc_column_text]\u00a0[\/vc_column_text][vc_column_text css=&#8221;&#8221;]La <a href=\"https:\/\/www.uoh.cl\/\">Universidad de O\u2019Higgins<\/a> (UOH), acompa\u00f1\u00f3 la inauguraci\u00f3n del nuevo \u201cEdificio Sector Justicia\u201d construido en el espacio de la antigua C\u00e1rcel P\u00fablica de Rancagua, uno de los recintos de detenci\u00f3n ilegal m\u00e1s represivos en \u00e9poca de dictadura. La obra del Ministerio de Justicia, impulsada tambi\u00e9n por el Ministerio de Obras P\u00fablicas (MOP), marca un hito en el fortalecimiento de la democracia chilena al integrar en su estructura un memorial que reivindica la dignidad humana como derecho irrenunciable.<\/p>\n<p>El Prorrector de la UOH, <a href=\"https:\/\/www.uoh.cl\/equipo\/alvaro-cabrera\/\">\u00c1lvaro Cabrera<\/a>, mencion\u00f3 que la Universidad cumpli\u00f3 un rol de instituci\u00f3n asesora en la investigaci\u00f3n, documentaci\u00f3n y levantamiento de informaci\u00f3n para el dise\u00f1o del &#8220;Memorial\u00a0 Ex C\u00e1rcel P\u00fablica de Rancagua&#8221; de tres estaciones que relatan la historia del recinto, as\u00ed como los testimonios de sobrevivientes que ahora forman parte de una de las edificaciones m\u00e1s significativas del pa\u00eds.<\/p>\n<p>\u201cNos sentimos orgullosos de formar parte de la inauguraci\u00f3n de este edificio de gran significaci\u00f3n en materia de Justicia y Derechos Humanos. La Universidad contribuy\u00f3 con la investigaci\u00f3n que dio origen al memorial que hoy se ubica en este recinto. Para eso, se compilaron testimonios de quienes padecieron detenci\u00f3n ilegal, interrogatorios y tortura en esta c\u00e1rcel, permitiendo que esta parte de nuestra historia sea conocida por las nuevas generaciones, aportando as\u00ed a la conservaci\u00f3n de la memoria hist\u00f3rica y la promoci\u00f3n de los derechos humanos, para que nunca m\u00e1s se repitan hechos como estos. Esa es tambi\u00e9n la misi\u00f3n de una universidad estatal y regional: formar ciudadanos cr\u00edticos, que promuevan la verdad y defiendan la democracia y los derechos humanos como valores irrenunciables\u201d, detall\u00f3 el Prorrector.<\/p>\n<h4><strong>Edificio y compromiso<\/strong><\/h4>\n<p>Por su parte, el ministro de Justicia y Derechos Humanos, Jaime Gajardo, subray\u00f3 que el edificio re\u00fane a todos los servicios del sector justicia de la regi\u00f3n, lo que mejorar\u00e1 el acceso ciudadano y, a la vez, reconoce el valor hist\u00f3rico del lugar enfatizando su transformaci\u00f3n en un espacio que alberga un memorial impulsado junto a la Universidad de O\u2019Higgins.<\/p>\n<p>\u201cEste edificio, \u00fanico en el pa\u00eds, concentra Registro Civil, defensor\u00eda penal, reinserci\u00f3n social juvenil, Corporaci\u00f3n de Asistencia Judicial, Serem\u00eda de Justicia y Gendarmer\u00eda. Es la mejor instalaci\u00f3n de justicia en Chile y se emplaza en un sitio donde hubo detenci\u00f3n y tortura, como fue la Ex C\u00e1rcel de Rancagua. Del mismo modo, logramos junto a la UOH incorporar a la estructura del edificio un memorial que rescata testimonios de sobrevivientes y afirma que el Nunca M\u00e1s es un compromiso presente, pero tambi\u00e9n para el futuro\u201d, se\u00f1al\u00f3 el ministro.<\/p>\n<h4><strong>Obra p\u00fablica<\/strong><\/h4>\n<p>Por su parte, el delegado presidencial Fabio L\u00f3pez subray\u00f3 que el nuevo edificio es uno de los proyectos m\u00e1s significativos de la regi\u00f3n, impulsado gracias al trabajo del Ministerio de Obras P\u00fablicas y su Direcci\u00f3n de Arquitectura, cuya gesti\u00f3n permiti\u00f3 reactivar una obra paralizada y concluir un recinto moderno que integra memoria, justicia y servicio p\u00fablico en un mismo espacio.<\/p>\n<p>\u201cEste edificio pudo avanzar gracias al trabajo del Ministerio de Obras P\u00fablicas y su Direcci\u00f3n de Arquitectura, que con un dise\u00f1o s\u00f3lido y un modelo de licitaci\u00f3n adecuado lograron retomar una obra detenida y llevarla a t\u00e9rmino. Hoy inauguramos una de las infraestructuras m\u00e1s importantes del pa\u00eds, levantada en un lugar cargado de memoria y destinada a fortalecer el acceso a la justicia\u201d, a\u00f1adi\u00f3 la autoridad regional.<\/p>\n<h4><strong>Arte, comunidad y democracia<\/strong><\/h4>\n<p>Por otro lado, el edificio cuenta con un mural de fierro colaborativo conducido por el Premio Nacional de Artes Pl\u00e1sticas, Alejandro \u201cMono\u201d Gonz\u00e1lez, que rescata elementos originales del recinto, como una escalera en espiral que antiguamente llevaba a la torre de la c\u00e1rcel, pero que finalmente conduce a la imagen de una mano de distintos colores que se abre al cielo como un grito de libertad, seg\u00fan explic\u00f3 el muralista.<\/p>\n<p>\u201cEsta obra naci\u00f3 tras un a\u00f1o de trabajo con expresos, constructores, maestros del territorio y con la Universidad de O\u2019Higgins. Se trata de una obra colectiva, donde rescatamos la escalera original de la torre de control y dise\u00f1amos rostros, colores, seg\u00fan las horas del d\u00eda, y una mano que emerge del alma y del esp\u00edritu hacia la libertad. Es arte comunitario, memoria viva y un homenaje al Nunca M\u00e1s, dise\u00f1ada para este Edificio Sector Justicia de O\u2019Higgins, con el prop\u00f3sito de que perdure en el tiempo, siempre libre, y como testimonio de la expresi\u00f3n democr\u00e1tica\u201d, concluy\u00f3 el reconocido muralista chileno.[\/vc_column_text][vc_zigzag color=&#8221;white&#8221;][vc_row_inner][vc_column_inner width=&#8221;1\/3&#8243;][vc_single_image image=&#8221;72721&#8243; img_size=&#8221;700&#215;450&#8243; onclick=&#8221;link_image&#8221; css=&#8221;&#8221;][\/vc_column_inner][vc_column_inner width=&#8221;1\/3&#8243;][vc_single_image image=&#8221;72719&#8243; img_size=&#8221;700&#215;450&#8243; onclick=&#8221;link_image&#8221; css=&#8221;&#8221;][\/vc_column_inner][vc_column_inner width=&#8221;1\/3&#8243;][vc_single_image image=&#8221;72720&#8243; img_size=&#8221;700&#215;450&#8243; onclick=&#8221;link_image&#8221; css=&#8221;&#8221;][\/vc_column_inner][\/vc_row_inner][vc_zigzag color=&#8221;white&#8221;][\/vc_column][\/vc_row][\/vc_section][vc_section css=&#8221;.vc_custom_1650255686594{background-color: #f6faff !important;}&#8221; el_class=&#8221;p-md-0 pt-md-5&#8243;][vc_row el_class=&#8221;container mx-auto align-items-center p-md-0 pt-5 pb-5&#8243;][vc_column el_class=&#8221;pb-5&#8243;][vc_row_inner el_class=&#8221;pb-5&#8243;][vc_column_inner]<div class=\"row m-0 p-0\"><div class=\"col-12 col-md-9 pt-5 pt-md-0\"><h2 class=\"title title--decorator title--ms d-inline-block\">Te Recomendamos<\/h2><\/div><\/div><div class=\"content-holder\"><div class=\"row  swipper-news-list not--activate-hack \"><div class=\"row -wrapper\"><div class=\"  col-sm-6 col-md-4 img-article\">\n                                        <div class=\"content-news-display row m-0 p-0\"><div class=\"holder p-0 \"><div class=\"img-wrap img-wrap-news\">\n                                        <div class=\"caption__news-category\">\n                                        <a href=\"https:\/\/www.uoh.cl\/extension\/category\/institucional\">\n                                        Institucional<\/a><\/div><img decoding=\"async\" class=\"w-100 h-100 lazyload\" data-src=\"https:\/\/www.uoh.cl\/extension\/wp-content\/uploads\/sites\/14\/2026\/04\/Inauguracion-Ano-Academico-2026-6.jpg\" alt=\"Reflexi\u00f3n universitaria: UOH inaugura A\u00f1o Acad\u00e9mico 2026 pensando en los desaf\u00edos de la Educaci\u00f3n Superior\" style=\"--smush-placeholder-width: 1500px; --smush-placeholder-aspect-ratio: 1500\/1000;object-fit: cover; object-position: center;\" src=\"data:image\/svg+xml;base64,PHN2ZyB3aWR0aD0iMSIgaGVpZ2h0PSIxIiB4bWxucz0iaHR0cDovL3d3dy53My5vcmcvMjAwMC9zdmciPjwvc3ZnPg==\"><\/div><\/div><div class=\"caption py-3 caption__news py-md-3 pb-md-5\">\n                                    <span class=\"caption__date\">Mi\u00e9rcoles 29, Abril<\/span>\n                                     <a href=\"https:\/\/www.uoh.cl\/extension\/reflexion-universitaria-uoh-inaugura-ano-academico-2026-pensando-en-los-desafios-de-la-educacion-superior\">\n                                    <h3 class=\"small-space\">Reflexi\u00f3n universitaria: UOH inaugura A\u00f1o Acad\u00e9mico 2026 pensando en los desaf\u00edos de la Educaci\u00f3n Superior<\/h3><\/a>\n\n                                    <p>La ceremonia promovi\u00f3 el an\u00e1lisis acerca de los cambios educativos que se avecinan dentro de los procesos de formaci\u00f3n universitaria ajustados a contextos digitales.   <\/p>\n                                    <a class=\"link link--bold mt-md-3\" href=\"https:\/\/www.uoh.cl\/extension\/reflexion-universitaria-uoh-inaugura-ano-academico-2026-pensando-en-los-desafios-de-la-educacion-superior\">Saber m\u00e1s <span class=\"icon icon--inline icon--link\"><svg version=\"1.1\" xmlns=\"http:\/\/www.w3.org\/2000\/svg\" xmlns:xlink=\"http:\/\/www.w3.org\/1999\/xlink\" x=\"0px\" y=\"0px\" width=\"22px\"height=\"22px\" viewBox=\"0 0 22 22\" style=\"overflow:visible;enable-background:new 0 0 80 64.6;\" xml:space=\"preserve\"><g clip-path=\"url(#acA)\"><path fill-rule=\"evenodd\" d=\"M21.913 11.266a.93.93 0 000-.711c-.022-.056-.063-.097-.091-.144s-.053-.103-.097-.15L12.306.294c-.357-.379-.955-.394-1.334-.038s-.394.955-.038 1.334l7.917 8.374H.927a.95.95 0 00-.908.983.946.946 0 00.908.908h17.924l-8.089 8.552c-.357.379-.341.977.034 1.334s.977.341 1.334-.034l9.594-10.148c.044-.044.063-.1.097-.15.028-.047.069-.088.091-.141z\"\/><\/g><defs><clipPath id=\"acA\"><path fill=\"#fff\" d=\"M0 0h22v22H0z\"\/><\/clipPath><\/defs><\/svg><\/span><\/a><\/div><\/div><\/div><div class=\"  col-sm-6 col-md-4 img-article\">\n                                        <div class=\"content-news-display row m-0 p-0\"><div class=\"holder p-0 \"><div class=\"img-wrap img-wrap-news\">\n                                        <div class=\"caption__news-category\">\n                                        <a href=\"https:\/\/www.uoh.cl\/extension\/category\/cuech\">\n                                        CUECH<\/a><\/div><img decoding=\"async\" class=\"w-100 h-100 lazyload\" data-src=\"https:\/\/www.uoh.cl\/extension\/wp-content\/uploads\/sites\/14\/2026\/04\/DSC_2431-scaled.jpg\" alt=\"Universidades estatales sellan hoja de ruta 2030: Red Desarrollo Sustentable entra en fase de consolidaci\u00f3n\" style=\"--smush-placeholder-width: 2560px; --smush-placeholder-aspect-ratio: 2560\/1707;object-fit: cover; object-position: center;\" src=\"data:image\/svg+xml;base64,PHN2ZyB3aWR0aD0iMSIgaGVpZ2h0PSIxIiB4bWxucz0iaHR0cDovL3d3dy53My5vcmcvMjAwMC9zdmciPjwvc3ZnPg==\"><\/div><\/div><div class=\"caption py-3 caption__news py-md-3 pb-md-5\">\n                                    <span class=\"caption__date\">Mi\u00e9rcoles 15, Abril<\/span>\n                                     <a href=\"https:\/\/www.uoh.cl\/extension\/universidades-estatales-sellan-hoja-de-ruta-2030-red-desarrollo-sustentable-entra-en-fase-de-consolidacion\">\n                                    <h3 class=\"small-space\">Universidades estatales sellan hoja de ruta 2030: Red Desarrollo Sustentable entra en fase de consolidaci\u00f3n<\/h3><\/a>\n\n                                    <p>En el Plenario realizado en la Universidad de O'Higgins, los 18 planteles p\u00fablicos definieron sus metas estrat\u00e9gicas para el periodo 2026-2030. El plan priorizar\u00e1 la institucionalizaci\u00f3n de capacidades, un diplomado para organismos p\u00fablicos y la medici\u00f3n de la huella h\u00eddrica en los campus.<\/p>\n                                    <a class=\"link link--bold mt-md-3\" href=\"https:\/\/www.uoh.cl\/extension\/universidades-estatales-sellan-hoja-de-ruta-2030-red-desarrollo-sustentable-entra-en-fase-de-consolidacion\">Saber m\u00e1s <span class=\"icon icon--inline icon--link\"><svg version=\"1.1\" xmlns=\"http:\/\/www.w3.org\/2000\/svg\" xmlns:xlink=\"http:\/\/www.w3.org\/1999\/xlink\" x=\"0px\" y=\"0px\" width=\"22px\"height=\"22px\" viewBox=\"0 0 22 22\" style=\"overflow:visible;enable-background:new 0 0 80 64.6;\" xml:space=\"preserve\"><g clip-path=\"url(#acA)\"><path fill-rule=\"evenodd\" d=\"M21.913 11.266a.93.93 0 000-.711c-.022-.056-.063-.097-.091-.144s-.053-.103-.097-.15L12.306.294c-.357-.379-.955-.394-1.334-.038s-.394.955-.038 1.334l7.917 8.374H.927a.95.95 0 00-.908.983.946.946 0 00.908.908h17.924l-8.089 8.552c-.357.379-.341.977.034 1.334s.977.341 1.334-.034l9.594-10.148c.044-.044.063-.1.097-.15.028-.047.069-.088.091-.141z\"\/><\/g><defs><clipPath id=\"acA\"><path fill=\"#fff\" d=\"M0 0h22v22H0z\"\/><\/clipPath><\/defs><\/svg><\/span><\/a><\/div><\/div><\/div><div class=\"  col-sm-6 col-md-4 img-article\">\n                                        <div class=\"content-news-display row m-0 p-0\"><div class=\"holder p-0 \"><div class=\"img-wrap img-wrap-news\">\n                                        <div class=\"caption__news-category\">\n                                        <a href=\"https:\/\/www.uoh.cl\/extension\/category\/extension\">\n                                        Extensi\u00f3n<\/a><\/div><img decoding=\"async\" class=\"w-100 h-100 lazyload\" data-src=\"https:\/\/www.uoh.cl\/extension\/wp-content\/uploads\/sites\/14\/2026\/03\/Visita-Cultural-Expo-Mimbre-Chimbarongo-15-scaled.jpg\" alt=\"Artesan\u00eda, patrimonio y paisaje marcaron el inicio de las Visitas Culturales 2026 de la Universidad de O\u2019Higgins\" style=\"--smush-placeholder-width: 2560px; --smush-placeholder-aspect-ratio: 2560\/1707;object-fit: cover; object-position: center;\" src=\"data:image\/svg+xml;base64,PHN2ZyB3aWR0aD0iMSIgaGVpZ2h0PSIxIiB4bWxucz0iaHR0cDovL3d3dy53My5vcmcvMjAwMC9zdmciPjwvc3ZnPg==\"><\/div><\/div><div class=\"caption py-3 caption__news py-md-3 pb-md-5\">\n                                    <span class=\"caption__date\">Lunes 23, Marzo<\/span>\n                                     <a href=\"https:\/\/www.uoh.cl\/extension\/artesania-patrimonio-y-paisaje-marcaron-el-inicio-de-las-visitas-culturales-2026-de-la-universidad-de-ohiggins\">\n                                    <h3 class=\"small-space\">Artesan\u00eda, patrimonio y paisaje marcaron el inicio de las Visitas Culturales 2026 de la Universidad de O\u2019Higgins<\/h3><\/a>\n\n                                    <p>La iniciativa busca acercar a la comunidad a experiencias que destacan la identidad cultural, el patrimonio y las tradiciones de diferentes localidades de la regi\u00f3n.<\/p>\n                                    <a class=\"link link--bold mt-md-3\" href=\"https:\/\/www.uoh.cl\/extension\/artesania-patrimonio-y-paisaje-marcaron-el-inicio-de-las-visitas-culturales-2026-de-la-universidad-de-ohiggins\">Saber m\u00e1s <span class=\"icon icon--inline icon--link\"><svg version=\"1.1\" xmlns=\"http:\/\/www.w3.org\/2000\/svg\" xmlns:xlink=\"http:\/\/www.w3.org\/1999\/xlink\" x=\"0px\" y=\"0px\" width=\"22px\"height=\"22px\" viewBox=\"0 0 22 22\" style=\"overflow:visible;enable-background:new 0 0 80 64.6;\" xml:space=\"preserve\"><g clip-path=\"url(#acA)\"><path fill-rule=\"evenodd\" d=\"M21.913 11.266a.93.93 0 000-.711c-.022-.056-.063-.097-.091-.144s-.053-.103-.097-.15L12.306.294c-.357-.379-.955-.394-1.334-.038s-.394.955-.038 1.334l7.917 8.374H.927a.95.95 0 00-.908.983.946.946 0 00.908.908h17.924l-8.089 8.552c-.357.379-.341.977.034 1.334s.977.341 1.334-.034l9.594-10.148c.044-.044.063-.1.097-.15.028-.047.069-.088.091-.141z\"\/><\/g><defs><clipPath id=\"acA\"><path fill=\"#fff\" d=\"M0 0h22v22H0z\"\/><\/clipPath><\/defs><\/svg><\/span><\/a><\/div><\/div><\/div><\/div><\/div><\/div><div class=\"pagination justify-content-center my-5\"><span aria-current=\"page\" class=\"page-numbers current\">1<\/span>\n<a class=\"page-numbers\" href=\"https:\/\/www.uoh.cl\/extension\/wp-json\/wp\/v2\/posts\/5503\/page\/2\">2<\/a>\n<a class=\"page-numbers\" href=\"https:\/\/www.uoh.cl\/extension\/wp-json\/wp\/v2\/posts\/5503\/page\/3\">3<\/a>\n<span class=\"page-numbers dots\">&hellip;<\/span>\n<a class=\"page-numbers\" href=\"https:\/\/www.uoh.cl\/extension\/wp-json\/wp\/v2\/posts\/5503\/page\/103\">103<\/a>\n<a class=\"next page-numbers\" href=\"https:\/\/www.uoh.cl\/extension\/wp-json\/wp\/v2\/posts\/5503\/page\/2\"><div class=\"icon-pagination-next\"> <?xml version=\"1.0\" ?><svg viewBox=\"0 0 96 96\" xmlns=\"http:\/\/www.w3.org\/2000\/svg\"><title\/><path d=\"M39.3756,48.0022l30.47-25.39a6.0035,6.0035,0,0,0-7.6878-9.223L26.1563,43.3906a6.0092,6.0092,0,0,0,0,9.2231L62.1578,82.615a6.0035,6.0035,0,0,0,7.6878-9.2231Z\"\/><\/svg> <\/div><\/a><\/div>[\/vc_column_inner][\/vc_row_inner][\/vc_column][\/vc_row][\/vc_section]<\/p>\n<\/div>","protected":false},"excerpt":{"rendered":"<p>La jornada incluy\u00f3 la presentaci\u00f3n de un mural creado por el Premio Nacional de Artes Pl\u00e1sticas, Alejandro \u201cMono\u201d Gonz\u00e1lez, obra colectiva que simboliza dignidad, resiliencia y trabajo colaborativo.<\/p>\n","protected":false},"author":34,"featured_media":5508,"comment_status":"open","ping_status":"open","sticky":false,"template":"","format":"standard","meta":{"_acf_changed":false,"footnotes":""},"categories":[23],"tags":[],"class_list":["post-5503","post","type-post","status-publish","format-standard","has-post-thumbnail","hentry","category-extension"],"acf":[],"yoast_head":"<!-- This site is optimized with the Yoast SEO plugin v26.6 - https:\/\/yoast.com\/wordpress\/plugins\/seo\/ -->\n<title>De c\u00e1rcel a obra \u00fanica: UOH acompa\u00f1\u00f3 inauguraci\u00f3n del nuevo Edificio Sector Justicia y su memorial para el Nunca M\u00e1s - Direcci\u00f3n de Cultura Patrimonio y Extensi\u00f3n UOH<\/title>\n<meta name=\"description\" content=\"La jornada incluy\u00f3 la presentaci\u00f3n de un mural creado por el Premio Nacional de Artes Pl\u00e1sticas, Alejandro \u201cMono\u201d Gonz\u00e1lez, obra colectiva que simboliza dignidad, resiliencia y trabajo colaborativo.\" \/>\n<meta name=\"robots\" content=\"noindex, nofollow\" \/>\n<meta property=\"og:locale\" content=\"es_ES\" \/>\n<meta property=\"og:type\" content=\"article\" \/>\n<meta property=\"og:title\" content=\"De c\u00e1rcel a obra \u00fanica: UOH acompa\u00f1\u00f3 inauguraci\u00f3n del nuevo Edificio Sector Justicia y su memorial para el Nunca M\u00e1s - Direcci\u00f3n de Cultura Patrimonio y Extensi\u00f3n UOH\" \/>\n<meta property=\"og:description\" content=\"La jornada incluy\u00f3 la presentaci\u00f3n de un mural creado por el Premio Nacional de Artes Pl\u00e1sticas, Alejandro \u201cMono\u201d Gonz\u00e1lez, obra colectiva que simboliza dignidad, resiliencia y trabajo colaborativo.\" \/>\n<meta property=\"og:url\" content=\"https:\/\/www.uoh.cl\/extension\/de-carcel-a-obra-unica-uoh-acompano-inauguracion-del-nuevo-edificio-sector-justicia-y-su-memorial-para-el-nunca-mas\" \/>\n<meta property=\"og:site_name\" content=\"Direcci\u00f3n de Cultura Patrimonio y Extensi\u00f3n UOH\" \/>\n<meta property=\"article:published_time\" content=\"2025-12-11T19:00:04+00:00\" \/>\n<meta property=\"article:modified_time\" content=\"2025-12-11T20:29:36+00:00\" \/>\n<meta property=\"og:image\" content=\"https:\/\/www.uoh.cl\/extension\/wp-content\/uploads\/sites\/14\/2025\/12\/Edificio-Sector-Justicia.png\" \/>\n\t<meta property=\"og:image:width\" content=\"1000\" \/>\n\t<meta property=\"og:image:height\" content=\"1000\" \/>\n\t<meta property=\"og:image:type\" content=\"image\/png\" \/>\n<meta name=\"author\" content=\"Universidad de O&#039;Higgins\" \/>\n<meta name=\"twitter:card\" content=\"summary_large_image\" \/>\n<meta name=\"twitter:label1\" content=\"Escrito por\" \/>\n\t<meta name=\"twitter:data1\" content=\"Universidad de O&#039;Higgins\" \/>\n\t<meta name=\"twitter:label2\" content=\"Tiempo estimado de lectura\" \/>\n\t<meta name=\"twitter:data2\" content=\"5 minutos\" \/>\n<script type=\"application\/ld+json\" class=\"yoast-schema-graph\">{\"@context\":\"https:\/\/schema.org\",\"@graph\":[{\"@type\":\"WebPage\",\"@id\":\"https:\/\/www.uoh.cl\/extension\/de-carcel-a-obra-unica-uoh-acompano-inauguracion-del-nuevo-edificio-sector-justicia-y-su-memorial-para-el-nunca-mas\",\"url\":\"https:\/\/www.uoh.cl\/extension\/de-carcel-a-obra-unica-uoh-acompano-inauguracion-del-nuevo-edificio-sector-justicia-y-su-memorial-para-el-nunca-mas\",\"name\":\"De c\u00e1rcel a obra \u00fanica: UOH acompa\u00f1\u00f3 inauguraci\u00f3n del nuevo Edificio Sector Justicia y su memorial para el Nunca M\u00e1s - Direcci\u00f3n de Cultura Patrimonio y Extensi\u00f3n UOH\",\"isPartOf\":{\"@id\":\"https:\/\/www.uoh.cl\/extension\/#website\"},\"primaryImageOfPage\":{\"@id\":\"https:\/\/www.uoh.cl\/extension\/de-carcel-a-obra-unica-uoh-acompano-inauguracion-del-nuevo-edificio-sector-justicia-y-su-memorial-para-el-nunca-mas#primaryimage\"},\"image\":{\"@id\":\"https:\/\/www.uoh.cl\/extension\/de-carcel-a-obra-unica-uoh-acompano-inauguracion-del-nuevo-edificio-sector-justicia-y-su-memorial-para-el-nunca-mas#primaryimage\"},\"thumbnailUrl\":\"https:\/\/www.uoh.cl\/extension\/wp-content\/uploads\/sites\/14\/2025\/12\/Edificio-Sector-Justicia.png\",\"datePublished\":\"2025-12-11T19:00:04+00:00\",\"dateModified\":\"2025-12-11T20:29:36+00:00\",\"author\":{\"@id\":\"https:\/\/www.uoh.cl\/extension\/#\/schema\/person\/ea242e676c7d6d7e46fc8b9e39486c4f\"},\"description\":\"La jornada incluy\u00f3 la presentaci\u00f3n de un mural creado por el Premio Nacional de Artes Pl\u00e1sticas, Alejandro \u201cMono\u201d Gonz\u00e1lez, obra colectiva que simboliza dignidad, resiliencia y trabajo colaborativo.\",\"inLanguage\":\"es-CL\",\"potentialAction\":[{\"@type\":\"ReadAction\",\"target\":[\"https:\/\/www.uoh.cl\/extension\/de-carcel-a-obra-unica-uoh-acompano-inauguracion-del-nuevo-edificio-sector-justicia-y-su-memorial-para-el-nunca-mas\"]}]},{\"@type\":\"ImageObject\",\"inLanguage\":\"es-CL\",\"@id\":\"https:\/\/www.uoh.cl\/extension\/de-carcel-a-obra-unica-uoh-acompano-inauguracion-del-nuevo-edificio-sector-justicia-y-su-memorial-para-el-nunca-mas#primaryimage\",\"url\":\"https:\/\/www.uoh.cl\/extension\/wp-content\/uploads\/sites\/14\/2025\/12\/Edificio-Sector-Justicia.png\",\"contentUrl\":\"https:\/\/www.uoh.cl\/extension\/wp-content\/uploads\/sites\/14\/2025\/12\/Edificio-Sector-Justicia.png\",\"width\":1000,\"height\":1000},{\"@type\":\"WebSite\",\"@id\":\"https:\/\/www.uoh.cl\/extension\/#website\",\"url\":\"https:\/\/www.uoh.cl\/extension\/\",\"name\":\"Direcci\u00f3n de Cultura Patrimonio y Extensi\u00f3n UOH\",\"description\":\"Otro sitio de Sitios de Universidad O&#039;higgins\",\"potentialAction\":[{\"@type\":\"SearchAction\",\"target\":{\"@type\":\"EntryPoint\",\"urlTemplate\":\"https:\/\/www.uoh.cl\/extension\/?s={search_term_string}\"},\"query-input\":{\"@type\":\"PropertyValueSpecification\",\"valueRequired\":true,\"valueName\":\"search_term_string\"}}],\"inLanguage\":\"es-CL\"},{\"@type\":\"Person\",\"@id\":\"https:\/\/www.uoh.cl\/extension\/#\/schema\/person\/ea242e676c7d6d7e46fc8b9e39486c4f\",\"name\":\"Universidad de O'Higgins\",\"image\":{\"@type\":\"ImageObject\",\"inLanguage\":\"es-CL\",\"@id\":\"https:\/\/www.uoh.cl\/extension\/#\/schema\/person\/image\/\",\"url\":\"https:\/\/secure.gravatar.com\/avatar\/78fcb76ca05efae11fd355943c01a832a29786cc00d85b1a82c301bea2b2a214?s=96&d=mm&r=g\",\"contentUrl\":\"https:\/\/secure.gravatar.com\/avatar\/78fcb76ca05efae11fd355943c01a832a29786cc00d85b1a82c301bea2b2a214?s=96&d=mm&r=g\",\"caption\":\"Universidad de O'Higgins\"}}]}<\/script>\n<!-- \/ Yoast SEO plugin. -->","yoast_head_json":{"title":"De c\u00e1rcel a obra \u00fanica: UOH acompa\u00f1\u00f3 inauguraci\u00f3n del nuevo Edificio Sector Justicia y su memorial para el Nunca M\u00e1s - Direcci\u00f3n de Cultura Patrimonio y Extensi\u00f3n UOH","description":"La jornada incluy\u00f3 la presentaci\u00f3n de un mural creado por el Premio Nacional de Artes Pl\u00e1sticas, Alejandro \u201cMono\u201d Gonz\u00e1lez, obra colectiva que simboliza dignidad, resiliencia y trabajo colaborativo.","robots":{"index":"noindex","follow":"nofollow"},"og_locale":"es_ES","og_type":"article","og_title":"De c\u00e1rcel a obra \u00fanica: UOH acompa\u00f1\u00f3 inauguraci\u00f3n del nuevo Edificio Sector Justicia y su memorial para el Nunca M\u00e1s - Direcci\u00f3n de Cultura Patrimonio y Extensi\u00f3n UOH","og_description":"La jornada incluy\u00f3 la presentaci\u00f3n de un mural creado por el Premio Nacional de Artes Pl\u00e1sticas, Alejandro \u201cMono\u201d Gonz\u00e1lez, obra colectiva que simboliza dignidad, resiliencia y trabajo colaborativo.","og_url":"https:\/\/www.uoh.cl\/extension\/de-carcel-a-obra-unica-uoh-acompano-inauguracion-del-nuevo-edificio-sector-justicia-y-su-memorial-para-el-nunca-mas","og_site_name":"Direcci\u00f3n de Cultura Patrimonio y Extensi\u00f3n UOH","article_published_time":"2025-12-11T19:00:04+00:00","article_modified_time":"2025-12-11T20:29:36+00:00","og_image":[{"width":1000,"height":1000,"url":"https:\/\/www.uoh.cl\/extension\/wp-content\/uploads\/sites\/14\/2025\/12\/Edificio-Sector-Justicia.png","type":"image\/png"}],"author":"Universidad de O'Higgins","twitter_card":"summary_large_image","twitter_misc":{"Escrito por":"Universidad de O'Higgins","Tiempo estimado de lectura":"5 minutos"},"schema":{"@context":"https:\/\/schema.org","@graph":[{"@type":"WebPage","@id":"https:\/\/www.uoh.cl\/extension\/de-carcel-a-obra-unica-uoh-acompano-inauguracion-del-nuevo-edificio-sector-justicia-y-su-memorial-para-el-nunca-mas","url":"https:\/\/www.uoh.cl\/extension\/de-carcel-a-obra-unica-uoh-acompano-inauguracion-del-nuevo-edificio-sector-justicia-y-su-memorial-para-el-nunca-mas","name":"De c\u00e1rcel a obra \u00fanica: UOH acompa\u00f1\u00f3 inauguraci\u00f3n del nuevo Edificio Sector Justicia y su memorial para el Nunca M\u00e1s - Direcci\u00f3n de Cultura Patrimonio y Extensi\u00f3n UOH","isPartOf":{"@id":"https:\/\/www.uoh.cl\/extension\/#website"},"primaryImageOfPage":{"@id":"https:\/\/www.uoh.cl\/extension\/de-carcel-a-obra-unica-uoh-acompano-inauguracion-del-nuevo-edificio-sector-justicia-y-su-memorial-para-el-nunca-mas#primaryimage"},"image":{"@id":"https:\/\/www.uoh.cl\/extension\/de-carcel-a-obra-unica-uoh-acompano-inauguracion-del-nuevo-edificio-sector-justicia-y-su-memorial-para-el-nunca-mas#primaryimage"},"thumbnailUrl":"https:\/\/www.uoh.cl\/extension\/wp-content\/uploads\/sites\/14\/2025\/12\/Edificio-Sector-Justicia.png","datePublished":"2025-12-11T19:00:04+00:00","dateModified":"2025-12-11T20:29:36+00:00","author":{"@id":"https:\/\/www.uoh.cl\/extension\/#\/schema\/person\/ea242e676c7d6d7e46fc8b9e39486c4f"},"description":"La jornada incluy\u00f3 la presentaci\u00f3n de un mural creado por el Premio Nacional de Artes Pl\u00e1sticas, Alejandro \u201cMono\u201d Gonz\u00e1lez, obra colectiva que simboliza dignidad, resiliencia y trabajo colaborativo.","inLanguage":"es-CL","potentialAction":[{"@type":"ReadAction","target":["https:\/\/www.uoh.cl\/extension\/de-carcel-a-obra-unica-uoh-acompano-inauguracion-del-nuevo-edificio-sector-justicia-y-su-memorial-para-el-nunca-mas"]}]},{"@type":"ImageObject","inLanguage":"es-CL","@id":"https:\/\/www.uoh.cl\/extension\/de-carcel-a-obra-unica-uoh-acompano-inauguracion-del-nuevo-edificio-sector-justicia-y-su-memorial-para-el-nunca-mas#primaryimage","url":"https:\/\/www.uoh.cl\/extension\/wp-content\/uploads\/sites\/14\/2025\/12\/Edificio-Sector-Justicia.png","contentUrl":"https:\/\/www.uoh.cl\/extension\/wp-content\/uploads\/sites\/14\/2025\/12\/Edificio-Sector-Justicia.png","width":1000,"height":1000},{"@type":"WebSite","@id":"https:\/\/www.uoh.cl\/extension\/#website","url":"https:\/\/www.uoh.cl\/extension\/","name":"Direcci\u00f3n de Cultura Patrimonio y Extensi\u00f3n UOH","description":"Otro sitio de Sitios de Universidad O&#039;higgins","potentialAction":[{"@type":"SearchAction","target":{"@type":"EntryPoint","urlTemplate":"https:\/\/www.uoh.cl\/extension\/?s={search_term_string}"},"query-input":{"@type":"PropertyValueSpecification","valueRequired":true,"valueName":"search_term_string"}}],"inLanguage":"es-CL"},{"@type":"Person","@id":"https:\/\/www.uoh.cl\/extension\/#\/schema\/person\/ea242e676c7d6d7e46fc8b9e39486c4f","name":"Universidad de O'Higgins","image":{"@type":"ImageObject","inLanguage":"es-CL","@id":"https:\/\/www.uoh.cl\/extension\/#\/schema\/person\/image\/","url":"https:\/\/secure.gravatar.com\/avatar\/78fcb76ca05efae11fd355943c01a832a29786cc00d85b1a82c301bea2b2a214?s=96&d=mm&r=g","contentUrl":"https:\/\/secure.gravatar.com\/avatar\/78fcb76ca05efae11fd355943c01a832a29786cc00d85b1a82c301bea2b2a214?s=96&d=mm&r=g","caption":"Universidad de O'Higgins"}}]}},"_links":{"self":[{"href":"https:\/\/www.uoh.cl\/extension\/wp-json\/wp\/v2\/posts\/5503","targetHints":{"allow":["GET"]}}],"collection":[{"href":"https:\/\/www.uoh.cl\/extension\/wp-json\/wp\/v2\/posts"}],"about":[{"href":"https:\/\/www.uoh.cl\/extension\/wp-json\/wp\/v2\/types\/post"}],"author":[{"embeddable":true,"href":"https:\/\/www.uoh.cl\/extension\/wp-json\/wp\/v2\/users\/34"}],"replies":[{"embeddable":true,"href":"https:\/\/www.uoh.cl\/extension\/wp-json\/wp\/v2\/comments?post=5503"}],"version-history":[{"count":2,"href":"https:\/\/www.uoh.cl\/extension\/wp-json\/wp\/v2\/posts\/5503\/revisions"}],"predecessor-version":[{"id":5507,"href":"https:\/\/www.uoh.cl\/extension\/wp-json\/wp\/v2\/posts\/5503\/revisions\/5507"}],"wp:featuredmedia":[{"embeddable":true,"href":"https:\/\/www.uoh.cl\/extension\/wp-json\/wp\/v2\/media\/5508"}],"wp:attachment":[{"href":"https:\/\/www.uoh.cl\/extension\/wp-json\/wp\/v2\/media?parent=5503"}],"wp:term":[{"taxonomy":"category","embeddable":true,"href":"https:\/\/www.uoh.cl\/extension\/wp-json\/wp\/v2\/categories?post=5503"},{"taxonomy":"post_tag","embeddable":true,"href":"https:\/\/www.uoh.cl\/extension\/wp-json\/wp\/v2\/tags?post=5503"}],"curies":[{"name":"wp","href":"https:\/\/api.w.org\/{rel}","templated":true}]}}