
{"id":3797,"date":"2024-06-05T09:52:26","date_gmt":"2024-06-05T12:52:26","guid":{"rendered":"https:\/\/www.uoh.cl\/extension\/universidad-de-ohiggins-sera-parte-de-la-red-universitaria-de-cine-y-audiovisual\/"},"modified":"2024-06-05T09:52:26","modified_gmt":"2024-06-05T12:52:26","slug":"universidad-de-ohiggins-sera-parte-de-la-red-universitaria-de-cine-y-audiovisual","status":"publish","type":"post","link":"https:\/\/www.uoh.cl\/extension\/universidad-de-ohiggins-sera-parte-de-la-red-universitaria-de-cine-y-audiovisual","title":{"rendered":"Universidad de O\u2019Higgins ser\u00e1 parte de la Red Universitaria de Cine y Audiovisual"},"content":{"rendered":"<div class=\"wpb-content-wrapper\"><p>[vc_section el_class=&#8221;container mx-auto align-items-center circle&#8211;pattern&#8221; css=&#8221;.vc_custom_1648956589196{padding-top: 3rem !important;}&#8221;][vc_row][vc_column]<ul class=\"p-0 list-style-none d-inline-block\"><li class=\"p-0\"><a href=https:\/\/www.uoh.cl\/extension\/category\/iea class=\"px-1 py-2\">IEA<\/a><\/li><\/ul><div class=\"date_publish_post\"> \u25cf Mi\u00e9 05 de Junio 2024<\/div><div class=\"uoh_title_component-container\"><h1 class=\"title title--ms d-inline-block title--decorator  big\">Universidad de O\u2019Higgins ser\u00e1 parte de la Red Universitaria de Cine y Audiovisual<\/h1><\/div>[vc_row_inner el_class=&#8221;border-separator m-0&#8243;][vc_column_inner width=&#8221;2\/3&#8243;]<div class=\"author_wp_class\"> Escrito por <span>Universidad de O'Higgins<\/span><\/div>[\/vc_column_inner][vc_column_inner el_class=&#8221;align-items-end-publish&#8221; width=&#8221;1\/3&#8243;]<div class=\"uoh_social_network_component uoh_row col-12 justify-content-end m-0 p-0\"> <div class=\"icon__facebook-share-button\">\n                       <a href=\"https:\/\/www.facebook.com\/sharer\/sharer.php?u=https:\/\/www.uoh.cl\/extension\/universidad-de-ohiggins-sera-parte-de-la-red-universitaria-de-cine-y-audiovisual\" target=\"_blank\"> <div class=\"icon__facebook-svg\"><svg version=\"1.1\" xmlns=\"http:\/\/www.w3.org\/2000\/svg\" xmlns:xlink=\"http:\/\/www.w3.org\/1999\/xlink\" x=\"0px\" y=\"0px\" width=\"22.4px\" height=\"48.3px\" viewBox=\"0 0 22.4 48.3\" style=\"overflow:visible;enable-background:new 0 0 22.4 48.3;\" xml:space=\"preserve\">\n                <defs>\n                <\/defs>\n                <path class=\"st0\" d=\"M22.4,15.6h-7.6v-5c0-1.9,1.2-2.3,2.1-2.3c0.9,0,5.4,0,5.4,0V0l-7.4,0C6.6,0,4.8,6.2,4.8,10.1v5.5H0v8.5h4.8\n                    c0,10.9,0,24.1,0,24.1h10c0,0,0-13.3,0-24.1h6.8L22.4,15.6z\"><\/path>\n                <\/svg><\/a><\/div>\n                    <\/div><div class=\"icon__twitter-share-button\">\n                        <div class=\"icon__twitter-svg\"><a target=\"_blank\" href=\"http:\/\/twitter.com\/share?url=https:\/\/www.uoh.cl\/extension\/universidad-de-ohiggins-sera-parte-de-la-red-universitaria-de-cine-y-audiovisual\"><svg xmlns=\"http:\/\/www.w3.org\/2000\/svg\" height=\"1em\" viewBox=\"0 0 512 512\"><!--! Font Awesome Free 6.4.2 by @fontawesome - https:\/\/fontawesome.com License - https:\/\/fontawesome.com\/license (Commercial License) Copyright 2023 Fonticons, Inc. --><path d=\"M389.2 48h70.6L305.6 224.2 487 464H345L233.7 318.6 106.5 464H35.8L200.7 275.5 26.8 48H172.4L272.9 180.9 389.2 48zM364.4 421.8h39.1L151.1 88h-42L364.4 421.8z\"\/><\/svg><\/a><\/div>\n                        <\/div><div class=\"icon__linkedin-share-button\">\n                        <div class=\"icon__linkedin-svg\">\n                        <a target=\"__blank\" href=\"https:\/\/www.linkedin.com\/sharing\/share-offsite\/?url=https:\/\/www.uoh.cl\/extension\/universidad-de-ohiggins-sera-parte-de-la-red-universitaria-de-cine-y-audiovisual\"><svg enable-background=\"new 0 0 100 100\" height=\"100px\" id=\"Layer_1\" version=\"1.1\" viewBox=\"0 0 100 100\" width=\"100px\" xml:space=\"preserve\" xmlns=\"http:\/\/www.w3.org\/2000\/svg\" xmlns:xlink=\"http:\/\/www.w3.org\/1999\/xlink\"><g><circle cx=\"50\" cy=\"50\" fill=\"#ccc\" r=\"45\"\/><g id=\"LinkedIn_1_\"><rect fill=\"#FFFFFF\" height=\"24.361\" width=\"7.69\" x=\"31.271\" y=\"43.569\"\/><path d=\"M59.968,43.334c-4.406,0-7.165,2.387-7.677,4.058v-3.823h-8.636c0.109,2.03,0,24.361,0,24.361h8.636    V54.748c0-0.733-0.034-1.465,0.19-1.991c0.594-1.464,1.869-2.985,4.162-2.985c2.998,0,4.361,2.253,4.361,5.552V67.93h8.721V54.384    C69.726,46.839,65.432,43.334,59.968,43.334z\" fill=\"#FFFFFF\"\/><path d=\"M34.973,32.069c-2.839,0-4.696,1.823-4.696,4.229c0,2.361,1.804,4.224,4.589,4.224h0.054    c2.891,0,4.69-1.869,4.69-4.229C39.555,33.888,37.81,32.069,34.973,32.069z\" fill=\"#FFFFFF\"\/><\/g><\/g><\/svg><\/a><\/div>\n\n            <\/div><\/div>[\/vc_column_inner][\/vc_row_inner]<div class=\"breadcrumb\"><ol itemscope itemtype=\"https:\/\/schema.org\/BreadcrumbList\"><li itemprop=\"itemListElement\" itemscope itemtype=\"https:\/\/schema.org\/ListItem\"><a itemprop=\"item\" href=\"http:\/\/www.uoh.cl\"><span itemprop=\"name\">Inicio<\/span><\/a><meta itemprop=\"position\" content=\"1\" \/><li itemprop=\"itemListElement\" itemscope itemtype=\"https:\/\/schema.org\/ListItem\"><a itemprop=\"item\" href=\"https:\/\/www.uoh.cl\/extension\"><span itemprop=\"name\">Direcci\u00f3n de Cultura Patrimonio y Extensi\u00f3n UOH<\/span><\/a><meta itemprop=\"position\" content=\"2\" \/><li itemprop=\"itemListElement\" itemscope itemtype=\"https:\/\/schema.org\/ListItem\"><a itemprop=\"item\" href=\"https:\/\/www.uoh.cl\/extension\/noticias\"><span itemprop=\"name\">Noticias<\/span><\/a><meta itemprop=\"position\" content=\"3\" \/><li itemprop=\"itemListElement\" itemscope itemtype=\"https:\/\/schema.org\/ListItem\"><span itemprop=\"name\">Universidad de O\u2019Higgins ser\u00e1 parte de la Red Universitaria de <\/span><meta itemprop=\"position\" content=\"4\" \/><\/ol><\/div>[vc_single_image image=&#8221;34303&#8243; img_size=&#8221;full&#8221; add_caption=&#8221;yes&#8221; alignment=&#8221;center&#8221; onclick=&#8221;img_link_large&#8221; img_link_target=&#8221;_blank&#8221;][vc_column_text]\u00a0[\/vc_column_text][vc_column_text]<\/p>\n<div>\n<ul>\n<li><i>La instancia, que re\u00fane a 13 escuelas de cine, tendr\u00e1 su lanzamiento este jueves en la Cineteca Nacional.<\/i><\/li>\n<\/ul>\n<\/div>\n<p>[\/vc_column_text][vc_column_text]\u00a0[\/vc_column_text][vc_column_text]<\/p>\n<p style=\"font-weight: 400\">Este jueves 6 de junio, a las 18:30 horas, en la Cineteca Nacional tendr\u00e1 lugar el lanzamiento de RUCA, la primera\u00a0<strong>Red Universitaria de Cine y Audiovisual del pa\u00eds<\/strong>.<\/p>\n<p style=\"font-weight: 400\">RUCA cuenta con la participaci\u00f3n de 13 escuelas de cine de diferentes universidades, tanto p\u00fablicas como privadas, dentro de las que se encuentra la Universidad de O\u2019Higgins (UOH). Su misi\u00f3n es promover el intercambio de conocimientos, obras, experiencias y recursos entre acad\u00e9micos\/as y estudiantes de instituciones universitarias de cine y audiovisual en Chile.<\/p>\n<p style=\"font-weight: 400\">\u201cNos proponemos colaborar en la definici\u00f3n de las pol\u00edticas del audiovisual en nuestro pa\u00eds, generar encuentros y muestras anuales -en diferentes regiones del pa\u00eds-, desarrollar foros acad\u00e9micos sobre formaci\u00f3n y pedagog\u00eda audiovisual, promover buenas pr\u00e1cticas y protocolos, facilitar el intercambio de acad\u00e9micos\/as y estudiantes, integrar a los estudiantes al campo laboral y potenciar los postgrados de las universidades asociadas\u201d, explica Ricardo Carrasco, director del Instituto de Altos Estudios Audiovisuales (IEA) de la UOH.<\/p>\n<p style=\"font-weight: 400\">Las carreras y escuelas adscritas a la red son: carrera de Cine y Comunicaci\u00f3n Audiovisual de la Universidad de Vi\u00f1a del Mar UVM; Escuela de Cine de la Universidad de Valpara\u00edso; Escuela de Cine y TV de la Universidad de Chile; Escuela de Cine y Realizaci\u00f3n Audiovisual de la Universidad Diego Portales; Departamento de Creaci\u00f3n Audiovisual de la Pontificia Universidad Cat\u00f3lica de Chile; carrera de Cine de la Universidad del Desarrollo; carrera de Comunicaci\u00f3n Audiovisual de la Universidad de las Am\u00e9ricas; carrera de Comunicaci\u00f3n Audiovisual de la Universidad de los Andes; Escuela de Comunicaci\u00f3n Audiovisual UNIACC; Escuela de Cine de la Universidad Mayor; carrera de Cine y Artes Audiovisuales de la Universidad Academia de Humanismo Cristiano; Escuela de Creaci\u00f3n Audiovisual de la Universidad Austral de Chile; y el Instituto de Altos Estudios Audiovisuales de la Universidad de O\u2019Higgins.<\/p>\n<p style=\"font-weight: 400\">La ceremonia tendr\u00e1 un homenaje a Pedro Chaskel, acad\u00e9mico, cineasta y montajista, quien fue clave en la formaci\u00f3n de cientos de profesionales del \u00e1rea audiovisual en el pa\u00eds. En el marco del homenaje se presentar\u00e1 el documental\u00a0<strong><em>Nada pertenece a la memoria<\/em><\/strong>\u00a0(2017) de Jos\u00e9 Luis Torres Leiva.<\/p>\n<p>[\/vc_column_text][vc_zigzag color=&#8221;white&#8221;][vc_row_inner][vc_column_inner][\/vc_column_inner][\/vc_row_inner][\/vc_column][\/vc_row][\/vc_section][vc_section css=&#8221;.vc_custom_1650255686594{background-color: #f6faff !important;}&#8221; el_class=&#8221;p-md-0 pt-md-5&#8243;][vc_row el_class=&#8221;container mx-auto align-items-center p-md-0 pt-5 pb-5&#8243;][vc_column el_class=&#8221;pb-5&#8243;][vc_row_inner el_class=&#8221;pb-5&#8243;][vc_column_inner]<div class=\"row m-0 p-0\"><div class=\"col-12 col-md-9 pt-5 pt-md-0\"><h2 class=\"title title--decorator title--ms d-inline-block\">Te Recomendamos<\/h2><\/div><\/div><div class=\"content-holder\"><div class=\"row  swipper-news-list not--activate-hack \"><div class=\"row -wrapper\"><div class=\"  col-sm-6 col-md-4 img-article\">\n                                        <div class=\"content-news-display row m-0 p-0\"><div class=\"holder p-0 \"><div class=\"img-wrap img-wrap-news\">\n                                        <div class=\"caption__news-category\">\n                                        <a href=\"https:\/\/www.uoh.cl\/extension\/category\/institucional\">\n                                        Institucional<\/a><\/div><img decoding=\"async\" class=\"w-100 h-100 lazyload\" data-src=\"https:\/\/www.uoh.cl\/extension\/wp-content\/uploads\/sites\/14\/2026\/08\/Pukara-2.jpeg\" alt=\"Hist\u00f3rico acuerdo permitir\u00e1 a la UOH proteger y poner en valor el Pukar\u00e1 de La Compa\u00f1\u00eda\" style=\"--smush-placeholder-width: 1600px; --smush-placeholder-aspect-ratio: 1600\/1066;object-fit: cover; object-position: center;\" src=\"data:image\/svg+xml;base64,PHN2ZyB3aWR0aD0iMSIgaGVpZ2h0PSIxIiB4bWxucz0iaHR0cDovL3d3dy53My5vcmcvMjAwMC9zdmciPjwvc3ZnPg==\"><\/div><\/div><div class=\"caption py-3 caption__news py-md-3 pb-md-5\">\n                                    <span class=\"caption__date\">Viernes 28, Agosto<\/span>\n                                     <a href=\"https:\/\/www.uoh.cl\/extension\/historico-acuerdo-permitira-a-la-uoh-proteger-y-poner-en-valor-el-pukara-de-la-compania\">\n                                    <h3 class=\"small-space\">Hist\u00f3rico acuerdo permitir\u00e1 a la UOH proteger y poner en valor el Pukar\u00e1 de La Compa\u00f1\u00eda<\/h3><\/a>\n\n                                    <p>Acuerdo impulsado por el CDE permitir\u00e1 que uno de los sitios arqueol\u00f3gicos m\u00e1s importantes de Chile quede bajo el resguardo de una universidad estatal y se transforme en un espacio permanente para la investigaci\u00f3n cient\u00edfica, la educaci\u00f3n patrimonial y el desarrollo cultural de la Regi\u00f3n de O\u2019Higgins.<\/p>\n                                    <a class=\"link link--bold mt-md-3\" href=\"https:\/\/www.uoh.cl\/extension\/historico-acuerdo-permitira-a-la-uoh-proteger-y-poner-en-valor-el-pukara-de-la-compania\">Saber m\u00e1s <span class=\"icon icon--inline icon--link\"><svg version=\"1.1\" xmlns=\"http:\/\/www.w3.org\/2000\/svg\" xmlns:xlink=\"http:\/\/www.w3.org\/1999\/xlink\" x=\"0px\" y=\"0px\" width=\"22px\"height=\"22px\" viewBox=\"0 0 22 22\" style=\"overflow:visible;enable-background:new 0 0 80 64.6;\" xml:space=\"preserve\"><g clip-path=\"url(#acA)\"><path fill-rule=\"evenodd\" d=\"M21.913 11.266a.93.93 0 000-.711c-.022-.056-.063-.097-.091-.144s-.053-.103-.097-.15L12.306.294c-.357-.379-.955-.394-1.334-.038s-.394.955-.038 1.334l7.917 8.374H.927a.95.95 0 00-.908.983.946.946 0 00.908.908h17.924l-8.089 8.552c-.357.379-.341.977.034 1.334s.977.341 1.334-.034l9.594-10.148c.044-.044.063-.1.097-.15.028-.047.069-.088.091-.141z\"\/><\/g><defs><clipPath id=\"acA\"><path fill=\"#fff\" d=\"M0 0h22v22H0z\"\/><\/clipPath><\/defs><\/svg><\/span><\/a><\/div><\/div><\/div><div class=\"  col-sm-6 col-md-4 img-article\">\n                                        <div class=\"content-news-display row m-0 p-0\"><div class=\"holder p-0 \"><div class=\"img-wrap img-wrap-news\">\n                                        <div class=\"caption__news-category\">\n                                        <a href=\"https:\/\/www.uoh.cl\/extension\/category\/institucional\">\n                                        Institucional<\/a><\/div><img decoding=\"async\" class=\"w-100 h-100 lazyload\" data-src=\"https:\/\/www.uoh.cl\/extension\/wp-content\/uploads\/sites\/14\/2026\/08\/Frontis-UOH.jpeg\" alt=\"UOH: 11 a\u00f1os creciendo junto a la Regi\u00f3n de O&#8217;Higgins\" style=\"--smush-placeholder-width: 1600px; --smush-placeholder-aspect-ratio: 1600\/900;object-fit: cover; object-position: center;\" src=\"data:image\/svg+xml;base64,PHN2ZyB3aWR0aD0iMSIgaGVpZ2h0PSIxIiB4bWxucz0iaHR0cDovL3d3dy53My5vcmcvMjAwMC9zdmciPjwvc3ZnPg==\"><\/div><\/div><div class=\"caption py-3 caption__news py-md-3 pb-md-5\">\n                                    <span class=\"caption__date\">Viernes 7, Agosto<\/span>\n                                     <a href=\"https:\/\/www.uoh.cl\/extension\/uoh-11-anos-creciendo-junto-a-la-region-de-ohiggins\">\n                                    <h3 class=\"small-space\">UOH: 11 a\u00f1os creciendo junto a la Regi\u00f3n de O&#8217;Higgins<\/h3><\/a>\n\n                                    <p>Creada en 2015 para responder a una demanda hist\u00f3rica de la regi\u00f3n, la Universidad de O'Higgins conmemora su und\u00e9cimo aniversario consolidada como una instituci\u00f3n p\u00fablica de excelencia, con m\u00e1s de 9 mil estudiantes, una destacada producci\u00f3n cient\u00edfica y un fuerte compromiso con el desarrollo regional.<\/p>\n                                    <a class=\"link link--bold mt-md-3\" href=\"https:\/\/www.uoh.cl\/extension\/uoh-11-anos-creciendo-junto-a-la-region-de-ohiggins\">Saber m\u00e1s <span class=\"icon icon--inline icon--link\"><svg version=\"1.1\" xmlns=\"http:\/\/www.w3.org\/2000\/svg\" xmlns:xlink=\"http:\/\/www.w3.org\/1999\/xlink\" x=\"0px\" y=\"0px\" width=\"22px\"height=\"22px\" viewBox=\"0 0 22 22\" style=\"overflow:visible;enable-background:new 0 0 80 64.6;\" xml:space=\"preserve\"><g clip-path=\"url(#acA)\"><path fill-rule=\"evenodd\" d=\"M21.913 11.266a.93.93 0 000-.711c-.022-.056-.063-.097-.091-.144s-.053-.103-.097-.15L12.306.294c-.357-.379-.955-.394-1.334-.038s-.394.955-.038 1.334l7.917 8.374H.927a.95.95 0 00-.908.983.946.946 0 00.908.908h17.924l-8.089 8.552c-.357.379-.341.977.034 1.334s.977.341 1.334-.034l9.594-10.148c.044-.044.063-.1.097-.15.028-.047.069-.088.091-.141z\"\/><\/g><defs><clipPath id=\"acA\"><path fill=\"#fff\" d=\"M0 0h22v22H0z\"\/><\/clipPath><\/defs><\/svg><\/span><\/a><\/div><\/div><\/div><div class=\"  col-sm-6 col-md-4 img-article\">\n                                        <div class=\"content-news-display row m-0 p-0\"><div class=\"holder p-0 \"><div class=\"img-wrap img-wrap-news\">\n                                        <div class=\"caption__news-category\">\n                                        <a href=\"https:\/\/www.uoh.cl\/extension\/category\/institucional\">\n                                        Institucional<\/a><\/div><img decoding=\"async\" class=\"w-100 h-100 lazyload\" data-src=\"https:\/\/www.uoh.cl\/extension\/wp-content\/uploads\/sites\/14\/2026\/08\/4S2A9097.jpg\" alt=\"Rectora UOH present\u00f3 al Consejo Regional los avances que consolidan a la Universidad Estatal tras sus primeros 11 a\u00f1os de vida\" style=\"--smush-placeholder-width: 2400px; --smush-placeholder-aspect-ratio: 2400\/1600;object-fit: cover; object-position: center;\" src=\"data:image\/svg+xml;base64,PHN2ZyB3aWR0aD0iMSIgaGVpZ2h0PSIxIiB4bWxucz0iaHR0cDovL3d3dy53My5vcmcvMjAwMC9zdmciPjwvc3ZnPg==\"><\/div><\/div><div class=\"caption py-3 caption__news py-md-3 pb-md-5\">\n                                    <span class=\"caption__date\">Mi\u00e9rcoles 5, Agosto<\/span>\n                                     <a href=\"https:\/\/www.uoh.cl\/extension\/rectora-uoh-presento-al-consejo-regional-los-avances-que-consolidan-a-la-universidad-estatal-tras-sus-primeros-11-anos-de-vida\">\n                                    <h3 class=\"small-space\">Rectora UOH present\u00f3 al Consejo Regional los avances que consolidan a la Universidad Estatal tras sus primeros 11 a\u00f1os de vida<\/h3><\/a>\n\n                                    <p>Ante la Comisi\u00f3n de Educaci\u00f3n, Fernanda Kri Amar expuso el crecimiento en formaci\u00f3n, investigaci\u00f3n, infraestructura y vinculaci\u00f3n con el territorio, destacando el aporte que la Universidad de O\u2019Higgins realiza al desarrollo de la regi\u00f3n, en momentos que celebra un nuevo aniversario.<\/p>\n                                    <a class=\"link link--bold mt-md-3\" href=\"https:\/\/www.uoh.cl\/extension\/rectora-uoh-presento-al-consejo-regional-los-avances-que-consolidan-a-la-universidad-estatal-tras-sus-primeros-11-anos-de-vida\">Saber m\u00e1s <span class=\"icon icon--inline icon--link\"><svg version=\"1.1\" xmlns=\"http:\/\/www.w3.org\/2000\/svg\" xmlns:xlink=\"http:\/\/www.w3.org\/1999\/xlink\" x=\"0px\" y=\"0px\" width=\"22px\"height=\"22px\" viewBox=\"0 0 22 22\" style=\"overflow:visible;enable-background:new 0 0 80 64.6;\" xml:space=\"preserve\"><g clip-path=\"url(#acA)\"><path fill-rule=\"evenodd\" d=\"M21.913 11.266a.93.93 0 000-.711c-.022-.056-.063-.097-.091-.144s-.053-.103-.097-.15L12.306.294c-.357-.379-.955-.394-1.334-.038s-.394.955-.038 1.334l7.917 8.374H.927a.95.95 0 00-.908.983.946.946 0 00.908.908h17.924l-8.089 8.552c-.357.379-.341.977.034 1.334s.977.341 1.334-.034l9.594-10.148c.044-.044.063-.1.097-.15.028-.047.069-.088.091-.141z\"\/><\/g><defs><clipPath id=\"acA\"><path fill=\"#fff\" d=\"M0 0h22v22H0z\"\/><\/clipPath><\/defs><\/svg><\/span><\/a><\/div><\/div><\/div><\/div><\/div><\/div><div class=\"pagination justify-content-center my-5\"><span aria-current=\"page\" class=\"page-numbers current\">1<\/span>\n<a class=\"page-numbers\" href=\"https:\/\/www.uoh.cl\/extension\/wp-json\/wp\/v2\/posts\/3797\/page\/2\">2<\/a>\n<a class=\"page-numbers\" href=\"https:\/\/www.uoh.cl\/extension\/wp-json\/wp\/v2\/posts\/3797\/page\/3\">3<\/a>\n<span class=\"page-numbers dots\">&hellip;<\/span>\n<a class=\"page-numbers\" href=\"https:\/\/www.uoh.cl\/extension\/wp-json\/wp\/v2\/posts\/3797\/page\/105\">105<\/a>\n<a class=\"next page-numbers\" href=\"https:\/\/www.uoh.cl\/extension\/wp-json\/wp\/v2\/posts\/3797\/page\/2\"><div class=\"icon-pagination-next\"> <?xml version=\"1.0\" ?><svg viewBox=\"0 0 96 96\" xmlns=\"http:\/\/www.w3.org\/2000\/svg\"><title\/><path d=\"M39.3756,48.0022l30.47-25.39a6.0035,6.0035,0,0,0-7.6878-9.223L26.1563,43.3906a6.0092,6.0092,0,0,0,0,9.2231L62.1578,82.615a6.0035,6.0035,0,0,0,7.6878-9.2231Z\"\/><\/svg> <\/div><\/a><\/div>[\/vc_column_inner][\/vc_row_inner][\/vc_column][\/vc_row][\/vc_section]<\/p>\n<\/div>","protected":false},"excerpt":{"rendered":"<p>La instancia, que re\u00fane a 13 escuelas de cine, tendr\u00e1 su lanzamiento este jueves en la Cineteca Nacional.<\/p>\n","protected":false},"author":34,"featured_media":3798,"comment_status":"open","ping_status":"open","sticky":false,"template":"","format":"standard","meta":{"_acf_changed":false,"footnotes":""},"categories":[72],"tags":[],"class_list":["post-3797","post","type-post","status-publish","format-standard","has-post-thumbnail","hentry","category-iea"],"acf":[],"yoast_head":"<!-- This site is optimized with the Yoast SEO plugin v28.3 - https:\/\/yoast.com\/product\/yoast-seo-wordpress\/ -->\n<title>Universidad de O\u2019Higgins ser\u00e1 parte de la Red Universitaria de Cine y Audiovisual - Direcci\u00f3n de Cultura Patrimonio y Extensi\u00f3n UOH<\/title>\n<meta name=\"description\" content=\"Un tercio de los incendios en Chile son intencionales, mientras el 64% son causados de forma accidental o negligente.\" \/>\n<meta name=\"robots\" content=\"noindex, nofollow\" \/>\n<meta property=\"og:locale\" content=\"es_ES\" \/>\n<meta property=\"og:type\" content=\"article\" \/>\n<meta property=\"og:title\" content=\"Universidad de O\u2019Higgins ser\u00e1 parte de la Red Universitaria de Cine y Audiovisual - Direcci\u00f3n de Cultura Patrimonio y Extensi\u00f3n UOH\" \/>\n<meta property=\"og:description\" content=\"Un tercio de los incendios en Chile son intencionales, mientras el 64% son causados de forma accidental o negligente.\" \/>\n<meta property=\"og:url\" content=\"https:\/\/www.uoh.cl\/extension\/universidad-de-ohiggins-sera-parte-de-la-red-universitaria-de-cine-y-audiovisual\" \/>\n<meta property=\"og:site_name\" content=\"Direcci\u00f3n de Cultura Patrimonio y Extensi\u00f3n UOH\" \/>\n<meta property=\"article:published_time\" content=\"2024-06-05T12:52:26+00:00\" \/>\n<meta property=\"og:image\" content=\"https:\/\/www.uoh.cl\/extension\/wp-content\/uploads\/sites\/14\/2024\/06\/Cine-scaled.jpg\" \/>\n\t<meta property=\"og:image:width\" content=\"2560\" \/>\n\t<meta property=\"og:image:height\" content=\"1707\" \/>\n\t<meta property=\"og:image:type\" content=\"image\/jpeg\" \/>\n<meta name=\"author\" content=\"Universidad de O&#039;Higgins\" \/>\n<meta name=\"twitter:card\" content=\"summary_large_image\" \/>\n<meta name=\"twitter:label1\" content=\"Escrito por\" \/>\n\t<meta name=\"twitter:data1\" content=\"Universidad de O&#039;Higgins\" \/>\n\t<meta name=\"twitter:label2\" content=\"Tiempo estimado de lectura\" \/>\n\t<meta name=\"twitter:data2\" content=\"4 minutos\" \/>\n<script type=\"application\/ld+json\" class=\"yoast-schema-graph\">{\"@context\":\"https:\\\/\\\/schema.org\",\"@graph\":[{\"@type\":\"Article\",\"@id\":\"https:\\\/\\\/www.uoh.cl\\\/extension\\\/universidad-de-ohiggins-sera-parte-de-la-red-universitaria-de-cine-y-audiovisual#article\",\"isPartOf\":{\"@id\":\"https:\\\/\\\/www.uoh.cl\\\/extension\\\/universidad-de-ohiggins-sera-parte-de-la-red-universitaria-de-cine-y-audiovisual\"},\"author\":{\"name\":\"Universidad de O'Higgins\",\"@id\":\"https:\\\/\\\/www.uoh.cl\\\/extension\\\/#\\\/schema\\\/person\\\/ea242e676c7d6d7e46fc8b9e39486c4f\"},\"headline\":\"Universidad de O\u2019Higgins ser\u00e1 parte de la Red Universitaria de Cine y Audiovisual\",\"datePublished\":\"2024-06-05T12:52:26+00:00\",\"mainEntityOfPage\":{\"@id\":\"https:\\\/\\\/www.uoh.cl\\\/extension\\\/universidad-de-ohiggins-sera-parte-de-la-red-universitaria-de-cine-y-audiovisual\"},\"wordCount\":639,\"commentCount\":0,\"image\":{\"@id\":\"https:\\\/\\\/www.uoh.cl\\\/extension\\\/universidad-de-ohiggins-sera-parte-de-la-red-universitaria-de-cine-y-audiovisual#primaryimage\"},\"thumbnailUrl\":\"https:\\\/\\\/www.uoh.cl\\\/extension\\\/wp-content\\\/uploads\\\/sites\\\/14\\\/2024\\\/06\\\/Cine-scaled.jpg\",\"articleSection\":[\"IEA\"],\"inLanguage\":\"es-CL\",\"potentialAction\":[{\"@type\":\"CommentAction\",\"name\":\"Comment\",\"target\":[\"https:\\\/\\\/www.uoh.cl\\\/extension\\\/universidad-de-ohiggins-sera-parte-de-la-red-universitaria-de-cine-y-audiovisual#respond\"]}]},{\"@type\":\"WebPage\",\"@id\":\"https:\\\/\\\/www.uoh.cl\\\/extension\\\/universidad-de-ohiggins-sera-parte-de-la-red-universitaria-de-cine-y-audiovisual\",\"url\":\"https:\\\/\\\/www.uoh.cl\\\/extension\\\/universidad-de-ohiggins-sera-parte-de-la-red-universitaria-de-cine-y-audiovisual\",\"name\":\"Universidad de O\u2019Higgins ser\u00e1 parte de la Red Universitaria de Cine y Audiovisual - Direcci\u00f3n de Cultura Patrimonio y Extensi\u00f3n UOH\",\"isPartOf\":{\"@id\":\"https:\\\/\\\/www.uoh.cl\\\/extension\\\/#website\"},\"primaryImageOfPage\":{\"@id\":\"https:\\\/\\\/www.uoh.cl\\\/extension\\\/universidad-de-ohiggins-sera-parte-de-la-red-universitaria-de-cine-y-audiovisual#primaryimage\"},\"image\":{\"@id\":\"https:\\\/\\\/www.uoh.cl\\\/extension\\\/universidad-de-ohiggins-sera-parte-de-la-red-universitaria-de-cine-y-audiovisual#primaryimage\"},\"thumbnailUrl\":\"https:\\\/\\\/www.uoh.cl\\\/extension\\\/wp-content\\\/uploads\\\/sites\\\/14\\\/2024\\\/06\\\/Cine-scaled.jpg\",\"datePublished\":\"2024-06-05T12:52:26+00:00\",\"author\":{\"@id\":\"https:\\\/\\\/www.uoh.cl\\\/extension\\\/#\\\/schema\\\/person\\\/ea242e676c7d6d7e46fc8b9e39486c4f\"},\"description\":\"Un tercio de los incendios en Chile son intencionales, mientras el 64% son causados de forma accidental o negligente.\",\"inLanguage\":\"es-CL\",\"potentialAction\":[{\"@type\":\"ReadAction\",\"target\":[\"https:\\\/\\\/www.uoh.cl\\\/extension\\\/universidad-de-ohiggins-sera-parte-de-la-red-universitaria-de-cine-y-audiovisual\"]}]},{\"@type\":\"ImageObject\",\"inLanguage\":\"es-CL\",\"@id\":\"https:\\\/\\\/www.uoh.cl\\\/extension\\\/universidad-de-ohiggins-sera-parte-de-la-red-universitaria-de-cine-y-audiovisual#primaryimage\",\"url\":\"https:\\\/\\\/www.uoh.cl\\\/extension\\\/wp-content\\\/uploads\\\/sites\\\/14\\\/2024\\\/06\\\/Cine-scaled.jpg\",\"contentUrl\":\"https:\\\/\\\/www.uoh.cl\\\/extension\\\/wp-content\\\/uploads\\\/sites\\\/14\\\/2024\\\/06\\\/Cine-scaled.jpg\",\"width\":2560,\"height\":1707},{\"@type\":\"WebSite\",\"@id\":\"https:\\\/\\\/www.uoh.cl\\\/extension\\\/#website\",\"url\":\"https:\\\/\\\/www.uoh.cl\\\/extension\\\/\",\"name\":\"Direcci\u00f3n de Cultura Patrimonio y Extensi\u00f3n UOH\",\"description\":\"Otro sitio de Sitios de Universidad O&#039;higgins\",\"potentialAction\":[{\"@type\":\"SearchAction\",\"target\":{\"@type\":\"EntryPoint\",\"urlTemplate\":\"https:\\\/\\\/www.uoh.cl\\\/extension\\\/?s={search_term_string}\"},\"query-input\":{\"@type\":\"PropertyValueSpecification\",\"valueRequired\":true,\"valueName\":\"search_term_string\"}}],\"inLanguage\":\"es-CL\"},{\"@type\":\"Person\",\"@id\":\"https:\\\/\\\/www.uoh.cl\\\/extension\\\/#\\\/schema\\\/person\\\/ea242e676c7d6d7e46fc8b9e39486c4f\",\"name\":\"Universidad de O'Higgins\",\"image\":{\"@type\":\"ImageObject\",\"inLanguage\":\"es-CL\",\"@id\":\"https:\\\/\\\/secure.gravatar.com\\\/avatar\\\/78fcb76ca05efae11fd355943c01a832a29786cc00d85b1a82c301bea2b2a214?s=96&d=mm&r=g\",\"url\":\"https:\\\/\\\/secure.gravatar.com\\\/avatar\\\/78fcb76ca05efae11fd355943c01a832a29786cc00d85b1a82c301bea2b2a214?s=96&d=mm&r=g\",\"contentUrl\":\"https:\\\/\\\/secure.gravatar.com\\\/avatar\\\/78fcb76ca05efae11fd355943c01a832a29786cc00d85b1a82c301bea2b2a214?s=96&d=mm&r=g\",\"caption\":\"Universidad de O'Higgins\"}}]}<\/script>\n<!-- \/ Yoast SEO plugin. -->","yoast_head_json":{"title":"Universidad de O\u2019Higgins ser\u00e1 parte de la Red Universitaria de Cine y Audiovisual - Direcci\u00f3n de Cultura Patrimonio y Extensi\u00f3n UOH","description":"Un tercio de los incendios en Chile son intencionales, mientras el 64% son causados de forma accidental o negligente.","robots":{"index":"noindex","follow":"nofollow"},"og_locale":"es_ES","og_type":"article","og_title":"Universidad de O\u2019Higgins ser\u00e1 parte de la Red Universitaria de Cine y Audiovisual - Direcci\u00f3n de Cultura Patrimonio y Extensi\u00f3n UOH","og_description":"Un tercio de los incendios en Chile son intencionales, mientras el 64% son causados de forma accidental o negligente.","og_url":"https:\/\/www.uoh.cl\/extension\/universidad-de-ohiggins-sera-parte-de-la-red-universitaria-de-cine-y-audiovisual","og_site_name":"Direcci\u00f3n de Cultura Patrimonio y Extensi\u00f3n UOH","article_published_time":"2024-06-05T12:52:26+00:00","og_image":[{"width":2560,"height":1707,"url":"https:\/\/www.uoh.cl\/extension\/wp-content\/uploads\/sites\/14\/2024\/06\/Cine-scaled.jpg","type":"image\/jpeg"}],"author":"Universidad de O'Higgins","twitter_card":"summary_large_image","twitter_misc":{"Escrito por":"Universidad de O'Higgins","Tiempo estimado de lectura":"4 minutos"},"schema":{"@context":"https:\/\/schema.org","@graph":[{"@type":"Article","@id":"https:\/\/www.uoh.cl\/extension\/universidad-de-ohiggins-sera-parte-de-la-red-universitaria-de-cine-y-audiovisual#article","isPartOf":{"@id":"https:\/\/www.uoh.cl\/extension\/universidad-de-ohiggins-sera-parte-de-la-red-universitaria-de-cine-y-audiovisual"},"author":{"name":"Universidad de O'Higgins","@id":"https:\/\/www.uoh.cl\/extension\/#\/schema\/person\/ea242e676c7d6d7e46fc8b9e39486c4f"},"headline":"Universidad de O\u2019Higgins ser\u00e1 parte de la Red Universitaria de Cine y Audiovisual","datePublished":"2024-06-05T12:52:26+00:00","mainEntityOfPage":{"@id":"https:\/\/www.uoh.cl\/extension\/universidad-de-ohiggins-sera-parte-de-la-red-universitaria-de-cine-y-audiovisual"},"wordCount":639,"commentCount":0,"image":{"@id":"https:\/\/www.uoh.cl\/extension\/universidad-de-ohiggins-sera-parte-de-la-red-universitaria-de-cine-y-audiovisual#primaryimage"},"thumbnailUrl":"https:\/\/www.uoh.cl\/extension\/wp-content\/uploads\/sites\/14\/2024\/06\/Cine-scaled.jpg","articleSection":["IEA"],"inLanguage":"es-CL","potentialAction":[{"@type":"CommentAction","name":"Comment","target":["https:\/\/www.uoh.cl\/extension\/universidad-de-ohiggins-sera-parte-de-la-red-universitaria-de-cine-y-audiovisual#respond"]}]},{"@type":"WebPage","@id":"https:\/\/www.uoh.cl\/extension\/universidad-de-ohiggins-sera-parte-de-la-red-universitaria-de-cine-y-audiovisual","url":"https:\/\/www.uoh.cl\/extension\/universidad-de-ohiggins-sera-parte-de-la-red-universitaria-de-cine-y-audiovisual","name":"Universidad de O\u2019Higgins ser\u00e1 parte de la Red Universitaria de Cine y Audiovisual - Direcci\u00f3n de Cultura Patrimonio y Extensi\u00f3n UOH","isPartOf":{"@id":"https:\/\/www.uoh.cl\/extension\/#website"},"primaryImageOfPage":{"@id":"https:\/\/www.uoh.cl\/extension\/universidad-de-ohiggins-sera-parte-de-la-red-universitaria-de-cine-y-audiovisual#primaryimage"},"image":{"@id":"https:\/\/www.uoh.cl\/extension\/universidad-de-ohiggins-sera-parte-de-la-red-universitaria-de-cine-y-audiovisual#primaryimage"},"thumbnailUrl":"https:\/\/www.uoh.cl\/extension\/wp-content\/uploads\/sites\/14\/2024\/06\/Cine-scaled.jpg","datePublished":"2024-06-05T12:52:26+00:00","author":{"@id":"https:\/\/www.uoh.cl\/extension\/#\/schema\/person\/ea242e676c7d6d7e46fc8b9e39486c4f"},"description":"Un tercio de los incendios en Chile son intencionales, mientras el 64% son causados de forma accidental o negligente.","inLanguage":"es-CL","potentialAction":[{"@type":"ReadAction","target":["https:\/\/www.uoh.cl\/extension\/universidad-de-ohiggins-sera-parte-de-la-red-universitaria-de-cine-y-audiovisual"]}]},{"@type":"ImageObject","inLanguage":"es-CL","@id":"https:\/\/www.uoh.cl\/extension\/universidad-de-ohiggins-sera-parte-de-la-red-universitaria-de-cine-y-audiovisual#primaryimage","url":"https:\/\/www.uoh.cl\/extension\/wp-content\/uploads\/sites\/14\/2024\/06\/Cine-scaled.jpg","contentUrl":"https:\/\/www.uoh.cl\/extension\/wp-content\/uploads\/sites\/14\/2024\/06\/Cine-scaled.jpg","width":2560,"height":1707},{"@type":"WebSite","@id":"https:\/\/www.uoh.cl\/extension\/#website","url":"https:\/\/www.uoh.cl\/extension\/","name":"Direcci\u00f3n de Cultura Patrimonio y Extensi\u00f3n UOH","description":"Otro sitio de Sitios de Universidad O&#039;higgins","potentialAction":[{"@type":"SearchAction","target":{"@type":"EntryPoint","urlTemplate":"https:\/\/www.uoh.cl\/extension\/?s={search_term_string}"},"query-input":{"@type":"PropertyValueSpecification","valueRequired":true,"valueName":"search_term_string"}}],"inLanguage":"es-CL"},{"@type":"Person","@id":"https:\/\/www.uoh.cl\/extension\/#\/schema\/person\/ea242e676c7d6d7e46fc8b9e39486c4f","name":"Universidad de O'Higgins","image":{"@type":"ImageObject","inLanguage":"es-CL","@id":"https:\/\/secure.gravatar.com\/avatar\/78fcb76ca05efae11fd355943c01a832a29786cc00d85b1a82c301bea2b2a214?s=96&d=mm&r=g","url":"https:\/\/secure.gravatar.com\/avatar\/78fcb76ca05efae11fd355943c01a832a29786cc00d85b1a82c301bea2b2a214?s=96&d=mm&r=g","contentUrl":"https:\/\/secure.gravatar.com\/avatar\/78fcb76ca05efae11fd355943c01a832a29786cc00d85b1a82c301bea2b2a214?s=96&d=mm&r=g","caption":"Universidad de O'Higgins"}}]}},"_links":{"self":[{"href":"https:\/\/www.uoh.cl\/extension\/wp-json\/wp\/v2\/posts\/3797","targetHints":{"allow":["GET"]}}],"collection":[{"href":"https:\/\/www.uoh.cl\/extension\/wp-json\/wp\/v2\/posts"}],"about":[{"href":"https:\/\/www.uoh.cl\/extension\/wp-json\/wp\/v2\/types\/post"}],"author":[{"embeddable":true,"href":"https:\/\/www.uoh.cl\/extension\/wp-json\/wp\/v2\/users\/34"}],"replies":[{"embeddable":true,"href":"https:\/\/www.uoh.cl\/extension\/wp-json\/wp\/v2\/comments?post=3797"}],"version-history":[{"count":0,"href":"https:\/\/www.uoh.cl\/extension\/wp-json\/wp\/v2\/posts\/3797\/revisions"}],"wp:featuredmedia":[{"embeddable":true,"href":"https:\/\/www.uoh.cl\/extension\/wp-json\/wp\/v2\/media\/3798"}],"wp:attachment":[{"href":"https:\/\/www.uoh.cl\/extension\/wp-json\/wp\/v2\/media?parent=3797"}],"wp:term":[{"taxonomy":"category","embeddable":true,"href":"https:\/\/www.uoh.cl\/extension\/wp-json\/wp\/v2\/categories?post=3797"},{"taxonomy":"post_tag","embeddable":true,"href":"https:\/\/www.uoh.cl\/extension\/wp-json\/wp\/v2\/tags?post=3797"}],"curies":[{"name":"wp","href":"https:\/\/api.w.org\/{rel}","templated":true}]}}