
{"id":2737,"date":"2024-04-19T12:54:31","date_gmt":"2024-04-22T15:54:31","guid":{"rendered":"https:\/\/www.uoh.cl\/extension\/podcast-ya-viene-yakarta-relatos-en-primera-persona-sobre-vidas-que-cambiaron-de-golpe\/"},"modified":"2024-04-22T13:50:11","modified_gmt":"2024-04-22T16:50:11","slug":"podcast-ya-viene-yakarta-relatos-en-primera-persona-sobre-vidas-que-cambiaron-de-golpe","status":"publish","type":"post","link":"https:\/\/www.uoh.cl\/extension\/podcast-ya-viene-yakarta-relatos-en-primera-persona-sobre-vidas-que-cambiaron-de-golpe","title":{"rendered":"Podcast \u201cYa viene Yakarta\u201d: relatos en primera persona sobre vidas que cambiaron de Golpe"},"content":{"rendered":"<div class=\"wpb-content-wrapper\"><p>[vc_section el_class=&#8221;container mx-auto align-items-center circle&#8211;pattern&#8221; css=&#8221;.vc_custom_1648956589196{padding-top: 3rem !important;}&#8221;][vc_row][vc_column]<div class=\"breadcrumb\"><ol itemscope itemtype=\"https:\/\/schema.org\/BreadcrumbList\"><li itemprop=\"itemListElement\" itemscope itemtype=\"https:\/\/schema.org\/ListItem\"><a itemprop=\"item\" href=\"http:\/\/www.uoh.cl\"><span itemprop=\"name\">Inicio<\/span><\/a><meta itemprop=\"position\" content=\"1\" \/><li itemprop=\"itemListElement\" itemscope itemtype=\"https:\/\/schema.org\/ListItem\"><a itemprop=\"item\" href=\"https:\/\/www.uoh.cl\/extension\"><span itemprop=\"name\">Direcci\u00f3n de Cultura Patrimonio y Extensi\u00f3n UOH<\/span><\/a><meta itemprop=\"position\" content=\"2\" \/><li itemprop=\"itemListElement\" itemscope itemtype=\"https:\/\/schema.org\/ListItem\"><a itemprop=\"item\" href=\"https:\/\/www.uoh.cl\/extension\/noticias\"><span itemprop=\"name\">Noticias<\/span><\/a><meta itemprop=\"position\" content=\"3\" \/><li itemprop=\"itemListElement\" itemscope itemtype=\"https:\/\/schema.org\/ListItem\"><span itemprop=\"name\">Podcast \u201cYa viene Yakarta\u201d: relatos en primera persona sobre vidas <\/span><meta itemprop=\"position\" content=\"4\" \/><\/ol><\/div><ul class=\"p-0 list-style-none d-inline-block\"><li class=\"p-0\"><a href=https:\/\/www.uoh.cl\/extension\/category\/institucional class=\"px-1 py-2\">Institucional<\/a><\/li><\/ul><div class=\"date_publish_post\"> \u25cf Vie 19 de Abril 2024<\/div><div class=\"uoh_title_component-container\"><h1 class=\"title title--ms d-inline-block title--decorator  big\">Podcast \u201cYa viene Yakarta\u201d: relatos en primera persona sobre vidas que cambiaron de Golpe<\/h1><\/div>[vc_row_inner el_class=&#8221;border-separator m-0&#8243;][vc_column_inner width=&#8221;2\/3&#8243;]<div class=\"author_wp_class\"> Escrito por <span>Universidad de O'Higgins<\/span><\/div>[\/vc_column_inner][vc_column_inner el_class=&#8221;align-items-end-publish&#8221; width=&#8221;1\/3&#8243;]<div class=\"uoh_social_network_component uoh_row col-12 justify-content-end m-0 p-0\"> <div class=\"icon__facebook-share-button\">\n                       <a href=\"https:\/\/www.facebook.com\/sharer\/sharer.php?u=https:\/\/www.uoh.cl\/extension\/podcast-ya-viene-yakarta-relatos-en-primera-persona-sobre-vidas-que-cambiaron-de-golpe\" target=\"_blank\"> <div class=\"icon__facebook-svg\"><svg version=\"1.1\" xmlns=\"http:\/\/www.w3.org\/2000\/svg\" xmlns:xlink=\"http:\/\/www.w3.org\/1999\/xlink\" x=\"0px\" y=\"0px\" width=\"22.4px\" height=\"48.3px\" viewBox=\"0 0 22.4 48.3\" style=\"overflow:visible;enable-background:new 0 0 22.4 48.3;\" xml:space=\"preserve\">\n                <defs>\n                <\/defs>\n                <path class=\"st0\" d=\"M22.4,15.6h-7.6v-5c0-1.9,1.2-2.3,2.1-2.3c0.9,0,5.4,0,5.4,0V0l-7.4,0C6.6,0,4.8,6.2,4.8,10.1v5.5H0v8.5h4.8\n                    c0,10.9,0,24.1,0,24.1h10c0,0,0-13.3,0-24.1h6.8L22.4,15.6z\"><\/path>\n                <\/svg><\/a><\/div>\n                    <\/div><div class=\"icon__twitter-share-button\">\n                        <div class=\"icon__twitter-svg\"><a target=\"_blank\" href=\"http:\/\/twitter.com\/share?url=https:\/\/www.uoh.cl\/extension\/podcast-ya-viene-yakarta-relatos-en-primera-persona-sobre-vidas-que-cambiaron-de-golpe\"><svg xmlns=\"http:\/\/www.w3.org\/2000\/svg\" height=\"1em\" viewBox=\"0 0 512 512\"><!--! Font Awesome Free 6.4.2 by @fontawesome - https:\/\/fontawesome.com License - https:\/\/fontawesome.com\/license (Commercial License) Copyright 2023 Fonticons, Inc. --><path d=\"M389.2 48h70.6L305.6 224.2 487 464H345L233.7 318.6 106.5 464H35.8L200.7 275.5 26.8 48H172.4L272.9 180.9 389.2 48zM364.4 421.8h39.1L151.1 88h-42L364.4 421.8z\"\/><\/svg><\/a><\/div>\n                        <\/div><div class=\"icon__linkedin-share-button\">\n                        <div class=\"icon__linkedin-svg\">\n                        <a target=\"__blank\" href=\"https:\/\/www.linkedin.com\/sharing\/share-offsite\/?url=https:\/\/www.uoh.cl\/extension\/podcast-ya-viene-yakarta-relatos-en-primera-persona-sobre-vidas-que-cambiaron-de-golpe\"><svg enable-background=\"new 0 0 100 100\" height=\"100px\" id=\"Layer_1\" version=\"1.1\" viewBox=\"0 0 100 100\" width=\"100px\" xml:space=\"preserve\" xmlns=\"http:\/\/www.w3.org\/2000\/svg\" xmlns:xlink=\"http:\/\/www.w3.org\/1999\/xlink\"><g><circle cx=\"50\" cy=\"50\" fill=\"#ccc\" r=\"45\"\/><g id=\"LinkedIn_1_\"><rect fill=\"#FFFFFF\" height=\"24.361\" width=\"7.69\" x=\"31.271\" y=\"43.569\"\/><path d=\"M59.968,43.334c-4.406,0-7.165,2.387-7.677,4.058v-3.823h-8.636c0.109,2.03,0,24.361,0,24.361h8.636    V54.748c0-0.733-0.034-1.465,0.19-1.991c0.594-1.464,1.869-2.985,4.162-2.985c2.998,0,4.361,2.253,4.361,5.552V67.93h8.721V54.384    C69.726,46.839,65.432,43.334,59.968,43.334z\" fill=\"#FFFFFF\"\/><path d=\"M34.973,32.069c-2.839,0-4.696,1.823-4.696,4.229c0,2.361,1.804,4.224,4.589,4.224h0.054    c2.891,0,4.69-1.869,4.69-4.229C39.555,33.888,37.81,32.069,34.973,32.069z\" fill=\"#FFFFFF\"\/><\/g><\/g><\/svg><\/a><\/div>\n\n            <\/div><\/div>[\/vc_column_inner][\/vc_row_inner][vc_single_image image=&#8221;32935&#8243; img_size=&#8221;full&#8221; add_caption=&#8221;yes&#8221; alignment=&#8221;center&#8221; onclick=&#8221;img_link_large&#8221; img_link_target=&#8221;_blank&#8221;][vc_column_text]\u00a0[\/vc_column_text][vc_column_text]<\/p>\n<ul>\n<li style=\"font-weight: 400\"><em>En diez episodios, este proyecto transporta a los oyentes hasta 1973, desde la Regi\u00f3n de O&#8217;Higgins, presentando experiencias de mujeres y disidencias sexuales y de g\u00e9nero que vivieron un cambio dr\u00e1stico en sus vidas durante el golpe c\u00edvico-militar.<\/em><\/li>\n<\/ul>\n<p>[\/vc_column_text][vc_column_text]\u00a0[\/vc_column_text][vc_column_text]<\/p>\n<p style=\"font-weight: 400\">\u201cQueda mucho por contar\u201d, asegura Iris, una de las protagonistas del\u00a0<a href=\"https:\/\/spoti.fi\/4aYBoj6\" data-saferedirecturl=\"https:\/\/www.google.com\/url?q=https:\/\/spoti.fi\/4aYBoj6&amp;source=gmail&amp;ust=1713877745667000&amp;usg=AOvVaw2yRCBjzchDBZOEZ8dnGEQ2\">Podcast \u201cYa Viene Yakarta\u201d<\/a>, proyecto que entrega relatos breves e impactantes, y explora historias invisibilizadas de 10 personas que vivieron los horrores de la dictadura c\u00edvico-militar que inici\u00f3 en septiembre de 1973.<\/p>\n<p style=\"font-weight: 400\">El proyecto fue presentado en el auditorio del Campus Rancagua de la\u00a0<a href=\"http:\/\/www.uoh.cl\/\" data-saferedirecturl=\"https:\/\/www.google.com\/url?q=http:\/\/www.uoh.cl\/&amp;source=gmail&amp;ust=1713877745667000&amp;usg=AOvVaw2adMAUawvcBy74PHSTxvaE\">Universidad de O\u2019Higgins<\/a>\u00a0(UOH) como una invitaci\u00f3n a la importancia de estar atentos a las se\u00f1ales y prever eventos que nadie busca que se repitan en Chile.<\/p>\n<p style=\"font-weight: 400\">\u201cPara m\u00ed es s\u00faper importante, porque demuestra que por fin est\u00e1 cayendo el velo de lo que son y fueron los presos pol\u00edticos de la dictadura en las comunas de la regi\u00f3n. Nunca se supo mucho, de all\u00ed la importancia de este trabajo\u201d, agrega Iris, quien ten\u00eda 15 a\u00f1os para dicho suceso, y que adem\u00e1s de su participaci\u00f3n en el podcast, estuvo presente en el lanzamiento de la iniciativa.<\/p>\n<p style=\"font-weight: 400\">La diputada Marcela Riquelme tambi\u00e9n es parte del podcast. En el cap\u00edtulo 3, titulado \u201c<a href=\"https:\/\/open.spotify.com\/episode\/2HbuDFS2k0TPnnbmm7hnBg?si=OrqF7zTpRrKidO6xexZgKQ\" data-saferedirecturl=\"https:\/\/www.google.com\/url?q=https:\/\/open.spotify.com\/episode\/2HbuDFS2k0TPnnbmm7hnBg?si%3DOrqF7zTpRrKidO6xexZgKQ&amp;source=gmail&amp;ust=1713877745667000&amp;usg=AOvVaw3f_YgkgevFHZnkj0uTMbIl\">Debajo de la alfombra<\/a>\u201d, entrega sus experiencias con la dictadura y c\u00f3mo este hecho terrible\u00a0cambi\u00f3\u00a0su vida. \u201cAgradezco la oportunidad de expresar aquello que muchos ten\u00edamos guardado. A todos nos cost\u00f3 el relato, pero el equipo tuvo esa sensibilidad de evocarnos la historia. Este contexto de los 50 a\u00f1os del golpe c\u00edvico-militar ha servido mucho para traer a la vida los recuerdos propios. Ha sido una experiencia grata el poder compartirlo\u201d, detalla la autoridad.<\/p>\n<p style=\"font-weight: 400\">El podcast producido por el Instituto de Altos Estudios Audiovisuales, la Direcci\u00f3n de Cultura, Patrimonio y Extensi\u00f3n, y el Laboratorio Regional de Estudios de G\u00e9nero, todos de la Universidad de O\u2019Higgins, se da en el marco de la conmemoraci\u00f3n de los 50 a\u00f1os del golpe de Estado c\u00edvico-militar.<\/p>\n<h4 style=\"font-weight: 400\"><strong>Una oportunidad \u00fanica<\/strong><\/h4>\n<p style=\"font-weight: 400\">El Prorrector de la Universidad de O\u2019Higgins, \u00c1lvaro Cabrera, destac\u00f3 que el podcast \u201cYa viene Yakarta\u201d se suma a una serie de iniciativas impulsadas por la UOH en el marco de la\u00a0conmemoraci\u00f3n\u00a0de los 50 a\u00f1os del golpe. \u201cEn su momento convocamos a la comunidad regional a hacernos llegar relatos, en primera persona, de su experiencia en el golpe de Estado y durante la dictadura en O\u2019Higgins;\u00a0\u00a0\u00a0\u00a0\u00a0\u00a0relatos con los que pudimos armar una exhibici\u00f3n, y que esperamos -en alg\u00fan momento- poder editar y publicar. Tambi\u00e9n la Universidad ha tenido un rol activo liderando el dise\u00f1o del memorial conmemorativo de la ex c\u00e1rcel de Rancagua, donde esperamos se genere un espacio de reflexi\u00f3n y memoria. Tambi\u00e9n surgi\u00f3 un documental sobre la ex c\u00e1rcel de San Fernando, declarada\u00a0primer sitio\u00a0de memoria\u00a0de la regi\u00f3n, donde pudimos difundir la historia de ese lugar y de quienes fueron v\u00edctimas de violaciones a los derechos humanos\u201d, puntualiz\u00f3.<\/p>\n<p style=\"font-weight: 400\">La directora de Cultura, Patrimonio y Extensi\u00f3n UOH, Clemencia Gonz\u00e1lez, destac\u00f3 durante el lanzamiento que se trata del resultado de una colaboraci\u00f3n muy fruct\u00edfera entre diversos actores de la Universidad. \u201cEste podcast surge de la necesidad de revisitar y reinterpretar nuestra historia reciente, espec\u00edficamente el periodo de la dictadura c\u00edvico-militar. El proyecto ofrece una plataforma para las voces de mujeres y disidencias sexuales y de g\u00e9nero que vivieron cambios dr\u00e1sticos y traum\u00e1ticos en su vida durante este periodo\u201d, explica.<\/p>\n<p style=\"font-weight: 400\">\u201cYa viene Yakarta, nos recuerda la importancia de estar atentos a las se\u00f1ales, a entender las din\u00e1micas que pueden llevar a la exclusi\u00f3n, la discriminaci\u00f3n y, en \u00faltima instancia, a la violencia\u201d, a\u00f1ade.<\/p>\n<p style=\"font-weight: 400\">Asimismo, Ricardo Carrasco, director del IEA, detall\u00f3 que \u201cpara nosotros, este proyecto \u2013como Instituto de Altos Estudios Audiovisuales- represent\u00f3 un desaf\u00edo significativo. Estamos acostumbrados a narrar historias con im\u00e1genes, pero en este caso debimos prescindir de ellas y concentrarnos en crear pel\u00edculas sonoras. No es solamente grabar y transmitirlo, se trata de crear un ambiente a trav\u00e9s del sonido e ir recreando la historia que se cuenta\u201d.<\/p>\n<p style=\"font-weight: 400\">Para la directora del Laboratorio Regional de Estudios de G\u00e9nero UOH, Roc\u00edo Angulo, el material puesto a disposici\u00f3n de la regi\u00f3n y el pa\u00eds tiene un important\u00edsimo valor patrimonial, al registrar testimonios de personas que, desde una perspectiva no hegem\u00f3nica y sensibilidades distintas, dan informaci\u00f3n importante para entender un momento fundamental de la historia chilena.<\/p>\n<p style=\"font-weight: 400\">\u201cEstas voces, demasiadas veces invisibilizadas, nos hablan tambi\u00e9n de la importancia de no cometer los mismos errores, no ya en el futuro sino en un presente que muestra con cada vez m\u00e1s fuerza una contra-reacci\u00f3n al avance de los derechos y libertades de todas aquellas personas que se atreven a vivir de formas alternativas a lo establecido\u201d, culmina.<\/p>\n<p>[\/vc_column_text][vc_zigzag color=&#8221;white&#8221;][vc_row_inner][vc_column_inner width=&#8221;1\/2&#8243;][vc_single_image image=&#8221;32936&#8243; img_size=&#8221;600&#215;350&#8243; onclick=&#8221;link_image&#8221;][\/vc_column_inner][vc_column_inner width=&#8221;1\/2&#8243;][vc_single_image image=&#8221;32937&#8243; img_size=&#8221;600&#215;350&#8243; onclick=&#8221;link_image&#8221;][\/vc_column_inner][\/vc_row_inner][vc_zigzag color=&#8221;white&#8221;][\/vc_column][\/vc_row][vc_row][vc_column]<div class=\"uoh_title_component-container\"><h2 class=\"title title--ms d-inline-block title--decorator  medium\">Escucha el podcast aqu\u00ed<\/h2><\/div>[vc_raw_html]JTNDaWZyYW1lJTIwc3R5bGUlM0QlMjJib3JkZXItcmFkaXVzJTNBMTJweCUyMiUyMHNyYyUzRCUyMmh0dHBzJTNBJTJGJTJGb3Blbi5zcG90aWZ5LmNvbSUyRmVtYmVkJTJGc2hvdyUyRjR2NDcyTk1TR0xrdHlHQVNmdjM0SFElM0Z1dG1fc291cmNlJTNEZ2VuZXJhdG9yJTIyJTIwd2lkdGglM0QlMjIxMDAlMjUlMjIlMjBoZWlnaHQlM0QlMjIzNTIlMjIlMjBmcmFtZUJvcmRlciUzRCUyMjAlMjIlMjBhbGxvd2Z1bGxzY3JlZW4lM0QlMjIlMjIlMjBhbGxvdyUzRCUyMmF1dG9wbGF5JTNCJTIwY2xpcGJvYXJkLXdyaXRlJTNCJTIwZW5jcnlwdGVkLW1lZGlhJTNCJTIwZnVsbHNjcmVlbiUzQiUyMHBpY3R1cmUtaW4tcGljdHVyZSUyMiUyMGxvYWRpbmclM0QlMjJsYXp5JTIyJTNFJTNDJTJGaWZyYW1lJTNF[\/vc_raw_html][\/vc_column][\/vc_row][\/vc_section][vc_section css=&#8221;.vc_custom_1650255686594{background-color: #f6faff !important;}&#8221; el_class=&#8221;p-md-0 pt-md-5&#8243;][vc_row el_class=&#8221;container mx-auto align-items-center p-md-0 pt-5 pb-5&#8243;][vc_column el_class=&#8221;pb-5&#8243;][vc_row_inner el_class=&#8221;pb-5&#8243;][vc_column_inner]<div class=\"row m-0 p-0\"><div class=\"col-12 col-md-9 pt-5 pt-md-0\"><h2 class=\"title title--decorator title--ms d-inline-block\">Te Recomendamos<\/h2><\/div><\/div><div class=\"content-holder\"><div class=\"row  swipper-news-list not--activate-hack \"><div class=\"row -wrapper\"><div class=\"  col-sm-6 col-md-4 img-article\">\n                                        <div class=\"content-news-display row m-0 p-0\"><div class=\"holder p-0 \"><div class=\"img-wrap img-wrap-news\">\n                                        <div class=\"caption__news-category\">\n                                        <a href=\"https:\/\/www.uoh.cl\/extension\/category\/institucional\">\n                                        Institucional<\/a><\/div><img decoding=\"async\" class=\"w-100 h-100 lazyload\" data-src=\"https:\/\/www.uoh.cl\/extension\/wp-content\/uploads\/sites\/14\/2026\/04\/Inauguracion-Ano-Academico-2026-6.jpg\" alt=\"Reflexi\u00f3n universitaria: UOH inaugura A\u00f1o Acad\u00e9mico 2026 pensando en los desaf\u00edos de la Educaci\u00f3n Superior\" style=\"--smush-placeholder-width: 1500px; --smush-placeholder-aspect-ratio: 1500\/1000;object-fit: cover; object-position: center;\" src=\"data:image\/svg+xml;base64,PHN2ZyB3aWR0aD0iMSIgaGVpZ2h0PSIxIiB4bWxucz0iaHR0cDovL3d3dy53My5vcmcvMjAwMC9zdmciPjwvc3ZnPg==\"><\/div><\/div><div class=\"caption py-3 caption__news py-md-3 pb-md-5\">\n                                    <span class=\"caption__date\">Mi\u00e9rcoles 29, Abril<\/span>\n                                     <a href=\"https:\/\/www.uoh.cl\/extension\/reflexion-universitaria-uoh-inaugura-ano-academico-2026-pensando-en-los-desafios-de-la-educacion-superior\">\n                                    <h3 class=\"small-space\">Reflexi\u00f3n universitaria: UOH inaugura A\u00f1o Acad\u00e9mico 2026 pensando en los desaf\u00edos de la Educaci\u00f3n Superior<\/h3><\/a>\n\n                                    <p>La ceremonia promovi\u00f3 el an\u00e1lisis acerca de los cambios educativos que se avecinan dentro de los procesos de formaci\u00f3n universitaria ajustados a contextos digitales.   <\/p>\n                                    <a class=\"link link--bold mt-md-3\" href=\"https:\/\/www.uoh.cl\/extension\/reflexion-universitaria-uoh-inaugura-ano-academico-2026-pensando-en-los-desafios-de-la-educacion-superior\">Saber m\u00e1s <span class=\"icon icon--inline icon--link\"><svg version=\"1.1\" xmlns=\"http:\/\/www.w3.org\/2000\/svg\" xmlns:xlink=\"http:\/\/www.w3.org\/1999\/xlink\" x=\"0px\" y=\"0px\" width=\"22px\"height=\"22px\" viewBox=\"0 0 22 22\" style=\"overflow:visible;enable-background:new 0 0 80 64.6;\" xml:space=\"preserve\"><g clip-path=\"url(#acA)\"><path fill-rule=\"evenodd\" d=\"M21.913 11.266a.93.93 0 000-.711c-.022-.056-.063-.097-.091-.144s-.053-.103-.097-.15L12.306.294c-.357-.379-.955-.394-1.334-.038s-.394.955-.038 1.334l7.917 8.374H.927a.95.95 0 00-.908.983.946.946 0 00.908.908h17.924l-8.089 8.552c-.357.379-.341.977.034 1.334s.977.341 1.334-.034l9.594-10.148c.044-.044.063-.1.097-.15.028-.047.069-.088.091-.141z\"\/><\/g><defs><clipPath id=\"acA\"><path fill=\"#fff\" d=\"M0 0h22v22H0z\"\/><\/clipPath><\/defs><\/svg><\/span><\/a><\/div><\/div><\/div><div class=\"  col-sm-6 col-md-4 img-article\">\n                                        <div class=\"content-news-display row m-0 p-0\"><div class=\"holder p-0 \"><div class=\"img-wrap img-wrap-news\">\n                                        <div class=\"caption__news-category\">\n                                        <a href=\"https:\/\/www.uoh.cl\/extension\/category\/cuech\">\n                                        CUECH<\/a><\/div><img decoding=\"async\" class=\"w-100 h-100 lazyload\" data-src=\"https:\/\/www.uoh.cl\/extension\/wp-content\/uploads\/sites\/14\/2026\/04\/DSC_2431-scaled.jpg\" alt=\"Universidades estatales sellan hoja de ruta 2030: Red Desarrollo Sustentable entra en fase de consolidaci\u00f3n\" style=\"--smush-placeholder-width: 2560px; --smush-placeholder-aspect-ratio: 2560\/1707;object-fit: cover; object-position: center;\" src=\"data:image\/svg+xml;base64,PHN2ZyB3aWR0aD0iMSIgaGVpZ2h0PSIxIiB4bWxucz0iaHR0cDovL3d3dy53My5vcmcvMjAwMC9zdmciPjwvc3ZnPg==\"><\/div><\/div><div class=\"caption py-3 caption__news py-md-3 pb-md-5\">\n                                    <span class=\"caption__date\">Mi\u00e9rcoles 15, Abril<\/span>\n                                     <a href=\"https:\/\/www.uoh.cl\/extension\/universidades-estatales-sellan-hoja-de-ruta-2030-red-desarrollo-sustentable-entra-en-fase-de-consolidacion\">\n                                    <h3 class=\"small-space\">Universidades estatales sellan hoja de ruta 2030: Red Desarrollo Sustentable entra en fase de consolidaci\u00f3n<\/h3><\/a>\n\n                                    <p>En el Plenario realizado en la Universidad de O'Higgins, los 18 planteles p\u00fablicos definieron sus metas estrat\u00e9gicas para el periodo 2026-2030. El plan priorizar\u00e1 la institucionalizaci\u00f3n de capacidades, un diplomado para organismos p\u00fablicos y la medici\u00f3n de la huella h\u00eddrica en los campus.<\/p>\n                                    <a class=\"link link--bold mt-md-3\" href=\"https:\/\/www.uoh.cl\/extension\/universidades-estatales-sellan-hoja-de-ruta-2030-red-desarrollo-sustentable-entra-en-fase-de-consolidacion\">Saber m\u00e1s <span class=\"icon icon--inline icon--link\"><svg version=\"1.1\" xmlns=\"http:\/\/www.w3.org\/2000\/svg\" xmlns:xlink=\"http:\/\/www.w3.org\/1999\/xlink\" x=\"0px\" y=\"0px\" width=\"22px\"height=\"22px\" viewBox=\"0 0 22 22\" style=\"overflow:visible;enable-background:new 0 0 80 64.6;\" xml:space=\"preserve\"><g clip-path=\"url(#acA)\"><path fill-rule=\"evenodd\" d=\"M21.913 11.266a.93.93 0 000-.711c-.022-.056-.063-.097-.091-.144s-.053-.103-.097-.15L12.306.294c-.357-.379-.955-.394-1.334-.038s-.394.955-.038 1.334l7.917 8.374H.927a.95.95 0 00-.908.983.946.946 0 00.908.908h17.924l-8.089 8.552c-.357.379-.341.977.034 1.334s.977.341 1.334-.034l9.594-10.148c.044-.044.063-.1.097-.15.028-.047.069-.088.091-.141z\"\/><\/g><defs><clipPath id=\"acA\"><path fill=\"#fff\" d=\"M0 0h22v22H0z\"\/><\/clipPath><\/defs><\/svg><\/span><\/a><\/div><\/div><\/div><div class=\"  col-sm-6 col-md-4 img-article\">\n                                        <div class=\"content-news-display row m-0 p-0\"><div class=\"holder p-0 \"><div class=\"img-wrap img-wrap-news\">\n                                        <div class=\"caption__news-category\">\n                                        <a href=\"https:\/\/www.uoh.cl\/extension\/category\/extension\">\n                                        Extensi\u00f3n<\/a><\/div><img decoding=\"async\" class=\"w-100 h-100 lazyload\" data-src=\"https:\/\/www.uoh.cl\/extension\/wp-content\/uploads\/sites\/14\/2026\/03\/Visita-Cultural-Expo-Mimbre-Chimbarongo-15-scaled.jpg\" alt=\"Artesan\u00eda, patrimonio y paisaje marcaron el inicio de las Visitas Culturales 2026 de la Universidad de O\u2019Higgins\" style=\"--smush-placeholder-width: 2560px; --smush-placeholder-aspect-ratio: 2560\/1707;object-fit: cover; object-position: center;\" src=\"data:image\/svg+xml;base64,PHN2ZyB3aWR0aD0iMSIgaGVpZ2h0PSIxIiB4bWxucz0iaHR0cDovL3d3dy53My5vcmcvMjAwMC9zdmciPjwvc3ZnPg==\"><\/div><\/div><div class=\"caption py-3 caption__news py-md-3 pb-md-5\">\n                                    <span class=\"caption__date\">Lunes 23, Marzo<\/span>\n                                     <a href=\"https:\/\/www.uoh.cl\/extension\/artesania-patrimonio-y-paisaje-marcaron-el-inicio-de-las-visitas-culturales-2026-de-la-universidad-de-ohiggins\">\n                                    <h3 class=\"small-space\">Artesan\u00eda, patrimonio y paisaje marcaron el inicio de las Visitas Culturales 2026 de la Universidad de O\u2019Higgins<\/h3><\/a>\n\n                                    <p>La iniciativa busca acercar a la comunidad a experiencias que destacan la identidad cultural, el patrimonio y las tradiciones de diferentes localidades de la regi\u00f3n.<\/p>\n                                    <a class=\"link link--bold mt-md-3\" href=\"https:\/\/www.uoh.cl\/extension\/artesania-patrimonio-y-paisaje-marcaron-el-inicio-de-las-visitas-culturales-2026-de-la-universidad-de-ohiggins\">Saber m\u00e1s <span class=\"icon icon--inline icon--link\"><svg version=\"1.1\" xmlns=\"http:\/\/www.w3.org\/2000\/svg\" xmlns:xlink=\"http:\/\/www.w3.org\/1999\/xlink\" x=\"0px\" y=\"0px\" width=\"22px\"height=\"22px\" viewBox=\"0 0 22 22\" style=\"overflow:visible;enable-background:new 0 0 80 64.6;\" xml:space=\"preserve\"><g clip-path=\"url(#acA)\"><path fill-rule=\"evenodd\" d=\"M21.913 11.266a.93.93 0 000-.711c-.022-.056-.063-.097-.091-.144s-.053-.103-.097-.15L12.306.294c-.357-.379-.955-.394-1.334-.038s-.394.955-.038 1.334l7.917 8.374H.927a.95.95 0 00-.908.983.946.946 0 00.908.908h17.924l-8.089 8.552c-.357.379-.341.977.034 1.334s.977.341 1.334-.034l9.594-10.148c.044-.044.063-.1.097-.15.028-.047.069-.088.091-.141z\"\/><\/g><defs><clipPath id=\"acA\"><path fill=\"#fff\" d=\"M0 0h22v22H0z\"\/><\/clipPath><\/defs><\/svg><\/span><\/a><\/div><\/div><\/div><\/div><\/div><\/div><div class=\"pagination justify-content-center my-5\"><span aria-current=\"page\" class=\"page-numbers current\">1<\/span>\n<a class=\"page-numbers\" href=\"https:\/\/www.uoh.cl\/extension\/wp-json\/wp\/v2\/posts\/2737\/page\/2\">2<\/a>\n<a class=\"page-numbers\" href=\"https:\/\/www.uoh.cl\/extension\/wp-json\/wp\/v2\/posts\/2737\/page\/3\">3<\/a>\n<span class=\"page-numbers dots\">&hellip;<\/span>\n<a class=\"page-numbers\" href=\"https:\/\/www.uoh.cl\/extension\/wp-json\/wp\/v2\/posts\/2737\/page\/103\">103<\/a>\n<a class=\"next page-numbers\" href=\"https:\/\/www.uoh.cl\/extension\/wp-json\/wp\/v2\/posts\/2737\/page\/2\"><div class=\"icon-pagination-next\"> <?xml version=\"1.0\" ?><svg viewBox=\"0 0 96 96\" xmlns=\"http:\/\/www.w3.org\/2000\/svg\"><title\/><path d=\"M39.3756,48.0022l30.47-25.39a6.0035,6.0035,0,0,0-7.6878-9.223L26.1563,43.3906a6.0092,6.0092,0,0,0,0,9.2231L62.1578,82.615a6.0035,6.0035,0,0,0,7.6878-9.2231Z\"\/><\/svg> <\/div><\/a><\/div>[\/vc_column_inner][\/vc_row_inner][\/vc_column][\/vc_row][\/vc_section]<\/p>\n<\/div>","protected":false},"excerpt":{"rendered":"<p>En diez episodios, este proyecto transporta a los oyentes hasta 1973, desde la Regi\u00f3n de O&#8217;Higgins, presentando experiencias de mujeres y disidencias sexuales y de g\u00e9nero que vivieron un cambio dr\u00e1stico en sus vidas durante el golpe c\u00edvico-militar.<\/p>\n","protected":false},"author":34,"featured_media":2742,"comment_status":"open","ping_status":"open","sticky":false,"template":"","format":"standard","meta":{"_acf_changed":false,"footnotes":""},"categories":[8],"tags":[],"class_list":["post-2737","post","type-post","status-publish","format-standard","has-post-thumbnail","hentry","category-institucional"],"acf":[],"yoast_head":"<!-- This site is optimized with the Yoast SEO plugin v26.6 - https:\/\/yoast.com\/wordpress\/plugins\/seo\/ -->\n<title>Podcast \u201cYa viene Yakarta\u201d: relatos en primera persona sobre vidas que cambiaron de Golpe - Direcci\u00f3n de Cultura Patrimonio y Extensi\u00f3n UOH<\/title>\n<meta name=\"description\" content=\"En diez episodios, este proyecto transporta a los oyentes hasta 1973, desde la Regi\u00f3n de O&#039;Higgins, presentando experiencias de mujeres y disidencias sexuales y de g\u00e9nero que vivieron un cambio dr\u00e1stico en sus vidas durante el golpe c\u00edvico-militar.\" \/>\n<meta name=\"robots\" content=\"noindex, nofollow\" \/>\n<meta property=\"og:locale\" content=\"es_ES\" \/>\n<meta property=\"og:type\" content=\"article\" \/>\n<meta property=\"og:title\" content=\"Podcast \u201cYa viene Yakarta\u201d: relatos en primera persona sobre vidas que cambiaron de Golpe - Direcci\u00f3n de Cultura Patrimonio y Extensi\u00f3n UOH\" \/>\n<meta property=\"og:description\" content=\"En diez episodios, este proyecto transporta a los oyentes hasta 1973, desde la Regi\u00f3n de O&#039;Higgins, presentando experiencias de mujeres y disidencias sexuales y de g\u00e9nero que vivieron un cambio dr\u00e1stico en sus vidas durante el golpe c\u00edvico-militar.\" \/>\n<meta property=\"og:url\" content=\"https:\/\/www.uoh.cl\/extension\/podcast-ya-viene-yakarta-relatos-en-primera-persona-sobre-vidas-que-cambiaron-de-golpe\" \/>\n<meta property=\"og:site_name\" content=\"Direcci\u00f3n de Cultura Patrimonio y Extensi\u00f3n UOH\" \/>\n<meta property=\"article:published_time\" content=\"2024-04-22T15:54:31+00:00\" \/>\n<meta property=\"article:modified_time\" content=\"2024-04-22T16:50:11+00:00\" \/>\n<meta property=\"og:image\" content=\"https:\/\/www.uoh.cl\/extension\/wp-content\/uploads\/sites\/14\/2024\/04\/YAKARTA_Portada.jpg\" \/>\n\t<meta property=\"og:image:width\" content=\"1512\" \/>\n\t<meta property=\"og:image:height\" content=\"1512\" \/>\n\t<meta property=\"og:image:type\" content=\"image\/jpeg\" \/>\n<meta name=\"author\" content=\"Universidad de O&#039;Higgins\" \/>\n<meta name=\"twitter:card\" content=\"summary_large_image\" \/>\n<meta name=\"twitter:label1\" content=\"Escrito por\" \/>\n\t<meta name=\"twitter:data1\" content=\"Universidad de O&#039;Higgins\" \/>\n\t<meta name=\"twitter:label2\" content=\"Tiempo estimado de lectura\" \/>\n\t<meta name=\"twitter:data2\" content=\"5 minutos\" \/>\n<script type=\"application\/ld+json\" class=\"yoast-schema-graph\">{\"@context\":\"https:\/\/schema.org\",\"@graph\":[{\"@type\":\"WebPage\",\"@id\":\"https:\/\/www.uoh.cl\/extension\/podcast-ya-viene-yakarta-relatos-en-primera-persona-sobre-vidas-que-cambiaron-de-golpe\",\"url\":\"https:\/\/www.uoh.cl\/extension\/podcast-ya-viene-yakarta-relatos-en-primera-persona-sobre-vidas-que-cambiaron-de-golpe\",\"name\":\"Podcast \u201cYa viene Yakarta\u201d: relatos en primera persona sobre vidas que cambiaron de Golpe - Direcci\u00f3n de Cultura Patrimonio y Extensi\u00f3n UOH\",\"isPartOf\":{\"@id\":\"https:\/\/www.uoh.cl\/extension\/#website\"},\"primaryImageOfPage\":{\"@id\":\"https:\/\/www.uoh.cl\/extension\/podcast-ya-viene-yakarta-relatos-en-primera-persona-sobre-vidas-que-cambiaron-de-golpe#primaryimage\"},\"image\":{\"@id\":\"https:\/\/www.uoh.cl\/extension\/podcast-ya-viene-yakarta-relatos-en-primera-persona-sobre-vidas-que-cambiaron-de-golpe#primaryimage\"},\"thumbnailUrl\":\"https:\/\/www.uoh.cl\/extension\/wp-content\/uploads\/sites\/14\/2024\/04\/YAKARTA_Portada.jpg\",\"datePublished\":\"2024-04-22T15:54:31+00:00\",\"dateModified\":\"2024-04-22T16:50:11+00:00\",\"author\":{\"@id\":\"https:\/\/www.uoh.cl\/extension\/#\/schema\/person\/ea242e676c7d6d7e46fc8b9e39486c4f\"},\"description\":\"En diez episodios, este proyecto transporta a los oyentes hasta 1973, desde la Regi\u00f3n de O'Higgins, presentando experiencias de mujeres y disidencias sexuales y de g\u00e9nero que vivieron un cambio dr\u00e1stico en sus vidas durante el golpe c\u00edvico-militar.\",\"inLanguage\":\"es-CL\",\"potentialAction\":[{\"@type\":\"ReadAction\",\"target\":[\"https:\/\/www.uoh.cl\/extension\/podcast-ya-viene-yakarta-relatos-en-primera-persona-sobre-vidas-que-cambiaron-de-golpe\"]}]},{\"@type\":\"ImageObject\",\"inLanguage\":\"es-CL\",\"@id\":\"https:\/\/www.uoh.cl\/extension\/podcast-ya-viene-yakarta-relatos-en-primera-persona-sobre-vidas-que-cambiaron-de-golpe#primaryimage\",\"url\":\"https:\/\/www.uoh.cl\/extension\/wp-content\/uploads\/sites\/14\/2024\/04\/YAKARTA_Portada.jpg\",\"contentUrl\":\"https:\/\/www.uoh.cl\/extension\/wp-content\/uploads\/sites\/14\/2024\/04\/YAKARTA_Portada.jpg\",\"width\":1512,\"height\":1512},{\"@type\":\"WebSite\",\"@id\":\"https:\/\/www.uoh.cl\/extension\/#website\",\"url\":\"https:\/\/www.uoh.cl\/extension\/\",\"name\":\"Direcci\u00f3n de Cultura Patrimonio y Extensi\u00f3n UOH\",\"description\":\"Otro sitio de Sitios de Universidad O&#039;higgins\",\"potentialAction\":[{\"@type\":\"SearchAction\",\"target\":{\"@type\":\"EntryPoint\",\"urlTemplate\":\"https:\/\/www.uoh.cl\/extension\/?s={search_term_string}\"},\"query-input\":{\"@type\":\"PropertyValueSpecification\",\"valueRequired\":true,\"valueName\":\"search_term_string\"}}],\"inLanguage\":\"es-CL\"},{\"@type\":\"Person\",\"@id\":\"https:\/\/www.uoh.cl\/extension\/#\/schema\/person\/ea242e676c7d6d7e46fc8b9e39486c4f\",\"name\":\"Universidad de O'Higgins\",\"image\":{\"@type\":\"ImageObject\",\"inLanguage\":\"es-CL\",\"@id\":\"https:\/\/www.uoh.cl\/extension\/#\/schema\/person\/image\/\",\"url\":\"https:\/\/secure.gravatar.com\/avatar\/78fcb76ca05efae11fd355943c01a832a29786cc00d85b1a82c301bea2b2a214?s=96&d=mm&r=g\",\"contentUrl\":\"https:\/\/secure.gravatar.com\/avatar\/78fcb76ca05efae11fd355943c01a832a29786cc00d85b1a82c301bea2b2a214?s=96&d=mm&r=g\",\"caption\":\"Universidad de O'Higgins\"}}]}<\/script>\n<!-- \/ Yoast SEO plugin. -->","yoast_head_json":{"title":"Podcast \u201cYa viene Yakarta\u201d: relatos en primera persona sobre vidas que cambiaron de Golpe - Direcci\u00f3n de Cultura Patrimonio y Extensi\u00f3n UOH","description":"En diez episodios, este proyecto transporta a los oyentes hasta 1973, desde la Regi\u00f3n de O'Higgins, presentando experiencias de mujeres y disidencias sexuales y de g\u00e9nero que vivieron un cambio dr\u00e1stico en sus vidas durante el golpe c\u00edvico-militar.","robots":{"index":"noindex","follow":"nofollow"},"og_locale":"es_ES","og_type":"article","og_title":"Podcast \u201cYa viene Yakarta\u201d: relatos en primera persona sobre vidas que cambiaron de Golpe - Direcci\u00f3n de Cultura Patrimonio y Extensi\u00f3n UOH","og_description":"En diez episodios, este proyecto transporta a los oyentes hasta 1973, desde la Regi\u00f3n de O'Higgins, presentando experiencias de mujeres y disidencias sexuales y de g\u00e9nero que vivieron un cambio dr\u00e1stico en sus vidas durante el golpe c\u00edvico-militar.","og_url":"https:\/\/www.uoh.cl\/extension\/podcast-ya-viene-yakarta-relatos-en-primera-persona-sobre-vidas-que-cambiaron-de-golpe","og_site_name":"Direcci\u00f3n de Cultura Patrimonio y Extensi\u00f3n UOH","article_published_time":"2024-04-22T15:54:31+00:00","article_modified_time":"2024-04-22T16:50:11+00:00","og_image":[{"width":1512,"height":1512,"url":"https:\/\/www.uoh.cl\/extension\/wp-content\/uploads\/sites\/14\/2024\/04\/YAKARTA_Portada.jpg","type":"image\/jpeg"}],"author":"Universidad de O'Higgins","twitter_card":"summary_large_image","twitter_misc":{"Escrito por":"Universidad de O'Higgins","Tiempo estimado de lectura":"5 minutos"},"schema":{"@context":"https:\/\/schema.org","@graph":[{"@type":"WebPage","@id":"https:\/\/www.uoh.cl\/extension\/podcast-ya-viene-yakarta-relatos-en-primera-persona-sobre-vidas-que-cambiaron-de-golpe","url":"https:\/\/www.uoh.cl\/extension\/podcast-ya-viene-yakarta-relatos-en-primera-persona-sobre-vidas-que-cambiaron-de-golpe","name":"Podcast \u201cYa viene Yakarta\u201d: relatos en primera persona sobre vidas que cambiaron de Golpe - Direcci\u00f3n de Cultura Patrimonio y Extensi\u00f3n UOH","isPartOf":{"@id":"https:\/\/www.uoh.cl\/extension\/#website"},"primaryImageOfPage":{"@id":"https:\/\/www.uoh.cl\/extension\/podcast-ya-viene-yakarta-relatos-en-primera-persona-sobre-vidas-que-cambiaron-de-golpe#primaryimage"},"image":{"@id":"https:\/\/www.uoh.cl\/extension\/podcast-ya-viene-yakarta-relatos-en-primera-persona-sobre-vidas-que-cambiaron-de-golpe#primaryimage"},"thumbnailUrl":"https:\/\/www.uoh.cl\/extension\/wp-content\/uploads\/sites\/14\/2024\/04\/YAKARTA_Portada.jpg","datePublished":"2024-04-22T15:54:31+00:00","dateModified":"2024-04-22T16:50:11+00:00","author":{"@id":"https:\/\/www.uoh.cl\/extension\/#\/schema\/person\/ea242e676c7d6d7e46fc8b9e39486c4f"},"description":"En diez episodios, este proyecto transporta a los oyentes hasta 1973, desde la Regi\u00f3n de O'Higgins, presentando experiencias de mujeres y disidencias sexuales y de g\u00e9nero que vivieron un cambio dr\u00e1stico en sus vidas durante el golpe c\u00edvico-militar.","inLanguage":"es-CL","potentialAction":[{"@type":"ReadAction","target":["https:\/\/www.uoh.cl\/extension\/podcast-ya-viene-yakarta-relatos-en-primera-persona-sobre-vidas-que-cambiaron-de-golpe"]}]},{"@type":"ImageObject","inLanguage":"es-CL","@id":"https:\/\/www.uoh.cl\/extension\/podcast-ya-viene-yakarta-relatos-en-primera-persona-sobre-vidas-que-cambiaron-de-golpe#primaryimage","url":"https:\/\/www.uoh.cl\/extension\/wp-content\/uploads\/sites\/14\/2024\/04\/YAKARTA_Portada.jpg","contentUrl":"https:\/\/www.uoh.cl\/extension\/wp-content\/uploads\/sites\/14\/2024\/04\/YAKARTA_Portada.jpg","width":1512,"height":1512},{"@type":"WebSite","@id":"https:\/\/www.uoh.cl\/extension\/#website","url":"https:\/\/www.uoh.cl\/extension\/","name":"Direcci\u00f3n de Cultura Patrimonio y Extensi\u00f3n UOH","description":"Otro sitio de Sitios de Universidad O&#039;higgins","potentialAction":[{"@type":"SearchAction","target":{"@type":"EntryPoint","urlTemplate":"https:\/\/www.uoh.cl\/extension\/?s={search_term_string}"},"query-input":{"@type":"PropertyValueSpecification","valueRequired":true,"valueName":"search_term_string"}}],"inLanguage":"es-CL"},{"@type":"Person","@id":"https:\/\/www.uoh.cl\/extension\/#\/schema\/person\/ea242e676c7d6d7e46fc8b9e39486c4f","name":"Universidad de O'Higgins","image":{"@type":"ImageObject","inLanguage":"es-CL","@id":"https:\/\/www.uoh.cl\/extension\/#\/schema\/person\/image\/","url":"https:\/\/secure.gravatar.com\/avatar\/78fcb76ca05efae11fd355943c01a832a29786cc00d85b1a82c301bea2b2a214?s=96&d=mm&r=g","contentUrl":"https:\/\/secure.gravatar.com\/avatar\/78fcb76ca05efae11fd355943c01a832a29786cc00d85b1a82c301bea2b2a214?s=96&d=mm&r=g","caption":"Universidad de O'Higgins"}}]}},"_links":{"self":[{"href":"https:\/\/www.uoh.cl\/extension\/wp-json\/wp\/v2\/posts\/2737","targetHints":{"allow":["GET"]}}],"collection":[{"href":"https:\/\/www.uoh.cl\/extension\/wp-json\/wp\/v2\/posts"}],"about":[{"href":"https:\/\/www.uoh.cl\/extension\/wp-json\/wp\/v2\/types\/post"}],"author":[{"embeddable":true,"href":"https:\/\/www.uoh.cl\/extension\/wp-json\/wp\/v2\/users\/34"}],"replies":[{"embeddable":true,"href":"https:\/\/www.uoh.cl\/extension\/wp-json\/wp\/v2\/comments?post=2737"}],"version-history":[{"count":2,"href":"https:\/\/www.uoh.cl\/extension\/wp-json\/wp\/v2\/posts\/2737\/revisions"}],"predecessor-version":[{"id":2741,"href":"https:\/\/www.uoh.cl\/extension\/wp-json\/wp\/v2\/posts\/2737\/revisions\/2741"}],"wp:featuredmedia":[{"embeddable":true,"href":"https:\/\/www.uoh.cl\/extension\/wp-json\/wp\/v2\/media\/2742"}],"wp:attachment":[{"href":"https:\/\/www.uoh.cl\/extension\/wp-json\/wp\/v2\/media?parent=2737"}],"wp:term":[{"taxonomy":"category","embeddable":true,"href":"https:\/\/www.uoh.cl\/extension\/wp-json\/wp\/v2\/categories?post=2737"},{"taxonomy":"post_tag","embeddable":true,"href":"https:\/\/www.uoh.cl\/extension\/wp-json\/wp\/v2\/tags?post=2737"}],"curies":[{"name":"wp","href":"https:\/\/api.w.org\/{rel}","templated":true}]}}