
{"id":2239,"date":"2024-01-22T14:00:32","date_gmt":"2024-01-22T17:00:32","guid":{"rendered":"https:\/\/www.uoh.cl\/extension\/uoh-anuncia-programa-de-fortalecimiento-para-las-organizaciones-culturales-comunitarias-de-la-region-y-desarrollo-de-cursos-de-extension-2024\/"},"modified":"2024-01-22T14:00:32","modified_gmt":"2024-01-22T17:00:32","slug":"uoh-anuncia-programa-de-fortalecimiento-para-las-organizaciones-culturales-comunitarias-de-la-region-y-desarrollo-de-cursos-de-extension-2024","status":"publish","type":"post","link":"https:\/\/www.uoh.cl\/extension\/uoh-anuncia-programa-de-fortalecimiento-para-las-organizaciones-culturales-comunitarias-de-la-region-y-desarrollo-de-cursos-de-extension-2024","title":{"rendered":"UOH anuncia programa de fortalecimiento para las organizaciones culturales comunitarias de la regi\u00f3n y desarrollo de Cursos de Extensi\u00f3n 2024"},"content":{"rendered":"<div class=\"wpb-content-wrapper\"><p>[vc_section el_class=&#8221;container mx-auto align-items-center circle&#8211;pattern&#8221; css=&#8221;.vc_custom_1648956589196{padding-top: 3rem !important;}&#8221;][vc_row][vc_column]<div class=\"breadcrumb\"><ol itemscope itemtype=\"https:\/\/schema.org\/BreadcrumbList\"><li itemprop=\"itemListElement\" itemscope itemtype=\"https:\/\/schema.org\/ListItem\"><a itemprop=\"item\" href=\"http:\/\/www.uoh.cl\"><span itemprop=\"name\">Inicio<\/span><\/a><meta itemprop=\"position\" content=\"1\" \/><li itemprop=\"itemListElement\" itemscope itemtype=\"https:\/\/schema.org\/ListItem\"><a itemprop=\"item\" href=\"https:\/\/www.uoh.cl\/extension\"><span itemprop=\"name\">Direcci\u00f3n de Cultura Patrimonio y Extensi\u00f3n UOH<\/span><\/a><meta itemprop=\"position\" content=\"2\" \/><li itemprop=\"itemListElement\" itemscope itemtype=\"https:\/\/schema.org\/ListItem\"><a itemprop=\"item\" href=\"https:\/\/www.uoh.cl\/extension\/noticias\"><span itemprop=\"name\">Noticias<\/span><\/a><meta itemprop=\"position\" content=\"3\" \/><li itemprop=\"itemListElement\" itemscope itemtype=\"https:\/\/schema.org\/ListItem\"><span itemprop=\"name\">UOH anuncia programa de fortalecimiento para las organizaciones culturales comunitarias <\/span><meta itemprop=\"position\" content=\"4\" \/><\/ol><\/div><ul class=\"p-0 list-style-none d-inline-block\"><li class=\"p-0\"><a href=https:\/\/www.uoh.cl\/extension\/category\/extension class=\"px-1 py-2\">Extensi\u00f3n<\/a><\/li><\/ul><div class=\"date_publish_post\"> \u25cf Lun 22 de Enero 2024<\/div><div class=\"uoh_title_component-container\"><h1 class=\"title title--ms d-inline-block title--decorator  big\">UOH anuncia programa de fortalecimiento para las organizaciones culturales comunitarias de la regi\u00f3n y desarrollo de Cursos de Extensi\u00f3n 2024<\/h1><\/div>[vc_row_inner el_class=&#8221;border-separator m-0&#8243;][vc_column_inner width=&#8221;2\/3&#8243;]<div class=\"author_wp_class\"> Escrito por <span>Universidad de O'Higgins<\/span><\/div>[\/vc_column_inner][vc_column_inner el_class=&#8221;align-items-end-publish&#8221; width=&#8221;1\/3&#8243;]<div class=\"uoh_social_network_component uoh_row col-12 justify-content-end m-0 p-0\"> <div class=\"icon__facebook-share-button\">\n                       <a href=\"https:\/\/www.facebook.com\/sharer\/sharer.php?u=https:\/\/www.uoh.cl\/extension\/uoh-anuncia-programa-de-fortalecimiento-para-las-organizaciones-culturales-comunitarias-de-la-region-y-desarrollo-de-cursos-de-extension-2024\" target=\"_blank\"> <div class=\"icon__facebook-svg\"><svg version=\"1.1\" xmlns=\"http:\/\/www.w3.org\/2000\/svg\" xmlns:xlink=\"http:\/\/www.w3.org\/1999\/xlink\" x=\"0px\" y=\"0px\" width=\"22.4px\" height=\"48.3px\" viewBox=\"0 0 22.4 48.3\" style=\"overflow:visible;enable-background:new 0 0 22.4 48.3;\" xml:space=\"preserve\">\n                <defs>\n                <\/defs>\n                <path class=\"st0\" d=\"M22.4,15.6h-7.6v-5c0-1.9,1.2-2.3,2.1-2.3c0.9,0,5.4,0,5.4,0V0l-7.4,0C6.6,0,4.8,6.2,4.8,10.1v5.5H0v8.5h4.8\n                    c0,10.9,0,24.1,0,24.1h10c0,0,0-13.3,0-24.1h6.8L22.4,15.6z\"><\/path>\n                <\/svg><\/a><\/div>\n                    <\/div><div class=\"icon__twitter-share-button\">\n                        <div class=\"icon__twitter-svg\"><a target=\"_blank\" href=\"http:\/\/twitter.com\/share?url=https:\/\/www.uoh.cl\/extension\/uoh-anuncia-programa-de-fortalecimiento-para-las-organizaciones-culturales-comunitarias-de-la-region-y-desarrollo-de-cursos-de-extension-2024\"><svg xmlns=\"http:\/\/www.w3.org\/2000\/svg\" height=\"1em\" viewBox=\"0 0 512 512\"><!--! Font Awesome Free 6.4.2 by @fontawesome - https:\/\/fontawesome.com License - https:\/\/fontawesome.com\/license (Commercial License) Copyright 2023 Fonticons, Inc. --><path d=\"M389.2 48h70.6L305.6 224.2 487 464H345L233.7 318.6 106.5 464H35.8L200.7 275.5 26.8 48H172.4L272.9 180.9 389.2 48zM364.4 421.8h39.1L151.1 88h-42L364.4 421.8z\"\/><\/svg><\/a><\/div>\n                        <\/div><div class=\"icon__linkedin-share-button\">\n                        <div class=\"icon__linkedin-svg\">\n                        <a target=\"__blank\" href=\"https:\/\/www.linkedin.com\/sharing\/share-offsite\/?url=https:\/\/www.uoh.cl\/extension\/uoh-anuncia-programa-de-fortalecimiento-para-las-organizaciones-culturales-comunitarias-de-la-region-y-desarrollo-de-cursos-de-extension-2024\"><svg enable-background=\"new 0 0 100 100\" height=\"100px\" id=\"Layer_1\" version=\"1.1\" viewBox=\"0 0 100 100\" width=\"100px\" xml:space=\"preserve\" xmlns=\"http:\/\/www.w3.org\/2000\/svg\" xmlns:xlink=\"http:\/\/www.w3.org\/1999\/xlink\"><g><circle cx=\"50\" cy=\"50\" fill=\"#ccc\" r=\"45\"\/><g id=\"LinkedIn_1_\"><rect fill=\"#FFFFFF\" height=\"24.361\" width=\"7.69\" x=\"31.271\" y=\"43.569\"\/><path d=\"M59.968,43.334c-4.406,0-7.165,2.387-7.677,4.058v-3.823h-8.636c0.109,2.03,0,24.361,0,24.361h8.636    V54.748c0-0.733-0.034-1.465,0.19-1.991c0.594-1.464,1.869-2.985,4.162-2.985c2.998,0,4.361,2.253,4.361,5.552V67.93h8.721V54.384    C69.726,46.839,65.432,43.334,59.968,43.334z\" fill=\"#FFFFFF\"\/><path d=\"M34.973,32.069c-2.839,0-4.696,1.823-4.696,4.229c0,2.361,1.804,4.224,4.589,4.224h0.054    c2.891,0,4.69-1.869,4.69-4.229C39.555,33.888,37.81,32.069,34.973,32.069z\" fill=\"#FFFFFF\"\/><\/g><\/g><\/svg><\/a><\/div>\n\n            <\/div><\/div>[\/vc_column_inner][\/vc_row_inner][vc_single_image image=&#8221;30865&#8243; img_size=&#8221;full&#8221; add_caption=&#8221;yes&#8221; alignment=&#8221;center&#8221; onclick=&#8221;img_link_large&#8221; img_link_target=&#8221;_blank&#8221;][vc_column_text]\u00a0[\/vc_column_text][vc_column_text]<\/p>\n<ul>\n<li><i>A trav\u00e9s de la Direcci\u00f3n de Cultura, Patrimonio y Extensi\u00f3n, aspira fortalecer sus l\u00edneas de trabajo en materia de Memoria y Derechos Humanos, Patrimonio Cultural, Artes y Cultura, al tiempo de promover sus actividades a lo largo y ancho del territorio.<\/i><\/li>\n<\/ul>\n<p>[\/vc_column_text][vc_column_text]\u00a0[\/vc_column_text][vc_column_text]<\/p>\n<p style=\"font-weight: 400\">La\u00a0<a href=\"https:\/\/www.uoh.cl\/extension\/\" data-saferedirecturl=\"https:\/\/www.google.com\/url?q=https:\/\/www.uoh.cl\/extension\/&amp;source=gmail&amp;ust=1706028585637000&amp;usg=AOvVaw0gwiTlG7ox5TCe6NlXueR0\">Direcci\u00f3n de Cultura, Patrimonio y Extensi\u00f3n<\/a>\u00a0(DCPE) de la\u00a0<a href=\"http:\/\/www.uoh.cl\/\" data-saferedirecturl=\"https:\/\/www.google.com\/url?q=http:\/\/www.uoh.cl\/&amp;source=gmail&amp;ust=1706028585637000&amp;usg=AOvVaw0EQiR8CDAKFAgwIO9J5IbU\">Universidad de O\u2019Higgins<\/a>\u00a0(UOH), sum\u00f3 98 actividades en el 2023, logrando la participaci\u00f3n de 5 mil 182 personas, demostrando el compromiso que tiene la UOH con las comunidades de la regi\u00f3n. Para este 2024 afrontar\u00e1 los desaf\u00edos de incentivar la creaci\u00f3n de planes culturales comunitarios con \u00e9nfasis en la sostenibilidad, junto al desarrollo de cursos de extensi\u00f3n en \u00e1reas art\u00edsticas, patrimoniales y culturales, cuya\u00a0<a href=\"https:\/\/docs.google.com\/forms\/d\/1-uNb3wbjtJLGZtDB6_S4UhNQh6q5WJ7e2edTx76vans\/viewform?edit_requested=true\" data-saferedirecturl=\"https:\/\/www.google.com\/url?q=https:\/\/docs.google.com\/forms\/d\/1-uNb3wbjtJLGZtDB6_S4UhNQh6q5WJ7e2edTx76vans\/viewform?edit_requested%3Dtrue&amp;source=gmail&amp;ust=1706028585637000&amp;usg=AOvVaw3H6Z9trujusixLjWvoutDh\">convocatoria p\u00fablica<\/a>\u00a0para la recepci\u00f3n de propuestas formativas ya se encuentra disponible en la web.<\/p>\n<p style=\"font-weight: 400\">La DCPE-UOH pretende reafirmar este 2024 el impulso de actividades art\u00edstico-patrimoniales en las comunidades, haci\u00e9ndolas part\u00edcipes dentro de los procesos de creaci\u00f3n, a partir del\u00a0\u201c<strong><em>Plan de Fortalecimiento de los Puntos de Cultura-Regi\u00f3n de O\u2019Higgins<\/em><\/strong>\u201d, iniciativa colaborativa entre el Ministerio de las Culturas, las Artes y el Patrimonio, y la Universidad de O\u2019Higgins, el cual tendr\u00e1 su hito de lanzamiento el pr\u00f3ximo\u00a0<strong><em>24 de enero\u00a0en la Delegaci\u00f3n Presidencial entre las 11:00 y 13:00 horas<\/em><\/strong>, donde participar\u00e1n autoridades del MINCAP, de la Serem\u00eda de las Culturas, y de las 14 organizaciones culturales que forman parte del programa.<\/p>\n<p style=\"font-weight: 400\">Seg\u00fan el primer informe acerca de los \u201c<strong><em>Puntos de Cultura-Regi\u00f3n O\u2019Higgins<\/em><\/strong>\u201d, esta alianza estrat\u00e9gica MINCAP-UOH aspira a \u201cexpandir los derechos culturales, sociales y pol\u00edticos en la regi\u00f3n, destacando el compromiso conjunto con el desarrollo inclusivo y equitativo en todo el pa\u00eds\u201d, con lo cual se dar\u00eda cumplimiento a los Objetivos de Desarrollo Sostenible (ODS) establecidos por las Naciones Unidas en 2015.<\/p>\n<p style=\"font-weight: 400\">La directora de Cultura, Patrimonio y Extensi\u00f3n UOH, Clemencia Gonz\u00e1lez, se\u00f1al\u00f3 que este plan estrat\u00e9gico consiste \u201cen fortalecer las organizaciones culturales comunitarias en la Regi\u00f3n de O&#8217;Higgins, promoviendo el desarrollo sostenible dentro de un programa de\u00a0asistencia t\u00e9cnica, y en la elaboraci\u00f3n de una gu\u00eda metodol\u00f3gica con enfoque de g\u00e9nero e inclusi\u00f3n\u00a0para la gesti\u00f3n cultural\u201d. Adem\u00e1s, se\u00f1al\u00f3 que el plan prev\u00e9 la realizaci\u00f3n de un Encuentro Regional de Puntos de Cultura\u00a0Comunitaria PCC para el mes de abril 2024\u201d, a objeto de intercambiar las distintas experiencias, y en aras de \u201ccontribuir a la creaci\u00f3n de un tejido socio-cultural regional s\u00f3lido\u201d, agreg\u00f3 la soci\u00f3loga.<\/p>\n<h4 style=\"font-weight: 400\"><strong>Formaci\u00f3n extendida<\/strong><\/h4>\n<p style=\"font-weight: 400\">Por otro lado, la DCPE comenzar\u00e1 a ejecutar el proyecto \u201c<strong><em>URO 2393 Cursos de Extensi\u00f3n 2024<\/em><\/strong>\u201d,\u00a0financiado por el\u00a0MINEDUC, que contempla la realizaci\u00f3n de 68 cursos presenciales y en modalidad online dirigidos a las comunas de Rancagua, San Fernando y Pichilemu, a ser desarrollados en un periodo de 30 meses.<\/p>\n<p style=\"font-weight: 400\">Clemencia Gonz\u00e1lez mencion\u00f3 que estos cursos, que adoptar\u00e1n el enfoque de taller, est\u00e1n orientados \u201ca mejorar el acceso y la participaci\u00f3n de las comunidades en actividades culturales y art\u00edsticas, con los que se aspira proporcionar una formaci\u00f3n inclusiva y de calidad, alineada con las necesidades y expectativas de la comunidad regional\u201d.<\/p>\n<p style=\"font-weight: 400\">Destac\u00f3 que gracias a los resultados de\u00a0<a href=\"https:\/\/www.uoh.cl\/uoh-llama-a-participar-de-la-encuesta-de-interes-para-diseno-y-desarrollo-de-cursos-de-extension-2024\/\" data-saferedirecturl=\"https:\/\/www.google.com\/url?q=https:\/\/www.uoh.cl\/uoh-llama-a-participar-de-la-encuesta-de-interes-para-diseno-y-desarrollo-de-cursos-de-extension-2024\/&amp;source=gmail&amp;ust=1706028585637000&amp;usg=AOvVaw2e7zXsKTEM_9oRPQsFb_ZJ\">la encuesta para necesidades formativas realizada recientemente<\/a>, se pudieron conocer los intereses de\u00a0los diversos p\u00fablicos de la regi\u00f3n,\u00a0con el objetivo de dise\u00f1ar una\u00a0oferta mucho m\u00e1s pertinente\u00a0con\u00a0diversas tem\u00e1ticas art\u00edsticas y\/o culturales que se puedan desarrollar desde un enfoque te\u00f3rico-pr\u00e1ctico.\u00a0\u201cDe manera que ya\u00a0est\u00e1\u00a0en marcha el proceso de dise\u00f1o y modelamiento de los \u2018Cursos de Extensi\u00f3n Universitaria 2024\u2019, gracias a los valiosos aportes y datos obtenidos a trav\u00e9s de esta encuesta, que se suma a los esfuerzos por comprender las\u00a0necesidades\u00a0formativas de las comunidades\u201d.<\/p>\n<p style=\"font-weight: 400\">Aprovech\u00f3 para anunciar que ya se encuentra abierta la convocatoria p\u00fablica para recibir las propuestas de cursos por parte de los\/as talleristas interesados\/as completando el formulario \u201c<a href=\"https:\/\/docs.google.com\/forms\/d\/1-uNb3wbjtJLGZtDB6_S4UhNQh6q5WJ7e2edTx76vans\/viewform?edit_requested=true\" data-saferedirecturl=\"https:\/\/www.google.com\/url?q=https:\/\/docs.google.com\/forms\/d\/1-uNb3wbjtJLGZtDB6_S4UhNQh6q5WJ7e2edTx76vans\/viewform?edit_requested%3Dtrue&amp;source=gmail&amp;ust=1706028585637000&amp;usg=AOvVaw3H6Z9trujusixLjWvoutDh\">Cursos de Extensi\u00f3n UOH 2024<\/a>\u201d.<\/p>\n<p>[\/vc_column_text][vc_zigzag color=&#8221;white&#8221;][vc_row_inner][vc_column_inner width=&#8221;1\/2&#8243;][vc_single_image image=&#8221;30866&#8243; img_size=&#8221;600&#215;350&#8243; onclick=&#8221;img_link_large&#8221; img_link_target=&#8221;_blank&#8221;][\/vc_column_inner][vc_column_inner width=&#8221;1\/2&#8243;][vc_single_image image=&#8221;30867&#8243; img_size=&#8221;600&#215;350&#8243; onclick=&#8221;img_link_large&#8221; img_link_target=&#8221;_blank&#8221;][\/vc_column_inner][\/vc_row_inner][\/vc_column][\/vc_row][\/vc_section][vc_section css=&#8221;.vc_custom_1650255686594{background-color: #f6faff !important;}&#8221; el_class=&#8221;p-md-0 pt-md-5&#8243;][vc_row el_class=&#8221;container mx-auto align-items-center p-md-0 pt-5 pb-5&#8243;][vc_column el_class=&#8221;pb-5&#8243;][vc_row_inner el_class=&#8221;pb-5&#8243;][vc_column_inner]<div class=\"row m-0 p-0\"><div class=\"col-12 col-md-9 pt-5 pt-md-0\"><h2 class=\"title title--decorator title--ms d-inline-block\">Te Recomendamos<\/h2><\/div><\/div><div class=\"content-holder\"><div class=\"row  swipper-news-list not--activate-hack \"><div class=\"row -wrapper\"><div class=\"  col-sm-6 col-md-4 img-article\">\n                                        <div class=\"content-news-display row m-0 p-0\"><div class=\"holder p-0 \"><div class=\"img-wrap img-wrap-news\">\n                                        <div class=\"caption__news-category\">\n                                        <a href=\"https:\/\/www.uoh.cl\/extension\/category\/institucional\">\n                                        Institucional<\/a><\/div><img decoding=\"async\" class=\"w-100 h-100 lazyload\" data-src=\"https:\/\/www.uoh.cl\/extension\/wp-content\/uploads\/sites\/14\/2026\/04\/Inauguracion-Ano-Academico-2026-6.jpg\" alt=\"Reflexi\u00f3n universitaria: UOH inaugura A\u00f1o Acad\u00e9mico 2026 pensando en los desaf\u00edos de la Educaci\u00f3n Superior\" style=\"--smush-placeholder-width: 1500px; --smush-placeholder-aspect-ratio: 1500\/1000;object-fit: cover; object-position: center;\" src=\"data:image\/svg+xml;base64,PHN2ZyB3aWR0aD0iMSIgaGVpZ2h0PSIxIiB4bWxucz0iaHR0cDovL3d3dy53My5vcmcvMjAwMC9zdmciPjwvc3ZnPg==\"><\/div><\/div><div class=\"caption py-3 caption__news py-md-3 pb-md-5\">\n                                    <span class=\"caption__date\">Mi\u00e9rcoles 29, Abril<\/span>\n                                     <a href=\"https:\/\/www.uoh.cl\/extension\/reflexion-universitaria-uoh-inaugura-ano-academico-2026-pensando-en-los-desafios-de-la-educacion-superior\">\n                                    <h3 class=\"small-space\">Reflexi\u00f3n universitaria: UOH inaugura A\u00f1o Acad\u00e9mico 2026 pensando en los desaf\u00edos de la Educaci\u00f3n Superior<\/h3><\/a>\n\n                                    <p>La ceremonia promovi\u00f3 el an\u00e1lisis acerca de los cambios educativos que se avecinan dentro de los procesos de formaci\u00f3n universitaria ajustados a contextos digitales.   <\/p>\n                                    <a class=\"link link--bold mt-md-3\" href=\"https:\/\/www.uoh.cl\/extension\/reflexion-universitaria-uoh-inaugura-ano-academico-2026-pensando-en-los-desafios-de-la-educacion-superior\">Saber m\u00e1s <span class=\"icon icon--inline icon--link\"><svg version=\"1.1\" xmlns=\"http:\/\/www.w3.org\/2000\/svg\" xmlns:xlink=\"http:\/\/www.w3.org\/1999\/xlink\" x=\"0px\" y=\"0px\" width=\"22px\"height=\"22px\" viewBox=\"0 0 22 22\" style=\"overflow:visible;enable-background:new 0 0 80 64.6;\" xml:space=\"preserve\"><g clip-path=\"url(#acA)\"><path fill-rule=\"evenodd\" d=\"M21.913 11.266a.93.93 0 000-.711c-.022-.056-.063-.097-.091-.144s-.053-.103-.097-.15L12.306.294c-.357-.379-.955-.394-1.334-.038s-.394.955-.038 1.334l7.917 8.374H.927a.95.95 0 00-.908.983.946.946 0 00.908.908h17.924l-8.089 8.552c-.357.379-.341.977.034 1.334s.977.341 1.334-.034l9.594-10.148c.044-.044.063-.1.097-.15.028-.047.069-.088.091-.141z\"\/><\/g><defs><clipPath id=\"acA\"><path fill=\"#fff\" d=\"M0 0h22v22H0z\"\/><\/clipPath><\/defs><\/svg><\/span><\/a><\/div><\/div><\/div><div class=\"  col-sm-6 col-md-4 img-article\">\n                                        <div class=\"content-news-display row m-0 p-0\"><div class=\"holder p-0 \"><div class=\"img-wrap img-wrap-news\">\n                                        <div class=\"caption__news-category\">\n                                        <a href=\"https:\/\/www.uoh.cl\/extension\/category\/cuech\">\n                                        CUECH<\/a><\/div><img decoding=\"async\" class=\"w-100 h-100 lazyload\" data-src=\"https:\/\/www.uoh.cl\/extension\/wp-content\/uploads\/sites\/14\/2026\/04\/DSC_2431-scaled.jpg\" alt=\"Universidades estatales sellan hoja de ruta 2030: Red Desarrollo Sustentable entra en fase de consolidaci\u00f3n\" style=\"--smush-placeholder-width: 2560px; --smush-placeholder-aspect-ratio: 2560\/1707;object-fit: cover; object-position: center;\" src=\"data:image\/svg+xml;base64,PHN2ZyB3aWR0aD0iMSIgaGVpZ2h0PSIxIiB4bWxucz0iaHR0cDovL3d3dy53My5vcmcvMjAwMC9zdmciPjwvc3ZnPg==\"><\/div><\/div><div class=\"caption py-3 caption__news py-md-3 pb-md-5\">\n                                    <span class=\"caption__date\">Mi\u00e9rcoles 15, Abril<\/span>\n                                     <a href=\"https:\/\/www.uoh.cl\/extension\/universidades-estatales-sellan-hoja-de-ruta-2030-red-desarrollo-sustentable-entra-en-fase-de-consolidacion\">\n                                    <h3 class=\"small-space\">Universidades estatales sellan hoja de ruta 2030: Red Desarrollo Sustentable entra en fase de consolidaci\u00f3n<\/h3><\/a>\n\n                                    <p>En el Plenario realizado en la Universidad de O'Higgins, los 18 planteles p\u00fablicos definieron sus metas estrat\u00e9gicas para el periodo 2026-2030. El plan priorizar\u00e1 la institucionalizaci\u00f3n de capacidades, un diplomado para organismos p\u00fablicos y la medici\u00f3n de la huella h\u00eddrica en los campus.<\/p>\n                                    <a class=\"link link--bold mt-md-3\" href=\"https:\/\/www.uoh.cl\/extension\/universidades-estatales-sellan-hoja-de-ruta-2030-red-desarrollo-sustentable-entra-en-fase-de-consolidacion\">Saber m\u00e1s <span class=\"icon icon--inline icon--link\"><svg version=\"1.1\" xmlns=\"http:\/\/www.w3.org\/2000\/svg\" xmlns:xlink=\"http:\/\/www.w3.org\/1999\/xlink\" x=\"0px\" y=\"0px\" width=\"22px\"height=\"22px\" viewBox=\"0 0 22 22\" style=\"overflow:visible;enable-background:new 0 0 80 64.6;\" xml:space=\"preserve\"><g clip-path=\"url(#acA)\"><path fill-rule=\"evenodd\" d=\"M21.913 11.266a.93.93 0 000-.711c-.022-.056-.063-.097-.091-.144s-.053-.103-.097-.15L12.306.294c-.357-.379-.955-.394-1.334-.038s-.394.955-.038 1.334l7.917 8.374H.927a.95.95 0 00-.908.983.946.946 0 00.908.908h17.924l-8.089 8.552c-.357.379-.341.977.034 1.334s.977.341 1.334-.034l9.594-10.148c.044-.044.063-.1.097-.15.028-.047.069-.088.091-.141z\"\/><\/g><defs><clipPath id=\"acA\"><path fill=\"#fff\" d=\"M0 0h22v22H0z\"\/><\/clipPath><\/defs><\/svg><\/span><\/a><\/div><\/div><\/div><div class=\"  col-sm-6 col-md-4 img-article\">\n                                        <div class=\"content-news-display row m-0 p-0\"><div class=\"holder p-0 \"><div class=\"img-wrap img-wrap-news\">\n                                        <div class=\"caption__news-category\">\n                                        <a href=\"https:\/\/www.uoh.cl\/extension\/category\/extension\">\n                                        Extensi\u00f3n<\/a><\/div><img decoding=\"async\" class=\"w-100 h-100 lazyload\" data-src=\"https:\/\/www.uoh.cl\/extension\/wp-content\/uploads\/sites\/14\/2026\/03\/Visita-Cultural-Expo-Mimbre-Chimbarongo-15-scaled.jpg\" alt=\"Artesan\u00eda, patrimonio y paisaje marcaron el inicio de las Visitas Culturales 2026 de la Universidad de O\u2019Higgins\" style=\"--smush-placeholder-width: 2560px; --smush-placeholder-aspect-ratio: 2560\/1707;object-fit: cover; object-position: center;\" src=\"data:image\/svg+xml;base64,PHN2ZyB3aWR0aD0iMSIgaGVpZ2h0PSIxIiB4bWxucz0iaHR0cDovL3d3dy53My5vcmcvMjAwMC9zdmciPjwvc3ZnPg==\"><\/div><\/div><div class=\"caption py-3 caption__news py-md-3 pb-md-5\">\n                                    <span class=\"caption__date\">Lunes 23, Marzo<\/span>\n                                     <a href=\"https:\/\/www.uoh.cl\/extension\/artesania-patrimonio-y-paisaje-marcaron-el-inicio-de-las-visitas-culturales-2026-de-la-universidad-de-ohiggins\">\n                                    <h3 class=\"small-space\">Artesan\u00eda, patrimonio y paisaje marcaron el inicio de las Visitas Culturales 2026 de la Universidad de O\u2019Higgins<\/h3><\/a>\n\n                                    <p>La iniciativa busca acercar a la comunidad a experiencias que destacan la identidad cultural, el patrimonio y las tradiciones de diferentes localidades de la regi\u00f3n.<\/p>\n                                    <a class=\"link link--bold mt-md-3\" href=\"https:\/\/www.uoh.cl\/extension\/artesania-patrimonio-y-paisaje-marcaron-el-inicio-de-las-visitas-culturales-2026-de-la-universidad-de-ohiggins\">Saber m\u00e1s <span class=\"icon icon--inline icon--link\"><svg version=\"1.1\" xmlns=\"http:\/\/www.w3.org\/2000\/svg\" xmlns:xlink=\"http:\/\/www.w3.org\/1999\/xlink\" x=\"0px\" y=\"0px\" width=\"22px\"height=\"22px\" viewBox=\"0 0 22 22\" style=\"overflow:visible;enable-background:new 0 0 80 64.6;\" xml:space=\"preserve\"><g clip-path=\"url(#acA)\"><path fill-rule=\"evenodd\" d=\"M21.913 11.266a.93.93 0 000-.711c-.022-.056-.063-.097-.091-.144s-.053-.103-.097-.15L12.306.294c-.357-.379-.955-.394-1.334-.038s-.394.955-.038 1.334l7.917 8.374H.927a.95.95 0 00-.908.983.946.946 0 00.908.908h17.924l-8.089 8.552c-.357.379-.341.977.034 1.334s.977.341 1.334-.034l9.594-10.148c.044-.044.063-.1.097-.15.028-.047.069-.088.091-.141z\"\/><\/g><defs><clipPath id=\"acA\"><path fill=\"#fff\" d=\"M0 0h22v22H0z\"\/><\/clipPath><\/defs><\/svg><\/span><\/a><\/div><\/div><\/div><\/div><\/div><\/div><div class=\"pagination justify-content-center my-5\"><span aria-current=\"page\" class=\"page-numbers current\">1<\/span>\n<a class=\"page-numbers\" href=\"https:\/\/www.uoh.cl\/extension\/wp-json\/wp\/v2\/posts\/2239\/page\/2\">2<\/a>\n<a class=\"page-numbers\" href=\"https:\/\/www.uoh.cl\/extension\/wp-json\/wp\/v2\/posts\/2239\/page\/3\">3<\/a>\n<span class=\"page-numbers dots\">&hellip;<\/span>\n<a class=\"page-numbers\" href=\"https:\/\/www.uoh.cl\/extension\/wp-json\/wp\/v2\/posts\/2239\/page\/103\">103<\/a>\n<a class=\"next page-numbers\" href=\"https:\/\/www.uoh.cl\/extension\/wp-json\/wp\/v2\/posts\/2239\/page\/2\"><div class=\"icon-pagination-next\"> <?xml version=\"1.0\" ?><svg viewBox=\"0 0 96 96\" xmlns=\"http:\/\/www.w3.org\/2000\/svg\"><title\/><path d=\"M39.3756,48.0022l30.47-25.39a6.0035,6.0035,0,0,0-7.6878-9.223L26.1563,43.3906a6.0092,6.0092,0,0,0,0,9.2231L62.1578,82.615a6.0035,6.0035,0,0,0,7.6878-9.2231Z\"\/><\/svg> <\/div><\/a><\/div>[\/vc_column_inner][\/vc_row_inner][\/vc_column][\/vc_row][\/vc_section]<\/p>\n<\/div>","protected":false},"excerpt":{"rendered":"<p>A trav\u00e9s de la Direcci\u00f3n de Cultura, Patrimonio y Extensi\u00f3n, aspira fortalecer sus l\u00edneas de trabajo en materia de Memoria y Derechos Humanos, Patrimonio Cultural, Artes y Cultura, al tiempo de promover sus actividades a lo largo y ancho del territorio.<\/p>\n","protected":false},"author":34,"featured_media":2240,"comment_status":"open","ping_status":"open","sticky":false,"template":"","format":"standard","meta":{"_acf_changed":false,"footnotes":""},"categories":[23],"tags":[],"class_list":["post-2239","post","type-post","status-publish","format-standard","has-post-thumbnail","hentry","category-extension"],"acf":[],"yoast_head":"<!-- This site is optimized with the Yoast SEO plugin v26.6 - https:\/\/yoast.com\/wordpress\/plugins\/seo\/ -->\n<title>UOH anuncia programa de fortalecimiento para las organizaciones culturales comunitarias de la regi\u00f3n y desarrollo de Cursos de Extensi\u00f3n 2024 - Direcci\u00f3n de Cultura Patrimonio y Extensi\u00f3n UOH<\/title>\n<meta name=\"description\" content=\"A trav\u00e9s de la Direcci\u00f3n de Cultura, Patrimonio y Extensi\u00f3n, aspira fortalecer sus l\u00edneas de trabajo en materia de Memoria y Derechos Humanos, Patrimonio Cultural, Artes y Cultura, al tiempo de promover sus actividades a lo largo y ancho del territorio.\" \/>\n<meta name=\"robots\" content=\"noindex, nofollow\" \/>\n<meta property=\"og:locale\" content=\"es_ES\" \/>\n<meta property=\"og:type\" content=\"article\" \/>\n<meta property=\"og:title\" content=\"UOH anuncia programa de fortalecimiento para las organizaciones culturales comunitarias de la regi\u00f3n y desarrollo de Cursos de Extensi\u00f3n 2024 - Direcci\u00f3n de Cultura Patrimonio y Extensi\u00f3n UOH\" \/>\n<meta property=\"og:description\" content=\"A trav\u00e9s de la Direcci\u00f3n de Cultura, Patrimonio y Extensi\u00f3n, aspira fortalecer sus l\u00edneas de trabajo en materia de Memoria y Derechos Humanos, Patrimonio Cultural, Artes y Cultura, al tiempo de promover sus actividades a lo largo y ancho del territorio.\" \/>\n<meta property=\"og:url\" content=\"https:\/\/www.uoh.cl\/extension\/uoh-anuncia-programa-de-fortalecimiento-para-las-organizaciones-culturales-comunitarias-de-la-region-y-desarrollo-de-cursos-de-extension-2024\" \/>\n<meta property=\"og:site_name\" content=\"Direcci\u00f3n de Cultura Patrimonio y Extensi\u00f3n UOH\" \/>\n<meta property=\"article:published_time\" content=\"2024-01-22T17:00:32+00:00\" \/>\n<meta property=\"og:image\" content=\"https:\/\/www.uoh.cl\/extension\/wp-content\/uploads\/sites\/14\/2024\/01\/Cursos-de-extension.png\" \/>\n\t<meta property=\"og:image:width\" content=\"1000\" \/>\n\t<meta property=\"og:image:height\" content=\"1000\" \/>\n\t<meta property=\"og:image:type\" content=\"image\/png\" \/>\n<meta name=\"author\" content=\"Universidad de O&#039;Higgins\" \/>\n<meta name=\"twitter:card\" content=\"summary_large_image\" \/>\n<meta name=\"twitter:label1\" content=\"Escrito por\" \/>\n\t<meta name=\"twitter:data1\" content=\"Universidad de O&#039;Higgins\" \/>\n\t<meta name=\"twitter:label2\" content=\"Tiempo estimado de lectura\" \/>\n\t<meta name=\"twitter:data2\" content=\"4 minutos\" \/>\n<script type=\"application\/ld+json\" class=\"yoast-schema-graph\">{\"@context\":\"https:\/\/schema.org\",\"@graph\":[{\"@type\":\"WebPage\",\"@id\":\"https:\/\/www.uoh.cl\/extension\/uoh-anuncia-programa-de-fortalecimiento-para-las-organizaciones-culturales-comunitarias-de-la-region-y-desarrollo-de-cursos-de-extension-2024\",\"url\":\"https:\/\/www.uoh.cl\/extension\/uoh-anuncia-programa-de-fortalecimiento-para-las-organizaciones-culturales-comunitarias-de-la-region-y-desarrollo-de-cursos-de-extension-2024\",\"name\":\"UOH anuncia programa de fortalecimiento para las organizaciones culturales comunitarias de la regi\u00f3n y desarrollo de Cursos de Extensi\u00f3n 2024 - Direcci\u00f3n de Cultura Patrimonio y Extensi\u00f3n UOH\",\"isPartOf\":{\"@id\":\"https:\/\/www.uoh.cl\/extension\/#website\"},\"primaryImageOfPage\":{\"@id\":\"https:\/\/www.uoh.cl\/extension\/uoh-anuncia-programa-de-fortalecimiento-para-las-organizaciones-culturales-comunitarias-de-la-region-y-desarrollo-de-cursos-de-extension-2024#primaryimage\"},\"image\":{\"@id\":\"https:\/\/www.uoh.cl\/extension\/uoh-anuncia-programa-de-fortalecimiento-para-las-organizaciones-culturales-comunitarias-de-la-region-y-desarrollo-de-cursos-de-extension-2024#primaryimage\"},\"thumbnailUrl\":\"https:\/\/www.uoh.cl\/extension\/wp-content\/uploads\/sites\/14\/2024\/01\/Cursos-de-extension.png\",\"datePublished\":\"2024-01-22T17:00:32+00:00\",\"author\":{\"@id\":\"https:\/\/www.uoh.cl\/extension\/#\/schema\/person\/ea242e676c7d6d7e46fc8b9e39486c4f\"},\"description\":\"A trav\u00e9s de la Direcci\u00f3n de Cultura, Patrimonio y Extensi\u00f3n, aspira fortalecer sus l\u00edneas de trabajo en materia de Memoria y Derechos Humanos, Patrimonio Cultural, Artes y Cultura, al tiempo de promover sus actividades a lo largo y ancho del territorio.\",\"inLanguage\":\"es-CL\",\"potentialAction\":[{\"@type\":\"ReadAction\",\"target\":[\"https:\/\/www.uoh.cl\/extension\/uoh-anuncia-programa-de-fortalecimiento-para-las-organizaciones-culturales-comunitarias-de-la-region-y-desarrollo-de-cursos-de-extension-2024\"]}]},{\"@type\":\"ImageObject\",\"inLanguage\":\"es-CL\",\"@id\":\"https:\/\/www.uoh.cl\/extension\/uoh-anuncia-programa-de-fortalecimiento-para-las-organizaciones-culturales-comunitarias-de-la-region-y-desarrollo-de-cursos-de-extension-2024#primaryimage\",\"url\":\"https:\/\/www.uoh.cl\/extension\/wp-content\/uploads\/sites\/14\/2024\/01\/Cursos-de-extension.png\",\"contentUrl\":\"https:\/\/www.uoh.cl\/extension\/wp-content\/uploads\/sites\/14\/2024\/01\/Cursos-de-extension.png\",\"width\":1000,\"height\":1000},{\"@type\":\"WebSite\",\"@id\":\"https:\/\/www.uoh.cl\/extension\/#website\",\"url\":\"https:\/\/www.uoh.cl\/extension\/\",\"name\":\"Direcci\u00f3n de Cultura Patrimonio y Extensi\u00f3n UOH\",\"description\":\"Otro sitio de Sitios de Universidad O&#039;higgins\",\"potentialAction\":[{\"@type\":\"SearchAction\",\"target\":{\"@type\":\"EntryPoint\",\"urlTemplate\":\"https:\/\/www.uoh.cl\/extension\/?s={search_term_string}\"},\"query-input\":{\"@type\":\"PropertyValueSpecification\",\"valueRequired\":true,\"valueName\":\"search_term_string\"}}],\"inLanguage\":\"es-CL\"},{\"@type\":\"Person\",\"@id\":\"https:\/\/www.uoh.cl\/extension\/#\/schema\/person\/ea242e676c7d6d7e46fc8b9e39486c4f\",\"name\":\"Universidad de O'Higgins\",\"image\":{\"@type\":\"ImageObject\",\"inLanguage\":\"es-CL\",\"@id\":\"https:\/\/www.uoh.cl\/extension\/#\/schema\/person\/image\/\",\"url\":\"https:\/\/secure.gravatar.com\/avatar\/78fcb76ca05efae11fd355943c01a832a29786cc00d85b1a82c301bea2b2a214?s=96&d=mm&r=g\",\"contentUrl\":\"https:\/\/secure.gravatar.com\/avatar\/78fcb76ca05efae11fd355943c01a832a29786cc00d85b1a82c301bea2b2a214?s=96&d=mm&r=g\",\"caption\":\"Universidad de O'Higgins\"}}]}<\/script>\n<!-- \/ Yoast SEO plugin. -->","yoast_head_json":{"title":"UOH anuncia programa de fortalecimiento para las organizaciones culturales comunitarias de la regi\u00f3n y desarrollo de Cursos de Extensi\u00f3n 2024 - Direcci\u00f3n de Cultura Patrimonio y Extensi\u00f3n UOH","description":"A trav\u00e9s de la Direcci\u00f3n de Cultura, Patrimonio y Extensi\u00f3n, aspira fortalecer sus l\u00edneas de trabajo en materia de Memoria y Derechos Humanos, Patrimonio Cultural, Artes y Cultura, al tiempo de promover sus actividades a lo largo y ancho del territorio.","robots":{"index":"noindex","follow":"nofollow"},"og_locale":"es_ES","og_type":"article","og_title":"UOH anuncia programa de fortalecimiento para las organizaciones culturales comunitarias de la regi\u00f3n y desarrollo de Cursos de Extensi\u00f3n 2024 - Direcci\u00f3n de Cultura Patrimonio y Extensi\u00f3n UOH","og_description":"A trav\u00e9s de la Direcci\u00f3n de Cultura, Patrimonio y Extensi\u00f3n, aspira fortalecer sus l\u00edneas de trabajo en materia de Memoria y Derechos Humanos, Patrimonio Cultural, Artes y Cultura, al tiempo de promover sus actividades a lo largo y ancho del territorio.","og_url":"https:\/\/www.uoh.cl\/extension\/uoh-anuncia-programa-de-fortalecimiento-para-las-organizaciones-culturales-comunitarias-de-la-region-y-desarrollo-de-cursos-de-extension-2024","og_site_name":"Direcci\u00f3n de Cultura Patrimonio y Extensi\u00f3n UOH","article_published_time":"2024-01-22T17:00:32+00:00","og_image":[{"width":1000,"height":1000,"url":"https:\/\/www.uoh.cl\/extension\/wp-content\/uploads\/sites\/14\/2024\/01\/Cursos-de-extension.png","type":"image\/png"}],"author":"Universidad de O'Higgins","twitter_card":"summary_large_image","twitter_misc":{"Escrito por":"Universidad de O'Higgins","Tiempo estimado de lectura":"4 minutos"},"schema":{"@context":"https:\/\/schema.org","@graph":[{"@type":"WebPage","@id":"https:\/\/www.uoh.cl\/extension\/uoh-anuncia-programa-de-fortalecimiento-para-las-organizaciones-culturales-comunitarias-de-la-region-y-desarrollo-de-cursos-de-extension-2024","url":"https:\/\/www.uoh.cl\/extension\/uoh-anuncia-programa-de-fortalecimiento-para-las-organizaciones-culturales-comunitarias-de-la-region-y-desarrollo-de-cursos-de-extension-2024","name":"UOH anuncia programa de fortalecimiento para las organizaciones culturales comunitarias de la regi\u00f3n y desarrollo de Cursos de Extensi\u00f3n 2024 - Direcci\u00f3n de Cultura Patrimonio y Extensi\u00f3n UOH","isPartOf":{"@id":"https:\/\/www.uoh.cl\/extension\/#website"},"primaryImageOfPage":{"@id":"https:\/\/www.uoh.cl\/extension\/uoh-anuncia-programa-de-fortalecimiento-para-las-organizaciones-culturales-comunitarias-de-la-region-y-desarrollo-de-cursos-de-extension-2024#primaryimage"},"image":{"@id":"https:\/\/www.uoh.cl\/extension\/uoh-anuncia-programa-de-fortalecimiento-para-las-organizaciones-culturales-comunitarias-de-la-region-y-desarrollo-de-cursos-de-extension-2024#primaryimage"},"thumbnailUrl":"https:\/\/www.uoh.cl\/extension\/wp-content\/uploads\/sites\/14\/2024\/01\/Cursos-de-extension.png","datePublished":"2024-01-22T17:00:32+00:00","author":{"@id":"https:\/\/www.uoh.cl\/extension\/#\/schema\/person\/ea242e676c7d6d7e46fc8b9e39486c4f"},"description":"A trav\u00e9s de la Direcci\u00f3n de Cultura, Patrimonio y Extensi\u00f3n, aspira fortalecer sus l\u00edneas de trabajo en materia de Memoria y Derechos Humanos, Patrimonio Cultural, Artes y Cultura, al tiempo de promover sus actividades a lo largo y ancho del territorio.","inLanguage":"es-CL","potentialAction":[{"@type":"ReadAction","target":["https:\/\/www.uoh.cl\/extension\/uoh-anuncia-programa-de-fortalecimiento-para-las-organizaciones-culturales-comunitarias-de-la-region-y-desarrollo-de-cursos-de-extension-2024"]}]},{"@type":"ImageObject","inLanguage":"es-CL","@id":"https:\/\/www.uoh.cl\/extension\/uoh-anuncia-programa-de-fortalecimiento-para-las-organizaciones-culturales-comunitarias-de-la-region-y-desarrollo-de-cursos-de-extension-2024#primaryimage","url":"https:\/\/www.uoh.cl\/extension\/wp-content\/uploads\/sites\/14\/2024\/01\/Cursos-de-extension.png","contentUrl":"https:\/\/www.uoh.cl\/extension\/wp-content\/uploads\/sites\/14\/2024\/01\/Cursos-de-extension.png","width":1000,"height":1000},{"@type":"WebSite","@id":"https:\/\/www.uoh.cl\/extension\/#website","url":"https:\/\/www.uoh.cl\/extension\/","name":"Direcci\u00f3n de Cultura Patrimonio y Extensi\u00f3n UOH","description":"Otro sitio de Sitios de Universidad O&#039;higgins","potentialAction":[{"@type":"SearchAction","target":{"@type":"EntryPoint","urlTemplate":"https:\/\/www.uoh.cl\/extension\/?s={search_term_string}"},"query-input":{"@type":"PropertyValueSpecification","valueRequired":true,"valueName":"search_term_string"}}],"inLanguage":"es-CL"},{"@type":"Person","@id":"https:\/\/www.uoh.cl\/extension\/#\/schema\/person\/ea242e676c7d6d7e46fc8b9e39486c4f","name":"Universidad de O'Higgins","image":{"@type":"ImageObject","inLanguage":"es-CL","@id":"https:\/\/www.uoh.cl\/extension\/#\/schema\/person\/image\/","url":"https:\/\/secure.gravatar.com\/avatar\/78fcb76ca05efae11fd355943c01a832a29786cc00d85b1a82c301bea2b2a214?s=96&d=mm&r=g","contentUrl":"https:\/\/secure.gravatar.com\/avatar\/78fcb76ca05efae11fd355943c01a832a29786cc00d85b1a82c301bea2b2a214?s=96&d=mm&r=g","caption":"Universidad de O'Higgins"}}]}},"_links":{"self":[{"href":"https:\/\/www.uoh.cl\/extension\/wp-json\/wp\/v2\/posts\/2239","targetHints":{"allow":["GET"]}}],"collection":[{"href":"https:\/\/www.uoh.cl\/extension\/wp-json\/wp\/v2\/posts"}],"about":[{"href":"https:\/\/www.uoh.cl\/extension\/wp-json\/wp\/v2\/types\/post"}],"author":[{"embeddable":true,"href":"https:\/\/www.uoh.cl\/extension\/wp-json\/wp\/v2\/users\/34"}],"replies":[{"embeddable":true,"href":"https:\/\/www.uoh.cl\/extension\/wp-json\/wp\/v2\/comments?post=2239"}],"version-history":[{"count":0,"href":"https:\/\/www.uoh.cl\/extension\/wp-json\/wp\/v2\/posts\/2239\/revisions"}],"wp:featuredmedia":[{"embeddable":true,"href":"https:\/\/www.uoh.cl\/extension\/wp-json\/wp\/v2\/media\/2240"}],"wp:attachment":[{"href":"https:\/\/www.uoh.cl\/extension\/wp-json\/wp\/v2\/media?parent=2239"}],"wp:term":[{"taxonomy":"category","embeddable":true,"href":"https:\/\/www.uoh.cl\/extension\/wp-json\/wp\/v2\/categories?post=2239"},{"taxonomy":"post_tag","embeddable":true,"href":"https:\/\/www.uoh.cl\/extension\/wp-json\/wp\/v2\/tags?post=2239"}],"curies":[{"name":"wp","href":"https:\/\/api.w.org\/{rel}","templated":true}]}}