
{"id":1477,"date":"2023-07-06T12:50:07","date_gmt":"2023-07-06T15:50:07","guid":{"rendered":"https:\/\/www.uoh.cl\/extension\/seminario-de-canto-a-lo-poeta-congrego-a-mas-de-150-estudiantes-de-educacion-media\/"},"modified":"2023-07-07T14:17:39","modified_gmt":"2023-07-07T17:17:39","slug":"seminario-de-canto-a-lo-poeta-congrego-a-mas-de-150-estudiantes-de-educacion-media","status":"publish","type":"post","link":"https:\/\/www.uoh.cl\/extension\/seminario-de-canto-a-lo-poeta-congrego-a-mas-de-150-estudiantes-de-educacion-media","title":{"rendered":"Seminario de Canto a lo Poeta congreg\u00f3 a m\u00e1s de 150 estudiantes de educaci\u00f3n media"},"content":{"rendered":"<div class=\"wpb-content-wrapper\"><p>[vc_section el_class=&#8221;container mx-auto align-items-center circle&#8211;pattern&#8221; css=&#8221;.vc_custom_1648956589196{padding-top: 3rem !important;}&#8221;][vc_row][vc_column]<div class=\"breadcrumb\"><ol itemscope itemtype=\"https:\/\/schema.org\/BreadcrumbList\"><li itemprop=\"itemListElement\" itemscope itemtype=\"https:\/\/schema.org\/ListItem\"><a itemprop=\"item\" href=\"http:\/\/www.uoh.cl\"><span itemprop=\"name\">Inicio<\/span><\/a><meta itemprop=\"position\" content=\"1\" \/><li itemprop=\"itemListElement\" itemscope itemtype=\"https:\/\/schema.org\/ListItem\"><a itemprop=\"item\" href=\"https:\/\/www.uoh.cl\/extension\"><span itemprop=\"name\">Direcci\u00f3n de Cultura Patrimonio y Extensi\u00f3n UOH<\/span><\/a><meta itemprop=\"position\" content=\"2\" \/><li itemprop=\"itemListElement\" itemscope itemtype=\"https:\/\/schema.org\/ListItem\"><a itemprop=\"item\" href=\"https:\/\/www.uoh.cl\/extension\/noticias\"><span itemprop=\"name\">Noticias<\/span><\/a><meta itemprop=\"position\" content=\"3\" \/><li itemprop=\"itemListElement\" itemscope itemtype=\"https:\/\/schema.org\/ListItem\"><span itemprop=\"name\">Seminario de Canto a lo Poeta congreg\u00f3 a m\u00e1s de <\/span><meta itemprop=\"position\" content=\"4\" \/><\/ol><\/div><ul class=\"p-0 list-style-none d-inline-block\"><li class=\"p-0\"><a href=https:\/\/www.uoh.cl\/extension\/category\/extension class=\"px-1 py-2\">Extensi\u00f3n<\/a><\/li><\/ul><div class=\"date_publish_post\"> \u25cf Jue 06 de Julio 2023<\/div><div class=\"uoh_title_component-container\"><h1 class=\"title title--ms d-inline-block title--decorator  big\">Seminario de Canto a lo Poeta congreg\u00f3 a m\u00e1s de 150 estudiantes de educaci\u00f3n media<\/h1><\/div>[vc_row_inner el_class=&#8221;border-separator m-0&#8243;][vc_column_inner width=&#8221;2\/3&#8243;]<div class=\"author_wp_class\"> Escrito por <span>Universidad de O'Higgins<\/span><\/div>[\/vc_column_inner][vc_column_inner el_class=&#8221;align-items-end-publish&#8221; width=&#8221;1\/3&#8243;]<div class=\"uoh_social_network_component uoh_row col-12 justify-content-end m-0 p-0\"> <div class=\"icon__facebook-share-button\">\n                       <a href=\"https:\/\/www.facebook.com\/sharer\/sharer.php?u=https:\/\/www.uoh.cl\/extension\/seminario-de-canto-a-lo-poeta-congrego-a-mas-de-150-estudiantes-de-educacion-media\" target=\"_blank\"> <div class=\"icon__facebook-svg\"><svg version=\"1.1\" xmlns=\"http:\/\/www.w3.org\/2000\/svg\" xmlns:xlink=\"http:\/\/www.w3.org\/1999\/xlink\" x=\"0px\" y=\"0px\" width=\"22.4px\" height=\"48.3px\" viewBox=\"0 0 22.4 48.3\" style=\"overflow:visible;enable-background:new 0 0 22.4 48.3;\" xml:space=\"preserve\">\n                <defs>\n                <\/defs>\n                <path class=\"st0\" d=\"M22.4,15.6h-7.6v-5c0-1.9,1.2-2.3,2.1-2.3c0.9,0,5.4,0,5.4,0V0l-7.4,0C6.6,0,4.8,6.2,4.8,10.1v5.5H0v8.5h4.8\n                    c0,10.9,0,24.1,0,24.1h10c0,0,0-13.3,0-24.1h6.8L22.4,15.6z\"><\/path>\n                <\/svg><\/a><\/div>\n                    <\/div><div class=\"icon__twitter-share-button\">\n                        <div class=\"icon__twitter-svg\"><a target=\"_blank\" href=\"http:\/\/twitter.com\/share?url=https:\/\/www.uoh.cl\/extension\/seminario-de-canto-a-lo-poeta-congrego-a-mas-de-150-estudiantes-de-educacion-media\"><svg xmlns=\"http:\/\/www.w3.org\/2000\/svg\" height=\"1em\" viewBox=\"0 0 512 512\"><!--! Font Awesome Free 6.4.2 by @fontawesome - https:\/\/fontawesome.com License - https:\/\/fontawesome.com\/license (Commercial License) Copyright 2023 Fonticons, Inc. --><path d=\"M389.2 48h70.6L305.6 224.2 487 464H345L233.7 318.6 106.5 464H35.8L200.7 275.5 26.8 48H172.4L272.9 180.9 389.2 48zM364.4 421.8h39.1L151.1 88h-42L364.4 421.8z\"\/><\/svg><\/a><\/div>\n                        <\/div><div class=\"icon__linkedin-share-button\">\n                        <div class=\"icon__linkedin-svg\">\n                        <a target=\"__blank\" href=\"https:\/\/www.linkedin.com\/sharing\/share-offsite\/?url=https:\/\/www.uoh.cl\/extension\/seminario-de-canto-a-lo-poeta-congrego-a-mas-de-150-estudiantes-de-educacion-media\"><svg enable-background=\"new 0 0 100 100\" height=\"100px\" id=\"Layer_1\" version=\"1.1\" viewBox=\"0 0 100 100\" width=\"100px\" xml:space=\"preserve\" xmlns=\"http:\/\/www.w3.org\/2000\/svg\" xmlns:xlink=\"http:\/\/www.w3.org\/1999\/xlink\"><g><circle cx=\"50\" cy=\"50\" fill=\"#ccc\" r=\"45\"\/><g id=\"LinkedIn_1_\"><rect fill=\"#FFFFFF\" height=\"24.361\" width=\"7.69\" x=\"31.271\" y=\"43.569\"\/><path d=\"M59.968,43.334c-4.406,0-7.165,2.387-7.677,4.058v-3.823h-8.636c0.109,2.03,0,24.361,0,24.361h8.636    V54.748c0-0.733-0.034-1.465,0.19-1.991c0.594-1.464,1.869-2.985,4.162-2.985c2.998,0,4.361,2.253,4.361,5.552V67.93h8.721V54.384    C69.726,46.839,65.432,43.334,59.968,43.334z\" fill=\"#FFFFFF\"\/><path d=\"M34.973,32.069c-2.839,0-4.696,1.823-4.696,4.229c0,2.361,1.804,4.224,4.589,4.224h0.054    c2.891,0,4.69-1.869,4.69-4.229C39.555,33.888,37.81,32.069,34.973,32.069z\" fill=\"#FFFFFF\"\/><\/g><\/g><\/svg><\/a><\/div>\n\n            <\/div><\/div>[\/vc_column_inner][\/vc_row_inner][vc_single_image image=&#8221;20439&#8243; img_size=&#8221;full&#8221; add_caption=&#8221;yes&#8221; alignment=&#8221;center&#8221; onclick=&#8221;img_link_large&#8221; img_link_target=&#8221;_blank&#8221;][vc_column_text]\u00a0[\/vc_column_text][vc_column_text]<\/p>\n<ul>\n<li style=\"text-align: left\"><em>La actividad impulsada por la Universidad de O\u2019Higgins, a trav\u00e9s del Proyecto URO 2193 &#8220;Red Cultural y Cient\u00edfica para la Regi\u00f3n de O&#8217;Higgins&#8221;, se colm\u00f3 de estudiantes de los liceos \u00d3scar Castro Z\u00fa\u00f1iga, Liceo Santa Cruz de Triana (Rancagua) y el Colegio Panquehue de Malloa.<\/em><\/li>\n<\/ul>\n<p>[\/vc_column_text][vc_column_text]\u00a0[\/vc_column_text][vc_column_text]<\/p>\n<p dir=\"ltr\">El seminario realizado en el auditorio de la casa de estudios, tambi\u00e9n se nutri\u00f3 de reconocidos exponentes del\u00a0Canto\u00a0a\u00a0lo\u00a0Poeta, como Gilberto Acevedo (tesoro humano vivo), sus hijos Maritza y Andr\u00e9s Acevedo, acompa\u00f1ados de los payadores Luis Carre\u00f1o, Rodrigo N\u00fa\u00f1ez y Rodrigo Torres, cuyas ponencias abarcaron el origen y desarrollo de la paya, el canto a lo divino, canto a lo humano y la estructura de los versos. No pudieron faltar las demostraciones con los instrumentos que acompa\u00f1an las tonadas de esta tradici\u00f3n, como el guitarr\u00f3n chileno, la guitarra traspuesta y el rabel.<\/p>\n<p dir=\"ltr\"><a href=\"https:\/\/www.uoh.cl\/a-casa-llena-cerca-de-mil-personas-celebraron-la-fiesta-de-los-patrimonios\/\"><b>Lea tambi\u00e9n: <\/b><b>A casa llena: Cerca de mil personas celebraron la \u201cFiesta de los Patrimonios\u201d<\/b><\/a><\/p>\n<p dir=\"ltr\">Luego de las sendas ponencias, el evento termin\u00f3 con una presentaci\u00f3n po\u00e9tica-musical, a la que se sum\u00f3 el gestor de la Red de\u00a0Canto\u00a0a\u00a0lo\u00a0Poeta, Javier Pe\u00f1a, para que todos los cultores mostraran sus dotes en la improvisaci\u00f3n y en un contrapunto que se enriqueci\u00f3 con el aporte de los estudiantes, para finalmente cerrar la jornada con un un baile de cueca que puso a vibrar a todo el auditorio.<\/p>\n<h4 dir=\"ltr\">Para una vigencia popular<\/h4>\n<p dir=\"ltr\">Al respecto, la coordinadora del Proyecto URO 2193 &#8220;Red Cultural y Cient\u00edfica para la Regi\u00f3n de O&#8217;Higgins&#8221;, Jasna Ivusic, agradeci\u00f3 la presencia de todos los estudiantes de educaci\u00f3n media de Rancagua y de Malloa que asistieron al evento, junto a sus profesores, lo que ratifica el compromiso de la Universidad de O\u2019Higgins de promover la ense\u00f1anza del Canto a lo Poeta en la educaci\u00f3n media,\u00a0 complet\u00f3 la vocera.<\/p>\n<p dir=\"ltr\">\u201cEstamos muy contentos por este primer seminario para la provincia de Cachapoal impulsado por nuestra universidad, gracias a la suma de voluntades de toda la Red de Canto a lo Poeta, cuyo prop\u00f3sito es el de incentivar, salvaguardar y visibilizar este patrimonio inmaterial de nuestra cultura. La presencia de los estudiantes nos llena de alegr\u00eda, pues pasa a ser un desaf\u00edo que nos obliga a seguir trabajando en el fomento y vigencia de la poes\u00eda popular chilena. De all\u00ed la invitaci\u00f3n a participar en los pr\u00f3ximos seminarios de Canto a lo Poeta que se desarrollar\u00e1n en el segundo semestre del 2023, y primer semestre del 2024, en las provincias de Cardenal Caro y Colchagua. Ambos acompa\u00f1ados de cuatro talleres que seguir\u00e1n fomentando nuestra poes\u00eda popular en toda la Regi\u00f3n de O\u2019Higgins.<\/p>\n<h4 dir=\"ltr\">Un tesoro. Nuevos talentos<\/h4>\n<p dir=\"ltr\">Entre tanto, el reconocido cantor a lo divido, y tesoro humano vivo, Gilberto Acevedo, agradeci\u00f3 a la Universidad de O\u2019Higgins por abrir sus puertas para este seminario dirigido especialmente a los estudiantes de la regi\u00f3n. \u201cParticipamos en este seminario con toda el alma. Para nosotros es muy importante que la universidad nos haya abierto este espacio para difundir nuestra cultura en estos estudiantes. La idea es masificar nuestra tradici\u00f3n para que nazcan nuevos talentos del canto a lo poeta, de la paya y del canto a lo divino\u201d.<\/p>\n<h4 dir=\"ltr\">\u201cSana convivencia\u201d<\/h4>\n<p dir=\"ltr\">Por su parte, el tambi\u00e9n payador Pedro Ortiz, consider\u00f3 al seminario, como una \u201ciniciativa saludable\u201d, especialmente porque fue orientado a estudiantes de educaci\u00f3n media, reanimando en los m\u00e1s j\u00f3venes este patrimonio que se ha estado perdiendo con el paso del tiempo. Acu\u00f1\u00f3 que el Canto a lo Poeta, abre las posibilidades de trabajar junto a los estudiantes, la invenci\u00f3n creativa de versos, incluso, para una sana convivencia. \u201cEs importante que estas instancias se repitan, porque permite que los j\u00f3venes retomen esta tradici\u00f3n desde donde se puede promover el lenguaje, la salud mental y la sana convivencia\u201d.<\/p>\n<h4 dir=\"ltr\">Justo agradecimiento<\/h4>\n<p dir=\"ltr\">Por otra parte, la Universidad de O\u2019Higgins, a trav\u00e9s de la Red de Canto a lo Poeta, agradeci\u00f3 el respaldo para este Seminario de Canto a lo Poeta, por parte de las autoridades regionales como la Seremi de las Culturas, las Artes y el Patrimonio, Flor Ilic, la Directora Regional del Servicio Nacional de Patrimonio, Leslie Araya, el Presidente de la Comisi\u00f3n de Cultura CORE, Mauricio Valderrama, la Presidenta de la Comisi\u00f3n de Cultura del Consejo Municipal de Rancagua, y dem\u00e1s autoridades de la universidad.<\/p>\n<p>[\/vc_column_text][vc_zigzag color=&#8221;white&#8221;][vc_row_inner][vc_column_inner width=&#8221;1\/2&#8243;][vc_single_image image=&#8221;20441&#8243; img_size=&#8221;medium&#8221; alignment=&#8221;center&#8221;][\/vc_column_inner][vc_column_inner width=&#8221;1\/2&#8243;][vc_single_image image=&#8221;20442&#8243; img_size=&#8221;medium&#8221;][\/vc_column_inner][\/vc_row_inner][vc_zigzag color=&#8221;white&#8221;][\/vc_column][\/vc_row][vc_row][vc_column]<div class=\"uoh_title_component-container\"><h2 class=\"title title--ms d-inline-block title--decorator  medium\">Revisa el video del Seminario Canto a lo Poeta<\/h2><\/div>[vc_raw_html]JTNDaWZyYW1lJTIwd2lkdGglM0QlMjI1NjAlMjIlMjBoZWlnaHQlM0QlMjIzMTUlMjIlMjBzcmMlM0QlMjJodHRwcyUzQSUyRiUyRnd3dy55b3V0dWJlLmNvbSUyRmVtYmVkJTJGLXd5SDc5T282cUElMjIlMjB0aXRsZSUzRCUyMllvdVR1YmUlMjB2aWRlbyUyMHBsYXllciUyMiUyMGZyYW1lYm9yZGVyJTNEJTIyMCUyMiUyMGFsbG93JTNEJTIyYWNjZWxlcm9tZXRlciUzQiUyMGF1dG9wbGF5JTNCJTIwY2xpcGJvYXJkLXdyaXRlJTNCJTIwZW5jcnlwdGVkLW1lZGlhJTNCJTIwZ3lyb3Njb3BlJTNCJTIwcGljdHVyZS1pbi1waWN0dXJlJTNCJTIwd2ViLXNoYXJlJTIyJTIwYWxsb3dmdWxsc2NyZWVuJTNFJTNDJTJGaWZyYW1lJTNF[\/vc_raw_html][\/vc_column][\/vc_row][\/vc_section][vc_section css=&#8221;.vc_custom_1650255686594{background-color: #f6faff !important;}&#8221; el_class=&#8221;p-md-0 pt-md-5&#8243;][vc_row el_class=&#8221;container mx-auto align-items-center p-md-0 pt-5 pb-5&#8243;][vc_column el_class=&#8221;pb-5&#8243;][vc_row_inner el_class=&#8221;pb-5&#8243;][vc_column_inner]<div class=\"row m-0 p-0\"><div class=\"col-12 col-md-9 pt-5 pt-md-0\"><h2 class=\"title title--decorator title--ms d-inline-block\">Te Recomendamos<\/h2><\/div><\/div><div class=\"content-holder\"><div class=\"row  swipper-news-list not--activate-hack \"><div class=\"row -wrapper\"><div class=\"  col-sm-6 col-md-4 img-article\">\n                                        <div class=\"content-news-display row m-0 p-0\"><div class=\"holder p-0 \"><div class=\"img-wrap img-wrap-news\">\n                                        <div class=\"caption__news-category\">\n                                        <a href=\"https:\/\/www.uoh.cl\/extension\/category\/institucional\">\n                                        Institucional<\/a><\/div><img decoding=\"async\" class=\"w-100 h-100 lazyload\" data-src=\"https:\/\/www.uoh.cl\/extension\/wp-content\/uploads\/sites\/14\/2026\/04\/Inauguracion-Ano-Academico-2026-6.jpg\" alt=\"Reflexi\u00f3n universitaria: UOH inaugura A\u00f1o Acad\u00e9mico 2026 pensando en los desaf\u00edos de la Educaci\u00f3n Superior\" style=\"--smush-placeholder-width: 1500px; --smush-placeholder-aspect-ratio: 1500\/1000;object-fit: cover; object-position: center;\" src=\"data:image\/svg+xml;base64,PHN2ZyB3aWR0aD0iMSIgaGVpZ2h0PSIxIiB4bWxucz0iaHR0cDovL3d3dy53My5vcmcvMjAwMC9zdmciPjwvc3ZnPg==\"><\/div><\/div><div class=\"caption py-3 caption__news py-md-3 pb-md-5\">\n                                    <span class=\"caption__date\">Mi\u00e9rcoles 29, Abril<\/span>\n                                     <a href=\"https:\/\/www.uoh.cl\/extension\/reflexion-universitaria-uoh-inaugura-ano-academico-2026-pensando-en-los-desafios-de-la-educacion-superior\">\n                                    <h3 class=\"small-space\">Reflexi\u00f3n universitaria: UOH inaugura A\u00f1o Acad\u00e9mico 2026 pensando en los desaf\u00edos de la Educaci\u00f3n Superior<\/h3><\/a>\n\n                                    <p>La ceremonia promovi\u00f3 el an\u00e1lisis acerca de los cambios educativos que se avecinan dentro de los procesos de formaci\u00f3n universitaria ajustados a contextos digitales.   <\/p>\n                                    <a class=\"link link--bold mt-md-3\" href=\"https:\/\/www.uoh.cl\/extension\/reflexion-universitaria-uoh-inaugura-ano-academico-2026-pensando-en-los-desafios-de-la-educacion-superior\">Saber m\u00e1s <span class=\"icon icon--inline icon--link\"><svg version=\"1.1\" xmlns=\"http:\/\/www.w3.org\/2000\/svg\" xmlns:xlink=\"http:\/\/www.w3.org\/1999\/xlink\" x=\"0px\" y=\"0px\" width=\"22px\"height=\"22px\" viewBox=\"0 0 22 22\" style=\"overflow:visible;enable-background:new 0 0 80 64.6;\" xml:space=\"preserve\"><g clip-path=\"url(#acA)\"><path fill-rule=\"evenodd\" d=\"M21.913 11.266a.93.93 0 000-.711c-.022-.056-.063-.097-.091-.144s-.053-.103-.097-.15L12.306.294c-.357-.379-.955-.394-1.334-.038s-.394.955-.038 1.334l7.917 8.374H.927a.95.95 0 00-.908.983.946.946 0 00.908.908h17.924l-8.089 8.552c-.357.379-.341.977.034 1.334s.977.341 1.334-.034l9.594-10.148c.044-.044.063-.1.097-.15.028-.047.069-.088.091-.141z\"\/><\/g><defs><clipPath id=\"acA\"><path fill=\"#fff\" d=\"M0 0h22v22H0z\"\/><\/clipPath><\/defs><\/svg><\/span><\/a><\/div><\/div><\/div><div class=\"  col-sm-6 col-md-4 img-article\">\n                                        <div class=\"content-news-display row m-0 p-0\"><div class=\"holder p-0 \"><div class=\"img-wrap img-wrap-news\">\n                                        <div class=\"caption__news-category\">\n                                        <a href=\"https:\/\/www.uoh.cl\/extension\/category\/cuech\">\n                                        CUECH<\/a><\/div><img decoding=\"async\" class=\"w-100 h-100 lazyload\" data-src=\"https:\/\/www.uoh.cl\/extension\/wp-content\/uploads\/sites\/14\/2026\/04\/DSC_2431-scaled.jpg\" alt=\"Universidades estatales sellan hoja de ruta 2030: Red Desarrollo Sustentable entra en fase de consolidaci\u00f3n\" style=\"--smush-placeholder-width: 2560px; --smush-placeholder-aspect-ratio: 2560\/1707;object-fit: cover; object-position: center;\" src=\"data:image\/svg+xml;base64,PHN2ZyB3aWR0aD0iMSIgaGVpZ2h0PSIxIiB4bWxucz0iaHR0cDovL3d3dy53My5vcmcvMjAwMC9zdmciPjwvc3ZnPg==\"><\/div><\/div><div class=\"caption py-3 caption__news py-md-3 pb-md-5\">\n                                    <span class=\"caption__date\">Mi\u00e9rcoles 15, Abril<\/span>\n                                     <a href=\"https:\/\/www.uoh.cl\/extension\/universidades-estatales-sellan-hoja-de-ruta-2030-red-desarrollo-sustentable-entra-en-fase-de-consolidacion\">\n                                    <h3 class=\"small-space\">Universidades estatales sellan hoja de ruta 2030: Red Desarrollo Sustentable entra en fase de consolidaci\u00f3n<\/h3><\/a>\n\n                                    <p>En el Plenario realizado en la Universidad de O'Higgins, los 18 planteles p\u00fablicos definieron sus metas estrat\u00e9gicas para el periodo 2026-2030. El plan priorizar\u00e1 la institucionalizaci\u00f3n de capacidades, un diplomado para organismos p\u00fablicos y la medici\u00f3n de la huella h\u00eddrica en los campus.<\/p>\n                                    <a class=\"link link--bold mt-md-3\" href=\"https:\/\/www.uoh.cl\/extension\/universidades-estatales-sellan-hoja-de-ruta-2030-red-desarrollo-sustentable-entra-en-fase-de-consolidacion\">Saber m\u00e1s <span class=\"icon icon--inline icon--link\"><svg version=\"1.1\" xmlns=\"http:\/\/www.w3.org\/2000\/svg\" xmlns:xlink=\"http:\/\/www.w3.org\/1999\/xlink\" x=\"0px\" y=\"0px\" width=\"22px\"height=\"22px\" viewBox=\"0 0 22 22\" style=\"overflow:visible;enable-background:new 0 0 80 64.6;\" xml:space=\"preserve\"><g clip-path=\"url(#acA)\"><path fill-rule=\"evenodd\" d=\"M21.913 11.266a.93.93 0 000-.711c-.022-.056-.063-.097-.091-.144s-.053-.103-.097-.15L12.306.294c-.357-.379-.955-.394-1.334-.038s-.394.955-.038 1.334l7.917 8.374H.927a.95.95 0 00-.908.983.946.946 0 00.908.908h17.924l-8.089 8.552c-.357.379-.341.977.034 1.334s.977.341 1.334-.034l9.594-10.148c.044-.044.063-.1.097-.15.028-.047.069-.088.091-.141z\"\/><\/g><defs><clipPath id=\"acA\"><path fill=\"#fff\" d=\"M0 0h22v22H0z\"\/><\/clipPath><\/defs><\/svg><\/span><\/a><\/div><\/div><\/div><div class=\"  col-sm-6 col-md-4 img-article\">\n                                        <div class=\"content-news-display row m-0 p-0\"><div class=\"holder p-0 \"><div class=\"img-wrap img-wrap-news\">\n                                        <div class=\"caption__news-category\">\n                                        <a href=\"https:\/\/www.uoh.cl\/extension\/category\/extension\">\n                                        Extensi\u00f3n<\/a><\/div><img decoding=\"async\" class=\"w-100 h-100 lazyload\" data-src=\"https:\/\/www.uoh.cl\/extension\/wp-content\/uploads\/sites\/14\/2026\/03\/Visita-Cultural-Expo-Mimbre-Chimbarongo-15-scaled.jpg\" alt=\"Artesan\u00eda, patrimonio y paisaje marcaron el inicio de las Visitas Culturales 2026 de la Universidad de O\u2019Higgins\" style=\"--smush-placeholder-width: 2560px; --smush-placeholder-aspect-ratio: 2560\/1707;object-fit: cover; object-position: center;\" src=\"data:image\/svg+xml;base64,PHN2ZyB3aWR0aD0iMSIgaGVpZ2h0PSIxIiB4bWxucz0iaHR0cDovL3d3dy53My5vcmcvMjAwMC9zdmciPjwvc3ZnPg==\"><\/div><\/div><div class=\"caption py-3 caption__news py-md-3 pb-md-5\">\n                                    <span class=\"caption__date\">Lunes 23, Marzo<\/span>\n                                     <a href=\"https:\/\/www.uoh.cl\/extension\/artesania-patrimonio-y-paisaje-marcaron-el-inicio-de-las-visitas-culturales-2026-de-la-universidad-de-ohiggins\">\n                                    <h3 class=\"small-space\">Artesan\u00eda, patrimonio y paisaje marcaron el inicio de las Visitas Culturales 2026 de la Universidad de O\u2019Higgins<\/h3><\/a>\n\n                                    <p>La iniciativa busca acercar a la comunidad a experiencias que destacan la identidad cultural, el patrimonio y las tradiciones de diferentes localidades de la regi\u00f3n.<\/p>\n                                    <a class=\"link link--bold mt-md-3\" href=\"https:\/\/www.uoh.cl\/extension\/artesania-patrimonio-y-paisaje-marcaron-el-inicio-de-las-visitas-culturales-2026-de-la-universidad-de-ohiggins\">Saber m\u00e1s <span class=\"icon icon--inline icon--link\"><svg version=\"1.1\" xmlns=\"http:\/\/www.w3.org\/2000\/svg\" xmlns:xlink=\"http:\/\/www.w3.org\/1999\/xlink\" x=\"0px\" y=\"0px\" width=\"22px\"height=\"22px\" viewBox=\"0 0 22 22\" style=\"overflow:visible;enable-background:new 0 0 80 64.6;\" xml:space=\"preserve\"><g clip-path=\"url(#acA)\"><path fill-rule=\"evenodd\" d=\"M21.913 11.266a.93.93 0 000-.711c-.022-.056-.063-.097-.091-.144s-.053-.103-.097-.15L12.306.294c-.357-.379-.955-.394-1.334-.038s-.394.955-.038 1.334l7.917 8.374H.927a.95.95 0 00-.908.983.946.946 0 00.908.908h17.924l-8.089 8.552c-.357.379-.341.977.034 1.334s.977.341 1.334-.034l9.594-10.148c.044-.044.063-.1.097-.15.028-.047.069-.088.091-.141z\"\/><\/g><defs><clipPath id=\"acA\"><path fill=\"#fff\" d=\"M0 0h22v22H0z\"\/><\/clipPath><\/defs><\/svg><\/span><\/a><\/div><\/div><\/div><\/div><\/div><\/div><div class=\"pagination justify-content-center my-5\"><span aria-current=\"page\" class=\"page-numbers current\">1<\/span>\n<a class=\"page-numbers\" href=\"https:\/\/www.uoh.cl\/extension\/wp-json\/wp\/v2\/posts\/1477\/page\/2\">2<\/a>\n<a class=\"page-numbers\" href=\"https:\/\/www.uoh.cl\/extension\/wp-json\/wp\/v2\/posts\/1477\/page\/3\">3<\/a>\n<span class=\"page-numbers dots\">&hellip;<\/span>\n<a class=\"page-numbers\" href=\"https:\/\/www.uoh.cl\/extension\/wp-json\/wp\/v2\/posts\/1477\/page\/103\">103<\/a>\n<a class=\"next page-numbers\" href=\"https:\/\/www.uoh.cl\/extension\/wp-json\/wp\/v2\/posts\/1477\/page\/2\"><div class=\"icon-pagination-next\"> <?xml version=\"1.0\" ?><svg viewBox=\"0 0 96 96\" xmlns=\"http:\/\/www.w3.org\/2000\/svg\"><title\/><path d=\"M39.3756,48.0022l30.47-25.39a6.0035,6.0035,0,0,0-7.6878-9.223L26.1563,43.3906a6.0092,6.0092,0,0,0,0,9.2231L62.1578,82.615a6.0035,6.0035,0,0,0,7.6878-9.2231Z\"\/><\/svg> <\/div><\/a><\/div>[\/vc_column_inner][\/vc_row_inner][\/vc_column][\/vc_row][\/vc_section]<\/p>\n<\/div>","protected":false},"excerpt":{"rendered":"<p>La actividad impulsada por la Universidad de O\u2019Higgins, a trav\u00e9s del Proyecto URO 2193 &#8220;Red Cultural y Cient\u00edfica para la Regi\u00f3n de O&#8217;Higgins&#8221;, se colm\u00f3 de estudiantes de los liceos \u00d3scar Castro Z\u00fa\u00f1iga, Liceo Santa Cruz de Triana (Rancagua) y el Colegio Panquehue de Malloa.<\/p>\n","protected":false},"author":34,"featured_media":20440,"comment_status":"open","ping_status":"open","sticky":false,"template":"","format":"standard","meta":{"_acf_changed":false,"footnotes":""},"categories":[23],"tags":[],"class_list":["post-1477","post","type-post","status-publish","format-standard","has-post-thumbnail","hentry","category-extension"],"acf":[],"yoast_head":"<!-- This site is optimized with the Yoast SEO plugin v26.6 - https:\/\/yoast.com\/wordpress\/plugins\/seo\/ -->\n<title>Seminario de Canto a lo Poeta congreg\u00f3 a m\u00e1s de 150 estudiantes de educaci\u00f3n media - Direcci\u00f3n de Cultura Patrimonio y Extensi\u00f3n UOH<\/title>\n<meta name=\"description\" content=\"La actividad impulsada por la Universidad de O\u2019Higgins, a trav\u00e9s del Proyecto URO 2193 &quot;Red Cultural y Cient\u00edfica para la Regi\u00f3n de O&#039;Higgins&quot;, se colm\u00f3 de estudiantes de los liceos \u00d3scar Castro Z\u00fa\u00f1iga, Liceo Santa Cruz de Triana (Rancagua) y el Colegio Panquehue de Malloa.\" \/>\n<meta name=\"robots\" content=\"index, follow, max-snippet:-1, max-image-preview:large, max-video-preview:-1\" \/>\n<link rel=\"canonical\" href=\"https:\/\/www.uoh.cl\/extension\/seminario-de-canto-a-lo-poeta-congrego-a-mas-de-150-estudiantes-de-educacion-media\" \/>\n<meta property=\"og:locale\" content=\"es_ES\" \/>\n<meta property=\"og:type\" content=\"article\" \/>\n<meta property=\"og:title\" content=\"Seminario de Canto a lo Poeta congreg\u00f3 a m\u00e1s de 150 estudiantes de educaci\u00f3n media - Direcci\u00f3n de Cultura Patrimonio y Extensi\u00f3n UOH\" \/>\n<meta property=\"og:description\" content=\"La actividad impulsada por la Universidad de O\u2019Higgins, a trav\u00e9s del Proyecto URO 2193 &quot;Red Cultural y Cient\u00edfica para la Regi\u00f3n de O&#039;Higgins&quot;, se colm\u00f3 de estudiantes de los liceos \u00d3scar Castro Z\u00fa\u00f1iga, Liceo Santa Cruz de Triana (Rancagua) y el Colegio Panquehue de Malloa.\" \/>\n<meta property=\"og:url\" content=\"https:\/\/www.uoh.cl\/extension\/seminario-de-canto-a-lo-poeta-congrego-a-mas-de-150-estudiantes-de-educacion-media\" \/>\n<meta property=\"og:site_name\" content=\"Direcci\u00f3n de Cultura Patrimonio y Extensi\u00f3n UOH\" \/>\n<meta property=\"article:published_time\" content=\"2023-07-06T15:50:07+00:00\" \/>\n<meta property=\"article:modified_time\" content=\"2023-07-07T17:17:39+00:00\" \/>\n<meta name=\"author\" content=\"Universidad de O&#039;Higgins\" \/>\n<meta name=\"twitter:card\" content=\"summary_large_image\" \/>\n<meta name=\"twitter:label1\" content=\"Escrito por\" \/>\n\t<meta name=\"twitter:data1\" content=\"Universidad de O&#039;Higgins\" \/>\n\t<meta name=\"twitter:label2\" content=\"Tiempo estimado de lectura\" \/>\n\t<meta name=\"twitter:data2\" content=\"4 minutos\" \/>\n<script type=\"application\/ld+json\" class=\"yoast-schema-graph\">{\"@context\":\"https:\/\/schema.org\",\"@graph\":[{\"@type\":\"WebPage\",\"@id\":\"https:\/\/www.uoh.cl\/extension\/seminario-de-canto-a-lo-poeta-congrego-a-mas-de-150-estudiantes-de-educacion-media\",\"url\":\"https:\/\/www.uoh.cl\/extension\/seminario-de-canto-a-lo-poeta-congrego-a-mas-de-150-estudiantes-de-educacion-media\",\"name\":\"Seminario de Canto a lo Poeta congreg\u00f3 a m\u00e1s de 150 estudiantes de educaci\u00f3n media - Direcci\u00f3n de Cultura Patrimonio y Extensi\u00f3n UOH\",\"isPartOf\":{\"@id\":\"https:\/\/www.uoh.cl\/extension\/#website\"},\"primaryImageOfPage\":{\"@id\":\"https:\/\/www.uoh.cl\/extension\/seminario-de-canto-a-lo-poeta-congrego-a-mas-de-150-estudiantes-de-educacion-media#primaryimage\"},\"image\":{\"@id\":\"https:\/\/www.uoh.cl\/extension\/seminario-de-canto-a-lo-poeta-congrego-a-mas-de-150-estudiantes-de-educacion-media#primaryimage\"},\"thumbnailUrl\":\"\",\"datePublished\":\"2023-07-06T15:50:07+00:00\",\"dateModified\":\"2023-07-07T17:17:39+00:00\",\"author\":{\"@id\":\"https:\/\/www.uoh.cl\/extension\/#\/schema\/person\/ea242e676c7d6d7e46fc8b9e39486c4f\"},\"description\":\"La actividad impulsada por la Universidad de O\u2019Higgins, a trav\u00e9s del Proyecto URO 2193 \\\"Red Cultural y Cient\u00edfica para la Regi\u00f3n de O'Higgins\\\", se colm\u00f3 de estudiantes de los liceos \u00d3scar Castro Z\u00fa\u00f1iga, Liceo Santa Cruz de Triana (Rancagua) y el Colegio Panquehue de Malloa.\",\"inLanguage\":\"es-CL\",\"potentialAction\":[{\"@type\":\"ReadAction\",\"target\":[\"https:\/\/www.uoh.cl\/extension\/seminario-de-canto-a-lo-poeta-congrego-a-mas-de-150-estudiantes-de-educacion-media\"]}]},{\"@type\":\"ImageObject\",\"inLanguage\":\"es-CL\",\"@id\":\"https:\/\/www.uoh.cl\/extension\/seminario-de-canto-a-lo-poeta-congrego-a-mas-de-150-estudiantes-de-educacion-media#primaryimage\",\"url\":\"\",\"contentUrl\":\"\"},{\"@type\":\"WebSite\",\"@id\":\"https:\/\/www.uoh.cl\/extension\/#website\",\"url\":\"https:\/\/www.uoh.cl\/extension\/\",\"name\":\"Direcci\u00f3n de Cultura Patrimonio y Extensi\u00f3n UOH\",\"description\":\"Otro sitio de Sitios de Universidad O&#039;higgins\",\"potentialAction\":[{\"@type\":\"SearchAction\",\"target\":{\"@type\":\"EntryPoint\",\"urlTemplate\":\"https:\/\/www.uoh.cl\/extension\/?s={search_term_string}\"},\"query-input\":{\"@type\":\"PropertyValueSpecification\",\"valueRequired\":true,\"valueName\":\"search_term_string\"}}],\"inLanguage\":\"es-CL\"},{\"@type\":\"Person\",\"@id\":\"https:\/\/www.uoh.cl\/extension\/#\/schema\/person\/ea242e676c7d6d7e46fc8b9e39486c4f\",\"name\":\"Universidad de O'Higgins\",\"image\":{\"@type\":\"ImageObject\",\"inLanguage\":\"es-CL\",\"@id\":\"https:\/\/www.uoh.cl\/extension\/#\/schema\/person\/image\/\",\"url\":\"https:\/\/secure.gravatar.com\/avatar\/78fcb76ca05efae11fd355943c01a832a29786cc00d85b1a82c301bea2b2a214?s=96&d=mm&r=g\",\"contentUrl\":\"https:\/\/secure.gravatar.com\/avatar\/78fcb76ca05efae11fd355943c01a832a29786cc00d85b1a82c301bea2b2a214?s=96&d=mm&r=g\",\"caption\":\"Universidad de O'Higgins\"}}]}<\/script>\n<!-- \/ Yoast SEO plugin. -->","yoast_head_json":{"title":"Seminario de Canto a lo Poeta congreg\u00f3 a m\u00e1s de 150 estudiantes de educaci\u00f3n media - Direcci\u00f3n de Cultura Patrimonio y Extensi\u00f3n UOH","description":"La actividad impulsada por la Universidad de O\u2019Higgins, a trav\u00e9s del Proyecto URO 2193 \"Red Cultural y Cient\u00edfica para la Regi\u00f3n de O'Higgins\", se colm\u00f3 de estudiantes de los liceos \u00d3scar Castro Z\u00fa\u00f1iga, Liceo Santa Cruz de Triana (Rancagua) y el Colegio Panquehue de Malloa.","robots":{"index":"index","follow":"follow","max-snippet":"max-snippet:-1","max-image-preview":"max-image-preview:large","max-video-preview":"max-video-preview:-1"},"canonical":"https:\/\/www.uoh.cl\/extension\/seminario-de-canto-a-lo-poeta-congrego-a-mas-de-150-estudiantes-de-educacion-media","og_locale":"es_ES","og_type":"article","og_title":"Seminario de Canto a lo Poeta congreg\u00f3 a m\u00e1s de 150 estudiantes de educaci\u00f3n media - Direcci\u00f3n de Cultura Patrimonio y Extensi\u00f3n UOH","og_description":"La actividad impulsada por la Universidad de O\u2019Higgins, a trav\u00e9s del Proyecto URO 2193 \"Red Cultural y Cient\u00edfica para la Regi\u00f3n de O'Higgins\", se colm\u00f3 de estudiantes de los liceos \u00d3scar Castro Z\u00fa\u00f1iga, Liceo Santa Cruz de Triana (Rancagua) y el Colegio Panquehue de Malloa.","og_url":"https:\/\/www.uoh.cl\/extension\/seminario-de-canto-a-lo-poeta-congrego-a-mas-de-150-estudiantes-de-educacion-media","og_site_name":"Direcci\u00f3n de Cultura Patrimonio y Extensi\u00f3n UOH","article_published_time":"2023-07-06T15:50:07+00:00","article_modified_time":"2023-07-07T17:17:39+00:00","author":"Universidad de O'Higgins","twitter_card":"summary_large_image","twitter_misc":{"Escrito por":"Universidad de O'Higgins","Tiempo estimado de lectura":"4 minutos"},"schema":{"@context":"https:\/\/schema.org","@graph":[{"@type":"WebPage","@id":"https:\/\/www.uoh.cl\/extension\/seminario-de-canto-a-lo-poeta-congrego-a-mas-de-150-estudiantes-de-educacion-media","url":"https:\/\/www.uoh.cl\/extension\/seminario-de-canto-a-lo-poeta-congrego-a-mas-de-150-estudiantes-de-educacion-media","name":"Seminario de Canto a lo Poeta congreg\u00f3 a m\u00e1s de 150 estudiantes de educaci\u00f3n media - Direcci\u00f3n de Cultura Patrimonio y Extensi\u00f3n UOH","isPartOf":{"@id":"https:\/\/www.uoh.cl\/extension\/#website"},"primaryImageOfPage":{"@id":"https:\/\/www.uoh.cl\/extension\/seminario-de-canto-a-lo-poeta-congrego-a-mas-de-150-estudiantes-de-educacion-media#primaryimage"},"image":{"@id":"https:\/\/www.uoh.cl\/extension\/seminario-de-canto-a-lo-poeta-congrego-a-mas-de-150-estudiantes-de-educacion-media#primaryimage"},"thumbnailUrl":"","datePublished":"2023-07-06T15:50:07+00:00","dateModified":"2023-07-07T17:17:39+00:00","author":{"@id":"https:\/\/www.uoh.cl\/extension\/#\/schema\/person\/ea242e676c7d6d7e46fc8b9e39486c4f"},"description":"La actividad impulsada por la Universidad de O\u2019Higgins, a trav\u00e9s del Proyecto URO 2193 \"Red Cultural y Cient\u00edfica para la Regi\u00f3n de O'Higgins\", se colm\u00f3 de estudiantes de los liceos \u00d3scar Castro Z\u00fa\u00f1iga, Liceo Santa Cruz de Triana (Rancagua) y el Colegio Panquehue de Malloa.","inLanguage":"es-CL","potentialAction":[{"@type":"ReadAction","target":["https:\/\/www.uoh.cl\/extension\/seminario-de-canto-a-lo-poeta-congrego-a-mas-de-150-estudiantes-de-educacion-media"]}]},{"@type":"ImageObject","inLanguage":"es-CL","@id":"https:\/\/www.uoh.cl\/extension\/seminario-de-canto-a-lo-poeta-congrego-a-mas-de-150-estudiantes-de-educacion-media#primaryimage","url":"","contentUrl":""},{"@type":"WebSite","@id":"https:\/\/www.uoh.cl\/extension\/#website","url":"https:\/\/www.uoh.cl\/extension\/","name":"Direcci\u00f3n de Cultura Patrimonio y Extensi\u00f3n UOH","description":"Otro sitio de Sitios de Universidad O&#039;higgins","potentialAction":[{"@type":"SearchAction","target":{"@type":"EntryPoint","urlTemplate":"https:\/\/www.uoh.cl\/extension\/?s={search_term_string}"},"query-input":{"@type":"PropertyValueSpecification","valueRequired":true,"valueName":"search_term_string"}}],"inLanguage":"es-CL"},{"@type":"Person","@id":"https:\/\/www.uoh.cl\/extension\/#\/schema\/person\/ea242e676c7d6d7e46fc8b9e39486c4f","name":"Universidad de O'Higgins","image":{"@type":"ImageObject","inLanguage":"es-CL","@id":"https:\/\/www.uoh.cl\/extension\/#\/schema\/person\/image\/","url":"https:\/\/secure.gravatar.com\/avatar\/78fcb76ca05efae11fd355943c01a832a29786cc00d85b1a82c301bea2b2a214?s=96&d=mm&r=g","contentUrl":"https:\/\/secure.gravatar.com\/avatar\/78fcb76ca05efae11fd355943c01a832a29786cc00d85b1a82c301bea2b2a214?s=96&d=mm&r=g","caption":"Universidad de O'Higgins"}}]}},"_links":{"self":[{"href":"https:\/\/www.uoh.cl\/extension\/wp-json\/wp\/v2\/posts\/1477","targetHints":{"allow":["GET"]}}],"collection":[{"href":"https:\/\/www.uoh.cl\/extension\/wp-json\/wp\/v2\/posts"}],"about":[{"href":"https:\/\/www.uoh.cl\/extension\/wp-json\/wp\/v2\/types\/post"}],"author":[{"embeddable":true,"href":"https:\/\/www.uoh.cl\/extension\/wp-json\/wp\/v2\/users\/34"}],"replies":[{"embeddable":true,"href":"https:\/\/www.uoh.cl\/extension\/wp-json\/wp\/v2\/comments?post=1477"}],"version-history":[{"count":1,"href":"https:\/\/www.uoh.cl\/extension\/wp-json\/wp\/v2\/posts\/1477\/revisions"}],"predecessor-version":[{"id":1484,"href":"https:\/\/www.uoh.cl\/extension\/wp-json\/wp\/v2\/posts\/1477\/revisions\/1484"}],"wp:featuredmedia":[{"embeddable":true,"href":"https:\/\/www.uoh.cl\/extension\/wp-json\/"}],"wp:attachment":[{"href":"https:\/\/www.uoh.cl\/extension\/wp-json\/wp\/v2\/media?parent=1477"}],"wp:term":[{"taxonomy":"category","embeddable":true,"href":"https:\/\/www.uoh.cl\/extension\/wp-json\/wp\/v2\/categories?post=1477"},{"taxonomy":"post_tag","embeddable":true,"href":"https:\/\/www.uoh.cl\/extension\/wp-json\/wp\/v2\/tags?post=1477"}],"curies":[{"name":"wp","href":"https:\/\/api.w.org\/{rel}","templated":true}]}}