
{"id":131,"date":"2022-05-18T14:05:40","date_gmt":"2022-05-18T17:05:40","guid":{"rendered":"https:\/\/www.uoh.cl\/extension\/2022\/05\/18\/curso-de-lengua-de-senas-chilenas-busca-disminuir-espacios-de-exclusion\/"},"modified":"2022-05-18T14:05:40","modified_gmt":"2022-05-18T17:05:40","slug":"curso-de-lengua-de-senas-chilenas-busca-disminuir-espacios-de-exclusion","status":"publish","type":"post","link":"https:\/\/www.uoh.cl\/extension\/curso-de-lengua-de-senas-chilenas-busca-disminuir-espacios-de-exclusion","title":{"rendered":"Curso de Lengua de Se\u00f1as Chilenas busca disminuir espacios de exclusi\u00f3n"},"content":{"rendered":"<div class=\"wpb-content-wrapper\"><p>[vc_section el_class=&#8221;container mx-auto align-items-center text-right circle&#8211;pattern&#8221; css=&#8221;.vc_custom_1648956589196{padding-top: 3rem !important;}&#8221;][vc_row el_class=&#8221;pb-5&#8243;][vc_column][vc_wp_custommenu nav_menu=&#8221;6&#8243;]<div class=\"breadcrumb\"><ol itemscope itemtype=\"https:\/\/schema.org\/BreadcrumbList\"><li itemprop=\"itemListElement\" itemscope itemtype=\"https:\/\/schema.org\/ListItem\"><a itemprop=\"item\" href=\"http:\/\/www.uoh.cl\"><span itemprop=\"name\">Inicio<\/span><\/a><meta itemprop=\"position\" content=\"1\" \/><li itemprop=\"itemListElement\" itemscope itemtype=\"https:\/\/schema.org\/ListItem\"><a itemprop=\"item\" href=\"https:\/\/www.uoh.cl\/extension\"><span itemprop=\"name\">Direcci\u00f3n de Cultura Patrimonio y Extensi\u00f3n UOH<\/span><\/a><meta itemprop=\"position\" content=\"2\" \/><li itemprop=\"itemListElement\" itemscope itemtype=\"https:\/\/schema.org\/ListItem\"><a itemprop=\"item\" href=\"https:\/\/www.uoh.cl\/extension\/noticias\"><span itemprop=\"name\">Noticias<\/span><\/a><meta itemprop=\"position\" content=\"3\" \/><li itemprop=\"itemListElement\" itemscope itemtype=\"https:\/\/schema.org\/ListItem\"><span itemprop=\"name\">Curso de Lengua de Se\u00f1as Chilenas busca disminuir espacios de <\/span><meta itemprop=\"position\" content=\"4\" \/><\/ol><\/div><div class=\"uoh_title_component-container\"><h1 class=\"title title--ms d-inline-block title--decorator  big\">Page Simple<\/h1><\/div>[vc_column_text]Disminuir los espacios de exclusi\u00f3n e impulsar mejoras en la calidad de la comunicaci\u00f3n, son parte de los objetivos que estableci\u00f3 la Unidad de Inclusi\u00f3n de la Direcci\u00f3n de Asuntos Estudiantiles (DAE) de la UOH, para llevar a cabo el curso de LSCh para estudiantes de la casa de estudios.<\/p>\n<p>El curso es gratuito y abarcar\u00e1 contenidos de nivel b\u00e1sico. Se desarrollar\u00e1 en dos secciones en dependencias del Campus Rancagua: los martes desde el 31 de mayo hasta el 6 de septiembre y los jueves desde el 19 de mayo hasta el 25 de agosto. Seg\u00fan explic\u00f3 la coordinadora de Inclusi\u00f3n de la UOH, Carol Uribe el objetivo de este curso es \u201cpropiciar un acercamiento a la lengua de se\u00f1as y a la cultura de las personas sordas, otorgando las herramientas b\u00e1sicas en el manejo de la lengua de se\u00f1as que permitan interactuar con una persona sorda\u201d.<\/p>\n<p>Uribe destac\u00f3 que la inclusi\u00f3n es uno de los valores institucionales de la Universidad de O\u2019Higgins, por lo que es importante que las y los estudiantes de la UOH \u201caprendan el\u00a0uso de LSCh desde la reflexi\u00f3n y sobre la perspectiva del enfoque de derechos y biling\u00fce bicultural de la comunidad y cultura de las personas sordas en Chile\u201d.<\/p>\n<p>La coordinadora agreg\u00f3 que tambi\u00e9n es necesario que la comunidad estudiantil \u201cpueda emplear un vocabulario b\u00e1sico de la LSCh, para mantener una conversaci\u00f3n inicial con personas sordas. Deben utilizar la estructura gramatical de la LSCh y sus elementos ling\u00fc\u00edsticos que la definen\u201d.<\/p>\n<p>Finalmente, la profesional explic\u00f3 que para la UOH es prioritario \u201cpromover la inclusi\u00f3n en todo orden de cosas, tanto interna como externamente, en este caso, el de las personas sordas en la comunidad universitaria. Es una tarea permanente asegurar el acceso y oportunidad de comunicaci\u00f3n sin barreras. El uso de la Lengua de Se\u00f1as Chilena como v\u00eda de comunicaci\u00f3n es fundamental para el desarrollo integral de la comunidad sorda\u201d.<\/p>\n<p>Las inscripciones se deben realizar al correo\u00a0<a href=\"mailto:unidad.inclusion@uoh.cl\">unidad.inclusion@uoh.cl<\/a>[\/vc_column_text][\/vc_column][\/vc_row][\/vc_section][vc_section css=&#8221;.vc_custom_1649209804184{background-color: #f6faff !important;}&#8221; el_class=&#8221;p-md-0 pt-md-5&#8243;][vc_row el_class=&#8221;container mx-auto align-items-center text-right p-md-0 pt-5&#8243;][vc_column el_class=&#8221;p-0&#8243;][\/vc_column][\/vc_row][\/vc_section][vc_section css=&#8221;.vc_custom_1649210787516{background-color: #f6faff !important;}&#8221; el_class=&#8221;p-md-0 pt-md-5 pb-md-5&#8243;][vc_row el_class=&#8221;container mx-auto align-items-center text-right&#8221;][vc_column][\/vc_column][\/vc_row][\/vc_section]<\/p>\n<\/div>","protected":false},"excerpt":{"rendered":"<p>\u201cEs una tarea permanente de la Universidad de O\u2019Higgins asegurar el acceso y oportunidad de comunicaci\u00f3n sin barreras\u201d, destac\u00f3 la coordinadora de la Unidad de Inclusi\u00f3n de la DAE, Carol Uribe, qui\u00e9n est\u00e1 a cargo de la realizaci\u00f3n del curso de Lengua de Se\u00f1as Chilena (LSCh) para estudiantes de la casa de estudios.<\/p>\n","protected":false},"author":34,"featured_media":132,"comment_status":"open","ping_status":"open","sticky":false,"template":"","format":"standard","meta":{"_acf_changed":false,"footnotes":""},"categories":[17,8],"tags":[],"class_list":["post-131","post","type-post","status-publish","format-standard","has-post-thumbnail","hentry","category-comunidad","category-institucional"],"acf":[],"yoast_head":"<!-- This site is optimized with the Yoast SEO plugin v26.6 - https:\/\/yoast.com\/wordpress\/plugins\/seo\/ -->\n<title>Curso de Lengua de Se\u00f1as Chilenas busca disminuir espacios de exclusi\u00f3n - Direcci\u00f3n de Cultura Patrimonio y Extensi\u00f3n UOH<\/title>\n<meta name=\"robots\" content=\"index, follow, max-snippet:-1, max-image-preview:large, max-video-preview:-1\" \/>\n<link rel=\"canonical\" href=\"https:\/\/www.uoh.cl\/extension\/curso-de-lengua-de-senas-chilenas-busca-disminuir-espacios-de-exclusion\" \/>\n<meta property=\"og:locale\" content=\"es_ES\" \/>\n<meta property=\"og:type\" content=\"article\" \/>\n<meta property=\"og:title\" content=\"Curso de Lengua de Se\u00f1as Chilenas busca disminuir espacios de exclusi\u00f3n - Direcci\u00f3n de Cultura Patrimonio y Extensi\u00f3n UOH\" \/>\n<meta property=\"og:description\" content=\"\u201cEs una tarea permanente de la Universidad de O\u2019Higgins asegurar el acceso y oportunidad de comunicaci\u00f3n sin barreras\u201d, destac\u00f3 la coordinadora de la Unidad de Inclusi\u00f3n de la DAE, Carol Uribe, qui\u00e9n est\u00e1 a cargo de la realizaci\u00f3n del curso de Lengua de Se\u00f1as Chilena (LSCh) para estudiantes de la casa de estudios.\" \/>\n<meta property=\"og:url\" content=\"https:\/\/www.uoh.cl\/extension\/curso-de-lengua-de-senas-chilenas-busca-disminuir-espacios-de-exclusion\" \/>\n<meta property=\"og:site_name\" content=\"Direcci\u00f3n de Cultura Patrimonio y Extensi\u00f3n UOH\" \/>\n<meta property=\"article:published_time\" content=\"2022-05-18T17:05:40+00:00\" \/>\n<meta property=\"og:image\" content=\"https:\/\/www.uoh.cl\/extension\/wp-content\/uploads\/sites\/14\/2022\/05\/Senas-1.jpg\" \/>\n\t<meta property=\"og:image:width\" content=\"1500\" \/>\n\t<meta property=\"og:image:height\" content=\"979\" \/>\n\t<meta property=\"og:image:type\" content=\"image\/jpeg\" \/>\n<meta name=\"author\" content=\"Universidad de O&#039;Higgins\" \/>\n<meta name=\"twitter:card\" content=\"summary_large_image\" \/>\n<meta name=\"twitter:label1\" content=\"Escrito por\" \/>\n\t<meta name=\"twitter:data1\" content=\"Universidad de O&#039;Higgins\" \/>\n\t<meta name=\"twitter:label2\" content=\"Tiempo estimado de lectura\" \/>\n\t<meta name=\"twitter:data2\" content=\"2 minutos\" \/>\n<script type=\"application\/ld+json\" class=\"yoast-schema-graph\">{\"@context\":\"https:\/\/schema.org\",\"@graph\":[{\"@type\":\"WebPage\",\"@id\":\"https:\/\/www.uoh.cl\/extension\/curso-de-lengua-de-senas-chilenas-busca-disminuir-espacios-de-exclusion\",\"url\":\"https:\/\/www.uoh.cl\/extension\/curso-de-lengua-de-senas-chilenas-busca-disminuir-espacios-de-exclusion\",\"name\":\"Curso de Lengua de Se\u00f1as Chilenas busca disminuir espacios de exclusi\u00f3n - Direcci\u00f3n de Cultura Patrimonio y Extensi\u00f3n UOH\",\"isPartOf\":{\"@id\":\"https:\/\/www.uoh.cl\/extension\/#website\"},\"primaryImageOfPage\":{\"@id\":\"https:\/\/www.uoh.cl\/extension\/curso-de-lengua-de-senas-chilenas-busca-disminuir-espacios-de-exclusion#primaryimage\"},\"image\":{\"@id\":\"https:\/\/www.uoh.cl\/extension\/curso-de-lengua-de-senas-chilenas-busca-disminuir-espacios-de-exclusion#primaryimage\"},\"thumbnailUrl\":\"https:\/\/www.uoh.cl\/extension\/wp-content\/uploads\/sites\/14\/2022\/05\/Senas-1.jpg\",\"datePublished\":\"2022-05-18T17:05:40+00:00\",\"author\":{\"@id\":\"https:\/\/www.uoh.cl\/extension\/#\/schema\/person\/ea242e676c7d6d7e46fc8b9e39486c4f\"},\"inLanguage\":\"es-CL\",\"potentialAction\":[{\"@type\":\"ReadAction\",\"target\":[\"https:\/\/www.uoh.cl\/extension\/curso-de-lengua-de-senas-chilenas-busca-disminuir-espacios-de-exclusion\"]}]},{\"@type\":\"ImageObject\",\"inLanguage\":\"es-CL\",\"@id\":\"https:\/\/www.uoh.cl\/extension\/curso-de-lengua-de-senas-chilenas-busca-disminuir-espacios-de-exclusion#primaryimage\",\"url\":\"https:\/\/www.uoh.cl\/extension\/wp-content\/uploads\/sites\/14\/2022\/05\/Senas-1.jpg\",\"contentUrl\":\"https:\/\/www.uoh.cl\/extension\/wp-content\/uploads\/sites\/14\/2022\/05\/Senas-1.jpg\",\"width\":1500,\"height\":979},{\"@type\":\"WebSite\",\"@id\":\"https:\/\/www.uoh.cl\/extension\/#website\",\"url\":\"https:\/\/www.uoh.cl\/extension\/\",\"name\":\"Direcci\u00f3n de Cultura Patrimonio y Extensi\u00f3n UOH\",\"description\":\"Otro sitio de Sitios de Universidad O&#039;higgins\",\"potentialAction\":[{\"@type\":\"SearchAction\",\"target\":{\"@type\":\"EntryPoint\",\"urlTemplate\":\"https:\/\/www.uoh.cl\/extension\/?s={search_term_string}\"},\"query-input\":{\"@type\":\"PropertyValueSpecification\",\"valueRequired\":true,\"valueName\":\"search_term_string\"}}],\"inLanguage\":\"es-CL\"},{\"@type\":\"Person\",\"@id\":\"https:\/\/www.uoh.cl\/extension\/#\/schema\/person\/ea242e676c7d6d7e46fc8b9e39486c4f\",\"name\":\"Universidad de O'Higgins\",\"image\":{\"@type\":\"ImageObject\",\"inLanguage\":\"es-CL\",\"@id\":\"https:\/\/www.uoh.cl\/extension\/#\/schema\/person\/image\/\",\"url\":\"https:\/\/secure.gravatar.com\/avatar\/78fcb76ca05efae11fd355943c01a832a29786cc00d85b1a82c301bea2b2a214?s=96&d=mm&r=g\",\"contentUrl\":\"https:\/\/secure.gravatar.com\/avatar\/78fcb76ca05efae11fd355943c01a832a29786cc00d85b1a82c301bea2b2a214?s=96&d=mm&r=g\",\"caption\":\"Universidad de O'Higgins\"}}]}<\/script>\n<!-- \/ Yoast SEO plugin. -->","yoast_head_json":{"title":"Curso de Lengua de Se\u00f1as Chilenas busca disminuir espacios de exclusi\u00f3n - Direcci\u00f3n de Cultura Patrimonio y Extensi\u00f3n UOH","robots":{"index":"index","follow":"follow","max-snippet":"max-snippet:-1","max-image-preview":"max-image-preview:large","max-video-preview":"max-video-preview:-1"},"canonical":"https:\/\/www.uoh.cl\/extension\/curso-de-lengua-de-senas-chilenas-busca-disminuir-espacios-de-exclusion","og_locale":"es_ES","og_type":"article","og_title":"Curso de Lengua de Se\u00f1as Chilenas busca disminuir espacios de exclusi\u00f3n - Direcci\u00f3n de Cultura Patrimonio y Extensi\u00f3n UOH","og_description":"\u201cEs una tarea permanente de la Universidad de O\u2019Higgins asegurar el acceso y oportunidad de comunicaci\u00f3n sin barreras\u201d, destac\u00f3 la coordinadora de la Unidad de Inclusi\u00f3n de la DAE, Carol Uribe, qui\u00e9n est\u00e1 a cargo de la realizaci\u00f3n del curso de Lengua de Se\u00f1as Chilena (LSCh) para estudiantes de la casa de estudios.","og_url":"https:\/\/www.uoh.cl\/extension\/curso-de-lengua-de-senas-chilenas-busca-disminuir-espacios-de-exclusion","og_site_name":"Direcci\u00f3n de Cultura Patrimonio y Extensi\u00f3n UOH","article_published_time":"2022-05-18T17:05:40+00:00","og_image":[{"width":1500,"height":979,"url":"https:\/\/www.uoh.cl\/extension\/wp-content\/uploads\/sites\/14\/2022\/05\/Senas-1.jpg","type":"image\/jpeg"}],"author":"Universidad de O'Higgins","twitter_card":"summary_large_image","twitter_misc":{"Escrito por":"Universidad de O'Higgins","Tiempo estimado de lectura":"2 minutos"},"schema":{"@context":"https:\/\/schema.org","@graph":[{"@type":"WebPage","@id":"https:\/\/www.uoh.cl\/extension\/curso-de-lengua-de-senas-chilenas-busca-disminuir-espacios-de-exclusion","url":"https:\/\/www.uoh.cl\/extension\/curso-de-lengua-de-senas-chilenas-busca-disminuir-espacios-de-exclusion","name":"Curso de Lengua de Se\u00f1as Chilenas busca disminuir espacios de exclusi\u00f3n - Direcci\u00f3n de Cultura Patrimonio y Extensi\u00f3n UOH","isPartOf":{"@id":"https:\/\/www.uoh.cl\/extension\/#website"},"primaryImageOfPage":{"@id":"https:\/\/www.uoh.cl\/extension\/curso-de-lengua-de-senas-chilenas-busca-disminuir-espacios-de-exclusion#primaryimage"},"image":{"@id":"https:\/\/www.uoh.cl\/extension\/curso-de-lengua-de-senas-chilenas-busca-disminuir-espacios-de-exclusion#primaryimage"},"thumbnailUrl":"https:\/\/www.uoh.cl\/extension\/wp-content\/uploads\/sites\/14\/2022\/05\/Senas-1.jpg","datePublished":"2022-05-18T17:05:40+00:00","author":{"@id":"https:\/\/www.uoh.cl\/extension\/#\/schema\/person\/ea242e676c7d6d7e46fc8b9e39486c4f"},"inLanguage":"es-CL","potentialAction":[{"@type":"ReadAction","target":["https:\/\/www.uoh.cl\/extension\/curso-de-lengua-de-senas-chilenas-busca-disminuir-espacios-de-exclusion"]}]},{"@type":"ImageObject","inLanguage":"es-CL","@id":"https:\/\/www.uoh.cl\/extension\/curso-de-lengua-de-senas-chilenas-busca-disminuir-espacios-de-exclusion#primaryimage","url":"https:\/\/www.uoh.cl\/extension\/wp-content\/uploads\/sites\/14\/2022\/05\/Senas-1.jpg","contentUrl":"https:\/\/www.uoh.cl\/extension\/wp-content\/uploads\/sites\/14\/2022\/05\/Senas-1.jpg","width":1500,"height":979},{"@type":"WebSite","@id":"https:\/\/www.uoh.cl\/extension\/#website","url":"https:\/\/www.uoh.cl\/extension\/","name":"Direcci\u00f3n de Cultura Patrimonio y Extensi\u00f3n UOH","description":"Otro sitio de Sitios de Universidad O&#039;higgins","potentialAction":[{"@type":"SearchAction","target":{"@type":"EntryPoint","urlTemplate":"https:\/\/www.uoh.cl\/extension\/?s={search_term_string}"},"query-input":{"@type":"PropertyValueSpecification","valueRequired":true,"valueName":"search_term_string"}}],"inLanguage":"es-CL"},{"@type":"Person","@id":"https:\/\/www.uoh.cl\/extension\/#\/schema\/person\/ea242e676c7d6d7e46fc8b9e39486c4f","name":"Universidad de O'Higgins","image":{"@type":"ImageObject","inLanguage":"es-CL","@id":"https:\/\/www.uoh.cl\/extension\/#\/schema\/person\/image\/","url":"https:\/\/secure.gravatar.com\/avatar\/78fcb76ca05efae11fd355943c01a832a29786cc00d85b1a82c301bea2b2a214?s=96&d=mm&r=g","contentUrl":"https:\/\/secure.gravatar.com\/avatar\/78fcb76ca05efae11fd355943c01a832a29786cc00d85b1a82c301bea2b2a214?s=96&d=mm&r=g","caption":"Universidad de O'Higgins"}}]}},"_links":{"self":[{"href":"https:\/\/www.uoh.cl\/extension\/wp-json\/wp\/v2\/posts\/131","targetHints":{"allow":["GET"]}}],"collection":[{"href":"https:\/\/www.uoh.cl\/extension\/wp-json\/wp\/v2\/posts"}],"about":[{"href":"https:\/\/www.uoh.cl\/extension\/wp-json\/wp\/v2\/types\/post"}],"author":[{"embeddable":true,"href":"https:\/\/www.uoh.cl\/extension\/wp-json\/wp\/v2\/users\/34"}],"replies":[{"embeddable":true,"href":"https:\/\/www.uoh.cl\/extension\/wp-json\/wp\/v2\/comments?post=131"}],"version-history":[{"count":0,"href":"https:\/\/www.uoh.cl\/extension\/wp-json\/wp\/v2\/posts\/131\/revisions"}],"wp:featuredmedia":[{"embeddable":true,"href":"https:\/\/www.uoh.cl\/extension\/wp-json\/wp\/v2\/media\/132"}],"wp:attachment":[{"href":"https:\/\/www.uoh.cl\/extension\/wp-json\/wp\/v2\/media?parent=131"}],"wp:term":[{"taxonomy":"category","embeddable":true,"href":"https:\/\/www.uoh.cl\/extension\/wp-json\/wp\/v2\/categories?post=131"},{"taxonomy":"post_tag","embeddable":true,"href":"https:\/\/www.uoh.cl\/extension\/wp-json\/wp\/v2\/tags?post=131"}],"curies":[{"name":"wp","href":"https:\/\/api.w.org\/{rel}","templated":true}]}}