
{"id":1002,"date":"2023-01-20T10:57:01","date_gmt":"2023-01-20T13:57:01","guid":{"rendered":"https:\/\/www.uoh.cl\/extension\/ix-escuela-de-temporada-experto-en-sustentabilidad-dictara-charla-sobre-cambio-climatico-y-crisis-hidrica-en-la-region-de-ohiggins\/"},"modified":"2023-01-20T10:57:01","modified_gmt":"2023-01-20T13:57:01","slug":"ix-escuela-de-temporada-experto-en-sustentabilidad-dictara-charla-sobre-cambio-climatico-y-crisis-hidrica-en-la-region-de-ohiggins","status":"publish","type":"post","link":"https:\/\/www.uoh.cl\/extension\/ix-escuela-de-temporada-experto-en-sustentabilidad-dictara-charla-sobre-cambio-climatico-y-crisis-hidrica-en-la-region-de-ohiggins","title":{"rendered":"IX Escuela de Temporada: Experto en sustentabilidad dictar\u00e1 charla sobre cambio clim\u00e1tico y crisis h\u00eddrica en la Regi\u00f3n de O\u2019Higgins"},"content":{"rendered":"<div class=\"wpb-content-wrapper\"><p>[vc_section el_class=&#8221;container mx-auto align-items-center text-right circle&#8211;pattern&#8221; css=&#8221;.vc_custom_1648956589196{padding-top: 3rem !important;}&#8221;][vc_row][vc_column]<div class=\"breadcrumb\"><ol itemscope itemtype=\"https:\/\/schema.org\/BreadcrumbList\"><li itemprop=\"itemListElement\" itemscope itemtype=\"https:\/\/schema.org\/ListItem\"><a itemprop=\"item\" href=\"http:\/\/www.uoh.cl\"><span itemprop=\"name\">Inicio<\/span><\/a><meta itemprop=\"position\" content=\"1\" \/><li itemprop=\"itemListElement\" itemscope itemtype=\"https:\/\/schema.org\/ListItem\"><a itemprop=\"item\" href=\"https:\/\/www.uoh.cl\/extension\"><span itemprop=\"name\">Direcci\u00f3n de Cultura Patrimonio y Extensi\u00f3n UOH<\/span><\/a><meta itemprop=\"position\" content=\"2\" \/><li itemprop=\"itemListElement\" itemscope itemtype=\"https:\/\/schema.org\/ListItem\"><a itemprop=\"item\" href=\"https:\/\/www.uoh.cl\/extension\/noticias\"><span itemprop=\"name\">Noticias<\/span><\/a><meta itemprop=\"position\" content=\"3\" \/><li itemprop=\"itemListElement\" itemscope itemtype=\"https:\/\/schema.org\/ListItem\"><span itemprop=\"name\">IX Escuela de Temporada: Experto en sustentabilidad dictar\u00e1 charla sobre <\/span><meta itemprop=\"position\" content=\"4\" \/><\/ol><\/div><ul class=\"p-0 list-style-none d-inline-block\"><li class=\"p-0\"><a href=https:\/\/www.uoh.cl\/extension\/category\/extension class=\"px-1 py-2\">Extensi\u00f3n<\/a><\/li><\/ul><div class=\"date_publish_post\"> \u25cf Vie 20 de Enero 2023<\/div><div class=\"uoh_title_component-container\"><h1 class=\"title title--ms d-inline-block title--decorator  big\">IX Escuela de Temporada: Experto en sustentabilidad dictar\u00e1 charla sobre cambio clim\u00e1tico y crisis h\u00eddrica en la Regi\u00f3n de O\u2019Higgins<\/h1><\/div>[vc_row_inner el_class=&#8221;border-separator m-0&#8243;][vc_column_inner width=&#8221;2\/3&#8243;]<div class=\"author_wp_class\"> Escrito por <span>Universidad de O'Higgins<\/span><\/div>[\/vc_column_inner][vc_column_inner el_class=&#8221;align-items-end-publish&#8221; width=&#8221;1\/3&#8243;]<div class=\"uoh_social_network_component uoh_row col-12 justify-content-end m-0 p-0\"> <div class=\"icon__facebook-share-button\">\n                       <a href=\"https:\/\/www.facebook.com\/sharer\/sharer.php?u=https:\/\/www.uoh.cl\/extension\/ix-escuela-de-temporada-experto-en-sustentabilidad-dictara-charla-sobre-cambio-climatico-y-crisis-hidrica-en-la-region-de-ohiggins\" target=\"_blank\"> <div class=\"icon__facebook-svg\"><svg version=\"1.1\" xmlns=\"http:\/\/www.w3.org\/2000\/svg\" xmlns:xlink=\"http:\/\/www.w3.org\/1999\/xlink\" x=\"0px\" y=\"0px\" width=\"22.4px\" height=\"48.3px\" viewBox=\"0 0 22.4 48.3\" style=\"overflow:visible;enable-background:new 0 0 22.4 48.3;\" xml:space=\"preserve\">\n                <defs>\n                <\/defs>\n                <path class=\"st0\" d=\"M22.4,15.6h-7.6v-5c0-1.9,1.2-2.3,2.1-2.3c0.9,0,5.4,0,5.4,0V0l-7.4,0C6.6,0,4.8,6.2,4.8,10.1v5.5H0v8.5h4.8\n                    c0,10.9,0,24.1,0,24.1h10c0,0,0-13.3,0-24.1h6.8L22.4,15.6z\"><\/path>\n                <\/svg><\/a><\/div>\n                    <\/div><div class=\"icon__twitter-share-button\">\n                        <div class=\"icon__twitter-svg\"><a target=\"_blank\" href=\"http:\/\/twitter.com\/share?url=https:\/\/www.uoh.cl\/extension\/ix-escuela-de-temporada-experto-en-sustentabilidad-dictara-charla-sobre-cambio-climatico-y-crisis-hidrica-en-la-region-de-ohiggins\"><svg xmlns=\"http:\/\/www.w3.org\/2000\/svg\" height=\"1em\" viewBox=\"0 0 512 512\"><!--! Font Awesome Free 6.4.2 by @fontawesome - https:\/\/fontawesome.com License - https:\/\/fontawesome.com\/license (Commercial License) Copyright 2023 Fonticons, Inc. --><path d=\"M389.2 48h70.6L305.6 224.2 487 464H345L233.7 318.6 106.5 464H35.8L200.7 275.5 26.8 48H172.4L272.9 180.9 389.2 48zM364.4 421.8h39.1L151.1 88h-42L364.4 421.8z\"\/><\/svg><\/a><\/div>\n                        <\/div><div class=\"icon__linkedin-share-button\">\n                        <div class=\"icon__linkedin-svg\">\n                        <a target=\"__blank\" href=\"https:\/\/www.linkedin.com\/sharing\/share-offsite\/?url=https:\/\/www.uoh.cl\/extension\/ix-escuela-de-temporada-experto-en-sustentabilidad-dictara-charla-sobre-cambio-climatico-y-crisis-hidrica-en-la-region-de-ohiggins\"><svg enable-background=\"new 0 0 100 100\" height=\"100px\" id=\"Layer_1\" version=\"1.1\" viewBox=\"0 0 100 100\" width=\"100px\" xml:space=\"preserve\" xmlns=\"http:\/\/www.w3.org\/2000\/svg\" xmlns:xlink=\"http:\/\/www.w3.org\/1999\/xlink\"><g><circle cx=\"50\" cy=\"50\" fill=\"#ccc\" r=\"45\"\/><g id=\"LinkedIn_1_\"><rect fill=\"#FFFFFF\" height=\"24.361\" width=\"7.69\" x=\"31.271\" y=\"43.569\"\/><path d=\"M59.968,43.334c-4.406,0-7.165,2.387-7.677,4.058v-3.823h-8.636c0.109,2.03,0,24.361,0,24.361h8.636    V54.748c0-0.733-0.034-1.465,0.19-1.991c0.594-1.464,1.869-2.985,4.162-2.985c2.998,0,4.361,2.253,4.361,5.552V67.93h8.721V54.384    C69.726,46.839,65.432,43.334,59.968,43.334z\" fill=\"#FFFFFF\"\/><path d=\"M34.973,32.069c-2.839,0-4.696,1.823-4.696,4.229c0,2.361,1.804,4.224,4.589,4.224h0.054    c2.891,0,4.69-1.869,4.69-4.229C39.555,33.888,37.81,32.069,34.973,32.069z\" fill=\"#FFFFFF\"\/><\/g><\/g><\/svg><\/a><\/div>\n\n            <\/div><\/div>[\/vc_column_inner][\/vc_row_inner][vc_single_image image=&#8221;16639&#8243; img_size=&#8221;full&#8221; onclick=&#8221;link_image&#8221;][vc_column_text]\u00a0[\/vc_column_text][vc_column_text]<em>&#8220;Cambio clim\u00e1tico HOY: \u00bfc\u00f3mo ser parte de la soluci\u00f3n?&#8221; es el t\u00edtulo de la charla que dictar\u00e1 el acad\u00e9mico Reynaldo Cabezas el pr\u00f3ximo lunes 23 de enero en San Vicente de Tagua Tagua. La instancia es parte del despliegue de actividades que realizar\u00e1n la Universidad de Chile y la Universidad de O\u2019Higgins en el marco de la novena versi\u00f3n de la Escuela de Temporada, titulada en esta ocasi\u00f3n \u201cEncuentro desde los territorios y las comunidades: ciudadan\u00edas, culturas y sustentabilidad\u201d.<\/em><\/p>\n<p>[\/vc_column_text][vc_column_text]\u00a0[\/vc_column_text][vc_column_text]Bajo la decisi\u00f3n t\u00e9cnica de la Direcci\u00f3n General de Aguas del Ministerio de Obras P\u00fablicas, y en concordancia al art\u00edculo 314 del C\u00f3digo de Aguas, el a\u00f1o 2019, el entonces ministro de dicha cartera, Alfredo Moreno, decret\u00f3<strong>\u00a0<\/strong><strong>\u201cZona de escasez h\u00eddrica\u201d<\/strong>\u00a0<strong>para las 33 comunas de la Regi\u00f3n de O\u2019Higgins<\/strong>. Durante los siguientes seis meses, estos territorios estuvieron bajo una serie de criterios de extracci\u00f3n de agua, medidas que no fueron indiferentes para las y los habitantes de la zona.<\/p>\n<p>A partir de esa fecha, distintas autoridades de la regi\u00f3n asumieron la gravedad que significaba este hecho para la zona, reconocida por su car\u00e1cter agr\u00edcola. Es en este contexto que\u00a0<strong>Reynaldo Cabezas<\/strong>, docente de la Universidad de Chile y experto en sustentabilidad, llegar\u00e1 el pr\u00f3ximo lunes 23 de enero a la comuna de San Vicente de Tagua Tagua para conversar con vecinas y vecinos de la zona sobre los\u00a0<strong>desaf\u00edos que plantea el cambio clim\u00e1tico y la urgencia del cuidado del medioambiente<\/strong>.<\/p>\n<p>El\u00a0Secretario Ejecutivo del Comit\u00e9 por la Sustentabilidad de la Universidad de Chile afirma que la\u00a0<strong>charla se dictar\u00e1 con un\u00a0lenguaje sencillo y \u201cno muy t\u00e9cnico\u201d<\/strong>,\u00a0ya que su objetivo es que las y los asistentes puedan comprender -con un poco m\u00e1s de profundidad- el concepto de efecto invernadero y entender c\u00f3mo funciona f\u00edsicamente.<\/p>\n<p>Destaca, adem\u00e1s, que uno de los puntos transversales del di\u00e1logo ser\u00e1 el rol que pueden ejercer los ciudadanos y ciudadanas, enfatizando \u201cla<strong>\u00a0<\/strong><strong>importancia que tienen nuestras acciones diarias para enfrentar el cambio clim\u00e1tico<\/strong><strong>\u00a0<\/strong>y los desaf\u00edos que nos est\u00e1 presentando, como la crisis h\u00eddrica\u201d. Agrega que tambi\u00e9n se referir\u00e1 a la relevancia de trabajar en soluciones tanto a nivel global como local. \u201cLa gente de San Vicente de Tagua Tagua es la que conoce mejor su territorio, por lo tanto, son fundamentales para enfrentar el problema del cambio clim\u00e1tico\u201d, indica.<\/p>\n<p>Por esta raz\u00f3n, la directora de Extensi\u00f3n de la Universidad de Chile,\u00a0<strong>Svenska Arensburg<\/strong>, refuerza la invitaci\u00f3n a toda la comunidad que participar\u00e1 en esta charla dictada por el integrante del Comit\u00e9 de Sustentabilidad de la Universidad de Chile, quien justamente trabaja desde el a\u00f1o 2017 en proyectos sustentables enfocados en eficiencia energ\u00e9tica, integraci\u00f3n de energ\u00edas renovables, mitigaci\u00f3n del cambio clim\u00e1tico y desarrollo bajo en carbono. \u201c<strong>Esperamos que sea un aporte fundamental para el cierre de esta Escuela en San Vicente y que, tambi\u00e9n provoque preguntas, reflexiones para quienes asistan a esta conversaci\u00f3n<\/strong>\u201d, comenta.<\/p>\n<p>Reforzando la alianza entre la U. de Chile y su par estatal la<strong>\u00a0<\/strong>Universidad de O\u2019Higgins, el director de Gesti\u00f3n Comunitaria de dicha instituci\u00f3n,<strong>\u00a0<\/strong><strong>Marcelo Catejo<\/strong>, recalca la importancia del v\u00ednculo con los territorios en esta charla que ahondar\u00e1 en la problem\u00e1tica medioambiental de la zona. &#8220;<strong>La realidad que vive cada uno de los lugares y de las comunas es diferente una con la otra, pero tienen algo en com\u00fan que tiene que ver con el ecosistema<\/strong>, que tiene que ver tambi\u00e9n con el medio ambiente, y tiene que ver, de alguna forma, con c\u00f3mo nos proyectamos de aqu\u00ed en adelante\u201d.<\/p>\n<p>Finalmente, Reynaldo Cabezas extiende su invitaci\u00f3n a todas las vecinas y vecinos de la comuna y de los alrededores, interesados en conocer m\u00e1s sobre la situaci\u00f3n medioambiental de la zona.\u00a0<strong>\u201cInvito a las personas de San Vicente de Tagua Tagua a que participen de la charla,<\/strong>\u00a0que no ser\u00e1 solo un mon\u00f3logo, que tendr\u00e1 interacci\u00f3n y uno que otro chiste para distraernos y aprender al mismo tiempo. La adaptaci\u00f3n al cambio clim\u00e1tico requiere del conocimiento local, as\u00ed que tambi\u00e9n espero aprender de la gente que participe de la actividad\u201d.<\/p>\n<p>&nbsp;<\/p>\n<p>[\/vc_column_text][\/vc_column][\/vc_row][vc_row][vc_column width=&#8221;1\/5&#8243;][\/vc_column][vc_column width=&#8221;1\/5&#8243;][\/vc_column][vc_column width=&#8221;1\/5&#8243;][\/vc_column][vc_column width=&#8221;1\/5&#8243;][\/vc_column][vc_column width=&#8221;1\/5&#8243;][\/vc_column][\/vc_row][\/vc_section][vc_section css=&#8221;.vc_custom_1650255686594{background-color: #f6faff !important;}&#8221; el_class=&#8221;p-md-0 pt-md-5&#8243;][vc_row el_class=&#8221;container mx-auto align-items-center text-right p-md-0 pt-5 pb-5&#8243;][vc_column el_class=&#8221;pb-5&#8243;][vc_row_inner el_class=&#8221;pb-5&#8243;][vc_column_inner]<div class=\"row m-0 p-0\"><div class=\"col-12 col-md-9 pt-5 pt-md-0\"><h2 class=\"title title--decorator title--ms d-inline-block\">Te Recomendamos<\/h2><\/div><\/div><div class=\"content-holder\"><div class=\"row  swipper-news-list not--activate-hack \"><div class=\"row -wrapper\"><div class=\"  col-sm-6 col-md-4 img-article\">\n                                        <div class=\"content-news-display row m-0 p-0\"><div class=\"holder p-0 \"><div class=\"img-wrap img-wrap-news\">\n                                        <div class=\"caption__news-category\">\n                                        <a href=\"https:\/\/www.uoh.cl\/extension\/category\/institucional\">\n                                        Institucional<\/a><\/div><img decoding=\"async\" class=\"w-100 h-100 lazyload\" data-src=\"https:\/\/www.uoh.cl\/extension\/wp-content\/uploads\/sites\/14\/2026\/04\/Inauguracion-Ano-Academico-2026-6.jpg\" alt=\"Reflexi\u00f3n universitaria: UOH inaugura A\u00f1o Acad\u00e9mico 2026 pensando en los desaf\u00edos de la Educaci\u00f3n Superior\" style=\"--smush-placeholder-width: 1500px; --smush-placeholder-aspect-ratio: 1500\/1000;object-fit: cover; object-position: center;\" src=\"data:image\/svg+xml;base64,PHN2ZyB3aWR0aD0iMSIgaGVpZ2h0PSIxIiB4bWxucz0iaHR0cDovL3d3dy53My5vcmcvMjAwMC9zdmciPjwvc3ZnPg==\"><\/div><\/div><div class=\"caption py-3 caption__news py-md-3 pb-md-5\">\n                                    <span class=\"caption__date\">Mi\u00e9rcoles 29, Abril<\/span>\n                                     <a href=\"https:\/\/www.uoh.cl\/extension\/reflexion-universitaria-uoh-inaugura-ano-academico-2026-pensando-en-los-desafios-de-la-educacion-superior\">\n                                    <h3 class=\"small-space\">Reflexi\u00f3n universitaria: UOH inaugura A\u00f1o Acad\u00e9mico 2026 pensando en los desaf\u00edos de la Educaci\u00f3n Superior<\/h3><\/a>\n\n                                    <p>La ceremonia promovi\u00f3 el an\u00e1lisis acerca de los cambios educativos que se avecinan dentro de los procesos de formaci\u00f3n universitaria ajustados a contextos digitales.   <\/p>\n                                    <a class=\"link link--bold mt-md-3\" href=\"https:\/\/www.uoh.cl\/extension\/reflexion-universitaria-uoh-inaugura-ano-academico-2026-pensando-en-los-desafios-de-la-educacion-superior\">Saber m\u00e1s <span class=\"icon icon--inline icon--link\"><svg version=\"1.1\" xmlns=\"http:\/\/www.w3.org\/2000\/svg\" xmlns:xlink=\"http:\/\/www.w3.org\/1999\/xlink\" x=\"0px\" y=\"0px\" width=\"22px\"height=\"22px\" viewBox=\"0 0 22 22\" style=\"overflow:visible;enable-background:new 0 0 80 64.6;\" xml:space=\"preserve\"><g clip-path=\"url(#acA)\"><path fill-rule=\"evenodd\" d=\"M21.913 11.266a.93.93 0 000-.711c-.022-.056-.063-.097-.091-.144s-.053-.103-.097-.15L12.306.294c-.357-.379-.955-.394-1.334-.038s-.394.955-.038 1.334l7.917 8.374H.927a.95.95 0 00-.908.983.946.946 0 00.908.908h17.924l-8.089 8.552c-.357.379-.341.977.034 1.334s.977.341 1.334-.034l9.594-10.148c.044-.044.063-.1.097-.15.028-.047.069-.088.091-.141z\"\/><\/g><defs><clipPath id=\"acA\"><path fill=\"#fff\" d=\"M0 0h22v22H0z\"\/><\/clipPath><\/defs><\/svg><\/span><\/a><\/div><\/div><\/div><div class=\"  col-sm-6 col-md-4 img-article\">\n                                        <div class=\"content-news-display row m-0 p-0\"><div class=\"holder p-0 \"><div class=\"img-wrap img-wrap-news\">\n                                        <div class=\"caption__news-category\">\n                                        <a href=\"https:\/\/www.uoh.cl\/extension\/category\/cuech\">\n                                        CUECH<\/a><\/div><img decoding=\"async\" class=\"w-100 h-100 lazyload\" data-src=\"https:\/\/www.uoh.cl\/extension\/wp-content\/uploads\/sites\/14\/2026\/04\/DSC_2431-scaled.jpg\" alt=\"Universidades estatales sellan hoja de ruta 2030: Red Desarrollo Sustentable entra en fase de consolidaci\u00f3n\" style=\"--smush-placeholder-width: 2560px; --smush-placeholder-aspect-ratio: 2560\/1707;object-fit: cover; object-position: center;\" src=\"data:image\/svg+xml;base64,PHN2ZyB3aWR0aD0iMSIgaGVpZ2h0PSIxIiB4bWxucz0iaHR0cDovL3d3dy53My5vcmcvMjAwMC9zdmciPjwvc3ZnPg==\"><\/div><\/div><div class=\"caption py-3 caption__news py-md-3 pb-md-5\">\n                                    <span class=\"caption__date\">Mi\u00e9rcoles 15, Abril<\/span>\n                                     <a href=\"https:\/\/www.uoh.cl\/extension\/universidades-estatales-sellan-hoja-de-ruta-2030-red-desarrollo-sustentable-entra-en-fase-de-consolidacion\">\n                                    <h3 class=\"small-space\">Universidades estatales sellan hoja de ruta 2030: Red Desarrollo Sustentable entra en fase de consolidaci\u00f3n<\/h3><\/a>\n\n                                    <p>En el Plenario realizado en la Universidad de O'Higgins, los 18 planteles p\u00fablicos definieron sus metas estrat\u00e9gicas para el periodo 2026-2030. El plan priorizar\u00e1 la institucionalizaci\u00f3n de capacidades, un diplomado para organismos p\u00fablicos y la medici\u00f3n de la huella h\u00eddrica en los campus.<\/p>\n                                    <a class=\"link link--bold mt-md-3\" href=\"https:\/\/www.uoh.cl\/extension\/universidades-estatales-sellan-hoja-de-ruta-2030-red-desarrollo-sustentable-entra-en-fase-de-consolidacion\">Saber m\u00e1s <span class=\"icon icon--inline icon--link\"><svg version=\"1.1\" xmlns=\"http:\/\/www.w3.org\/2000\/svg\" xmlns:xlink=\"http:\/\/www.w3.org\/1999\/xlink\" x=\"0px\" y=\"0px\" width=\"22px\"height=\"22px\" viewBox=\"0 0 22 22\" style=\"overflow:visible;enable-background:new 0 0 80 64.6;\" xml:space=\"preserve\"><g clip-path=\"url(#acA)\"><path fill-rule=\"evenodd\" d=\"M21.913 11.266a.93.93 0 000-.711c-.022-.056-.063-.097-.091-.144s-.053-.103-.097-.15L12.306.294c-.357-.379-.955-.394-1.334-.038s-.394.955-.038 1.334l7.917 8.374H.927a.95.95 0 00-.908.983.946.946 0 00.908.908h17.924l-8.089 8.552c-.357.379-.341.977.034 1.334s.977.341 1.334-.034l9.594-10.148c.044-.044.063-.1.097-.15.028-.047.069-.088.091-.141z\"\/><\/g><defs><clipPath id=\"acA\"><path fill=\"#fff\" d=\"M0 0h22v22H0z\"\/><\/clipPath><\/defs><\/svg><\/span><\/a><\/div><\/div><\/div><div class=\"  col-sm-6 col-md-4 img-article\">\n                                        <div class=\"content-news-display row m-0 p-0\"><div class=\"holder p-0 \"><div class=\"img-wrap img-wrap-news\">\n                                        <div class=\"caption__news-category\">\n                                        <a href=\"https:\/\/www.uoh.cl\/extension\/category\/extension\">\n                                        Extensi\u00f3n<\/a><\/div><img decoding=\"async\" class=\"w-100 h-100 lazyload\" data-src=\"https:\/\/www.uoh.cl\/extension\/wp-content\/uploads\/sites\/14\/2026\/03\/Visita-Cultural-Expo-Mimbre-Chimbarongo-15-scaled.jpg\" alt=\"Artesan\u00eda, patrimonio y paisaje marcaron el inicio de las Visitas Culturales 2026 de la Universidad de O\u2019Higgins\" style=\"--smush-placeholder-width: 2560px; --smush-placeholder-aspect-ratio: 2560\/1707;object-fit: cover; object-position: center;\" src=\"data:image\/svg+xml;base64,PHN2ZyB3aWR0aD0iMSIgaGVpZ2h0PSIxIiB4bWxucz0iaHR0cDovL3d3dy53My5vcmcvMjAwMC9zdmciPjwvc3ZnPg==\"><\/div><\/div><div class=\"caption py-3 caption__news py-md-3 pb-md-5\">\n                                    <span class=\"caption__date\">Lunes 23, Marzo<\/span>\n                                     <a href=\"https:\/\/www.uoh.cl\/extension\/artesania-patrimonio-y-paisaje-marcaron-el-inicio-de-las-visitas-culturales-2026-de-la-universidad-de-ohiggins\">\n                                    <h3 class=\"small-space\">Artesan\u00eda, patrimonio y paisaje marcaron el inicio de las Visitas Culturales 2026 de la Universidad de O\u2019Higgins<\/h3><\/a>\n\n                                    <p>La iniciativa busca acercar a la comunidad a experiencias que destacan la identidad cultural, el patrimonio y las tradiciones de diferentes localidades de la regi\u00f3n.<\/p>\n                                    <a class=\"link link--bold mt-md-3\" href=\"https:\/\/www.uoh.cl\/extension\/artesania-patrimonio-y-paisaje-marcaron-el-inicio-de-las-visitas-culturales-2026-de-la-universidad-de-ohiggins\">Saber m\u00e1s <span class=\"icon icon--inline icon--link\"><svg version=\"1.1\" xmlns=\"http:\/\/www.w3.org\/2000\/svg\" xmlns:xlink=\"http:\/\/www.w3.org\/1999\/xlink\" x=\"0px\" y=\"0px\" width=\"22px\"height=\"22px\" viewBox=\"0 0 22 22\" style=\"overflow:visible;enable-background:new 0 0 80 64.6;\" xml:space=\"preserve\"><g clip-path=\"url(#acA)\"><path fill-rule=\"evenodd\" d=\"M21.913 11.266a.93.93 0 000-.711c-.022-.056-.063-.097-.091-.144s-.053-.103-.097-.15L12.306.294c-.357-.379-.955-.394-1.334-.038s-.394.955-.038 1.334l7.917 8.374H.927a.95.95 0 00-.908.983.946.946 0 00.908.908h17.924l-8.089 8.552c-.357.379-.341.977.034 1.334s.977.341 1.334-.034l9.594-10.148c.044-.044.063-.1.097-.15.028-.047.069-.088.091-.141z\"\/><\/g><defs><clipPath id=\"acA\"><path fill=\"#fff\" d=\"M0 0h22v22H0z\"\/><\/clipPath><\/defs><\/svg><\/span><\/a><\/div><\/div><\/div><\/div><\/div><\/div><div class=\"pagination justify-content-center my-5\"><span aria-current=\"page\" class=\"page-numbers current\">1<\/span>\n<a class=\"page-numbers\" href=\"https:\/\/www.uoh.cl\/extension\/wp-json\/wp\/v2\/posts\/1002\/page\/2\">2<\/a>\n<a class=\"page-numbers\" href=\"https:\/\/www.uoh.cl\/extension\/wp-json\/wp\/v2\/posts\/1002\/page\/3\">3<\/a>\n<span class=\"page-numbers dots\">&hellip;<\/span>\n<a class=\"page-numbers\" href=\"https:\/\/www.uoh.cl\/extension\/wp-json\/wp\/v2\/posts\/1002\/page\/103\">103<\/a>\n<a class=\"next page-numbers\" href=\"https:\/\/www.uoh.cl\/extension\/wp-json\/wp\/v2\/posts\/1002\/page\/2\"><div class=\"icon-pagination-next\"> <?xml version=\"1.0\" ?><svg viewBox=\"0 0 96 96\" xmlns=\"http:\/\/www.w3.org\/2000\/svg\"><title\/><path d=\"M39.3756,48.0022l30.47-25.39a6.0035,6.0035,0,0,0-7.6878-9.223L26.1563,43.3906a6.0092,6.0092,0,0,0,0,9.2231L62.1578,82.615a6.0035,6.0035,0,0,0,7.6878-9.2231Z\"\/><\/svg> <\/div><\/a><\/div>[\/vc_column_inner][\/vc_row_inner][\/vc_column][\/vc_row][\/vc_section]<\/p>\n<\/div>","protected":false},"excerpt":{"rendered":"<p>&#8220;Cambio clim\u00e1tico HOY: \u00bfc\u00f3mo ser parte de la soluci\u00f3n?&#8221; es el t\u00edtulo de la charla que dictar\u00e1 el acad\u00e9mico Reynaldo Cabezas el pr\u00f3ximo lunes 23 de enero en San Vicente de Tagua Tagua. La instancia es parte del despliegue de actividades que realizar\u00e1n la Universidad de Chile y la Universidad de O\u2019Higgins en el marco de la novena versi\u00f3n de la Escuela de Temporada, titulada en esta ocasi\u00f3n \u201cEncuentro desde los territorios y las comunidades: ciudadan\u00edas, culturas y sustentabilidad\u201d.<\/p>\n","protected":false},"author":34,"featured_media":1003,"comment_status":"open","ping_status":"open","sticky":false,"template":"","format":"standard","meta":{"_acf_changed":false,"footnotes":""},"categories":[23],"tags":[],"class_list":["post-1002","post","type-post","status-publish","format-standard","has-post-thumbnail","hentry","category-extension"],"acf":[],"yoast_head":"<!-- This site is optimized with the Yoast SEO plugin v26.6 - https:\/\/yoast.com\/wordpress\/plugins\/seo\/ -->\n<title>IX Escuela de Temporada: Experto en sustentabilidad dictar\u00e1 charla sobre cambio clim\u00e1tico y crisis h\u00eddrica en la Regi\u00f3n de O\u2019Higgins - Direcci\u00f3n de Cultura Patrimonio y Extensi\u00f3n UOH<\/title>\n<meta name=\"description\" content=\"&quot;Cambio clim\u00e1tico HOY: \u00bfc\u00f3mo ser parte de la soluci\u00f3n?&quot; es el t\u00edtulo de la charla que dictar\u00e1 el acad\u00e9mico Reynaldo Cabezas el pr\u00f3ximo lunes 23 de enero en San Vicente de Tagua Tagua. La instancia es parte del despliegue de actividades que realizar\u00e1n la Universidad de Chile y la Universidad de O\u2019Higgins en el marco de la novena versi\u00f3n de la Escuela de Temporada, titulada en esta ocasi\u00f3n \u201cEncuentro desde los territorios y las comunidades: ciudadan\u00edas, culturas y sustentabilidad\u201d.\" \/>\n<meta name=\"robots\" content=\"noindex, nofollow\" \/>\n<meta property=\"og:locale\" content=\"es_ES\" \/>\n<meta property=\"og:type\" content=\"article\" \/>\n<meta property=\"og:title\" content=\"IX Escuela de Temporada: Experto en sustentabilidad dictar\u00e1 charla sobre cambio clim\u00e1tico y crisis h\u00eddrica en la Regi\u00f3n de O\u2019Higgins - Direcci\u00f3n de Cultura Patrimonio y Extensi\u00f3n UOH\" \/>\n<meta property=\"og:description\" content=\"&quot;Cambio clim\u00e1tico HOY: \u00bfc\u00f3mo ser parte de la soluci\u00f3n?&quot; es el t\u00edtulo de la charla que dictar\u00e1 el acad\u00e9mico Reynaldo Cabezas el pr\u00f3ximo lunes 23 de enero en San Vicente de Tagua Tagua. La instancia es parte del despliegue de actividades que realizar\u00e1n la Universidad de Chile y la Universidad de O\u2019Higgins en el marco de la novena versi\u00f3n de la Escuela de Temporada, titulada en esta ocasi\u00f3n \u201cEncuentro desde los territorios y las comunidades: ciudadan\u00edas, culturas y sustentabilidad\u201d.\" \/>\n<meta property=\"og:url\" content=\"https:\/\/www.uoh.cl\/extension\/ix-escuela-de-temporada-experto-en-sustentabilidad-dictara-charla-sobre-cambio-climatico-y-crisis-hidrica-en-la-region-de-ohiggins\" \/>\n<meta property=\"og:site_name\" content=\"Direcci\u00f3n de Cultura Patrimonio y Extensi\u00f3n UOH\" \/>\n<meta property=\"article:published_time\" content=\"2023-01-20T13:57:01+00:00\" \/>\n<meta property=\"og:image\" content=\"https:\/\/www.uoh.cl\/extension\/wp-content\/uploads\/sites\/14\/2023\/01\/Biodiversidad.jpg\" \/>\n\t<meta property=\"og:image:width\" content=\"1000\" \/>\n\t<meta property=\"og:image:height\" content=\"1000\" \/>\n\t<meta property=\"og:image:type\" content=\"image\/jpeg\" \/>\n<meta name=\"author\" content=\"Universidad de O&#039;Higgins\" \/>\n<meta name=\"twitter:card\" content=\"summary_large_image\" \/>\n<meta name=\"twitter:label1\" content=\"Escrito por\" \/>\n\t<meta name=\"twitter:data1\" content=\"Universidad de O&#039;Higgins\" \/>\n\t<meta name=\"twitter:label2\" content=\"Tiempo estimado de lectura\" \/>\n\t<meta name=\"twitter:data2\" content=\"4 minutos\" \/>\n<script type=\"application\/ld+json\" class=\"yoast-schema-graph\">{\"@context\":\"https:\/\/schema.org\",\"@graph\":[{\"@type\":\"WebPage\",\"@id\":\"https:\/\/www.uoh.cl\/extension\/ix-escuela-de-temporada-experto-en-sustentabilidad-dictara-charla-sobre-cambio-climatico-y-crisis-hidrica-en-la-region-de-ohiggins\",\"url\":\"https:\/\/www.uoh.cl\/extension\/ix-escuela-de-temporada-experto-en-sustentabilidad-dictara-charla-sobre-cambio-climatico-y-crisis-hidrica-en-la-region-de-ohiggins\",\"name\":\"IX Escuela de Temporada: Experto en sustentabilidad dictar\u00e1 charla sobre cambio clim\u00e1tico y crisis h\u00eddrica en la Regi\u00f3n de O\u2019Higgins - Direcci\u00f3n de Cultura Patrimonio y Extensi\u00f3n UOH\",\"isPartOf\":{\"@id\":\"https:\/\/www.uoh.cl\/extension\/#website\"},\"primaryImageOfPage\":{\"@id\":\"https:\/\/www.uoh.cl\/extension\/ix-escuela-de-temporada-experto-en-sustentabilidad-dictara-charla-sobre-cambio-climatico-y-crisis-hidrica-en-la-region-de-ohiggins#primaryimage\"},\"image\":{\"@id\":\"https:\/\/www.uoh.cl\/extension\/ix-escuela-de-temporada-experto-en-sustentabilidad-dictara-charla-sobre-cambio-climatico-y-crisis-hidrica-en-la-region-de-ohiggins#primaryimage\"},\"thumbnailUrl\":\"https:\/\/www.uoh.cl\/extension\/wp-content\/uploads\/sites\/14\/2023\/01\/Biodiversidad.jpg\",\"datePublished\":\"2023-01-20T13:57:01+00:00\",\"author\":{\"@id\":\"https:\/\/www.uoh.cl\/extension\/#\/schema\/person\/ea242e676c7d6d7e46fc8b9e39486c4f\"},\"description\":\"\\\"Cambio clim\u00e1tico HOY: \u00bfc\u00f3mo ser parte de la soluci\u00f3n?\\\" es el t\u00edtulo de la charla que dictar\u00e1 el acad\u00e9mico Reynaldo Cabezas el pr\u00f3ximo lunes 23 de enero en San Vicente de Tagua Tagua. La instancia es parte del despliegue de actividades que realizar\u00e1n la Universidad de Chile y la Universidad de O\u2019Higgins en el marco de la novena versi\u00f3n de la Escuela de Temporada, titulada en esta ocasi\u00f3n \u201cEncuentro desde los territorios y las comunidades: ciudadan\u00edas, culturas y sustentabilidad\u201d.\",\"inLanguage\":\"es-CL\",\"potentialAction\":[{\"@type\":\"ReadAction\",\"target\":[\"https:\/\/www.uoh.cl\/extension\/ix-escuela-de-temporada-experto-en-sustentabilidad-dictara-charla-sobre-cambio-climatico-y-crisis-hidrica-en-la-region-de-ohiggins\"]}]},{\"@type\":\"ImageObject\",\"inLanguage\":\"es-CL\",\"@id\":\"https:\/\/www.uoh.cl\/extension\/ix-escuela-de-temporada-experto-en-sustentabilidad-dictara-charla-sobre-cambio-climatico-y-crisis-hidrica-en-la-region-de-ohiggins#primaryimage\",\"url\":\"https:\/\/www.uoh.cl\/extension\/wp-content\/uploads\/sites\/14\/2023\/01\/Biodiversidad.jpg\",\"contentUrl\":\"https:\/\/www.uoh.cl\/extension\/wp-content\/uploads\/sites\/14\/2023\/01\/Biodiversidad.jpg\",\"width\":1000,\"height\":1000},{\"@type\":\"WebSite\",\"@id\":\"https:\/\/www.uoh.cl\/extension\/#website\",\"url\":\"https:\/\/www.uoh.cl\/extension\/\",\"name\":\"Direcci\u00f3n de Cultura Patrimonio y Extensi\u00f3n UOH\",\"description\":\"Otro sitio de Sitios de Universidad O&#039;higgins\",\"potentialAction\":[{\"@type\":\"SearchAction\",\"target\":{\"@type\":\"EntryPoint\",\"urlTemplate\":\"https:\/\/www.uoh.cl\/extension\/?s={search_term_string}\"},\"query-input\":{\"@type\":\"PropertyValueSpecification\",\"valueRequired\":true,\"valueName\":\"search_term_string\"}}],\"inLanguage\":\"es-CL\"},{\"@type\":\"Person\",\"@id\":\"https:\/\/www.uoh.cl\/extension\/#\/schema\/person\/ea242e676c7d6d7e46fc8b9e39486c4f\",\"name\":\"Universidad de O'Higgins\",\"image\":{\"@type\":\"ImageObject\",\"inLanguage\":\"es-CL\",\"@id\":\"https:\/\/www.uoh.cl\/extension\/#\/schema\/person\/image\/\",\"url\":\"https:\/\/secure.gravatar.com\/avatar\/78fcb76ca05efae11fd355943c01a832a29786cc00d85b1a82c301bea2b2a214?s=96&d=mm&r=g\",\"contentUrl\":\"https:\/\/secure.gravatar.com\/avatar\/78fcb76ca05efae11fd355943c01a832a29786cc00d85b1a82c301bea2b2a214?s=96&d=mm&r=g\",\"caption\":\"Universidad de O'Higgins\"}}]}<\/script>\n<!-- \/ Yoast SEO plugin. -->","yoast_head_json":{"title":"IX Escuela de Temporada: Experto en sustentabilidad dictar\u00e1 charla sobre cambio clim\u00e1tico y crisis h\u00eddrica en la Regi\u00f3n de O\u2019Higgins - Direcci\u00f3n de Cultura Patrimonio y Extensi\u00f3n UOH","description":"\"Cambio clim\u00e1tico HOY: \u00bfc\u00f3mo ser parte de la soluci\u00f3n?\" es el t\u00edtulo de la charla que dictar\u00e1 el acad\u00e9mico Reynaldo Cabezas el pr\u00f3ximo lunes 23 de enero en San Vicente de Tagua Tagua. La instancia es parte del despliegue de actividades que realizar\u00e1n la Universidad de Chile y la Universidad de O\u2019Higgins en el marco de la novena versi\u00f3n de la Escuela de Temporada, titulada en esta ocasi\u00f3n \u201cEncuentro desde los territorios y las comunidades: ciudadan\u00edas, culturas y sustentabilidad\u201d.","robots":{"index":"noindex","follow":"nofollow"},"og_locale":"es_ES","og_type":"article","og_title":"IX Escuela de Temporada: Experto en sustentabilidad dictar\u00e1 charla sobre cambio clim\u00e1tico y crisis h\u00eddrica en la Regi\u00f3n de O\u2019Higgins - Direcci\u00f3n de Cultura Patrimonio y Extensi\u00f3n UOH","og_description":"\"Cambio clim\u00e1tico HOY: \u00bfc\u00f3mo ser parte de la soluci\u00f3n?\" es el t\u00edtulo de la charla que dictar\u00e1 el acad\u00e9mico Reynaldo Cabezas el pr\u00f3ximo lunes 23 de enero en San Vicente de Tagua Tagua. La instancia es parte del despliegue de actividades que realizar\u00e1n la Universidad de Chile y la Universidad de O\u2019Higgins en el marco de la novena versi\u00f3n de la Escuela de Temporada, titulada en esta ocasi\u00f3n \u201cEncuentro desde los territorios y las comunidades: ciudadan\u00edas, culturas y sustentabilidad\u201d.","og_url":"https:\/\/www.uoh.cl\/extension\/ix-escuela-de-temporada-experto-en-sustentabilidad-dictara-charla-sobre-cambio-climatico-y-crisis-hidrica-en-la-region-de-ohiggins","og_site_name":"Direcci\u00f3n de Cultura Patrimonio y Extensi\u00f3n UOH","article_published_time":"2023-01-20T13:57:01+00:00","og_image":[{"width":1000,"height":1000,"url":"https:\/\/www.uoh.cl\/extension\/wp-content\/uploads\/sites\/14\/2023\/01\/Biodiversidad.jpg","type":"image\/jpeg"}],"author":"Universidad de O'Higgins","twitter_card":"summary_large_image","twitter_misc":{"Escrito por":"Universidad de O'Higgins","Tiempo estimado de lectura":"4 minutos"},"schema":{"@context":"https:\/\/schema.org","@graph":[{"@type":"WebPage","@id":"https:\/\/www.uoh.cl\/extension\/ix-escuela-de-temporada-experto-en-sustentabilidad-dictara-charla-sobre-cambio-climatico-y-crisis-hidrica-en-la-region-de-ohiggins","url":"https:\/\/www.uoh.cl\/extension\/ix-escuela-de-temporada-experto-en-sustentabilidad-dictara-charla-sobre-cambio-climatico-y-crisis-hidrica-en-la-region-de-ohiggins","name":"IX Escuela de Temporada: Experto en sustentabilidad dictar\u00e1 charla sobre cambio clim\u00e1tico y crisis h\u00eddrica en la Regi\u00f3n de O\u2019Higgins - Direcci\u00f3n de Cultura Patrimonio y Extensi\u00f3n UOH","isPartOf":{"@id":"https:\/\/www.uoh.cl\/extension\/#website"},"primaryImageOfPage":{"@id":"https:\/\/www.uoh.cl\/extension\/ix-escuela-de-temporada-experto-en-sustentabilidad-dictara-charla-sobre-cambio-climatico-y-crisis-hidrica-en-la-region-de-ohiggins#primaryimage"},"image":{"@id":"https:\/\/www.uoh.cl\/extension\/ix-escuela-de-temporada-experto-en-sustentabilidad-dictara-charla-sobre-cambio-climatico-y-crisis-hidrica-en-la-region-de-ohiggins#primaryimage"},"thumbnailUrl":"https:\/\/www.uoh.cl\/extension\/wp-content\/uploads\/sites\/14\/2023\/01\/Biodiversidad.jpg","datePublished":"2023-01-20T13:57:01+00:00","author":{"@id":"https:\/\/www.uoh.cl\/extension\/#\/schema\/person\/ea242e676c7d6d7e46fc8b9e39486c4f"},"description":"\"Cambio clim\u00e1tico HOY: \u00bfc\u00f3mo ser parte de la soluci\u00f3n?\" es el t\u00edtulo de la charla que dictar\u00e1 el acad\u00e9mico Reynaldo Cabezas el pr\u00f3ximo lunes 23 de enero en San Vicente de Tagua Tagua. La instancia es parte del despliegue de actividades que realizar\u00e1n la Universidad de Chile y la Universidad de O\u2019Higgins en el marco de la novena versi\u00f3n de la Escuela de Temporada, titulada en esta ocasi\u00f3n \u201cEncuentro desde los territorios y las comunidades: ciudadan\u00edas, culturas y sustentabilidad\u201d.","inLanguage":"es-CL","potentialAction":[{"@type":"ReadAction","target":["https:\/\/www.uoh.cl\/extension\/ix-escuela-de-temporada-experto-en-sustentabilidad-dictara-charla-sobre-cambio-climatico-y-crisis-hidrica-en-la-region-de-ohiggins"]}]},{"@type":"ImageObject","inLanguage":"es-CL","@id":"https:\/\/www.uoh.cl\/extension\/ix-escuela-de-temporada-experto-en-sustentabilidad-dictara-charla-sobre-cambio-climatico-y-crisis-hidrica-en-la-region-de-ohiggins#primaryimage","url":"https:\/\/www.uoh.cl\/extension\/wp-content\/uploads\/sites\/14\/2023\/01\/Biodiversidad.jpg","contentUrl":"https:\/\/www.uoh.cl\/extension\/wp-content\/uploads\/sites\/14\/2023\/01\/Biodiversidad.jpg","width":1000,"height":1000},{"@type":"WebSite","@id":"https:\/\/www.uoh.cl\/extension\/#website","url":"https:\/\/www.uoh.cl\/extension\/","name":"Direcci\u00f3n de Cultura Patrimonio y Extensi\u00f3n UOH","description":"Otro sitio de Sitios de Universidad O&#039;higgins","potentialAction":[{"@type":"SearchAction","target":{"@type":"EntryPoint","urlTemplate":"https:\/\/www.uoh.cl\/extension\/?s={search_term_string}"},"query-input":{"@type":"PropertyValueSpecification","valueRequired":true,"valueName":"search_term_string"}}],"inLanguage":"es-CL"},{"@type":"Person","@id":"https:\/\/www.uoh.cl\/extension\/#\/schema\/person\/ea242e676c7d6d7e46fc8b9e39486c4f","name":"Universidad de O'Higgins","image":{"@type":"ImageObject","inLanguage":"es-CL","@id":"https:\/\/www.uoh.cl\/extension\/#\/schema\/person\/image\/","url":"https:\/\/secure.gravatar.com\/avatar\/78fcb76ca05efae11fd355943c01a832a29786cc00d85b1a82c301bea2b2a214?s=96&d=mm&r=g","contentUrl":"https:\/\/secure.gravatar.com\/avatar\/78fcb76ca05efae11fd355943c01a832a29786cc00d85b1a82c301bea2b2a214?s=96&d=mm&r=g","caption":"Universidad de O'Higgins"}}]}},"_links":{"self":[{"href":"https:\/\/www.uoh.cl\/extension\/wp-json\/wp\/v2\/posts\/1002","targetHints":{"allow":["GET"]}}],"collection":[{"href":"https:\/\/www.uoh.cl\/extension\/wp-json\/wp\/v2\/posts"}],"about":[{"href":"https:\/\/www.uoh.cl\/extension\/wp-json\/wp\/v2\/types\/post"}],"author":[{"embeddable":true,"href":"https:\/\/www.uoh.cl\/extension\/wp-json\/wp\/v2\/users\/34"}],"replies":[{"embeddable":true,"href":"https:\/\/www.uoh.cl\/extension\/wp-json\/wp\/v2\/comments?post=1002"}],"version-history":[{"count":0,"href":"https:\/\/www.uoh.cl\/extension\/wp-json\/wp\/v2\/posts\/1002\/revisions"}],"wp:featuredmedia":[{"embeddable":true,"href":"https:\/\/www.uoh.cl\/extension\/wp-json\/wp\/v2\/media\/1003"}],"wp:attachment":[{"href":"https:\/\/www.uoh.cl\/extension\/wp-json\/wp\/v2\/media?parent=1002"}],"wp:term":[{"taxonomy":"category","embeddable":true,"href":"https:\/\/www.uoh.cl\/extension\/wp-json\/wp\/v2\/categories?post=1002"},{"taxonomy":"post_tag","embeddable":true,"href":"https:\/\/www.uoh.cl\/extension\/wp-json\/wp\/v2\/tags?post=1002"}],"curies":[{"name":"wp","href":"https:\/\/api.w.org\/{rel}","templated":true}]}}