
{"id":495,"date":"2022-08-09T16:43:24","date_gmt":"2022-08-09T19:43:24","guid":{"rendered":"https:\/\/www.uoh.cl\/escuelas-de-ciencias-agroalimentarias\/estudiantes-de-terapia-ocupacional-llevan-la-promocion-y-educacion-en-derechos-humanos-a-colegios-de-la-region\/"},"modified":"2022-08-09T16:43:24","modified_gmt":"2022-08-09T19:43:24","slug":"estudiantes-de-terapia-ocupacional-llevan-la-promocion-y-educacion-en-derechos-humanos-a-colegios-de-la-region","status":"publish","type":"post","link":"https:\/\/www.uoh.cl\/escuelas-de-ciencias-agroalimentarias\/estudiantes-de-terapia-ocupacional-llevan-la-promocion-y-educacion-en-derechos-humanos-a-colegios-de-la-region\/","title":{"rendered":"Estudiantes de Terapia Ocupacional llevan la promoci\u00f3n y educaci\u00f3n en Derechos Humanos a colegios de la regi\u00f3n"},"content":{"rendered":"<div class=\"wpb-content-wrapper\"><p>[vc_section el_class=&#8221;container mx-auto align-items-center text-right circle&#8211;pattern&#8221; css=&#8221;.vc_custom_1648956589196{padding-top: 3rem !important;}&#8221;][vc_row][vc_column]<div class=\"breadcrumb\"><ol itemscope itemtype=\"https:\/\/schema.org\/BreadcrumbList\"><li itemprop=\"itemListElement\" itemscope itemtype=\"https:\/\/schema.org\/ListItem\"><a itemprop=\"item\" href=\"http:\/\/www.uoh.cl\"><span itemprop=\"name\">Inicio<\/span><\/a><meta itemprop=\"position\" content=\"1\" \/><li itemprop=\"itemListElement\" itemscope itemtype=\"https:\/\/schema.org\/ListItem\"><a itemprop=\"item\" href=\"https:\/\/www.uoh.cl\/escuelas-de-ciencias-agroalimentarias\"><span itemprop=\"name\">Escuela de Ciencias Agroalimentarias, Animales y Ambientales.<\/span><\/a><meta itemprop=\"position\" content=\"2\" \/><li itemprop=\"itemListElement\" itemscope itemtype=\"https:\/\/schema.org\/ListItem\"><span itemprop=\"name\">Estudiantes de Terapia Ocupacional llevan la promoci\u00f3n y educaci\u00f3n en <\/span><meta itemprop=\"position\" content=\"3\" \/><\/ol><\/div><ul class=\"p-0 list-style-none d-inline-block\"><li class=\"p-0\"><a href=https:\/\/www.uoh.cl\/escuelas-de-ciencias-agroalimentarias\/category\/salud-uoh\/ class=\"px-1 py-2\">Salud UOH<\/a><\/li><\/ul><div class=\"date_publish_post\"> \u25cf Mar 09 de Agosto 2022<\/div><div class=\"uoh_title_component-container\"><h1 class=\"title title--ms d-inline-block title--decorator  big\">Estudiantes de Terapia Ocupacional llevan la promoci\u00f3n y educaci\u00f3n en Derechos Humanos a colegios de la regi\u00f3n<\/h1><\/div>[vc_row_inner el_class=&#8221;border-separator m-0&#8243;][vc_column_inner width=&#8221;2\/3&#8243;]<div class=\"author_wp_class\"> Escrito por <span>Universidad de O'Higgins<\/span><\/div>[\/vc_column_inner][vc_column_inner el_class=&#8221;align-items-end-publish&#8221; width=&#8221;1\/3&#8243;]<div class=\"uoh_social_network_component uoh_row col-12 justify-content-end m-0 p-0\"> <div class=\"icon__facebook-share-button\">\n                       <a href=\"https:\/\/www.facebook.com\/sharer\/sharer.php?u=https:\/\/www.uoh.cl\/escuelas-de-ciencias-agroalimentarias\/estudiantes-de-terapia-ocupacional-llevan-la-promocion-y-educacion-en-derechos-humanos-a-colegios-de-la-region\/\" target=\"_blank\"> <div class=\"icon__facebook-svg\"><svg version=\"1.1\" xmlns=\"http:\/\/www.w3.org\/2000\/svg\" xmlns:xlink=\"http:\/\/www.w3.org\/1999\/xlink\" x=\"0px\" y=\"0px\" width=\"22.4px\" height=\"48.3px\" viewBox=\"0 0 22.4 48.3\" style=\"overflow:visible;enable-background:new 0 0 22.4 48.3;\" xml:space=\"preserve\">\n                <defs>\n                <\/defs>\n                <path class=\"st0\" d=\"M22.4,15.6h-7.6v-5c0-1.9,1.2-2.3,2.1-2.3c0.9,0,5.4,0,5.4,0V0l-7.4,0C6.6,0,4.8,6.2,4.8,10.1v5.5H0v8.5h4.8\n                    c0,10.9,0,24.1,0,24.1h10c0,0,0-13.3,0-24.1h6.8L22.4,15.6z\"><\/path>\n                <\/svg><\/a><\/div>\n                    <\/div><div class=\"icon__twitter-share-button\">\n                        <div class=\"icon__twitter-svg\"><a target=\"_blank\" href=\"http:\/\/twitter.com\/share?url=https:\/\/www.uoh.cl\/escuelas-de-ciencias-agroalimentarias\/estudiantes-de-terapia-ocupacional-llevan-la-promocion-y-educacion-en-derechos-humanos-a-colegios-de-la-region\/\"><svg xmlns=\"http:\/\/www.w3.org\/2000\/svg\" height=\"1em\" viewBox=\"0 0 512 512\"><!--! Font Awesome Free 6.4.2 by @fontawesome - https:\/\/fontawesome.com License - https:\/\/fontawesome.com\/license (Commercial License) Copyright 2023 Fonticons, Inc. --><path d=\"M389.2 48h70.6L305.6 224.2 487 464H345L233.7 318.6 106.5 464H35.8L200.7 275.5 26.8 48H172.4L272.9 180.9 389.2 48zM364.4 421.8h39.1L151.1 88h-42L364.4 421.8z\"\/><\/svg><\/a><\/div>\n                        <\/div><div class=\"icon__linkedin-share-button\">\n                        <div class=\"icon__linkedin-svg\">\n                        <a target=\"__blank\" href=\"https:\/\/www.linkedin.com\/sharing\/share-offsite\/?url=https:\/\/www.uoh.cl\/escuelas-de-ciencias-agroalimentarias\/estudiantes-de-terapia-ocupacional-llevan-la-promocion-y-educacion-en-derechos-humanos-a-colegios-de-la-region\/\"><svg enable-background=\"new 0 0 100 100\" height=\"100px\" id=\"Layer_1\" version=\"1.1\" viewBox=\"0 0 100 100\" width=\"100px\" xml:space=\"preserve\" xmlns=\"http:\/\/www.w3.org\/2000\/svg\" xmlns:xlink=\"http:\/\/www.w3.org\/1999\/xlink\"><g><circle cx=\"50\" cy=\"50\" fill=\"#ccc\" r=\"45\"\/><g id=\"LinkedIn_1_\"><rect fill=\"#FFFFFF\" height=\"24.361\" width=\"7.69\" x=\"31.271\" y=\"43.569\"\/><path d=\"M59.968,43.334c-4.406,0-7.165,2.387-7.677,4.058v-3.823h-8.636c0.109,2.03,0,24.361,0,24.361h8.636    V54.748c0-0.733-0.034-1.465,0.19-1.991c0.594-1.464,1.869-2.985,4.162-2.985c2.998,0,4.361,2.253,4.361,5.552V67.93h8.721V54.384    C69.726,46.839,65.432,43.334,59.968,43.334z\" fill=\"#FFFFFF\"\/><path d=\"M34.973,32.069c-2.839,0-4.696,1.823-4.696,4.229c0,2.361,1.804,4.224,4.589,4.224h0.054    c2.891,0,4.69-1.869,4.69-4.229C39.555,33.888,37.81,32.069,34.973,32.069z\" fill=\"#FFFFFF\"\/><\/g><\/g><\/svg><\/a><\/div>\n\n            <\/div><\/div>[\/vc_column_inner][\/vc_row_inner]<div class=\"vc_single_image-wrapper vc_box_rounded  vc_box_border_grey\"><img decoding=\"async\" width=\"1024\" height=\"683\" data-src=\"https:\/\/www.uoh.cl\/escuelas-de-ciencias-agroalimentarias\/wp-content\/uploads\/sites\/16\/2022\/08\/Nota-TO.jpg\" class=\"attachment-large size-large wp-post-image lazyload\" alt=\"\" src=\"data:image\/svg+xml;base64,PHN2ZyB3aWR0aD0iMSIgaGVpZ2h0PSIxIiB4bWxucz0iaHR0cDovL3d3dy53My5vcmcvMjAwMC9zdmciPjwvc3ZnPg==\" style=\"--smush-placeholder-width: 1024px; --smush-placeholder-aspect-ratio: 1024\/683;\" \/><\/div>[vc_column_text]<\/p>\n<p>&nbsp;<\/p>\n<p>[\/vc_column_text][vc_column_text]<em>El aporte disciplinar de la carrera en el \u00e1mbito educativo, permite apoyar a las comunidades escolares en la construcci\u00f3n de espacios sociales inclusivos.<\/em>[\/vc_column_text][vc_column_text]<\/p>\n<p>&nbsp;<\/p>\n<p>[\/vc_column_text][vc_column_text]A trav\u00e9s de t\u00edteres, obras de teatro, identificaci\u00f3n de escenas de pel\u00edculas infantiles, trivias y\u00a0din\u00e1micas l\u00fadicas, ni\u00f1as y ni\u00f1os del Colegio El Manzanal aprendieron sobre sus derechos. Estos talleres fueron realizados por estudiantes de cuarto a\u00f1o de Terapia Ocupacional de la Universidad de O\u2019Higgins (UOH), espec\u00edficamente del ramo de Bioderecho, a cargo de los docentes Samanta Rolack y Patricio Barahona.<\/p>\n<p>Esta actividad permite articular los resultados de aprendizaje de la asignatura, a trav\u00e9s de una actividad de vinculaci\u00f3n con el medio, y as\u00ed acercar a las y los estudiantes de Terapia Ocupacional a las intervenciones grupales en infancias, disminuyendo barreras adulto-c\u00e9ntricas en la ense\u00f1anza de los derechos, promoviendo como factor protector el reconocimiento de las ni\u00f1as y ni\u00f1os con un sello regional que articule espacios locales, impulsando un impacto nacional.<\/p>\n<p>La docente Samanta Rolack destac\u00f3 que \u201cdesde el primer momento tuvimos el apoyo del establecimiento, ya que se considera que los derechos humanos est\u00e9n presentes en el curr\u00edculo educativo. En conjunto, con las y los estudiantes planificaron estos talleres, ya que cada curso tuvo su material de apoyo para que cada ni\u00f1o y ni\u00f1a puedan reforzar lo aprendido en casa\u201d.<\/p>\n<p>Por su parte, para Mar\u00eda Teresa Ahumada, directora del Colegio El Manzanal se\u00f1al\u00f3 que fue una experiencia maravillosa, \u201cporque por primera vez recibimos estudiantes de nuestra universidad regional y nos entregaron mucho apoyo para trabajar con los alumnos y alumnas del colegio, por lo que esperamos seguir enriqueciendo este v\u00ednculo\u201d, finaliz\u00f3.[\/vc_column_text][vc_column_text]<\/p>\n<p>&nbsp;<\/p>\n<p>&nbsp;<\/p>\n<p>[\/vc_column_text][\/vc_column][\/vc_row][\/vc_section][vc_section css=&#8221;.vc_custom_1650255686594{background-color: #f6faff !important;}&#8221; el_class=&#8221;p-md-0 pt-md-5&#8243;][vc_row el_class=&#8221;container mx-auto align-items-center text-right p-md-0 pt-5 pb-5&#8243;][vc_column el_class=&#8221;pb-5&#8243;][vc_row_inner el_class=&#8221;pb-5&#8243;][vc_column_inner]<div class=\"row m-0 p-0\"><div class=\"col-12 col-md-9 pt-5 pt-md-0\"><h2 class=\"title title--decorator title--ms d-inline-block\">Te Recomendamos<\/h2><\/div><\/div><div class=\"content-holder\"><div class=\"row  swipper-news-list not--activate-hack \"><div class=\"row -wrapper\"><div class=\"  col-sm-6 col-md-4 img-article\">\n                                        <div class=\"content-news-display row m-0 p-0\"><div class=\"holder p-0 \"><div class=\"img-wrap img-wrap-news\">\n                                        <div class=\"caption__news-category\">\n                                        <a href=\"https:\/\/www.uoh.cl\/escuelas-de-ciencias-agroalimentarias\/category\/institucional\/\">\n                                        Institucional<\/a><\/div><img decoding=\"async\" class=\"w-100 h-100 lazyload\" data-src=\"https:\/\/www.uoh.cl\/escuelas-de-ciencias-agroalimentarias\/wp-content\/uploads\/sites\/16\/2026\/08\/Pukara-2.jpeg\" alt=\"Hist\u00f3rico acuerdo permitir\u00e1 a la UOH proteger y poner en valor el Pukar\u00e1 de La Compa\u00f1\u00eda\" style=\"--smush-placeholder-width: 1600px; --smush-placeholder-aspect-ratio: 1600\/1066;object-fit: cover; object-position: center;\" src=\"data:image\/svg+xml;base64,PHN2ZyB3aWR0aD0iMSIgaGVpZ2h0PSIxIiB4bWxucz0iaHR0cDovL3d3dy53My5vcmcvMjAwMC9zdmciPjwvc3ZnPg==\"><\/div><\/div><div class=\"caption py-3 caption__news py-md-3 pb-md-5\">\n                                    <span class=\"caption__date\">Viernes 28, Agosto<\/span>\n                                     <a href=\"https:\/\/www.uoh.cl\/escuelas-de-ciencias-agroalimentarias\/historico-acuerdo-permitira-a-la-uoh-proteger-y-poner-en-valor-el-pukara-de-la-compania\/\">\n                                    <h3 class=\"small-space\">Hist\u00f3rico acuerdo permitir\u00e1 a la UOH proteger y poner en valor el Pukar\u00e1 de La Compa\u00f1\u00eda<\/h3><\/a>\n\n                                    <p>Acuerdo impulsado por el CDE permitir\u00e1 que uno de los sitios arqueol\u00f3gicos m\u00e1s importantes de Chile quede bajo el resguardo de una universidad estatal y se transforme en un espacio permanente para la investigaci\u00f3n cient\u00edfica, la educaci\u00f3n patrimonial y el desarrollo cultural de la Regi\u00f3n de O\u2019Higgins.<\/p>\n                                    <a class=\"link link--bold mt-md-3\" href=\"https:\/\/www.uoh.cl\/escuelas-de-ciencias-agroalimentarias\/historico-acuerdo-permitira-a-la-uoh-proteger-y-poner-en-valor-el-pukara-de-la-compania\/\">Saber m\u00e1s <span class=\"icon icon--inline icon--link\"><svg version=\"1.1\" xmlns=\"http:\/\/www.w3.org\/2000\/svg\" xmlns:xlink=\"http:\/\/www.w3.org\/1999\/xlink\" x=\"0px\" y=\"0px\" width=\"22px\"height=\"22px\" viewBox=\"0 0 22 22\" style=\"overflow:visible;enable-background:new 0 0 80 64.6;\" xml:space=\"preserve\"><g clip-path=\"url(#acA)\"><path fill-rule=\"evenodd\" d=\"M21.913 11.266a.93.93 0 000-.711c-.022-.056-.063-.097-.091-.144s-.053-.103-.097-.15L12.306.294c-.357-.379-.955-.394-1.334-.038s-.394.955-.038 1.334l7.917 8.374H.927a.95.95 0 00-.908.983.946.946 0 00.908.908h17.924l-8.089 8.552c-.357.379-.341.977.034 1.334s.977.341 1.334-.034l9.594-10.148c.044-.044.063-.1.097-.15.028-.047.069-.088.091-.141z\"\/><\/g><defs><clipPath id=\"acA\"><path fill=\"#fff\" d=\"M0 0h22v22H0z\"\/><\/clipPath><\/defs><\/svg><\/span><\/a><\/div><\/div><\/div><div class=\"  col-sm-6 col-md-4 img-article\">\n                                        <div class=\"content-news-display row m-0 p-0\"><div class=\"holder p-0 \"><div class=\"img-wrap img-wrap-news\">\n                                        <div class=\"caption__news-category\">\n                                        <a href=\"https:\/\/www.uoh.cl\/escuelas-de-ciencias-agroalimentarias\/category\/eca3\/\">\n                                        ECA3<\/a><\/div><img decoding=\"async\" class=\"w-100 h-100 lazyload\" data-src=\"https:\/\/www.uoh.cl\/escuelas-de-ciencias-agroalimentarias\/wp-content\/uploads\/sites\/16\/2026\/08\/IMG_2889.jpg\" alt=\"El ingeniero agr\u00f3nomo frente al cambio clim\u00e1tico: un profesional clave para adaptar la producci\u00f3n\" style=\"--smush-placeholder-width: 1420px; --smush-placeholder-aspect-ratio: 1420\/1065;object-fit: cover; object-position: center;\" src=\"data:image\/svg+xml;base64,PHN2ZyB3aWR0aD0iMSIgaGVpZ2h0PSIxIiB4bWxucz0iaHR0cDovL3d3dy53My5vcmcvMjAwMC9zdmciPjwvc3ZnPg==\"><\/div><\/div><div class=\"caption py-3 caption__news py-md-3 pb-md-5\">\n                                    <span class=\"caption__date\">Viernes 28, Agosto<\/span>\n                                     <a href=\"https:\/\/www.uoh.cl\/escuelas-de-ciencias-agroalimentarias\/el-ingeniero-agronomo-frente-al-cambio-climatico-un-profesional-clave-para-adaptar-la-produccion\/\">\n                                    <h3 class=\"small-space\">El ingeniero agr\u00f3nomo frente al cambio clim\u00e1tico: un profesional clave para adaptar la producci\u00f3n<\/h3><\/a>\n\n                                    <p>La jefa de carrera de Ingenier\u00eda Agron\u00f3mica de la Universidad de O'Higgins, Viviana Tudela, explica c\u00f3mo la profesi\u00f3n super\u00f3 su imagen tradicional ligada al predio y por qu\u00e9 la comunicaci\u00f3n, la mirada integral y el aprendizaje continuo se volvieron habilidades decisivas para el sector.<\/p>\n                                    <a class=\"link link--bold mt-md-3\" href=\"https:\/\/www.uoh.cl\/escuelas-de-ciencias-agroalimentarias\/el-ingeniero-agronomo-frente-al-cambio-climatico-un-profesional-clave-para-adaptar-la-produccion\/\">Saber m\u00e1s <span class=\"icon icon--inline icon--link\"><svg version=\"1.1\" xmlns=\"http:\/\/www.w3.org\/2000\/svg\" xmlns:xlink=\"http:\/\/www.w3.org\/1999\/xlink\" x=\"0px\" y=\"0px\" width=\"22px\"height=\"22px\" viewBox=\"0 0 22 22\" style=\"overflow:visible;enable-background:new 0 0 80 64.6;\" xml:space=\"preserve\"><g clip-path=\"url(#acA)\"><path fill-rule=\"evenodd\" d=\"M21.913 11.266a.93.93 0 000-.711c-.022-.056-.063-.097-.091-.144s-.053-.103-.097-.15L12.306.294c-.357-.379-.955-.394-1.334-.038s-.394.955-.038 1.334l7.917 8.374H.927a.95.95 0 00-.908.983.946.946 0 00.908.908h17.924l-8.089 8.552c-.357.379-.341.977.034 1.334s.977.341 1.334-.034l9.594-10.148c.044-.044.063-.1.097-.15.028-.047.069-.088.091-.141z\"\/><\/g><defs><clipPath id=\"acA\"><path fill=\"#fff\" d=\"M0 0h22v22H0z\"\/><\/clipPath><\/defs><\/svg><\/span><\/a><\/div><\/div><\/div><div class=\"  col-sm-6 col-md-4 img-article\">\n                                        <div class=\"content-news-display row m-0 p-0\"><div class=\"holder p-0 \"><div class=\"img-wrap img-wrap-news\">\n                                        <div class=\"caption__news-category\">\n                                        <a href=\"https:\/\/www.uoh.cl\/escuelas-de-ciencias-agroalimentarias\/category\/institucional\/\">\n                                        Institucional<\/a><\/div><img decoding=\"async\" class=\"w-100 h-100 lazyload\" data-src=\"https:\/\/www.uoh.cl\/escuelas-de-ciencias-agroalimentarias\/wp-content\/uploads\/sites\/16\/2026\/08\/Lanzamiento-App-TUI-UOH-25.jpg\" alt=\"UOH Campus Digital: Tu UOH, ahora en tu celular\" style=\"--smush-placeholder-width: 1500px; --smush-placeholder-aspect-ratio: 1500\/1000;object-fit: cover; object-position: center;\" src=\"data:image\/svg+xml;base64,PHN2ZyB3aWR0aD0iMSIgaGVpZ2h0PSIxIiB4bWxucz0iaHR0cDovL3d3dy53My5vcmcvMjAwMC9zdmciPjwvc3ZnPg==\"><\/div><\/div><div class=\"caption py-3 caption__news py-md-3 pb-md-5\">\n                                    <span class=\"caption__date\">Jueves 27, Agosto<\/span>\n                                     <a href=\"https:\/\/www.uoh.cl\/escuelas-de-ciencias-agroalimentarias\/uoh-campus-digital-tu-uoh-ahora-en-tu-celular\/\">\n                                    <h3 class=\"small-space\">UOH Campus Digital: Tu UOH, ahora en tu celular<\/h3><\/a>\n\n                                    <p>La aplicaci\u00f3n m\u00f3vil reemplazar\u00e1 la antigua credencial TUI por una herramienta digital que permitir\u00e1 acceder a informaci\u00f3n universitaria, servicios y una amplia oferta de beneficios.<\/p>\n                                    <a class=\"link link--bold mt-md-3\" href=\"https:\/\/www.uoh.cl\/escuelas-de-ciencias-agroalimentarias\/uoh-campus-digital-tu-uoh-ahora-en-tu-celular\/\">Saber m\u00e1s <span class=\"icon icon--inline icon--link\"><svg version=\"1.1\" xmlns=\"http:\/\/www.w3.org\/2000\/svg\" xmlns:xlink=\"http:\/\/www.w3.org\/1999\/xlink\" x=\"0px\" y=\"0px\" width=\"22px\"height=\"22px\" viewBox=\"0 0 22 22\" style=\"overflow:visible;enable-background:new 0 0 80 64.6;\" xml:space=\"preserve\"><g clip-path=\"url(#acA)\"><path fill-rule=\"evenodd\" d=\"M21.913 11.266a.93.93 0 000-.711c-.022-.056-.063-.097-.091-.144s-.053-.103-.097-.15L12.306.294c-.357-.379-.955-.394-1.334-.038s-.394.955-.038 1.334l7.917 8.374H.927a.95.95 0 00-.908.983.946.946 0 00.908.908h17.924l-8.089 8.552c-.357.379-.341.977.034 1.334s.977.341 1.334-.034l9.594-10.148c.044-.044.063-.1.097-.15.028-.047.069-.088.091-.141z\"\/><\/g><defs><clipPath id=\"acA\"><path fill=\"#fff\" d=\"M0 0h22v22H0z\"\/><\/clipPath><\/defs><\/svg><\/span><\/a><\/div><\/div><\/div><\/div><\/div><\/div><div class=\"pagination justify-content-center my-5\"><span aria-current=\"page\" class=\"page-numbers current\">1<\/span>\n<a class=\"page-numbers\" href=\"https:\/\/www.uoh.cl\/escuelas-de-ciencias-agroalimentarias\/wp-json\/wp\/v2\/posts\/495\/\/page\/2\">2<\/a>\n<a class=\"page-numbers\" href=\"https:\/\/www.uoh.cl\/escuelas-de-ciencias-agroalimentarias\/wp-json\/wp\/v2\/posts\/495\/\/page\/3\">3<\/a>\n<span class=\"page-numbers dots\">&hellip;<\/span>\n<a class=\"page-numbers\" href=\"https:\/\/www.uoh.cl\/escuelas-de-ciencias-agroalimentarias\/wp-json\/wp\/v2\/posts\/495\/\/page\/155\">155<\/a>\n<a class=\"next page-numbers\" href=\"https:\/\/www.uoh.cl\/escuelas-de-ciencias-agroalimentarias\/wp-json\/wp\/v2\/posts\/495\/\/page\/2\"><div class=\"icon-pagination-next\"> <?xml version=\"1.0\" ?><svg viewBox=\"0 0 96 96\" xmlns=\"http:\/\/www.w3.org\/2000\/svg\"><title\/><path d=\"M39.3756,48.0022l30.47-25.39a6.0035,6.0035,0,0,0-7.6878-9.223L26.1563,43.3906a6.0092,6.0092,0,0,0,0,9.2231L62.1578,82.615a6.0035,6.0035,0,0,0,7.6878-9.2231Z\"\/><\/svg> <\/div><\/a><\/div>[\/vc_column_inner][\/vc_row_inner][\/vc_column][\/vc_row][\/vc_section]<\/p>\n<\/div>","protected":false},"excerpt":{"rendered":"<p>El aporte disciplinar de la carrera en el \u00e1mbito educativo, permite apoyar a las comunidades escolares en la construcci\u00f3n de espacios sociales inclusivos.<\/p>\n","protected":false},"author":34,"featured_media":496,"comment_status":"open","ping_status":"open","sticky":false,"template":"","format":"standard","meta":{"_acf_changed":false,"footnotes":""},"categories":[30],"tags":[],"class_list":["post-495","post","type-post","status-publish","format-standard","has-post-thumbnail","hentry","category-salud-uoh"],"acf":[],"yoast_head":"<!-- This site is optimized with the Yoast SEO plugin v28.3 - https:\/\/yoast.com\/product\/yoast-seo-wordpress\/ -->\n<title>Estudiantes de Terapia Ocupacional llevan la promoci\u00f3n y educaci\u00f3n en Derechos Humanos a colegios de la regi\u00f3n - Escuela de Ciencias Agroalimentarias, Animales y Ambientales.<\/title>\n<meta name=\"description\" content=\"El aporte disciplinar de la carrera en el \u00e1mbito educativo, permite apoyar a las comunidades escolares en la construcci\u00f3n de espacios sociales inclusivos.\" \/>\n<meta name=\"robots\" content=\"noindex, nofollow\" \/>\n<meta property=\"og:locale\" content=\"es_ES\" \/>\n<meta property=\"og:type\" content=\"article\" \/>\n<meta property=\"og:title\" content=\"Estudiantes de Terapia Ocupacional llevan la promoci\u00f3n y educaci\u00f3n en Derechos Humanos a colegios de la regi\u00f3n - Escuela de Ciencias Agroalimentarias, Animales y Ambientales.\" \/>\n<meta property=\"og:description\" content=\"El aporte disciplinar de la carrera en el \u00e1mbito educativo, permite apoyar a las comunidades escolares en la construcci\u00f3n de espacios sociales inclusivos.\" \/>\n<meta property=\"og:url\" content=\"https:\/\/www.uoh.cl\/escuelas-de-ciencias-agroalimentarias\/estudiantes-de-terapia-ocupacional-llevan-la-promocion-y-educacion-en-derechos-humanos-a-colegios-de-la-region\/\" \/>\n<meta property=\"og:site_name\" content=\"Escuela de Ciencias Agroalimentarias, Animales y Ambientales.\" \/>\n<meta property=\"article:published_time\" content=\"2022-08-09T19:43:24+00:00\" \/>\n<meta property=\"og:image\" content=\"https:\/\/www.uoh.cl\/escuelas-de-ciencias-agroalimentarias\/wp-content\/uploads\/sites\/16\/2022\/08\/Nota-TO.jpg\" \/>\n\t<meta property=\"og:image:width\" content=\"1500\" \/>\n\t<meta property=\"og:image:height\" content=\"1000\" \/>\n\t<meta property=\"og:image:type\" content=\"image\/jpeg\" \/>\n<meta name=\"author\" content=\"Universidad de O&#039;Higgins\" \/>\n<meta name=\"twitter:card\" content=\"summary_large_image\" \/>\n<meta name=\"twitter:label1\" content=\"Escrito por\" \/>\n\t<meta name=\"twitter:data1\" content=\"Universidad de O&#039;Higgins\" \/>\n\t<meta name=\"twitter:label2\" content=\"Tiempo estimado de lectura\" \/>\n\t<meta name=\"twitter:data2\" content=\"2 minutos\" \/>\n<script type=\"application\/ld+json\" class=\"yoast-schema-graph\">{\"@context\":\"https:\\\/\\\/schema.org\",\"@graph\":[{\"@type\":\"Article\",\"@id\":\"https:\\\/\\\/www.uoh.cl\\\/escuelas-de-ciencias-agroalimentarias\\\/estudiantes-de-terapia-ocupacional-llevan-la-promocion-y-educacion-en-derechos-humanos-a-colegios-de-la-region\\\/#article\",\"isPartOf\":{\"@id\":\"https:\\\/\\\/www.uoh.cl\\\/escuelas-de-ciencias-agroalimentarias\\\/estudiantes-de-terapia-ocupacional-llevan-la-promocion-y-educacion-en-derechos-humanos-a-colegios-de-la-region\\\/\"},\"author\":{\"name\":\"Universidad de O'Higgins\",\"@id\":\"https:\\\/\\\/www.uoh.cl\\\/escuelas-de-ciencias-agroalimentarias\\\/#\\\/schema\\\/person\\\/ea242e676c7d6d7e46fc8b9e39486c4f\"},\"headline\":\"Estudiantes de Terapia Ocupacional llevan la promoci\u00f3n y educaci\u00f3n en Derechos Humanos a colegios de la regi\u00f3n\",\"datePublished\":\"2022-08-09T19:43:24+00:00\",\"mainEntityOfPage\":{\"@id\":\"https:\\\/\\\/www.uoh.cl\\\/escuelas-de-ciencias-agroalimentarias\\\/estudiantes-de-terapia-ocupacional-llevan-la-promocion-y-educacion-en-derechos-humanos-a-colegios-de-la-region\\\/\"},\"wordCount\":577,\"commentCount\":0,\"image\":{\"@id\":\"https:\\\/\\\/www.uoh.cl\\\/escuelas-de-ciencias-agroalimentarias\\\/estudiantes-de-terapia-ocupacional-llevan-la-promocion-y-educacion-en-derechos-humanos-a-colegios-de-la-region\\\/#primaryimage\"},\"thumbnailUrl\":\"https:\\\/\\\/www.uoh.cl\\\/escuelas-de-ciencias-agroalimentarias\\\/wp-content\\\/uploads\\\/sites\\\/16\\\/2022\\\/08\\\/Nota-TO.jpg\",\"articleSection\":[\"Salud UOH\"],\"inLanguage\":\"es-CL\",\"potentialAction\":[{\"@type\":\"CommentAction\",\"name\":\"Comment\",\"target\":[\"https:\\\/\\\/www.uoh.cl\\\/escuelas-de-ciencias-agroalimentarias\\\/estudiantes-de-terapia-ocupacional-llevan-la-promocion-y-educacion-en-derechos-humanos-a-colegios-de-la-region\\\/#respond\"]}]},{\"@type\":\"WebPage\",\"@id\":\"https:\\\/\\\/www.uoh.cl\\\/escuelas-de-ciencias-agroalimentarias\\\/estudiantes-de-terapia-ocupacional-llevan-la-promocion-y-educacion-en-derechos-humanos-a-colegios-de-la-region\\\/\",\"url\":\"https:\\\/\\\/www.uoh.cl\\\/escuelas-de-ciencias-agroalimentarias\\\/estudiantes-de-terapia-ocupacional-llevan-la-promocion-y-educacion-en-derechos-humanos-a-colegios-de-la-region\\\/\",\"name\":\"Estudiantes de Terapia Ocupacional llevan la promoci\u00f3n y educaci\u00f3n en Derechos Humanos a colegios de la regi\u00f3n - Escuela de Ciencias Agroalimentarias, Animales y Ambientales.\",\"isPartOf\":{\"@id\":\"https:\\\/\\\/www.uoh.cl\\\/escuelas-de-ciencias-agroalimentarias\\\/#website\"},\"primaryImageOfPage\":{\"@id\":\"https:\\\/\\\/www.uoh.cl\\\/escuelas-de-ciencias-agroalimentarias\\\/estudiantes-de-terapia-ocupacional-llevan-la-promocion-y-educacion-en-derechos-humanos-a-colegios-de-la-region\\\/#primaryimage\"},\"image\":{\"@id\":\"https:\\\/\\\/www.uoh.cl\\\/escuelas-de-ciencias-agroalimentarias\\\/estudiantes-de-terapia-ocupacional-llevan-la-promocion-y-educacion-en-derechos-humanos-a-colegios-de-la-region\\\/#primaryimage\"},\"thumbnailUrl\":\"https:\\\/\\\/www.uoh.cl\\\/escuelas-de-ciencias-agroalimentarias\\\/wp-content\\\/uploads\\\/sites\\\/16\\\/2022\\\/08\\\/Nota-TO.jpg\",\"datePublished\":\"2022-08-09T19:43:24+00:00\",\"author\":{\"@id\":\"https:\\\/\\\/www.uoh.cl\\\/escuelas-de-ciencias-agroalimentarias\\\/#\\\/schema\\\/person\\\/ea242e676c7d6d7e46fc8b9e39486c4f\"},\"description\":\"El aporte disciplinar de la carrera en el \u00e1mbito educativo, permite apoyar a las comunidades escolares en la construcci\u00f3n de espacios sociales inclusivos.\",\"inLanguage\":\"es-CL\",\"potentialAction\":[{\"@type\":\"ReadAction\",\"target\":[\"https:\\\/\\\/www.uoh.cl\\\/escuelas-de-ciencias-agroalimentarias\\\/estudiantes-de-terapia-ocupacional-llevan-la-promocion-y-educacion-en-derechos-humanos-a-colegios-de-la-region\\\/\"]}]},{\"@type\":\"ImageObject\",\"inLanguage\":\"es-CL\",\"@id\":\"https:\\\/\\\/www.uoh.cl\\\/escuelas-de-ciencias-agroalimentarias\\\/estudiantes-de-terapia-ocupacional-llevan-la-promocion-y-educacion-en-derechos-humanos-a-colegios-de-la-region\\\/#primaryimage\",\"url\":\"https:\\\/\\\/www.uoh.cl\\\/escuelas-de-ciencias-agroalimentarias\\\/wp-content\\\/uploads\\\/sites\\\/16\\\/2022\\\/08\\\/Nota-TO.jpg\",\"contentUrl\":\"https:\\\/\\\/www.uoh.cl\\\/escuelas-de-ciencias-agroalimentarias\\\/wp-content\\\/uploads\\\/sites\\\/16\\\/2022\\\/08\\\/Nota-TO.jpg\",\"width\":1500,\"height\":1000},{\"@type\":\"WebSite\",\"@id\":\"https:\\\/\\\/www.uoh.cl\\\/escuelas-de-ciencias-agroalimentarias\\\/#website\",\"url\":\"https:\\\/\\\/www.uoh.cl\\\/escuelas-de-ciencias-agroalimentarias\\\/\",\"name\":\"Escuela de Ciencias Agroalimentarias, Animales y Ambientales.\",\"description\":\"Otro sitio de Sitios de Universidad O'higgins\",\"potentialAction\":[{\"@type\":\"SearchAction\",\"target\":{\"@type\":\"EntryPoint\",\"urlTemplate\":\"https:\\\/\\\/www.uoh.cl\\\/escuelas-de-ciencias-agroalimentarias\\\/?s={search_term_string}\"},\"query-input\":{\"@type\":\"PropertyValueSpecification\",\"valueRequired\":true,\"valueName\":\"search_term_string\"}}],\"inLanguage\":\"es-CL\"},{\"@type\":\"Person\",\"@id\":\"https:\\\/\\\/www.uoh.cl\\\/escuelas-de-ciencias-agroalimentarias\\\/#\\\/schema\\\/person\\\/ea242e676c7d6d7e46fc8b9e39486c4f\",\"name\":\"Universidad de O'Higgins\",\"image\":{\"@type\":\"ImageObject\",\"inLanguage\":\"es-CL\",\"@id\":\"https:\\\/\\\/secure.gravatar.com\\\/avatar\\\/78fcb76ca05efae11fd355943c01a832a29786cc00d85b1a82c301bea2b2a214?s=96&d=mm&r=g\",\"url\":\"https:\\\/\\\/secure.gravatar.com\\\/avatar\\\/78fcb76ca05efae11fd355943c01a832a29786cc00d85b1a82c301bea2b2a214?s=96&d=mm&r=g\",\"contentUrl\":\"https:\\\/\\\/secure.gravatar.com\\\/avatar\\\/78fcb76ca05efae11fd355943c01a832a29786cc00d85b1a82c301bea2b2a214?s=96&d=mm&r=g\",\"caption\":\"Universidad de O'Higgins\"}}]}<\/script>\n<!-- \/ Yoast SEO plugin. -->","yoast_head_json":{"title":"Estudiantes de Terapia Ocupacional llevan la promoci\u00f3n y educaci\u00f3n en Derechos Humanos a colegios de la regi\u00f3n - Escuela de Ciencias Agroalimentarias, Animales y Ambientales.","description":"El aporte disciplinar de la carrera en el \u00e1mbito educativo, permite apoyar a las comunidades escolares en la construcci\u00f3n de espacios sociales inclusivos.","robots":{"index":"noindex","follow":"nofollow"},"og_locale":"es_ES","og_type":"article","og_title":"Estudiantes de Terapia Ocupacional llevan la promoci\u00f3n y educaci\u00f3n en Derechos Humanos a colegios de la regi\u00f3n - Escuela de Ciencias Agroalimentarias, Animales y Ambientales.","og_description":"El aporte disciplinar de la carrera en el \u00e1mbito educativo, permite apoyar a las comunidades escolares en la construcci\u00f3n de espacios sociales inclusivos.","og_url":"https:\/\/www.uoh.cl\/escuelas-de-ciencias-agroalimentarias\/estudiantes-de-terapia-ocupacional-llevan-la-promocion-y-educacion-en-derechos-humanos-a-colegios-de-la-region\/","og_site_name":"Escuela de Ciencias Agroalimentarias, Animales y Ambientales.","article_published_time":"2022-08-09T19:43:24+00:00","og_image":[{"width":1500,"height":1000,"url":"https:\/\/www.uoh.cl\/escuelas-de-ciencias-agroalimentarias\/wp-content\/uploads\/sites\/16\/2022\/08\/Nota-TO.jpg","type":"image\/jpeg"}],"author":"Universidad de O'Higgins","twitter_card":"summary_large_image","twitter_misc":{"Escrito por":"Universidad de O'Higgins","Tiempo estimado de lectura":"2 minutos"},"schema":{"@context":"https:\/\/schema.org","@graph":[{"@type":"Article","@id":"https:\/\/www.uoh.cl\/escuelas-de-ciencias-agroalimentarias\/estudiantes-de-terapia-ocupacional-llevan-la-promocion-y-educacion-en-derechos-humanos-a-colegios-de-la-region\/#article","isPartOf":{"@id":"https:\/\/www.uoh.cl\/escuelas-de-ciencias-agroalimentarias\/estudiantes-de-terapia-ocupacional-llevan-la-promocion-y-educacion-en-derechos-humanos-a-colegios-de-la-region\/"},"author":{"name":"Universidad de O'Higgins","@id":"https:\/\/www.uoh.cl\/escuelas-de-ciencias-agroalimentarias\/#\/schema\/person\/ea242e676c7d6d7e46fc8b9e39486c4f"},"headline":"Estudiantes de Terapia Ocupacional llevan la promoci\u00f3n y educaci\u00f3n en Derechos Humanos a colegios de la regi\u00f3n","datePublished":"2022-08-09T19:43:24+00:00","mainEntityOfPage":{"@id":"https:\/\/www.uoh.cl\/escuelas-de-ciencias-agroalimentarias\/estudiantes-de-terapia-ocupacional-llevan-la-promocion-y-educacion-en-derechos-humanos-a-colegios-de-la-region\/"},"wordCount":577,"commentCount":0,"image":{"@id":"https:\/\/www.uoh.cl\/escuelas-de-ciencias-agroalimentarias\/estudiantes-de-terapia-ocupacional-llevan-la-promocion-y-educacion-en-derechos-humanos-a-colegios-de-la-region\/#primaryimage"},"thumbnailUrl":"https:\/\/www.uoh.cl\/escuelas-de-ciencias-agroalimentarias\/wp-content\/uploads\/sites\/16\/2022\/08\/Nota-TO.jpg","articleSection":["Salud UOH"],"inLanguage":"es-CL","potentialAction":[{"@type":"CommentAction","name":"Comment","target":["https:\/\/www.uoh.cl\/escuelas-de-ciencias-agroalimentarias\/estudiantes-de-terapia-ocupacional-llevan-la-promocion-y-educacion-en-derechos-humanos-a-colegios-de-la-region\/#respond"]}]},{"@type":"WebPage","@id":"https:\/\/www.uoh.cl\/escuelas-de-ciencias-agroalimentarias\/estudiantes-de-terapia-ocupacional-llevan-la-promocion-y-educacion-en-derechos-humanos-a-colegios-de-la-region\/","url":"https:\/\/www.uoh.cl\/escuelas-de-ciencias-agroalimentarias\/estudiantes-de-terapia-ocupacional-llevan-la-promocion-y-educacion-en-derechos-humanos-a-colegios-de-la-region\/","name":"Estudiantes de Terapia Ocupacional llevan la promoci\u00f3n y educaci\u00f3n en Derechos Humanos a colegios de la regi\u00f3n - Escuela de Ciencias Agroalimentarias, Animales y Ambientales.","isPartOf":{"@id":"https:\/\/www.uoh.cl\/escuelas-de-ciencias-agroalimentarias\/#website"},"primaryImageOfPage":{"@id":"https:\/\/www.uoh.cl\/escuelas-de-ciencias-agroalimentarias\/estudiantes-de-terapia-ocupacional-llevan-la-promocion-y-educacion-en-derechos-humanos-a-colegios-de-la-region\/#primaryimage"},"image":{"@id":"https:\/\/www.uoh.cl\/escuelas-de-ciencias-agroalimentarias\/estudiantes-de-terapia-ocupacional-llevan-la-promocion-y-educacion-en-derechos-humanos-a-colegios-de-la-region\/#primaryimage"},"thumbnailUrl":"https:\/\/www.uoh.cl\/escuelas-de-ciencias-agroalimentarias\/wp-content\/uploads\/sites\/16\/2022\/08\/Nota-TO.jpg","datePublished":"2022-08-09T19:43:24+00:00","author":{"@id":"https:\/\/www.uoh.cl\/escuelas-de-ciencias-agroalimentarias\/#\/schema\/person\/ea242e676c7d6d7e46fc8b9e39486c4f"},"description":"El aporte disciplinar de la carrera en el \u00e1mbito educativo, permite apoyar a las comunidades escolares en la construcci\u00f3n de espacios sociales inclusivos.","inLanguage":"es-CL","potentialAction":[{"@type":"ReadAction","target":["https:\/\/www.uoh.cl\/escuelas-de-ciencias-agroalimentarias\/estudiantes-de-terapia-ocupacional-llevan-la-promocion-y-educacion-en-derechos-humanos-a-colegios-de-la-region\/"]}]},{"@type":"ImageObject","inLanguage":"es-CL","@id":"https:\/\/www.uoh.cl\/escuelas-de-ciencias-agroalimentarias\/estudiantes-de-terapia-ocupacional-llevan-la-promocion-y-educacion-en-derechos-humanos-a-colegios-de-la-region\/#primaryimage","url":"https:\/\/www.uoh.cl\/escuelas-de-ciencias-agroalimentarias\/wp-content\/uploads\/sites\/16\/2022\/08\/Nota-TO.jpg","contentUrl":"https:\/\/www.uoh.cl\/escuelas-de-ciencias-agroalimentarias\/wp-content\/uploads\/sites\/16\/2022\/08\/Nota-TO.jpg","width":1500,"height":1000},{"@type":"WebSite","@id":"https:\/\/www.uoh.cl\/escuelas-de-ciencias-agroalimentarias\/#website","url":"https:\/\/www.uoh.cl\/escuelas-de-ciencias-agroalimentarias\/","name":"Escuela de Ciencias Agroalimentarias, Animales y Ambientales.","description":"Otro sitio de Sitios de Universidad O'higgins","potentialAction":[{"@type":"SearchAction","target":{"@type":"EntryPoint","urlTemplate":"https:\/\/www.uoh.cl\/escuelas-de-ciencias-agroalimentarias\/?s={search_term_string}"},"query-input":{"@type":"PropertyValueSpecification","valueRequired":true,"valueName":"search_term_string"}}],"inLanguage":"es-CL"},{"@type":"Person","@id":"https:\/\/www.uoh.cl\/escuelas-de-ciencias-agroalimentarias\/#\/schema\/person\/ea242e676c7d6d7e46fc8b9e39486c4f","name":"Universidad de O'Higgins","image":{"@type":"ImageObject","inLanguage":"es-CL","@id":"https:\/\/secure.gravatar.com\/avatar\/78fcb76ca05efae11fd355943c01a832a29786cc00d85b1a82c301bea2b2a214?s=96&d=mm&r=g","url":"https:\/\/secure.gravatar.com\/avatar\/78fcb76ca05efae11fd355943c01a832a29786cc00d85b1a82c301bea2b2a214?s=96&d=mm&r=g","contentUrl":"https:\/\/secure.gravatar.com\/avatar\/78fcb76ca05efae11fd355943c01a832a29786cc00d85b1a82c301bea2b2a214?s=96&d=mm&r=g","caption":"Universidad de O'Higgins"}}]}},"_links":{"self":[{"href":"https:\/\/www.uoh.cl\/escuelas-de-ciencias-agroalimentarias\/wp-json\/wp\/v2\/posts\/495","targetHints":{"allow":["GET"]}}],"collection":[{"href":"https:\/\/www.uoh.cl\/escuelas-de-ciencias-agroalimentarias\/wp-json\/wp\/v2\/posts"}],"about":[{"href":"https:\/\/www.uoh.cl\/escuelas-de-ciencias-agroalimentarias\/wp-json\/wp\/v2\/types\/post"}],"author":[{"embeddable":true,"href":"https:\/\/www.uoh.cl\/escuelas-de-ciencias-agroalimentarias\/wp-json\/wp\/v2\/users\/34"}],"replies":[{"embeddable":true,"href":"https:\/\/www.uoh.cl\/escuelas-de-ciencias-agroalimentarias\/wp-json\/wp\/v2\/comments?post=495"}],"version-history":[{"count":0,"href":"https:\/\/www.uoh.cl\/escuelas-de-ciencias-agroalimentarias\/wp-json\/wp\/v2\/posts\/495\/revisions"}],"wp:featuredmedia":[{"embeddable":true,"href":"https:\/\/www.uoh.cl\/escuelas-de-ciencias-agroalimentarias\/wp-json\/wp\/v2\/media\/496"}],"wp:attachment":[{"href":"https:\/\/www.uoh.cl\/escuelas-de-ciencias-agroalimentarias\/wp-json\/wp\/v2\/media?parent=495"}],"wp:term":[{"taxonomy":"category","embeddable":true,"href":"https:\/\/www.uoh.cl\/escuelas-de-ciencias-agroalimentarias\/wp-json\/wp\/v2\/categories?post=495"},{"taxonomy":"post_tag","embeddable":true,"href":"https:\/\/www.uoh.cl\/escuelas-de-ciencias-agroalimentarias\/wp-json\/wp\/v2\/tags?post=495"}],"curies":[{"name":"wp","href":"https:\/\/api.w.org\/{rel}","templated":true}]}}