
{"id":384,"date":"2022-08-01T10:40:13","date_gmt":"2022-08-01T13:40:13","guid":{"rendered":"https:\/\/www.uoh.cl\/escuelas-de-ciencias-agroalimentarias\/la-ceremonia-que-conto-con-la-presencia-del-ministro-de-educacion-marco-antonio-avila-fue-el-cierre-de-una-de-las-etapas-del-proyecto-que-encabeza-la-universidad-de-ohiggins-y-que-apunta-a\/"},"modified":"2022-08-01T12:21:43","modified_gmt":"2022-08-01T15:21:43","slug":"la-ceremonia-que-conto-con-la-presencia-del-ministro-de-educacion-marco-antonio-avila-fue-el-cierre-de-una-de-las-etapas-del-proyecto-que-encabeza-la-universidad-de-ohiggins-y-que-apunta-a","status":"publish","type":"post","link":"https:\/\/www.uoh.cl\/escuelas-de-ciencias-agroalimentarias\/la-ceremonia-que-conto-con-la-presencia-del-ministro-de-educacion-marco-antonio-avila-fue-el-cierre-de-una-de-las-etapas-del-proyecto-que-encabeza-la-universidad-de-ohiggins-y-que-apunta-a\/","title":{"rendered":"162 docentes de la Regi\u00f3n de O\u2019Higgins se certificaron en bienestar y ejercicio profesional"},"content":{"rendered":"<div class=\"wpb-content-wrapper\"><p>[vc_section el_class=&#8221;container mx-auto align-items-center text-right circle&#8211;pattern&#8221; css=&#8221;.vc_custom_1648956589196{padding-top: 3rem !important;}&#8221;][vc_row][vc_column]<div class=\"breadcrumb\"><ol itemscope itemtype=\"https:\/\/schema.org\/BreadcrumbList\"><li itemprop=\"itemListElement\" itemscope itemtype=\"https:\/\/schema.org\/ListItem\"><a itemprop=\"item\" href=\"http:\/\/www.uoh.cl\"><span itemprop=\"name\">Inicio<\/span><\/a><meta itemprop=\"position\" content=\"1\" \/><li itemprop=\"itemListElement\" itemscope itemtype=\"https:\/\/schema.org\/ListItem\"><a itemprop=\"item\" href=\"https:\/\/www.uoh.cl\/escuelas-de-ciencias-agroalimentarias\"><span itemprop=\"name\">Escuela de Ciencias Agroalimentarias, Animales y Ambientales.<\/span><\/a><meta itemprop=\"position\" content=\"2\" \/><li itemprop=\"itemListElement\" itemscope itemtype=\"https:\/\/schema.org\/ListItem\"><span itemprop=\"name\">162 docentes de la Regi\u00f3n de O\u2019Higgins se certificaron en <\/span><meta itemprop=\"position\" content=\"3\" \/><\/ol><\/div><ul class=\"p-0 list-style-none d-inline-block\"><li class=\"p-0\"><a href=https:\/\/www.uoh.cl\/escuelas-de-ciencias-agroalimentarias\/category\/educacion\/ class=\"px-1 py-2\">Educaci\u00f3n<\/a><\/li><\/ul><div class=\"date_publish_post\"> \u25cf Lun 01 de Agosto 2022<\/div><div class=\"uoh_title_component-container\"><h1 class=\"title title--ms d-inline-block title--decorator  big\">162 docentes de la Regi\u00f3n de O\u2019Higgins se certificaron en bienestar y ejercicio profesional<\/h1><\/div>[vc_row_inner el_class=&#8221;border-separator m-0&#8243;][vc_column_inner width=&#8221;2\/3&#8243;]<div class=\"author_wp_class\"> Escrito por <span>Universidad de O'Higgins<\/span><\/div>[\/vc_column_inner][vc_column_inner el_class=&#8221;align-items-end-publish&#8221; width=&#8221;1\/3&#8243;]<div class=\"uoh_social_network_component uoh_row col-12 justify-content-end m-0 p-0\"> <div class=\"icon__facebook-share-button\">\n                       <a href=\"https:\/\/www.facebook.com\/sharer\/sharer.php?u=https:\/\/www.uoh.cl\/escuelas-de-ciencias-agroalimentarias\/la-ceremonia-que-conto-con-la-presencia-del-ministro-de-educacion-marco-antonio-avila-fue-el-cierre-de-una-de-las-etapas-del-proyecto-que-encabeza-la-universidad-de-ohiggins-y-que-apunta-a\/\" target=\"_blank\"> <div class=\"icon__facebook-svg\"><svg version=\"1.1\" xmlns=\"http:\/\/www.w3.org\/2000\/svg\" xmlns:xlink=\"http:\/\/www.w3.org\/1999\/xlink\" x=\"0px\" y=\"0px\" width=\"22.4px\" height=\"48.3px\" viewBox=\"0 0 22.4 48.3\" style=\"overflow:visible;enable-background:new 0 0 22.4 48.3;\" xml:space=\"preserve\">\n                <defs>\n                <\/defs>\n                <path class=\"st0\" d=\"M22.4,15.6h-7.6v-5c0-1.9,1.2-2.3,2.1-2.3c0.9,0,5.4,0,5.4,0V0l-7.4,0C6.6,0,4.8,6.2,4.8,10.1v5.5H0v8.5h4.8\n                    c0,10.9,0,24.1,0,24.1h10c0,0,0-13.3,0-24.1h6.8L22.4,15.6z\"><\/path>\n                <\/svg><\/a><\/div>\n                    <\/div><div class=\"icon__twitter-share-button\">\n                        <div class=\"icon__twitter-svg\"><a target=\"_blank\" href=\"http:\/\/twitter.com\/share?url=https:\/\/www.uoh.cl\/escuelas-de-ciencias-agroalimentarias\/la-ceremonia-que-conto-con-la-presencia-del-ministro-de-educacion-marco-antonio-avila-fue-el-cierre-de-una-de-las-etapas-del-proyecto-que-encabeza-la-universidad-de-ohiggins-y-que-apunta-a\/\"><svg xmlns=\"http:\/\/www.w3.org\/2000\/svg\" height=\"1em\" viewBox=\"0 0 512 512\"><!--! Font Awesome Free 6.4.2 by @fontawesome - https:\/\/fontawesome.com License - https:\/\/fontawesome.com\/license (Commercial License) Copyright 2023 Fonticons, Inc. --><path d=\"M389.2 48h70.6L305.6 224.2 487 464H345L233.7 318.6 106.5 464H35.8L200.7 275.5 26.8 48H172.4L272.9 180.9 389.2 48zM364.4 421.8h39.1L151.1 88h-42L364.4 421.8z\"\/><\/svg><\/a><\/div>\n                        <\/div><div class=\"icon__linkedin-share-button\">\n                        <div class=\"icon__linkedin-svg\">\n                        <a target=\"__blank\" href=\"https:\/\/www.linkedin.com\/sharing\/share-offsite\/?url=https:\/\/www.uoh.cl\/escuelas-de-ciencias-agroalimentarias\/la-ceremonia-que-conto-con-la-presencia-del-ministro-de-educacion-marco-antonio-avila-fue-el-cierre-de-una-de-las-etapas-del-proyecto-que-encabeza-la-universidad-de-ohiggins-y-que-apunta-a\/\"><svg enable-background=\"new 0 0 100 100\" height=\"100px\" id=\"Layer_1\" version=\"1.1\" viewBox=\"0 0 100 100\" width=\"100px\" xml:space=\"preserve\" xmlns=\"http:\/\/www.w3.org\/2000\/svg\" xmlns:xlink=\"http:\/\/www.w3.org\/1999\/xlink\"><g><circle cx=\"50\" cy=\"50\" fill=\"#ccc\" r=\"45\"\/><g id=\"LinkedIn_1_\"><rect fill=\"#FFFFFF\" height=\"24.361\" width=\"7.69\" x=\"31.271\" y=\"43.569\"\/><path d=\"M59.968,43.334c-4.406,0-7.165,2.387-7.677,4.058v-3.823h-8.636c0.109,2.03,0,24.361,0,24.361h8.636    V54.748c0-0.733-0.034-1.465,0.19-1.991c0.594-1.464,1.869-2.985,4.162-2.985c2.998,0,4.361,2.253,4.361,5.552V67.93h8.721V54.384    C69.726,46.839,65.432,43.334,59.968,43.334z\" fill=\"#FFFFFF\"\/><path d=\"M34.973,32.069c-2.839,0-4.696,1.823-4.696,4.229c0,2.361,1.804,4.224,4.589,4.224h0.054    c2.891,0,4.69-1.869,4.69-4.229C39.555,33.888,37.81,32.069,34.973,32.069z\" fill=\"#FFFFFF\"\/><\/g><\/g><\/svg><\/a><\/div>\n\n            <\/div><\/div>[\/vc_column_inner][\/vc_row_inner]<div class=\"vc_single_image-wrapper vc_box_rounded  vc_box_border_grey\"><img decoding=\"async\" width=\"1024\" height=\"683\" data-src=\"https:\/\/www.uoh.cl\/escuelas-de-ciencias-agroalimentarias\/wp-content\/uploads\/sites\/16\/2022\/08\/Nota-Visita-Ministro-de-Educacion.jpg\" class=\"attachment-large size-large wp-post-image lazyload\" alt=\"\" src=\"data:image\/svg+xml;base64,PHN2ZyB3aWR0aD0iMSIgaGVpZ2h0PSIxIiB4bWxucz0iaHR0cDovL3d3dy53My5vcmcvMjAwMC9zdmciPjwvc3ZnPg==\" style=\"--smush-placeholder-width: 1024px; --smush-placeholder-aspect-ratio: 1024\/683;\" \/><\/div>[vc_column_text]<\/p>\n<p>&nbsp;<\/p>\n<p>[\/vc_column_text][vc_column_text]<i>La ceremonia que cont\u00f3 con la presencia del Ministro de Educaci\u00f3n, Marco Antonio \u00c1vila, fue el cierre de una de las etapas del proyecto que encabeza la Universidad de O\u2019Higgins y que apunta a una formaci\u00f3n docente efectiva y pertinente al territorio y su contexto.<\/i>[\/vc_column_text][vc_column_text]<\/p>\n<p>&nbsp;<\/p>\n<p>[\/vc_column_text][vc_column_text]<\/p>\n<p style=\"font-weight: 400;\">Entre el 25 de junio y el 30 de julio de este a\u00f1o, 162 docentes de la Regi\u00f3n de O\u2019Higgins participaron de los cursos sobre respuesta socioeducativa para estudiantes que presentan condici\u00f3n del espectro autista, evaluaci\u00f3n para el aprendizaje en el nivel de educaci\u00f3n b\u00e1sica y fortalecimiento de las habilidades de gesti\u00f3n en las unidades t\u00e9cnicas pedag\u00f3gicas.<\/p>\n<p style=\"font-weight: 400;\">Luego de 40 horas pedag\u00f3gicas, 12 de ellas presenciales, los docentes que participaron del proyecto, liderado por la Universidad de O\u2019Higgins y financiado por el Ministerio de Educaci\u00f3n, recibieron su certificaci\u00f3n en una ceremonia que fue encabezada por el Ministro Marco Antonio \u00c1vila; el Rector de la Universidad de O\u2019Higgins, Rafael Correa; la directora del Centro de Perfeccionamiento, Experimentaci\u00f3n e Investigaciones Pedag\u00f3gicas del Mineduc (CPEIP), Lilia Concha; y el seremi de Educaci\u00f3n de O\u2019Higgins, Gabriel Bosque.<\/p>\n<p style=\"font-weight: 400;\">Se trata de la certificaci\u00f3n del proyecto URO2095 \u201cBienestar y ejercicio profesional docente en la Regi\u00f3n de O\u2019Higgins: hacia una formaci\u00f3n docente efectiva y pertinente al territorio y su contexto\u201d que fue desarrollado por la UOH a trav\u00e9s de su Escuela de Educaci\u00f3n e Instituto de Ciencias de la Educaci\u00f3n, con el apoyo de la Direcci\u00f3n de Vinculaci\u00f3n con el Medio y el \u00c1rea de Ense\u00f1anza y Aprendizaje de la Direcci\u00f3n de Pregrado, y que inici\u00f3 sus labores en noviembre de 2020 con el objetivo de determinar los desaf\u00edos y necesidades, desde el cuerpo docente de la educaci\u00f3n parvularia y escolar de la Regi\u00f3n de O\u2019Higgins, en el \u00e1mbito de su bienestar y ejercicio profesional.<\/p>\n<p style=\"font-weight: 400;\">Cabe destacar que a trav\u00e9s de este proyecto se busca constituir una Red de Centros Educativos en alianza estrat\u00e9gica con la Universidad de O\u2019Higgins para la pr\u00e1ctica e investigaci\u00f3n pedag\u00f3gica, adem\u00e1s de indagar en el trabajo y el bienestar docente en la educaci\u00f3n parvularia y escolar de la regi\u00f3n, buscando enriquecer las decisiones estrat\u00e9gicas institucionales y de la comunidad regional, entre otros objetivos espec\u00edficos.<\/p>\n<p style=\"font-weight: 400;\">Tras conversar con los docentes que participaron del proyecto, el Ministro \u00c1vila se\u00f1al\u00f3 estar muy contento de su visita a la Universidad de O\u2019Higgins. \u201cSe trata de la universidad estatal de la regi\u00f3n, que ha impulsado un proyecto para la formaci\u00f3n de profesores, jefes t\u00e9cnicos y algunos directores de la regi\u00f3n. Es fundamental porque han tratado distintos temas que son important\u00edsimos para nosotros en la educaci\u00f3n como, por ejemplo, la incorporaci\u00f3n del decreto 67, el trabajo en red y la evaluaci\u00f3n o retroalimentaci\u00f3n de las y los estudiantes. Es fundamental contar con muchos m\u00e1s programas en esta universidad y en todas las universidades que tiene el Estado a lo largo del pa\u00eds\u201d, explic\u00f3 la autoridad.<\/p>\n<p style=\"font-weight: 400;\">Asimismo, el Rector Rafael Correa se\u00f1al\u00f3 su agradecimiento \u201cpor esta alianza estrat\u00e9gica con el Ministerio de Educaci\u00f3n, por este compromiso com\u00fan con el rol p\u00fablico de nuestras instituciones estatales, para el desarrollo de nuestra gente en la regi\u00f3n y en el pa\u00eds. Me siento muy contento y muy entusiasmado de lo que podamos continuar haciendo para nuestros profesores y para la Regi\u00f3n de O\u2019Higgins\u201d.<\/p>\n<p style=\"font-weight: 400;\">Seg\u00fan explic\u00f3 el director de la Escuela de Educaci\u00f3n, Federico Navarro, adicionalmente se encuentran en producci\u00f3n dos periodos de formaci\u00f3n docente para este proyecto. Uno en el mes de agosto, donde se espera llegar a 90 docentes de Cardenal Caro, y otro en el mes de septiembre, al que asistir\u00e1n 120 docentes de Colchagua, quienes participar\u00e1n en los cursos de evaluaci\u00f3n para el aprendizaje, interacciones de calidad en la educaci\u00f3n parvularia, espectro autista (derechos y enfoques), desarrollo de habilidades en la implementaci\u00f3n de ingl\u00e9s y fortalecimiento de habilidades de jefes y jefas de UTP.<\/p>\n<p style=\"font-weight: 400;\">El director de la Escuela tambi\u00e9n coment\u00f3 que \u201cnos gust\u00f3 mucho tener al Ministro de Educaci\u00f3n y a la directora del CPEIP visitando las aulas, hablando mano a mano con los profesores e intercambiando necesidades e impresiones. Es un lujo tener a las altas autoridades nacionales de formaci\u00f3n docente y de educaci\u00f3n en nuestras aulas de la UOH\u201d.<\/p>\n<p style=\"font-weight: 400;\">El Ministro \u00c1vila, adem\u00e1s de la ceremonia de certificaci\u00f3n, realiz\u00f3 un recorrido por las dependencias de la Universidad, con el objetivo de conocer el desarrollo y avance de la UOH en sus primeros 7 a\u00f1os de vida.<\/p>\n<p>[\/vc_column_text][vc_column_text]<\/p>\n<p>&nbsp;<\/p>\n<p>&nbsp;<\/p>\n<p>[\/vc_column_text][\/vc_column][\/vc_row][\/vc_section][vc_section css=&#8221;.vc_custom_1650255686594{background-color: #f6faff !important;}&#8221; el_class=&#8221;p-md-0 pt-md-5&#8243;][vc_row el_class=&#8221;container mx-auto align-items-center text-right p-md-0 pt-5 pb-5&#8243;][vc_column el_class=&#8221;pb-5&#8243;][vc_row_inner el_class=&#8221;pb-5&#8243;][vc_column_inner]<div class=\"row m-0 p-0\"><div class=\"col-12 col-md-9 pt-5 pt-md-0\"><h2 class=\"title title--decorator title--ms d-inline-block\">Te Recomendamos<\/h2><\/div><\/div><div class=\"content-holder\"><div class=\"row  swipper-news-list not--activate-hack \"><div class=\"row -wrapper\"><div class=\"  col-sm-6 col-md-4 img-article\">\n                                        <div class=\"content-news-display row m-0 p-0\"><div class=\"holder p-0 \"><div class=\"img-wrap img-wrap-news\">\n                                        <div class=\"caption__news-category\">\n                                        <a href=\"https:\/\/www.uoh.cl\/escuelas-de-ciencias-agroalimentarias\/category\/investigacion\/\">\n                                        Investigaci\u00f3n<\/a><\/div><img decoding=\"async\" class=\"w-100 h-100 lazyload\" data-src=\"https:\/\/www.uoh.cl\/escuelas-de-ciencias-agroalimentarias\/wp-content\/uploads\/sites\/16\/2026\/04\/SOLEDAD-BURRONE-EVALUANDO-1.jpg\" alt=\"Ciencia desde el aula: m\u00e1s de 40 proyectos se presentaron en el II Congreso de Investigaci\u00f3n de Estudiantes UOH\" style=\"--smush-placeholder-width: 1500px; --smush-placeholder-aspect-ratio: 1500\/1000;object-fit: cover; object-position: center;\" src=\"data:image\/svg+xml;base64,PHN2ZyB3aWR0aD0iMSIgaGVpZ2h0PSIxIiB4bWxucz0iaHR0cDovL3d3dy53My5vcmcvMjAwMC9zdmciPjwvc3ZnPg==\"><\/div><\/div><div class=\"caption py-3 caption__news py-md-3 pb-md-5\">\n                                    <span class=\"caption__date\">Viernes 24, Abril<\/span>\n                                     <a href=\"https:\/\/www.uoh.cl\/escuelas-de-ciencias-agroalimentarias\/ciencia-desde-el-aula-mas-de-40-proyectos-se-presentaron-en-el-ii-congreso-de-investigacion-de-estudiantes-uoh\/\">\n                                    <h3 class=\"small-space\">Ciencia desde el aula: m\u00e1s de 40 proyectos se presentaron en el II Congreso de Investigaci\u00f3n de Estudiantes UOH<\/h3><\/a>\n\n                                    <p>La actividad reuni\u00f3 a estudiantes de pregrado y postgrado de las cinco escuelas e institutos de la Universidad de O\u2019Higgins, quienes expusieron sus trabajos en formato p\u00f3ster en diversas \u00e1reas del conocimiento.<\/p>\n                                    <a class=\"link link--bold mt-md-3\" href=\"https:\/\/www.uoh.cl\/escuelas-de-ciencias-agroalimentarias\/ciencia-desde-el-aula-mas-de-40-proyectos-se-presentaron-en-el-ii-congreso-de-investigacion-de-estudiantes-uoh\/\">Saber m\u00e1s <span class=\"icon icon--inline icon--link\"><svg version=\"1.1\" xmlns=\"http:\/\/www.w3.org\/2000\/svg\" xmlns:xlink=\"http:\/\/www.w3.org\/1999\/xlink\" x=\"0px\" y=\"0px\" width=\"22px\"height=\"22px\" viewBox=\"0 0 22 22\" style=\"overflow:visible;enable-background:new 0 0 80 64.6;\" xml:space=\"preserve\"><g clip-path=\"url(#acA)\"><path fill-rule=\"evenodd\" d=\"M21.913 11.266a.93.93 0 000-.711c-.022-.056-.063-.097-.091-.144s-.053-.103-.097-.15L12.306.294c-.357-.379-.955-.394-1.334-.038s-.394.955-.038 1.334l7.917 8.374H.927a.95.95 0 00-.908.983.946.946 0 00.908.908h17.924l-8.089 8.552c-.357.379-.341.977.034 1.334s.977.341 1.334-.034l9.594-10.148c.044-.044.063-.1.097-.15.028-.047.069-.088.091-.141z\"\/><\/g><defs><clipPath id=\"acA\"><path fill=\"#fff\" d=\"M0 0h22v22H0z\"\/><\/clipPath><\/defs><\/svg><\/span><\/a><\/div><\/div><\/div><div class=\"  col-sm-6 col-md-4 img-article\">\n                                        <div class=\"content-news-display row m-0 p-0\"><div class=\"holder p-0 \"><div class=\"img-wrap img-wrap-news\">\n                                        <div class=\"caption__news-category\">\n                                        <a href=\"https:\/\/www.uoh.cl\/escuelas-de-ciencias-agroalimentarias\/category\/cuech\/\">\n                                        CUECH<\/a><\/div><img decoding=\"async\" class=\"w-100 h-100 lazyload\" data-src=\"https:\/\/www.uoh.cl\/escuelas-de-ciencias-agroalimentarias\/wp-content\/uploads\/sites\/16\/2026\/04\/DSC_2431-scaled.jpg\" alt=\"Universidades estatales sellan hoja de ruta 2030: Red Desarrollo Sustentable entra en fase de consolidaci\u00f3n\" style=\"--smush-placeholder-width: 2560px; --smush-placeholder-aspect-ratio: 2560\/1707;object-fit: cover; object-position: center;\" src=\"data:image\/svg+xml;base64,PHN2ZyB3aWR0aD0iMSIgaGVpZ2h0PSIxIiB4bWxucz0iaHR0cDovL3d3dy53My5vcmcvMjAwMC9zdmciPjwvc3ZnPg==\"><\/div><\/div><div class=\"caption py-3 caption__news py-md-3 pb-md-5\">\n                                    <span class=\"caption__date\">Mi\u00e9rcoles 15, Abril<\/span>\n                                     <a href=\"https:\/\/www.uoh.cl\/escuelas-de-ciencias-agroalimentarias\/universidades-estatales-sellan-hoja-de-ruta-2030-red-desarrollo-sustentable-entra-en-fase-de-consolidacion\/\">\n                                    <h3 class=\"small-space\">Universidades estatales sellan hoja de ruta 2030: Red Desarrollo Sustentable entra en fase de consolidaci\u00f3n<\/h3><\/a>\n\n                                    <p>En el Plenario realizado en la Universidad de O'Higgins, los 18 planteles p\u00fablicos definieron sus metas estrat\u00e9gicas para el periodo 2026-2030. El plan priorizar\u00e1 la institucionalizaci\u00f3n de capacidades, un diplomado para organismos p\u00fablicos y la medici\u00f3n de la huella h\u00eddrica en los campus.<\/p>\n                                    <a class=\"link link--bold mt-md-3\" href=\"https:\/\/www.uoh.cl\/escuelas-de-ciencias-agroalimentarias\/universidades-estatales-sellan-hoja-de-ruta-2030-red-desarrollo-sustentable-entra-en-fase-de-consolidacion\/\">Saber m\u00e1s <span class=\"icon icon--inline icon--link\"><svg version=\"1.1\" xmlns=\"http:\/\/www.w3.org\/2000\/svg\" xmlns:xlink=\"http:\/\/www.w3.org\/1999\/xlink\" x=\"0px\" y=\"0px\" width=\"22px\"height=\"22px\" viewBox=\"0 0 22 22\" style=\"overflow:visible;enable-background:new 0 0 80 64.6;\" xml:space=\"preserve\"><g clip-path=\"url(#acA)\"><path fill-rule=\"evenodd\" d=\"M21.913 11.266a.93.93 0 000-.711c-.022-.056-.063-.097-.091-.144s-.053-.103-.097-.15L12.306.294c-.357-.379-.955-.394-1.334-.038s-.394.955-.038 1.334l7.917 8.374H.927a.95.95 0 00-.908.983.946.946 0 00.908.908h17.924l-8.089 8.552c-.357.379-.341.977.034 1.334s.977.341 1.334-.034l9.594-10.148c.044-.044.063-.1.097-.15.028-.047.069-.088.091-.141z\"\/><\/g><defs><clipPath id=\"acA\"><path fill=\"#fff\" d=\"M0 0h22v22H0z\"\/><\/clipPath><\/defs><\/svg><\/span><\/a><\/div><\/div><\/div><div class=\"  col-sm-6 col-md-4 img-article\">\n                                        <div class=\"content-news-display row m-0 p-0\"><div class=\"holder p-0 \"><div class=\"img-wrap img-wrap-news\">\n                                        <div class=\"caption__news-category\">\n                                        <a href=\"https:\/\/www.uoh.cl\/escuelas-de-ciencias-agroalimentarias\/category\/deportes\/\">\n                                        Deportes<\/a><\/div><img decoding=\"async\" class=\"w-100 h-100 lazyload\" data-src=\"https:\/\/www.uoh.cl\/escuelas-de-ciencias-agroalimentarias\/wp-content\/uploads\/sites\/16\/2026\/04\/4S2A7463-scaled.jpg\" alt=\"Fiesta del Agua: un chapuz\u00f3n necesario para iniciar con energ\u00eda la vida universitaria\" style=\"--smush-placeholder-width: 2560px; --smush-placeholder-aspect-ratio: 2560\/1707;object-fit: cover; object-position: center;\" src=\"data:image\/svg+xml;base64,PHN2ZyB3aWR0aD0iMSIgaGVpZ2h0PSIxIiB4bWxucz0iaHR0cDovL3d3dy53My5vcmcvMjAwMC9zdmciPjwvc3ZnPg==\"><\/div><\/div><div class=\"caption py-3 caption__news py-md-3 pb-md-5\">\n                                    <span class=\"caption__date\">Jueves 2, Abril<\/span>\n                                     <a href=\"https:\/\/www.uoh.cl\/escuelas-de-ciencias-agroalimentarias\/fiesta-del-agua-un-chapuzon-necesario-para-iniciar-con-energia-la-vida-universitaria\/\">\n                                    <h3 class=\"small-space\">Fiesta del Agua: un chapuz\u00f3n necesario para iniciar con energ\u00eda la vida universitaria<\/h3><\/a>\n\n                                    <p>La actividad, que estuvo marcada por juegos, competencias, m\u00fasica y mucha agua, permiti\u00f3 que estudiantes de primer a\u00f1o compartieran previo al comienzo de su periodo acad\u00e9mico.<\/p>\n                                    <a class=\"link link--bold mt-md-3\" href=\"https:\/\/www.uoh.cl\/escuelas-de-ciencias-agroalimentarias\/fiesta-del-agua-un-chapuzon-necesario-para-iniciar-con-energia-la-vida-universitaria\/\">Saber m\u00e1s <span class=\"icon icon--inline icon--link\"><svg version=\"1.1\" xmlns=\"http:\/\/www.w3.org\/2000\/svg\" xmlns:xlink=\"http:\/\/www.w3.org\/1999\/xlink\" x=\"0px\" y=\"0px\" width=\"22px\"height=\"22px\" viewBox=\"0 0 22 22\" style=\"overflow:visible;enable-background:new 0 0 80 64.6;\" xml:space=\"preserve\"><g clip-path=\"url(#acA)\"><path fill-rule=\"evenodd\" d=\"M21.913 11.266a.93.93 0 000-.711c-.022-.056-.063-.097-.091-.144s-.053-.103-.097-.15L12.306.294c-.357-.379-.955-.394-1.334-.038s-.394.955-.038 1.334l7.917 8.374H.927a.95.95 0 00-.908.983.946.946 0 00.908.908h17.924l-8.089 8.552c-.357.379-.341.977.034 1.334s.977.341 1.334-.034l9.594-10.148c.044-.044.063-.1.097-.15.028-.047.069-.088.091-.141z\"\/><\/g><defs><clipPath id=\"acA\"><path fill=\"#fff\" d=\"M0 0h22v22H0z\"\/><\/clipPath><\/defs><\/svg><\/span><\/a><\/div><\/div><\/div><\/div><\/div><\/div><div class=\"pagination justify-content-center my-5\"><span aria-current=\"page\" class=\"page-numbers current\">1<\/span>\n<a class=\"page-numbers\" href=\"https:\/\/www.uoh.cl\/escuelas-de-ciencias-agroalimentarias\/wp-json\/wp\/v2\/posts\/384\/\/page\/2\">2<\/a>\n<a class=\"page-numbers\" href=\"https:\/\/www.uoh.cl\/escuelas-de-ciencias-agroalimentarias\/wp-json\/wp\/v2\/posts\/384\/\/page\/3\">3<\/a>\n<span class=\"page-numbers dots\">&hellip;<\/span>\n<a class=\"page-numbers\" href=\"https:\/\/www.uoh.cl\/escuelas-de-ciencias-agroalimentarias\/wp-json\/wp\/v2\/posts\/384\/\/page\/147\">147<\/a>\n<a class=\"next page-numbers\" href=\"https:\/\/www.uoh.cl\/escuelas-de-ciencias-agroalimentarias\/wp-json\/wp\/v2\/posts\/384\/\/page\/2\"><div class=\"icon-pagination-next\"> <?xml version=\"1.0\" ?><svg viewBox=\"0 0 96 96\" xmlns=\"http:\/\/www.w3.org\/2000\/svg\"><title\/><path d=\"M39.3756,48.0022l30.47-25.39a6.0035,6.0035,0,0,0-7.6878-9.223L26.1563,43.3906a6.0092,6.0092,0,0,0,0,9.2231L62.1578,82.615a6.0035,6.0035,0,0,0,7.6878-9.2231Z\"\/><\/svg> <\/div><\/a><\/div>[\/vc_column_inner][\/vc_row_inner][\/vc_column][\/vc_row][\/vc_section]<\/p>\n<\/div>","protected":false},"excerpt":{"rendered":"<p>La ceremonia que cont\u00f3 con la presencia del Ministro de Educaci\u00f3n, Marco Antonio \u00c1vila, fue el cierre de una de las etapas del proyecto que encabeza la Universidad de O\u2019Higgins y que apunta a una formaci\u00f3n docente efectiva y pertinente al territorio y su contexto.<\/p>\n","protected":false},"author":34,"featured_media":404,"comment_status":"open","ping_status":"open","sticky":false,"template":"","format":"standard","meta":{"_acf_changed":false,"footnotes":""},"categories":[22],"tags":[],"class_list":["post-384","post","type-post","status-publish","format-standard","has-post-thumbnail","hentry","category-educacion"],"acf":[],"yoast_head":"<!-- This site is optimized with the Yoast SEO plugin v26.6 - https:\/\/yoast.com\/wordpress\/plugins\/seo\/ -->\n<title>162 docentes de la Regi\u00f3n de O\u2019Higgins se certificaron en bienestar y ejercicio profesional - Escuela de Ciencias Agroalimentarias, Animales y Ambientales.<\/title>\n<meta name=\"description\" content=\"La ceremonia que cont\u00f3 con la presencia del Ministro de Educaci\u00f3n, Marco Antonio \u00c1vila, fue el cierre de una de las etapas del proyecto que encabeza la Universidad de O\u2019Higgins y que apunta a una formaci\u00f3n docente efectiva y pertinente al territorio y su contexto.\" \/>\n<meta name=\"robots\" content=\"noindex, nofollow\" \/>\n<meta property=\"og:locale\" content=\"es_ES\" \/>\n<meta property=\"og:type\" content=\"article\" \/>\n<meta property=\"og:title\" content=\"162 docentes de la Regi\u00f3n de O\u2019Higgins se certificaron en bienestar y ejercicio profesional - Escuela de Ciencias Agroalimentarias, Animales y Ambientales.\" \/>\n<meta property=\"og:description\" content=\"La ceremonia que cont\u00f3 con la presencia del Ministro de Educaci\u00f3n, Marco Antonio \u00c1vila, fue el cierre de una de las etapas del proyecto que encabeza la Universidad de O\u2019Higgins y que apunta a una formaci\u00f3n docente efectiva y pertinente al territorio y su contexto.\" \/>\n<meta property=\"og:url\" content=\"https:\/\/www.uoh.cl\/escuelas-de-ciencias-agroalimentarias\/la-ceremonia-que-conto-con-la-presencia-del-ministro-de-educacion-marco-antonio-avila-fue-el-cierre-de-una-de-las-etapas-del-proyecto-que-encabeza-la-universidad-de-ohiggins-y-que-apunta-a\/\" \/>\n<meta property=\"og:site_name\" content=\"Escuela de Ciencias Agroalimentarias, Animales y Ambientales.\" \/>\n<meta property=\"article:published_time\" content=\"2022-08-01T13:40:13+00:00\" \/>\n<meta property=\"article:modified_time\" content=\"2022-08-01T15:21:43+00:00\" \/>\n<meta property=\"og:image\" content=\"https:\/\/www.uoh.cl\/escuelas-de-ciencias-agroalimentarias\/wp-content\/uploads\/sites\/16\/2022\/08\/Nota-Visita-Ministro-de-Educacion.jpg\" \/>\n\t<meta property=\"og:image:width\" content=\"1500\" \/>\n\t<meta property=\"og:image:height\" content=\"1000\" \/>\n\t<meta property=\"og:image:type\" content=\"image\/jpeg\" \/>\n<meta name=\"author\" content=\"Universidad de O&#039;Higgins\" \/>\n<meta name=\"twitter:card\" content=\"summary_large_image\" \/>\n<meta name=\"twitter:label1\" content=\"Escrito por\" \/>\n\t<meta name=\"twitter:data1\" content=\"Universidad de O&#039;Higgins\" \/>\n\t<meta name=\"twitter:label2\" content=\"Tiempo estimado de lectura\" \/>\n\t<meta name=\"twitter:data2\" content=\"4 minutos\" \/>\n<script type=\"application\/ld+json\" class=\"yoast-schema-graph\">{\"@context\":\"https:\/\/schema.org\",\"@graph\":[{\"@type\":\"WebPage\",\"@id\":\"https:\/\/www.uoh.cl\/escuelas-de-ciencias-agroalimentarias\/la-ceremonia-que-conto-con-la-presencia-del-ministro-de-educacion-marco-antonio-avila-fue-el-cierre-de-una-de-las-etapas-del-proyecto-que-encabeza-la-universidad-de-ohiggins-y-que-apunta-a\/\",\"url\":\"https:\/\/www.uoh.cl\/escuelas-de-ciencias-agroalimentarias\/la-ceremonia-que-conto-con-la-presencia-del-ministro-de-educacion-marco-antonio-avila-fue-el-cierre-de-una-de-las-etapas-del-proyecto-que-encabeza-la-universidad-de-ohiggins-y-que-apunta-a\/\",\"name\":\"162 docentes de la Regi\u00f3n de O\u2019Higgins se certificaron en bienestar y ejercicio profesional - Escuela de Ciencias Agroalimentarias, Animales y Ambientales.\",\"isPartOf\":{\"@id\":\"https:\/\/www.uoh.cl\/escuelas-de-ciencias-agroalimentarias\/#website\"},\"primaryImageOfPage\":{\"@id\":\"https:\/\/www.uoh.cl\/escuelas-de-ciencias-agroalimentarias\/la-ceremonia-que-conto-con-la-presencia-del-ministro-de-educacion-marco-antonio-avila-fue-el-cierre-de-una-de-las-etapas-del-proyecto-que-encabeza-la-universidad-de-ohiggins-y-que-apunta-a\/#primaryimage\"},\"image\":{\"@id\":\"https:\/\/www.uoh.cl\/escuelas-de-ciencias-agroalimentarias\/la-ceremonia-que-conto-con-la-presencia-del-ministro-de-educacion-marco-antonio-avila-fue-el-cierre-de-una-de-las-etapas-del-proyecto-que-encabeza-la-universidad-de-ohiggins-y-que-apunta-a\/#primaryimage\"},\"thumbnailUrl\":\"https:\/\/www.uoh.cl\/escuelas-de-ciencias-agroalimentarias\/wp-content\/uploads\/sites\/16\/2022\/08\/Nota-Visita-Ministro-de-Educacion.jpg\",\"datePublished\":\"2022-08-01T13:40:13+00:00\",\"dateModified\":\"2022-08-01T15:21:43+00:00\",\"author\":{\"@id\":\"https:\/\/www.uoh.cl\/escuelas-de-ciencias-agroalimentarias\/#\/schema\/person\/ea242e676c7d6d7e46fc8b9e39486c4f\"},\"description\":\"La ceremonia que cont\u00f3 con la presencia del Ministro de Educaci\u00f3n, Marco Antonio \u00c1vila, fue el cierre de una de las etapas del proyecto que encabeza la Universidad de O\u2019Higgins y que apunta a una formaci\u00f3n docente efectiva y pertinente al territorio y su contexto.\",\"inLanguage\":\"es-CL\",\"potentialAction\":[{\"@type\":\"ReadAction\",\"target\":[\"https:\/\/www.uoh.cl\/escuelas-de-ciencias-agroalimentarias\/la-ceremonia-que-conto-con-la-presencia-del-ministro-de-educacion-marco-antonio-avila-fue-el-cierre-de-una-de-las-etapas-del-proyecto-que-encabeza-la-universidad-de-ohiggins-y-que-apunta-a\/\"]}]},{\"@type\":\"ImageObject\",\"inLanguage\":\"es-CL\",\"@id\":\"https:\/\/www.uoh.cl\/escuelas-de-ciencias-agroalimentarias\/la-ceremonia-que-conto-con-la-presencia-del-ministro-de-educacion-marco-antonio-avila-fue-el-cierre-de-una-de-las-etapas-del-proyecto-que-encabeza-la-universidad-de-ohiggins-y-que-apunta-a\/#primaryimage\",\"url\":\"https:\/\/www.uoh.cl\/escuelas-de-ciencias-agroalimentarias\/wp-content\/uploads\/sites\/16\/2022\/08\/Nota-Visita-Ministro-de-Educacion.jpg\",\"contentUrl\":\"https:\/\/www.uoh.cl\/escuelas-de-ciencias-agroalimentarias\/wp-content\/uploads\/sites\/16\/2022\/08\/Nota-Visita-Ministro-de-Educacion.jpg\",\"width\":1500,\"height\":1000},{\"@type\":\"WebSite\",\"@id\":\"https:\/\/www.uoh.cl\/escuelas-de-ciencias-agroalimentarias\/#website\",\"url\":\"https:\/\/www.uoh.cl\/escuelas-de-ciencias-agroalimentarias\/\",\"name\":\"Escuela de Ciencias Agroalimentarias, Animales y Ambientales.\",\"description\":\"Otro sitio de Sitios de Universidad O'higgins\",\"potentialAction\":[{\"@type\":\"SearchAction\",\"target\":{\"@type\":\"EntryPoint\",\"urlTemplate\":\"https:\/\/www.uoh.cl\/escuelas-de-ciencias-agroalimentarias\/?s={search_term_string}\"},\"query-input\":{\"@type\":\"PropertyValueSpecification\",\"valueRequired\":true,\"valueName\":\"search_term_string\"}}],\"inLanguage\":\"es-CL\"},{\"@type\":\"Person\",\"@id\":\"https:\/\/www.uoh.cl\/escuelas-de-ciencias-agroalimentarias\/#\/schema\/person\/ea242e676c7d6d7e46fc8b9e39486c4f\",\"name\":\"Universidad de O'Higgins\",\"image\":{\"@type\":\"ImageObject\",\"inLanguage\":\"es-CL\",\"@id\":\"https:\/\/www.uoh.cl\/escuelas-de-ciencias-agroalimentarias\/#\/schema\/person\/image\/\",\"url\":\"https:\/\/secure.gravatar.com\/avatar\/78fcb76ca05efae11fd355943c01a832a29786cc00d85b1a82c301bea2b2a214?s=96&d=mm&r=g\",\"contentUrl\":\"https:\/\/secure.gravatar.com\/avatar\/78fcb76ca05efae11fd355943c01a832a29786cc00d85b1a82c301bea2b2a214?s=96&d=mm&r=g\",\"caption\":\"Universidad de O'Higgins\"}}]}<\/script>\n<!-- \/ Yoast SEO plugin. -->","yoast_head_json":{"title":"162 docentes de la Regi\u00f3n de O\u2019Higgins se certificaron en bienestar y ejercicio profesional - Escuela de Ciencias Agroalimentarias, Animales y Ambientales.","description":"La ceremonia que cont\u00f3 con la presencia del Ministro de Educaci\u00f3n, Marco Antonio \u00c1vila, fue el cierre de una de las etapas del proyecto que encabeza la Universidad de O\u2019Higgins y que apunta a una formaci\u00f3n docente efectiva y pertinente al territorio y su contexto.","robots":{"index":"noindex","follow":"nofollow"},"og_locale":"es_ES","og_type":"article","og_title":"162 docentes de la Regi\u00f3n de O\u2019Higgins se certificaron en bienestar y ejercicio profesional - Escuela de Ciencias Agroalimentarias, Animales y Ambientales.","og_description":"La ceremonia que cont\u00f3 con la presencia del Ministro de Educaci\u00f3n, Marco Antonio \u00c1vila, fue el cierre de una de las etapas del proyecto que encabeza la Universidad de O\u2019Higgins y que apunta a una formaci\u00f3n docente efectiva y pertinente al territorio y su contexto.","og_url":"https:\/\/www.uoh.cl\/escuelas-de-ciencias-agroalimentarias\/la-ceremonia-que-conto-con-la-presencia-del-ministro-de-educacion-marco-antonio-avila-fue-el-cierre-de-una-de-las-etapas-del-proyecto-que-encabeza-la-universidad-de-ohiggins-y-que-apunta-a\/","og_site_name":"Escuela de Ciencias Agroalimentarias, Animales y Ambientales.","article_published_time":"2022-08-01T13:40:13+00:00","article_modified_time":"2022-08-01T15:21:43+00:00","og_image":[{"width":1500,"height":1000,"url":"https:\/\/www.uoh.cl\/escuelas-de-ciencias-agroalimentarias\/wp-content\/uploads\/sites\/16\/2022\/08\/Nota-Visita-Ministro-de-Educacion.jpg","type":"image\/jpeg"}],"author":"Universidad de O'Higgins","twitter_card":"summary_large_image","twitter_misc":{"Escrito por":"Universidad de O'Higgins","Tiempo estimado de lectura":"4 minutos"},"schema":{"@context":"https:\/\/schema.org","@graph":[{"@type":"WebPage","@id":"https:\/\/www.uoh.cl\/escuelas-de-ciencias-agroalimentarias\/la-ceremonia-que-conto-con-la-presencia-del-ministro-de-educacion-marco-antonio-avila-fue-el-cierre-de-una-de-las-etapas-del-proyecto-que-encabeza-la-universidad-de-ohiggins-y-que-apunta-a\/","url":"https:\/\/www.uoh.cl\/escuelas-de-ciencias-agroalimentarias\/la-ceremonia-que-conto-con-la-presencia-del-ministro-de-educacion-marco-antonio-avila-fue-el-cierre-de-una-de-las-etapas-del-proyecto-que-encabeza-la-universidad-de-ohiggins-y-que-apunta-a\/","name":"162 docentes de la Regi\u00f3n de O\u2019Higgins se certificaron en bienestar y ejercicio profesional - Escuela de Ciencias Agroalimentarias, Animales y Ambientales.","isPartOf":{"@id":"https:\/\/www.uoh.cl\/escuelas-de-ciencias-agroalimentarias\/#website"},"primaryImageOfPage":{"@id":"https:\/\/www.uoh.cl\/escuelas-de-ciencias-agroalimentarias\/la-ceremonia-que-conto-con-la-presencia-del-ministro-de-educacion-marco-antonio-avila-fue-el-cierre-de-una-de-las-etapas-del-proyecto-que-encabeza-la-universidad-de-ohiggins-y-que-apunta-a\/#primaryimage"},"image":{"@id":"https:\/\/www.uoh.cl\/escuelas-de-ciencias-agroalimentarias\/la-ceremonia-que-conto-con-la-presencia-del-ministro-de-educacion-marco-antonio-avila-fue-el-cierre-de-una-de-las-etapas-del-proyecto-que-encabeza-la-universidad-de-ohiggins-y-que-apunta-a\/#primaryimage"},"thumbnailUrl":"https:\/\/www.uoh.cl\/escuelas-de-ciencias-agroalimentarias\/wp-content\/uploads\/sites\/16\/2022\/08\/Nota-Visita-Ministro-de-Educacion.jpg","datePublished":"2022-08-01T13:40:13+00:00","dateModified":"2022-08-01T15:21:43+00:00","author":{"@id":"https:\/\/www.uoh.cl\/escuelas-de-ciencias-agroalimentarias\/#\/schema\/person\/ea242e676c7d6d7e46fc8b9e39486c4f"},"description":"La ceremonia que cont\u00f3 con la presencia del Ministro de Educaci\u00f3n, Marco Antonio \u00c1vila, fue el cierre de una de las etapas del proyecto que encabeza la Universidad de O\u2019Higgins y que apunta a una formaci\u00f3n docente efectiva y pertinente al territorio y su contexto.","inLanguage":"es-CL","potentialAction":[{"@type":"ReadAction","target":["https:\/\/www.uoh.cl\/escuelas-de-ciencias-agroalimentarias\/la-ceremonia-que-conto-con-la-presencia-del-ministro-de-educacion-marco-antonio-avila-fue-el-cierre-de-una-de-las-etapas-del-proyecto-que-encabeza-la-universidad-de-ohiggins-y-que-apunta-a\/"]}]},{"@type":"ImageObject","inLanguage":"es-CL","@id":"https:\/\/www.uoh.cl\/escuelas-de-ciencias-agroalimentarias\/la-ceremonia-que-conto-con-la-presencia-del-ministro-de-educacion-marco-antonio-avila-fue-el-cierre-de-una-de-las-etapas-del-proyecto-que-encabeza-la-universidad-de-ohiggins-y-que-apunta-a\/#primaryimage","url":"https:\/\/www.uoh.cl\/escuelas-de-ciencias-agroalimentarias\/wp-content\/uploads\/sites\/16\/2022\/08\/Nota-Visita-Ministro-de-Educacion.jpg","contentUrl":"https:\/\/www.uoh.cl\/escuelas-de-ciencias-agroalimentarias\/wp-content\/uploads\/sites\/16\/2022\/08\/Nota-Visita-Ministro-de-Educacion.jpg","width":1500,"height":1000},{"@type":"WebSite","@id":"https:\/\/www.uoh.cl\/escuelas-de-ciencias-agroalimentarias\/#website","url":"https:\/\/www.uoh.cl\/escuelas-de-ciencias-agroalimentarias\/","name":"Escuela de Ciencias Agroalimentarias, Animales y Ambientales.","description":"Otro sitio de Sitios de Universidad O'higgins","potentialAction":[{"@type":"SearchAction","target":{"@type":"EntryPoint","urlTemplate":"https:\/\/www.uoh.cl\/escuelas-de-ciencias-agroalimentarias\/?s={search_term_string}"},"query-input":{"@type":"PropertyValueSpecification","valueRequired":true,"valueName":"search_term_string"}}],"inLanguage":"es-CL"},{"@type":"Person","@id":"https:\/\/www.uoh.cl\/escuelas-de-ciencias-agroalimentarias\/#\/schema\/person\/ea242e676c7d6d7e46fc8b9e39486c4f","name":"Universidad de O'Higgins","image":{"@type":"ImageObject","inLanguage":"es-CL","@id":"https:\/\/www.uoh.cl\/escuelas-de-ciencias-agroalimentarias\/#\/schema\/person\/image\/","url":"https:\/\/secure.gravatar.com\/avatar\/78fcb76ca05efae11fd355943c01a832a29786cc00d85b1a82c301bea2b2a214?s=96&d=mm&r=g","contentUrl":"https:\/\/secure.gravatar.com\/avatar\/78fcb76ca05efae11fd355943c01a832a29786cc00d85b1a82c301bea2b2a214?s=96&d=mm&r=g","caption":"Universidad de O'Higgins"}}]}},"_links":{"self":[{"href":"https:\/\/www.uoh.cl\/escuelas-de-ciencias-agroalimentarias\/wp-json\/wp\/v2\/posts\/384","targetHints":{"allow":["GET"]}}],"collection":[{"href":"https:\/\/www.uoh.cl\/escuelas-de-ciencias-agroalimentarias\/wp-json\/wp\/v2\/posts"}],"about":[{"href":"https:\/\/www.uoh.cl\/escuelas-de-ciencias-agroalimentarias\/wp-json\/wp\/v2\/types\/post"}],"author":[{"embeddable":true,"href":"https:\/\/www.uoh.cl\/escuelas-de-ciencias-agroalimentarias\/wp-json\/wp\/v2\/users\/34"}],"replies":[{"embeddable":true,"href":"https:\/\/www.uoh.cl\/escuelas-de-ciencias-agroalimentarias\/wp-json\/wp\/v2\/comments?post=384"}],"version-history":[{"count":4,"href":"https:\/\/www.uoh.cl\/escuelas-de-ciencias-agroalimentarias\/wp-json\/wp\/v2\/posts\/384\/revisions"}],"predecessor-version":[{"id":403,"href":"https:\/\/www.uoh.cl\/escuelas-de-ciencias-agroalimentarias\/wp-json\/wp\/v2\/posts\/384\/revisions\/403"}],"wp:featuredmedia":[{"embeddable":true,"href":"https:\/\/www.uoh.cl\/escuelas-de-ciencias-agroalimentarias\/wp-json\/wp\/v2\/media\/404"}],"wp:attachment":[{"href":"https:\/\/www.uoh.cl\/escuelas-de-ciencias-agroalimentarias\/wp-json\/wp\/v2\/media?parent=384"}],"wp:term":[{"taxonomy":"category","embeddable":true,"href":"https:\/\/www.uoh.cl\/escuelas-de-ciencias-agroalimentarias\/wp-json\/wp\/v2\/categories?post=384"},{"taxonomy":"post_tag","embeddable":true,"href":"https:\/\/www.uoh.cl\/escuelas-de-ciencias-agroalimentarias\/wp-json\/wp\/v2\/tags?post=384"}],"curies":[{"name":"wp","href":"https:\/\/api.w.org\/{rel}","templated":true}]}}