
{"id":214,"date":"2022-06-14T16:42:50","date_gmt":"2022-06-14T19:42:50","guid":{"rendered":"https:\/\/www.uoh.cl\/escuela-de-ingenieria\/2022\/06\/14\/cientificos-analizan-extraordinaria-tormenta-de-verano-ocurrida-en-2021\/"},"modified":"2022-06-14T16:45:00","modified_gmt":"2022-06-14T19:45:00","slug":"cientificos-analizan-extraordinaria-tormenta-de-verano-ocurrida-en-2021","status":"publish","type":"post","link":"https:\/\/www.uoh.cl\/escuela-de-ingenieria\/2022\/06\/14\/cientificos-analizan-extraordinaria-tormenta-de-verano-ocurrida-en-2021\/","title":{"rendered":"Cient\u00edficos analizan extraordinaria tormenta de verano ocurrida en 2021"},"content":{"rendered":"<div class=\"wpb-content-wrapper\"><p>[vc_section el_class=&#8221;container mx-auto align-items-center text-right circle&#8211;pattern&#8221; css=&#8221;.vc_custom_1648956589196{padding-top: 3rem !important;}&#8221;][vc_row][vc_column]<div class=\"breadcrumb\"><ol itemscope itemtype=\"https:\/\/schema.org\/BreadcrumbList\"><li itemprop=\"itemListElement\" itemscope itemtype=\"https:\/\/schema.org\/ListItem\"><a itemprop=\"item\" href=\"http:\/\/www.uoh.cl\"><span itemprop=\"name\">Inicio<\/span><\/a><meta itemprop=\"position\" content=\"1\" \/><li itemprop=\"itemListElement\" itemscope itemtype=\"https:\/\/schema.org\/ListItem\"><a itemprop=\"item\" href=\"https:\/\/www.uoh.cl\/escuela-de-ingenieria\"><span itemprop=\"name\">Escuela de Ingenieria<\/span><\/a><meta itemprop=\"position\" content=\"2\" \/><li itemprop=\"itemListElement\" itemscope itemtype=\"https:\/\/schema.org\/ListItem\"><span itemprop=\"name\">Cient\u00edficos analizan extraordinaria tormenta de verano ocurrida en 2021 <\/span><meta itemprop=\"position\" content=\"3\" \/><\/ol><\/div><ul class=\"p-0 list-style-none d-inline-block\"><li class=\"p-0\"><a href=https:\/\/www.uoh.cl\/escuela-de-ingenieria\/category\/ingenieria-uoh\/ class=\"px-1 py-2\">Ingenier\u00eda UOH<\/a><\/li><\/ul><div class=\"date_publish_post\"> \u25cf Mar 14 de Junio 2022<\/div><div class=\"uoh_title_component-container\"><h1 class=\"title title--ms d-inline-block title--decorator  big\">Cient\u00edficos analizan extraordinaria tormenta de verano ocurrida en 2021<\/h1><\/div>[vc_row_inner el_class=&#8221;border-separator m-0&#8243;][vc_column_inner width=&#8221;2\/3&#8243;]<div class=\"author_wp_class\"> Escrito por <span>Universidad de O'Higgins<\/span><\/div>[\/vc_column_inner][vc_column_inner el_class=&#8221;align-items-end-publish&#8221; width=&#8221;1\/3&#8243;]<div class=\"uoh_social_network_component uoh_row col-12 justify-content-end m-0 p-0\"> <div class=\"icon__facebook-share-button\">\n                       <a href=\"https:\/\/www.facebook.com\/sharer\/sharer.php?u=https:\/\/www.uoh.cl\/escuela-de-ingenieria\/2022\/06\/14\/cientificos-analizan-extraordinaria-tormenta-de-verano-ocurrida-en-2021\/\" target=\"_blank\"> <div class=\"icon__facebook-svg\"><svg version=\"1.1\" xmlns=\"http:\/\/www.w3.org\/2000\/svg\" xmlns:xlink=\"http:\/\/www.w3.org\/1999\/xlink\" x=\"0px\" y=\"0px\" width=\"22.4px\" height=\"48.3px\" viewBox=\"0 0 22.4 48.3\" style=\"overflow:visible;enable-background:new 0 0 22.4 48.3;\" xml:space=\"preserve\">\n                <defs>\n                <\/defs>\n                <path class=\"st0\" d=\"M22.4,15.6h-7.6v-5c0-1.9,1.2-2.3,2.1-2.3c0.9,0,5.4,0,5.4,0V0l-7.4,0C6.6,0,4.8,6.2,4.8,10.1v5.5H0v8.5h4.8\n                    c0,10.9,0,24.1,0,24.1h10c0,0,0-13.3,0-24.1h6.8L22.4,15.6z\"><\/path>\n                <\/svg><\/a><\/div>\n                    <\/div><div class=\"icon__twitter-share-button\">\n                        <div class=\"icon__twitter-svg\"><a target=\"_blank\" href=\"http:\/\/twitter.com\/share?url=https:\/\/www.uoh.cl\/escuela-de-ingenieria\/2022\/06\/14\/cientificos-analizan-extraordinaria-tormenta-de-verano-ocurrida-en-2021\/\"><svg xmlns=\"http:\/\/www.w3.org\/2000\/svg\" height=\"1em\" viewBox=\"0 0 512 512\"><!--! Font Awesome Free 6.4.2 by @fontawesome - https:\/\/fontawesome.com License - https:\/\/fontawesome.com\/license (Commercial License) Copyright 2023 Fonticons, Inc. --><path d=\"M389.2 48h70.6L305.6 224.2 487 464H345L233.7 318.6 106.5 464H35.8L200.7 275.5 26.8 48H172.4L272.9 180.9 389.2 48zM364.4 421.8h39.1L151.1 88h-42L364.4 421.8z\"\/><\/svg><\/a><\/div>\n                        <\/div><div class=\"icon__linkedin-share-button\">\n                        <div class=\"icon__linkedin-svg\">\n                        <a target=\"__blank\" href=\"https:\/\/www.linkedin.com\/sharing\/share-offsite\/?url=https:\/\/www.uoh.cl\/escuela-de-ingenieria\/2022\/06\/14\/cientificos-analizan-extraordinaria-tormenta-de-verano-ocurrida-en-2021\/\"><svg enable-background=\"new 0 0 100 100\" height=\"100px\" id=\"Layer_1\" version=\"1.1\" viewBox=\"0 0 100 100\" width=\"100px\" xml:space=\"preserve\" xmlns=\"http:\/\/www.w3.org\/2000\/svg\" xmlns:xlink=\"http:\/\/www.w3.org\/1999\/xlink\"><g><circle cx=\"50\" cy=\"50\" fill=\"#ccc\" r=\"45\"\/><g id=\"LinkedIn_1_\"><rect fill=\"#FFFFFF\" height=\"24.361\" width=\"7.69\" x=\"31.271\" y=\"43.569\"\/><path d=\"M59.968,43.334c-4.406,0-7.165,2.387-7.677,4.058v-3.823h-8.636c0.109,2.03,0,24.361,0,24.361h8.636    V54.748c0-0.733-0.034-1.465,0.19-1.991c0.594-1.464,1.869-2.985,4.162-2.985c2.998,0,4.361,2.253,4.361,5.552V67.93h8.721V54.384    C69.726,46.839,65.432,43.334,59.968,43.334z\" fill=\"#FFFFFF\"\/><path d=\"M34.973,32.069c-2.839,0-4.696,1.823-4.696,4.229c0,2.361,1.804,4.224,4.589,4.224h0.054    c2.891,0,4.69-1.869,4.69-4.229C39.555,33.888,37.81,32.069,34.973,32.069z\" fill=\"#FFFFFF\"\/><\/g><\/g><\/svg><\/a><\/div>\n\n            <\/div><\/div>[\/vc_column_inner][\/vc_row_inner]<div class=\"vc_single_image-wrapper vc_box_rounded  vc_box_border_grey\"><img decoding=\"async\" width=\"1024\" height=\"683\" data-src=\"https:\/\/www.uoh.cl\/escuela-de-ingenieria\/wp-content\/uploads\/sites\/15\/2022\/06\/Cientificos-analizan-extraordinaria-tormenta-de-verano-ocurrida-en-2021.jpg\" class=\"attachment-large size-large wp-post-image lazyload\" alt=\"\" src=\"data:image\/svg+xml;base64,PHN2ZyB3aWR0aD0iMSIgaGVpZ2h0PSIxIiB4bWxucz0iaHR0cDovL3d3dy53My5vcmcvMjAwMC9zdmciPjwvc3ZnPg==\" style=\"--smush-placeholder-width: 1024px; --smush-placeholder-aspect-ratio: 1024\/683;\" \/><\/div>[vc_column_text]<\/p>\n<p>&nbsp;<\/p>\n<p>[\/vc_column_text][vc_column_text]<em>El acad\u00e9mico UOH Ra\u00fal Valenzuela, junto a investigadores nacionales e internacionales, document\u00f3 uno de los eventos meteorol\u00f3gicos m\u00e1s extraordinarios de los \u00faltimos a\u00f1os, ocurrido entre <\/em>28 y el 31 de enero de 2021<em>, que -hasta hoy- sigue generando preguntas y dej\u00f3 sobre 100 mil\u00edmetros de precipitaciones, tormentas el\u00e9ctricas y granizos en la zona central de Chile en plena \u00e9poca estival.<\/em>[\/vc_column_text][vc_column_text]<\/p>\n<p>&nbsp;<\/p>\n<p>[\/vc_column_text][vc_btn title=&#8221;Revisa la investigaci\u00f3n aqu\u00ed&#8221; color=&#8221;primary&#8221; i_type=&#8221;linecons&#8221; i_icon_linecons=&#8221;vc_li vc_li-location&#8221; add_icon=&#8221;true&#8221; link=&#8221;url:https%3A%2F%2Fbit.ly%2F3MCPp9q%20&#8243;][vc_column_text]Hace casi un a\u00f1o y medio, un 28 de enero de 2021, las precipitaciones comenzaron a caer en la zona central de nuestro pa\u00eds, afectando desde Valpara\u00edso hasta La Araucan\u00eda. De por s\u00ed era una lluvia at\u00edpica, pero lo que vendr\u00eda en las siguientes 72 horas ser\u00eda algo inaudito, con acumulaciones de precipitaci\u00f3n entre 40 y 120 mil\u00edmetros, con intensidades sobre los 10 mil\u00edmetros por hora, adem\u00e1s de una inusual actividad el\u00e9ctrica, la baja en las temperaturas habituales y la ca\u00edda de granizo en \u00e9poca estival.<\/p>\n<p>La tempestad veraniega provoc\u00f3 notorios incrementos en el caudal y turbiedad de aguas en r\u00edos, adem\u00e1s de aluviones, deslizamiento de tierra y ca\u00eddas de rocas en gran parte de la zona de impacto, con el consiguiente da\u00f1o a la infraestructura p\u00fablica \u2013especialmente vial- y a la agricultura.<\/p>\n<p>Este raro episodio fue documentado en la investigaci\u00f3n \u201cUn evento extraordinario de precipitaciones en estaci\u00f3n seca en Los Andes subtropicales: impulsores, impactos y predictibilidad\u201d, que estuvo a cargo del acad\u00e9mico del Instituto de Ciencias de la Ingenier\u00eda (ICI) de la Universidad Estatal de O\u2019Higgins (UOH), Ra\u00fal Valenzuela e investigador del Centro de Ciencia del Clima de la Universidad de Chile, CR2, junto a los investigadores de Chile y Argentina: Ren\u00e9 Garreaud, Iv\u00e1n Vergara, Diego Campos, Maximiliano Viale y Roberto Rondanelli.<\/p>\n<p>&nbsp;<\/p>\n<p>La documentaci\u00f3n y an\u00e1lisis de las caracter\u00edsticas y condiciones previas de estos eventos extremos es fundamental para generar pron\u00f3sticos m\u00e1s precisos y as\u00ed poder prevenir impactos. \u201cEstudiamos la tormenta desde un punto de vista meteorol\u00f3gico y clim\u00e1tico, describiendo sus causas, su impacto hidrol\u00f3gico y econ\u00f3mico, junto con determinar cu\u00e1n predecible fue desde el punto de vista de modelos de pron\u00f3stico num\u00e9rico\u201d, explica. Valenzuela, quien es PhD en Ciencias Atmosf\u00e9ricas.<\/p>\n<p>\u201cEn un comienzo pensamos que la tormenta, donde se acumularon sobre 100 mm en la zona central, no ten\u00eda precedente. Sin embargo, descubrimos que los registros hist\u00f3ricos muestran que, aunque muy pocas, existen tormentas de similar magnitud en el pasado en la misma zona durante el verano, si se considera el periodo 1961-2020\u201d, explica el acad\u00e9mico ICI-UOH. El investigador UOH aclara que se debe tener presente que en la zona central del pa\u00eds la lluvia se concentra en los meses de invierno (periodo junio- agosto), con menor frecuencia y montos durante el oto\u00f1o y la primavera y pr\u00e1cticamente con ausencia de lluvias en el periodo de verano (excepto en la cordillera).<\/p>\n<p><strong>R\u00edo Atmosf\u00e9rico y Baja Segregada <\/strong><\/p>\n<p>Aun as\u00ed, Ra\u00fal Valenzuela explica que lo extraordinario de esa tormenta radica en el importante flujo de vapor de agua en forma de R\u00edo Atmosf\u00e9rico -corredores largos y angostos donde ocurre un fuerte transporte de vapor de agua en la atm\u00f3sfera- que alcanz\u00f3 a llegar a la zona central. \u201cJunto a esto, se desarroll\u00f3 una baja segregada, n\u00facleo de aire muy fr\u00edo que rota en el sentido de las agujas del reloj, y que fue inmediatamente posterior al paso del R\u00edo Atmosf\u00e9rico. La secuencia R\u00edo Atmosf\u00e9rico-Baja Segregada es muy infrecuente en general y menos a\u00fan en verano, y ayud\u00f3 a que se obtuviera una importante acumulaci\u00f3n de agua, crecidas de r\u00edos, granizo y tormentas el\u00e9ctricas\u201d, detalla el investigador.<\/p>\n<p>Dentro de los logros que establece la investigaci\u00f3n es que uno de los principales factores forzantes de la tormenta fue una alta presi\u00f3n (anticicl\u00f3n) que se estacion\u00f3 sobre el oc\u00e9ano Pacifico Sur. &#8220;A su vez, esta alta presi\u00f3n fue estimulada por convecci\u00f3n an\u00f3mala en el extremo oeste de la cuenca del Pac\u00edfico, a trav\u00e9s de lo que se conoce como teleconexi\u00f3n (ondas atmosf\u00e9ricas que se propagan del oeste hacia el este del Pac\u00edfico). La presencia del anticicl\u00f3n en el Pac\u00edfico Sur facilit\u00f3 el transporte de vapor de agua y calor de manera zonal hacia las costas de Chile, lo que trae como consecuencia mayor realce de la precipitaci\u00f3n por ascenso de la masa de aire sobre la topograf\u00eda\u201d, explica Valenzuela.<\/p>\n<p>El Dr. Valenzuela indica adem\u00e1s que el modelo num\u00e9rico analizado, <em>Global Forecast<\/em> <em>System (GFS),<\/em> mostr\u00f3 la habilidad para pronosticar el evento completo, que dur\u00f3 casi 72 horas, con al menos unas 96 horas de anticipaci\u00f3n. \u201cSin embargo, determinamos que el pron\u00f3stico de la lluvia fue m\u00e1s bien deficitario, cuando miramos intervalos de 6 horas de acumulaci\u00f3n, lo que sugiere la necesidad de contar con mejores herramientas para el pron\u00f3stico de tormentas extremas y que sean m\u00e1s precisas\u201d, puntualiza.<\/p>\n<p><strong>Metodolog\u00eda de investigaci\u00f3n <\/strong><\/p>\n<p>El investigador explica que en el desarrollo el estudio se utilizaron mediciones de estaciones meteorol\u00f3gicas provenientes de distintas redes, las que en total suman 600 estaciones desde Coquimbo a Osorno. Adem\u00e1s, los cient\u00edficos analizaron im\u00e1genes satelitales (\u00f3pticas y de radar), un inventario de aluviones, datos de caudal y turbiedad del agua, series de tiempo de vapor de agua atmosf\u00e9rico, mediciones de actividad el\u00e9ctrica atmosf\u00e9rica, datos del re-an\u00e1lisis global ERA5 y pron\u00f3sticos hechos con el modelo GFS.<\/p>\n<p>Si bien, son muchas las preguntas que fueron resueltas con la investigaci\u00f3n, como la necesidad de contar de mejores herramientas predictivas para estos eventos mayores, existen otras que siguen abiertas y que nacieron junto a estos resultados. \u201cDebemos averiguar cu\u00e1n predecible son las tormentas en la zona central de Chile en general, qu\u00e9 factores influyen en tener tormentas m\u00e1s y menos predecibles, cu\u00e1l es la tendencia de las tormentas de verano en la zona central hacia el futuro y c\u00f3mo influy\u00f3 el cambio clim\u00e1tico antropog\u00e9nico en la probabilidad de ocurrencia de esta tormenta\u201d, resume al finalizar el Dr. Valenzuela.<\/p>\n<p>&nbsp;<\/p>\n<p>Informaci\u00f3n de la publicaci\u00f3n: <strong>Valenzuela, R. et al (2022) \u201c<em>An Extraordinary Dry Season Precipitation Event in the Subtropical Andes: Drivers, Impacts and Predictability<\/em>\u201d DOI:10.2139\/ssrn.4031132<\/strong>[\/vc_column_text][\/vc_column][\/vc_row][\/vc_section][vc_section css=&#8221;.vc_custom_1650226078643{background-color: #ffffff !important;}&#8221; el_class=&#8221;p-md-0 pt-md-5&#8243;][vc_row el_class=&#8221;container mx-auto align-items-center text-right p-md-0 pt-5 pb-5&#8243;][vc_column el_class=&#8221;pb-5&#8243;][vc_row_inner el_class=&#8221;pb-5&#8243;][vc_column_inner width=&#8221;1\/6&#8243;][\/vc_column_inner][vc_column_inner width=&#8221;2\/3&#8243;][vc_column_text el_class=&#8221;mt-3&#8243;][\/vc_column_text][\/vc_column_inner][vc_column_inner width=&#8221;1\/6&#8243;][\/vc_column_inner][\/vc_row_inner][\/vc_column][\/vc_row][\/vc_section][vc_section css=&#8221;.vc_custom_1650255686594{background-color: #f6faff !important;}&#8221; el_class=&#8221;p-md-0 pt-md-5&#8243;][vc_row el_class=&#8221;container mx-auto align-items-center text-right p-md-0 pt-5 pb-5&#8243;][vc_column el_class=&#8221;pb-5&#8243;][vc_row_inner el_class=&#8221;pb-5&#8243;][vc_column_inner]<div class=\"row m-0 p-0\"><div class=\"col-12 col-md-9 pt-5 pt-md-0\"><h2 class=\"title title--decorator title--ms d-inline-block\">Te Recomendamos<\/h2><\/div><\/div><div class=\"content-holder\"><div class=\"row  swipper-news-list not--activate-hack \"><div class=\"row -wrapper\"><div class=\"  col-sm-6 col-md-4 img-article\">\n                                        <div class=\"content-news-display row m-0 p-0\"><div class=\"holder p-0 \"><div class=\"img-wrap img-wrap-news\">\n                                        <div class=\"caption__news-category\">\n                                        <a href=\"https:\/\/www.uoh.cl\/escuela-de-ingenieria\/category\/institucional\/\">\n                                        Institucional<\/a><\/div><img decoding=\"async\" class=\"w-100 h-100 lazyload\" data-src=\"https:\/\/www.uoh.cl\/escuela-de-ingenieria\/wp-content\/uploads\/sites\/15\/2026\/04\/Inauguracion-Ano-Academico-2026-6.jpg\" alt=\"Reflexi\u00f3n universitaria: UOH inaugura A\u00f1o Acad\u00e9mico 2026 pensando en los desaf\u00edos de la Educaci\u00f3n Superior\" style=\"--smush-placeholder-width: 1500px; --smush-placeholder-aspect-ratio: 1500\/1000;object-fit: cover; object-position: center;\" src=\"data:image\/svg+xml;base64,PHN2ZyB3aWR0aD0iMSIgaGVpZ2h0PSIxIiB4bWxucz0iaHR0cDovL3d3dy53My5vcmcvMjAwMC9zdmciPjwvc3ZnPg==\"><\/div><\/div><div class=\"caption py-3 caption__news py-md-3 pb-md-5\">\n                                    <span class=\"caption__date\">Mi\u00e9rcoles 29, Abril<\/span>\n                                     <a href=\"https:\/\/www.uoh.cl\/escuela-de-ingenieria\/2026\/04\/29\/reflexion-universitaria-uoh-inaugura-ano-academico-2026-pensando-en-los-desafios-de-la-educacion-superior\/\">\n                                    <h3 class=\"small-space\">Reflexi\u00f3n universitaria: UOH inaugura A\u00f1o Acad\u00e9mico 2026 pensando en los desaf\u00edos de la Educaci\u00f3n Superior<\/h3><\/a>\n\n                                    <p>La ceremonia promovi\u00f3 el an\u00e1lisis acerca de los cambios educativos que se avecinan dentro de los procesos de formaci\u00f3n universitaria ajustados a contextos digitales.   <\/p>\n                                    <a class=\"link link--bold mt-md-3\" href=\"https:\/\/www.uoh.cl\/escuela-de-ingenieria\/2026\/04\/29\/reflexion-universitaria-uoh-inaugura-ano-academico-2026-pensando-en-los-desafios-de-la-educacion-superior\/\">Saber m\u00e1s <span class=\"icon icon--inline icon--link\"><svg version=\"1.1\" xmlns=\"http:\/\/www.w3.org\/2000\/svg\" xmlns:xlink=\"http:\/\/www.w3.org\/1999\/xlink\" x=\"0px\" y=\"0px\" width=\"22px\"height=\"22px\" viewBox=\"0 0 22 22\" style=\"overflow:visible;enable-background:new 0 0 80 64.6;\" xml:space=\"preserve\"><g clip-path=\"url(#acA)\"><path fill-rule=\"evenodd\" d=\"M21.913 11.266a.93.93 0 000-.711c-.022-.056-.063-.097-.091-.144s-.053-.103-.097-.15L12.306.294c-.357-.379-.955-.394-1.334-.038s-.394.955-.038 1.334l7.917 8.374H.927a.95.95 0 00-.908.983.946.946 0 00.908.908h17.924l-8.089 8.552c-.357.379-.341.977.034 1.334s.977.341 1.334-.034l9.594-10.148c.044-.044.063-.1.097-.15.028-.047.069-.088.091-.141z\"\/><\/g><defs><clipPath id=\"acA\"><path fill=\"#fff\" d=\"M0 0h22v22H0z\"\/><\/clipPath><\/defs><\/svg><\/span><\/a><\/div><\/div><\/div><div class=\"  col-sm-6 col-md-4 img-article\">\n                                        <div class=\"content-news-display row m-0 p-0\"><div class=\"holder p-0 \"><div class=\"img-wrap img-wrap-news\">\n                                        <div class=\"caption__news-category\">\n                                        <a href=\"https:\/\/www.uoh.cl\/escuela-de-ingenieria\/category\/investigacion\/\">\n                                        Investigaci\u00f3n<\/a><\/div><img decoding=\"async\" class=\"w-100 h-100 lazyload\" data-src=\"https:\/\/www.uoh.cl\/escuela-de-ingenieria\/wp-content\/uploads\/sites\/15\/2026\/04\/SOLEDAD-BURRONE-EVALUANDO-1.jpg\" alt=\"Ciencia desde el aula: m\u00e1s de 40 proyectos se presentaron en el II Congreso de Investigaci\u00f3n de Estudiantes UOH\" style=\"--smush-placeholder-width: 1500px; --smush-placeholder-aspect-ratio: 1500\/1000;object-fit: cover; object-position: center;\" src=\"data:image\/svg+xml;base64,PHN2ZyB3aWR0aD0iMSIgaGVpZ2h0PSIxIiB4bWxucz0iaHR0cDovL3d3dy53My5vcmcvMjAwMC9zdmciPjwvc3ZnPg==\"><\/div><\/div><div class=\"caption py-3 caption__news py-md-3 pb-md-5\">\n                                    <span class=\"caption__date\">Viernes 24, Abril<\/span>\n                                     <a href=\"https:\/\/www.uoh.cl\/escuela-de-ingenieria\/2026\/04\/24\/ciencia-desde-el-aula-mas-de-40-proyectos-se-presentaron-en-el-ii-congreso-de-investigacion-de-estudiantes-uoh\/\">\n                                    <h3 class=\"small-space\">Ciencia desde el aula: m\u00e1s de 40 proyectos se presentaron en el II Congreso de Investigaci\u00f3n de Estudiantes UOH<\/h3><\/a>\n\n                                    <p>La actividad reuni\u00f3 a estudiantes de pregrado y postgrado de las cinco escuelas e institutos de la Universidad de O\u2019Higgins, quienes expusieron sus trabajos en formato p\u00f3ster en diversas \u00e1reas del conocimiento.<\/p>\n                                    <a class=\"link link--bold mt-md-3\" href=\"https:\/\/www.uoh.cl\/escuela-de-ingenieria\/2026\/04\/24\/ciencia-desde-el-aula-mas-de-40-proyectos-se-presentaron-en-el-ii-congreso-de-investigacion-de-estudiantes-uoh\/\">Saber m\u00e1s <span class=\"icon icon--inline icon--link\"><svg version=\"1.1\" xmlns=\"http:\/\/www.w3.org\/2000\/svg\" xmlns:xlink=\"http:\/\/www.w3.org\/1999\/xlink\" x=\"0px\" y=\"0px\" width=\"22px\"height=\"22px\" viewBox=\"0 0 22 22\" style=\"overflow:visible;enable-background:new 0 0 80 64.6;\" xml:space=\"preserve\"><g clip-path=\"url(#acA)\"><path fill-rule=\"evenodd\" d=\"M21.913 11.266a.93.93 0 000-.711c-.022-.056-.063-.097-.091-.144s-.053-.103-.097-.15L12.306.294c-.357-.379-.955-.394-1.334-.038s-.394.955-.038 1.334l7.917 8.374H.927a.95.95 0 00-.908.983.946.946 0 00.908.908h17.924l-8.089 8.552c-.357.379-.341.977.034 1.334s.977.341 1.334-.034l9.594-10.148c.044-.044.063-.1.097-.15.028-.047.069-.088.091-.141z\"\/><\/g><defs><clipPath id=\"acA\"><path fill=\"#fff\" d=\"M0 0h22v22H0z\"\/><\/clipPath><\/defs><\/svg><\/span><\/a><\/div><\/div><\/div><div class=\"  col-sm-6 col-md-4 img-article\">\n                                        <div class=\"content-news-display row m-0 p-0\"><div class=\"holder p-0 \"><div class=\"img-wrap img-wrap-news\">\n                                        <div class=\"caption__news-category\">\n                                        <a href=\"https:\/\/www.uoh.cl\/escuela-de-ingenieria\/category\/ingenieria\/\">\n                                        Ingenier\u00eda<\/a><\/div><img decoding=\"async\" class=\"w-100 h-100 lazyload\" data-src=\"https:\/\/www.uoh.cl\/escuela-de-ingenieria\/wp-content\/uploads\/sites\/15\/2026\/04\/FIDAE-2.jpeg\" alt=\"Estudiantes de la Escuela de Ingenier\u00eda UOH viven experiencia formativa en FIDAE 2026\" style=\"--smush-placeholder-width: 1600px; --smush-placeholder-aspect-ratio: 1600\/1200;object-fit: cover; object-position: center;\" src=\"data:image\/svg+xml;base64,PHN2ZyB3aWR0aD0iMSIgaGVpZ2h0PSIxIiB4bWxucz0iaHR0cDovL3d3dy53My5vcmcvMjAwMC9zdmciPjwvc3ZnPg==\"><\/div><\/div><div class=\"caption py-3 caption__news py-md-3 pb-md-5\">\n                                    <span class=\"caption__date\">Mi\u00e9rcoles 15, Abril<\/span>\n                                     <a href=\"https:\/\/www.uoh.cl\/escuela-de-ingenieria\/2026\/04\/15\/estudiantes-de-la-escuela-de-ingenieria-uoh-viven-experiencia-formativa-en-fidae-2026\/\">\n                                    <h3 class=\"small-space\">Estudiantes de la Escuela de Ingenier\u00eda UOH viven experiencia formativa en FIDAE 2026<\/h3><\/a>\n\n                                    <p>La actividad permiti\u00f3 a estudiantes conocer avances tecnol\u00f3gicos y vincularse con actores clave de la industria. <\/p>\n                                    <a class=\"link link--bold mt-md-3\" href=\"https:\/\/www.uoh.cl\/escuela-de-ingenieria\/2026\/04\/15\/estudiantes-de-la-escuela-de-ingenieria-uoh-viven-experiencia-formativa-en-fidae-2026\/\">Saber m\u00e1s <span class=\"icon icon--inline icon--link\"><svg version=\"1.1\" xmlns=\"http:\/\/www.w3.org\/2000\/svg\" xmlns:xlink=\"http:\/\/www.w3.org\/1999\/xlink\" x=\"0px\" y=\"0px\" width=\"22px\"height=\"22px\" viewBox=\"0 0 22 22\" style=\"overflow:visible;enable-background:new 0 0 80 64.6;\" xml:space=\"preserve\"><g clip-path=\"url(#acA)\"><path fill-rule=\"evenodd\" d=\"M21.913 11.266a.93.93 0 000-.711c-.022-.056-.063-.097-.091-.144s-.053-.103-.097-.15L12.306.294c-.357-.379-.955-.394-1.334-.038s-.394.955-.038 1.334l7.917 8.374H.927a.95.95 0 00-.908.983.946.946 0 00.908.908h17.924l-8.089 8.552c-.357.379-.341.977.034 1.334s.977.341 1.334-.034l9.594-10.148c.044-.044.063-.1.097-.15.028-.047.069-.088.091-.141z\"\/><\/g><defs><clipPath id=\"acA\"><path fill=\"#fff\" d=\"M0 0h22v22H0z\"\/><\/clipPath><\/defs><\/svg><\/span><\/a><\/div><\/div><\/div><\/div><\/div><\/div><div class=\"pagination justify-content-center my-5\"><span aria-current=\"page\" class=\"page-numbers current\">1<\/span>\n<a class=\"page-numbers\" href=\"https:\/\/www.uoh.cl\/escuela-de-ingenieria\/wp-json\/wp\/v2\/posts\/214\/\/page\/2\">2<\/a>\n<a class=\"page-numbers\" href=\"https:\/\/www.uoh.cl\/escuela-de-ingenieria\/wp-json\/wp\/v2\/posts\/214\/\/page\/3\">3<\/a>\n<span class=\"page-numbers dots\">&hellip;<\/span>\n<a class=\"page-numbers\" href=\"https:\/\/www.uoh.cl\/escuela-de-ingenieria\/wp-json\/wp\/v2\/posts\/214\/\/page\/137\">137<\/a>\n<a class=\"next page-numbers\" href=\"https:\/\/www.uoh.cl\/escuela-de-ingenieria\/wp-json\/wp\/v2\/posts\/214\/\/page\/2\"><div class=\"icon-pagination-next\"> <?xml version=\"1.0\" ?><svg viewBox=\"0 0 96 96\" xmlns=\"http:\/\/www.w3.org\/2000\/svg\"><title\/><path d=\"M39.3756,48.0022l30.47-25.39a6.0035,6.0035,0,0,0-7.6878-9.223L26.1563,43.3906a6.0092,6.0092,0,0,0,0,9.2231L62.1578,82.615a6.0035,6.0035,0,0,0,7.6878-9.2231Z\"\/><\/svg> <\/div><\/a><\/div>[\/vc_column_inner][\/vc_row_inner][\/vc_column][\/vc_row][\/vc_section]<\/p>\n<\/div>","protected":false},"excerpt":{"rendered":"<p>El acad\u00e9mico UOH Ra\u00fal Valenzuela, junto a investigadores nacionales e internacionales, document\u00f3 uno de los eventos meteorol\u00f3gicos m\u00e1s extraordinarios de los \u00faltimos a\u00f1os, ocurrido entre 28 y el 31 de enero de 2021<\/p>\n","protected":false},"author":34,"featured_media":215,"comment_status":"open","ping_status":"open","sticky":false,"template":"","format":"standard","meta":{"_acf_changed":false,"footnotes":""},"categories":[14],"tags":[],"class_list":["post-214","post","type-post","status-publish","format-standard","has-post-thumbnail","hentry","category-ingenieria-uoh"],"acf":[],"yoast_head":"<!-- This site is optimized with the Yoast SEO plugin v26.6 - https:\/\/yoast.com\/wordpress\/plugins\/seo\/ -->\n<title>Cient\u00edficos analizan extraordinaria tormenta de verano ocurrida en 2021 - Escuela de Ingenieria<\/title>\n<meta name=\"description\" content=\"El acad\u00e9mico UOH Ra\u00fal Valenzuela, junto a investigadores nacionales e internacionales, document\u00f3 uno de los eventos meteorol\u00f3gicos m\u00e1s extraordinarios de los \u00faltimos a\u00f1os, ocurrido entre 28 y el 31 de enero de 2021\" \/>\n<meta name=\"robots\" content=\"index, follow, max-snippet:-1, max-image-preview:large, max-video-preview:-1\" \/>\n<link rel=\"canonical\" href=\"https:\/\/www.uoh.cl\/escuela-de-ingenieria\/2022\/06\/14\/cientificos-analizan-extraordinaria-tormenta-de-verano-ocurrida-en-2021\/\" \/>\n<meta property=\"og:locale\" content=\"es_ES\" \/>\n<meta property=\"og:type\" content=\"article\" \/>\n<meta property=\"og:title\" content=\"Cient\u00edficos analizan extraordinaria tormenta de verano ocurrida en 2021 - Escuela de Ingenieria\" \/>\n<meta property=\"og:description\" content=\"El acad\u00e9mico UOH Ra\u00fal Valenzuela, junto a investigadores nacionales e internacionales, document\u00f3 uno de los eventos meteorol\u00f3gicos m\u00e1s extraordinarios de los \u00faltimos a\u00f1os, ocurrido entre 28 y el 31 de enero de 2021\" \/>\n<meta property=\"og:url\" content=\"https:\/\/www.uoh.cl\/escuela-de-ingenieria\/2022\/06\/14\/cientificos-analizan-extraordinaria-tormenta-de-verano-ocurrida-en-2021\/\" \/>\n<meta property=\"og:site_name\" content=\"Escuela de Ingenieria\" \/>\n<meta property=\"article:published_time\" content=\"2022-06-14T19:42:50+00:00\" \/>\n<meta property=\"article:modified_time\" content=\"2022-06-14T19:45:00+00:00\" \/>\n<meta property=\"og:image\" content=\"https:\/\/www.uoh.cl\/escuela-de-ingenieria\/wp-content\/uploads\/sites\/15\/2022\/06\/Cientificos-analizan-extraordinaria-tormenta-de-verano-ocurrida-en-2021.jpg\" \/>\n\t<meta property=\"og:image:width\" content=\"1500\" \/>\n\t<meta property=\"og:image:height\" content=\"1000\" \/>\n\t<meta property=\"og:image:type\" content=\"image\/jpeg\" \/>\n<meta name=\"author\" content=\"Universidad de O&#039;Higgins\" \/>\n<meta name=\"twitter:card\" content=\"summary_large_image\" \/>\n<meta name=\"twitter:label1\" content=\"Escrito por\" \/>\n\t<meta name=\"twitter:data1\" content=\"Universidad de O&#039;Higgins\" \/>\n\t<meta name=\"twitter:label2\" content=\"Tiempo estimado de lectura\" \/>\n\t<meta name=\"twitter:data2\" content=\"5 minutos\" \/>\n<script type=\"application\/ld+json\" class=\"yoast-schema-graph\">{\"@context\":\"https:\/\/schema.org\",\"@graph\":[{\"@type\":\"WebPage\",\"@id\":\"https:\/\/www.uoh.cl\/escuela-de-ingenieria\/2022\/06\/14\/cientificos-analizan-extraordinaria-tormenta-de-verano-ocurrida-en-2021\/\",\"url\":\"https:\/\/www.uoh.cl\/escuela-de-ingenieria\/2022\/06\/14\/cientificos-analizan-extraordinaria-tormenta-de-verano-ocurrida-en-2021\/\",\"name\":\"Cient\u00edficos analizan extraordinaria tormenta de verano ocurrida en 2021 - Escuela de Ingenieria\",\"isPartOf\":{\"@id\":\"https:\/\/www.uoh.cl\/escuela-de-ingenieria\/#website\"},\"primaryImageOfPage\":{\"@id\":\"https:\/\/www.uoh.cl\/escuela-de-ingenieria\/2022\/06\/14\/cientificos-analizan-extraordinaria-tormenta-de-verano-ocurrida-en-2021\/#primaryimage\"},\"image\":{\"@id\":\"https:\/\/www.uoh.cl\/escuela-de-ingenieria\/2022\/06\/14\/cientificos-analizan-extraordinaria-tormenta-de-verano-ocurrida-en-2021\/#primaryimage\"},\"thumbnailUrl\":\"https:\/\/www.uoh.cl\/escuela-de-ingenieria\/wp-content\/uploads\/sites\/15\/2022\/06\/Cientificos-analizan-extraordinaria-tormenta-de-verano-ocurrida-en-2021.jpg\",\"datePublished\":\"2022-06-14T19:42:50+00:00\",\"dateModified\":\"2022-06-14T19:45:00+00:00\",\"author\":{\"@id\":\"https:\/\/www.uoh.cl\/escuela-de-ingenieria\/#\/schema\/person\/ea242e676c7d6d7e46fc8b9e39486c4f\"},\"description\":\"El acad\u00e9mico UOH Ra\u00fal Valenzuela, junto a investigadores nacionales e internacionales, document\u00f3 uno de los eventos meteorol\u00f3gicos m\u00e1s extraordinarios de los \u00faltimos a\u00f1os, ocurrido entre 28 y el 31 de enero de 2021\",\"inLanguage\":\"es-CL\",\"potentialAction\":[{\"@type\":\"ReadAction\",\"target\":[\"https:\/\/www.uoh.cl\/escuela-de-ingenieria\/2022\/06\/14\/cientificos-analizan-extraordinaria-tormenta-de-verano-ocurrida-en-2021\/\"]}]},{\"@type\":\"ImageObject\",\"inLanguage\":\"es-CL\",\"@id\":\"https:\/\/www.uoh.cl\/escuela-de-ingenieria\/2022\/06\/14\/cientificos-analizan-extraordinaria-tormenta-de-verano-ocurrida-en-2021\/#primaryimage\",\"url\":\"https:\/\/www.uoh.cl\/escuela-de-ingenieria\/wp-content\/uploads\/sites\/15\/2022\/06\/Cientificos-analizan-extraordinaria-tormenta-de-verano-ocurrida-en-2021.jpg\",\"contentUrl\":\"https:\/\/www.uoh.cl\/escuela-de-ingenieria\/wp-content\/uploads\/sites\/15\/2022\/06\/Cientificos-analizan-extraordinaria-tormenta-de-verano-ocurrida-en-2021.jpg\",\"width\":1500,\"height\":1000},{\"@type\":\"WebSite\",\"@id\":\"https:\/\/www.uoh.cl\/escuela-de-ingenieria\/#website\",\"url\":\"https:\/\/www.uoh.cl\/escuela-de-ingenieria\/\",\"name\":\"Escuela de Ingenieria\",\"description\":\"Otro sitio de Sitios de Universidad O'higgins\",\"potentialAction\":[{\"@type\":\"SearchAction\",\"target\":{\"@type\":\"EntryPoint\",\"urlTemplate\":\"https:\/\/www.uoh.cl\/escuela-de-ingenieria\/?s={search_term_string}\"},\"query-input\":{\"@type\":\"PropertyValueSpecification\",\"valueRequired\":true,\"valueName\":\"search_term_string\"}}],\"inLanguage\":\"es-CL\"},{\"@type\":\"Person\",\"@id\":\"https:\/\/www.uoh.cl\/escuela-de-ingenieria\/#\/schema\/person\/ea242e676c7d6d7e46fc8b9e39486c4f\",\"name\":\"Universidad de O'Higgins\",\"image\":{\"@type\":\"ImageObject\",\"inLanguage\":\"es-CL\",\"@id\":\"https:\/\/www.uoh.cl\/escuela-de-ingenieria\/#\/schema\/person\/image\/\",\"url\":\"https:\/\/secure.gravatar.com\/avatar\/78fcb76ca05efae11fd355943c01a832a29786cc00d85b1a82c301bea2b2a214?s=96&d=mm&r=g\",\"contentUrl\":\"https:\/\/secure.gravatar.com\/avatar\/78fcb76ca05efae11fd355943c01a832a29786cc00d85b1a82c301bea2b2a214?s=96&d=mm&r=g\",\"caption\":\"Universidad de O'Higgins\"}}]}<\/script>\n<!-- \/ Yoast SEO plugin. -->","yoast_head_json":{"title":"Cient\u00edficos analizan extraordinaria tormenta de verano ocurrida en 2021 - Escuela de Ingenieria","description":"El acad\u00e9mico UOH Ra\u00fal Valenzuela, junto a investigadores nacionales e internacionales, document\u00f3 uno de los eventos meteorol\u00f3gicos m\u00e1s extraordinarios de los \u00faltimos a\u00f1os, ocurrido entre 28 y el 31 de enero de 2021","robots":{"index":"index","follow":"follow","max-snippet":"max-snippet:-1","max-image-preview":"max-image-preview:large","max-video-preview":"max-video-preview:-1"},"canonical":"https:\/\/www.uoh.cl\/escuela-de-ingenieria\/2022\/06\/14\/cientificos-analizan-extraordinaria-tormenta-de-verano-ocurrida-en-2021\/","og_locale":"es_ES","og_type":"article","og_title":"Cient\u00edficos analizan extraordinaria tormenta de verano ocurrida en 2021 - Escuela de Ingenieria","og_description":"El acad\u00e9mico UOH Ra\u00fal Valenzuela, junto a investigadores nacionales e internacionales, document\u00f3 uno de los eventos meteorol\u00f3gicos m\u00e1s extraordinarios de los \u00faltimos a\u00f1os, ocurrido entre 28 y el 31 de enero de 2021","og_url":"https:\/\/www.uoh.cl\/escuela-de-ingenieria\/2022\/06\/14\/cientificos-analizan-extraordinaria-tormenta-de-verano-ocurrida-en-2021\/","og_site_name":"Escuela de Ingenieria","article_published_time":"2022-06-14T19:42:50+00:00","article_modified_time":"2022-06-14T19:45:00+00:00","og_image":[{"width":1500,"height":1000,"url":"https:\/\/www.uoh.cl\/escuela-de-ingenieria\/wp-content\/uploads\/sites\/15\/2022\/06\/Cientificos-analizan-extraordinaria-tormenta-de-verano-ocurrida-en-2021.jpg","type":"image\/jpeg"}],"author":"Universidad de O'Higgins","twitter_card":"summary_large_image","twitter_misc":{"Escrito por":"Universidad de O'Higgins","Tiempo estimado de lectura":"5 minutos"},"schema":{"@context":"https:\/\/schema.org","@graph":[{"@type":"WebPage","@id":"https:\/\/www.uoh.cl\/escuela-de-ingenieria\/2022\/06\/14\/cientificos-analizan-extraordinaria-tormenta-de-verano-ocurrida-en-2021\/","url":"https:\/\/www.uoh.cl\/escuela-de-ingenieria\/2022\/06\/14\/cientificos-analizan-extraordinaria-tormenta-de-verano-ocurrida-en-2021\/","name":"Cient\u00edficos analizan extraordinaria tormenta de verano ocurrida en 2021 - Escuela de Ingenieria","isPartOf":{"@id":"https:\/\/www.uoh.cl\/escuela-de-ingenieria\/#website"},"primaryImageOfPage":{"@id":"https:\/\/www.uoh.cl\/escuela-de-ingenieria\/2022\/06\/14\/cientificos-analizan-extraordinaria-tormenta-de-verano-ocurrida-en-2021\/#primaryimage"},"image":{"@id":"https:\/\/www.uoh.cl\/escuela-de-ingenieria\/2022\/06\/14\/cientificos-analizan-extraordinaria-tormenta-de-verano-ocurrida-en-2021\/#primaryimage"},"thumbnailUrl":"https:\/\/www.uoh.cl\/escuela-de-ingenieria\/wp-content\/uploads\/sites\/15\/2022\/06\/Cientificos-analizan-extraordinaria-tormenta-de-verano-ocurrida-en-2021.jpg","datePublished":"2022-06-14T19:42:50+00:00","dateModified":"2022-06-14T19:45:00+00:00","author":{"@id":"https:\/\/www.uoh.cl\/escuela-de-ingenieria\/#\/schema\/person\/ea242e676c7d6d7e46fc8b9e39486c4f"},"description":"El acad\u00e9mico UOH Ra\u00fal Valenzuela, junto a investigadores nacionales e internacionales, document\u00f3 uno de los eventos meteorol\u00f3gicos m\u00e1s extraordinarios de los \u00faltimos a\u00f1os, ocurrido entre 28 y el 31 de enero de 2021","inLanguage":"es-CL","potentialAction":[{"@type":"ReadAction","target":["https:\/\/www.uoh.cl\/escuela-de-ingenieria\/2022\/06\/14\/cientificos-analizan-extraordinaria-tormenta-de-verano-ocurrida-en-2021\/"]}]},{"@type":"ImageObject","inLanguage":"es-CL","@id":"https:\/\/www.uoh.cl\/escuela-de-ingenieria\/2022\/06\/14\/cientificos-analizan-extraordinaria-tormenta-de-verano-ocurrida-en-2021\/#primaryimage","url":"https:\/\/www.uoh.cl\/escuela-de-ingenieria\/wp-content\/uploads\/sites\/15\/2022\/06\/Cientificos-analizan-extraordinaria-tormenta-de-verano-ocurrida-en-2021.jpg","contentUrl":"https:\/\/www.uoh.cl\/escuela-de-ingenieria\/wp-content\/uploads\/sites\/15\/2022\/06\/Cientificos-analizan-extraordinaria-tormenta-de-verano-ocurrida-en-2021.jpg","width":1500,"height":1000},{"@type":"WebSite","@id":"https:\/\/www.uoh.cl\/escuela-de-ingenieria\/#website","url":"https:\/\/www.uoh.cl\/escuela-de-ingenieria\/","name":"Escuela de Ingenieria","description":"Otro sitio de Sitios de Universidad O'higgins","potentialAction":[{"@type":"SearchAction","target":{"@type":"EntryPoint","urlTemplate":"https:\/\/www.uoh.cl\/escuela-de-ingenieria\/?s={search_term_string}"},"query-input":{"@type":"PropertyValueSpecification","valueRequired":true,"valueName":"search_term_string"}}],"inLanguage":"es-CL"},{"@type":"Person","@id":"https:\/\/www.uoh.cl\/escuela-de-ingenieria\/#\/schema\/person\/ea242e676c7d6d7e46fc8b9e39486c4f","name":"Universidad de O'Higgins","image":{"@type":"ImageObject","inLanguage":"es-CL","@id":"https:\/\/www.uoh.cl\/escuela-de-ingenieria\/#\/schema\/person\/image\/","url":"https:\/\/secure.gravatar.com\/avatar\/78fcb76ca05efae11fd355943c01a832a29786cc00d85b1a82c301bea2b2a214?s=96&d=mm&r=g","contentUrl":"https:\/\/secure.gravatar.com\/avatar\/78fcb76ca05efae11fd355943c01a832a29786cc00d85b1a82c301bea2b2a214?s=96&d=mm&r=g","caption":"Universidad de O'Higgins"}}]}},"_links":{"self":[{"href":"https:\/\/www.uoh.cl\/escuela-de-ingenieria\/wp-json\/wp\/v2\/posts\/214","targetHints":{"allow":["GET"]}}],"collection":[{"href":"https:\/\/www.uoh.cl\/escuela-de-ingenieria\/wp-json\/wp\/v2\/posts"}],"about":[{"href":"https:\/\/www.uoh.cl\/escuela-de-ingenieria\/wp-json\/wp\/v2\/types\/post"}],"author":[{"embeddable":true,"href":"https:\/\/www.uoh.cl\/escuela-de-ingenieria\/wp-json\/wp\/v2\/users\/34"}],"replies":[{"embeddable":true,"href":"https:\/\/www.uoh.cl\/escuela-de-ingenieria\/wp-json\/wp\/v2\/comments?post=214"}],"version-history":[{"count":1,"href":"https:\/\/www.uoh.cl\/escuela-de-ingenieria\/wp-json\/wp\/v2\/posts\/214\/revisions"}],"predecessor-version":[{"id":216,"href":"https:\/\/www.uoh.cl\/escuela-de-ingenieria\/wp-json\/wp\/v2\/posts\/214\/revisions\/216"}],"wp:featuredmedia":[{"embeddable":true,"href":"https:\/\/www.uoh.cl\/escuela-de-ingenieria\/wp-json\/wp\/v2\/media\/215"}],"wp:attachment":[{"href":"https:\/\/www.uoh.cl\/escuela-de-ingenieria\/wp-json\/wp\/v2\/media?parent=214"}],"wp:term":[{"taxonomy":"category","embeddable":true,"href":"https:\/\/www.uoh.cl\/escuela-de-ingenieria\/wp-json\/wp\/v2\/categories?post=214"},{"taxonomy":"post_tag","embeddable":true,"href":"https:\/\/www.uoh.cl\/escuela-de-ingenieria\/wp-json\/wp\/v2\/tags?post=214"}],"curies":[{"name":"wp","href":"https:\/\/api.w.org\/{rel}","templated":true}]}}