
{"id":4830,"date":"2026-09-03T17:30:32","date_gmt":"2026-09-03T20:30:32","guid":{"rendered":"https:\/\/www.uoh.cl\/escuela-de-educacion\/2026\/09\/03\/programa-vocacion-pedagogica-genero-espacio-de-dialogo-sobre-las-carreras-de-pedagogia\/"},"modified":"2026-09-03T17:30:32","modified_gmt":"2026-09-03T20:30:32","slug":"programa-vocacion-pedagogica-genero-espacio-de-dialogo-sobre-las-carreras-de-pedagogia","status":"publish","type":"post","link":"https:\/\/www.uoh.cl\/escuela-de-educacion\/2026\/09\/03\/programa-vocacion-pedagogica-genero-espacio-de-dialogo-sobre-las-carreras-de-pedagogia\/","title":{"rendered":"Programa Vocaci\u00f3n Pedag\u00f3gica gener\u00f3 espacio de di\u00e1logo sobre las carreras de Pedagog\u00eda"},"content":{"rendered":"<div class=\"wpb-content-wrapper\"><p>[vc_section el_class=&#8221;container mx-auto align-items-center circle&#8211;pattern&#8221; css=&#8221;.vc_custom_1648956589196{padding-top: 3rem !important;}&#8221;][vc_row][vc_column]<div class=\"breadcrumb\"><ol itemscope itemtype=\"https:\/\/schema.org\/BreadcrumbList\"><li itemprop=\"itemListElement\" itemscope itemtype=\"https:\/\/schema.org\/ListItem\"><a itemprop=\"item\" href=\"http:\/\/www.uoh.cl\"><span itemprop=\"name\">Inicio<\/span><\/a><meta itemprop=\"position\" content=\"1\" \/><li itemprop=\"itemListElement\" itemscope itemtype=\"https:\/\/schema.org\/ListItem\"><a itemprop=\"item\" href=\"https:\/\/www.uoh.cl\/escuela-de-educacion\"><span itemprop=\"name\">Escuela de Educaci\u00f3n <\/span><\/a><meta itemprop=\"position\" content=\"2\" \/><li itemprop=\"itemListElement\" itemscope itemtype=\"https:\/\/schema.org\/ListItem\"><a itemprop=\"item\" href=\"https:\/\/www.uoh.cl\/escuela-de-educacion\/noticias\/\"><span itemprop=\"name\">Noticias<\/span><\/a><meta itemprop=\"position\" content=\"3\" \/><li itemprop=\"itemListElement\" itemscope itemtype=\"https:\/\/schema.org\/ListItem\"><span itemprop=\"name\">Programa Vocaci\u00f3n Pedag\u00f3gica gener\u00f3 espacio de di\u00e1logo sobre las carreras <\/span><meta itemprop=\"position\" content=\"4\" \/><\/ol><\/div><ul class=\"p-0 list-style-none d-inline-block\"><li class=\"p-0\"><a href=https:\/\/www.uoh.cl\/escuela-de-educacion\/category\/educacion\/ class=\"px-1 py-2\">Educaci\u00f3n<\/a><\/li><\/ul><div class=\"date_publish_post\"> \u25cf Jue 03 de Septiembre 2026<\/div><div class=\"uoh_title_component-container\"><h1 class=\"title title--ms d-inline-block title--decorator  big\">Programa Vocaci\u00f3n Pedag\u00f3gica gener\u00f3 espacio de di\u00e1logo sobre las carreras de Pedagog\u00eda<\/h1><\/div>[vc_row_inner el_class=&#8221;border-separator m-0&#8243;][vc_column_inner width=&#8221;2\/3&#8243;]<div class=\"author_wp_class\"> Escrito por <span>Universidad de O'Higgins<\/span><\/div>[\/vc_column_inner][vc_column_inner el_class=&#8221;align-items-end-publish&#8221; width=&#8221;1\/3&#8243;]<div class=\"uoh_social_network_component uoh_row col-12 justify-content-end m-0 p-0\"> <div class=\"icon__facebook-share-button\">\n                       <a href=\"https:\/\/www.facebook.com\/sharer\/sharer.php?u=https:\/\/www.uoh.cl\/escuela-de-educacion\/2026\/09\/03\/programa-vocacion-pedagogica-genero-espacio-de-dialogo-sobre-las-carreras-de-pedagogia\/\" target=\"_blank\"> <div class=\"icon__facebook-svg\"><svg version=\"1.1\" xmlns=\"http:\/\/www.w3.org\/2000\/svg\" xmlns:xlink=\"http:\/\/www.w3.org\/1999\/xlink\" x=\"0px\" y=\"0px\" width=\"22.4px\" height=\"48.3px\" viewBox=\"0 0 22.4 48.3\" style=\"overflow:visible;enable-background:new 0 0 22.4 48.3;\" xml:space=\"preserve\">\n                <defs>\n                <\/defs>\n                <path class=\"st0\" d=\"M22.4,15.6h-7.6v-5c0-1.9,1.2-2.3,2.1-2.3c0.9,0,5.4,0,5.4,0V0l-7.4,0C6.6,0,4.8,6.2,4.8,10.1v5.5H0v8.5h4.8\n                    c0,10.9,0,24.1,0,24.1h10c0,0,0-13.3,0-24.1h6.8L22.4,15.6z\"><\/path>\n                <\/svg><\/a><\/div>\n                    <\/div><div class=\"icon__twitter-share-button\">\n                        <div class=\"icon__twitter-svg\"><a target=\"_blank\" href=\"http:\/\/twitter.com\/share?url=https:\/\/www.uoh.cl\/escuela-de-educacion\/2026\/09\/03\/programa-vocacion-pedagogica-genero-espacio-de-dialogo-sobre-las-carreras-de-pedagogia\/\"><svg xmlns=\"http:\/\/www.w3.org\/2000\/svg\" height=\"1em\" viewBox=\"0 0 512 512\"><!--! Font Awesome Free 6.4.2 by @fontawesome - https:\/\/fontawesome.com License - https:\/\/fontawesome.com\/license (Commercial License) Copyright 2023 Fonticons, Inc. --><path d=\"M389.2 48h70.6L305.6 224.2 487 464H345L233.7 318.6 106.5 464H35.8L200.7 275.5 26.8 48H172.4L272.9 180.9 389.2 48zM364.4 421.8h39.1L151.1 88h-42L364.4 421.8z\"\/><\/svg><\/a><\/div>\n                        <\/div><div class=\"icon__linkedin-share-button\">\n                        <div class=\"icon__linkedin-svg\">\n                        <a target=\"__blank\" href=\"https:\/\/www.linkedin.com\/sharing\/share-offsite\/?url=https:\/\/www.uoh.cl\/escuela-de-educacion\/2026\/09\/03\/programa-vocacion-pedagogica-genero-espacio-de-dialogo-sobre-las-carreras-de-pedagogia\/\"><svg enable-background=\"new 0 0 100 100\" height=\"100px\" id=\"Layer_1\" version=\"1.1\" viewBox=\"0 0 100 100\" width=\"100px\" xml:space=\"preserve\" xmlns=\"http:\/\/www.w3.org\/2000\/svg\" xmlns:xlink=\"http:\/\/www.w3.org\/1999\/xlink\"><g><circle cx=\"50\" cy=\"50\" fill=\"#ccc\" r=\"45\"\/><g id=\"LinkedIn_1_\"><rect fill=\"#FFFFFF\" height=\"24.361\" width=\"7.69\" x=\"31.271\" y=\"43.569\"\/><path d=\"M59.968,43.334c-4.406,0-7.165,2.387-7.677,4.058v-3.823h-8.636c0.109,2.03,0,24.361,0,24.361h8.636    V54.748c0-0.733-0.034-1.465,0.19-1.991c0.594-1.464,1.869-2.985,4.162-2.985c2.998,0,4.361,2.253,4.361,5.552V67.93h8.721V54.384    C69.726,46.839,65.432,43.334,59.968,43.334z\" fill=\"#FFFFFF\"\/><path d=\"M34.973,32.069c-2.839,0-4.696,1.823-4.696,4.229c0,2.361,1.804,4.224,4.589,4.224h0.054    c2.891,0,4.69-1.869,4.69-4.229C39.555,33.888,37.81,32.069,34.973,32.069z\" fill=\"#FFFFFF\"\/><\/g><\/g><\/svg><\/a><\/div>\n\n            <\/div><\/div>[\/vc_column_inner][\/vc_row_inner][vc_single_image image=&#8221;80374&#8243; img_size=&#8221;full&#8221; add_caption=&#8221;yes&#8221; alignment=&#8221;center&#8221; onclick=&#8221;img_link_large&#8221; img_link_target=&#8221;_blank&#8221; css=&#8221;&#8221;][vc_column_text]\u00a0[\/vc_column_text][vc_column_text css=&#8221;&#8221;]<em>\u2022 Las y los participantes conocieron las caracter\u00edsticas de las distintas carreras, las experiencias de quienes se desempe\u00f1an en la formaci\u00f3n docente y las posibilidades del ejercicio profesional.<\/em>[\/vc_column_text][vc_column_text]\u00a0[\/vc_column_text][vc_column_text css=&#8221;&#8221;]Conocer las experiencias de quienes optaron por la docencia y descubrir qu\u00e9 distingue a las diferentes \u00e1reas de formaci\u00f3n pedag\u00f3gica fueron parte de los objetivos del encuentro realizado por el Programa Vocaci\u00f3n Pedag\u00f3gica (PVP) de la <a href=\"http:\/\/www.uoh.cl\/\">Universidad de O\u2019Higgins<\/a>, que reuni\u00f3 a sus estudiantes con representantes de cuatro carreras de la Escuela de Educaci\u00f3n.<\/p>\n<p>La actividad busc\u00f3 generar una instancia cercana para conversar sobre la elecci\u00f3n de una carrera docente y entregar herramientas que permitan a las\/os j\u00f3venes avanzar de manera informada en la definici\u00f3n de su futuro acad\u00e9mico y profesional.<\/p>\n<p>En el encuentro participaron Ana Ram\u00edrez, jefa de carrera de Pedagog\u00eda en Educaci\u00f3n B\u00e1sica; Nicole Nilo, jefa de carrera de Pedagog\u00eda en Ciencias Naturales; Carolina Miranda, docente adjunta de Pedagog\u00eda en Educaci\u00f3n Parvularia; y Javier Cancino, egresado UOH y docente de Pedagog\u00eda en Lenguaje y Comunicaci\u00f3n<\/p>\n<p>M\u00e1s que presentar \u00fanicamente las caracter\u00edsticas y mallas formativas de las carreras, la jornada puso \u00e9nfasis en las experiencias personales y profesionales vinculadas con la docencia. Las y los representantes relataron qu\u00e9 los llev\u00f3 a escoger la Pedagog\u00eda, c\u00f3mo fueron construyendo sus trayectorias y cu\u00e1les han sido las experiencias que actualmente los vinculan con la formaci\u00f3n de futuras profesoras y profesores.<\/p>\n<p>Para la coordinadora del Programa Vocaci\u00f3n Pedag\u00f3gica UOH, Evelyn Alarc\u00f3n, este tipo de encuentros permite complementar el acompa\u00f1amiento que reciben las\/os estudiantes durante su participaci\u00f3n en el programa. \u201cBuscamos que puedan conocer las pedagog\u00edas no solo desde la informaci\u00f3n acad\u00e9mica, sino tambi\u00e9n desde las experiencias de quienes eligieron la docencia como su camino profesional. Escuchar sus motivaciones, conocer sus trayectorias y poder conversar directamente con ellas y ellos les entrega m\u00e1s herramientas para reflexionar sobre su propia vocaci\u00f3n y tomar una decisi\u00f3n informada respecto de su futuro\u201d, se\u00f1al\u00f3.<\/p>\n<p>Las\/os estudiantes del PVP tuvieron un rol activo durante la jornada, planteando preguntas y resolviendo inquietudes directamente con las y los docentes. Este intercambio permiti\u00f3 profundizar en aspectos relacionados con la experiencia universitaria, la elecci\u00f3n de una especialidad y las proyecciones profesionales de cada \u00e1rea.<\/p>\n<p>La jornada se enmarc\u00f3 en las acciones de exploraci\u00f3n y acompa\u00f1amiento vocacional que impulsa el Programa Vocaci\u00f3n Pedag\u00f3gica de la UOH, orientadas a que sus participantes conozcan distintas alternativas de formaci\u00f3n, contrasten sus intereses y cuenten con mayores antecedentes al momento de decidir su continuidad de estudios.[\/vc_column_text][vc_zigzag color=&#8221;white&#8221;][\/vc_column][\/vc_row][vc_row][vc_column width=&#8221;1\/2&#8243;][vc_single_image image=&#8221;80375&#8243; img_size=&#8221;700&#215;450&#8243; onclick=&#8221;link_image&#8221; css=&#8221;&#8221;][\/vc_column][vc_column width=&#8221;1\/2&#8243;][vc_single_image image=&#8221;80376&#8243; img_size=&#8221;700&#215;450&#8243; onclick=&#8221;link_image&#8221; css=&#8221;&#8221;][\/vc_column][\/vc_row][vc_row][vc_column][vc_zigzag color=&#8221;white&#8221;][\/vc_column][\/vc_row][\/vc_section][vc_section css=&#8221;.vc_custom_1650255686594{background-color: #f6faff !important;}&#8221; el_class=&#8221;p-md-0 pt-md-5&#8243;][vc_row el_class=&#8221;container mx-auto align-items-center p-md-0 pt-5 pb-5&#8243;][vc_column el_class=&#8221;pb-5&#8243;][vc_row_inner el_class=&#8221;pb-5&#8243;][vc_column_inner]<div class=\"row m-0 p-0\"><div class=\"col-12 col-md-9 pt-5 pt-md-0\"><h2 class=\"title title--decorator title--ms d-inline-block\">Te Recomendamos<\/h2><\/div><\/div><div class=\"content-holder\"><div class=\"row  swipper-news-list not--activate-hack \"><div class=\"row -wrapper\"><div class=\"  col-sm-6 col-md-4 img-article\">\n                                        <div class=\"content-news-display row m-0 p-0\"><div class=\"holder p-0 \"><div class=\"img-wrap img-wrap-news\">\n                                        <div class=\"caption__news-category\">\n                                        <a href=\"https:\/\/www.uoh.cl\/escuela-de-educacion\/category\/educacion\/\">\n                                        Educaci\u00f3n<\/a><\/div><img decoding=\"async\" class=\"w-100 h-100 lazyload\" data-src=\"https:\/\/www.uoh.cl\/escuela-de-educacion\/wp-content\/uploads\/sites\/17\/2026\/09\/Programa-Vocacion-Pedagogica-genero-espacio-de-dialogo-sobre-las-carreras-de-Pedagogia.png\" alt=\"Programa Vocaci\u00f3n Pedag\u00f3gica gener\u00f3 espacio de di\u00e1logo sobre las carreras de Pedagog\u00eda\" style=\"--smush-placeholder-width: 1500px; --smush-placeholder-aspect-ratio: 1500\/1000;object-fit: cover; object-position: center;\" src=\"data:image\/svg+xml;base64,PHN2ZyB3aWR0aD0iMSIgaGVpZ2h0PSIxIiB4bWxucz0iaHR0cDovL3d3dy53My5vcmcvMjAwMC9zdmciPjwvc3ZnPg==\"><\/div><\/div><div class=\"caption py-3 caption__news py-md-3 pb-md-5\">\n                                    <span class=\"caption__date\">Jueves 3, Septiembre<\/span>\n                                     <a href=\"https:\/\/www.uoh.cl\/escuela-de-educacion\/2026\/09\/03\/programa-vocacion-pedagogica-genero-espacio-de-dialogo-sobre-las-carreras-de-pedagogia\/\">\n                                    <h3 class=\"small-space\">Programa Vocaci\u00f3n Pedag\u00f3gica gener\u00f3 espacio de di\u00e1logo sobre las carreras de Pedagog\u00eda<\/h3><\/a>\n\n                                    <p>Las y los participantes conocieron las caracter\u00edsticas de las distintas carreras, las experiencias de quienes se desempe\u00f1an en la formaci\u00f3n docente y las posibilidades del ejercicio profesional.<\/p>\n                                    <a class=\"link link--bold mt-md-3\" href=\"https:\/\/www.uoh.cl\/escuela-de-educacion\/2026\/09\/03\/programa-vocacion-pedagogica-genero-espacio-de-dialogo-sobre-las-carreras-de-pedagogia\/\">Saber m\u00e1s <span class=\"icon icon--inline icon--link\"><svg version=\"1.1\" xmlns=\"http:\/\/www.w3.org\/2000\/svg\" xmlns:xlink=\"http:\/\/www.w3.org\/1999\/xlink\" x=\"0px\" y=\"0px\" width=\"22px\"height=\"22px\" viewBox=\"0 0 22 22\" style=\"overflow:visible;enable-background:new 0 0 80 64.6;\" xml:space=\"preserve\"><g clip-path=\"url(#acA)\"><path fill-rule=\"evenodd\" d=\"M21.913 11.266a.93.93 0 000-.711c-.022-.056-.063-.097-.091-.144s-.053-.103-.097-.15L12.306.294c-.357-.379-.955-.394-1.334-.038s-.394.955-.038 1.334l7.917 8.374H.927a.95.95 0 00-.908.983.946.946 0 00.908.908h17.924l-8.089 8.552c-.357.379-.341.977.034 1.334s.977.341 1.334-.034l9.594-10.148c.044-.044.063-.1.097-.15.028-.047.069-.088.091-.141z\"\/><\/g><defs><clipPath id=\"acA\"><path fill=\"#fff\" d=\"M0 0h22v22H0z\"\/><\/clipPath><\/defs><\/svg><\/span><\/a><\/div><\/div><\/div><div class=\"  col-sm-6 col-md-4 img-article\">\n                                        <div class=\"content-news-display row m-0 p-0\"><div class=\"holder p-0 \"><div class=\"img-wrap img-wrap-news\">\n                                        <div class=\"caption__news-category\">\n                                        <a href=\"https:\/\/www.uoh.cl\/escuela-de-educacion\/category\/institucional\/\">\n                                        Institucional<\/a><\/div><img decoding=\"async\" class=\"w-100 h-100 lazyload\" data-src=\"https:\/\/www.uoh.cl\/escuela-de-educacion\/wp-content\/uploads\/sites\/17\/2026\/09\/IMG_0830-scaled.jpg\" alt=\"Estudiantes de la UOH participaron en Icare Joven 2026\" style=\"--smush-placeholder-width: 2560px; --smush-placeholder-aspect-ratio: 2560\/1707;object-fit: cover; object-position: center;\" src=\"data:image\/svg+xml;base64,PHN2ZyB3aWR0aD0iMSIgaGVpZ2h0PSIxIiB4bWxucz0iaHR0cDovL3d3dy53My5vcmcvMjAwMC9zdmciPjwvc3ZnPg==\"><\/div><\/div><div class=\"caption py-3 caption__news py-md-3 pb-md-5\">\n                                    <span class=\"caption__date\">Jueves 3, Septiembre<\/span>\n                                     <a href=\"https:\/\/www.uoh.cl\/escuela-de-educacion\/2026\/09\/03\/estudiantes-de-la-uoh-participaron-en-icare-joven-2026\/\">\n                                    <h3 class=\"small-space\">Estudiantes de la UOH participaron en Icare Joven 2026<\/h3><\/a>\n\n                                    <p>Skaleth Castillo (Enfermer\u00eda), Karla Montecinos (Psicolog\u00eda), Francisca Herrera y Mart\u00edn D\u00edaz, estos \u00faltimos dos de la carrera de Pedagog\u00eda en Ciencias Naturales, fueron seleccionado gracias a sus antecedentes acad\u00e9micos y participaciones universitarias, para representar a la Universidad de O\u2019Higgins en la primera versi\u00f3n del evento realizado en Punta de Tralca.<\/p>\n                                    <a class=\"link link--bold mt-md-3\" href=\"https:\/\/www.uoh.cl\/escuela-de-educacion\/2026\/09\/03\/estudiantes-de-la-uoh-participaron-en-icare-joven-2026\/\">Saber m\u00e1s <span class=\"icon icon--inline icon--link\"><svg version=\"1.1\" xmlns=\"http:\/\/www.w3.org\/2000\/svg\" xmlns:xlink=\"http:\/\/www.w3.org\/1999\/xlink\" x=\"0px\" y=\"0px\" width=\"22px\"height=\"22px\" viewBox=\"0 0 22 22\" style=\"overflow:visible;enable-background:new 0 0 80 64.6;\" xml:space=\"preserve\"><g clip-path=\"url(#acA)\"><path fill-rule=\"evenodd\" d=\"M21.913 11.266a.93.93 0 000-.711c-.022-.056-.063-.097-.091-.144s-.053-.103-.097-.15L12.306.294c-.357-.379-.955-.394-1.334-.038s-.394.955-.038 1.334l7.917 8.374H.927a.95.95 0 00-.908.983.946.946 0 00.908.908h17.924l-8.089 8.552c-.357.379-.341.977.034 1.334s.977.341 1.334-.034l9.594-10.148c.044-.044.063-.1.097-.15.028-.047.069-.088.091-.141z\"\/><\/g><defs><clipPath id=\"acA\"><path fill=\"#fff\" d=\"M0 0h22v22H0z\"\/><\/clipPath><\/defs><\/svg><\/span><\/a><\/div><\/div><\/div><div class=\"  col-sm-6 col-md-4 img-article\">\n                                        <div class=\"content-news-display row m-0 p-0\"><div class=\"holder p-0 \"><div class=\"img-wrap img-wrap-news\">\n                                        <div class=\"caption__news-category\">\n                                        <a href=\"https:\/\/www.uoh.cl\/escuela-de-educacion\/category\/educacion\/\">\n                                        Educaci\u00f3n<\/a><\/div><img decoding=\"async\" class=\"w-100 h-100 lazyload\" data-src=\"https:\/\/www.uoh.cl\/escuela-de-educacion\/wp-content\/uploads\/sites\/17\/2026\/09\/Investidura-PCN-11.jpg\" alt=\"Estudiantes de Pedagog\u00eda marcan el inicio de una nueva etapa con ceremonia de investidura\" style=\"--smush-placeholder-width: 1500px; --smush-placeholder-aspect-ratio: 1500\/998;object-fit: cover; object-position: center;\" src=\"data:image\/svg+xml;base64,PHN2ZyB3aWR0aD0iMSIgaGVpZ2h0PSIxIiB4bWxucz0iaHR0cDovL3d3dy53My5vcmcvMjAwMC9zdmciPjwvc3ZnPg==\"><\/div><\/div><div class=\"caption py-3 caption__news py-md-3 pb-md-5\">\n                                    <span class=\"caption__date\">Jueves 3, Septiembre<\/span>\n                                     <a href=\"https:\/\/www.uoh.cl\/escuela-de-educacion\/2026\/09\/03\/estudiantes-de-pedagogia-marcan-el-inicio-de-una-nueva-etapa-con-ceremonia-de-investidura\/\">\n                                    <h3 class=\"small-space\">Estudiantes de Pedagog\u00eda marcan el inicio de una nueva etapa con ceremonia de investidura<\/h3><\/a>\n\n                                    <p>Acompa\u00f1ados por sus familias y la comunidad universitaria, estudiantes de segundo a\u00f1o de las siete carreras de Pedagog\u00eda recibieron sus uniformes, marcando un significativo momento en su camino hacia el ejercicio docente.<\/p>\n                                    <a class=\"link link--bold mt-md-3\" href=\"https:\/\/www.uoh.cl\/escuela-de-educacion\/2026\/09\/03\/estudiantes-de-pedagogia-marcan-el-inicio-de-una-nueva-etapa-con-ceremonia-de-investidura\/\">Saber m\u00e1s <span class=\"icon icon--inline icon--link\"><svg version=\"1.1\" xmlns=\"http:\/\/www.w3.org\/2000\/svg\" xmlns:xlink=\"http:\/\/www.w3.org\/1999\/xlink\" x=\"0px\" y=\"0px\" width=\"22px\"height=\"22px\" viewBox=\"0 0 22 22\" style=\"overflow:visible;enable-background:new 0 0 80 64.6;\" xml:space=\"preserve\"><g clip-path=\"url(#acA)\"><path fill-rule=\"evenodd\" d=\"M21.913 11.266a.93.93 0 000-.711c-.022-.056-.063-.097-.091-.144s-.053-.103-.097-.15L12.306.294c-.357-.379-.955-.394-1.334-.038s-.394.955-.038 1.334l7.917 8.374H.927a.95.95 0 00-.908.983.946.946 0 00.908.908h17.924l-8.089 8.552c-.357.379-.341.977.034 1.334s.977.341 1.334-.034l9.594-10.148c.044-.044.063-.1.097-.15.028-.047.069-.088.091-.141z\"\/><\/g><defs><clipPath id=\"acA\"><path fill=\"#fff\" d=\"M0 0h22v22H0z\"\/><\/clipPath><\/defs><\/svg><\/span><\/a><\/div><\/div><\/div><\/div><\/div><\/div><div class=\"pagination justify-content-center my-5\"><span aria-current=\"page\" class=\"page-numbers current\">1<\/span>\n<a class=\"page-numbers\" href=\"https:\/\/www.uoh.cl\/escuela-de-educacion\/wp-json\/wp\/v2\/posts\/4830\/\/page\/2\">2<\/a>\n<a class=\"page-numbers\" href=\"https:\/\/www.uoh.cl\/escuela-de-educacion\/wp-json\/wp\/v2\/posts\/4830\/\/page\/3\">3<\/a>\n<span class=\"page-numbers dots\">&hellip;<\/span>\n<a class=\"page-numbers\" href=\"https:\/\/www.uoh.cl\/escuela-de-educacion\/wp-json\/wp\/v2\/posts\/4830\/\/page\/171\">171<\/a>\n<a class=\"next page-numbers\" href=\"https:\/\/www.uoh.cl\/escuela-de-educacion\/wp-json\/wp\/v2\/posts\/4830\/\/page\/2\"><div class=\"icon-pagination-next\"> <?xml version=\"1.0\" ?><svg viewBox=\"0 0 96 96\" xmlns=\"http:\/\/www.w3.org\/2000\/svg\"><title\/><path d=\"M39.3756,48.0022l30.47-25.39a6.0035,6.0035,0,0,0-7.6878-9.223L26.1563,43.3906a6.0092,6.0092,0,0,0,0,9.2231L62.1578,82.615a6.0035,6.0035,0,0,0,7.6878-9.2231Z\"\/><\/svg> <\/div><\/a><\/div>[\/vc_column_inner][\/vc_row_inner][\/vc_column][\/vc_row][\/vc_section]<\/p>\n<\/div>","protected":false},"excerpt":{"rendered":"<p>Las y los participantes conocieron las caracter\u00edsticas de las distintas carreras, las experiencias de quienes se desempe\u00f1an en la formaci\u00f3n docente y las posibilidades del ejercicio profesional.<\/p>\n","protected":false},"author":34,"featured_media":4831,"comment_status":"open","ping_status":"open","sticky":false,"template":"","format":"standard","meta":{"_acf_changed":false,"footnotes":""},"categories":[25],"tags":[],"class_list":["post-4830","post","type-post","status-publish","format-standard","has-post-thumbnail","hentry","category-educacion"],"acf":[],"yoast_head":"<!-- This site is optimized with the Yoast SEO plugin v28.3 - https:\/\/yoast.com\/product\/yoast-seo-wordpress\/ -->\n<title>Programa Vocaci\u00f3n Pedag\u00f3gica gener\u00f3 espacio de di\u00e1logo sobre las carreras de Pedagog\u00eda - Escuela de Educaci\u00f3n<\/title>\n<meta name=\"description\" content=\"Las y los participantes conocieron las caracter\u00edsticas de las distintas carreras, las experiencias de quienes se desempe\u00f1an en la formaci\u00f3n docente y las posibilidades del ejercicio profesional.\" \/>\n<meta name=\"robots\" content=\"noindex, nofollow\" \/>\n<meta property=\"og:locale\" content=\"es_ES\" \/>\n<meta property=\"og:type\" content=\"article\" \/>\n<meta property=\"og:title\" content=\"Programa Vocaci\u00f3n Pedag\u00f3gica gener\u00f3 espacio de di\u00e1logo sobre las carreras de Pedagog\u00eda - Escuela de Educaci\u00f3n\" \/>\n<meta property=\"og:description\" content=\"Las y los participantes conocieron las caracter\u00edsticas de las distintas carreras, las experiencias de quienes se desempe\u00f1an en la formaci\u00f3n docente y las posibilidades del ejercicio profesional.\" \/>\n<meta property=\"og:url\" content=\"https:\/\/www.uoh.cl\/escuela-de-educacion\/2026\/09\/03\/programa-vocacion-pedagogica-genero-espacio-de-dialogo-sobre-las-carreras-de-pedagogia\/\" \/>\n<meta property=\"og:site_name\" content=\"Escuela de Educaci\u00f3n\" \/>\n<meta property=\"article:published_time\" content=\"2026-09-03T20:30:32+00:00\" \/>\n<meta property=\"og:image\" content=\"https:\/\/www.uoh.cl\/escuela-de-educacion\/wp-content\/uploads\/sites\/17\/2026\/09\/Programa-Vocacion-Pedagogica-genero-espacio-de-dialogo-sobre-las-carreras-de-Pedagogia.png\" \/>\n\t<meta property=\"og:image:width\" content=\"1500\" \/>\n\t<meta property=\"og:image:height\" content=\"1000\" \/>\n\t<meta property=\"og:image:type\" content=\"image\/png\" \/>\n<meta name=\"author\" content=\"Universidad de O&#039;Higgins\" \/>\n<meta name=\"twitter:card\" content=\"summary_large_image\" \/>\n<meta name=\"twitter:label1\" content=\"Escrito por\" \/>\n\t<meta name=\"twitter:data1\" content=\"Universidad de O&#039;Higgins\" \/>\n\t<meta name=\"twitter:label2\" content=\"Tiempo estimado de lectura\" \/>\n\t<meta name=\"twitter:data2\" content=\"3 minutos\" \/>\n<script type=\"application\/ld+json\" class=\"yoast-schema-graph\">{\"@context\":\"https:\\\/\\\/schema.org\",\"@graph\":[{\"@type\":\"Article\",\"@id\":\"https:\\\/\\\/www.uoh.cl\\\/escuela-de-educacion\\\/2026\\\/09\\\/03\\\/programa-vocacion-pedagogica-genero-espacio-de-dialogo-sobre-las-carreras-de-pedagogia\\\/#article\",\"isPartOf\":{\"@id\":\"https:\\\/\\\/www.uoh.cl\\\/escuela-de-educacion\\\/2026\\\/09\\\/03\\\/programa-vocacion-pedagogica-genero-espacio-de-dialogo-sobre-las-carreras-de-pedagogia\\\/\"},\"author\":{\"name\":\"Universidad de O'Higgins\",\"@id\":\"https:\\\/\\\/www.uoh.cl\\\/escuela-de-educacion\\\/#\\\/schema\\\/person\\\/ea242e676c7d6d7e46fc8b9e39486c4f\"},\"headline\":\"Programa Vocaci\u00f3n Pedag\u00f3gica gener\u00f3 espacio de di\u00e1logo sobre las carreras de Pedagog\u00eda\",\"datePublished\":\"2026-09-03T20:30:32+00:00\",\"mainEntityOfPage\":{\"@id\":\"https:\\\/\\\/www.uoh.cl\\\/escuela-de-educacion\\\/2026\\\/09\\\/03\\\/programa-vocacion-pedagogica-genero-espacio-de-dialogo-sobre-las-carreras-de-pedagogia\\\/\"},\"wordCount\":745,\"commentCount\":0,\"image\":{\"@id\":\"https:\\\/\\\/www.uoh.cl\\\/escuela-de-educacion\\\/2026\\\/09\\\/03\\\/programa-vocacion-pedagogica-genero-espacio-de-dialogo-sobre-las-carreras-de-pedagogia\\\/#primaryimage\"},\"thumbnailUrl\":\"https:\\\/\\\/www.uoh.cl\\\/escuela-de-educacion\\\/wp-content\\\/uploads\\\/sites\\\/17\\\/2026\\\/09\\\/Programa-Vocacion-Pedagogica-genero-espacio-de-dialogo-sobre-las-carreras-de-Pedagogia.png\",\"articleSection\":[\"Educaci\u00f3n\"],\"inLanguage\":\"es-CL\",\"potentialAction\":[{\"@type\":\"CommentAction\",\"name\":\"Comment\",\"target\":[\"https:\\\/\\\/www.uoh.cl\\\/escuela-de-educacion\\\/2026\\\/09\\\/03\\\/programa-vocacion-pedagogica-genero-espacio-de-dialogo-sobre-las-carreras-de-pedagogia\\\/#respond\"]}]},{\"@type\":\"WebPage\",\"@id\":\"https:\\\/\\\/www.uoh.cl\\\/escuela-de-educacion\\\/2026\\\/09\\\/03\\\/programa-vocacion-pedagogica-genero-espacio-de-dialogo-sobre-las-carreras-de-pedagogia\\\/\",\"url\":\"https:\\\/\\\/www.uoh.cl\\\/escuela-de-educacion\\\/2026\\\/09\\\/03\\\/programa-vocacion-pedagogica-genero-espacio-de-dialogo-sobre-las-carreras-de-pedagogia\\\/\",\"name\":\"Programa Vocaci\u00f3n Pedag\u00f3gica gener\u00f3 espacio de di\u00e1logo sobre las carreras de Pedagog\u00eda - Escuela de Educaci\u00f3n\",\"isPartOf\":{\"@id\":\"https:\\\/\\\/www.uoh.cl\\\/escuela-de-educacion\\\/#website\"},\"primaryImageOfPage\":{\"@id\":\"https:\\\/\\\/www.uoh.cl\\\/escuela-de-educacion\\\/2026\\\/09\\\/03\\\/programa-vocacion-pedagogica-genero-espacio-de-dialogo-sobre-las-carreras-de-pedagogia\\\/#primaryimage\"},\"image\":{\"@id\":\"https:\\\/\\\/www.uoh.cl\\\/escuela-de-educacion\\\/2026\\\/09\\\/03\\\/programa-vocacion-pedagogica-genero-espacio-de-dialogo-sobre-las-carreras-de-pedagogia\\\/#primaryimage\"},\"thumbnailUrl\":\"https:\\\/\\\/www.uoh.cl\\\/escuela-de-educacion\\\/wp-content\\\/uploads\\\/sites\\\/17\\\/2026\\\/09\\\/Programa-Vocacion-Pedagogica-genero-espacio-de-dialogo-sobre-las-carreras-de-Pedagogia.png\",\"datePublished\":\"2026-09-03T20:30:32+00:00\",\"author\":{\"@id\":\"https:\\\/\\\/www.uoh.cl\\\/escuela-de-educacion\\\/#\\\/schema\\\/person\\\/ea242e676c7d6d7e46fc8b9e39486c4f\"},\"description\":\"Las y los participantes conocieron las caracter\u00edsticas de las distintas carreras, las experiencias de quienes se desempe\u00f1an en la formaci\u00f3n docente y las posibilidades del ejercicio profesional.\",\"inLanguage\":\"es-CL\",\"potentialAction\":[{\"@type\":\"ReadAction\",\"target\":[\"https:\\\/\\\/www.uoh.cl\\\/escuela-de-educacion\\\/2026\\\/09\\\/03\\\/programa-vocacion-pedagogica-genero-espacio-de-dialogo-sobre-las-carreras-de-pedagogia\\\/\"]}]},{\"@type\":\"ImageObject\",\"inLanguage\":\"es-CL\",\"@id\":\"https:\\\/\\\/www.uoh.cl\\\/escuela-de-educacion\\\/2026\\\/09\\\/03\\\/programa-vocacion-pedagogica-genero-espacio-de-dialogo-sobre-las-carreras-de-pedagogia\\\/#primaryimage\",\"url\":\"https:\\\/\\\/www.uoh.cl\\\/escuela-de-educacion\\\/wp-content\\\/uploads\\\/sites\\\/17\\\/2026\\\/09\\\/Programa-Vocacion-Pedagogica-genero-espacio-de-dialogo-sobre-las-carreras-de-Pedagogia.png\",\"contentUrl\":\"https:\\\/\\\/www.uoh.cl\\\/escuela-de-educacion\\\/wp-content\\\/uploads\\\/sites\\\/17\\\/2026\\\/09\\\/Programa-Vocacion-Pedagogica-genero-espacio-de-dialogo-sobre-las-carreras-de-Pedagogia.png\",\"width\":1500,\"height\":1000},{\"@type\":\"WebSite\",\"@id\":\"https:\\\/\\\/www.uoh.cl\\\/escuela-de-educacion\\\/#website\",\"url\":\"https:\\\/\\\/www.uoh.cl\\\/escuela-de-educacion\\\/\",\"name\":\"Escuela de Educaci\u00f3n\",\"description\":\"Otro sitio de Sitios de Universidad O'higgins\",\"potentialAction\":[{\"@type\":\"SearchAction\",\"target\":{\"@type\":\"EntryPoint\",\"urlTemplate\":\"https:\\\/\\\/www.uoh.cl\\\/escuela-de-educacion\\\/?s={search_term_string}\"},\"query-input\":{\"@type\":\"PropertyValueSpecification\",\"valueRequired\":true,\"valueName\":\"search_term_string\"}}],\"inLanguage\":\"es-CL\"},{\"@type\":\"Person\",\"@id\":\"https:\\\/\\\/www.uoh.cl\\\/escuela-de-educacion\\\/#\\\/schema\\\/person\\\/ea242e676c7d6d7e46fc8b9e39486c4f\",\"name\":\"Universidad de O'Higgins\",\"image\":{\"@type\":\"ImageObject\",\"inLanguage\":\"es-CL\",\"@id\":\"https:\\\/\\\/secure.gravatar.com\\\/avatar\\\/78fcb76ca05efae11fd355943c01a832a29786cc00d85b1a82c301bea2b2a214?s=96&d=mm&r=g\",\"url\":\"https:\\\/\\\/secure.gravatar.com\\\/avatar\\\/78fcb76ca05efae11fd355943c01a832a29786cc00d85b1a82c301bea2b2a214?s=96&d=mm&r=g\",\"contentUrl\":\"https:\\\/\\\/secure.gravatar.com\\\/avatar\\\/78fcb76ca05efae11fd355943c01a832a29786cc00d85b1a82c301bea2b2a214?s=96&d=mm&r=g\",\"caption\":\"Universidad de O'Higgins\"}}]}<\/script>\n<!-- \/ Yoast SEO plugin. -->","yoast_head_json":{"title":"Programa Vocaci\u00f3n Pedag\u00f3gica gener\u00f3 espacio de di\u00e1logo sobre las carreras de Pedagog\u00eda - Escuela de Educaci\u00f3n","description":"Las y los participantes conocieron las caracter\u00edsticas de las distintas carreras, las experiencias de quienes se desempe\u00f1an en la formaci\u00f3n docente y las posibilidades del ejercicio profesional.","robots":{"index":"noindex","follow":"nofollow"},"og_locale":"es_ES","og_type":"article","og_title":"Programa Vocaci\u00f3n Pedag\u00f3gica gener\u00f3 espacio de di\u00e1logo sobre las carreras de Pedagog\u00eda - Escuela de Educaci\u00f3n","og_description":"Las y los participantes conocieron las caracter\u00edsticas de las distintas carreras, las experiencias de quienes se desempe\u00f1an en la formaci\u00f3n docente y las posibilidades del ejercicio profesional.","og_url":"https:\/\/www.uoh.cl\/escuela-de-educacion\/2026\/09\/03\/programa-vocacion-pedagogica-genero-espacio-de-dialogo-sobre-las-carreras-de-pedagogia\/","og_site_name":"Escuela de Educaci\u00f3n","article_published_time":"2026-09-03T20:30:32+00:00","og_image":[{"width":1500,"height":1000,"url":"https:\/\/www.uoh.cl\/escuela-de-educacion\/wp-content\/uploads\/sites\/17\/2026\/09\/Programa-Vocacion-Pedagogica-genero-espacio-de-dialogo-sobre-las-carreras-de-Pedagogia.png","type":"image\/png"}],"author":"Universidad de O'Higgins","twitter_card":"summary_large_image","twitter_misc":{"Escrito por":"Universidad de O'Higgins","Tiempo estimado de lectura":"3 minutos"},"schema":{"@context":"https:\/\/schema.org","@graph":[{"@type":"Article","@id":"https:\/\/www.uoh.cl\/escuela-de-educacion\/2026\/09\/03\/programa-vocacion-pedagogica-genero-espacio-de-dialogo-sobre-las-carreras-de-pedagogia\/#article","isPartOf":{"@id":"https:\/\/www.uoh.cl\/escuela-de-educacion\/2026\/09\/03\/programa-vocacion-pedagogica-genero-espacio-de-dialogo-sobre-las-carreras-de-pedagogia\/"},"author":{"name":"Universidad de O'Higgins","@id":"https:\/\/www.uoh.cl\/escuela-de-educacion\/#\/schema\/person\/ea242e676c7d6d7e46fc8b9e39486c4f"},"headline":"Programa Vocaci\u00f3n Pedag\u00f3gica gener\u00f3 espacio de di\u00e1logo sobre las carreras de Pedagog\u00eda","datePublished":"2026-09-03T20:30:32+00:00","mainEntityOfPage":{"@id":"https:\/\/www.uoh.cl\/escuela-de-educacion\/2026\/09\/03\/programa-vocacion-pedagogica-genero-espacio-de-dialogo-sobre-las-carreras-de-pedagogia\/"},"wordCount":745,"commentCount":0,"image":{"@id":"https:\/\/www.uoh.cl\/escuela-de-educacion\/2026\/09\/03\/programa-vocacion-pedagogica-genero-espacio-de-dialogo-sobre-las-carreras-de-pedagogia\/#primaryimage"},"thumbnailUrl":"https:\/\/www.uoh.cl\/escuela-de-educacion\/wp-content\/uploads\/sites\/17\/2026\/09\/Programa-Vocacion-Pedagogica-genero-espacio-de-dialogo-sobre-las-carreras-de-Pedagogia.png","articleSection":["Educaci\u00f3n"],"inLanguage":"es-CL","potentialAction":[{"@type":"CommentAction","name":"Comment","target":["https:\/\/www.uoh.cl\/escuela-de-educacion\/2026\/09\/03\/programa-vocacion-pedagogica-genero-espacio-de-dialogo-sobre-las-carreras-de-pedagogia\/#respond"]}]},{"@type":"WebPage","@id":"https:\/\/www.uoh.cl\/escuela-de-educacion\/2026\/09\/03\/programa-vocacion-pedagogica-genero-espacio-de-dialogo-sobre-las-carreras-de-pedagogia\/","url":"https:\/\/www.uoh.cl\/escuela-de-educacion\/2026\/09\/03\/programa-vocacion-pedagogica-genero-espacio-de-dialogo-sobre-las-carreras-de-pedagogia\/","name":"Programa Vocaci\u00f3n Pedag\u00f3gica gener\u00f3 espacio de di\u00e1logo sobre las carreras de Pedagog\u00eda - Escuela de Educaci\u00f3n","isPartOf":{"@id":"https:\/\/www.uoh.cl\/escuela-de-educacion\/#website"},"primaryImageOfPage":{"@id":"https:\/\/www.uoh.cl\/escuela-de-educacion\/2026\/09\/03\/programa-vocacion-pedagogica-genero-espacio-de-dialogo-sobre-las-carreras-de-pedagogia\/#primaryimage"},"image":{"@id":"https:\/\/www.uoh.cl\/escuela-de-educacion\/2026\/09\/03\/programa-vocacion-pedagogica-genero-espacio-de-dialogo-sobre-las-carreras-de-pedagogia\/#primaryimage"},"thumbnailUrl":"https:\/\/www.uoh.cl\/escuela-de-educacion\/wp-content\/uploads\/sites\/17\/2026\/09\/Programa-Vocacion-Pedagogica-genero-espacio-de-dialogo-sobre-las-carreras-de-Pedagogia.png","datePublished":"2026-09-03T20:30:32+00:00","author":{"@id":"https:\/\/www.uoh.cl\/escuela-de-educacion\/#\/schema\/person\/ea242e676c7d6d7e46fc8b9e39486c4f"},"description":"Las y los participantes conocieron las caracter\u00edsticas de las distintas carreras, las experiencias de quienes se desempe\u00f1an en la formaci\u00f3n docente y las posibilidades del ejercicio profesional.","inLanguage":"es-CL","potentialAction":[{"@type":"ReadAction","target":["https:\/\/www.uoh.cl\/escuela-de-educacion\/2026\/09\/03\/programa-vocacion-pedagogica-genero-espacio-de-dialogo-sobre-las-carreras-de-pedagogia\/"]}]},{"@type":"ImageObject","inLanguage":"es-CL","@id":"https:\/\/www.uoh.cl\/escuela-de-educacion\/2026\/09\/03\/programa-vocacion-pedagogica-genero-espacio-de-dialogo-sobre-las-carreras-de-pedagogia\/#primaryimage","url":"https:\/\/www.uoh.cl\/escuela-de-educacion\/wp-content\/uploads\/sites\/17\/2026\/09\/Programa-Vocacion-Pedagogica-genero-espacio-de-dialogo-sobre-las-carreras-de-Pedagogia.png","contentUrl":"https:\/\/www.uoh.cl\/escuela-de-educacion\/wp-content\/uploads\/sites\/17\/2026\/09\/Programa-Vocacion-Pedagogica-genero-espacio-de-dialogo-sobre-las-carreras-de-Pedagogia.png","width":1500,"height":1000},{"@type":"WebSite","@id":"https:\/\/www.uoh.cl\/escuela-de-educacion\/#website","url":"https:\/\/www.uoh.cl\/escuela-de-educacion\/","name":"Escuela de Educaci\u00f3n","description":"Otro sitio de Sitios de Universidad O'higgins","potentialAction":[{"@type":"SearchAction","target":{"@type":"EntryPoint","urlTemplate":"https:\/\/www.uoh.cl\/escuela-de-educacion\/?s={search_term_string}"},"query-input":{"@type":"PropertyValueSpecification","valueRequired":true,"valueName":"search_term_string"}}],"inLanguage":"es-CL"},{"@type":"Person","@id":"https:\/\/www.uoh.cl\/escuela-de-educacion\/#\/schema\/person\/ea242e676c7d6d7e46fc8b9e39486c4f","name":"Universidad de O'Higgins","image":{"@type":"ImageObject","inLanguage":"es-CL","@id":"https:\/\/secure.gravatar.com\/avatar\/78fcb76ca05efae11fd355943c01a832a29786cc00d85b1a82c301bea2b2a214?s=96&d=mm&r=g","url":"https:\/\/secure.gravatar.com\/avatar\/78fcb76ca05efae11fd355943c01a832a29786cc00d85b1a82c301bea2b2a214?s=96&d=mm&r=g","contentUrl":"https:\/\/secure.gravatar.com\/avatar\/78fcb76ca05efae11fd355943c01a832a29786cc00d85b1a82c301bea2b2a214?s=96&d=mm&r=g","caption":"Universidad de O'Higgins"}}]}},"_links":{"self":[{"href":"https:\/\/www.uoh.cl\/escuela-de-educacion\/wp-json\/wp\/v2\/posts\/4830","targetHints":{"allow":["GET"]}}],"collection":[{"href":"https:\/\/www.uoh.cl\/escuela-de-educacion\/wp-json\/wp\/v2\/posts"}],"about":[{"href":"https:\/\/www.uoh.cl\/escuela-de-educacion\/wp-json\/wp\/v2\/types\/post"}],"author":[{"embeddable":true,"href":"https:\/\/www.uoh.cl\/escuela-de-educacion\/wp-json\/wp\/v2\/users\/34"}],"replies":[{"embeddable":true,"href":"https:\/\/www.uoh.cl\/escuela-de-educacion\/wp-json\/wp\/v2\/comments?post=4830"}],"version-history":[{"count":0,"href":"https:\/\/www.uoh.cl\/escuela-de-educacion\/wp-json\/wp\/v2\/posts\/4830\/revisions"}],"wp:featuredmedia":[{"embeddable":true,"href":"https:\/\/www.uoh.cl\/escuela-de-educacion\/wp-json\/wp\/v2\/media\/4831"}],"wp:attachment":[{"href":"https:\/\/www.uoh.cl\/escuela-de-educacion\/wp-json\/wp\/v2\/media?parent=4830"}],"wp:term":[{"taxonomy":"category","embeddable":true,"href":"https:\/\/www.uoh.cl\/escuela-de-educacion\/wp-json\/wp\/v2\/categories?post=4830"},{"taxonomy":"post_tag","embeddable":true,"href":"https:\/\/www.uoh.cl\/escuela-de-educacion\/wp-json\/wp\/v2\/tags?post=4830"}],"curies":[{"name":"wp","href":"https:\/\/api.w.org\/{rel}","templated":true}]}}