
{"id":4389,"date":"2026-03-12T08:50:53","date_gmt":"2026-03-12T11:50:53","guid":{"rendered":"https:\/\/www.uoh.cl\/escuela-de-educacion\/2026\/03\/12\/la-senda-inspiradora-de-mayer-soto-la-educadora-uoh-que-eligio-su-profesion-pensando-en-el-territorio\/"},"modified":"2026-03-12T08:50:53","modified_gmt":"2026-03-12T11:50:53","slug":"la-senda-inspiradora-de-mayer-soto-la-educadora-uoh-que-eligio-su-profesion-pensando-en-el-territorio","status":"publish","type":"post","link":"https:\/\/www.uoh.cl\/escuela-de-educacion\/2026\/03\/12\/la-senda-inspiradora-de-mayer-soto-la-educadora-uoh-que-eligio-su-profesion-pensando-en-el-territorio\/","title":{"rendered":"La senda inspiradora de Mayer Soto: la educadora UOH que eligi\u00f3 su profesi\u00f3n pensando en el territorio"},"content":{"rendered":"<div class=\"wpb-content-wrapper\"><p>[vc_section el_class=&#8221;container mx-auto align-items-center circle&#8211;pattern&#8221; css=&#8221;.vc_custom_1648956589196{padding-top: 3rem !important;}&#8221;][vc_row][vc_column]<div class=\"breadcrumb\"><ol itemscope itemtype=\"https:\/\/schema.org\/BreadcrumbList\"><li itemprop=\"itemListElement\" itemscope itemtype=\"https:\/\/schema.org\/ListItem\"><a itemprop=\"item\" href=\"http:\/\/www.uoh.cl\"><span itemprop=\"name\">Inicio<\/span><\/a><meta itemprop=\"position\" content=\"1\" \/><li itemprop=\"itemListElement\" itemscope itemtype=\"https:\/\/schema.org\/ListItem\"><a itemprop=\"item\" href=\"https:\/\/www.uoh.cl\/escuela-de-educacion\"><span itemprop=\"name\">Escuela de Educaci\u00f3n <\/span><\/a><meta itemprop=\"position\" content=\"2\" \/><li itemprop=\"itemListElement\" itemscope itemtype=\"https:\/\/schema.org\/ListItem\"><a itemprop=\"item\" href=\"https:\/\/www.uoh.cl\/escuela-de-educacion\/noticias\/\"><span itemprop=\"name\">Noticias<\/span><\/a><meta itemprop=\"position\" content=\"3\" \/><li itemprop=\"itemListElement\" itemscope itemtype=\"https:\/\/schema.org\/ListItem\"><span itemprop=\"name\">La senda inspiradora de Mayer Soto: la educadora UOH que <\/span><meta itemprop=\"position\" content=\"4\" \/><\/ol><\/div><ul class=\"p-0 list-style-none d-inline-block\"><li class=\"p-0\"><a href=https:\/\/www.uoh.cl\/escuela-de-educacion\/category\/educacion\/ class=\"px-1 py-2\">Educaci\u00f3n<\/a><\/li><\/ul><div class=\"date_publish_post\"> \u25cf Jue 12 de Marzo 2026<\/div><div class=\"uoh_title_component-container\"><h1 class=\"title title--ms d-inline-block title--decorator  big\">La senda inspiradora de Mayer Soto: la educadora UOH que eligi\u00f3 su profesi\u00f3n pensando en el territorio<\/h1><\/div>[vc_row_inner el_class=&#8221;border-separator m-0&#8243;][vc_column_inner width=&#8221;2\/3&#8243;]<div class=\"author_wp_class\"> Escrito por <span>Universidad de O'Higgins<\/span><\/div>[\/vc_column_inner][vc_column_inner el_class=&#8221;align-items-end-publish&#8221; width=&#8221;1\/3&#8243;]<div class=\"uoh_social_network_component uoh_row col-12 justify-content-end m-0 p-0\"> <div class=\"icon__facebook-share-button\">\n                       <a href=\"https:\/\/www.facebook.com\/sharer\/sharer.php?u=https:\/\/www.uoh.cl\/escuela-de-educacion\/2026\/03\/12\/la-senda-inspiradora-de-mayer-soto-la-educadora-uoh-que-eligio-su-profesion-pensando-en-el-territorio\/\" target=\"_blank\"> <div class=\"icon__facebook-svg\"><svg version=\"1.1\" xmlns=\"http:\/\/www.w3.org\/2000\/svg\" xmlns:xlink=\"http:\/\/www.w3.org\/1999\/xlink\" x=\"0px\" y=\"0px\" width=\"22.4px\" height=\"48.3px\" viewBox=\"0 0 22.4 48.3\" style=\"overflow:visible;enable-background:new 0 0 22.4 48.3;\" xml:space=\"preserve\">\n                <defs>\n                <\/defs>\n                <path class=\"st0\" d=\"M22.4,15.6h-7.6v-5c0-1.9,1.2-2.3,2.1-2.3c0.9,0,5.4,0,5.4,0V0l-7.4,0C6.6,0,4.8,6.2,4.8,10.1v5.5H0v8.5h4.8\n                    c0,10.9,0,24.1,0,24.1h10c0,0,0-13.3,0-24.1h6.8L22.4,15.6z\"><\/path>\n                <\/svg><\/a><\/div>\n                    <\/div><div class=\"icon__twitter-share-button\">\n                        <div class=\"icon__twitter-svg\"><a target=\"_blank\" href=\"http:\/\/twitter.com\/share?url=https:\/\/www.uoh.cl\/escuela-de-educacion\/2026\/03\/12\/la-senda-inspiradora-de-mayer-soto-la-educadora-uoh-que-eligio-su-profesion-pensando-en-el-territorio\/\"><svg xmlns=\"http:\/\/www.w3.org\/2000\/svg\" height=\"1em\" viewBox=\"0 0 512 512\"><!--! Font Awesome Free 6.4.2 by @fontawesome - https:\/\/fontawesome.com License - https:\/\/fontawesome.com\/license (Commercial License) Copyright 2023 Fonticons, Inc. --><path d=\"M389.2 48h70.6L305.6 224.2 487 464H345L233.7 318.6 106.5 464H35.8L200.7 275.5 26.8 48H172.4L272.9 180.9 389.2 48zM364.4 421.8h39.1L151.1 88h-42L364.4 421.8z\"\/><\/svg><\/a><\/div>\n                        <\/div><div class=\"icon__linkedin-share-button\">\n                        <div class=\"icon__linkedin-svg\">\n                        <a target=\"__blank\" href=\"https:\/\/www.linkedin.com\/sharing\/share-offsite\/?url=https:\/\/www.uoh.cl\/escuela-de-educacion\/2026\/03\/12\/la-senda-inspiradora-de-mayer-soto-la-educadora-uoh-que-eligio-su-profesion-pensando-en-el-territorio\/\"><svg enable-background=\"new 0 0 100 100\" height=\"100px\" id=\"Layer_1\" version=\"1.1\" viewBox=\"0 0 100 100\" width=\"100px\" xml:space=\"preserve\" xmlns=\"http:\/\/www.w3.org\/2000\/svg\" xmlns:xlink=\"http:\/\/www.w3.org\/1999\/xlink\"><g><circle cx=\"50\" cy=\"50\" fill=\"#ccc\" r=\"45\"\/><g id=\"LinkedIn_1_\"><rect fill=\"#FFFFFF\" height=\"24.361\" width=\"7.69\" x=\"31.271\" y=\"43.569\"\/><path d=\"M59.968,43.334c-4.406,0-7.165,2.387-7.677,4.058v-3.823h-8.636c0.109,2.03,0,24.361,0,24.361h8.636    V54.748c0-0.733-0.034-1.465,0.19-1.991c0.594-1.464,1.869-2.985,4.162-2.985c2.998,0,4.361,2.253,4.361,5.552V67.93h8.721V54.384    C69.726,46.839,65.432,43.334,59.968,43.334z\" fill=\"#FFFFFF\"\/><path d=\"M34.973,32.069c-2.839,0-4.696,1.823-4.696,4.229c0,2.361,1.804,4.224,4.589,4.224h0.054    c2.891,0,4.69-1.869,4.69-4.229C39.555,33.888,37.81,32.069,34.973,32.069z\" fill=\"#FFFFFF\"\/><\/g><\/g><\/svg><\/a><\/div>\n\n            <\/div><\/div>[\/vc_column_inner][\/vc_row_inner][vc_single_image image=&#8221;74447&#8243; img_size=&#8221;1500&#215;1000&#8243; add_caption=&#8221;yes&#8221; alignment=&#8221;center&#8221; onclick=&#8221;img_link_large&#8221; css=&#8221;&#8221;][vc_column_text]\u00a0[\/vc_column_text][vc_column_text css=&#8221;&#8221;]<\/p>\n<ul>\n<li><em>Desde su formaci\u00f3n inicial, su trayectoria reflejar\u00eda el sello de una profesional comprometida con la academia, la investigaci\u00f3n y el desarrollo regional.<\/em><\/li>\n<\/ul>\n<p>[\/vc_column_text][vc_column_text]\u00a0[\/vc_column_text][vc_column_text css=&#8221;&#8221;]Mayer Javiera Soto Sarmiento encarna un recorrido acad\u00e9mico vinculado a la maduraci\u00f3n institucional de la carrera de <a href=\"https:\/\/www.uoh.cl\/escuela-de-educacion\/carreras\/pedagogia-en-educacion-parvularia\/\">Pedagog\u00eda en Educaci\u00f3n Parvularia<\/a> de la <a href=\"https:\/\/www.uoh.cl\/\">Universidad de O\u2019Higgins<\/a> (UOH). Ingres\u00f3 en 2018 como parte de la segunda generaci\u00f3n y pronto transitar\u00eda desde la formaci\u00f3n inicial hacia la docencia universitaria, la investigaci\u00f3n y los estudios de postgrado, configurando una senda que articular\u00eda vocaci\u00f3n pedag\u00f3gica, reflexi\u00f3n acad\u00e9mica y compromiso territorial.<\/p>\n<p>Sus primeros a\u00f1os como estudiante estar\u00edan marcados por una exigencia acad\u00e9mica y un acompa\u00f1amiento docente que reconoce como un tramo decisivo para comprender la relevancia del curr\u00edculo y del dise\u00f1o de experiencias educativas.<\/p>\n<p>Desde etapas tempranas sumar\u00eda experiencia en ayudant\u00edas en la asignatura Dise\u00f1o Curricular y Ambientes de Aprendizaje, as\u00ed como en el Curso de Juego y Aprendizaje para la Primera Infancia que se imparten las carreras de pedagog\u00edas en Educaci\u00f3n Parvularia, Educaci\u00f3n Especial y Educaci\u00f3n B\u00e1sica; labor que se extender\u00eda hasta el t\u00e9rmino de su carrera, pero que influir\u00eda significativamente en su proyecci\u00f3n profesional.<\/p>\n<h4><strong>Vocaci\u00f3n pedag\u00f3gica<\/strong><\/h4>\n<p>Ese inter\u00e9s inicial pasar\u00eda a ser eje de su formaci\u00f3n y dar\u00eda frutos en su ejercicio docente. Hoy, Mayer Soto imparte en la carrera de Pedagog\u00eda en Educaci\u00f3n Parvularia UOH las asignaturas Dise\u00f1o Curricular y Ambientes de Aprendizaje I y II, adem\u00e1s del curso Investigaci\u00f3n y Reflexi\u00f3n Pedag\u00f3gica. Su enfoque privilegia la observaci\u00f3n sistem\u00e1tica, el diagn\u00f3stico y la planificaci\u00f3n colaborativa, articulando la educaci\u00f3n parvularia con los primeros a\u00f1os de educaci\u00f3n inicial. Este trabajo, seg\u00fan ella misma indica, permite que sus estudiantes \u201ccomprendan el valor de generar ambientes de aprendizaje de calidad junto a otros profesionales, favoreciendo trayectorias educativas pertinentes para ni\u00f1os y ni\u00f1as de la regi\u00f3n\u201d.<\/p>\n<h4><strong>Investigaci\u00f3n en perspectiva<\/strong><\/h4>\n<p>Un punto de inflexi\u00f3n en el desarrollo profesional de Mayer Soto ser\u00eda su temprana vinculaci\u00f3n con la investigaci\u00f3n acad\u00e9mica. Ha participado como asistente en el N\u00facleo Milenio MEMAT, dirigido por el acad\u00e9mico del Instituto de Ciencias de la Educaci\u00f3n (ICEd-UOH) David G\u00f3mez; luego, en un proyecto FONDECYT de Iniciaci\u00f3n liderado por la acad\u00e9mica Daniela Jadue (ICEd); y posteriormente, en un proyecto ANID de Exploraci\u00f3n en colaboraci\u00f3n con la Pontificia Universidad Cat\u00f3lica, integr\u00e1ndose a equipos interdisciplinarios.<\/p>\n<p>Estas experiencias, indica Soto, ampliaron su perspectiva profesional, permiti\u00e9ndole \u201cprofundizar en metodolog\u00edas cuantitativas vinculadas al juego, la creatividad y la salud mental en la educaci\u00f3n inicial\u201d, conocimientos que le otorgaron solidez acad\u00e9mica para afrontar el Mag\u00edster en Investigaci\u00f3n en Educaci\u00f3n del Instituto de Estudios Avanzados en Educaci\u00f3n de la Universidad de Chile, programa que culmin\u00f3 con una calificaci\u00f3n final de 6,7 puntos.[\/vc_column_text][vc_zigzag color=&#8221;white&#8221;][vc_row_inner][vc_column_inner][vc_single_image image=&#8221;74444&#8243; img_size=&#8221;large&#8221; alignment=&#8221;center&#8221; onclick=&#8221;link_image&#8221; css=&#8221;&#8221;][\/vc_column_inner][\/vc_row_inner][vc_zigzag color=&#8221;white&#8221;][vc_column_text css=&#8221;&#8221;]<\/p>\n<h4><strong>Continuidad y proyecci\u00f3n<\/strong><\/h4>\n<p>Este hito la convierte en la primera titulada de la carrera de Pedagog\u00eda en Educaci\u00f3n Parvularia de la UOH, de la que se tenga registro, en haber completado estudios de mag\u00edster, marcando un logro tanto personal como colectivo. M\u00e1s all\u00e1 de una distinci\u00f3n individual, esta experiencia representa para Mayer Soto \u201cla continuidad de un recorrido iniciado en el pregrado, donde docencia, investigaci\u00f3n y compromiso institucional se articularon desde un comienzo\u201d, seg\u00fan comenta. En esa misma l\u00ednea, se\u00f1ala que este cierre de ciclo no solo reafirma su vocaci\u00f3n docente, sino que tambi\u00e9n abre la posibilidad de proyectar estudios doctorales como parte de su desarrollo acad\u00e9mico.<\/p>\n<p>\u201cCompletar este mag\u00edster manteniendo mi v\u00ednculo con la UOH significa coherencia con el camino que fui construyendo desde mis a\u00f1os como estudiante. Hoy siento que mi proyecci\u00f3n tiene un sello claro, forjado en mi alma m\u00e1ter: motivar a futuras educadoras a pensar sus pr\u00e1cticas con mayor profundidad, a dialogar con otros profesionales y a reconocer su rol en la construcci\u00f3n de trayectorias educativas significativas. A quienes reci\u00e9n comienzan, les dir\u00eda que conf\u00eden en sus capacidades y no descarten el desarrollo acad\u00e9mico. La Educaci\u00f3n Parvularia tambi\u00e9n genera conocimiento y aporta al fortalecimiento de los territorios\u201d, sostiene la profesora universitaria a manera de inspirar las futuras Educadoras en Educaci\u00f3n Parvularia de la Regi\u00f3n.<\/p>\n<h4><strong>Reconocimiento compartido<\/strong><\/h4>\n<p>La trayectoria de Mayer Soto tambi\u00e9n es valorada por quienes han acompa\u00f1ado su proceso desde los primeros a\u00f1os. Entre ellas, la acad\u00e9mica Daniela Jadue, testigo directo de su recorrido profesional, a\u00f1ade que la trayectoria acad\u00e9mica de Mayer Soto \u201cse ha destacado por su compromiso y perseverancia, reflejando el sentido profundo de la formaci\u00f3n universitaria en la UOH\u201d. Asimismo, destaca el anclaje territorial sostenido por la profesora Mayer como una muestra de que el talento formado en la Educaci\u00f3n Parvularia de la UOH proyecta su aporte hacia la regi\u00f3n y el pa\u00eds.<\/p>\n<p>Finalmente, este recorrido tambi\u00e9n es valorado por la jefa de Carrera de Pedagog\u00eda en Educaci\u00f3n Parvularia de la UOH, Constanza Cort\u00e9s, quien ha seguido de cerca el desarrollo acad\u00e9mico de Soto, reconociendo su labor como una expresi\u00f3n genuina del esp\u00edritu universitario. \u201cMayer Soto ha construido una senda inspiradora dentro de su alma m\u00e1ter. Su recorrido entrega una se\u00f1al clara a las nuevas generaciones de que la Universidad no solo forma profesionales, sino que abre caminos para que sus egresadas sigan creciendo y aportando desde la academia a la educaci\u00f3n inicial y al desarrollo regional\u201d, se\u00f1ala Cort\u00e9s, destacando a Mayer Soto como una educadora \u201cprofundamente comprometida\u201d con su profesi\u00f3n y con el territorio.[\/vc_column_text][vc_zigzag color=&#8221;white&#8221;][\/vc_column][\/vc_row][\/vc_section][vc_section css=&#8221;.vc_custom_1650255686594{background-color: #f6faff !important;}&#8221; el_class=&#8221;p-md-0 pt-md-5&#8243;][vc_row el_class=&#8221;container mx-auto align-items-center p-md-0 pt-5 pb-5&#8243;][vc_column el_class=&#8221;pb-5&#8243;][vc_row_inner el_class=&#8221;pb-5&#8243;][vc_column_inner]<div class=\"row m-0 p-0\"><div class=\"col-12 col-md-9 pt-5 pt-md-0\"><h2 class=\"title title--decorator title--ms d-inline-block\">Te Recomendamos<\/h2><\/div><\/div><div class=\"content-holder\"><div class=\"row  swipper-news-list not--activate-hack \"><div class=\"row -wrapper\"><div class=\"  col-sm-6 col-md-4 img-article\">\n                                        <div class=\"content-news-display row m-0 p-0\"><div class=\"holder p-0 \"><div class=\"img-wrap img-wrap-news\">\n                                        <div class=\"caption__news-category\">\n                                        <a href=\"https:\/\/www.uoh.cl\/escuela-de-educacion\/category\/institucional\/\">\n                                        Institucional<\/a><\/div><img decoding=\"async\" class=\"w-100 h-100 lazyload\" data-src=\"https:\/\/www.uoh.cl\/escuela-de-educacion\/wp-content\/uploads\/sites\/17\/2026\/04\/Inauguracion-Ano-Academico-2026-6.jpg\" alt=\"Reflexi\u00f3n universitaria: UOH inaugura A\u00f1o Acad\u00e9mico 2026 pensando en los desaf\u00edos de la Educaci\u00f3n Superior\" style=\"--smush-placeholder-width: 1500px; --smush-placeholder-aspect-ratio: 1500\/1000;object-fit: cover; object-position: center;\" src=\"data:image\/svg+xml;base64,PHN2ZyB3aWR0aD0iMSIgaGVpZ2h0PSIxIiB4bWxucz0iaHR0cDovL3d3dy53My5vcmcvMjAwMC9zdmciPjwvc3ZnPg==\"><\/div><\/div><div class=\"caption py-3 caption__news py-md-3 pb-md-5\">\n                                    <span class=\"caption__date\">Mi\u00e9rcoles 29, Abril<\/span>\n                                     <a href=\"https:\/\/www.uoh.cl\/escuela-de-educacion\/2026\/04\/29\/reflexion-universitaria-uoh-inaugura-ano-academico-2026-pensando-en-los-desafios-de-la-educacion-superior\/\">\n                                    <h3 class=\"small-space\">Reflexi\u00f3n universitaria: UOH inaugura A\u00f1o Acad\u00e9mico 2026 pensando en los desaf\u00edos de la Educaci\u00f3n Superior<\/h3><\/a>\n\n                                    <p>La ceremonia promovi\u00f3 el an\u00e1lisis acerca de los cambios educativos que se avecinan dentro de los procesos de formaci\u00f3n universitaria ajustados a contextos digitales.   <\/p>\n                                    <a class=\"link link--bold mt-md-3\" href=\"https:\/\/www.uoh.cl\/escuela-de-educacion\/2026\/04\/29\/reflexion-universitaria-uoh-inaugura-ano-academico-2026-pensando-en-los-desafios-de-la-educacion-superior\/\">Saber m\u00e1s <span class=\"icon icon--inline icon--link\"><svg version=\"1.1\" xmlns=\"http:\/\/www.w3.org\/2000\/svg\" xmlns:xlink=\"http:\/\/www.w3.org\/1999\/xlink\" x=\"0px\" y=\"0px\" width=\"22px\"height=\"22px\" viewBox=\"0 0 22 22\" style=\"overflow:visible;enable-background:new 0 0 80 64.6;\" xml:space=\"preserve\"><g clip-path=\"url(#acA)\"><path fill-rule=\"evenodd\" d=\"M21.913 11.266a.93.93 0 000-.711c-.022-.056-.063-.097-.091-.144s-.053-.103-.097-.15L12.306.294c-.357-.379-.955-.394-1.334-.038s-.394.955-.038 1.334l7.917 8.374H.927a.95.95 0 00-.908.983.946.946 0 00.908.908h17.924l-8.089 8.552c-.357.379-.341.977.034 1.334s.977.341 1.334-.034l9.594-10.148c.044-.044.063-.1.097-.15.028-.047.069-.088.091-.141z\"\/><\/g><defs><clipPath id=\"acA\"><path fill=\"#fff\" d=\"M0 0h22v22H0z\"\/><\/clipPath><\/defs><\/svg><\/span><\/a><\/div><\/div><\/div><div class=\"  col-sm-6 col-md-4 img-article\">\n                                        <div class=\"content-news-display row m-0 p-0\"><div class=\"holder p-0 \"><div class=\"img-wrap img-wrap-news\">\n                                        <div class=\"caption__news-category\">\n                                        <a href=\"https:\/\/www.uoh.cl\/escuela-de-educacion\/category\/institucional\/\">\n                                        Institucional<\/a><\/div><img decoding=\"async\" class=\"w-100 h-100 lazyload\" data-src=\"https:\/\/www.uoh.cl\/escuela-de-educacion\/wp-content\/uploads\/sites\/17\/2026\/04\/Feria-del-Libro-2026-20-ESTUDIANTES-EL-TAMBO.jpg\" alt=\"Cuarta Feria del Libro UOH: una muestra de interculturalidad\" style=\"--smush-placeholder-width: 1500px; --smush-placeholder-aspect-ratio: 1500\/1000;object-fit: cover; object-position: center;\" src=\"data:image\/svg+xml;base64,PHN2ZyB3aWR0aD0iMSIgaGVpZ2h0PSIxIiB4bWxucz0iaHR0cDovL3d3dy53My5vcmcvMjAwMC9zdmciPjwvc3ZnPg==\"><\/div><\/div><div class=\"caption py-3 caption__news py-md-3 pb-md-5\">\n                                    <span class=\"caption__date\">Martes 28, Abril<\/span>\n                                     <a href=\"https:\/\/www.uoh.cl\/escuela-de-educacion\/2026\/04\/28\/cuarta-feria-del-libro-uoh-una-muestra-de-interculturalidad\/\">\n                                    <h3 class=\"small-space\">Cuarta Feria del Libro UOH: una muestra de interculturalidad<\/h3><\/a>\n\n                                    <p>El trabajo conjunto de la Unidad de Bibliotecas con distintas direcciones de la Universidad dio como fruto una variada agenda de actividades que incluy\u00f3 a estudiantes, una escritora comediante, m\u00fasicos y editoriales.<\/p>\n                                    <a class=\"link link--bold mt-md-3\" href=\"https:\/\/www.uoh.cl\/escuela-de-educacion\/2026\/04\/28\/cuarta-feria-del-libro-uoh-una-muestra-de-interculturalidad\/\">Saber m\u00e1s <span class=\"icon icon--inline icon--link\"><svg version=\"1.1\" xmlns=\"http:\/\/www.w3.org\/2000\/svg\" xmlns:xlink=\"http:\/\/www.w3.org\/1999\/xlink\" x=\"0px\" y=\"0px\" width=\"22px\"height=\"22px\" viewBox=\"0 0 22 22\" style=\"overflow:visible;enable-background:new 0 0 80 64.6;\" xml:space=\"preserve\"><g clip-path=\"url(#acA)\"><path fill-rule=\"evenodd\" d=\"M21.913 11.266a.93.93 0 000-.711c-.022-.056-.063-.097-.091-.144s-.053-.103-.097-.15L12.306.294c-.357-.379-.955-.394-1.334-.038s-.394.955-.038 1.334l7.917 8.374H.927a.95.95 0 00-.908.983.946.946 0 00.908.908h17.924l-8.089 8.552c-.357.379-.341.977.034 1.334s.977.341 1.334-.034l9.594-10.148c.044-.044.063-.1.097-.15.028-.047.069-.088.091-.141z\"\/><\/g><defs><clipPath id=\"acA\"><path fill=\"#fff\" d=\"M0 0h22v22H0z\"\/><\/clipPath><\/defs><\/svg><\/span><\/a><\/div><\/div><\/div><div class=\"  col-sm-6 col-md-4 img-article\">\n                                        <div class=\"content-news-display row m-0 p-0\"><div class=\"holder p-0 \"><div class=\"img-wrap img-wrap-news\">\n                                        <div class=\"caption__news-category\">\n                                        <a href=\"https:\/\/www.uoh.cl\/escuela-de-educacion\/category\/educacion\/\">\n                                        Educaci\u00f3n<\/a><\/div><img decoding=\"async\" class=\"w-100 h-100 lazyload\" data-src=\"https:\/\/www.uoh.cl\/escuela-de-educacion\/wp-content\/uploads\/sites\/17\/2026\/04\/Estudiantes-de-Pedagogia-en-Educacion-Basica-celebraron-el-Dia-del-Libro-con-feria-multimodal-en-la-UOH-1.png\" alt=\"Estudiantes de Pedagog\u00eda en Educaci\u00f3n B\u00e1sica celebraron el D\u00eda del Libro con feria multimodal en la UOH\" style=\"--smush-placeholder-width: 1500px; --smush-placeholder-aspect-ratio: 1500\/1000;object-fit: cover; object-position: center;\" src=\"data:image\/svg+xml;base64,PHN2ZyB3aWR0aD0iMSIgaGVpZ2h0PSIxIiB4bWxucz0iaHR0cDovL3d3dy53My5vcmcvMjAwMC9zdmciPjwvc3ZnPg==\"><\/div><\/div><div class=\"caption py-3 caption__news py-md-3 pb-md-5\">\n                                    <span class=\"caption__date\">Lunes 27, Abril<\/span>\n                                     <a href=\"https:\/\/www.uoh.cl\/escuela-de-educacion\/2026\/04\/27\/estudiantes-de-pedagogia-en-educacion-basica-celebraron-el-dia-del-libro-con-feria-multimodal-en-la-uoh\/\">\n                                    <h3 class=\"small-space\">Estudiantes de Pedagog\u00eda en Educaci\u00f3n B\u00e1sica celebraron el D\u00eda del Libro con feria multimodal en la UOH<\/h3><\/a>\n\n                                    <p>La actividad reuni\u00f3 17 stands tem\u00e1ticos creados por estudiantes, quienes promovieron la lectura tradicional y los formatos contempor\u00e1neos en una jornada abierta a la comunidad universitaria. <\/p>\n                                    <a class=\"link link--bold mt-md-3\" href=\"https:\/\/www.uoh.cl\/escuela-de-educacion\/2026\/04\/27\/estudiantes-de-pedagogia-en-educacion-basica-celebraron-el-dia-del-libro-con-feria-multimodal-en-la-uoh\/\">Saber m\u00e1s <span class=\"icon icon--inline icon--link\"><svg version=\"1.1\" xmlns=\"http:\/\/www.w3.org\/2000\/svg\" xmlns:xlink=\"http:\/\/www.w3.org\/1999\/xlink\" x=\"0px\" y=\"0px\" width=\"22px\"height=\"22px\" viewBox=\"0 0 22 22\" style=\"overflow:visible;enable-background:new 0 0 80 64.6;\" xml:space=\"preserve\"><g clip-path=\"url(#acA)\"><path fill-rule=\"evenodd\" d=\"M21.913 11.266a.93.93 0 000-.711c-.022-.056-.063-.097-.091-.144s-.053-.103-.097-.15L12.306.294c-.357-.379-.955-.394-1.334-.038s-.394.955-.038 1.334l7.917 8.374H.927a.95.95 0 00-.908.983.946.946 0 00.908.908h17.924l-8.089 8.552c-.357.379-.341.977.034 1.334s.977.341 1.334-.034l9.594-10.148c.044-.044.063-.1.097-.15.028-.047.069-.088.091-.141z\"\/><\/g><defs><clipPath id=\"acA\"><path fill=\"#fff\" d=\"M0 0h22v22H0z\"\/><\/clipPath><\/defs><\/svg><\/span><\/a><\/div><\/div><\/div><\/div><\/div><\/div><div class=\"pagination justify-content-center my-5\"><span aria-current=\"page\" class=\"page-numbers current\">1<\/span>\n<a class=\"page-numbers\" href=\"https:\/\/www.uoh.cl\/escuela-de-educacion\/wp-json\/wp\/v2\/posts\/4389\/\/page\/2\">2<\/a>\n<a class=\"page-numbers\" href=\"https:\/\/www.uoh.cl\/escuela-de-educacion\/wp-json\/wp\/v2\/posts\/4389\/\/page\/3\">3<\/a>\n<span class=\"page-numbers dots\">&hellip;<\/span>\n<a class=\"page-numbers\" href=\"https:\/\/www.uoh.cl\/escuela-de-educacion\/wp-json\/wp\/v2\/posts\/4389\/\/page\/154\">154<\/a>\n<a class=\"next page-numbers\" href=\"https:\/\/www.uoh.cl\/escuela-de-educacion\/wp-json\/wp\/v2\/posts\/4389\/\/page\/2\"><div class=\"icon-pagination-next\"> <?xml version=\"1.0\" ?><svg viewBox=\"0 0 96 96\" xmlns=\"http:\/\/www.w3.org\/2000\/svg\"><title\/><path d=\"M39.3756,48.0022l30.47-25.39a6.0035,6.0035,0,0,0-7.6878-9.223L26.1563,43.3906a6.0092,6.0092,0,0,0,0,9.2231L62.1578,82.615a6.0035,6.0035,0,0,0,7.6878-9.2231Z\"\/><\/svg> <\/div><\/a><\/div>[\/vc_column_inner][\/vc_row_inner][\/vc_column][\/vc_row][\/vc_section]<\/p>\n<\/div>","protected":false},"excerpt":{"rendered":"<p>Desde su formaci\u00f3n inicial, su trayectoria reflejar\u00eda el sello de una profesional comprometida con la academia, la investigaci\u00f3n y el desarrollo regional.<\/p>\n","protected":false},"author":34,"featured_media":4390,"comment_status":"open","ping_status":"open","sticky":false,"template":"","format":"standard","meta":{"_acf_changed":false,"footnotes":""},"categories":[25],"tags":[],"class_list":["post-4389","post","type-post","status-publish","format-standard","has-post-thumbnail","hentry","category-educacion"],"acf":[],"yoast_head":"<!-- This site is optimized with the Yoast SEO plugin v26.6 - https:\/\/yoast.com\/wordpress\/plugins\/seo\/ -->\n<title>La senda inspiradora de Mayer Soto: la educadora UOH que eligi\u00f3 su profesi\u00f3n pensando en el territorio - Escuela de Educaci\u00f3n<\/title>\n<meta name=\"description\" content=\"Desde su formaci\u00f3n inicial, su trayectoria reflejar\u00eda el sello de una profesional comprometida con la academia, la investigaci\u00f3n y el desarrollo regional.\" \/>\n<meta name=\"robots\" content=\"noindex, nofollow\" \/>\n<meta property=\"og:locale\" content=\"es_ES\" \/>\n<meta property=\"og:type\" content=\"article\" \/>\n<meta property=\"og:title\" content=\"La senda inspiradora de Mayer Soto: la educadora UOH que eligi\u00f3 su profesi\u00f3n pensando en el territorio - Escuela de Educaci\u00f3n\" \/>\n<meta property=\"og:description\" content=\"Desde su formaci\u00f3n inicial, su trayectoria reflejar\u00eda el sello de una profesional comprometida con la academia, la investigaci\u00f3n y el desarrollo regional.\" \/>\n<meta property=\"og:url\" content=\"https:\/\/www.uoh.cl\/escuela-de-educacion\/2026\/03\/12\/la-senda-inspiradora-de-mayer-soto-la-educadora-uoh-que-eligio-su-profesion-pensando-en-el-territorio\/\" \/>\n<meta property=\"og:site_name\" content=\"Escuela de Educaci\u00f3n\" \/>\n<meta property=\"article:published_time\" content=\"2026-03-12T11:50:53+00:00\" \/>\n<meta property=\"og:image\" content=\"https:\/\/www.uoh.cl\/escuela-de-educacion\/wp-content\/uploads\/sites\/17\/2026\/03\/La-senda-inspiradora-de-Mayer-Soto-la-educadora-UOH-que-eligio-su-profesion-pensando-en-el-territorio-.png\" \/>\n\t<meta property=\"og:image:width\" content=\"1500\" \/>\n\t<meta property=\"og:image:height\" content=\"1000\" \/>\n\t<meta property=\"og:image:type\" content=\"image\/png\" \/>\n<meta name=\"author\" content=\"Universidad de O&#039;Higgins\" \/>\n<meta name=\"twitter:card\" content=\"summary_large_image\" \/>\n<meta name=\"twitter:label1\" content=\"Escrito por\" \/>\n\t<meta name=\"twitter:data1\" content=\"Universidad de O&#039;Higgins\" \/>\n\t<meta name=\"twitter:label2\" content=\"Tiempo estimado de lectura\" \/>\n\t<meta name=\"twitter:data2\" content=\"5 minutos\" \/>\n<script type=\"application\/ld+json\" class=\"yoast-schema-graph\">{\"@context\":\"https:\/\/schema.org\",\"@graph\":[{\"@type\":\"WebPage\",\"@id\":\"https:\/\/www.uoh.cl\/escuela-de-educacion\/2026\/03\/12\/la-senda-inspiradora-de-mayer-soto-la-educadora-uoh-que-eligio-su-profesion-pensando-en-el-territorio\/\",\"url\":\"https:\/\/www.uoh.cl\/escuela-de-educacion\/2026\/03\/12\/la-senda-inspiradora-de-mayer-soto-la-educadora-uoh-que-eligio-su-profesion-pensando-en-el-territorio\/\",\"name\":\"La senda inspiradora de Mayer Soto: la educadora UOH que eligi\u00f3 su profesi\u00f3n pensando en el territorio - Escuela de Educaci\u00f3n\",\"isPartOf\":{\"@id\":\"https:\/\/www.uoh.cl\/escuela-de-educacion\/#website\"},\"primaryImageOfPage\":{\"@id\":\"https:\/\/www.uoh.cl\/escuela-de-educacion\/2026\/03\/12\/la-senda-inspiradora-de-mayer-soto-la-educadora-uoh-que-eligio-su-profesion-pensando-en-el-territorio\/#primaryimage\"},\"image\":{\"@id\":\"https:\/\/www.uoh.cl\/escuela-de-educacion\/2026\/03\/12\/la-senda-inspiradora-de-mayer-soto-la-educadora-uoh-que-eligio-su-profesion-pensando-en-el-territorio\/#primaryimage\"},\"thumbnailUrl\":\"https:\/\/www.uoh.cl\/escuela-de-educacion\/wp-content\/uploads\/sites\/17\/2026\/03\/La-senda-inspiradora-de-Mayer-Soto-la-educadora-UOH-que-eligio-su-profesion-pensando-en-el-territorio-.png\",\"datePublished\":\"2026-03-12T11:50:53+00:00\",\"author\":{\"@id\":\"https:\/\/www.uoh.cl\/escuela-de-educacion\/#\/schema\/person\/ea242e676c7d6d7e46fc8b9e39486c4f\"},\"description\":\"Desde su formaci\u00f3n inicial, su trayectoria reflejar\u00eda el sello de una profesional comprometida con la academia, la investigaci\u00f3n y el desarrollo regional.\",\"inLanguage\":\"es-CL\",\"potentialAction\":[{\"@type\":\"ReadAction\",\"target\":[\"https:\/\/www.uoh.cl\/escuela-de-educacion\/2026\/03\/12\/la-senda-inspiradora-de-mayer-soto-la-educadora-uoh-que-eligio-su-profesion-pensando-en-el-territorio\/\"]}]},{\"@type\":\"ImageObject\",\"inLanguage\":\"es-CL\",\"@id\":\"https:\/\/www.uoh.cl\/escuela-de-educacion\/2026\/03\/12\/la-senda-inspiradora-de-mayer-soto-la-educadora-uoh-que-eligio-su-profesion-pensando-en-el-territorio\/#primaryimage\",\"url\":\"https:\/\/www.uoh.cl\/escuela-de-educacion\/wp-content\/uploads\/sites\/17\/2026\/03\/La-senda-inspiradora-de-Mayer-Soto-la-educadora-UOH-que-eligio-su-profesion-pensando-en-el-territorio-.png\",\"contentUrl\":\"https:\/\/www.uoh.cl\/escuela-de-educacion\/wp-content\/uploads\/sites\/17\/2026\/03\/La-senda-inspiradora-de-Mayer-Soto-la-educadora-UOH-que-eligio-su-profesion-pensando-en-el-territorio-.png\",\"width\":1500,\"height\":1000},{\"@type\":\"WebSite\",\"@id\":\"https:\/\/www.uoh.cl\/escuela-de-educacion\/#website\",\"url\":\"https:\/\/www.uoh.cl\/escuela-de-educacion\/\",\"name\":\"Escuela de Educaci\u00f3n\",\"description\":\"Otro sitio de Sitios de Universidad O'higgins\",\"potentialAction\":[{\"@type\":\"SearchAction\",\"target\":{\"@type\":\"EntryPoint\",\"urlTemplate\":\"https:\/\/www.uoh.cl\/escuela-de-educacion\/?s={search_term_string}\"},\"query-input\":{\"@type\":\"PropertyValueSpecification\",\"valueRequired\":true,\"valueName\":\"search_term_string\"}}],\"inLanguage\":\"es-CL\"},{\"@type\":\"Person\",\"@id\":\"https:\/\/www.uoh.cl\/escuela-de-educacion\/#\/schema\/person\/ea242e676c7d6d7e46fc8b9e39486c4f\",\"name\":\"Universidad de O'Higgins\",\"image\":{\"@type\":\"ImageObject\",\"inLanguage\":\"es-CL\",\"@id\":\"https:\/\/www.uoh.cl\/escuela-de-educacion\/#\/schema\/person\/image\/\",\"url\":\"https:\/\/secure.gravatar.com\/avatar\/78fcb76ca05efae11fd355943c01a832a29786cc00d85b1a82c301bea2b2a214?s=96&d=mm&r=g\",\"contentUrl\":\"https:\/\/secure.gravatar.com\/avatar\/78fcb76ca05efae11fd355943c01a832a29786cc00d85b1a82c301bea2b2a214?s=96&d=mm&r=g\",\"caption\":\"Universidad de O'Higgins\"}}]}<\/script>\n<!-- \/ Yoast SEO plugin. -->","yoast_head_json":{"title":"La senda inspiradora de Mayer Soto: la educadora UOH que eligi\u00f3 su profesi\u00f3n pensando en el territorio - Escuela de Educaci\u00f3n","description":"Desde su formaci\u00f3n inicial, su trayectoria reflejar\u00eda el sello de una profesional comprometida con la academia, la investigaci\u00f3n y el desarrollo regional.","robots":{"index":"noindex","follow":"nofollow"},"og_locale":"es_ES","og_type":"article","og_title":"La senda inspiradora de Mayer Soto: la educadora UOH que eligi\u00f3 su profesi\u00f3n pensando en el territorio - Escuela de Educaci\u00f3n","og_description":"Desde su formaci\u00f3n inicial, su trayectoria reflejar\u00eda el sello de una profesional comprometida con la academia, la investigaci\u00f3n y el desarrollo regional.","og_url":"https:\/\/www.uoh.cl\/escuela-de-educacion\/2026\/03\/12\/la-senda-inspiradora-de-mayer-soto-la-educadora-uoh-que-eligio-su-profesion-pensando-en-el-territorio\/","og_site_name":"Escuela de Educaci\u00f3n","article_published_time":"2026-03-12T11:50:53+00:00","og_image":[{"width":1500,"height":1000,"url":"https:\/\/www.uoh.cl\/escuela-de-educacion\/wp-content\/uploads\/sites\/17\/2026\/03\/La-senda-inspiradora-de-Mayer-Soto-la-educadora-UOH-que-eligio-su-profesion-pensando-en-el-territorio-.png","type":"image\/png"}],"author":"Universidad de O'Higgins","twitter_card":"summary_large_image","twitter_misc":{"Escrito por":"Universidad de O'Higgins","Tiempo estimado de lectura":"5 minutos"},"schema":{"@context":"https:\/\/schema.org","@graph":[{"@type":"WebPage","@id":"https:\/\/www.uoh.cl\/escuela-de-educacion\/2026\/03\/12\/la-senda-inspiradora-de-mayer-soto-la-educadora-uoh-que-eligio-su-profesion-pensando-en-el-territorio\/","url":"https:\/\/www.uoh.cl\/escuela-de-educacion\/2026\/03\/12\/la-senda-inspiradora-de-mayer-soto-la-educadora-uoh-que-eligio-su-profesion-pensando-en-el-territorio\/","name":"La senda inspiradora de Mayer Soto: la educadora UOH que eligi\u00f3 su profesi\u00f3n pensando en el territorio - Escuela de Educaci\u00f3n","isPartOf":{"@id":"https:\/\/www.uoh.cl\/escuela-de-educacion\/#website"},"primaryImageOfPage":{"@id":"https:\/\/www.uoh.cl\/escuela-de-educacion\/2026\/03\/12\/la-senda-inspiradora-de-mayer-soto-la-educadora-uoh-que-eligio-su-profesion-pensando-en-el-territorio\/#primaryimage"},"image":{"@id":"https:\/\/www.uoh.cl\/escuela-de-educacion\/2026\/03\/12\/la-senda-inspiradora-de-mayer-soto-la-educadora-uoh-que-eligio-su-profesion-pensando-en-el-territorio\/#primaryimage"},"thumbnailUrl":"https:\/\/www.uoh.cl\/escuela-de-educacion\/wp-content\/uploads\/sites\/17\/2026\/03\/La-senda-inspiradora-de-Mayer-Soto-la-educadora-UOH-que-eligio-su-profesion-pensando-en-el-territorio-.png","datePublished":"2026-03-12T11:50:53+00:00","author":{"@id":"https:\/\/www.uoh.cl\/escuela-de-educacion\/#\/schema\/person\/ea242e676c7d6d7e46fc8b9e39486c4f"},"description":"Desde su formaci\u00f3n inicial, su trayectoria reflejar\u00eda el sello de una profesional comprometida con la academia, la investigaci\u00f3n y el desarrollo regional.","inLanguage":"es-CL","potentialAction":[{"@type":"ReadAction","target":["https:\/\/www.uoh.cl\/escuela-de-educacion\/2026\/03\/12\/la-senda-inspiradora-de-mayer-soto-la-educadora-uoh-que-eligio-su-profesion-pensando-en-el-territorio\/"]}]},{"@type":"ImageObject","inLanguage":"es-CL","@id":"https:\/\/www.uoh.cl\/escuela-de-educacion\/2026\/03\/12\/la-senda-inspiradora-de-mayer-soto-la-educadora-uoh-que-eligio-su-profesion-pensando-en-el-territorio\/#primaryimage","url":"https:\/\/www.uoh.cl\/escuela-de-educacion\/wp-content\/uploads\/sites\/17\/2026\/03\/La-senda-inspiradora-de-Mayer-Soto-la-educadora-UOH-que-eligio-su-profesion-pensando-en-el-territorio-.png","contentUrl":"https:\/\/www.uoh.cl\/escuela-de-educacion\/wp-content\/uploads\/sites\/17\/2026\/03\/La-senda-inspiradora-de-Mayer-Soto-la-educadora-UOH-que-eligio-su-profesion-pensando-en-el-territorio-.png","width":1500,"height":1000},{"@type":"WebSite","@id":"https:\/\/www.uoh.cl\/escuela-de-educacion\/#website","url":"https:\/\/www.uoh.cl\/escuela-de-educacion\/","name":"Escuela de Educaci\u00f3n","description":"Otro sitio de Sitios de Universidad O'higgins","potentialAction":[{"@type":"SearchAction","target":{"@type":"EntryPoint","urlTemplate":"https:\/\/www.uoh.cl\/escuela-de-educacion\/?s={search_term_string}"},"query-input":{"@type":"PropertyValueSpecification","valueRequired":true,"valueName":"search_term_string"}}],"inLanguage":"es-CL"},{"@type":"Person","@id":"https:\/\/www.uoh.cl\/escuela-de-educacion\/#\/schema\/person\/ea242e676c7d6d7e46fc8b9e39486c4f","name":"Universidad de O'Higgins","image":{"@type":"ImageObject","inLanguage":"es-CL","@id":"https:\/\/www.uoh.cl\/escuela-de-educacion\/#\/schema\/person\/image\/","url":"https:\/\/secure.gravatar.com\/avatar\/78fcb76ca05efae11fd355943c01a832a29786cc00d85b1a82c301bea2b2a214?s=96&d=mm&r=g","contentUrl":"https:\/\/secure.gravatar.com\/avatar\/78fcb76ca05efae11fd355943c01a832a29786cc00d85b1a82c301bea2b2a214?s=96&d=mm&r=g","caption":"Universidad de O'Higgins"}}]}},"_links":{"self":[{"href":"https:\/\/www.uoh.cl\/escuela-de-educacion\/wp-json\/wp\/v2\/posts\/4389","targetHints":{"allow":["GET"]}}],"collection":[{"href":"https:\/\/www.uoh.cl\/escuela-de-educacion\/wp-json\/wp\/v2\/posts"}],"about":[{"href":"https:\/\/www.uoh.cl\/escuela-de-educacion\/wp-json\/wp\/v2\/types\/post"}],"author":[{"embeddable":true,"href":"https:\/\/www.uoh.cl\/escuela-de-educacion\/wp-json\/wp\/v2\/users\/34"}],"replies":[{"embeddable":true,"href":"https:\/\/www.uoh.cl\/escuela-de-educacion\/wp-json\/wp\/v2\/comments?post=4389"}],"version-history":[{"count":0,"href":"https:\/\/www.uoh.cl\/escuela-de-educacion\/wp-json\/wp\/v2\/posts\/4389\/revisions"}],"wp:featuredmedia":[{"embeddable":true,"href":"https:\/\/www.uoh.cl\/escuela-de-educacion\/wp-json\/wp\/v2\/media\/4390"}],"wp:attachment":[{"href":"https:\/\/www.uoh.cl\/escuela-de-educacion\/wp-json\/wp\/v2\/media?parent=4389"}],"wp:term":[{"taxonomy":"category","embeddable":true,"href":"https:\/\/www.uoh.cl\/escuela-de-educacion\/wp-json\/wp\/v2\/categories?post=4389"},{"taxonomy":"post_tag","embeddable":true,"href":"https:\/\/www.uoh.cl\/escuela-de-educacion\/wp-json\/wp\/v2\/tags?post=4389"}],"curies":[{"name":"wp","href":"https:\/\/api.w.org\/{rel}","templated":true}]}}