
{"id":3237,"date":"2024-07-30T11:17:48","date_gmt":"2024-07-30T14:17:48","guid":{"rendered":"https:\/\/www.uoh.cl\/escuela-de-educacion\/2024\/07\/30\/uoh-abre-postulaciones-al-programa-vocacion-pedagogica\/"},"modified":"2024-07-30T12:19:02","modified_gmt":"2024-07-30T15:19:02","slug":"uoh-abre-postulaciones-al-programa-vocacion-pedagogica","status":"publish","type":"post","link":"https:\/\/www.uoh.cl\/escuela-de-educacion\/2024\/07\/30\/uoh-abre-postulaciones-al-programa-vocacion-pedagogica\/","title":{"rendered":"UOH abre postulaciones al Programa Vocaci\u00f3n Pedag\u00f3gica"},"content":{"rendered":"<div class=\"wpb-content-wrapper\"><p>[vc_section el_class=&#8221;container mx-auto align-items-center circle&#8211;pattern&#8221; css=&#8221;.vc_custom_1648956589196{padding-top: 3rem !important;}&#8221;][vc_row][vc_column]<div class=\"breadcrumb\"><ol itemscope itemtype=\"https:\/\/schema.org\/BreadcrumbList\"><li itemprop=\"itemListElement\" itemscope itemtype=\"https:\/\/schema.org\/ListItem\"><a itemprop=\"item\" href=\"http:\/\/www.uoh.cl\"><span itemprop=\"name\">Inicio<\/span><\/a><meta itemprop=\"position\" content=\"1\" \/><li itemprop=\"itemListElement\" itemscope itemtype=\"https:\/\/schema.org\/ListItem\"><a itemprop=\"item\" href=\"https:\/\/www.uoh.cl\/escuela-de-educacion\"><span itemprop=\"name\">Escuela de Educaci\u00f3n <\/span><\/a><meta itemprop=\"position\" content=\"2\" \/><li itemprop=\"itemListElement\" itemscope itemtype=\"https:\/\/schema.org\/ListItem\"><a itemprop=\"item\" href=\"https:\/\/www.uoh.cl\/escuela-de-educacion\/noticias\/\"><span itemprop=\"name\">Noticias<\/span><\/a><meta itemprop=\"position\" content=\"3\" \/><li itemprop=\"itemListElement\" itemscope itemtype=\"https:\/\/schema.org\/ListItem\"><span itemprop=\"name\">UOH abre postulaciones al Programa Vocaci\u00f3n Pedag\u00f3gica <\/span><meta itemprop=\"position\" content=\"4\" \/><\/ol><\/div><ul class=\"p-0 list-style-none d-inline-block\"><li class=\"p-0\"><a href=https:\/\/www.uoh.cl\/escuela-de-educacion\/category\/educacion\/ class=\"px-1 py-2\">Educaci\u00f3n<\/a><\/li><\/ul><div class=\"date_publish_post\"> \u25cf Mar 30 de Julio 2024<\/div><div class=\"uoh_title_component-container\"><h1 class=\"title title--ms d-inline-block title--decorator  big\">UOH abre postulaciones al Programa Vocaci\u00f3n Pedag\u00f3gica<\/h1><\/div>[vc_row_inner el_class=&#8221;border-separator m-0&#8243;][vc_column_inner width=&#8221;2\/3&#8243;]<div class=\"author_wp_class\"> Escrito por <span>Universidad de O'Higgins<\/span><\/div>[\/vc_column_inner][vc_column_inner el_class=&#8221;align-items-end-publish&#8221; width=&#8221;1\/3&#8243;]<div class=\"uoh_social_network_component uoh_row col-12 justify-content-end m-0 p-0\"> <div class=\"icon__facebook-share-button\">\n                       <a href=\"https:\/\/www.facebook.com\/sharer\/sharer.php?u=https:\/\/www.uoh.cl\/escuela-de-educacion\/2024\/07\/30\/uoh-abre-postulaciones-al-programa-vocacion-pedagogica\/\" target=\"_blank\"> <div class=\"icon__facebook-svg\"><svg version=\"1.1\" xmlns=\"http:\/\/www.w3.org\/2000\/svg\" xmlns:xlink=\"http:\/\/www.w3.org\/1999\/xlink\" x=\"0px\" y=\"0px\" width=\"22.4px\" height=\"48.3px\" viewBox=\"0 0 22.4 48.3\" style=\"overflow:visible;enable-background:new 0 0 22.4 48.3;\" xml:space=\"preserve\">\n                <defs>\n                <\/defs>\n                <path class=\"st0\" d=\"M22.4,15.6h-7.6v-5c0-1.9,1.2-2.3,2.1-2.3c0.9,0,5.4,0,5.4,0V0l-7.4,0C6.6,0,4.8,6.2,4.8,10.1v5.5H0v8.5h4.8\n                    c0,10.9,0,24.1,0,24.1h10c0,0,0-13.3,0-24.1h6.8L22.4,15.6z\"><\/path>\n                <\/svg><\/a><\/div>\n                    <\/div><div class=\"icon__twitter-share-button\">\n                        <div class=\"icon__twitter-svg\"><a target=\"_blank\" href=\"http:\/\/twitter.com\/share?url=https:\/\/www.uoh.cl\/escuela-de-educacion\/2024\/07\/30\/uoh-abre-postulaciones-al-programa-vocacion-pedagogica\/\"><svg xmlns=\"http:\/\/www.w3.org\/2000\/svg\" height=\"1em\" viewBox=\"0 0 512 512\"><!--! Font Awesome Free 6.4.2 by @fontawesome - https:\/\/fontawesome.com License - https:\/\/fontawesome.com\/license (Commercial License) Copyright 2023 Fonticons, Inc. --><path d=\"M389.2 48h70.6L305.6 224.2 487 464H345L233.7 318.6 106.5 464H35.8L200.7 275.5 26.8 48H172.4L272.9 180.9 389.2 48zM364.4 421.8h39.1L151.1 88h-42L364.4 421.8z\"\/><\/svg><\/a><\/div>\n                        <\/div><div class=\"icon__linkedin-share-button\">\n                        <div class=\"icon__linkedin-svg\">\n                        <a target=\"__blank\" href=\"https:\/\/www.linkedin.com\/sharing\/share-offsite\/?url=https:\/\/www.uoh.cl\/escuela-de-educacion\/2024\/07\/30\/uoh-abre-postulaciones-al-programa-vocacion-pedagogica\/\"><svg enable-background=\"new 0 0 100 100\" height=\"100px\" id=\"Layer_1\" version=\"1.1\" viewBox=\"0 0 100 100\" width=\"100px\" xml:space=\"preserve\" xmlns=\"http:\/\/www.w3.org\/2000\/svg\" xmlns:xlink=\"http:\/\/www.w3.org\/1999\/xlink\"><g><circle cx=\"50\" cy=\"50\" fill=\"#ccc\" r=\"45\"\/><g id=\"LinkedIn_1_\"><rect fill=\"#FFFFFF\" height=\"24.361\" width=\"7.69\" x=\"31.271\" y=\"43.569\"\/><path d=\"M59.968,43.334c-4.406,0-7.165,2.387-7.677,4.058v-3.823h-8.636c0.109,2.03,0,24.361,0,24.361h8.636    V54.748c0-0.733-0.034-1.465,0.19-1.991c0.594-1.464,1.869-2.985,4.162-2.985c2.998,0,4.361,2.253,4.361,5.552V67.93h8.721V54.384    C69.726,46.839,65.432,43.334,59.968,43.334z\" fill=\"#FFFFFF\"\/><path d=\"M34.973,32.069c-2.839,0-4.696,1.823-4.696,4.229c0,2.361,1.804,4.224,4.589,4.224h0.054    c2.891,0,4.69-1.869,4.69-4.229C39.555,33.888,37.81,32.069,34.973,32.069z\" fill=\"#FFFFFF\"\/><\/g><\/g><\/svg><\/a><\/div>\n\n            <\/div><\/div>[\/vc_column_inner][\/vc_row_inner][vc_single_image image=&#8221;36016&#8243; img_size=&#8221;full&#8221; add_caption=&#8221;yes&#8221; alignment=&#8221;center&#8221; onclick=&#8221;img_link_large&#8221; img_link_target=&#8221;_blank&#8221; css=&#8221;&#8221;][vc_column_text]\u00a0[\/vc_column_text][vc_column_text css=&#8221;&#8221;]<\/p>\n<ul>\n<li><em>La convocatoria que estar\u00e1 abierta hasta el 7 de agosto constituye el primer paso para ingresar a la casa de estudios por v\u00eda especial en el marco del Proceso de Admisi\u00f3n 2025.<\/em><\/li>\n<\/ul>\n<p>[\/vc_column_text][vc_column_text]\u00a0[\/vc_column_text][vc_column_text css=&#8221;&#8221;]<a href=\"https:\/\/www.uoh.cl\/escuela-de-educacion\/\">La Escuela de Educaci\u00f3n<\/a> junto a la <a href=\"https:\/\/www.uoh.cl\/universidad\/vicerrectoria-academica\/direccion-de-admision-y-acceso-efectivo\/\">Direcci\u00f3n de Admisi\u00f3n y Acceso Efectivo<\/a> de la Universidad de O\u2019Higgins, abri\u00f3 el proceso de postulaci\u00f3n al <a href=\"https:\/\/www.uoh.cl\/admision\/vias-de-ingreso\/admision-especial\/cupo-programa-vocacion-pedagogica\/\">Programa Vocaci\u00f3n Pedag\u00f3gica 2024<\/a> con una plaza de hasta 70 cupos para estudiantes de cuarto medio que deseen formarse como docentes en alguna de las siete carreras de pedagog\u00eda de la principal casa de estudios regional.<\/p>\n<p>As\u00ed lo dio a conocer la coordinadora ejecutiva del programa, <a href=\"https:\/\/www.uoh.cl\/escuela-de-educacion\/equipo\/evelyn-alarcon\/\">Evelyn Alarc\u00f3n<\/a>, se\u00f1alando que el proceso de postulaci\u00f3n que cierra el mi\u00e9rcoles 7 de agosto, inici\u00f3 luego de la charla informativa que se impartiera a las direcciones de instituciones educativas y jefaturas de las unidades t\u00e9cnicas y pedag\u00f3gicas (UTP) de la regi\u00f3n, con la idea de incentivar la convocatoria a este programa dirigido a estimular la aptitud docente en estudiantes que est\u00e9n por finalizar su etapa de ense\u00f1anza media.<\/p>\n<p><strong>V\u00eda especial de ingreso <\/strong><\/p>\n<p>Por otro lado, Alarc\u00f3n destac\u00f3 que este programa que comienza formalmente el 24 de agosto, contempla una serie de talleres de exploraci\u00f3n vocacional dise\u00f1ados para desarrollar habilidades transversales en \u00e1reas matem\u00e1ticas, lenguaje y pensamiento cient\u00edfico, que ser\u00e1n impartidos durante diez s\u00e1bados del semestre en curso por profesores\/as con amplia trayectoria regional y nacional.<\/p>\n<p>La profesora y tutora de pr\u00e1cticas de la Escuela de Educaci\u00f3n UOH, insisti\u00f3 que este programa pensado para reforzar la vocaci\u00f3n pedag\u00f3gica, no solo abarca la etapa proped\u00e9utica previa al ingreso a estas carreras, sino tambi\u00e9n de acompa\u00f1amiento educativo durante toda la formaci\u00f3n universitaria de los 70 estudiantes que accedan a la UOH por esta \u201cv\u00eda especial de ingreso\u201d.<\/p>\n<p>Esto significa una gran oportunidad para los estudiantes que completen el programa, considerando que tendr\u00edan la posibilidad de iniciar sus estudios superiores en el marco del Proceso de Admisi\u00f3n UOH 2025\u201d, se\u00f1al\u00f3 la coordinadora.[\/vc_column_text][vc_zigzag color=&#8221;white&#8221;][vc_row_inner][vc_column_inner width=&#8221;1\/2&#8243;][vc_single_image image=&#8221;36017&#8243; img_size=&#8221;large&#8221; onclick=&#8221;link_image&#8221; css=&#8221;&#8221;][\/vc_column_inner][vc_column_inner width=&#8221;1\/2&#8243;][vc_single_image image=&#8221;36018&#8243; img_size=&#8221;large&#8221; onclick=&#8221;link_image&#8221; css=&#8221;&#8221;][\/vc_column_inner][\/vc_row_inner][\/vc_column][\/vc_row][\/vc_section][vc_section css=&#8221;.vc_custom_1650255686594{background-color: #f6faff !important;}&#8221; el_class=&#8221;p-md-0 pt-md-5&#8243;][vc_row el_class=&#8221;container mx-auto align-items-center p-md-0 pt-5 pb-5&#8243;][vc_column el_class=&#8221;pb-5&#8243;][vc_row_inner el_class=&#8221;pb-5&#8243;][vc_column_inner]<div class=\"row m-0 p-0\"><div class=\"col-12 col-md-9 pt-5 pt-md-0\"><h2 class=\"title title--decorator title--ms d-inline-block\">Te Recomendamos<\/h2><\/div><\/div><div class=\"content-holder\"><div class=\"row  swipper-news-list not--activate-hack \"><div class=\"row -wrapper\"><div class=\"  col-sm-6 col-md-4 img-article\">\n                                        <div class=\"content-news-display row m-0 p-0\"><div class=\"holder p-0 \"><div class=\"img-wrap img-wrap-news\">\n                                        <div class=\"caption__news-category\">\n                                        <a href=\"https:\/\/www.uoh.cl\/escuela-de-educacion\/category\/institucional\/\">\n                                        Institucional<\/a><\/div><img decoding=\"async\" class=\"w-100 h-100 lazyload\" data-src=\"https:\/\/www.uoh.cl\/escuela-de-educacion\/wp-content\/uploads\/sites\/17\/2026\/04\/Inauguracion-Ano-Academico-2026-6.jpg\" alt=\"Reflexi\u00f3n universitaria: UOH inaugura A\u00f1o Acad\u00e9mico 2026 pensando en los desaf\u00edos de la Educaci\u00f3n Superior\" style=\"--smush-placeholder-width: 1500px; --smush-placeholder-aspect-ratio: 1500\/1000;object-fit: cover; object-position: center;\" src=\"data:image\/svg+xml;base64,PHN2ZyB3aWR0aD0iMSIgaGVpZ2h0PSIxIiB4bWxucz0iaHR0cDovL3d3dy53My5vcmcvMjAwMC9zdmciPjwvc3ZnPg==\"><\/div><\/div><div class=\"caption py-3 caption__news py-md-3 pb-md-5\">\n                                    <span class=\"caption__date\">Mi\u00e9rcoles 29, Abril<\/span>\n                                     <a href=\"https:\/\/www.uoh.cl\/escuela-de-educacion\/2026\/04\/29\/reflexion-universitaria-uoh-inaugura-ano-academico-2026-pensando-en-los-desafios-de-la-educacion-superior\/\">\n                                    <h3 class=\"small-space\">Reflexi\u00f3n universitaria: UOH inaugura A\u00f1o Acad\u00e9mico 2026 pensando en los desaf\u00edos de la Educaci\u00f3n Superior<\/h3><\/a>\n\n                                    <p>La ceremonia promovi\u00f3 el an\u00e1lisis acerca de los cambios educativos que se avecinan dentro de los procesos de formaci\u00f3n universitaria ajustados a contextos digitales.   <\/p>\n                                    <a class=\"link link--bold mt-md-3\" href=\"https:\/\/www.uoh.cl\/escuela-de-educacion\/2026\/04\/29\/reflexion-universitaria-uoh-inaugura-ano-academico-2026-pensando-en-los-desafios-de-la-educacion-superior\/\">Saber m\u00e1s <span class=\"icon icon--inline icon--link\"><svg version=\"1.1\" xmlns=\"http:\/\/www.w3.org\/2000\/svg\" xmlns:xlink=\"http:\/\/www.w3.org\/1999\/xlink\" x=\"0px\" y=\"0px\" width=\"22px\"height=\"22px\" viewBox=\"0 0 22 22\" style=\"overflow:visible;enable-background:new 0 0 80 64.6;\" xml:space=\"preserve\"><g clip-path=\"url(#acA)\"><path fill-rule=\"evenodd\" d=\"M21.913 11.266a.93.93 0 000-.711c-.022-.056-.063-.097-.091-.144s-.053-.103-.097-.15L12.306.294c-.357-.379-.955-.394-1.334-.038s-.394.955-.038 1.334l7.917 8.374H.927a.95.95 0 00-.908.983.946.946 0 00.908.908h17.924l-8.089 8.552c-.357.379-.341.977.034 1.334s.977.341 1.334-.034l9.594-10.148c.044-.044.063-.1.097-.15.028-.047.069-.088.091-.141z\"\/><\/g><defs><clipPath id=\"acA\"><path fill=\"#fff\" d=\"M0 0h22v22H0z\"\/><\/clipPath><\/defs><\/svg><\/span><\/a><\/div><\/div><\/div><div class=\"  col-sm-6 col-md-4 img-article\">\n                                        <div class=\"content-news-display row m-0 p-0\"><div class=\"holder p-0 \"><div class=\"img-wrap img-wrap-news\">\n                                        <div class=\"caption__news-category\">\n                                        <a href=\"https:\/\/www.uoh.cl\/escuela-de-educacion\/category\/institucional\/\">\n                                        Institucional<\/a><\/div><img decoding=\"async\" class=\"w-100 h-100 lazyload\" data-src=\"https:\/\/www.uoh.cl\/escuela-de-educacion\/wp-content\/uploads\/sites\/17\/2026\/04\/Feria-del-Libro-2026-20-ESTUDIANTES-EL-TAMBO.jpg\" alt=\"Cuarta Feria del Libro UOH: una muestra de interculturalidad\" style=\"--smush-placeholder-width: 1500px; --smush-placeholder-aspect-ratio: 1500\/1000;object-fit: cover; object-position: center;\" src=\"data:image\/svg+xml;base64,PHN2ZyB3aWR0aD0iMSIgaGVpZ2h0PSIxIiB4bWxucz0iaHR0cDovL3d3dy53My5vcmcvMjAwMC9zdmciPjwvc3ZnPg==\"><\/div><\/div><div class=\"caption py-3 caption__news py-md-3 pb-md-5\">\n                                    <span class=\"caption__date\">Martes 28, Abril<\/span>\n                                     <a href=\"https:\/\/www.uoh.cl\/escuela-de-educacion\/2026\/04\/28\/cuarta-feria-del-libro-uoh-una-muestra-de-interculturalidad\/\">\n                                    <h3 class=\"small-space\">Cuarta Feria del Libro UOH: una muestra de interculturalidad<\/h3><\/a>\n\n                                    <p>El trabajo conjunto de la Unidad de Bibliotecas con distintas direcciones de la Universidad dio como fruto una variada agenda de actividades que incluy\u00f3 a estudiantes, una escritora comediante, m\u00fasicos y editoriales.<\/p>\n                                    <a class=\"link link--bold mt-md-3\" href=\"https:\/\/www.uoh.cl\/escuela-de-educacion\/2026\/04\/28\/cuarta-feria-del-libro-uoh-una-muestra-de-interculturalidad\/\">Saber m\u00e1s <span class=\"icon icon--inline icon--link\"><svg version=\"1.1\" xmlns=\"http:\/\/www.w3.org\/2000\/svg\" xmlns:xlink=\"http:\/\/www.w3.org\/1999\/xlink\" x=\"0px\" y=\"0px\" width=\"22px\"height=\"22px\" viewBox=\"0 0 22 22\" style=\"overflow:visible;enable-background:new 0 0 80 64.6;\" xml:space=\"preserve\"><g clip-path=\"url(#acA)\"><path fill-rule=\"evenodd\" d=\"M21.913 11.266a.93.93 0 000-.711c-.022-.056-.063-.097-.091-.144s-.053-.103-.097-.15L12.306.294c-.357-.379-.955-.394-1.334-.038s-.394.955-.038 1.334l7.917 8.374H.927a.95.95 0 00-.908.983.946.946 0 00.908.908h17.924l-8.089 8.552c-.357.379-.341.977.034 1.334s.977.341 1.334-.034l9.594-10.148c.044-.044.063-.1.097-.15.028-.047.069-.088.091-.141z\"\/><\/g><defs><clipPath id=\"acA\"><path fill=\"#fff\" d=\"M0 0h22v22H0z\"\/><\/clipPath><\/defs><\/svg><\/span><\/a><\/div><\/div><\/div><div class=\"  col-sm-6 col-md-4 img-article\">\n                                        <div class=\"content-news-display row m-0 p-0\"><div class=\"holder p-0 \"><div class=\"img-wrap img-wrap-news\">\n                                        <div class=\"caption__news-category\">\n                                        <a href=\"https:\/\/www.uoh.cl\/escuela-de-educacion\/category\/educacion\/\">\n                                        Educaci\u00f3n<\/a><\/div><img decoding=\"async\" class=\"w-100 h-100 lazyload\" data-src=\"https:\/\/www.uoh.cl\/escuela-de-educacion\/wp-content\/uploads\/sites\/17\/2026\/04\/Estudiantes-de-Pedagogia-en-Educacion-Basica-celebraron-el-Dia-del-Libro-con-feria-multimodal-en-la-UOH-1.png\" alt=\"Estudiantes de Pedagog\u00eda en Educaci\u00f3n B\u00e1sica celebraron el D\u00eda del Libro con feria multimodal en la UOH\" style=\"--smush-placeholder-width: 1500px; --smush-placeholder-aspect-ratio: 1500\/1000;object-fit: cover; object-position: center;\" src=\"data:image\/svg+xml;base64,PHN2ZyB3aWR0aD0iMSIgaGVpZ2h0PSIxIiB4bWxucz0iaHR0cDovL3d3dy53My5vcmcvMjAwMC9zdmciPjwvc3ZnPg==\"><\/div><\/div><div class=\"caption py-3 caption__news py-md-3 pb-md-5\">\n                                    <span class=\"caption__date\">Lunes 27, Abril<\/span>\n                                     <a href=\"https:\/\/www.uoh.cl\/escuela-de-educacion\/2026\/04\/27\/estudiantes-de-pedagogia-en-educacion-basica-celebraron-el-dia-del-libro-con-feria-multimodal-en-la-uoh\/\">\n                                    <h3 class=\"small-space\">Estudiantes de Pedagog\u00eda en Educaci\u00f3n B\u00e1sica celebraron el D\u00eda del Libro con feria multimodal en la UOH<\/h3><\/a>\n\n                                    <p>La actividad reuni\u00f3 17 stands tem\u00e1ticos creados por estudiantes, quienes promovieron la lectura tradicional y los formatos contempor\u00e1neos en una jornada abierta a la comunidad universitaria. <\/p>\n                                    <a class=\"link link--bold mt-md-3\" href=\"https:\/\/www.uoh.cl\/escuela-de-educacion\/2026\/04\/27\/estudiantes-de-pedagogia-en-educacion-basica-celebraron-el-dia-del-libro-con-feria-multimodal-en-la-uoh\/\">Saber m\u00e1s <span class=\"icon icon--inline icon--link\"><svg version=\"1.1\" xmlns=\"http:\/\/www.w3.org\/2000\/svg\" xmlns:xlink=\"http:\/\/www.w3.org\/1999\/xlink\" x=\"0px\" y=\"0px\" width=\"22px\"height=\"22px\" viewBox=\"0 0 22 22\" style=\"overflow:visible;enable-background:new 0 0 80 64.6;\" xml:space=\"preserve\"><g clip-path=\"url(#acA)\"><path fill-rule=\"evenodd\" d=\"M21.913 11.266a.93.93 0 000-.711c-.022-.056-.063-.097-.091-.144s-.053-.103-.097-.15L12.306.294c-.357-.379-.955-.394-1.334-.038s-.394.955-.038 1.334l7.917 8.374H.927a.95.95 0 00-.908.983.946.946 0 00.908.908h17.924l-8.089 8.552c-.357.379-.341.977.034 1.334s.977.341 1.334-.034l9.594-10.148c.044-.044.063-.1.097-.15.028-.047.069-.088.091-.141z\"\/><\/g><defs><clipPath id=\"acA\"><path fill=\"#fff\" d=\"M0 0h22v22H0z\"\/><\/clipPath><\/defs><\/svg><\/span><\/a><\/div><\/div><\/div><\/div><\/div><\/div><div class=\"pagination justify-content-center my-5\"><span aria-current=\"page\" class=\"page-numbers current\">1<\/span>\n<a class=\"page-numbers\" href=\"https:\/\/www.uoh.cl\/escuela-de-educacion\/wp-json\/wp\/v2\/posts\/3237\/\/page\/2\">2<\/a>\n<a class=\"page-numbers\" href=\"https:\/\/www.uoh.cl\/escuela-de-educacion\/wp-json\/wp\/v2\/posts\/3237\/\/page\/3\">3<\/a>\n<span class=\"page-numbers dots\">&hellip;<\/span>\n<a class=\"page-numbers\" href=\"https:\/\/www.uoh.cl\/escuela-de-educacion\/wp-json\/wp\/v2\/posts\/3237\/\/page\/154\">154<\/a>\n<a class=\"next page-numbers\" href=\"https:\/\/www.uoh.cl\/escuela-de-educacion\/wp-json\/wp\/v2\/posts\/3237\/\/page\/2\"><div class=\"icon-pagination-next\"> <?xml version=\"1.0\" ?><svg viewBox=\"0 0 96 96\" xmlns=\"http:\/\/www.w3.org\/2000\/svg\"><title\/><path d=\"M39.3756,48.0022l30.47-25.39a6.0035,6.0035,0,0,0-7.6878-9.223L26.1563,43.3906a6.0092,6.0092,0,0,0,0,9.2231L62.1578,82.615a6.0035,6.0035,0,0,0,7.6878-9.2231Z\"\/><\/svg> <\/div><\/a><\/div>[\/vc_column_inner][\/vc_row_inner][\/vc_column][\/vc_row][\/vc_section]<\/p>\n<\/div>","protected":false},"excerpt":{"rendered":"<p>La convocatoria que estar\u00e1 abierta hasta el 7 de agosto constituye el primer paso para ingresar a la casa de estudios por v\u00eda especial en el marco del Proceso de Admisi\u00f3n 2025. <\/p>\n","protected":false},"author":34,"featured_media":3240,"comment_status":"open","ping_status":"open","sticky":false,"template":"","format":"standard","meta":{"_acf_changed":false,"footnotes":""},"categories":[25],"tags":[],"class_list":["post-3237","post","type-post","status-publish","format-standard","has-post-thumbnail","hentry","category-educacion"],"acf":[],"yoast_head":"<!-- This site is optimized with the Yoast SEO plugin v26.6 - https:\/\/yoast.com\/wordpress\/plugins\/seo\/ -->\n<title>UOH abre postulaciones al Programa Vocaci\u00f3n Pedag\u00f3gica - Escuela de Educaci\u00f3n<\/title>\n<meta name=\"description\" content=\"Ingenier\u00eda Agron\u00f3mica, Ingenier\u00eda Ambiental y Medicina Veterinaria ofrecieron distintas muestras que permitieron a estudiantes de la Regi\u00f3n de O\u2019Higgins sentirse parte de la vida de un\/a universitario\/a.\" \/>\n<meta name=\"robots\" content=\"noindex, nofollow\" \/>\n<meta property=\"og:locale\" content=\"es_ES\" \/>\n<meta property=\"og:type\" content=\"article\" \/>\n<meta property=\"og:title\" content=\"UOH abre postulaciones al Programa Vocaci\u00f3n Pedag\u00f3gica - Escuela de Educaci\u00f3n\" \/>\n<meta property=\"og:description\" content=\"Ingenier\u00eda Agron\u00f3mica, Ingenier\u00eda Ambiental y Medicina Veterinaria ofrecieron distintas muestras que permitieron a estudiantes de la Regi\u00f3n de O\u2019Higgins sentirse parte de la vida de un\/a universitario\/a.\" \/>\n<meta property=\"og:url\" content=\"https:\/\/www.uoh.cl\/escuela-de-educacion\/2024\/07\/30\/uoh-abre-postulaciones-al-programa-vocacion-pedagogica\/\" \/>\n<meta property=\"og:site_name\" content=\"Escuela de Educaci\u00f3n\" \/>\n<meta property=\"article:published_time\" content=\"2024-07-30T14:17:48+00:00\" \/>\n<meta property=\"article:modified_time\" content=\"2024-07-30T15:19:02+00:00\" \/>\n<meta property=\"og:image\" content=\"https:\/\/www.uoh.cl\/escuela-de-educacion\/wp-content\/uploads\/sites\/17\/2024\/07\/Programa-Vocacion-Pedagogica.jpg\" \/>\n\t<meta property=\"og:image:width\" content=\"1000\" \/>\n\t<meta property=\"og:image:height\" content=\"1000\" \/>\n\t<meta property=\"og:image:type\" content=\"image\/jpeg\" \/>\n<meta name=\"author\" content=\"Universidad de O&#039;Higgins\" \/>\n<meta name=\"twitter:card\" content=\"summary_large_image\" \/>\n<meta name=\"twitter:label1\" content=\"Escrito por\" \/>\n\t<meta name=\"twitter:data1\" content=\"Universidad de O&#039;Higgins\" \/>\n\t<meta name=\"twitter:label2\" content=\"Tiempo estimado de lectura\" \/>\n\t<meta name=\"twitter:data2\" content=\"4 minutos\" \/>\n<script type=\"application\/ld+json\" class=\"yoast-schema-graph\">{\"@context\":\"https:\/\/schema.org\",\"@graph\":[{\"@type\":\"WebPage\",\"@id\":\"https:\/\/www.uoh.cl\/escuela-de-educacion\/2024\/07\/30\/uoh-abre-postulaciones-al-programa-vocacion-pedagogica\/\",\"url\":\"https:\/\/www.uoh.cl\/escuela-de-educacion\/2024\/07\/30\/uoh-abre-postulaciones-al-programa-vocacion-pedagogica\/\",\"name\":\"UOH abre postulaciones al Programa Vocaci\u00f3n Pedag\u00f3gica - Escuela de Educaci\u00f3n\",\"isPartOf\":{\"@id\":\"https:\/\/www.uoh.cl\/escuela-de-educacion\/#website\"},\"primaryImageOfPage\":{\"@id\":\"https:\/\/www.uoh.cl\/escuela-de-educacion\/2024\/07\/30\/uoh-abre-postulaciones-al-programa-vocacion-pedagogica\/#primaryimage\"},\"image\":{\"@id\":\"https:\/\/www.uoh.cl\/escuela-de-educacion\/2024\/07\/30\/uoh-abre-postulaciones-al-programa-vocacion-pedagogica\/#primaryimage\"},\"thumbnailUrl\":\"https:\/\/www.uoh.cl\/escuela-de-educacion\/wp-content\/uploads\/sites\/17\/2024\/07\/Programa-Vocacion-Pedagogica-2.jpg\",\"datePublished\":\"2024-07-30T14:17:48+00:00\",\"dateModified\":\"2024-07-30T15:19:02+00:00\",\"author\":{\"@id\":\"https:\/\/www.uoh.cl\/escuela-de-educacion\/#\/schema\/person\/ea242e676c7d6d7e46fc8b9e39486c4f\"},\"description\":\"Ingenier\u00eda Agron\u00f3mica, Ingenier\u00eda Ambiental y Medicina Veterinaria ofrecieron distintas muestras que permitieron a estudiantes de la Regi\u00f3n de O\u2019Higgins sentirse parte de la vida de un\/a universitario\/a.\",\"inLanguage\":\"es-CL\",\"potentialAction\":[{\"@type\":\"ReadAction\",\"target\":[\"https:\/\/www.uoh.cl\/escuela-de-educacion\/2024\/07\/30\/uoh-abre-postulaciones-al-programa-vocacion-pedagogica\/\"]}]},{\"@type\":\"ImageObject\",\"inLanguage\":\"es-CL\",\"@id\":\"https:\/\/www.uoh.cl\/escuela-de-educacion\/2024\/07\/30\/uoh-abre-postulaciones-al-programa-vocacion-pedagogica\/#primaryimage\",\"url\":\"https:\/\/www.uoh.cl\/escuela-de-educacion\/wp-content\/uploads\/sites\/17\/2024\/07\/Programa-Vocacion-Pedagogica-2.jpg\",\"contentUrl\":\"https:\/\/www.uoh.cl\/escuela-de-educacion\/wp-content\/uploads\/sites\/17\/2024\/07\/Programa-Vocacion-Pedagogica-2.jpg\",\"width\":1000,\"height\":1000},{\"@type\":\"WebSite\",\"@id\":\"https:\/\/www.uoh.cl\/escuela-de-educacion\/#website\",\"url\":\"https:\/\/www.uoh.cl\/escuela-de-educacion\/\",\"name\":\"Escuela de Educaci\u00f3n\",\"description\":\"Otro sitio de Sitios de Universidad O'higgins\",\"potentialAction\":[{\"@type\":\"SearchAction\",\"target\":{\"@type\":\"EntryPoint\",\"urlTemplate\":\"https:\/\/www.uoh.cl\/escuela-de-educacion\/?s={search_term_string}\"},\"query-input\":{\"@type\":\"PropertyValueSpecification\",\"valueRequired\":true,\"valueName\":\"search_term_string\"}}],\"inLanguage\":\"es-CL\"},{\"@type\":\"Person\",\"@id\":\"https:\/\/www.uoh.cl\/escuela-de-educacion\/#\/schema\/person\/ea242e676c7d6d7e46fc8b9e39486c4f\",\"name\":\"Universidad de O'Higgins\",\"image\":{\"@type\":\"ImageObject\",\"inLanguage\":\"es-CL\",\"@id\":\"https:\/\/www.uoh.cl\/escuela-de-educacion\/#\/schema\/person\/image\/\",\"url\":\"https:\/\/secure.gravatar.com\/avatar\/78fcb76ca05efae11fd355943c01a832a29786cc00d85b1a82c301bea2b2a214?s=96&d=mm&r=g\",\"contentUrl\":\"https:\/\/secure.gravatar.com\/avatar\/78fcb76ca05efae11fd355943c01a832a29786cc00d85b1a82c301bea2b2a214?s=96&d=mm&r=g\",\"caption\":\"Universidad de O'Higgins\"}}]}<\/script>\n<!-- \/ Yoast SEO plugin. -->","yoast_head_json":{"title":"UOH abre postulaciones al Programa Vocaci\u00f3n Pedag\u00f3gica - Escuela de Educaci\u00f3n","description":"Ingenier\u00eda Agron\u00f3mica, Ingenier\u00eda Ambiental y Medicina Veterinaria ofrecieron distintas muestras que permitieron a estudiantes de la Regi\u00f3n de O\u2019Higgins sentirse parte de la vida de un\/a universitario\/a.","robots":{"index":"noindex","follow":"nofollow"},"og_locale":"es_ES","og_type":"article","og_title":"UOH abre postulaciones al Programa Vocaci\u00f3n Pedag\u00f3gica - Escuela de Educaci\u00f3n","og_description":"Ingenier\u00eda Agron\u00f3mica, Ingenier\u00eda Ambiental y Medicina Veterinaria ofrecieron distintas muestras que permitieron a estudiantes de la Regi\u00f3n de O\u2019Higgins sentirse parte de la vida de un\/a universitario\/a.","og_url":"https:\/\/www.uoh.cl\/escuela-de-educacion\/2024\/07\/30\/uoh-abre-postulaciones-al-programa-vocacion-pedagogica\/","og_site_name":"Escuela de Educaci\u00f3n","article_published_time":"2024-07-30T14:17:48+00:00","article_modified_time":"2024-07-30T15:19:02+00:00","og_image":[{"width":1000,"height":1000,"url":"https:\/\/www.uoh.cl\/escuela-de-educacion\/wp-content\/uploads\/sites\/17\/2024\/07\/Programa-Vocacion-Pedagogica.jpg","type":"image\/jpeg"}],"author":"Universidad de O'Higgins","twitter_card":"summary_large_image","twitter_misc":{"Escrito por":"Universidad de O'Higgins","Tiempo estimado de lectura":"4 minutos"},"schema":{"@context":"https:\/\/schema.org","@graph":[{"@type":"WebPage","@id":"https:\/\/www.uoh.cl\/escuela-de-educacion\/2024\/07\/30\/uoh-abre-postulaciones-al-programa-vocacion-pedagogica\/","url":"https:\/\/www.uoh.cl\/escuela-de-educacion\/2024\/07\/30\/uoh-abre-postulaciones-al-programa-vocacion-pedagogica\/","name":"UOH abre postulaciones al Programa Vocaci\u00f3n Pedag\u00f3gica - Escuela de Educaci\u00f3n","isPartOf":{"@id":"https:\/\/www.uoh.cl\/escuela-de-educacion\/#website"},"primaryImageOfPage":{"@id":"https:\/\/www.uoh.cl\/escuela-de-educacion\/2024\/07\/30\/uoh-abre-postulaciones-al-programa-vocacion-pedagogica\/#primaryimage"},"image":{"@id":"https:\/\/www.uoh.cl\/escuela-de-educacion\/2024\/07\/30\/uoh-abre-postulaciones-al-programa-vocacion-pedagogica\/#primaryimage"},"thumbnailUrl":"https:\/\/www.uoh.cl\/escuela-de-educacion\/wp-content\/uploads\/sites\/17\/2024\/07\/Programa-Vocacion-Pedagogica-2.jpg","datePublished":"2024-07-30T14:17:48+00:00","dateModified":"2024-07-30T15:19:02+00:00","author":{"@id":"https:\/\/www.uoh.cl\/escuela-de-educacion\/#\/schema\/person\/ea242e676c7d6d7e46fc8b9e39486c4f"},"description":"Ingenier\u00eda Agron\u00f3mica, Ingenier\u00eda Ambiental y Medicina Veterinaria ofrecieron distintas muestras que permitieron a estudiantes de la Regi\u00f3n de O\u2019Higgins sentirse parte de la vida de un\/a universitario\/a.","inLanguage":"es-CL","potentialAction":[{"@type":"ReadAction","target":["https:\/\/www.uoh.cl\/escuela-de-educacion\/2024\/07\/30\/uoh-abre-postulaciones-al-programa-vocacion-pedagogica\/"]}]},{"@type":"ImageObject","inLanguage":"es-CL","@id":"https:\/\/www.uoh.cl\/escuela-de-educacion\/2024\/07\/30\/uoh-abre-postulaciones-al-programa-vocacion-pedagogica\/#primaryimage","url":"https:\/\/www.uoh.cl\/escuela-de-educacion\/wp-content\/uploads\/sites\/17\/2024\/07\/Programa-Vocacion-Pedagogica-2.jpg","contentUrl":"https:\/\/www.uoh.cl\/escuela-de-educacion\/wp-content\/uploads\/sites\/17\/2024\/07\/Programa-Vocacion-Pedagogica-2.jpg","width":1000,"height":1000},{"@type":"WebSite","@id":"https:\/\/www.uoh.cl\/escuela-de-educacion\/#website","url":"https:\/\/www.uoh.cl\/escuela-de-educacion\/","name":"Escuela de Educaci\u00f3n","description":"Otro sitio de Sitios de Universidad O'higgins","potentialAction":[{"@type":"SearchAction","target":{"@type":"EntryPoint","urlTemplate":"https:\/\/www.uoh.cl\/escuela-de-educacion\/?s={search_term_string}"},"query-input":{"@type":"PropertyValueSpecification","valueRequired":true,"valueName":"search_term_string"}}],"inLanguage":"es-CL"},{"@type":"Person","@id":"https:\/\/www.uoh.cl\/escuela-de-educacion\/#\/schema\/person\/ea242e676c7d6d7e46fc8b9e39486c4f","name":"Universidad de O'Higgins","image":{"@type":"ImageObject","inLanguage":"es-CL","@id":"https:\/\/www.uoh.cl\/escuela-de-educacion\/#\/schema\/person\/image\/","url":"https:\/\/secure.gravatar.com\/avatar\/78fcb76ca05efae11fd355943c01a832a29786cc00d85b1a82c301bea2b2a214?s=96&d=mm&r=g","contentUrl":"https:\/\/secure.gravatar.com\/avatar\/78fcb76ca05efae11fd355943c01a832a29786cc00d85b1a82c301bea2b2a214?s=96&d=mm&r=g","caption":"Universidad de O'Higgins"}}]}},"_links":{"self":[{"href":"https:\/\/www.uoh.cl\/escuela-de-educacion\/wp-json\/wp\/v2\/posts\/3237","targetHints":{"allow":["GET"]}}],"collection":[{"href":"https:\/\/www.uoh.cl\/escuela-de-educacion\/wp-json\/wp\/v2\/posts"}],"about":[{"href":"https:\/\/www.uoh.cl\/escuela-de-educacion\/wp-json\/wp\/v2\/types\/post"}],"author":[{"embeddable":true,"href":"https:\/\/www.uoh.cl\/escuela-de-educacion\/wp-json\/wp\/v2\/users\/34"}],"replies":[{"embeddable":true,"href":"https:\/\/www.uoh.cl\/escuela-de-educacion\/wp-json\/wp\/v2\/comments?post=3237"}],"version-history":[{"count":1,"href":"https:\/\/www.uoh.cl\/escuela-de-educacion\/wp-json\/wp\/v2\/posts\/3237\/revisions"}],"predecessor-version":[{"id":3239,"href":"https:\/\/www.uoh.cl\/escuela-de-educacion\/wp-json\/wp\/v2\/posts\/3237\/revisions\/3239"}],"wp:featuredmedia":[{"embeddable":true,"href":"https:\/\/www.uoh.cl\/escuela-de-educacion\/wp-json\/wp\/v2\/media\/3240"}],"wp:attachment":[{"href":"https:\/\/www.uoh.cl\/escuela-de-educacion\/wp-json\/wp\/v2\/media?parent=3237"}],"wp:term":[{"taxonomy":"category","embeddable":true,"href":"https:\/\/www.uoh.cl\/escuela-de-educacion\/wp-json\/wp\/v2\/categories?post=3237"},{"taxonomy":"post_tag","embeddable":true,"href":"https:\/\/www.uoh.cl\/escuela-de-educacion\/wp-json\/wp\/v2\/tags?post=3237"}],"curies":[{"name":"wp","href":"https:\/\/api.w.org\/{rel}","templated":true}]}}