
{"id":2501,"date":"2023-11-15T08:41:52","date_gmt":"2023-11-15T11:41:52","guid":{"rendered":"https:\/\/www.uoh.cl\/escuela-de-educacion\/2023\/11\/15\/la-violencia-se-instalo-en-las-salas-de-clases\/"},"modified":"2023-11-15T08:41:52","modified_gmt":"2023-11-15T11:41:52","slug":"la-violencia-se-instalo-en-las-salas-de-clases","status":"publish","type":"post","link":"https:\/\/www.uoh.cl\/escuela-de-educacion\/2023\/11\/15\/la-violencia-se-instalo-en-las-salas-de-clases\/","title":{"rendered":"La violencia se instal\u00f3 en las salas de clases"},"content":{"rendered":"<div class=\"wpb-content-wrapper\"><p>[vc_section el_class=&#8221;container mx-auto align-items-center circle&#8211;pattern&#8221; css=&#8221;.vc_custom_1648956589196{padding-top: 3rem !important;}&#8221;][vc_row][vc_column]<div class=\"breadcrumb\"><ol itemscope itemtype=\"https:\/\/schema.org\/BreadcrumbList\"><li itemprop=\"itemListElement\" itemscope itemtype=\"https:\/\/schema.org\/ListItem\"><a itemprop=\"item\" href=\"http:\/\/www.uoh.cl\"><span itemprop=\"name\">Inicio<\/span><\/a><meta itemprop=\"position\" content=\"1\" \/><li itemprop=\"itemListElement\" itemscope itemtype=\"https:\/\/schema.org\/ListItem\"><a itemprop=\"item\" href=\"https:\/\/www.uoh.cl\/escuela-de-educacion\"><span itemprop=\"name\">Escuela de Educaci\u00f3n <\/span><\/a><meta itemprop=\"position\" content=\"2\" \/><li itemprop=\"itemListElement\" itemscope itemtype=\"https:\/\/schema.org\/ListItem\"><a itemprop=\"item\" href=\"https:\/\/www.uoh.cl\/escuela-de-educacion\/noticias\/\"><span itemprop=\"name\">Noticias<\/span><\/a><meta itemprop=\"position\" content=\"3\" \/><li itemprop=\"itemListElement\" itemscope itemtype=\"https:\/\/schema.org\/ListItem\"><span itemprop=\"name\">La violencia se instal\u00f3 en las salas de clases <\/span><meta itemprop=\"position\" content=\"4\" \/><\/ol><\/div><ul class=\"p-0 list-style-none d-inline-block\"><li class=\"p-0\"><a href=https:\/\/www.uoh.cl\/escuela-de-educacion\/category\/educacion\/ class=\"px-1 py-2\">Educaci\u00f3n<\/a><\/li><\/ul><div class=\"date_publish_post\"> \u25cf Mi\u00e9 15 de Noviembre 2023<\/div><div class=\"uoh_title_component-container\"><h1 class=\"title title--ms d-inline-block title--decorator  big\">La violencia se instal\u00f3 en las salas de clases<\/h1><\/div>[vc_row_inner el_class=&#8221;border-separator m-0&#8243;][vc_column_inner width=&#8221;2\/3&#8243;]<div class=\"author_wp_class\"> Escrito por <span>Universidad de O'Higgins<\/span><\/div>[\/vc_column_inner][vc_column_inner el_class=&#8221;align-items-end-publish&#8221; width=&#8221;1\/3&#8243;]<div class=\"uoh_social_network_component uoh_row col-12 justify-content-end m-0 p-0\"> <div class=\"icon__facebook-share-button\">\n                       <a href=\"https:\/\/www.facebook.com\/sharer\/sharer.php?u=https:\/\/www.uoh.cl\/escuela-de-educacion\/2023\/11\/15\/la-violencia-se-instalo-en-las-salas-de-clases\/\" target=\"_blank\"> <div class=\"icon__facebook-svg\"><svg version=\"1.1\" xmlns=\"http:\/\/www.w3.org\/2000\/svg\" xmlns:xlink=\"http:\/\/www.w3.org\/1999\/xlink\" x=\"0px\" y=\"0px\" width=\"22.4px\" height=\"48.3px\" viewBox=\"0 0 22.4 48.3\" style=\"overflow:visible;enable-background:new 0 0 22.4 48.3;\" xml:space=\"preserve\">\n                <defs>\n                <\/defs>\n                <path class=\"st0\" d=\"M22.4,15.6h-7.6v-5c0-1.9,1.2-2.3,2.1-2.3c0.9,0,5.4,0,5.4,0V0l-7.4,0C6.6,0,4.8,6.2,4.8,10.1v5.5H0v8.5h4.8\n                    c0,10.9,0,24.1,0,24.1h10c0,0,0-13.3,0-24.1h6.8L22.4,15.6z\"><\/path>\n                <\/svg><\/a><\/div>\n                    <\/div><div class=\"icon__twitter-share-button\">\n                        <div class=\"icon__twitter-svg\"><a target=\"_blank\" href=\"http:\/\/twitter.com\/share?url=https:\/\/www.uoh.cl\/escuela-de-educacion\/2023\/11\/15\/la-violencia-se-instalo-en-las-salas-de-clases\/\"><svg xmlns=\"http:\/\/www.w3.org\/2000\/svg\" height=\"1em\" viewBox=\"0 0 512 512\"><!--! Font Awesome Free 6.4.2 by @fontawesome - https:\/\/fontawesome.com License - https:\/\/fontawesome.com\/license (Commercial License) Copyright 2023 Fonticons, Inc. --><path d=\"M389.2 48h70.6L305.6 224.2 487 464H345L233.7 318.6 106.5 464H35.8L200.7 275.5 26.8 48H172.4L272.9 180.9 389.2 48zM364.4 421.8h39.1L151.1 88h-42L364.4 421.8z\"\/><\/svg><\/a><\/div>\n                        <\/div><div class=\"icon__linkedin-share-button\">\n                        <div class=\"icon__linkedin-svg\">\n                        <a target=\"__blank\" href=\"https:\/\/www.linkedin.com\/sharing\/share-offsite\/?url=https:\/\/www.uoh.cl\/escuela-de-educacion\/2023\/11\/15\/la-violencia-se-instalo-en-las-salas-de-clases\/\"><svg enable-background=\"new 0 0 100 100\" height=\"100px\" id=\"Layer_1\" version=\"1.1\" viewBox=\"0 0 100 100\" width=\"100px\" xml:space=\"preserve\" xmlns=\"http:\/\/www.w3.org\/2000\/svg\" xmlns:xlink=\"http:\/\/www.w3.org\/1999\/xlink\"><g><circle cx=\"50\" cy=\"50\" fill=\"#ccc\" r=\"45\"\/><g id=\"LinkedIn_1_\"><rect fill=\"#FFFFFF\" height=\"24.361\" width=\"7.69\" x=\"31.271\" y=\"43.569\"\/><path d=\"M59.968,43.334c-4.406,0-7.165,2.387-7.677,4.058v-3.823h-8.636c0.109,2.03,0,24.361,0,24.361h8.636    V54.748c0-0.733-0.034-1.465,0.19-1.991c0.594-1.464,1.869-2.985,4.162-2.985c2.998,0,4.361,2.253,4.361,5.552V67.93h8.721V54.384    C69.726,46.839,65.432,43.334,59.968,43.334z\" fill=\"#FFFFFF\"\/><path d=\"M34.973,32.069c-2.839,0-4.696,1.823-4.696,4.229c0,2.361,1.804,4.224,4.589,4.224h0.054    c2.891,0,4.69-1.869,4.69-4.229C39.555,33.888,37.81,32.069,34.973,32.069z\" fill=\"#FFFFFF\"\/><\/g><\/g><\/svg><\/a><\/div>\n\n            <\/div><\/div>[\/vc_column_inner][\/vc_row_inner][vc_single_image image=&#8221;28692&#8243; img_size=&#8221;full&#8221; add_caption=&#8221;yes&#8221; alignment=&#8221;center&#8221; onclick=&#8221;img_link_large&#8221; img_link_target=&#8221;_blank&#8221;][vc_column_text]\u00a0[\/vc_column_text][vc_column_text]<\/p>\n<ul>\n<li><i>El<\/i>\u00a0<i>acad\u00e9mico del Instituto de Ciencias de la Educaci\u00f3n, David Mart\u00ednez, analiza los resultados del sondeo \u201cDocentes ante las violencias en la escuela\u201d que realiz\u00f3 el Colegio de Profesores de Chile.<\/i><\/li>\n<\/ul>\n<p>[\/vc_column_text][vc_column_text]\u00a0[\/vc_column_text][vc_column_text]Identificar frecuencia y grado de agresiones contra docentes en escuelas y liceos de Chile, as\u00ed como determinar c\u00f3mo los hechos violentos inciden en el profesorado, en relaci\u00f3n a la percepci\u00f3n de la instituci\u00f3n escolar y su relaci\u00f3n con los otros estamentos de la comunidad escolar, son parte de los objetivos del sondeo que realiz\u00f3 el\u00a0<a href=\"https:\/\/www.colegiodeprofesores.cl\/\" data-saferedirecturl=\"https:\/\/www.google.com\/url?q=https:\/\/www.colegiodeprofesores.cl\/&amp;source=gmail&amp;ust=1700132931190000&amp;usg=AOvVaw2TWhWxDgeaJ7S0D-cV9-hr\">Colegio de Profesores de Chile<\/a>, a trav\u00e9s de su Departamento de Educaci\u00f3n y Perfeccionamiento.<\/p>\n<p>M\u00e1s de 4.000 profesores\/as del norte, centro y sur de Chile fueron parte de una encuesta de 69 preguntas que arroj\u00f3 la presencia de violencia en las aulas. Y esta violencia incluye, entre las m\u00e1s habituales, los insultos y las amenazas realizadas en los colegios por estudiantes y apoderados.<\/p>\n<p>Asimismo, muestra que las emociones de los profesores\/as respecto a su trabajo es de optimismo, pero con \u201cmalestar subyacente\u201d. Son las maestras y j\u00f3venes, quienes tienen una percepci\u00f3n m\u00e1s positiva de la escuela y sus actores.<\/p>\n<p>En materia de g\u00e9nero son las profesoras, m\u00e1s que los profesores, las que sufren m\u00e1s agresiones. Respecto de los cargos, son los maestros\/as que ejercen como profesor\/a jefe\/a quienes reciben m\u00e1s actos de violencia.<\/p>\n<h4><strong>Razones esgrimidas y violencia sexual<\/strong><\/h4>\n<p>Sobre las razones percibidas en los conflictos con los estudiantes aparecen como las cuatro principales: \u201cpoca disposici\u00f3n del\/la estudiante al trabajo acad\u00e9mico\u201d; \u201cdificultades emocionales que est\u00e1n enfrentando\u201d; \u201cdificultad de los\/las estudiantes para guardar silencio en la clase\u201d, y \u201cfalta de control de impulsos en estudiantes que llevan el conflicto a agresiones\u201d.<\/p>\n<p>En materia de violencia sexual los profesores\/as encuestados\/as respondieron que en 3% de los casos, s\u00ed han sufrido violencia sexual, y en cuanto a los agentes de \u00e9sta, un 38,06% corresponde a estudiantes y un 36,12% a colegas; el tercer lugar lo ocupan otros trabajadores de la educaci\u00f3n con un 7,09%. Asimismo, son las mujeres, las que mayoritariamente, sufren estas agresiones.<\/p>\n<h4><strong>Datos preocupantes<\/strong><\/h4>\n<p>Para el acad\u00e9mico del\u00a0<a href=\"https:\/\/www.uoh.cl\/instituto-de-ciencias-de-la-educacion\/\" data-saferedirecturl=\"https:\/\/www.google.com\/url?q=https:\/\/www.uoh.cl\/instituto-de-ciencias-de-la-educacion\/&amp;source=gmail&amp;ust=1700132931190000&amp;usg=AOvVaw0Ad9sWxLC0Oi616YSxmrGP\">Instituto de Ciencias de la Educaci\u00f3n<\/a>\u00a0de la\u00a0<a href=\"http:\/\/www.uoh.cl\/\" data-saferedirecturl=\"https:\/\/www.google.com\/url?q=http:\/\/www.uoh.cl\/&amp;source=gmail&amp;ust=1700132931190000&amp;usg=AOvVaw0Gg42bvXR42nI9i82HB3qQ\">Universidad de O\u2019Higgins<\/a>,\u00a0<a href=\"https:\/\/www.uoh.cl\/investigacion\/academico\/david-martinez\/\" data-saferedirecturl=\"https:\/\/www.google.com\/url?q=https:\/\/www.uoh.cl\/investigacion\/academico\/david-martinez\/&amp;source=gmail&amp;ust=1700132931190000&amp;usg=AOvVaw0KrXOvP9Zl4-QyGVAZdmQa\">David Mart\u00ednez<\/a>, los resultados de la encuesta son \u201cpreocupantes, porque muestran que los docentes, son v\u00edctimas de violencia en los establecimientos. Y es preocupante, porque la investigaci\u00f3n en educaci\u00f3n se\u00f1ala que uno de los factores m\u00e1s importantes del proceso de ense\u00f1anza-aprendizaje en los establecimientos es el trabajo que llevan a cabo los docentes. Por ende, si los profesores no pueden desarrollar en condiciones adecuadas su labor, sin duda, eso impactar\u00e1 en la calidad del proceso educativo\u201d.<\/p>\n<p>Un segundo punto que releva David Mart\u00ednez, es el que se\u00f1ala que las profesoras sufren m\u00e1s agresiones que los profesores. \u201cEsto mostrar\u00eda que, a pesar de toda la visibilizaci\u00f3n y el \u00e9nfasis que se le ha dado a la tem\u00e1tica de g\u00e9nero, todav\u00eda nuestra sociedad no ha avanzado lo suficiente en este punto\u201d.<\/p>\n<p><strong>\u00bfEs necesario un cambio de actitud de los apoderados para que las cosas cambien?<\/strong><\/p>\n<p><strong>\u201c<\/strong>Es necesario que los actores de las comunidades educativas pongan de su parte para la construcci\u00f3n de espacios donde prevalezcan formas democr\u00e1ticas de abordar las diferencias. Esto, en tanto la violencia no es un mecanismo v\u00e1lido de resoluci\u00f3n de conflictos. Los estudiantes, como todos los miembros de la comunidad educativa, tienen tanto derechos como deberes\u201d.<\/p>\n<p><strong>\u00bfFalta di\u00e1logo, compromiso y trabajo conjunto?<\/strong><\/p>\n<p>\u201cEfectivamente. Es necesario trabajar en conjunto esta realidad. Y para ello, se requiere de di\u00e1logo y de compromisos. Un mecanismo privilegiado para abordar las situaciones conflictivas es el di\u00e1logo entre los miembros de la comunidad educativa. De esa forma, es posible visualizar alternativas para trabajar dichas situaciones y eventualmente resolverlas\u201d.<\/p>\n<p><strong>Ante las agresiones sexuales, \u00bfc\u00f3mo se deben hacer cargo los colegios, los padres, los profesores?<\/strong><\/p>\n<p>\u201cEs fundamental abordar estas problem\u00e1ticas, especialmente, dada su gravedad y los impactos que estos hechos pueden tener tanto en las v\u00edctimas directas como en las comunidades educativas. Muchas veces, frente a este tipo de situaciones, operan visiones y pr\u00e1cticas que tienden a la naturalizaci\u00f3n de las agresiones o al simple silencio. Esto no puede ser aceptado en los establecimientos porque constituyen vulneraciones de derechos. As\u00ed, los establecimientos tienen el deber de problematizar estas situaciones e incluso realizar las denuncias correspondientes. Adem\u00e1s, se requiere realizar tareas de prevenci\u00f3n, a trav\u00e9s de capacitaciones y de acciones de sensibilizaci\u00f3n para toda la comunidad educativa\u201d.[\/vc_column_text][vc_zigzag color=&#8221;white&#8221;][\/vc_column][\/vc_row][\/vc_section][vc_section css=&#8221;.vc_custom_1650255686594{background-color: #f6faff !important;}&#8221; el_class=&#8221;p-md-0 pt-md-5&#8243;][vc_row el_class=&#8221;container mx-auto align-items-center p-md-0 pt-5 pb-5&#8243;][vc_column el_class=&#8221;pb-5&#8243;][vc_row_inner el_class=&#8221;pb-5&#8243;][vc_column_inner]<div class=\"row m-0 p-0\"><div class=\"col-12 col-md-9 pt-5 pt-md-0\"><h2 class=\"title title--decorator title--ms d-inline-block\">Te Recomendamos<\/h2><\/div><\/div><div class=\"content-holder\"><div class=\"row  swipper-news-list not--activate-hack \"><div class=\"row -wrapper\"><div class=\"  col-sm-6 col-md-4 img-article\">\n                                        <div class=\"content-news-display row m-0 p-0\"><div class=\"holder p-0 \"><div class=\"img-wrap img-wrap-news\">\n                                        <div class=\"caption__news-category\">\n                                        <a href=\"https:\/\/www.uoh.cl\/escuela-de-educacion\/category\/institucional\/\">\n                                        Institucional<\/a><\/div><img decoding=\"async\" class=\"w-100 h-100 lazyload\" data-src=\"https:\/\/www.uoh.cl\/escuela-de-educacion\/wp-content\/uploads\/sites\/17\/2026\/04\/Inauguracion-Ano-Academico-2026-6.jpg\" alt=\"Reflexi\u00f3n universitaria: UOH inaugura A\u00f1o Acad\u00e9mico 2026 pensando en los desaf\u00edos de la Educaci\u00f3n Superior\" style=\"--smush-placeholder-width: 1500px; --smush-placeholder-aspect-ratio: 1500\/1000;object-fit: cover; object-position: center;\" src=\"data:image\/svg+xml;base64,PHN2ZyB3aWR0aD0iMSIgaGVpZ2h0PSIxIiB4bWxucz0iaHR0cDovL3d3dy53My5vcmcvMjAwMC9zdmciPjwvc3ZnPg==\"><\/div><\/div><div class=\"caption py-3 caption__news py-md-3 pb-md-5\">\n                                    <span class=\"caption__date\">Mi\u00e9rcoles 29, Abril<\/span>\n                                     <a href=\"https:\/\/www.uoh.cl\/escuela-de-educacion\/2026\/04\/29\/reflexion-universitaria-uoh-inaugura-ano-academico-2026-pensando-en-los-desafios-de-la-educacion-superior\/\">\n                                    <h3 class=\"small-space\">Reflexi\u00f3n universitaria: UOH inaugura A\u00f1o Acad\u00e9mico 2026 pensando en los desaf\u00edos de la Educaci\u00f3n Superior<\/h3><\/a>\n\n                                    <p>La ceremonia promovi\u00f3 el an\u00e1lisis acerca de los cambios educativos que se avecinan dentro de los procesos de formaci\u00f3n universitaria ajustados a contextos digitales.   <\/p>\n                                    <a class=\"link link--bold mt-md-3\" href=\"https:\/\/www.uoh.cl\/escuela-de-educacion\/2026\/04\/29\/reflexion-universitaria-uoh-inaugura-ano-academico-2026-pensando-en-los-desafios-de-la-educacion-superior\/\">Saber m\u00e1s <span class=\"icon icon--inline icon--link\"><svg version=\"1.1\" xmlns=\"http:\/\/www.w3.org\/2000\/svg\" xmlns:xlink=\"http:\/\/www.w3.org\/1999\/xlink\" x=\"0px\" y=\"0px\" width=\"22px\"height=\"22px\" viewBox=\"0 0 22 22\" style=\"overflow:visible;enable-background:new 0 0 80 64.6;\" xml:space=\"preserve\"><g clip-path=\"url(#acA)\"><path fill-rule=\"evenodd\" d=\"M21.913 11.266a.93.93 0 000-.711c-.022-.056-.063-.097-.091-.144s-.053-.103-.097-.15L12.306.294c-.357-.379-.955-.394-1.334-.038s-.394.955-.038 1.334l7.917 8.374H.927a.95.95 0 00-.908.983.946.946 0 00.908.908h17.924l-8.089 8.552c-.357.379-.341.977.034 1.334s.977.341 1.334-.034l9.594-10.148c.044-.044.063-.1.097-.15.028-.047.069-.088.091-.141z\"\/><\/g><defs><clipPath id=\"acA\"><path fill=\"#fff\" d=\"M0 0h22v22H0z\"\/><\/clipPath><\/defs><\/svg><\/span><\/a><\/div><\/div><\/div><div class=\"  col-sm-6 col-md-4 img-article\">\n                                        <div class=\"content-news-display row m-0 p-0\"><div class=\"holder p-0 \"><div class=\"img-wrap img-wrap-news\">\n                                        <div class=\"caption__news-category\">\n                                        <a href=\"https:\/\/www.uoh.cl\/escuela-de-educacion\/category\/institucional\/\">\n                                        Institucional<\/a><\/div><img decoding=\"async\" class=\"w-100 h-100 lazyload\" data-src=\"https:\/\/www.uoh.cl\/escuela-de-educacion\/wp-content\/uploads\/sites\/17\/2026\/04\/Feria-del-Libro-2026-20-ESTUDIANTES-EL-TAMBO.jpg\" alt=\"Cuarta Feria del Libro UOH: una muestra de interculturalidad\" style=\"--smush-placeholder-width: 1500px; --smush-placeholder-aspect-ratio: 1500\/1000;object-fit: cover; object-position: center;\" src=\"data:image\/svg+xml;base64,PHN2ZyB3aWR0aD0iMSIgaGVpZ2h0PSIxIiB4bWxucz0iaHR0cDovL3d3dy53My5vcmcvMjAwMC9zdmciPjwvc3ZnPg==\"><\/div><\/div><div class=\"caption py-3 caption__news py-md-3 pb-md-5\">\n                                    <span class=\"caption__date\">Martes 28, Abril<\/span>\n                                     <a href=\"https:\/\/www.uoh.cl\/escuela-de-educacion\/2026\/04\/28\/cuarta-feria-del-libro-uoh-una-muestra-de-interculturalidad\/\">\n                                    <h3 class=\"small-space\">Cuarta Feria del Libro UOH: una muestra de interculturalidad<\/h3><\/a>\n\n                                    <p>El trabajo conjunto de la Unidad de Bibliotecas con distintas direcciones de la Universidad dio como fruto una variada agenda de actividades que incluy\u00f3 a estudiantes, una escritora comediante, m\u00fasicos y editoriales.<\/p>\n                                    <a class=\"link link--bold mt-md-3\" href=\"https:\/\/www.uoh.cl\/escuela-de-educacion\/2026\/04\/28\/cuarta-feria-del-libro-uoh-una-muestra-de-interculturalidad\/\">Saber m\u00e1s <span class=\"icon icon--inline icon--link\"><svg version=\"1.1\" xmlns=\"http:\/\/www.w3.org\/2000\/svg\" xmlns:xlink=\"http:\/\/www.w3.org\/1999\/xlink\" x=\"0px\" y=\"0px\" width=\"22px\"height=\"22px\" viewBox=\"0 0 22 22\" style=\"overflow:visible;enable-background:new 0 0 80 64.6;\" xml:space=\"preserve\"><g clip-path=\"url(#acA)\"><path fill-rule=\"evenodd\" d=\"M21.913 11.266a.93.93 0 000-.711c-.022-.056-.063-.097-.091-.144s-.053-.103-.097-.15L12.306.294c-.357-.379-.955-.394-1.334-.038s-.394.955-.038 1.334l7.917 8.374H.927a.95.95 0 00-.908.983.946.946 0 00.908.908h17.924l-8.089 8.552c-.357.379-.341.977.034 1.334s.977.341 1.334-.034l9.594-10.148c.044-.044.063-.1.097-.15.028-.047.069-.088.091-.141z\"\/><\/g><defs><clipPath id=\"acA\"><path fill=\"#fff\" d=\"M0 0h22v22H0z\"\/><\/clipPath><\/defs><\/svg><\/span><\/a><\/div><\/div><\/div><div class=\"  col-sm-6 col-md-4 img-article\">\n                                        <div class=\"content-news-display row m-0 p-0\"><div class=\"holder p-0 \"><div class=\"img-wrap img-wrap-news\">\n                                        <div class=\"caption__news-category\">\n                                        <a href=\"https:\/\/www.uoh.cl\/escuela-de-educacion\/category\/educacion\/\">\n                                        Educaci\u00f3n<\/a><\/div><img decoding=\"async\" class=\"w-100 h-100 lazyload\" data-src=\"https:\/\/www.uoh.cl\/escuela-de-educacion\/wp-content\/uploads\/sites\/17\/2026\/04\/Estudiantes-de-Pedagogia-en-Educacion-Basica-celebraron-el-Dia-del-Libro-con-feria-multimodal-en-la-UOH-1.png\" alt=\"Estudiantes de Pedagog\u00eda en Educaci\u00f3n B\u00e1sica celebraron el D\u00eda del Libro con feria multimodal en la UOH\" style=\"--smush-placeholder-width: 1500px; --smush-placeholder-aspect-ratio: 1500\/1000;object-fit: cover; object-position: center;\" src=\"data:image\/svg+xml;base64,PHN2ZyB3aWR0aD0iMSIgaGVpZ2h0PSIxIiB4bWxucz0iaHR0cDovL3d3dy53My5vcmcvMjAwMC9zdmciPjwvc3ZnPg==\"><\/div><\/div><div class=\"caption py-3 caption__news py-md-3 pb-md-5\">\n                                    <span class=\"caption__date\">Lunes 27, Abril<\/span>\n                                     <a href=\"https:\/\/www.uoh.cl\/escuela-de-educacion\/2026\/04\/27\/estudiantes-de-pedagogia-en-educacion-basica-celebraron-el-dia-del-libro-con-feria-multimodal-en-la-uoh\/\">\n                                    <h3 class=\"small-space\">Estudiantes de Pedagog\u00eda en Educaci\u00f3n B\u00e1sica celebraron el D\u00eda del Libro con feria multimodal en la UOH<\/h3><\/a>\n\n                                    <p>La actividad reuni\u00f3 17 stands tem\u00e1ticos creados por estudiantes, quienes promovieron la lectura tradicional y los formatos contempor\u00e1neos en una jornada abierta a la comunidad universitaria. <\/p>\n                                    <a class=\"link link--bold mt-md-3\" href=\"https:\/\/www.uoh.cl\/escuela-de-educacion\/2026\/04\/27\/estudiantes-de-pedagogia-en-educacion-basica-celebraron-el-dia-del-libro-con-feria-multimodal-en-la-uoh\/\">Saber m\u00e1s <span class=\"icon icon--inline icon--link\"><svg version=\"1.1\" xmlns=\"http:\/\/www.w3.org\/2000\/svg\" xmlns:xlink=\"http:\/\/www.w3.org\/1999\/xlink\" x=\"0px\" y=\"0px\" width=\"22px\"height=\"22px\" viewBox=\"0 0 22 22\" style=\"overflow:visible;enable-background:new 0 0 80 64.6;\" xml:space=\"preserve\"><g clip-path=\"url(#acA)\"><path fill-rule=\"evenodd\" d=\"M21.913 11.266a.93.93 0 000-.711c-.022-.056-.063-.097-.091-.144s-.053-.103-.097-.15L12.306.294c-.357-.379-.955-.394-1.334-.038s-.394.955-.038 1.334l7.917 8.374H.927a.95.95 0 00-.908.983.946.946 0 00.908.908h17.924l-8.089 8.552c-.357.379-.341.977.034 1.334s.977.341 1.334-.034l9.594-10.148c.044-.044.063-.1.097-.15.028-.047.069-.088.091-.141z\"\/><\/g><defs><clipPath id=\"acA\"><path fill=\"#fff\" d=\"M0 0h22v22H0z\"\/><\/clipPath><\/defs><\/svg><\/span><\/a><\/div><\/div><\/div><\/div><\/div><\/div><div class=\"pagination justify-content-center my-5\"><span aria-current=\"page\" class=\"page-numbers current\">1<\/span>\n<a class=\"page-numbers\" href=\"https:\/\/www.uoh.cl\/escuela-de-educacion\/wp-json\/wp\/v2\/posts\/2501\/\/page\/2\">2<\/a>\n<a class=\"page-numbers\" href=\"https:\/\/www.uoh.cl\/escuela-de-educacion\/wp-json\/wp\/v2\/posts\/2501\/\/page\/3\">3<\/a>\n<span class=\"page-numbers dots\">&hellip;<\/span>\n<a class=\"page-numbers\" href=\"https:\/\/www.uoh.cl\/escuela-de-educacion\/wp-json\/wp\/v2\/posts\/2501\/\/page\/154\">154<\/a>\n<a class=\"next page-numbers\" href=\"https:\/\/www.uoh.cl\/escuela-de-educacion\/wp-json\/wp\/v2\/posts\/2501\/\/page\/2\"><div class=\"icon-pagination-next\"> <?xml version=\"1.0\" ?><svg viewBox=\"0 0 96 96\" xmlns=\"http:\/\/www.w3.org\/2000\/svg\"><title\/><path d=\"M39.3756,48.0022l30.47-25.39a6.0035,6.0035,0,0,0-7.6878-9.223L26.1563,43.3906a6.0092,6.0092,0,0,0,0,9.2231L62.1578,82.615a6.0035,6.0035,0,0,0,7.6878-9.2231Z\"\/><\/svg> <\/div><\/a><\/div>[\/vc_column_inner][\/vc_row_inner][\/vc_column][\/vc_row][\/vc_section]<\/p>\n<\/div>","protected":false},"excerpt":{"rendered":"<p>El acad\u00e9mico del Instituto de Ciencias de la Educaci\u00f3n, David Mart\u00ednez, analiza los resultados del sondeo \u201cDocentes ante las violencias en la escuela\u201d que realiz\u00f3 el Colegio de Profesores de Chile.<\/p>\n","protected":false},"author":34,"featured_media":2502,"comment_status":"open","ping_status":"open","sticky":false,"template":"","format":"standard","meta":{"_acf_changed":false,"footnotes":""},"categories":[25],"tags":[],"class_list":["post-2501","post","type-post","status-publish","format-standard","has-post-thumbnail","hentry","category-educacion"],"acf":[],"yoast_head":"<!-- This site is optimized with the Yoast SEO plugin v26.6 - https:\/\/yoast.com\/wordpress\/plugins\/seo\/ -->\n<title>La violencia se instal\u00f3 en las salas de clases - Escuela de Educaci\u00f3n<\/title>\n<meta name=\"description\" content=\"El acad\u00e9mico del Instituto de Ciencias de la Educaci\u00f3n, David Mart\u00ednez, analiza los resultados del sondeo \u201cDocentes ante las violencias en la escuela\u201d que realiz\u00f3 el Colegio de Profesores de Chile.\" \/>\n<meta name=\"robots\" content=\"noindex, nofollow\" \/>\n<meta property=\"og:locale\" content=\"es_ES\" \/>\n<meta property=\"og:type\" content=\"article\" \/>\n<meta property=\"og:title\" content=\"La violencia se instal\u00f3 en las salas de clases - Escuela de Educaci\u00f3n\" \/>\n<meta property=\"og:description\" content=\"El acad\u00e9mico del Instituto de Ciencias de la Educaci\u00f3n, David Mart\u00ednez, analiza los resultados del sondeo \u201cDocentes ante las violencias en la escuela\u201d que realiz\u00f3 el Colegio de Profesores de Chile.\" \/>\n<meta property=\"og:url\" content=\"https:\/\/www.uoh.cl\/escuela-de-educacion\/2023\/11\/15\/la-violencia-se-instalo-en-las-salas-de-clases\/\" \/>\n<meta property=\"og:site_name\" content=\"Escuela de Educaci\u00f3n\" \/>\n<meta property=\"article:published_time\" content=\"2023-11-15T11:41:52+00:00\" \/>\n<meta property=\"og:image\" content=\"https:\/\/www.uoh.cl\/escuela-de-educacion\/wp-content\/uploads\/sites\/17\/2023\/11\/Profesora.png\" \/>\n\t<meta property=\"og:image:width\" content=\"1000\" \/>\n\t<meta property=\"og:image:height\" content=\"1000\" \/>\n\t<meta property=\"og:image:type\" content=\"image\/png\" \/>\n<meta name=\"author\" content=\"Universidad de O&#039;Higgins\" \/>\n<meta name=\"twitter:card\" content=\"summary_large_image\" \/>\n<meta name=\"twitter:label1\" content=\"Escrito por\" \/>\n\t<meta name=\"twitter:data1\" content=\"Universidad de O&#039;Higgins\" \/>\n\t<meta name=\"twitter:label2\" content=\"Tiempo estimado de lectura\" \/>\n\t<meta name=\"twitter:data2\" content=\"4 minutos\" \/>\n<script type=\"application\/ld+json\" class=\"yoast-schema-graph\">{\"@context\":\"https:\/\/schema.org\",\"@graph\":[{\"@type\":\"WebPage\",\"@id\":\"https:\/\/www.uoh.cl\/escuela-de-educacion\/2023\/11\/15\/la-violencia-se-instalo-en-las-salas-de-clases\/\",\"url\":\"https:\/\/www.uoh.cl\/escuela-de-educacion\/2023\/11\/15\/la-violencia-se-instalo-en-las-salas-de-clases\/\",\"name\":\"La violencia se instal\u00f3 en las salas de clases - Escuela de Educaci\u00f3n\",\"isPartOf\":{\"@id\":\"https:\/\/www.uoh.cl\/escuela-de-educacion\/#website\"},\"primaryImageOfPage\":{\"@id\":\"https:\/\/www.uoh.cl\/escuela-de-educacion\/2023\/11\/15\/la-violencia-se-instalo-en-las-salas-de-clases\/#primaryimage\"},\"image\":{\"@id\":\"https:\/\/www.uoh.cl\/escuela-de-educacion\/2023\/11\/15\/la-violencia-se-instalo-en-las-salas-de-clases\/#primaryimage\"},\"thumbnailUrl\":\"https:\/\/www.uoh.cl\/escuela-de-educacion\/wp-content\/uploads\/sites\/17\/2023\/11\/Profesora.png\",\"datePublished\":\"2023-11-15T11:41:52+00:00\",\"author\":{\"@id\":\"https:\/\/www.uoh.cl\/escuela-de-educacion\/#\/schema\/person\/ea242e676c7d6d7e46fc8b9e39486c4f\"},\"description\":\"El acad\u00e9mico del Instituto de Ciencias de la Educaci\u00f3n, David Mart\u00ednez, analiza los resultados del sondeo \u201cDocentes ante las violencias en la escuela\u201d que realiz\u00f3 el Colegio de Profesores de Chile.\",\"inLanguage\":\"es-CL\",\"potentialAction\":[{\"@type\":\"ReadAction\",\"target\":[\"https:\/\/www.uoh.cl\/escuela-de-educacion\/2023\/11\/15\/la-violencia-se-instalo-en-las-salas-de-clases\/\"]}]},{\"@type\":\"ImageObject\",\"inLanguage\":\"es-CL\",\"@id\":\"https:\/\/www.uoh.cl\/escuela-de-educacion\/2023\/11\/15\/la-violencia-se-instalo-en-las-salas-de-clases\/#primaryimage\",\"url\":\"https:\/\/www.uoh.cl\/escuela-de-educacion\/wp-content\/uploads\/sites\/17\/2023\/11\/Profesora.png\",\"contentUrl\":\"https:\/\/www.uoh.cl\/escuela-de-educacion\/wp-content\/uploads\/sites\/17\/2023\/11\/Profesora.png\",\"width\":1000,\"height\":1000},{\"@type\":\"WebSite\",\"@id\":\"https:\/\/www.uoh.cl\/escuela-de-educacion\/#website\",\"url\":\"https:\/\/www.uoh.cl\/escuela-de-educacion\/\",\"name\":\"Escuela de Educaci\u00f3n\",\"description\":\"Otro sitio de Sitios de Universidad O'higgins\",\"potentialAction\":[{\"@type\":\"SearchAction\",\"target\":{\"@type\":\"EntryPoint\",\"urlTemplate\":\"https:\/\/www.uoh.cl\/escuela-de-educacion\/?s={search_term_string}\"},\"query-input\":{\"@type\":\"PropertyValueSpecification\",\"valueRequired\":true,\"valueName\":\"search_term_string\"}}],\"inLanguage\":\"es-CL\"},{\"@type\":\"Person\",\"@id\":\"https:\/\/www.uoh.cl\/escuela-de-educacion\/#\/schema\/person\/ea242e676c7d6d7e46fc8b9e39486c4f\",\"name\":\"Universidad de O'Higgins\",\"image\":{\"@type\":\"ImageObject\",\"inLanguage\":\"es-CL\",\"@id\":\"https:\/\/www.uoh.cl\/escuela-de-educacion\/#\/schema\/person\/image\/\",\"url\":\"https:\/\/secure.gravatar.com\/avatar\/78fcb76ca05efae11fd355943c01a832a29786cc00d85b1a82c301bea2b2a214?s=96&d=mm&r=g\",\"contentUrl\":\"https:\/\/secure.gravatar.com\/avatar\/78fcb76ca05efae11fd355943c01a832a29786cc00d85b1a82c301bea2b2a214?s=96&d=mm&r=g\",\"caption\":\"Universidad de O'Higgins\"}}]}<\/script>\n<!-- \/ Yoast SEO plugin. -->","yoast_head_json":{"title":"La violencia se instal\u00f3 en las salas de clases - Escuela de Educaci\u00f3n","description":"El acad\u00e9mico del Instituto de Ciencias de la Educaci\u00f3n, David Mart\u00ednez, analiza los resultados del sondeo \u201cDocentes ante las violencias en la escuela\u201d que realiz\u00f3 el Colegio de Profesores de Chile.","robots":{"index":"noindex","follow":"nofollow"},"og_locale":"es_ES","og_type":"article","og_title":"La violencia se instal\u00f3 en las salas de clases - Escuela de Educaci\u00f3n","og_description":"El acad\u00e9mico del Instituto de Ciencias de la Educaci\u00f3n, David Mart\u00ednez, analiza los resultados del sondeo \u201cDocentes ante las violencias en la escuela\u201d que realiz\u00f3 el Colegio de Profesores de Chile.","og_url":"https:\/\/www.uoh.cl\/escuela-de-educacion\/2023\/11\/15\/la-violencia-se-instalo-en-las-salas-de-clases\/","og_site_name":"Escuela de Educaci\u00f3n","article_published_time":"2023-11-15T11:41:52+00:00","og_image":[{"width":1000,"height":1000,"url":"https:\/\/www.uoh.cl\/escuela-de-educacion\/wp-content\/uploads\/sites\/17\/2023\/11\/Profesora.png","type":"image\/png"}],"author":"Universidad de O'Higgins","twitter_card":"summary_large_image","twitter_misc":{"Escrito por":"Universidad de O'Higgins","Tiempo estimado de lectura":"4 minutos"},"schema":{"@context":"https:\/\/schema.org","@graph":[{"@type":"WebPage","@id":"https:\/\/www.uoh.cl\/escuela-de-educacion\/2023\/11\/15\/la-violencia-se-instalo-en-las-salas-de-clases\/","url":"https:\/\/www.uoh.cl\/escuela-de-educacion\/2023\/11\/15\/la-violencia-se-instalo-en-las-salas-de-clases\/","name":"La violencia se instal\u00f3 en las salas de clases - Escuela de Educaci\u00f3n","isPartOf":{"@id":"https:\/\/www.uoh.cl\/escuela-de-educacion\/#website"},"primaryImageOfPage":{"@id":"https:\/\/www.uoh.cl\/escuela-de-educacion\/2023\/11\/15\/la-violencia-se-instalo-en-las-salas-de-clases\/#primaryimage"},"image":{"@id":"https:\/\/www.uoh.cl\/escuela-de-educacion\/2023\/11\/15\/la-violencia-se-instalo-en-las-salas-de-clases\/#primaryimage"},"thumbnailUrl":"https:\/\/www.uoh.cl\/escuela-de-educacion\/wp-content\/uploads\/sites\/17\/2023\/11\/Profesora.png","datePublished":"2023-11-15T11:41:52+00:00","author":{"@id":"https:\/\/www.uoh.cl\/escuela-de-educacion\/#\/schema\/person\/ea242e676c7d6d7e46fc8b9e39486c4f"},"description":"El acad\u00e9mico del Instituto de Ciencias de la Educaci\u00f3n, David Mart\u00ednez, analiza los resultados del sondeo \u201cDocentes ante las violencias en la escuela\u201d que realiz\u00f3 el Colegio de Profesores de Chile.","inLanguage":"es-CL","potentialAction":[{"@type":"ReadAction","target":["https:\/\/www.uoh.cl\/escuela-de-educacion\/2023\/11\/15\/la-violencia-se-instalo-en-las-salas-de-clases\/"]}]},{"@type":"ImageObject","inLanguage":"es-CL","@id":"https:\/\/www.uoh.cl\/escuela-de-educacion\/2023\/11\/15\/la-violencia-se-instalo-en-las-salas-de-clases\/#primaryimage","url":"https:\/\/www.uoh.cl\/escuela-de-educacion\/wp-content\/uploads\/sites\/17\/2023\/11\/Profesora.png","contentUrl":"https:\/\/www.uoh.cl\/escuela-de-educacion\/wp-content\/uploads\/sites\/17\/2023\/11\/Profesora.png","width":1000,"height":1000},{"@type":"WebSite","@id":"https:\/\/www.uoh.cl\/escuela-de-educacion\/#website","url":"https:\/\/www.uoh.cl\/escuela-de-educacion\/","name":"Escuela de Educaci\u00f3n","description":"Otro sitio de Sitios de Universidad O'higgins","potentialAction":[{"@type":"SearchAction","target":{"@type":"EntryPoint","urlTemplate":"https:\/\/www.uoh.cl\/escuela-de-educacion\/?s={search_term_string}"},"query-input":{"@type":"PropertyValueSpecification","valueRequired":true,"valueName":"search_term_string"}}],"inLanguage":"es-CL"},{"@type":"Person","@id":"https:\/\/www.uoh.cl\/escuela-de-educacion\/#\/schema\/person\/ea242e676c7d6d7e46fc8b9e39486c4f","name":"Universidad de O'Higgins","image":{"@type":"ImageObject","inLanguage":"es-CL","@id":"https:\/\/www.uoh.cl\/escuela-de-educacion\/#\/schema\/person\/image\/","url":"https:\/\/secure.gravatar.com\/avatar\/78fcb76ca05efae11fd355943c01a832a29786cc00d85b1a82c301bea2b2a214?s=96&d=mm&r=g","contentUrl":"https:\/\/secure.gravatar.com\/avatar\/78fcb76ca05efae11fd355943c01a832a29786cc00d85b1a82c301bea2b2a214?s=96&d=mm&r=g","caption":"Universidad de O'Higgins"}}]}},"_links":{"self":[{"href":"https:\/\/www.uoh.cl\/escuela-de-educacion\/wp-json\/wp\/v2\/posts\/2501","targetHints":{"allow":["GET"]}}],"collection":[{"href":"https:\/\/www.uoh.cl\/escuela-de-educacion\/wp-json\/wp\/v2\/posts"}],"about":[{"href":"https:\/\/www.uoh.cl\/escuela-de-educacion\/wp-json\/wp\/v2\/types\/post"}],"author":[{"embeddable":true,"href":"https:\/\/www.uoh.cl\/escuela-de-educacion\/wp-json\/wp\/v2\/users\/34"}],"replies":[{"embeddable":true,"href":"https:\/\/www.uoh.cl\/escuela-de-educacion\/wp-json\/wp\/v2\/comments?post=2501"}],"version-history":[{"count":0,"href":"https:\/\/www.uoh.cl\/escuela-de-educacion\/wp-json\/wp\/v2\/posts\/2501\/revisions"}],"wp:featuredmedia":[{"embeddable":true,"href":"https:\/\/www.uoh.cl\/escuela-de-educacion\/wp-json\/wp\/v2\/media\/2502"}],"wp:attachment":[{"href":"https:\/\/www.uoh.cl\/escuela-de-educacion\/wp-json\/wp\/v2\/media?parent=2501"}],"wp:term":[{"taxonomy":"category","embeddable":true,"href":"https:\/\/www.uoh.cl\/escuela-de-educacion\/wp-json\/wp\/v2\/categories?post=2501"},{"taxonomy":"post_tag","embeddable":true,"href":"https:\/\/www.uoh.cl\/escuela-de-educacion\/wp-json\/wp\/v2\/tags?post=2501"}],"curies":[{"name":"wp","href":"https:\/\/api.w.org\/{rel}","templated":true}]}}