
{"id":3451,"date":"2026-09-01T17:29:57","date_gmt":"2026-09-01T20:29:57","guid":{"rendered":"https:\/\/www.uoh.cl\/escuela-de-ciencias-sociales\/docente-de-administracion-publica-expone-sobre-los-desafios-de-la-modernizacion-del-estado\/"},"modified":"2026-09-01T17:29:57","modified_gmt":"2026-09-01T20:29:57","slug":"docente-de-administracion-publica-expone-sobre-los-desafios-de-la-modernizacion-del-estado","status":"publish","type":"post","link":"https:\/\/www.uoh.cl\/escuela-de-ciencias-sociales\/docente-de-administracion-publica-expone-sobre-los-desafios-de-la-modernizacion-del-estado\/","title":{"rendered":"Docente de Administraci\u00f3n P\u00fablica expone sobre los desaf\u00edos de la modernizaci\u00f3n del Estado"},"content":{"rendered":"<div class=\"wpb-content-wrapper\"><p>[vc_section el_class=&#8221;container mx-auto align-items-center circle&#8211;pattern&#8221; css=&#8221;.vc_custom_1648956589196{padding-top: 3rem !important;}&#8221;][vc_row][vc_column]<div class=\"breadcrumb\"><ol itemscope itemtype=\"https:\/\/schema.org\/BreadcrumbList\"><li itemprop=\"itemListElement\" itemscope itemtype=\"https:\/\/schema.org\/ListItem\"><a itemprop=\"item\" href=\"http:\/\/www.uoh.cl\"><span itemprop=\"name\">Inicio<\/span><\/a><meta itemprop=\"position\" content=\"1\" \/><li itemprop=\"itemListElement\" itemscope itemtype=\"https:\/\/schema.org\/ListItem\"><a itemprop=\"item\" href=\"https:\/\/www.uoh.cl\/escuela-de-ciencias-sociales\"><span itemprop=\"name\">Escuela de Ciencias de Sociales<\/span><\/a><meta itemprop=\"position\" content=\"2\" \/><li itemprop=\"itemListElement\" itemscope itemtype=\"https:\/\/schema.org\/ListItem\"><a itemprop=\"item\" href=\"https:\/\/www.uoh.cl\/escuela-de-ciencias-sociales\/noticias\/\"><span itemprop=\"name\">Noticias<\/span><\/a><meta itemprop=\"position\" content=\"3\" \/><li itemprop=\"itemListElement\" itemscope itemtype=\"https:\/\/schema.org\/ListItem\"><span itemprop=\"name\">Docente de Administraci\u00f3n P\u00fablica expone sobre los desaf\u00edos de la <\/span><meta itemprop=\"position\" content=\"4\" \/><\/ol><\/div><ul class=\"p-0 list-style-none d-inline-block\"><li class=\"p-0\"><a href=https:\/\/www.uoh.cl\/escuela-de-ciencias-sociales\/category\/ciencias-sociales\/ class=\"px-1 py-2\">Ciencias Sociales<\/a><\/li><\/ul><div class=\"date_publish_post\"> \u25cf Mar 01 de Septiembre 2026<\/div><div class=\"uoh_title_component-container\"><h1 class=\"title title--ms d-inline-block title--decorator  big\">Docente de Administraci\u00f3n P\u00fablica expone sobre los desaf\u00edos de la modernizaci\u00f3n del Estado<\/h1><\/div>[vc_row_inner el_class=&#8221;border-separator m-0&#8243;][vc_column_inner width=&#8221;2\/3&#8243;]<div class=\"author_wp_class\"> Escrito por <span>Universidad de O'Higgins<\/span><\/div>[\/vc_column_inner][vc_column_inner el_class=&#8221;align-items-end-publish&#8221; width=&#8221;1\/3&#8243;]<div class=\"uoh_social_network_component uoh_row col-12 justify-content-end m-0 p-0\"> <div class=\"icon__facebook-share-button\">\n                       <a href=\"https:\/\/www.facebook.com\/sharer\/sharer.php?u=https:\/\/www.uoh.cl\/escuela-de-ciencias-sociales\/docente-de-administracion-publica-expone-sobre-los-desafios-de-la-modernizacion-del-estado\/\" target=\"_blank\"> <div class=\"icon__facebook-svg\"><svg version=\"1.1\" xmlns=\"http:\/\/www.w3.org\/2000\/svg\" xmlns:xlink=\"http:\/\/www.w3.org\/1999\/xlink\" x=\"0px\" y=\"0px\" width=\"22.4px\" height=\"48.3px\" viewBox=\"0 0 22.4 48.3\" style=\"overflow:visible;enable-background:new 0 0 22.4 48.3;\" xml:space=\"preserve\">\n                <defs>\n                <\/defs>\n                <path class=\"st0\" d=\"M22.4,15.6h-7.6v-5c0-1.9,1.2-2.3,2.1-2.3c0.9,0,5.4,0,5.4,0V0l-7.4,0C6.6,0,4.8,6.2,4.8,10.1v5.5H0v8.5h4.8\n                    c0,10.9,0,24.1,0,24.1h10c0,0,0-13.3,0-24.1h6.8L22.4,15.6z\"><\/path>\n                <\/svg><\/a><\/div>\n                    <\/div><div class=\"icon__twitter-share-button\">\n                        <div class=\"icon__twitter-svg\"><a target=\"_blank\" href=\"http:\/\/twitter.com\/share?url=https:\/\/www.uoh.cl\/escuela-de-ciencias-sociales\/docente-de-administracion-publica-expone-sobre-los-desafios-de-la-modernizacion-del-estado\/\"><svg xmlns=\"http:\/\/www.w3.org\/2000\/svg\" height=\"1em\" viewBox=\"0 0 512 512\"><!--! Font Awesome Free 6.4.2 by @fontawesome - https:\/\/fontawesome.com License - https:\/\/fontawesome.com\/license (Commercial License) Copyright 2023 Fonticons, Inc. --><path d=\"M389.2 48h70.6L305.6 224.2 487 464H345L233.7 318.6 106.5 464H35.8L200.7 275.5 26.8 48H172.4L272.9 180.9 389.2 48zM364.4 421.8h39.1L151.1 88h-42L364.4 421.8z\"\/><\/svg><\/a><\/div>\n                        <\/div><div class=\"icon__linkedin-share-button\">\n                        <div class=\"icon__linkedin-svg\">\n                        <a target=\"__blank\" href=\"https:\/\/www.linkedin.com\/sharing\/share-offsite\/?url=https:\/\/www.uoh.cl\/escuela-de-ciencias-sociales\/docente-de-administracion-publica-expone-sobre-los-desafios-de-la-modernizacion-del-estado\/\"><svg enable-background=\"new 0 0 100 100\" height=\"100px\" id=\"Layer_1\" version=\"1.1\" viewBox=\"0 0 100 100\" width=\"100px\" xml:space=\"preserve\" xmlns=\"http:\/\/www.w3.org\/2000\/svg\" xmlns:xlink=\"http:\/\/www.w3.org\/1999\/xlink\"><g><circle cx=\"50\" cy=\"50\" fill=\"#ccc\" r=\"45\"\/><g id=\"LinkedIn_1_\"><rect fill=\"#FFFFFF\" height=\"24.361\" width=\"7.69\" x=\"31.271\" y=\"43.569\"\/><path d=\"M59.968,43.334c-4.406,0-7.165,2.387-7.677,4.058v-3.823h-8.636c0.109,2.03,0,24.361,0,24.361h8.636    V54.748c0-0.733-0.034-1.465,0.19-1.991c0.594-1.464,1.869-2.985,4.162-2.985c2.998,0,4.361,2.253,4.361,5.552V67.93h8.721V54.384    C69.726,46.839,65.432,43.334,59.968,43.334z\" fill=\"#FFFFFF\"\/><path d=\"M34.973,32.069c-2.839,0-4.696,1.823-4.696,4.229c0,2.361,1.804,4.224,4.589,4.224h0.054    c2.891,0,4.69-1.869,4.69-4.229C39.555,33.888,37.81,32.069,34.973,32.069z\" fill=\"#FFFFFF\"\/><\/g><\/g><\/svg><\/a><\/div>\n\n            <\/div><\/div>[\/vc_column_inner][\/vc_row_inner][vc_single_image image=&#8221;80276&#8243; img_size=&#8221;full&#8221; add_caption=&#8221;yes&#8221; alignment=&#8221;center&#8221; onclick=&#8221;img_link_large&#8221; img_link_target=&#8221;_blank&#8221; css=&#8221;&#8221;][vc_column_text]\u00a0[\/vc_column_text][vc_column_text css=&#8221;&#8221;]<em>\u2022 Pablo Monje particip\u00f3 en una jornada de la Asociaci\u00f3n Nacional de Administradores P\u00fablicos de la Direcci\u00f3n de Vialidad, donde abord\u00f3 la relaci\u00f3n entre infraestructura, pobreza, equidad territorial y descentralizaci\u00f3n.<\/em>[\/vc_column_text][vc_column_text]\u00a0[\/vc_column_text][vc_column_text css=&#8221;&#8221;]Una carretera no solo conecta dos puntos. Para quienes viven en territorios aislados, puede significar un mejor acceso a servicios, menores costos de transporte y nuevas oportunidades para sus comunidades. Desde esa perspectiva, el docente adjunto de la carrera de <a href=\"https:\/\/www.uoh.cl\/escuela-de-ciencias-sociales\/carreras\/administracion-publica\/\">Administraci\u00f3n P\u00fablica<\/a> de la <a href=\"http:\/\/www.uoh.cl\/\">Universidad de O\u2019Higgins<\/a>, Pablo Monje Reyes, abord\u00f3 el rol social que cumple la infraestructura vial y su relaci\u00f3n con la superaci\u00f3n de brechas territoriales.<\/p>\n<p>El docente particip\u00f3 en la jornada nacional \u201cMejoramiento de la gesti\u00f3n institucional ANAP-DV\u201d, organizada por la Asociaci\u00f3n Nacional de Administradores P\u00fablicos de la Direcci\u00f3n de Vialidad (ANAP-DV), realizada en Santiago y que congreg\u00f3 a profesionales provenientes de distintas regiones del pa\u00eds.<\/p>\n<p>El encuentro estuvo orientado a analizar los componentes institucionales de la Direcci\u00f3n de Vialidad y relevar el aporte de sus profesionales administrativos y log\u00edsticos, adem\u00e1s de abordar materias relacionadas con infraestructura, conectividad territorial, probidad, control de gesti\u00f3n y los desaf\u00edos asociados a la transferencia de competencias en el contexto de la modernizaci\u00f3n y descentralizaci\u00f3n del Estado.<\/p>\n<h4><strong>Los caminos y su impacto social<\/strong><\/h4>\n<p>En este contexto, Monje present\u00f3 la ponencia \u201cRol social de la Direcci\u00f3n de Vialidad en la superaci\u00f3n de la pobreza de zonas aisladas, m\u00e1s all\u00e1 de s\u00f3lo hacer caminos\u201d, en la que plante\u00f3 una mirada sobre la infraestructura vial que trasciende su dimensi\u00f3n f\u00edsica y pone el acento en sus efectos sobre la calidad de vida de las comunidades.<\/p>\n<p>Durante su exposici\u00f3n, el acad\u00e9mico abord\u00f3 la relaci\u00f3n existente entre conectividad y pobreza multidimensional, tomando como referencia, antecedentes de la Regi\u00f3n de O\u2019Higgins y las particularidades que enfrentan comunas con mayores dificultades de conectividad.<\/p>\n<p>Uno de los casos analizados fue el de Navidad, utilizado para ejemplificar c\u00f3mo las caracter\u00edsticas territoriales y la disponibilidad de infraestructura pueden relacionarse con las posibilidades de acceso de las familias a servicios y oportunidades.<\/p>\n<p>Desde esta perspectiva, Monje plante\u00f3 que \u201ccontar con una adecuada red caminera puede favorecer la disponibilidad de servicios de transporte a menores costos y, con ello, generar efectos positivos en la econom\u00eda de los hogares\u201d. De esta manera, la labor desarrollada por la Direcci\u00f3n de Vialidad del Ministerio de Obras P\u00fablicas puede producir externalidades que van m\u00e1s all\u00e1 de la infraestructura y contribuir indirectamente a los objetivos de las pol\u00edticas sociales orientadas a la superaci\u00f3n de la pobreza.<\/p>\n<p>La exposici\u00f3n permiti\u00f3 as\u00ed relevar el car\u00e1cter social de la inversi\u00f3n p\u00fablica en conectividad, particularmente en aquellos territorios donde las distancias y las condiciones geogr\u00e1ficas pueden transformarse en barreras para acceder a servicios, educaci\u00f3n, salud, empleo y otras oportunidades.[\/vc_column_text][vc_zigzag color=&#8221;white&#8221;][\/vc_column][\/vc_row][vc_row][vc_column width=&#8221;1\/2&#8243;][vc_single_image image=&#8221;80284&#8243; img_size=&#8221;700&#215;450&#8243; onclick=&#8221;link_image&#8221; css=&#8221;&#8221;][\/vc_column][vc_column width=&#8221;1\/2&#8243;][vc_single_image image=&#8221;80283&#8243; img_size=&#8221;700&#215;450&#8243; onclick=&#8221;link_image&#8221; css=&#8221;&#8221;][\/vc_column][\/vc_row][vc_row][vc_column][vc_zigzag color=&#8221;white&#8221;][\/vc_column][\/vc_row][vc_row][vc_column][vc_column_text css=&#8221;&#8221;]<\/p>\n<h4><strong>Descentralizaci\u00f3n y modernizaci\u00f3n del Estado<\/strong><\/h4>\n<p>Otro de los ejes abordados por el docente de Administraci\u00f3n P\u00fablica fue el proceso de descentralizaci\u00f3n y sus implicancias para la gesti\u00f3n p\u00fablica. En particular, analiz\u00f3 los alcances de la Ley N\u00b0 21.074, sobre fortalecimiento de la regionalizaci\u00f3n del pa\u00eds, y los desaf\u00edos asociados al traspaso de competencias hacia los gobiernos regionales.<\/p>\n<p>Monje destac\u00f3 la necesidad de que estos procesos \u201csean acompa\u00f1ados por capacidades institucionales que permitan responder adecuadamente a las particularidades de cada territorio y, al mismo tiempo, resguardar las condiciones de quienes forman parte de los organismos p\u00fablicos\u201d.<\/p>\n<p>En ese sentido, enfatiz\u00f3 que los procesos de modernizaci\u00f3n del Estado y transferencia de competencias \u201cdeben desarrollarse resguardando los derechos laborales y considerando la experiencia t\u00e9cnica de las y los funcionarios\u201d. Asimismo, relev\u00f3 la importancia de que las organizaciones gremiales participen activamente en estas transformaciones, aportando propuestas y conocimiento especializado a la discusi\u00f3n p\u00fablica y legislativa.[\/vc_column_text][\/vc_column][\/vc_row][\/vc_section][vc_section css=&#8221;.vc_custom_1650255686594{background-color: #f6faff !important;}&#8221; el_class=&#8221;p-md-0 pt-md-5&#8243;][vc_row el_class=&#8221;container mx-auto align-items-center p-md-0 pt-5 pb-5&#8243;][vc_column el_class=&#8221;pb-5&#8243;][vc_row_inner el_class=&#8221;pb-5&#8243;][vc_column_inner]<div class=\"row m-0 p-0\"><div class=\"col-12 col-md-9 pt-5 pt-md-0\"><h2 class=\"title title--decorator title--ms d-inline-block\">Te Recomendamos<\/h2><\/div><\/div><div class=\"content-holder\"><div class=\"row  swipper-news-list not--activate-hack \"><div class=\"row -wrapper\"><div class=\"  col-sm-6 col-md-4 img-article\">\n                                        <div class=\"content-news-display row m-0 p-0\"><div class=\"holder p-0 \"><div class=\"img-wrap img-wrap-news\">\n                                        <div class=\"caption__news-category\">\n                                        <a href=\"https:\/\/www.uoh.cl\/escuela-de-ciencias-sociales\/category\/ciencias-sociales\/\">\n                                        Ciencias Sociales<\/a><\/div><img decoding=\"async\" class=\"w-100 h-100 lazyload\" data-src=\"https:\/\/www.uoh.cl\/escuela-de-ciencias-sociales\/wp-content\/uploads\/sites\/18\/2026\/09\/Jornada-AP-Vialidad-Pablo-Monje-1.jpeg\" alt=\"Docente de Administraci\u00f3n P\u00fablica expone sobre los desaf\u00edos de la modernizaci\u00f3n del Estado\" style=\"--smush-placeholder-width: 1596px; --smush-placeholder-aspect-ratio: 1596\/686;object-fit: cover; object-position: center;\" src=\"data:image\/svg+xml;base64,PHN2ZyB3aWR0aD0iMSIgaGVpZ2h0PSIxIiB4bWxucz0iaHR0cDovL3d3dy53My5vcmcvMjAwMC9zdmciPjwvc3ZnPg==\"><\/div><\/div><div class=\"caption py-3 caption__news py-md-3 pb-md-5\">\n                                    <span class=\"caption__date\">Martes 1, Septiembre<\/span>\n                                     <a href=\"https:\/\/www.uoh.cl\/escuela-de-ciencias-sociales\/docente-de-administracion-publica-expone-sobre-los-desafios-de-la-modernizacion-del-estado\/\">\n                                    <h3 class=\"small-space\">Docente de Administraci\u00f3n P\u00fablica expone sobre los desaf\u00edos de la modernizaci\u00f3n del Estado<\/h3><\/a>\n\n                                    <p>Pablo Monje particip\u00f3 en una jornada de la Asociaci\u00f3n Nacional de Administradores P\u00fablicos de la Direcci\u00f3n de Vialidad, donde abord\u00f3 la relaci\u00f3n entre infraestructura, pobreza, equidad territorial y descentralizaci\u00f3n.<\/p>\n                                    <a class=\"link link--bold mt-md-3\" href=\"https:\/\/www.uoh.cl\/escuela-de-ciencias-sociales\/docente-de-administracion-publica-expone-sobre-los-desafios-de-la-modernizacion-del-estado\/\">Saber m\u00e1s <span class=\"icon icon--inline icon--link\"><svg version=\"1.1\" xmlns=\"http:\/\/www.w3.org\/2000\/svg\" xmlns:xlink=\"http:\/\/www.w3.org\/1999\/xlink\" x=\"0px\" y=\"0px\" width=\"22px\"height=\"22px\" viewBox=\"0 0 22 22\" style=\"overflow:visible;enable-background:new 0 0 80 64.6;\" xml:space=\"preserve\"><g clip-path=\"url(#acA)\"><path fill-rule=\"evenodd\" d=\"M21.913 11.266a.93.93 0 000-.711c-.022-.056-.063-.097-.091-.144s-.053-.103-.097-.15L12.306.294c-.357-.379-.955-.394-1.334-.038s-.394.955-.038 1.334l7.917 8.374H.927a.95.95 0 00-.908.983.946.946 0 00.908.908h17.924l-8.089 8.552c-.357.379-.341.977.034 1.334s.977.341 1.334-.034l9.594-10.148c.044-.044.063-.1.097-.15.028-.047.069-.088.091-.141z\"\/><\/g><defs><clipPath id=\"acA\"><path fill=\"#fff\" d=\"M0 0h22v22H0z\"\/><\/clipPath><\/defs><\/svg><\/span><\/a><\/div><\/div><\/div><div class=\"  col-sm-6 col-md-4 img-article\">\n                                        <div class=\"content-news-display row m-0 p-0\"><div class=\"holder p-0 \"><div class=\"img-wrap img-wrap-news\">\n                                        <div class=\"caption__news-category\">\n                                        <a href=\"https:\/\/www.uoh.cl\/escuela-de-ciencias-sociales\/category\/institucional\/\">\n                                        Institucional<\/a><\/div><img decoding=\"async\" class=\"w-100 h-100 lazyload\" data-src=\"https:\/\/www.uoh.cl\/escuela-de-ciencias-sociales\/wp-content\/uploads\/sites\/18\/2026\/08\/Pukara-2.jpeg\" alt=\"Hist\u00f3rico acuerdo permitir\u00e1 a la UOH proteger y poner en valor el Pukar\u00e1 de La Compa\u00f1\u00eda\" style=\"--smush-placeholder-width: 1600px; --smush-placeholder-aspect-ratio: 1600\/1066;object-fit: cover; object-position: center;\" src=\"data:image\/svg+xml;base64,PHN2ZyB3aWR0aD0iMSIgaGVpZ2h0PSIxIiB4bWxucz0iaHR0cDovL3d3dy53My5vcmcvMjAwMC9zdmciPjwvc3ZnPg==\"><\/div><\/div><div class=\"caption py-3 caption__news py-md-3 pb-md-5\">\n                                    <span class=\"caption__date\">Viernes 28, Agosto<\/span>\n                                     <a href=\"https:\/\/www.uoh.cl\/escuela-de-ciencias-sociales\/historico-acuerdo-permitira-a-la-uoh-proteger-y-poner-en-valor-el-pukara-de-la-compania\/\">\n                                    <h3 class=\"small-space\">Hist\u00f3rico acuerdo permitir\u00e1 a la UOH proteger y poner en valor el Pukar\u00e1 de La Compa\u00f1\u00eda<\/h3><\/a>\n\n                                    <p>Acuerdo impulsado por el CDE permitir\u00e1 que uno de los sitios arqueol\u00f3gicos m\u00e1s importantes de Chile quede bajo el resguardo de una universidad estatal y se transforme en un espacio permanente para la investigaci\u00f3n cient\u00edfica, la educaci\u00f3n patrimonial y el desarrollo cultural de la Regi\u00f3n de O\u2019Higgins.<\/p>\n                                    <a class=\"link link--bold mt-md-3\" href=\"https:\/\/www.uoh.cl\/escuela-de-ciencias-sociales\/historico-acuerdo-permitira-a-la-uoh-proteger-y-poner-en-valor-el-pukara-de-la-compania\/\">Saber m\u00e1s <span class=\"icon icon--inline icon--link\"><svg version=\"1.1\" xmlns=\"http:\/\/www.w3.org\/2000\/svg\" xmlns:xlink=\"http:\/\/www.w3.org\/1999\/xlink\" x=\"0px\" y=\"0px\" width=\"22px\"height=\"22px\" viewBox=\"0 0 22 22\" style=\"overflow:visible;enable-background:new 0 0 80 64.6;\" xml:space=\"preserve\"><g clip-path=\"url(#acA)\"><path fill-rule=\"evenodd\" d=\"M21.913 11.266a.93.93 0 000-.711c-.022-.056-.063-.097-.091-.144s-.053-.103-.097-.15L12.306.294c-.357-.379-.955-.394-1.334-.038s-.394.955-.038 1.334l7.917 8.374H.927a.95.95 0 00-.908.983.946.946 0 00.908.908h17.924l-8.089 8.552c-.357.379-.341.977.034 1.334s.977.341 1.334-.034l9.594-10.148c.044-.044.063-.1.097-.15.028-.047.069-.088.091-.141z\"\/><\/g><defs><clipPath id=\"acA\"><path fill=\"#fff\" d=\"M0 0h22v22H0z\"\/><\/clipPath><\/defs><\/svg><\/span><\/a><\/div><\/div><\/div><div class=\"  col-sm-6 col-md-4 img-article\">\n                                        <div class=\"content-news-display row m-0 p-0\"><div class=\"holder p-0 \"><div class=\"img-wrap img-wrap-news\">\n                                        <div class=\"caption__news-category\">\n                                        <a href=\"https:\/\/www.uoh.cl\/escuela-de-ciencias-sociales\/category\/institucional\/\">\n                                        Institucional<\/a><\/div><img decoding=\"async\" class=\"w-100 h-100 lazyload\" data-src=\"https:\/\/www.uoh.cl\/escuela-de-ciencias-sociales\/wp-content\/uploads\/sites\/18\/2026\/08\/Lanzamiento-App-TUI-UOH-25.jpg\" alt=\"UOH Campus Digital: Tu UOH, ahora en tu celular\" style=\"--smush-placeholder-width: 1500px; --smush-placeholder-aspect-ratio: 1500\/1000;object-fit: cover; object-position: center;\" src=\"data:image\/svg+xml;base64,PHN2ZyB3aWR0aD0iMSIgaGVpZ2h0PSIxIiB4bWxucz0iaHR0cDovL3d3dy53My5vcmcvMjAwMC9zdmciPjwvc3ZnPg==\"><\/div><\/div><div class=\"caption py-3 caption__news py-md-3 pb-md-5\">\n                                    <span class=\"caption__date\">Jueves 27, Agosto<\/span>\n                                     <a href=\"https:\/\/www.uoh.cl\/escuela-de-ciencias-sociales\/uoh-campus-digital-tu-uoh-ahora-en-tu-celular\/\">\n                                    <h3 class=\"small-space\">UOH Campus Digital: Tu UOH, ahora en tu celular<\/h3><\/a>\n\n                                    <p>La aplicaci\u00f3n m\u00f3vil reemplazar\u00e1 la antigua credencial TUI por una herramienta digital que permitir\u00e1 acceder a informaci\u00f3n universitaria, servicios y una amplia oferta de beneficios.<\/p>\n                                    <a class=\"link link--bold mt-md-3\" href=\"https:\/\/www.uoh.cl\/escuela-de-ciencias-sociales\/uoh-campus-digital-tu-uoh-ahora-en-tu-celular\/\">Saber m\u00e1s <span class=\"icon icon--inline icon--link\"><svg version=\"1.1\" xmlns=\"http:\/\/www.w3.org\/2000\/svg\" xmlns:xlink=\"http:\/\/www.w3.org\/1999\/xlink\" x=\"0px\" y=\"0px\" width=\"22px\"height=\"22px\" viewBox=\"0 0 22 22\" style=\"overflow:visible;enable-background:new 0 0 80 64.6;\" xml:space=\"preserve\"><g clip-path=\"url(#acA)\"><path fill-rule=\"evenodd\" d=\"M21.913 11.266a.93.93 0 000-.711c-.022-.056-.063-.097-.091-.144s-.053-.103-.097-.15L12.306.294c-.357-.379-.955-.394-1.334-.038s-.394.955-.038 1.334l7.917 8.374H.927a.95.95 0 00-.908.983.946.946 0 00.908.908h17.924l-8.089 8.552c-.357.379-.341.977.034 1.334s.977.341 1.334-.034l9.594-10.148c.044-.044.063-.1.097-.15.028-.047.069-.088.091-.141z\"\/><\/g><defs><clipPath id=\"acA\"><path fill=\"#fff\" d=\"M0 0h22v22H0z\"\/><\/clipPath><\/defs><\/svg><\/span><\/a><\/div><\/div><\/div><\/div><\/div><\/div><div class=\"pagination justify-content-center my-5\"><span aria-current=\"page\" class=\"page-numbers current\">1<\/span>\n<a class=\"page-numbers\" href=\"https:\/\/www.uoh.cl\/escuela-de-ciencias-sociales\/wp-json\/wp\/v2\/posts\/3451\/\/page\/2\">2<\/a>\n<a class=\"page-numbers\" href=\"https:\/\/www.uoh.cl\/escuela-de-ciencias-sociales\/wp-json\/wp\/v2\/posts\/3451\/\/page\/3\">3<\/a>\n<span class=\"page-numbers dots\">&hellip;<\/span>\n<a class=\"page-numbers\" href=\"https:\/\/www.uoh.cl\/escuela-de-ciencias-sociales\/wp-json\/wp\/v2\/posts\/3451\/\/page\/147\">147<\/a>\n<a class=\"next page-numbers\" href=\"https:\/\/www.uoh.cl\/escuela-de-ciencias-sociales\/wp-json\/wp\/v2\/posts\/3451\/\/page\/2\"><div class=\"icon-pagination-next\"> <?xml version=\"1.0\" ?><svg viewBox=\"0 0 96 96\" xmlns=\"http:\/\/www.w3.org\/2000\/svg\"><title\/><path d=\"M39.3756,48.0022l30.47-25.39a6.0035,6.0035,0,0,0-7.6878-9.223L26.1563,43.3906a6.0092,6.0092,0,0,0,0,9.2231L62.1578,82.615a6.0035,6.0035,0,0,0,7.6878-9.2231Z\"\/><\/svg> <\/div><\/a><\/div>[\/vc_column_inner][\/vc_row_inner][\/vc_column][\/vc_row][\/vc_section]<\/p>\n<\/div>","protected":false},"excerpt":{"rendered":"<p>Pablo Monje particip\u00f3 en una jornada de la Asociaci\u00f3n Nacional de Administradores P\u00fablicos de la Direcci\u00f3n de Vialidad, donde abord\u00f3 la relaci\u00f3n entre infraestructura, pobreza, equidad territorial y descentralizaci\u00f3n.<\/p>\n","protected":false},"author":34,"featured_media":3452,"comment_status":"open","ping_status":"open","sticky":false,"template":"","format":"standard","meta":{"_acf_changed":false,"footnotes":""},"categories":[19],"tags":[],"class_list":["post-3451","post","type-post","status-publish","format-standard","has-post-thumbnail","hentry","category-ciencias-sociales"],"acf":[],"yoast_head":"<!-- This site is optimized with the Yoast SEO plugin v28.3 - https:\/\/yoast.com\/product\/yoast-seo-wordpress\/ -->\n<title>Docente de Administraci\u00f3n P\u00fablica expone sobre los desaf\u00edos de la modernizaci\u00f3n del Estado - Escuela de Ciencias de Sociales<\/title>\n<meta name=\"description\" content=\"Pablo Monje particip\u00f3 en una jornada de la Asociaci\u00f3n Nacional de Administradores P\u00fablicos de la Direcci\u00f3n de Vialidad, donde abord\u00f3 la relaci\u00f3n entre infraestructura, pobreza, equidad territorial y descentralizaci\u00f3n.\" \/>\n<meta name=\"robots\" content=\"noindex, nofollow\" \/>\n<meta property=\"og:locale\" content=\"es_ES\" \/>\n<meta property=\"og:type\" content=\"article\" \/>\n<meta property=\"og:title\" content=\"Docente de Administraci\u00f3n P\u00fablica expone sobre los desaf\u00edos de la modernizaci\u00f3n del Estado - Escuela de Ciencias de Sociales\" \/>\n<meta property=\"og:description\" content=\"Pablo Monje particip\u00f3 en una jornada de la Asociaci\u00f3n Nacional de Administradores P\u00fablicos de la Direcci\u00f3n de Vialidad, donde abord\u00f3 la relaci\u00f3n entre infraestructura, pobreza, equidad territorial y descentralizaci\u00f3n.\" \/>\n<meta property=\"og:url\" content=\"https:\/\/www.uoh.cl\/escuela-de-ciencias-sociales\/docente-de-administracion-publica-expone-sobre-los-desafios-de-la-modernizacion-del-estado\/\" \/>\n<meta property=\"og:site_name\" content=\"Escuela de Ciencias de Sociales\" \/>\n<meta property=\"article:published_time\" content=\"2026-09-01T20:29:57+00:00\" \/>\n<meta property=\"og:image\" content=\"https:\/\/www.uoh.cl\/escuela-de-ciencias-sociales\/wp-content\/uploads\/sites\/18\/2026\/09\/Jornada-AP-Vialidad-Pablo-Monje-1.jpeg\" \/>\n\t<meta property=\"og:image:width\" content=\"1596\" \/>\n\t<meta property=\"og:image:height\" content=\"686\" \/>\n\t<meta property=\"og:image:type\" content=\"image\/jpeg\" \/>\n<meta name=\"author\" content=\"Universidad de O&#039;Higgins\" \/>\n<meta name=\"twitter:card\" content=\"summary_large_image\" \/>\n<meta name=\"twitter:label1\" content=\"Escrito por\" \/>\n\t<meta name=\"twitter:data1\" content=\"Universidad de O&#039;Higgins\" \/>\n\t<meta name=\"twitter:label2\" content=\"Tiempo estimado de lectura\" \/>\n\t<meta name=\"twitter:data2\" content=\"4 minutos\" \/>\n<script type=\"application\/ld+json\" class=\"yoast-schema-graph\">{\"@context\":\"https:\\\/\\\/schema.org\",\"@graph\":[{\"@type\":\"Article\",\"@id\":\"https:\\\/\\\/www.uoh.cl\\\/escuela-de-ciencias-sociales\\\/docente-de-administracion-publica-expone-sobre-los-desafios-de-la-modernizacion-del-estado\\\/#article\",\"isPartOf\":{\"@id\":\"https:\\\/\\\/www.uoh.cl\\\/escuela-de-ciencias-sociales\\\/docente-de-administracion-publica-expone-sobre-los-desafios-de-la-modernizacion-del-estado\\\/\"},\"author\":{\"name\":\"Universidad de O'Higgins\",\"@id\":\"https:\\\/\\\/www.uoh.cl\\\/escuela-de-ciencias-sociales\\\/#\\\/schema\\\/person\\\/ea242e676c7d6d7e46fc8b9e39486c4f\"},\"headline\":\"Docente de Administraci\u00f3n P\u00fablica expone sobre los desaf\u00edos de la modernizaci\u00f3n del Estado\",\"datePublished\":\"2026-09-01T20:29:57+00:00\",\"mainEntityOfPage\":{\"@id\":\"https:\\\/\\\/www.uoh.cl\\\/escuela-de-ciencias-sociales\\\/docente-de-administracion-publica-expone-sobre-los-desafios-de-la-modernizacion-del-estado\\\/\"},\"wordCount\":964,\"commentCount\":0,\"image\":{\"@id\":\"https:\\\/\\\/www.uoh.cl\\\/escuela-de-ciencias-sociales\\\/docente-de-administracion-publica-expone-sobre-los-desafios-de-la-modernizacion-del-estado\\\/#primaryimage\"},\"thumbnailUrl\":\"https:\\\/\\\/www.uoh.cl\\\/escuela-de-ciencias-sociales\\\/wp-content\\\/uploads\\\/sites\\\/18\\\/2026\\\/09\\\/Jornada-AP-Vialidad-Pablo-Monje-1.jpeg\",\"articleSection\":[\"Ciencias Sociales\"],\"inLanguage\":\"es-CL\",\"potentialAction\":[{\"@type\":\"CommentAction\",\"name\":\"Comment\",\"target\":[\"https:\\\/\\\/www.uoh.cl\\\/escuela-de-ciencias-sociales\\\/docente-de-administracion-publica-expone-sobre-los-desafios-de-la-modernizacion-del-estado\\\/#respond\"]}]},{\"@type\":\"WebPage\",\"@id\":\"https:\\\/\\\/www.uoh.cl\\\/escuela-de-ciencias-sociales\\\/docente-de-administracion-publica-expone-sobre-los-desafios-de-la-modernizacion-del-estado\\\/\",\"url\":\"https:\\\/\\\/www.uoh.cl\\\/escuela-de-ciencias-sociales\\\/docente-de-administracion-publica-expone-sobre-los-desafios-de-la-modernizacion-del-estado\\\/\",\"name\":\"Docente de Administraci\u00f3n P\u00fablica expone sobre los desaf\u00edos de la modernizaci\u00f3n del Estado - Escuela de Ciencias de Sociales\",\"isPartOf\":{\"@id\":\"https:\\\/\\\/www.uoh.cl\\\/escuela-de-ciencias-sociales\\\/#website\"},\"primaryImageOfPage\":{\"@id\":\"https:\\\/\\\/www.uoh.cl\\\/escuela-de-ciencias-sociales\\\/docente-de-administracion-publica-expone-sobre-los-desafios-de-la-modernizacion-del-estado\\\/#primaryimage\"},\"image\":{\"@id\":\"https:\\\/\\\/www.uoh.cl\\\/escuela-de-ciencias-sociales\\\/docente-de-administracion-publica-expone-sobre-los-desafios-de-la-modernizacion-del-estado\\\/#primaryimage\"},\"thumbnailUrl\":\"https:\\\/\\\/www.uoh.cl\\\/escuela-de-ciencias-sociales\\\/wp-content\\\/uploads\\\/sites\\\/18\\\/2026\\\/09\\\/Jornada-AP-Vialidad-Pablo-Monje-1.jpeg\",\"datePublished\":\"2026-09-01T20:29:57+00:00\",\"author\":{\"@id\":\"https:\\\/\\\/www.uoh.cl\\\/escuela-de-ciencias-sociales\\\/#\\\/schema\\\/person\\\/ea242e676c7d6d7e46fc8b9e39486c4f\"},\"description\":\"Pablo Monje particip\u00f3 en una jornada de la Asociaci\u00f3n Nacional de Administradores P\u00fablicos de la Direcci\u00f3n de Vialidad, donde abord\u00f3 la relaci\u00f3n entre infraestructura, pobreza, equidad territorial y descentralizaci\u00f3n.\",\"inLanguage\":\"es-CL\",\"potentialAction\":[{\"@type\":\"ReadAction\",\"target\":[\"https:\\\/\\\/www.uoh.cl\\\/escuela-de-ciencias-sociales\\\/docente-de-administracion-publica-expone-sobre-los-desafios-de-la-modernizacion-del-estado\\\/\"]}]},{\"@type\":\"ImageObject\",\"inLanguage\":\"es-CL\",\"@id\":\"https:\\\/\\\/www.uoh.cl\\\/escuela-de-ciencias-sociales\\\/docente-de-administracion-publica-expone-sobre-los-desafios-de-la-modernizacion-del-estado\\\/#primaryimage\",\"url\":\"https:\\\/\\\/www.uoh.cl\\\/escuela-de-ciencias-sociales\\\/wp-content\\\/uploads\\\/sites\\\/18\\\/2026\\\/09\\\/Jornada-AP-Vialidad-Pablo-Monje-1.jpeg\",\"contentUrl\":\"https:\\\/\\\/www.uoh.cl\\\/escuela-de-ciencias-sociales\\\/wp-content\\\/uploads\\\/sites\\\/18\\\/2026\\\/09\\\/Jornada-AP-Vialidad-Pablo-Monje-1.jpeg\",\"width\":1596,\"height\":686},{\"@type\":\"WebSite\",\"@id\":\"https:\\\/\\\/www.uoh.cl\\\/escuela-de-ciencias-sociales\\\/#website\",\"url\":\"https:\\\/\\\/www.uoh.cl\\\/escuela-de-ciencias-sociales\\\/\",\"name\":\"Escuela de Ciencias de Sociales\",\"description\":\"Otro sitio de Sitios de Universidad O'higgins\",\"potentialAction\":[{\"@type\":\"SearchAction\",\"target\":{\"@type\":\"EntryPoint\",\"urlTemplate\":\"https:\\\/\\\/www.uoh.cl\\\/escuela-de-ciencias-sociales\\\/?s={search_term_string}\"},\"query-input\":{\"@type\":\"PropertyValueSpecification\",\"valueRequired\":true,\"valueName\":\"search_term_string\"}}],\"inLanguage\":\"es-CL\"},{\"@type\":\"Person\",\"@id\":\"https:\\\/\\\/www.uoh.cl\\\/escuela-de-ciencias-sociales\\\/#\\\/schema\\\/person\\\/ea242e676c7d6d7e46fc8b9e39486c4f\",\"name\":\"Universidad de O'Higgins\",\"image\":{\"@type\":\"ImageObject\",\"inLanguage\":\"es-CL\",\"@id\":\"https:\\\/\\\/secure.gravatar.com\\\/avatar\\\/78fcb76ca05efae11fd355943c01a832a29786cc00d85b1a82c301bea2b2a214?s=96&d=mm&r=g\",\"url\":\"https:\\\/\\\/secure.gravatar.com\\\/avatar\\\/78fcb76ca05efae11fd355943c01a832a29786cc00d85b1a82c301bea2b2a214?s=96&d=mm&r=g\",\"contentUrl\":\"https:\\\/\\\/secure.gravatar.com\\\/avatar\\\/78fcb76ca05efae11fd355943c01a832a29786cc00d85b1a82c301bea2b2a214?s=96&d=mm&r=g\",\"caption\":\"Universidad de O'Higgins\"}}]}<\/script>\n<!-- \/ Yoast SEO plugin. -->","yoast_head_json":{"title":"Docente de Administraci\u00f3n P\u00fablica expone sobre los desaf\u00edos de la modernizaci\u00f3n del Estado - Escuela de Ciencias de Sociales","description":"Pablo Monje particip\u00f3 en una jornada de la Asociaci\u00f3n Nacional de Administradores P\u00fablicos de la Direcci\u00f3n de Vialidad, donde abord\u00f3 la relaci\u00f3n entre infraestructura, pobreza, equidad territorial y descentralizaci\u00f3n.","robots":{"index":"noindex","follow":"nofollow"},"og_locale":"es_ES","og_type":"article","og_title":"Docente de Administraci\u00f3n P\u00fablica expone sobre los desaf\u00edos de la modernizaci\u00f3n del Estado - Escuela de Ciencias de Sociales","og_description":"Pablo Monje particip\u00f3 en una jornada de la Asociaci\u00f3n Nacional de Administradores P\u00fablicos de la Direcci\u00f3n de Vialidad, donde abord\u00f3 la relaci\u00f3n entre infraestructura, pobreza, equidad territorial y descentralizaci\u00f3n.","og_url":"https:\/\/www.uoh.cl\/escuela-de-ciencias-sociales\/docente-de-administracion-publica-expone-sobre-los-desafios-de-la-modernizacion-del-estado\/","og_site_name":"Escuela de Ciencias de Sociales","article_published_time":"2026-09-01T20:29:57+00:00","og_image":[{"width":1596,"height":686,"url":"https:\/\/www.uoh.cl\/escuela-de-ciencias-sociales\/wp-content\/uploads\/sites\/18\/2026\/09\/Jornada-AP-Vialidad-Pablo-Monje-1.jpeg","type":"image\/jpeg"}],"author":"Universidad de O'Higgins","twitter_card":"summary_large_image","twitter_misc":{"Escrito por":"Universidad de O'Higgins","Tiempo estimado de lectura":"4 minutos"},"schema":{"@context":"https:\/\/schema.org","@graph":[{"@type":"Article","@id":"https:\/\/www.uoh.cl\/escuela-de-ciencias-sociales\/docente-de-administracion-publica-expone-sobre-los-desafios-de-la-modernizacion-del-estado\/#article","isPartOf":{"@id":"https:\/\/www.uoh.cl\/escuela-de-ciencias-sociales\/docente-de-administracion-publica-expone-sobre-los-desafios-de-la-modernizacion-del-estado\/"},"author":{"name":"Universidad de O'Higgins","@id":"https:\/\/www.uoh.cl\/escuela-de-ciencias-sociales\/#\/schema\/person\/ea242e676c7d6d7e46fc8b9e39486c4f"},"headline":"Docente de Administraci\u00f3n P\u00fablica expone sobre los desaf\u00edos de la modernizaci\u00f3n del Estado","datePublished":"2026-09-01T20:29:57+00:00","mainEntityOfPage":{"@id":"https:\/\/www.uoh.cl\/escuela-de-ciencias-sociales\/docente-de-administracion-publica-expone-sobre-los-desafios-de-la-modernizacion-del-estado\/"},"wordCount":964,"commentCount":0,"image":{"@id":"https:\/\/www.uoh.cl\/escuela-de-ciencias-sociales\/docente-de-administracion-publica-expone-sobre-los-desafios-de-la-modernizacion-del-estado\/#primaryimage"},"thumbnailUrl":"https:\/\/www.uoh.cl\/escuela-de-ciencias-sociales\/wp-content\/uploads\/sites\/18\/2026\/09\/Jornada-AP-Vialidad-Pablo-Monje-1.jpeg","articleSection":["Ciencias Sociales"],"inLanguage":"es-CL","potentialAction":[{"@type":"CommentAction","name":"Comment","target":["https:\/\/www.uoh.cl\/escuela-de-ciencias-sociales\/docente-de-administracion-publica-expone-sobre-los-desafios-de-la-modernizacion-del-estado\/#respond"]}]},{"@type":"WebPage","@id":"https:\/\/www.uoh.cl\/escuela-de-ciencias-sociales\/docente-de-administracion-publica-expone-sobre-los-desafios-de-la-modernizacion-del-estado\/","url":"https:\/\/www.uoh.cl\/escuela-de-ciencias-sociales\/docente-de-administracion-publica-expone-sobre-los-desafios-de-la-modernizacion-del-estado\/","name":"Docente de Administraci\u00f3n P\u00fablica expone sobre los desaf\u00edos de la modernizaci\u00f3n del Estado - Escuela de Ciencias de Sociales","isPartOf":{"@id":"https:\/\/www.uoh.cl\/escuela-de-ciencias-sociales\/#website"},"primaryImageOfPage":{"@id":"https:\/\/www.uoh.cl\/escuela-de-ciencias-sociales\/docente-de-administracion-publica-expone-sobre-los-desafios-de-la-modernizacion-del-estado\/#primaryimage"},"image":{"@id":"https:\/\/www.uoh.cl\/escuela-de-ciencias-sociales\/docente-de-administracion-publica-expone-sobre-los-desafios-de-la-modernizacion-del-estado\/#primaryimage"},"thumbnailUrl":"https:\/\/www.uoh.cl\/escuela-de-ciencias-sociales\/wp-content\/uploads\/sites\/18\/2026\/09\/Jornada-AP-Vialidad-Pablo-Monje-1.jpeg","datePublished":"2026-09-01T20:29:57+00:00","author":{"@id":"https:\/\/www.uoh.cl\/escuela-de-ciencias-sociales\/#\/schema\/person\/ea242e676c7d6d7e46fc8b9e39486c4f"},"description":"Pablo Monje particip\u00f3 en una jornada de la Asociaci\u00f3n Nacional de Administradores P\u00fablicos de la Direcci\u00f3n de Vialidad, donde abord\u00f3 la relaci\u00f3n entre infraestructura, pobreza, equidad territorial y descentralizaci\u00f3n.","inLanguage":"es-CL","potentialAction":[{"@type":"ReadAction","target":["https:\/\/www.uoh.cl\/escuela-de-ciencias-sociales\/docente-de-administracion-publica-expone-sobre-los-desafios-de-la-modernizacion-del-estado\/"]}]},{"@type":"ImageObject","inLanguage":"es-CL","@id":"https:\/\/www.uoh.cl\/escuela-de-ciencias-sociales\/docente-de-administracion-publica-expone-sobre-los-desafios-de-la-modernizacion-del-estado\/#primaryimage","url":"https:\/\/www.uoh.cl\/escuela-de-ciencias-sociales\/wp-content\/uploads\/sites\/18\/2026\/09\/Jornada-AP-Vialidad-Pablo-Monje-1.jpeg","contentUrl":"https:\/\/www.uoh.cl\/escuela-de-ciencias-sociales\/wp-content\/uploads\/sites\/18\/2026\/09\/Jornada-AP-Vialidad-Pablo-Monje-1.jpeg","width":1596,"height":686},{"@type":"WebSite","@id":"https:\/\/www.uoh.cl\/escuela-de-ciencias-sociales\/#website","url":"https:\/\/www.uoh.cl\/escuela-de-ciencias-sociales\/","name":"Escuela de Ciencias de Sociales","description":"Otro sitio de Sitios de Universidad O'higgins","potentialAction":[{"@type":"SearchAction","target":{"@type":"EntryPoint","urlTemplate":"https:\/\/www.uoh.cl\/escuela-de-ciencias-sociales\/?s={search_term_string}"},"query-input":{"@type":"PropertyValueSpecification","valueRequired":true,"valueName":"search_term_string"}}],"inLanguage":"es-CL"},{"@type":"Person","@id":"https:\/\/www.uoh.cl\/escuela-de-ciencias-sociales\/#\/schema\/person\/ea242e676c7d6d7e46fc8b9e39486c4f","name":"Universidad de O'Higgins","image":{"@type":"ImageObject","inLanguage":"es-CL","@id":"https:\/\/secure.gravatar.com\/avatar\/78fcb76ca05efae11fd355943c01a832a29786cc00d85b1a82c301bea2b2a214?s=96&d=mm&r=g","url":"https:\/\/secure.gravatar.com\/avatar\/78fcb76ca05efae11fd355943c01a832a29786cc00d85b1a82c301bea2b2a214?s=96&d=mm&r=g","contentUrl":"https:\/\/secure.gravatar.com\/avatar\/78fcb76ca05efae11fd355943c01a832a29786cc00d85b1a82c301bea2b2a214?s=96&d=mm&r=g","caption":"Universidad de O'Higgins"}}]}},"_links":{"self":[{"href":"https:\/\/www.uoh.cl\/escuela-de-ciencias-sociales\/wp-json\/wp\/v2\/posts\/3451","targetHints":{"allow":["GET"]}}],"collection":[{"href":"https:\/\/www.uoh.cl\/escuela-de-ciencias-sociales\/wp-json\/wp\/v2\/posts"}],"about":[{"href":"https:\/\/www.uoh.cl\/escuela-de-ciencias-sociales\/wp-json\/wp\/v2\/types\/post"}],"author":[{"embeddable":true,"href":"https:\/\/www.uoh.cl\/escuela-de-ciencias-sociales\/wp-json\/wp\/v2\/users\/34"}],"replies":[{"embeddable":true,"href":"https:\/\/www.uoh.cl\/escuela-de-ciencias-sociales\/wp-json\/wp\/v2\/comments?post=3451"}],"version-history":[{"count":0,"href":"https:\/\/www.uoh.cl\/escuela-de-ciencias-sociales\/wp-json\/wp\/v2\/posts\/3451\/revisions"}],"wp:featuredmedia":[{"embeddable":true,"href":"https:\/\/www.uoh.cl\/escuela-de-ciencias-sociales\/wp-json\/wp\/v2\/media\/3452"}],"wp:attachment":[{"href":"https:\/\/www.uoh.cl\/escuela-de-ciencias-sociales\/wp-json\/wp\/v2\/media?parent=3451"}],"wp:term":[{"taxonomy":"category","embeddable":true,"href":"https:\/\/www.uoh.cl\/escuela-de-ciencias-sociales\/wp-json\/wp\/v2\/categories?post=3451"},{"taxonomy":"post_tag","embeddable":true,"href":"https:\/\/www.uoh.cl\/escuela-de-ciencias-sociales\/wp-json\/wp\/v2\/tags?post=3451"}],"curies":[{"name":"wp","href":"https:\/\/api.w.org\/{rel}","templated":true}]}}